{"id":65381,"date":"2025-11-25T07:42:25","date_gmt":"2025-11-25T11:42:25","guid":{"rendered":"https:\/\/richeskarayib.com\/transat-cafe-lor-martinique-horizon-cruza-la-linea-en-fort-de-france\/"},"modified":"2025-11-25T07:42:26","modified_gmt":"2025-11-25T11:42:26","slug":"transat-cafe-lor-martinique-horizon-cruza-la-linea-en-fort-de-france","status":"publish","type":"post","link":"https:\/\/richeskarayib.com\/es\/transat-cafe-lor-martinique-horizon-cruza-la-linea-en-fort-de-france\/","title":{"rendered":"TRANSAT CAF\u00c9 L&#8217;OR: Martinique Horizon cruza la l\u00ednea en Fort-de-France"},"content":{"rendered":"\t\t<div data-elementor-type=\"wp-post\" data-elementor-id=\"65381\" class=\"elementor elementor-65381 elementor-65339\" data-elementor-post-type=\"post\">\n\t\t\t\t\t\t<section class=\"elementor-section elementor-top-section elementor-element elementor-element-7ca7ca1 elementor-section-boxed elementor-section-height-default elementor-section-height-default\" data-id=\"7ca7ca1\" data-element_type=\"section\">\n\t\t\t\t\t\t<div class=\"elementor-container elementor-column-gap-default\">\n\t\t\t\t\t<div class=\"elementor-column elementor-col-100 elementor-top-column elementor-element elementor-element-cbdd002\" data-id=\"cbdd002\" data-element_type=\"column\">\n\t\t\t<div class=\"elementor-widget-wrap elementor-element-populated\">\n\t\t\t\t\t\t<section class=\"elementor-section elementor-inner-section elementor-element elementor-element-bc94849 elementor-section-boxed elementor-section-height-default elementor-section-height-default\" data-id=\"bc94849\" data-element_type=\"section\">\n\t\t\t\t\t\t<div class=\"elementor-container elementor-column-gap-default\">\n\t\t\t\t\t\t<\/div>\n\t\t<\/section>\n\t\t\t\t<section class=\"elementor-section elementor-inner-section elementor-element elementor-element-61571e6 elementor-section-boxed elementor-section-height-default elementor-section-height-default\" data-id=\"61571e6\" data-element_type=\"section\">\n\t\t\t\t\t\t<div class=\"elementor-container elementor-column-gap-default\">\n\t\t\t\t\t\t<\/div>\n\t\t<\/section>\n\t\t\t\t<section class=\"elementor-section elementor-inner-section elementor-element elementor-element-b6262e0 elementor-section-boxed elementor-section-height-default elementor-section-height-default\" data-id=\"b6262e0\" data-element_type=\"section\">\n\t\t\t\t\t\t<div class=\"elementor-container elementor-column-gap-default\">\n\t\t\t\t\t\t<\/div>\n\t\t<\/section>\n\t\t\t\t<section class=\"elementor-section elementor-inner-section elementor-element elementor-element-cca29fd elementor-section-boxed elementor-section-height-default elementor-section-height-default\" data-id=\"cca29fd\" data-element_type=\"section\">\n\t\t\t\t\t\t<div class=\"elementor-container elementor-column-gap-default\">\n\t\t\t\t\t\t<\/div>\n\t\t<\/section>\n\t\t\t\t\t<\/div>\n\t\t<\/div>\n\t\t\t\t\t<\/div>\n\t\t<\/section>\n\t\t\t\t<section class=\"elementor-section elementor-top-section elementor-element elementor-element-5a7397d elementor-section-boxed elementor-section-height-default elementor-section-height-default\" data-id=\"5a7397d\" data-element_type=\"section\">\n\t\t\t\t\t\t<div class=\"elementor-container elementor-column-gap-default\">\n\t\t\t\t\t<div class=\"elementor-column elementor-col-100 elementor-top-column elementor-element elementor-element-e0e155e\" data-id=\"e0e155e\" data-element_type=\"column\">\n\t\t\t<div class=\"elementor-widget-wrap elementor-element-populated\">\n\t\t\t\t\t\t<div class=\"elementor-element elementor-element-43a45ac elementor-widget elementor-widget-text-editor\" data-id=\"43a45ac\" data-element_type=\"widget\" data-widget_type=\"text-editor.default\">\n\t\t\t\t<div class=\"elementor-widget-container\">\n\t\t\t\t\t\t\t\t\t<p><span style=\"font-weight: 400;\">La llegada de Jean-Yves Agla\u00e9 y Moane Mangattale a Fort-de-France a las 9.41 h del domingo 23 de noviembre marc\u00f3 uno de los momentos m\u00e1s esperados de la <a href=\"https:\/\/www.transatcafelor.org\/\" target=\"_blank\" rel=\"noopener nofollow\">TRANSAT CAF\u00c9 L&#8217;<\/a>OR. A bordo de su Class40 Martinique Horizon, los dos marineros de Martinica terminaron esta 17\u1d49 edici\u00f3n en el puesto 34\u1d49, al final de una traves\u00eda larga y constante. Su objetivo era claro: terminar la regata a tiempo. Lo consiguieron tras casi un mes de navegaci\u00f3n.   <\/span><\/p>\t\t\t\t\t\t\t\t<\/div>\n\t\t\t\t<\/div>\n\t\t\t\t\t<\/div>\n\t\t<\/div>\n\t\t\t\t\t<\/div>\n\t\t<\/section>\n\t\t\t\t<section class=\"elementor-section elementor-top-section elementor-element elementor-element-ceca32c elementor-section-boxed elementor-section-height-default elementor-section-height-default\" data-id=\"ceca32c\" data-element_type=\"section\">\n\t\t\t\t\t\t<div class=\"elementor-container elementor-column-gap-default\">\n\t\t\t\t\t<div class=\"elementor-column elementor-col-100 elementor-top-column elementor-element elementor-element-5a2e383\" data-id=\"5a2e383\" data-element_type=\"column\">\n\t\t\t<div class=\"elementor-widget-wrap elementor-element-populated\">\n\t\t\t\t\t\t<div class=\"elementor-element elementor-element-6cedf5f elementor-widget elementor-widget-heading\" data-id=\"6cedf5f\" data-element_type=\"widget\" data-widget_type=\"heading.default\">\n\t\t\t\t<div class=\"elementor-widget-container\">\n\t\t\t\t\t<h2 class=\"elementor-heading-title elementor-size-default\">Un evento exigente para los Class40<\/h2>\t\t\t\t<\/div>\n\t\t\t\t<\/div>\n\t\t\t\t<section class=\"elementor-section elementor-inner-section elementor-element elementor-element-2e21925 elementor-section-boxed elementor-section-height-default elementor-section-height-default\" data-id=\"2e21925\" data-element_type=\"section\">\n\t\t\t\t\t\t<div class=\"elementor-container elementor-column-gap-default\">\n\t\t\t\t\t<div class=\"elementor-column elementor-col-100 elementor-inner-column elementor-element elementor-element-a78a242\" data-id=\"a78a242\" data-element_type=\"column\">\n\t\t\t<div class=\"elementor-widget-wrap\">\n\t\t\t\t\t\t\t<\/div>\n\t\t<\/div>\n\t\t\t\t\t<\/div>\n\t\t<\/section>\n\t\t\t\t<section class=\"elementor-section elementor-inner-section elementor-element elementor-element-174f992 elementor-section-boxed elementor-section-height-default elementor-section-height-default\" data-id=\"174f992\" data-element_type=\"section\">\n\t\t\t\t\t\t<div class=\"elementor-container elementor-column-gap-default\">\n\t\t\t\t\t<div class=\"elementor-column elementor-col-50 elementor-inner-column elementor-element elementor-element-15947a0\" data-id=\"15947a0\" data-element_type=\"column\">\n\t\t\t<div class=\"elementor-widget-wrap elementor-element-populated\">\n\t\t\t\t\t\t<div class=\"elementor-element elementor-element-e93d1fb elementor-widget elementor-widget-text-editor\" data-id=\"e93d1fb\" data-element_type=\"widget\" data-widget_type=\"text-editor.default\">\n\t\t\t\t<div class=\"elementor-widget-container\">\n\t\t\t\t\t\t\t\t\t<p><span style=\"font-weight: 400;\">La <a href=\"https:\/\/richeskarayib.com\/es\/martinica-les-rencontres-du-yacht-club-una-mirada-retrospectiva-al-acontecimiento\/\" target=\"_blank\" rel=\"noopener\">TRANSAT CAF\u00c9 L&#8217;<\/a>OR, disputada en dos etapas, sigue siendo una regata compleja para los Class40. Este a\u00f1o, 44 barcos tomaron la salida y 37 terminaron la regata, mientras que 7 tuvieron que retirarse.   <\/span><\/p><p><span style=\"font-weight: 400;\">El recorrido de la TRANSAT CAF\u00c9 L&#8217;OR estuvo marcado por unas condiciones meteorol\u00f3gicas inestables, a veces favorables, a veces restrictivas, que obligaron a los patrones a revisar sus estrategias a lo largo del trayecto.<\/span><\/p><p><span style=\"font-weight: 400;\">Jean-Yves Agla\u00e9 y Moane Mangattale completaron todo el recorrido en 26 d\u00edas, 10 horas y 52 segundos.  <\/span><\/p><p><span style=\"font-weight: 400;\">Su primera etapa dur\u00f3 4 d\u00edas, 8 horas, 19 minutos y 42 segundos; la segunda, m\u00e1s larga, tard\u00f3 22 d\u00edas, 1 hora, 41 minutos y 10 segundos.<\/span><\/p><p><span style=\"font-weight: 400;\">Su progreso estuvo marcado por periodos en los que la elecci\u00f3n de la ruta no dio los resultados esperados, pero la tripulaci\u00f3n mantuvo un ritmo de navegaci\u00f3n constante, sin incidentes importantes.<\/span><\/p>\t\t\t\t\t\t\t\t<\/div>\n\t\t\t\t<\/div>\n\t\t\t\t<div class=\"elementor-element elementor-element-cd69e12 elementor-widget elementor-widget-text-editor\" data-id=\"cd69e12\" data-element_type=\"widget\" data-widget_type=\"text-editor.default\">\n\t\t\t\t<div class=\"elementor-widget-container\">\n\t\t\t\t\t\t\t\t\t<p><span style=\"font-weight: 400;\">Los dos regatistas lo resumieron de forma sencilla: ten\u00edan que seguir avanzando, aferrarse al barco y mantener la constancia a pesar del cansancio. &#8220;Algunas decisiones fueron dif\u00edciles, pero tuvimos que mantener la concentraci\u00f3n y seguir adelante&#8221;, explicaron a su llegada. <\/span><\/p>\t\t\t\t\t\t\t\t<\/div>\n\t\t\t\t<\/div>\n\t\t\t\t<div class=\"elementor-element elementor-element-d6e0487 elementor-widget elementor-widget-image\" data-id=\"d6e0487\" data-element_type=\"widget\" data-widget_type=\"image.default\">\n\t\t\t\t<div class=\"elementor-widget-container\">\n\t\t\t\t\t\t\t\t\t\t\t\t\t\t\t<img fetchpriority=\"high\" decoding=\"async\" width=\"800\" height=\"534\" src=\"https:\/\/richeskarayib.com\/wp-content\/uploads\/2025\/11\/\u00a9TRANSAT-CAFE-LOR-1024x683.jpg\" class=\"attachment-large size-large wp-image-65343\" alt=\"TRANSAT CAF\u00c9 L\u2019OR\" srcset=\"https:\/\/richeskarayib.com\/wp-content\/uploads\/2025\/11\/\u00a9TRANSAT-CAFE-LOR-1024x683.jpg 1024w, https:\/\/richeskarayib.com\/wp-content\/uploads\/2025\/11\/\u00a9TRANSAT-CAFE-LOR-300x200.jpg 300w, https:\/\/richeskarayib.com\/wp-content\/uploads\/2025\/11\/\u00a9TRANSAT-CAFE-LOR-768x512.jpg 768w, https:\/\/richeskarayib.com\/wp-content\/uploads\/2025\/11\/\u00a9TRANSAT-CAFE-LOR-1536x1025.jpg 1536w, https:\/\/richeskarayib.com\/wp-content\/uploads\/2025\/11\/\u00a9TRANSAT-CAFE-LOR-1320x880.jpg 1320w, https:\/\/richeskarayib.com\/wp-content\/uploads\/2025\/11\/\u00a9TRANSAT-CAFE-LOR.jpg 2048w\" sizes=\"(max-width: 800px) 100vw, 800px\" \/>\t\t\t\t\t\t\t\t\t\t\t\t\t\t\t<\/div>\n\t\t\t\t<\/div>\n\t\t\t\t\t<\/div>\n\t\t<\/div>\n\t\t\t\t<div class=\"elementor-column elementor-col-50 elementor-inner-column elementor-element elementor-element-0c8dbc5\" data-id=\"0c8dbc5\" data-element_type=\"column\">\n\t\t\t<div class=\"elementor-widget-wrap elementor-element-populated\">\n\t\t\t\t\t\t<div class=\"elementor-element elementor-element-2171a7f elementor-widget elementor-widget-image\" data-id=\"2171a7f\" data-element_type=\"widget\" data-widget_type=\"image.default\">\n\t\t\t\t<div class=\"elementor-widget-container\">\n\t\t\t\t\t\t\t\t\t\t\t\t\t\t\t<img decoding=\"async\" width=\"473\" height=\"1024\" src=\"https:\/\/richeskarayib.com\/wp-content\/uploads\/2025\/11\/WhatsApp-Image-2025-11-25-a-04.18.21_93930dc5-473x1024.jpg\" class=\"attachment-large size-large wp-image-65359\" alt=\"TRANSAT CAF\u00c9 L\u2019OR\" srcset=\"https:\/\/richeskarayib.com\/wp-content\/uploads\/2025\/11\/WhatsApp-Image-2025-11-25-a-04.18.21_93930dc5-473x1024.jpg 473w, https:\/\/richeskarayib.com\/wp-content\/uploads\/2025\/11\/WhatsApp-Image-2025-11-25-a-04.18.21_93930dc5-139x300.jpg 139w, https:\/\/richeskarayib.com\/wp-content\/uploads\/2025\/11\/WhatsApp-Image-2025-11-25-a-04.18.21_93930dc5-709x1536.jpg 709w, https:\/\/richeskarayib.com\/wp-content\/uploads\/2025\/11\/WhatsApp-Image-2025-11-25-a-04.18.21_93930dc5.jpg 739w\" sizes=\"(max-width: 473px) 100vw, 473px\" \/>\t\t\t\t\t\t\t\t\t\t\t\t\t\t\t<\/div>\n\t\t\t\t<\/div>\n\t\t\t\t\t<\/div>\n\t\t<\/div>\n\t\t\t\t\t<\/div>\n\t\t<\/section>\n\t\t\t\t\t<\/div>\n\t\t<\/div>\n\t\t\t\t\t<\/div>\n\t\t<\/section>\n\t\t\t\t<section class=\"elementor-section elementor-top-section elementor-element elementor-element-9c88a89 elementor-section-boxed elementor-section-height-default elementor-section-height-default\" data-id=\"9c88a89\" data-element_type=\"section\">\n\t\t\t\t\t\t<div class=\"elementor-container elementor-column-gap-default\">\n\t\t\t\t\t<div class=\"elementor-column elementor-col-100 elementor-top-column elementor-element elementor-element-78cf5d1\" data-id=\"78cf5d1\" data-element_type=\"column\">\n\t\t\t<div class=\"elementor-widget-wrap elementor-element-populated\">\n\t\t\t\t\t\t<div class=\"elementor-element elementor-element-ea2a5c1 elementor-widget elementor-widget-heading\" data-id=\"ea2a5c1\" data-element_type=\"widget\" data-widget_type=\"heading.default\">\n\t\t\t\t<div class=\"elementor-widget-container\">\n\t\t\t\t\t<h2 class=\"elementor-heading-title elementor-size-default\">Un p\u00fablico movilizado desde el amanecer<\/h2>\t\t\t\t<\/div>\n\t\t\t\t<\/div>\n\t\t\t\t<section class=\"elementor-section elementor-inner-section elementor-element elementor-element-2666eee elementor-section-boxed elementor-section-height-default elementor-section-height-default\" data-id=\"2666eee\" data-element_type=\"section\">\n\t\t\t\t\t\t<div class=\"elementor-container elementor-column-gap-default\">\n\t\t\t\t\t<div class=\"elementor-column elementor-col-100 elementor-inner-column elementor-element elementor-element-96e0fa0\" data-id=\"96e0fa0\" data-element_type=\"column\">\n\t\t\t<div class=\"elementor-widget-wrap elementor-element-populated\">\n\t\t\t\t\t\t<div class=\"elementor-element elementor-element-e305eee elementor-widget elementor-widget-text-editor\" data-id=\"e305eee\" data-element_type=\"widget\" data-widget_type=\"text-editor.default\">\n\t\t\t\t<div class=\"elementor-widget-container\">\n\t\t\t\t\t\t\t\t\t<p><span style=\"font-weight: 400;\">En Fort-de-France, el p\u00fablico empez\u00f3 a congregarse a las 7.30 h en el pont\u00f3n de honor. Residentes, familias, aficionados a la vela y curiosos esperaban la llegada del Martinique Horizon, creando un ambiente atento y solidario. La presencia de una tripulaci\u00f3n de Martinica en esta regata transatl\u00e1ntica suscit\u00f3 un inter\u00e9s constante durante todo el evento, y la llegada se consider\u00f3 un momento importante para muchos.  <\/span><\/p><p><span style=\"font-weight: 400;\">Cuando la Clase40 apareci\u00f3 por la bah\u00eda, empezaron los aplausos. Al cruzar la l\u00ednea, los aplausos se hicieron continuos. Jean-Yves Agla\u00e9 y Moane Mangattale saludaron a la multitud, visiblemente cansados pero concentrados, antes de dirigirse al pont\u00f3n. Los dos hombres confesaron que volver a Martinica para terminar una carrera as\u00ed ten\u00eda un significado especial. &#8220;Llegar aqu\u00ed, delante de nuestra gente, es un momento muy especial&#8221;, dijeron.    <\/span><\/p>\t\t\t\t\t\t\t\t<\/div>\n\t\t\t\t<\/div>\n\t\t\t\t\t<\/div>\n\t\t<\/div>\n\t\t\t\t\t<\/div>\n\t\t<\/section>\n\t\t\t\t<section class=\"elementor-section elementor-inner-section elementor-element elementor-element-09ad1ac elementor-section-boxed elementor-section-height-default elementor-section-height-default\" data-id=\"09ad1ac\" data-element_type=\"section\">\n\t\t\t\t\t\t<div class=\"elementor-container elementor-column-gap-default\">\n\t\t\t\t\t<div class=\"elementor-column elementor-col-50 elementor-inner-column elementor-element elementor-element-96295c4\" data-id=\"96295c4\" data-element_type=\"column\">\n\t\t\t<div class=\"elementor-widget-wrap elementor-element-populated\">\n\t\t\t\t\t\t<div class=\"elementor-element elementor-element-a4495e9 elementor-widget elementor-widget-image\" data-id=\"a4495e9\" data-element_type=\"widget\" data-widget_type=\"image.default\">\n\t\t\t\t<div class=\"elementor-widget-container\">\n\t\t\t\t\t\t\t\t\t\t\t\t\t\t\t<img decoding=\"async\" width=\"800\" height=\"370\" src=\"https:\/\/richeskarayib.com\/wp-content\/uploads\/2025\/11\/WhatsApp-Image-2025-11-25-a-04.18.23_d17f0a63-1024x473.jpg\" class=\"attachment-large size-large wp-image-65351\" alt=\"TRANSAT CAF\u00c9 L\u2019OR\" srcset=\"https:\/\/richeskarayib.com\/wp-content\/uploads\/2025\/11\/WhatsApp-Image-2025-11-25-a-04.18.23_d17f0a63-1024x473.jpg 1024w, https:\/\/richeskarayib.com\/wp-content\/uploads\/2025\/11\/WhatsApp-Image-2025-11-25-a-04.18.23_d17f0a63-300x139.jpg 300w, https:\/\/richeskarayib.com\/wp-content\/uploads\/2025\/11\/WhatsApp-Image-2025-11-25-a-04.18.23_d17f0a63-768x355.jpg 768w, https:\/\/richeskarayib.com\/wp-content\/uploads\/2025\/11\/WhatsApp-Image-2025-11-25-a-04.18.23_d17f0a63-1536x709.jpg 1536w, https:\/\/richeskarayib.com\/wp-content\/uploads\/2025\/11\/WhatsApp-Image-2025-11-25-a-04.18.23_d17f0a63-1320x610.jpg 1320w, https:\/\/richeskarayib.com\/wp-content\/uploads\/2025\/11\/WhatsApp-Image-2025-11-25-a-04.18.23_d17f0a63.jpg 1600w\" sizes=\"(max-width: 800px) 100vw, 800px\" \/>\t\t\t\t\t\t\t\t\t\t\t\t\t\t\t<\/div>\n\t\t\t\t<\/div>\n\t\t\t\t\t<\/div>\n\t\t<\/div>\n\t\t\t\t<div class=\"elementor-column elementor-col-50 elementor-inner-column elementor-element elementor-element-d13370a\" data-id=\"d13370a\" data-element_type=\"column\">\n\t\t\t<div class=\"elementor-widget-wrap elementor-element-populated\">\n\t\t\t\t\t\t<div class=\"elementor-element elementor-element-b7f3a6f elementor-widget elementor-widget-image\" data-id=\"b7f3a6f\" data-element_type=\"widget\" data-widget_type=\"image.default\">\n\t\t\t\t<div class=\"elementor-widget-container\">\n\t\t\t\t\t\t\t\t\t\t\t\t\t\t\t<img loading=\"lazy\" decoding=\"async\" width=\"800\" height=\"370\" src=\"https:\/\/richeskarayib.com\/wp-content\/uploads\/2025\/11\/WhatsApp-Image-2025-11-25-a-04.18.24_3650d2df-1024x473.jpg\" class=\"attachment-large size-large wp-image-65347\" alt=\"TRANSAT CAF\u00c9 L\u2019OR\" srcset=\"https:\/\/richeskarayib.com\/wp-content\/uploads\/2025\/11\/WhatsApp-Image-2025-11-25-a-04.18.24_3650d2df-1024x473.jpg 1024w, https:\/\/richeskarayib.com\/wp-content\/uploads\/2025\/11\/WhatsApp-Image-2025-11-25-a-04.18.24_3650d2df-300x139.jpg 300w, https:\/\/richeskarayib.com\/wp-content\/uploads\/2025\/11\/WhatsApp-Image-2025-11-25-a-04.18.24_3650d2df-768x355.jpg 768w, https:\/\/richeskarayib.com\/wp-content\/uploads\/2025\/11\/WhatsApp-Image-2025-11-25-a-04.18.24_3650d2df-1536x709.jpg 1536w, https:\/\/richeskarayib.com\/wp-content\/uploads\/2025\/11\/WhatsApp-Image-2025-11-25-a-04.18.24_3650d2df-1320x610.jpg 1320w, https:\/\/richeskarayib.com\/wp-content\/uploads\/2025\/11\/WhatsApp-Image-2025-11-25-a-04.18.24_3650d2df.jpg 1600w\" sizes=\"(max-width: 800px) 100vw, 800px\" \/>\t\t\t\t\t\t\t\t\t\t\t\t\t\t\t<\/div>\n\t\t\t\t<\/div>\n\t\t\t\t\t<\/div>\n\t\t<\/div>\n\t\t\t\t\t<\/div>\n\t\t<\/section>\n\t\t\t\t<section class=\"elementor-section elementor-inner-section elementor-element elementor-element-b3a104c elementor-section-boxed elementor-section-height-default elementor-section-height-default\" data-id=\"b3a104c\" data-element_type=\"section\">\n\t\t\t\t\t\t<div class=\"elementor-container elementor-column-gap-default\">\n\t\t\t\t\t<div class=\"elementor-column elementor-col-100 elementor-inner-column elementor-element elementor-element-1e613d1\" data-id=\"1e613d1\" data-element_type=\"column\">\n\t\t\t<div class=\"elementor-widget-wrap elementor-element-populated\">\n\t\t\t\t\t\t<div class=\"elementor-element elementor-element-63c765e elementor-widget elementor-widget-image\" data-id=\"63c765e\" data-element_type=\"widget\" data-widget_type=\"image.default\">\n\t\t\t\t<div class=\"elementor-widget-container\">\n\t\t\t\t\t\t\t\t\t\t\t\t\t\t\t<img loading=\"lazy\" decoding=\"async\" width=\"800\" height=\"370\" src=\"https:\/\/richeskarayib.com\/wp-content\/uploads\/2025\/11\/cover-5-1024x473.jpg\" class=\"attachment-large size-large wp-image-65355\" alt=\"TRANSAT CAF\u00c9 L\u2019OR\" srcset=\"https:\/\/richeskarayib.com\/wp-content\/uploads\/2025\/11\/cover-5-1024x473.jpg 1024w, https:\/\/richeskarayib.com\/wp-content\/uploads\/2025\/11\/cover-5-300x139.jpg 300w, https:\/\/richeskarayib.com\/wp-content\/uploads\/2025\/11\/cover-5-768x355.jpg 768w, https:\/\/richeskarayib.com\/wp-content\/uploads\/2025\/11\/cover-5-1536x709.jpg 1536w, https:\/\/richeskarayib.com\/wp-content\/uploads\/2025\/11\/cover-5-1320x610.jpg 1320w, https:\/\/richeskarayib.com\/wp-content\/uploads\/2025\/11\/cover-5.jpg 1600w\" sizes=\"(max-width: 800px) 100vw, 800px\" \/>\t\t\t\t\t\t\t\t\t\t\t\t\t\t\t<\/div>\n\t\t\t\t<\/div>\n\t\t\t\t\t<\/div>\n\t\t<\/div>\n\t\t\t\t\t<\/div>\n\t\t<\/section>\n\t\t\t\t\t<\/div>\n\t\t<\/div>\n\t\t\t\t\t<\/div>\n\t\t<\/section>\n\t\t\t\t<section class=\"elementor-section elementor-top-section elementor-element elementor-element-103aced elementor-section-boxed elementor-section-height-default elementor-section-height-default\" data-id=\"103aced\" data-element_type=\"section\">\n\t\t\t\t\t\t<div class=\"elementor-container elementor-column-gap-default\">\n\t\t\t\t\t<div class=\"elementor-column elementor-col-100 elementor-top-column elementor-element elementor-element-e34f9f4\" data-id=\"e34f9f4\" data-element_type=\"column\">\n\t\t\t<div class=\"elementor-widget-wrap elementor-element-populated\">\n\t\t\t\t\t\t<div class=\"elementor-element elementor-element-c643e86 elementor-widget elementor-widget-heading\" data-id=\"c643e86\" data-element_type=\"widget\" data-widget_type=\"heading.default\">\n\t\t\t\t<div class=\"elementor-widget-container\">\n\t\t\t\t\t<h2 class=\"elementor-heading-title elementor-size-default\">Condiciones de carrera que pusieron a prueba su resistencia<\/h2>\t\t\t\t<\/div>\n\t\t\t\t<\/div>\n\t\t\t\t<div class=\"elementor-element elementor-element-f783f1a elementor-widget elementor-widget-text-editor\" data-id=\"f783f1a\" data-element_type=\"widget\" data-widget_type=\"text-editor.default\">\n\t\t\t\t<div class=\"elementor-widget-container\">\n\t\t\t\t\t\t\t\t\t<p><span style=\"font-weight: 400;\">La <a href=\"https:\/\/www.facebook.com\/TransatCafeLOR\/\" target=\"_blank\" rel=\"noopener nofollow\">TRANSAT CAF\u00c9 L&#8217;<\/a> OR estuvo marcada por zonas de vientos flojos, r\u00e1pidas variaciones meteorol\u00f3gicas y noches cortas. Las fases sin avances claros fueron algunos de los momentos m\u00e1s dif\u00edciles mencionados por los dos regatistas. Explicaron que lo m\u00e1s importante era mantener una disciplina constante: vigilar el equipo, ajustar las decisiones r\u00e1pidamente y conservar la energ\u00eda.  <\/span><\/p><p><span style=\"font-weight: 400;\">El barco lleg\u00f3 en buenas condiciones, se\u00f1al de una gesti\u00f3n cuidadosa y de un estricto respeto por el material. El puesto 34\u1d49 refleja una regata realizada con constancia y el deseo de asegurar cada etapa en lugar de correr riesgos innecesarios. <\/span><\/p>\t\t\t\t\t\t\t\t<\/div>\n\t\t\t\t<\/div>\n\t\t\t\t<div class=\"elementor-element elementor-element-a7e7c4f elementor-widget elementor-widget-image\" data-id=\"a7e7c4f\" data-element_type=\"widget\" data-widget_type=\"image.default\">\n\t\t\t\t<div class=\"elementor-widget-container\">\n\t\t\t\t\t\t\t\t\t\t\t\t\t\t\t<img loading=\"lazy\" decoding=\"async\" width=\"800\" height=\"370\" src=\"https:\/\/richeskarayib.com\/wp-content\/uploads\/2025\/11\/WhatsApp-Image-2025-11-25-a-04.18.23_66ffbd29-1024x473.jpg\" class=\"attachment-large size-large wp-image-65379\" alt=\"TRANSAT CAF\u00c9 L\u2019OR\" srcset=\"https:\/\/richeskarayib.com\/wp-content\/uploads\/2025\/11\/WhatsApp-Image-2025-11-25-a-04.18.23_66ffbd29-1024x473.jpg 1024w, https:\/\/richeskarayib.com\/wp-content\/uploads\/2025\/11\/WhatsApp-Image-2025-11-25-a-04.18.23_66ffbd29-300x139.jpg 300w, https:\/\/richeskarayib.com\/wp-content\/uploads\/2025\/11\/WhatsApp-Image-2025-11-25-a-04.18.23_66ffbd29-768x355.jpg 768w, https:\/\/richeskarayib.com\/wp-content\/uploads\/2025\/11\/WhatsApp-Image-2025-11-25-a-04.18.23_66ffbd29-1536x709.jpg 1536w, https:\/\/richeskarayib.com\/wp-content\/uploads\/2025\/11\/WhatsApp-Image-2025-11-25-a-04.18.23_66ffbd29-1320x610.jpg 1320w, https:\/\/richeskarayib.com\/wp-content\/uploads\/2025\/11\/WhatsApp-Image-2025-11-25-a-04.18.23_66ffbd29.jpg 1600w\" sizes=\"(max-width: 800px) 100vw, 800px\" \/>\t\t\t\t\t\t\t\t\t\t\t\t\t\t\t<\/div>\n\t\t\t\t<\/div>\n\t\t\t\t\t<\/div>\n\t\t<\/div>\n\t\t\t\t\t<\/div>\n\t\t<\/section>\n\t\t\t\t<section class=\"elementor-section elementor-top-section elementor-element elementor-element-274e6ec elementor-section-boxed elementor-section-height-default elementor-section-height-default\" data-id=\"274e6ec\" data-element_type=\"section\">\n\t\t\t\t\t\t<div class=\"elementor-container elementor-column-gap-default\">\n\t\t\t\t\t<div class=\"elementor-column elementor-col-100 elementor-top-column elementor-element elementor-element-2346b95\" data-id=\"2346b95\" data-element_type=\"column\">\n\t\t\t<div class=\"elementor-widget-wrap elementor-element-populated\">\n\t\t\t\t\t\t<div class=\"elementor-element elementor-element-44eba88 elementor-widget elementor-widget-heading\" data-id=\"44eba88\" data-element_type=\"widget\" data-widget_type=\"heading.default\">\n\t\t\t\t<div class=\"elementor-widget-container\">\n\t\t\t\t\t<h2 class=\"elementor-heading-title elementor-size-default\">Una edici\u00f3n contrastada para diferentes trayectorias profesionales<\/h2>\t\t\t\t<\/div>\n\t\t\t\t<\/div>\n\t\t\t\t<div class=\"elementor-element elementor-element-0a357ed elementor-widget elementor-widget-text-editor\" data-id=\"0a357ed\" data-element_type=\"widget\" data-widget_type=\"text-editor.default\">\n\t\t\t\t<div class=\"elementor-widget-container\">\n\t\t\t\t\t\t\t\t\t<p><span style=\"font-weight: 400;\">En esta edici\u00f3n de la TRANSAT CAF\u00c9 L&#8217;OR, las llegadas estuvieron muy repartidas. Los ganadores de la Clase 40, Guillaume Pirouelle y C\u00e9dric Chateau en el Seafrigo &#8211; Sogestran, cruzaron la l\u00ednea el 17 de noviembre. Varios barcos llegaron en la noche del 22 al 23, entre ellos el de Thomas Lurton y Sasha Vandenbrouck a las 2:22 de la madrugada. A\u00fan se esperaba que terminara la regata un \u00faltimo Class40, R\u00eave \u00e0 perte de vue &#8211; Qwanza.   <\/span><\/p><p><span style=\"font-weight: 400;\">En este contexto, la llegada del Martinique Horizon se inscribe en una din\u00e1mica en la que cada tripulaci\u00f3n ha tenido que hacer frente a sus propias limitaciones: elecciones t\u00e1cticas, experiencia, estado del material, cansancio acumulado. Los dos marineros de la Martinica han navegado con constancia, en consonancia con su proyecto y sus recursos. <\/span><\/p>\t\t\t\t\t\t\t\t<\/div>\n\t\t\t\t<\/div>\n\t\t\t\t<section class=\"elementor-section elementor-inner-section elementor-element elementor-element-4dfafd6 elementor-section-boxed elementor-section-height-default elementor-section-height-default\" data-id=\"4dfafd6\" data-element_type=\"section\">\n\t\t\t\t\t\t<div class=\"elementor-container elementor-column-gap-default\">\n\t\t\t\t\t<div class=\"elementor-column elementor-col-50 elementor-inner-column elementor-element elementor-element-dbe9720\" data-id=\"dbe9720\" data-element_type=\"column\">\n\t\t\t<div class=\"elementor-widget-wrap elementor-element-populated\">\n\t\t\t\t\t\t<div class=\"elementor-element elementor-element-e4c53a7 elementor-widget elementor-widget-image\" data-id=\"e4c53a7\" data-element_type=\"widget\" data-widget_type=\"image.default\">\n\t\t\t\t<div class=\"elementor-widget-container\">\n\t\t\t\t\t\t\t\t\t\t\t\t\t\t\t<img loading=\"lazy\" decoding=\"async\" width=\"800\" height=\"370\" src=\"https:\/\/richeskarayib.com\/wp-content\/uploads\/2025\/11\/WhatsApp-Image-2025-11-25-a-04.18.23_60e656db-1024x473.jpg\" class=\"attachment-large size-large wp-image-65375\" alt=\"TRANSAT CAF\u00c9 L\u2019OR\" srcset=\"https:\/\/richeskarayib.com\/wp-content\/uploads\/2025\/11\/WhatsApp-Image-2025-11-25-a-04.18.23_60e656db-1024x473.jpg 1024w, https:\/\/richeskarayib.com\/wp-content\/uploads\/2025\/11\/WhatsApp-Image-2025-11-25-a-04.18.23_60e656db-300x139.jpg 300w, https:\/\/richeskarayib.com\/wp-content\/uploads\/2025\/11\/WhatsApp-Image-2025-11-25-a-04.18.23_60e656db-768x355.jpg 768w, https:\/\/richeskarayib.com\/wp-content\/uploads\/2025\/11\/WhatsApp-Image-2025-11-25-a-04.18.23_60e656db-1536x709.jpg 1536w, https:\/\/richeskarayib.com\/wp-content\/uploads\/2025\/11\/WhatsApp-Image-2025-11-25-a-04.18.23_60e656db-1320x610.jpg 1320w, https:\/\/richeskarayib.com\/wp-content\/uploads\/2025\/11\/WhatsApp-Image-2025-11-25-a-04.18.23_60e656db.jpg 1600w\" sizes=\"(max-width: 800px) 100vw, 800px\" \/>\t\t\t\t\t\t\t\t\t\t\t\t\t\t\t<\/div>\n\t\t\t\t<\/div>\n\t\t\t\t\t<\/div>\n\t\t<\/div>\n\t\t\t\t<div class=\"elementor-column elementor-col-50 elementor-inner-column elementor-element elementor-element-1e5edaa\" data-id=\"1e5edaa\" data-element_type=\"column\">\n\t\t\t<div class=\"elementor-widget-wrap elementor-element-populated\">\n\t\t\t\t\t\t<div class=\"elementor-element elementor-element-baef9b7 elementor-widget elementor-widget-image\" data-id=\"baef9b7\" data-element_type=\"widget\" data-widget_type=\"image.default\">\n\t\t\t\t<div class=\"elementor-widget-container\">\n\t\t\t\t\t\t\t\t\t\t\t\t\t\t\t<img loading=\"lazy\" decoding=\"async\" width=\"800\" height=\"370\" src=\"https:\/\/richeskarayib.com\/wp-content\/uploads\/2025\/11\/WhatsApp-Image-2025-11-25-a-04.18.23_95c4b734-1024x473.jpg\" class=\"attachment-large size-large wp-image-65371\" alt=\"TRANSAT CAF\u00c9 L\u2019OR\" srcset=\"https:\/\/richeskarayib.com\/wp-content\/uploads\/2025\/11\/WhatsApp-Image-2025-11-25-a-04.18.23_95c4b734-1024x473.jpg 1024w, https:\/\/richeskarayib.com\/wp-content\/uploads\/2025\/11\/WhatsApp-Image-2025-11-25-a-04.18.23_95c4b734-300x139.jpg 300w, https:\/\/richeskarayib.com\/wp-content\/uploads\/2025\/11\/WhatsApp-Image-2025-11-25-a-04.18.23_95c4b734-768x355.jpg 768w, https:\/\/richeskarayib.com\/wp-content\/uploads\/2025\/11\/WhatsApp-Image-2025-11-25-a-04.18.23_95c4b734-1536x709.jpg 1536w, https:\/\/richeskarayib.com\/wp-content\/uploads\/2025\/11\/WhatsApp-Image-2025-11-25-a-04.18.23_95c4b734-1320x610.jpg 1320w, https:\/\/richeskarayib.com\/wp-content\/uploads\/2025\/11\/WhatsApp-Image-2025-11-25-a-04.18.23_95c4b734.jpg 1600w\" sizes=\"(max-width: 800px) 100vw, 800px\" \/>\t\t\t\t\t\t\t\t\t\t\t\t\t\t\t<\/div>\n\t\t\t\t<\/div>\n\t\t\t\t\t<\/div>\n\t\t<\/div>\n\t\t\t\t\t<\/div>\n\t\t<\/section>\n\t\t\t\t\t<\/div>\n\t\t<\/div>\n\t\t\t\t\t<\/div>\n\t\t<\/section>\n\t\t\t\t<section class=\"elementor-section elementor-top-section elementor-element elementor-element-9fb3191 elementor-section-boxed elementor-section-height-default elementor-section-height-default\" data-id=\"9fb3191\" data-element_type=\"section\">\n\t\t\t\t\t\t<div class=\"elementor-container elementor-column-gap-default\">\n\t\t\t\t\t<div class=\"elementor-column elementor-col-100 elementor-top-column elementor-element elementor-element-7e64ae6\" data-id=\"7e64ae6\" data-element_type=\"column\">\n\t\t\t<div class=\"elementor-widget-wrap elementor-element-populated\">\n\t\t\t\t\t\t<div class=\"elementor-element elementor-element-7492112 elementor-widget elementor-widget-heading\" data-id=\"7492112\" data-element_type=\"widget\" data-widget_type=\"heading.default\">\n\t\t\t\t<div class=\"elementor-widget-container\">\n\t\t\t\t\t<h2 class=\"elementor-heading-title elementor-size-default\">Una gran participaci\u00f3n en la vela de Martinica\n<\/h2>\t\t\t\t<\/div>\n\t\t\t\t<\/div>\n\t\t\t\t<section class=\"elementor-section elementor-inner-section elementor-element elementor-element-cab9611 elementor-section-boxed elementor-section-height-default elementor-section-height-default\" data-id=\"cab9611\" data-element_type=\"section\">\n\t\t\t\t\t\t<div class=\"elementor-container elementor-column-gap-default\">\n\t\t\t\t\t<div class=\"elementor-column elementor-col-100 elementor-inner-column elementor-element elementor-element-7ffa4db\" data-id=\"7ffa4db\" data-element_type=\"column\">\n\t\t\t<div class=\"elementor-widget-wrap elementor-element-populated\">\n\t\t\t\t\t\t<div class=\"elementor-element elementor-element-d0adefb elementor-widget elementor-widget-text-editor\" data-id=\"d0adefb\" data-element_type=\"widget\" data-widget_type=\"text-editor.default\">\n\t\t\t\t<div class=\"elementor-widget-container\">\n\t\t\t\t\t\t\t\t\t<p><span style=\"font-weight: 400;\">La presencia de Jean-Yves Agla\u00e9 y Moane Mangattale en el TRANSAT CAF\u00c9 L&#8217;OR es un hito para la vela en Martinica. Su participaci\u00f3n en la TRANSAT CAF\u00c9 L&#8217;OR eleva el perfil de la regi\u00f3n en un gran evento de regatas oce\u00e1nicas. Demuestra que los regatistas de la regi\u00f3n pueden participar en una regata transatl\u00e1ntica larga y t\u00e9cnica.  <\/span><\/p><p><span style=\"font-weight: 400;\">Este tipo de experiencia podr\u00eda servir de base para otros proyectos locales, especialmente en torno a la preparaci\u00f3n de j\u00f3venes regatistas o futuras tripulaciones de Martinica. Los dos patrones destacaron tambi\u00e9n la importancia del apoyo recibido, que desempe\u00f1\u00f3 un papel importante durante toda la regata. <\/span><\/p>\t\t\t\t\t\t\t\t<\/div>\n\t\t\t\t<\/div>\n\t\t\t\t\t<\/div>\n\t\t<\/div>\n\t\t\t\t\t<\/div>\n\t\t<\/section>\n\t\t\t\t<section class=\"elementor-section elementor-inner-section elementor-element elementor-element-ab57f7e elementor-section-boxed elementor-section-height-default elementor-section-height-default\" data-id=\"ab57f7e\" data-element_type=\"section\">\n\t\t\t\t\t\t<div class=\"elementor-container elementor-column-gap-default\">\n\t\t\t\t\t<div class=\"elementor-column elementor-col-50 elementor-inner-column elementor-element elementor-element-626bd5e\" data-id=\"626bd5e\" data-element_type=\"column\">\n\t\t\t<div class=\"elementor-widget-wrap elementor-element-populated\">\n\t\t\t\t\t\t<div class=\"elementor-element elementor-element-51a6b54 elementor-widget elementor-widget-image\" data-id=\"51a6b54\" data-element_type=\"widget\" data-widget_type=\"image.default\">\n\t\t\t\t<div class=\"elementor-widget-container\">\n\t\t\t\t\t\t\t\t\t\t\t\t\t\t\t<img loading=\"lazy\" decoding=\"async\" width=\"800\" height=\"370\" src=\"https:\/\/richeskarayib.com\/wp-content\/uploads\/2025\/11\/WhatsApp-Image-2025-11-25-a-04.18.23_5065273e-1024x473.jpg\" class=\"attachment-large size-large wp-image-65367\" alt=\"TRANSAT CAF\u00c9 L\u2019OR\" srcset=\"https:\/\/richeskarayib.com\/wp-content\/uploads\/2025\/11\/WhatsApp-Image-2025-11-25-a-04.18.23_5065273e-1024x473.jpg 1024w, https:\/\/richeskarayib.com\/wp-content\/uploads\/2025\/11\/WhatsApp-Image-2025-11-25-a-04.18.23_5065273e-300x139.jpg 300w, https:\/\/richeskarayib.com\/wp-content\/uploads\/2025\/11\/WhatsApp-Image-2025-11-25-a-04.18.23_5065273e-768x355.jpg 768w, https:\/\/richeskarayib.com\/wp-content\/uploads\/2025\/11\/WhatsApp-Image-2025-11-25-a-04.18.23_5065273e-1536x709.jpg 1536w, https:\/\/richeskarayib.com\/wp-content\/uploads\/2025\/11\/WhatsApp-Image-2025-11-25-a-04.18.23_5065273e-1320x610.jpg 1320w, https:\/\/richeskarayib.com\/wp-content\/uploads\/2025\/11\/WhatsApp-Image-2025-11-25-a-04.18.23_5065273e.jpg 1600w\" sizes=\"(max-width: 800px) 100vw, 800px\" \/>\t\t\t\t\t\t\t\t\t\t\t\t\t\t\t<\/div>\n\t\t\t\t<\/div>\n\t\t\t\t\t<\/div>\n\t\t<\/div>\n\t\t\t\t<div class=\"elementor-column elementor-col-50 elementor-inner-column elementor-element elementor-element-2bc0273\" data-id=\"2bc0273\" data-element_type=\"column\">\n\t\t\t<div class=\"elementor-widget-wrap elementor-element-populated\">\n\t\t\t\t\t\t<div class=\"elementor-element elementor-element-fe21240 elementor-widget elementor-widget-image\" data-id=\"fe21240\" data-element_type=\"widget\" data-widget_type=\"image.default\">\n\t\t\t\t<div class=\"elementor-widget-container\">\n\t\t\t\t\t\t\t\t\t\t\t\t\t\t\t<img loading=\"lazy\" decoding=\"async\" width=\"800\" height=\"370\" src=\"https:\/\/richeskarayib.com\/wp-content\/uploads\/2025\/11\/WhatsApp-Image-2025-11-25-a-04.18.24_0ab486a5-1024x473.jpg\" class=\"attachment-large size-large wp-image-65363\" alt=\"TRANSAT CAF\u00c9 L\u2019OR\" srcset=\"https:\/\/richeskarayib.com\/wp-content\/uploads\/2025\/11\/WhatsApp-Image-2025-11-25-a-04.18.24_0ab486a5-1024x473.jpg 1024w, https:\/\/richeskarayib.com\/wp-content\/uploads\/2025\/11\/WhatsApp-Image-2025-11-25-a-04.18.24_0ab486a5-300x139.jpg 300w, https:\/\/richeskarayib.com\/wp-content\/uploads\/2025\/11\/WhatsApp-Image-2025-11-25-a-04.18.24_0ab486a5-768x355.jpg 768w, https:\/\/richeskarayib.com\/wp-content\/uploads\/2025\/11\/WhatsApp-Image-2025-11-25-a-04.18.24_0ab486a5-1536x709.jpg 1536w, https:\/\/richeskarayib.com\/wp-content\/uploads\/2025\/11\/WhatsApp-Image-2025-11-25-a-04.18.24_0ab486a5-1320x610.jpg 1320w, https:\/\/richeskarayib.com\/wp-content\/uploads\/2025\/11\/WhatsApp-Image-2025-11-25-a-04.18.24_0ab486a5.jpg 1600w\" sizes=\"(max-width: 800px) 100vw, 800px\" \/>\t\t\t\t\t\t\t\t\t\t\t\t\t\t\t<\/div>\n\t\t\t\t<\/div>\n\t\t\t\t\t<\/div>\n\t\t<\/div>\n\t\t\t\t\t<\/div>\n\t\t<\/section>\n\t\t\t\t\t<\/div>\n\t\t<\/div>\n\t\t\t\t\t<\/div>\n\t\t<\/section>\n\t\t\t\t<section class=\"elementor-section elementor-top-section elementor-element elementor-element-4cfced1 elementor-section-boxed elementor-section-height-default elementor-section-height-default\" data-id=\"4cfced1\" data-element_type=\"section\">\n\t\t\t\t\t\t<div class=\"elementor-container elementor-column-gap-default\">\n\t\t\t\t\t<div class=\"elementor-column elementor-col-100 elementor-top-column elementor-element elementor-element-c019f2d\" data-id=\"c019f2d\" data-element_type=\"column\">\n\t\t\t<div class=\"elementor-widget-wrap elementor-element-populated\">\n\t\t\t\t\t\t<div class=\"elementor-element elementor-element-f27cfcf elementor-widget elementor-widget-heading\" data-id=\"f27cfcf\" data-element_type=\"widget\" data-widget_type=\"heading.default\">\n\t\t\t\t<div class=\"elementor-widget-container\">\n\t\t\t\t\t<h2 class=\"elementor-heading-title elementor-size-default\">Una carrera completada con rigor y constancia<\/h2>\t\t\t\t<\/div>\n\t\t\t\t<\/div>\n\t\t\t\t<div class=\"elementor-element elementor-element-4d7216f elementor-widget elementor-widget-text-editor\" data-id=\"4d7216f\" data-element_type=\"widget\" data-widget_type=\"text-editor.default\">\n\t\t\t\t<div class=\"elementor-widget-container\">\n\t\t\t\t\t\t\t\t\t<p><span style=\"font-weight: 400;\">La llegada del Martinique Horizon marca el final de una traves\u00eda que se ha llevado a cabo con seriedad, sin excesos ni minimizaciones. El barco cruz\u00f3 la l\u00ednea a tiempo y en buenas condiciones, con una tripulaci\u00f3n que se mantuvo concentrada a pesar de las dificultades y el cansancio. <\/span><\/p><p><span style=\"font-weight: 400;\">Fort-de-France ofreci\u00f3 una acogida digna del compromiso de los dos regatistas, confirmando el inter\u00e9s del p\u00fablico de Martinica por esta edici\u00f3n de la regata. Con esta llegada, Jean-Yves Agla\u00e9 y Moane Mangattale se han apuntado una s\u00f3lida participaci\u00f3n, que podr\u00eda alentar otras iniciativas n\u00e1uticas en la regi\u00f3n. <\/span><\/p>\t\t\t\t\t\t\t\t<\/div>\n\t\t\t\t<\/div>\n\t\t\t\t<div class=\"elementor-element elementor-element-3b84a88 elementor-widget elementor-widget-text-editor\" data-id=\"3b84a88\" data-element_type=\"widget\" data-widget_type=\"text-editor.default\">\n\t\t\t\t<div class=\"elementor-widget-container\">\n\t\t\t\t\t\t\t\t\t<p><span style=\"font-weight: 400;\">Para saber m\u00e1s sobre el CAF\u00c9 L&#8217;OR TRANSAT, lee nuestro an\u00e1lisis completo en el \u00faltimo n\u00famero de nuestra <a href=\"https:\/\/www.calameo.com\/read\/0079817941a937b2f6487\" target=\"_blank\" rel=\"noopener nofollow\">revista<\/a>.<\/span><\/p>\t\t\t\t\t\t\t\t<\/div>\n\t\t\t\t<\/div>\n\t\t\t\t\t<\/div>\n\t\t<\/div>\n\t\t\t\t\t<\/div>\n\t\t<\/section>\n\t\t\t\t<section class=\"elementor-section elementor-top-section elementor-element elementor-element-5c7af3f elementor-section-boxed elementor-section-height-default elementor-section-height-default\" data-id=\"5c7af3f\" data-element_type=\"section\">\n\t\t\t\t\t\t<div class=\"elementor-container elementor-column-gap-default\">\n\t\t\t\t\t<div class=\"elementor-column elementor-col-100 elementor-top-column elementor-element elementor-element-ae4c881\" data-id=\"ae4c881\" data-element_type=\"column\">\n\t\t\t<div class=\"elementor-widget-wrap elementor-element-populated\">\n\t\t\t\t\t\t<div class=\"elementor-element elementor-element-53b0174 elementor-widget elementor-widget-heading\" data-id=\"53b0174\" data-element_type=\"widget\" data-widget_type=\"heading.default\">\n\t\t\t\t<div class=\"elementor-widget-container\">\n\t\t\t\t\t<h2 class=\"elementor-heading-title elementor-size-default\">  PREGUNTAS FRECUENTES  <\/h2>\t\t\t\t<\/div>\n\t\t\t\t<\/div>\n\t\t\t\t<section class=\"elementor-section elementor-inner-section elementor-element elementor-element-6f82d93 elementor-section-boxed elementor-section-height-default elementor-section-height-default\" data-id=\"6f82d93\" data-element_type=\"section\">\n\t\t\t\t\t\t<div class=\"elementor-container elementor-column-gap-default\">\n\t\t\t\t\t<div class=\"elementor-column elementor-col-100 elementor-inner-column elementor-element elementor-element-451f0a7\" data-id=\"451f0a7\" data-element_type=\"column\">\n\t\t\t<div class=\"elementor-widget-wrap elementor-element-populated\">\n\t\t\t\t\t\t<div class=\"elementor-element elementor-element-f9a1d5a elementor-widget elementor-widget-accordion\" data-id=\"f9a1d5a\" data-element_type=\"widget\" data-widget_type=\"accordion.default\">\n\t\t\t\t<div class=\"elementor-widget-container\">\n\t\t\t\t\t\t\t<div class=\"elementor-accordion\">\n\t\t\t\t\t\t\t<div class=\"elementor-accordion-item\">\n\t\t\t\t\t<div id=\"elementor-tab-title-2611\" class=\"elementor-tab-title\" data-tab=\"1\" role=\"button\" aria-controls=\"elementor-tab-content-2611\" aria-expanded=\"false\">\n\t\t\t\t\t\t\t\t\t\t\t\t\t<span class=\"elementor-accordion-icon elementor-accordion-icon-left\" aria-hidden=\"true\">\n\t\t\t\t\t\t\t\t\t\t\t\t\t\t\t<span class=\"elementor-accordion-icon-closed\"><i class=\"fas fa-plus\"><\/i><\/span>\n\t\t\t\t\t\t\t\t<span class=\"elementor-accordion-icon-opened\"><i class=\"fas fa-minus\"><\/i><\/span>\n\t\t\t\t\t\t\t\t\t\t\t\t\t\t<\/span>\n\t\t\t\t\t\t\t\t\t\t\t\t<a class=\"elementor-accordion-title\" tabindex=\"0\">\u00bfQu\u00e9 es TRANSAT CAF\u00c9 L'OR?<\/a>\n\t\t\t\t\t<\/div>\n\t\t\t\t\t<div id=\"elementor-tab-content-2611\" class=\"elementor-tab-content elementor-clearfix\" data-tab=\"1\" role=\"region\" aria-labelledby=\"elementor-tab-title-2611\"><p data-start=\"334\" data-end=\"644\">La TRANSAT CAF\u00c9 L&#8217;OR es una regata transatl\u00e1ntica a dos, disputada en dos etapas, que re\u00fane a varias categor\u00edas de yates, incluidos los de la Clase 40. Une Europa con Martinica y es una de las principales pruebas del calendario de regatas oce\u00e1nicas. <\/p>\n<\/div>\n\t\t\t\t<\/div>\n\t\t\t\t\t\t\t<div class=\"elementor-accordion-item\">\n\t\t\t\t\t<div id=\"elementor-tab-title-2612\" class=\"elementor-tab-title\" data-tab=\"2\" role=\"button\" aria-controls=\"elementor-tab-content-2612\" aria-expanded=\"false\">\n\t\t\t\t\t\t\t\t\t\t\t\t\t<span class=\"elementor-accordion-icon elementor-accordion-icon-left\" aria-hidden=\"true\">\n\t\t\t\t\t\t\t\t\t\t\t\t\t\t\t<span class=\"elementor-accordion-icon-closed\"><i class=\"fas fa-plus\"><\/i><\/span>\n\t\t\t\t\t\t\t\t<span class=\"elementor-accordion-icon-opened\"><i class=\"fas fa-minus\"><\/i><\/span>\n\t\t\t\t\t\t\t\t\t\t\t\t\t\t<\/span>\n\t\t\t\t\t\t\t\t\t\t\t\t<a class=\"elementor-accordion-title\" tabindex=\"0\">\u00bfC\u00f3mo le fue a Martinique Horizon en el TRANSAT CAF\u00c9 L'OR?<\/a>\n\t\t\t\t\t<\/div>\n\t\t\t\t\t<div id=\"elementor-tab-content-2612\" class=\"elementor-tab-content elementor-clearfix\" data-tab=\"2\" role=\"region\" aria-labelledby=\"elementor-tab-title-2612\"><p>El Class40 <em data-start=\"586\" data-end=\"606\">Martinique Horizon<\/em>, patroneado por <strong data-start=\"619\" data-end=\"638\">Jean-Yves Agla\u00e9<\/strong> y <strong data-start=\"642\" data-end=\"662\">Moane Mangattale<\/strong>, termin\u00f3 la TRANSAT CAF\u00c9 L&#8217;OR en 34\u1d49 lugar, con un tiempo total de 26 d\u00edas, 10 horas y 52 segundos. Los dos regatistas lograron su principal objetivo: terminar la regata a tiempo. <\/p>\n<\/div>\n\t\t\t\t<\/div>\n\t\t\t\t\t\t\t<div class=\"elementor-accordion-item\">\n\t\t\t\t\t<div id=\"elementor-tab-title-2613\" class=\"elementor-tab-title\" data-tab=\"3\" role=\"button\" aria-controls=\"elementor-tab-content-2613\" aria-expanded=\"false\">\n\t\t\t\t\t\t\t\t\t\t\t\t\t<span class=\"elementor-accordion-icon elementor-accordion-icon-left\" aria-hidden=\"true\">\n\t\t\t\t\t\t\t\t\t\t\t\t\t\t\t<span class=\"elementor-accordion-icon-closed\"><i class=\"fas fa-plus\"><\/i><\/span>\n\t\t\t\t\t\t\t\t<span class=\"elementor-accordion-icon-opened\"><i class=\"fas fa-minus\"><\/i><\/span>\n\t\t\t\t\t\t\t\t\t\t\t\t\t\t<\/span>\n\t\t\t\t\t\t\t\t\t\t\t\t<a class=\"elementor-accordion-title\" tabindex=\"0\">\u00bfPor qu\u00e9 la llegada de Martinique Horizon tuvo tanto impacto en el p\u00fablico de Martinica?<\/a>\n\t\t\t\t\t<\/div>\n\t\t\t\t\t<div id=\"elementor-tab-content-2613\" class=\"elementor-tab-content elementor-clearfix\" data-tab=\"3\" role=\"region\" aria-labelledby=\"elementor-tab-title-2613\"><p>La llegada <em data-start=\"976\" data-end=\"996\">del Martinique Horizon<\/em> atrajo a una gran multitud de espectadores al amanecer. Para muchos, ver a dos marineros de Martinica terminar una regata transatl\u00e1ntica de este nivel fue un momento importante para la vela local y un hito para los proyectos n\u00e1uticos de la regi\u00f3n. <\/p>\n<\/div>\n\t\t\t\t<\/div>\n\t\t\t\t\t\t\t\t<\/div>\n\t\t\t\t\t\t<\/div>\n\t\t\t\t<\/div>\n\t\t\t\t\t<\/div>\n\t\t<\/div>\n\t\t\t\t\t<\/div>\n\t\t<\/section>\n\t\t\t\t\t<\/div>\n\t\t<\/div>\n\t\t\t\t\t<\/div>\n\t\t<\/section>\n\t\t\t\t<\/div>\n\t\t","protected":false},"excerpt":{"rendered":"<p>La llegada de Jean-Yves Agla\u00e9 y Moane Mangattale a Fort-de-France a las 9.41 h del domingo 23 de noviembre marc\u00f3 uno de los momentos m\u00e1s esperados de la TRANSAT CAF\u00c9 L&#8217;OR. A bordo de su Class40 Martinique Horizon, los dos marineros de Martinica terminaron esta 17\u1d49 edici\u00f3n en el puesto 34\u1d49, al final de una [&hellip;]<\/p>\n","protected":false},"author":662,"featured_media":65343,"comment_status":"open","ping_status":"open","sticky":false,"template":"","format":"standard","meta":{"_acf_changed":false,"footnotes":""},"categories":[1724],"tags":[816],"class_list":["post-65381","post","type-post","status-publish","format-standard","has-post-thumbnail","hentry","category-maritimo","tag-martinique-es"],"acf":[],"_links":{"self":[{"href":"https:\/\/richeskarayib.com\/es\/wp-json\/wp\/v2\/posts\/65381","targetHints":{"allow":["GET"]}}],"collection":[{"href":"https:\/\/richeskarayib.com\/es\/wp-json\/wp\/v2\/posts"}],"about":[{"href":"https:\/\/richeskarayib.com\/es\/wp-json\/wp\/v2\/types\/post"}],"author":[{"embeddable":true,"href":"https:\/\/richeskarayib.com\/es\/wp-json\/wp\/v2\/users\/662"}],"replies":[{"embeddable":true,"href":"https:\/\/richeskarayib.com\/es\/wp-json\/wp\/v2\/comments?post=65381"}],"version-history":[{"count":0,"href":"https:\/\/richeskarayib.com\/es\/wp-json\/wp\/v2\/posts\/65381\/revisions"}],"wp:featuredmedia":[{"embeddable":true,"href":"https:\/\/richeskarayib.com\/es\/wp-json\/wp\/v2\/media\/65343"}],"wp:attachment":[{"href":"https:\/\/richeskarayib.com\/es\/wp-json\/wp\/v2\/media?parent=65381"}],"wp:term":[{"taxonomy":"category","embeddable":true,"href":"https:\/\/richeskarayib.com\/es\/wp-json\/wp\/v2\/categories?post=65381"},{"taxonomy":"post_tag","embeddable":true,"href":"https:\/\/richeskarayib.com\/es\/wp-json\/wp\/v2\/tags?post=65381"}],"curies":[{"name":"wp","href":"https:\/\/api.w.org\/{rel}","templated":true}]}}