{"id":66022,"date":"2025-12-02T12:42:46","date_gmt":"2025-12-02T16:42:46","guid":{"rendered":"https:\/\/richeskarayib.com\/philip-j-pierre-reelegido-un-segundo-mandato-para-remodelar-el-futuro-de-santa-lucia\/"},"modified":"2025-12-02T12:42:47","modified_gmt":"2025-12-02T16:42:47","slug":"philip-j-pierre-reelegido-un-segundo-mandato-para-remodelar-el-futuro-de-santa-lucia","status":"publish","type":"post","link":"https:\/\/richeskarayib.com\/es\/philip-j-pierre-reelegido-un-segundo-mandato-para-remodelar-el-futuro-de-santa-lucia\/","title":{"rendered":"Philip J. Pierre reelegido: un segundo mandato para remodelar el futuro de Santa Luc\u00eda"},"content":{"rendered":"\t\t<div data-elementor-type=\"wp-post\" data-elementor-id=\"66022\" class=\"elementor elementor-66022 elementor-65995\" data-elementor-post-type=\"post\">\n\t\t\t\t\t\t<section class=\"elementor-section elementor-top-section elementor-element elementor-element-7ca7ca1 elementor-section-boxed elementor-section-height-default elementor-section-height-default\" data-id=\"7ca7ca1\" data-element_type=\"section\">\n\t\t\t\t\t\t<div class=\"elementor-container elementor-column-gap-default\">\n\t\t\t\t\t<div class=\"elementor-column elementor-col-100 elementor-top-column elementor-element elementor-element-cbdd002\" data-id=\"cbdd002\" data-element_type=\"column\">\n\t\t\t<div class=\"elementor-widget-wrap elementor-element-populated\">\n\t\t\t\t\t\t<section class=\"elementor-section elementor-inner-section elementor-element elementor-element-bc94849 elementor-section-boxed elementor-section-height-default elementor-section-height-default\" data-id=\"bc94849\" data-element_type=\"section\">\n\t\t\t\t\t\t<div class=\"elementor-container elementor-column-gap-default\">\n\t\t\t\t\t\t<\/div>\n\t\t<\/section>\n\t\t\t\t<section class=\"elementor-section elementor-inner-section elementor-element elementor-element-61571e6 elementor-section-boxed elementor-section-height-default elementor-section-height-default\" data-id=\"61571e6\" data-element_type=\"section\">\n\t\t\t\t\t\t<div class=\"elementor-container elementor-column-gap-default\">\n\t\t\t\t\t\t<\/div>\n\t\t<\/section>\n\t\t\t\t<section class=\"elementor-section elementor-inner-section elementor-element elementor-element-b6262e0 elementor-section-boxed elementor-section-height-default elementor-section-height-default\" data-id=\"b6262e0\" data-element_type=\"section\">\n\t\t\t\t\t\t<div class=\"elementor-container elementor-column-gap-default\">\n\t\t\t\t\t\t<\/div>\n\t\t<\/section>\n\t\t\t\t<section class=\"elementor-section elementor-inner-section elementor-element elementor-element-cca29fd elementor-section-boxed elementor-section-height-default elementor-section-height-default\" data-id=\"cca29fd\" data-element_type=\"section\">\n\t\t\t\t\t\t<div class=\"elementor-container elementor-column-gap-default\">\n\t\t\t\t\t\t<\/div>\n\t\t<\/section>\n\t\t\t\t\t<\/div>\n\t\t<\/div>\n\t\t\t\t\t<\/div>\n\t\t<\/section>\n\t\t\t\t<section class=\"elementor-section elementor-top-section elementor-element elementor-element-ee72354 elementor-section-boxed elementor-section-height-default elementor-section-height-default\" data-id=\"ee72354\" data-element_type=\"section\">\n\t\t\t\t\t\t<div class=\"elementor-container elementor-column-gap-default\">\n\t\t\t\t\t<div class=\"elementor-column elementor-col-100 elementor-top-column elementor-element elementor-element-c59d6fe\" data-id=\"c59d6fe\" data-element_type=\"column\">\n\t\t\t<div class=\"elementor-widget-wrap elementor-element-populated\">\n\t\t\t\t\t\t<div class=\"elementor-element elementor-element-e57451f elementor-widget elementor-widget-text-editor\" data-id=\"e57451f\" data-element_type=\"widget\" data-widget_type=\"text-editor.default\">\n\t\t\t\t<div class=\"elementor-widget-container\">\n\t\t\t\t\t\t\t\t\t<p><span style=\"font-weight: 400;\"><a href=\"https:\/\/la1ere.franceinfo.fr\/martinique\/elections-legislatives-a-sainte-lucie-philip-j-pierre-reelu-pour-un-deuxieme-mandat-1648777.html\" target=\"_blank\" rel=\"noopener nofollow\">Las elecciones de Santa Luc\u00eda<\/a> arrojaron uno de los resultados m\u00e1s claros de la historia pol\u00edtica reciente de la isla: una victoria aplastante del Partido Laborista de Santa Luc\u00eda, dirigido por Philip J Pierre, que fue reelegido para un segundo mandato con 14 de los 17 esca\u00f1os. En un contexto en el que el electorado buscaba estabilidad y coherencia, este voto masivo confirma la confianza depositada en un l\u00edder que se ha consolidado como uno de los actores pol\u00edticos m\u00e1s coherentes del pa\u00eds. <\/span><\/p>\t\t\t\t\t\t\t\t<\/div>\n\t\t\t\t<\/div>\n\t\t\t\t\t<\/div>\n\t\t<\/div>\n\t\t\t\t\t<\/div>\n\t\t<\/section>\n\t\t\t\t<section class=\"elementor-section elementor-top-section elementor-element elementor-element-ceca32c elementor-section-boxed elementor-section-height-default elementor-section-height-default\" data-id=\"ceca32c\" data-element_type=\"section\">\n\t\t\t\t\t\t<div class=\"elementor-container elementor-column-gap-default\">\n\t\t\t\t\t<div class=\"elementor-column elementor-col-100 elementor-top-column elementor-element elementor-element-5a2e383\" data-id=\"5a2e383\" data-element_type=\"column\">\n\t\t\t<div class=\"elementor-widget-wrap elementor-element-populated\">\n\t\t\t\t\t\t<div class=\"elementor-element elementor-element-6cedf5f elementor-widget elementor-widget-heading\" data-id=\"6cedf5f\" data-element_type=\"widget\" data-widget_type=\"heading.default\">\n\t\t\t\t<div class=\"elementor-widget-container\">\n\t\t\t\t\t<h2 class=\"elementor-heading-title elementor-size-default\">Un Primer Ministro firmemente arraigado en la vida p\u00fablica<\/h2>\t\t\t\t<\/div>\n\t\t\t\t<\/div>\n\t\t\t\t<section class=\"elementor-section elementor-inner-section elementor-element elementor-element-c31d3a6 elementor-section-boxed elementor-section-height-default elementor-section-height-default\" data-id=\"c31d3a6\" data-element_type=\"section\">\n\t\t\t\t\t\t<div class=\"elementor-container elementor-column-gap-default\">\n\t\t\t\t\t<div class=\"elementor-column elementor-col-100 elementor-inner-column elementor-element elementor-element-bdb7c5e\" data-id=\"bdb7c5e\" data-element_type=\"column\">\n\t\t\t<div class=\"elementor-widget-wrap elementor-element-populated\">\n\t\t\t\t\t\t<div class=\"elementor-element elementor-element-e93d1fb elementor-widget elementor-widget-text-editor\" data-id=\"e93d1fb\" data-element_type=\"widget\" data-widget_type=\"text-editor.default\">\n\t\t\t\t<div class=\"elementor-widget-container\">\n\t\t\t\t\t\t\t\t\t<p><span style=\"font-weight: 400;\"><a href=\"https:\/\/richeskarayib.com\/es\/santa-lucia-philip-j-pierre-dirige-las-conversaciones-diplomaticas-decisivas-entre-la-oeco-y-estados-unidos\/\" target=\"_blank\" rel=\"noopener\">Philip J Pierre<\/a> representa a Castries Este desde 1997 y, poco a poco, se ha consolidado como figura central de la gobernanza lucianense. Economista de formaci\u00f3n, ocup\u00f3 varios puestos clave antes de convertirse en Primer Ministro en 2021. Para muchos lucianos, esta longevidad atestigua su proximidad real a las realidades sociales del pa\u00eds, as\u00ed como su capacidad para defender pol\u00edticas p\u00fablicas sostenibles.  <\/span><\/p>\n<p><span style=\"font-weight: 400;\">Por tanto, su reelecci\u00f3n en las elecciones de Santa Luc\u00eda no es ninguna sorpresa: refleja las profundas ra\u00edces de un l\u00edder que ha sabido transformar su experiencia en una visi\u00f3n pol\u00edtica legible.<\/span><\/p>\t\t\t\t\t\t\t\t<\/div>\n\t\t\t\t<\/div>\n\t\t\t\t\t<\/div>\n\t\t<\/div>\n\t\t\t\t\t<\/div>\n\t\t<\/section>\n\t\t\t\t<section class=\"elementor-section elementor-inner-section elementor-element elementor-element-4baca9b elementor-section-boxed elementor-section-height-default elementor-section-height-default\" data-id=\"4baca9b\" data-element_type=\"section\">\n\t\t\t\t\t\t<div class=\"elementor-container elementor-column-gap-default\">\n\t\t\t\t\t<div class=\"elementor-column elementor-col-100 elementor-inner-column elementor-element elementor-element-544a7bc\" data-id=\"544a7bc\" data-element_type=\"column\">\n\t\t\t<div class=\"elementor-widget-wrap elementor-element-populated\">\n\t\t\t\t\t\t<div class=\"elementor-element elementor-element-ce7516e elementor-widget elementor-widget-image\" data-id=\"ce7516e\" data-element_type=\"widget\" data-widget_type=\"image.default\">\n\t\t\t\t<div class=\"elementor-widget-container\">\n\t\t\t\t\t\t\t\t\t\t\t\t<figure class=\"wp-caption\">\n\t\t\t\t\t\t\t\t\t\t<img fetchpriority=\"high\" decoding=\"async\" width=\"800\" height=\"419\" src=\"https:\/\/richeskarayib.com\/wp-content\/uploads\/2025\/12\/583145985_18185886613348464_849537062364864930_n-1024x536.jpg\" class=\"attachment-large size-large wp-image-66004\" alt=\"Philip J Pierre\" srcset=\"https:\/\/richeskarayib.com\/wp-content\/uploads\/2025\/12\/583145985_18185886613348464_849537062364864930_n-1024x536.jpg 1024w, https:\/\/richeskarayib.com\/wp-content\/uploads\/2025\/12\/583145985_18185886613348464_849537062364864930_n-300x157.jpg 300w, https:\/\/richeskarayib.com\/wp-content\/uploads\/2025\/12\/583145985_18185886613348464_849537062364864930_n-768x402.jpg 768w, https:\/\/richeskarayib.com\/wp-content\/uploads\/2025\/12\/583145985_18185886613348464_849537062364864930_n.jpg 1100w\" sizes=\"(max-width: 800px) 100vw, 800px\" \/>\t\t\t\t\t\t\t\t\t\t\t<figcaption class=\"widget-image-caption wp-caption-text\">\u00a9Philip J.Pierre<\/figcaption>\n\t\t\t\t\t\t\t\t\t\t<\/figure>\n\t\t\t\t\t\t\t\t\t<\/div>\n\t\t\t\t<\/div>\n\t\t\t\t\t<\/div>\n\t\t<\/div>\n\t\t\t\t\t<\/div>\n\t\t<\/section>\n\t\t\t\t\t<\/div>\n\t\t<\/div>\n\t\t\t\t\t<\/div>\n\t\t<\/section>\n\t\t\t\t<section class=\"elementor-section elementor-top-section elementor-element elementor-element-9c88a89 elementor-section-boxed elementor-section-height-default elementor-section-height-default\" data-id=\"9c88a89\" data-element_type=\"section\">\n\t\t\t\t\t\t<div class=\"elementor-container elementor-column-gap-default\">\n\t\t\t\t\t<div class=\"elementor-column elementor-col-100 elementor-top-column elementor-element elementor-element-78cf5d1\" data-id=\"78cf5d1\" data-element_type=\"column\">\n\t\t\t<div class=\"elementor-widget-wrap elementor-element-populated\">\n\t\t\t\t\t\t<div class=\"elementor-element elementor-element-ea2a5c1 elementor-widget elementor-widget-heading\" data-id=\"ea2a5c1\" data-element_type=\"widget\" data-widget_type=\"heading.default\">\n\t\t\t\t<div class=\"elementor-widget-container\">\n\t\t\t\t\t<h2 class=\"elementor-heading-title elementor-size-default\">Un resultado que trasciende las l\u00edneas partidistas<\/h2>\t\t\t\t<\/div>\n\t\t\t\t<\/div>\n\t\t\t\t<div class=\"elementor-element elementor-element-e305eee elementor-widget elementor-widget-text-editor\" data-id=\"e305eee\" data-element_type=\"widget\" data-widget_type=\"text-editor.default\">\n\t\t\t\t<div class=\"elementor-widget-container\">\n\t\t\t\t\t\t\t\t\t<p><span style=\"font-weight: 400;\">La magnitud de esta victoria se debi\u00f3 a varios factores. En primer lugar, una campa\u00f1a corta: el anuncio tard\u00edo de las elecciones limit\u00f3 el margen de maniobra de la oposici\u00f3n, mientras que Philip J Pierre pudo aprovechar una red de base ya bien estructurada. <\/span><\/p>\n<p><span style=\"font-weight: 400;\">En segundo lugar, su primer mandato dej\u00f3 una imagen de gesti\u00f3n m\u00e1s rigurosa. El gobierno trabaj\u00f3 para reducir la deuda p\u00fablica, apoyar a los pensionistas y poner en marcha programas educativos para los j\u00f3venes. Sin dar un vuelco al modelo econ\u00f3mico de la isla, Philip J Pierre proporcion\u00f3 una direcci\u00f3n clara, que tuvo peso en las elecciones de Santa Luc\u00eda.  <\/span><\/p>\t\t\t\t\t\t\t\t<\/div>\n\t\t\t\t<\/div>\n\t\t\t\t<div class=\"elementor-element elementor-element-9080cc9 elementor-widget elementor-widget-text-editor\" data-id=\"9080cc9\" data-element_type=\"widget\" data-widget_type=\"text-editor.default\">\n\t\t\t\t<div class=\"elementor-widget-container\">\n\t\t\t\t\t\t\t\t\t<p><span style=\"font-weight: 400;\">Por \u00faltimo, los aliados independientes del gobierno Stephenson King y Richard Frederick fueron reelegidos. La elecci\u00f3n de estas dos figuras refuerza la base parlamentaria del Primer Ministro y le da un margen de maniobra excepcional durante los pr\u00f3ximos cinco a\u00f1os.   <\/span><span style=\"font-weight: 400;\">Por el contrario, el UWP de la oposici\u00f3n s\u00f3lo conserv\u00f3 un esca\u00f1o, el de Allen Chastanet, aislado en una Asamblea casi totalmente favorable a la mayor\u00eda.<\/span><\/p>\t\t\t\t\t\t\t\t<\/div>\n\t\t\t\t<\/div>\n\t\t\t\t<section class=\"elementor-section elementor-inner-section elementor-element elementor-element-8267455 elementor-section-boxed elementor-section-height-default elementor-section-height-default\" data-id=\"8267455\" data-element_type=\"section\">\n\t\t\t\t\t\t<div class=\"elementor-container elementor-column-gap-default\">\n\t\t\t\t\t<div class=\"elementor-column elementor-col-50 elementor-inner-column elementor-element elementor-element-dc38ed8\" data-id=\"dc38ed8\" data-element_type=\"column\">\n\t\t\t<div class=\"elementor-widget-wrap elementor-element-populated\">\n\t\t\t\t\t\t<div class=\"elementor-element elementor-element-8bf1cac elementor-widget elementor-widget-image\" data-id=\"8bf1cac\" data-element_type=\"widget\" data-widget_type=\"image.default\">\n\t\t\t\t<div class=\"elementor-widget-container\">\n\t\t\t\t\t\t\t\t\t\t\t\t<figure class=\"wp-caption\">\n\t\t\t\t\t\t\t\t\t\t<img decoding=\"async\" width=\"800\" height=\"534\" src=\"https:\/\/richeskarayib.com\/wp-content\/uploads\/2025\/12\/588609329_18186920719348464_3930389051330521333_n-1024x683.jpg\" class=\"attachment-large size-large wp-image-66012\" alt=\"Philip J Pierre\" srcset=\"https:\/\/richeskarayib.com\/wp-content\/uploads\/2025\/12\/588609329_18186920719348464_3930389051330521333_n-1024x683.jpg 1024w, https:\/\/richeskarayib.com\/wp-content\/uploads\/2025\/12\/588609329_18186920719348464_3930389051330521333_n-300x200.jpg 300w, https:\/\/richeskarayib.com\/wp-content\/uploads\/2025\/12\/588609329_18186920719348464_3930389051330521333_n-768x512.jpg 768w, https:\/\/richeskarayib.com\/wp-content\/uploads\/2025\/12\/588609329_18186920719348464_3930389051330521333_n.jpg 1081w\" sizes=\"(max-width: 800px) 100vw, 800px\" \/>\t\t\t\t\t\t\t\t\t\t\t<figcaption class=\"widget-image-caption wp-caption-text\">\u00a9Philip J.Pierre<\/figcaption>\n\t\t\t\t\t\t\t\t\t\t<\/figure>\n\t\t\t\t\t\t\t\t\t<\/div>\n\t\t\t\t<\/div>\n\t\t\t\t\t<\/div>\n\t\t<\/div>\n\t\t\t\t<div class=\"elementor-column elementor-col-50 elementor-inner-column elementor-element elementor-element-fe589da\" data-id=\"fe589da\" data-element_type=\"column\">\n\t\t\t<div class=\"elementor-widget-wrap elementor-element-populated\">\n\t\t\t\t\t\t<div class=\"elementor-element elementor-element-248f102 elementor-widget elementor-widget-image\" data-id=\"248f102\" data-element_type=\"widget\" data-widget_type=\"image.default\">\n\t\t\t\t<div class=\"elementor-widget-container\">\n\t\t\t\t\t\t\t\t\t\t\t\t<figure class=\"wp-caption\">\n\t\t\t\t\t\t\t\t\t\t<img decoding=\"async\" width=\"800\" height=\"534\" src=\"https:\/\/richeskarayib.com\/wp-content\/uploads\/2025\/12\/583378199_18186133399348464_6678956591474913164_n-1024x683.jpg\" class=\"attachment-large size-large wp-image-66016\" alt=\"Philip J Pierre\" srcset=\"https:\/\/richeskarayib.com\/wp-content\/uploads\/2025\/12\/583378199_18186133399348464_6678956591474913164_n-1024x683.jpg 1024w, https:\/\/richeskarayib.com\/wp-content\/uploads\/2025\/12\/583378199_18186133399348464_6678956591474913164_n-300x200.jpg 300w, https:\/\/richeskarayib.com\/wp-content\/uploads\/2025\/12\/583378199_18186133399348464_6678956591474913164_n-768x512.jpg 768w, https:\/\/richeskarayib.com\/wp-content\/uploads\/2025\/12\/583378199_18186133399348464_6678956591474913164_n.jpg 1065w\" sizes=\"(max-width: 800px) 100vw, 800px\" \/>\t\t\t\t\t\t\t\t\t\t\t<figcaption class=\"widget-image-caption wp-caption-text\">\u00a9Philip J.Pierre<\/figcaption>\n\t\t\t\t\t\t\t\t\t\t<\/figure>\n\t\t\t\t\t\t\t\t\t<\/div>\n\t\t\t\t<\/div>\n\t\t\t\t\t<\/div>\n\t\t<\/div>\n\t\t\t\t\t<\/div>\n\t\t<\/section>\n\t\t\t\t\t<\/div>\n\t\t<\/div>\n\t\t\t\t\t<\/div>\n\t\t<\/section>\n\t\t\t\t<section class=\"elementor-section elementor-top-section elementor-element elementor-element-103aced elementor-section-boxed elementor-section-height-default elementor-section-height-default\" data-id=\"103aced\" data-element_type=\"section\">\n\t\t\t\t\t\t<div class=\"elementor-container elementor-column-gap-default\">\n\t\t\t\t\t<div class=\"elementor-column elementor-col-100 elementor-top-column elementor-element elementor-element-e34f9f4\" data-id=\"e34f9f4\" data-element_type=\"column\">\n\t\t\t<div class=\"elementor-widget-wrap elementor-element-populated\">\n\t\t\t\t\t\t<div class=\"elementor-element elementor-element-c643e86 elementor-widget elementor-widget-heading\" data-id=\"c643e86\" data-element_type=\"widget\" data-widget_type=\"heading.default\">\n\t\t\t\t<div class=\"elementor-widget-container\">\n\t\t\t\t\t<h2 class=\"elementor-heading-title elementor-size-default\">Un segundo mandato centrado en cuestiones sociales<\/h2>\t\t\t\t<\/div>\n\t\t\t\t<\/div>\n\t\t\t\t<section class=\"elementor-section elementor-inner-section elementor-element elementor-element-60335d8 elementor-section-boxed elementor-section-height-default elementor-section-height-default\" data-id=\"60335d8\" data-element_type=\"section\">\n\t\t\t\t\t\t<div class=\"elementor-container elementor-column-gap-default\">\n\t\t\t\t\t<div class=\"elementor-column elementor-col-100 elementor-inner-column elementor-element elementor-element-72f7c5e\" data-id=\"72f7c5e\" data-element_type=\"column\">\n\t\t\t<div class=\"elementor-widget-wrap elementor-element-populated\">\n\t\t\t\t\t\t<div class=\"elementor-element elementor-element-43879e8 elementor-widget elementor-widget-text-editor\" data-id=\"43879e8\" data-element_type=\"widget\" data-widget_type=\"text-editor.default\">\n\t\t\t\t<div class=\"elementor-widget-container\">\n\t\t\t\t\t\t\t\t\t<p><span style=\"font-weight: 400;\">En cuanto se confirmaron los resultados, Philip J Pierre estableci\u00f3 sus prioridades:<\/span><\/p>\n<ul>\n<li style=\"font-weight: 400;\" aria-level=\"1\"><span style=\"font-weight: 400;\">&#8211; introducci\u00f3n del subsidio de desempleo por primera vez en el pa\u00eds ;<\/span><\/li>\n<li style=\"font-weight: 400;\" aria-level=\"1\"><span style=\"font-weight: 400;\">&#8211; aumento de las ayudas a los estudiantes;<\/span><\/li>\n<li style=\"font-weight: 400;\" aria-level=\"1\"><span style=\"font-weight: 400;\">&#8211; inversi\u00f3n continuada en educaci\u00f3n ;<\/span><\/li>\n<li style=\"font-weight: 400;\" aria-level=\"1\"><span style=\"font-weight: 400;\">&#8211; mantener las medidas de ayuda a los pensionistas ;<\/span><\/li>\n<li style=\"font-weight: 400;\" aria-level=\"1\"><span style=\"font-weight: 400;\">&#8211; Gesti\u00f3n prudente de las finanzas p\u00fablicas.<\/span><\/li>\n<\/ul>\n<p><span style=\"font-weight: 400;\">El Primer Ministro confirm\u00f3 incluso que los funcionarios recibir\u00edan sus atrasos salariales antes de finales de 2025, un compromiso muy esperado por la administraci\u00f3n.<\/span><\/p>\t\t\t\t\t\t\t\t<\/div>\n\t\t\t\t<\/div>\n\t\t\t\t<div class=\"elementor-element elementor-element-9234df7 elementor-widget elementor-widget-text-editor\" data-id=\"9234df7\" data-element_type=\"widget\" data-widget_type=\"text-editor.default\">\n\t\t\t\t<div class=\"elementor-widget-container\">\n\t\t\t\t\t\t\t\t\t<p><span style=\"font-weight: 400;\">Estos anuncios demuestran que Philip J Pierre pretende situar el desarrollo humano en el centro de sus acciones. La fragilidad de la econom\u00eda de Santa Luc\u00eda, que depende en gran medida del turismo, hace que \u00e9sta sea una opci\u00f3n estrat\u00e9gica. Para una parte de la poblaci\u00f3n, las elecciones en Santa Luc\u00eda fueron una oportunidad para validar esta orientaci\u00f3n social.  <\/span><\/p>\t\t\t\t\t\t\t\t<\/div>\n\t\t\t\t<\/div>\n\t\t\t\t<div class=\"elementor-element elementor-element-380cf3b elementor-widget elementor-widget-image\" data-id=\"380cf3b\" data-element_type=\"widget\" data-widget_type=\"image.default\">\n\t\t\t\t<div class=\"elementor-widget-container\">\n\t\t\t\t\t\t\t\t\t\t\t\t<figure class=\"wp-caption\">\n\t\t\t\t\t\t\t\t\t\t<img loading=\"lazy\" decoding=\"async\" width=\"800\" height=\"450\" src=\"https:\/\/richeskarayib.com\/wp-content\/uploads\/2025\/12\/580503213_18185502601348464_6181139377787521729_n.jpg\" class=\"attachment-large size-large wp-image-66008\" alt=\"Philip J Pierre\" srcset=\"https:\/\/richeskarayib.com\/wp-content\/uploads\/2025\/12\/580503213_18185502601348464_6181139377787521729_n.jpg 900w, https:\/\/richeskarayib.com\/wp-content\/uploads\/2025\/12\/580503213_18185502601348464_6181139377787521729_n-300x169.jpg 300w, https:\/\/richeskarayib.com\/wp-content\/uploads\/2025\/12\/580503213_18185502601348464_6181139377787521729_n-768x432.jpg 768w\" sizes=\"(max-width: 800px) 100vw, 800px\" \/>\t\t\t\t\t\t\t\t\t\t\t<figcaption class=\"widget-image-caption wp-caption-text\">\u00a9Philip J.Pierre<\/figcaption>\n\t\t\t\t\t\t\t\t\t\t<\/figure>\n\t\t\t\t\t\t\t\t\t<\/div>\n\t\t\t\t<\/div>\n\t\t\t\t\t<\/div>\n\t\t<\/div>\n\t\t\t\t\t<\/div>\n\t\t<\/section>\n\t\t\t\t\t<\/div>\n\t\t<\/div>\n\t\t\t\t\t<\/div>\n\t\t<\/section>\n\t\t\t\t<section class=\"elementor-section elementor-top-section elementor-element elementor-element-f5709a6 elementor-section-boxed elementor-section-height-default elementor-section-height-default\" data-id=\"f5709a6\" data-element_type=\"section\">\n\t\t\t\t\t\t<div class=\"elementor-container elementor-column-gap-default\">\n\t\t\t\t\t<div class=\"elementor-column elementor-col-100 elementor-top-column elementor-element elementor-element-957be6f\" data-id=\"957be6f\" data-element_type=\"column\">\n\t\t\t<div class=\"elementor-widget-wrap elementor-element-populated\">\n\t\t\t\t\t\t<div class=\"elementor-element elementor-element-22c0a08 elementor-widget elementor-widget-heading\" data-id=\"22c0a08\" data-element_type=\"widget\" data-widget_type=\"heading.default\">\n\t\t\t\t<div class=\"elementor-widget-container\">\n\t\t\t\t\t<h2 class=\"elementor-heading-title elementor-size-default\">Los retos persisten a pesar de la victoria<\/h2>\t\t\t\t<\/div>\n\t\t\t\t<\/div>\n\t\t\t\t<div class=\"elementor-element elementor-element-953f6e4 elementor-widget elementor-widget-text-editor\" data-id=\"953f6e4\" data-element_type=\"widget\" data-widget_type=\"text-editor.default\">\n\t\t\t\t<div class=\"elementor-widget-container\">\n\t\t\t\t\t\t\t\t\t<p><span style=\"font-weight: 400;\">Uno de los hallazgos destacados durante las elecciones se refer\u00eda al censo electoral: 180.000 votantes registrados para 183.000 habitantes. Esta cifra apunta a la necesidad de posibles actualizaciones. El gobierno tendr\u00e1 que ponerse manos a la obra en esta revisi\u00f3n para que las futuras elecciones sean m\u00e1s fiables.  <\/span><\/p>\n<p><span style=\"font-weight: 400;\">Otro problema es la distancia que separa a los empleados del sector tur\u00edstico de sus colegios electorales. Sin voto por poderes, muchos empleados tienen que recorrer largas distancias para ejercer su derecho c\u00edvico. Esta dificultad, ya planteada durante las elecciones en Santa Luc\u00eda, podr\u00eda fomentar el debate sobre la accesibilidad electoral.  <\/span><\/p>\t\t\t\t\t\t\t\t<\/div>\n\t\t\t\t<\/div>\n\t\t\t\t\t<\/div>\n\t\t<\/div>\n\t\t\t\t\t<\/div>\n\t\t<\/section>\n\t\t\t\t<section class=\"elementor-section elementor-top-section elementor-element elementor-element-b06de5a elementor-section-boxed elementor-section-height-default elementor-section-height-default\" data-id=\"b06de5a\" data-element_type=\"section\">\n\t\t\t\t\t\t<div class=\"elementor-container elementor-column-gap-default\">\n\t\t\t\t\t<div class=\"elementor-column elementor-col-100 elementor-top-column elementor-element elementor-element-027e9eb\" data-id=\"027e9eb\" data-element_type=\"column\">\n\t\t\t<div class=\"elementor-widget-wrap elementor-element-populated\">\n\t\t\t\t\t\t<div class=\"elementor-element elementor-element-a116702 elementor-widget elementor-widget-heading\" data-id=\"a116702\" data-element_type=\"widget\" data-widget_type=\"heading.default\">\n\t\t\t\t<div class=\"elementor-widget-container\">\n\t\t\t\t\t<h2 class=\"elementor-heading-title elementor-size-default\">Una victoria que va m\u00e1s all\u00e1 de las fronteras de la isla<\/h2>\t\t\t\t<\/div>\n\t\t\t\t<\/div>\n\t\t\t\t<div class=\"elementor-element elementor-element-747733a elementor-widget elementor-widget-text-editor\" data-id=\"747733a\" data-element_type=\"widget\" data-widget_type=\"text-editor.default\">\n\t\t\t\t<div class=\"elementor-widget-container\">\n\t\t\t\t\t\t\t\t\t<p><span style=\"font-weight: 400;\">La reelecci\u00f3n de Philip J Pierre env\u00eda una fuerte se\u00f1al regional. En un Caribe donde las transiciones pol\u00edticas a veces pueden ser bruscas, la estabilidad de Lucian parece ser un punto de referencia. A escala de la CARICOM y la OECO, este nuevo mandato refuerza la idea de que un dirigente centrado en la prudencia econ\u00f3mica y social puede obtener un amplio apoyo.  <\/span><\/p>\t\t\t\t\t\t\t\t<\/div>\n\t\t\t\t<\/div>\n\t\t\t\t<div class=\"elementor-element elementor-element-20ce017 elementor-widget elementor-widget-text-editor\" data-id=\"20ce017\" data-element_type=\"widget\" data-widget_type=\"text-editor.default\">\n\t\t\t\t<div class=\"elementor-widget-container\">\n\t\t\t\t\t\t\t\t\t<p><span style=\"font-weight: 400;\">Esta continuidad ofrece a Santa Luc\u00eda una oportunidad:<\/span><\/p>\n<ul>\n<li style=\"font-weight: 400;\" aria-level=\"1\"><span style=\"font-weight: 400;\">&#8211; atraer m\u00e1s inversiones ;<\/span><\/li>\n<li style=\"font-weight: 400;\" aria-level=\"1\"><span style=\"font-weight: 400;\">&#8211; proseguir los proyectos de modernizaci\u00f3n ;<\/span><\/li>\n<li style=\"font-weight: 400;\" aria-level=\"1\"><span style=\"font-weight: 400;\">&#8211; consolidar los logros en materia de gobernanza ;<\/span><\/li>\n<li style=\"font-weight: 400;\" aria-level=\"1\"><span style=\"font-weight: 400;\">&#8211; reforzar la cooperaci\u00f3n regional.<\/span><\/li>\n<\/ul>\n<p><span style=\"font-weight: 400;\">En este contexto, la figura de Philip J Pierre se ha convertido en un elemento estrat\u00e9gico de la diplomacia caribe\u00f1a.<\/span><\/p>\t\t\t\t\t\t\t\t<\/div>\n\t\t\t\t<\/div>\n\t\t\t\t<div class=\"elementor-element elementor-element-0ea7133 elementor-widget elementor-widget-image\" data-id=\"0ea7133\" data-element_type=\"widget\" data-widget_type=\"image.default\">\n\t\t\t\t<div class=\"elementor-widget-container\">\n\t\t\t\t\t\t\t\t\t\t\t\t\t\t\t<img loading=\"lazy\" decoding=\"async\" width=\"800\" height=\"534\" src=\"https:\/\/richeskarayib.com\/wp-content\/uploads\/2025\/12\/590405313_18186920731348464_4212991108727668711_n-1024x683.jpg\" class=\"attachment-large size-large wp-image-66020\" alt=\"Philip J Pierre\" srcset=\"https:\/\/richeskarayib.com\/wp-content\/uploads\/2025\/12\/590405313_18186920731348464_4212991108727668711_n-1024x683.jpg 1024w, https:\/\/richeskarayib.com\/wp-content\/uploads\/2025\/12\/590405313_18186920731348464_4212991108727668711_n-300x200.jpg 300w, https:\/\/richeskarayib.com\/wp-content\/uploads\/2025\/12\/590405313_18186920731348464_4212991108727668711_n-768x512.jpg 768w, https:\/\/richeskarayib.com\/wp-content\/uploads\/2025\/12\/590405313_18186920731348464_4212991108727668711_n.jpg 1066w\" sizes=\"(max-width: 800px) 100vw, 800px\" \/>\t\t\t\t\t\t\t\t\t\t\t\t\t\t\t<\/div>\n\t\t\t\t<\/div>\n\t\t\t\t\t<\/div>\n\t\t<\/div>\n\t\t\t\t\t<\/div>\n\t\t<\/section>\n\t\t\t\t<section class=\"elementor-section elementor-top-section elementor-element elementor-element-71c200d elementor-section-boxed elementor-section-height-default elementor-section-height-default\" data-id=\"71c200d\" data-element_type=\"section\">\n\t\t\t\t\t\t<div class=\"elementor-container elementor-column-gap-default\">\n\t\t\t\t\t<div class=\"elementor-column elementor-col-100 elementor-top-column elementor-element elementor-element-3eb61ce\" data-id=\"3eb61ce\" data-element_type=\"column\">\n\t\t\t<div class=\"elementor-widget-wrap elementor-element-populated\">\n\t\t\t\t\t\t<div class=\"elementor-element elementor-element-eeb3af4 elementor-widget elementor-widget-heading\" data-id=\"eeb3af4\" data-element_type=\"widget\" data-widget_type=\"heading.default\">\n\t\t\t\t<div class=\"elementor-widget-container\">\n\t\t\t\t\t<h2 class=\"elementor-heading-title elementor-size-default\">Un nuevo cap\u00edtulo lleno de expectativas<\/h2>\t\t\t\t<\/div>\n\t\t\t\t<\/div>\n\t\t\t\t<div class=\"elementor-element elementor-element-7f3f4f5 elementor-widget elementor-widget-text-editor\" data-id=\"7f3f4f5\" data-element_type=\"widget\" data-widget_type=\"text-editor.default\">\n\t\t\t\t<div class=\"elementor-widget-container\">\n\t\t\t\t\t\t\t\t\t<p><span style=\"font-weight: 400;\">La victoria de Philip J Pierre, tras las elecciones de Santa Luc\u00eda, abre un periodo decisivo. Con una mayor\u00eda reforzada, aliados influyentes y una s\u00f3lida legitimidad pol\u00edtica, el Primer Ministro dispone ahora de los medios para transformar sus compromisos en acciones estructurales.   <\/span><span style=\"font-weight: 400;\">Los pr\u00f3ximos cinco a\u00f1os ser\u00e1n cruciales. Entre el desarrollo econ\u00f3mico, la justicia social y la estabilizaci\u00f3n financiera, Santa Luc\u00eda avanza hacia un ciclo crucial en su historia contempor\u00e1nea, un ciclo que Philip J Pierre se propone claramente dirigir. <\/span><\/p>\t\t\t\t\t\t\t\t<\/div>\n\t\t\t\t<\/div>\n\t\t\t\t<div class=\"elementor-element elementor-element-70599f0 elementor-widget elementor-widget-heading\" data-id=\"70599f0\" data-element_type=\"widget\" data-widget_type=\"heading.default\">\n\t\t\t\t<div class=\"elementor-widget-container\">\n\t\t\t\t\t<h2 class=\"elementor-heading-title elementor-size-default\">PREGUNTAS FRECUENTES<\/h2>\t\t\t\t<\/div>\n\t\t\t\t<\/div>\n\t\t\t\t<div class=\"elementor-element elementor-element-67c4753 elementor-widget elementor-widget-accordion\" data-id=\"67c4753\" data-element_type=\"widget\" data-widget_type=\"accordion.default\">\n\t\t\t\t<div class=\"elementor-widget-container\">\n\t\t\t\t\t\t\t<div class=\"elementor-accordion\">\n\t\t\t\t\t\t\t<div class=\"elementor-accordion-item\">\n\t\t\t\t\t<div id=\"elementor-tab-title-1081\" class=\"elementor-tab-title\" data-tab=\"1\" role=\"button\" aria-controls=\"elementor-tab-content-1081\" aria-expanded=\"false\">\n\t\t\t\t\t\t\t\t\t\t\t\t\t<span class=\"elementor-accordion-icon elementor-accordion-icon-left\" aria-hidden=\"true\">\n\t\t\t\t\t\t\t\t\t\t\t\t\t\t\t<span class=\"elementor-accordion-icon-closed\"><i class=\"fas fa-plus\"><\/i><\/span>\n\t\t\t\t\t\t\t\t<span class=\"elementor-accordion-icon-opened\"><i class=\"fas fa-minus\"><\/i><\/span>\n\t\t\t\t\t\t\t\t\t\t\t\t\t\t<\/span>\n\t\t\t\t\t\t\t\t\t\t\t\t<a class=\"elementor-accordion-title\" tabindex=\"0\">\u00bfQui\u00e9n es Philip J Pierre?<\/a>\n\t\t\t\t\t<\/div>\n\t\t\t\t\t<div id=\"elementor-tab-content-1081\" class=\"elementor-tab-content elementor-clearfix\" data-tab=\"1\" role=\"region\" aria-labelledby=\"elementor-tab-title-1081\"><p><span style=\"font-weight: 400;\">Philip J Pierre es el Primer Ministro de Santa Luc\u00eda, diputado por Castries Este desde 1997 y l\u00edder del Partido Laborista de Santa Luc\u00eda. Economista de formaci\u00f3n, fue reelegido en 2025 para un segundo mandato. <\/span><\/p>\n<\/div>\n\t\t\t\t<\/div>\n\t\t\t\t\t\t\t<div class=\"elementor-accordion-item\">\n\t\t\t\t\t<div id=\"elementor-tab-title-1082\" class=\"elementor-tab-title\" data-tab=\"2\" role=\"button\" aria-controls=\"elementor-tab-content-1082\" aria-expanded=\"false\">\n\t\t\t\t\t\t\t\t\t\t\t\t\t<span class=\"elementor-accordion-icon elementor-accordion-icon-left\" aria-hidden=\"true\">\n\t\t\t\t\t\t\t\t\t\t\t\t\t\t\t<span class=\"elementor-accordion-icon-closed\"><i class=\"fas fa-plus\"><\/i><\/span>\n\t\t\t\t\t\t\t\t<span class=\"elementor-accordion-icon-opened\"><i class=\"fas fa-minus\"><\/i><\/span>\n\t\t\t\t\t\t\t\t\t\t\t\t\t\t<\/span>\n\t\t\t\t\t\t\t\t\t\t\t\t<a class=\"elementor-accordion-title\" tabindex=\"0\">\u00bfCu\u00e1les son los principales proyectos para el segundo mandato de Philip J Pierre?<\/a>\n\t\t\t\t\t<\/div>\n\t\t\t\t\t<div id=\"elementor-tab-content-1082\" class=\"elementor-tab-content elementor-clearfix\" data-tab=\"2\" role=\"region\" aria-labelledby=\"elementor-tab-title-1082\"><p><span style=\"font-weight: 400;\">Su programa se centra en las reformas sociales: subsidio de desempleo, aumento de las ayudas a los estudiantes, inversi\u00f3n en educaci\u00f3n y gesti\u00f3n prudente de las finanzas p\u00fablicas.<\/span><\/p>\n<\/div>\n\t\t\t\t<\/div>\n\t\t\t\t\t\t\t<div class=\"elementor-accordion-item\">\n\t\t\t\t\t<div id=\"elementor-tab-title-1083\" class=\"elementor-tab-title\" data-tab=\"3\" role=\"button\" aria-controls=\"elementor-tab-content-1083\" aria-expanded=\"false\">\n\t\t\t\t\t\t\t\t\t\t\t\t\t<span class=\"elementor-accordion-icon elementor-accordion-icon-left\" aria-hidden=\"true\">\n\t\t\t\t\t\t\t\t\t\t\t\t\t\t\t<span class=\"elementor-accordion-icon-closed\"><i class=\"fas fa-plus\"><\/i><\/span>\n\t\t\t\t\t\t\t\t<span class=\"elementor-accordion-icon-opened\"><i class=\"fas fa-minus\"><\/i><\/span>\n\t\t\t\t\t\t\t\t\t\t\t\t\t\t<\/span>\n\t\t\t\t\t\t\t\t\t\t\t\t<a class=\"elementor-accordion-title\" tabindex=\"0\">  \u00bfPor qu\u00e9 las elecciones en Santa Luc\u00eda marcaron un punto de inflexi\u00f3n?<\/a>\n\t\t\t\t\t<\/div>\n\t\t\t\t\t<div id=\"elementor-tab-content-1083\" class=\"elementor-tab-content elementor-clearfix\" data-tab=\"3\" role=\"region\" aria-labelledby=\"elementor-tab-title-1083\"><p data-start=\"703\" data-end=\"1014\"><span style=\"font-weight: 400;\">Reforzaron la mayor\u00eda de la SLP, debilitaron a la oposici\u00f3n y confirmaron la confianza p\u00fablica en un modelo de estabilidad y continuidad pol\u00edtica.<\/span><\/p>\n<\/div>\n\t\t\t\t<\/div>\n\t\t\t\t\t\t\t\t<\/div>\n\t\t\t\t\t\t<\/div>\n\t\t\t\t<\/div>\n\t\t\t\t\t<\/div>\n\t\t<\/div>\n\t\t\t\t\t<\/div>\n\t\t<\/section>\n\t\t\t\t<\/div>\n\t\t","protected":false},"excerpt":{"rendered":"<p>Las elecciones de Santa Luc\u00eda arrojaron uno de los resultados m\u00e1s claros de la historia pol\u00edtica reciente de la isla: una victoria aplastante del Partido Laborista de Santa Luc\u00eda, dirigido por Philip J Pierre, que fue reelegido para un segundo mandato con 14 de los 17 esca\u00f1os. En un contexto en el que el electorado [&hellip;]<\/p>\n","protected":false},"author":662,"featured_media":65999,"comment_status":"open","ping_status":"open","sticky":false,"template":"","format":"standard","meta":{"_acf_changed":false,"footnotes":""},"categories":[839],"tags":[1594],"class_list":["post-66022","post","type-post","status-publish","format-standard","has-post-thumbnail","hentry","category-noticias","tag-sainte-lucie-es"],"acf":[],"_links":{"self":[{"href":"https:\/\/richeskarayib.com\/es\/wp-json\/wp\/v2\/posts\/66022","targetHints":{"allow":["GET"]}}],"collection":[{"href":"https:\/\/richeskarayib.com\/es\/wp-json\/wp\/v2\/posts"}],"about":[{"href":"https:\/\/richeskarayib.com\/es\/wp-json\/wp\/v2\/types\/post"}],"author":[{"embeddable":true,"href":"https:\/\/richeskarayib.com\/es\/wp-json\/wp\/v2\/users\/662"}],"replies":[{"embeddable":true,"href":"https:\/\/richeskarayib.com\/es\/wp-json\/wp\/v2\/comments?post=66022"}],"version-history":[{"count":0,"href":"https:\/\/richeskarayib.com\/es\/wp-json\/wp\/v2\/posts\/66022\/revisions"}],"wp:featuredmedia":[{"embeddable":true,"href":"https:\/\/richeskarayib.com\/es\/wp-json\/wp\/v2\/media\/65999"}],"wp:attachment":[{"href":"https:\/\/richeskarayib.com\/es\/wp-json\/wp\/v2\/media?parent=66022"}],"wp:term":[{"taxonomy":"category","embeddable":true,"href":"https:\/\/richeskarayib.com\/es\/wp-json\/wp\/v2\/categories?post=66022"},{"taxonomy":"post_tag","embeddable":true,"href":"https:\/\/richeskarayib.com\/es\/wp-json\/wp\/v2\/tags?post=66022"}],"curies":[{"name":"wp","href":"https:\/\/api.w.org\/{rel}","templated":true}]}}