{"id":66059,"date":"2025-12-03T13:36:19","date_gmt":"2025-12-03T17:36:19","guid":{"rendered":"https:\/\/richeskarayib.com\/furcy-ne-libre-una-pelicula-que-despierta-una-memoria-compartida-por-los-mundos-criollos\/"},"modified":"2025-12-15T01:28:41","modified_gmt":"2025-12-15T05:28:41","slug":"furcy-ne-libre-una-pelicula-que-despierta-una-memoria-compartida-por-los-mundos-criollos","status":"publish","type":"post","link":"https:\/\/richeskarayib.com\/es\/furcy-ne-libre-una-pelicula-que-despierta-una-memoria-compartida-por-los-mundos-criollos\/","title":{"rendered":"&#8220;Furcy, n\u00e9 libre&#8221;: una pel\u00edcula que despierta una memoria compartida por los mundos criollos"},"content":{"rendered":"\t\t<div data-elementor-type=\"wp-post\" data-elementor-id=\"66059\" class=\"elementor elementor-66059 elementor-66045\" data-elementor-post-type=\"post\">\n\t\t\t\t\t\t<section class=\"elementor-section elementor-top-section elementor-element elementor-element-7ca7ca1 elementor-section-boxed elementor-section-height-default elementor-section-height-default\" data-id=\"7ca7ca1\" data-element_type=\"section\">\n\t\t\t\t\t\t<div class=\"elementor-container elementor-column-gap-default\">\n\t\t\t\t\t<div class=\"elementor-column elementor-col-100 elementor-top-column elementor-element elementor-element-cbdd002\" data-id=\"cbdd002\" data-element_type=\"column\">\n\t\t\t<div class=\"elementor-widget-wrap elementor-element-populated\">\n\t\t\t\t\t\t<section class=\"elementor-section elementor-inner-section elementor-element elementor-element-bc94849 elementor-section-boxed elementor-section-height-default elementor-section-height-default\" data-id=\"bc94849\" data-element_type=\"section\">\n\t\t\t\t\t\t<div class=\"elementor-container elementor-column-gap-default\">\n\t\t\t\t\t\t<\/div>\n\t\t<\/section>\n\t\t\t\t<section class=\"elementor-section elementor-inner-section elementor-element elementor-element-61571e6 elementor-section-boxed elementor-section-height-default elementor-section-height-default\" data-id=\"61571e6\" data-element_type=\"section\">\n\t\t\t\t\t\t<div class=\"elementor-container elementor-column-gap-default\">\n\t\t\t\t\t\t<\/div>\n\t\t<\/section>\n\t\t\t\t<section class=\"elementor-section elementor-inner-section elementor-element elementor-element-b6262e0 elementor-section-boxed elementor-section-height-default elementor-section-height-default\" data-id=\"b6262e0\" data-element_type=\"section\">\n\t\t\t\t\t\t<div class=\"elementor-container elementor-column-gap-default\">\n\t\t\t\t\t\t<\/div>\n\t\t<\/section>\n\t\t\t\t<section class=\"elementor-section elementor-inner-section elementor-element elementor-element-cca29fd elementor-section-boxed elementor-section-height-default elementor-section-height-default\" data-id=\"cca29fd\" data-element_type=\"section\">\n\t\t\t\t\t\t<div class=\"elementor-container elementor-column-gap-default\">\n\t\t\t\t\t\t<\/div>\n\t\t<\/section>\n\t\t\t\t\t<\/div>\n\t\t<\/div>\n\t\t\t\t\t<\/div>\n\t\t<\/section>\n\t\t\t\t<section class=\"elementor-section elementor-top-section elementor-element elementor-element-ee72354 elementor-section-boxed elementor-section-height-default elementor-section-height-default\" data-id=\"ee72354\" data-element_type=\"section\">\n\t\t\t\t\t\t<div class=\"elementor-container elementor-column-gap-default\">\n\t\t\t\t\t<div class=\"elementor-column elementor-col-100 elementor-top-column elementor-element elementor-element-c59d6fe\" data-id=\"c59d6fe\" data-element_type=\"column\">\n\t\t\t<div class=\"elementor-widget-wrap elementor-element-populated\">\n\t\t\t\t\t\t<div class=\"elementor-element elementor-element-e57451f elementor-widget elementor-widget-text-editor\" data-id=\"e57451f\" data-element_type=\"widget\" data-widget_type=\"text-editor.default\">\n\t\t\t\t<div class=\"elementor-widget-container\">\n\t\t\t\t\t\t\t\t\t<p><span style=\"font-weight: 400;\">El 12 de diciembre se estrenar\u00e1 en Guadalupe y Martinica <a href=\"https:\/\/caraibcreolenews.com\/furcy-ne-libre-abd-al-malik-histoire-dun-esclave-devenu-symbole-de-justice\/\" target=\"_blank\" rel=\"noopener nofollow\">&#8220;Furcy, n\u00e9 libre&#8221;,<\/a> el nuevo largometraje de Abd Al Malik. A primera vista, esta historia tiene lugar lejos del Caribe, en la isla de Reuni\u00f3n. Pero, en realidad, la historia revela una parte esencial de la historia compartida de los territorios de ultramar: la de un sistema colonial id\u00e9ntico, una justicia desigual y una lucha individual que se hace eco de las experiencias del Caribe.<\/span><\/p>\t\t\t\t\t\t\t\t<\/div>\n\t\t\t\t<\/div>\n\t\t\t\t\t<\/div>\n\t\t<\/div>\n\t\t\t\t\t<\/div>\n\t\t<\/section>\n\t\t\t\t<section class=\"elementor-section elementor-top-section elementor-element elementor-element-ceca32c elementor-section-boxed elementor-section-height-default elementor-section-height-default\" data-id=\"ceca32c\" data-element_type=\"section\">\n\t\t\t\t\t\t<div class=\"elementor-container elementor-column-gap-default\">\n\t\t\t\t\t<div class=\"elementor-column elementor-col-100 elementor-top-column elementor-element elementor-element-5a2e383\" data-id=\"5a2e383\" data-element_type=\"column\">\n\t\t\t<div class=\"elementor-widget-wrap elementor-element-populated\">\n\t\t\t\t\t\t<div class=\"elementor-element elementor-element-6cedf5f elementor-widget elementor-widget-heading\" data-id=\"6cedf5f\" data-element_type=\"widget\" data-widget_type=\"heading.default\">\n\t\t\t\t<div class=\"elementor-widget-container\">\n\t\t\t\t\t<h2 class=\"elementor-heading-title elementor-size-default\">Una historia de La Reuni\u00f3n que tambi\u00e9n habla de las Antillas<\/h2>\t\t\t\t<\/div>\n\t\t\t\t<\/div>\n\t\t\t\t<section class=\"elementor-section elementor-inner-section elementor-element elementor-element-190fb1b elementor-section-boxed elementor-section-height-default elementor-section-height-default\" data-id=\"190fb1b\" data-element_type=\"section\">\n\t\t\t\t\t\t<div class=\"elementor-container elementor-column-gap-default\">\n\t\t\t\t\t<div class=\"elementor-column elementor-col-50 elementor-inner-column elementor-element elementor-element-4d6605f\" data-id=\"4d6605f\" data-element_type=\"column\">\n\t\t\t<div class=\"elementor-widget-wrap elementor-element-populated\">\n\t\t\t\t\t\t<div class=\"elementor-element elementor-element-e93d1fb elementor-widget elementor-widget-text-editor\" data-id=\"e93d1fb\" data-element_type=\"widget\" data-widget_type=\"text-editor.default\">\n\t\t\t\t<div class=\"elementor-widget-container\">\n\t\t\t\t\t\t\t\t\t<p> <\/p><p><span style=\"font-weight: 400;\">Adaptado del libro de Mohammed A\u00efssaoui &#8220;<\/span><span style=\"font-weight: 400;\">El caso del esclavo Furcy<\/span><span style=\"font-weight: 400;\">la pel\u00edcula sigue la batalla legal emprendida por Furcy, un hombre que fue esclavizado cuando deber\u00eda haber sido libre.<\/span><\/p><p><span style=\"font-weight: 400;\">  Este caso, juzgado a principios del siglo XIX, se basa en normas jur\u00eddicas derivadas del mismo marco jur\u00eddico que estructuraba las sociedades esclavistas de Martinica, Guadalupe y Guayana Francesa.<\/span><\/p><p><span style=\"font-weight: 400;\">La transmisi\u00f3n del estatus por la madre, el C\u00f3digo Negro, la imposibilidad para los esclavizados de emprender acciones legales: todas estas realidades eran las mismas en el Caribe.  <\/span><\/p><p><span style=\"font-weight: 400;\">De este modo, la historia, aunque geogr\u00e1ficamente remota, forma parte del gran tejido com\u00fan del mundo colonial franc\u00e9s.<\/span><\/p>\t\t\t\t\t\t\t\t<\/div>\n\t\t\t\t<\/div>\n\t\t\t\t<div class=\"elementor-element elementor-element-27dea24 elementor-widget elementor-widget-image\" data-id=\"27dea24\" data-element_type=\"widget\" data-widget_type=\"image.default\">\n\t\t\t\t<div class=\"elementor-widget-container\">\n\t\t\t\t\t\t\t\t\t\t\t\t\t\t\t<img fetchpriority=\"high\" decoding=\"async\" width=\"800\" height=\"370\" src=\"https:\/\/richeskarayib.com\/wp-content\/uploads\/2025\/12\/4-1024x473.jpeg\" class=\"attachment-large size-large wp-image-66683\" alt=\"Furcy\" srcset=\"https:\/\/richeskarayib.com\/wp-content\/uploads\/2025\/12\/4-1024x473.jpeg 1024w, https:\/\/richeskarayib.com\/wp-content\/uploads\/2025\/12\/4-300x139.jpeg 300w, https:\/\/richeskarayib.com\/wp-content\/uploads\/2025\/12\/4-768x355.jpeg 768w, https:\/\/richeskarayib.com\/wp-content\/uploads\/2025\/12\/4-1536x709.jpeg 1536w, https:\/\/richeskarayib.com\/wp-content\/uploads\/2025\/12\/4-1320x610.jpeg 1320w, https:\/\/richeskarayib.com\/wp-content\/uploads\/2025\/12\/4.jpeg 1600w\" sizes=\"(max-width: 800px) 100vw, 800px\" \/>\t\t\t\t\t\t\t\t\t\t\t\t\t\t\t<\/div>\n\t\t\t\t<\/div>\n\t\t\t\t\t<\/div>\n\t\t<\/div>\n\t\t\t\t<div class=\"elementor-column elementor-col-50 elementor-inner-column elementor-element elementor-element-7f18d1b\" data-id=\"7f18d1b\" data-element_type=\"column\">\n\t\t\t<div class=\"elementor-widget-wrap elementor-element-populated\">\n\t\t\t\t\t\t<div class=\"elementor-element elementor-element-8a78f24 elementor-widget__width-initial elementor-widget elementor-widget-image\" data-id=\"8a78f24\" data-element_type=\"widget\" data-widget_type=\"image.default\">\n\t\t\t\t<div class=\"elementor-widget-container\">\n\t\t\t\t\t\t\t\t\t\t\t\t<figure class=\"wp-caption\">\n\t\t\t\t\t\t\t\t\t\t<img decoding=\"async\" width=\"768\" height=\"1024\" src=\"https:\/\/richeskarayib.com\/wp-content\/uploads\/2025\/12\/\u00a9allocine-768x1024.webp\" class=\"attachment-large size-large wp-image-66053\" alt=\"Furcy\" srcset=\"https:\/\/richeskarayib.com\/wp-content\/uploads\/2025\/12\/\u00a9allocine-768x1024.webp 768w, https:\/\/richeskarayib.com\/wp-content\/uploads\/2025\/12\/\u00a9allocine-225x300.webp 225w, https:\/\/richeskarayib.com\/wp-content\/uploads\/2025\/12\/\u00a9allocine.webp 810w\" sizes=\"(max-width: 768px) 100vw, 768px\" \/>\t\t\t\t\t\t\t\t\t\t\t<figcaption class=\"widget-image-caption wp-caption-text\">\u00a9allocine<\/figcaption>\n\t\t\t\t\t\t\t\t\t\t<\/figure>\n\t\t\t\t\t\t\t\t\t<\/div>\n\t\t\t\t<\/div>\n\t\t\t\t\t<\/div>\n\t\t<\/div>\n\t\t\t\t\t<\/div>\n\t\t<\/section>\n\t\t\t\t\t<\/div>\n\t\t<\/div>\n\t\t\t\t\t<\/div>\n\t\t<\/section>\n\t\t\t\t<section class=\"elementor-section elementor-top-section elementor-element elementor-element-9c88a89 elementor-section-boxed elementor-section-height-default elementor-section-height-default\" data-id=\"9c88a89\" data-element_type=\"section\">\n\t\t\t\t\t\t<div class=\"elementor-container elementor-column-gap-default\">\n\t\t\t\t\t<div class=\"elementor-column elementor-col-100 elementor-top-column elementor-element elementor-element-78cf5d1\" data-id=\"78cf5d1\" data-element_type=\"column\">\n\t\t\t<div class=\"elementor-widget-wrap elementor-element-populated\">\n\t\t\t\t\t\t<div class=\"elementor-element elementor-element-ea2a5c1 elementor-widget elementor-widget-heading\" data-id=\"ea2a5c1\" data-element_type=\"widget\" data-widget_type=\"heading.default\">\n\t\t\t\t<div class=\"elementor-widget-container\">\n\t\t\t\t\t<h2 class=\"elementor-heading-title elementor-size-default\">Una profunda resonancia con la memoria caribe\u00f1a<\/h2>\t\t\t\t<\/div>\n\t\t\t\t<\/div>\n\t\t\t\t<div class=\"elementor-element elementor-element-e305eee elementor-widget elementor-widget-text-editor\" data-id=\"e305eee\" data-element_type=\"widget\" data-widget_type=\"text-editor.default\">\n\t\t\t\t<div class=\"elementor-widget-container\">\n\t\t\t\t\t\t\t\t\t<p><span style=\"font-weight: 400;\">La pel\u00edcula es especialmente esperada en <a href=\"https:\/\/richeskarayib.com\/es\/zouk-un-viaje-musical-de-las-antillas-al-resto-del-mundo\/\" target=\"_blank\" rel=\"noopener\">las Antillas francesas<\/a> porque su tema habla directamente de los recuerdos locales. En las islas del Caribe, los archivos tambi\u00e9n revelan casos de hombres y mujeres que intentaron utilizar la ley para defender sus derechos, a veces arriesgando sus vidas. Estas luchas a menudo pasan desapercibidas, aunque dieron forma a la sociedad posterior a la esclavitud.<\/span><\/p><p><span style=\"font-weight: 400;\">As\u00ed pues, la pel\u00edcula llega a un territorio donde las cuestiones de justicia, derecho, reconocimiento y legado colonial siguen impregnando la vida social, cultural y pol\u00edtica. La pel\u00edcula hace algo m\u00e1s que contar una historia antigua: reabre cuestiones contempor\u00e1neas que siguen siendo delicadas en el Caribe. <\/span><\/p>\t\t\t\t\t\t\t\t<\/div>\n\t\t\t\t<\/div>\n\t\t\t\t\t<\/div>\n\t\t<\/div>\n\t\t\t\t\t<\/div>\n\t\t<\/section>\n\t\t\t\t<section class=\"elementor-section elementor-top-section elementor-element elementor-element-103aced elementor-section-boxed elementor-section-height-default elementor-section-height-default\" data-id=\"103aced\" data-element_type=\"section\">\n\t\t\t\t\t\t<div class=\"elementor-container elementor-column-gap-default\">\n\t\t\t\t\t<div class=\"elementor-column elementor-col-100 elementor-top-column elementor-element elementor-element-e34f9f4\" data-id=\"e34f9f4\" data-element_type=\"column\">\n\t\t\t<div class=\"elementor-widget-wrap elementor-element-populated\">\n\t\t\t\t\t\t<div class=\"elementor-element elementor-element-c643e86 elementor-widget elementor-widget-heading\" data-id=\"c643e86\" data-element_type=\"widget\" data-widget_type=\"heading.default\">\n\t\t\t\t<div class=\"elementor-widget-container\">\n\t\t\t\t\t<h2 class=\"elementor-heading-title elementor-size-default\">Reparto y direcci\u00f3n al servicio de una memoria compartida<\/h2>\t\t\t\t<\/div>\n\t\t\t\t<\/div>\n\t\t\t\t<section class=\"elementor-section elementor-inner-section elementor-element elementor-element-60335d8 elementor-section-boxed elementor-section-height-default elementor-section-height-default\" data-id=\"60335d8\" data-element_type=\"section\">\n\t\t\t\t\t\t<div class=\"elementor-container elementor-column-gap-default\">\n\t\t\t\t\t<div class=\"elementor-column elementor-col-100 elementor-inner-column elementor-element elementor-element-72f7c5e\" data-id=\"72f7c5e\" data-element_type=\"column\">\n\t\t\t<div class=\"elementor-widget-wrap elementor-element-populated\">\n\t\t\t\t\t\t<div class=\"elementor-element elementor-element-43879e8 elementor-widget elementor-widget-text-editor\" data-id=\"43879e8\" data-element_type=\"widget\" data-widget_type=\"text-editor.default\">\n\t\t\t\t<div class=\"elementor-widget-container\">\n\t\t\t\t\t\t\t\t\t<p><span style=\"font-weight: 400;\">Makita Samba interpreta a <a href=\"https:\/\/www.allocine.fr\/film\/fichefilm-292718\/photos\/detail\/?cmediafile=22070012\" target=\"_blank\" rel=\"noopener nofollow\">Furcy<\/a> con contenci\u00f3n e intensidad, rodeada de actores como Romain Duris, Ana Girardot y Vincent Macaigne. Parte del rodaje tuvo lugar en La Reuni\u00f3n, anclando la historia en una geograf\u00eda cuya estructura social y paisaje recuerdan a las zonas criollas del Caribe.<\/span><\/p><p><span style=\"font-weight: 400;\">La direcci\u00f3n de Abd Al Malik se distingue por una firme elecci\u00f3n: no convertir la historia en un fresco espectacular, sino reconstruirla con sobriedad, dejando que la justicia, la palabra hablada y el valor gu\u00eden la narraci\u00f3n. Este planteamiento est\u00e1 muy en consonancia con los enfoques caribe\u00f1os de la memoria, en los que el trabajo hist\u00f3rico suele basarse en relatos \u00edntimos para arrojar luz sobre grandes cuestiones colectivas. <\/span><\/p>\t\t\t\t\t\t\t\t<\/div>\n\t\t\t\t<\/div>\n\t\t\t\t\t<\/div>\n\t\t<\/div>\n\t\t\t\t\t<\/div>\n\t\t<\/section>\n\t\t\t\t<section class=\"elementor-section elementor-inner-section elementor-element elementor-element-c212707 elementor-section-boxed elementor-section-height-default elementor-section-height-default\" data-id=\"c212707\" data-element_type=\"section\">\n\t\t\t\t\t\t<div class=\"elementor-container elementor-column-gap-default\">\n\t\t\t\t\t<div class=\"elementor-column elementor-col-100 elementor-inner-column elementor-element elementor-element-cd0aa25\" data-id=\"cd0aa25\" data-element_type=\"column\">\n\t\t\t<div class=\"elementor-widget-wrap elementor-element-populated\">\n\t\t\t\t\t\t<div class=\"elementor-element elementor-element-5152f8f elementor-widget elementor-widget-image\" data-id=\"5152f8f\" data-element_type=\"widget\" data-widget_type=\"image.default\">\n\t\t\t\t<div class=\"elementor-widget-container\">\n\t\t\t\t\t\t\t\t\t\t\t\t\t\t\t<img decoding=\"async\" width=\"768\" height=\"1024\" src=\"https:\/\/richeskarayib.com\/wp-content\/uploads\/2025\/12\/593462831_3790995584378130_6686555813409630666_n-768x1024.jpg\" class=\"attachment-large size-large wp-image-66057\" alt=\"Furcy\" srcset=\"https:\/\/richeskarayib.com\/wp-content\/uploads\/2025\/12\/593462831_3790995584378130_6686555813409630666_n-768x1024.jpg 768w, https:\/\/richeskarayib.com\/wp-content\/uploads\/2025\/12\/593462831_3790995584378130_6686555813409630666_n-225x300.jpg 225w, https:\/\/richeskarayib.com\/wp-content\/uploads\/2025\/12\/593462831_3790995584378130_6686555813409630666_n-1152x1536.jpg 1152w, https:\/\/richeskarayib.com\/wp-content\/uploads\/2025\/12\/593462831_3790995584378130_6686555813409630666_n.jpg 1200w\" sizes=\"(max-width: 768px) 100vw, 768px\" \/>\t\t\t\t\t\t\t\t\t\t\t\t\t\t\t<\/div>\n\t\t\t\t<\/div>\n\t\t\t\t\t<\/div>\n\t\t<\/div>\n\t\t\t\t\t<\/div>\n\t\t<\/section>\n\t\t\t\t\t<\/div>\n\t\t<\/div>\n\t\t\t\t\t<\/div>\n\t\t<\/section>\n\t\t\t\t<section class=\"elementor-section elementor-top-section elementor-element elementor-element-f5709a6 elementor-section-boxed elementor-section-height-default elementor-section-height-default\" data-id=\"f5709a6\" data-element_type=\"section\">\n\t\t\t\t\t\t<div class=\"elementor-container elementor-column-gap-default\">\n\t\t\t\t\t<div class=\"elementor-column elementor-col-100 elementor-top-column elementor-element elementor-element-957be6f\" data-id=\"957be6f\" data-element_type=\"column\">\n\t\t\t<div class=\"elementor-widget-wrap elementor-element-populated\">\n\t\t\t\t\t\t<div class=\"elementor-element elementor-element-22c0a08 elementor-widget elementor-widget-heading\" data-id=\"22c0a08\" data-element_type=\"widget\" data-widget_type=\"heading.default\">\n\t\t\t\t<div class=\"elementor-widget-container\">\n\t\t\t\t\t<h2 class=\"elementor-heading-title elementor-size-default\">\u00bfPor qu\u00e9 es importante esta pel\u00edcula para el Caribe de hoy?<\/h2>\t\t\t\t<\/div>\n\t\t\t\t<\/div>\n\t\t\t\t<div class=\"elementor-element elementor-element-953f6e4 elementor-widget elementor-widget-text-editor\" data-id=\"953f6e4\" data-element_type=\"widget\" data-widget_type=\"text-editor.default\">\n\t\t\t\t<div class=\"elementor-widget-container\">\n\t\t\t\t\t\t\t\t\t<p><span style=\"font-weight: 400;\">En un contexto mundial marcado por los debates sobre el legado colonial, las reparaciones, las desigualdades persistentes y la representaci\u00f3n de las trayectorias negras, la pel\u00edcula llega en un momento en que el Caribe participa activamente en estas reflexiones. Ya sea en Guadalupe, Martinica, Hait\u00ed o las islas angl\u00f3fonas, las sociedades caribe\u00f1as ya est\u00e1n explorando los mismos temas: justicia hist\u00f3rica, reconocimiento, dignidad y reparaci\u00f3n simb\u00f3lica. <\/span><\/p>\t\t\t\t\t\t\t\t<\/div>\n\t\t\t\t<\/div>\n\t\t\t\t<div class=\"elementor-element elementor-element-bb9b5c0 elementor-widget elementor-widget-text-editor\" data-id=\"bb9b5c0\" data-element_type=\"widget\" data-widget_type=\"text-editor.default\">\n\t\t\t\t<div class=\"elementor-widget-container\">\n\t\t\t\t\t\t\t\t\t<p><span style=\"font-weight: 400;\">As\u00ed que la pel\u00edcula no trata s\u00f3lo del pasado. Trata de   <\/span>nuestros recuerdos<span style=\"font-weight: 400;\">Trata de nuestros territorios, nuestras familias y la forma en que las narrativas coloniales siguen influyendo en la imaginaci\u00f3n contempor\u00e1nea. A trav\u00e9s de \u00e9l, se expresa una pregunta universal: \u00bfc\u00f3mo puede un individuo oponerse a la injusticia cuando est\u00e1 arraigada en todo un sistema? <\/span><\/p>\t\t\t\t\t\t\t\t<\/div>\n\t\t\t\t<\/div>\n\t\t\t\t<div class=\"elementor-element elementor-element-b828d09 elementor-widget elementor-widget-video\" data-id=\"b828d09\" data-element_type=\"widget\" data-settings=\"{&quot;youtube_url&quot;:&quot;https:\\\/\\\/www.youtube.com\\\/watch?v=pjqHa93u-DA&amp;t=90s&quot;,&quot;video_type&quot;:&quot;youtube&quot;,&quot;controls&quot;:&quot;yes&quot;}\" data-widget_type=\"video.default\">\n\t\t\t\t<div class=\"elementor-widget-container\">\n\t\t\t\t\t\t\t<div class=\"elementor-wrapper elementor-open-inline\">\n\t\t\t<div class=\"elementor-video\"><\/div>\t\t<\/div>\n\t\t\t\t\t\t<\/div>\n\t\t\t\t<\/div>\n\t\t\t\t\t<\/div>\n\t\t<\/div>\n\t\t\t\t\t<\/div>\n\t\t<\/section>\n\t\t\t\t<section class=\"elementor-section elementor-top-section elementor-element elementor-element-b06de5a elementor-section-boxed elementor-section-height-default elementor-section-height-default\" data-id=\"b06de5a\" data-element_type=\"section\">\n\t\t\t\t\t\t<div class=\"elementor-container elementor-column-gap-default\">\n\t\t\t\t\t<div class=\"elementor-column elementor-col-100 elementor-top-column elementor-element elementor-element-027e9eb\" data-id=\"027e9eb\" data-element_type=\"column\">\n\t\t\t<div class=\"elementor-widget-wrap elementor-element-populated\">\n\t\t\t\t\t\t<div class=\"elementor-element elementor-element-a116702 elementor-widget elementor-widget-heading\" data-id=\"a116702\" data-element_type=\"widget\" data-widget_type=\"heading.default\">\n\t\t\t\t<div class=\"elementor-widget-container\">\n\t\t\t\t\t<h2 class=\"elementor-heading-title elementor-size-default\">Un gran acontecimiento para el Caribe y para Francia<\/h2>\t\t\t\t<\/div>\n\t\t\t\t<\/div>\n\t\t\t\t<div class=\"elementor-element elementor-element-747733a elementor-widget elementor-widget-text-editor\" data-id=\"747733a\" data-element_type=\"widget\" data-widget_type=\"text-editor.default\">\n\t\t\t\t<div class=\"elementor-widget-container\">\n\t\t\t\t\t\t\t\t\t<p><span style=\"font-weight: 400;\">Al elegir estrenar la pel\u00edcula primero en <a href=\"https:\/\/richeskarayib.com\/es\/fototras-2025-guadalupe-celebra-la-fotografia-de-autor-bajo-el-signo-de-la-metamorfosis\/\" target=\"_blank\" rel=\"noopener\">Guadalupe<\/a> y Martinica, y luego en la Francia continental, los distribuidores est\u00e1n reconociendo la legitimidad del p\u00fablico caribe\u00f1o en esta historia. Porque &#8220;Furcy, Nacida Libre&#8221; no es s\u00f3lo una pel\u00edcula hist\u00f3rica:<\/span><span style=\"font-weight: 400;\"><br><\/span><span style=\"font-weight: 400;\"> Es un espejo, un espacio compartido donde las memorias de los territorios franceses de ultramar se cruzan, se responden y se comprenden.<\/span><\/p>\t\t\t\t\t\t\t\t<\/div>\n\t\t\t\t<\/div>\n\t\t\t\t<div class=\"elementor-element elementor-element-20ce017 elementor-widget elementor-widget-text-editor\" data-id=\"20ce017\" data-element_type=\"widget\" data-widget_type=\"text-editor.default\">\n\t\t\t\t<div class=\"elementor-widget-container\">\n\t\t\t\t\t\t\t\t\t<p><span style=\"font-weight: 400;\">En una regi\u00f3n donde las historias de resistencia, aguante y dignidad forman una poderosa identidad, la historia de Furcy ocupa un lugar natural. Es un recordatorio de que, desde las Islas Mascare\u00f1as hasta el Caribe, la lucha por la libertad ha sido durante mucho tiempo m\u00faltiple, silenciosa, pero profundamente entrelazada. <\/span><\/p>\t\t\t\t\t\t\t\t<\/div>\n\t\t\t\t<\/div>\n\t\t\t\t<section class=\"elementor-section elementor-inner-section elementor-element elementor-element-1124123 elementor-section-boxed elementor-section-height-default elementor-section-height-default\" data-id=\"1124123\" data-element_type=\"section\">\n\t\t\t\t\t\t<div class=\"elementor-container elementor-column-gap-default\">\n\t\t\t\t\t<div class=\"elementor-column elementor-col-50 elementor-inner-column elementor-element elementor-element-d2df6b4\" data-id=\"d2df6b4\" data-element_type=\"column\">\n\t\t\t<div class=\"elementor-widget-wrap elementor-element-populated\">\n\t\t\t\t\t\t<div class=\"elementor-element elementor-element-24d7dac elementor-widget elementor-widget-image\" data-id=\"24d7dac\" data-element_type=\"widget\" data-widget_type=\"image.default\">\n\t\t\t\t<div class=\"elementor-widget-container\">\n\t\t\t\t\t\t\t\t\t\t\t\t\t\t\t<img loading=\"lazy\" decoding=\"async\" width=\"800\" height=\"370\" src=\"https:\/\/richeskarayib.com\/wp-content\/uploads\/2025\/12\/22-1024x473.jpeg\" class=\"attachment-large size-large wp-image-66671\" alt=\"Furcy\" srcset=\"https:\/\/richeskarayib.com\/wp-content\/uploads\/2025\/12\/22-1024x473.jpeg 1024w, https:\/\/richeskarayib.com\/wp-content\/uploads\/2025\/12\/22-300x139.jpeg 300w, https:\/\/richeskarayib.com\/wp-content\/uploads\/2025\/12\/22-768x355.jpeg 768w, https:\/\/richeskarayib.com\/wp-content\/uploads\/2025\/12\/22-1536x709.jpeg 1536w, https:\/\/richeskarayib.com\/wp-content\/uploads\/2025\/12\/22-1320x610.jpeg 1320w, https:\/\/richeskarayib.com\/wp-content\/uploads\/2025\/12\/22.jpeg 1600w\" sizes=\"(max-width: 800px) 100vw, 800px\" \/>\t\t\t\t\t\t\t\t\t\t\t\t\t\t\t<\/div>\n\t\t\t\t<\/div>\n\t\t\t\t\t<\/div>\n\t\t<\/div>\n\t\t\t\t<div class=\"elementor-column elementor-col-50 elementor-inner-column elementor-element elementor-element-d467578\" data-id=\"d467578\" data-element_type=\"column\">\n\t\t\t<div class=\"elementor-widget-wrap elementor-element-populated\">\n\t\t\t\t\t\t<div class=\"elementor-element elementor-element-9646364 elementor-widget elementor-widget-image\" data-id=\"9646364\" data-element_type=\"widget\" data-widget_type=\"image.default\">\n\t\t\t\t<div class=\"elementor-widget-container\">\n\t\t\t\t\t\t\t\t\t\t\t\t\t\t\t<img loading=\"lazy\" decoding=\"async\" width=\"800\" height=\"370\" src=\"https:\/\/richeskarayib.com\/wp-content\/uploads\/2025\/12\/WhatsApp-Image-2025-12-14-at-18.09.58-1024x473.jpeg\" class=\"attachment-large size-large wp-image-66679\" alt=\"Furcy\" srcset=\"https:\/\/richeskarayib.com\/wp-content\/uploads\/2025\/12\/WhatsApp-Image-2025-12-14-at-18.09.58-1024x473.jpeg 1024w, https:\/\/richeskarayib.com\/wp-content\/uploads\/2025\/12\/WhatsApp-Image-2025-12-14-at-18.09.58-300x139.jpeg 300w, https:\/\/richeskarayib.com\/wp-content\/uploads\/2025\/12\/WhatsApp-Image-2025-12-14-at-18.09.58-768x355.jpeg 768w, https:\/\/richeskarayib.com\/wp-content\/uploads\/2025\/12\/WhatsApp-Image-2025-12-14-at-18.09.58-1536x709.jpeg 1536w, https:\/\/richeskarayib.com\/wp-content\/uploads\/2025\/12\/WhatsApp-Image-2025-12-14-at-18.09.58-1320x610.jpeg 1320w, https:\/\/richeskarayib.com\/wp-content\/uploads\/2025\/12\/WhatsApp-Image-2025-12-14-at-18.09.58.jpeg 1600w\" sizes=\"(max-width: 800px) 100vw, 800px\" \/>\t\t\t\t\t\t\t\t\t\t\t\t\t\t\t<\/div>\n\t\t\t\t<\/div>\n\t\t\t\t\t<\/div>\n\t\t<\/div>\n\t\t\t\t\t<\/div>\n\t\t<\/section>\n\t\t\t\t\t<\/div>\n\t\t<\/div>\n\t\t\t\t\t<\/div>\n\t\t<\/section>\n\t\t\t\t<section class=\"elementor-section elementor-top-section elementor-element elementor-element-71c200d elementor-section-boxed elementor-section-height-default elementor-section-height-default\" data-id=\"71c200d\" data-element_type=\"section\">\n\t\t\t\t\t\t<div class=\"elementor-container elementor-column-gap-default\">\n\t\t\t\t\t<div class=\"elementor-column elementor-col-100 elementor-top-column elementor-element elementor-element-3eb61ce\" data-id=\"3eb61ce\" data-element_type=\"column\">\n\t\t\t<div class=\"elementor-widget-wrap elementor-element-populated\">\n\t\t\t\t\t\t<div class=\"elementor-element elementor-element-70599f0 elementor-widget elementor-widget-heading\" data-id=\"70599f0\" data-element_type=\"widget\" data-widget_type=\"heading.default\">\n\t\t\t\t<div class=\"elementor-widget-container\">\n\t\t\t\t\t<h2 class=\"elementor-heading-title elementor-size-default\">PREGUNTAS FRECUENTES<\/h2>\t\t\t\t<\/div>\n\t\t\t\t<\/div>\n\t\t\t\t<div class=\"elementor-element elementor-element-67c4753 elementor-widget elementor-widget-accordion\" data-id=\"67c4753\" data-element_type=\"widget\" data-widget_type=\"accordion.default\">\n\t\t\t\t<div class=\"elementor-widget-container\">\n\t\t\t\t\t\t\t<div class=\"elementor-accordion\">\n\t\t\t\t\t\t\t<div class=\"elementor-accordion-item\">\n\t\t\t\t\t<div id=\"elementor-tab-title-1081\" class=\"elementor-tab-title\" data-tab=\"1\" role=\"button\" aria-controls=\"elementor-tab-content-1081\" aria-expanded=\"false\">\n\t\t\t\t\t\t\t\t\t\t\t\t\t<span class=\"elementor-accordion-icon elementor-accordion-icon-left\" aria-hidden=\"true\">\n\t\t\t\t\t\t\t\t\t\t\t\t\t\t\t<span class=\"elementor-accordion-icon-closed\"><i class=\"fas fa-plus\"><\/i><\/span>\n\t\t\t\t\t\t\t\t<span class=\"elementor-accordion-icon-opened\"><i class=\"fas fa-minus\"><\/i><\/span>\n\t\t\t\t\t\t\t\t\t\t\t\t\t\t<\/span>\n\t\t\t\t\t\t\t\t\t\t\t\t<a class=\"elementor-accordion-title\" tabindex=\"0\">\u00bfPor qu\u00e9 \"Furcy, nacido libre\" est\u00e1 vinculado a la historia del Caribe?<\/a>\n\t\t\t\t\t<\/div>\n\t\t\t\t\t<div id=\"elementor-tab-content-1081\" class=\"elementor-tab-content elementor-clearfix\" data-tab=\"1\" role=\"region\" aria-labelledby=\"elementor-tab-title-1081\"><p data-start=\"566\" data-end=\"853\">Porque la pel\u00edcula cuenta la historia de una batalla legal dentro del mismo sistema colonial y jur\u00eddico que estructur\u00f3 las sociedades esclavistas de Guadalupe, Martinica y la Guayana Francesa. Los temas de la justicia, la memoria y los legados coloniales resuenan profundamente en la regi\u00f3n del Caribe. <\/p>\n<\/div>\n\t\t\t\t<\/div>\n\t\t\t\t\t\t\t<div class=\"elementor-accordion-item\">\n\t\t\t\t\t<div id=\"elementor-tab-title-1082\" class=\"elementor-tab-title\" data-tab=\"2\" role=\"button\" aria-controls=\"elementor-tab-content-1082\" aria-expanded=\"false\">\n\t\t\t\t\t\t\t\t\t\t\t\t\t<span class=\"elementor-accordion-icon elementor-accordion-icon-left\" aria-hidden=\"true\">\n\t\t\t\t\t\t\t\t\t\t\t\t\t\t\t<span class=\"elementor-accordion-icon-closed\"><i class=\"fas fa-plus\"><\/i><\/span>\n\t\t\t\t\t\t\t\t<span class=\"elementor-accordion-icon-opened\"><i class=\"fas fa-minus\"><\/i><\/span>\n\t\t\t\t\t\t\t\t\t\t\t\t\t\t<\/span>\n\t\t\t\t\t\t\t\t\t\t\t\t<a class=\"elementor-accordion-title\" tabindex=\"0\">\u00bfLa pel\u00edcula cuenta una historia real?<\/a>\n\t\t\t\t\t<\/div>\n\t\t\t\t\t<div id=\"elementor-tab-content-1082\" class=\"elementor-tab-content elementor-clearfix\" data-tab=\"2\" role=\"region\" aria-labelledby=\"elementor-tab-title-1082\"><p>S\u00ed. Relata el caso judicial de Furcy, un hombre nacido libre pero mantenido en la esclavitud, que entabl\u00f3 una batalla legal de m\u00e1s de treinta a\u00f1os a principios del siglo XIX por el reconocimiento de sus derechos. <\/p>\n<\/div>\n\t\t\t\t<\/div>\n\t\t\t\t\t\t\t<div class=\"elementor-accordion-item\">\n\t\t\t\t\t<div id=\"elementor-tab-title-1083\" class=\"elementor-tab-title\" data-tab=\"3\" role=\"button\" aria-controls=\"elementor-tab-content-1083\" aria-expanded=\"false\">\n\t\t\t\t\t\t\t\t\t\t\t\t\t<span class=\"elementor-accordion-icon elementor-accordion-icon-left\" aria-hidden=\"true\">\n\t\t\t\t\t\t\t\t\t\t\t\t\t\t\t<span class=\"elementor-accordion-icon-closed\"><i class=\"fas fa-plus\"><\/i><\/span>\n\t\t\t\t\t\t\t\t<span class=\"elementor-accordion-icon-opened\"><i class=\"fas fa-minus\"><\/i><\/span>\n\t\t\t\t\t\t\t\t\t\t\t\t\t\t<\/span>\n\t\t\t\t\t\t\t\t\t\t\t\t<a class=\"elementor-accordion-title\" tabindex=\"0\">\u00bfCu\u00e1ndo y d\u00f3nde se estrenar\u00e1 la pel\u00edcula en el Caribe?<\/a>\n\t\t\t\t\t<\/div>\n\t\t\t\t\t<div id=\"elementor-tab-content-1083\" class=\"elementor-tab-content elementor-clearfix\" data-tab=\"3\" role=\"region\" aria-labelledby=\"elementor-tab-title-1083\"><p data-start=\"703\" data-end=\"1014\">&#8220;Furcy, n\u00e9 libre&#8221; se estrenar\u00e1 en los cines de Guadalupe y Martinica el 12 de diciembre, antes de su estreno nacional en Francia continental.<\/p>\n<\/div>\n\t\t\t\t<\/div>\n\t\t\t\t\t\t\t\t<\/div>\n\t\t\t\t\t\t<\/div>\n\t\t\t\t<\/div>\n\t\t\t\t\t<\/div>\n\t\t<\/div>\n\t\t\t\t\t<\/div>\n\t\t<\/section>\n\t\t\t\t<\/div>\n\t\t","protected":false},"excerpt":{"rendered":"<p>El 12 de diciembre se estrenar\u00e1 en Guadalupe y Martinica &#8220;Furcy, n\u00e9 libre&#8221;, el nuevo largometraje de Abd Al Malik. A primera vista, esta historia tiene lugar lejos del Caribe, en la isla de Reuni\u00f3n. Pero, en realidad, la historia revela una parte esencial de la historia compartida de los territorios de ultramar: la de [&hellip;]<\/p>\n","protected":false},"author":662,"featured_media":66049,"comment_status":"open","ping_status":"open","sticky":false,"template":"","format":"standard","meta":{"_acf_changed":false,"footnotes":""},"categories":[1505],"tags":[1547,1549,810,816],"class_list":["post-66059","post","type-post","status-publish","format-standard","has-post-thumbnail","hentry","category-cine-y-video","tag-guadalupe","tag-guayana-francesa","tag-haiti-es-2","tag-martinique-es"],"acf":[],"_links":{"self":[{"href":"https:\/\/richeskarayib.com\/es\/wp-json\/wp\/v2\/posts\/66059","targetHints":{"allow":["GET"]}}],"collection":[{"href":"https:\/\/richeskarayib.com\/es\/wp-json\/wp\/v2\/posts"}],"about":[{"href":"https:\/\/richeskarayib.com\/es\/wp-json\/wp\/v2\/types\/post"}],"author":[{"embeddable":true,"href":"https:\/\/richeskarayib.com\/es\/wp-json\/wp\/v2\/users\/662"}],"replies":[{"embeddable":true,"href":"https:\/\/richeskarayib.com\/es\/wp-json\/wp\/v2\/comments?post=66059"}],"version-history":[{"count":0,"href":"https:\/\/richeskarayib.com\/es\/wp-json\/wp\/v2\/posts\/66059\/revisions"}],"wp:featuredmedia":[{"embeddable":true,"href":"https:\/\/richeskarayib.com\/es\/wp-json\/wp\/v2\/media\/66049"}],"wp:attachment":[{"href":"https:\/\/richeskarayib.com\/es\/wp-json\/wp\/v2\/media?parent=66059"}],"wp:term":[{"taxonomy":"category","embeddable":true,"href":"https:\/\/richeskarayib.com\/es\/wp-json\/wp\/v2\/categories?post=66059"},{"taxonomy":"post_tag","embeddable":true,"href":"https:\/\/richeskarayib.com\/es\/wp-json\/wp\/v2\/tags?post=66059"}],"curies":[{"name":"wp","href":"https:\/\/api.w.org\/{rel}","templated":true}]}}