{"id":66572,"date":"2025-12-11T06:02:33","date_gmt":"2025-12-11T10:02:33","guid":{"rendered":"https:\/\/richeskarayib.com\/haiti-konpa-en-la-lista-de-la-unesco-cuando-un-ritmo-se-convierte-en-patrimonio-de-la-humanidad\/"},"modified":"2025-12-11T06:35:23","modified_gmt":"2025-12-11T10:35:23","slug":"haiti-konpa-en-la-lista-de-la-unesco-cuando-un-ritmo-se-convierte-en-patrimonio-de-la-humanidad","status":"publish","type":"post","link":"https:\/\/richeskarayib.com\/es\/haiti-konpa-en-la-lista-de-la-unesco-cuando-un-ritmo-se-convierte-en-patrimonio-de-la-humanidad\/","title":{"rendered":"Hait\u00ed &#8211; KONPA en la lista de la UNESCO: cuando un ritmo se convierte en patrimonio de la humanidad"},"content":{"rendered":"\t\t<div data-elementor-type=\"wp-post\" data-elementor-id=\"66572\" class=\"elementor elementor-66572 elementor-66542\" data-elementor-post-type=\"post\">\n\t\t\t\t\t\t<section class=\"elementor-section elementor-top-section elementor-element elementor-element-7ca7ca1 elementor-section-boxed elementor-section-height-default elementor-section-height-default\" data-id=\"7ca7ca1\" data-element_type=\"section\">\n\t\t\t\t\t\t<div class=\"elementor-container elementor-column-gap-default\">\n\t\t\t\t\t<div class=\"elementor-column elementor-col-100 elementor-top-column elementor-element elementor-element-cbdd002\" data-id=\"cbdd002\" data-element_type=\"column\">\n\t\t\t<div class=\"elementor-widget-wrap elementor-element-populated\">\n\t\t\t\t\t\t<section class=\"elementor-section elementor-inner-section elementor-element elementor-element-bc94849 elementor-section-boxed elementor-section-height-default elementor-section-height-default\" data-id=\"bc94849\" data-element_type=\"section\">\n\t\t\t\t\t\t<div class=\"elementor-container elementor-column-gap-default\">\n\t\t\t\t\t\t<\/div>\n\t\t<\/section>\n\t\t\t\t<section class=\"elementor-section elementor-inner-section elementor-element elementor-element-61571e6 elementor-section-boxed elementor-section-height-default elementor-section-height-default\" data-id=\"61571e6\" data-element_type=\"section\">\n\t\t\t\t\t\t<div class=\"elementor-container elementor-column-gap-default\">\n\t\t\t\t\t\t<\/div>\n\t\t<\/section>\n\t\t\t\t<section class=\"elementor-section elementor-inner-section elementor-element elementor-element-b6262e0 elementor-section-boxed elementor-section-height-default elementor-section-height-default\" data-id=\"b6262e0\" data-element_type=\"section\">\n\t\t\t\t\t\t<div class=\"elementor-container elementor-column-gap-default\">\n\t\t\t\t\t\t<\/div>\n\t\t<\/section>\n\t\t\t\t<section class=\"elementor-section elementor-inner-section elementor-element elementor-element-cca29fd elementor-section-boxed elementor-section-height-default elementor-section-height-default\" data-id=\"cca29fd\" data-element_type=\"section\">\n\t\t\t\t\t\t<div class=\"elementor-container elementor-column-gap-default\">\n\t\t\t\t\t\t<\/div>\n\t\t<\/section>\n\t\t\t\t\t<\/div>\n\t\t<\/div>\n\t\t\t\t\t<\/div>\n\t\t<\/section>\n\t\t\t\t<section class=\"elementor-section elementor-top-section elementor-element elementor-element-82cd8f9 elementor-section-boxed elementor-section-height-default elementor-section-height-default\" data-id=\"82cd8f9\" data-element_type=\"section\">\n\t\t\t\t\t\t<div class=\"elementor-container elementor-column-gap-default\">\n\t\t\t\t\t<div class=\"elementor-column elementor-col-100 elementor-top-column elementor-element elementor-element-0bfdc38\" data-id=\"0bfdc38\" data-element_type=\"column\">\n\t\t\t<div class=\"elementor-widget-wrap elementor-element-populated\">\n\t\t\t\t\t\t<div class=\"elementor-element elementor-element-96caf50 elementor-widget elementor-widget-text-editor\" data-id=\"96caf50\" data-element_type=\"widget\" data-widget_type=\"text-editor.default\">\n\t\t\t\t<div class=\"elementor-widget-container\">\n\t\t\t\t\t\t\t\t\t<p><span style=\"font-weight: 400;\">El <\/span><a href=\"https:\/\/ich.unesco.org\/fr\/RL\/le-compas-d-haiti-02273?utm_source=chatgpt.com\" target=\"_blank\" rel=\"noopener nofollow\"><b>KONPA<\/b><\/a><span style=\"font-weight: 400;\">  acaba de hacer historia. El 10 de diciembre de 2025, en la sesi\u00f3n anual del Comit\u00e9 Intergubernamental, el <\/span><b>UNESCO<\/b><span style=\"font-weight: 400;\">  ha inscrito oficialmente &#8220;Le Compas d&#8217;Ha\u00efti&#8221; en la Lista Representativa del Patrimonio Cultural Inmaterial de la Humanidad. Se trata de un nuevo hito para este ritmo, que se origin\u00f3 en la d\u00e9cada de 1950 y se ha convertido en uno de los pilares de la identidad de Hait\u00ed, as\u00ed como en un lenguaje musical compartido en todo el Caribe. <\/span><\/p><p><span style=\"font-weight: 400;\">Esta decisi\u00f3n no es s\u00f3lo simb\u00f3lica: confirma la importancia cultural, social e intergeneracional de KONPA, y su papel en la construcci\u00f3n de un imaginario colectivo mucho m\u00e1s all\u00e1 de las fronteras de Hait\u00ed.<\/span><\/p>\t\t\t\t\t\t\t\t<\/div>\n\t\t\t\t<\/div>\n\t\t\t\t<section class=\"elementor-section elementor-inner-section elementor-element elementor-element-c582330 elementor-section-boxed elementor-section-height-default elementor-section-height-default\" data-id=\"c582330\" data-element_type=\"section\">\n\t\t\t\t\t\t<div class=\"elementor-container elementor-column-gap-default\">\n\t\t\t\t\t\t<\/div>\n\t\t<\/section>\n\t\t\t\t<section class=\"elementor-section elementor-inner-section elementor-element elementor-element-296603a elementor-section-boxed elementor-section-height-default elementor-section-height-default\" data-id=\"296603a\" data-element_type=\"section\">\n\t\t\t\t\t\t<div class=\"elementor-container elementor-column-gap-default\">\n\t\t\t\t\t\t<\/div>\n\t\t<\/section>\n\t\t\t\t\t<\/div>\n\t\t<\/div>\n\t\t\t\t\t<\/div>\n\t\t<\/section>\n\t\t\t\t<section class=\"elementor-section elementor-top-section elementor-element elementor-element-5a7397d elementor-section-boxed elementor-section-height-default elementor-section-height-default\" data-id=\"5a7397d\" data-element_type=\"section\">\n\t\t\t\t\t\t<div class=\"elementor-container elementor-column-gap-default\">\n\t\t\t\t\t<div class=\"elementor-column elementor-col-100 elementor-top-column elementor-element elementor-element-8b33b4b\" data-id=\"8b33b4b\" data-element_type=\"column\">\n\t\t\t<div class=\"elementor-widget-wrap elementor-element-populated\">\n\t\t\t\t\t\t<div class=\"elementor-element elementor-element-89dac4b elementor-widget elementor-widget-heading\" data-id=\"89dac4b\" data-element_type=\"widget\" data-widget_type=\"heading.default\">\n\t\t\t\t<div class=\"elementor-widget-container\">\n\t\t\t\t\t<h2 class=\"elementor-heading-title elementor-size-default\">Reconocimiento mundial para un patrimonio vivo<\/h2>\t\t\t\t<\/div>\n\t\t\t\t<\/div>\n\t\t\t\t<div class=\"elementor-element elementor-element-43a45ac elementor-widget elementor-widget-text-editor\" data-id=\"43a45ac\" data-element_type=\"widget\" data-widget_type=\"text-editor.default\">\n\t\t\t\t<div class=\"elementor-widget-container\">\n\t\t\t\t\t\t\t\t\t<p><span style=\"font-weight: 400;\">Para la UNESCO, la inclusi\u00f3n de <a href=\"https:\/\/la1ere.franceinfo.fr\/martinique\/reconnaissance-historique-pour-haiti-le-konpa-inscrit-officiellement-au-patrimoine-immateriel-de-l-humanite-de-l-unesco-1651637.html\" target=\"_blank\" rel=\"noopener nofollow\">KONPA<\/a> en la lista se debe a su capacidad \u00fanica de unir a las personas. Detr\u00e1s de las notas, hay una sociabilidad real, un conjunto de gestos, c\u00f3digos, pr\u00e1cticas y transmisiones que se han transmitido a trav\u00e9s de varias generaciones. Se baila, se aprende y se hereda. Acompa\u00f1a tanto los momentos de alegr\u00eda como los de fragilidad, proporcionando un espacio cohesionado donde confluyen el arte y la vida cotidiana.   <\/span><\/p>\t\t\t\t\t\t\t\t<\/div>\n\t\t\t\t<\/div>\n\t\t\t\t<div class=\"elementor-element elementor-element-a922db8 elementor-widget elementor-widget-text-editor\" data-id=\"a922db8\" data-element_type=\"widget\" data-widget_type=\"text-editor.default\">\n\t\t\t\t<div class=\"elementor-widget-container\">\n\t\t\t\t\t\t\t\t\t<p><span style=\"font-weight: 400;\">M\u00e1s que una descripci\u00f3n t\u00e9cnica, el reconocimiento destaca lo que esta m\u00fasica representa para quienes la tocan: un v\u00ednculo emocional, un punto de referencia, una forma de decir &#8220;nosotros&#8221;. Tambi\u00e9n es un patrimonio forjado en las calles, los bailes, los festivales comunitarios, las giras internacionales y los estudios caseros de m\u00fasicos apasionados. La expresi\u00f3n &#8220;memoria colectiva de la naci\u00f3n&#8221;, utilizada a menudo en Hait\u00ed, adquiere aqu\u00ed todo su significado: KONPA cuenta una historia social tanto como est\u00e9tica.  <\/span><\/p>\t\t\t\t\t\t\t\t<\/div>\n\t\t\t\t<\/div>\n\t\t\t\t<section class=\"elementor-section elementor-inner-section elementor-element elementor-element-fc68183 elementor-section-boxed elementor-section-height-default elementor-section-height-default\" data-id=\"fc68183\" data-element_type=\"section\">\n\t\t\t\t\t\t<div class=\"elementor-container elementor-column-gap-default\">\n\t\t\t\t\t<div class=\"elementor-column elementor-col-100 elementor-inner-column elementor-element elementor-element-4bb0300\" data-id=\"4bb0300\" data-element_type=\"column\">\n\t\t\t<div class=\"elementor-widget-wrap elementor-element-populated\">\n\t\t\t\t\t\t<div class=\"elementor-element elementor-element-14a2813 elementor-widget elementor-widget-video\" data-id=\"14a2813\" data-element_type=\"widget\" data-settings=\"{&quot;youtube_url&quot;:&quot;https:\\\/\\\/www.youtube.com\\\/watch?v=lAF_XVvQKkw&quot;,&quot;video_type&quot;:&quot;youtube&quot;,&quot;controls&quot;:&quot;yes&quot;}\" data-widget_type=\"video.default\">\n\t\t\t\t<div class=\"elementor-widget-container\">\n\t\t\t\t\t\t\t<div class=\"elementor-wrapper elementor-open-inline\">\n\t\t\t<div class=\"elementor-video\"><\/div>\t\t<\/div>\n\t\t\t\t\t\t<\/div>\n\t\t\t\t<\/div>\n\t\t\t\t\t<\/div>\n\t\t<\/div>\n\t\t\t\t\t<\/div>\n\t\t<\/section>\n\t\t\t\t\t<\/div>\n\t\t<\/div>\n\t\t\t\t\t<\/div>\n\t\t<\/section>\n\t\t\t\t<section class=\"elementor-section elementor-top-section elementor-element elementor-element-ceca32c elementor-section-boxed elementor-section-height-default elementor-section-height-default\" data-id=\"ceca32c\" data-element_type=\"section\">\n\t\t\t\t\t\t<div class=\"elementor-container elementor-column-gap-default\">\n\t\t\t\t\t<div class=\"elementor-column elementor-col-100 elementor-top-column elementor-element elementor-element-5a2e383\" data-id=\"5a2e383\" data-element_type=\"column\">\n\t\t\t<div class=\"elementor-widget-wrap elementor-element-populated\">\n\t\t\t\t\t\t<div class=\"elementor-element elementor-element-6cedf5f elementor-widget elementor-widget-heading\" data-id=\"6cedf5f\" data-element_type=\"widget\" data-widget_type=\"heading.default\">\n\t\t\t\t<div class=\"elementor-widget-container\">\n\t\t\t\t\t<h2 class=\"elementor-heading-title elementor-size-default\">De Nemours Jean-Baptiste a la di\u00e1spora: setenta a\u00f1os de creaci\u00f3n musical<\/h2>\t\t\t\t<\/div>\n\t\t\t\t<\/div>\n\t\t\t\t<section class=\"elementor-section elementor-inner-section elementor-element elementor-element-39af1f4 elementor-section-boxed elementor-section-height-default elementor-section-height-default\" data-id=\"39af1f4\" data-element_type=\"section\">\n\t\t\t\t\t\t<div class=\"elementor-container elementor-column-gap-default\">\n\t\t\t\t\t<div class=\"elementor-column elementor-col-50 elementor-inner-column elementor-element elementor-element-13a2652\" data-id=\"13a2652\" data-element_type=\"column\">\n\t\t\t<div class=\"elementor-widget-wrap elementor-element-populated\">\n\t\t\t\t\t\t<div class=\"elementor-element elementor-element-e93d1fb elementor-widget elementor-widget-text-editor\" data-id=\"e93d1fb\" data-element_type=\"widget\" data-widget_type=\"text-editor.default\">\n\t\t\t\t<div class=\"elementor-widget-container\">\n\t\t\t\t\t\t\t\t\t<p><span style=\"font-weight: 400;\">Cuando Nemours Jean-Baptiste desarroll\u00f3 la KONPA a mediados del siglo XX\u1d49, a\u00fan no sab\u00eda que estaba inaugurando una revoluci\u00f3n musical. Al modernizar el merengue haitiano, estructurar el ritmo e imponer una orquestaci\u00f3n rigurosa, dio a Hait\u00ed un estilo reconocible al instante. <\/span><\/p><p><span style=\"font-weight: 400;\">Lo que sigue es una aventura colectiva. Tabou Combo allan\u00f3 el camino a la escena internacional. Skah Shah, D.P. Express, Zenglen, Carimi y muchos otros desarrollaron nuevas firmas sonoras. En la d\u00e9cada de 2000, las plataformas digitales aceleraron a\u00fan m\u00e1s la distribuci\u00f3n y permitieron a la di\u00e1spora amplificar el movimiento. Hoy, artistas como Jo\u00e9 Dw\u00e8t Fil\u00e9 dan testimonio de esta continuidad, mezclando tradici\u00f3n y modernidad.    <\/span><\/p>\t\t\t\t\t\t\t\t<\/div>\n\t\t\t\t<\/div>\n\t\t\t\t<div class=\"elementor-element elementor-element-800dca3 elementor-widget elementor-widget-text-editor\" data-id=\"800dca3\" data-element_type=\"widget\" data-widget_type=\"text-editor.default\">\n\t\t\t\t<div class=\"elementor-widget-container\">\n\t\t\t\t\t\t\t\t\t<p><span style=\"font-weight: 400;\">Su inclusi\u00f3n en la lista de la UNESCO reconoce una vibrante tradici\u00f3n que se reinventa constantemente, no s\u00f3lo en Hait\u00ed, sino tambi\u00e9n en Nueva York, Montreal, Par\u00eds, Miami y Fort-de-France.<\/span><\/p>\t\t\t\t\t\t\t\t<\/div>\n\t\t\t\t<\/div>\n\t\t\t\t<div class=\"elementor-element elementor-element-9eed900 elementor-widget elementor-widget-image\" data-id=\"9eed900\" data-element_type=\"widget\" data-widget_type=\"image.default\">\n\t\t\t\t<div class=\"elementor-widget-container\">\n\t\t\t\t\t\t\t\t\t\t\t\t<figure class=\"wp-caption\">\n\t\t\t\t\t\t\t\t\t\t<img fetchpriority=\"high\" decoding=\"async\" width=\"500\" height=\"332\" src=\"https:\/\/richeskarayib.com\/wp-content\/uploads\/2025\/12\/\u00a9-DPH-Haiti-2024-3.jpg\" class=\"attachment-large size-large wp-image-66558\" alt=\"Konpa\" srcset=\"https:\/\/richeskarayib.com\/wp-content\/uploads\/2025\/12\/\u00a9-DPH-Haiti-2024-3.jpg 500w, https:\/\/richeskarayib.com\/wp-content\/uploads\/2025\/12\/\u00a9-DPH-Haiti-2024-3-300x199.jpg 300w\" sizes=\"(max-width: 500px) 100vw, 500px\" \/>\t\t\t\t\t\t\t\t\t\t\t<figcaption class=\"widget-image-caption wp-caption-text\">\u00a9 DPH, Hai\u0308ti, 2024<\/figcaption>\n\t\t\t\t\t\t\t\t\t\t<\/figure>\n\t\t\t\t\t\t\t\t\t<\/div>\n\t\t\t\t<\/div>\n\t\t\t\t\t<\/div>\n\t\t<\/div>\n\t\t\t\t<div class=\"elementor-column elementor-col-50 elementor-inner-column elementor-element elementor-element-62488dd\" data-id=\"62488dd\" data-element_type=\"column\">\n\t\t\t<div class=\"elementor-widget-wrap elementor-element-populated\">\n\t\t\t\t\t\t<div class=\"elementor-element elementor-element-a9b03f2 elementor-widget elementor-widget-image\" data-id=\"a9b03f2\" data-element_type=\"widget\" data-widget_type=\"image.default\">\n\t\t\t\t<div class=\"elementor-widget-container\">\n\t\t\t\t\t\t\t\t\t\t\t\t<figure class=\"wp-caption\">\n\t\t\t\t\t\t\t\t\t\t<img decoding=\"async\" width=\"500\" height=\"332\" src=\"https:\/\/richeskarayib.com\/wp-content\/uploads\/2025\/12\/\u00a9-DPH-Haiti-2024-5.jpg\" class=\"attachment-large size-large wp-image-66554\" alt=\"Konpa\" srcset=\"https:\/\/richeskarayib.com\/wp-content\/uploads\/2025\/12\/\u00a9-DPH-Haiti-2024-5.jpg 500w, https:\/\/richeskarayib.com\/wp-content\/uploads\/2025\/12\/\u00a9-DPH-Haiti-2024-5-300x199.jpg 300w\" sizes=\"(max-width: 500px) 100vw, 500px\" \/>\t\t\t\t\t\t\t\t\t\t\t<figcaption class=\"widget-image-caption wp-caption-text\">\u00a9 DPH, Hai\u0308ti, 2024<\/figcaption>\n\t\t\t\t\t\t\t\t\t\t<\/figure>\n\t\t\t\t\t\t\t\t\t<\/div>\n\t\t\t\t<\/div>\n\t\t\t\t<div class=\"elementor-element elementor-element-7ddfa88 elementor-widget elementor-widget-image\" data-id=\"7ddfa88\" data-element_type=\"widget\" data-widget_type=\"image.default\">\n\t\t\t\t<div class=\"elementor-widget-container\">\n\t\t\t\t\t\t\t\t\t\t\t\t<figure class=\"wp-caption\">\n\t\t\t\t\t\t\t\t\t\t<img decoding=\"async\" width=\"500\" height=\"446\" src=\"https:\/\/richeskarayib.com\/wp-content\/uploads\/2025\/12\/\u00a9-DPH-Haiti-2024-7.jpg\" class=\"attachment-large size-large wp-image-66550\" alt=\"Konpa\" srcset=\"https:\/\/richeskarayib.com\/wp-content\/uploads\/2025\/12\/\u00a9-DPH-Haiti-2024-7.jpg 500w, https:\/\/richeskarayib.com\/wp-content\/uploads\/2025\/12\/\u00a9-DPH-Haiti-2024-7-300x268.jpg 300w\" sizes=\"(max-width: 500px) 100vw, 500px\" \/>\t\t\t\t\t\t\t\t\t\t\t<figcaption class=\"widget-image-caption wp-caption-text\">\u00a9 DPH, Hai\u0308ti, 2024<\/figcaption>\n\t\t\t\t\t\t\t\t\t\t<\/figure>\n\t\t\t\t\t\t\t\t\t<\/div>\n\t\t\t\t<\/div>\n\t\t\t\t\t<\/div>\n\t\t<\/div>\n\t\t\t\t\t<\/div>\n\t\t<\/section>\n\t\t\t\t\t<\/div>\n\t\t<\/div>\n\t\t\t\t\t<\/div>\n\t\t<\/section>\n\t\t\t\t<section class=\"elementor-section elementor-top-section elementor-element elementor-element-9c88a89 elementor-section-boxed elementor-section-height-default elementor-section-height-default\" data-id=\"9c88a89\" data-element_type=\"section\">\n\t\t\t\t\t\t<div class=\"elementor-container elementor-column-gap-default\">\n\t\t\t\t\t<div class=\"elementor-column elementor-col-100 elementor-top-column elementor-element elementor-element-78cf5d1\" data-id=\"78cf5d1\" data-element_type=\"column\">\n\t\t\t<div class=\"elementor-widget-wrap elementor-element-populated\">\n\t\t\t\t\t\t<div class=\"elementor-element elementor-element-ea2a5c1 elementor-widget elementor-widget-heading\" data-id=\"ea2a5c1\" data-element_type=\"widget\" data-widget_type=\"heading.default\">\n\t\t\t\t<div class=\"elementor-widget-container\">\n\t\t\t\t\t<h2 class=\"elementor-heading-title elementor-size-default\">Orgullo nacional, emoci\u00f3n colectiva y responsabilidad<\/h2>\t\t\t\t<\/div>\n\t\t\t\t<\/div>\n\t\t\t\t<section class=\"elementor-section elementor-inner-section elementor-element elementor-element-a9449d8 elementor-section-boxed elementor-section-height-default elementor-section-height-default\" data-id=\"a9449d8\" data-element_type=\"section\">\n\t\t\t\t\t\t<div class=\"elementor-container elementor-column-gap-default\">\n\t\t\t\t\t<div class=\"elementor-column elementor-col-50 elementor-inner-column elementor-element elementor-element-1cac7ee\" data-id=\"1cac7ee\" data-element_type=\"column\">\n\t\t\t<div class=\"elementor-widget-wrap elementor-element-populated\">\n\t\t\t\t\t\t<div class=\"elementor-element elementor-element-e305eee elementor-widget elementor-widget-text-editor\" data-id=\"e305eee\" data-element_type=\"widget\" data-widget_type=\"text-editor.default\">\n\t\t\t\t<div class=\"elementor-widget-container\">\n\t\t\t\t\t\t\t\t\t<p><span style=\"font-weight: 400;\">En Puerto Pr\u00edncipe y en las comunidades haitianas en el extranjero, el anuncio suscit\u00f3 un inmenso sentimiento de orgullo.<\/span><\/p><p><span style=\"font-weight: 400;\">  Hait\u00ed, que a menudo se aborda desde el \u00e1ngulo de las crisis, aparece aqu\u00ed como lo que tambi\u00e9n es: una gran potencia cultural, cuya contribuci\u00f3n al mundo va mucho m\u00e1s all\u00e1 de las representaciones habituales.<\/span><\/p><p><span style=\"font-weight: 400;\">El reconocimiento de <a href=\"https:\/\/richeskarayib.com\/es\/haiti-konpa-un-patrimonio-vivo-que-pronto-sera-incluido-en-la-lista-de-la-unesco\/\" target=\"_blank\" rel=\"noopener\">KONPA<\/a> por parte de la UNESCO reequilibra la narrativa. Pone de relieve la creatividad, la resistencia y el papel estructurador de la cultura en un pa\u00eds que nunca ha dejado de innovar a pesar de la adversidad. <\/span><\/p><p><span style=\"font-weight: 400;\">  Tambi\u00e9n destaca la importancia de los actores: directores, cantantes, bailarines, ingenieros de sonido, profesores, promotores de bailes, investigadores y entusiastas que han mantenido viva esta tradici\u00f3n.<\/span><\/p>\t\t\t\t\t\t\t\t<\/div>\n\t\t\t\t<\/div>\n\t\t\t\t<div class=\"elementor-element elementor-element-9649478 elementor-widget elementor-widget-text-editor\" data-id=\"9649478\" data-element_type=\"widget\" data-widget_type=\"text-editor.default\">\n\t\t\t\t<div class=\"elementor-widget-container\">\n\t\t\t\t\t\t\t\t\t<p><span style=\"font-weight: 400;\">Pero este orgullo conlleva una nueva responsabilidad. La UNESCO habla de   <\/span><b>copia de seguridad<\/b><span style=\"font-weight: 400;\">y <\/span><b>transmisi\u00f3n<\/b><span style=\"font-weight: 400;\"> y <\/span><b>perpetuaci\u00f3n<\/b><span style=\"font-weight: 400;\">. <\/span> <\/p><p><span style=\"font-weight: 400;\">Ahora se trata de proteger los archivos sonoros, apoyar a las escuelas de m\u00fasica, reforzar los espacios de danza, apoyar a los j\u00f3venes artistas e integrar este patrimonio en las pol\u00edticas culturales estructuradas.  <\/span><\/p>\t\t\t\t\t\t\t\t<\/div>\n\t\t\t\t<\/div>\n\t\t\t\t\t<\/div>\n\t\t<\/div>\n\t\t\t\t<div class=\"elementor-column elementor-col-50 elementor-inner-column elementor-element elementor-element-0cf758e\" data-id=\"0cf758e\" data-element_type=\"column\">\n\t\t\t<div class=\"elementor-widget-wrap elementor-element-populated\">\n\t\t\t\t\t\t<div class=\"elementor-element elementor-element-9b0371a elementor-widget elementor-widget-image\" data-id=\"9b0371a\" data-element_type=\"widget\" data-widget_type=\"image.default\">\n\t\t\t\t<div class=\"elementor-widget-container\">\n\t\t\t\t\t\t\t\t\t\t\t\t<figure class=\"wp-caption\">\n\t\t\t\t\t\t\t\t\t\t<img loading=\"lazy\" decoding=\"async\" width=\"399\" height=\"600\" src=\"https:\/\/richeskarayib.com\/wp-content\/uploads\/2025\/12\/\u00a9-DPH-Haiti-2024-6.jpg\" class=\"attachment-large size-large wp-image-66562\" alt=\"Konpa\" srcset=\"https:\/\/richeskarayib.com\/wp-content\/uploads\/2025\/12\/\u00a9-DPH-Haiti-2024-6.jpg 399w, https:\/\/richeskarayib.com\/wp-content\/uploads\/2025\/12\/\u00a9-DPH-Haiti-2024-6-200x300.jpg 200w\" sizes=\"(max-width: 399px) 100vw, 399px\" \/>\t\t\t\t\t\t\t\t\t\t\t<figcaption class=\"widget-image-caption wp-caption-text\">\u00a9 DPH, Hai\u0308ti, 2024<\/figcaption>\n\t\t\t\t\t\t\t\t\t\t<\/figure>\n\t\t\t\t\t\t\t\t\t<\/div>\n\t\t\t\t<\/div>\n\t\t\t\t\t<\/div>\n\t\t<\/div>\n\t\t\t\t\t<\/div>\n\t\t<\/section>\n\t\t\t\t\t<\/div>\n\t\t<\/div>\n\t\t\t\t\t<\/div>\n\t\t<\/section>\n\t\t\t\t<section class=\"elementor-section elementor-top-section elementor-element elementor-element-103aced elementor-section-boxed elementor-section-height-default elementor-section-height-default\" data-id=\"103aced\" data-element_type=\"section\">\n\t\t\t\t\t\t<div class=\"elementor-container elementor-column-gap-default\">\n\t\t\t\t\t<div class=\"elementor-column elementor-col-100 elementor-top-column elementor-element elementor-element-e34f9f4\" data-id=\"e34f9f4\" data-element_type=\"column\">\n\t\t\t<div class=\"elementor-widget-wrap elementor-element-populated\">\n\t\t\t\t\t\t<div class=\"elementor-element elementor-element-c643e86 elementor-widget elementor-widget-heading\" data-id=\"c643e86\" data-element_type=\"widget\" data-widget_type=\"heading.default\">\n\t\t\t\t<div class=\"elementor-widget-container\">\n\t\t\t\t\t<h2 class=\"elementor-heading-title elementor-size-default\">Despu\u00e9s de la Sopa Joumou y el cassave: continuidad patrimonial<\/h2>\t\t\t\t<\/div>\n\t\t\t\t<\/div>\n\t\t\t\t<div class=\"elementor-element elementor-element-f783f1a elementor-widget elementor-widget-text-editor\" data-id=\"f783f1a\" data-element_type=\"widget\" data-widget_type=\"text-editor.default\">\n\t\t\t\t<div class=\"elementor-widget-container\">\n\t\t\t\t\t\t\t\t\t<p><span style=\"font-weight: 400;\"><a href=\"https:\/\/richeskarayib.com\/es\/harmonik-y-rotimi-afro-konpa-incendia-las-listas-de-exitos-con-magical-ride\/\" target=\"_blank\" rel=\"noopener\">KONPA<\/a> forma parte de un movimiento m\u00e1s amplio. En 2021, la   <\/span><b>Sopa Joumou<\/b><span style=\"font-weight: 400;\">s\u00edmbolo de libertad y dignidad, se incluy\u00f3 en la Lista del Patrimonio Inmaterial. En 2024, le toc\u00f3 el turno al   <\/span><b>cassave<\/b><span style=\"font-weight: 400;\">La mandioca, que se cultiva en varios pa\u00edses del Caribe, goza actualmente de reconocimiento por su papel en las tradiciones culinarias regionales.<\/span><\/p><p><span style=\"font-weight: 400;\">Con estos tres elementos -sopa, pan y ritmo-, Hait\u00ed plantea tres pilares esenciales: la alimentaci\u00f3n, la uni\u00f3n y la danza. Juntos, forman una lectura m\u00e1s profunda de la identidad haitiana, donde la cultura no es un adorno, sino una fuerza estructuradora. <\/span><\/p>\t\t\t\t\t\t\t\t<\/div>\n\t\t\t\t<\/div>\n\t\t\t\t<section class=\"elementor-section elementor-inner-section elementor-element elementor-element-e5971b2 elementor-section-boxed elementor-section-height-default elementor-section-height-default\" data-id=\"e5971b2\" data-element_type=\"section\">\n\t\t\t\t\t\t<div class=\"elementor-container elementor-column-gap-default\">\n\t\t\t\t\t<div class=\"elementor-column elementor-col-50 elementor-inner-column elementor-element elementor-element-7eff00b\" data-id=\"7eff00b\" data-element_type=\"column\">\n\t\t\t<div class=\"elementor-widget-wrap elementor-element-populated\">\n\t\t\t\t\t\t<div class=\"elementor-element elementor-element-4f2c93a elementor-widget elementor-widget-image\" data-id=\"4f2c93a\" data-element_type=\"widget\" data-widget_type=\"image.default\">\n\t\t\t\t<div class=\"elementor-widget-container\">\n\t\t\t\t\t\t\t\t\t\t\t\t<figure class=\"wp-caption\">\n\t\t\t\t\t\t\t\t\t\t<img loading=\"lazy\" decoding=\"async\" width=\"500\" height=\"332\" src=\"https:\/\/richeskarayib.com\/wp-content\/uploads\/2025\/12\/\u00a9-DPH-Haiti-2024-2.jpg\" class=\"attachment-large size-large wp-image-66566\" alt=\"Konpa\" srcset=\"https:\/\/richeskarayib.com\/wp-content\/uploads\/2025\/12\/\u00a9-DPH-Haiti-2024-2.jpg 500w, https:\/\/richeskarayib.com\/wp-content\/uploads\/2025\/12\/\u00a9-DPH-Haiti-2024-2-300x199.jpg 300w\" sizes=\"(max-width: 500px) 100vw, 500px\" \/>\t\t\t\t\t\t\t\t\t\t\t<figcaption class=\"widget-image-caption wp-caption-text\">\u00a9 DPH, Hai\u0308ti, 2024<\/figcaption>\n\t\t\t\t\t\t\t\t\t\t<\/figure>\n\t\t\t\t\t\t\t\t\t<\/div>\n\t\t\t\t<\/div>\n\t\t\t\t\t<\/div>\n\t\t<\/div>\n\t\t\t\t<div class=\"elementor-column elementor-col-50 elementor-inner-column elementor-element elementor-element-a00d26a\" data-id=\"a00d26a\" data-element_type=\"column\">\n\t\t\t<div class=\"elementor-widget-wrap elementor-element-populated\">\n\t\t\t\t\t\t<div class=\"elementor-element elementor-element-235f6f7 elementor-widget elementor-widget-image\" data-id=\"235f6f7\" data-element_type=\"widget\" data-widget_type=\"image.default\">\n\t\t\t\t<div class=\"elementor-widget-container\">\n\t\t\t\t\t\t\t\t\t\t\t\t<figure class=\"wp-caption\">\n\t\t\t\t\t\t\t\t\t\t<img loading=\"lazy\" decoding=\"async\" width=\"500\" height=\"332\" src=\"https:\/\/richeskarayib.com\/wp-content\/uploads\/2025\/12\/\u00a9-DPH-Haiti-2024-1.jpg\" class=\"attachment-large size-large wp-image-66570\" alt=\"Konpa\" srcset=\"https:\/\/richeskarayib.com\/wp-content\/uploads\/2025\/12\/\u00a9-DPH-Haiti-2024-1.jpg 500w, https:\/\/richeskarayib.com\/wp-content\/uploads\/2025\/12\/\u00a9-DPH-Haiti-2024-1-300x199.jpg 300w\" sizes=\"(max-width: 500px) 100vw, 500px\" \/>\t\t\t\t\t\t\t\t\t\t\t<figcaption class=\"widget-image-caption wp-caption-text\">\u00a9 DPH, Hai\u0308ti, 2024<\/figcaption>\n\t\t\t\t\t\t\t\t\t\t<\/figure>\n\t\t\t\t\t\t\t\t\t<\/div>\n\t\t\t\t<\/div>\n\t\t\t\t\t<\/div>\n\t\t<\/div>\n\t\t\t\t\t<\/div>\n\t\t<\/section>\n\t\t\t\t\t<\/div>\n\t\t<\/div>\n\t\t\t\t\t<\/div>\n\t\t<\/section>\n\t\t\t\t<section class=\"elementor-section elementor-top-section elementor-element elementor-element-f5709a6 elementor-section-boxed elementor-section-height-default elementor-section-height-default\" data-id=\"f5709a6\" data-element_type=\"section\">\n\t\t\t\t\t\t<div class=\"elementor-container elementor-column-gap-default\">\n\t\t\t\t\t<div class=\"elementor-column elementor-col-100 elementor-top-column elementor-element elementor-element-957be6f\" data-id=\"957be6f\" data-element_type=\"column\">\n\t\t\t<div class=\"elementor-widget-wrap elementor-element-populated\">\n\t\t\t\t\t\t<div class=\"elementor-element elementor-element-22c0a08 elementor-widget elementor-widget-heading\" data-id=\"22c0a08\" data-element_type=\"widget\" data-widget_type=\"heading.default\">\n\t\t\t\t<div class=\"elementor-widget-container\">\n\t\t\t\t\t<h2 class=\"elementor-heading-title elementor-size-default\">Un futuro abierto para el Caribe musical<\/h2>\t\t\t\t<\/div>\n\t\t\t\t<\/div>\n\t\t\t\t<div class=\"elementor-element elementor-element-953f6e4 elementor-widget elementor-widget-text-editor\" data-id=\"953f6e4\" data-element_type=\"widget\" data-widget_type=\"text-editor.default\">\n\t\t\t\t<div class=\"elementor-widget-container\">\n\t\t\t\t\t\t\t\t\t<p><span style=\"font-weight: 400;\">La inclusi\u00f3n de KONPA abre todo un abanico de posibilidades: residencias art\u00edsticas, festivales tem\u00e1ticos, creaciones educativas, circuitos de turismo cultural, cooperaci\u00f3n regional. Es un recordatorio de que el Caribe es uno de los grandes laboratorios sonoros del mundo, capaz de dar a luz tradiciones musicales que se est\u00e1n convirtiendo en referencias internacionales. <\/span><\/p><p><span style=\"font-weight: 400;\">KONPA, ahora reconocida por la UNESCO, tiene una nueva visibilidad. Corresponde a Hait\u00ed, a su di\u00e1spora y al Caribe hacer de ella una palanca duradera, un patrimonio vivo, un espacio creativo donde la transmisi\u00f3n siga siendo central. <\/span><\/p>\t\t\t\t\t\t\t\t<\/div>\n\t\t\t\t<\/div>\n\t\t\t\t\t<\/div>\n\t\t<\/div>\n\t\t\t\t\t<\/div>\n\t\t<\/section>\n\t\t\t\t<section class=\"elementor-section elementor-top-section elementor-element elementor-element-286ad72 elementor-section-boxed elementor-section-height-default elementor-section-height-default\" data-id=\"286ad72\" data-element_type=\"section\">\n\t\t\t\t\t\t<div class=\"elementor-container elementor-column-gap-default\">\n\t\t\t\t\t<div class=\"elementor-column elementor-col-100 elementor-top-column elementor-element elementor-element-111f632\" data-id=\"111f632\" data-element_type=\"column\">\n\t\t\t<div class=\"elementor-widget-wrap elementor-element-populated\">\n\t\t\t\t\t\t<div class=\"elementor-element elementor-element-3c78d80 elementor-widget elementor-widget-heading\" data-id=\"3c78d80\" data-element_type=\"widget\" data-widget_type=\"heading.default\">\n\t\t\t\t<div class=\"elementor-widget-container\">\n\t\t\t\t\t<h2 class=\"elementor-heading-title elementor-size-default\">PREGUNTAS FRECUENTES<\/h2>\t\t\t\t<\/div>\n\t\t\t\t<\/div>\n\t\t\t\t<div class=\"elementor-element elementor-element-4c37b3c elementor-widget elementor-widget-accordion\" data-id=\"4c37b3c\" data-element_type=\"widget\" data-widget_type=\"accordion.default\">\n\t\t\t\t<div class=\"elementor-widget-container\">\n\t\t\t\t\t\t\t<div class=\"elementor-accordion\">\n\t\t\t\t\t\t\t<div class=\"elementor-accordion-item\">\n\t\t\t\t\t<div id=\"elementor-tab-title-7991\" class=\"elementor-tab-title\" data-tab=\"1\" role=\"button\" aria-controls=\"elementor-tab-content-7991\" aria-expanded=\"false\">\n\t\t\t\t\t\t\t\t\t\t\t\t\t<span class=\"elementor-accordion-icon elementor-accordion-icon-left\" aria-hidden=\"true\">\n\t\t\t\t\t\t\t\t\t\t\t\t\t\t\t<span class=\"elementor-accordion-icon-closed\"><i class=\"fas fa-plus\"><\/i><\/span>\n\t\t\t\t\t\t\t\t<span class=\"elementor-accordion-icon-opened\"><i class=\"fas fa-minus\"><\/i><\/span>\n\t\t\t\t\t\t\t\t\t\t\t\t\t\t<\/span>\n\t\t\t\t\t\t\t\t\t\t\t\t<a class=\"elementor-accordion-title\" tabindex=\"0\">\u00bfPor qu\u00e9 se ha incluido KONPA en la lista del patrimonio cultural inmaterial de la UNESCO?<\/a>\n\t\t\t\t\t<\/div>\n\t\t\t\t\t<div id=\"elementor-tab-content-7991\" class=\"elementor-tab-content elementor-clearfix\" data-tab=\"1\" role=\"region\" aria-labelledby=\"elementor-tab-title-7991\"><p><span style=\"font-weight: 400;\">  Se ha incluido en la lista del patrimonio inmaterial de la UNESCO por su papel central en la sociedad haitiana y caribe\u00f1a. Esta m\u00fasica y danza es una tradici\u00f3n viva que se ha transmitido durante generaciones, estructurando la vida social, acompa\u00f1ando los grandes acontecimientos comunitarios y reflejando la identidad cultural de Hait\u00ed. La UNESCO reconoce el valor de esta transmisi\u00f3n, la riqueza de las pr\u00e1cticas asociadas y la importancia de la KONPA como motor de cohesi\u00f3n y creatividad.  <\/span><\/p>\n<\/div>\n\t\t\t\t<\/div>\n\t\t\t\t\t\t\t<div class=\"elementor-accordion-item\">\n\t\t\t\t\t<div id=\"elementor-tab-title-7992\" class=\"elementor-tab-title\" data-tab=\"2\" role=\"button\" aria-controls=\"elementor-tab-content-7992\" aria-expanded=\"false\">\n\t\t\t\t\t\t\t\t\t\t\t\t\t<span class=\"elementor-accordion-icon elementor-accordion-icon-left\" aria-hidden=\"true\">\n\t\t\t\t\t\t\t\t\t\t\t\t\t\t\t<span class=\"elementor-accordion-icon-closed\"><i class=\"fas fa-plus\"><\/i><\/span>\n\t\t\t\t\t\t\t\t<span class=\"elementor-accordion-icon-opened\"><i class=\"fas fa-minus\"><\/i><\/span>\n\t\t\t\t\t\t\t\t\t\t\t\t\t\t<\/span>\n\t\t\t\t\t\t\t\t\t\t\t\t<a class=\"elementor-accordion-title\" tabindex=\"0\">\u00bfQu\u00e9 significa este reconocimiento para Hait\u00ed y para los artistas de KONPA?<\/a>\n\t\t\t\t\t<\/div>\n\t\t\t\t\t<div id=\"elementor-tab-content-7992\" class=\"elementor-tab-content elementor-clearfix\" data-tab=\"2\" role=\"region\" aria-labelledby=\"elementor-tab-title-7992\"><p><span style=\"font-weight: 400;\">El registro proporciona a los actores de KONPA visibilidad internacional y legitimidad institucional. Para Hait\u00ed, es una palanca para la diplomacia cultural y un medio de promover un patrimonio a menudo poco conocido. Para los artistas, bailarines, productores y profesores, este reconocimiento puede fomentar el desarrollo de programas de formaci\u00f3n, proyectos de archivo, giras internacionales e iniciativas educativas destinadas a preservar y transmitir el g\u00e9nero.  <\/span><\/p>\n<\/div>\n\t\t\t\t<\/div>\n\t\t\t\t\t\t\t<div class=\"elementor-accordion-item\">\n\t\t\t\t\t<div id=\"elementor-tab-title-7993\" class=\"elementor-tab-title\" data-tab=\"3\" role=\"button\" aria-controls=\"elementor-tab-content-7993\" aria-expanded=\"false\">\n\t\t\t\t\t\t\t\t\t\t\t\t\t<span class=\"elementor-accordion-icon elementor-accordion-icon-left\" aria-hidden=\"true\">\n\t\t\t\t\t\t\t\t\t\t\t\t\t\t\t<span class=\"elementor-accordion-icon-closed\"><i class=\"fas fa-plus\"><\/i><\/span>\n\t\t\t\t\t\t\t\t<span class=\"elementor-accordion-icon-opened\"><i class=\"fas fa-minus\"><\/i><\/span>\n\t\t\t\t\t\t\t\t\t\t\t\t\t\t<\/span>\n\t\t\t\t\t\t\t\t\t\t\t\t<a class=\"elementor-accordion-title\" tabindex=\"0\">\u00bfEvolucionar\u00e1 KONPA de forma diferente tras su inclusi\u00f3n en la lista de la UNESCO?<\/a>\n\t\t\t\t\t<\/div>\n\t\t\t\t\t<div id=\"elementor-tab-content-7993\" class=\"elementor-tab-content elementor-clearfix\" data-tab=\"3\" role=\"region\" aria-labelledby=\"elementor-tab-title-7993\"><p><span style=\"font-weight: 400;\">El registro no fija la KONPA en piedra: al contrario, reconoce una tradici\u00f3n que evoluciona constantemente. El g\u00e9nero seguir\u00e1 transform\u00e1ndose por las influencias contempor\u00e1neas, la di\u00e1spora, la tecnolog\u00eda y las nuevas generaciones de m\u00fasicos. La diferencia es que ahora esta din\u00e1mica podr\u00e1 apoyarse en un marco de salvaguardia m\u00e1s estructurado, que fomente la transmisi\u00f3n, la documentaci\u00f3n y la promoci\u00f3n de las pr\u00e1cticas, dejando espacio a la creatividad.  <\/span><\/p>\n<\/div>\n\t\t\t\t<\/div>\n\t\t\t\t\t\t\t\t<\/div>\n\t\t\t\t\t\t<\/div>\n\t\t\t\t<\/div>\n\t\t\t\t\t<\/div>\n\t\t<\/div>\n\t\t\t\t\t<\/div>\n\t\t<\/section>\n\t\t\t\t<\/div>\n\t\t","protected":false},"excerpt":{"rendered":"<p>El KONPA acaba de hacer historia. El 10 de diciembre de 2025, en la sesi\u00f3n anual del Comit\u00e9 Intergubernamental, el UNESCO ha inscrito oficialmente &#8220;Le Compas d&#8217;Ha\u00efti&#8221; en la Lista Representativa del Patrimonio Cultural Inmaterial de la Humanidad. Se trata de un nuevo hito para este ritmo, que se origin\u00f3 en la d\u00e9cada de 1950 [&hellip;]<\/p>\n","protected":false},"author":662,"featured_media":66550,"comment_status":"open","ping_status":"open","sticky":false,"template":"","format":"standard","meta":{"_acf_changed":false,"footnotes":""},"categories":[1469],"tags":[810],"class_list":["post-66572","post","type-post","status-publish","format-standard","has-post-thumbnail","hentry","category-historia-patrimonio","tag-haiti-es-2"],"acf":[],"_links":{"self":[{"href":"https:\/\/richeskarayib.com\/es\/wp-json\/wp\/v2\/posts\/66572","targetHints":{"allow":["GET"]}}],"collection":[{"href":"https:\/\/richeskarayib.com\/es\/wp-json\/wp\/v2\/posts"}],"about":[{"href":"https:\/\/richeskarayib.com\/es\/wp-json\/wp\/v2\/types\/post"}],"author":[{"embeddable":true,"href":"https:\/\/richeskarayib.com\/es\/wp-json\/wp\/v2\/users\/662"}],"replies":[{"embeddable":true,"href":"https:\/\/richeskarayib.com\/es\/wp-json\/wp\/v2\/comments?post=66572"}],"version-history":[{"count":0,"href":"https:\/\/richeskarayib.com\/es\/wp-json\/wp\/v2\/posts\/66572\/revisions"}],"wp:featuredmedia":[{"embeddable":true,"href":"https:\/\/richeskarayib.com\/es\/wp-json\/wp\/v2\/media\/66550"}],"wp:attachment":[{"href":"https:\/\/richeskarayib.com\/es\/wp-json\/wp\/v2\/media?parent=66572"}],"wp:term":[{"taxonomy":"category","embeddable":true,"href":"https:\/\/richeskarayib.com\/es\/wp-json\/wp\/v2\/categories?post=66572"},{"taxonomy":"post_tag","embeddable":true,"href":"https:\/\/richeskarayib.com\/es\/wp-json\/wp\/v2\/tags?post=66572"}],"curies":[{"name":"wp","href":"https:\/\/api.w.org\/{rel}","templated":true}]}}