{"id":66666,"date":"2025-12-15T00:22:53","date_gmt":"2025-12-15T04:22:53","guid":{"rendered":"https:\/\/richeskarayib.com\/antillas-guyane-cciag-trabajar-juntos-por-una-logistica-regional-integrada\/"},"modified":"2025-12-15T03:48:09","modified_gmt":"2025-12-15T07:48:09","slug":"antillas-guyane-cciag-trabajar-juntos-por-una-logistica-regional-integrada","status":"publish","type":"post","link":"https:\/\/richeskarayib.com\/es\/antillas-guyane-cciag-trabajar-juntos-por-una-logistica-regional-integrada\/","title":{"rendered":"Antillas-Guyane &#8211; CCIAG: trabajar juntos por una log\u00edstica regional integrada"},"content":{"rendered":"\t\t<div data-elementor-type=\"wp-post\" data-elementor-id=\"66666\" class=\"elementor elementor-66666 elementor-66626\" data-elementor-post-type=\"post\">\n\t\t\t\t\t\t<section class=\"elementor-section elementor-top-section elementor-element elementor-element-7ca7ca1 elementor-section-boxed elementor-section-height-default elementor-section-height-default\" data-id=\"7ca7ca1\" data-element_type=\"section\">\n\t\t\t\t\t\t<div class=\"elementor-container elementor-column-gap-default\">\n\t\t\t\t\t<div class=\"elementor-column elementor-col-100 elementor-top-column elementor-element elementor-element-cbdd002\" data-id=\"cbdd002\" data-element_type=\"column\">\n\t\t\t<div class=\"elementor-widget-wrap elementor-element-populated\">\n\t\t\t\t\t\t<section class=\"elementor-section elementor-inner-section elementor-element elementor-element-bc94849 elementor-section-boxed elementor-section-height-default elementor-section-height-default\" data-id=\"bc94849\" data-element_type=\"section\">\n\t\t\t\t\t\t<div class=\"elementor-container elementor-column-gap-default\">\n\t\t\t\t\t\t<\/div>\n\t\t<\/section>\n\t\t\t\t<section class=\"elementor-section elementor-inner-section elementor-element elementor-element-61571e6 elementor-section-boxed elementor-section-height-default elementor-section-height-default\" data-id=\"61571e6\" data-element_type=\"section\">\n\t\t\t\t\t\t<div class=\"elementor-container elementor-column-gap-default\">\n\t\t\t\t\t\t<\/div>\n\t\t<\/section>\n\t\t\t\t<section class=\"elementor-section elementor-inner-section elementor-element elementor-element-b6262e0 elementor-section-boxed elementor-section-height-default elementor-section-height-default\" data-id=\"b6262e0\" data-element_type=\"section\">\n\t\t\t\t\t\t<div class=\"elementor-container elementor-column-gap-default\">\n\t\t\t\t\t\t<\/div>\n\t\t<\/section>\n\t\t\t\t<section class=\"elementor-section elementor-inner-section elementor-element elementor-element-cca29fd elementor-section-boxed elementor-section-height-default elementor-section-height-default\" data-id=\"cca29fd\" data-element_type=\"section\">\n\t\t\t\t\t\t<div class=\"elementor-container elementor-column-gap-default\">\n\t\t\t\t\t\t<\/div>\n\t\t<\/section>\n\t\t\t\t\t<\/div>\n\t\t<\/div>\n\t\t\t\t\t<\/div>\n\t\t<\/section>\n\t\t\t\t<section class=\"elementor-section elementor-top-section elementor-element elementor-element-82cd8f9 elementor-section-boxed elementor-section-height-default elementor-section-height-default\" data-id=\"82cd8f9\" data-element_type=\"section\">\n\t\t\t\t\t\t<div class=\"elementor-container elementor-column-gap-default\">\n\t\t\t\t\t<div class=\"elementor-column elementor-col-100 elementor-top-column elementor-element elementor-element-0bfdc38\" data-id=\"0bfdc38\" data-element_type=\"column\">\n\t\t\t<div class=\"elementor-widget-wrap elementor-element-populated\">\n\t\t\t\t\t\t<div class=\"elementor-element elementor-element-96caf50 elementor-widget elementor-widget-text-editor\" data-id=\"96caf50\" data-element_type=\"widget\" data-widget_type=\"text-editor.default\">\n\t\t\t\t<div class=\"elementor-widget-container\">\n\t\t\t\t\t\t\t\t\t<p>El <a href=\"https:\/\/www.martinique.port.fr\/detail-actualites.aspx?card=10257#:~:text=Dans%20le%20cadre%20du%20renforcement,Guyane%20et%20de%20la%20Martinique.\" target=\"_blank\" rel=\"noopener nofollow\">Consejo de Coordinaci\u00f3n Interportuaria Antillas-Guyana<\/a> (CCIAG) se reuni\u00f3 el 12 de diciembre de 2025 en la Habitation Le PALM de Martinica. Esta reuni\u00f3n anual, prevista en el C\u00f3digo de Transportes, se ha convertido en una importante palanca de gobernanza interterritorial entre Guadalupe, Martinica y Guayana Francesa. <\/p><p>Apoyada por el gobierno franc\u00e9s y los tres principales puertos mar\u00edtimos, la CCIAG pretende reforzar la coherencia de las pol\u00edticas portuarias, apoyar la resiliencia econ\u00f3mica de las regiones y proporcionar un marco sostenible para la cooperaci\u00f3n regional en el Caribe Sur.<\/p>\t\t\t\t\t\t\t\t<\/div>\n\t\t\t\t<\/div>\n\t\t\t\t<section class=\"elementor-section elementor-inner-section elementor-element elementor-element-c582330 elementor-section-boxed elementor-section-height-default elementor-section-height-default\" data-id=\"c582330\" data-element_type=\"section\">\n\t\t\t\t\t\t<div class=\"elementor-container elementor-column-gap-default\">\n\t\t\t\t\t\t<\/div>\n\t\t<\/section>\n\t\t\t\t<section class=\"elementor-section elementor-inner-section elementor-element elementor-element-296603a elementor-section-boxed elementor-section-height-default elementor-section-height-default\" data-id=\"296603a\" data-element_type=\"section\">\n\t\t\t\t\t\t<div class=\"elementor-container elementor-column-gap-default\">\n\t\t\t\t\t\t<\/div>\n\t\t<\/section>\n\t\t\t\t\t<\/div>\n\t\t<\/div>\n\t\t\t\t\t<\/div>\n\t\t<\/section>\n\t\t\t\t<section class=\"elementor-section elementor-top-section elementor-element elementor-element-5a7397d elementor-section-boxed elementor-section-height-default elementor-section-height-default\" data-id=\"5a7397d\" data-element_type=\"section\">\n\t\t\t\t\t\t<div class=\"elementor-container elementor-column-gap-default\">\n\t\t\t\t\t<div class=\"elementor-column elementor-col-100 elementor-top-column elementor-element elementor-element-8b33b4b\" data-id=\"8b33b4b\" data-element_type=\"column\">\n\t\t\t<div class=\"elementor-widget-wrap elementor-element-populated\">\n\t\t\t\t\t\t<div class=\"elementor-element elementor-element-89dac4b elementor-widget elementor-widget-heading\" data-id=\"89dac4b\" data-element_type=\"widget\" data-widget_type=\"heading.default\">\n\t\t\t\t<div class=\"elementor-widget-container\">\n\t\t\t\t\t<h2 class=\"elementor-heading-title elementor-size-default\">La gobernanza colectiva al servicio de las regiones<\/h2>\t\t\t\t<\/div>\n\t\t\t\t<\/div>\n\t\t\t\t<div class=\"elementor-element elementor-element-a922db8 elementor-widget elementor-widget-text-editor\" data-id=\"a922db8\" data-element_type=\"widget\" data-widget_type=\"text-editor.default\">\n\t\t\t\t<div class=\"elementor-widget-container\">\n\t\t\t\t\t\t\t\t\t<p>&#8220;La CCIAG es m\u00e1s que un \u00f3rgano t\u00e9cnico: es un foro de di\u00e1logo estrat\u00e9gico con los representantes del Estado, las autoridades locales y los puertos&#8221;, subraya <a href=\"https:\/\/richeskarayib.com\/es\/martinica-msc-cruceros-refuerza-su-presencia-estrategica-en-el-caribe\/\" target=\"_blank\" rel=\"noopener\">Bruno Menc\u00e9<\/a>, Presidente del Consejo de Administraci\u00f3n del <a href=\"https:\/\/www.martinique.port.fr\/\" target=\"_blank\" rel=\"noopener nofollow\">Grand Port Maritime de la Martinique<\/a>.<\/p><p>La CCIAG garantiza que las pol\u00edticas portuarias se ajusten regularmente a las directrices nacionales y a las necesidades locales. Cada a\u00f1o, los tres puertos ponen en com\u00fan sus opiniones y definen juntos las prioridades: seguridad, conectividad, transici\u00f3n ecol\u00f3gica y competitividad log\u00edstica. <\/p>\t\t\t\t\t\t\t\t<\/div>\n\t\t\t\t<\/div>\n\t\t\t\t<div class=\"elementor-element elementor-element-eeaa7d6 elementor-widget elementor-widget-image\" data-id=\"eeaa7d6\" data-element_type=\"widget\" data-widget_type=\"image.default\">\n\t\t\t\t<div class=\"elementor-widget-container\">\n\t\t\t\t\t\t\t\t\t\t\t\t<figure class=\"wp-caption\">\n\t\t\t\t\t\t\t\t\t\t<img fetchpriority=\"high\" decoding=\"async\" width=\"800\" height=\"800\" src=\"https:\/\/richeskarayib.com\/wp-content\/uploads\/2025\/12\/Bruno-Mence-1024x1024.png\" class=\"attachment-large size-large wp-image-66634\" alt=\"CCIAG\" srcset=\"https:\/\/richeskarayib.com\/wp-content\/uploads\/2025\/12\/Bruno-Mence-1024x1024.png 1024w, https:\/\/richeskarayib.com\/wp-content\/uploads\/2025\/12\/Bruno-Mence-300x300.png 300w, https:\/\/richeskarayib.com\/wp-content\/uploads\/2025\/12\/Bruno-Mence-150x150.png 150w, https:\/\/richeskarayib.com\/wp-content\/uploads\/2025\/12\/Bruno-Mence-768x768.png 768w, https:\/\/richeskarayib.com\/wp-content\/uploads\/2025\/12\/Bruno-Mence-1536x1536.png 1536w, https:\/\/richeskarayib.com\/wp-content\/uploads\/2025\/12\/Bruno-Mence-1320x1320.png 1320w, https:\/\/richeskarayib.com\/wp-content\/uploads\/2025\/12\/Bruno-Mence.png 1920w\" sizes=\"(max-width: 800px) 100vw, 800px\" \/>\t\t\t\t\t\t\t\t\t\t\t<figcaption class=\"widget-image-caption wp-caption-text\">Bruno Mence\u0301<\/figcaption>\n\t\t\t\t\t\t\t\t\t\t<\/figure>\n\t\t\t\t\t\t\t\t\t<\/div>\n\t\t\t\t<\/div>\n\t\t\t\t<div class=\"elementor-element elementor-element-c4fc435 elementor-widget elementor-widget-text-editor\" data-id=\"c4fc435\" data-element_type=\"widget\" data-widget_type=\"text-editor.default\">\n\t\t\t\t<div class=\"elementor-widget-container\">\n\t\t\t\t\t\t\t\t\t<p>Jean-Pierre Chalus, Presidente del Consejo de Administraci\u00f3n del <a href=\"https:\/\/guadeloupe-portcaraibes.com\/\" target=\"_blank\" rel=\"noopener nofollow\">Puerto de Guadalupe<\/a>, subraya que esta gobernanza compartida permite hacer un seguimiento real de los avances y las dificultades:<\/p><blockquote><p>&#8220;Todos los a\u00f1os hacemos una revisi\u00f3n de las orientaciones votadas colectivamente, lo que nos permite identificar nuestros progresos y dificultades, y continuar nuestro camino&#8221;<br>Tambi\u00e9n destaca la creciente movilizaci\u00f3n de los equipos en torno a las cuestiones medioambientales:<br>&#8220;Hay un gran entusiasmo entre todos los puertos por invertir en transiciones energ\u00e9ticas, ecol\u00f3gicas y de otro tipo, al servicio del desarrollo sostenible de nuestros territorios&#8221;.<\/p><\/blockquote>\t\t\t\t\t\t\t\t<\/div>\n\t\t\t\t<\/div>\n\t\t\t\t<div class=\"elementor-element elementor-element-3984296 elementor-widget elementor-widget-image\" data-id=\"3984296\" data-element_type=\"widget\" data-widget_type=\"image.default\">\n\t\t\t\t<div class=\"elementor-widget-container\">\n\t\t\t\t\t\t\t\t\t\t\t\t<figure class=\"wp-caption\">\n\t\t\t\t\t\t\t\t\t\t<img decoding=\"async\" width=\"800\" height=\"800\" src=\"https:\/\/richeskarayib.com\/wp-content\/uploads\/2025\/12\/Jean-Pierre-Chalus-1024x1024.png\" class=\"attachment-large size-large wp-image-66642\" alt=\"CCIAG\" srcset=\"https:\/\/richeskarayib.com\/wp-content\/uploads\/2025\/12\/Jean-Pierre-Chalus-1024x1024.png 1024w, https:\/\/richeskarayib.com\/wp-content\/uploads\/2025\/12\/Jean-Pierre-Chalus-300x300.png 300w, https:\/\/richeskarayib.com\/wp-content\/uploads\/2025\/12\/Jean-Pierre-Chalus-150x150.png 150w, https:\/\/richeskarayib.com\/wp-content\/uploads\/2025\/12\/Jean-Pierre-Chalus-768x768.png 768w, https:\/\/richeskarayib.com\/wp-content\/uploads\/2025\/12\/Jean-Pierre-Chalus-1536x1536.png 1536w, https:\/\/richeskarayib.com\/wp-content\/uploads\/2025\/12\/Jean-Pierre-Chalus-1320x1320.png 1320w, https:\/\/richeskarayib.com\/wp-content\/uploads\/2025\/12\/Jean-Pierre-Chalus.png 1920w\" sizes=\"(max-width: 800px) 100vw, 800px\" \/>\t\t\t\t\t\t\t\t\t\t\t<figcaption class=\"widget-image-caption wp-caption-text\">Jean Pierre Chalus<\/figcaption>\n\t\t\t\t\t\t\t\t\t\t<\/figure>\n\t\t\t\t\t\t\t\t\t<\/div>\n\t\t\t\t<\/div>\n\t\t\t\t<div class=\"elementor-element elementor-element-f824ec8 elementor-widget elementor-widget-text-editor\" data-id=\"f824ec8\" data-element_type=\"widget\" data-widget_type=\"text-editor.default\">\n\t\t\t\t<div class=\"elementor-widget-container\">\n\t\t\t\t\t\t\t\t\t<p>St\u00e9phane Tant, Presidente del Consejo de Administraci\u00f3n del <a href=\"https:\/\/portdeguyane.fr\/\" target=\"_blank\" rel=\"noopener nofollow\">Grand Port Maritime de la Guyane<\/a>, subraya la importancia de esta reuni\u00f3n anual:<\/p><blockquote><p>&#8220;Es un encuentro que nos permite debatir no s\u00f3lo entre puertos, sino tambi\u00e9n con los cargos electos, la DGOM (Direcci\u00f3n General de Ultramar) y la DGITM (Direcci\u00f3n General de Infraestructuras, Transportes y Mar), sobre nuestros retos comunes, nuestras necesidades de desarrollo y nuestra hoja de ruta.  <\/p><p>Subraya que la CCIAG va m\u00e1s all\u00e1 de las cuestiones portuarias y se inscribe en una din\u00e1mica de desarrollo econ\u00f3mico y conectividad regional.<\/p><\/blockquote>\t\t\t\t\t\t\t\t<\/div>\n\t\t\t\t<\/div>\n\t\t\t\t<div class=\"elementor-element elementor-element-ce7dc5b elementor-widget elementor-widget-image\" data-id=\"ce7dc5b\" data-element_type=\"widget\" data-widget_type=\"image.default\">\n\t\t\t\t<div class=\"elementor-widget-container\">\n\t\t\t\t\t\t\t\t\t\t\t\t<figure class=\"wp-caption\">\n\t\t\t\t\t\t\t\t\t\t<img decoding=\"async\" width=\"800\" height=\"800\" src=\"https:\/\/richeskarayib.com\/wp-content\/uploads\/2025\/12\/Stephane-Tant-1-1024x1024.png\" class=\"attachment-large size-large wp-image-66654\" alt=\"CCIAG\" srcset=\"https:\/\/richeskarayib.com\/wp-content\/uploads\/2025\/12\/Stephane-Tant-1-1024x1024.png 1024w, https:\/\/richeskarayib.com\/wp-content\/uploads\/2025\/12\/Stephane-Tant-1-300x300.png 300w, https:\/\/richeskarayib.com\/wp-content\/uploads\/2025\/12\/Stephane-Tant-1-150x150.png 150w, https:\/\/richeskarayib.com\/wp-content\/uploads\/2025\/12\/Stephane-Tant-1-768x768.png 768w, https:\/\/richeskarayib.com\/wp-content\/uploads\/2025\/12\/Stephane-Tant-1-1536x1536.png 1536w, https:\/\/richeskarayib.com\/wp-content\/uploads\/2025\/12\/Stephane-Tant-1-1320x1320.png 1320w, https:\/\/richeskarayib.com\/wp-content\/uploads\/2025\/12\/Stephane-Tant-1.png 1920w\" sizes=\"(max-width: 800px) 100vw, 800px\" \/>\t\t\t\t\t\t\t\t\t\t\t<figcaption class=\"widget-image-caption wp-caption-text\">St\u00e9phane Tant<\/figcaption>\n\t\t\t\t\t\t\t\t\t\t<\/figure>\n\t\t\t\t\t\t\t\t\t<\/div>\n\t\t\t\t<\/div>\n\t\t\t\t\t<\/div>\n\t\t<\/div>\n\t\t\t\t\t<\/div>\n\t\t<\/section>\n\t\t\t\t<section class=\"elementor-section elementor-top-section elementor-element elementor-element-ceca32c elementor-section-boxed elementor-section-height-default elementor-section-height-default\" data-id=\"ceca32c\" data-element_type=\"section\">\n\t\t\t\t\t\t<div class=\"elementor-container elementor-column-gap-default\">\n\t\t\t\t\t<div class=\"elementor-column elementor-col-100 elementor-top-column elementor-element elementor-element-5a2e383\" data-id=\"5a2e383\" data-element_type=\"column\">\n\t\t\t<div class=\"elementor-widget-wrap elementor-element-populated\">\n\t\t\t\t\t\t<div class=\"elementor-element elementor-element-6cedf5f elementor-widget elementor-widget-heading\" data-id=\"6cedf5f\" data-element_type=\"widget\" data-widget_type=\"heading.default\">\n\t\t\t\t<div class=\"elementor-widget-container\">\n\t\t\t\t\t<h2 class=\"elementor-heading-title elementor-size-default\">Una hoja de ruta com\u00fan y acciones concretas<\/h2>\t\t\t\t<\/div>\n\t\t\t\t<\/div>\n\t\t\t\t<div class=\"elementor-element elementor-element-e93d1fb elementor-widget elementor-widget-text-editor\" data-id=\"e93d1fb\" data-element_type=\"widget\" data-widget_type=\"text-editor.default\">\n\t\t\t\t<div class=\"elementor-widget-container\">\n\t\t\t\t\t\t\t\t\t<p data-start=\"322\" data-end=\"593\">La hoja de ruta 2025-2029, definida colectivamente por todos los agentes de la CCIAG, se basa en grandes temas como la descarbonizaci\u00f3n, la seguridad portuaria, la innovaci\u00f3n y la adaptaci\u00f3n al cambio clim\u00e1tico. Bruno Menc\u00e9 lo explica: <\/p><p data-start=\"322\" data-end=\"593\"><span style=\"font-size: 1rem;\">&#8220;Tenemos que garantizar el mismo nivel de seguridad y protecci\u00f3n en nuestros tres puertos, de acuerdo con las necesidades de nuestros clientes y de las regiones.<\/span><\/p><p data-start=\"322\" data-end=\"593\"><span style=\"font-size: 1rem;\">Tambi\u00e9n subraya la importancia de la cooperaci\u00f3n regional con el <\/span><strong style=\"font-size: 1rem;\" data-start=\"822\" data-end=\"831\">PMAC <\/strong><span style=\"font-size: 1rem;\">(Asociaci\u00f3n de Gesti\u00f3n Portuaria del Caribe) para crear un observatorio econ\u00f3mico caribe\u00f1o:<\/span><\/p><p data-start=\"322\" data-end=\"593\"><span style=\"font-size: 1rem;\">&#8220;Es un proyecto verdaderamente caribe\u00f1o en el que estamos trabajando con el PMAC y, por tanto, con todos los puertos del Caribe&#8221;, explica Bruno Menc\u00e9.<\/span><\/p><p data-start=\"322\" data-end=\"593\"><span style=\"font-size: 1rem;\">El objetivo es conocer mejor el funcionamiento de las compa\u00f1\u00edas navieras e identificar formas de desarrollar el comercio con las islas vecinas.<\/span><\/p><p data-start=\"235\" data-end=\"371\">Jean-Pierre Chalus se\u00f1ala que esta hoja de ruta permite abordar cuestiones estrat\u00e9gicas como los servicios interterritoriales:<\/p><p data-start=\"235\" data-end=\"371\"><span style=\"font-size: 1rem;\">&#8220;La regularidad de los servicios a Guayana Francesa, Guadalupe y Martinica es un factor importante para nuestros territorios, tanto para los agentes econ\u00f3micos como para los pol\u00edticos.<\/span><\/p><p data-start=\"235\" data-end=\"371\"><span style=\"font-size: 1rem;\">Tambi\u00e9n subraya el papel de las reuniones t\u00e9cnicas que se celebran a lo largo del a\u00f1o entre los departamentos portuarios para garantizar que se avanza de forma continua.<\/span><\/p><p data-start=\"235\" data-end=\"371\"><span style=\"font-size: 1rem;\">Por \u00faltimo, cita las siguientes acciones concretas que ya est\u00e1n en marcha, <\/span><strong style=\"font-size: 1rem;\" data-start=\"795\" data-end=\"904\">la firma conjunta de un compromiso con la UICN (Uni\u00f3n Internacional para la Conservaci\u00f3n de la Naturaleza)<\/strong><span style=\"font-size: 1rem;\"> sobre la gesti\u00f3n de las especies ex\u00f3ticas invasoras, que refleja la implicaci\u00f3n de los puertos en las cuestiones medioambientales compartidas.<\/span><\/p><p data-start=\"1376\" data-end=\"1468\">St\u00e9phane Tant destaca las perspectivas de una cooperaci\u00f3n m\u00e1s estrecha con el Escudo <strong data-start=\"873\" data-end=\"896\">Guayan\u00e9s<\/strong>, en el marco de una conferencia bianual entre Guayana Francesa, Guyana, Surinam y dos estados brasile\u00f1os (Amap\u00e1 y Par\u00e1):<br data-start=\"1022\" data-end=\"1025\">&#8220;Estamos dirigiendo una conferencia sobre la cooperaci\u00f3n entre los puertos del Escudo Guayan\u00e9s&#8221;<br data-start=\"1122\" data-end=\"1125\">Esta iniciativa complementa el trabajo de la CCIAG ampliando las conexiones regionales a Sudam\u00e9rica.<\/p>\t\t\t\t\t\t\t\t<\/div>\n\t\t\t\t<\/div>\n\t\t\t\t<div class=\"elementor-element elementor-element-d9f42de elementor-widget elementor-widget-image\" data-id=\"d9f42de\" data-element_type=\"widget\" data-widget_type=\"image.default\">\n\t\t\t\t<div class=\"elementor-widget-container\">\n\t\t\t\t\t\t\t\t\t\t\t\t\t\t\t<img loading=\"lazy\" decoding=\"async\" width=\"800\" height=\"370\" src=\"https:\/\/richeskarayib.com\/wp-content\/uploads\/2025\/12\/WhatsApp-Image-2025-12-13-at-08.51.16-1024x473.jpeg\" class=\"attachment-large size-large wp-image-66630\" alt=\"CCIAG\" srcset=\"https:\/\/richeskarayib.com\/wp-content\/uploads\/2025\/12\/WhatsApp-Image-2025-12-13-at-08.51.16-1024x473.jpeg 1024w, https:\/\/richeskarayib.com\/wp-content\/uploads\/2025\/12\/WhatsApp-Image-2025-12-13-at-08.51.16-300x139.jpeg 300w, https:\/\/richeskarayib.com\/wp-content\/uploads\/2025\/12\/WhatsApp-Image-2025-12-13-at-08.51.16-768x355.jpeg 768w, https:\/\/richeskarayib.com\/wp-content\/uploads\/2025\/12\/WhatsApp-Image-2025-12-13-at-08.51.16-1536x709.jpeg 1536w, https:\/\/richeskarayib.com\/wp-content\/uploads\/2025\/12\/WhatsApp-Image-2025-12-13-at-08.51.16-1320x610.jpeg 1320w, https:\/\/richeskarayib.com\/wp-content\/uploads\/2025\/12\/WhatsApp-Image-2025-12-13-at-08.51.16.jpeg 1600w\" sizes=\"(max-width: 800px) 100vw, 800px\" \/>\t\t\t\t\t\t\t\t\t\t\t\t\t\t\t<\/div>\n\t\t\t\t<\/div>\n\t\t\t\t\t<\/div>\n\t\t<\/div>\n\t\t\t\t\t<\/div>\n\t\t<\/section>\n\t\t\t\t<section class=\"elementor-section elementor-top-section elementor-element elementor-element-9c88a89 elementor-section-boxed elementor-section-height-default elementor-section-height-default\" data-id=\"9c88a89\" data-element_type=\"section\">\n\t\t\t\t\t\t<div class=\"elementor-container elementor-column-gap-default\">\n\t\t\t\t\t<div class=\"elementor-column elementor-col-100 elementor-top-column elementor-element elementor-element-78cf5d1\" data-id=\"78cf5d1\" data-element_type=\"column\">\n\t\t\t<div class=\"elementor-widget-wrap elementor-element-populated\">\n\t\t\t\t\t\t<div class=\"elementor-element elementor-element-ea2a5c1 elementor-widget elementor-widget-heading\" data-id=\"ea2a5c1\" data-element_type=\"widget\" data-widget_type=\"heading.default\">\n\t\t\t\t<div class=\"elementor-widget-container\">\n\t\t\t\t\t<h2 class=\"elementor-heading-title elementor-size-default\">Una visi\u00f3n compartida: superar la insularidad<\/h2>\t\t\t\t<\/div>\n\t\t\t\t<\/div>\n\t\t\t\t<section class=\"elementor-section elementor-inner-section elementor-element elementor-element-a9449d8 elementor-section-boxed elementor-section-height-default elementor-section-height-default\" data-id=\"a9449d8\" data-element_type=\"section\">\n\t\t\t\t\t\t<div class=\"elementor-container elementor-column-gap-default\">\n\t\t\t\t\t<div class=\"elementor-column elementor-col-100 elementor-inner-column elementor-element elementor-element-1cac7ee\" data-id=\"1cac7ee\" data-element_type=\"column\">\n\t\t\t<div class=\"elementor-widget-wrap elementor-element-populated\">\n\t\t\t\t\t\t<div class=\"elementor-element elementor-element-e305eee elementor-widget elementor-widget-text-editor\" data-id=\"e305eee\" data-element_type=\"widget\" data-widget_type=\"text-editor.default\">\n\t\t\t\t<div class=\"elementor-widget-container\">\n\t\t\t\t\t\t\t\t\t<p data-start=\"882\" data-end=\"1190\">La CCIAG tiene una ambici\u00f3n compartida que va m\u00e1s all\u00e1 de la simple coordinaci\u00f3n entre puertos. Al reunir a directores de puertos, representantes del Estado, autoridades locales y presidentes de los consejos de vigilancia, este organismo promueve un enfoque global de la log\u00edstica y el desarrollo territorial. <\/p><p data-start=\"1192\" data-end=\"1594\">Todos los participantes coincidieron en la misma observaci\u00f3n: el rendimiento de los puertos ya no puede considerarse de forma aislada. Depende de una gobernanza m\u00e1s amplia, capaz de conectar las pol\u00edticas p\u00fablicas, las cuestiones econ\u00f3micas y los imperativos medioambientales. Este marco com\u00fan nos permitir\u00e1 sentar las bases de una log\u00edstica m\u00e1s resistente y mejor integrada, orientada al Gran Caribe en su conjunto.  <\/p><p data-start=\"1596\" data-end=\"1836\">En 2026, esta din\u00e1mica continuar\u00e1 en la Guayana Francesa, en la pr\u00f3xima sesi\u00f3n plenaria. Se trata de una oportunidad muy esperada para profundizar en esta cooperaci\u00f3n multilateral y consolidar las bases de la soberan\u00eda log\u00edstica regional. <\/p>\t\t\t\t\t\t\t\t<\/div>\n\t\t\t\t<\/div>\n\t\t\t\t<div class=\"elementor-element elementor-element-1190334 elementor-widget elementor-widget-image\" data-id=\"1190334\" data-element_type=\"widget\" data-widget_type=\"image.default\">\n\t\t\t\t<div class=\"elementor-widget-container\">\n\t\t\t\t\t\t\t\t\t\t\t\t\t\t\t<img loading=\"lazy\" decoding=\"async\" width=\"800\" height=\"370\" src=\"https:\/\/richeskarayib.com\/wp-content\/uploads\/2025\/12\/20251212_121616-1024x473.jpg\" class=\"attachment-large size-large wp-image-66658\" alt=\"CCIAG\" srcset=\"https:\/\/richeskarayib.com\/wp-content\/uploads\/2025\/12\/20251212_121616-1024x473.jpg 1024w, https:\/\/richeskarayib.com\/wp-content\/uploads\/2025\/12\/20251212_121616-300x139.jpg 300w, https:\/\/richeskarayib.com\/wp-content\/uploads\/2025\/12\/20251212_121616-768x355.jpg 768w, https:\/\/richeskarayib.com\/wp-content\/uploads\/2025\/12\/20251212_121616-1536x710.jpg 1536w, https:\/\/richeskarayib.com\/wp-content\/uploads\/2025\/12\/20251212_121616-1320x610.jpg 1320w, https:\/\/richeskarayib.com\/wp-content\/uploads\/2025\/12\/20251212_121616.jpg 1920w\" sizes=\"(max-width: 800px) 100vw, 800px\" \/>\t\t\t\t\t\t\t\t\t\t\t\t\t\t\t<\/div>\n\t\t\t\t<\/div>\n\t\t\t\t\t<\/div>\n\t\t<\/div>\n\t\t\t\t\t<\/div>\n\t\t<\/section>\n\t\t\t\t<section class=\"elementor-section elementor-inner-section elementor-element elementor-element-a8d4566 elementor-section-boxed elementor-section-height-default elementor-section-height-default\" data-id=\"a8d4566\" data-element_type=\"section\">\n\t\t\t\t\t\t<div class=\"elementor-container elementor-column-gap-default\">\n\t\t\t\t\t<div class=\"elementor-column elementor-col-100 elementor-inner-column elementor-element elementor-element-45a201a\" data-id=\"45a201a\" data-element_type=\"column\">\n\t\t\t<div class=\"elementor-widget-wrap elementor-element-populated\">\n\t\t\t\t\t\t<div class=\"elementor-element elementor-element-d80c517 elementor-widget elementor-widget-heading\" data-id=\"d80c517\" data-element_type=\"widget\" data-widget_type=\"heading.default\">\n\t\t\t\t<div class=\"elementor-widget-container\">\n\t\t\t\t\t<h2 class=\"elementor-heading-title elementor-size-default\">PREGUNTAS FRECUENTES<\/h2>\t\t\t\t<\/div>\n\t\t\t\t<\/div>\n\t\t\t\t<div class=\"elementor-element elementor-element-671bec3 elementor-widget elementor-widget-accordion\" data-id=\"671bec3\" data-element_type=\"widget\" data-widget_type=\"accordion.default\">\n\t\t\t\t<div class=\"elementor-widget-container\">\n\t\t\t\t\t\t\t<div class=\"elementor-accordion\">\n\t\t\t\t\t\t\t<div class=\"elementor-accordion-item\">\n\t\t\t\t\t<div id=\"elementor-tab-title-1081\" class=\"elementor-tab-title\" data-tab=\"1\" role=\"button\" aria-controls=\"elementor-tab-content-1081\" aria-expanded=\"false\">\n\t\t\t\t\t\t\t\t\t\t\t\t\t<span class=\"elementor-accordion-icon elementor-accordion-icon-left\" aria-hidden=\"true\">\n\t\t\t\t\t\t\t\t\t\t\t\t\t\t\t<span class=\"elementor-accordion-icon-closed\"><i class=\"fas fa-plus\"><\/i><\/span>\n\t\t\t\t\t\t\t\t<span class=\"elementor-accordion-icon-opened\"><i class=\"fas fa-minus\"><\/i><\/span>\n\t\t\t\t\t\t\t\t\t\t\t\t\t\t<\/span>\n\t\t\t\t\t\t\t\t\t\t\t\t<a class=\"elementor-accordion-title\" tabindex=\"0\">\u00bfQu\u00e9 es la CCIAG y cu\u00e1l es su finalidad?<\/a>\n\t\t\t\t\t<\/div>\n\t\t\t\t\t<div id=\"elementor-tab-content-1081\" class=\"elementor-tab-content elementor-clearfix\" data-tab=\"1\" role=\"region\" aria-labelledby=\"elementor-tab-title-1081\"><p>El Conseil de Coordination Interportuaire Antilles-Guyane (CCIAG) es un organismo creado en virtud del C\u00f3digo de Transportes franc\u00e9s, que re\u00fane al Estado, las autoridades locales y los tres grandes puertos mar\u00edtimos de Guadalupe, Martinica y Guayana Francesa. Su objetivo es coordinar las pol\u00edticas portuarias, reforzar la coherencia log\u00edstica regional y apoyar el desarrollo econ\u00f3mico de las regiones. <\/p>\n<\/div>\n\t\t\t\t<\/div>\n\t\t\t\t\t\t\t<div class=\"elementor-accordion-item\">\n\t\t\t\t\t<div id=\"elementor-tab-title-1082\" class=\"elementor-tab-title\" data-tab=\"2\" role=\"button\" aria-controls=\"elementor-tab-content-1082\" aria-expanded=\"false\">\n\t\t\t\t\t\t\t\t\t\t\t\t\t<span class=\"elementor-accordion-icon elementor-accordion-icon-left\" aria-hidden=\"true\">\n\t\t\t\t\t\t\t\t\t\t\t\t\t\t\t<span class=\"elementor-accordion-icon-closed\"><i class=\"fas fa-plus\"><\/i><\/span>\n\t\t\t\t\t\t\t\t<span class=\"elementor-accordion-icon-opened\"><i class=\"fas fa-minus\"><\/i><\/span>\n\t\t\t\t\t\t\t\t\t\t\t\t\t\t<\/span>\n\t\t\t\t\t\t\t\t\t\t\t\t<a class=\"elementor-accordion-title\" tabindex=\"0\">\u00bfCu\u00e1les son los ejes principales de la hoja de ruta 2025-2029 de la CCIAG?<\/a>\n\t\t\t\t\t<\/div>\n\t\t\t\t\t<div id=\"elementor-tab-content-1082\" class=\"elementor-tab-content elementor-clearfix\" data-tab=\"2\" role=\"region\" aria-labelledby=\"elementor-tab-title-1082\"><p>La hoja de ruta 2025-2029 se centra en varias prioridades: descarbonizaci\u00f3n de las actividades portuarias, seguridad y protecci\u00f3n, adaptaci\u00f3n al cambio clim\u00e1tico, innovaci\u00f3n log\u00edstica y refuerzo de la conectividad regional, sobre todo con el Caribe y la Meseta de Guayana.<\/p>\n<\/div>\n\t\t\t\t<\/div>\n\t\t\t\t\t\t\t<div class=\"elementor-accordion-item\">\n\t\t\t\t\t<div id=\"elementor-tab-title-1083\" class=\"elementor-tab-title\" data-tab=\"3\" role=\"button\" aria-controls=\"elementor-tab-content-1083\" aria-expanded=\"false\">\n\t\t\t\t\t\t\t\t\t\t\t\t\t<span class=\"elementor-accordion-icon elementor-accordion-icon-left\" aria-hidden=\"true\">\n\t\t\t\t\t\t\t\t\t\t\t\t\t\t\t<span class=\"elementor-accordion-icon-closed\"><i class=\"fas fa-plus\"><\/i><\/span>\n\t\t\t\t\t\t\t\t<span class=\"elementor-accordion-icon-opened\"><i class=\"fas fa-minus\"><\/i><\/span>\n\t\t\t\t\t\t\t\t\t\t\t\t\t\t<\/span>\n\t\t\t\t\t\t\t\t\t\t\t\t<a class=\"elementor-accordion-title\" tabindex=\"0\">\u00bfC\u00f3mo contribuye la CCIAG al desarrollo regional?<\/a>\n\t\t\t\t\t<\/div>\n\t\t\t\t\t<div id=\"elementor-tab-content-1083\" class=\"elementor-tab-content elementor-clearfix\" data-tab=\"3\" role=\"region\" aria-labelledby=\"elementor-tab-title-1083\"><p>Al promover una gobernanza compartida entre los puertos, el Estado y las autoridades locales, la CCIAG permite ir m\u00e1s all\u00e1 de un enfoque estrictamente insular. Contribuye a estructurar una log\u00edstica m\u00e1s resistente, a mejorar la regularidad de los servicios mar\u00edtimos y a incluir a los territorios Antillas-Guayana en una din\u00e1mica de cooperaci\u00f3n regional m\u00e1s amplia. <\/p>\n<\/div>\n\t\t\t\t<\/div>\n\t\t\t\t\t\t\t\t<\/div>\n\t\t\t\t\t\t<\/div>\n\t\t\t\t<\/div>\n\t\t\t\t\t<\/div>\n\t\t<\/div>\n\t\t\t\t\t<\/div>\n\t\t<\/section>\n\t\t\t\t\t<\/div>\n\t\t<\/div>\n\t\t\t\t\t<\/div>\n\t\t<\/section>\n\t\t\t\t<\/div>\n\t\t","protected":false},"excerpt":{"rendered":"<p>El Consejo de Coordinaci\u00f3n Interportuaria Antillas-Guyana (CCIAG) se reuni\u00f3 el 12 de diciembre de 2025 en la Habitation Le PALM de Martinica. Esta reuni\u00f3n anual, prevista en el C\u00f3digo de Transportes, se ha convertido en una importante palanca de gobernanza interterritorial entre Guadalupe, Martinica y Guayana Francesa. Apoyada por el gobierno franc\u00e9s y los tres [&hellip;]<\/p>\n","protected":false},"author":47,"featured_media":66630,"comment_status":"open","ping_status":"open","sticky":false,"template":"","format":"standard","meta":{"_acf_changed":false,"footnotes":""},"categories":[1724],"tags":[1547,1549,816],"class_list":["post-66666","post","type-post","status-publish","format-standard","has-post-thumbnail","hentry","category-maritimo","tag-guadalupe","tag-guayana-francesa","tag-martinique-es"],"acf":[],"_links":{"self":[{"href":"https:\/\/richeskarayib.com\/es\/wp-json\/wp\/v2\/posts\/66666","targetHints":{"allow":["GET"]}}],"collection":[{"href":"https:\/\/richeskarayib.com\/es\/wp-json\/wp\/v2\/posts"}],"about":[{"href":"https:\/\/richeskarayib.com\/es\/wp-json\/wp\/v2\/types\/post"}],"author":[{"embeddable":true,"href":"https:\/\/richeskarayib.com\/es\/wp-json\/wp\/v2\/users\/47"}],"replies":[{"embeddable":true,"href":"https:\/\/richeskarayib.com\/es\/wp-json\/wp\/v2\/comments?post=66666"}],"version-history":[{"count":0,"href":"https:\/\/richeskarayib.com\/es\/wp-json\/wp\/v2\/posts\/66666\/revisions"}],"wp:featuredmedia":[{"embeddable":true,"href":"https:\/\/richeskarayib.com\/es\/wp-json\/wp\/v2\/media\/66630"}],"wp:attachment":[{"href":"https:\/\/richeskarayib.com\/es\/wp-json\/wp\/v2\/media?parent=66666"}],"wp:term":[{"taxonomy":"category","embeddable":true,"href":"https:\/\/richeskarayib.com\/es\/wp-json\/wp\/v2\/categories?post=66666"},{"taxonomy":"post_tag","embeddable":true,"href":"https:\/\/richeskarayib.com\/es\/wp-json\/wp\/v2\/tags?post=66666"}],"curies":[{"name":"wp","href":"https:\/\/api.w.org\/{rel}","templated":true}]}}