{"id":66729,"date":"2025-12-15T12:24:33","date_gmt":"2025-12-15T16:24:33","guid":{"rendered":"https:\/\/richeskarayib.com\/barbados-mia-mottley-en-forbes-2025-cuando-el-caribe-entre-en-el-corazon-del-poder-mundial\/"},"modified":"2025-12-15T12:24:34","modified_gmt":"2025-12-15T16:24:34","slug":"barbados-mia-mottley-en-forbes-2025-cuando-el-caribe-entre-en-el-corazon-del-poder-mundial","status":"publish","type":"post","link":"https:\/\/richeskarayib.com\/es\/barbados-mia-mottley-en-forbes-2025-cuando-el-caribe-entre-en-el-corazon-del-poder-mundial\/","title":{"rendered":"Barbados &#8211; Mia Mottley en Forbes 2025: cuando el Caribe entre en el coraz\u00f3n del poder mundial"},"content":{"rendered":"\t\t<div data-elementor-type=\"wp-post\" data-elementor-id=\"66729\" class=\"elementor elementor-66729 elementor-66707\" data-elementor-post-type=\"post\">\n\t\t\t\t\t\t<section class=\"elementor-section elementor-top-section elementor-element elementor-element-7ca7ca1 elementor-section-boxed elementor-section-height-default elementor-section-height-default\" data-id=\"7ca7ca1\" data-element_type=\"section\">\n\t\t\t\t\t\t<div class=\"elementor-container elementor-column-gap-default\">\n\t\t\t\t\t<div class=\"elementor-column elementor-col-100 elementor-top-column elementor-element elementor-element-cbdd002\" data-id=\"cbdd002\" data-element_type=\"column\">\n\t\t\t<div class=\"elementor-widget-wrap elementor-element-populated\">\n\t\t\t\t\t\t<section class=\"elementor-section elementor-inner-section elementor-element elementor-element-bc94849 elementor-section-boxed elementor-section-height-default elementor-section-height-default\" data-id=\"bc94849\" data-element_type=\"section\">\n\t\t\t\t\t\t<div class=\"elementor-container elementor-column-gap-default\">\n\t\t\t\t\t\t<\/div>\n\t\t<\/section>\n\t\t\t\t<section class=\"elementor-section elementor-inner-section elementor-element elementor-element-61571e6 elementor-section-boxed elementor-section-height-default elementor-section-height-default\" data-id=\"61571e6\" data-element_type=\"section\">\n\t\t\t\t\t\t<div class=\"elementor-container elementor-column-gap-default\">\n\t\t\t\t\t\t<\/div>\n\t\t<\/section>\n\t\t\t\t<section class=\"elementor-section elementor-inner-section elementor-element elementor-element-b6262e0 elementor-section-boxed elementor-section-height-default elementor-section-height-default\" data-id=\"b6262e0\" data-element_type=\"section\">\n\t\t\t\t\t\t<div class=\"elementor-container elementor-column-gap-default\">\n\t\t\t\t\t\t<\/div>\n\t\t<\/section>\n\t\t\t\t<section class=\"elementor-section elementor-inner-section elementor-element elementor-element-cca29fd elementor-section-boxed elementor-section-height-default elementor-section-height-default\" data-id=\"cca29fd\" data-element_type=\"section\">\n\t\t\t\t\t\t<div class=\"elementor-container elementor-column-gap-default\">\n\t\t\t\t\t\t<\/div>\n\t\t<\/section>\n\t\t\t\t\t<\/div>\n\t\t<\/div>\n\t\t\t\t\t<\/div>\n\t\t<\/section>\n\t\t\t\t<section class=\"elementor-section elementor-top-section elementor-element elementor-element-82cd8f9 elementor-section-boxed elementor-section-height-default elementor-section-height-default\" data-id=\"82cd8f9\" data-element_type=\"section\">\n\t\t\t\t\t\t<div class=\"elementor-container elementor-column-gap-default\">\n\t\t\t\t\t<div class=\"elementor-column elementor-col-100 elementor-top-column elementor-element elementor-element-0bfdc38\" data-id=\"0bfdc38\" data-element_type=\"column\">\n\t\t\t<div class=\"elementor-widget-wrap elementor-element-populated\">\n\t\t\t\t\t\t<div class=\"elementor-element elementor-element-96caf50 elementor-widget elementor-widget-text-editor\" data-id=\"96caf50\" data-element_type=\"widget\" data-widget_type=\"text-editor.default\">\n\t\t\t\t<div class=\"elementor-widget-container\">\n\t\t\t\t\t\t\t\t\t<p><a href=\"https:\/\/www.facebook.com\/SupportMiaMottley\" target=\"_blank\" rel=\"noopener nofollow\"><b>Mia Mottley<\/b><\/a><span style=\"font-weight: 400;\"> est\u00e1 incluida en la lista 2025 de <\/span><i><span style=\"font-weight: 400;\">100 mujeres m\u00e1s poderosas del mundo<\/span><\/i><span style=\"font-weight: 400;\"> publicada por <\/span><i><span style=\"font-weight: 400;\">Forbes<\/span><\/i><span style=\"font-weight: 400;\">donde aparece en <\/span><b>puesto 99\u1d49.<\/b><span style=\"font-weight: 400;\">. Detr\u00e1s de esta cifra hay mucho m\u00e1s que una clasificaci\u00f3n. Es el s\u00edmbolo de un Caribe que est\u00e1 dejando de ser perif\u00e9rico en las grandes decisiones internacionales para imponer sus prioridades, sus urgencias y su visi\u00f3n. <\/span><\/p><p><span style=\"font-weight: 400;\">Para una regi\u00f3n relegada con demasiada frecuencia a los m\u00e1rgenes del debate geopol\u00edtico, este reconocimiento es una llamada de atenci\u00f3n. Demuestra que el poder no se mide s\u00f3lo por el tama\u00f1o de un territorio o el poder econ\u00f3mico en bruto, sino tambi\u00e9n por la capacidad de influir en las reglas del juego. <\/span><\/p>\t\t\t\t\t\t\t\t<\/div>\n\t\t\t\t<\/div>\n\t\t\t\t<section class=\"elementor-section elementor-inner-section elementor-element elementor-element-c582330 elementor-section-boxed elementor-section-height-default elementor-section-height-default\" data-id=\"c582330\" data-element_type=\"section\">\n\t\t\t\t\t\t<div class=\"elementor-container elementor-column-gap-default\">\n\t\t\t\t\t\t<\/div>\n\t\t<\/section>\n\t\t\t\t<section class=\"elementor-section elementor-inner-section elementor-element elementor-element-296603a elementor-section-boxed elementor-section-height-default elementor-section-height-default\" data-id=\"296603a\" data-element_type=\"section\">\n\t\t\t\t\t\t<div class=\"elementor-container elementor-column-gap-default\">\n\t\t\t\t\t\t<\/div>\n\t\t<\/section>\n\t\t\t\t\t<\/div>\n\t\t<\/div>\n\t\t\t\t\t<\/div>\n\t\t<\/section>\n\t\t\t\t<section class=\"elementor-section elementor-top-section elementor-element elementor-element-5a7397d elementor-section-boxed elementor-section-height-default elementor-section-height-default\" data-id=\"5a7397d\" data-element_type=\"section\">\n\t\t\t\t\t\t<div class=\"elementor-container elementor-column-gap-default\">\n\t\t\t\t\t<div class=\"elementor-column elementor-col-100 elementor-top-column elementor-element elementor-element-8b33b4b\" data-id=\"8b33b4b\" data-element_type=\"column\">\n\t\t\t<div class=\"elementor-widget-wrap elementor-element-populated\">\n\t\t\t\t\t\t<div class=\"elementor-element elementor-element-89dac4b elementor-widget elementor-widget-heading\" data-id=\"89dac4b\" data-element_type=\"widget\" data-widget_type=\"heading.default\">\n\t\t\t\t<div class=\"elementor-widget-container\">\n\t\t\t\t\t<h2 class=\"elementor-heading-title elementor-size-default\">Reconocimiento que va m\u00e1s all\u00e1 del \u00e1mbito nacional<\/h2>\t\t\t\t<\/div>\n\t\t\t\t<\/div>\n\t\t\t\t<section class=\"elementor-section elementor-inner-section elementor-element elementor-element-e38f37c elementor-section-boxed elementor-section-height-default elementor-section-height-default\" data-id=\"e38f37c\" data-element_type=\"section\">\n\t\t\t\t\t\t<div class=\"elementor-container elementor-column-gap-default\">\n\t\t\t\t\t<div class=\"elementor-column elementor-col-100 elementor-inner-column elementor-element elementor-element-fefbbc4\" data-id=\"fefbbc4\" data-element_type=\"column\">\n\t\t\t<div class=\"elementor-widget-wrap elementor-element-populated\">\n\t\t\t\t\t\t<div class=\"elementor-element elementor-element-a922db8 elementor-widget elementor-widget-text-editor\" data-id=\"a922db8\" data-element_type=\"widget\" data-widget_type=\"text-editor.default\">\n\t\t\t\t<div class=\"elementor-widget-container\">\n\t\t\t\t\t\t\t\t\t<p><span style=\"font-weight: 400;\">La lista Forbes no premia la popularidad. Identifica a mujeres cuya influencia tiene un impacto tangible en las decisiones econ\u00f3micas, pol\u00edticas y sociales a escala mundial. Ver    <\/span><b>Mia Mottley<\/b><span style=\"font-weight: 400;\"> Estar incluido es reconocer que la voz de Barbados -y, m\u00e1s all\u00e1, la de los Estados insulares- se oye ahora cuando se debaten los grandes equilibrios internacionales.<\/span><\/p><p><span style=\"font-weight: 400;\">Fue la primera mujer en ocupar el cargo de Primera Ministra de Barbados.<\/span> <span style=\"font-weight: 400;\">se ha establecido como interlocutor respetado en los foros internacionales. Su liderazgo se basa en un enfoque claro: nombrar los desequilibrios, cuantificar las injusticias y exigir reformas estructurales en lugar de ajustes cosm\u00e9ticos. <\/span><\/p>\t\t\t\t\t\t\t\t<\/div>\n\t\t\t\t<\/div>\n\t\t\t\t<div class=\"elementor-element elementor-element-430e819 elementor-widget elementor-widget-image\" data-id=\"430e819\" data-element_type=\"widget\" data-widget_type=\"image.default\">\n\t\t\t\t<div class=\"elementor-widget-container\">\n\t\t\t\t\t\t\t\t\t\t\t\t\t\t\t<img fetchpriority=\"high\" decoding=\"async\" width=\"800\" height=\"1000\" src=\"https:\/\/richeskarayib.com\/wp-content\/uploads\/2025\/12\/\u00a9Mia-Amor-Mottley-1-819x1024.jpg\" class=\"attachment-large size-large wp-image-66715\" alt=\"Mia Mottley\" srcset=\"https:\/\/richeskarayib.com\/wp-content\/uploads\/2025\/12\/\u00a9Mia-Amor-Mottley-1-819x1024.jpg 819w, https:\/\/richeskarayib.com\/wp-content\/uploads\/2025\/12\/\u00a9Mia-Amor-Mottley-1-240x300.jpg 240w, https:\/\/richeskarayib.com\/wp-content\/uploads\/2025\/12\/\u00a9Mia-Amor-Mottley-1-768x960.jpg 768w, https:\/\/richeskarayib.com\/wp-content\/uploads\/2025\/12\/\u00a9Mia-Amor-Mottley-1.jpg 1200w\" sizes=\"(max-width: 800px) 100vw, 800px\" \/>\t\t\t\t\t\t\t\t\t\t\t\t\t\t\t<\/div>\n\t\t\t\t<\/div>\n\t\t\t\t\t<\/div>\n\t\t<\/div>\n\t\t\t\t\t<\/div>\n\t\t<\/section>\n\t\t\t\t\t<\/div>\n\t\t<\/div>\n\t\t\t\t\t<\/div>\n\t\t<\/section>\n\t\t\t\t<section class=\"elementor-section elementor-top-section elementor-element elementor-element-ceca32c elementor-section-boxed elementor-section-height-default elementor-section-height-default\" data-id=\"ceca32c\" data-element_type=\"section\">\n\t\t\t\t\t\t<div class=\"elementor-container elementor-column-gap-default\">\n\t\t\t\t\t<div class=\"elementor-column elementor-col-100 elementor-top-column elementor-element elementor-element-5a2e383\" data-id=\"5a2e383\" data-element_type=\"column\">\n\t\t\t<div class=\"elementor-widget-wrap elementor-element-populated\">\n\t\t\t\t\t\t<div class=\"elementor-element elementor-element-6cedf5f elementor-widget elementor-widget-heading\" data-id=\"6cedf5f\" data-element_type=\"widget\" data-widget_type=\"heading.default\">\n\t\t\t\t<div class=\"elementor-widget-container\">\n\t\t\t\t\t<h2 class=\"elementor-heading-title elementor-size-default\">Clima y deuda: convertir la vulnerabilidad en una fuerza pol\u00edtica<\/h2>\t\t\t\t<\/div>\n\t\t\t\t<\/div>\n\t\t\t\t<div class=\"elementor-element elementor-element-e93d1fb elementor-widget elementor-widget-text-editor\" data-id=\"e93d1fb\" data-element_type=\"widget\" data-widget_type=\"text-editor.default\">\n\t\t\t\t<div class=\"elementor-widget-container\">\n\t\t\t\t\t\t\t\t\t<p><span style=\"font-weight: 400;\">Si el nombre <\/span><a href=\"https:\/\/www.gov.bb\/Government\/prime-minister\" target=\"_blank\" rel=\"noopener nofollow\"><b>Mia Mottley<\/b><\/a><span style=\"font-weight: 400;\"> circula tan constantemente en la escena internacional, es porque ha sido capaz de transformar una realidad -la exposici\u00f3n de las islas a las perturbaciones clim\u00e1ticas y financieras- en un argumento pol\u00edtico estructurado.<\/span><\/p><p><span style=\"font-weight: 400;\">A trav\u00e9s de la <\/span><a href=\"https:\/\/www.globalcitizen.org\/en\/content\/climate-change-bridgetown-initiative-mia-mottley\/?utm_source=paidsearch&amp;gad_source=1&amp;gad_campaignid=23282330047&amp;gbraid=0AAAAACnN8Mx-pXX_6WgB4UoUJ355gxk-V&amp;gclid=Cj0KCQiAgP_JBhD-ARIsANpEMxxfXmnkh-5jTJadjdWbznZ0Hi5LIYm_j_4ZfG6OO2HkOQpwbvW1Q34aApBxEALw_wcB\" target=\"_blank\" rel=\"noopener nofollow\"><b>Iniciativa Bridgetown<\/b><\/a><span style=\"font-weight: 400;\">Barbados pronunci\u00f3 un discurso contundente sobre la necesidad de reformar la arquitectura financiera internacional. Los hechos son sencillos: los pa\u00edses m\u00e1s expuestos a los efectos del cambio clim\u00e1tico son tambi\u00e9n los que m\u00e1s pagan por la financiaci\u00f3n posterior a los desastres. Los huracanes, la subida del nivel del mar y las sequ\u00edas no son acontecimientos abstractos, sino realidades que aumentan la deuda y debilitan las econom\u00edas a largo plazo.  <\/span><\/p>\t\t\t\t\t\t\t\t<\/div>\n\t\t\t\t<\/div>\n\t\t\t\t<div class=\"elementor-element elementor-element-ef69f5d elementor-widget elementor-widget-text-editor\" data-id=\"ef69f5d\" data-element_type=\"widget\" data-widget_type=\"text-editor.default\">\n\t\t\t\t<div class=\"elementor-widget-container\">\n\t\t\t\t\t\t\t\t\t<p><span style=\"font-weight: 400;\">Al poner estas cuestiones sobre la mesa, ella<\/span> <span style=\"font-weight: 400;\">no aboga por una excepci\u00f3n caribe\u00f1a, sino por un sistema m\u00e1s coherente, capaz de integrar el riesgo clim\u00e1tico en sus mecanismos de financiaci\u00f3n. Esta capacidad de vincular las t\u00e9cnicas financieras y la realidad humana es una de las principales fuentes de su influencia. <\/span><\/p>\t\t\t\t\t\t\t\t<\/div>\n\t\t\t\t<\/div>\n\t\t\t\t\t<\/div>\n\t\t<\/div>\n\t\t\t\t\t<\/div>\n\t\t<\/section>\n\t\t\t\t<section class=\"elementor-section elementor-top-section elementor-element elementor-element-9c88a89 elementor-section-boxed elementor-section-height-default elementor-section-height-default\" data-id=\"9c88a89\" data-element_type=\"section\">\n\t\t\t\t\t\t<div class=\"elementor-container elementor-column-gap-default\">\n\t\t\t\t\t<div class=\"elementor-column elementor-col-100 elementor-top-column elementor-element elementor-element-78cf5d1\" data-id=\"78cf5d1\" data-element_type=\"column\">\n\t\t\t<div class=\"elementor-widget-wrap elementor-element-populated\">\n\t\t\t\t\t\t<div class=\"elementor-element elementor-element-ea2a5c1 elementor-widget elementor-widget-heading\" data-id=\"ea2a5c1\" data-element_type=\"widget\" data-widget_type=\"heading.default\">\n\t\t\t\t<div class=\"elementor-widget-container\">\n\t\t\t\t\t<h2 class=\"elementor-heading-title elementor-size-default\">El poder de las mujeres caribe\u00f1as, lejos de los t\u00f3picos\n<\/h2>\t\t\t\t<\/div>\n\t\t\t\t<\/div>\n\t\t\t\t<section class=\"elementor-section elementor-inner-section elementor-element elementor-element-a9449d8 elementor-section-boxed elementor-section-height-default elementor-section-height-default\" data-id=\"a9449d8\" data-element_type=\"section\">\n\t\t\t\t\t\t<div class=\"elementor-container elementor-column-gap-default\">\n\t\t\t\t\t<div class=\"elementor-column elementor-col-100 elementor-inner-column elementor-element elementor-element-1cac7ee\" data-id=\"1cac7ee\" data-element_type=\"column\">\n\t\t\t<div class=\"elementor-widget-wrap elementor-element-populated\">\n\t\t\t\t\t\t<div class=\"elementor-element elementor-element-e305eee elementor-widget elementor-widget-text-editor\" data-id=\"e305eee\" data-element_type=\"widget\" data-widget_type=\"text-editor.default\">\n\t\t\t\t<div class=\"elementor-widget-container\">\n\t\t\t\t\t\t\t\t\t<p><span style=\"font-weight: 400;\">El reconocimiento de <\/span><b>Mia Mottley<\/b><span style=\"font-weight: 400;\">  de Forbes tambi\u00e9n est\u00e1 abriendo un debate m\u00e1s amplio sobre el poder de las mujeres caribe\u00f1as. Durante mucho tiempo se ha infravalorado su liderazgo, a menudo reducido a funciones de mediaci\u00f3n o gesti\u00f3n local. Sin embargo, en el gobierno, la empresa, las organizaciones regionales y la sociedad civil, las mujeres caribe\u00f1as est\u00e1n demostrando una notable capacidad para trabajar en contextos limitados, inestables y expuestos.  <\/span><\/p><p><span style=\"font-weight: 400;\">Este liderazgo se distingue por su <\/span><b>pragmatismo<\/b><span style=\"font-weight: 400;\">pragmatismo <\/span><b>resistencia<\/b><span style=\"font-weight: 400;\"> y su <\/span><b>adaptabilidad<\/b><span style=\"font-weight: 400;\">. No se trata de un poder espectacular, sino de una influencia paciente acumulada a lo largo del tiempo. Es <\/span> <span style=\"font-weight: 400;\">es una ilustraci\u00f3n de esto a escala internacional: avanza con firmeza, sin vacilar de su postura firme y sin diluir las realidades que describe.<\/span><\/p>\t\t\t\t\t\t\t\t<\/div>\n\t\t\t\t<\/div>\n\t\t\t\t\t<\/div>\n\t\t<\/div>\n\t\t\t\t\t<\/div>\n\t\t<\/section>\n\t\t\t\t<section class=\"elementor-section elementor-inner-section elementor-element elementor-element-8afe5ff elementor-section-boxed elementor-section-height-default elementor-section-height-default\" data-id=\"8afe5ff\" data-element_type=\"section\">\n\t\t\t\t\t\t<div class=\"elementor-container elementor-column-gap-default\">\n\t\t\t\t\t<div class=\"elementor-column elementor-col-50 elementor-inner-column elementor-element elementor-element-cf74fb4\" data-id=\"cf74fb4\" data-element_type=\"column\">\n\t\t\t<div class=\"elementor-widget-wrap elementor-element-populated\">\n\t\t\t\t\t\t<div class=\"elementor-element elementor-element-e99a757 elementor-widget elementor-widget-image\" data-id=\"e99a757\" data-element_type=\"widget\" data-widget_type=\"image.default\">\n\t\t\t\t<div class=\"elementor-widget-container\">\n\t\t\t\t\t\t\t\t\t\t\t\t<figure class=\"wp-caption\">\n\t\t\t\t\t\t\t\t\t\t<img decoding=\"async\" width=\"800\" height=\"534\" src=\"https:\/\/richeskarayib.com\/wp-content\/uploads\/2025\/12\/Mia-Amor-Mottley-1024x683.jpg\" class=\"attachment-large size-large wp-image-66719\" alt=\"Mia Mottley\" srcset=\"https:\/\/richeskarayib.com\/wp-content\/uploads\/2025\/12\/Mia-Amor-Mottley-1024x683.jpg 1024w, https:\/\/richeskarayib.com\/wp-content\/uploads\/2025\/12\/Mia-Amor-Mottley-300x200.jpg 300w, https:\/\/richeskarayib.com\/wp-content\/uploads\/2025\/12\/Mia-Amor-Mottley-768x512.jpg 768w, https:\/\/richeskarayib.com\/wp-content\/uploads\/2025\/12\/Mia-Amor-Mottley-1536x1025.jpg 1536w, https:\/\/richeskarayib.com\/wp-content\/uploads\/2025\/12\/Mia-Amor-Mottley-1320x881.jpg 1320w, https:\/\/richeskarayib.com\/wp-content\/uploads\/2025\/12\/Mia-Amor-Mottley.jpg 1920w\" sizes=\"(max-width: 800px) 100vw, 800px\" \/>\t\t\t\t\t\t\t\t\t\t\t<figcaption class=\"widget-image-caption wp-caption-text\">\u00a9Mia Amor Mottley<\/figcaption>\n\t\t\t\t\t\t\t\t\t\t<\/figure>\n\t\t\t\t\t\t\t\t\t<\/div>\n\t\t\t\t<\/div>\n\t\t\t\t\t<\/div>\n\t\t<\/div>\n\t\t\t\t<div class=\"elementor-column elementor-col-50 elementor-inner-column elementor-element elementor-element-a065a76\" data-id=\"a065a76\" data-element_type=\"column\">\n\t\t\t<div class=\"elementor-widget-wrap elementor-element-populated\">\n\t\t\t\t\t\t<div class=\"elementor-element elementor-element-77791e8 elementor-widget elementor-widget-image\" data-id=\"77791e8\" data-element_type=\"widget\" data-widget_type=\"image.default\">\n\t\t\t\t<div class=\"elementor-widget-container\">\n\t\t\t\t\t\t\t\t\t\t\t\t<figure class=\"wp-caption\">\n\t\t\t\t\t\t\t\t\t\t<img decoding=\"async\" width=\"800\" height=\"534\" src=\"https:\/\/richeskarayib.com\/wp-content\/uploads\/2025\/12\/\u00a9Mia-Amor-Mottley-3-1024x683.jpg\" class=\"attachment-large size-large wp-image-66723\" alt=\"Mia Mottley\" srcset=\"https:\/\/richeskarayib.com\/wp-content\/uploads\/2025\/12\/\u00a9Mia-Amor-Mottley-3-1024x683.jpg 1024w, https:\/\/richeskarayib.com\/wp-content\/uploads\/2025\/12\/\u00a9Mia-Amor-Mottley-3-300x200.jpg 300w, https:\/\/richeskarayib.com\/wp-content\/uploads\/2025\/12\/\u00a9Mia-Amor-Mottley-3-768x512.jpg 768w, https:\/\/richeskarayib.com\/wp-content\/uploads\/2025\/12\/\u00a9Mia-Amor-Mottley-3-1536x1024.jpg 1536w, https:\/\/richeskarayib.com\/wp-content\/uploads\/2025\/12\/\u00a9Mia-Amor-Mottley-3-1320x880.jpg 1320w, https:\/\/richeskarayib.com\/wp-content\/uploads\/2025\/12\/\u00a9Mia-Amor-Mottley-3.jpg 1920w\" sizes=\"(max-width: 800px) 100vw, 800px\" \/>\t\t\t\t\t\t\t\t\t\t\t<figcaption class=\"widget-image-caption wp-caption-text\">\u00a9Mia Amor Mottley<\/figcaption>\n\t\t\t\t\t\t\t\t\t\t<\/figure>\n\t\t\t\t\t\t\t\t\t<\/div>\n\t\t\t\t<\/div>\n\t\t\t\t\t<\/div>\n\t\t<\/div>\n\t\t\t\t\t<\/div>\n\t\t<\/section>\n\t\t\t\t\t<\/div>\n\t\t<\/div>\n\t\t\t\t\t<\/div>\n\t\t<\/section>\n\t\t\t\t<section class=\"elementor-section elementor-top-section elementor-element elementor-element-a2a4424 elementor-section-boxed elementor-section-height-default elementor-section-height-default\" data-id=\"a2a4424\" data-element_type=\"section\">\n\t\t\t\t\t\t<div class=\"elementor-container elementor-column-gap-default\">\n\t\t\t\t\t<div class=\"elementor-column elementor-col-100 elementor-top-column elementor-element elementor-element-e97ec8d\" data-id=\"e97ec8d\" data-element_type=\"column\">\n\t\t\t<div class=\"elementor-widget-wrap elementor-element-populated\">\n\t\t\t\t\t\t<div class=\"elementor-element elementor-element-5dab382 elementor-widget elementor-widget-heading\" data-id=\"5dab382\" data-element_type=\"widget\" data-widget_type=\"heading.default\">\n\t\t\t\t<div class=\"elementor-widget-container\">\n\t\t\t\t\t<h2 class=\"elementor-heading-title elementor-size-default\">Qu\u00e9 significa este reconocimiento para la imagen del Caribe<\/h2>\t\t\t\t<\/div>\n\t\t\t\t<\/div>\n\t\t\t\t<section class=\"elementor-section elementor-inner-section elementor-element elementor-element-f543e08 elementor-section-boxed elementor-section-height-default elementor-section-height-default\" data-id=\"f543e08\" data-element_type=\"section\">\n\t\t\t\t\t\t<div class=\"elementor-container elementor-column-gap-default\">\n\t\t\t\t\t<div class=\"elementor-column elementor-col-100 elementor-inner-column elementor-element elementor-element-bd8c942\" data-id=\"bd8c942\" data-element_type=\"column\">\n\t\t\t<div class=\"elementor-widget-wrap elementor-element-populated\">\n\t\t\t\t\t\t<div class=\"elementor-element elementor-element-38c028e elementor-widget elementor-widget-text-editor\" data-id=\"38c028e\" data-element_type=\"widget\" data-widget_type=\"text-editor.default\">\n\t\t\t\t<div class=\"elementor-widget-container\">\n\t\t\t\t\t\t\t\t\t<p><span style=\"font-weight: 400;\">La entrada de <\/span><a href=\"https:\/\/richeskarayib.com\/es\/barbados-mia-mottley-el-aura-de-una-mujer-excepcional\/\" target=\"_blank\" rel=\"noopener\"><b>Mia Mottley<\/b><\/a><span style=\"font-weight: 400;\">  La inclusi\u00f3n del Caribe en la clasificaci\u00f3n Forbes 2025 no transformar\u00e1 instant\u00e1neamente el equilibrio de poder mundial. Pero est\u00e1 contribuyendo a cambiar la forma en que se percibe el Caribe. La regi\u00f3n ya no es s\u00f3lo un espacio vulnerable que hay que proteger, sino un territorio capaz de producir ideas, marcos de reflexi\u00f3n y soluciones exportables.  <\/span><\/p><p><span style=\"font-weight: 400;\">Tambi\u00e9n es un recordatorio de que la influencia no se limita a las capitales de las grandes potencias. Puede surgir de islas con poblaciones inferiores a 300.000 habitantes, siempre que cuenten con l\u00edderes capaces de hablar el lenguaje de las cifras, las instituciones y las realidades humanas. <\/span><\/p>\t\t\t\t\t\t\t\t<\/div>\n\t\t\t\t<\/div>\n\t\t\t\t\t<\/div>\n\t\t<\/div>\n\t\t\t\t\t<\/div>\n\t\t<\/section>\n\t\t\t\t<section class=\"elementor-section elementor-inner-section elementor-element elementor-element-1dd305f elementor-section-boxed elementor-section-height-default elementor-section-height-default\" data-id=\"1dd305f\" data-element_type=\"section\">\n\t\t\t\t\t\t<div class=\"elementor-container elementor-column-gap-default\">\n\t\t\t\t\t<div class=\"elementor-column elementor-col-100 elementor-inner-column elementor-element elementor-element-4e769d8\" data-id=\"4e769d8\" data-element_type=\"column\">\n\t\t\t<div class=\"elementor-widget-wrap elementor-element-populated\">\n\t\t\t\t\t\t<div class=\"elementor-element elementor-element-a8ad255 elementor-widget elementor-widget-image\" data-id=\"a8ad255\" data-element_type=\"widget\" data-widget_type=\"image.default\">\n\t\t\t\t<div class=\"elementor-widget-container\">\n\t\t\t\t\t\t\t\t\t\t\t\t<figure class=\"wp-caption\">\n\t\t\t\t\t\t\t\t\t\t<img loading=\"lazy\" decoding=\"async\" width=\"800\" height=\"678\" src=\"https:\/\/richeskarayib.com\/wp-content\/uploads\/2025\/12\/\u00a9Mia-Amor-Mottley-1024x868.jpg\" class=\"attachment-large size-large wp-image-66727\" alt=\"Mia Mottley\" srcset=\"https:\/\/richeskarayib.com\/wp-content\/uploads\/2025\/12\/\u00a9Mia-Amor-Mottley-1024x868.jpg 1024w, https:\/\/richeskarayib.com\/wp-content\/uploads\/2025\/12\/\u00a9Mia-Amor-Mottley-300x254.jpg 300w, https:\/\/richeskarayib.com\/wp-content\/uploads\/2025\/12\/\u00a9Mia-Amor-Mottley-768x651.jpg 768w, https:\/\/richeskarayib.com\/wp-content\/uploads\/2025\/12\/\u00a9Mia-Amor-Mottley.jpg 1116w\" sizes=\"(max-width: 800px) 100vw, 800px\" \/>\t\t\t\t\t\t\t\t\t\t\t<figcaption class=\"widget-image-caption wp-caption-text\">\u00a9Mia Amor Mottley<\/figcaption>\n\t\t\t\t\t\t\t\t\t\t<\/figure>\n\t\t\t\t\t\t\t\t\t<\/div>\n\t\t\t\t<\/div>\n\t\t\t\t\t<\/div>\n\t\t<\/div>\n\t\t\t\t\t<\/div>\n\t\t<\/section>\n\t\t\t\t\t<\/div>\n\t\t<\/div>\n\t\t\t\t\t<\/div>\n\t\t<\/section>\n\t\t\t\t<section class=\"elementor-section elementor-top-section elementor-element elementor-element-0efc5d9 elementor-section-boxed elementor-section-height-default elementor-section-height-default\" data-id=\"0efc5d9\" data-element_type=\"section\">\n\t\t\t\t\t\t<div class=\"elementor-container elementor-column-gap-default\">\n\t\t\t\t\t<div class=\"elementor-column elementor-col-100 elementor-top-column elementor-element elementor-element-f32de2f\" data-id=\"f32de2f\" data-element_type=\"column\">\n\t\t\t<div class=\"elementor-widget-wrap elementor-element-populated\">\n\t\t\t\t\t\t<div class=\"elementor-element elementor-element-cb492e6 elementor-widget elementor-widget-heading\" data-id=\"cb492e6\" data-element_type=\"widget\" data-widget_type=\"heading.default\">\n\t\t\t\t<div class=\"elementor-widget-container\">\n\t\t\t\t\t<h2 class=\"elementor-heading-title elementor-size-default\">Una lecci\u00f3n de liderazgo que va m\u00e1s all\u00e1 de las clasificaciones<\/h2>\t\t\t\t<\/div>\n\t\t\t\t<\/div>\n\t\t\t\t<section class=\"elementor-section elementor-inner-section elementor-element elementor-element-4f7c10e elementor-section-boxed elementor-section-height-default elementor-section-height-default\" data-id=\"4f7c10e\" data-element_type=\"section\">\n\t\t\t\t\t\t<div class=\"elementor-container elementor-column-gap-default\">\n\t\t\t\t\t<div class=\"elementor-column elementor-col-100 elementor-inner-column elementor-element elementor-element-539eb3a\" data-id=\"539eb3a\" data-element_type=\"column\">\n\t\t\t<div class=\"elementor-widget-wrap elementor-element-populated\">\n\t\t\t\t\t\t<div class=\"elementor-element elementor-element-8050bd3 elementor-widget elementor-widget-text-editor\" data-id=\"8050bd3\" data-element_type=\"widget\" data-widget_type=\"text-editor.default\">\n\t\t\t\t<div class=\"elementor-widget-container\">\n\t\t\t\t\t\t\t\t\t<p><span style=\"font-weight: 400;\">Rango 99 no es un fin en s\u00ed mismo. Marca una etapa en una trayectoria que va mucho m\u00e1s all\u00e1 de una distinci\u00f3n medi\u00e1tica.   <\/span><\/p><p><b>Mia Mottley<\/b><span style=\"font-weight: 400;\"> encarna una forma de gobernar que combina visi\u00f3n, responsabilidad y valent\u00eda pol\u00edtica.<\/span><\/p><p><span style=\"font-weight: 400;\">Para el Caribe, este reconocimiento env\u00eda un mensaje claro: la regi\u00f3n puede contar, no por el ruido, sino por la coherencia de sus luchas y la credibilidad de sus voces. Y en este movimiento, las mujeres caribe\u00f1as ocupan un lugar central, a menudo discreto, pero ahora imposible de ignorar. <\/span><\/p>\t\t\t\t\t\t\t\t<\/div>\n\t\t\t\t<\/div>\n\t\t\t\t<div class=\"elementor-element elementor-element-2b63d5f elementor-widget elementor-widget-heading\" data-id=\"2b63d5f\" data-element_type=\"widget\" data-widget_type=\"heading.default\">\n\t\t\t\t<div class=\"elementor-widget-container\">\n\t\t\t\t\t<h2 class=\"elementor-heading-title elementor-size-default\">PREGUNTAS FRECUENTES<\/h2>\t\t\t\t<\/div>\n\t\t\t\t<\/div>\n\t\t\t\t\t<\/div>\n\t\t<\/div>\n\t\t\t\t\t<\/div>\n\t\t<\/section>\n\t\t\t\t<section class=\"elementor-section elementor-inner-section elementor-element elementor-element-edb7449 elementor-section-boxed elementor-section-height-default elementor-section-height-default\" data-id=\"edb7449\" data-element_type=\"section\">\n\t\t\t\t\t\t<div class=\"elementor-container elementor-column-gap-default\">\n\t\t\t\t\t<div class=\"elementor-column elementor-col-100 elementor-inner-column elementor-element elementor-element-ba42a95\" data-id=\"ba42a95\" data-element_type=\"column\">\n\t\t\t<div class=\"elementor-widget-wrap elementor-element-populated\">\n\t\t\t\t\t\t<div class=\"elementor-element elementor-element-d7ccd1f elementor-widget elementor-widget-accordion\" data-id=\"d7ccd1f\" data-element_type=\"widget\" data-widget_type=\"accordion.default\">\n\t\t\t\t<div class=\"elementor-widget-container\">\n\t\t\t\t\t\t\t<div class=\"elementor-accordion\">\n\t\t\t\t\t\t\t<div class=\"elementor-accordion-item\">\n\t\t\t\t\t<div id=\"elementor-tab-title-2261\" class=\"elementor-tab-title\" data-tab=\"1\" role=\"button\" aria-controls=\"elementor-tab-content-2261\" aria-expanded=\"false\">\n\t\t\t\t\t\t\t\t\t\t\t\t\t<span class=\"elementor-accordion-icon elementor-accordion-icon-left\" aria-hidden=\"true\">\n\t\t\t\t\t\t\t\t\t\t\t\t\t\t\t<span class=\"elementor-accordion-icon-closed\"><i class=\"fas fa-plus\"><\/i><\/span>\n\t\t\t\t\t\t\t\t<span class=\"elementor-accordion-icon-opened\"><i class=\"fas fa-minus\"><\/i><\/span>\n\t\t\t\t\t\t\t\t\t\t\t\t\t\t<\/span>\n\t\t\t\t\t\t\t\t\t\t\t\t<a class=\"elementor-accordion-title\" tabindex=\"0\">\u00bfPor qu\u00e9 est\u00e1 Mia Mottley en la lista Forbes 2025 de las mujeres m\u00e1s poderosas?<\/a>\n\t\t\t\t\t<\/div>\n\t\t\t\t\t<div id=\"elementor-tab-content-2261\" class=\"elementor-tab-content elementor-clearfix\" data-tab=\"1\" role=\"region\" aria-labelledby=\"elementor-tab-title-2261\"><p><span style=\"font-weight: 400;\">Se la reconoce por su influencia en la escena internacional, sobre todo por su defensa de la justicia clim\u00e1tica y la reforma del sistema financiero mundial. Como Primera Ministra de Barbados, llev\u00f3 los asuntos caribe\u00f1os a foros donde antes hab\u00edan quedado marginados, lo que explica su inclusi\u00f3n en la clasificaci\u00f3n Forbes 2025. <\/span><\/p>\n<\/div>\n\t\t\t\t<\/div>\n\t\t\t\t\t\t\t<div class=\"elementor-accordion-item\">\n\t\t\t\t\t<div id=\"elementor-tab-title-2262\" class=\"elementor-tab-title\" data-tab=\"2\" role=\"button\" aria-controls=\"elementor-tab-content-2262\" aria-expanded=\"false\">\n\t\t\t\t\t\t\t\t\t\t\t\t\t<span class=\"elementor-accordion-icon elementor-accordion-icon-left\" aria-hidden=\"true\">\n\t\t\t\t\t\t\t\t\t\t\t\t\t\t\t<span class=\"elementor-accordion-icon-closed\"><i class=\"fas fa-plus\"><\/i><\/span>\n\t\t\t\t\t\t\t\t<span class=\"elementor-accordion-icon-opened\"><i class=\"fas fa-minus\"><\/i><\/span>\n\t\t\t\t\t\t\t\t\t\t\t\t\t\t<\/span>\n\t\t\t\t\t\t\t\t\t\t\t\t<a class=\"elementor-accordion-title\" tabindex=\"0\">\u00bfQu\u00e9 significa este reconocimiento para el Caribe?<\/a>\n\t\t\t\t\t<\/div>\n\t\t\t\t\t<div id=\"elementor-tab-content-2262\" class=\"elementor-tab-content elementor-clearfix\" data-tab=\"2\" role=\"region\" aria-labelledby=\"elementor-tab-title-2262\"><p><span style=\"font-weight: 400;\">  La inclusi\u00f3n de Mia Mottley en esta clasificaci\u00f3n simboliza la capacidad del Caribe para influir en las grandes decisiones mundiales. Demuestra que los territorios insulares no s\u00f3lo son zonas vulnerables, sino tambi\u00e9n actores capaces de proponer soluciones cre\u00edbles a los retos clim\u00e1ticos, econ\u00f3micos y sociales. <\/span><\/p>\n<\/div>\n\t\t\t\t<\/div>\n\t\t\t\t\t\t\t<div class=\"elementor-accordion-item\">\n\t\t\t\t\t<div id=\"elementor-tab-title-2263\" class=\"elementor-tab-title\" data-tab=\"3\" role=\"button\" aria-controls=\"elementor-tab-content-2263\" aria-expanded=\"false\">\n\t\t\t\t\t\t\t\t\t\t\t\t\t<span class=\"elementor-accordion-icon elementor-accordion-icon-left\" aria-hidden=\"true\">\n\t\t\t\t\t\t\t\t\t\t\t\t\t\t\t<span class=\"elementor-accordion-icon-closed\"><i class=\"fas fa-plus\"><\/i><\/span>\n\t\t\t\t\t\t\t\t<span class=\"elementor-accordion-icon-opened\"><i class=\"fas fa-minus\"><\/i><\/span>\n\t\t\t\t\t\t\t\t\t\t\t\t\t\t<\/span>\n\t\t\t\t\t\t\t\t\t\t\t\t<a class=\"elementor-accordion-title\" tabindex=\"0\">\u00bfC\u00f3mo encarna Mia Mottley el poder de las mujeres caribe\u00f1as?<\/a>\n\t\t\t\t\t<\/div>\n\t\t\t\t\t<div id=\"elementor-tab-content-2263\" class=\"elementor-tab-content elementor-clearfix\" data-tab=\"3\" role=\"region\" aria-labelledby=\"elementor-tab-title-2263\"><p><span style=\"font-weight: 400;\">Es un ejemplo de liderazgo basado en la claridad, la perseverancia y la estrategia. Su carrera pone de relieve el papel central de las mujeres caribe\u00f1as en la gobernanza, la diplomacia y la transformaci\u00f3n social, y contribuye a elevar su perfil y legitimidad en la escena internacional. <\/span><\/p>\n<\/div>\n\t\t\t\t<\/div>\n\t\t\t\t\t\t\t\t<\/div>\n\t\t\t\t\t\t<\/div>\n\t\t\t\t<\/div>\n\t\t\t\t\t<\/div>\n\t\t<\/div>\n\t\t\t\t\t<\/div>\n\t\t<\/section>\n\t\t\t\t\t<\/div>\n\t\t<\/div>\n\t\t\t\t\t<\/div>\n\t\t<\/section>\n\t\t\t\t<\/div>\n\t\t","protected":false},"excerpt":{"rendered":"<p>Mia Mottley est\u00e1 incluida en la lista 2025 de 100 mujeres m\u00e1s poderosas del mundo publicada por Forbesdonde aparece en puesto 99\u1d49.. Detr\u00e1s de esta cifra hay mucho m\u00e1s que una clasificaci\u00f3n. Es el s\u00edmbolo de un Caribe que est\u00e1 dejando de ser perif\u00e9rico en las grandes decisiones internacionales para imponer sus prioridades, sus urgencias [&hellip;]<\/p>\n","protected":false},"author":662,"featured_media":66711,"comment_status":"open","ping_status":"open","sticky":false,"template":"","format":"standard","meta":{"_acf_changed":false,"footnotes":""},"categories":[839],"tags":[1549],"class_list":["post-66729","post","type-post","status-publish","format-standard","has-post-thumbnail","hentry","category-noticias","tag-guayana-francesa"],"acf":[],"_links":{"self":[{"href":"https:\/\/richeskarayib.com\/es\/wp-json\/wp\/v2\/posts\/66729","targetHints":{"allow":["GET"]}}],"collection":[{"href":"https:\/\/richeskarayib.com\/es\/wp-json\/wp\/v2\/posts"}],"about":[{"href":"https:\/\/richeskarayib.com\/es\/wp-json\/wp\/v2\/types\/post"}],"author":[{"embeddable":true,"href":"https:\/\/richeskarayib.com\/es\/wp-json\/wp\/v2\/users\/662"}],"replies":[{"embeddable":true,"href":"https:\/\/richeskarayib.com\/es\/wp-json\/wp\/v2\/comments?post=66729"}],"version-history":[{"count":0,"href":"https:\/\/richeskarayib.com\/es\/wp-json\/wp\/v2\/posts\/66729\/revisions"}],"wp:featuredmedia":[{"embeddable":true,"href":"https:\/\/richeskarayib.com\/es\/wp-json\/wp\/v2\/media\/66711"}],"wp:attachment":[{"href":"https:\/\/richeskarayib.com\/es\/wp-json\/wp\/v2\/media?parent=66729"}],"wp:term":[{"taxonomy":"category","embeddable":true,"href":"https:\/\/richeskarayib.com\/es\/wp-json\/wp\/v2\/categories?post=66729"},{"taxonomy":"post_tag","embeddable":true,"href":"https:\/\/richeskarayib.com\/es\/wp-json\/wp\/v2\/tags?post=66729"}],"curies":[{"name":"wp","href":"https:\/\/api.w.org\/{rel}","templated":true}]}}