{"id":66805,"date":"2025-12-16T14:11:56","date_gmt":"2025-12-16T18:11:56","guid":{"rendered":"https:\/\/richeskarayib.com\/martinica-burdeos-y-fort-de-france-unidos-por-un-puente-aereo-directo-con-corsair\/"},"modified":"2025-12-17T11:09:09","modified_gmt":"2025-12-17T15:09:09","slug":"martinica-burdeos-y-fort-de-france-unidos-por-un-puente-aereo-directo-con-corsair","status":"publish","type":"post","link":"https:\/\/richeskarayib.com\/es\/martinica-burdeos-y-fort-de-france-unidos-por-un-puente-aereo-directo-con-corsair\/","title":{"rendered":"Martinica: Burdeos y Fort-de-France unidos por un puente a\u00e9reo directo con CORSAIR"},"content":{"rendered":"\t\t<div data-elementor-type=\"wp-post\" data-elementor-id=\"66805\" class=\"elementor elementor-66805 elementor-66771\" data-elementor-post-type=\"post\">\n\t\t\t\t\t\t<section class=\"elementor-section elementor-top-section elementor-element elementor-element-7ca7ca1 elementor-section-boxed elementor-section-height-default elementor-section-height-default\" data-id=\"7ca7ca1\" data-element_type=\"section\">\n\t\t\t\t\t\t<div class=\"elementor-container elementor-column-gap-default\">\n\t\t\t\t\t<div class=\"elementor-column elementor-col-100 elementor-top-column elementor-element elementor-element-cbdd002\" data-id=\"cbdd002\" data-element_type=\"column\">\n\t\t\t<div class=\"elementor-widget-wrap elementor-element-populated\">\n\t\t\t\t\t\t<section class=\"elementor-section elementor-inner-section elementor-element elementor-element-bc94849 elementor-section-boxed elementor-section-height-default elementor-section-height-default\" data-id=\"bc94849\" data-element_type=\"section\">\n\t\t\t\t\t\t<div class=\"elementor-container elementor-column-gap-default\">\n\t\t\t\t\t\t<\/div>\n\t\t<\/section>\n\t\t\t\t<section class=\"elementor-section elementor-inner-section elementor-element elementor-element-61571e6 elementor-section-boxed elementor-section-height-default elementor-section-height-default\" data-id=\"61571e6\" data-element_type=\"section\">\n\t\t\t\t\t\t<div class=\"elementor-container elementor-column-gap-default\">\n\t\t\t\t\t\t<\/div>\n\t\t<\/section>\n\t\t\t\t<section class=\"elementor-section elementor-inner-section elementor-element elementor-element-b6262e0 elementor-section-boxed elementor-section-height-default elementor-section-height-default\" data-id=\"b6262e0\" data-element_type=\"section\">\n\t\t\t\t\t\t<div class=\"elementor-container elementor-column-gap-default\">\n\t\t\t\t\t\t<\/div>\n\t\t<\/section>\n\t\t\t\t<section class=\"elementor-section elementor-inner-section elementor-element elementor-element-cca29fd elementor-section-boxed elementor-section-height-default elementor-section-height-default\" data-id=\"cca29fd\" data-element_type=\"section\">\n\t\t\t\t\t\t<div class=\"elementor-container elementor-column-gap-default\">\n\t\t\t\t\t\t<\/div>\n\t\t<\/section>\n\t\t\t\t\t<\/div>\n\t\t<\/div>\n\t\t\t\t\t<\/div>\n\t\t<\/section>\n\t\t\t\t<section class=\"elementor-section elementor-top-section elementor-element elementor-element-ee72354 elementor-section-boxed elementor-section-height-default elementor-section-height-default\" data-id=\"ee72354\" data-element_type=\"section\">\n\t\t\t\t\t\t<div class=\"elementor-container elementor-column-gap-default\">\n\t\t\t\t\t<div class=\"elementor-column elementor-col-100 elementor-top-column elementor-element elementor-element-c59d6fe\" data-id=\"c59d6fe\" data-element_type=\"column\">\n\t\t\t<div class=\"elementor-widget-wrap elementor-element-populated\">\n\t\t\t\t\t\t<div class=\"elementor-element elementor-element-c6d4f26 elementor-widget elementor-widget-text-editor\" data-id=\"c6d4f26\" data-element_type=\"widget\" data-widget_type=\"text-editor.default\">\n\t\t\t\t<div class=\"elementor-widget-container\">\n\t\t\t\t\t\t\t\t\t<p><b>El 15 de diciembre de 2025, el aeropuerto Aim\u00e9-C\u00e9saire acogi\u00f3 el primer vuelo directo Burdeos &#8211; Fort-de-France, operado por CORSAIR. Esta nueva ruta marca un punto de inflexi\u00f3n estrat\u00e9gico para la conectividad de Martinica y el acceso al Caribe desde el suroeste de Francia. <\/b><\/p>\t\t\t\t\t\t\t\t<\/div>\n\t\t\t\t<\/div>\n\t\t\t\t\t<\/div>\n\t\t<\/div>\n\t\t\t\t\t<\/div>\n\t\t<\/section>\n\t\t\t\t<section class=\"elementor-section elementor-top-section elementor-element elementor-element-82cd8f9 elementor-section-boxed elementor-section-height-default elementor-section-height-default\" data-id=\"82cd8f9\" data-element_type=\"section\">\n\t\t\t\t\t\t<div class=\"elementor-container elementor-column-gap-default\">\n\t\t\t\t\t<div class=\"elementor-column elementor-col-100 elementor-top-column elementor-element elementor-element-0bfdc38\" data-id=\"0bfdc38\" data-element_type=\"column\">\n\t\t\t<div class=\"elementor-widget-wrap elementor-element-populated\">\n\t\t\t\t\t\t<div class=\"elementor-element elementor-element-7d292fe elementor-widget elementor-widget-heading\" data-id=\"7d292fe\" data-element_type=\"widget\" data-widget_type=\"heading.default\">\n\t\t\t\t<div class=\"elementor-widget-container\">\n\t\t\t\t\t<h2 class=\"elementor-heading-title elementor-size-default\">Una asociaci\u00f3n tripartita para aumentar el atractivo de la regi\u00f3n\n<\/h2>\t\t\t\t<\/div>\n\t\t\t\t<\/div>\n\t\t\t\t<section class=\"elementor-section elementor-inner-section elementor-element elementor-element-14e03c4 elementor-section-boxed elementor-section-height-default elementor-section-height-default\" data-id=\"14e03c4\" data-element_type=\"section\">\n\t\t\t\t\t\t<div class=\"elementor-container elementor-column-gap-default\">\n\t\t\t\t\t<div class=\"elementor-column elementor-col-100 elementor-inner-column elementor-element elementor-element-2909308\" data-id=\"2909308\" data-element_type=\"column\">\n\t\t\t<div class=\"elementor-widget-wrap elementor-element-populated\">\n\t\t\t\t\t\t<div class=\"elementor-element elementor-element-8e337bf elementor-widget elementor-widget-text-editor\" data-id=\"8e337bf\" data-element_type=\"widget\" data-widget_type=\"text-editor.default\">\n\t\t\t\t<div class=\"elementor-widget-container\">\n\t\t\t\t\t\t\t\t\t<p><span style=\"font-weight: 400;\">La llegada de este vuelo inaugural a las 17.47 h no es casual. Es el resultado de varios meses de colaboraci\u00f3n entre tres actores clave: <a href=\"https:\/\/www.martinique.aeroport.fr\/informations-generales\/la-societe-aeroport-martinique-aime-cesaire\/\" target=\"_blank\" rel=\"noopener nofollow\">la Soci\u00e9t\u00e9 A\u00e9roport Martinique Aim\u00e9 C\u00e9saire<\/a> (SAMAC), la compa\u00f1\u00eda a\u00e9rea <a href=\"https:\/\/www.flycorsair.com\/fr\" target=\"_blank\" rel=\"noopener nofollow\">CORSAIR<\/a> y el <a href=\"https:\/\/www.martinique.org\/fr\/liens-utiles\/comite-martiniquais-du-tourisme\" target=\"_blank\" rel=\"noopener nofollow\">Comit\u00e9 Martiniquais du Tourisme<\/a> (CMT). <\/span><\/p><p><span style=\"font-weight: 400;\">Nathalie S\u00e9bastien, Presidenta del Consejo de Administraci\u00f3n de la SAMAC, se congratula de esta din\u00e1mica colectiva: &#8220;Se trata de vender una regi\u00f3n, de vender un destino. Y eso s\u00f3lo es posible con la asociaci\u00f3n de una compa\u00f1\u00eda a\u00e9rea y el Comit\u00e9 de Turismo&#8221;. Para ella, esta ruta encarna una visi\u00f3n clara: abrir los cielos de Martinica a las provincias francesas, m\u00e1s all\u00e1 de las tradicionales puertas parisinas de Orly y Charles de Gaulle. <\/span><\/p>\t\t\t\t\t\t\t\t<\/div>\n\t\t\t\t<\/div>\n\t\t\t\t<div class=\"elementor-element elementor-element-5396e07 elementor-widget elementor-widget-image\" data-id=\"5396e07\" data-element_type=\"widget\" data-widget_type=\"image.default\">\n\t\t\t\t<div class=\"elementor-widget-container\">\n\t\t\t\t\t\t\t\t\t\t\t\t<figure class=\"wp-caption\">\n\t\t\t\t\t\t\t\t\t\t<img fetchpriority=\"high\" decoding=\"async\" width=\"800\" height=\"800\" src=\"https:\/\/richeskarayib.com\/wp-content\/uploads\/2025\/12\/Nathalie-Sebastien-1024x1024.png\" class=\"attachment-large size-large wp-image-66783\" alt=\"CORSAIR\" srcset=\"https:\/\/richeskarayib.com\/wp-content\/uploads\/2025\/12\/Nathalie-Sebastien-1024x1024.png 1024w, https:\/\/richeskarayib.com\/wp-content\/uploads\/2025\/12\/Nathalie-Sebastien-300x300.png 300w, https:\/\/richeskarayib.com\/wp-content\/uploads\/2025\/12\/Nathalie-Sebastien-150x150.png 150w, https:\/\/richeskarayib.com\/wp-content\/uploads\/2025\/12\/Nathalie-Sebastien-768x768.png 768w, https:\/\/richeskarayib.com\/wp-content\/uploads\/2025\/12\/Nathalie-Sebastien.png 1080w\" sizes=\"(max-width: 800px) 100vw, 800px\" \/>\t\t\t\t\t\t\t\t\t\t\t<figcaption class=\"widget-image-caption wp-caption-text\">Nathalie Se\u0301bastien<\/figcaption>\n\t\t\t\t\t\t\t\t\t\t<\/figure>\n\t\t\t\t\t\t\t\t\t<\/div>\n\t\t\t\t<\/div>\n\t\t\t\t\t<\/div>\n\t\t<\/div>\n\t\t\t\t\t<\/div>\n\t\t<\/section>\n\t\t\t\t<section class=\"elementor-section elementor-inner-section elementor-element elementor-element-a782075 elementor-section-boxed elementor-section-height-default elementor-section-height-default\" data-id=\"a782075\" data-element_type=\"section\">\n\t\t\t\t\t\t<div class=\"elementor-container elementor-column-gap-default\">\n\t\t\t\t\t<div class=\"elementor-column elementor-col-100 elementor-inner-column elementor-element elementor-element-ccbce37\" data-id=\"ccbce37\" data-element_type=\"column\">\n\t\t\t<div class=\"elementor-widget-wrap elementor-element-populated\">\n\t\t\t\t\t\t<div class=\"elementor-element elementor-element-deb7adb elementor-widget elementor-widget-text-editor\" data-id=\"deb7adb\" data-element_type=\"widget\" data-widget_type=\"text-editor.default\">\n\t\t\t\t<div class=\"elementor-widget-container\">\n\t\t\t\t\t\t\t\t\t<p><span style=\"font-weight: 400;\">El Presidente subraya los v\u00ednculos hist\u00f3ricos, econ\u00f3micos y acad\u00e9micos entre Burdeos y Martinica. &#8220;Es una oportunidad para que la comunidad martiniquesa que vive en Burdeos vuelva m\u00e1s a menudo y m\u00e1s f\u00e1cilmente a Martinica, y viceversa&#8221;, explica. Pero m\u00e1s all\u00e1 de la di\u00e1spora, toda la regi\u00f3n suroeste puede ahora acceder a Martinica sin problemas, sin tener que pasar por Par\u00eds.  <\/span><\/p><p><span style=\"font-weight: 400;\">Marie-Ange Ravin, directora del CMT y representante de la presidenta B\u00e9n\u00e9dicte Di Geronimo, subraya la dimensi\u00f3n estrat\u00e9gica de esta apertura: &#8220;El desarrollo del tr\u00e1fico desde provincias es un eje estrat\u00e9gico importante para el Comit\u00e9 Martiniquais du Tourisme. Durante mucho tiempo, el acceso de Martinica a Par\u00eds ha sido el eje principal, pero ahora se est\u00e1 ampliando a destinos emisores de gran potencial.<\/span><\/p>\t\t\t\t\t\t\t\t<\/div>\n\t\t\t\t<\/div>\n\t\t\t\t\t<\/div>\n\t\t<\/div>\n\t\t\t\t\t<\/div>\n\t\t<\/section>\n\t\t\t\t<section class=\"elementor-section elementor-inner-section elementor-element elementor-element-16c1775 elementor-section-boxed elementor-section-height-default elementor-section-height-default\" data-id=\"16c1775\" data-element_type=\"section\">\n\t\t\t\t\t\t<div class=\"elementor-container elementor-column-gap-default\">\n\t\t\t\t\t<div class=\"elementor-column elementor-col-100 elementor-inner-column elementor-element elementor-element-84a3cd9\" data-id=\"84a3cd9\" data-element_type=\"column\">\n\t\t\t<div class=\"elementor-widget-wrap elementor-element-populated\">\n\t\t\t\t\t\t<div class=\"elementor-element elementor-element-faa333c elementor-widget elementor-widget-image\" data-id=\"faa333c\" data-element_type=\"widget\" data-widget_type=\"image.default\">\n\t\t\t\t<div class=\"elementor-widget-container\">\n\t\t\t\t\t\t\t\t\t\t\t\t<figure class=\"wp-caption\">\n\t\t\t\t\t\t\t\t\t\t<img decoding=\"async\" width=\"800\" height=\"800\" src=\"https:\/\/richeskarayib.com\/wp-content\/uploads\/2025\/12\/Marie-Ange-Ravin-1024x1024.png\" class=\"attachment-large size-large wp-image-66787\" alt=\"CORSAIR\" srcset=\"https:\/\/richeskarayib.com\/wp-content\/uploads\/2025\/12\/Marie-Ange-Ravin-1024x1024.png 1024w, https:\/\/richeskarayib.com\/wp-content\/uploads\/2025\/12\/Marie-Ange-Ravin-300x300.png 300w, https:\/\/richeskarayib.com\/wp-content\/uploads\/2025\/12\/Marie-Ange-Ravin-150x150.png 150w, https:\/\/richeskarayib.com\/wp-content\/uploads\/2025\/12\/Marie-Ange-Ravin-768x768.png 768w, https:\/\/richeskarayib.com\/wp-content\/uploads\/2025\/12\/Marie-Ange-Ravin.png 1080w\" sizes=\"(max-width: 800px) 100vw, 800px\" \/>\t\t\t\t\t\t\t\t\t\t\t<figcaption class=\"widget-image-caption wp-caption-text\">Marie-Ange Ravin<\/figcaption>\n\t\t\t\t\t\t\t\t\t\t<\/figure>\n\t\t\t\t\t\t\t\t\t<\/div>\n\t\t\t\t<\/div>\n\t\t\t\t\t<\/div>\n\t\t<\/div>\n\t\t\t\t\t<\/div>\n\t\t<\/section>\n\t\t\t\t<section class=\"elementor-section elementor-inner-section elementor-element elementor-element-c582330 elementor-section-boxed elementor-section-height-default elementor-section-height-default\" data-id=\"c582330\" data-element_type=\"section\">\n\t\t\t\t\t\t<div class=\"elementor-container elementor-column-gap-default\">\n\t\t\t\t\t\t<\/div>\n\t\t<\/section>\n\t\t\t\t<section class=\"elementor-section elementor-inner-section elementor-element elementor-element-296603a elementor-section-boxed elementor-section-height-default elementor-section-height-default\" data-id=\"296603a\" data-element_type=\"section\">\n\t\t\t\t\t\t<div class=\"elementor-container elementor-column-gap-default\">\n\t\t\t\t\t\t<\/div>\n\t\t<\/section>\n\t\t\t\t\t<\/div>\n\t\t<\/div>\n\t\t\t\t\t<\/div>\n\t\t<\/section>\n\t\t\t\t<section class=\"elementor-section elementor-top-section elementor-element elementor-element-5a7397d elementor-section-boxed elementor-section-height-default elementor-section-height-default\" data-id=\"5a7397d\" data-element_type=\"section\">\n\t\t\t\t\t\t<div class=\"elementor-container elementor-column-gap-default\">\n\t\t\t\t\t<div class=\"elementor-column elementor-col-100 elementor-top-column elementor-element elementor-element-8b33b4b\" data-id=\"8b33b4b\" data-element_type=\"column\">\n\t\t\t<div class=\"elementor-widget-wrap elementor-element-populated\">\n\t\t\t\t\t\t<div class=\"elementor-element elementor-element-89dac4b elementor-widget elementor-widget-heading\" data-id=\"89dac4b\" data-element_type=\"widget\" data-widget_type=\"heading.default\">\n\t\t\t\t<div class=\"elementor-widget-container\">\n\t\t\t\t\t<h2 class=\"elementor-heading-title elementor-size-default\">Una l\u00ednea dise\u00f1ada para la movilidad y la apertura de la regi\u00f3n<\/h2>\t\t\t\t<\/div>\n\t\t\t\t<\/div>\n\t\t\t\t<section class=\"elementor-section elementor-inner-section elementor-element elementor-element-bca788d elementor-section-boxed elementor-section-height-default elementor-section-height-default\" data-id=\"bca788d\" data-element_type=\"section\">\n\t\t\t\t\t\t<div class=\"elementor-container elementor-column-gap-default\">\n\t\t\t\t\t<div class=\"elementor-column elementor-col-50 elementor-inner-column elementor-element elementor-element-562cd2b\" data-id=\"562cd2b\" data-element_type=\"column\">\n\t\t\t<div class=\"elementor-widget-wrap elementor-element-populated\">\n\t\t\t\t\t\t<div class=\"elementor-element elementor-element-43a45ac elementor-widget elementor-widget-text-editor\" data-id=\"43a45ac\" data-element_type=\"widget\" data-widget_type=\"text-editor.default\">\n\t\t\t\t<div class=\"elementor-widget-container\">\n\t\t\t\t\t\t\t\t\t<p><span style=\"font-weight: 400;\">Todos los lunes del 15 de diciembre de 2025 al 20 de abril de 2026, <a href=\"https:\/\/richeskarayib.com\/es\/guadalupe-corsair-conecta-pointe-a-pitre-con-nantes-una-nueva-oportunidad-para-los-viajeros\/\" target=\"_blank\" rel=\"noopener\">CORSAIR<\/a> operar\u00e1 este servicio estacional durante la temporada alta. La elecci\u00f3n del d\u00eda y de las franjas horarias no es en absoluto insignificante. Como se\u00f1ala Nathalie S\u00e9bastien, &#8220;ponerse de acuerdo sobre la elecci\u00f3n del d\u00eda y las franjas horarias es importante, porque repercutir\u00e1 en la experiencia de los pasajeros&#8221;. El objetivo es facilitar el viaje durante toda una semana, en un periodo en el que el aeropuerto de Martinica est\u00e1 muy concurrido.   <\/span><\/p>\t\t\t\t\t\t\t\t<\/div>\n\t\t\t\t<\/div>\n\t\t\t\t<div class=\"elementor-element elementor-element-ff8c81b elementor-widget elementor-widget-text-editor\" data-id=\"ff8c81b\" data-element_type=\"widget\" data-widget_type=\"text-editor.default\">\n\t\t\t\t<div class=\"elementor-widget-container\">\n\t\t\t\t\t\t\t\t\t<p><span style=\"font-weight: 400;\">Eddy Luce, Director Regional de CORSAIR para las Antillas, confirma este planteamiento estrat\u00e9gico: &#8220;Para nosotros, es una se\u00f1al fuerte para los habitantes de Martinica. CORSAIR sigue invirtiendo en los territorios de ultramar para mejorar la accesibilidad de la isla y conectarla de forma duradera con las grandes regiones francesas.&#8221; La compa\u00f1\u00eda a\u00e9rea es actualmente la \u00fanica que ofrece vuelos directos desde las provincias a Martinica, con Burdeos y Nantes saliendo de Pointe-\u00e0-Pitre. <\/span><\/p><p><span style=\"font-weight: 400;\">Esta ruta responde a una fuerte demanda. Los factores de carga han sido excelentes desde que comenzaron las ventas en marzo de 2025. &#8220;Si quieres ir a Burdeos, te recomiendo que compres el billete de avi\u00f3n enseguida, porque los asientos van a estar un poco justos&#8221;, advierte Eddy Luce con una sonrisa.  <\/span><\/p>\t\t\t\t\t\t\t\t<\/div>\n\t\t\t\t<\/div>\n\t\t\t\t\t<\/div>\n\t\t<\/div>\n\t\t\t\t<div class=\"elementor-column elementor-col-50 elementor-inner-column elementor-element elementor-element-aace581\" data-id=\"aace581\" data-element_type=\"column\">\n\t\t\t<div class=\"elementor-widget-wrap elementor-element-populated\">\n\t\t\t\t\t\t<div class=\"elementor-element elementor-element-f94de4d elementor-widget elementor-widget-image\" data-id=\"f94de4d\" data-element_type=\"widget\" data-widget_type=\"image.default\">\n\t\t\t\t<div class=\"elementor-widget-container\">\n\t\t\t\t\t\t\t\t\t\t\t\t<figure class=\"wp-caption\">\n\t\t\t\t\t\t\t\t\t\t<img decoding=\"async\" width=\"800\" height=\"800\" src=\"https:\/\/richeskarayib.com\/wp-content\/uploads\/2025\/12\/Eddy-Luce--1024x1024.png\" class=\"attachment-large size-large wp-image-66791\" alt=\"CORSAIR\" srcset=\"https:\/\/richeskarayib.com\/wp-content\/uploads\/2025\/12\/Eddy-Luce--1024x1024.png 1024w, https:\/\/richeskarayib.com\/wp-content\/uploads\/2025\/12\/Eddy-Luce--300x300.png 300w, https:\/\/richeskarayib.com\/wp-content\/uploads\/2025\/12\/Eddy-Luce--150x150.png 150w, https:\/\/richeskarayib.com\/wp-content\/uploads\/2025\/12\/Eddy-Luce--768x768.png 768w, https:\/\/richeskarayib.com\/wp-content\/uploads\/2025\/12\/Eddy-Luce-.png 1080w\" sizes=\"(max-width: 800px) 100vw, 800px\" \/>\t\t\t\t\t\t\t\t\t\t\t<figcaption class=\"widget-image-caption wp-caption-text\">Eddy Luce<\/figcaption>\n\t\t\t\t\t\t\t\t\t\t<\/figure>\n\t\t\t\t\t\t\t\t\t<\/div>\n\t\t\t\t<\/div>\n\t\t\t\t\t<\/div>\n\t\t<\/div>\n\t\t\t\t\t<\/div>\n\t\t<\/section>\n\t\t\t\t\t<\/div>\n\t\t<\/div>\n\t\t\t\t\t<\/div>\n\t\t<\/section>\n\t\t\t\t<section class=\"elementor-section elementor-top-section elementor-element elementor-element-ceca32c elementor-section-boxed elementor-section-height-default elementor-section-height-default\" data-id=\"ceca32c\" data-element_type=\"section\">\n\t\t\t\t\t\t<div class=\"elementor-container elementor-column-gap-default\">\n\t\t\t\t\t<div class=\"elementor-column elementor-col-100 elementor-top-column elementor-element elementor-element-5a2e383\" data-id=\"5a2e383\" data-element_type=\"column\">\n\t\t\t<div class=\"elementor-widget-wrap elementor-element-populated\">\n\t\t\t\t\t\t<div class=\"elementor-element elementor-element-6cedf5f elementor-widget elementor-widget-heading\" data-id=\"6cedf5f\" data-element_type=\"widget\" data-widget_type=\"heading.default\">\n\t\t\t\t<div class=\"elementor-widget-container\">\n\t\t\t\t\t<h2 class=\"elementor-heading-title elementor-size-default\">Una flota moderna al servicio del turismo sostenible<\/h2>\t\t\t\t<\/div>\n\t\t\t\t<\/div>\n\t\t\t\t<section class=\"elementor-section elementor-inner-section elementor-element elementor-element-bc0026a elementor-section-boxed elementor-section-height-default elementor-section-height-default\" data-id=\"bc0026a\" data-element_type=\"section\">\n\t\t\t\t\t\t<div class=\"elementor-container elementor-column-gap-default\">\n\t\t\t\t\t<div class=\"elementor-column elementor-col-100 elementor-inner-column elementor-element elementor-element-420059a\" data-id=\"420059a\" data-element_type=\"column\">\n\t\t\t<div class=\"elementor-widget-wrap elementor-element-populated\">\n\t\t\t\t\t\t<div class=\"elementor-element elementor-element-99bfa51 elementor-widget elementor-widget-text-editor\" data-id=\"99bfa51\" data-element_type=\"widget\" data-widget_type=\"text-editor.default\">\n\t\t\t\t<div class=\"elementor-widget-container\">\n\t\t\t\t\t\t\t\t\t<p><span style=\"font-weight: 400;\">CORSAIR ha optado por operar esta ruta con su flota m\u00e1s moderna: el Airbus A330 Neo, que ahora representa el 100% de sus operaciones de largo recorrido. Estos aviones de \u00faltima generaci\u00f3n ofrecen una doble ventaja: mayor comodidad para los pasajeros y una huella medioambiental reducida. <\/span><\/p><p><span style=\"font-weight: 400;\">&#8220;Su tecnolog\u00eda permite reducir las emisiones de CO\u2082 por asiento en un 25% y la huella ac\u00fastica en un 60%&#8221;, explica Eddy Luce. Para la compa\u00f1\u00eda a\u00e9rea, se trata de una forma concreta de contribuir a un transporte a\u00e9reo m\u00e1s sostenible, manteniendo al mismo tiempo las rutas esenciales. Con una edad media de la flota de s\u00f3lo dos a\u00f1os, CORSAIR tiene la flota m\u00e1s joven del mercado en su categor\u00eda.  <\/span><\/p>\t\t\t\t\t\t\t\t<\/div>\n\t\t\t\t<\/div>\n\t\t\t\t\t<\/div>\n\t\t<\/div>\n\t\t\t\t\t<\/div>\n\t\t<\/section>\n\t\t\t\t<section class=\"elementor-section elementor-inner-section elementor-element elementor-element-d698f4e elementor-section-boxed elementor-section-height-default elementor-section-height-default\" data-id=\"d698f4e\" data-element_type=\"section\">\n\t\t\t\t\t\t<div class=\"elementor-container elementor-column-gap-default\">\n\t\t\t\t\t<div class=\"elementor-column elementor-col-100 elementor-inner-column elementor-element elementor-element-e22c4f6\" data-id=\"e22c4f6\" data-element_type=\"column\">\n\t\t\t<div class=\"elementor-widget-wrap elementor-element-populated\">\n\t\t\t\t\t\t<div class=\"elementor-element elementor-element-aa24be8 elementor-widget elementor-widget-text-editor\" data-id=\"aa24be8\" data-element_type=\"widget\" data-widget_type=\"text-editor.default\">\n\t\t\t\t<div class=\"elementor-widget-container\">\n\t\t\t\t\t\t\t\t\t<p><span style=\"font-weight: 400;\">Este ascenso de categor\u00eda tambi\u00e9n se traduce en una experiencia premium para los pasajeros. La aerol\u00ednea ha sido premiada dos a\u00f1os consecutivos por Skytrax como la mejor aerol\u00ednea de ocio, en 2024 y 2025. &#8220;Nuestra ambici\u00f3n es clara: ofrecer a todos nuestros clientes, sea cual sea su clase de viaje, una experiencia de vuelo moderna y de alta calidad&#8221;, afirma el Director Regional.  <\/span><\/p>\t\t\t\t\t\t\t\t<\/div>\n\t\t\t\t<\/div>\n\t\t\t\t\t<\/div>\n\t\t<\/div>\n\t\t\t\t\t<\/div>\n\t\t<\/section>\n\t\t\t\t<section class=\"elementor-section elementor-inner-section elementor-element elementor-element-e66b107 elementor-section-boxed elementor-section-height-default elementor-section-height-default\" data-id=\"e66b107\" data-element_type=\"section\">\n\t\t\t\t\t\t<div class=\"elementor-container elementor-column-gap-default\">\n\t\t\t\t\t<div class=\"elementor-column elementor-col-50 elementor-inner-column elementor-element elementor-element-fa344db\" data-id=\"fa344db\" data-element_type=\"column\">\n\t\t\t<div class=\"elementor-widget-wrap elementor-element-populated\">\n\t\t\t\t\t\t<div class=\"elementor-element elementor-element-6b1b231 elementor-widget elementor-widget-image\" data-id=\"6b1b231\" data-element_type=\"widget\" data-widget_type=\"image.default\">\n\t\t\t\t<div class=\"elementor-widget-container\">\n\t\t\t\t\t\t\t\t\t\t\t\t<figure class=\"wp-caption\">\n\t\t\t\t\t\t\t\t\t\t<img loading=\"lazy\" decoding=\"async\" width=\"800\" height=\"540\" src=\"https:\/\/richeskarayib.com\/wp-content\/uploads\/2025\/12\/\u00a9CORSAIR-1024x691.jpg\" class=\"attachment-large size-large wp-image-66779\" alt=\"CORSAIR\" srcset=\"https:\/\/richeskarayib.com\/wp-content\/uploads\/2025\/12\/\u00a9CORSAIR-1024x691.jpg 1024w, https:\/\/richeskarayib.com\/wp-content\/uploads\/2025\/12\/\u00a9CORSAIR-300x203.jpg 300w, https:\/\/richeskarayib.com\/wp-content\/uploads\/2025\/12\/\u00a9CORSAIR-768x518.jpg 768w, https:\/\/richeskarayib.com\/wp-content\/uploads\/2025\/12\/\u00a9CORSAIR.jpg 1080w\" sizes=\"(max-width: 800px) 100vw, 800px\" \/>\t\t\t\t\t\t\t\t\t\t\t<figcaption class=\"widget-image-caption wp-caption-text\">Airbus A330 Neo \u00a9CORSAIR<\/figcaption>\n\t\t\t\t\t\t\t\t\t\t<\/figure>\n\t\t\t\t\t\t\t\t\t<\/div>\n\t\t\t\t<\/div>\n\t\t\t\t\t<\/div>\n\t\t<\/div>\n\t\t\t\t<div class=\"elementor-column elementor-col-50 elementor-inner-column elementor-element elementor-element-b37bc0d\" data-id=\"b37bc0d\" data-element_type=\"column\">\n\t\t\t<div class=\"elementor-widget-wrap elementor-element-populated\">\n\t\t\t\t\t\t<div class=\"elementor-element elementor-element-4acf059 elementor-widget elementor-widget-image\" data-id=\"4acf059\" data-element_type=\"widget\" data-widget_type=\"image.default\">\n\t\t\t\t<div class=\"elementor-widget-container\">\n\t\t\t\t\t\t\t\t\t\t\t\t\t\t\t<img loading=\"lazy\" decoding=\"async\" width=\"800\" height=\"534\" src=\"https:\/\/richeskarayib.com\/wp-content\/uploads\/2025\/12\/Coupe-du-ruban-Fort-de-France-1024x683.jpg\" class=\"attachment-large size-large wp-image-66884\" alt=\"CORSAIR\" srcset=\"https:\/\/richeskarayib.com\/wp-content\/uploads\/2025\/12\/Coupe-du-ruban-Fort-de-France-1024x683.jpg 1024w, https:\/\/richeskarayib.com\/wp-content\/uploads\/2025\/12\/Coupe-du-ruban-Fort-de-France-300x200.jpg 300w, https:\/\/richeskarayib.com\/wp-content\/uploads\/2025\/12\/Coupe-du-ruban-Fort-de-France-768x512.jpg 768w, https:\/\/richeskarayib.com\/wp-content\/uploads\/2025\/12\/Coupe-du-ruban-Fort-de-France-1536x1024.jpg 1536w, https:\/\/richeskarayib.com\/wp-content\/uploads\/2025\/12\/Coupe-du-ruban-Fort-de-France-1320x880.jpg 1320w, https:\/\/richeskarayib.com\/wp-content\/uploads\/2025\/12\/Coupe-du-ruban-Fort-de-France.jpg 1920w\" sizes=\"(max-width: 800px) 100vw, 800px\" \/>\t\t\t\t\t\t\t\t\t\t\t\t\t\t\t<\/div>\n\t\t\t\t<\/div>\n\t\t\t\t\t<\/div>\n\t\t<\/div>\n\t\t\t\t\t<\/div>\n\t\t<\/section>\n\t\t\t\t\t<\/div>\n\t\t<\/div>\n\t\t\t\t\t<\/div>\n\t\t<\/section>\n\t\t\t\t<section class=\"elementor-section elementor-top-section elementor-element elementor-element-9c88a89 elementor-section-boxed elementor-section-height-default elementor-section-height-default\" data-id=\"9c88a89\" data-element_type=\"section\">\n\t\t\t\t\t\t<div class=\"elementor-container elementor-column-gap-default\">\n\t\t\t\t\t<div class=\"elementor-column elementor-col-100 elementor-top-column elementor-element elementor-element-78cf5d1\" data-id=\"78cf5d1\" data-element_type=\"column\">\n\t\t\t<div class=\"elementor-widget-wrap elementor-element-populated\">\n\t\t\t\t\t\t<div class=\"elementor-element elementor-element-ea2a5c1 elementor-widget elementor-widget-heading\" data-id=\"ea2a5c1\" data-element_type=\"widget\" data-widget_type=\"heading.default\">\n\t\t\t\t<div class=\"elementor-widget-container\">\n\t\t\t\t\t<h2 class=\"elementor-heading-title elementor-size-default\">Apoyo financiero y de marketing para garantizar el futuro a largo plazo de la l\u00ednea<\/h2>\t\t\t\t<\/div>\n\t\t\t\t<\/div>\n\t\t\t\t<section class=\"elementor-section elementor-inner-section elementor-element elementor-element-275a1e8 elementor-section-boxed elementor-section-height-default elementor-section-height-default\" data-id=\"275a1e8\" data-element_type=\"section\">\n\t\t\t\t\t\t<div class=\"elementor-container elementor-column-gap-default\">\n\t\t\t\t\t<div class=\"elementor-column elementor-col-100 elementor-inner-column elementor-element elementor-element-4f5d9ea\" data-id=\"4f5d9ea\" data-element_type=\"column\">\n\t\t\t<div class=\"elementor-widget-wrap elementor-element-populated\">\n\t\t\t\t\t\t<div class=\"elementor-element elementor-element-e305eee elementor-widget elementor-widget-text-editor\" data-id=\"e305eee\" data-element_type=\"widget\" data-widget_type=\"text-editor.default\">\n\t\t\t\t<div class=\"elementor-widget-container\">\n\t\t\t\t\t\t\t\t\t<p><span style=\"font-weight: 400;\">Consciente de que no basta con lanzar una l\u00ednea, SAMAC ha puesto en marcha un sistema de apoyo a medida. &#8220;Nuestro objetivo es tambi\u00e9n permitir que los habitantes de Martinica descubran Burdeos&#8221;, explica Nathalie S\u00e9bastien. El aeropuerto ha comprometido su apoyo tanto en t\u00e9rminos de tasas aeroportuarias como de marketing, a trav\u00e9s de las redes sociales y de acciones promocionales espec\u00edficas.  <\/span><\/p>\t\t\t\t\t\t\t\t<\/div>\n\t\t\t\t<\/div>\n\t\t\t\t\t<\/div>\n\t\t<\/div>\n\t\t\t\t\t<\/div>\n\t\t<\/section>\n\t\t\t\t<div class=\"elementor-element elementor-element-b7a8070 elementor-widget elementor-widget-text-editor\" data-id=\"b7a8070\" data-element_type=\"widget\" data-widget_type=\"text-editor.default\">\n\t\t\t\t<div class=\"elementor-widget-container\">\n\t\t\t\t\t\t\t\t\t<p><span style=\"font-weight: 400;\">Para la CMT, el trabajo en los mercados emisores comenz\u00f3 en septiembre de 2025 con una gran operaci\u00f3n en Burdeos. &#8220;Organizamos un encuentro con casi un centenar de agencias de viajes de las regiones de Burdeos y Nouvelle-Aquitaine, en colaboraci\u00f3n con CORSAIR y el aeropuerto de Burdeos, para que las agencias programaran y dieran mayor visibilidad a los paquetes entre Burdeos y Fort-de-France&#8221;, explica Ga\u00ebtan Paderna. <\/span><\/p><p><span style=\"font-weight: 400;\">Esta iniciativa contin\u00faa con campa\u00f1as digitales, caravanas promocionales y paquetes f\u00e1ciles para fomentar las reservas. El mensaje es claro: se trata de una estrategia a largo plazo. <\/span><\/p>\t\t\t\t\t\t\t\t<\/div>\n\t\t\t\t<\/div>\n\t\t\t\t<section class=\"elementor-section elementor-inner-section elementor-element elementor-element-280d5fa elementor-section-boxed elementor-section-height-default elementor-section-height-default\" data-id=\"280d5fa\" data-element_type=\"section\">\n\t\t\t\t\t\t<div class=\"elementor-container elementor-column-gap-default\">\n\t\t\t\t\t<div class=\"elementor-column elementor-col-50 elementor-inner-column elementor-element elementor-element-72c1697\" data-id=\"72c1697\" data-element_type=\"column\">\n\t\t\t<div class=\"elementor-widget-wrap elementor-element-populated\">\n\t\t\t\t\t\t<div class=\"elementor-element elementor-element-433cef3 elementor-widget elementor-widget-image\" data-id=\"433cef3\" data-element_type=\"widget\" data-widget_type=\"image.default\">\n\t\t\t\t<div class=\"elementor-widget-container\">\n\t\t\t\t\t\t\t\t\t\t\t\t<figure class=\"wp-caption\">\n\t\t\t\t\t\t\t\t\t\t<img loading=\"lazy\" decoding=\"async\" width=\"800\" height=\"370\" src=\"https:\/\/richeskarayib.com\/wp-content\/uploads\/2025\/12\/Eddy-Luce-et-Nathalie-Sebastien-1024x473.jpg\" class=\"attachment-large size-large wp-image-66795\" alt=\"CORSAIR\" srcset=\"https:\/\/richeskarayib.com\/wp-content\/uploads\/2025\/12\/Eddy-Luce-et-Nathalie-Sebastien-1024x473.jpg 1024w, https:\/\/richeskarayib.com\/wp-content\/uploads\/2025\/12\/Eddy-Luce-et-Nathalie-Sebastien-300x139.jpg 300w, https:\/\/richeskarayib.com\/wp-content\/uploads\/2025\/12\/Eddy-Luce-et-Nathalie-Sebastien-768x355.jpg 768w, https:\/\/richeskarayib.com\/wp-content\/uploads\/2025\/12\/Eddy-Luce-et-Nathalie-Sebastien-1536x710.jpg 1536w, https:\/\/richeskarayib.com\/wp-content\/uploads\/2025\/12\/Eddy-Luce-et-Nathalie-Sebastien-1320x610.jpg 1320w, https:\/\/richeskarayib.com\/wp-content\/uploads\/2025\/12\/Eddy-Luce-et-Nathalie-Sebastien.jpg 1920w\" sizes=\"(max-width: 800px) 100vw, 800px\" \/>\t\t\t\t\t\t\t\t\t\t\t<figcaption class=\"widget-image-caption wp-caption-text\">Eddy Luce et Nathalie Se\u0301bastien<\/figcaption>\n\t\t\t\t\t\t\t\t\t\t<\/figure>\n\t\t\t\t\t\t\t\t\t<\/div>\n\t\t\t\t<\/div>\n\t\t\t\t\t<\/div>\n\t\t<\/div>\n\t\t\t\t<div class=\"elementor-column elementor-col-50 elementor-inner-column elementor-element elementor-element-ac54616\" data-id=\"ac54616\" data-element_type=\"column\">\n\t\t\t<div class=\"elementor-widget-wrap elementor-element-populated\">\n\t\t\t\t\t\t<div class=\"elementor-element elementor-element-0df4c86 elementor-widget elementor-widget-image\" data-id=\"0df4c86\" data-element_type=\"widget\" data-widget_type=\"image.default\">\n\t\t\t\t<div class=\"elementor-widget-container\">\n\t\t\t\t\t\t\t\t\t\t\t\t<figure class=\"wp-caption\">\n\t\t\t\t\t\t\t\t\t\t<img loading=\"lazy\" decoding=\"async\" width=\"800\" height=\"370\" src=\"https:\/\/richeskarayib.com\/wp-content\/uploads\/2025\/12\/Eddy-Luce-et-Marie-Ange-Ravin-1024x473.jpg\" class=\"attachment-large size-large wp-image-66799\" alt=\"CORSAIR\" srcset=\"https:\/\/richeskarayib.com\/wp-content\/uploads\/2025\/12\/Eddy-Luce-et-Marie-Ange-Ravin-1024x473.jpg 1024w, https:\/\/richeskarayib.com\/wp-content\/uploads\/2025\/12\/Eddy-Luce-et-Marie-Ange-Ravin-300x139.jpg 300w, https:\/\/richeskarayib.com\/wp-content\/uploads\/2025\/12\/Eddy-Luce-et-Marie-Ange-Ravin-768x355.jpg 768w, https:\/\/richeskarayib.com\/wp-content\/uploads\/2025\/12\/Eddy-Luce-et-Marie-Ange-Ravin-1536x710.jpg 1536w, https:\/\/richeskarayib.com\/wp-content\/uploads\/2025\/12\/Eddy-Luce-et-Marie-Ange-Ravin-1320x610.jpg 1320w, https:\/\/richeskarayib.com\/wp-content\/uploads\/2025\/12\/Eddy-Luce-et-Marie-Ange-Ravin.jpg 1920w\" sizes=\"(max-width: 800px) 100vw, 800px\" \/>\t\t\t\t\t\t\t\t\t\t\t<figcaption class=\"widget-image-caption wp-caption-text\">Eddy Luce et Marie-Ange Ravin<\/figcaption>\n\t\t\t\t\t\t\t\t\t\t<\/figure>\n\t\t\t\t\t\t\t\t\t<\/div>\n\t\t\t\t<\/div>\n\t\t\t\t\t<\/div>\n\t\t<\/div>\n\t\t\t\t\t<\/div>\n\t\t<\/section>\n\t\t\t\t\t<\/div>\n\t\t<\/div>\n\t\t\t\t\t<\/div>\n\t\t<\/section>\n\t\t\t\t<section class=\"elementor-section elementor-top-section elementor-element elementor-element-103aced elementor-section-boxed elementor-section-height-default elementor-section-height-default\" data-id=\"103aced\" data-element_type=\"section\">\n\t\t\t\t\t\t<div class=\"elementor-container elementor-column-gap-default\">\n\t\t\t\t\t<div class=\"elementor-column elementor-col-100 elementor-top-column elementor-element elementor-element-e34f9f4\" data-id=\"e34f9f4\" data-element_type=\"column\">\n\t\t\t<div class=\"elementor-widget-wrap elementor-element-populated\">\n\t\t\t\t\t\t<div class=\"elementor-element elementor-element-c643e86 elementor-widget elementor-widget-heading\" data-id=\"c643e86\" data-element_type=\"widget\" data-widget_type=\"heading.default\">\n\t\t\t\t<div class=\"elementor-widget-container\">\n\t\t\t\t\t<h2 class=\"elementor-heading-title elementor-size-default\">M\u00e1s que un enlace a\u00e9reo, un puente humano<\/h2>\t\t\t\t<\/div>\n\t\t\t\t<\/div>\n\t\t\t\t<section class=\"elementor-section elementor-inner-section elementor-element elementor-element-9035ca3 elementor-section-boxed elementor-section-height-default elementor-section-height-default\" data-id=\"9035ca3\" data-element_type=\"section\">\n\t\t\t\t\t\t<div class=\"elementor-container elementor-column-gap-default\">\n\t\t\t\t\t<div class=\"elementor-column elementor-col-50 elementor-inner-column elementor-element elementor-element-984d4b5\" data-id=\"984d4b5\" data-element_type=\"column\">\n\t\t\t<div class=\"elementor-widget-wrap elementor-element-populated\">\n\t\t\t\t\t\t<div class=\"elementor-element elementor-element-f783f1a elementor-widget elementor-widget-text-editor\" data-id=\"f783f1a\" data-element_type=\"widget\" data-widget_type=\"text-editor.default\">\n\t\t\t\t<div class=\"elementor-widget-container\">\n\t\t\t\t\t\t\t\t\t<p><span style=\"font-weight: 400;\">M\u00e1s all\u00e1 de las cuestiones tur\u00edsticas y econ\u00f3micas en juego, este nuevo enlace tiene una dimensi\u00f3n profundamente humana. En concreto, responde a las necesidades de movilidad de los j\u00f3venes martiniqueses que estudian en Burdeos, una de las principales ciudades universitarias de Francia. &#8220;Este servicio directo les facilitar\u00e1 el mantenimiento de los v\u00ednculos con su patria, con sus familias y con Martinica&#8221;, afirma Marie-Ange Ravin.  <\/span><\/p><p><span style=\"font-weight: 400;\">Para las familias de la di\u00e1spora, tambi\u00e9n supone una nueva comodidad. Los viajes entre ambos territorios se hacen m\u00e1s fluidos y accesibles, con un menor impacto de carbono gracias a la ausencia de escala en Par\u00eds. <\/span><\/p>\t\t\t\t\t\t\t\t<\/div>\n\t\t\t\t<\/div>\n\t\t\t\t<div class=\"elementor-element elementor-element-c2e57c0 elementor-widget elementor-widget-text-editor\" data-id=\"c2e57c0\" data-element_type=\"widget\" data-widget_type=\"text-editor.default\">\n\t\t\t\t<div class=\"elementor-widget-container\">\n\t\t\t\t\t\t\t\t\t<p><span style=\"font-weight: 400;\">Nathalie S\u00e9bastien concluye con una c\u00e1lida invitaci\u00f3n: &#8220;De verdad, no tengas miedo de salir y descubrir lo que estos dos territorios pueden ofrecerte. Un enlace directo significa m\u00e1s oportunidades de viajar, m\u00e1s oportunidades de descubrir a otros, aunque sea a alguien que crees conocer. Atr\u00e9vete a viajar, atr\u00e9vete a descubrir.<\/span><\/p><p><span style=\"font-weight: 400;\">Este vuelo inaugural Burdeos &#8211; Fort-de-France es mucho m\u00e1s que una nueva ruta a\u00e9rea. Es un puente entre dos territorios, una oportunidad para el turismo, la econom\u00eda, los j\u00f3venes y el futuro de Martinica. <\/span><\/p>\t\t\t\t\t\t\t\t<\/div>\n\t\t\t\t<\/div>\n\t\t\t\t\t<\/div>\n\t\t<\/div>\n\t\t\t\t<div class=\"elementor-column elementor-col-50 elementor-inner-column elementor-element elementor-element-b6bf3d5\" data-id=\"b6bf3d5\" data-element_type=\"column\">\n\t\t\t<div class=\"elementor-widget-wrap elementor-element-populated\">\n\t\t\t\t\t\t<div class=\"elementor-element elementor-element-86805e8 elementor-widget elementor-widget-image\" data-id=\"86805e8\" data-element_type=\"widget\" data-widget_type=\"image.default\">\n\t\t\t\t<div class=\"elementor-widget-container\">\n\t\t\t\t\t\t\t\t\t\t\t\t\t\t\t<img loading=\"lazy\" decoding=\"async\" width=\"800\" height=\"800\" src=\"https:\/\/richeskarayib.com\/wp-content\/uploads\/2025\/12\/2-3-1024x1024.png\" class=\"attachment-large size-large wp-image-66803\" alt=\"CORSAIR\" srcset=\"https:\/\/richeskarayib.com\/wp-content\/uploads\/2025\/12\/2-3-1024x1024.png 1024w, https:\/\/richeskarayib.com\/wp-content\/uploads\/2025\/12\/2-3-300x300.png 300w, https:\/\/richeskarayib.com\/wp-content\/uploads\/2025\/12\/2-3-150x150.png 150w, https:\/\/richeskarayib.com\/wp-content\/uploads\/2025\/12\/2-3-768x768.png 768w, https:\/\/richeskarayib.com\/wp-content\/uploads\/2025\/12\/2-3.png 1080w\" sizes=\"(max-width: 800px) 100vw, 800px\" \/>\t\t\t\t\t\t\t\t\t\t\t\t\t\t\t<\/div>\n\t\t\t\t<\/div>\n\t\t\t\t\t<\/div>\n\t\t<\/div>\n\t\t\t\t\t<\/div>\n\t\t<\/section>\n\t\t\t\t\t<\/div>\n\t\t<\/div>\n\t\t\t\t\t<\/div>\n\t\t<\/section>\n\t\t\t\t<section class=\"elementor-section elementor-top-section elementor-element elementor-element-23ed11f elementor-section-boxed elementor-section-height-default elementor-section-height-default\" data-id=\"23ed11f\" data-element_type=\"section\">\n\t\t\t\t\t\t<div class=\"elementor-container elementor-column-gap-default\">\n\t\t\t\t\t<div class=\"elementor-column elementor-col-100 elementor-top-column elementor-element elementor-element-9e160dd\" data-id=\"9e160dd\" data-element_type=\"column\">\n\t\t\t<div class=\"elementor-widget-wrap elementor-element-populated\">\n\t\t\t\t\t\t<div class=\"elementor-element elementor-element-0bbe05d elementor-widget elementor-widget-text-editor\" data-id=\"0bbe05d\" data-element_type=\"widget\" data-widget_type=\"text-editor.default\">\n\t\t\t\t<div class=\"elementor-widget-container\">\n\t\t\t\t\t\t\t\t\t<p><b>Acerca de CORSAIR<\/b><span style=\"font-weight: 400;\"> CORSAIR es una compa\u00f1\u00eda a\u00e9rea francesa especializada en servicios de largo recorrido a territorios franceses de ultramar y destinos de ocio. Opera una flota 100% Airbus A330 Neo y fue elegida mejor compa\u00f1\u00eda a\u00e9rea de ocio por Skytrax en 2024 y 2025.<\/span><\/p>\t\t\t\t\t\t\t\t<\/div>\n\t\t\t\t<\/div>\n\t\t\t\t<div class=\"elementor-element elementor-element-4d8516a elementor-widget elementor-widget-text-editor\" data-id=\"4d8516a\" data-element_type=\"widget\" data-widget_type=\"text-editor.default\">\n\t\t\t\t<div class=\"elementor-widget-container\">\n\t\t\t\t\t\t\t\t\t<p><b>Acerca de SAMAC<\/b><span style=\"font-weight: 400;\"> SAMAC: Soci\u00e9t\u00e9 A\u00e9roport Martinique Aim\u00e9 C\u00e9saire gestiona el aeropuerto internacional de Martinica, que se ha beneficiado de m\u00e1s de 120 millones de euros de obras de modernizaci\u00f3n y puede acoger a m\u00e1s de 3 millones de pasajeros al a\u00f1o.<\/span><\/p>\t\t\t\t\t\t\t\t<\/div>\n\t\t\t\t<\/div>\n\t\t\t\t<div class=\"elementor-element elementor-element-30e5bee elementor-widget elementor-widget-text-editor\" data-id=\"30e5bee\" data-element_type=\"widget\" data-widget_type=\"text-editor.default\">\n\t\t\t\t<div class=\"elementor-widget-container\">\n\t\t\t\t\t\t\t\t\t<p><b>Acerca del CMT<\/b><span style=\"font-weight: 400;\"> El Comit\u00e9 Martiniquais du Tourisme se encarga de promocionar Martinica como destino en los mercados emisores nacionales e internacionales.<\/span><\/p>\t\t\t\t\t\t\t\t<\/div>\n\t\t\t\t<\/div>\n\t\t\t\t\t<\/div>\n\t\t<\/div>\n\t\t\t\t\t<\/div>\n\t\t<\/section>\n\t\t\t\t<section class=\"elementor-section elementor-top-section elementor-element elementor-element-c9d5708 elementor-section-boxed elementor-section-height-default elementor-section-height-default\" data-id=\"c9d5708\" data-element_type=\"section\">\n\t\t\t\t\t\t<div class=\"elementor-container elementor-column-gap-default\">\n\t\t\t\t\t<div class=\"elementor-column elementor-col-100 elementor-top-column elementor-element elementor-element-f856576\" data-id=\"f856576\" data-element_type=\"column\">\n\t\t\t<div class=\"elementor-widget-wrap elementor-element-populated\">\n\t\t\t\t\t\t<section class=\"elementor-section elementor-inner-section elementor-element elementor-element-c731c95 elementor-section-boxed elementor-section-height-default elementor-section-height-default\" data-id=\"c731c95\" data-element_type=\"section\">\n\t\t\t\t\t\t<div class=\"elementor-container elementor-column-gap-default\">\n\t\t\t\t\t<div class=\"elementor-column elementor-col-100 elementor-inner-column elementor-element elementor-element-1841fe0\" data-id=\"1841fe0\" data-element_type=\"column\">\n\t\t\t<div class=\"elementor-widget-wrap elementor-element-populated\">\n\t\t\t\t\t\t<div class=\"elementor-element elementor-element-9c42147 elementor-widget elementor-widget-heading\" data-id=\"9c42147\" data-element_type=\"widget\" data-widget_type=\"heading.default\">\n\t\t\t\t<div class=\"elementor-widget-container\">\n\t\t\t\t\t<h2 class=\"elementor-heading-title elementor-size-default\">PREGUNTAS FRECUENTES<\/h2>\t\t\t\t<\/div>\n\t\t\t\t<\/div>\n\t\t\t\t<div class=\"elementor-element elementor-element-1666ae5 elementor-widget elementor-widget-accordion\" data-id=\"1666ae5\" data-element_type=\"widget\" data-widget_type=\"accordion.default\">\n\t\t\t\t<div class=\"elementor-widget-container\">\n\t\t\t\t\t\t\t<div class=\"elementor-accordion\">\n\t\t\t\t\t\t\t<div class=\"elementor-accordion-item\">\n\t\t\t\t\t<div id=\"elementor-tab-title-2341\" class=\"elementor-tab-title\" data-tab=\"1\" role=\"button\" aria-controls=\"elementor-tab-content-2341\" aria-expanded=\"false\">\n\t\t\t\t\t\t\t\t\t\t\t\t\t<span class=\"elementor-accordion-icon elementor-accordion-icon-left\" aria-hidden=\"true\">\n\t\t\t\t\t\t\t\t\t\t\t\t\t\t\t<span class=\"elementor-accordion-icon-closed\"><i class=\"fas fa-plus\"><\/i><\/span>\n\t\t\t\t\t\t\t\t<span class=\"elementor-accordion-icon-opened\"><i class=\"fas fa-minus\"><\/i><\/span>\n\t\t\t\t\t\t\t\t\t\t\t\t\t\t<\/span>\n\t\t\t\t\t\t\t\t\t\t\t\t<a class=\"elementor-accordion-title\" tabindex=\"0\">\u00bfCu\u00e1ndo comenz\u00f3 el vuelo directo Burdeos - Fort-de-France con CORSAIR?<\/a>\n\t\t\t\t\t<\/div>\n\t\t\t\t\t<div id=\"elementor-tab-content-2341\" class=\"elementor-tab-content elementor-clearfix\" data-tab=\"1\" role=\"region\" aria-labelledby=\"elementor-tab-title-2341\"><p><span style=\"font-weight: 400;\">El vuelo directo Burdeos &#8211; Fort-de-France operado por CORSAIR comenz\u00f3 el 15 de diciembre de 2025, con el primer vuelo inaugural en el aeropuerto Aim\u00e9-C\u00e9saire de Martinica.<\/span><\/p>\n<\/div>\n\t\t\t\t<\/div>\n\t\t\t\t\t\t\t<div class=\"elementor-accordion-item\">\n\t\t\t\t\t<div id=\"elementor-tab-title-2342\" class=\"elementor-tab-title\" data-tab=\"2\" role=\"button\" aria-controls=\"elementor-tab-content-2342\" aria-expanded=\"false\">\n\t\t\t\t\t\t\t\t\t\t\t\t\t<span class=\"elementor-accordion-icon elementor-accordion-icon-left\" aria-hidden=\"true\">\n\t\t\t\t\t\t\t\t\t\t\t\t\t\t\t<span class=\"elementor-accordion-icon-closed\"><i class=\"fas fa-plus\"><\/i><\/span>\n\t\t\t\t\t\t\t\t<span class=\"elementor-accordion-icon-opened\"><i class=\"fas fa-minus\"><\/i><\/span>\n\t\t\t\t\t\t\t\t\t\t\t\t\t\t<\/span>\n\t\t\t\t\t\t\t\t\t\t\t\t<a class=\"elementor-accordion-title\" tabindex=\"0\">\u00bfCon qu\u00e9 frecuencia funciona la ruta Burdeos - Fort-de-France?<\/a>\n\t\t\t\t\t<\/div>\n\t\t\t\t\t<div id=\"elementor-tab-content-2342\" class=\"elementor-tab-content elementor-clearfix\" data-tab=\"2\" role=\"region\" aria-labelledby=\"elementor-tab-title-2342\"><p><span style=\"font-weight: 400;\">El servicio funcionar\u00e1 una vez a la semana, todos los lunes, del 15 de diciembre de 2025 al 20 de abril de 2026, durante la temporada tur\u00edstica alta.<\/span><\/p>\n<\/div>\n\t\t\t\t<\/div>\n\t\t\t\t\t\t\t<div class=\"elementor-accordion-item\">\n\t\t\t\t\t<div id=\"elementor-tab-title-2343\" class=\"elementor-tab-title\" data-tab=\"3\" role=\"button\" aria-controls=\"elementor-tab-content-2343\" aria-expanded=\"false\">\n\t\t\t\t\t\t\t\t\t\t\t\t\t<span class=\"elementor-accordion-icon elementor-accordion-icon-left\" aria-hidden=\"true\">\n\t\t\t\t\t\t\t\t\t\t\t\t\t\t\t<span class=\"elementor-accordion-icon-closed\"><i class=\"fas fa-plus\"><\/i><\/span>\n\t\t\t\t\t\t\t\t<span class=\"elementor-accordion-icon-opened\"><i class=\"fas fa-minus\"><\/i><\/span>\n\t\t\t\t\t\t\t\t\t\t\t\t\t\t<\/span>\n\t\t\t\t\t\t\t\t\t\t\t\t<a class=\"elementor-accordion-title\" tabindex=\"0\">\u00bfQu\u00e9 tipo de avi\u00f3n se utiliza en la ruta Burdeos - Fort-de-France?<\/a>\n\t\t\t\t\t<\/div>\n\t\t\t\t\t<div id=\"elementor-tab-content-2343\" class=\"elementor-tab-content elementor-clearfix\" data-tab=\"3\" role=\"region\" aria-labelledby=\"elementor-tab-title-2343\"><p><span style=\"font-weight: 400;\">CORSAIR opera esta ruta con Airbus A330 Neo, aviones de \u00faltima generaci\u00f3n que reducen las emisiones de CO\u2082 por asiento y mejoran la comodidad de los pasajeros.<\/span><\/p>\n<\/div>\n\t\t\t\t<\/div>\n\t\t\t\t\t\t\t\t<\/div>\n\t\t\t\t\t\t<\/div>\n\t\t\t\t<\/div>\n\t\t\t\t\t<\/div>\n\t\t<\/div>\n\t\t\t\t\t<\/div>\n\t\t<\/section>\n\t\t\t\t\t<\/div>\n\t\t<\/div>\n\t\t\t\t\t<\/div>\n\t\t<\/section>\n\t\t\t\t<\/div>\n\t\t","protected":false},"excerpt":{"rendered":"<p>El 15 de diciembre de 2025, el aeropuerto Aim\u00e9-C\u00e9saire acogi\u00f3 el primer vuelo directo Burdeos &#8211; Fort-de-France, operado por CORSAIR. Esta nueva ruta marca un punto de inflexi\u00f3n estrat\u00e9gico para la conectividad de Martinica y el acceso al Caribe desde el suroeste de Francia. Una asociaci\u00f3n tripartita para aumentar el atractivo de la regi\u00f3n La [&hellip;]<\/p>\n","protected":false},"author":662,"featured_media":66775,"comment_status":"open","ping_status":"open","sticky":false,"template":"","format":"standard","meta":{"_acf_changed":false,"footnotes":""},"categories":[1767],"tags":[1838,816],"class_list":["post-66805","post","type-post","status-publish","format-standard","has-post-thumbnail","hentry","category-aire","tag-burdeos","tag-martinique-es"],"acf":[],"_links":{"self":[{"href":"https:\/\/richeskarayib.com\/es\/wp-json\/wp\/v2\/posts\/66805","targetHints":{"allow":["GET"]}}],"collection":[{"href":"https:\/\/richeskarayib.com\/es\/wp-json\/wp\/v2\/posts"}],"about":[{"href":"https:\/\/richeskarayib.com\/es\/wp-json\/wp\/v2\/types\/post"}],"author":[{"embeddable":true,"href":"https:\/\/richeskarayib.com\/es\/wp-json\/wp\/v2\/users\/662"}],"replies":[{"embeddable":true,"href":"https:\/\/richeskarayib.com\/es\/wp-json\/wp\/v2\/comments?post=66805"}],"version-history":[{"count":0,"href":"https:\/\/richeskarayib.com\/es\/wp-json\/wp\/v2\/posts\/66805\/revisions"}],"wp:featuredmedia":[{"embeddable":true,"href":"https:\/\/richeskarayib.com\/es\/wp-json\/wp\/v2\/media\/66775"}],"wp:attachment":[{"href":"https:\/\/richeskarayib.com\/es\/wp-json\/wp\/v2\/media?parent=66805"}],"wp:term":[{"taxonomy":"category","embeddable":true,"href":"https:\/\/richeskarayib.com\/es\/wp-json\/wp\/v2\/categories?post=66805"},{"taxonomy":"post_tag","embeddable":true,"href":"https:\/\/richeskarayib.com\/es\/wp-json\/wp\/v2\/tags?post=66805"}],"curies":[{"name":"wp","href":"https:\/\/api.w.org\/{rel}","templated":true}]}}