{"id":66935,"date":"2025-12-17T14:04:56","date_gmt":"2025-12-17T18:04:56","guid":{"rendered":"https:\/\/richeskarayib.com\/martinica-cecile-vernant-una-artista-multimedia-que-esculpe-la-memoria-de-la-isla\/"},"modified":"2025-12-22T04:05:31","modified_gmt":"2025-12-22T08:05:31","slug":"martinica-cecile-vernant-una-artista-multimedia-que-esculpe-la-memoria-de-la-isla","status":"publish","type":"post","link":"https:\/\/richeskarayib.com\/es\/martinica-cecile-vernant-una-artista-multimedia-que-esculpe-la-memoria-de-la-isla\/","title":{"rendered":"Martinica &#8211; C\u00e9cile Vernant: una artista multimedia que esculpe la memoria de la isla"},"content":{"rendered":"\t\t<div data-elementor-type=\"wp-post\" data-elementor-id=\"66935\" class=\"elementor elementor-66935 elementor-66885\" data-elementor-post-type=\"post\">\n\t\t\t\t\t\t<section class=\"elementor-section elementor-top-section elementor-element elementor-element-7ca7ca1 elementor-section-boxed elementor-section-height-default elementor-section-height-default\" data-id=\"7ca7ca1\" data-element_type=\"section\">\n\t\t\t\t\t\t<div class=\"elementor-container elementor-column-gap-default\">\n\t\t\t\t\t<div class=\"elementor-column elementor-col-100 elementor-top-column elementor-element elementor-element-cbdd002\" data-id=\"cbdd002\" data-element_type=\"column\">\n\t\t\t<div class=\"elementor-widget-wrap elementor-element-populated\">\n\t\t\t\t\t\t<section class=\"elementor-section elementor-inner-section elementor-element elementor-element-bc94849 elementor-section-boxed elementor-section-height-default elementor-section-height-default\" data-id=\"bc94849\" data-element_type=\"section\">\n\t\t\t\t\t\t<div class=\"elementor-container elementor-column-gap-default\">\n\t\t\t\t\t\t<\/div>\n\t\t<\/section>\n\t\t\t\t<section class=\"elementor-section elementor-inner-section elementor-element elementor-element-61571e6 elementor-section-boxed elementor-section-height-default elementor-section-height-default\" data-id=\"61571e6\" data-element_type=\"section\">\n\t\t\t\t\t\t<div class=\"elementor-container elementor-column-gap-default\">\n\t\t\t\t\t\t<\/div>\n\t\t<\/section>\n\t\t\t\t<section class=\"elementor-section elementor-inner-section elementor-element elementor-element-b6262e0 elementor-section-boxed elementor-section-height-default elementor-section-height-default\" data-id=\"b6262e0\" data-element_type=\"section\">\n\t\t\t\t\t\t<div class=\"elementor-container elementor-column-gap-default\">\n\t\t\t\t\t\t<\/div>\n\t\t<\/section>\n\t\t\t\t<section class=\"elementor-section elementor-inner-section elementor-element elementor-element-cca29fd elementor-section-boxed elementor-section-height-default elementor-section-height-default\" data-id=\"cca29fd\" data-element_type=\"section\">\n\t\t\t\t\t\t<div class=\"elementor-container elementor-column-gap-default\">\n\t\t\t\t\t\t<\/div>\n\t\t<\/section>\n\t\t\t\t\t<\/div>\n\t\t<\/div>\n\t\t\t\t\t<\/div>\n\t\t<\/section>\n\t\t\t\t<section class=\"elementor-section elementor-top-section elementor-element elementor-element-ee72354 elementor-section-boxed elementor-section-height-default elementor-section-height-default\" data-id=\"ee72354\" data-element_type=\"section\">\n\t\t\t\t\t\t<div class=\"elementor-container elementor-column-gap-default\">\n\t\t\t\t\t<div class=\"elementor-column elementor-col-100 elementor-top-column elementor-element elementor-element-c59d6fe\" data-id=\"c59d6fe\" data-element_type=\"column\">\n\t\t\t<div class=\"elementor-widget-wrap elementor-element-populated\">\n\t\t\t\t\t\t<div class=\"elementor-element elementor-element-c6d4f26 elementor-widget elementor-widget-text-editor\" data-id=\"c6d4f26\" data-element_type=\"widget\" data-widget_type=\"text-editor.default\">\n\t\t\t\t<div class=\"elementor-widget-container\">\n\t\t\t\t\t\t\t\t\t<p><span style=\"font-weight: 400;\">A trav\u00e9s de la pintura, la fotograf\u00eda y la cer\u00e1mica, <a href=\"https:\/\/antilla-martinique.com\/a-coeur-battant-cecile-vernant-devoile-son-univers-multidimensionnel-aux-boutiques-de-cluny\/\" target=\"_blank\" rel=\"noopener nofollow\">C\u00e9cile Vernant<\/a> explora un territorio \u00edntimo: la <a href=\"https:\/\/richeskarayib.com\/es\/?p=66879\" target=\"_blank\" rel=\"noopener\">Martinica<\/a> de su infancia. Nacida en Par\u00eds, pero llegada a la isla a los 18 meses, la artista reivindica un arraigo que se nutre de olores, luces, texturas y recuerdos sensoriales. En la obra de C\u00e9cile Vernant, el humor se mezcla con la sensibilidad, lo l\u00fadico con lo accidental, la t\u00e9cnica con el instinto. Conoce a una creadora que traza su camino con rara sinceridad, fuera de los r\u00edgidos confines del arte contempor\u00e1neo.<\/span><\/p>\t\t\t\t\t\t\t\t<\/div>\n\t\t\t\t<\/div>\n\t\t\t\t\t<\/div>\n\t\t<\/div>\n\t\t\t\t\t<\/div>\n\t\t<\/section>\n\t\t\t\t<section class=\"elementor-section elementor-top-section elementor-element elementor-element-82cd8f9 elementor-section-boxed elementor-section-height-default elementor-section-height-default\" data-id=\"82cd8f9\" data-element_type=\"section\">\n\t\t\t\t\t\t<div class=\"elementor-container elementor-column-gap-default\">\n\t\t\t\t\t<div class=\"elementor-column elementor-col-100 elementor-top-column elementor-element elementor-element-0bfdc38\" data-id=\"0bfdc38\" data-element_type=\"column\">\n\t\t\t<div class=\"elementor-widget-wrap elementor-element-populated\">\n\t\t\t\t\t\t<div class=\"elementor-element elementor-element-7d292fe elementor-widget elementor-widget-heading\" data-id=\"7d292fe\" data-element_type=\"widget\" data-widget_type=\"heading.default\">\n\t\t\t\t<div class=\"elementor-widget-container\">\n\t\t\t\t\t<h2 class=\"elementor-heading-title elementor-size-default\">Un recuerdo carnal de Martinica<\/h2>\t\t\t\t<\/div>\n\t\t\t\t<\/div>\n\t\t\t\t<section class=\"elementor-section elementor-inner-section elementor-element elementor-element-250cbbb elementor-section-boxed elementor-section-height-default elementor-section-height-default\" data-id=\"250cbbb\" data-element_type=\"section\">\n\t\t\t\t\t\t<div class=\"elementor-container elementor-column-gap-default\">\n\t\t\t\t\t<div class=\"elementor-column elementor-col-50 elementor-inner-column elementor-element elementor-element-7c78b61\" data-id=\"7c78b61\" data-element_type=\"column\">\n\t\t\t<div class=\"elementor-widget-wrap elementor-element-populated\">\n\t\t\t\t\t\t<div class=\"elementor-element elementor-element-8e337bf elementor-widget elementor-widget-text-editor\" data-id=\"8e337bf\" data-element_type=\"widget\" data-widget_type=\"text-editor.default\">\n\t\t\t\t<div class=\"elementor-widget-container\">\n\t\t\t\t\t\t\t\t\t<p> <\/p>\n<p><span style=\"font-weight: 400;\">Para C\u00e9cile Vernant, el arte es ante todo una forma de sentir, de vivir, de conectar con uno mismo y con su isla.  <\/span><\/p>\n<p><span style=\"font-weight: 400;\">Desde sus dibujos infantiles en una pared lila hasta sus obras recientes que combinan arcilla, pastel y \u00f3leo, crea un mundo en el que cada medio se convierte en un veh\u00edculo de emoci\u00f3n.  <\/span><\/p>\n<p><span style=\"font-weight: 400;\">&#8220;Trabajo por rebote&#8221;, dice, reivindicando un enfoque instintivo, en el que cada creaci\u00f3n inspira a otra en una l\u00f3gica de cad\u00e1ver exquisito visual ( <\/span><i><span style=\"font-weight: 400;\">cad\u00e1ver exquisito visual (<\/span><\/i><span style=\"font-weight: 400;\">(una secuencia espont\u00e1nea de obras, como un di\u00e1logo visual).<\/span><\/p>\t\t\t\t\t\t\t\t<\/div>\n\t\t\t\t<\/div>\n\t\t\t\t<div class=\"elementor-element elementor-element-deb7adb elementor-widget elementor-widget-text-editor\" data-id=\"deb7adb\" data-element_type=\"widget\" data-widget_type=\"text-editor.default\">\n\t\t\t\t<div class=\"elementor-widget-container\">\n\t\t\t\t\t\t\t\t\t<p><span style=\"font-weight: 400;\">Martinica atraviesa toda la obra de C\u00e9cile Vernant, no como un escenario fijo, sino como un paisaje interior.<\/span><\/p>\n<p><span style=\"font-weight: 400;\">  La naturaleza, los recuerdos escolares, el sonido de la lluvia sobre la chapa, los acantilados de Bellefontaine, las ranas arbor\u00edcolas al amanecer&#8230; todo es material creativo.  <\/span><\/p>\n<p><span style=\"font-weight: 400;\">&#8220;La tierra del coraz\u00f3n es la tierra de la infancia feliz&#8221;, dice.  <\/span><\/p>\n<p><span style=\"font-weight: 400;\">Y es esta infancia, arraigada en los juegos de grupo, las sensaciones t\u00e1ctiles y las formas naturales, la que transmite con delicadeza.<\/span><\/p>\t\t\t\t\t\t\t\t<\/div>\n\t\t\t\t<\/div>\n\t\t\t\t\t<\/div>\n\t\t<\/div>\n\t\t\t\t<div class=\"elementor-column elementor-col-50 elementor-inner-column elementor-element elementor-element-83d3ea0\" data-id=\"83d3ea0\" data-element_type=\"column\">\n\t\t\t<div class=\"elementor-widget-wrap elementor-element-populated\">\n\t\t\t\t\t\t<div class=\"elementor-element elementor-element-995e11b elementor-widget elementor-widget-image\" data-id=\"995e11b\" data-element_type=\"widget\" data-widget_type=\"image.default\">\n\t\t\t\t<div class=\"elementor-widget-container\">\n\t\t\t\t\t\t\t\t\t\t\t\t<figure class=\"wp-caption\">\n\t\t\t\t\t\t\t\t\t\t<img fetchpriority=\"high\" decoding=\"async\" width=\"528\" height=\"736\" src=\"https:\/\/richeskarayib.com\/wp-content\/uploads\/2025\/12\/portrait-3.jpeg\" class=\"attachment-large size-large wp-image-66893\" alt=\"C\u00e9cile Vernant\" srcset=\"https:\/\/richeskarayib.com\/wp-content\/uploads\/2025\/12\/portrait-3.jpeg 528w, https:\/\/richeskarayib.com\/wp-content\/uploads\/2025\/12\/portrait-3-215x300.jpeg 215w\" sizes=\"(max-width: 528px) 100vw, 528px\" \/>\t\t\t\t\t\t\t\t\t\t\t<figcaption class=\"widget-image-caption wp-caption-text\">\u00a9C\u00e9cile Vernant<\/figcaption>\n\t\t\t\t\t\t\t\t\t\t<\/figure>\n\t\t\t\t\t\t\t\t\t<\/div>\n\t\t\t\t<\/div>\n\t\t\t\t\t<\/div>\n\t\t<\/div>\n\t\t\t\t\t<\/div>\n\t\t<\/section>\n\t\t\t\t<section class=\"elementor-section elementor-inner-section elementor-element elementor-element-c582330 elementor-section-boxed elementor-section-height-default elementor-section-height-default\" data-id=\"c582330\" data-element_type=\"section\">\n\t\t\t\t\t\t<div class=\"elementor-container elementor-column-gap-default\">\n\t\t\t\t\t\t<\/div>\n\t\t<\/section>\n\t\t\t\t<section class=\"elementor-section elementor-inner-section elementor-element elementor-element-296603a elementor-section-boxed elementor-section-height-default elementor-section-height-default\" data-id=\"296603a\" data-element_type=\"section\">\n\t\t\t\t\t\t<div class=\"elementor-container elementor-column-gap-default\">\n\t\t\t\t\t\t<\/div>\n\t\t<\/section>\n\t\t\t\t\t<\/div>\n\t\t<\/div>\n\t\t\t\t\t<\/div>\n\t\t<\/section>\n\t\t\t\t<section class=\"elementor-section elementor-top-section elementor-element elementor-element-5a7397d elementor-section-boxed elementor-section-height-default elementor-section-height-default\" data-id=\"5a7397d\" data-element_type=\"section\">\n\t\t\t\t\t\t<div class=\"elementor-container elementor-column-gap-default\">\n\t\t\t\t\t<div class=\"elementor-column elementor-col-100 elementor-top-column elementor-element elementor-element-8b33b4b\" data-id=\"8b33b4b\" data-element_type=\"column\">\n\t\t\t<div class=\"elementor-widget-wrap elementor-element-populated\">\n\t\t\t\t\t\t<div class=\"elementor-element elementor-element-89dac4b elementor-widget elementor-widget-heading\" data-id=\"89dac4b\" data-element_type=\"widget\" data-widget_type=\"heading.default\">\n\t\t\t\t<div class=\"elementor-widget-container\">\n\t\t\t\t\t<h2 class=\"elementor-heading-title elementor-size-default\">Ruinas de luz plateada<\/h2>\t\t\t\t<\/div>\n\t\t\t\t<\/div>\n\t\t\t\t<section class=\"elementor-section elementor-inner-section elementor-element elementor-element-bca788d elementor-section-boxed elementor-section-height-default elementor-section-height-default\" data-id=\"bca788d\" data-element_type=\"section\">\n\t\t\t\t\t\t<div class=\"elementor-container elementor-column-gap-default\">\n\t\t\t\t\t<div class=\"elementor-column elementor-col-100 elementor-inner-column elementor-element elementor-element-562cd2b\" data-id=\"562cd2b\" data-element_type=\"column\">\n\t\t\t<div class=\"elementor-widget-wrap elementor-element-populated\">\n\t\t\t\t\t\t<div class=\"elementor-element elementor-element-43a45ac elementor-widget elementor-widget-text-editor\" data-id=\"43a45ac\" data-element_type=\"widget\" data-widget_type=\"text-editor.default\">\n\t\t\t\t<div class=\"elementor-widget-container\">\n\t\t\t\t\t\t\t\t\t<p><span style=\"font-weight: 400;\">Esta fotograf\u00eda en blanco y negro, impresa como edici\u00f3n final en papel de plata, transmite una visi\u00f3n profundamente contemplativa de Martinica. Gracias al soporte met\u00e1lico, la luz parece surgir de la propia imagen, acentuando la interacci\u00f3n de la sombra y la materia. A trav\u00e9s de las ruinas, la luz y las sombras, C\u00e9cile Vernant capta lo que la isla abandona, pero tambi\u00e9n lo que transforma. Lejos de lo pintoresco, revela una memoria arquitect\u00f3nica cambiante, una belleza que perdura.     <\/span><\/p>\n<p><span style=\"font-weight: 400;\">Ruines aux lumi\u00e8res d&#8217;argent se hace eco de su trabajo en pintura y cer\u00e1mica: la misma b\u00fasqueda del grano, la misma sensibilidad hacia la materia. Es en los intersticios, las huellas, los silencios donde la artista inscribe su emoci\u00f3n. &#8220;La naturaleza es aqu\u00ed la pintura m\u00e1s bella que conozco&#8221;, afirma.  <\/span><\/p>\t\t\t\t\t\t\t\t<\/div>\n\t\t\t\t<\/div>\n\t\t\t\t\t<\/div>\n\t\t<\/div>\n\t\t\t\t\t<\/div>\n\t\t<\/section>\n\t\t\t\t<section class=\"elementor-section elementor-inner-section elementor-element elementor-element-49f76b3 elementor-section-boxed elementor-section-height-default elementor-section-height-default\" data-id=\"49f76b3\" data-element_type=\"section\">\n\t\t\t\t\t\t<div class=\"elementor-container elementor-column-gap-default\">\n\t\t\t\t\t<div class=\"elementor-column elementor-col-100 elementor-inner-column elementor-element elementor-element-e9c42ac\" data-id=\"e9c42ac\" data-element_type=\"column\">\n\t\t\t<div class=\"elementor-widget-wrap elementor-element-populated\">\n\t\t\t\t\t\t<div class=\"elementor-element elementor-element-59e311f elementor-widget elementor-widget-image\" data-id=\"59e311f\" data-element_type=\"widget\" data-widget_type=\"image.default\">\n\t\t\t\t<div class=\"elementor-widget-container\">\n\t\t\t\t\t\t\t\t\t\t\t\t<figure class=\"wp-caption\">\n\t\t\t\t\t\t\t\t\t\t<img decoding=\"async\" width=\"800\" height=\"806\" src=\"https:\/\/richeskarayib.com\/wp-content\/uploads\/2025\/12\/Ruines-aux-lumieres-dargent-1016x1024.jpeg\" class=\"attachment-large size-large wp-image-66897\" alt=\"C\u00e9cile Vernant\" srcset=\"https:\/\/richeskarayib.com\/wp-content\/uploads\/2025\/12\/Ruines-aux-lumieres-dargent-1016x1024.jpeg 1016w, https:\/\/richeskarayib.com\/wp-content\/uploads\/2025\/12\/Ruines-aux-lumieres-dargent-298x300.jpeg 298w, https:\/\/richeskarayib.com\/wp-content\/uploads\/2025\/12\/Ruines-aux-lumieres-dargent-150x150.jpeg 150w, https:\/\/richeskarayib.com\/wp-content\/uploads\/2025\/12\/Ruines-aux-lumieres-dargent-768x774.jpeg 768w, https:\/\/richeskarayib.com\/wp-content\/uploads\/2025\/12\/Ruines-aux-lumieres-dargent-1524x1536.jpeg 1524w, https:\/\/richeskarayib.com\/wp-content\/uploads\/2025\/12\/Ruines-aux-lumieres-dargent-1320x1331.jpeg 1320w, https:\/\/richeskarayib.com\/wp-content\/uploads\/2025\/12\/Ruines-aux-lumieres-dargent.jpeg 1882w\" sizes=\"(max-width: 800px) 100vw, 800px\" \/>\t\t\t\t\t\t\t\t\t\t\t<figcaption class=\"widget-image-caption wp-caption-text\">Ruines aux lumie\u0300res d'argent. \u00a9C\u00e9cile Vernant<\/figcaption>\n\t\t\t\t\t\t\t\t\t\t<\/figure>\n\t\t\t\t\t\t\t\t\t<\/div>\n\t\t\t\t<\/div>\n\t\t\t\t\t<\/div>\n\t\t<\/div>\n\t\t\t\t\t<\/div>\n\t\t<\/section>\n\t\t\t\t\t<\/div>\n\t\t<\/div>\n\t\t\t\t\t<\/div>\n\t\t<\/section>\n\t\t\t\t<section class=\"elementor-section elementor-top-section elementor-element elementor-element-ceca32c elementor-section-boxed elementor-section-height-default elementor-section-height-default\" data-id=\"ceca32c\" data-element_type=\"section\">\n\t\t\t\t\t\t<div class=\"elementor-container elementor-column-gap-default\">\n\t\t\t\t\t<div class=\"elementor-column elementor-col-100 elementor-top-column elementor-element elementor-element-5a2e383\" data-id=\"5a2e383\" data-element_type=\"column\">\n\t\t\t<div class=\"elementor-widget-wrap elementor-element-populated\">\n\t\t\t\t\t\t<div class=\"elementor-element elementor-element-6cedf5f elementor-widget elementor-widget-heading\" data-id=\"6cedf5f\" data-element_type=\"widget\" data-widget_type=\"heading.default\">\n\t\t\t\t<div class=\"elementor-widget-container\">\n\t\t\t\t\t<h2 class=\"elementor-heading-title elementor-size-default\">Multimedia, multisensibilidad<\/h2>\t\t\t\t<\/div>\n\t\t\t\t<\/div>\n\t\t\t\t<section class=\"elementor-section elementor-inner-section elementor-element elementor-element-bc0026a elementor-section-boxed elementor-section-height-default elementor-section-height-default\" data-id=\"bc0026a\" data-element_type=\"section\">\n\t\t\t\t\t\t<div class=\"elementor-container elementor-column-gap-default\">\n\t\t\t\t\t<div class=\"elementor-column elementor-col-100 elementor-inner-column elementor-element elementor-element-420059a\" data-id=\"420059a\" data-element_type=\"column\">\n\t\t\t<div class=\"elementor-widget-wrap elementor-element-populated\">\n\t\t\t\t\t\t<div class=\"elementor-element elementor-element-99bfa51 elementor-widget elementor-widget-text-editor\" data-id=\"99bfa51\" data-element_type=\"widget\" data-widget_type=\"text-editor.default\">\n\t\t\t\t<div class=\"elementor-widget-container\">\n\t\t\t\t\t\t\t\t\t<p><span style=\"font-weight: 400;\">Cer\u00e1mica, pasteles, fotograf\u00eda, \u00f3leos&#8230; Para C\u00e9cile Vernant, cada medio ofrece una nueva puerta hacia lo \u00edntimo. Su enfoque multimedia le da la libertad de expresarse de muchas maneras, cada material se convierte en una v\u00eda sensible de exploraci\u00f3n y, sobre todo, en un medio para crear un di\u00e1logo entre materiales.   <\/span><\/p>\t\t\t\t\t\t\t\t<\/div>\n\t\t\t\t<\/div>\n\t\t\t\t\t<\/div>\n\t\t<\/div>\n\t\t\t\t\t<\/div>\n\t\t<\/section>\n\t\t\t\t\t<\/div>\n\t\t<\/div>\n\t\t\t\t\t<\/div>\n\t\t<\/section>\n\t\t\t\t<section class=\"elementor-section elementor-top-section elementor-element elementor-element-9c88a89 elementor-section-boxed elementor-section-height-default elementor-section-height-default\" data-id=\"9c88a89\" data-element_type=\"section\">\n\t\t\t\t\t\t<div class=\"elementor-container elementor-column-gap-default\">\n\t\t\t\t\t<div class=\"elementor-column elementor-col-100 elementor-top-column elementor-element elementor-element-78cf5d1\" data-id=\"78cf5d1\" data-element_type=\"column\">\n\t\t\t<div class=\"elementor-widget-wrap elementor-element-populated\">\n\t\t\t\t\t\t<div class=\"elementor-element elementor-element-ea2a5c1 elementor-widget elementor-widget-heading\" data-id=\"ea2a5c1\" data-element_type=\"widget\" data-widget_type=\"heading.default\">\n\t\t\t\t<div class=\"elementor-widget-container\">\n\t\t\t\t\t<h2 class=\"elementor-heading-title elementor-size-default\">Cuentos de luna llena - 48 bis<\/h2>\t\t\t\t<\/div>\n\t\t\t\t<\/div>\n\t\t\t\t<section class=\"elementor-section elementor-inner-section elementor-element elementor-element-d54383b elementor-section-boxed elementor-section-height-default elementor-section-height-default\" data-id=\"d54383b\" data-element_type=\"section\">\n\t\t\t\t\t\t<div class=\"elementor-container elementor-column-gap-default\">\n\t\t\t\t\t<div class=\"elementor-column elementor-col-100 elementor-inner-column elementor-element elementor-element-22d792a\" data-id=\"22d792a\" data-element_type=\"column\">\n\t\t\t<div class=\"elementor-widget-wrap elementor-element-populated\">\n\t\t\t\t\t\t<div class=\"elementor-element elementor-element-e305eee elementor-widget elementor-widget-text-editor\" data-id=\"e305eee\" data-element_type=\"widget\" data-widget_type=\"text-editor.default\">\n\t\t\t\t<div class=\"elementor-widget-container\">\n\t\t\t\t\t\t\t\t\t<p><span style=\"font-weight: 400;\">Este cuadro forma parte de una serie abierta, sensible y po\u00e9tica. Con   <\/span><i><span style=\"font-weight: 400;\">En  <\/span><\/i><span style=\"font-weight: 400;\">Contes de la pleine lune, C\u00e9cile Vernant construye un universo emocional a partir de recuerdos de infancia, sensaciones nocturnas y fragmentos de arquitectura imaginaria o armaduras abandonadas. La abstracci\u00f3n suave se encuentra con el simbolismo: la luna llena se convierte en un marcador, una luz interior que gu\u00eda el pincel. Sin t\u00edtulo n\u00ba 48 bis encarna este lenguaje \u00edntimo, hecho de formas suspendidas, l\u00edneas on\u00edricas y colores sutiles. &#8220;Nunca trabajo en una sola obra a la vez. Cada lienzo habla del siguiente&#8221;, explica el artista, que reivindica un enfoque fluido, libre e instintivo.   <\/span><\/p>\t\t\t\t\t\t\t\t<\/div>\n\t\t\t\t<\/div>\n\t\t\t\t<div class=\"elementor-element elementor-element-b7a8070 elementor-widget elementor-widget-text-editor\" data-id=\"b7a8070\" data-element_type=\"widget\" data-widget_type=\"text-editor.default\">\n\t\t\t\t<div class=\"elementor-widget-container\">\n\t\t\t\t\t\t\t\t\t<p><span style=\"font-weight: 400;\">Su relaci\u00f3n con los materiales tambi\u00e9n es profundamente sensorial: a menudo trabaja con los dedos, dejando que las texturas gu\u00eden sus emociones. La arcilla, en particular, la alivia f\u00edsica y mentalmente. &#8220;Es como si la arcilla te diera un masaje en el coraz\u00f3n y el alma&#8221;, dice. Su peculiar sentido del humor, presente incluso en los t\u00edtulos de sus obras (   <\/span><i><span style=\"font-weight: 400;\">Pi\u00f1a T\u00eate Couchal<\/span><\/i><span style=\"font-weight: 400;\">, <\/span><i><span style=\"font-weight: 400;\">Pl\u00e1tanos megzoclettes<\/span><\/i><span style=\"font-weight: 400;\"> &#8230;), aporta una saludable ligereza a un mundo del arte a menudo demasiado serio.<\/span><\/p>\t\t\t\t\t\t\t\t<\/div>\n\t\t\t\t<\/div>\n\t\t\t\t\t<\/div>\n\t\t<\/div>\n\t\t\t\t\t<\/div>\n\t\t<\/section>\n\t\t\t\t<section class=\"elementor-section elementor-inner-section elementor-element elementor-element-eb286d0 elementor-section-boxed elementor-section-height-default elementor-section-height-default\" data-id=\"eb286d0\" data-element_type=\"section\">\n\t\t\t\t\t\t<div class=\"elementor-container elementor-column-gap-default\">\n\t\t\t\t\t<div class=\"elementor-column elementor-col-100 elementor-inner-column elementor-element elementor-element-de80b7e\" data-id=\"de80b7e\" data-element_type=\"column\">\n\t\t\t<div class=\"elementor-widget-wrap elementor-element-populated\">\n\t\t\t\t\t\t<div class=\"elementor-element elementor-element-0f9dc84 elementor-widget elementor-widget-image\" data-id=\"0f9dc84\" data-element_type=\"widget\" data-widget_type=\"image.default\">\n\t\t\t\t<div class=\"elementor-widget-container\">\n\t\t\t\t\t\t\t\t\t\t\t\t<figure class=\"wp-caption\">\n\t\t\t\t\t\t\t\t\t\t<img decoding=\"async\" width=\"800\" height=\"800\" src=\"https:\/\/richeskarayib.com\/wp-content\/uploads\/2025\/12\/Untitled-N\u00b048-bis-Cecile-Vernant-1024x1024.jpeg\" class=\"attachment-large size-large wp-image-66901\" alt=\"C\u00e9cile Vernant\" srcset=\"https:\/\/richeskarayib.com\/wp-content\/uploads\/2025\/12\/Untitled-N\u00b048-bis-Cecile-Vernant-1024x1024.jpeg 1024w, https:\/\/richeskarayib.com\/wp-content\/uploads\/2025\/12\/Untitled-N\u00b048-bis-Cecile-Vernant-300x300.jpeg 300w, https:\/\/richeskarayib.com\/wp-content\/uploads\/2025\/12\/Untitled-N\u00b048-bis-Cecile-Vernant-150x150.jpeg 150w, https:\/\/richeskarayib.com\/wp-content\/uploads\/2025\/12\/Untitled-N\u00b048-bis-Cecile-Vernant-768x768.jpeg 768w, https:\/\/richeskarayib.com\/wp-content\/uploads\/2025\/12\/Untitled-N\u00b048-bis-Cecile-Vernant-1536x1536.jpeg 1536w, https:\/\/richeskarayib.com\/wp-content\/uploads\/2025\/12\/Untitled-N\u00b048-bis-Cecile-Vernant-1320x1320.jpeg 1320w, https:\/\/richeskarayib.com\/wp-content\/uploads\/2025\/12\/Untitled-N\u00b048-bis-Cecile-Vernant.jpeg 1920w\" sizes=\"(max-width: 800px) 100vw, 800px\" \/>\t\t\t\t\t\t\t\t\t\t\t<figcaption class=\"widget-image-caption wp-caption-text\">Untitled N\u00b048 bis, \u00a9Ce\u0301cile Vernant<\/figcaption>\n\t\t\t\t\t\t\t\t\t\t<\/figure>\n\t\t\t\t\t\t\t\t\t<\/div>\n\t\t\t\t<\/div>\n\t\t\t\t\t<\/div>\n\t\t<\/div>\n\t\t\t\t\t<\/div>\n\t\t<\/section>\n\t\t\t\t\t<\/div>\n\t\t<\/div>\n\t\t\t\t\t<\/div>\n\t\t<\/section>\n\t\t\t\t<section class=\"elementor-section elementor-top-section elementor-element elementor-element-0ab4f66 elementor-section-boxed elementor-section-height-default elementor-section-height-default\" data-id=\"0ab4f66\" data-element_type=\"section\">\n\t\t\t\t\t\t<div class=\"elementor-container elementor-column-gap-default\">\n\t\t\t\t\t<div class=\"elementor-column elementor-col-100 elementor-top-column elementor-element elementor-element-95c6111\" data-id=\"95c6111\" data-element_type=\"column\">\n\t\t\t<div class=\"elementor-widget-wrap elementor-element-populated\">\n\t\t\t\t\t\t<div class=\"elementor-element elementor-element-422485b elementor-widget elementor-widget-heading\" data-id=\"422485b\" data-element_type=\"widget\" data-widget_type=\"heading.default\">\n\t\t\t\t<div class=\"elementor-widget-container\">\n\t\t\t\t\t<h2 class=\"elementor-heading-title elementor-size-default\">Pi\u00f1a T\u00eate Couchal\n<\/h2>\t\t\t\t<\/div>\n\t\t\t\t<\/div>\n\t\t\t\t<section class=\"elementor-section elementor-inner-section elementor-element elementor-element-ad9c12f elementor-section-boxed elementor-section-height-default elementor-section-height-default\" data-id=\"ad9c12f\" data-element_type=\"section\">\n\t\t\t\t\t\t<div class=\"elementor-container elementor-column-gap-default\">\n\t\t\t\t\t<div class=\"elementor-column elementor-col-100 elementor-inner-column elementor-element elementor-element-c7c44c5\" data-id=\"c7c44c5\" data-element_type=\"column\">\n\t\t\t<div class=\"elementor-widget-wrap elementor-element-populated\">\n\t\t\t\t\t\t<div class=\"elementor-element elementor-element-e61d4d1 elementor-widget elementor-widget-text-editor\" data-id=\"e61d4d1\" data-element_type=\"widget\" data-widget_type=\"text-editor.default\">\n\t\t\t\t<div class=\"elementor-widget-container\">\n\t\t\t\t\t\t\t\t\t<p><span style=\"font-weight: 400;\">Nacida de un accidente creativo, esta escultura de arcilla encarna el enfoque instintivo de C\u00e9cile Vernant. Concebida inicialmente como un tocado vertical, la pieza se derrumb\u00f3. En lugar de verlo como un fracaso, la artista ha sacado fuerza creativa de ello, bautizando con humor la obra como Ananas T\u00eate Couchal. El gesto es revelador: en su pr\u00e1ctica, nada est\u00e1 grabado en piedra; todo puede ser secuestrado, rebautizado y reproducido.     <\/span><\/p>\n<p><span style=\"font-weight: 400;\">&#8220;El humor forma parte de mi trabajo&#8221;, afirma. Esta pieza refleja su apego a los materiales y a los gestos manuales, pero tambi\u00e9n a una est\u00e9tica caribe\u00f1a libre y alegre. <\/span><\/p>\t\t\t\t\t\t\t\t<\/div>\n\t\t\t\t<\/div>\n\t\t\t\t\t<\/div>\n\t\t<\/div>\n\t\t\t\t\t<\/div>\n\t\t<\/section>\n\t\t\t\t<section class=\"elementor-section elementor-inner-section elementor-element elementor-element-4cd64d6 elementor-section-boxed elementor-section-height-default elementor-section-height-default\" data-id=\"4cd64d6\" data-element_type=\"section\">\n\t\t\t\t\t\t<div class=\"elementor-container elementor-column-gap-default\">\n\t\t\t\t\t<div class=\"elementor-column elementor-col-100 elementor-inner-column elementor-element elementor-element-86383b5\" data-id=\"86383b5\" data-element_type=\"column\">\n\t\t\t<div class=\"elementor-widget-wrap elementor-element-populated\">\n\t\t\t\t\t\t<div class=\"elementor-element elementor-element-a32a530 elementor-widget elementor-widget-image\" data-id=\"a32a530\" data-element_type=\"widget\" data-widget_type=\"image.default\">\n\t\t\t\t<div class=\"elementor-widget-container\">\n\t\t\t\t\t\t\t\t\t\t\t\t<figure class=\"wp-caption\">\n\t\t\t\t\t\t\t\t\t\t<img loading=\"lazy\" decoding=\"async\" width=\"800\" height=\"960\" src=\"https:\/\/richeskarayib.com\/wp-content\/uploads\/2025\/12\/Ananas-tete-couchal--853x1024.jpeg\" class=\"attachment-large size-large wp-image-66905\" alt=\"C\u00e9cile Vernant\" srcset=\"https:\/\/richeskarayib.com\/wp-content\/uploads\/2025\/12\/Ananas-tete-couchal--853x1024.jpeg 853w, https:\/\/richeskarayib.com\/wp-content\/uploads\/2025\/12\/Ananas-tete-couchal--250x300.jpeg 250w, https:\/\/richeskarayib.com\/wp-content\/uploads\/2025\/12\/Ananas-tete-couchal--768x922.jpeg 768w, https:\/\/richeskarayib.com\/wp-content\/uploads\/2025\/12\/Ananas-tete-couchal--1280x1536.jpeg 1280w, https:\/\/richeskarayib.com\/wp-content\/uploads\/2025\/12\/Ananas-tete-couchal--1320x1584.jpeg 1320w, https:\/\/richeskarayib.com\/wp-content\/uploads\/2025\/12\/Ananas-tete-couchal-.jpeg 1600w\" sizes=\"(max-width: 800px) 100vw, 800px\" \/>\t\t\t\t\t\t\t\t\t\t\t<figcaption class=\"widget-image-caption wp-caption-text\">Ananas te\u0302te couchal. \u00a9Ce\u0301cile Vernant<\/figcaption>\n\t\t\t\t\t\t\t\t\t\t<\/figure>\n\t\t\t\t\t\t\t\t\t<\/div>\n\t\t\t\t<\/div>\n\t\t\t\t\t<\/div>\n\t\t<\/div>\n\t\t\t\t\t<\/div>\n\t\t<\/section>\n\t\t\t\t\t<\/div>\n\t\t<\/div>\n\t\t\t\t\t<\/div>\n\t\t<\/section>\n\t\t\t\t<section class=\"elementor-section elementor-top-section elementor-element elementor-element-164ad8f elementor-section-boxed elementor-section-height-default elementor-section-height-default\" data-id=\"164ad8f\" data-element_type=\"section\">\n\t\t\t\t\t\t<div class=\"elementor-container elementor-column-gap-default\">\n\t\t\t\t\t<div class=\"elementor-column elementor-col-100 elementor-top-column elementor-element elementor-element-47e5291\" data-id=\"47e5291\" data-element_type=\"column\">\n\t\t\t<div class=\"elementor-widget-wrap elementor-element-populated\">\n\t\t\t\t\t\t<div class=\"elementor-element elementor-element-fe9c195 elementor-widget elementor-widget-heading\" data-id=\"fe9c195\" data-element_type=\"widget\" data-widget_type=\"heading.default\">\n\t\t\t\t<div class=\"elementor-widget-container\">\n\t\t\t\t\t<h2 class=\"elementor-heading-title elementor-size-default\">Crear sin intelectualizar en exceso<\/h2>\t\t\t\t<\/div>\n\t\t\t\t<\/div>\n\t\t\t\t<section class=\"elementor-section elementor-inner-section elementor-element elementor-element-59f4ffc elementor-section-boxed elementor-section-height-default elementor-section-height-default\" data-id=\"59f4ffc\" data-element_type=\"section\">\n\t\t\t\t\t\t<div class=\"elementor-container elementor-column-gap-default\">\n\t\t\t\t\t<div class=\"elementor-column elementor-col-100 elementor-inner-column elementor-element elementor-element-d5e436e\" data-id=\"d5e436e\" data-element_type=\"column\">\n\t\t\t<div class=\"elementor-widget-wrap elementor-element-populated\">\n\t\t\t\t\t\t<div class=\"elementor-element elementor-element-20e25f5 elementor-widget elementor-widget-text-editor\" data-id=\"20e25f5\" data-element_type=\"widget\" data-widget_type=\"text-editor.default\">\n\t\t\t\t<div class=\"elementor-widget-container\">\n\t\t\t\t\t\t\t\t\t<p><span style=\"font-weight: 400;\">C\u00e9cile Vernant rechaza los c\u00f3digos elitistas del arte contempor\u00e1neo. Crea sobre todo para dar placer y dejar que el espectador haga su propia cocina interior con las obras sin t\u00edtulo.   <\/span><\/p>\n<p><span style=\"font-weight: 400;\">&#8220;Puedes tomarte las cosas en serio sin tomarte a ti mismo demasiado en serio&#8221;, repite. Esta postura l\u00facida y de esp\u00edritu libre atrae a un p\u00fablico variado, desde aficionados ilustrados curiosos por la isla hasta profesionales en busca de voces aut\u00e9nticas. Su apego a Martinica es tambi\u00e9n una elecci\u00f3n log\u00edstica y emocional: el clima, los materiales, la gente&#8230; todo alimenta su creatividad.  <\/span><\/p>\t\t\t\t\t\t\t\t<\/div>\n\t\t\t\t<\/div>\n\t\t\t\t<div class=\"elementor-element elementor-element-4c37775 elementor-widget elementor-widget-text-editor\" data-id=\"4c37775\" data-element_type=\"widget\" data-widget_type=\"text-editor.default\">\n\t\t\t\t<div class=\"elementor-widget-container\">\n\t\t\t\t\t\t\t\t\t<p><span style=\"font-weight: 400;\">Pero vive en Par\u00eds, obligada por las realidades del mercado. All\u00ed encontr\u00f3 otra fuente de inspiraci\u00f3n: la falta. &#8220;Cuando echo de menos Martinica, es cuando soy m\u00e1s creativa&#8221;, dice. En el fondo, saca su fuerza del ir y venir entre aqu\u00ed y otro lugar, entre la materia tangible y los recuerdos \u00edntimos.   <\/span><\/p>\t\t\t\t\t\t\t\t<\/div>\n\t\t\t\t<\/div>\n\t\t\t\t\t<\/div>\n\t\t<\/div>\n\t\t\t\t\t<\/div>\n\t\t<\/section>\n\t\t\t\t<section class=\"elementor-section elementor-inner-section elementor-element elementor-element-c50e30a elementor-section-boxed elementor-section-height-default elementor-section-height-default\" data-id=\"c50e30a\" data-element_type=\"section\">\n\t\t\t\t\t\t<div class=\"elementor-container elementor-column-gap-default\">\n\t\t\t\t\t<div class=\"elementor-column elementor-col-50 elementor-inner-column elementor-element elementor-element-58d89fb\" data-id=\"58d89fb\" data-element_type=\"column\">\n\t\t\t<div class=\"elementor-widget-wrap elementor-element-populated\">\n\t\t\t\t\t\t<div class=\"elementor-element elementor-element-27e7f32 elementor-widget elementor-widget-image\" data-id=\"27e7f32\" data-element_type=\"widget\" data-widget_type=\"image.default\">\n\t\t\t\t<div class=\"elementor-widget-container\">\n\t\t\t\t\t\t\t\t\t\t\t\t<figure class=\"wp-caption\">\n\t\t\t\t\t\t\t\t\t\t<img loading=\"lazy\" decoding=\"async\" width=\"692\" height=\"1024\" src=\"https:\/\/richeskarayib.com\/wp-content\/uploads\/2025\/12\/Robinson-692x1024.jpeg\" class=\"attachment-large size-large wp-image-66929\" alt=\"C\u00e9cile Vernant\" srcset=\"https:\/\/richeskarayib.com\/wp-content\/uploads\/2025\/12\/Robinson-692x1024.jpeg 692w, https:\/\/richeskarayib.com\/wp-content\/uploads\/2025\/12\/Robinson-203x300.jpeg 203w, https:\/\/richeskarayib.com\/wp-content\/uploads\/2025\/12\/Robinson-768x1137.jpeg 768w, https:\/\/richeskarayib.com\/wp-content\/uploads\/2025\/12\/Robinson-1038x1536.jpeg 1038w, https:\/\/richeskarayib.com\/wp-content\/uploads\/2025\/12\/Robinson.jpeg 1297w\" sizes=\"(max-width: 692px) 100vw, 692px\" \/>\t\t\t\t\t\t\t\t\t\t\t<figcaption class=\"widget-image-caption wp-caption-text\">Robinson. \u00a9C\u00e9cile Vernant<\/figcaption>\n\t\t\t\t\t\t\t\t\t\t<\/figure>\n\t\t\t\t\t\t\t\t\t<\/div>\n\t\t\t\t<\/div>\n\t\t\t\t\t<\/div>\n\t\t<\/div>\n\t\t\t\t<div class=\"elementor-column elementor-col-50 elementor-inner-column elementor-element elementor-element-3112160\" data-id=\"3112160\" data-element_type=\"column\">\n\t\t\t<div class=\"elementor-widget-wrap elementor-element-populated\">\n\t\t\t\t\t\t<div class=\"elementor-element elementor-element-bb5f83f elementor-widget elementor-widget-image\" data-id=\"bb5f83f\" data-element_type=\"widget\" data-widget_type=\"image.default\">\n\t\t\t\t<div class=\"elementor-widget-container\">\n\t\t\t\t\t\t\t\t\t\t\t\t<figure class=\"wp-caption\">\n\t\t\t\t\t\t\t\t\t\t<img loading=\"lazy\" decoding=\"async\" width=\"795\" height=\"1024\" src=\"https:\/\/richeskarayib.com\/wp-content\/uploads\/2025\/12\/De-lair-Cecile-Vernant-795x1024.jpeg\" class=\"attachment-large size-large wp-image-66925\" alt=\"C\u00e9cile Vernant\" srcset=\"https:\/\/richeskarayib.com\/wp-content\/uploads\/2025\/12\/De-lair-Cecile-Vernant-795x1024.jpeg 795w, https:\/\/richeskarayib.com\/wp-content\/uploads\/2025\/12\/De-lair-Cecile-Vernant-233x300.jpeg 233w, https:\/\/richeskarayib.com\/wp-content\/uploads\/2025\/12\/De-lair-Cecile-Vernant-768x989.jpeg 768w, https:\/\/richeskarayib.com\/wp-content\/uploads\/2025\/12\/De-lair-Cecile-Vernant-1193x1536.jpeg 1193w, https:\/\/richeskarayib.com\/wp-content\/uploads\/2025\/12\/De-lair-Cecile-Vernant-1320x1700.jpeg 1320w, https:\/\/richeskarayib.com\/wp-content\/uploads\/2025\/12\/De-lair-Cecile-Vernant.jpeg 1491w\" sizes=\"(max-width: 795px) 100vw, 795px\" \/>\t\t\t\t\t\t\t\t\t\t\t<figcaption class=\"widget-image-caption wp-caption-text\">De l'air ! \u00a9C\u00e9cile Vernant<\/figcaption>\n\t\t\t\t\t\t\t\t\t\t<\/figure>\n\t\t\t\t\t\t\t\t\t<\/div>\n\t\t\t\t<\/div>\n\t\t\t\t\t<\/div>\n\t\t<\/div>\n\t\t\t\t\t<\/div>\n\t\t<\/section>\n\t\t\t\t\t<\/div>\n\t\t<\/div>\n\t\t\t\t\t<\/div>\n\t\t<\/section>\n\t\t\t\t<section class=\"elementor-section elementor-top-section elementor-element elementor-element-cd04f3e elementor-section-boxed elementor-section-height-default elementor-section-height-default\" data-id=\"cd04f3e\" data-element_type=\"section\">\n\t\t\t\t\t\t<div class=\"elementor-container elementor-column-gap-default\">\n\t\t\t\t\t<div class=\"elementor-column elementor-col-100 elementor-top-column elementor-element elementor-element-48ae75e\" data-id=\"48ae75e\" data-element_type=\"column\">\n\t\t\t<div class=\"elementor-widget-wrap elementor-element-populated\">\n\t\t\t\t\t\t<div class=\"elementor-element elementor-element-7269bbe elementor-widget elementor-widget-heading\" data-id=\"7269bbe\" data-element_type=\"widget\" data-widget_type=\"heading.default\">\n\t\t\t\t<div class=\"elementor-widget-container\">\n\t\t\t\t\t<h2 class=\"elementor-heading-title elementor-size-default\">Galer\u00eda<\/h2>\t\t\t\t<\/div>\n\t\t\t\t<\/div>\n\t\t\t\t<section class=\"elementor-section elementor-inner-section elementor-element elementor-element-45f454f elementor-section-boxed elementor-section-height-default elementor-section-height-default\" data-id=\"45f454f\" data-element_type=\"section\">\n\t\t\t\t\t\t<div class=\"elementor-container elementor-column-gap-default\">\n\t\t\t\t\t<div class=\"elementor-column elementor-col-100 elementor-inner-column elementor-element elementor-element-82e5756\" data-id=\"82e5756\" data-element_type=\"column\">\n\t\t\t<div class=\"elementor-widget-wrap elementor-element-populated\">\n\t\t\t\t\t\t<div class=\"elementor-element elementor-element-0df8659 elementor-widget elementor-widget-text-editor\" data-id=\"0df8659\" data-element_type=\"widget\" data-widget_type=\"text-editor.default\">\n\t\t\t\t<div class=\"elementor-widget-container\">\n\t\t\t\t\t\t\t\t\t<p><span style=\"font-weight: 400;\">Las obras se alimentan mutuamente. Por ejemplo, su concepto de   <\/span><i><span style=\"font-weight: 400;\">impresi\u00f3n mutante<\/span><\/i><span style=\"font-weight: 400;\"> &#8211; una variaci\u00f3n libre de una obra existente- ilustra esta porosidad aceptada entre formas e ideas.<\/span><\/p>\t\t\t\t\t\t\t\t<\/div>\n\t\t\t\t<\/div>\n\t\t\t\t\t<\/div>\n\t\t<\/div>\n\t\t\t\t\t<\/div>\n\t\t<\/section>\n\t\t\t\t\t<\/div>\n\t\t<\/div>\n\t\t\t\t\t<\/div>\n\t\t<\/section>\n\t\t\t\t<section class=\"elementor-section elementor-top-section elementor-element elementor-element-f27cb88 elementor-section-boxed elementor-section-height-default elementor-section-height-default\" data-id=\"f27cb88\" data-element_type=\"section\">\n\t\t\t\t\t\t<div class=\"elementor-container elementor-column-gap-default\">\n\t\t\t\t\t<div class=\"elementor-column elementor-col-100 elementor-top-column elementor-element elementor-element-91bf27c\" data-id=\"91bf27c\" data-element_type=\"column\">\n\t\t\t<div class=\"elementor-widget-wrap elementor-element-populated\">\n\t\t\t\t\t\t<div class=\"elementor-element elementor-element-4f1b4c5 elementor-widget elementor-widget-heading\" data-id=\"4f1b4c5\" data-element_type=\"widget\" data-widget_type=\"heading.default\">\n\t\t\t\t<div class=\"elementor-widget-container\">\n\t\t\t\t\t<h2 class=\"elementor-heading-title elementor-size-default\">Jard\u00edn de Madison<\/h2>\t\t\t\t<\/div>\n\t\t\t\t<\/div>\n\t\t\t\t<div class=\"elementor-element elementor-element-b391fc7 elementor-widget elementor-widget-text-editor\" data-id=\"b391fc7\" data-element_type=\"widget\" data-widget_type=\"text-editor.default\">\n\t\t\t\t<div class=\"elementor-widget-container\">\n\t\t\t\t\t\t\t\t\t<p><span style=\"font-weight: 400;\">T\u00e9cnica: Impresi\u00f3n mutante a partir de pintura Sin t\u00edtulo 34 bis &#8211; 2025<\/span><span style=\"font-weight: 400;\"><br><\/span><span style=\"font-weight: 400;\">Variaci\u00f3n sensible de Sin t\u00edtulo 34 bis, esta obra ilustra la transformaci\u00f3n como proceso. En ella, la artista reproduce sus emociones con otros colores y texturas, en un juego de libre reinterpretaci\u00f3n. <\/span><\/p>\t\t\t\t\t\t\t\t<\/div>\n\t\t\t\t<\/div>\n\t\t\t\t<section class=\"elementor-section elementor-inner-section elementor-element elementor-element-2d82177 elementor-section-boxed elementor-section-height-default elementor-section-height-default\" data-id=\"2d82177\" data-element_type=\"section\">\n\t\t\t\t\t\t<div class=\"elementor-container elementor-column-gap-default\">\n\t\t\t\t\t<div class=\"elementor-column elementor-col-100 elementor-inner-column elementor-element elementor-element-9ad2cd2\" data-id=\"9ad2cd2\" data-element_type=\"column\">\n\t\t\t<div class=\"elementor-widget-wrap elementor-element-populated\">\n\t\t\t\t\t\t<div class=\"elementor-element elementor-element-a20a74d elementor-widget elementor-widget-image\" data-id=\"a20a74d\" data-element_type=\"widget\" data-widget_type=\"image.default\">\n\t\t\t\t<div class=\"elementor-widget-container\">\n\t\t\t\t\t\t\t\t\t\t\t\t<figure class=\"wp-caption\">\n\t\t\t\t\t\t\t\t\t\t<img loading=\"lazy\" decoding=\"async\" width=\"800\" height=\"800\" src=\"https:\/\/richeskarayib.com\/wp-content\/uploads\/2025\/12\/Madisons-Garden-Tirage-Mutant-dapres-Untitled-N\u00b0-34-Bis-3EA2AP-1024x1024.jpeg\" class=\"attachment-large size-large wp-image-66909\" alt=\"C\u00e9cile Vernant\" srcset=\"https:\/\/richeskarayib.com\/wp-content\/uploads\/2025\/12\/Madisons-Garden-Tirage-Mutant-dapres-Untitled-N\u00b0-34-Bis-3EA2AP-1024x1024.jpeg 1024w, https:\/\/richeskarayib.com\/wp-content\/uploads\/2025\/12\/Madisons-Garden-Tirage-Mutant-dapres-Untitled-N\u00b0-34-Bis-3EA2AP-300x300.jpeg 300w, https:\/\/richeskarayib.com\/wp-content\/uploads\/2025\/12\/Madisons-Garden-Tirage-Mutant-dapres-Untitled-N\u00b0-34-Bis-3EA2AP-150x150.jpeg 150w, https:\/\/richeskarayib.com\/wp-content\/uploads\/2025\/12\/Madisons-Garden-Tirage-Mutant-dapres-Untitled-N\u00b0-34-Bis-3EA2AP-768x768.jpeg 768w, https:\/\/richeskarayib.com\/wp-content\/uploads\/2025\/12\/Madisons-Garden-Tirage-Mutant-dapres-Untitled-N\u00b0-34-Bis-3EA2AP-1536x1536.jpeg 1536w, https:\/\/richeskarayib.com\/wp-content\/uploads\/2025\/12\/Madisons-Garden-Tirage-Mutant-dapres-Untitled-N\u00b0-34-Bis-3EA2AP-1320x1320.jpeg 1320w, https:\/\/richeskarayib.com\/wp-content\/uploads\/2025\/12\/Madisons-Garden-Tirage-Mutant-dapres-Untitled-N\u00b0-34-Bis-3EA2AP.jpeg 1920w\" sizes=\"(max-width: 800px) 100vw, 800px\" \/>\t\t\t\t\t\t\t\t\t\t\t<figcaption class=\"widget-image-caption wp-caption-text\">Madison's Garden. \u00a9Ce\u0301cile Vernant<\/figcaption>\n\t\t\t\t\t\t\t\t\t\t<\/figure>\n\t\t\t\t\t\t\t\t\t<\/div>\n\t\t\t\t<\/div>\n\t\t\t\t\t<\/div>\n\t\t<\/div>\n\t\t\t\t\t<\/div>\n\t\t<\/section>\n\t\t\t\t\t<\/div>\n\t\t<\/div>\n\t\t\t\t\t<\/div>\n\t\t<\/section>\n\t\t\t\t<section class=\"elementor-section elementor-top-section elementor-element elementor-element-6fa6c1a elementor-section-boxed elementor-section-height-default elementor-section-height-default\" data-id=\"6fa6c1a\" data-element_type=\"section\">\n\t\t\t\t\t\t<div class=\"elementor-container elementor-column-gap-default\">\n\t\t\t\t\t<div class=\"elementor-column elementor-col-100 elementor-top-column elementor-element elementor-element-27e1648\" data-id=\"27e1648\" data-element_type=\"column\">\n\t\t\t<div class=\"elementor-widget-wrap elementor-element-populated\">\n\t\t\t\t\t\t<div class=\"elementor-element elementor-element-a5c09bd elementor-widget elementor-widget-heading\" data-id=\"a5c09bd\" data-element_type=\"widget\" data-widget_type=\"heading.default\">\n\t\t\t\t<div class=\"elementor-widget-container\">\n\t\t\t\t\t<h2 class=\"elementor-heading-title elementor-size-default\">Sin t\u00edtulo n\u00ba 45<\/h2>\t\t\t\t<\/div>\n\t\t\t\t<\/div>\n\t\t\t\t<section class=\"elementor-section elementor-inner-section elementor-element elementor-element-1f3b253 elementor-section-boxed elementor-section-height-default elementor-section-height-default\" data-id=\"1f3b253\" data-element_type=\"section\">\n\t\t\t\t\t\t<div class=\"elementor-container elementor-column-gap-default\">\n\t\t\t\t\t<div class=\"elementor-column elementor-col-100 elementor-inner-column elementor-element elementor-element-4fd711a\" data-id=\"4fd711a\" data-element_type=\"column\">\n\t\t\t<div class=\"elementor-widget-wrap elementor-element-populated\">\n\t\t\t\t\t\t<div class=\"elementor-element elementor-element-c38b363 elementor-widget elementor-widget-text-editor\" data-id=\"c38b363\" data-element_type=\"widget\" data-widget_type=\"text-editor.default\">\n\t\t\t\t<div class=\"elementor-widget-container\">\n\t\t\t\t\t\t\t\t\t<p><span style=\"font-weight: 400;\">T\u00e9cnica: Pintura sobre lienzo<\/span><span style=\"font-weight: 400;\"><br><\/span><span style=\"font-weight: 400;\">Modificada el d\u00eda anterior a la inauguraci\u00f3n, esta pieza encarna el di\u00e1logo permanente entre la duda y la intuici\u00f3n. Una obra impactante para esta exposici\u00f3n. <\/span><\/p>\t\t\t\t\t\t\t\t<\/div>\n\t\t\t\t<\/div>\n\t\t\t\t\t<\/div>\n\t\t<\/div>\n\t\t\t\t\t<\/div>\n\t\t<\/section>\n\t\t\t\t<section class=\"elementor-section elementor-inner-section elementor-element elementor-element-065f207 elementor-section-boxed elementor-section-height-default elementor-section-height-default\" data-id=\"065f207\" data-element_type=\"section\">\n\t\t\t\t\t\t<div class=\"elementor-container elementor-column-gap-default\">\n\t\t\t\t\t<div class=\"elementor-column elementor-col-100 elementor-inner-column elementor-element elementor-element-25a4af8\" data-id=\"25a4af8\" data-element_type=\"column\">\n\t\t\t<div class=\"elementor-widget-wrap elementor-element-populated\">\n\t\t\t\t\t\t<div class=\"elementor-element elementor-element-8cda8b4 elementor-widget elementor-widget-image\" data-id=\"8cda8b4\" data-element_type=\"widget\" data-widget_type=\"image.default\">\n\t\t\t\t<div class=\"elementor-widget-container\">\n\t\t\t\t\t\t\t\t\t\t\t\t<figure class=\"wp-caption\">\n\t\t\t\t\t\t\t\t\t\t<img loading=\"lazy\" decoding=\"async\" width=\"800\" height=\"602\" src=\"https:\/\/richeskarayib.com\/wp-content\/uploads\/2025\/12\/Untitled-N\u00b045--1024x771.jpeg\" class=\"attachment-large size-large wp-image-66913\" alt=\"C\u00e9cile Vernant\" srcset=\"https:\/\/richeskarayib.com\/wp-content\/uploads\/2025\/12\/Untitled-N\u00b045--1024x771.jpeg 1024w, https:\/\/richeskarayib.com\/wp-content\/uploads\/2025\/12\/Untitled-N\u00b045--300x226.jpeg 300w, https:\/\/richeskarayib.com\/wp-content\/uploads\/2025\/12\/Untitled-N\u00b045--768x578.jpeg 768w, https:\/\/richeskarayib.com\/wp-content\/uploads\/2025\/12\/Untitled-N\u00b045--1536x1156.jpeg 1536w, https:\/\/richeskarayib.com\/wp-content\/uploads\/2025\/12\/Untitled-N\u00b045--1320x993.jpeg 1320w, https:\/\/richeskarayib.com\/wp-content\/uploads\/2025\/12\/Untitled-N\u00b045-.jpeg 1920w\" sizes=\"(max-width: 800px) 100vw, 800px\" \/>\t\t\t\t\t\t\t\t\t\t\t<figcaption class=\"widget-image-caption wp-caption-text\">Untitled N\u00b045<\/figcaption>\n\t\t\t\t\t\t\t\t\t\t<\/figure>\n\t\t\t\t\t\t\t\t\t<\/div>\n\t\t\t\t<\/div>\n\t\t\t\t\t<\/div>\n\t\t<\/div>\n\t\t\t\t\t<\/div>\n\t\t<\/section>\n\t\t\t\t\t<\/div>\n\t\t<\/div>\n\t\t\t\t\t<\/div>\n\t\t<\/section>\n\t\t\t\t<section class=\"elementor-section elementor-top-section elementor-element elementor-element-b078daf elementor-section-boxed elementor-section-height-default elementor-section-height-default\" data-id=\"b078daf\" data-element_type=\"section\">\n\t\t\t\t\t\t<div class=\"elementor-container elementor-column-gap-default\">\n\t\t\t\t\t<div class=\"elementor-column elementor-col-100 elementor-top-column elementor-element elementor-element-45e59bf\" data-id=\"45e59bf\" data-element_type=\"column\">\n\t\t\t<div class=\"elementor-widget-wrap elementor-element-populated\">\n\t\t\t\t\t\t<div class=\"elementor-element elementor-element-cfc1687 elementor-widget elementor-widget-heading\" data-id=\"cfc1687\" data-element_type=\"widget\" data-widget_type=\"heading.default\">\n\t\t\t\t<div class=\"elementor-widget-container\">\n\t\t\t\t\t<h2 class=\"elementor-heading-title elementor-size-default\">Pi\u00f1a Foufou<\/h2>\t\t\t\t<\/div>\n\t\t\t\t<\/div>\n\t\t\t\t<section class=\"elementor-section elementor-inner-section elementor-element elementor-element-4695779 elementor-section-boxed elementor-section-height-default elementor-section-height-default\" data-id=\"4695779\" data-element_type=\"section\">\n\t\t\t\t\t\t<div class=\"elementor-container elementor-column-gap-default\">\n\t\t\t\t\t<div class=\"elementor-column elementor-col-100 elementor-inner-column elementor-element elementor-element-db1432a\" data-id=\"db1432a\" data-element_type=\"column\">\n\t\t\t<div class=\"elementor-widget-wrap elementor-element-populated\">\n\t\t\t\t\t\t<div class=\"elementor-element elementor-element-464317b elementor-widget elementor-widget-text-editor\" data-id=\"464317b\" data-element_type=\"widget\" data-widget_type=\"text-editor.default\">\n\t\t\t\t<div class=\"elementor-widget-container\">\n\t\t\t\t\t\t\t\t\t<p><span style=\"font-weight: 400;\">T\u00e9cnica: Escultura de arcilla<\/span><span style=\"font-weight: 400;\"><br><\/span><span style=\"font-weight: 400;\">De forma generosa y traviesa, esta escultura evoca las plantas, el esp\u00edritu carnavalesco y la alegr\u00eda de crear. Es una recreaci\u00f3n que recupera el humor en el arte contempor\u00e1neo. <\/span><\/p>\t\t\t\t\t\t\t\t<\/div>\n\t\t\t\t<\/div>\n\t\t\t\t\t<\/div>\n\t\t<\/div>\n\t\t\t\t\t<\/div>\n\t\t<\/section>\n\t\t\t\t<section class=\"elementor-section elementor-inner-section elementor-element elementor-element-7c9d64d elementor-section-boxed elementor-section-height-default elementor-section-height-default\" data-id=\"7c9d64d\" data-element_type=\"section\">\n\t\t\t\t\t\t<div class=\"elementor-container elementor-column-gap-default\">\n\t\t\t\t\t<div class=\"elementor-column elementor-col-100 elementor-inner-column elementor-element elementor-element-68ecc37\" data-id=\"68ecc37\" data-element_type=\"column\">\n\t\t\t<div class=\"elementor-widget-wrap elementor-element-populated\">\n\t\t\t\t\t\t<div class=\"elementor-element elementor-element-af34abd elementor-widget elementor-widget-image\" data-id=\"af34abd\" data-element_type=\"widget\" data-widget_type=\"image.default\">\n\t\t\t\t<div class=\"elementor-widget-container\">\n\t\t\t\t\t\t\t\t\t\t\t\t<figure class=\"wp-caption\">\n\t\t\t\t\t\t\t\t\t\t<img loading=\"lazy\" decoding=\"async\" width=\"738\" height=\"1024\" src=\"https:\/\/richeskarayib.com\/wp-content\/uploads\/2025\/12\/Ananas-foufou-N\u00b0-5B-Saison-seche-738x1024.jpeg\" class=\"attachment-large size-large wp-image-66917\" alt=\"C\u00e9cile Vernant\" srcset=\"https:\/\/richeskarayib.com\/wp-content\/uploads\/2025\/12\/Ananas-foufou-N\u00b0-5B-Saison-seche-738x1024.jpeg 738w, https:\/\/richeskarayib.com\/wp-content\/uploads\/2025\/12\/Ananas-foufou-N\u00b0-5B-Saison-seche-216x300.jpeg 216w, https:\/\/richeskarayib.com\/wp-content\/uploads\/2025\/12\/Ananas-foufou-N\u00b0-5B-Saison-seche-768x1065.jpeg 768w, https:\/\/richeskarayib.com\/wp-content\/uploads\/2025\/12\/Ananas-foufou-N\u00b0-5B-Saison-seche-1107x1536.jpeg 1107w, https:\/\/richeskarayib.com\/wp-content\/uploads\/2025\/12\/Ananas-foufou-N\u00b0-5B-Saison-seche-1320x1831.jpeg 1320w, https:\/\/richeskarayib.com\/wp-content\/uploads\/2025\/12\/Ananas-foufou-N\u00b0-5B-Saison-seche.jpeg 1384w\" sizes=\"(max-width: 738px) 100vw, 738px\" \/>\t\t\t\t\t\t\t\t\t\t\t<figcaption class=\"widget-image-caption wp-caption-text\">Ananas foufou N\u00b0 5B, Saison se\u0300che. \u00a9C\u00e9cile Vernant<\/figcaption>\n\t\t\t\t\t\t\t\t\t\t<\/figure>\n\t\t\t\t\t\t\t\t\t<\/div>\n\t\t\t\t<\/div>\n\t\t\t\t\t<\/div>\n\t\t<\/div>\n\t\t\t\t\t<\/div>\n\t\t<\/section>\n\t\t\t\t\t<\/div>\n\t\t<\/div>\n\t\t\t\t\t<\/div>\n\t\t<\/section>\n\t\t\t\t<section class=\"elementor-section elementor-top-section elementor-element elementor-element-f7a240c elementor-section-boxed elementor-section-height-default elementor-section-height-default\" data-id=\"f7a240c\" data-element_type=\"section\">\n\t\t\t\t\t\t<div class=\"elementor-container elementor-column-gap-default\">\n\t\t\t\t\t<div class=\"elementor-column elementor-col-100 elementor-top-column elementor-element elementor-element-0df7285\" data-id=\"0df7285\" data-element_type=\"column\">\n\t\t\t<div class=\"elementor-widget-wrap elementor-element-populated\">\n\t\t\t\t\t\t<div class=\"elementor-element elementor-element-ff71380 elementor-widget elementor-widget-heading\" data-id=\"ff71380\" data-element_type=\"widget\" data-widget_type=\"heading.default\">\n\t\t\t\t<div class=\"elementor-widget-container\">\n\t\t\t\t\t<h2 class=\"elementor-heading-title elementor-size-default\">Carga<\/h2>\t\t\t\t<\/div>\n\t\t\t\t<\/div>\n\t\t\t\t<section class=\"elementor-section elementor-inner-section elementor-element elementor-element-8881c6f elementor-section-boxed elementor-section-height-default elementor-section-height-default\" data-id=\"8881c6f\" data-element_type=\"section\">\n\t\t\t\t\t\t<div class=\"elementor-container elementor-column-gap-default\">\n\t\t\t\t\t<div class=\"elementor-column elementor-col-100 elementor-inner-column elementor-element elementor-element-3a9db69\" data-id=\"3a9db69\" data-element_type=\"column\">\n\t\t\t<div class=\"elementor-widget-wrap elementor-element-populated\">\n\t\t\t\t\t\t<div class=\"elementor-element elementor-element-95d9184 elementor-widget elementor-widget-text-editor\" data-id=\"95d9184\" data-element_type=\"widget\" data-widget_type=\"text-editor.default\">\n\t\t\t\t<div class=\"elementor-widget-container\">\n\t\t\t\t\t\t\t\t\t<p><span style=\"font-weight: 400;\">T\u00e9cnica: Mural de arcilla<\/span><span style=\"font-weight: 400;\"><br><\/span><span style=\"font-weight: 400;\">&#8220;Carga&#8221; lo dice todo: f\u00edsica, mental y emocional. Este mural est\u00e1 arraigado tanto en el peso del material como en la ligereza de su forma. <\/span><\/p>\t\t\t\t\t\t\t\t<\/div>\n\t\t\t\t<\/div>\n\t\t\t\t\t<\/div>\n\t\t<\/div>\n\t\t\t\t\t<\/div>\n\t\t<\/section>\n\t\t\t\t<div class=\"elementor-element elementor-element-68faeb8 elementor-widget elementor-widget-image\" data-id=\"68faeb8\" data-element_type=\"widget\" data-widget_type=\"image.default\">\n\t\t\t\t<div class=\"elementor-widget-container\">\n\t\t\t\t\t\t\t\t\t\t\t\t<figure class=\"wp-caption\">\n\t\t\t\t\t\t\t\t\t\t<img loading=\"lazy\" decoding=\"async\" width=\"768\" height=\"1024\" src=\"https:\/\/richeskarayib.com\/wp-content\/uploads\/2025\/12\/Charge-Saison-seche-768x1024.jpeg\" class=\"attachment-large size-large wp-image-66921\" alt=\"C\u00e9cile Vernant\" srcset=\"https:\/\/richeskarayib.com\/wp-content\/uploads\/2025\/12\/Charge-Saison-seche-768x1024.jpeg 768w, https:\/\/richeskarayib.com\/wp-content\/uploads\/2025\/12\/Charge-Saison-seche-225x300.jpeg 225w, https:\/\/richeskarayib.com\/wp-content\/uploads\/2025\/12\/Charge-Saison-seche-1152x1536.jpeg 1152w, https:\/\/richeskarayib.com\/wp-content\/uploads\/2025\/12\/Charge-Saison-seche.jpeg 1200w\" sizes=\"(max-width: 768px) 100vw, 768px\" \/>\t\t\t\t\t\t\t\t\t\t\t<figcaption class=\"widget-image-caption wp-caption-text\">Charge (Saison se\u0300che). \u00a9C\u00e9cile Vernant<\/figcaption>\n\t\t\t\t\t\t\t\t\t\t<\/figure>\n\t\t\t\t\t\t\t\t\t<\/div>\n\t\t\t\t<\/div>\n\t\t\t\t\t<\/div>\n\t\t<\/div>\n\t\t\t\t\t<\/div>\n\t\t<\/section>\n\t\t\t\t<section class=\"elementor-section elementor-top-section elementor-element elementor-element-58dad6a elementor-section-boxed elementor-section-height-default elementor-section-height-default\" data-id=\"58dad6a\" data-element_type=\"section\">\n\t\t\t\t\t\t<div class=\"elementor-container elementor-column-gap-default\">\n\t\t\t\t\t<div class=\"elementor-column elementor-col-100 elementor-top-column elementor-element elementor-element-eb17d27\" data-id=\"eb17d27\" data-element_type=\"column\">\n\t\t\t<div class=\"elementor-widget-wrap elementor-element-populated\">\n\t\t\t\t\t\t<div class=\"elementor-element elementor-element-da9c1cd elementor-widget elementor-widget-heading\" data-id=\"da9c1cd\" data-element_type=\"widget\" data-widget_type=\"heading.default\">\n\t\t\t\t<div class=\"elementor-widget-container\">\n\t\t\t\t\t<h2 class=\"elementor-heading-title elementor-size-default\">El para\u00edso de los pescadores<\/h2>\t\t\t\t<\/div>\n\t\t\t\t<\/div>\n\t\t\t\t<section class=\"elementor-section elementor-inner-section elementor-element elementor-element-bd88c71 elementor-section-boxed elementor-section-height-default elementor-section-height-default\" data-id=\"bd88c71\" data-element_type=\"section\">\n\t\t\t\t\t\t<div class=\"elementor-container elementor-column-gap-default\">\n\t\t\t\t\t<div class=\"elementor-column elementor-col-100 elementor-inner-column elementor-element elementor-element-9da3fbf\" data-id=\"9da3fbf\" data-element_type=\"column\">\n\t\t\t<div class=\"elementor-widget-wrap elementor-element-populated\">\n\t\t\t\t\t\t<div class=\"elementor-element elementor-element-6bbee69 elementor-widget elementor-widget-text-editor\" data-id=\"6bbee69\" data-element_type=\"widget\" data-widget_type=\"text-editor.default\">\n\t\t\t\t<div class=\"elementor-widget-container\">\n\t\t\t\t\t\t\t\t\t<p><span style=\"font-weight: 400;\">T\u00e9cnica: Fotograf\u00eda<\/span><span style=\"font-weight: 400;\"><br><\/span><span style=\"font-weight: 400;\">Un paisaje capturado en un raro momento de luz. Esta foto resume el v\u00ednculo \u00edntimo del artista con su isla, a medio camino entre el abandono y el encanto visual. <\/span><\/p>\t\t\t\t\t\t\t\t<\/div>\n\t\t\t\t<\/div>\n\t\t\t\t\t<\/div>\n\t\t<\/div>\n\t\t\t\t\t<\/div>\n\t\t<\/section>\n\t\t\t\t<section class=\"elementor-section elementor-inner-section elementor-element elementor-element-eaaa2ff elementor-section-boxed elementor-section-height-default elementor-section-height-default\" data-id=\"eaaa2ff\" data-element_type=\"section\">\n\t\t\t\t\t\t<div class=\"elementor-container elementor-column-gap-default\">\n\t\t\t\t\t<div class=\"elementor-column elementor-col-100 elementor-inner-column elementor-element elementor-element-f8951dc\" data-id=\"f8951dc\" data-element_type=\"column\">\n\t\t\t<div class=\"elementor-widget-wrap elementor-element-populated\">\n\t\t\t\t\t\t<div class=\"elementor-element elementor-element-10a16d9 elementor-widget elementor-widget-image\" data-id=\"10a16d9\" data-element_type=\"widget\" data-widget_type=\"image.default\">\n\t\t\t\t<div class=\"elementor-widget-container\">\n\t\t\t\t\t\t\t\t\t\t\t\t<figure class=\"wp-caption\">\n\t\t\t\t\t\t\t\t\t\t<img loading=\"lazy\" decoding=\"async\" width=\"800\" height=\"800\" src=\"https:\/\/richeskarayib.com\/wp-content\/uploads\/2025\/12\/Paradis-pour-pecheurs-An-tan-prezan-1024x1024.jpeg\" class=\"attachment-large size-large wp-image-67045\" alt=\"C\u00e9cile Vernant\" srcset=\"https:\/\/richeskarayib.com\/wp-content\/uploads\/2025\/12\/Paradis-pour-pecheurs-An-tan-prezan-1024x1024.jpeg 1024w, https:\/\/richeskarayib.com\/wp-content\/uploads\/2025\/12\/Paradis-pour-pecheurs-An-tan-prezan-300x300.jpeg 300w, https:\/\/richeskarayib.com\/wp-content\/uploads\/2025\/12\/Paradis-pour-pecheurs-An-tan-prezan-150x150.jpeg 150w, https:\/\/richeskarayib.com\/wp-content\/uploads\/2025\/12\/Paradis-pour-pecheurs-An-tan-prezan-768x768.jpeg 768w, https:\/\/richeskarayib.com\/wp-content\/uploads\/2025\/12\/Paradis-pour-pecheurs-An-tan-prezan-1536x1536.jpeg 1536w, https:\/\/richeskarayib.com\/wp-content\/uploads\/2025\/12\/Paradis-pour-pecheurs-An-tan-prezan-1320x1320.jpeg 1320w, https:\/\/richeskarayib.com\/wp-content\/uploads\/2025\/12\/Paradis-pour-pecheurs-An-tan-prezan.jpeg 1920w\" sizes=\"(max-width: 800px) 100vw, 800px\" \/>\t\t\t\t\t\t\t\t\t\t\t<figcaption class=\"widget-image-caption wp-caption-text\">Paradis pour pe\u0302cheurs (An tan prezan).  \u00a9C\u00e9cile Vernant<\/figcaption>\n\t\t\t\t\t\t\t\t\t\t<\/figure>\n\t\t\t\t\t\t\t\t\t<\/div>\n\t\t\t\t<\/div>\n\t\t\t\t\t<\/div>\n\t\t<\/div>\n\t\t\t\t\t<\/div>\n\t\t<\/section>\n\t\t\t\t\t<\/div>\n\t\t<\/div>\n\t\t\t\t\t<\/div>\n\t\t<\/section>\n\t\t\t\t<section class=\"elementor-section elementor-top-section elementor-element elementor-element-75af14c elementor-section-boxed elementor-section-height-default elementor-section-height-default\" data-id=\"75af14c\" data-element_type=\"section\">\n\t\t\t\t\t\t<div class=\"elementor-container elementor-column-gap-default\">\n\t\t\t\t\t<div class=\"elementor-column elementor-col-100 elementor-top-column elementor-element elementor-element-d4f7624\" data-id=\"d4f7624\" data-element_type=\"column\">\n\t\t\t<div class=\"elementor-widget-wrap elementor-element-populated\">\n\t\t\t\t\t\t<div class=\"elementor-element elementor-element-e560068 elementor-widget elementor-widget-heading\" data-id=\"e560068\" data-element_type=\"widget\" data-widget_type=\"heading.default\">\n\t\t\t\t<div class=\"elementor-widget-container\">\n\t\t\t\t\t<h2 class=\"elementor-heading-title elementor-size-default\">Un artista a tener en cuenta<\/h2>\t\t\t\t<\/div>\n\t\t\t\t<\/div>\n\t\t\t\t<section class=\"elementor-section elementor-inner-section elementor-element elementor-element-034ed26 elementor-section-boxed elementor-section-height-default elementor-section-height-default\" data-id=\"034ed26\" data-element_type=\"section\">\n\t\t\t\t\t\t<div class=\"elementor-container elementor-column-gap-default\">\n\t\t\t\t\t<div class=\"elementor-column elementor-col-100 elementor-inner-column elementor-element elementor-element-1430cde\" data-id=\"1430cde\" data-element_type=\"column\">\n\t\t\t<div class=\"elementor-widget-wrap elementor-element-populated\">\n\t\t\t\t\t\t<div class=\"elementor-element elementor-element-827d072 elementor-widget elementor-widget-text-editor\" data-id=\"827d072\" data-element_type=\"widget\" data-widget_type=\"text-editor.default\">\n\t\t\t\t<div class=\"elementor-widget-container\">\n\t\t\t\t\t\t\t\t\t<p><span style=\"font-weight: 400;\">El enfoque audaz y sincero de C\u00e9cile Vernant la ha consolidado como una voz singular en la escena art\u00edstica de Martinica y el Caribe. Su objetivo no es utilizar el arte para cambiar el mundo, sino para sembrar las semillas de las emociones adecuadas, para rehabilitar los sentidos en toda su riqueza. Para los artistas caribe\u00f1os creativos, los agentes culturales y todos aquellos que llevan el Caribe en el coraz\u00f3n, su carrera es una invitaci\u00f3n a explorar, a sentir y a crear sin miedo.  <\/span><\/p><p><span style=\"font-weight: 400;\">&#8220;El arte no puede salvar el mundo. Pero puede hacer alg\u00fan bien. C\u00e9cile Vernant<\/span><\/p><p><strong>La exposici\u00f3n estar\u00e1 abierta hasta finales de enero.<\/strong><\/p>\t\t\t\t\t\t\t\t<\/div>\n\t\t\t\t<\/div>\n\t\t\t\t<div class=\"elementor-element elementor-element-6a4002a elementor-widget elementor-widget-image\" data-id=\"6a4002a\" data-element_type=\"widget\" data-widget_type=\"image.default\">\n\t\t\t\t<div class=\"elementor-widget-container\">\n\t\t\t\t\t\t\t\t\t\t\t\t\t\t\t<img loading=\"lazy\" decoding=\"async\" width=\"724\" height=\"1024\" src=\"https:\/\/richeskarayib.com\/wp-content\/uploads\/2025\/12\/Affiche-exposition-Cecile-Vernant-A-coeur-battant-_page-0001-724x1024.jpg\" class=\"attachment-large size-large wp-image-67041\" alt=\"C\u00e9cile Vernant\" srcset=\"https:\/\/richeskarayib.com\/wp-content\/uploads\/2025\/12\/Affiche-exposition-Cecile-Vernant-A-coeur-battant-_page-0001-724x1024.jpg 724w, https:\/\/richeskarayib.com\/wp-content\/uploads\/2025\/12\/Affiche-exposition-Cecile-Vernant-A-coeur-battant-_page-0001-212x300.jpg 212w, https:\/\/richeskarayib.com\/wp-content\/uploads\/2025\/12\/Affiche-exposition-Cecile-Vernant-A-coeur-battant-_page-0001-768x1087.jpg 768w, https:\/\/richeskarayib.com\/wp-content\/uploads\/2025\/12\/Affiche-exposition-Cecile-Vernant-A-coeur-battant-_page-0001-1085x1536.jpg 1085w, https:\/\/richeskarayib.com\/wp-content\/uploads\/2025\/12\/Affiche-exposition-Cecile-Vernant-A-coeur-battant-_page-0001.jpg 1240w\" sizes=\"(max-width: 724px) 100vw, 724px\" \/>\t\t\t\t\t\t\t\t\t\t\t\t\t\t\t<\/div>\n\t\t\t\t<\/div>\n\t\t\t\t\t<\/div>\n\t\t<\/div>\n\t\t\t\t\t<\/div>\n\t\t<\/section>\n\t\t\t\t\t<\/div>\n\t\t<\/div>\n\t\t\t\t\t<\/div>\n\t\t<\/section>\n\t\t\t\t<section class=\"elementor-section elementor-top-section elementor-element elementor-element-c9d5708 elementor-section-boxed elementor-section-height-default elementor-section-height-default\" data-id=\"c9d5708\" data-element_type=\"section\">\n\t\t\t\t\t\t<div class=\"elementor-container elementor-column-gap-default\">\n\t\t\t\t\t<div class=\"elementor-column elementor-col-100 elementor-top-column elementor-element elementor-element-f856576\" data-id=\"f856576\" data-element_type=\"column\">\n\t\t\t<div class=\"elementor-widget-wrap elementor-element-populated\">\n\t\t\t\t\t\t<section class=\"elementor-section elementor-inner-section elementor-element elementor-element-c731c95 elementor-section-boxed elementor-section-height-default elementor-section-height-default\" data-id=\"c731c95\" data-element_type=\"section\">\n\t\t\t\t\t\t<div class=\"elementor-container elementor-column-gap-default\">\n\t\t\t\t\t<div class=\"elementor-column elementor-col-100 elementor-inner-column elementor-element elementor-element-1841fe0\" data-id=\"1841fe0\" data-element_type=\"column\">\n\t\t\t<div class=\"elementor-widget-wrap elementor-element-populated\">\n\t\t\t\t\t\t<div class=\"elementor-element elementor-element-9c42147 elementor-widget elementor-widget-heading\" data-id=\"9c42147\" data-element_type=\"widget\" data-widget_type=\"heading.default\">\n\t\t\t\t<div class=\"elementor-widget-container\">\n\t\t\t\t\t<h2 class=\"elementor-heading-title elementor-size-default\">PREGUNTAS FRECUENTES<\/h2>\t\t\t\t<\/div>\n\t\t\t\t<\/div>\n\t\t\t\t<div class=\"elementor-element elementor-element-1666ae5 elementor-widget elementor-widget-accordion\" data-id=\"1666ae5\" data-element_type=\"widget\" data-widget_type=\"accordion.default\">\n\t\t\t\t<div class=\"elementor-widget-container\">\n\t\t\t\t\t\t\t<div class=\"elementor-accordion\">\n\t\t\t\t\t\t\t<div class=\"elementor-accordion-item\">\n\t\t\t\t\t<div id=\"elementor-tab-title-2341\" class=\"elementor-tab-title\" data-tab=\"1\" role=\"button\" aria-controls=\"elementor-tab-content-2341\" aria-expanded=\"false\">\n\t\t\t\t\t\t\t\t\t\t\t\t\t<span class=\"elementor-accordion-icon elementor-accordion-icon-left\" aria-hidden=\"true\">\n\t\t\t\t\t\t\t\t\t\t\t\t\t\t\t<span class=\"elementor-accordion-icon-closed\"><i class=\"fas fa-plus\"><\/i><\/span>\n\t\t\t\t\t\t\t\t<span class=\"elementor-accordion-icon-opened\"><i class=\"fas fa-minus\"><\/i><\/span>\n\t\t\t\t\t\t\t\t\t\t\t\t\t\t<\/span>\n\t\t\t\t\t\t\t\t\t\t\t\t<a class=\"elementor-accordion-title\" tabindex=\"0\">\u00bfQui\u00e9n es C\u00e9cile Vernant?<\/a>\n\t\t\t\t\t<\/div>\n\t\t\t\t\t<div id=\"elementor-tab-content-2341\" class=\"elementor-tab-content elementor-clearfix\" data-tab=\"1\" role=\"region\" aria-labelledby=\"elementor-tab-title-2341\"><p><span style=\"font-weight: 400;\">C\u00e9cile Vernant es una artista multimedia que naci\u00f3 en Par\u00eds y se traslad\u00f3 a Martinica de ni\u00f1a. La pintura, la fotograf\u00eda y la cer\u00e1mica son los pilares de su obra, que se nutre de una profunda memoria sensorial de la isla. Su obra explora emociones, materiales y recuerdos, lejos de los r\u00edgidos c\u00f3digos del arte contempor\u00e1neo.  <\/span><\/p>\n<\/div>\n\t\t\t\t<\/div>\n\t\t\t\t\t\t\t<div class=\"elementor-accordion-item\">\n\t\t\t\t\t<div id=\"elementor-tab-title-2342\" class=\"elementor-tab-title\" data-tab=\"2\" role=\"button\" aria-controls=\"elementor-tab-content-2342\" aria-expanded=\"false\">\n\t\t\t\t\t\t\t\t\t\t\t\t\t<span class=\"elementor-accordion-icon elementor-accordion-icon-left\" aria-hidden=\"true\">\n\t\t\t\t\t\t\t\t\t\t\t\t\t\t\t<span class=\"elementor-accordion-icon-closed\"><i class=\"fas fa-plus\"><\/i><\/span>\n\t\t\t\t\t\t\t\t<span class=\"elementor-accordion-icon-opened\"><i class=\"fas fa-minus\"><\/i><\/span>\n\t\t\t\t\t\t\t\t\t\t\t\t\t\t<\/span>\n\t\t\t\t\t\t\t\t\t\t\t\t<a class=\"elementor-accordion-title\" tabindex=\"0\">\u00bfQu\u00e9 medios utiliza C\u00e9cile Vernant en su arte?<\/a>\n\t\t\t\t\t<\/div>\n\t\t\t\t\t<div id=\"elementor-tab-content-2342\" class=\"elementor-tab-content elementor-clearfix\" data-tab=\"2\" role=\"region\" aria-labelledby=\"elementor-tab-title-2342\"><p><span style=\"font-weight: 400;\">C\u00e9cile Vernant trabaja la pintura, la fotograf\u00eda con plata, el pastel, el \u00f3leo y la cer\u00e1mica. Para ella, cada medio se convierte en un lenguaje complementario, que le permite crear un di\u00e1logo entre texturas, formas y sensaciones. Este enfoque multimedia refleja una b\u00fasqueda instintiva y profundamente sensorial.  <\/span><\/p>\n<\/div>\n\t\t\t\t<\/div>\n\t\t\t\t\t\t\t<div class=\"elementor-accordion-item\">\n\t\t\t\t\t<div id=\"elementor-tab-title-2343\" class=\"elementor-tab-title\" data-tab=\"3\" role=\"button\" aria-controls=\"elementor-tab-content-2343\" aria-expanded=\"false\">\n\t\t\t\t\t\t\t\t\t\t\t\t\t<span class=\"elementor-accordion-icon elementor-accordion-icon-left\" aria-hidden=\"true\">\n\t\t\t\t\t\t\t\t\t\t\t\t\t\t\t<span class=\"elementor-accordion-icon-closed\"><i class=\"fas fa-plus\"><\/i><\/span>\n\t\t\t\t\t\t\t\t<span class=\"elementor-accordion-icon-opened\"><i class=\"fas fa-minus\"><\/i><\/span>\n\t\t\t\t\t\t\t\t\t\t\t\t\t\t<\/span>\n\t\t\t\t\t\t\t\t\t\t\t\t<a class=\"elementor-accordion-title\" tabindex=\"0\">\u00bfC\u00f3mo influy\u00f3 Martinica en la obra de C\u00e9cile Vernant?<\/a>\n\t\t\t\t\t<\/div>\n\t\t\t\t\t<div id=\"elementor-tab-content-2343\" class=\"elementor-tab-content elementor-clearfix\" data-tab=\"3\" role=\"region\" aria-labelledby=\"elementor-tab-title-2343\"><p><span style=\"font-weight: 400;\">Martinica recorre la obra de C\u00e9cile Vernant como un paisaje interior. Sonidos, luces, ruinas, naturaleza y recuerdos de infancia nutren sus creaciones. La isla nunca es un tel\u00f3n de fondo ilustrativo, sino un material emocional que configura su relaci\u00f3n con el gesto, la materia y la memoria.  <\/span><\/p>\n<\/div>\n\t\t\t\t<\/div>\n\t\t\t\t\t\t\t\t<\/div>\n\t\t\t\t\t\t<\/div>\n\t\t\t\t<\/div>\n\t\t\t\t\t<\/div>\n\t\t<\/div>\n\t\t\t\t\t<\/div>\n\t\t<\/section>\n\t\t\t\t\t<\/div>\n\t\t<\/div>\n\t\t\t\t\t<\/div>\n\t\t<\/section>\n\t\t\t\t<\/div>\n\t\t","protected":false},"excerpt":{"rendered":"<p>A trav\u00e9s de la pintura, la fotograf\u00eda y la cer\u00e1mica, C\u00e9cile Vernant explora un territorio \u00edntimo: la Martinica de su infancia. Nacida en Par\u00eds, pero llegada a la isla a los 18 meses, la artista reivindica un arraigo que se nutre de olores, luces, texturas y recuerdos sensoriales. En la obra de C\u00e9cile Vernant, el [&hellip;]<\/p>\n","protected":false},"author":662,"featured_media":66889,"comment_status":"open","ping_status":"open","sticky":false,"template":"","format":"standard","meta":{"_acf_changed":false,"footnotes":""},"categories":[809],"tags":[816],"class_list":["post-66935","post","type-post","status-publish","format-standard","has-post-thumbnail","hentry","category-artes-visuales","tag-martinique-es"],"acf":[],"_links":{"self":[{"href":"https:\/\/richeskarayib.com\/es\/wp-json\/wp\/v2\/posts\/66935","targetHints":{"allow":["GET"]}}],"collection":[{"href":"https:\/\/richeskarayib.com\/es\/wp-json\/wp\/v2\/posts"}],"about":[{"href":"https:\/\/richeskarayib.com\/es\/wp-json\/wp\/v2\/types\/post"}],"author":[{"embeddable":true,"href":"https:\/\/richeskarayib.com\/es\/wp-json\/wp\/v2\/users\/662"}],"replies":[{"embeddable":true,"href":"https:\/\/richeskarayib.com\/es\/wp-json\/wp\/v2\/comments?post=66935"}],"version-history":[{"count":0,"href":"https:\/\/richeskarayib.com\/es\/wp-json\/wp\/v2\/posts\/66935\/revisions"}],"wp:featuredmedia":[{"embeddable":true,"href":"https:\/\/richeskarayib.com\/es\/wp-json\/wp\/v2\/media\/66889"}],"wp:attachment":[{"href":"https:\/\/richeskarayib.com\/es\/wp-json\/wp\/v2\/media?parent=66935"}],"wp:term":[{"taxonomy":"category","embeddable":true,"href":"https:\/\/richeskarayib.com\/es\/wp-json\/wp\/v2\/categories?post=66935"},{"taxonomy":"post_tag","embeddable":true,"href":"https:\/\/richeskarayib.com\/es\/wp-json\/wp\/v2\/tags?post=66935"}],"curies":[{"name":"wp","href":"https:\/\/api.w.org\/{rel}","templated":true}]}}