{"id":66974,"date":"2025-12-19T04:34:57","date_gmt":"2025-12-19T08:34:57","guid":{"rendered":"https:\/\/richeskarayib.com\/cuadrilla-memoria-viva-y-herencia-de-las-antillas\/"},"modified":"2025-12-19T04:34:58","modified_gmt":"2025-12-19T08:34:58","slug":"cuadrilla-memoria-viva-y-herencia-de-las-antillas","status":"publish","type":"post","link":"https:\/\/richeskarayib.com\/es\/cuadrilla-memoria-viva-y-herencia-de-las-antillas\/","title":{"rendered":"Cuadrilla: memoria viva y herencia de las Antillas"},"content":{"rendered":"\t\t<div data-elementor-type=\"wp-post\" data-elementor-id=\"66974\" class=\"elementor elementor-66974 elementor-66940\" data-elementor-post-type=\"post\">\n\t\t\t\t\t\t<section class=\"elementor-section elementor-top-section elementor-element elementor-element-7ca7ca1 elementor-section-boxed elementor-section-height-default elementor-section-height-default\" data-id=\"7ca7ca1\" data-element_type=\"section\">\n\t\t\t\t\t\t<div class=\"elementor-container elementor-column-gap-default\">\n\t\t\t\t\t<div class=\"elementor-column elementor-col-100 elementor-top-column elementor-element elementor-element-cbdd002\" data-id=\"cbdd002\" data-element_type=\"column\">\n\t\t\t<div class=\"elementor-widget-wrap elementor-element-populated\">\n\t\t\t\t\t\t<section class=\"elementor-section elementor-inner-section elementor-element elementor-element-bc94849 elementor-section-boxed elementor-section-height-default elementor-section-height-default\" data-id=\"bc94849\" data-element_type=\"section\">\n\t\t\t\t\t\t<div class=\"elementor-container elementor-column-gap-default\">\n\t\t\t\t\t\t<\/div>\n\t\t<\/section>\n\t\t\t\t<section class=\"elementor-section elementor-inner-section elementor-element elementor-element-61571e6 elementor-section-boxed elementor-section-height-default elementor-section-height-default\" data-id=\"61571e6\" data-element_type=\"section\">\n\t\t\t\t\t\t<div class=\"elementor-container elementor-column-gap-default\">\n\t\t\t\t\t\t<\/div>\n\t\t<\/section>\n\t\t\t\t<section class=\"elementor-section elementor-inner-section elementor-element elementor-element-b6262e0 elementor-section-boxed elementor-section-height-default elementor-section-height-default\" data-id=\"b6262e0\" data-element_type=\"section\">\n\t\t\t\t\t\t<div class=\"elementor-container elementor-column-gap-default\">\n\t\t\t\t\t\t<\/div>\n\t\t<\/section>\n\t\t\t\t<section class=\"elementor-section elementor-inner-section elementor-element elementor-element-cca29fd elementor-section-boxed elementor-section-height-default elementor-section-height-default\" data-id=\"cca29fd\" data-element_type=\"section\">\n\t\t\t\t\t\t<div class=\"elementor-container elementor-column-gap-default\">\n\t\t\t\t\t\t<\/div>\n\t\t<\/section>\n\t\t\t\t\t<\/div>\n\t\t<\/div>\n\t\t\t\t\t<\/div>\n\t\t<\/section>\n\t\t\t\t<section class=\"elementor-section elementor-top-section elementor-element elementor-element-ee72354 elementor-section-boxed elementor-section-height-default elementor-section-height-default\" data-id=\"ee72354\" data-element_type=\"section\">\n\t\t\t\t\t\t<div class=\"elementor-container elementor-column-gap-default\">\n\t\t\t\t\t<div class=\"elementor-column elementor-col-100 elementor-top-column elementor-element elementor-element-c59d6fe\" data-id=\"c59d6fe\" data-element_type=\"column\">\n\t\t\t<div class=\"elementor-widget-wrap elementor-element-populated\">\n\t\t\t\t\t\t<div class=\"elementor-element elementor-element-e57451f elementor-widget elementor-widget-text-editor\" data-id=\"e57451f\" data-element_type=\"widget\" data-widget_type=\"text-editor.default\">\n\t\t\t\t<div class=\"elementor-widget-container\">\n\t\t\t\t\t\t\t\t\t<p><span style=\"font-weight: 400;\">En las Antillas francesas, la <\/span><a href=\"https:\/\/www.facebook.com\/groups\/1811258005997801\/\" target=\"_blank\" rel=\"noopener nofollow\"><b>Cuadrilla<\/b><\/a><span style=\"font-weight: 400;\">  es algo m\u00e1s que una danza tradicional. Es un fuerte marcador cultural, un espacio de transmisi\u00f3n y un testimonio vivo de la historia social de los territorios caribe\u00f1os. Practicado desde hace m\u00e1s de un siglo en Guadalupe y Martinica, este arte coreogr\u00e1fico ilustra la capacidad de las sociedades antillanas para transformar formas heredadas de Europa en expresiones de identidad profundamente arraigadas.  <\/span><\/p>\t\t\t\t\t\t\t\t<\/div>\n\t\t\t\t<\/div>\n\t\t\t\t\t<\/div>\n\t\t<\/div>\n\t\t\t\t\t<\/div>\n\t\t<\/section>\n\t\t\t\t<section class=\"elementor-section elementor-top-section elementor-element elementor-element-82cd8f9 elementor-section-boxed elementor-section-height-default elementor-section-height-default\" data-id=\"82cd8f9\" data-element_type=\"section\">\n\t\t\t\t\t\t<div class=\"elementor-container elementor-column-gap-default\">\n\t\t\t\t\t<div class=\"elementor-column elementor-col-100 elementor-top-column elementor-element elementor-element-0bfdc38\" data-id=\"0bfdc38\" data-element_type=\"column\">\n\t\t\t<div class=\"elementor-widget-wrap elementor-element-populated\">\n\t\t\t\t\t\t<div class=\"elementor-element elementor-element-7d292fe elementor-widget elementor-widget-heading\" data-id=\"7d292fe\" data-element_type=\"widget\" data-widget_type=\"heading.default\">\n\t\t\t\t<div class=\"elementor-widget-container\">\n\t\t\t\t\t<h2 class=\"elementor-heading-title elementor-size-default\">De los salones europeos a las plazas antillanas<\/h2>\t\t\t\t<\/div>\n\t\t\t\t<\/div>\n\t\t\t\t<div class=\"elementor-element elementor-element-8e337bf elementor-widget elementor-widget-text-editor\" data-id=\"8e337bf\" data-element_type=\"widget\" data-widget_type=\"text-editor.default\">\n\t\t\t\t<div class=\"elementor-widget-container\">\n\t\t\t\t\t\t\t\t\t<p><span style=\"font-weight: 400;\">Este baile apareci\u00f3 originalmente en los salones aristocr\u00e1ticos europeos en los siglos XVIII y XIX. Importada a las colonias francesas <g id=\"gid_0\">del Caribe<\/g> durante el periodo colonial, al principio estaba reservada a las \u00e9lites de las grandes casas. Las reglas son estrictas: cuatro parejas dispuestas en un cuadrado ejecutan una sucesi\u00f3n de figuras codificadas, animadas por una m\u00fasica regular y un tempo medido.  <\/span><\/p><p><span style=\"font-weight: 400;\">Con el tiempo, esta pr\u00e1ctica sali\u00f3 de los c\u00edrculos cerrados y se introdujo en los espacios populares. Se arraig\u00f3 en los pueblos, en los festivales comunitarios y en las reuniones rurales. Este cambio social marc\u00f3 un punto de inflexi\u00f3n decisivo: la danza cambi\u00f3 su funci\u00f3n, su p\u00fablico y su significado. Dej\u00f3 de ser una simple forma de entretenimiento social y se convirti\u00f3 en un momento colectivo, arraigado en la vida cotidiana.   <\/span><\/p>\t\t\t\t\t\t\t\t<\/div>\n\t\t\t\t<\/div>\n\t\t\t\t<section class=\"elementor-section elementor-inner-section elementor-element elementor-element-011fe45 elementor-section-boxed elementor-section-height-default elementor-section-height-default\" data-id=\"011fe45\" data-element_type=\"section\">\n\t\t\t\t\t\t<div class=\"elementor-container elementor-column-gap-default\">\n\t\t\t\t\t<div class=\"elementor-column elementor-col-100 elementor-inner-column elementor-element elementor-element-f297c4a\" data-id=\"f297c4a\" data-element_type=\"column\">\n\t\t\t<div class=\"elementor-widget-wrap elementor-element-populated\">\n\t\t\t\t\t\t<div class=\"elementor-element elementor-element-73fd339 elementor-widget elementor-widget-video\" data-id=\"73fd339\" data-element_type=\"widget\" data-settings=\"{&quot;youtube_url&quot;:&quot;https:\\\/\\\/www.youtube.com\\\/watch?v=7IvfEgZ3X7s&amp;t=3s&quot;,&quot;video_type&quot;:&quot;youtube&quot;,&quot;controls&quot;:&quot;yes&quot;}\" data-widget_type=\"video.default\">\n\t\t\t\t<div class=\"elementor-widget-container\">\n\t\t\t\t\t\t\t<div class=\"elementor-wrapper elementor-open-inline\">\n\t\t\t<div class=\"elementor-video\"><\/div>\t\t<\/div>\n\t\t\t\t\t\t<\/div>\n\t\t\t\t<\/div>\n\t\t\t\t\t<\/div>\n\t\t<\/div>\n\t\t\t\t\t<\/div>\n\t\t<\/section>\n\t\t\t\t<section class=\"elementor-section elementor-inner-section elementor-element elementor-element-c582330 elementor-section-boxed elementor-section-height-default elementor-section-height-default\" data-id=\"c582330\" data-element_type=\"section\">\n\t\t\t\t\t\t<div class=\"elementor-container elementor-column-gap-default\">\n\t\t\t\t\t\t<\/div>\n\t\t<\/section>\n\t\t\t\t<section class=\"elementor-section elementor-inner-section elementor-element elementor-element-296603a elementor-section-boxed elementor-section-height-default elementor-section-height-default\" data-id=\"296603a\" data-element_type=\"section\">\n\t\t\t\t\t\t<div class=\"elementor-container elementor-column-gap-default\">\n\t\t\t\t\t\t<\/div>\n\t\t<\/section>\n\t\t\t\t\t<\/div>\n\t\t<\/div>\n\t\t\t\t\t<\/div>\n\t\t<\/section>\n\t\t\t\t<section class=\"elementor-section elementor-top-section elementor-element elementor-element-5a7397d elementor-section-boxed elementor-section-height-default elementor-section-height-default\" data-id=\"5a7397d\" data-element_type=\"section\">\n\t\t\t\t\t\t<div class=\"elementor-container elementor-column-gap-default\">\n\t\t\t\t\t<div class=\"elementor-column elementor-col-100 elementor-top-column elementor-element elementor-element-8b33b4b\" data-id=\"8b33b4b\" data-element_type=\"column\">\n\t\t\t<div class=\"elementor-widget-wrap elementor-element-populated\">\n\t\t\t\t\t\t<div class=\"elementor-element elementor-element-89dac4b elementor-widget elementor-widget-heading\" data-id=\"89dac4b\" data-element_type=\"widget\" data-widget_type=\"heading.default\">\n\t\t\t\t<div class=\"elementor-widget-container\">\n\t\t\t\t\t<h2 class=\"elementor-heading-title elementor-size-default\">Una transformaci\u00f3n profundamente criolla<\/h2>\t\t\t\t<\/div>\n\t\t\t\t<\/div>\n\t\t\t\t<div class=\"elementor-element elementor-element-43a45ac elementor-widget elementor-widget-text-editor\" data-id=\"43a45ac\" data-element_type=\"widget\" data-widget_type=\"text-editor.default\">\n\t\t\t\t<div class=\"elementor-widget-container\">\n\t\t\t\t\t\t\t\t\t<p><span style=\"font-weight: 400;\">La <\/span><a href=\"https:\/\/www.guadeloupe.franceantilles.fr\/actualite\/culture\/a-vitry-sur-seine-le-quadrille-fait-vibrer-lame-antillaise-1044148.php?utm_term=photo&amp;utm_content=FranceAntillesGuadeloupe&amp;utm_medium=Social&amp;utm_campaign=Nonli&amp;utm_source=Facebook\" target=\"_blank\" rel=\"noopener nofollow\"><b>Cuadrilla<\/b><\/a><span style=\"font-weight: 400;\">  nunca ha permanecido est\u00e1tica en las Antillas. Se ha transformado por el contacto con las realidades locales, en un proceso gradual de creolizaci\u00f3n. La m\u00fasica evoluciona, integrando viol\u00edn, tambor, chacha o acorde\u00f3n seg\u00fan el territorio. Los ritmos se han hecho m\u00e1s flexibles, a veces m\u00e1s intensos, y las melod\u00edas se han impregnado de la sensibilidad caribe\u00f1a.   <\/span><\/p><p><span style=\"font-weight: 400;\">Figuras tradicionales &#8211; <\/span><i><span style=\"font-weight: 400;\">pantalones<\/span><\/i><span style=\"font-weight: 400;\">, <\/span><i><span style=\"font-weight: 400;\">verano<\/span><\/i><span style=\"font-weight: 400;\">, <\/span><i><span style=\"font-weight: 400;\">gallina<\/span><\/i><span style=\"font-weight: 400;\">, <\/span><i><span style=\"font-weight: 400;\">pastora<\/span><\/i><span style=\"font-weight: 400;\">, <\/span><i><span style=\"font-weight: 400;\">final<\/span><\/i><span style=\"font-weight: 400;\">  &#8211; conservaron sus nombres franceses originales, pero su interpretaci\u00f3n cambi\u00f3. Los movimientos se vuelven m\u00e1s expresivos, los intercambios entre bailarines m\u00e1s intensos y la relaci\u00f3n con el p\u00fablico m\u00e1s fuerte. El resultado es una forma viva que es a la vez estructurada y libre en su ejecuci\u00f3n.  <\/span><\/p>\t\t\t\t\t\t\t\t<\/div>\n\t\t\t\t<\/div>\n\t\t\t\t<section class=\"elementor-section elementor-inner-section elementor-element elementor-element-e350b20 elementor-section-boxed elementor-section-height-default elementor-section-height-default\" data-id=\"e350b20\" data-element_type=\"section\">\n\t\t\t\t\t\t<div class=\"elementor-container elementor-column-gap-default\">\n\t\t\t\t\t<div class=\"elementor-column elementor-col-100 elementor-inner-column elementor-element elementor-element-548d32e\" data-id=\"548d32e\" data-element_type=\"column\">\n\t\t\t<div class=\"elementor-widget-wrap elementor-element-populated\">\n\t\t\t\t\t\t<div class=\"elementor-element elementor-element-0599a83 elementor-widget elementor-widget-image\" data-id=\"0599a83\" data-element_type=\"widget\" data-widget_type=\"image.default\">\n\t\t\t\t<div class=\"elementor-widget-container\">\n\t\t\t\t\t\t\t\t\t\t\t\t<figure class=\"wp-caption\">\n\t\t\t\t\t\t\t\t\t\t<img fetchpriority=\"high\" decoding=\"async\" width=\"800\" height=\"606\" src=\"https:\/\/richeskarayib.com\/wp-content\/uploads\/2025\/12\/\u00a9Alfred-Desiree-UCV-2-1024x776.jpg\" class=\"attachment-large size-large wp-image-66948\" alt=\"Quadrille\" srcset=\"https:\/\/richeskarayib.com\/wp-content\/uploads\/2025\/12\/\u00a9Alfred-Desiree-UCV-2-1024x776.jpg 1024w, https:\/\/richeskarayib.com\/wp-content\/uploads\/2025\/12\/\u00a9Alfred-Desiree-UCV-2-300x227.jpg 300w, https:\/\/richeskarayib.com\/wp-content\/uploads\/2025\/12\/\u00a9Alfred-Desiree-UCV-2-768x582.jpg 768w, https:\/\/richeskarayib.com\/wp-content\/uploads\/2025\/12\/\u00a9Alfred-Desiree-UCV-2-1320x1001.jpg 1320w, https:\/\/richeskarayib.com\/wp-content\/uploads\/2025\/12\/\u00a9Alfred-Desiree-UCV-2.jpg 1514w\" sizes=\"(max-width: 800px) 100vw, 800px\" \/>\t\t\t\t\t\t\t\t\t\t\t<figcaption class=\"widget-image-caption wp-caption-text\">\u00a9Alfred Desire\u0301e (UCV) 2<\/figcaption>\n\t\t\t\t\t\t\t\t\t\t<\/figure>\n\t\t\t\t\t\t\t\t\t<\/div>\n\t\t\t\t<\/div>\n\t\t\t\t\t<\/div>\n\t\t<\/div>\n\t\t\t\t\t<\/div>\n\t\t<\/section>\n\t\t\t\t\t<\/div>\n\t\t<\/div>\n\t\t\t\t\t<\/div>\n\t\t<\/section>\n\t\t\t\t<section class=\"elementor-section elementor-top-section elementor-element elementor-element-ceca32c elementor-section-boxed elementor-section-height-default elementor-section-height-default\" data-id=\"ceca32c\" data-element_type=\"section\">\n\t\t\t\t\t\t<div class=\"elementor-container elementor-column-gap-default\">\n\t\t\t\t\t<div class=\"elementor-column elementor-col-100 elementor-top-column elementor-element elementor-element-5a2e383\" data-id=\"5a2e383\" data-element_type=\"column\">\n\t\t\t<div class=\"elementor-widget-wrap elementor-element-populated\">\n\t\t\t\t\t\t<div class=\"elementor-element elementor-element-6cedf5f elementor-widget elementor-widget-heading\" data-id=\"6cedf5f\" data-element_type=\"widget\" data-widget_type=\"heading.default\">\n\t\t\t\t<div class=\"elementor-widget-container\">\n\t\t\t\t\t<h2 class=\"elementor-heading-title elementor-size-default\">Las palabras en el coraz\u00f3n de la danza<\/h2>\t\t\t\t<\/div>\n\t\t\t\t<\/div>\n\t\t\t\t<section class=\"elementor-section elementor-inner-section elementor-element elementor-element-bc0026a elementor-section-boxed elementor-section-height-default elementor-section-height-default\" data-id=\"bc0026a\" data-element_type=\"section\">\n\t\t\t\t\t\t<div class=\"elementor-container elementor-column-gap-default\">\n\t\t\t\t\t<div class=\"elementor-column elementor-col-100 elementor-inner-column elementor-element elementor-element-420059a\" data-id=\"420059a\" data-element_type=\"column\">\n\t\t\t<div class=\"elementor-widget-wrap elementor-element-populated\">\n\t\t\t\t\t\t<div class=\"elementor-element elementor-element-99bfa51 elementor-widget elementor-widget-text-editor\" data-id=\"99bfa51\" data-element_type=\"widget\" data-widget_type=\"text-editor.default\">\n\t\t\t\t<div class=\"elementor-widget-container\">\n\t\t\t\t\t\t\t\t\t<p><span style=\"font-weight: 400;\">Hay un rasgo especialmente distintivo de la <b>Cuadrilla<\/b> Antillana: la importancia de la oralidad. El comandante, o l\u00edder, anuncia las figuras en voz alta, a menudo en criollo. Este discurso r\u00edtmico gu\u00eda a los bailarines, estructura la coreograf\u00eda y crea un v\u00ednculo constante entre m\u00fasica y movimiento.  <\/span><\/p><p><span style=\"font-weight: 400;\">En la <\/span><b>Cuadrilla<\/b><span style=\"font-weight: 400;\">La transmisi\u00f3n oral desempe\u00f1a un papel central. Hace posible el aprendizaje sin un soporte escrito y fomenta la apropiaci\u00f3n colectiva del conocimiento. La danza se convierte as\u00ed en un espacio de memoria compartida, donde todos aprenden observando, escuchando y practicando.  <\/span><\/p>\t\t\t\t\t\t\t\t<\/div>\n\t\t\t\t<\/div>\n\t\t\t\t\t<\/div>\n\t\t<\/div>\n\t\t\t\t\t<\/div>\n\t\t<\/section>\n\t\t\t\t<section class=\"elementor-section elementor-inner-section elementor-element elementor-element-0f6293a elementor-section-boxed elementor-section-height-default elementor-section-height-default\" data-id=\"0f6293a\" data-element_type=\"section\">\n\t\t\t\t\t\t<div class=\"elementor-container elementor-column-gap-default\">\n\t\t\t\t\t<div class=\"elementor-column elementor-col-50 elementor-inner-column elementor-element elementor-element-4a7d77e\" data-id=\"4a7d77e\" data-element_type=\"column\">\n\t\t\t<div class=\"elementor-widget-wrap elementor-element-populated\">\n\t\t\t\t\t\t<div class=\"elementor-element elementor-element-261b0fd elementor-widget elementor-widget-image\" data-id=\"261b0fd\" data-element_type=\"widget\" data-widget_type=\"image.default\">\n\t\t\t\t<div class=\"elementor-widget-container\">\n\t\t\t\t\t\t\t\t\t\t\t\t<figure class=\"wp-caption\">\n\t\t\t\t\t\t\t\t\t\t<img decoding=\"async\" width=\"800\" height=\"600\" src=\"https:\/\/richeskarayib.com\/wp-content\/uploads\/2025\/12\/\u00a9Alfred-Desiree-UCV-5-1024x768.jpg\" class=\"attachment-large size-large wp-image-66956\" alt=\"Quadrille\" srcset=\"https:\/\/richeskarayib.com\/wp-content\/uploads\/2025\/12\/\u00a9Alfred-Desiree-UCV-5-1024x768.jpg 1024w, https:\/\/richeskarayib.com\/wp-content\/uploads\/2025\/12\/\u00a9Alfred-Desiree-UCV-5-300x225.jpg 300w, https:\/\/richeskarayib.com\/wp-content\/uploads\/2025\/12\/\u00a9Alfred-Desiree-UCV-5-768x576.jpg 768w, https:\/\/richeskarayib.com\/wp-content\/uploads\/2025\/12\/\u00a9Alfred-Desiree-UCV-5-1536x1152.jpg 1536w, https:\/\/richeskarayib.com\/wp-content\/uploads\/2025\/12\/\u00a9Alfred-Desiree-UCV-5-1320x990.jpg 1320w, https:\/\/richeskarayib.com\/wp-content\/uploads\/2025\/12\/\u00a9Alfred-Desiree-UCV-5.jpg 2048w\" sizes=\"(max-width: 800px) 100vw, 800px\" \/>\t\t\t\t\t\t\t\t\t\t\t<figcaption class=\"widget-image-caption wp-caption-text\">\u00a9Alfred Desire\u0301e (UCV)<\/figcaption>\n\t\t\t\t\t\t\t\t\t\t<\/figure>\n\t\t\t\t\t\t\t\t\t<\/div>\n\t\t\t\t<\/div>\n\t\t\t\t\t<\/div>\n\t\t<\/div>\n\t\t\t\t<div class=\"elementor-column elementor-col-50 elementor-inner-column elementor-element elementor-element-3802927\" data-id=\"3802927\" data-element_type=\"column\">\n\t\t\t<div class=\"elementor-widget-wrap elementor-element-populated\">\n\t\t\t\t\t\t<div class=\"elementor-element elementor-element-63f02b2 elementor-widget elementor-widget-image\" data-id=\"63f02b2\" data-element_type=\"widget\" data-widget_type=\"image.default\">\n\t\t\t\t<div class=\"elementor-widget-container\">\n\t\t\t\t\t\t\t\t\t\t\t\t<figure class=\"wp-caption\">\n\t\t\t\t\t\t\t\t\t\t<img decoding=\"async\" width=\"800\" height=\"600\" src=\"https:\/\/richeskarayib.com\/wp-content\/uploads\/2025\/12\/\u00a9Alfred-Desiree-UCV-6.jpg\" class=\"attachment-large size-large wp-image-66960\" alt=\"Quadrille\" srcset=\"https:\/\/richeskarayib.com\/wp-content\/uploads\/2025\/12\/\u00a9Alfred-Desiree-UCV-6.jpg 960w, https:\/\/richeskarayib.com\/wp-content\/uploads\/2025\/12\/\u00a9Alfred-Desiree-UCV-6-300x225.jpg 300w, https:\/\/richeskarayib.com\/wp-content\/uploads\/2025\/12\/\u00a9Alfred-Desiree-UCV-6-768x576.jpg 768w\" sizes=\"(max-width: 800px) 100vw, 800px\" \/>\t\t\t\t\t\t\t\t\t\t\t<figcaption class=\"widget-image-caption wp-caption-text\">\u00a9Alfred Desire\u0301e (UCV)<\/figcaption>\n\t\t\t\t\t\t\t\t\t\t<\/figure>\n\t\t\t\t\t\t\t\t\t<\/div>\n\t\t\t\t<\/div>\n\t\t\t\t\t<\/div>\n\t\t<\/div>\n\t\t\t\t\t<\/div>\n\t\t<\/section>\n\t\t\t\t\t<\/div>\n\t\t<\/div>\n\t\t\t\t\t<\/div>\n\t\t<\/section>\n\t\t\t\t<section class=\"elementor-section elementor-top-section elementor-element elementor-element-9c88a89 elementor-section-boxed elementor-section-height-default elementor-section-height-default\" data-id=\"9c88a89\" data-element_type=\"section\">\n\t\t\t\t\t\t<div class=\"elementor-container elementor-column-gap-default\">\n\t\t\t\t\t<div class=\"elementor-column elementor-col-100 elementor-top-column elementor-element elementor-element-78cf5d1\" data-id=\"78cf5d1\" data-element_type=\"column\">\n\t\t\t<div class=\"elementor-widget-wrap elementor-element-populated\">\n\t\t\t\t\t\t<div class=\"elementor-element elementor-element-ea2a5c1 elementor-widget elementor-widget-heading\" data-id=\"ea2a5c1\" data-element_type=\"widget\" data-widget_type=\"heading.default\">\n\t\t\t\t<div class=\"elementor-widget-container\">\n\t\t\t\t\t<h2 class=\"elementor-heading-title elementor-size-default\">Una pr\u00e1ctica fundamentalmente colectiva<\/h2>\t\t\t\t<\/div>\n\t\t\t\t<\/div>\n\t\t\t\t<section class=\"elementor-section elementor-inner-section elementor-element elementor-element-275a1e8 elementor-section-boxed elementor-section-height-default elementor-section-height-default\" data-id=\"275a1e8\" data-element_type=\"section\">\n\t\t\t\t\t\t<div class=\"elementor-container elementor-column-gap-default\">\n\t\t\t\t\t<div class=\"elementor-column elementor-col-100 elementor-inner-column elementor-element elementor-element-4f5d9ea\" data-id=\"4f5d9ea\" data-element_type=\"column\">\n\t\t\t<div class=\"elementor-widget-wrap elementor-element-populated\">\n\t\t\t\t\t\t<div class=\"elementor-element elementor-element-e305eee elementor-widget elementor-widget-text-editor\" data-id=\"e305eee\" data-element_type=\"widget\" data-widget_type=\"text-editor.default\">\n\t\t\t\t<div class=\"elementor-widget-container\">\n\t\t\t\t\t\t\t\t\t<p><span style=\"font-weight: 400;\">Esta danza se basa en un principio sencillo pero esencial: el grupo. No se hace hincapi\u00e9 en el rendimiento individual, sino en la coordinaci\u00f3n y en escucharse unos a otros. Cada bailar\u00edn ocupa un lugar espec\u00edfico, y el conjunto s\u00f3lo funciona si todos respetan el marco com\u00fan.  <\/span><\/p><p><span style=\"font-weight: 400;\">Hist\u00f3ricamente, esta dimensi\u00f3n colectiva explica su importancia en los grandes momentos de la vida social: bodas, fiestas patronales, velatorios y celebraciones rurales. Contribuye a la cohesi\u00f3n de la comunidad y refuerza el sentimiento de pertenencia. <\/span><\/p>\t\t\t\t\t\t\t\t<\/div>\n\t\t\t\t<\/div>\n\t\t\t\t\t<\/div>\n\t\t<\/div>\n\t\t\t\t\t<\/div>\n\t\t<\/section>\n\t\t\t\t<section class=\"elementor-section elementor-inner-section elementor-element elementor-element-2e0b13a elementor-section-boxed elementor-section-height-default elementor-section-height-default\" data-id=\"2e0b13a\" data-element_type=\"section\">\n\t\t\t\t\t\t<div class=\"elementor-container elementor-column-gap-default\">\n\t\t\t\t\t<div class=\"elementor-column elementor-col-100 elementor-inner-column elementor-element elementor-element-a556836\" data-id=\"a556836\" data-element_type=\"column\">\n\t\t\t<div class=\"elementor-widget-wrap elementor-element-populated\">\n\t\t\t\t\t\t<div class=\"elementor-element elementor-element-5d85084 elementor-widget elementor-widget-image\" data-id=\"5d85084\" data-element_type=\"widget\" data-widget_type=\"image.default\">\n\t\t\t\t<div class=\"elementor-widget-container\">\n\t\t\t\t\t\t\t\t\t\t\t\t<figure class=\"wp-caption\">\n\t\t\t\t\t\t\t\t\t\t<img loading=\"lazy\" decoding=\"async\" width=\"800\" height=\"688\" src=\"https:\/\/richeskarayib.com\/wp-content\/uploads\/2025\/12\/\u00a9Alfred-Desiree-UCV-8-1024x880.jpg\" class=\"attachment-large size-large wp-image-66964\" alt=\"Quadrille\" srcset=\"https:\/\/richeskarayib.com\/wp-content\/uploads\/2025\/12\/\u00a9Alfred-Desiree-UCV-8-1024x880.jpg 1024w, https:\/\/richeskarayib.com\/wp-content\/uploads\/2025\/12\/\u00a9Alfred-Desiree-UCV-8-300x258.jpg 300w, https:\/\/richeskarayib.com\/wp-content\/uploads\/2025\/12\/\u00a9Alfred-Desiree-UCV-8-768x660.jpg 768w, https:\/\/richeskarayib.com\/wp-content\/uploads\/2025\/12\/\u00a9Alfred-Desiree-UCV-8-1536x1320.jpg 1536w, https:\/\/richeskarayib.com\/wp-content\/uploads\/2025\/12\/\u00a9Alfred-Desiree-UCV-8-1320x1134.jpg 1320w, https:\/\/richeskarayib.com\/wp-content\/uploads\/2025\/12\/\u00a9Alfred-Desiree-UCV-8.jpg 2048w\" sizes=\"(max-width: 800px) 100vw, 800px\" \/>\t\t\t\t\t\t\t\t\t\t\t<figcaption class=\"widget-image-caption wp-caption-text\">\u00a9Alfred Desire\u0301e (UCV)<\/figcaption>\n\t\t\t\t\t\t\t\t\t\t<\/figure>\n\t\t\t\t\t\t\t\t\t<\/div>\n\t\t\t\t<\/div>\n\t\t\t\t\t<\/div>\n\t\t<\/div>\n\t\t\t\t\t<\/div>\n\t\t<\/section>\n\t\t\t\t\t<\/div>\n\t\t<\/div>\n\t\t\t\t\t<\/div>\n\t\t<\/section>\n\t\t\t\t<section class=\"elementor-section elementor-top-section elementor-element elementor-element-103aced elementor-section-boxed elementor-section-height-default elementor-section-height-default\" data-id=\"103aced\" data-element_type=\"section\">\n\t\t\t\t\t\t<div class=\"elementor-container elementor-column-gap-default\">\n\t\t\t\t\t<div class=\"elementor-column elementor-col-100 elementor-top-column elementor-element elementor-element-e34f9f4\" data-id=\"e34f9f4\" data-element_type=\"column\">\n\t\t\t<div class=\"elementor-widget-wrap elementor-element-populated\">\n\t\t\t\t\t\t<div class=\"elementor-element elementor-element-c643e86 elementor-widget elementor-widget-heading\" data-id=\"c643e86\" data-element_type=\"widget\" data-widget_type=\"heading.default\">\n\t\t\t\t<div class=\"elementor-widget-container\">\n\t\t\t\t\t<h2 class=\"elementor-heading-title elementor-size-default\">Vestuario y est\u00e9tica patrimonial<\/h2>\t\t\t\t<\/div>\n\t\t\t\t<\/div>\n\t\t\t\t<section class=\"elementor-section elementor-inner-section elementor-element elementor-element-c91fa0e elementor-section-boxed elementor-section-height-default elementor-section-height-default\" data-id=\"c91fa0e\" data-element_type=\"section\">\n\t\t\t\t\t\t<div class=\"elementor-container elementor-column-gap-default\">\n\t\t\t\t\t<div class=\"elementor-column elementor-col-50 elementor-inner-column elementor-element elementor-element-09f1308\" data-id=\"09f1308\" data-element_type=\"column\">\n\t\t\t<div class=\"elementor-widget-wrap elementor-element-populated\">\n\t\t\t\t\t\t<div class=\"elementor-element elementor-element-f783f1a elementor-widget elementor-widget-text-editor\" data-id=\"f783f1a\" data-element_type=\"widget\" data-widget_type=\"text-editor.default\">\n\t\t\t\t<div class=\"elementor-widget-container\">\n\t\t\t\t\t\t\t\t\t<p><span style=\"font-weight: 400;\">Los trajes asociados a esta tradici\u00f3n desempe\u00f1an un papel importante. Las mujeres llevan vestidos largos, a menudo con cuadros o motivos florales, acompa\u00f1ados de elaborados tocados. Los hombres llevan camisas claras, pantalones oscuros, a veces chalecos y sombreros.  <\/span><\/p><p><span style=\"font-weight: 400;\">Estos trajes no son meros adornos. Contribuyen a la legibilidad de las figuras, resaltan los movimientos y recuerdan las ra\u00edces hist\u00f3ricas de la danza en la sociedad antillana. <\/span><\/p>\t\t\t\t\t\t\t\t<\/div>\n\t\t\t\t<\/div>\n\t\t\t\t<div class=\"elementor-element elementor-element-0842855 elementor-widget elementor-widget-image\" data-id=\"0842855\" data-element_type=\"widget\" data-widget_type=\"image.default\">\n\t\t\t\t<div class=\"elementor-widget-container\">\n\t\t\t\t\t\t\t\t\t\t\t\t<figure class=\"wp-caption\">\n\t\t\t\t\t\t\t\t\t\t<img loading=\"lazy\" decoding=\"async\" width=\"800\" height=\"549\" src=\"https:\/\/richeskarayib.com\/wp-content\/uploads\/2025\/12\/\u00a9Alfred-Desiree-UCV-3-1024x703.jpg\" class=\"attachment-large size-large wp-image-66952\" alt=\"Quadrille\" srcset=\"https:\/\/richeskarayib.com\/wp-content\/uploads\/2025\/12\/\u00a9Alfred-Desiree-UCV-3-1024x703.jpg 1024w, https:\/\/richeskarayib.com\/wp-content\/uploads\/2025\/12\/\u00a9Alfred-Desiree-UCV-3-300x206.jpg 300w, https:\/\/richeskarayib.com\/wp-content\/uploads\/2025\/12\/\u00a9Alfred-Desiree-UCV-3-768x528.jpg 768w, https:\/\/richeskarayib.com\/wp-content\/uploads\/2025\/12\/\u00a9Alfred-Desiree-UCV-3-1536x1055.jpg 1536w, https:\/\/richeskarayib.com\/wp-content\/uploads\/2025\/12\/\u00a9Alfred-Desiree-UCV-3-1320x907.jpg 1320w, https:\/\/richeskarayib.com\/wp-content\/uploads\/2025\/12\/\u00a9Alfred-Desiree-UCV-3.jpg 1920w\" sizes=\"(max-width: 800px) 100vw, 800px\" \/>\t\t\t\t\t\t\t\t\t\t\t<figcaption class=\"widget-image-caption wp-caption-text\">\u00a9Alfred Desire\u0301e (UCV)<\/figcaption>\n\t\t\t\t\t\t\t\t\t\t<\/figure>\n\t\t\t\t\t\t\t\t\t<\/div>\n\t\t\t\t<\/div>\n\t\t\t\t\t<\/div>\n\t\t<\/div>\n\t\t\t\t<div class=\"elementor-column elementor-col-50 elementor-inner-column elementor-element elementor-element-13c3cf7\" data-id=\"13c3cf7\" data-element_type=\"column\">\n\t\t\t<div class=\"elementor-widget-wrap elementor-element-populated\">\n\t\t\t\t\t\t<div class=\"elementor-element elementor-element-3921329 elementor-widget elementor-widget-image\" data-id=\"3921329\" data-element_type=\"widget\" data-widget_type=\"image.default\">\n\t\t\t\t<div class=\"elementor-widget-container\">\n\t\t\t\t\t\t\t\t\t\t\t\t<figure class=\"wp-caption\">\n\t\t\t\t\t\t\t\t\t\t<img loading=\"lazy\" decoding=\"async\" width=\"768\" height=\"1024\" src=\"https:\/\/richeskarayib.com\/wp-content\/uploads\/2025\/12\/\u00a9Alfred-Desiree-UCV-768x1024.jpg\" class=\"attachment-large size-large wp-image-66972\" alt=\"Quadrille\" srcset=\"https:\/\/richeskarayib.com\/wp-content\/uploads\/2025\/12\/\u00a9Alfred-Desiree-UCV-768x1024.jpg 768w, https:\/\/richeskarayib.com\/wp-content\/uploads\/2025\/12\/\u00a9Alfred-Desiree-UCV-225x300.jpg 225w, https:\/\/richeskarayib.com\/wp-content\/uploads\/2025\/12\/\u00a9Alfred-Desiree-UCV-1152x1536.jpg 1152w, https:\/\/richeskarayib.com\/wp-content\/uploads\/2025\/12\/\u00a9Alfred-Desiree-UCV.jpg 1200w\" sizes=\"(max-width: 768px) 100vw, 768px\" \/>\t\t\t\t\t\t\t\t\t\t\t<figcaption class=\"widget-image-caption wp-caption-text\">\u00a9Alfred Desire\u0301e (UCV)<\/figcaption>\n\t\t\t\t\t\t\t\t\t\t<\/figure>\n\t\t\t\t\t\t\t\t\t<\/div>\n\t\t\t\t<\/div>\n\t\t\t\t\t<\/div>\n\t\t<\/div>\n\t\t\t\t\t<\/div>\n\t\t<\/section>\n\t\t\t\t\t<\/div>\n\t\t<\/div>\n\t\t\t\t\t<\/div>\n\t\t<\/section>\n\t\t\t\t<section class=\"elementor-section elementor-top-section elementor-element elementor-element-23ed11f elementor-section-boxed elementor-section-height-default elementor-section-height-default\" data-id=\"23ed11f\" data-element_type=\"section\">\n\t\t\t\t\t\t<div class=\"elementor-container elementor-column-gap-default\">\n\t\t\t\t\t<div class=\"elementor-column elementor-col-100 elementor-top-column elementor-element elementor-element-9e160dd\" data-id=\"9e160dd\" data-element_type=\"column\">\n\t\t\t<div class=\"elementor-widget-wrap elementor-element-populated\">\n\t\t\t\t\t\t<div class=\"elementor-element elementor-element-7ab3718 elementor-widget elementor-widget-heading\" data-id=\"7ab3718\" data-element_type=\"widget\" data-widget_type=\"heading.default\">\n\t\t\t\t<div class=\"elementor-widget-container\">\n\t\t\t\t\t<h2 class=\"elementor-heading-title elementor-size-default\">Una tradici\u00f3n viva\n<\/h2>\t\t\t\t<\/div>\n\t\t\t\t<\/div>\n\t\t\t\t<div class=\"elementor-element elementor-element-0bbe05d elementor-widget elementor-widget-text-editor\" data-id=\"0bbe05d\" data-element_type=\"widget\" data-widget_type=\"text-editor.default\">\n\t\t\t\t<div class=\"elementor-widget-container\">\n\t\t\t\t\t\t\t\t\t<p><span style=\"font-weight: 400;\">En la actualidad, la <\/span><b>Cuadrilla<\/b><span style=\"font-weight: 400;\">  sigue siendo una pr\u00e1ctica activa en Guadalupe y Martinica. Las asociaciones culturales y los grupos folcl\u00f3ricos garantizan su transmisi\u00f3n, sobre todo a las generaciones m\u00e1s j\u00f3venes. Se presenta en manifestaciones patrimoniales, festivales y eventos culturales, contribuyendo a promover el patrimonio inmaterial.  <\/span><\/p><p><span style=\"font-weight: 400;\">Esta continuidad atestigua su capacidad para atravesar el tiempo sin perder su significado. La danza sigue siendo un vector de memoria, pero tambi\u00e9n un espacio de di\u00e1logo entre el pasado y el presente. <\/span><\/p>\t\t\t\t\t\t\t\t<\/div>\n\t\t\t\t<\/div>\n\t\t\t\t\t<\/div>\n\t\t<\/div>\n\t\t\t\t\t<\/div>\n\t\t<\/section>\n\t\t\t\t<section class=\"elementor-section elementor-top-section elementor-element elementor-element-c9d5708 elementor-section-boxed elementor-section-height-default elementor-section-height-default\" data-id=\"c9d5708\" data-element_type=\"section\">\n\t\t\t\t\t\t<div class=\"elementor-container elementor-column-gap-default\">\n\t\t\t\t\t<div class=\"elementor-column elementor-col-100 elementor-top-column elementor-element elementor-element-f856576\" data-id=\"f856576\" data-element_type=\"column\">\n\t\t\t<div class=\"elementor-widget-wrap elementor-element-populated\">\n\t\t\t\t\t\t<section class=\"elementor-section elementor-inner-section elementor-element elementor-element-c731c95 elementor-section-boxed elementor-section-height-default elementor-section-height-default\" data-id=\"c731c95\" data-element_type=\"section\">\n\t\t\t\t\t\t<div class=\"elementor-container elementor-column-gap-default\">\n\t\t\t\t\t<div class=\"elementor-column elementor-col-100 elementor-inner-column elementor-element elementor-element-1841fe0\" data-id=\"1841fe0\" data-element_type=\"column\">\n\t\t\t<div class=\"elementor-widget-wrap elementor-element-populated\">\n\t\t\t\t\t\t<div class=\"elementor-element elementor-element-9c42147 elementor-widget elementor-widget-heading\" data-id=\"9c42147\" data-element_type=\"widget\" data-widget_type=\"heading.default\">\n\t\t\t\t<div class=\"elementor-widget-container\">\n\t\t\t\t\t<h2 class=\"elementor-heading-title elementor-size-default\">PREGUNTAS FRECUENTES<\/h2>\t\t\t\t<\/div>\n\t\t\t\t<\/div>\n\t\t\t\t<div class=\"elementor-element elementor-element-1666ae5 elementor-widget elementor-widget-accordion\" data-id=\"1666ae5\" data-element_type=\"widget\" data-widget_type=\"accordion.default\">\n\t\t\t\t<div class=\"elementor-widget-container\">\n\t\t\t\t\t\t\t<div class=\"elementor-accordion\">\n\t\t\t\t\t\t\t<div class=\"elementor-accordion-item\">\n\t\t\t\t\t<div id=\"elementor-tab-title-2341\" class=\"elementor-tab-title\" data-tab=\"1\" role=\"button\" aria-controls=\"elementor-tab-content-2341\" aria-expanded=\"false\">\n\t\t\t\t\t\t\t\t\t\t\t\t\t<span class=\"elementor-accordion-icon elementor-accordion-icon-left\" aria-hidden=\"true\">\n\t\t\t\t\t\t\t\t\t\t\t\t\t\t\t<span class=\"elementor-accordion-icon-closed\"><i class=\"fas fa-plus\"><\/i><\/span>\n\t\t\t\t\t\t\t\t<span class=\"elementor-accordion-icon-opened\"><i class=\"fas fa-minus\"><\/i><\/span>\n\t\t\t\t\t\t\t\t\t\t\t\t\t\t<\/span>\n\t\t\t\t\t\t\t\t\t\t\t\t<a class=\"elementor-accordion-title\" tabindex=\"0\">\u00bfQu\u00e9 es la Cuadrilla en las Antillas?<\/a>\n\t\t\t\t\t<\/div>\n\t\t\t\t\t<div id=\"elementor-tab-content-2341\" class=\"elementor-tab-content elementor-clearfix\" data-tab=\"1\" role=\"region\" aria-labelledby=\"elementor-tab-title-2341\"><p><span style=\"font-weight: 400;\">Se trata de una danza tradicional originaria de los salones europeos, pero que las sociedades antillanas han transformado en una pr\u00e1ctica colectiva arraigada en la cultura criolla y la vida comunitaria.<\/span><\/p>\n<\/div>\n\t\t\t\t<\/div>\n\t\t\t\t\t\t\t<div class=\"elementor-accordion-item\">\n\t\t\t\t\t<div id=\"elementor-tab-title-2342\" class=\"elementor-tab-title\" data-tab=\"2\" role=\"button\" aria-controls=\"elementor-tab-content-2342\" aria-expanded=\"false\">\n\t\t\t\t\t\t\t\t\t\t\t\t\t<span class=\"elementor-accordion-icon elementor-accordion-icon-left\" aria-hidden=\"true\">\n\t\t\t\t\t\t\t\t\t\t\t\t\t\t\t<span class=\"elementor-accordion-icon-closed\"><i class=\"fas fa-plus\"><\/i><\/span>\n\t\t\t\t\t\t\t\t<span class=\"elementor-accordion-icon-opened\"><i class=\"fas fa-minus\"><\/i><\/span>\n\t\t\t\t\t\t\t\t\t\t\t\t\t\t<\/span>\n\t\t\t\t\t\t\t\t\t\t\t\t<a class=\"elementor-accordion-title\" tabindex=\"0\">\u00bfC\u00f3mo funciona una Cuadrilla?<\/a>\n\t\t\t\t\t<\/div>\n\t\t\t\t\t<div id=\"elementor-tab-content-2342\" class=\"elementor-tab-content elementor-clearfix\" data-tab=\"2\" role=\"region\" aria-labelledby=\"elementor-tab-title-2342\"><p><span style=\"font-weight: 400;\">La danza se practica en grupo, generalmente por cuatro parejas, bajo la direcci\u00f3n de un comandante que anuncia las figuras en voz alta. La coordinaci\u00f3n, la escucha y la memoria desempe\u00f1an un papel fundamental. <\/span><\/p>\n<\/div>\n\t\t\t\t<\/div>\n\t\t\t\t\t\t\t<div class=\"elementor-accordion-item\">\n\t\t\t\t\t<div id=\"elementor-tab-title-2343\" class=\"elementor-tab-title\" data-tab=\"3\" role=\"button\" aria-controls=\"elementor-tab-content-2343\" aria-expanded=\"false\">\n\t\t\t\t\t\t\t\t\t\t\t\t\t<span class=\"elementor-accordion-icon elementor-accordion-icon-left\" aria-hidden=\"true\">\n\t\t\t\t\t\t\t\t\t\t\t\t\t\t\t<span class=\"elementor-accordion-icon-closed\"><i class=\"fas fa-plus\"><\/i><\/span>\n\t\t\t\t\t\t\t\t<span class=\"elementor-accordion-icon-opened\"><i class=\"fas fa-minus\"><\/i><\/span>\n\t\t\t\t\t\t\t\t\t\t\t\t\t\t<\/span>\n\t\t\t\t\t\t\t\t\t\t\t\t<a class=\"elementor-accordion-title\" tabindex=\"0\">\u00bfPor qu\u00e9 se considera que la Cuadrilla forma parte de nuestro patrimonio cultural?<\/a>\n\t\t\t\t\t<\/div>\n\t\t\t\t\t<div id=\"elementor-tab-content-2343\" class=\"elementor-tab-content elementor-clearfix\" data-tab=\"3\" role=\"region\" aria-labelledby=\"elementor-tab-title-2343\"><p><span style=\"font-weight: 400;\">Porque transmite una historia colectiva, combinando m\u00fasica, danza y tradici\u00f3n oral, y porque sigue practic\u00e1ndose y ense\u00f1\u00e1ndose como parte esencial de la identidad cultural antillana.<\/span><\/p>\n<\/div>\n\t\t\t\t<\/div>\n\t\t\t\t\t\t\t\t<\/div>\n\t\t\t\t\t\t<\/div>\n\t\t\t\t<\/div>\n\t\t\t\t\t<\/div>\n\t\t<\/div>\n\t\t\t\t\t<\/div>\n\t\t<\/section>\n\t\t\t\t\t<\/div>\n\t\t<\/div>\n\t\t\t\t\t<\/div>\n\t\t<\/section>\n\t\t\t\t<\/div>\n\t\t","protected":false},"excerpt":{"rendered":"<p>En las Antillas francesas, la Cuadrilla es algo m\u00e1s que una danza tradicional. Es un fuerte marcador cultural, un espacio de transmisi\u00f3n y un testimonio vivo de la historia social de los territorios caribe\u00f1os. Practicado desde hace m\u00e1s de un siglo en Guadalupe y Martinica, este arte coreogr\u00e1fico ilustra la capacidad de las sociedades antillanas [&hellip;]<\/p>\n","protected":false},"author":662,"featured_media":66944,"comment_status":"open","ping_status":"open","sticky":false,"template":"","format":"standard","meta":{"_acf_changed":false,"footnotes":""},"categories":[1469],"tags":[1547,816],"class_list":["post-66974","post","type-post","status-publish","format-standard","has-post-thumbnail","hentry","category-historia-patrimonio","tag-guadalupe","tag-martinique-es"],"acf":[],"_links":{"self":[{"href":"https:\/\/richeskarayib.com\/es\/wp-json\/wp\/v2\/posts\/66974","targetHints":{"allow":["GET"]}}],"collection":[{"href":"https:\/\/richeskarayib.com\/es\/wp-json\/wp\/v2\/posts"}],"about":[{"href":"https:\/\/richeskarayib.com\/es\/wp-json\/wp\/v2\/types\/post"}],"author":[{"embeddable":true,"href":"https:\/\/richeskarayib.com\/es\/wp-json\/wp\/v2\/users\/662"}],"replies":[{"embeddable":true,"href":"https:\/\/richeskarayib.com\/es\/wp-json\/wp\/v2\/comments?post=66974"}],"version-history":[{"count":0,"href":"https:\/\/richeskarayib.com\/es\/wp-json\/wp\/v2\/posts\/66974\/revisions"}],"wp:featuredmedia":[{"embeddable":true,"href":"https:\/\/richeskarayib.com\/es\/wp-json\/wp\/v2\/media\/66944"}],"wp:attachment":[{"href":"https:\/\/richeskarayib.com\/es\/wp-json\/wp\/v2\/media?parent=66974"}],"wp:term":[{"taxonomy":"category","embeddable":true,"href":"https:\/\/richeskarayib.com\/es\/wp-json\/wp\/v2\/categories?post=66974"},{"taxonomy":"post_tag","embeddable":true,"href":"https:\/\/richeskarayib.com\/es\/wp-json\/wp\/v2\/tags?post=66974"}],"curies":[{"name":"wp","href":"https:\/\/api.w.org\/{rel}","templated":true}]}}