{"id":67596,"date":"2025-12-30T14:08:10","date_gmt":"2025-12-30T18:08:10","guid":{"rendered":"https:\/\/richeskarayib.com\/conoce-a-las-personas-que-dan-vida-a-las-alianzas-francesas-del-caribe\/"},"modified":"2026-01-09T22:28:37","modified_gmt":"2026-01-10T02:28:37","slug":"conoce-a-las-personas-que-dan-vida-a-las-alianzas-francesas-del-caribe","status":"publish","type":"post","link":"https:\/\/richeskarayib.com\/es\/conoce-a-las-personas-que-dan-vida-a-las-alianzas-francesas-del-caribe\/","title":{"rendered":"Conoce a las personas que dan vida a las Alianzas Francesas del Caribe"},"content":{"rendered":"\t\t<div data-elementor-type=\"wp-post\" data-elementor-id=\"67596\" class=\"elementor elementor-67596 elementor-67514\" data-elementor-post-type=\"post\">\n\t\t\t\t\t\t<section class=\"elementor-section elementor-top-section elementor-element elementor-element-7ca7ca1 elementor-section-boxed elementor-section-height-default elementor-section-height-default\" data-id=\"7ca7ca1\" data-element_type=\"section\">\n\t\t\t\t\t\t<div class=\"elementor-container elementor-column-gap-default\">\n\t\t\t\t\t<div class=\"elementor-column elementor-col-100 elementor-top-column elementor-element elementor-element-cbdd002\" data-id=\"cbdd002\" data-element_type=\"column\">\n\t\t\t<div class=\"elementor-widget-wrap elementor-element-populated\">\n\t\t\t\t\t\t<section class=\"elementor-section elementor-inner-section elementor-element elementor-element-bc94849 elementor-section-boxed elementor-section-height-default elementor-section-height-default\" data-id=\"bc94849\" data-element_type=\"section\">\n\t\t\t\t\t\t<div class=\"elementor-container elementor-column-gap-default\">\n\t\t\t\t\t\t<\/div>\n\t\t<\/section>\n\t\t\t\t<section class=\"elementor-section elementor-inner-section elementor-element elementor-element-61571e6 elementor-section-boxed elementor-section-height-default elementor-section-height-default\" data-id=\"61571e6\" data-element_type=\"section\">\n\t\t\t\t\t\t<div class=\"elementor-container elementor-column-gap-default\">\n\t\t\t\t\t\t<\/div>\n\t\t<\/section>\n\t\t\t\t<section class=\"elementor-section elementor-inner-section elementor-element elementor-element-b6262e0 elementor-section-boxed elementor-section-height-default elementor-section-height-default\" data-id=\"b6262e0\" data-element_type=\"section\">\n\t\t\t\t\t\t<div class=\"elementor-container elementor-column-gap-default\">\n\t\t\t\t\t\t<\/div>\n\t\t<\/section>\n\t\t\t\t<section class=\"elementor-section elementor-inner-section elementor-element elementor-element-cca29fd elementor-section-boxed elementor-section-height-default elementor-section-height-default\" data-id=\"cca29fd\" data-element_type=\"section\">\n\t\t\t\t\t\t<div class=\"elementor-container elementor-column-gap-default\">\n\t\t\t\t\t\t<\/div>\n\t\t<\/section>\n\t\t\t\t\t<\/div>\n\t\t<\/div>\n\t\t\t\t\t<\/div>\n\t\t<\/section>\n\t\t\t\t<section class=\"elementor-section elementor-top-section elementor-element elementor-element-a6d4222 elementor-section-boxed elementor-section-height-default elementor-section-height-default\" data-id=\"a6d4222\" data-element_type=\"section\">\n\t\t\t\t\t\t<div class=\"elementor-container elementor-column-gap-default\">\n\t\t\t\t\t<div class=\"elementor-column elementor-col-100 elementor-top-column elementor-element elementor-element-ea27f09\" data-id=\"ea27f09\" data-element_type=\"column\">\n\t\t\t<div class=\"elementor-widget-wrap elementor-element-populated\">\n\t\t\t\t\t\t<div class=\"elementor-element elementor-element-0245cc6 elementor-widget elementor-widget-text-editor\" data-id=\"0245cc6\" data-element_type=\"widget\" data-widget_type=\"text-editor.default\">\n\t\t\t\t<div class=\"elementor-widget-container\">\n\t\t\t\t\t\t\t\t\t<p><span style=\"font-weight: 400;\">El seminario R\u00e9zo 2025, celebrado en Granada, reuni\u00f3 a los directores de las <a href=\"https:\/\/afcaraibe.org\/\" target=\"_blank\" rel=\"noopener nofollow\">Alianzas Francesas del Caribe<\/a> angl\u00f3fono para compartir una ambici\u00f3n com\u00fan: consolidar los v\u00ednculos entre los territorios y reforzar la vitalidad de la francofon\u00eda en la regi\u00f3n.<\/span><\/p><p><span style=\"font-weight: 400;\">Tras explorar la visi\u00f3n institucional y estrat\u00e9gica de esta cooperaci\u00f3n regional en el art\u00edculo anterior, &#8220;La red de Alianzas Francesas en el coraz\u00f3n del Caribe: cooperar, innovar, compartir&#8221;, Rich\u00e8s Karayib centra aqu\u00ed la atenci\u00f3n en quienes est\u00e1n en su coraz\u00f3n palpitante.<\/span><\/p><p><span style=\"font-weight: 400;\">Durante varios d\u00edas, los participantes compartieron sus experiencias, sus retos y sus \u00e9xitos, revelando una convicci\u00f3n com\u00fan: acercar la cultura y la francofon\u00eda a los pueblos del Caribe a trav\u00e9s de las Alianzas Francesas.<\/span><\/p>\t\t\t\t\t\t\t\t<\/div>\n\t\t\t\t<\/div>\n\t\t\t\t<section class=\"elementor-section elementor-inner-section elementor-element elementor-element-45a127d elementor-section-boxed elementor-section-height-default elementor-section-height-default\" data-id=\"45a127d\" data-element_type=\"section\">\n\t\t\t\t\t\t<div class=\"elementor-container elementor-column-gap-default\">\n\t\t\t\t\t<div class=\"elementor-column elementor-col-50 elementor-inner-column elementor-element elementor-element-4c8fd40\" data-id=\"4c8fd40\" data-element_type=\"column\">\n\t\t\t<div class=\"elementor-widget-wrap elementor-element-populated\">\n\t\t\t\t\t\t<div class=\"elementor-element elementor-element-3dd15ab elementor-widget elementor-widget-image\" data-id=\"3dd15ab\" data-element_type=\"widget\" data-widget_type=\"image.default\">\n\t\t\t\t<div class=\"elementor-widget-container\">\n\t\t\t\t\t\t\t\t\t\t\t\t\t\t\t<img fetchpriority=\"high\" decoding=\"async\" width=\"800\" height=\"370\" src=\"https:\/\/richeskarayib.com\/wp-content\/uploads\/2025\/12\/20251008_111835-1024x473.jpg\" class=\"attachment-large size-large wp-image-67522\" alt=\"Alliances Fran\u00e7aises\" srcset=\"https:\/\/richeskarayib.com\/wp-content\/uploads\/2025\/12\/20251008_111835-1024x473.jpg 1024w, https:\/\/richeskarayib.com\/wp-content\/uploads\/2025\/12\/20251008_111835-300x139.jpg 300w, https:\/\/richeskarayib.com\/wp-content\/uploads\/2025\/12\/20251008_111835-768x355.jpg 768w, https:\/\/richeskarayib.com\/wp-content\/uploads\/2025\/12\/20251008_111835-1536x710.jpg 1536w, https:\/\/richeskarayib.com\/wp-content\/uploads\/2025\/12\/20251008_111835-1320x610.jpg 1320w, https:\/\/richeskarayib.com\/wp-content\/uploads\/2025\/12\/20251008_111835.jpg 1920w\" sizes=\"(max-width: 800px) 100vw, 800px\" \/>\t\t\t\t\t\t\t\t\t\t\t\t\t\t\t<\/div>\n\t\t\t\t<\/div>\n\t\t\t\t\t<\/div>\n\t\t<\/div>\n\t\t\t\t<div class=\"elementor-column elementor-col-50 elementor-inner-column elementor-element elementor-element-5a02f2b\" data-id=\"5a02f2b\" data-element_type=\"column\">\n\t\t\t<div class=\"elementor-widget-wrap elementor-element-populated\">\n\t\t\t\t\t\t<div class=\"elementor-element elementor-element-8ff33d7 elementor-widget elementor-widget-image\" data-id=\"8ff33d7\" data-element_type=\"widget\" data-widget_type=\"image.default\">\n\t\t\t\t<div class=\"elementor-widget-container\">\n\t\t\t\t\t\t\t\t\t\t\t\t\t\t\t<img decoding=\"async\" width=\"800\" height=\"370\" src=\"https:\/\/richeskarayib.com\/wp-content\/uploads\/2025\/12\/20251008_112415-1024x473.jpg\" class=\"attachment-large size-large wp-image-67526\" alt=\"Alliances Fran\u00e7aises\" srcset=\"https:\/\/richeskarayib.com\/wp-content\/uploads\/2025\/12\/20251008_112415-1024x473.jpg 1024w, https:\/\/richeskarayib.com\/wp-content\/uploads\/2025\/12\/20251008_112415-300x139.jpg 300w, https:\/\/richeskarayib.com\/wp-content\/uploads\/2025\/12\/20251008_112415-768x355.jpg 768w, https:\/\/richeskarayib.com\/wp-content\/uploads\/2025\/12\/20251008_112415-1536x710.jpg 1536w, https:\/\/richeskarayib.com\/wp-content\/uploads\/2025\/12\/20251008_112415-1320x610.jpg 1320w, https:\/\/richeskarayib.com\/wp-content\/uploads\/2025\/12\/20251008_112415.jpg 1920w\" sizes=\"(max-width: 800px) 100vw, 800px\" \/>\t\t\t\t\t\t\t\t\t\t\t\t\t\t\t<\/div>\n\t\t\t\t<\/div>\n\t\t\t\t\t<\/div>\n\t\t<\/div>\n\t\t\t\t\t<\/div>\n\t\t<\/section>\n\t\t\t\t\t<\/div>\n\t\t<\/div>\n\t\t\t\t\t<\/div>\n\t\t<\/section>\n\t\t\t\t<section class=\"elementor-section elementor-top-section elementor-element elementor-element-e1fea79 elementor-section-boxed elementor-section-height-default elementor-section-height-default\" data-id=\"e1fea79\" data-element_type=\"section\">\n\t\t\t\t\t\t<div class=\"elementor-container elementor-column-gap-default\">\n\t\t\t\t\t<div class=\"elementor-column elementor-col-100 elementor-top-column elementor-element elementor-element-6d0be76\" data-id=\"6d0be76\" data-element_type=\"column\">\n\t\t\t<div class=\"elementor-widget-wrap elementor-element-populated\">\n\t\t\t\t\t\t<div class=\"elementor-element elementor-element-a310b25 elementor-widget elementor-widget-heading\" data-id=\"a310b25\" data-element_type=\"widget\" data-widget_type=\"heading.default\">\n\t\t\t\t<div class=\"elementor-widget-container\">\n\t\t\t\t\t<h2 class=\"elementor-heading-title elementor-size-default\">Una reuni\u00f3n esencial para una red fragmentada<\/h2>\t\t\t\t<\/div>\n\t\t\t\t<\/div>\n\t\t\t\t<div class=\"elementor-element elementor-element-bbb62ae elementor-widget elementor-widget-text-editor\" data-id=\"bbb62ae\" data-element_type=\"widget\" data-widget_type=\"text-editor.default\">\n\t\t\t\t<div class=\"elementor-widget-container\">\n\t\t\t\t\t\t\t\t\t<p><span style=\"font-weight: 400;\">Cada Alianza Francesa opera en una isla, a menudo aislada geogr\u00e1ficamente. Este seminario, organizado con el apoyo del Service de Coop\u00e9ration et d&#8217;Action Culturelle (SCAC) de la Embajada de Francia en Santa Luc\u00eda, fue un verdadero soplo de aire fresco para la red de <a href=\"https:\/\/richeskarayib.com\/es\/?p=63400\" target=\"_blank\" rel=\"noopener\">Alianzas<\/a> Francesas.   <\/span><span style=\"font-weight: 400;\">Los directores subrayaron que estas reuniones son un paso esencial en el proceso: brindan la oportunidad de intercambiar herramientas, comparar realidades locales y trabajar juntos para encontrar soluciones pr\u00e1cticas a retos compartidos.  <\/span><span style=\"font-weight: 400;\">Todos destacaron la fuerza del colectivo, la riqueza de los intercambios en un entorno angl\u00f3fono y la complementariedad de los enfoques entre territorios.<\/span><\/p>\t\t\t\t\t\t\t\t<\/div>\n\t\t\t\t<\/div>\n\t\t\t\t<div class=\"elementor-element elementor-element-56c2df3 elementor-widget elementor-widget-text-editor\" data-id=\"56c2df3\" data-element_type=\"widget\" data-widget_type=\"text-editor.default\">\n\t\t\t\t<div class=\"elementor-widget-container\">\n\t\t\t\t\t\t\t\t\t<p><span style=\"font-weight: 400;\">Estos momentos ofrecen una dimensi\u00f3n tanto humana como formativa: reenergizan, refuerzan la solidaridad y nos recuerdan que, a pesar de la diversidad de contextos, las Alianzas Francesas avanzan con la misma ambici\u00f3n: hacer que la francofon\u00eda viva y brille en el Caribe.  <\/span><span style=\"font-weight: 400;\">Desde el punto de vista institucional, Christiane Bourgeois, Consejera de Cooperaci\u00f3n y Acci\u00f3n Cultural, se\u00f1al\u00f3 que este seminario anual es el \u00fanico momento en que todos los directores pueden reunirse para hablar de \u00e9xitos, dificultades y perspectivas comunes.<\/span><\/p>\t\t\t\t\t\t\t\t<\/div>\n\t\t\t\t<\/div>\n\t\t\t\t<section class=\"elementor-section elementor-inner-section elementor-element elementor-element-b5a0904 elementor-section-boxed elementor-section-height-default elementor-section-height-default\" data-id=\"b5a0904\" data-element_type=\"section\">\n\t\t\t\t\t\t<div class=\"elementor-container elementor-column-gap-default\">\n\t\t\t\t\t<div class=\"elementor-column elementor-col-50 elementor-inner-column elementor-element elementor-element-06488fe\" data-id=\"06488fe\" data-element_type=\"column\">\n\t\t\t<div class=\"elementor-widget-wrap elementor-element-populated\">\n\t\t\t\t\t\t<div class=\"elementor-element elementor-element-b320d86 elementor-widget elementor-widget-image\" data-id=\"b320d86\" data-element_type=\"widget\" data-widget_type=\"image.default\">\n\t\t\t\t<div class=\"elementor-widget-container\">\n\t\t\t\t\t\t\t\t\t\t\t\t\t\t\t<img decoding=\"async\" width=\"800\" height=\"370\" src=\"https:\/\/richeskarayib.com\/wp-content\/uploads\/2025\/12\/20251008_200454-1024x473.jpg\" class=\"attachment-large size-large wp-image-67530\" alt=\"Alliances Fran\u00e7aises\" srcset=\"https:\/\/richeskarayib.com\/wp-content\/uploads\/2025\/12\/20251008_200454-1024x473.jpg 1024w, https:\/\/richeskarayib.com\/wp-content\/uploads\/2025\/12\/20251008_200454-300x139.jpg 300w, https:\/\/richeskarayib.com\/wp-content\/uploads\/2025\/12\/20251008_200454-768x355.jpg 768w, https:\/\/richeskarayib.com\/wp-content\/uploads\/2025\/12\/20251008_200454-1536x710.jpg 1536w, https:\/\/richeskarayib.com\/wp-content\/uploads\/2025\/12\/20251008_200454-1320x610.jpg 1320w, https:\/\/richeskarayib.com\/wp-content\/uploads\/2025\/12\/20251008_200454.jpg 1920w\" sizes=\"(max-width: 800px) 100vw, 800px\" \/>\t\t\t\t\t\t\t\t\t\t\t\t\t\t\t<\/div>\n\t\t\t\t<\/div>\n\t\t\t\t\t<\/div>\n\t\t<\/div>\n\t\t\t\t<div class=\"elementor-column elementor-col-50 elementor-inner-column elementor-element elementor-element-4cf1e60\" data-id=\"4cf1e60\" data-element_type=\"column\">\n\t\t\t<div class=\"elementor-widget-wrap elementor-element-populated\">\n\t\t\t\t\t\t<div class=\"elementor-element elementor-element-7e01351 elementor-widget elementor-widget-image\" data-id=\"7e01351\" data-element_type=\"widget\" data-widget_type=\"image.default\">\n\t\t\t\t<div class=\"elementor-widget-container\">\n\t\t\t\t\t\t\t\t\t\t\t\t\t\t\t<img loading=\"lazy\" decoding=\"async\" width=\"800\" height=\"370\" src=\"https:\/\/richeskarayib.com\/wp-content\/uploads\/2025\/12\/20251008_202023-1024x473.jpg\" class=\"attachment-large size-large wp-image-67534\" alt=\"Alliances Fran\u00e7aises\" srcset=\"https:\/\/richeskarayib.com\/wp-content\/uploads\/2025\/12\/20251008_202023-1024x473.jpg 1024w, https:\/\/richeskarayib.com\/wp-content\/uploads\/2025\/12\/20251008_202023-300x139.jpg 300w, https:\/\/richeskarayib.com\/wp-content\/uploads\/2025\/12\/20251008_202023-768x355.jpg 768w, https:\/\/richeskarayib.com\/wp-content\/uploads\/2025\/12\/20251008_202023-1536x710.jpg 1536w, https:\/\/richeskarayib.com\/wp-content\/uploads\/2025\/12\/20251008_202023-1320x610.jpg 1320w, https:\/\/richeskarayib.com\/wp-content\/uploads\/2025\/12\/20251008_202023.jpg 1920w\" sizes=\"(max-width: 800px) 100vw, 800px\" \/>\t\t\t\t\t\t\t\t\t\t\t\t\t\t\t<\/div>\n\t\t\t\t<\/div>\n\t\t\t\t\t<\/div>\n\t\t<\/div>\n\t\t\t\t\t<\/div>\n\t\t<\/section>\n\t\t\t\t<div class=\"elementor-element elementor-element-d4801c0 elementor-widget elementor-widget-text-editor\" data-id=\"d4801c0\" data-element_type=\"widget\" data-widget_type=\"text-editor.default\">\n\t\t\t\t<div class=\"elementor-widget-container\">\n\t\t\t\t\t\t\t\t\t<p><span style=\"font-weight: 400;\">Nueve territorios, nueve realidades, pero la misma convicci\u00f3n: estas reuniones son esenciales para mantener el impulso de la red y reforzar la cooperaci\u00f3n en el Caribe.  <\/span><span style=\"font-weight: 400;\">M\u00e1s all\u00e1 de estos intercambios colectivos, es sobre el terreno donde la vitalidad de la red de Alianzas Francesas adquiere todo su sentido. Cada Alianza Francesa act\u00faa a su manera, en funci\u00f3n de las realidades de su entorno y de las lenguas y culturas de su territorio. <\/span><\/p>\t\t\t\t\t\t\t\t<\/div>\n\t\t\t\t<\/div>\n\t\t\t\t<section class=\"elementor-section elementor-inner-section elementor-element elementor-element-93356e2 elementor-section-boxed elementor-section-height-default elementor-section-height-default\" data-id=\"93356e2\" data-element_type=\"section\">\n\t\t\t\t\t\t<div class=\"elementor-container elementor-column-gap-default\">\n\t\t\t\t\t<div class=\"elementor-column elementor-col-50 elementor-inner-column elementor-element elementor-element-3c6f551\" data-id=\"3c6f551\" data-element_type=\"column\">\n\t\t\t<div class=\"elementor-widget-wrap elementor-element-populated\">\n\t\t\t\t\t\t<div class=\"elementor-element elementor-element-8bcd894 elementor-widget elementor-widget-image\" data-id=\"8bcd894\" data-element_type=\"widget\" data-widget_type=\"image.default\">\n\t\t\t\t<div class=\"elementor-widget-container\">\n\t\t\t\t\t\t\t\t\t\t\t\t\t\t\t<img loading=\"lazy\" decoding=\"async\" width=\"800\" height=\"370\" src=\"https:\/\/richeskarayib.com\/wp-content\/uploads\/2025\/12\/20251008_111932-1024x473.jpg\" class=\"attachment-large size-large wp-image-67542\" alt=\"Alliances Fran\u00e7aises\" srcset=\"https:\/\/richeskarayib.com\/wp-content\/uploads\/2025\/12\/20251008_111932-1024x473.jpg 1024w, https:\/\/richeskarayib.com\/wp-content\/uploads\/2025\/12\/20251008_111932-300x139.jpg 300w, https:\/\/richeskarayib.com\/wp-content\/uploads\/2025\/12\/20251008_111932-768x355.jpg 768w, https:\/\/richeskarayib.com\/wp-content\/uploads\/2025\/12\/20251008_111932-1536x710.jpg 1536w, https:\/\/richeskarayib.com\/wp-content\/uploads\/2025\/12\/20251008_111932-1320x610.jpg 1320w, https:\/\/richeskarayib.com\/wp-content\/uploads\/2025\/12\/20251008_111932.jpg 1920w\" sizes=\"(max-width: 800px) 100vw, 800px\" \/>\t\t\t\t\t\t\t\t\t\t\t\t\t\t\t<\/div>\n\t\t\t\t<\/div>\n\t\t\t\t\t<\/div>\n\t\t<\/div>\n\t\t\t\t<div class=\"elementor-column elementor-col-50 elementor-inner-column elementor-element elementor-element-10ecfe2\" data-id=\"10ecfe2\" data-element_type=\"column\">\n\t\t\t<div class=\"elementor-widget-wrap elementor-element-populated\">\n\t\t\t\t\t\t<div class=\"elementor-element elementor-element-1bddccf elementor-widget elementor-widget-image\" data-id=\"1bddccf\" data-element_type=\"widget\" data-widget_type=\"image.default\">\n\t\t\t\t<div class=\"elementor-widget-container\">\n\t\t\t\t\t\t\t\t\t\t\t\t\t\t\t<img loading=\"lazy\" decoding=\"async\" width=\"800\" height=\"370\" src=\"https:\/\/richeskarayib.com\/wp-content\/uploads\/2025\/12\/20251008_103633-1024x473.jpg\" class=\"attachment-large size-large wp-image-67538\" alt=\"Alliances Fran\u00e7aises\" srcset=\"https:\/\/richeskarayib.com\/wp-content\/uploads\/2025\/12\/20251008_103633-1024x473.jpg 1024w, https:\/\/richeskarayib.com\/wp-content\/uploads\/2025\/12\/20251008_103633-300x139.jpg 300w, https:\/\/richeskarayib.com\/wp-content\/uploads\/2025\/12\/20251008_103633-768x355.jpg 768w, https:\/\/richeskarayib.com\/wp-content\/uploads\/2025\/12\/20251008_103633-1536x710.jpg 1536w, https:\/\/richeskarayib.com\/wp-content\/uploads\/2025\/12\/20251008_103633-1320x610.jpg 1320w, https:\/\/richeskarayib.com\/wp-content\/uploads\/2025\/12\/20251008_103633.jpg 1920w\" sizes=\"(max-width: 800px) 100vw, 800px\" \/>\t\t\t\t\t\t\t\t\t\t\t\t\t\t\t<\/div>\n\t\t\t\t<\/div>\n\t\t\t\t\t<\/div>\n\t\t<\/div>\n\t\t\t\t\t<\/div>\n\t\t<\/section>\n\t\t\t\t\t<\/div>\n\t\t<\/div>\n\t\t\t\t\t<\/div>\n\t\t<\/section>\n\t\t\t\t<section class=\"elementor-section elementor-top-section elementor-element elementor-element-ee72354 elementor-section-boxed elementor-section-height-default elementor-section-height-default\" data-id=\"ee72354\" data-element_type=\"section\">\n\t\t\t\t\t\t<div class=\"elementor-container elementor-column-gap-default\">\n\t\t\t\t\t<div class=\"elementor-column elementor-col-100 elementor-top-column elementor-element elementor-element-c59d6fe\" data-id=\"c59d6fe\" data-element_type=\"column\">\n\t\t\t<div class=\"elementor-widget-wrap elementor-element-populated\">\n\t\t\t\t\t\t<div class=\"elementor-element elementor-element-ddc6a1e elementor-widget elementor-widget-heading\" data-id=\"ddc6a1e\" data-element_type=\"widget\" data-widget_type=\"heading.default\">\n\t\t\t\t<div class=\"elementor-widget-container\">\n\t\t\t\t\t<h2 class=\"elementor-heading-title elementor-size-default\">Una red arraigada: diez Alianzas, un compromiso<\/h2>\t\t\t\t<\/div>\n\t\t\t\t<\/div>\n\t\t\t\t<div class=\"elementor-element elementor-element-e57451f elementor-widget elementor-widget-text-editor\" data-id=\"e57451f\" data-element_type=\"widget\" data-widget_type=\"text-editor.default\">\n\t\t\t\t<div class=\"elementor-widget-container\">\n\t\t\t\t\t\t\t\t\t<p><span style=\"font-weight: 400;\">Aunque sus contextos difieren, las Alianzas Francesas del Caribe angl\u00f3fono comparten la misma vocaci\u00f3n: ense\u00f1ar, conectar y hacer vivir a diario el mundo franc\u00f3fono. Se adaptan a las realidades locales con la misma convicci\u00f3n: la cultura y la lengua son palancas de cohesi\u00f3n social, apertura y futuro. <\/span><\/p>\t\t\t\t\t\t\t\t<\/div>\n\t\t\t\t<\/div>\n\t\t\t\t<div class=\"elementor-element elementor-element-b5c0e2f elementor-widget elementor-widget-text-editor\" data-id=\"b5c0e2f\" data-element_type=\"widget\" data-widget_type=\"text-editor.default\">\n\t\t\t\t<div class=\"elementor-widget-container\">\n\t\t\t\t\t\t\t\t\t<h3><b>Granada &#8211; Ilona Forte-Gilbert: ense\u00f1ar de otra manera, conectar de otra manera<\/b><\/h3><p><span style=\"font-weight: 400;\">La Alianza Francesa de Granada carece de locales permanentes, una situaci\u00f3n que Ilona Forte-Gilbert ha convertido en una ventaja.<\/span><\/p><p><span style=\"font-weight: 400;\">Ahora se ofrecen cursos en l\u00ednea, lo que permite a la lengua francesa mantener su presencia y llegar a nuevos p\u00fablicos. La Alianza tambi\u00e9n se implica en las escuelas mediante actividades educativas y culturales organizadas en colaboraci\u00f3n con los profesores. Las proyecciones y talleres &#8220;extramuros&#8221; ayudan a mantener el contacto con la comunidad.  <\/span><\/p><p><span style=\"font-weight: 400;\">&#8220;Nuestra prioridad es seguir estando presentes y siendo \u00fatiles, incluso sin un edificio. La tecnolog\u00eda digital y las asociaciones nos permiten mantener en marcha la Alianza.<\/span><\/p>\t\t\t\t\t\t\t\t<\/div>\n\t\t\t\t<\/div>\n\t\t\t\t<section class=\"elementor-section elementor-inner-section elementor-element elementor-element-92e4812 elementor-section-boxed elementor-section-height-default elementor-section-height-default\" data-id=\"92e4812\" data-element_type=\"section\">\n\t\t\t\t\t\t<div class=\"elementor-container elementor-column-gap-default\">\n\t\t\t\t\t<div class=\"elementor-column elementor-col-100 elementor-inner-column elementor-element elementor-element-7cc6527\" data-id=\"7cc6527\" data-element_type=\"column\">\n\t\t\t<div class=\"elementor-widget-wrap elementor-element-populated\">\n\t\t\t\t\t\t<div class=\"elementor-element elementor-element-8452701 elementor-widget elementor-widget-image\" data-id=\"8452701\" data-element_type=\"widget\" data-widget_type=\"image.default\">\n\t\t\t\t<div class=\"elementor-widget-container\">\n\t\t\t\t\t\t\t\t\t\t\t\t<figure class=\"wp-caption\">\n\t\t\t\t\t\t\t\t\t\t<img loading=\"lazy\" decoding=\"async\" width=\"800\" height=\"370\" src=\"https:\/\/richeskarayib.com\/wp-content\/uploads\/2025\/12\/20251008_094314-1024x473.jpg\" class=\"attachment-large size-large wp-image-67546\" alt=\"Alliances Fran\u00e7aises\" srcset=\"https:\/\/richeskarayib.com\/wp-content\/uploads\/2025\/12\/20251008_094314-1024x473.jpg 1024w, https:\/\/richeskarayib.com\/wp-content\/uploads\/2025\/12\/20251008_094314-300x139.jpg 300w, https:\/\/richeskarayib.com\/wp-content\/uploads\/2025\/12\/20251008_094314-768x355.jpg 768w, https:\/\/richeskarayib.com\/wp-content\/uploads\/2025\/12\/20251008_094314-1536x710.jpg 1536w, https:\/\/richeskarayib.com\/wp-content\/uploads\/2025\/12\/20251008_094314-1320x610.jpg 1320w, https:\/\/richeskarayib.com\/wp-content\/uploads\/2025\/12\/20251008_094314.jpg 1920w\" sizes=\"(max-width: 800px) 100vw, 800px\" \/>\t\t\t\t\t\t\t\t\t\t\t<figcaption class=\"widget-image-caption wp-caption-text\">Suelin Low Chew Tung (sur la gauche) et Ilona Fort-Gilbert (sur la droite) (Alliance Fran\u00e7aise de Grenade)<\/figcaption>\n\t\t\t\t\t\t\t\t\t\t<\/figure>\n\t\t\t\t\t\t\t\t\t<\/div>\n\t\t\t\t<\/div>\n\t\t\t\t\t<\/div>\n\t\t<\/div>\n\t\t\t\t\t<\/div>\n\t\t<\/section>\n\t\t\t\t<div class=\"elementor-element elementor-element-3aae6e6 elementor-widget elementor-widget-text-editor\" data-id=\"3aae6e6\" data-element_type=\"widget\" data-widget_type=\"text-editor.default\">\n\t\t\t\t<div class=\"elementor-widget-container\">\n\t\t\t\t\t\t\t\t\t<h3><b>Santa Luc\u00eda &#8211; Aur\u00e9lie Gbeffa: coordinadora y federadora<\/b><\/h3><p><span style=\"font-weight: 400;\">En Santa Luc\u00eda, Aur\u00e9lie Gbeffa dirige la Alianza local y es responsable de la coordinaci\u00f3n regional de las diez Alianzas Francesas del Caribe Oriental.  <\/span><span style=\"font-weight: 400;\">Ayuda a los directores en la comunicaci\u00f3n, la puesta en com\u00fan, la gobernanza asociativa, la transici\u00f3n digital y la revitalizaci\u00f3n cultural.<\/span><\/p><p><span style=\"font-weight: 400;\">Tambi\u00e9n dirige el proyecto R\u00e9zo, un seminario anual apoyado por el SCAC, que se ha convertido en un acontecimiento clave para la cohesi\u00f3n y la reflexi\u00f3n colectiva. <\/span><span style=\"font-weight: 400;\">En Castries, la Alianza Francesa de Sainte-Luci<\/span><span style=\"font-weight: 400;\">e<\/span><span style=\"font-weight: 400;\"> combina cursos de idiomas, actividades culturales y promoci\u00f3n de la lengua criolla mediante exposiciones y talleres.<\/span><\/p><p><span style=\"font-weight: 400;\">&#8220;Nuestra fuerza reside en avanzar juntos al tiempo que promovemos la diversidad cultural de nuestras islas.<\/span><\/p>\t\t\t\t\t\t\t\t<\/div>\n\t\t\t\t<\/div>\n\t\t\t\t<section class=\"elementor-section elementor-inner-section elementor-element elementor-element-223ff12 elementor-section-boxed elementor-section-height-default elementor-section-height-default\" data-id=\"223ff12\" data-element_type=\"section\">\n\t\t\t\t\t\t<div class=\"elementor-container elementor-column-gap-default\">\n\t\t\t\t\t<div class=\"elementor-column elementor-col-100 elementor-inner-column elementor-element elementor-element-00fc347\" data-id=\"00fc347\" data-element_type=\"column\">\n\t\t\t<div class=\"elementor-widget-wrap elementor-element-populated\">\n\t\t\t\t\t\t<div class=\"elementor-element elementor-element-2e4f536 elementor-widget elementor-widget-image\" data-id=\"2e4f536\" data-element_type=\"widget\" data-widget_type=\"image.default\">\n\t\t\t\t<div class=\"elementor-widget-container\">\n\t\t\t\t\t\t\t\t\t\t\t\t\t\t\t<img loading=\"lazy\" decoding=\"async\" width=\"800\" height=\"370\" src=\"https:\/\/richeskarayib.com\/wp-content\/uploads\/2025\/12\/20251008_110924-1024x473.jpg\" class=\"attachment-large size-large wp-image-67550\" alt=\"Alliances Fran\u00e7aises\" srcset=\"https:\/\/richeskarayib.com\/wp-content\/uploads\/2025\/12\/20251008_110924-1024x473.jpg 1024w, https:\/\/richeskarayib.com\/wp-content\/uploads\/2025\/12\/20251008_110924-300x139.jpg 300w, https:\/\/richeskarayib.com\/wp-content\/uploads\/2025\/12\/20251008_110924-768x355.jpg 768w, https:\/\/richeskarayib.com\/wp-content\/uploads\/2025\/12\/20251008_110924-1536x710.jpg 1536w, https:\/\/richeskarayib.com\/wp-content\/uploads\/2025\/12\/20251008_110924-1320x610.jpg 1320w, https:\/\/richeskarayib.com\/wp-content\/uploads\/2025\/12\/20251008_110924.jpg 1920w\" sizes=\"(max-width: 800px) 100vw, 800px\" \/>\t\t\t\t\t\t\t\t\t\t\t\t\t\t\t<\/div>\n\t\t\t\t<\/div>\n\t\t\t\t\t<\/div>\n\t\t<\/div>\n\t\t\t\t\t<\/div>\n\t\t<\/section>\n\t\t\t\t<div class=\"elementor-element elementor-element-0901647 elementor-widget elementor-widget-text-editor\" data-id=\"0901647\" data-element_type=\"widget\" data-widget_type=\"text-editor.default\">\n\t\t\t\t<div class=\"elementor-widget-container\">\n\t\t\t\t\t\t\t\t\t<h3><b>Barbados &#8211; Oc\u00e9ane Gaillard: promover el franc\u00e9s en un entorno angl\u00f3fono<\/b><\/h3><p><span style=\"font-weight: 400;\">En Barbados, la Alianza Francesa act\u00faa como puente ling\u00fc\u00edstico y cultural.  <\/span><span style=\"font-weight: 400;\">Bajo la direcci\u00f3n de Oc\u00e9ane Gaillard, la Alianza ha consolidado su posici\u00f3n en un entorno predominantemente angl\u00f3fono. Se han creado programas educativos para escuelas y adultos, y la Alianza ha formado a miembros del Sistema de Seguridad Regional en franc\u00e9s y criollo haitiano. <\/span><\/p><p><span style=\"font-weight: 400;\">En el plano cultural, ha acogido a la compa\u00f1\u00eda guayanesa \u00d4tep\u00e9 y est\u00e1 desarrollando un programa abierto a diferentes formas de expresi\u00f3n franc\u00f3fona.<\/span><\/p><p><span style=\"font-weight: 400;\">&#8220;Representamos a una Francofon\u00eda plural: Francia, \u00c1frica, Canad\u00e1 y el Caribe. La cultura es nuestra mejor palanca para inspirar a la gente el deseo de aprender.<\/span><\/p>\t\t\t\t\t\t\t\t<\/div>\n\t\t\t\t<\/div>\n\t\t\t\t<section class=\"elementor-section elementor-inner-section elementor-element elementor-element-f696053 elementor-section-boxed elementor-section-height-default elementor-section-height-default\" data-id=\"f696053\" data-element_type=\"section\">\n\t\t\t\t\t\t<div class=\"elementor-container elementor-column-gap-default\">\n\t\t\t\t\t<div class=\"elementor-column elementor-col-100 elementor-inner-column elementor-element elementor-element-ed1421c\" data-id=\"ed1421c\" data-element_type=\"column\">\n\t\t\t<div class=\"elementor-widget-wrap elementor-element-populated\">\n\t\t\t\t\t\t<div class=\"elementor-element elementor-element-b055ba4 elementor-widget elementor-widget-image\" data-id=\"b055ba4\" data-element_type=\"widget\" data-widget_type=\"image.default\">\n\t\t\t\t<div class=\"elementor-widget-container\">\n\t\t\t\t\t\t\t\t\t\t\t\t\t\t\t<img loading=\"lazy\" decoding=\"async\" width=\"800\" height=\"370\" src=\"https:\/\/richeskarayib.com\/wp-content\/uploads\/2025\/12\/20251008_095810-1024x473.jpg\" class=\"attachment-large size-large wp-image-67554\" alt=\"Alliances Fran\u00e7aises\" srcset=\"https:\/\/richeskarayib.com\/wp-content\/uploads\/2025\/12\/20251008_095810-1024x473.jpg 1024w, https:\/\/richeskarayib.com\/wp-content\/uploads\/2025\/12\/20251008_095810-300x139.jpg 300w, https:\/\/richeskarayib.com\/wp-content\/uploads\/2025\/12\/20251008_095810-768x355.jpg 768w, https:\/\/richeskarayib.com\/wp-content\/uploads\/2025\/12\/20251008_095810-1536x710.jpg 1536w, https:\/\/richeskarayib.com\/wp-content\/uploads\/2025\/12\/20251008_095810-1320x610.jpg 1320w, https:\/\/richeskarayib.com\/wp-content\/uploads\/2025\/12\/20251008_095810.jpg 1920w\" sizes=\"(max-width: 800px) 100vw, 800px\" \/>\t\t\t\t\t\t\t\t\t\t\t\t\t\t\t<\/div>\n\t\t\t\t<\/div>\n\t\t\t\t\t<\/div>\n\t\t<\/div>\n\t\t\t\t\t<\/div>\n\t\t<\/section>\n\t\t\t\t<div class=\"elementor-element elementor-element-88f5e37 elementor-widget elementor-widget-text-editor\" data-id=\"88f5e37\" data-element_type=\"widget\" data-widget_type=\"text-editor.default\">\n\t\t\t\t<div class=\"elementor-widget-container\">\n\t\t\t\t\t\t\t\t\t<h3><b>Trinidad y Tobago &#8211; Anyka Batista: una comunidad franc\u00f3fona abierta e integradora<\/b><\/h3><p><span style=\"font-weight: 400;\">En Trinidad y Tobago, Anyka Batista defiende una Francofon\u00eda inclusiva y creativa que valore las lenguas locales tanto como el franc\u00e9s.  <\/span><span style=\"font-weight: 400;\">Cada octubre, el Mes de la Herencia Criolla re\u00fane proyecciones, conferencias y conciertos, que reflejan un fuerte compromiso con la diversidad cultural.<\/span><\/p><p><span style=\"font-weight: 400;\">La Alianza Francesa tambi\u00e9n ofrece cursos para ni\u00f1os, adolescentes y adultos, as\u00ed como veladas culturales para fomentar el encuentro entre comunidades.  <\/span><span style=\"font-weight: 400;\">Los retos de visibilidad y financiaci\u00f3n persisten, pero se compensan con un enfoque de colaboraci\u00f3n con las escuelas e instituciones locales.<\/span><\/p><p><span style=\"font-weight: 400;\">&#8220;Queremos que el mundo franc\u00f3fono se vea como parte de nuestra cultura, no como algo externo.<\/span><\/p>\t\t\t\t\t\t\t\t<\/div>\n\t\t\t\t<\/div>\n\t\t\t\t<div class=\"elementor-element elementor-element-576bcc3 elementor-widget elementor-widget-image\" data-id=\"576bcc3\" data-element_type=\"widget\" data-widget_type=\"image.default\">\n\t\t\t\t<div class=\"elementor-widget-container\">\n\t\t\t\t\t\t\t\t\t\t\t\t\t\t\t<img loading=\"lazy\" decoding=\"async\" width=\"800\" height=\"370\" src=\"https:\/\/richeskarayib.com\/wp-content\/uploads\/2025\/12\/20251008_093451-1024x473.jpg\" class=\"attachment-large size-large wp-image-67558\" alt=\"Anyka Batista\" srcset=\"https:\/\/richeskarayib.com\/wp-content\/uploads\/2025\/12\/20251008_093451-1024x473.jpg 1024w, https:\/\/richeskarayib.com\/wp-content\/uploads\/2025\/12\/20251008_093451-300x139.jpg 300w, https:\/\/richeskarayib.com\/wp-content\/uploads\/2025\/12\/20251008_093451-768x355.jpg 768w, https:\/\/richeskarayib.com\/wp-content\/uploads\/2025\/12\/20251008_093451-1536x710.jpg 1536w, https:\/\/richeskarayib.com\/wp-content\/uploads\/2025\/12\/20251008_093451-1320x610.jpg 1320w, https:\/\/richeskarayib.com\/wp-content\/uploads\/2025\/12\/20251008_093451.jpg 1920w\" sizes=\"(max-width: 800px) 100vw, 800px\" \/>\t\t\t\t\t\t\t\t\t\t\t\t\t\t\t<\/div>\n\t\t\t\t<\/div>\n\t\t\t\t<div class=\"elementor-element elementor-element-fa13b26 elementor-widget elementor-widget-text-editor\" data-id=\"fa13b26\" data-element_type=\"widget\" data-widget_type=\"text-editor.default\">\n\t\t\t\t<div class=\"elementor-widget-container\">\n\t\t\t\t\t\t\t\t\t<h3><b>Jama\u00efque &#8211; Clovis Lem\u00e9e: crear espacios de vida<\/b><\/h3><p><span style=\"font-weight: 400;\">En Jamaica, Clovis Lem\u00e9e est\u00e1 revitalizando una hist\u00f3rica Alianza Francesa transform\u00e1ndola en un lugar para vivir y crear. Los Intercambios Ling\u00fc\u00edsticos, veladas multiling\u00fces mensuales, re\u00fanen a un p\u00fablico variado en torno a temas culturales, mientras que las Sesiones de la Biblioteca Francesa -miniconciertos filmados en la mediateca- utilizan la lengua como herramienta de encuentro y expresi\u00f3n art\u00edstica. <\/span><\/p><p><span style=\"font-weight: 400;\">&#8220;Aprender una lengua significa crear v\u00ednculos. En eso consisten las Alianzas Francesas.<\/span><\/p><p><span style=\"font-weight: 400;\">Esta din\u00e1mica cultural atrae a un p\u00fablico m\u00e1s joven y contribuye a devolver a la lengua francesa el lugar que le corresponde en el Caribe angl\u00f3fono.<\/span><\/p>\t\t\t\t\t\t\t\t<\/div>\n\t\t\t\t<\/div>\n\t\t\t\t<div class=\"elementor-element elementor-element-ceadeac elementor-widget elementor-widget-image\" data-id=\"ceadeac\" data-element_type=\"widget\" data-widget_type=\"image.default\">\n\t\t\t\t<div class=\"elementor-widget-container\">\n\t\t\t\t\t\t\t\t\t\t\t\t\t\t\t<img loading=\"lazy\" decoding=\"async\" width=\"800\" height=\"370\" src=\"https:\/\/richeskarayib.com\/wp-content\/uploads\/2025\/12\/20251008_100403-1024x473.jpg\" class=\"attachment-large size-large wp-image-67562\" alt=\"Clovis Lem\u00e9e\" srcset=\"https:\/\/richeskarayib.com\/wp-content\/uploads\/2025\/12\/20251008_100403-1024x473.jpg 1024w, https:\/\/richeskarayib.com\/wp-content\/uploads\/2025\/12\/20251008_100403-300x139.jpg 300w, https:\/\/richeskarayib.com\/wp-content\/uploads\/2025\/12\/20251008_100403-768x355.jpg 768w, https:\/\/richeskarayib.com\/wp-content\/uploads\/2025\/12\/20251008_100403-1536x710.jpg 1536w, https:\/\/richeskarayib.com\/wp-content\/uploads\/2025\/12\/20251008_100403-1320x610.jpg 1320w, https:\/\/richeskarayib.com\/wp-content\/uploads\/2025\/12\/20251008_100403.jpg 1920w\" sizes=\"(max-width: 800px) 100vw, 800px\" \/>\t\t\t\t\t\t\t\t\t\t\t\t\t\t\t<\/div>\n\t\t\t\t<\/div>\n\t\t\t\t<div class=\"elementor-element elementor-element-03bfd93 elementor-widget elementor-widget-text-editor\" data-id=\"03bfd93\" data-element_type=\"widget\" data-widget_type=\"text-editor.default\">\n\t\t\t\t<div class=\"elementor-widget-container\">\n\t\t\t\t\t\t\t\t\t<h3><b>San Crist\u00f3bal y Nieves &#8211; Lucille Caulliez: educaci\u00f3n y ecolog\u00eda<\/b><\/h3><p><span style=\"font-weight: 400;\">La Alianza Francesa de San Crist\u00f3bal y Nieves combina el aprendizaje de idiomas con el compromiso c\u00edvico.  <\/span><span style=\"font-weight: 400;\">Su proyecto Aprende Franc\u00e9s Naturalmente, llevado a cabo gracias a una subvenci\u00f3n de la Embajada de Francia en los Estados del Caribe Oriental, Barbados y la OECO, ofreci\u00f3 seis meses de clases gratuitas a doce adolescentes de entornos desfavorecidos, combinando el descubrimiento del franc\u00e9s con talleres ecol\u00f3gicos y actividades culturales.  <\/span><span style=\"font-weight: 400;\">Cada mes, los participantes han explorado los ecosistemas locales, cultivado un huerto, creado con materiales reciclados o intercambiado ideas en l\u00ednea con alumnos de Guadalupe: una forma concreta y viva de aprender la lengua al tiempo que se forjan v\u00ednculos en el Caribe.<\/span><\/p>\t\t\t\t\t\t\t\t<\/div>\n\t\t\t\t<\/div>\n\t\t\t\t<div class=\"elementor-element elementor-element-dbec18f elementor-widget elementor-widget-text-editor\" data-id=\"dbec18f\" data-element_type=\"widget\" data-widget_type=\"text-editor.default\">\n\t\t\t\t<div class=\"elementor-widget-container\">\n\t\t\t\t\t\t\t\t\t<p><span style=\"font-weight: 400;\">Este proyecto, que le vali\u00f3 el Premio Alianza Verde del Fondo para el Medio Ambiente Mundial, ilustra la vitalidad de una comunidad franc\u00f3fona abierta, sostenible y orientada a los j\u00f3venes.  <\/span><span style=\"font-weight: 400;\">Tambi\u00e9n est\u00e1 desarrollando Francoscop, una serie audiovisual producida por j\u00f3venes, dedicada al mundo franc\u00f3fono.<\/span><\/p><p><span style=\"font-weight: 400;\">La directora Lucille Caulliez resume el esp\u00edritu del programa:<\/span><\/p><p><span style=\"font-weight: 400;\">&#8220;Queremos demostrar que el franc\u00e9s es una herramienta de apertura y creatividad.<\/span><\/p>\t\t\t\t\t\t\t\t<\/div>\n\t\t\t\t<\/div>\n\t\t\t\t<div class=\"elementor-element elementor-element-76dfed4 elementor-widget elementor-widget-image\" data-id=\"76dfed4\" data-element_type=\"widget\" data-widget_type=\"image.default\">\n\t\t\t\t<div class=\"elementor-widget-container\">\n\t\t\t\t\t\t\t\t\t\t\t\t\t\t\t<img loading=\"lazy\" decoding=\"async\" width=\"800\" height=\"411\" src=\"https:\/\/richeskarayib.com\/wp-content\/uploads\/2025\/12\/20251008_103642-1024x526.jpg\" class=\"attachment-large size-large wp-image-67566\" alt=\"Lucille Caulliez\" srcset=\"https:\/\/richeskarayib.com\/wp-content\/uploads\/2025\/12\/20251008_103642-1024x526.jpg 1024w, https:\/\/richeskarayib.com\/wp-content\/uploads\/2025\/12\/20251008_103642-300x154.jpg 300w, https:\/\/richeskarayib.com\/wp-content\/uploads\/2025\/12\/20251008_103642-768x394.jpg 768w, https:\/\/richeskarayib.com\/wp-content\/uploads\/2025\/12\/20251008_103642-1536x789.jpg 1536w, https:\/\/richeskarayib.com\/wp-content\/uploads\/2025\/12\/20251008_103642-1320x678.jpg 1320w, https:\/\/richeskarayib.com\/wp-content\/uploads\/2025\/12\/20251008_103642.jpg 1920w\" sizes=\"(max-width: 800px) 100vw, 800px\" \/>\t\t\t\t\t\t\t\t\t\t\t\t\t\t\t<\/div>\n\t\t\t\t<\/div>\n\t\t\t\t<div class=\"elementor-element elementor-element-31227dc elementor-widget elementor-widget-text-editor\" data-id=\"31227dc\" data-element_type=\"widget\" data-widget_type=\"text-editor.default\">\n\t\t\t\t<div class=\"elementor-widget-container\">\n\t\t\t\t\t\t\t\t\t<h3><b>Dominique &#8211; C\u00e9vinne M&#8217;Voula-Henderson: enlazar lenguas y culturas<\/b><\/h3><p><span style=\"font-weight: 400;\">Creada en 1965, la Alianza Francesa de la Dominica act\u00faa en los \u00e1mbitos educativo y cultural. Las Abejas de la Ortograf\u00eda Criolla y Francesa, concursos biling\u00fces de ortograf\u00eda, animan a los alumnos a jugar con las dos lenguas, a comprender c\u00f3mo se complementan y a sentirse orgullosos de ellas. Los talleres de formaci\u00f3n y las actividades culturales apoyan la valorizaci\u00f3n del patrimonio criollo al tiempo que promueven la lengua francesa.  <\/span><\/p><p><span style=\"font-weight: 400;\">&#8220;El objetivo es hacer del franc\u00e9s y del criollo lenguas de orgullo y de transmisi\u00f3n.<\/span><\/p>\t\t\t\t\t\t\t\t<\/div>\n\t\t\t\t<\/div>\n\t\t\t\t<div class=\"elementor-element elementor-element-a6b7867 elementor-widget elementor-widget-image\" data-id=\"a6b7867\" data-element_type=\"widget\" data-widget_type=\"image.default\">\n\t\t\t\t<div class=\"elementor-widget-container\">\n\t\t\t\t\t\t\t\t\t\t\t\t\t\t\t<img loading=\"lazy\" decoding=\"async\" width=\"800\" height=\"370\" src=\"https:\/\/richeskarayib.com\/wp-content\/uploads\/2025\/12\/20251008_102414-1024x473.jpg\" class=\"attachment-large size-large wp-image-67570\" alt=\"Alliances Fran\u00e7aises\" srcset=\"https:\/\/richeskarayib.com\/wp-content\/uploads\/2025\/12\/20251008_102414-1024x473.jpg 1024w, https:\/\/richeskarayib.com\/wp-content\/uploads\/2025\/12\/20251008_102414-300x139.jpg 300w, https:\/\/richeskarayib.com\/wp-content\/uploads\/2025\/12\/20251008_102414-768x355.jpg 768w, https:\/\/richeskarayib.com\/wp-content\/uploads\/2025\/12\/20251008_102414-1536x710.jpg 1536w, https:\/\/richeskarayib.com\/wp-content\/uploads\/2025\/12\/20251008_102414-1320x610.jpg 1320w, https:\/\/richeskarayib.com\/wp-content\/uploads\/2025\/12\/20251008_102414.jpg 1920w\" sizes=\"(max-width: 800px) 100vw, 800px\" \/>\t\t\t\t\t\t\t\t\t\t\t\t\t\t\t<\/div>\n\t\t\t\t<\/div>\n\t\t\t\t<div class=\"elementor-element elementor-element-95ac74c elementor-widget elementor-widget-text-editor\" data-id=\"95ac74c\" data-element_type=\"widget\" data-widget_type=\"text-editor.default\">\n\t\t\t\t<div class=\"elementor-widget-container\">\n\t\t\t\t\t\t\t\t\t<h3><b>Guyana &#8211; D\u00e9borah First-Quao: reconstrucci\u00f3n y formaci\u00f3n<\/b><\/h3><p><span style=\"font-weight: 400;\">En Georgetown, D\u00e9borah First-Quao, recientemente nombrada para Guyana, est\u00e1 revitalizando una Alianza Francesa de larga tradici\u00f3n pero de bajo perfil, centr\u00e1ndose en la formaci\u00f3n y las asociaciones educativas. Ha creado una red de profesores de franc\u00e9s, desarrollado talleres biling\u00fces en la Biblioteca Nacional y restablecido v\u00ednculos con instituciones locales. Las iniciativas culturales y educativas pretenden devolver el franc\u00e9s a la vida cotidiana, a pesar de las importantes limitaciones log\u00edsticas.  <\/span><\/p><p><span style=\"font-weight: 400;\">&#8220;Queremos devolver al franc\u00e9s el lugar que le corresponde en las escuelas, demostrando que puede ser \u00fatil, vivo y accesible.<\/span><\/p>\t\t\t\t\t\t\t\t<\/div>\n\t\t\t\t<\/div>\n\t\t\t\t<div class=\"elementor-element elementor-element-37380da elementor-widget elementor-widget-image\" data-id=\"37380da\" data-element_type=\"widget\" data-widget_type=\"image.default\">\n\t\t\t\t<div class=\"elementor-widget-container\">\n\t\t\t\t\t\t\t\t\t\t\t\t\t\t\t<img loading=\"lazy\" decoding=\"async\" width=\"800\" height=\"370\" src=\"https:\/\/richeskarayib.com\/wp-content\/uploads\/2025\/12\/20251008_102944-1024x473.jpg\" class=\"attachment-large size-large wp-image-67574\" alt=\"Alliances Fran\u00e7aises\" srcset=\"https:\/\/richeskarayib.com\/wp-content\/uploads\/2025\/12\/20251008_102944-1024x473.jpg 1024w, https:\/\/richeskarayib.com\/wp-content\/uploads\/2025\/12\/20251008_102944-300x139.jpg 300w, https:\/\/richeskarayib.com\/wp-content\/uploads\/2025\/12\/20251008_102944-768x355.jpg 768w, https:\/\/richeskarayib.com\/wp-content\/uploads\/2025\/12\/20251008_102944-1536x710.jpg 1536w, https:\/\/richeskarayib.com\/wp-content\/uploads\/2025\/12\/20251008_102944-1320x610.jpg 1320w, https:\/\/richeskarayib.com\/wp-content\/uploads\/2025\/12\/20251008_102944.jpg 1920w\" sizes=\"(max-width: 800px) 100vw, 800px\" \/>\t\t\t\t\t\t\t\t\t\t\t\t\t\t\t<\/div>\n\t\t\t\t<\/div>\n\t\t\t\t<div class=\"elementor-element elementor-element-9493d31 elementor-widget elementor-widget-text-editor\" data-id=\"9493d31\" data-element_type=\"widget\" data-widget_type=\"text-editor.default\">\n\t\t\t\t<div class=\"elementor-widget-container\">\n\t\t\t\t\t\t\t\t\t<h3><b>Surinam &#8211; Virginie Lemay: tender puentes institucionales<\/b><\/h3><p><span style=\"font-weight: 400;\">En Surinam, Virginie Lemay refuerza los v\u00ednculos entre la Alianza Francesa y las instituciones locales. Se ofrecen cursos de formaci\u00f3n ling\u00fc\u00edstica a las fuerzas de seguridad, el Ministerio de Educaci\u00f3n, las empresas y el sector hotelero.   <\/span><span style=\"font-weight: 400;\">La Journ\u00e9e Fran\u00e7aise, organizada con la Collectivit\u00e9 Territoriale de Guyane, es un acontecimiento de cinco d\u00edas que incluye exposiciones, encuentros profesionales y conciertos.<\/span><\/p><p><span style=\"font-weight: 400;\">&#8220;Aqu\u00ed, el franc\u00e9s se convierte en una herramienta concreta para la cooperaci\u00f3n regional.<\/span><\/p><p><span style=\"font-weight: 400;\">Este enfoque intersectorial sit\u00faa a la Alianza Francesa como actor clave en el di\u00e1logo entre Surinam, Guyana y el resto del Caribe.<\/span><\/p>\t\t\t\t\t\t\t\t<\/div>\n\t\t\t\t<\/div>\n\t\t\t\t<div class=\"elementor-element elementor-element-7b605b3 elementor-widget elementor-widget-image\" data-id=\"7b605b3\" data-element_type=\"widget\" data-widget_type=\"image.default\">\n\t\t\t\t<div class=\"elementor-widget-container\">\n\t\t\t\t\t\t\t\t\t\t\t\t\t\t\t<img loading=\"lazy\" decoding=\"async\" width=\"800\" height=\"370\" src=\"https:\/\/richeskarayib.com\/wp-content\/uploads\/2025\/12\/20251008_202211-1024x473.jpg\" class=\"attachment-large size-large wp-image-67578\" alt=\"Alliances Fran\u00e7aises\" srcset=\"https:\/\/richeskarayib.com\/wp-content\/uploads\/2025\/12\/20251008_202211-1024x473.jpg 1024w, https:\/\/richeskarayib.com\/wp-content\/uploads\/2025\/12\/20251008_202211-300x139.jpg 300w, https:\/\/richeskarayib.com\/wp-content\/uploads\/2025\/12\/20251008_202211-768x355.jpg 768w, https:\/\/richeskarayib.com\/wp-content\/uploads\/2025\/12\/20251008_202211-1536x710.jpg 1536w, https:\/\/richeskarayib.com\/wp-content\/uploads\/2025\/12\/20251008_202211-1320x610.jpg 1320w, https:\/\/richeskarayib.com\/wp-content\/uploads\/2025\/12\/20251008_202211.jpg 1920w\" sizes=\"(max-width: 800px) 100vw, 800px\" \/>\t\t\t\t\t\t\t\t\t\t\t\t\t\t\t<\/div>\n\t\t\t\t<\/div>\n\t\t\t\t\t<\/div>\n\t\t<\/div>\n\t\t\t\t\t<\/div>\n\t\t<\/section>\n\t\t\t\t<section class=\"elementor-section elementor-top-section elementor-element elementor-element-82cd8f9 elementor-section-boxed elementor-section-height-default elementor-section-height-default\" data-id=\"82cd8f9\" data-element_type=\"section\">\n\t\t\t\t\t\t<div class=\"elementor-container elementor-column-gap-default\">\n\t\t\t\t\t<div class=\"elementor-column elementor-col-100 elementor-top-column elementor-element elementor-element-0bfdc38\" data-id=\"0bfdc38\" data-element_type=\"column\">\n\t\t\t<div class=\"elementor-widget-wrap elementor-element-populated\">\n\t\t\t\t\t\t<div class=\"elementor-element elementor-element-7d292fe elementor-widget elementor-widget-heading\" data-id=\"7d292fe\" data-element_type=\"widget\" data-widget_type=\"heading.default\">\n\t\t\t\t<div class=\"elementor-widget-container\">\n\t\t\t\t\t<h2 class=\"elementor-heading-title elementor-size-default\">Una visi\u00f3n compartida: apoyar, conectar y promover<\/h2>\t\t\t\t<\/div>\n\t\t\t\t<\/div>\n\t\t\t\t<div class=\"elementor-element elementor-element-8e337bf elementor-widget elementor-widget-text-editor\" data-id=\"8e337bf\" data-element_type=\"widget\" data-widget_type=\"text-editor.default\">\n\t\t\t\t<div class=\"elementor-widget-container\">\n\t\t\t\t\t\t\t\t\t<p><span style=\"font-weight: 400;\">Para Christiane Bourgeois, Consejera Regional de Cooperaci\u00f3n y Acci\u00f3n Cultural de la Embajada de Francia en Santa Luc\u00eda, este seminario es una ocasi\u00f3n esencial para consolidar los v\u00ednculos de la red. Se\u00f1ala que es &#8220;el \u00fanico momento del a\u00f1o en que tenemos la oportunidad de reunirnos con los directores de las Alianzas Francesas&#8221;, un momento especial para hacer balance, intercambiar pr\u00e1cticas y dificultades, y poner en marcha proyectos comunes. <\/span><\/p>\t\t\t\t\t\t\t\t<\/div>\n\t\t\t\t<\/div>\n\t\t\t\t<div class=\"elementor-element elementor-element-0467e62 elementor-widget elementor-widget-text-editor\" data-id=\"0467e62\" data-element_type=\"widget\" data-widget_type=\"text-editor.default\">\n\t\t\t\t<div class=\"elementor-widget-container\">\n\t\t\t\t\t\t\t\t\t<p><span style=\"font-weight: 400;\">&#8220;Las Alianzas Francesas son una herramienta esencial para las embajadas, sobre todo en zonas como el Caribe, donde no hay Instituto Franc\u00e9s. Son organizaciones locales, arraigadas en la regi\u00f3n, con su propio consejo de administraci\u00f3n y su propia estrategia&#8221;.  <\/span><span style=\"font-weight: 400;\">Tambi\u00e9n record\u00f3 el papel clave que desempe\u00f1an las Alianzas en la difusi\u00f3n de la lengua francesa y en la promoci\u00f3n del di\u00e1logo entre los pueblos, subrayando que promueven la lengua, imparten ense\u00f1anza y mantienen el v\u00ednculo entre cultura y educaci\u00f3n, entre Francia y los pa\u00edses de la regi\u00f3n.<\/span><\/p>\t\t\t\t\t\t\t\t<\/div>\n\t\t\t\t<\/div>\n\t\t\t\t<section class=\"elementor-section elementor-inner-section elementor-element elementor-element-925f344 elementor-section-boxed elementor-section-height-default elementor-section-height-default\" data-id=\"925f344\" data-element_type=\"section\">\n\t\t\t\t\t\t<div class=\"elementor-container elementor-column-gap-default\">\n\t\t\t\t\t<div class=\"elementor-column elementor-col-50 elementor-inner-column elementor-element elementor-element-57f4ae8\" data-id=\"57f4ae8\" data-element_type=\"column\">\n\t\t\t<div class=\"elementor-widget-wrap elementor-element-populated\">\n\t\t\t\t\t\t<div class=\"elementor-element elementor-element-cb4a17a elementor-widget elementor-widget-image\" data-id=\"cb4a17a\" data-element_type=\"widget\" data-widget_type=\"image.default\">\n\t\t\t\t<div class=\"elementor-widget-container\">\n\t\t\t\t\t\t\t\t\t\t\t\t\t\t\t<img loading=\"lazy\" decoding=\"async\" width=\"800\" height=\"370\" src=\"https:\/\/richeskarayib.com\/wp-content\/uploads\/2025\/12\/20251009_093812-1024x473.jpg\" class=\"attachment-large size-large wp-image-67582\" alt=\"Alliances Fran\u00e7aises\" srcset=\"https:\/\/richeskarayib.com\/wp-content\/uploads\/2025\/12\/20251009_093812-1024x473.jpg 1024w, https:\/\/richeskarayib.com\/wp-content\/uploads\/2025\/12\/20251009_093812-300x139.jpg 300w, https:\/\/richeskarayib.com\/wp-content\/uploads\/2025\/12\/20251009_093812-768x355.jpg 768w, https:\/\/richeskarayib.com\/wp-content\/uploads\/2025\/12\/20251009_093812-1536x710.jpg 1536w, https:\/\/richeskarayib.com\/wp-content\/uploads\/2025\/12\/20251009_093812-1320x610.jpg 1320w, https:\/\/richeskarayib.com\/wp-content\/uploads\/2025\/12\/20251009_093812.jpg 1920w\" sizes=\"(max-width: 800px) 100vw, 800px\" \/>\t\t\t\t\t\t\t\t\t\t\t\t\t\t\t<\/div>\n\t\t\t\t<\/div>\n\t\t\t\t\t<\/div>\n\t\t<\/div>\n\t\t\t\t<div class=\"elementor-column elementor-col-50 elementor-inner-column elementor-element elementor-element-c420a4c\" data-id=\"c420a4c\" data-element_type=\"column\">\n\t\t\t<div class=\"elementor-widget-wrap elementor-element-populated\">\n\t\t\t\t\t\t<div class=\"elementor-element elementor-element-aeac709 elementor-widget elementor-widget-image\" data-id=\"aeac709\" data-element_type=\"widget\" data-widget_type=\"image.default\">\n\t\t\t\t<div class=\"elementor-widget-container\">\n\t\t\t\t\t\t\t\t\t\t\t\t\t\t\t<img loading=\"lazy\" decoding=\"async\" width=\"800\" height=\"370\" src=\"https:\/\/richeskarayib.com\/wp-content\/uploads\/2025\/12\/20251009_095046-1024x473.jpg\" class=\"attachment-large size-large wp-image-67586\" alt=\"Alliances Fran\u00e7aises\" srcset=\"https:\/\/richeskarayib.com\/wp-content\/uploads\/2025\/12\/20251009_095046-1024x473.jpg 1024w, https:\/\/richeskarayib.com\/wp-content\/uploads\/2025\/12\/20251009_095046-300x139.jpg 300w, https:\/\/richeskarayib.com\/wp-content\/uploads\/2025\/12\/20251009_095046-768x355.jpg 768w, https:\/\/richeskarayib.com\/wp-content\/uploads\/2025\/12\/20251009_095046-1536x710.jpg 1536w, https:\/\/richeskarayib.com\/wp-content\/uploads\/2025\/12\/20251009_095046-1320x610.jpg 1320w, https:\/\/richeskarayib.com\/wp-content\/uploads\/2025\/12\/20251009_095046.jpg 1920w\" sizes=\"(max-width: 800px) 100vw, 800px\" \/>\t\t\t\t\t\t\t\t\t\t\t\t\t\t\t<\/div>\n\t\t\t\t<\/div>\n\t\t\t\t\t<\/div>\n\t\t<\/div>\n\t\t\t\t\t<\/div>\n\t\t<\/section>\n\t\t\t\t<div class=\"elementor-element elementor-element-6c25717 elementor-widget elementor-widget-text-editor\" data-id=\"6c25717\" data-element_type=\"widget\" data-widget_type=\"text-editor.default\">\n\t\t\t\t<div class=\"elementor-widget-container\">\n\t\t\t\t\t\t\t\t\t<p><span style=\"font-weight: 400;\">Consciente de la fragilidad econ\u00f3mica del modelo asociativo, Christiane Bourgeois subraya la importancia del apoyo prestado por el Service de Coop\u00e9ration et d&#8217;Action Culturelle (SCAC) y el Ministerio de Europa y Asuntos Exteriores.<\/span><\/p><p><span style=\"font-weight: 400;\">Por \u00faltimo, rinde homenaje a Granada, anfitriona del seminario, y a su pueblo:<\/span><\/p><p><span style=\"font-weight: 400;\">&#8220;Es una isla absolutamente aut\u00e9ntica, con gente extremadamente amable. Animo a todos los franceses y caribe\u00f1os a venir a Granada, un pa\u00eds que merece ser conocido y apreciado.<\/span><\/p>\t\t\t\t\t\t\t\t<\/div>\n\t\t\t\t<\/div>\n\t\t\t\t<section class=\"elementor-section elementor-inner-section elementor-element elementor-element-c582330 elementor-section-boxed elementor-section-height-default elementor-section-height-default\" data-id=\"c582330\" data-element_type=\"section\">\n\t\t\t\t\t\t<div class=\"elementor-container elementor-column-gap-default\">\n\t\t\t\t\t\t<\/div>\n\t\t<\/section>\n\t\t\t\t<section class=\"elementor-section elementor-inner-section elementor-element elementor-element-6c2c939 elementor-section-boxed elementor-section-height-default elementor-section-height-default\" data-id=\"6c2c939\" data-element_type=\"section\">\n\t\t\t\t\t\t<div class=\"elementor-container elementor-column-gap-default\">\n\t\t\t\t\t<div class=\"elementor-column elementor-col-50 elementor-inner-column elementor-element elementor-element-993889f\" data-id=\"993889f\" data-element_type=\"column\">\n\t\t\t<div class=\"elementor-widget-wrap elementor-element-populated\">\n\t\t\t\t\t\t<div class=\"elementor-element elementor-element-e7f2246 elementor-widget elementor-widget-image\" data-id=\"e7f2246\" data-element_type=\"widget\" data-widget_type=\"image.default\">\n\t\t\t\t<div class=\"elementor-widget-container\">\n\t\t\t\t\t\t\t\t\t\t\t\t\t\t\t<img loading=\"lazy\" decoding=\"async\" width=\"800\" height=\"370\" src=\"https:\/\/richeskarayib.com\/wp-content\/uploads\/2025\/12\/20251010_164753-1024x473.jpg\" class=\"attachment-large size-large wp-image-67590\" alt=\"Alliances Fran\u00e7aises\" srcset=\"https:\/\/richeskarayib.com\/wp-content\/uploads\/2025\/12\/20251010_164753-1024x473.jpg 1024w, https:\/\/richeskarayib.com\/wp-content\/uploads\/2025\/12\/20251010_164753-300x139.jpg 300w, https:\/\/richeskarayib.com\/wp-content\/uploads\/2025\/12\/20251010_164753-768x355.jpg 768w, https:\/\/richeskarayib.com\/wp-content\/uploads\/2025\/12\/20251010_164753-1536x710.jpg 1536w, https:\/\/richeskarayib.com\/wp-content\/uploads\/2025\/12\/20251010_164753-1320x610.jpg 1320w, https:\/\/richeskarayib.com\/wp-content\/uploads\/2025\/12\/20251010_164753.jpg 1920w\" sizes=\"(max-width: 800px) 100vw, 800px\" \/>\t\t\t\t\t\t\t\t\t\t\t\t\t\t\t<\/div>\n\t\t\t\t<\/div>\n\t\t\t\t\t<\/div>\n\t\t<\/div>\n\t\t\t\t<div class=\"elementor-column elementor-col-50 elementor-inner-column elementor-element elementor-element-fe62ef0\" data-id=\"fe62ef0\" data-element_type=\"column\">\n\t\t\t<div class=\"elementor-widget-wrap elementor-element-populated\">\n\t\t\t\t\t\t<div class=\"elementor-element elementor-element-64f4e6f elementor-widget elementor-widget-image\" data-id=\"64f4e6f\" data-element_type=\"widget\" data-widget_type=\"image.default\">\n\t\t\t\t<div class=\"elementor-widget-container\">\n\t\t\t\t\t\t\t\t\t\t\t\t\t\t\t<img loading=\"lazy\" decoding=\"async\" width=\"800\" height=\"370\" src=\"https:\/\/richeskarayib.com\/wp-content\/uploads\/2025\/12\/20251009_201358-1024x473.jpg\" class=\"attachment-large size-large wp-image-67594\" alt=\"Alliances Fran\u00e7aises\" srcset=\"https:\/\/richeskarayib.com\/wp-content\/uploads\/2025\/12\/20251009_201358-1024x473.jpg 1024w, https:\/\/richeskarayib.com\/wp-content\/uploads\/2025\/12\/20251009_201358-300x139.jpg 300w, https:\/\/richeskarayib.com\/wp-content\/uploads\/2025\/12\/20251009_201358-768x355.jpg 768w, https:\/\/richeskarayib.com\/wp-content\/uploads\/2025\/12\/20251009_201358-1536x710.jpg 1536w, https:\/\/richeskarayib.com\/wp-content\/uploads\/2025\/12\/20251009_201358-1320x610.jpg 1320w, https:\/\/richeskarayib.com\/wp-content\/uploads\/2025\/12\/20251009_201358.jpg 1920w\" sizes=\"(max-width: 800px) 100vw, 800px\" \/>\t\t\t\t\t\t\t\t\t\t\t\t\t\t\t<\/div>\n\t\t\t\t<\/div>\n\t\t\t\t\t<\/div>\n\t\t<\/div>\n\t\t\t\t\t<\/div>\n\t\t<\/section>\n\t\t\t\t<section class=\"elementor-section elementor-inner-section elementor-element elementor-element-296603a elementor-section-boxed elementor-section-height-default elementor-section-height-default\" data-id=\"296603a\" data-element_type=\"section\">\n\t\t\t\t\t\t<div class=\"elementor-container elementor-column-gap-default\">\n\t\t\t\t\t\t<\/div>\n\t\t<\/section>\n\t\t\t\t\t<\/div>\n\t\t<\/div>\n\t\t\t\t\t<\/div>\n\t\t<\/section>\n\t\t\t\t<section class=\"elementor-section elementor-top-section elementor-element elementor-element-5a7397d elementor-section-boxed elementor-section-height-default elementor-section-height-default\" data-id=\"5a7397d\" data-element_type=\"section\">\n\t\t\t\t\t\t<div class=\"elementor-container elementor-column-gap-default\">\n\t\t\t\t\t<div class=\"elementor-column elementor-col-100 elementor-top-column elementor-element elementor-element-8b33b4b\" data-id=\"8b33b4b\" data-element_type=\"column\">\n\t\t\t<div class=\"elementor-widget-wrap elementor-element-populated\">\n\t\t\t\t\t\t<div class=\"elementor-element elementor-element-89dac4b elementor-widget elementor-widget-heading\" data-id=\"89dac4b\" data-element_type=\"widget\" data-widget_type=\"heading.default\">\n\t\t\t\t<div class=\"elementor-widget-container\">\n\t\t\t\t\t<h2 class=\"elementor-heading-title elementor-size-default\">Donde la lengua francesa cobra vida<\/h2>\t\t\t\t<\/div>\n\t\t\t\t<\/div>\n\t\t\t\t<div class=\"elementor-element elementor-element-4fc7069 elementor-widget elementor-widget-text-editor\" data-id=\"4fc7069\" data-element_type=\"widget\" data-widget_type=\"text-editor.default\">\n\t\t\t\t<div class=\"elementor-widget-container\">\n\t\t\t\t\t\t\t\t\t<p><span style=\"font-weight: 400;\">M\u00e1s all\u00e1 de los resultados y las cifras, estas reuniones son un recordatorio de que el mundo franc\u00f3fono vive y respira a trav\u00e9s de las personas que lo hacen posible.  <\/span><span style=\"font-weight: 400;\">En cada isla, las Alianzas Francesas re\u00fanen a la gente, transmiten e inspiran.  <\/span><span style=\"font-weight: 400;\">Enraizados en su propia realidad, tienden puentes entre lenguas, culturas y generaciones: una Francofon\u00eda viva, integradora y profundamente caribe\u00f1a.<\/span><\/p>\t\t\t\t\t\t\t\t<\/div>\n\t\t\t\t<\/div>\n\t\t\t\t<section class=\"elementor-section elementor-inner-section elementor-element elementor-element-d9ce3c4 elementor-section-boxed elementor-section-height-default elementor-section-height-default\" data-id=\"d9ce3c4\" data-element_type=\"section\">\n\t\t\t\t\t\t<div class=\"elementor-container elementor-column-gap-default\">\n\t\t\t\t\t<div class=\"elementor-column elementor-col-100 elementor-inner-column elementor-element elementor-element-9419bd5\" data-id=\"9419bd5\" data-element_type=\"column\">\n\t\t\t<div class=\"elementor-widget-wrap elementor-element-populated\">\n\t\t\t\t\t\t<div class=\"elementor-element elementor-element-8b6e44b elementor-widget elementor-widget-accordion\" data-id=\"8b6e44b\" data-element_type=\"widget\" data-widget_type=\"accordion.default\">\n\t\t\t\t<div class=\"elementor-widget-container\">\n\t\t\t\t\t\t\t<div class=\"elementor-accordion\">\n\t\t\t\t\t\t\t<div class=\"elementor-accordion-item\">\n\t\t\t\t\t<div id=\"elementor-tab-title-1461\" class=\"elementor-tab-title\" data-tab=\"1\" role=\"button\" aria-controls=\"elementor-tab-content-1461\" aria-expanded=\"false\">\n\t\t\t\t\t\t\t\t\t\t\t\t\t<span class=\"elementor-accordion-icon elementor-accordion-icon-left\" aria-hidden=\"true\">\n\t\t\t\t\t\t\t\t\t\t\t\t\t\t\t<span class=\"elementor-accordion-icon-closed\"><i class=\"fas fa-plus\"><\/i><\/span>\n\t\t\t\t\t\t\t\t<span class=\"elementor-accordion-icon-opened\"><i class=\"fas fa-minus\"><\/i><\/span>\n\t\t\t\t\t\t\t\t\t\t\t\t\t\t<\/span>\n\t\t\t\t\t\t\t\t\t\t\t\t<a class=\"elementor-accordion-title\" tabindex=\"0\">\u00bfCu\u00e1l es el papel de las Alianzas Francesas en el Caribe?<\/a>\n\t\t\t\t\t<\/div>\n\t\t\t\t\t<div id=\"elementor-tab-content-1461\" class=\"elementor-tab-content elementor-clearfix\" data-tab=\"1\" role=\"region\" aria-labelledby=\"elementor-tab-title-1461\"><p>Las Alianzas Francesas desempe\u00f1an un papel central en la ense\u00f1anza de la lengua francesa, la difusi\u00f3n cultural y el di\u00e1logo entre los territorios caribe\u00f1os. Ancladas localmente, adaptan sus actividades a las realidades sociales, ling\u00fc\u00edsticas y culturales de cada isla. <\/p>\n<\/div>\n\t\t\t\t<\/div>\n\t\t\t\t\t\t\t<div class=\"elementor-accordion-item\">\n\t\t\t\t\t<div id=\"elementor-tab-title-1462\" class=\"elementor-tab-title\" data-tab=\"2\" role=\"button\" aria-controls=\"elementor-tab-content-1462\" aria-expanded=\"false\">\n\t\t\t\t\t\t\t\t\t\t\t\t\t<span class=\"elementor-accordion-icon elementor-accordion-icon-left\" aria-hidden=\"true\">\n\t\t\t\t\t\t\t\t\t\t\t\t\t\t\t<span class=\"elementor-accordion-icon-closed\"><i class=\"fas fa-plus\"><\/i><\/span>\n\t\t\t\t\t\t\t\t<span class=\"elementor-accordion-icon-opened\"><i class=\"fas fa-minus\"><\/i><\/span>\n\t\t\t\t\t\t\t\t\t\t\t\t\t\t<\/span>\n\t\t\t\t\t\t\t\t\t\t\t\t<a class=\"elementor-accordion-title\" tabindex=\"0\">  \u00bfPor qu\u00e9 es importante el seminario de R\u00e9zo para las Alianzas francesas?<\/a>\n\t\t\t\t\t<\/div>\n\t\t\t\t\t<div id=\"elementor-tab-content-1462\" class=\"elementor-tab-content elementor-clearfix\" data-tab=\"2\" role=\"region\" aria-labelledby=\"elementor-tab-title-1462\"><p><span style=\"font-weight: 400;\">El seminario de R\u00e9zo es el \u00fanico evento anual en el que se re\u00fanen todos los directores de las Alianzas Francesas del Caribe. Les permite compartir pr\u00e1cticas, reforzar la cooperaci\u00f3n regional y mantener una din\u00e1mica colectiva en una red geogr\u00e1ficamente dispersa. <\/span><\/p>\n<\/div>\n\t\t\t\t<\/div>\n\t\t\t\t\t\t\t<div class=\"elementor-accordion-item\">\n\t\t\t\t\t<div id=\"elementor-tab-title-1463\" class=\"elementor-tab-title\" data-tab=\"3\" role=\"button\" aria-controls=\"elementor-tab-content-1463\" aria-expanded=\"false\">\n\t\t\t\t\t\t\t\t\t\t\t\t\t<span class=\"elementor-accordion-icon elementor-accordion-icon-left\" aria-hidden=\"true\">\n\t\t\t\t\t\t\t\t\t\t\t\t\t\t\t<span class=\"elementor-accordion-icon-closed\"><i class=\"fas fa-plus\"><\/i><\/span>\n\t\t\t\t\t\t\t\t<span class=\"elementor-accordion-icon-opened\"><i class=\"fas fa-minus\"><\/i><\/span>\n\t\t\t\t\t\t\t\t\t\t\t\t\t\t<\/span>\n\t\t\t\t\t\t\t\t\t\t\t\t<a class=\"elementor-accordion-title\" tabindex=\"0\">\u00bfC\u00f3mo se adaptan las Alianzas francesas a las realidades locales?<\/a>\n\t\t\t\t\t<\/div>\n\t\t\t\t\t<div id=\"elementor-tab-content-1463\" class=\"elementor-tab-content elementor-clearfix\" data-tab=\"3\" role=\"region\" aria-labelledby=\"elementor-tab-title-1463\"><p><span style=\"font-weight: 400;\">Las Alianzas francesas desarrollan proyectos a medida: cursos online o presenciales, acciones en centros escolares, proyectos ecol\u00f3gicos, actos culturales, formaci\u00f3n profesional o cooperaci\u00f3n institucional. Esta capacidad de adaptaci\u00f3n es su punto fuerte en un entorno predominantemente angl\u00f3fono. <\/span><\/p>\n<\/div>\n\t\t\t\t<\/div>\n\t\t\t\t\t\t\t\t<\/div>\n\t\t\t\t\t\t<\/div>\n\t\t\t\t<\/div>\n\t\t\t\t\t<\/div>\n\t\t<\/div>\n\t\t\t\t\t<\/div>\n\t\t<\/section>\n\t\t\t\t\t<\/div>\n\t\t<\/div>\n\t\t\t\t\t<\/div>\n\t\t<\/section>\n\t\t\t\t<\/div>\n\t\t","protected":false},"excerpt":{"rendered":"<p>El seminario R\u00e9zo 2025, celebrado en Granada, reuni\u00f3 a los directores de las Alianzas Francesas del Caribe angl\u00f3fono para compartir una ambici\u00f3n com\u00fan: consolidar los v\u00ednculos entre los territorios y reforzar la vitalidad de la francofon\u00eda en la regi\u00f3n. Tras explorar la visi\u00f3n institucional y estrat\u00e9gica de esta cooperaci\u00f3n regional en el art\u00edculo anterior, &#8220;La [&hellip;]<\/p>\n","protected":false},"author":662,"featured_media":67518,"comment_status":"open","ping_status":"open","sticky":false,"template":"","format":"standard","meta":{"_acf_changed":false,"footnotes":""},"categories":[1456],"tags":[1593,1717,1609,1592,1594,1682,1740,1669,1826],"class_list":["post-67596","post","type-post","status-publish","format-standard","has-post-thumbnail","hentry","category-destacados","tag-barbade-es","tag-dominique-es","tag-granada","tag-guyana-es","tag-sainte-lucie-es","tag-san-cristobal-y-nieves","tag-san-vicente-y-las-granadinas","tag-surinam","tag-trinidad-tobago-es-2"],"acf":[],"_links":{"self":[{"href":"https:\/\/richeskarayib.com\/es\/wp-json\/wp\/v2\/posts\/67596","targetHints":{"allow":["GET"]}}],"collection":[{"href":"https:\/\/richeskarayib.com\/es\/wp-json\/wp\/v2\/posts"}],"about":[{"href":"https:\/\/richeskarayib.com\/es\/wp-json\/wp\/v2\/types\/post"}],"author":[{"embeddable":true,"href":"https:\/\/richeskarayib.com\/es\/wp-json\/wp\/v2\/users\/662"}],"replies":[{"embeddable":true,"href":"https:\/\/richeskarayib.com\/es\/wp-json\/wp\/v2\/comments?post=67596"}],"version-history":[{"count":0,"href":"https:\/\/richeskarayib.com\/es\/wp-json\/wp\/v2\/posts\/67596\/revisions"}],"wp:featuredmedia":[{"embeddable":true,"href":"https:\/\/richeskarayib.com\/es\/wp-json\/wp\/v2\/media\/67518"}],"wp:attachment":[{"href":"https:\/\/richeskarayib.com\/es\/wp-json\/wp\/v2\/media?parent=67596"}],"wp:term":[{"taxonomy":"category","embeddable":true,"href":"https:\/\/richeskarayib.com\/es\/wp-json\/wp\/v2\/categories?post=67596"},{"taxonomy":"post_tag","embeddable":true,"href":"https:\/\/richeskarayib.com\/es\/wp-json\/wp\/v2\/tags?post=67596"}],"curies":[{"name":"wp","href":"https:\/\/api.w.org\/{rel}","templated":true}]}}