{"id":67616,"date":"2025-12-31T08:28:57","date_gmt":"2025-12-31T12:28:57","guid":{"rendered":"https:\/\/richeskarayib.com\/guadalupe-armel-vertino-albert-pionero-del-cine-caribeno-guardian-de-la-memoria-y-la-inspiracion\/"},"modified":"2025-12-31T08:28:58","modified_gmt":"2025-12-31T12:28:58","slug":"guadalupe-armel-vertino-albert-pionero-del-cine-caribeno-guardian-de-la-memoria-y-la-inspiracion","status":"publish","type":"post","link":"https:\/\/richeskarayib.com\/es\/guadalupe-armel-vertino-albert-pionero-del-cine-caribeno-guardian-de-la-memoria-y-la-inspiracion\/","title":{"rendered":"Guadalupe &#8211; Armel Vertino-Albert: pionero del cine caribe\u00f1o, guardi\u00e1n de la memoria y la inspiraci\u00f3n"},"content":{"rendered":"\t\t<div data-elementor-type=\"wp-post\" data-elementor-id=\"67616\" class=\"elementor elementor-67616 elementor-67598\" data-elementor-post-type=\"post\">\n\t\t\t\t\t\t<section class=\"elementor-section elementor-top-section elementor-element elementor-element-7ca7ca1 elementor-section-boxed elementor-section-height-default elementor-section-height-default\" data-id=\"7ca7ca1\" data-element_type=\"section\">\n\t\t\t\t\t\t<div class=\"elementor-container elementor-column-gap-default\">\n\t\t\t\t\t<div class=\"elementor-column elementor-col-100 elementor-top-column elementor-element elementor-element-cbdd002\" data-id=\"cbdd002\" data-element_type=\"column\">\n\t\t\t<div class=\"elementor-widget-wrap elementor-element-populated\">\n\t\t\t\t\t\t<section class=\"elementor-section elementor-inner-section elementor-element elementor-element-bc94849 elementor-section-boxed elementor-section-height-default elementor-section-height-default\" data-id=\"bc94849\" data-element_type=\"section\">\n\t\t\t\t\t\t<div class=\"elementor-container elementor-column-gap-default\">\n\t\t\t\t\t\t<\/div>\n\t\t<\/section>\n\t\t\t\t<section class=\"elementor-section elementor-inner-section elementor-element elementor-element-61571e6 elementor-section-boxed elementor-section-height-default elementor-section-height-default\" data-id=\"61571e6\" data-element_type=\"section\">\n\t\t\t\t\t\t<div class=\"elementor-container elementor-column-gap-default\">\n\t\t\t\t\t\t<\/div>\n\t\t<\/section>\n\t\t\t\t<section class=\"elementor-section elementor-inner-section elementor-element elementor-element-b6262e0 elementor-section-boxed elementor-section-height-default elementor-section-height-default\" data-id=\"b6262e0\" data-element_type=\"section\">\n\t\t\t\t\t\t<div class=\"elementor-container elementor-column-gap-default\">\n\t\t\t\t\t\t<\/div>\n\t\t<\/section>\n\t\t\t\t<section class=\"elementor-section elementor-inner-section elementor-element elementor-element-cca29fd elementor-section-boxed elementor-section-height-default elementor-section-height-default\" data-id=\"cca29fd\" data-element_type=\"section\">\n\t\t\t\t\t\t<div class=\"elementor-container elementor-column-gap-default\">\n\t\t\t\t\t\t<\/div>\n\t\t<\/section>\n\t\t\t\t\t<\/div>\n\t\t<\/div>\n\t\t\t\t\t<\/div>\n\t\t<\/section>\n\t\t\t\t<section class=\"elementor-section elementor-top-section elementor-element elementor-element-a6d4222 elementor-section-boxed elementor-section-height-default elementor-section-height-default\" data-id=\"a6d4222\" data-element_type=\"section\">\n\t\t\t\t\t\t<div class=\"elementor-container elementor-column-gap-default\">\n\t\t\t\t\t<div class=\"elementor-column elementor-col-100 elementor-top-column elementor-element elementor-element-ea27f09\" data-id=\"ea27f09\" data-element_type=\"column\">\n\t\t\t<div class=\"elementor-widget-wrap elementor-element-populated\">\n\t\t\t\t\t\t<div class=\"elementor-element elementor-element-0245cc6 elementor-widget elementor-widget-text-editor\" data-id=\"0245cc6\" data-element_type=\"widget\" data-widget_type=\"text-editor.default\">\n\t\t\t\t<div class=\"elementor-widget-container\">\n\t\t\t\t\t\t\t\t\t<p><a href=\"https:\/\/www.facebook.com\/lavilledepointeapitre\/posts\/info-du-jour-%C3%A0-loccasion-des-130-ans-du-cin%C3%A9ma-mme-rosette-bonneto-maire-adjoint\/1199585672312286\/\" target=\"_blank\" rel=\"noopener nofollow\"><b>Armel Vertino-Albert<\/b><\/a><span style=\"font-weight: 400;\">  es una figura importante en el panorama audiovisual caribe\u00f1o, reconocida por su prolongado compromiso con el cine, la promoci\u00f3n de las narrativas locales y la transmisi\u00f3n de conocimientos a trav\u00e9s de las im\u00e1genes. En una \u00e9poca en la que la cinematograf\u00eda de ultramar luchaba por encontrar su lugar, se ha consolidado como directora y productora cuyo trabajo est\u00e1 contribuyendo a redefinir la forma en que se cuenta la cultura caribe\u00f1a a trav\u00e9s de la pantalla. <\/span><\/p>\t\t\t\t\t\t\t\t<\/div>\n\t\t\t\t<\/div>\n\t\t\t\t\t<\/div>\n\t\t<\/div>\n\t\t\t\t\t<\/div>\n\t\t<\/section>\n\t\t\t\t<section class=\"elementor-section elementor-top-section elementor-element elementor-element-e1fea79 elementor-section-boxed elementor-section-height-default elementor-section-height-default\" data-id=\"e1fea79\" data-element_type=\"section\">\n\t\t\t\t\t\t<div class=\"elementor-container elementor-column-gap-default\">\n\t\t\t\t\t<div class=\"elementor-column elementor-col-100 elementor-top-column elementor-element elementor-element-6d0be76\" data-id=\"6d0be76\" data-element_type=\"column\">\n\t\t\t<div class=\"elementor-widget-wrap elementor-element-populated\">\n\t\t\t\t\t\t<div class=\"elementor-element elementor-element-a310b25 elementor-widget elementor-widget-heading\" data-id=\"a310b25\" data-element_type=\"widget\" data-widget_type=\"heading.default\">\n\t\t\t\t<div class=\"elementor-widget-container\">\n\t\t\t\t\t<h2 class=\"elementor-heading-title elementor-size-default\">Un gran homenaje en 2025<\/h2>\t\t\t\t<\/div>\n\t\t\t\t<\/div>\n\t\t\t\t<div class=\"elementor-element elementor-element-bbb62ae elementor-widget elementor-widget-text-editor\" data-id=\"bbb62ae\" data-element_type=\"widget\" data-widget_type=\"text-editor.default\">\n\t\t\t\t<div class=\"elementor-widget-container\">\n\t\t\t\t\t\t\t\t\t<p><span style=\"font-weight: 400;\">Diciembre de 2025, <\/span><b>Armel Vertino-Albert<\/b><span style=\"font-weight: 400;\"> fue homenajeado en Pointe-\u00e0-Pitre, <a href=\"https:\/\/richeskarayib.com\/es\/festival-internacional-de-musica-saint-georges-2025-guadalupe-celebra-un-patrimonio-musical-mundial\/\" target=\"_blank\" rel=\"noopener\">Guadalupe<\/a>, en un acto organizado con motivo de los <\/span><b>130 a\u00f1os de cine<\/b><span style=\"font-weight: 400;\">. La ceremonia rindi\u00f3 homenaje no s\u00f3lo a su carrera art\u00edstica, sino tambi\u00e9n a su duradera contribuci\u00f3n al desarrollo del cine en el Caribe.<\/span><\/p><p><span style=\"font-weight: 400;\">El reconocimiento de su obra en esta ocasi\u00f3n puso de relieve la importancia de su papel en la historia cultural de la regi\u00f3n, destacando su contribuci\u00f3n a la afirmaci\u00f3n de un cine portador de las voces y experiencias del Caribe.<\/span><\/p>\t\t\t\t\t\t\t\t<\/div>\n\t\t\t\t<\/div>\n\t\t\t\t<section class=\"elementor-section elementor-inner-section elementor-element elementor-element-c6313c2 elementor-section-boxed elementor-section-height-default elementor-section-height-default\" data-id=\"c6313c2\" data-element_type=\"section\">\n\t\t\t\t\t\t<div class=\"elementor-container elementor-column-gap-default\">\n\t\t\t\t\t<div class=\"elementor-column elementor-col-100 elementor-inner-column elementor-element elementor-element-f7f0ee4\" data-id=\"f7f0ee4\" data-element_type=\"column\">\n\t\t\t<div class=\"elementor-widget-wrap elementor-element-populated\">\n\t\t\t\t\t\t<div class=\"elementor-element elementor-element-4e8d861 elementor-widget elementor-widget-image\" data-id=\"4e8d861\" data-element_type=\"widget\" data-widget_type=\"image.default\">\n\t\t\t\t<div class=\"elementor-widget-container\">\n\t\t\t\t\t\t\t\t\t\t\t\t<figure class=\"wp-caption\">\n\t\t\t\t\t\t\t\t\t\t<img fetchpriority=\"high\" decoding=\"async\" width=\"800\" height=\"600\" src=\"https:\/\/richeskarayib.com\/wp-content\/uploads\/2025\/12\/La-Ville-de-Pointe-a-Pitre-1024x768.jpg\" class=\"attachment-large size-large wp-image-67606\" alt=\"Armel Vertino-Albert\" srcset=\"https:\/\/richeskarayib.com\/wp-content\/uploads\/2025\/12\/La-Ville-de-Pointe-a-Pitre-1024x768.jpg 1024w, https:\/\/richeskarayib.com\/wp-content\/uploads\/2025\/12\/La-Ville-de-Pointe-a-Pitre-300x225.jpg 300w, https:\/\/richeskarayib.com\/wp-content\/uploads\/2025\/12\/La-Ville-de-Pointe-a-Pitre-768x576.jpg 768w, https:\/\/richeskarayib.com\/wp-content\/uploads\/2025\/12\/La-Ville-de-Pointe-a-Pitre-1536x1152.jpg 1536w, https:\/\/richeskarayib.com\/wp-content\/uploads\/2025\/12\/La-Ville-de-Pointe-a-Pitre-1320x990.jpg 1320w, https:\/\/richeskarayib.com\/wp-content\/uploads\/2025\/12\/La-Ville-de-Pointe-a-Pitre.jpg 1920w\" sizes=\"(max-width: 800px) 100vw, 800px\" \/>\t\t\t\t\t\t\t\t\t\t\t<figcaption class=\"widget-image-caption wp-caption-text\">\u00a9La Ville de Pointe-a\u0300-Pitre<\/figcaption>\n\t\t\t\t\t\t\t\t\t\t<\/figure>\n\t\t\t\t\t\t\t\t\t<\/div>\n\t\t\t\t<\/div>\n\t\t\t\t\t<\/div>\n\t\t<\/div>\n\t\t\t\t\t<\/div>\n\t\t<\/section>\n\t\t\t\t\t<\/div>\n\t\t<\/div>\n\t\t\t\t\t<\/div>\n\t\t<\/section>\n\t\t\t\t<section class=\"elementor-section elementor-top-section elementor-element elementor-element-ee72354 elementor-section-boxed elementor-section-height-default elementor-section-height-default\" data-id=\"ee72354\" data-element_type=\"section\">\n\t\t\t\t\t\t<div class=\"elementor-container elementor-column-gap-default\">\n\t\t\t\t\t<div class=\"elementor-column elementor-col-100 elementor-top-column elementor-element elementor-element-c59d6fe\" data-id=\"c59d6fe\" data-element_type=\"column\">\n\t\t\t<div class=\"elementor-widget-wrap elementor-element-populated\">\n\t\t\t\t\t\t<div class=\"elementor-element elementor-element-ddc6a1e elementor-widget elementor-widget-heading\" data-id=\"ddc6a1e\" data-element_type=\"widget\" data-widget_type=\"heading.default\">\n\t\t\t\t<div class=\"elementor-widget-container\">\n\t\t\t\t\t<h2 class=\"elementor-heading-title elementor-size-default\">Un compromiso desde los a\u00f1os 60<\/h2>\t\t\t\t<\/div>\n\t\t\t\t<\/div>\n\t\t\t\t<div class=\"elementor-element elementor-element-e57451f elementor-widget elementor-widget-text-editor\" data-id=\"e57451f\" data-element_type=\"widget\" data-widget_type=\"text-editor.default\">\n\t\t\t\t<div class=\"elementor-widget-container\">\n\t\t\t\t\t\t\t\t\t<p><span style=\"font-weight: 400;\">Activo en la industria cinematogr\u00e1fica desde 1966, <\/span><b>Armel Vertino-Albert<\/b><span style=\"font-weight: 400;\"> ha construido una carrera rica y variada, marcada por pel\u00edculas, producciones y proyectos documentales centrados en las realidades sociales, hist\u00f3ricas y culturales del Caribe.<\/span><\/p><p><span style=\"font-weight: 400;\">Su trabajo se enmarca en un contexto en el que los cineastas de territorios de ultramar han tenido que luchar para que se escuchen sus historias frente a las industrias dominantes. Al dar un lugar central a las historias locales, ha contribuido a fortalecer un cine   <\/span><b>arraigada en la memoria colectiva<\/b><span style=\"font-weight: 400;\"> y fuente de muchas perspectivas diferentes sobre las sociedades caribe\u00f1as.<\/span><\/p>\t\t\t\t\t\t\t\t<\/div>\n\t\t\t\t<\/div>\n\t\t\t\t\t<\/div>\n\t\t<\/div>\n\t\t\t\t\t<\/div>\n\t\t<\/section>\n\t\t\t\t<section class=\"elementor-section elementor-top-section elementor-element elementor-element-82cd8f9 elementor-section-boxed elementor-section-height-default elementor-section-height-default\" data-id=\"82cd8f9\" data-element_type=\"section\">\n\t\t\t\t\t\t<div class=\"elementor-container elementor-column-gap-default\">\n\t\t\t\t\t<div class=\"elementor-column elementor-col-100 elementor-top-column elementor-element elementor-element-0bfdc38\" data-id=\"0bfdc38\" data-element_type=\"column\">\n\t\t\t<div class=\"elementor-widget-wrap elementor-element-populated\">\n\t\t\t\t\t\t<div class=\"elementor-element elementor-element-7d292fe elementor-widget elementor-widget-heading\" data-id=\"7d292fe\" data-element_type=\"widget\" data-widget_type=\"heading.default\">\n\t\t\t\t<div class=\"elementor-widget-container\">\n\t\t\t\t\t<h2 class=\"elementor-heading-title elementor-size-default\">Una obra rica en temas sociales y humanos<\/h2>\t\t\t\t<\/div>\n\t\t\t\t<\/div>\n\t\t\t\t<div class=\"elementor-element elementor-element-8e337bf elementor-widget elementor-widget-text-editor\" data-id=\"8e337bf\" data-element_type=\"widget\" data-widget_type=\"text-editor.default\">\n\t\t\t\t<div class=\"elementor-widget-container\">\n\t\t\t\t\t\t\t\t\t<p><span style=\"font-weight: 400;\">Pel\u00edculas de <\/span><b>Armel Vertino-Albert<\/b><span style=\"font-weight: 400;\">  exploran temas que van m\u00e1s all\u00e1 de la simple narrativa: la identidad, la memoria, la transmisi\u00f3n, la lucha social y la representaci\u00f3n cultural est\u00e1n en el centro de sus producciones. Aunque no siempre es f\u00e1cil reconstruir una filmograf\u00eda completa a partir de fuentes p\u00fablicas, su trabajo se asocia con frecuencia a proyectos documentales y cortometrajes que arrojan luz sobre realidades cotidianas a menudo invisibles. <\/span><\/p><p><span style=\"font-weight: 400;\">Al hacerlo, ha dado <\/span><b>voz a las comunidades caribe\u00f1as<\/b><span style=\"font-weight: 400;\">Su obra tambi\u00e9n ha sido aclamada en festivales y eventos locales, subrayando su capacidad para combinar la sensibilidad art\u00edstica con la relevancia social. Su obra tambi\u00e9n ha sido aclamada en festivales y eventos locales, subrayando su capacidad para combinar la sensibilidad art\u00edstica con la relevancia social. <\/span><\/p>\t\t\t\t\t\t\t\t<\/div>\n\t\t\t\t<\/div>\n\t\t\t\t<section class=\"elementor-section elementor-inner-section elementor-element elementor-element-8e59ea2 elementor-section-boxed elementor-section-height-default elementor-section-height-default\" data-id=\"8e59ea2\" data-element_type=\"section\">\n\t\t\t\t\t\t<div class=\"elementor-container elementor-column-gap-default\">\n\t\t\t\t\t<div class=\"elementor-column elementor-col-100 elementor-inner-column elementor-element elementor-element-0a38aed\" data-id=\"0a38aed\" data-element_type=\"column\">\n\t\t\t<div class=\"elementor-widget-wrap elementor-element-populated\">\n\t\t\t\t\t\t<div class=\"elementor-element elementor-element-86faaea elementor-widget elementor-widget-image\" data-id=\"86faaea\" data-element_type=\"widget\" data-widget_type=\"image.default\">\n\t\t\t\t<div class=\"elementor-widget-container\">\n\t\t\t\t\t\t\t\t\t\t\t\t<figure class=\"wp-caption\">\n\t\t\t\t\t\t\t\t\t\t<img decoding=\"async\" width=\"800\" height=\"534\" src=\"https:\/\/richeskarayib.com\/wp-content\/uploads\/2025\/12\/\u00a9JEREMIAH-CARLTON.jpg\" class=\"attachment-large size-large wp-image-67610\" alt=\"Armel Vertino-Albert\" srcset=\"https:\/\/richeskarayib.com\/wp-content\/uploads\/2025\/12\/\u00a9JEREMIAH-CARLTON.jpg 1000w, https:\/\/richeskarayib.com\/wp-content\/uploads\/2025\/12\/\u00a9JEREMIAH-CARLTON-300x200.jpg 300w, https:\/\/richeskarayib.com\/wp-content\/uploads\/2025\/12\/\u00a9JEREMIAH-CARLTON-768x513.jpg 768w\" sizes=\"(max-width: 800px) 100vw, 800px\" \/>\t\t\t\t\t\t\t\t\t\t\t<figcaption class=\"widget-image-caption wp-caption-text\">\u00a9JEREMIAH CARLTON<\/figcaption>\n\t\t\t\t\t\t\t\t\t\t<\/figure>\n\t\t\t\t\t\t\t\t\t<\/div>\n\t\t\t\t<\/div>\n\t\t\t\t\t<\/div>\n\t\t<\/div>\n\t\t\t\t\t<\/div>\n\t\t<\/section>\n\t\t\t\t<section class=\"elementor-section elementor-inner-section elementor-element elementor-element-c582330 elementor-section-boxed elementor-section-height-default elementor-section-height-default\" data-id=\"c582330\" data-element_type=\"section\">\n\t\t\t\t\t\t<div class=\"elementor-container elementor-column-gap-default\">\n\t\t\t\t\t\t<\/div>\n\t\t<\/section>\n\t\t\t\t<section class=\"elementor-section elementor-inner-section elementor-element elementor-element-296603a elementor-section-boxed elementor-section-height-default elementor-section-height-default\" data-id=\"296603a\" data-element_type=\"section\">\n\t\t\t\t\t\t<div class=\"elementor-container elementor-column-gap-default\">\n\t\t\t\t\t\t<\/div>\n\t\t<\/section>\n\t\t\t\t\t<\/div>\n\t\t<\/div>\n\t\t\t\t\t<\/div>\n\t\t<\/section>\n\t\t\t\t<section class=\"elementor-section elementor-top-section elementor-element elementor-element-5a7397d elementor-section-boxed elementor-section-height-default elementor-section-height-default\" data-id=\"5a7397d\" data-element_type=\"section\">\n\t\t\t\t\t\t<div class=\"elementor-container elementor-column-gap-default\">\n\t\t\t\t\t<div class=\"elementor-column elementor-col-100 elementor-top-column elementor-element elementor-element-8b33b4b\" data-id=\"8b33b4b\" data-element_type=\"column\">\n\t\t\t<div class=\"elementor-widget-wrap elementor-element-populated\">\n\t\t\t\t\t\t<div class=\"elementor-element elementor-element-89dac4b elementor-widget elementor-widget-heading\" data-id=\"89dac4b\" data-element_type=\"widget\" data-widget_type=\"heading.default\">\n\t\t\t\t<div class=\"elementor-widget-container\">\n\t\t\t\t\t<h2 class=\"elementor-heading-title elementor-size-default\">Transmisi\u00f3n e inspiraci\u00f3n<\/h2>\t\t\t\t<\/div>\n\t\t\t\t<\/div>\n\t\t\t\t<div class=\"elementor-element elementor-element-4fc7069 elementor-widget elementor-widget-text-editor\" data-id=\"4fc7069\" data-element_type=\"widget\" data-widget_type=\"text-editor.default\">\n\t\t\t\t<div class=\"elementor-widget-container\">\n\t\t\t\t\t\t\t\t\t<p><span style=\"font-weight: 400;\">M\u00e1s all\u00e1 de su propia creaci\u00f3n, <\/span><b>Armel Vertino-Albert<\/b><span style=\"font-weight: 400;\"> ha hecho <\/span><b>la transmisi\u00f3n de conocimientos en torno a la imagen<\/b><span style=\"font-weight: 400;\">  una dimensi\u00f3n esencial de su compromiso. Participa regularmente en encuentros con j\u00f3venes cineastas, talleres de sensibilizaci\u00f3n y actos culturales destinados a fomentar nuevas vocaciones. <\/span><a href=\"https:\/\/www.drom-com.fr\/articles\/armel-vertino-albert-premiere-cineaste-caraibe-honoree-pointe-pitre-79521.htm?utm_source=chatgpt.com\" rel=\"nofollow noopener\" target=\"_blank\"><span style=\"font-weight: 400;\"> <\/span><\/a><\/p><p><span style=\"font-weight: 400;\">Esta dimensi\u00f3n educativa y comunitaria es especialmente importante en zonas donde el acceso a las herramientas de producci\u00f3n y a las redes art\u00edsticas suele ser limitado. Est\u00e1 ayudando a nutrir una nueva generaci\u00f3n de creadores capaces de llevar a la pantalla sus propias historias. <\/span><\/p>\t\t\t\t\t\t\t\t<\/div>\n\t\t\t\t<\/div>\n\t\t\t\t\t<\/div>\n\t\t<\/div>\n\t\t\t\t\t<\/div>\n\t\t<\/section>\n\t\t\t\t<section class=\"elementor-section elementor-top-section elementor-element elementor-element-be1c2b5 elementor-section-boxed elementor-section-height-default elementor-section-height-default\" data-id=\"be1c2b5\" data-element_type=\"section\">\n\t\t\t\t\t\t<div class=\"elementor-container elementor-column-gap-default\">\n\t\t\t\t\t<div class=\"elementor-column elementor-col-100 elementor-top-column elementor-element elementor-element-29d1507\" data-id=\"29d1507\" data-element_type=\"column\">\n\t\t\t<div class=\"elementor-widget-wrap elementor-element-populated\">\n\t\t\t\t\t\t<div class=\"elementor-element elementor-element-c0de8ea elementor-widget elementor-widget-heading\" data-id=\"c0de8ea\" data-element_type=\"widget\" data-widget_type=\"heading.default\">\n\t\t\t\t<div class=\"elementor-widget-container\">\n\t\t\t\t\t<h2 class=\"elementor-heading-title elementor-size-default\">Reconocimiento que va m\u00e1s all\u00e1 del individuo\n<\/h2>\t\t\t\t<\/div>\n\t\t\t\t<\/div>\n\t\t\t\t<div class=\"elementor-element elementor-element-819dd2d elementor-widget elementor-widget-text-editor\" data-id=\"819dd2d\" data-element_type=\"widget\" data-widget_type=\"text-editor.default\">\n\t\t\t\t<div class=\"elementor-widget-container\">\n\t\t\t\t\t\t\t\t\t<p><span style=\"font-weight: 400;\">Homenaje a <\/span><b>Armel Vertino-Albert<\/b><span style=\"font-weight: 400;\"> no s\u00f3lo lo celebran a \u00e9l personalmente, sino a todo un <\/span><b>todo un patrimonio cinematogr\u00e1fico caribe\u00f1o.<\/b><span style=\"font-weight: 400;\">  que a menudo se ha visto relegado a los m\u00e1rgenes de los circuitos convencionales. La atenci\u00f3n prestada a su obra refleja un movimiento colectivo de reconocimiento de las cinematograf\u00edas de los territorios franceses de ultramar, que ahora desempe\u00f1an un papel cada vez m\u00e1s visible en la programaci\u00f3n cultural regional. <\/span><a href=\"https:\/\/www.drom-com.fr\/articles\/armel-vertino-albert-premiere-cineaste-caraibe-honoree-pointe-pitre-79521.htm?utm_source=chatgpt.com\" rel=\"nofollow noopener\" target=\"_blank\"><span style=\"font-weight: 400;\"> <\/span><\/a><\/p><p><span style=\"font-weight: 400;\">Este reconocimiento nos permite echar una nueva mirada a pr\u00e1cticas art\u00edsticas que durante mucho tiempo han tenido que abrirse camino en paisajes institucionales y medi\u00e1ticos que les daban poca visibilidad.<\/span><\/p>\t\t\t\t\t\t\t\t<\/div>\n\t\t\t\t<\/div>\n\t\t\t\t<section class=\"elementor-section elementor-inner-section elementor-element elementor-element-2fc786d elementor-section-boxed elementor-section-height-default elementor-section-height-default\" data-id=\"2fc786d\" data-element_type=\"section\">\n\t\t\t\t\t\t<div class=\"elementor-container elementor-column-gap-default\">\n\t\t\t\t\t<div class=\"elementor-column elementor-col-100 elementor-inner-column elementor-element elementor-element-c234f68\" data-id=\"c234f68\" data-element_type=\"column\">\n\t\t\t<div class=\"elementor-widget-wrap elementor-element-populated\">\n\t\t\t\t\t\t<div class=\"elementor-element elementor-element-83143b0 elementor-widget elementor-widget-image\" data-id=\"83143b0\" data-element_type=\"widget\" data-widget_type=\"image.default\">\n\t\t\t\t<div class=\"elementor-widget-container\">\n\t\t\t\t\t\t\t\t\t\t\t\t<figure class=\"wp-caption\">\n\t\t\t\t\t\t\t\t\t\t<img decoding=\"async\" width=\"800\" height=\"600\" src=\"https:\/\/richeskarayib.com\/wp-content\/uploads\/2025\/12\/La-Ville-de-Pointe-a-Pitre-1-1024x768.jpg\" class=\"attachment-large size-large wp-image-67614\" alt=\"Armel Vertino-Albert\" srcset=\"https:\/\/richeskarayib.com\/wp-content\/uploads\/2025\/12\/La-Ville-de-Pointe-a-Pitre-1-1024x768.jpg 1024w, https:\/\/richeskarayib.com\/wp-content\/uploads\/2025\/12\/La-Ville-de-Pointe-a-Pitre-1-300x225.jpg 300w, https:\/\/richeskarayib.com\/wp-content\/uploads\/2025\/12\/La-Ville-de-Pointe-a-Pitre-1-768x576.jpg 768w, https:\/\/richeskarayib.com\/wp-content\/uploads\/2025\/12\/La-Ville-de-Pointe-a-Pitre-1-1536x1152.jpg 1536w, https:\/\/richeskarayib.com\/wp-content\/uploads\/2025\/12\/La-Ville-de-Pointe-a-Pitre-1-1320x990.jpg 1320w, https:\/\/richeskarayib.com\/wp-content\/uploads\/2025\/12\/La-Ville-de-Pointe-a-Pitre-1.jpg 1920w\" sizes=\"(max-width: 800px) 100vw, 800px\" \/>\t\t\t\t\t\t\t\t\t\t\t<figcaption class=\"widget-image-caption wp-caption-text\">\u00a9La Ville de Pointe-a\u0300-Pitre 1<\/figcaption>\n\t\t\t\t\t\t\t\t\t\t<\/figure>\n\t\t\t\t\t\t\t\t\t<\/div>\n\t\t\t\t<\/div>\n\t\t\t\t\t<\/div>\n\t\t<\/div>\n\t\t\t\t\t<\/div>\n\t\t<\/section>\n\t\t\t\t\t<\/div>\n\t\t<\/div>\n\t\t\t\t\t<\/div>\n\t\t<\/section>\n\t\t\t\t<section class=\"elementor-section elementor-top-section elementor-element elementor-element-251ef48 elementor-section-boxed elementor-section-height-default elementor-section-height-default\" data-id=\"251ef48\" data-element_type=\"section\">\n\t\t\t\t\t\t<div class=\"elementor-container elementor-column-gap-default\">\n\t\t\t\t\t<div class=\"elementor-column elementor-col-100 elementor-top-column elementor-element elementor-element-a888eea\" data-id=\"a888eea\" data-element_type=\"column\">\n\t\t\t<div class=\"elementor-widget-wrap elementor-element-populated\">\n\t\t\t\t\t\t<div class=\"elementor-element elementor-element-eeb5a9a elementor-widget elementor-widget-text-editor\" data-id=\"eeb5a9a\" data-element_type=\"widget\" data-widget_type=\"text-editor.default\">\n\t\t\t\t<div class=\"elementor-widget-container\">\n\t\t\t\t\t\t\t\t\t<p><b>Armel Vertino-Albert<\/b><span style=\"font-weight: 400;\">  es una artista y promotora cultural cuya trayectoria est\u00e1 profundamente vinculada a la historia del cine en <a href=\"https:\/\/richeskarayib.com\/es\/bouladjel-el-profundo-aliento-de-guadalupe\/\" target=\"_blank\" rel=\"noopener\">Guadalupe<\/a> y el Caribe. A trav\u00e9s de sus pel\u00edculas, su compromiso social y su papel como transmisora de la memoria, ha contribuido a ampliar el \u00e1mbito de representaci\u00f3n de las voces caribe\u00f1as en la pantalla. El homenaje que se le rindi\u00f3 en 2025 atestigua la importancia de su obra, no s\u00f3lo como logro art\u00edstico, sino tambi\u00e9n como fuente de inspiraci\u00f3n para las generaciones futuras.  <\/span><\/p>\t\t\t\t\t\t\t\t<\/div>\n\t\t\t\t<\/div>\n\t\t\t\t<section class=\"elementor-section elementor-inner-section elementor-element elementor-element-74fc401 elementor-section-boxed elementor-section-height-default elementor-section-height-default\" data-id=\"74fc401\" data-element_type=\"section\">\n\t\t\t\t\t\t<div class=\"elementor-container elementor-column-gap-default\">\n\t\t\t\t\t<div class=\"elementor-column elementor-col-100 elementor-inner-column elementor-element elementor-element-2336c17\" data-id=\"2336c17\" data-element_type=\"column\">\n\t\t\t<div class=\"elementor-widget-wrap elementor-element-populated\">\n\t\t\t\t\t\t<div class=\"elementor-element elementor-element-f301554 elementor-widget elementor-widget-accordion\" data-id=\"f301554\" data-element_type=\"widget\" data-widget_type=\"accordion.default\">\n\t\t\t\t<div class=\"elementor-widget-container\">\n\t\t\t\t\t\t\t<div class=\"elementor-accordion\">\n\t\t\t\t\t\t\t<div class=\"elementor-accordion-item\">\n\t\t\t\t\t<div id=\"elementor-tab-title-2541\" class=\"elementor-tab-title\" data-tab=\"1\" role=\"button\" aria-controls=\"elementor-tab-content-2541\" aria-expanded=\"false\">\n\t\t\t\t\t\t\t\t\t\t\t\t\t<span class=\"elementor-accordion-icon elementor-accordion-icon-left\" aria-hidden=\"true\">\n\t\t\t\t\t\t\t\t\t\t\t\t\t\t\t<span class=\"elementor-accordion-icon-closed\"><i class=\"fas fa-plus\"><\/i><\/span>\n\t\t\t\t\t\t\t\t<span class=\"elementor-accordion-icon-opened\"><i class=\"fas fa-minus\"><\/i><\/span>\n\t\t\t\t\t\t\t\t\t\t\t\t\t\t<\/span>\n\t\t\t\t\t\t\t\t\t\t\t\t<a class=\"elementor-accordion-title\" tabindex=\"0\">\u00bfQui\u00e9n es Armel Vertino-Albert?<\/a>\n\t\t\t\t\t<\/div>\n\t\t\t\t\t<div id=\"elementor-tab-content-2541\" class=\"elementor-tab-content elementor-clearfix\" data-tab=\"1\" role=\"region\" aria-labelledby=\"elementor-tab-title-2541\"><p><span style=\"font-weight: 400;\">Armel Vertino-Albert es un cineasta guadalupe\u00f1o reconocido como uno de los pioneros del cine caribe\u00f1o. Activo desde los a\u00f1os 60, ha contribuido a la aparici\u00f3n de narrativas locales a trav\u00e9s de pel\u00edculas arraigadas en las realidades sociales, culturales e hist\u00f3ricas del Caribe. <\/span><\/p>\n<\/div>\n\t\t\t\t<\/div>\n\t\t\t\t\t\t\t<div class=\"elementor-accordion-item\">\n\t\t\t\t\t<div id=\"elementor-tab-title-2542\" class=\"elementor-tab-title\" data-tab=\"2\" role=\"button\" aria-controls=\"elementor-tab-content-2542\" aria-expanded=\"false\">\n\t\t\t\t\t\t\t\t\t\t\t\t\t<span class=\"elementor-accordion-icon elementor-accordion-icon-left\" aria-hidden=\"true\">\n\t\t\t\t\t\t\t\t\t\t\t\t\t\t\t<span class=\"elementor-accordion-icon-closed\"><i class=\"fas fa-plus\"><\/i><\/span>\n\t\t\t\t\t\t\t\t<span class=\"elementor-accordion-icon-opened\"><i class=\"fas fa-minus\"><\/i><\/span>\n\t\t\t\t\t\t\t\t\t\t\t\t\t\t<\/span>\n\t\t\t\t\t\t\t\t\t\t\t\t<a class=\"elementor-accordion-title\" tabindex=\"0\">\u00bfPor qu\u00e9 se honr\u00f3 a Armel Vertino-Albert en 2025?<\/a>\n\t\t\t\t\t<\/div>\n\t\t\t\t\t<div id=\"elementor-tab-content-2542\" class=\"elementor-tab-content elementor-clearfix\" data-tab=\"2\" role=\"region\" aria-labelledby=\"elementor-tab-title-2542\"><p><span style=\"font-weight: 400;\">En 2025, Armel Vertino-Albert fue homenajeado en Pointe-\u00e0-Pitre en el marco de los 130 a\u00f1os de cine. Este reconocimiento subraya su importante papel en el desarrollo del cine en Guadalupe y su compromiso permanente con la memoria y la transmisi\u00f3n culturales. <\/span><\/p>\n<\/div>\n\t\t\t\t<\/div>\n\t\t\t\t\t\t\t<div class=\"elementor-accordion-item\">\n\t\t\t\t\t<div id=\"elementor-tab-title-2543\" class=\"elementor-tab-title\" data-tab=\"3\" role=\"button\" aria-controls=\"elementor-tab-content-2543\" aria-expanded=\"false\">\n\t\t\t\t\t\t\t\t\t\t\t\t\t<span class=\"elementor-accordion-icon elementor-accordion-icon-left\" aria-hidden=\"true\">\n\t\t\t\t\t\t\t\t\t\t\t\t\t\t\t<span class=\"elementor-accordion-icon-closed\"><i class=\"fas fa-plus\"><\/i><\/span>\n\t\t\t\t\t\t\t\t<span class=\"elementor-accordion-icon-opened\"><i class=\"fas fa-minus\"><\/i><\/span>\n\t\t\t\t\t\t\t\t\t\t\t\t\t\t<\/span>\n\t\t\t\t\t\t\t\t\t\t\t\t<a class=\"elementor-accordion-title\" tabindex=\"0\">\u00bfQu\u00e9 aportaci\u00f3n ha hecho Armel Vertino-Albert al cine caribe\u00f1o?<\/a>\n\t\t\t\t\t<\/div>\n\t\t\t\t\t<div id=\"elementor-tab-content-2543\" class=\"elementor-tab-content elementor-clearfix\" data-tab=\"3\" role=\"region\" aria-labelledby=\"elementor-tab-title-2543\"><p><span style=\"font-weight: 400;\">La contribuci\u00f3n de Armel Vertino-Albert radica en su capacidad para dar visibilidad a las voces caribe\u00f1as a trav\u00e9s de las im\u00e1genes. Su trabajo ha contribuido a promover historias que a menudo est\u00e1n ausentes de los circuitos convencionales, al tiempo que ha inspirado a nuevas generaciones de cineastas de la regi\u00f3n. <\/span><\/p>\n<\/div>\n\t\t\t\t<\/div>\n\t\t\t\t\t\t\t\t<\/div>\n\t\t\t\t\t\t<\/div>\n\t\t\t\t<\/div>\n\t\t\t\t\t<\/div>\n\t\t<\/div>\n\t\t\t\t\t<\/div>\n\t\t<\/section>\n\t\t\t\t\t<\/div>\n\t\t<\/div>\n\t\t\t\t\t<\/div>\n\t\t<\/section>\n\t\t\t\t<\/div>\n\t\t","protected":false},"excerpt":{"rendered":"<p>Armel Vertino-Albert es una figura importante en el panorama audiovisual caribe\u00f1o, reconocida por su prolongado compromiso con el cine, la promoci\u00f3n de las narrativas locales y la transmisi\u00f3n de conocimientos a trav\u00e9s de las im\u00e1genes. En una \u00e9poca en la que la cinematograf\u00eda de ultramar luchaba por encontrar su lugar, se ha consolidado como directora [&hellip;]<\/p>\n","protected":false},"author":662,"featured_media":67602,"comment_status":"open","ping_status":"open","sticky":false,"template":"","format":"standard","meta":{"_acf_changed":false,"footnotes":""},"categories":[1505],"tags":[1547],"class_list":["post-67616","post","type-post","status-publish","format-standard","has-post-thumbnail","hentry","category-cine-y-video","tag-guadalupe"],"acf":[],"_links":{"self":[{"href":"https:\/\/richeskarayib.com\/es\/wp-json\/wp\/v2\/posts\/67616","targetHints":{"allow":["GET"]}}],"collection":[{"href":"https:\/\/richeskarayib.com\/es\/wp-json\/wp\/v2\/posts"}],"about":[{"href":"https:\/\/richeskarayib.com\/es\/wp-json\/wp\/v2\/types\/post"}],"author":[{"embeddable":true,"href":"https:\/\/richeskarayib.com\/es\/wp-json\/wp\/v2\/users\/662"}],"replies":[{"embeddable":true,"href":"https:\/\/richeskarayib.com\/es\/wp-json\/wp\/v2\/comments?post=67616"}],"version-history":[{"count":0,"href":"https:\/\/richeskarayib.com\/es\/wp-json\/wp\/v2\/posts\/67616\/revisions"}],"wp:featuredmedia":[{"embeddable":true,"href":"https:\/\/richeskarayib.com\/es\/wp-json\/wp\/v2\/media\/67602"}],"wp:attachment":[{"href":"https:\/\/richeskarayib.com\/es\/wp-json\/wp\/v2\/media?parent=67616"}],"wp:term":[{"taxonomy":"category","embeddable":true,"href":"https:\/\/richeskarayib.com\/es\/wp-json\/wp\/v2\/categories?post=67616"},{"taxonomy":"post_tag","embeddable":true,"href":"https:\/\/richeskarayib.com\/es\/wp-json\/wp\/v2\/tags?post=67616"}],"curies":[{"name":"wp","href":"https:\/\/api.w.org\/{rel}","templated":true}]}}