{"id":67859,"date":"2026-01-06T03:39:07","date_gmt":"2026-01-06T07:39:07","guid":{"rendered":"https:\/\/richeskarayib.com\/republica-dominicana-turismo-sostenible-y-patrimonio-las-nuevas-directrices-de-la-unesco-para-el-caribe\/"},"modified":"2026-01-06T03:39:09","modified_gmt":"2026-01-06T07:39:09","slug":"republica-dominicana-turismo-sostenible-y-patrimonio-las-nuevas-directrices-de-la-unesco-para-el-caribe","status":"publish","type":"post","link":"https:\/\/richeskarayib.com\/es\/republica-dominicana-turismo-sostenible-y-patrimonio-las-nuevas-directrices-de-la-unesco-para-el-caribe\/","title":{"rendered":"Rep\u00fablica Dominicana &#8211; Turismo sostenible y patrimonio: las nuevas directrices de la UNESCO para el Caribe"},"content":{"rendered":"\t\t<div data-elementor-type=\"wp-post\" data-elementor-id=\"67859\" class=\"elementor elementor-67859 elementor-67833\" data-elementor-post-type=\"post\">\n\t\t\t\t\t\t<section class=\"elementor-section elementor-top-section elementor-element elementor-element-7ca7ca1 elementor-section-boxed elementor-section-height-default elementor-section-height-default\" data-id=\"7ca7ca1\" data-element_type=\"section\">\n\t\t\t\t\t\t<div class=\"elementor-container elementor-column-gap-default\">\n\t\t\t\t\t<div class=\"elementor-column elementor-col-100 elementor-top-column elementor-element elementor-element-cbdd002\" data-id=\"cbdd002\" data-element_type=\"column\">\n\t\t\t<div class=\"elementor-widget-wrap elementor-element-populated\">\n\t\t\t\t\t\t<section class=\"elementor-section elementor-inner-section elementor-element elementor-element-bc94849 elementor-section-boxed elementor-section-height-default elementor-section-height-default\" data-id=\"bc94849\" data-element_type=\"section\">\n\t\t\t\t\t\t<div class=\"elementor-container elementor-column-gap-default\">\n\t\t\t\t\t\t<\/div>\n\t\t<\/section>\n\t\t\t\t<section class=\"elementor-section elementor-inner-section elementor-element elementor-element-61571e6 elementor-section-boxed elementor-section-height-default elementor-section-height-default\" data-id=\"61571e6\" data-element_type=\"section\">\n\t\t\t\t\t\t<div class=\"elementor-container elementor-column-gap-default\">\n\t\t\t\t\t\t<\/div>\n\t\t<\/section>\n\t\t\t\t<section class=\"elementor-section elementor-inner-section elementor-element elementor-element-b6262e0 elementor-section-boxed elementor-section-height-default elementor-section-height-default\" data-id=\"b6262e0\" data-element_type=\"section\">\n\t\t\t\t\t\t<div class=\"elementor-container elementor-column-gap-default\">\n\t\t\t\t\t\t<\/div>\n\t\t<\/section>\n\t\t\t\t<section class=\"elementor-section elementor-inner-section elementor-element elementor-element-cca29fd elementor-section-boxed elementor-section-height-default elementor-section-height-default\" data-id=\"cca29fd\" data-element_type=\"section\">\n\t\t\t\t\t\t<div class=\"elementor-container elementor-column-gap-default\">\n\t\t\t\t\t\t<\/div>\n\t\t<\/section>\n\t\t\t\t\t<\/div>\n\t\t<\/div>\n\t\t\t\t\t<\/div>\n\t\t<\/section>\n\t\t\t\t<section class=\"elementor-section elementor-top-section elementor-element elementor-element-a6d4222 elementor-section-boxed elementor-section-height-default elementor-section-height-default\" data-id=\"a6d4222\" data-element_type=\"section\">\n\t\t\t\t\t\t<div class=\"elementor-container elementor-column-gap-default\">\n\t\t\t\t\t<div class=\"elementor-column elementor-col-100 elementor-top-column elementor-element elementor-element-ea27f09\" data-id=\"ea27f09\" data-element_type=\"column\">\n\t\t\t<div class=\"elementor-widget-wrap elementor-element-populated\">\n\t\t\t\t\t\t<div class=\"elementor-element elementor-element-0245cc6 elementor-widget elementor-widget-text-editor\" data-id=\"0245cc6\" data-element_type=\"widget\" data-widget_type=\"text-editor.default\">\n\t\t\t\t<div class=\"elementor-widget-container\">\n\t\t\t\t\t\t\t\t\t<p><span style=\"font-weight: 400;\">La presi\u00f3n del turismo sobre los sitios patrimoniales del Caribe ya no es un fen\u00f3meno marginal o puntual. En muchas zonas, el aumento constante del n\u00famero de visitantes, la mayor vulnerabilidad de los ecosistemas y las expectativas econ\u00f3micas locales est\u00e1n poniendo a prueba modelos de gesti\u00f3n que han alcanzado el punto de saturaci\u00f3n.   <\/span><\/p>\t\t\t\t\t\t\t\t<\/div>\n\t\t\t\t<\/div>\n\t\t\t\t<div class=\"elementor-element elementor-element-612550d elementor-widget elementor-widget-text-editor\" data-id=\"612550d\" data-element_type=\"widget\" data-widget_type=\"text-editor.default\">\n\t\t\t\t<div class=\"elementor-widget-container\">\n\t\t\t\t\t\t\t\t\t<p><span style=\"font-weight: 400;\">Lo que est\u00e1 en juego no son tanto los principios del Patrimonio Mundial como la capacidad de los territorios para gestionarlos a largo plazo. Con este tel\u00f3n de fondo,<a href=\"https:\/\/www.unesco.org\/en\/articles\/world-heritage-site-managers-latin-america-and-caribbean-gather-santo-domingo-dominican-republic?utm_source=chatgpt.com\" target=\"_blank\" rel=\"noopener nofollow\">la UNESCO<\/a> reuni\u00f3 en Santo Domingo a los gestores de sitios del Patrimonio Mundial de Am\u00e9rica Latina y el Caribe. Fue una reuni\u00f3n discreta, pero que revel\u00f3 un cambio de rumbo: el Patrimonio Mundial se considera ahora una cuesti\u00f3n de gobernanza, m\u00e1s que una palanca de atracci\u00f3n.  <\/span><\/p>\t\t\t\t\t\t\t\t<\/div>\n\t\t\t\t<\/div>\n\t\t\t\t\t<\/div>\n\t\t<\/div>\n\t\t\t\t\t<\/div>\n\t\t<\/section>\n\t\t\t\t<section class=\"elementor-section elementor-top-section elementor-element elementor-element-e1fea79 elementor-section-boxed elementor-section-height-default elementor-section-height-default\" data-id=\"e1fea79\" data-element_type=\"section\">\n\t\t\t\t\t\t<div class=\"elementor-container elementor-column-gap-default\">\n\t\t\t\t\t<div class=\"elementor-column elementor-col-100 elementor-top-column elementor-element elementor-element-6d0be76\" data-id=\"6d0be76\" data-element_type=\"column\">\n\t\t\t<div class=\"elementor-widget-wrap elementor-element-populated\">\n\t\t\t\t\t\t<div class=\"elementor-element elementor-element-a310b25 elementor-widget elementor-widget-heading\" data-id=\"a310b25\" data-element_type=\"widget\" data-widget_type=\"heading.default\">\n\t\t\t\t<div class=\"elementor-widget-container\">\n\t\t\t\t\t<h2 class=\"elementor-heading-title elementor-size-default\">\u00bfPor qu\u00e9 interviene ahora la UNESCO?<\/h2>\t\t\t\t<\/div>\n\t\t\t\t<\/div>\n\t\t\t\t<div class=\"elementor-element elementor-element-bbb62ae elementor-widget elementor-widget-text-editor\" data-id=\"bbb62ae\" data-element_type=\"widget\" data-widget_type=\"text-editor.default\">\n\t\t\t\t<div class=\"elementor-widget-container\">\n\t\t\t\t\t\t\t\t\t<p><span style=\"font-weight: 400;\">Desde hace varios a\u00f1os,<a href=\"https:\/\/richeskarayib.com\/es\/haiti-konpa-un-patrimonio-vivo-que-pronto-sera-incluido-en-la-lista-de-la-unesco\/\" target=\"_blank\" rel=\"noopener\">la UNESCO<\/a> viene observando un r\u00e1pido cambio en la forma en que se utilizan los sitios inscritos. En el Caribe, esta tendencia es especialmente acusada. Los flujos tur\u00edsticos crecen m\u00e1s deprisa que la capacidad de regularlos, mientras que el cambio clim\u00e1tico acent\u00faa la fragilidad de los entornos naturales y las estructuras urbanas. Esta presi\u00f3n se ve agravada por una interpretaci\u00f3n a\u00fan mayoritariamente econ\u00f3mica del patrimonio, que a menudo se moviliza como veh\u00edculo de visibilidad antes de considerarse un bien com\u00fan que hay que preservar.   <\/span><\/p>\t\t\t\t\t\t\t\t<\/div>\n\t\t\t\t<\/div>\n\t\t\t\t<div class=\"elementor-element elementor-element-3a539e2 elementor-widget elementor-widget-text-editor\" data-id=\"3a539e2\" data-element_type=\"widget\" data-widget_type=\"text-editor.default\">\n\t\t\t\t<div class=\"elementor-widget-container\">\n\t\t\t\t\t\t\t\t\t<p><span style=\"font-weight: 400;\">La intervenci\u00f3n de<a href=\"https:\/\/richeskarayib.com\/es\/haiti-konpa-en-la-lista-de-la-unesco-cuando-un-ritmo-se-convierte-en-patrimonio-de-la-humanidad\/\" target=\"_blank\" rel=\"noopener\">la UNESCO<\/a> se inscribe en un proceso de clarificaci\u00f3n. No se trata de cuestionar la etiqueta, sino de se\u00f1alar que la clasificaci\u00f3n conlleva responsabilidades a largo plazo. La reuni\u00f3n organizada en Santo Domingo del 24 al 26 de noviembre de 2025 congreg\u00f3 a autoridades de gesti\u00f3n y expertos de nueve pa\u00edses de la regi\u00f3n. Organizado con el Ministerio de Cultura y el ayuntamiento del Distrito Nacional, el taller formaba parte del programa &#8220;Comunidades por el Patrimonio &#8211; Am\u00e9rica Latina y el Caribe&#8221;, financiado por el Ministerio de Cultura del Reino de Arabia Saud\u00ed. Los debates se centraron en cuestiones muy pr\u00e1cticas, como la planificaci\u00f3n, los flujos de control, la gobernanza de los sitios y la capacidad de las zonas locales para equilibrar el n\u00famero de visitantes, la conservaci\u00f3n y los usos locales.    <\/span><\/p>\t\t\t\t\t\t\t\t<\/div>\n\t\t\t\t<\/div>\n\t\t\t\t<section class=\"elementor-section elementor-inner-section elementor-element elementor-element-0c8fa9b elementor-section-boxed elementor-section-height-default elementor-section-height-default\" data-id=\"0c8fa9b\" data-element_type=\"section\">\n\t\t\t\t\t\t<div class=\"elementor-container elementor-column-gap-default\">\n\t\t\t\t\t<div class=\"elementor-column elementor-col-100 elementor-inner-column elementor-element elementor-element-2d52f67\" data-id=\"2d52f67\" data-element_type=\"column\">\n\t\t\t<div class=\"elementor-widget-wrap elementor-element-populated\">\n\t\t\t\t\t\t<div class=\"elementor-element elementor-element-a19d6d2 elementor-widget elementor-widget-image\" data-id=\"a19d6d2\" data-element_type=\"widget\" data-widget_type=\"image.default\">\n\t\t\t\t<div class=\"elementor-widget-container\">\n\t\t\t\t\t\t\t\t\t\t\t\t<figure class=\"wp-caption\">\n\t\t\t\t\t\t\t\t\t\t<img fetchpriority=\"high\" decoding=\"async\" width=\"720\" height=\"480\" src=\"https:\/\/richeskarayib.com\/wp-content\/uploads\/2026\/01\/activity-1495-12-720-480-20251217075513.jpg\" class=\"attachment-large size-large wp-image-67845\" alt=\"UNESCO\" srcset=\"https:\/\/richeskarayib.com\/wp-content\/uploads\/2026\/01\/activity-1495-12-720-480-20251217075513.jpg 720w, https:\/\/richeskarayib.com\/wp-content\/uploads\/2026\/01\/activity-1495-12-720-480-20251217075513-300x200.jpg 300w\" sizes=\"(max-width: 720px) 100vw, 720px\" \/>\t\t\t\t\t\t\t\t\t\t\t<figcaption class=\"widget-image-caption wp-caption-text\">UNESCO<\/figcaption>\n\t\t\t\t\t\t\t\t\t\t<\/figure>\n\t\t\t\t\t\t\t\t\t<\/div>\n\t\t\t\t<\/div>\n\t\t\t\t\t<\/div>\n\t\t<\/div>\n\t\t\t\t\t<\/div>\n\t\t<\/section>\n\t\t\t\t\t<\/div>\n\t\t<\/div>\n\t\t\t\t\t<\/div>\n\t\t<\/section>\n\t\t\t\t<section class=\"elementor-section elementor-top-section elementor-element elementor-element-ee72354 elementor-section-boxed elementor-section-height-default elementor-section-height-default\" data-id=\"ee72354\" data-element_type=\"section\">\n\t\t\t\t\t\t<div class=\"elementor-container elementor-column-gap-default\">\n\t\t\t\t\t<div class=\"elementor-column elementor-col-100 elementor-top-column elementor-element elementor-element-c59d6fe\" data-id=\"c59d6fe\" data-element_type=\"column\">\n\t\t\t<div class=\"elementor-widget-wrap elementor-element-populated\">\n\t\t\t\t\t\t<div class=\"elementor-element elementor-element-ddc6a1e elementor-widget elementor-widget-heading\" data-id=\"ddc6a1e\" data-element_type=\"widget\" data-widget_type=\"heading.default\">\n\t\t\t\t<div class=\"elementor-widget-container\">\n\t\t\t\t\t<h2 class=\"elementor-heading-title elementor-size-default\">Las \"nuevas l\u00edneas\" de la UNESCO: \u00bfqu\u00e9 est\u00e1 cambiando realmente?<\/h2>\t\t\t\t<\/div>\n\t\t\t\t<\/div>\n\t\t\t\t<div class=\"elementor-element elementor-element-e57451f elementor-widget elementor-widget-text-editor\" data-id=\"e57451f\" data-element_type=\"widget\" data-widget_type=\"text-editor.default\">\n\t\t\t\t<div class=\"elementor-widget-container\">\n\t\t\t\t\t\t\t\t\t<p><span style=\"font-weight: 400;\">Detr\u00e1s de los debates, emergen varios temas b\u00e1sicos.  <\/span><\/p><ul><li><span style=\"font-weight: 400;\">&#8211; La primera se refiere al paso de un enfoque basado en la promoci\u00f3n a un enfoque basado en la gesti\u00f3n. El sitio   <\/span><b>El Patrimonio Mundial ya no se ve como un escaparate tur\u00edstico, sino como un espacio que hay que regular<\/b><span style=\"font-weight: 400;\">. El control de los flujos de tr\u00e1fico se est\u00e1 convirtiendo en una cuesti\u00f3n clave, apoyada por herramientas de seguimiento, evaluaci\u00f3n y previsi\u00f3n del n\u00famero de visitantes.<\/span><\/li><\/ul>\t\t\t\t\t\t\t\t<\/div>\n\t\t\t\t<\/div>\n\t\t\t\t<div class=\"elementor-element elementor-element-a097853 elementor-widget elementor-widget-text-editor\" data-id=\"a097853\" data-element_type=\"widget\" data-widget_type=\"text-editor.default\">\n\t\t\t\t<div class=\"elementor-widget-container\">\n\t\t\t\t\t\t\t\t\t<ul><li><span style=\"font-weight: 400;\">&#8211; El segundo cambio importante es el lugar que se concede a las comunidades locales. La UNESCO insiste en su   <\/span><b>la integraci\u00f3n efectiva en la gobernanza del lugar y las repercusiones econ\u00f3micas.<\/b><span style=\"font-weight: 400;\">  El patrimonio no puede ser sostenible si se percibe como un recurso tomado del exterior, sin ning\u00fan beneficio tangible para las zonas en las que se encuentra. Este enfoque va m\u00e1s all\u00e1 del principio de inclusi\u00f3n para convertirse en un criterio de credibilidad de los sistemas de gesti\u00f3n. <\/span><\/li><li>&#8211; El tercer principio rector es la integraci\u00f3n operativa de la sostenibilidad.  <b style=\"font-family: -apple-system, BlinkMacSystemFont, 'Segoe UI', Roboto, 'Helvetica Neue', Arial, 'Noto Sans', sans-serif, 'Apple Color Emoji', 'Segoe UI Emoji', 'Segoe UI Symbol', 'Noto Color Emoji';\">Proteger los ecosistemas, adaptarse al cambio clim\u00e1tico y gestionar las infraestructuras tur\u00edsticas<\/b><span style=\"font-weight: 400;\">  ya no son declaraciones de intenciones. Ahora forman parte de requisitos concretos, que exigen decisiones claras y documentadas. <\/span><\/li><\/ul>\t\t\t\t\t\t\t\t<\/div>\n\t\t\t\t<\/div>\n\t\t\t\t<div class=\"elementor-element elementor-element-810106c elementor-widget elementor-widget-text-editor\" data-id=\"810106c\" data-element_type=\"widget\" data-widget_type=\"text-editor.default\">\n\t\t\t\t<div class=\"elementor-widget-container\">\n\t\t\t\t\t\t\t\t\t<p><span style=\"font-weight: 400;\"><a href=\"https:\/\/richeskarayib.com\/es\/informe-especial-parte-4-2020-2023-los-tesoros-culturales-del-caribe-patrimonio-inmaterial-reconocido-por-la-unesco\/\" target=\"_blank\" rel=\"noopener\">La UNESCO<\/a> tambi\u00e9n hace hincapi\u00e9 en la creaci\u00f3n de capacidades locales, mediante la formaci\u00f3n, la ingenier\u00eda del patrimonio y la cooperaci\u00f3n regional, para reducir las diferencias entre los lugares bien dotados y los territorios m\u00e1s fr\u00e1giles.<\/span><\/p>\t\t\t\t\t\t\t\t<\/div>\n\t\t\t\t<\/div>\n\t\t\t\t<div class=\"elementor-element elementor-element-9cb2510 elementor-widget elementor-widget-image\" data-id=\"9cb2510\" data-element_type=\"widget\" data-widget_type=\"image.default\">\n\t\t\t\t<div class=\"elementor-widget-container\">\n\t\t\t\t\t\t\t\t\t\t\t\t<figure class=\"wp-caption\">\n\t\t\t\t\t\t\t\t\t\t<img decoding=\"async\" width=\"720\" height=\"480\" src=\"https:\/\/richeskarayib.com\/wp-content\/uploads\/2026\/01\/activity-1495-11-720-480-20251217075513.jpg\" class=\"attachment-large size-large wp-image-67853\" alt=\"UNESCO\" srcset=\"https:\/\/richeskarayib.com\/wp-content\/uploads\/2026\/01\/activity-1495-11-720-480-20251217075513.jpg 720w, https:\/\/richeskarayib.com\/wp-content\/uploads\/2026\/01\/activity-1495-11-720-480-20251217075513-300x200.jpg 300w\" sizes=\"(max-width: 720px) 100vw, 720px\" \/>\t\t\t\t\t\t\t\t\t\t\t<figcaption class=\"widget-image-caption wp-caption-text\">\u00a9UNESCO<\/figcaption>\n\t\t\t\t\t\t\t\t\t\t<\/figure>\n\t\t\t\t\t\t\t\t\t<\/div>\n\t\t\t\t<\/div>\n\t\t\t\t\t<\/div>\n\t\t<\/div>\n\t\t\t\t\t<\/div>\n\t\t<\/section>\n\t\t\t\t<section class=\"elementor-section elementor-top-section elementor-element elementor-element-82cd8f9 elementor-section-boxed elementor-section-height-default elementor-section-height-default\" data-id=\"82cd8f9\" data-element_type=\"section\">\n\t\t\t\t\t\t<div class=\"elementor-container elementor-column-gap-default\">\n\t\t\t\t\t<div class=\"elementor-column elementor-col-100 elementor-top-column elementor-element elementor-element-0bfdc38\" data-id=\"0bfdc38\" data-element_type=\"column\">\n\t\t\t<div class=\"elementor-widget-wrap elementor-element-populated\">\n\t\t\t\t\t\t<div class=\"elementor-element elementor-element-7d292fe elementor-widget elementor-widget-heading\" data-id=\"7d292fe\" data-element_type=\"widget\" data-widget_type=\"heading.default\">\n\t\t\t\t<div class=\"elementor-widget-container\">\n\t\t\t\t\t<h2 class=\"elementor-heading-title elementor-size-default\">Qu\u00e9 significan estas l\u00edneas para los territorios caribe\u00f1os<\/h2>\t\t\t\t<\/div>\n\t\t\t\t<\/div>\n\t\t\t\t<section class=\"elementor-section elementor-inner-section elementor-element elementor-element-c582330 elementor-section-boxed elementor-section-height-default elementor-section-height-default\" data-id=\"c582330\" data-element_type=\"section\">\n\t\t\t\t\t\t<div class=\"elementor-container elementor-column-gap-default\">\n\t\t\t\t\t\t<\/div>\n\t\t<\/section>\n\t\t\t\t<section class=\"elementor-section elementor-inner-section elementor-element elementor-element-c3b0c05 elementor-section-boxed elementor-section-height-default elementor-section-height-default\" data-id=\"c3b0c05\" data-element_type=\"section\">\n\t\t\t\t\t\t<div class=\"elementor-container elementor-column-gap-default\">\n\t\t\t\t\t<div class=\"elementor-column elementor-col-100 elementor-inner-column elementor-element elementor-element-29f40e6\" data-id=\"29f40e6\" data-element_type=\"column\">\n\t\t\t<div class=\"elementor-widget-wrap elementor-element-populated\">\n\t\t\t\t\t\t<div class=\"elementor-element elementor-element-8e337bf elementor-widget elementor-widget-text-editor\" data-id=\"8e337bf\" data-element_type=\"widget\" data-widget_type=\"text-editor.default\">\n\t\t\t\t<div class=\"elementor-widget-container\">\n\t\t\t\t\t\t\t\t\t<p><span style=\"font-weight: 400;\">Para los sitios que ya han sido clasificados, estas directrices significan que deben cumplirse requisitos m\u00e1s estrictos. La conservaci\u00f3n ya no puede disociarse de la gesti\u00f3n tur\u00edstica, y se pide a las autoridades gestoras que demuestren su capacidad para conciliar el n\u00famero de visitantes, la protecci\u00f3n del lugar y la aceptabilidad social.   <\/span><\/p><p><span style=\"font-weight: 400;\">El mensaje es igual de claro para las zonas solicitantes o inscritas en las listas provisionales: las futuras inscripciones tendr\u00e1n que basarse en proyectos de gesti\u00f3n s\u00f3lidos, que integren desde el principio los aspectos sociales, medioambientales y econ\u00f3micos.<\/span><\/p>\t\t\t\t\t\t\t\t<\/div>\n\t\t\t\t<\/div>\n\t\t\t\t<div class=\"elementor-element elementor-element-d70745a elementor-widget elementor-widget-text-editor\" data-id=\"d70745a\" data-element_type=\"widget\" data-widget_type=\"text-editor.default\">\n\t\t\t\t<div class=\"elementor-widget-container\">\n\t\t\t\t\t\t\t\t\t<p><span style=\"font-weight: 400;\">Esta evoluci\u00f3n puede constituir un verdadero reto. Pone de manifiesto las complejas compensaciones entre las necesidades econ\u00f3micas inmediatas y la conservaci\u00f3n a largo plazo, entre el atractivo tur\u00edstico y la calidad de vida de los residentes locales. Pero tambi\u00e9n abre la perspectiva de modelos de turismo patrimonial mejor adaptados a las realidades de las islas, menos dependientes \u00fanicamente del crecimiento del n\u00famero de visitantes y m\u00e1s basados en el control del uso.  <\/span><\/p>\t\t\t\t\t\t\t\t<\/div>\n\t\t\t\t<\/div>\n\t\t\t\t\t<\/div>\n\t\t<\/div>\n\t\t\t\t\t<\/div>\n\t\t<\/section>\n\t\t\t\t<section class=\"elementor-section elementor-inner-section elementor-element elementor-element-c5c1f74 elementor-section-boxed elementor-section-height-default elementor-section-height-default\" data-id=\"c5c1f74\" data-element_type=\"section\">\n\t\t\t\t\t\t<div class=\"elementor-container elementor-column-gap-default\">\n\t\t\t\t\t<div class=\"elementor-column elementor-col-100 elementor-inner-column elementor-element elementor-element-8757cf0\" data-id=\"8757cf0\" data-element_type=\"column\">\n\t\t\t<div class=\"elementor-widget-wrap elementor-element-populated\">\n\t\t\t\t\t\t<div class=\"elementor-element elementor-element-3b17974 elementor-widget elementor-widget-image\" data-id=\"3b17974\" data-element_type=\"widget\" data-widget_type=\"image.default\">\n\t\t\t\t<div class=\"elementor-widget-container\">\n\t\t\t\t\t\t\t\t\t\t\t\t<figure class=\"wp-caption\">\n\t\t\t\t\t\t\t\t\t\t<img decoding=\"async\" width=\"720\" height=\"480\" src=\"https:\/\/richeskarayib.com\/wp-content\/uploads\/2026\/01\/activity-1495-9-720-480-20251217075513.jpg\" class=\"attachment-large size-large wp-image-67849\" alt=\"UNESCO\" srcset=\"https:\/\/richeskarayib.com\/wp-content\/uploads\/2026\/01\/activity-1495-9-720-480-20251217075513.jpg 720w, https:\/\/richeskarayib.com\/wp-content\/uploads\/2026\/01\/activity-1495-9-720-480-20251217075513-300x200.jpg 300w\" sizes=\"(max-width: 720px) 100vw, 720px\" \/>\t\t\t\t\t\t\t\t\t\t\t<figcaption class=\"widget-image-caption wp-caption-text\">\u00a9UNESCO<\/figcaption>\n\t\t\t\t\t\t\t\t\t\t<\/figure>\n\t\t\t\t\t\t\t\t\t<\/div>\n\t\t\t\t<\/div>\n\t\t\t\t\t<\/div>\n\t\t<\/div>\n\t\t\t\t\t<\/div>\n\t\t<\/section>\n\t\t\t\t<section class=\"elementor-section elementor-inner-section elementor-element elementor-element-296603a elementor-section-boxed elementor-section-height-default elementor-section-height-default\" data-id=\"296603a\" data-element_type=\"section\">\n\t\t\t\t\t\t<div class=\"elementor-container elementor-column-gap-default\">\n\t\t\t\t\t\t<\/div>\n\t\t<\/section>\n\t\t\t\t\t<\/div>\n\t\t<\/div>\n\t\t\t\t\t<\/div>\n\t\t<\/section>\n\t\t\t\t<section class=\"elementor-section elementor-top-section elementor-element elementor-element-5a7397d elementor-section-boxed elementor-section-height-default elementor-section-height-default\" data-id=\"5a7397d\" data-element_type=\"section\">\n\t\t\t\t\t\t<div class=\"elementor-container elementor-column-gap-default\">\n\t\t\t\t\t<div class=\"elementor-column elementor-col-100 elementor-top-column elementor-element elementor-element-8b33b4b\" data-id=\"8b33b4b\" data-element_type=\"column\">\n\t\t\t<div class=\"elementor-widget-wrap elementor-element-populated\">\n\t\t\t\t\t\t<div class=\"elementor-element elementor-element-89dac4b elementor-widget elementor-widget-heading\" data-id=\"89dac4b\" data-element_type=\"widget\" data-widget_type=\"heading.default\">\n\t\t\t\t<div class=\"elementor-widget-container\">\n\t\t\t\t\t<h2 class=\"elementor-heading-title elementor-size-default\">Cifras que refuerzan la urgencia<\/h2>\t\t\t\t<\/div>\n\t\t\t\t<\/div>\n\t\t\t\t<div class=\"elementor-element elementor-element-819dd2d elementor-widget elementor-widget-text-editor\" data-id=\"819dd2d\" data-element_type=\"widget\" data-widget_type=\"text-editor.default\">\n\t\t\t\t<div class=\"elementor-widget-container\">\n\t\t\t\t\t\t\t\t\t<p><span style=\"font-weight: 400;\">Los datos presentados en el taller subrayan la magnitud de los retos. El turismo representa casi   <\/span><span style=\"font-weight: 400;\">10% del producto interior bruto de Am\u00e9rica Latina y el Caribe<\/span><span style=\"font-weight: 400;\"> y sustenta m\u00e1s de <\/span><span style=\"font-weight: 400;\">35 millones de empleos en la regi\u00f3n<\/span><span style=\"font-weight: 400;\">. Sin embargo, este r\u00e1pido crecimiento no est\u00e1 exento de consecuencias: alrededor del 40% de los lugares declarados Patrimonio de la Humanidad sufren ahora la presi\u00f3n del turismo.<\/span><\/p>\t\t\t\t\t\t\t\t<\/div>\n\t\t\t\t<\/div>\n\t\t\t\t<div class=\"elementor-element elementor-element-7091cc8 elementor-widget elementor-widget-text-editor\" data-id=\"7091cc8\" data-element_type=\"widget\" data-widget_type=\"text-editor.default\">\n\t\t\t\t<div class=\"elementor-widget-container\">\n\t\t\t\t\t\t\t\t\t<p><span style=\"font-weight: 400;\">En Santo Domingo, el n\u00famero de visitantes internacionales al centro hist\u00f3rico fue un 30% mayor en 2024 que el a\u00f1o anterior. Esta tendencia es una ilustraci\u00f3n concreta de las tensiones a las que se enfrentan los gestores de los sitios patrimoniales, que tienen que mantener un equilibrio entre atractivo, conservaci\u00f3n y funcionamiento urbano. <\/span><\/p>\t\t\t\t\t\t\t\t<\/div>\n\t\t\t\t<\/div>\n\t\t\t\t<section class=\"elementor-section elementor-inner-section elementor-element elementor-element-7998824 elementor-section-boxed elementor-section-height-default elementor-section-height-default\" data-id=\"7998824\" data-element_type=\"section\">\n\t\t\t\t\t\t<div class=\"elementor-container elementor-column-gap-default\">\n\t\t\t\t\t<div class=\"elementor-column elementor-col-100 elementor-inner-column elementor-element elementor-element-dc9c613\" data-id=\"dc9c613\" data-element_type=\"column\">\n\t\t\t<div class=\"elementor-widget-wrap elementor-element-populated\">\n\t\t\t\t\t\t<div class=\"elementor-element elementor-element-869f77b elementor-widget elementor-widget-image\" data-id=\"869f77b\" data-element_type=\"widget\" data-widget_type=\"image.default\">\n\t\t\t\t<div class=\"elementor-widget-container\">\n\t\t\t\t\t\t\t\t\t\t\t\t<figure class=\"wp-caption\">\n\t\t\t\t\t\t\t\t\t\t<img loading=\"lazy\" decoding=\"async\" width=\"720\" height=\"480\" src=\"https:\/\/richeskarayib.com\/wp-content\/uploads\/2026\/01\/activity-1495-10-720-480-20251217075513.jpg\" class=\"attachment-large size-large wp-image-67857\" alt=\"UNESCO\" srcset=\"https:\/\/richeskarayib.com\/wp-content\/uploads\/2026\/01\/activity-1495-10-720-480-20251217075513.jpg 720w, https:\/\/richeskarayib.com\/wp-content\/uploads\/2026\/01\/activity-1495-10-720-480-20251217075513-300x200.jpg 300w\" sizes=\"(max-width: 720px) 100vw, 720px\" \/>\t\t\t\t\t\t\t\t\t\t\t<figcaption class=\"widget-image-caption wp-caption-text\">\u00a9UNESCO<\/figcaption>\n\t\t\t\t\t\t\t\t\t\t<\/figure>\n\t\t\t\t\t\t\t\t\t<\/div>\n\t\t\t\t<\/div>\n\t\t\t\t\t<\/div>\n\t\t<\/div>\n\t\t\t\t\t<\/div>\n\t\t<\/section>\n\t\t\t\t\t<\/div>\n\t\t<\/div>\n\t\t\t\t\t<\/div>\n\t\t<\/section>\n\t\t\t\t<section class=\"elementor-section elementor-top-section elementor-element elementor-element-2c060f5 elementor-section-boxed elementor-section-height-default elementor-section-height-default\" data-id=\"2c060f5\" data-element_type=\"section\">\n\t\t\t\t\t\t<div class=\"elementor-container elementor-column-gap-default\">\n\t\t\t\t\t<div class=\"elementor-column elementor-col-100 elementor-top-column elementor-element elementor-element-359f969\" data-id=\"359f969\" data-element_type=\"column\">\n\t\t\t<div class=\"elementor-widget-wrap elementor-element-populated\">\n\t\t\t\t\t\t<div class=\"elementor-element elementor-element-808b8b3 elementor-widget elementor-widget-heading\" data-id=\"808b8b3\" data-element_type=\"widget\" data-widget_type=\"heading.default\">\n\t\t\t\t<div class=\"elementor-widget-container\">\n\t\t\t\t\t<h2 class=\"elementor-heading-title elementor-size-default\">Hacia un patrimonio concebido como herramienta de gobernanza<\/h2>\t\t\t\t<\/div>\n\t\t\t\t<\/div>\n\t\t\t\t<div class=\"elementor-element elementor-element-3c9cb71 elementor-widget elementor-widget-text-editor\" data-id=\"3c9cb71\" data-element_type=\"widget\" data-widget_type=\"text-editor.default\">\n\t\t\t\t<div class=\"elementor-widget-container\">\n\t\t\t\t\t\t\t\t\t<p><span style=\"font-weight: 400;\">En la base de la iniciativa de la UNESCO est\u00e1 el cuestionamiento de un modelo tur\u00edstico que ha dominado durante mucho tiempo la regi\u00f3n. Un patrimonio sobreexplotado, reducido a su valor de imagen, tiende a agotarse r\u00e1pidamente, en detrimento de la regi\u00f3n y de sus habitantes. Las directrices debatidas en Santo Domingo esbozan otro camino, el de un patrimonio concebido como recurso compartido, que debe gestionarse y transmitirse en lugar de consumirse.  <\/span><\/p><p><span style=\"font-weight: 400;\">La reuni\u00f3n de Santo Domingo no redefine el Patrimonio Mundial; redefine las responsabilidades que lo acompa\u00f1an. Para el Caribe, estas directrices m\u00e1s exigentes son a la vez una limitaci\u00f3n y una oportunidad.   <\/span><\/p>\t\t\t\t\t\t\t\t<\/div>\n\t\t\t\t<\/div>\n\t\t\t\t<div class=\"elementor-element elementor-element-e433984 elementor-widget elementor-widget-text-editor\" data-id=\"e433984\" data-element_type=\"widget\" data-widget_type=\"text-editor.default\">\n\t\t\t\t<div class=\"elementor-widget-container\">\n\t\t\t\t\t\t\t\t\t<p><span style=\"font-weight: 400;\">Imponen normas m\u00e1s estrictas, pero tambi\u00e9n ofrecen un marco para reforzar la gobernanza de los sitios, controlar mejor su uso y hacer que el patrimonio forme parte de estrategias territoriales sostenibles. A largo plazo, el Patrimonio Mundial podr\u00eda convertirse en algo m\u00e1s que una etiqueta de excelencia en el Caribe: podr\u00eda convertirse en una verdadera herramienta de direcci\u00f3n para la regi\u00f3n. <\/span><\/p>\t\t\t\t\t\t\t\t<\/div>\n\t\t\t\t<\/div>\n\t\t\t\t<section class=\"elementor-section elementor-inner-section elementor-element elementor-element-7b85138 elementor-section-boxed elementor-section-height-default elementor-section-height-default\" data-id=\"7b85138\" data-element_type=\"section\">\n\t\t\t\t\t\t<div class=\"elementor-container elementor-column-gap-default\">\n\t\t\t\t\t<div class=\"elementor-column elementor-col-100 elementor-inner-column elementor-element elementor-element-e348274\" data-id=\"e348274\" data-element_type=\"column\">\n\t\t\t<div class=\"elementor-widget-wrap elementor-element-populated\">\n\t\t\t\t\t\t<div class=\"elementor-element elementor-element-6b968be elementor-widget elementor-widget-accordion\" data-id=\"6b968be\" data-element_type=\"widget\" data-widget_type=\"accordion.default\">\n\t\t\t\t<div class=\"elementor-widget-container\">\n\t\t\t\t\t\t\t<div class=\"elementor-accordion\">\n\t\t\t\t\t\t\t<div class=\"elementor-accordion-item\">\n\t\t\t\t\t<div id=\"elementor-tab-title-1121\" class=\"elementor-tab-title\" data-tab=\"1\" role=\"button\" aria-controls=\"elementor-tab-content-1121\" aria-expanded=\"false\">\n\t\t\t\t\t\t\t\t\t\t\t\t\t<span class=\"elementor-accordion-icon elementor-accordion-icon-left\" aria-hidden=\"true\">\n\t\t\t\t\t\t\t\t\t\t\t\t\t\t\t<span class=\"elementor-accordion-icon-closed\"><i class=\"fas fa-plus\"><\/i><\/span>\n\t\t\t\t\t\t\t\t<span class=\"elementor-accordion-icon-opened\"><i class=\"fas fa-minus\"><\/i><\/span>\n\t\t\t\t\t\t\t\t\t\t\t\t\t\t<\/span>\n\t\t\t\t\t\t\t\t\t\t\t\t<a class=\"elementor-accordion-title\" tabindex=\"0\">  \u00bfPor qu\u00e9 refuerza la UNESCO sus directrices en el Caribe?<\/a>\n\t\t\t\t\t<\/div>\n\t\t\t\t\t<div id=\"elementor-tab-content-1121\" class=\"elementor-tab-content elementor-clearfix\" data-tab=\"1\" role=\"region\" aria-labelledby=\"elementor-tab-title-1121\"><p><span style=\"font-weight: 400;\">Ha observado un r\u00e1pido aumento de los flujos tur\u00edsticos en la regi\u00f3n, combinado con una mayor vulnerabilidad de los ecosistemas y los centros hist\u00f3ricos. Esta evoluci\u00f3n est\u00e1 poniendo bajo presi\u00f3n los modelos de gesti\u00f3n existentes. Reforzando sus directrices, la UNESCO quiere subrayar que el estatus de Patrimonio Mundial implica responsabilidades duraderas en t\u00e9rminos de gobernanza, conservaci\u00f3n y equilibrio territorial.  <\/span><\/p>\n<\/div>\n\t\t\t\t<\/div>\n\t\t\t\t\t\t\t<div class=\"elementor-accordion-item\">\n\t\t\t\t\t<div id=\"elementor-tab-title-1122\" class=\"elementor-tab-title\" data-tab=\"2\" role=\"button\" aria-controls=\"elementor-tab-content-1122\" aria-expanded=\"false\">\n\t\t\t\t\t\t\t\t\t\t\t\t\t<span class=\"elementor-accordion-icon elementor-accordion-icon-left\" aria-hidden=\"true\">\n\t\t\t\t\t\t\t\t\t\t\t\t\t\t\t<span class=\"elementor-accordion-icon-closed\"><i class=\"fas fa-plus\"><\/i><\/span>\n\t\t\t\t\t\t\t\t<span class=\"elementor-accordion-icon-opened\"><i class=\"fas fa-minus\"><\/i><\/span>\n\t\t\t\t\t\t\t\t\t\t\t\t\t\t<\/span>\n\t\t\t\t\t\t\t\t\t\t\t\t<a class=\"elementor-accordion-title\" tabindex=\"0\">\u00bfCu\u00e1les son los cambios concretos en el enfoque de la UNESCO sobre el turismo patrimonial?<\/a>\n\t\t\t\t\t<\/div>\n\t\t\t\t\t<div id=\"elementor-tab-content-1122\" class=\"elementor-tab-content elementor-clearfix\" data-tab=\"2\" role=\"region\" aria-labelledby=\"elementor-tab-title-1122\"><p><span style=\"font-weight: 400;\">Se ha producido un claro cambio de un enfoque basado en la promoci\u00f3n a un enfoque basado en la gesti\u00f3n. El control de los flujos, la integraci\u00f3n de las comunidades locales y la adaptaci\u00f3n al cambio clim\u00e1tico se est\u00e1n convirtiendo en criterios centrales. El patrimonio ya no se considera simplemente una palanca de atracci\u00f3n, sino un \u00e1mbito que hay que regular y gestionar a largo plazo.  <\/span><\/p>\n<\/div>\n\t\t\t\t<\/div>\n\t\t\t\t\t\t\t<div class=\"elementor-accordion-item\">\n\t\t\t\t\t<div id=\"elementor-tab-title-1123\" class=\"elementor-tab-title\" data-tab=\"3\" role=\"button\" aria-controls=\"elementor-tab-content-1123\" aria-expanded=\"false\">\n\t\t\t\t\t\t\t\t\t\t\t\t\t<span class=\"elementor-accordion-icon elementor-accordion-icon-left\" aria-hidden=\"true\">\n\t\t\t\t\t\t\t\t\t\t\t\t\t\t\t<span class=\"elementor-accordion-icon-closed\"><i class=\"fas fa-plus\"><\/i><\/span>\n\t\t\t\t\t\t\t\t<span class=\"elementor-accordion-icon-opened\"><i class=\"fas fa-minus\"><\/i><\/span>\n\t\t\t\t\t\t\t\t\t\t\t\t\t\t<\/span>\n\t\t\t\t\t\t\t\t\t\t\t\t<a class=\"elementor-accordion-title\" tabindex=\"0\">\u00bfQu\u00e9 impacto podr\u00edan tener estas directrices de la UNESCO para los territorios caribe\u00f1os?<\/a>\n\t\t\t\t\t<\/div>\n\t\t\t\t\t<div id=\"elementor-tab-content-1123\" class=\"elementor-tab-content elementor-clearfix\" data-tab=\"3\" role=\"region\" aria-labelledby=\"elementor-tab-title-1123\"><p><span style=\"font-weight: 400;\">Para los espacios ya clasificados, estas directrices implican un mayor nivel de exigencia en t\u00e9rminos de planificaci\u00f3n y gobernanza. Para las zonas candidatas, condicionan las futuras inscripciones a la existencia de proyectos de gesti\u00f3n s\u00f3lidos y cre\u00edbles. En \u00faltima instancia, estas directrices pueden fomentar modelos tur\u00edsticos mejor adaptados a las realidades insulares y m\u00e1s respetuosos con las poblaciones locales.  <\/span><\/p>\n<\/div>\n\t\t\t\t<\/div>\n\t\t\t\t\t\t\t\t<\/div>\n\t\t\t\t\t\t<\/div>\n\t\t\t\t<\/div>\n\t\t\t\t\t<\/div>\n\t\t<\/div>\n\t\t\t\t\t<\/div>\n\t\t<\/section>\n\t\t\t\t\t<\/div>\n\t\t<\/div>\n\t\t\t\t\t<\/div>\n\t\t<\/section>\n\t\t\t\t<\/div>\n\t\t","protected":false},"excerpt":{"rendered":"<p>La presi\u00f3n del turismo sobre los sitios patrimoniales del Caribe ya no es un fen\u00f3meno marginal o puntual. En muchas zonas, el aumento constante del n\u00famero de visitantes, la mayor vulnerabilidad de los ecosistemas y las expectativas econ\u00f3micas locales est\u00e1n poniendo a prueba modelos de gesti\u00f3n que han alcanzado el punto de saturaci\u00f3n. Lo que [&hellip;]<\/p>\n","protected":false},"author":662,"featured_media":67841,"comment_status":"open","ping_status":"open","sticky":false,"template":"","format":"standard","meta":{"_acf_changed":false,"footnotes":""},"categories":[1791,1734],"tags":[1481],"class_list":["post-67859","post","type-post","status-publish","format-standard","has-post-thumbnail","hentry","category-cooperacion","category-turismo","tag-republica-dominicana"],"acf":[],"_links":{"self":[{"href":"https:\/\/richeskarayib.com\/es\/wp-json\/wp\/v2\/posts\/67859","targetHints":{"allow":["GET"]}}],"collection":[{"href":"https:\/\/richeskarayib.com\/es\/wp-json\/wp\/v2\/posts"}],"about":[{"href":"https:\/\/richeskarayib.com\/es\/wp-json\/wp\/v2\/types\/post"}],"author":[{"embeddable":true,"href":"https:\/\/richeskarayib.com\/es\/wp-json\/wp\/v2\/users\/662"}],"replies":[{"embeddable":true,"href":"https:\/\/richeskarayib.com\/es\/wp-json\/wp\/v2\/comments?post=67859"}],"version-history":[{"count":0,"href":"https:\/\/richeskarayib.com\/es\/wp-json\/wp\/v2\/posts\/67859\/revisions"}],"wp:featuredmedia":[{"embeddable":true,"href":"https:\/\/richeskarayib.com\/es\/wp-json\/wp\/v2\/media\/67841"}],"wp:attachment":[{"href":"https:\/\/richeskarayib.com\/es\/wp-json\/wp\/v2\/media?parent=67859"}],"wp:term":[{"taxonomy":"category","embeddable":true,"href":"https:\/\/richeskarayib.com\/es\/wp-json\/wp\/v2\/categories?post=67859"},{"taxonomy":"post_tag","embeddable":true,"href":"https:\/\/richeskarayib.com\/es\/wp-json\/wp\/v2\/tags?post=67859"}],"curies":[{"name":"wp","href":"https:\/\/api.w.org\/{rel}","templated":true}]}}