{"id":67971,"date":"2026-01-08T06:19:01","date_gmt":"2026-01-08T10:19:01","guid":{"rendered":"https:\/\/richeskarayib.com\/rumba-el-alma-de-cuba-resistencia-danza-y-patrimonio-vivo\/"},"modified":"2026-01-08T06:19:03","modified_gmt":"2026-01-08T10:19:03","slug":"rumba-el-alma-de-cuba-resistencia-danza-y-patrimonio-vivo","status":"publish","type":"post","link":"https:\/\/richeskarayib.com\/es\/rumba-el-alma-de-cuba-resistencia-danza-y-patrimonio-vivo\/","title":{"rendered":"Rumba: el alma de Cuba, resistencia, danza y patrimonio vivo"},"content":{"rendered":"\t\t<div data-elementor-type=\"wp-post\" data-elementor-id=\"67971\" class=\"elementor elementor-67971 elementor-67929\" data-elementor-post-type=\"post\">\n\t\t\t\t\t\t<section class=\"elementor-section elementor-top-section elementor-element elementor-element-7ca7ca1 elementor-section-boxed elementor-section-height-default elementor-section-height-default\" data-id=\"7ca7ca1\" data-element_type=\"section\">\n\t\t\t\t\t\t<div class=\"elementor-container elementor-column-gap-default\">\n\t\t\t\t\t<div class=\"elementor-column elementor-col-100 elementor-top-column elementor-element elementor-element-cbdd002\" data-id=\"cbdd002\" data-element_type=\"column\">\n\t\t\t<div class=\"elementor-widget-wrap elementor-element-populated\">\n\t\t\t\t\t\t<section class=\"elementor-section elementor-inner-section elementor-element elementor-element-bc94849 elementor-section-boxed elementor-section-height-default elementor-section-height-default\" data-id=\"bc94849\" data-element_type=\"section\">\n\t\t\t\t\t\t<div class=\"elementor-container elementor-column-gap-default\">\n\t\t\t\t\t\t<\/div>\n\t\t<\/section>\n\t\t\t\t<section class=\"elementor-section elementor-inner-section elementor-element elementor-element-61571e6 elementor-section-boxed elementor-section-height-default elementor-section-height-default\" data-id=\"61571e6\" data-element_type=\"section\">\n\t\t\t\t\t\t<div class=\"elementor-container elementor-column-gap-default\">\n\t\t\t\t\t\t<\/div>\n\t\t<\/section>\n\t\t\t\t<section class=\"elementor-section elementor-inner-section elementor-element elementor-element-b6262e0 elementor-section-boxed elementor-section-height-default elementor-section-height-default\" data-id=\"b6262e0\" data-element_type=\"section\">\n\t\t\t\t\t\t<div class=\"elementor-container elementor-column-gap-default\">\n\t\t\t\t\t\t<\/div>\n\t\t<\/section>\n\t\t\t\t<section class=\"elementor-section elementor-inner-section elementor-element elementor-element-cca29fd elementor-section-boxed elementor-section-height-default elementor-section-height-default\" data-id=\"cca29fd\" data-element_type=\"section\">\n\t\t\t\t\t\t<div class=\"elementor-container elementor-column-gap-default\">\n\t\t\t\t\t\t<\/div>\n\t\t<\/section>\n\t\t\t\t\t<\/div>\n\t\t<\/div>\n\t\t\t\t\t<\/div>\n\t\t<\/section>\n\t\t\t\t<section class=\"elementor-section elementor-top-section elementor-element elementor-element-a6d4222 elementor-section-boxed elementor-section-height-default elementor-section-height-default\" data-id=\"a6d4222\" data-element_type=\"section\">\n\t\t\t\t\t\t<div class=\"elementor-container elementor-column-gap-default\">\n\t\t\t\t\t<div class=\"elementor-column elementor-col-100 elementor-top-column elementor-element elementor-element-ea27f09\" data-id=\"ea27f09\" data-element_type=\"column\">\n\t\t\t<div class=\"elementor-widget-wrap elementor-element-populated\">\n\t\t\t\t\t\t<section class=\"elementor-section elementor-inner-section elementor-element elementor-element-25c3156 elementor-section-boxed elementor-section-height-default elementor-section-height-default\" data-id=\"25c3156\" data-element_type=\"section\">\n\t\t\t\t\t\t<div class=\"elementor-container elementor-column-gap-default\">\n\t\t\t\t\t<div class=\"elementor-column elementor-col-100 elementor-inner-column elementor-element elementor-element-aac779c\" data-id=\"aac779c\" data-element_type=\"column\">\n\t\t\t<div class=\"elementor-widget-wrap elementor-element-populated\">\n\t\t\t\t\t\t<div class=\"elementor-element elementor-element-612550d elementor-widget elementor-widget-text-editor\" data-id=\"612550d\" data-element_type=\"widget\" data-widget_type=\"text-editor.default\">\n\t\t\t\t<div class=\"elementor-widget-container\">\n\t\t\t\t\t\t\t\t\t<p><span style=\"font-weight: 400;\">&#8220;Sin Cuba no hay rumba y sin rumba no hay Cuba&#8221;. Esta frase resume acertadamente una realidad profundamente arraigada en la historia y la vida cotidiana de la isla.  La  <\/span><a href=\"https:\/\/ich.unesco.org\/fr\/RL\/la-rumba-a-cuba-melange-festif-de-musiques-et-de-danses-et-toutes-les-pratiques-associees-01185\" target=\"_blank\" rel=\"noopener nofollow\"><b>Rumba<\/b><\/a><span style=\"font-weight: 400;\">  no es s\u00f3lo un g\u00e9nero musical o una danza folcl\u00f3rica est\u00e1tica. \u00c0   <\/span><a href=\"https:\/\/richeskarayib.com\/es\/cuba-cayo-santa-maria-la-serena-isla-de-jardines-del-rey\/\" target=\"_blank\" rel=\"noopener\"><b>Cuba<\/b><\/a><span style=\"font-weight: 400;\">Es un lenguaje social, un espacio de memoria y una forma colectiva de existir. Nacido en los barrios obreros y en los puertos, se ha convertido en una de las expresiones culturales m\u00e1s fuertes de la identidad cubana. <\/span><\/p>\t\t\t\t\t\t\t\t<\/div>\n\t\t\t\t<\/div>\n\t\t\t\t<div class=\"elementor-element elementor-element-5ae0c5a elementor-widget elementor-widget-text-editor\" data-id=\"5ae0c5a\" data-element_type=\"widget\" data-widget_type=\"text-editor.default\">\n\t\t\t\t<div class=\"elementor-widget-container\">\n\t\t\t\t\t\t\t\t\t<p><span style=\"font-weight: 400;\">Este art\u00edculo profundiza en la historia musical y cultural de la Rumba tal y como se practica hoy en Cuba. Se trata de una herencia afrocubana siempre en movimiento, conformada por la transmisi\u00f3n oral, el cuerpo y la comunidad, alejada de los t\u00f3picos tur\u00edsticos. <\/span><\/p>\t\t\t\t\t\t\t\t<\/div>\n\t\t\t\t<\/div>\n\t\t\t\t\t<\/div>\n\t\t<\/div>\n\t\t\t\t\t<\/div>\n\t\t<\/section>\n\t\t\t\t\t<\/div>\n\t\t<\/div>\n\t\t\t\t\t<\/div>\n\t\t<\/section>\n\t\t\t\t<section class=\"elementor-section elementor-top-section elementor-element elementor-element-e1fea79 elementor-section-boxed elementor-section-height-default elementor-section-height-default\" data-id=\"e1fea79\" data-element_type=\"section\">\n\t\t\t\t\t\t<div class=\"elementor-container elementor-column-gap-default\">\n\t\t\t\t\t<div class=\"elementor-column elementor-col-100 elementor-top-column elementor-element elementor-element-6d0be76\" data-id=\"6d0be76\" data-element_type=\"column\">\n\t\t\t<div class=\"elementor-widget-wrap elementor-element-populated\">\n\t\t\t\t\t\t<div class=\"elementor-element elementor-element-a310b25 elementor-widget elementor-widget-heading\" data-id=\"a310b25\" data-element_type=\"widget\" data-widget_type=\"heading.default\">\n\t\t\t\t<div class=\"elementor-widget-container\">\n\t\t\t\t\t<h2 class=\"elementor-heading-title elementor-size-default\">La rumba en Cuba: una definici\u00f3n basada en la realidad<\/h2>\t\t\t\t<\/div>\n\t\t\t\t<\/div>\n\t\t\t\t<div class=\"elementor-element elementor-element-bbb62ae elementor-widget elementor-widget-text-editor\" data-id=\"bbb62ae\" data-element_type=\"widget\" data-widget_type=\"text-editor.default\">\n\t\t\t\t<div class=\"elementor-widget-container\">\n\t\t\t\t\t\t\t\t\t<p><span style=\"font-weight: 400;\">En Cuba, la palabra Rumba designa un conjunto indisociable de m\u00fasica, canto, baile y pr\u00e1cticas sociales. Se toca principalmente con instrumentos de percusi\u00f3n, se canta seg\u00fan un principio de llamada y respuesta, y se baila en un entorno donde la improvisaci\u00f3n y la interacci\u00f3n son esenciales. No puede entenderse de forma aislada, sino que adquiere todo su significado en grupo, en un patio, en una calle, en una reuni\u00f3n espont\u00e1nea.  <\/span><\/p><p><span style=\"font-weight: 400;\">A diferencia de algunas formas que se han exportado y estandarizado a otros lugares, la rumba cubana permanece profundamente arraigada en los contextos en los que naci\u00f3. No fue concebida para el escenario, sino para la vida cotidiana, para expresar la relaci\u00f3n entre el trabajo, las relaciones humanas, el deseo, la rivalidad y el orgullo. <\/span><\/p>\t\t\t\t\t\t\t\t<\/div>\n\t\t\t\t<\/div>\n\t\t\t\t<div class=\"elementor-element elementor-element-d44a9e0 elementor-widget elementor-widget-video\" data-id=\"d44a9e0\" data-element_type=\"widget\" data-settings=\"{&quot;youtube_url&quot;:&quot;https:\\\/\\\/www.youtube.com\\\/watch?v=4wblApq2pl4&quot;,&quot;video_type&quot;:&quot;youtube&quot;,&quot;controls&quot;:&quot;yes&quot;}\" data-widget_type=\"video.default\">\n\t\t\t\t<div class=\"elementor-widget-container\">\n\t\t\t\t\t\t\t<div class=\"elementor-wrapper elementor-open-inline\">\n\t\t\t<div class=\"elementor-video\"><\/div>\t\t<\/div>\n\t\t\t\t\t\t<\/div>\n\t\t\t\t<\/div>\n\t\t\t\t\t<\/div>\n\t\t<\/div>\n\t\t\t\t\t<\/div>\n\t\t<\/section>\n\t\t\t\t<section class=\"elementor-section elementor-top-section elementor-element elementor-element-ee72354 elementor-section-boxed elementor-section-height-default elementor-section-height-default\" data-id=\"ee72354\" data-element_type=\"section\">\n\t\t\t\t\t\t<div class=\"elementor-container elementor-column-gap-default\">\n\t\t\t\t\t<div class=\"elementor-column elementor-col-100 elementor-top-column elementor-element elementor-element-c59d6fe\" data-id=\"c59d6fe\" data-element_type=\"column\">\n\t\t\t<div class=\"elementor-widget-wrap elementor-element-populated\">\n\t\t\t\t\t\t<div class=\"elementor-element elementor-element-ddc6a1e elementor-widget elementor-widget-heading\" data-id=\"ddc6a1e\" data-element_type=\"widget\" data-widget_type=\"heading.default\">\n\t\t\t\t<div class=\"elementor-widget-container\">\n\t\t\t\t\t<h2 class=\"elementor-heading-title elementor-size-default\">Or\u00edgenes moldeados por la historia social cubana<\/h2>\t\t\t\t<\/div>\n\t\t\t\t<\/div>\n\t\t\t\t<div class=\"elementor-element elementor-element-e57451f elementor-widget elementor-widget-text-editor\" data-id=\"e57451f\" data-element_type=\"widget\" data-widget_type=\"text-editor.default\">\n\t\t\t\t<div class=\"elementor-widget-container\">\n\t\t\t\t\t\t\t\t\t<p><span style=\"font-weight: 400;\">Su nacimiento es inseparable de la historia de la esclavitud y la urbanizaci\u00f3n cubana del siglo XIX. Tras la abolici\u00f3n de la esclavitud, las poblaciones afrodescendientes se concentraron en las ciudades portuarias, sobre todo en La Habana y Matanzas. En los patios comunales conocidos como solares, la m\u00fasica se convirti\u00f3 en un medio de mantener las tradiciones africanas al tiempo que se adaptaban a un nuevo entorno social.  <\/span><\/p><p><span style=\"font-weight: 400;\">Estas zonas son el centro de una intensa vida comunitaria. Comparten trabajo y dificultades, pero tambi\u00e9n celebraciones. Es una respuesta colectiva a la marginaci\u00f3n. Permite que los gestos cotidianos se transformen en un lenguaje art\u00edstico, y que el ritmo se convierta en una herramienta de cohesi\u00f3n.   <\/span><\/p>\t\t\t\t\t\t\t\t<\/div>\n\t\t\t\t<\/div>\n\t\t\t\t<section class=\"elementor-section elementor-inner-section elementor-element elementor-element-fd380f7 elementor-section-boxed elementor-section-height-default elementor-section-height-default\" data-id=\"fd380f7\" data-element_type=\"section\">\n\t\t\t\t\t\t<div class=\"elementor-container elementor-column-gap-default\">\n\t\t\t\t\t<div class=\"elementor-column elementor-col-50 elementor-inner-column elementor-element elementor-element-f56c617\" data-id=\"f56c617\" data-element_type=\"column\">\n\t\t\t<div class=\"elementor-widget-wrap elementor-element-populated\">\n\t\t\t\t\t\t<div class=\"elementor-element elementor-element-ce0b6ed elementor-widget elementor-widget-image\" data-id=\"ce0b6ed\" data-element_type=\"widget\" data-widget_type=\"image.default\">\n\t\t\t\t<div class=\"elementor-widget-container\">\n\t\t\t\t\t\t\t\t\t\t\t\t<figure class=\"wp-caption\">\n\t\t\t\t\t\t\t\t\t\t<img fetchpriority=\"high\" decoding=\"async\" width=\"267\" height=\"400\" src=\"https:\/\/richeskarayib.com\/wp-content\/uploads\/2026\/01\/\u00a9-National-Council-for-Cultural-Heritage-2014-cover.jpg\" class=\"attachment-large size-large wp-image-67933\" alt=\"Rumba\" srcset=\"https:\/\/richeskarayib.com\/wp-content\/uploads\/2026\/01\/\u00a9-National-Council-for-Cultural-Heritage-2014-cover.jpg 267w, https:\/\/richeskarayib.com\/wp-content\/uploads\/2026\/01\/\u00a9-National-Council-for-Cultural-Heritage-2014-cover-200x300.jpg 200w\" sizes=\"(max-width: 267px) 100vw, 267px\" \/>\t\t\t\t\t\t\t\t\t\t\t<figcaption class=\"widget-image-caption wp-caption-text\">\u00a9National Council for Cultural Heritage, 2014<\/figcaption>\n\t\t\t\t\t\t\t\t\t\t<\/figure>\n\t\t\t\t\t\t\t\t\t<\/div>\n\t\t\t\t<\/div>\n\t\t\t\t\t<\/div>\n\t\t<\/div>\n\t\t\t\t<div class=\"elementor-column elementor-col-50 elementor-inner-column elementor-element elementor-element-890ed52\" data-id=\"890ed52\" data-element_type=\"column\">\n\t\t\t<div class=\"elementor-widget-wrap elementor-element-populated\">\n\t\t\t\t\t\t<div class=\"elementor-element elementor-element-6953838 elementor-widget elementor-widget-image\" data-id=\"6953838\" data-element_type=\"widget\" data-widget_type=\"image.default\">\n\t\t\t\t<div class=\"elementor-widget-container\">\n\t\t\t\t\t\t\t\t\t\t\t\t<figure class=\"wp-caption\">\n\t\t\t\t\t\t\t\t\t\t<img decoding=\"async\" width=\"267\" height=\"400\" src=\"https:\/\/richeskarayib.com\/wp-content\/uploads\/2026\/01\/\u00a9-National-Council-for-Cultural-Heritage-2014-6.jpg\" class=\"attachment-large size-large wp-image-67965\" alt=\"Rumba\" srcset=\"https:\/\/richeskarayib.com\/wp-content\/uploads\/2026\/01\/\u00a9-National-Council-for-Cultural-Heritage-2014-6.jpg 267w, https:\/\/richeskarayib.com\/wp-content\/uploads\/2026\/01\/\u00a9-National-Council-for-Cultural-Heritage-2014-6-200x300.jpg 200w\" sizes=\"(max-width: 267px) 100vw, 267px\" \/>\t\t\t\t\t\t\t\t\t\t\t<figcaption class=\"widget-image-caption wp-caption-text\">\u00a9National Council for Cultural Heritage, 2014<\/figcaption>\n\t\t\t\t\t\t\t\t\t\t<\/figure>\n\t\t\t\t\t\t\t\t\t<\/div>\n\t\t\t\t<\/div>\n\t\t\t\t\t<\/div>\n\t\t<\/div>\n\t\t\t\t\t<\/div>\n\t\t<\/section>\n\t\t\t\t\t<\/div>\n\t\t<\/div>\n\t\t\t\t\t<\/div>\n\t\t<\/section>\n\t\t\t\t<section class=\"elementor-section elementor-top-section elementor-element elementor-element-82cd8f9 elementor-section-boxed elementor-section-height-default elementor-section-height-default\" data-id=\"82cd8f9\" data-element_type=\"section\">\n\t\t\t\t\t\t<div class=\"elementor-container elementor-column-gap-default\">\n\t\t\t\t\t<div class=\"elementor-column elementor-col-100 elementor-top-column elementor-element elementor-element-0bfdc38\" data-id=\"0bfdc38\" data-element_type=\"column\">\n\t\t\t<div class=\"elementor-widget-wrap elementor-element-populated\">\n\t\t\t\t\t\t<div class=\"elementor-element elementor-element-7d292fe elementor-widget elementor-widget-heading\" data-id=\"7d292fe\" data-element_type=\"widget\" data-widget_type=\"heading.default\">\n\t\t\t\t<div class=\"elementor-widget-container\">\n\t\t\t\t\t<h2 class=\"elementor-heading-title elementor-size-default\">Los tres estilos principales de la rumba cubana<\/h2>\t\t\t\t<\/div>\n\t\t\t\t<\/div>\n\t\t\t\t<div class=\"elementor-element elementor-element-8e337bf elementor-widget elementor-widget-text-editor\" data-id=\"8e337bf\" data-element_type=\"widget\" data-widget_type=\"text-editor.default\">\n\t\t\t\t<div class=\"elementor-widget-container\">\n\t\t\t\t\t\t\t\t\t<p><span style=\"font-weight: 400;\">No es una forma \u00fanica. Se expresa a trav\u00e9s de tres estilos principales que reflejan diferentes funciones sociales y est\u00e9ticas. <\/span><\/p>\t\t\t\t\t\t\t\t<\/div>\n\t\t\t\t<\/div>\n\t\t\t\t<section class=\"elementor-section elementor-inner-section elementor-element elementor-element-c582330 elementor-section-boxed elementor-section-height-default elementor-section-height-default\" data-id=\"c582330\" data-element_type=\"section\">\n\t\t\t\t\t\t<div class=\"elementor-container elementor-column-gap-default\">\n\t\t\t\t\t\t<\/div>\n\t\t<\/section>\n\t\t\t\t<section class=\"elementor-section elementor-inner-section elementor-element elementor-element-b6c909a elementor-section-boxed elementor-section-height-default elementor-section-height-default\" data-id=\"b6c909a\" data-element_type=\"section\">\n\t\t\t\t\t\t<div class=\"elementor-container elementor-column-gap-default\">\n\t\t\t\t\t<div class=\"elementor-column elementor-col-100 elementor-inner-column elementor-element elementor-element-0cccc80\" data-id=\"0cccc80\" data-element_type=\"column\">\n\t\t\t<div class=\"elementor-widget-wrap elementor-element-populated\">\n\t\t\t\t\t\t<div class=\"elementor-element elementor-element-d70745a elementor-widget elementor-widget-text-editor\" data-id=\"d70745a\" data-element_type=\"widget\" data-widget_type=\"text-editor.default\">\n\t\t\t\t<div class=\"elementor-widget-container\">\n\t\t\t\t\t\t\t\t\t<h3><b>Memoria y contenci\u00f3n yamb\u00fa<\/b><\/h3><p><span style=\"font-weight: 400;\">El yamb\u00fa se considera una de las formas m\u00e1s antiguas de rumba. Su tempo es lento y su car\u00e1cter introspectivo. Hace hincapi\u00e9 en la narrativa corporal, el movimiento sutil y la expresi\u00f3n interior. Los bailarines no buscan la interpretaci\u00f3n, sino la precisi\u00f3n del movimiento y una relaci\u00f3n \u00edntima con la m\u00fasica. El yamb\u00fa se asocia a menudo con los ancianos. Evoca respeto, continuidad y transmisi\u00f3n. Cada movimiento parece cargado de una historia personal o colectiva. En este estilo, la danza se convierte casi en una narraci\u00f3n silenciosa en la que el cuerpo habla sin exceso.       <\/span><\/p>\t\t\t\t\t\t\t\t<\/div>\n\t\t\t\t<\/div>\n\t\t\t\t\t<\/div>\n\t\t<\/div>\n\t\t\t\t\t<\/div>\n\t\t<\/section>\n\t\t\t\t<div class=\"elementor-element elementor-element-f7d3752 elementor-widget elementor-widget-text-editor\" data-id=\"f7d3752\" data-element_type=\"widget\" data-widget_type=\"text-editor.default\">\n\t\t\t\t<div class=\"elementor-widget-container\">\n\t\t\t\t\t\t\t\t\t<h3><b>Guaguanc\u00f3 la escena social y el di\u00e1logo<\/b><\/h3><p><span style=\"font-weight: 400;\">El guaguanc\u00f3 es la forma m\u00e1s popular y extendida. Presenta un di\u00e1logo entre un hombre y una mujer construido en torno a un juego de seducci\u00f3n y desaf\u00edo. El famoso gesto del vacunao simboliza un intento de conquista seguido inmediatamente de una respuesta de la pareja, que esquiva, desv\u00eda o se anticipa. M\u00e1s all\u00e1 de su aspecto l\u00fadico, el guaguanc\u00f3 refleja la din\u00e1mica social y las relaciones de poder. Deja mucho espacio para la improvisaci\u00f3n, el humor y las personalidades de los bailarines. Cada interpretaci\u00f3n es diferente, seg\u00fan el contexto, la energ\u00eda del grupo y la mirada del p\u00fablico.     <\/span><\/p>\t\t\t\t\t\t\t\t<\/div>\n\t\t\t\t<\/div>\n\t\t\t\t<div class=\"elementor-element elementor-element-c09146d elementor-widget elementor-widget-text-editor\" data-id=\"c09146d\" data-element_type=\"widget\" data-widget_type=\"text-editor.default\">\n\t\t\t\t<div class=\"elementor-widget-container\">\n\t\t\t\t\t\t\t\t\t<h3><b>Columbia, virtuosismo y afirmaci\u00f3n individual<\/b><\/h3><p><span style=\"font-weight: 400;\">La Columbia es la m\u00e1s r\u00e1pida y t\u00e9cnicamente exigente. Tradicionalmente bailada en solitario, pone de manifiesto la agilidad, resistencia y creatividad del bailar\u00edn. Los movimientos son complejos, los cambios de direcci\u00f3n r\u00e1pidos y el di\u00e1logo con el solista del tambor constante. La Columbia suele considerarse una demostraci\u00f3n de maestr\u00eda y car\u00e1cter. Requiere un agudo o\u00eddo para el ritmo y una gran libertad f\u00edsica. Aunque durante mucho tiempo se ha asociado a la expresi\u00f3n masculina, ahora lo adoptan bailarinas que reinterpretan sus c\u00f3digos con fuerza y legitimidad.     <\/span><\/p>\t\t\t\t\t\t\t\t<\/div>\n\t\t\t\t<\/div>\n\t\t\t\t<section class=\"elementor-section elementor-inner-section elementor-element elementor-element-146c4fe elementor-section-boxed elementor-section-height-default elementor-section-height-default\" data-id=\"146c4fe\" data-element_type=\"section\">\n\t\t\t\t\t\t<div class=\"elementor-container elementor-column-gap-default\">\n\t\t\t\t\t<div class=\"elementor-column elementor-col-50 elementor-inner-column elementor-element elementor-element-98c1e04\" data-id=\"98c1e04\" data-element_type=\"column\">\n\t\t\t<div class=\"elementor-widget-wrap elementor-element-populated\">\n\t\t\t\t\t\t<div class=\"elementor-element elementor-element-aab66de elementor-widget elementor-widget-image\" data-id=\"aab66de\" data-element_type=\"widget\" data-widget_type=\"image.default\">\n\t\t\t\t<div class=\"elementor-widget-container\">\n\t\t\t\t\t\t\t\t\t\t\t\t<figure class=\"wp-caption\">\n\t\t\t\t\t\t\t\t\t\t<img decoding=\"async\" width=\"500\" height=\"333\" src=\"https:\/\/richeskarayib.com\/wp-content\/uploads\/2026\/01\/\u00a9-National-Council-for-Cultural-Heritage-2014-3-1.jpg\" class=\"attachment-large size-large wp-image-67953\" alt=\"Rumba\" srcset=\"https:\/\/richeskarayib.com\/wp-content\/uploads\/2026\/01\/\u00a9-National-Council-for-Cultural-Heritage-2014-3-1.jpg 500w, https:\/\/richeskarayib.com\/wp-content\/uploads\/2026\/01\/\u00a9-National-Council-for-Cultural-Heritage-2014-3-1-300x200.jpg 300w\" sizes=\"(max-width: 500px) 100vw, 500px\" \/>\t\t\t\t\t\t\t\t\t\t\t<figcaption class=\"widget-image-caption wp-caption-text\">\u00a9National Council for Cultural Heritage, 2014<\/figcaption>\n\t\t\t\t\t\t\t\t\t\t<\/figure>\n\t\t\t\t\t\t\t\t\t<\/div>\n\t\t\t\t<\/div>\n\t\t\t\t\t<\/div>\n\t\t<\/div>\n\t\t\t\t<div class=\"elementor-column elementor-col-50 elementor-inner-column elementor-element elementor-element-0d8cae7\" data-id=\"0d8cae7\" data-element_type=\"column\">\n\t\t\t<div class=\"elementor-widget-wrap elementor-element-populated\">\n\t\t\t\t\t\t<div class=\"elementor-element elementor-element-3bb415c elementor-widget elementor-widget-image\" data-id=\"3bb415c\" data-element_type=\"widget\" data-widget_type=\"image.default\">\n\t\t\t\t<div class=\"elementor-widget-container\">\n\t\t\t\t\t\t\t\t\t\t\t\t<figure class=\"wp-caption\">\n\t\t\t\t\t\t\t\t\t\t<img loading=\"lazy\" decoding=\"async\" width=\"500\" height=\"333\" src=\"https:\/\/richeskarayib.com\/wp-content\/uploads\/2026\/01\/\u00a9-National-Council-for-Cultural-Heritage-2014-5.jpg\" class=\"attachment-large size-large wp-image-67957\" alt=\"Rumba\" srcset=\"https:\/\/richeskarayib.com\/wp-content\/uploads\/2026\/01\/\u00a9-National-Council-for-Cultural-Heritage-2014-5.jpg 500w, https:\/\/richeskarayib.com\/wp-content\/uploads\/2026\/01\/\u00a9-National-Council-for-Cultural-Heritage-2014-5-300x200.jpg 300w\" sizes=\"(max-width: 500px) 100vw, 500px\" \/>\t\t\t\t\t\t\t\t\t\t\t<figcaption class=\"widget-image-caption wp-caption-text\">\u00a9National Council for Cultural Heritage, 2014<\/figcaption>\n\t\t\t\t\t\t\t\t\t\t<\/figure>\n\t\t\t\t\t\t\t\t\t<\/div>\n\t\t\t\t<\/div>\n\t\t\t\t\t<\/div>\n\t\t<\/div>\n\t\t\t\t\t<\/div>\n\t\t<\/section>\n\t\t\t\t<section class=\"elementor-section elementor-inner-section elementor-element elementor-element-296603a elementor-section-boxed elementor-section-height-default elementor-section-height-default\" data-id=\"296603a\" data-element_type=\"section\">\n\t\t\t\t\t\t<div class=\"elementor-container elementor-column-gap-default\">\n\t\t\t\t\t\t<\/div>\n\t\t<\/section>\n\t\t\t\t\t<\/div>\n\t\t<\/div>\n\t\t\t\t\t<\/div>\n\t\t<\/section>\n\t\t\t\t<section class=\"elementor-section elementor-top-section elementor-element elementor-element-5a7397d elementor-section-boxed elementor-section-height-default elementor-section-height-default\" data-id=\"5a7397d\" data-element_type=\"section\">\n\t\t\t\t\t\t<div class=\"elementor-container elementor-column-gap-default\">\n\t\t\t\t\t<div class=\"elementor-column elementor-col-100 elementor-top-column elementor-element elementor-element-8b33b4b\" data-id=\"8b33b4b\" data-element_type=\"column\">\n\t\t\t<div class=\"elementor-widget-wrap elementor-element-populated\">\n\t\t\t\t\t\t<div class=\"elementor-element elementor-element-89dac4b elementor-widget elementor-widget-heading\" data-id=\"89dac4b\" data-element_type=\"widget\" data-widget_type=\"heading.default\">\n\t\t\t\t<div class=\"elementor-widget-container\">\n\t\t\t\t\t<h2 class=\"elementor-heading-title elementor-size-default\">Los instrumentos y el ritmo como lenguaje colectivo<\/h2>\t\t\t\t<\/div>\n\t\t\t\t<\/div>\n\t\t\t\t<section class=\"elementor-section elementor-inner-section elementor-element elementor-element-f47b4b4 elementor-section-boxed elementor-section-height-default elementor-section-height-default\" data-id=\"f47b4b4\" data-element_type=\"section\">\n\t\t\t\t\t\t<div class=\"elementor-container elementor-column-gap-default\">\n\t\t\t\t\t<div class=\"elementor-column elementor-col-50 elementor-inner-column elementor-element elementor-element-d815264\" data-id=\"d815264\" data-element_type=\"column\">\n\t\t\t<div class=\"elementor-widget-wrap elementor-element-populated\">\n\t\t\t\t\t\t<div class=\"elementor-element elementor-element-819dd2d elementor-widget elementor-widget-text-editor\" data-id=\"819dd2d\" data-element_type=\"widget\" data-widget_type=\"text-editor.default\">\n\t\t\t\t<div class=\"elementor-widget-container\">\n\t\t\t\t\t\t\t\t\t<p><span style=\"font-weight: 400;\">La rumba cubana se basa en una arquitectura r\u00edtmica precisa pero profundamente org\u00e1nica. Se siente antes de analizarla.   <\/span><\/p><p><span style=\"font-weight: 400;\">En el coraz\u00f3n de esta estructura est\u00e1 la clave, el motivo r\u00edtmico fundamental que organiza la m\u00fasica en su conjunto.  <\/span><\/p><p><span style=\"font-weight: 400;\">La clave no siempre se toca expl\u00edcitamente, pero gu\u00eda cada entrada, cada silencio, cada reinicio.<\/span><\/p><p><span style=\"font-weight: 400;\">Alrededor de esta columna vertebral hay un conjunto de instrumentos de percusi\u00f3n, principalmente congas.<\/span><\/p><p><span style=\"font-weight: 400;\">  Generalmente, se utiliza un tr\u00edo de tambores, incluido un tambor agudo que improvisa y conversa directamente con el bailar\u00edn.  <\/span><\/p><p><span style=\"font-weight: 400;\">Este di\u00e1logo es esencial. Crea una tensi\u00f3n permanente entre la m\u00fasica y el movimiento, como si cada uno provocara al otro. <\/span><\/p>\t\t\t\t\t\t\t\t<\/div>\n\t\t\t\t<\/div>\n\t\t\t\t<div class=\"elementor-element elementor-element-7091cc8 elementor-widget elementor-widget-text-editor\" data-id=\"7091cc8\" data-element_type=\"widget\" data-widget_type=\"text-editor.default\">\n\t\t\t\t<div class=\"elementor-widget-container\">\n\t\t\t\t\t\t\t\t\t<p><span style=\"font-weight: 400;\">La voz tambi\u00e9n desempe\u00f1a un papel central. Un cantante solista lanza frases a menudo improvisadas, a las que responde un coro. <\/span><\/p>\t\t\t\t\t\t\t\t<\/div>\n\t\t\t\t<\/div>\n\t\t\t\t\t<\/div>\n\t\t<\/div>\n\t\t\t\t<div class=\"elementor-column elementor-col-50 elementor-inner-column elementor-element elementor-element-7e7ff72\" data-id=\"7e7ff72\" data-element_type=\"column\">\n\t\t\t<div class=\"elementor-widget-wrap elementor-element-populated\">\n\t\t\t\t\t\t<div class=\"elementor-element elementor-element-5e2d0da elementor-widget elementor-widget-image\" data-id=\"5e2d0da\" data-element_type=\"widget\" data-widget_type=\"image.default\">\n\t\t\t\t<div class=\"elementor-widget-container\">\n\t\t\t\t\t\t\t\t\t\t\t\t<figure class=\"wp-caption\">\n\t\t\t\t\t\t\t\t\t\t<img loading=\"lazy\" decoding=\"async\" width=\"500\" height=\"334\" src=\"https:\/\/richeskarayib.com\/wp-content\/uploads\/2026\/01\/\u00a9-National-Council-for-Cultural-Heritage-2014-4.jpg\" class=\"attachment-large size-large wp-image-67945\" alt=\"Rumba\" srcset=\"https:\/\/richeskarayib.com\/wp-content\/uploads\/2026\/01\/\u00a9-National-Council-for-Cultural-Heritage-2014-4.jpg 500w, https:\/\/richeskarayib.com\/wp-content\/uploads\/2026\/01\/\u00a9-National-Council-for-Cultural-Heritage-2014-4-300x200.jpg 300w\" sizes=\"(max-width: 500px) 100vw, 500px\" \/>\t\t\t\t\t\t\t\t\t\t\t<figcaption class=\"widget-image-caption wp-caption-text\">\u00a9National Council for Cultural Heritage, 2014<\/figcaption>\n\t\t\t\t\t\t\t\t\t\t<\/figure>\n\t\t\t\t\t\t\t\t\t<\/div>\n\t\t\t\t<\/div>\n\t\t\t\t<div class=\"elementor-element elementor-element-309ca7e elementor-widget elementor-widget-image\" data-id=\"309ca7e\" data-element_type=\"widget\" data-widget_type=\"image.default\">\n\t\t\t\t<div class=\"elementor-widget-container\">\n\t\t\t\t\t\t\t\t\t\t\t\t<figure class=\"wp-caption\">\n\t\t\t\t\t\t\t\t\t\t<img loading=\"lazy\" decoding=\"async\" width=\"500\" height=\"303\" src=\"https:\/\/richeskarayib.com\/wp-content\/uploads\/2026\/01\/\u00a9-National-Council-for-Cultural-Heritage-2014-2.jpg\" class=\"attachment-large size-large wp-image-67941\" alt=\"Rumba\" srcset=\"https:\/\/richeskarayib.com\/wp-content\/uploads\/2026\/01\/\u00a9-National-Council-for-Cultural-Heritage-2014-2.jpg 500w, https:\/\/richeskarayib.com\/wp-content\/uploads\/2026\/01\/\u00a9-National-Council-for-Cultural-Heritage-2014-2-300x182.jpg 300w\" sizes=\"(max-width: 500px) 100vw, 500px\" \/>\t\t\t\t\t\t\t\t\t\t\t<figcaption class=\"widget-image-caption wp-caption-text\">\u00a9National Council for Cultural Heritage, 2014 2<\/figcaption>\n\t\t\t\t\t\t\t\t\t\t<\/figure>\n\t\t\t\t\t\t\t\t\t<\/div>\n\t\t\t\t<\/div>\n\t\t\t\t\t<\/div>\n\t\t<\/div>\n\t\t\t\t\t<\/div>\n\t\t<\/section>\n\t\t\t\t\t<\/div>\n\t\t<\/div>\n\t\t\t\t\t<\/div>\n\t\t<\/section>\n\t\t\t\t<section class=\"elementor-section elementor-top-section elementor-element elementor-element-2c060f5 elementor-section-boxed elementor-section-height-default elementor-section-height-default\" data-id=\"2c060f5\" data-element_type=\"section\">\n\t\t\t\t\t\t<div class=\"elementor-container elementor-column-gap-default\">\n\t\t\t\t\t<div class=\"elementor-column elementor-col-100 elementor-top-column elementor-element elementor-element-359f969\" data-id=\"359f969\" data-element_type=\"column\">\n\t\t\t<div class=\"elementor-widget-wrap elementor-element-populated\">\n\t\t\t\t\t\t<div class=\"elementor-element elementor-element-808b8b3 elementor-widget elementor-widget-heading\" data-id=\"808b8b3\" data-element_type=\"widget\" data-widget_type=\"heading.default\">\n\t\t\t\t<div class=\"elementor-widget-container\">\n\t\t\t\t\t<h2 class=\"elementor-heading-title elementor-size-default\">Rumba en La Habana contempor\u00e1nea<\/h2>\t\t\t\t<\/div>\n\t\t\t\t<\/div>\n\t\t\t\t<div class=\"elementor-element elementor-element-3c9cb71 elementor-widget elementor-widget-text-editor\" data-id=\"3c9cb71\" data-element_type=\"widget\" data-widget_type=\"text-editor.default\">\n\t\t\t\t<div class=\"elementor-widget-container\">\n\t\t\t\t\t\t\t\t\t<p><span style=\"font-weight: 400;\">A\u00fan hoy, forma parte del paisaje sonoro y social de <a href=\"https:\/\/richeskarayib.com\/es\/cifras-clave-de-la-cultura-y-el-patrimonio-del-caribe-historia-musica-diaspora-y-alcance-global\/\" target=\"_blank\" rel=\"noopener\">La Habana<\/a>. No se limita a los escenarios oficiales. Aparece en los barrios en reuniones espont\u00e1neas, en patios o en ciertas calles que se han convertido en emblem\u00e1ticas.  <\/span><\/p><p><span style=\"font-weight: 400;\">El Callej\u00f3n de Hamel es uno de los lugares m\u00e1s conocidos para observar esta tradici\u00f3n viva. Cada semana, m\u00fasicos, bailarines y vecinos se re\u00fanen all\u00ed en un ambiente que combina fervor art\u00edstico y vida de barrio. Pero m\u00e1s all\u00e1 de este lugar, la rumba sigue expres\u00e1ndose en muchos espacios menos visibles, donde sigue siendo ante todo un asunto comunitario.  <\/span><\/p>\t\t\t\t\t\t\t\t<\/div>\n\t\t\t\t<\/div>\n\t\t\t\t<section class=\"elementor-section elementor-inner-section elementor-element elementor-element-432f664 elementor-section-boxed elementor-section-height-default elementor-section-height-default\" data-id=\"432f664\" data-element_type=\"section\">\n\t\t\t\t\t\t<div class=\"elementor-container elementor-column-gap-default\">\n\t\t\t\t\t<div class=\"elementor-column elementor-col-100 elementor-inner-column elementor-element elementor-element-d34e60d\" data-id=\"d34e60d\" data-element_type=\"column\">\n\t\t\t<div class=\"elementor-widget-wrap elementor-element-populated\">\n\t\t\t\t\t\t<div class=\"elementor-element elementor-element-c160fee elementor-widget elementor-widget-image\" data-id=\"c160fee\" data-element_type=\"widget\" data-widget_type=\"image.default\">\n\t\t\t\t<div class=\"elementor-widget-container\">\n\t\t\t\t\t\t\t\t\t\t\t\t<figure class=\"wp-caption\">\n\t\t\t\t\t\t\t\t\t\t<img loading=\"lazy\" decoding=\"async\" width=\"800\" height=\"534\" src=\"https:\/\/richeskarayib.com\/wp-content\/uploads\/2026\/01\/\u00a9Wanda-Canals-Fleitas-Cubania-1024x683.jpeg\" class=\"attachment-large size-large wp-image-67937\" alt=\"Rumba\" srcset=\"https:\/\/richeskarayib.com\/wp-content\/uploads\/2026\/01\/\u00a9Wanda-Canals-Fleitas-Cubania-1024x683.jpeg 1024w, https:\/\/richeskarayib.com\/wp-content\/uploads\/2026\/01\/\u00a9Wanda-Canals-Fleitas-Cubania-300x200.jpeg 300w, https:\/\/richeskarayib.com\/wp-content\/uploads\/2026\/01\/\u00a9Wanda-Canals-Fleitas-Cubania-768x512.jpeg 768w, https:\/\/richeskarayib.com\/wp-content\/uploads\/2026\/01\/\u00a9Wanda-Canals-Fleitas-Cubania.jpeg 1152w\" sizes=\"(max-width: 800px) 100vw, 800px\" \/>\t\t\t\t\t\t\t\t\t\t\t<figcaption class=\"widget-image-caption wp-caption-text\">\u00a9Wanda Canals Fleitas: Cubania<\/figcaption>\n\t\t\t\t\t\t\t\t\t\t<\/figure>\n\t\t\t\t\t\t\t\t\t<\/div>\n\t\t\t\t<\/div>\n\t\t\t\t\t<\/div>\n\t\t<\/div>\n\t\t\t\t\t<\/div>\n\t\t<\/section>\n\t\t\t\t\t<\/div>\n\t\t<\/div>\n\t\t\t\t\t<\/div>\n\t\t<\/section>\n\t\t\t\t<section class=\"elementor-section elementor-top-section elementor-element elementor-element-0f16b43 elementor-section-boxed elementor-section-height-default elementor-section-height-default\" data-id=\"0f16b43\" data-element_type=\"section\">\n\t\t\t\t\t\t<div class=\"elementor-container elementor-column-gap-default\">\n\t\t\t\t\t<div class=\"elementor-column elementor-col-100 elementor-top-column elementor-element elementor-element-d9f1403\" data-id=\"d9f1403\" data-element_type=\"column\">\n\t\t\t<div class=\"elementor-widget-wrap elementor-element-populated\">\n\t\t\t\t\t\t<div class=\"elementor-element elementor-element-8bf76ab elementor-widget elementor-widget-heading\" data-id=\"8bf76ab\" data-element_type=\"widget\" data-widget_type=\"heading.default\">\n\t\t\t\t<div class=\"elementor-widget-container\">\n\t\t\t\t\t<h2 class=\"elementor-heading-title elementor-size-default\">Festivales y transmisi\u00f3n contempor\u00e1nea<\/h2>\t\t\t\t<\/div>\n\t\t\t\t<\/div>\n\t\t\t\t<div class=\"elementor-element elementor-element-d81c671 elementor-widget elementor-widget-text-editor\" data-id=\"d81c671\" data-element_type=\"widget\" data-widget_type=\"text-editor.default\">\n\t\t\t\t<div class=\"elementor-widget-container\">\n\t\t\t\t\t\t\t\t\t<p><span style=\"font-weight: 400;\">La vitalidad de la rumba cubana tambi\u00e9n es evidente en eventos dedicados a ella. El Festival Internacional de Rumba de Timbalaye es un ejemplo importante. Se celebra todos los a\u00f1os y re\u00fane a grupos de distintas regiones de Cuba y de otros pa\u00edses vinculados a la historia afrocaribe\u00f1a. Estos festivales no se limitan a conciertos. Ofrecen talleres, encuentros intergeneracionales y oportunidades para reflexionar sobre la transmisi\u00f3n de conocimientos. Se aborda como un patrimonio vivo que sigue evolucionando sin perder sus ra\u00edces populares.     <\/span><\/p>\t\t\t\t\t\t\t\t<\/div>\n\t\t\t\t<\/div>\n\t\t\t\t<div class=\"elementor-element elementor-element-02bd99c elementor-widget elementor-widget-video\" data-id=\"02bd99c\" data-element_type=\"widget\" data-settings=\"{&quot;youtube_url&quot;:&quot;https:\\\/\\\/www.youtube.com\\\/watch?v=IKLU213odJ8&quot;,&quot;video_type&quot;:&quot;youtube&quot;,&quot;controls&quot;:&quot;yes&quot;}\" data-widget_type=\"video.default\">\n\t\t\t\t<div class=\"elementor-widget-container\">\n\t\t\t\t\t\t\t<div class=\"elementor-wrapper elementor-open-inline\">\n\t\t\t<div class=\"elementor-video\"><\/div>\t\t<\/div>\n\t\t\t\t\t\t<\/div>\n\t\t\t\t<\/div>\n\t\t\t\t\t<\/div>\n\t\t<\/div>\n\t\t\t\t\t<\/div>\n\t\t<\/section>\n\t\t\t\t<section class=\"elementor-section elementor-top-section elementor-element elementor-element-4ef9ba5 elementor-section-boxed elementor-section-height-default elementor-section-height-default\" data-id=\"4ef9ba5\" data-element_type=\"section\">\n\t\t\t\t\t\t<div class=\"elementor-container elementor-column-gap-default\">\n\t\t\t\t\t<div class=\"elementor-column elementor-col-100 elementor-top-column elementor-element elementor-element-2af15d8\" data-id=\"2af15d8\" data-element_type=\"column\">\n\t\t\t<div class=\"elementor-widget-wrap elementor-element-populated\">\n\t\t\t\t\t\t<div class=\"elementor-element elementor-element-39df54b elementor-widget elementor-widget-heading\" data-id=\"39df54b\" data-element_type=\"widget\" data-widget_type=\"heading.default\">\n\t\t\t\t<div class=\"elementor-widget-container\">\n\t\t\t\t\t<h2 class=\"elementor-heading-title elementor-size-default\">Figuras clave e influencia mundial<\/h2>\t\t\t\t<\/div>\n\t\t\t\t<\/div>\n\t\t\t\t<div class=\"elementor-element elementor-element-83c1bd2 elementor-widget elementor-widget-text-editor\" data-id=\"83c1bd2\" data-element_type=\"widget\" data-widget_type=\"text-editor.default\">\n\t\t\t\t<div class=\"elementor-widget-container\">\n\t\t\t\t\t\t\t\t\t<p><span style=\"font-weight: 400;\">La rumba cubana ha ejercido una profunda influencia en la m\u00fasica mundial. Ha alimentado la m\u00fasica afrocubana, la salsa, el jazz latino y numerosas formas h\u00edbridas. Artistas como Mongo Santamar\u00eda han desempe\u00f1ado un papel clave en la difusi\u00f3n de la rumba, poniendo en di\u00e1logo los ritmos de la rumba con el jazz norteamericano. De estas trayectorias surge un patr\u00f3n claro. Las pr\u00e1cticas locales de los barrios obreros se convierten en lenguajes musicales universales. Circulan con los artistas, con las migraciones y con las di\u00e1sporas, creando puentes culturales duraderos entre Cuba y el resto del mundo.     <\/span><\/p>\t\t\t\t\t\t\t\t<\/div>\n\t\t\t\t<\/div>\n\t\t\t\t\t<\/div>\n\t\t<\/div>\n\t\t\t\t\t<\/div>\n\t\t<\/section>\n\t\t\t\t<section class=\"elementor-section elementor-top-section elementor-element elementor-element-f06c5f1 elementor-section-boxed elementor-section-height-default elementor-section-height-default\" data-id=\"f06c5f1\" data-element_type=\"section\">\n\t\t\t\t\t\t<div class=\"elementor-container elementor-column-gap-default\">\n\t\t\t\t\t<div class=\"elementor-column elementor-col-100 elementor-top-column elementor-element elementor-element-905d853\" data-id=\"905d853\" data-element_type=\"column\">\n\t\t\t<div class=\"elementor-widget-wrap elementor-element-populated\">\n\t\t\t\t\t\t<div class=\"elementor-element elementor-element-a7601d8 elementor-widget elementor-widget-heading\" data-id=\"a7601d8\" data-element_type=\"widget\" data-widget_type=\"heading.default\">\n\t\t\t\t<div class=\"elementor-widget-container\">\n\t\t\t\t\t<h2 class=\"elementor-heading-title elementor-size-default\">Una tradici\u00f3n en movimiento<\/h2>\t\t\t\t<\/div>\n\t\t\t\t<\/div>\n\t\t\t\t<div class=\"elementor-element elementor-element-ce2479f elementor-widget elementor-widget-text-editor\" data-id=\"ce2479f\" data-element_type=\"widget\" data-widget_type=\"text-editor.default\">\n\t\t\t\t<div class=\"elementor-widget-container\">\n\t\t\t\t\t\t\t\t\t<p><span style=\"font-weight: 400;\">La <\/span><b>Rumba<\/b><span style=\"font-weight: 400;\"> sigue siendo una de las expresiones culturales m\u00e1s poderosas de Cuba. <\/span><b>Cuba<\/b><span style=\"font-weight: 400;\">. Vincula el pasado con el presente, transforma la memoria en movimiento y sigue evolucionando con el paso de las generaciones. En los patios, en las calles de La Habana o en los grandes festivales, sigue siendo un espacio de libertad, de afirmaci\u00f3n y de compartir. Entender la rumba es acercarse a Cuba a trav\u00e9s del cuerpo, del sonido y de las relaciones humanas. Significa comprender c\u00f3mo una cultura nacida de la coacci\u00f3n se ha elevado al rango de s\u00edmbolo universal sin perder nunca sus ra\u00edces populares.   <\/span><\/p>\t\t\t\t\t\t\t\t<\/div>\n\t\t\t\t<\/div>\n\t\t\t\t\t<\/div>\n\t\t<\/div>\n\t\t\t\t\t<\/div>\n\t\t<\/section>\n\t\t\t\t<section class=\"elementor-section elementor-top-section elementor-element elementor-element-22bf69f elementor-section-boxed elementor-section-height-default elementor-section-height-default\" data-id=\"22bf69f\" data-element_type=\"section\">\n\t\t\t\t\t\t<div class=\"elementor-container elementor-column-gap-default\">\n\t\t\t\t\t<div class=\"elementor-column elementor-col-100 elementor-top-column elementor-element elementor-element-8aedddd\" data-id=\"8aedddd\" data-element_type=\"column\">\n\t\t\t<div class=\"elementor-widget-wrap elementor-element-populated\">\n\t\t\t\t\t\t<section class=\"elementor-section elementor-inner-section elementor-element elementor-element-c8e3557 elementor-section-boxed elementor-section-height-default elementor-section-height-default\" data-id=\"c8e3557\" data-element_type=\"section\">\n\t\t\t\t\t\t<div class=\"elementor-container elementor-column-gap-default\">\n\t\t\t\t\t<div class=\"elementor-column elementor-col-100 elementor-inner-column elementor-element elementor-element-1222702\" data-id=\"1222702\" data-element_type=\"column\">\n\t\t\t<div class=\"elementor-widget-wrap elementor-element-populated\">\n\t\t\t\t\t\t<div class=\"elementor-element elementor-element-2e40abe elementor-widget elementor-widget-accordion\" data-id=\"2e40abe\" data-element_type=\"widget\" data-widget_type=\"accordion.default\">\n\t\t\t\t<div class=\"elementor-widget-container\">\n\t\t\t\t\t\t\t<div class=\"elementor-accordion\">\n\t\t\t\t\t\t\t<div class=\"elementor-accordion-item\">\n\t\t\t\t\t<div id=\"elementor-tab-title-4841\" class=\"elementor-tab-title\" data-tab=\"1\" role=\"button\" aria-controls=\"elementor-tab-content-4841\" aria-expanded=\"false\">\n\t\t\t\t\t\t\t\t\t\t\t\t\t<span class=\"elementor-accordion-icon elementor-accordion-icon-left\" aria-hidden=\"true\">\n\t\t\t\t\t\t\t\t\t\t\t\t\t\t\t<span class=\"elementor-accordion-icon-closed\"><i class=\"fas fa-plus\"><\/i><\/span>\n\t\t\t\t\t\t\t\t<span class=\"elementor-accordion-icon-opened\"><i class=\"fas fa-minus\"><\/i><\/span>\n\t\t\t\t\t\t\t\t\t\t\t\t\t\t<\/span>\n\t\t\t\t\t\t\t\t\t\t\t\t<a class=\"elementor-accordion-title\" tabindex=\"0\">\u00bfQu\u00e9 es la rumba en Cuba?<\/a>\n\t\t\t\t\t<\/div>\n\t\t\t\t\t<div id=\"elementor-tab-content-4841\" class=\"elementor-tab-content elementor-clearfix\" data-tab=\"1\" role=\"region\" aria-labelledby=\"elementor-tab-title-4841\"><p><span style=\"font-weight: 400;\">Es una expresi\u00f3n cultural completa que combina percusi\u00f3n, canto, danza e interacci\u00f3n social. Nacida en los barrios obreros del siglo XIX, se basa en las tradiciones afrocubanas y se transmite principalmente a trav\u00e9s de la pr\u00e1ctica colectiva y la oralidad. <\/span><\/p>\n<\/div>\n\t\t\t\t<\/div>\n\t\t\t\t\t\t\t<div class=\"elementor-accordion-item\">\n\t\t\t\t\t<div id=\"elementor-tab-title-4842\" class=\"elementor-tab-title\" data-tab=\"2\" role=\"button\" aria-controls=\"elementor-tab-content-4842\" aria-expanded=\"false\">\n\t\t\t\t\t\t\t\t\t\t\t\t\t<span class=\"elementor-accordion-icon elementor-accordion-icon-left\" aria-hidden=\"true\">\n\t\t\t\t\t\t\t\t\t\t\t\t\t\t\t<span class=\"elementor-accordion-icon-closed\"><i class=\"fas fa-plus\"><\/i><\/span>\n\t\t\t\t\t\t\t\t<span class=\"elementor-accordion-icon-opened\"><i class=\"fas fa-minus\"><\/i><\/span>\n\t\t\t\t\t\t\t\t\t\t\t\t\t\t<\/span>\n\t\t\t\t\t\t\t\t\t\t\t\t<a class=\"elementor-accordion-title\" tabindex=\"0\">\u00bfCu\u00e1les son los principales estilos de la rumba cubana?<\/a>\n\t\t\t\t\t<\/div>\n\t\t\t\t\t<div id=\"elementor-tab-content-4842\" class=\"elementor-tab-content elementor-clearfix\" data-tab=\"2\" role=\"region\" aria-labelledby=\"elementor-tab-title-4842\"><p><span style=\"font-weight: 400;\">Hay tres estilos principales. El yamb\u00fa favorece la lentitud y la narraci\u00f3n gestual. El guaguanc\u00f3 presenta un seductor di\u00e1logo entre parejas. La Columbia se distingue por su velocidad y virtuosismo, y a menudo se baila en solitario.   <\/span><\/p>\n<\/div>\n\t\t\t\t<\/div>\n\t\t\t\t\t\t\t<div class=\"elementor-accordion-item\">\n\t\t\t\t\t<div id=\"elementor-tab-title-4843\" class=\"elementor-tab-title\" data-tab=\"3\" role=\"button\" aria-controls=\"elementor-tab-content-4843\" aria-expanded=\"false\">\n\t\t\t\t\t\t\t\t\t\t\t\t\t<span class=\"elementor-accordion-icon elementor-accordion-icon-left\" aria-hidden=\"true\">\n\t\t\t\t\t\t\t\t\t\t\t\t\t\t\t<span class=\"elementor-accordion-icon-closed\"><i class=\"fas fa-plus\"><\/i><\/span>\n\t\t\t\t\t\t\t\t<span class=\"elementor-accordion-icon-opened\"><i class=\"fas fa-minus\"><\/i><\/span>\n\t\t\t\t\t\t\t\t\t\t\t\t\t\t<\/span>\n\t\t\t\t\t\t\t\t\t\t\t\t<a class=\"elementor-accordion-title\" tabindex=\"0\">\u00bfD\u00f3nde puedes ver y entender la rumba en Cuba hoy en d\u00eda?<\/a>\n\t\t\t\t\t<\/div>\n\t\t\t\t\t<div id=\"elementor-tab-content-4843\" class=\"elementor-tab-content elementor-clearfix\" data-tab=\"3\" role=\"region\" aria-labelledby=\"elementor-tab-title-4843\"><p><span style=\"font-weight: 400;\">Todav\u00eda se practica en muchos barrios de La Habana y otras ciudades cubanas en reuniones comunitarias. Algunos lugares emblem\u00e1ticos, como los patios de vecinos y las calles hist\u00f3ricas, brindan la oportunidad de observar esta tradici\u00f3n en su contexto social vivo, as\u00ed como en festivales dedicados a ella. <\/span><\/p>\n<\/div>\n\t\t\t\t<\/div>\n\t\t\t\t\t\t\t\t<\/div>\n\t\t\t\t\t\t<\/div>\n\t\t\t\t<\/div>\n\t\t\t\t\t<\/div>\n\t\t<\/div>\n\t\t\t\t\t<\/div>\n\t\t<\/section>\n\t\t\t\t\t<\/div>\n\t\t<\/div>\n\t\t\t\t\t<\/div>\n\t\t<\/section>\n\t\t\t\t<\/div>\n\t\t","protected":false},"excerpt":{"rendered":"<p>&#8220;Sin Cuba no hay rumba y sin rumba no hay Cuba&#8221;. Esta frase resume acertadamente una realidad profundamente arraigada en la historia y la vida cotidiana de la isla. La Rumba no es s\u00f3lo un g\u00e9nero musical o una danza folcl\u00f3rica est\u00e1tica. \u00c0 CubaEs un lenguaje social, un espacio de memoria y una forma colectiva [&hellip;]<\/p>\n","protected":false},"author":662,"featured_media":67961,"comment_status":"open","ping_status":"open","sticky":false,"template":"","format":"standard","meta":{"_acf_changed":false,"footnotes":""},"categories":[1469],"tags":[1595],"class_list":["post-67971","post","type-post","status-publish","format-standard","has-post-thumbnail","hentry","category-historia-patrimonio","tag-cuba-es"],"acf":[],"_links":{"self":[{"href":"https:\/\/richeskarayib.com\/es\/wp-json\/wp\/v2\/posts\/67971","targetHints":{"allow":["GET"]}}],"collection":[{"href":"https:\/\/richeskarayib.com\/es\/wp-json\/wp\/v2\/posts"}],"about":[{"href":"https:\/\/richeskarayib.com\/es\/wp-json\/wp\/v2\/types\/post"}],"author":[{"embeddable":true,"href":"https:\/\/richeskarayib.com\/es\/wp-json\/wp\/v2\/users\/662"}],"replies":[{"embeddable":true,"href":"https:\/\/richeskarayib.com\/es\/wp-json\/wp\/v2\/comments?post=67971"}],"version-history":[{"count":0,"href":"https:\/\/richeskarayib.com\/es\/wp-json\/wp\/v2\/posts\/67971\/revisions"}],"wp:featuredmedia":[{"embeddable":true,"href":"https:\/\/richeskarayib.com\/es\/wp-json\/wp\/v2\/media\/67961"}],"wp:attachment":[{"href":"https:\/\/richeskarayib.com\/es\/wp-json\/wp\/v2\/media?parent=67971"}],"wp:term":[{"taxonomy":"category","embeddable":true,"href":"https:\/\/richeskarayib.com\/es\/wp-json\/wp\/v2\/categories?post=67971"},{"taxonomy":"post_tag","embeddable":true,"href":"https:\/\/richeskarayib.com\/es\/wp-json\/wp\/v2\/tags?post=67971"}],"curies":[{"name":"wp","href":"https:\/\/api.w.org\/{rel}","templated":true}]}}