{"id":68010,"date":"2026-01-09T01:41:54","date_gmt":"2026-01-09T05:41:54","guid":{"rendered":"https:\/\/richeskarayib.com\/el-caribe-y-la-crisis-eeuu-venezuela-un-choque-con-repercusiones-culturales-turisticas-y-economicas\/"},"modified":"2026-01-09T01:41:56","modified_gmt":"2026-01-09T05:41:56","slug":"el-caribe-y-la-crisis-eeuu-venezuela-un-choque-con-repercusiones-culturales-turisticas-y-economicas","status":"publish","type":"post","link":"https:\/\/richeskarayib.com\/es\/el-caribe-y-la-crisis-eeuu-venezuela-un-choque-con-repercusiones-culturales-turisticas-y-economicas\/","title":{"rendered":"El Caribe y la crisis EEUU-Venezuela: un choque con repercusiones culturales, tur\u00edsticas y econ\u00f3micas"},"content":{"rendered":"\t\t<div data-elementor-type=\"wp-post\" data-elementor-id=\"68010\" class=\"elementor elementor-68010 elementor-67976\" data-elementor-post-type=\"post\">\n\t\t\t\t\t\t<section class=\"elementor-section elementor-top-section elementor-element elementor-element-7ca7ca1 elementor-section-boxed elementor-section-height-default elementor-section-height-default\" data-id=\"7ca7ca1\" data-element_type=\"section\">\n\t\t\t\t\t\t<div class=\"elementor-container elementor-column-gap-default\">\n\t\t\t\t\t<div class=\"elementor-column elementor-col-100 elementor-top-column elementor-element elementor-element-cbdd002\" data-id=\"cbdd002\" data-element_type=\"column\">\n\t\t\t<div class=\"elementor-widget-wrap elementor-element-populated\">\n\t\t\t\t\t\t<section class=\"elementor-section elementor-inner-section elementor-element elementor-element-bc94849 elementor-section-boxed elementor-section-height-default elementor-section-height-default\" data-id=\"bc94849\" data-element_type=\"section\">\n\t\t\t\t\t\t<div class=\"elementor-container elementor-column-gap-default\">\n\t\t\t\t\t\t<\/div>\n\t\t<\/section>\n\t\t\t\t<section class=\"elementor-section elementor-inner-section elementor-element elementor-element-61571e6 elementor-section-boxed elementor-section-height-default elementor-section-height-default\" data-id=\"61571e6\" data-element_type=\"section\">\n\t\t\t\t\t\t<div class=\"elementor-container elementor-column-gap-default\">\n\t\t\t\t\t\t<\/div>\n\t\t<\/section>\n\t\t\t\t<section class=\"elementor-section elementor-inner-section elementor-element elementor-element-b6262e0 elementor-section-boxed elementor-section-height-default elementor-section-height-default\" data-id=\"b6262e0\" data-element_type=\"section\">\n\t\t\t\t\t\t<div class=\"elementor-container elementor-column-gap-default\">\n\t\t\t\t\t\t<\/div>\n\t\t<\/section>\n\t\t\t\t<section class=\"elementor-section elementor-inner-section elementor-element elementor-element-cca29fd elementor-section-boxed elementor-section-height-default elementor-section-height-default\" data-id=\"cca29fd\" data-element_type=\"section\">\n\t\t\t\t\t\t<div class=\"elementor-container elementor-column-gap-default\">\n\t\t\t\t\t\t<\/div>\n\t\t<\/section>\n\t\t\t\t\t<\/div>\n\t\t<\/div>\n\t\t\t\t\t<\/div>\n\t\t<\/section>\n\t\t\t\t<section class=\"elementor-section elementor-top-section elementor-element elementor-element-a6d4222 elementor-section-boxed elementor-section-height-default elementor-section-height-default\" data-id=\"a6d4222\" data-element_type=\"section\">\n\t\t\t\t\t\t<div class=\"elementor-container elementor-column-gap-default\">\n\t\t\t\t\t<div class=\"elementor-column elementor-col-100 elementor-top-column elementor-element elementor-element-ea27f09\" data-id=\"ea27f09\" data-element_type=\"column\">\n\t\t\t<div class=\"elementor-widget-wrap elementor-element-populated\">\n\t\t\t\t\t\t<section class=\"elementor-section elementor-inner-section elementor-element elementor-element-25c3156 elementor-section-boxed elementor-section-height-default elementor-section-height-default\" data-id=\"25c3156\" data-element_type=\"section\">\n\t\t\t\t\t\t<div class=\"elementor-container elementor-column-gap-default\">\n\t\t\t\t\t<div class=\"elementor-column elementor-col-100 elementor-inner-column elementor-element elementor-element-aac779c\" data-id=\"aac779c\" data-element_type=\"column\">\n\t\t\t<div class=\"elementor-widget-wrap elementor-element-populated\">\n\t\t\t\t\t\t<div class=\"elementor-element elementor-element-612550d elementor-widget elementor-widget-text-editor\" data-id=\"612550d\" data-element_type=\"widget\" data-widget_type=\"text-editor.default\">\n\t\t\t\t<div class=\"elementor-widget-container\">\n\t\t\t\t\t\t\t\t\t<p><span style=\"font-weight: 400;\">El <\/span><a href=\"https:\/\/fr.wikipedia.org\/wiki\/Crise_am%C3%A9ricano-v%C3%A9n%C3%A9zu%C3%A9lienne_de_2025-2026\" target=\"_blank\" rel=\"noopener nofollow\"><b>crisis venezolano-estadounidense<\/b><\/a><span style=\"font-weight: 400;\">  se encuentra ahora en el centro de las preocupaciones pol\u00edticas, econ\u00f3micas y humanas de toda la regi\u00f3n del Caribe. En un momento en que Estados Unidos ha llevado a cabo recientemente una operaci\u00f3n militar contra el gobierno venezolano, con consecuencias directas para Venezuela y sus relaciones internacionales, el Caribe se encuentra en el centro de una importante crisis pol\u00edtica y econ\u00f3mica.   <\/span><b>efecto domin\u00f3<\/b><span style=\"font-weight: 400;\"> que afecta a <\/span><b>el turismo, la cultura y la cooperaci\u00f3n regional<\/b><span style=\"font-weight: 400;\"> &#8211; pilares esenciales de su identidad y prosperidad.<\/span><\/p>\t\t\t\t\t\t\t\t<\/div>\n\t\t\t\t<\/div>\n\t\t\t\t\t<\/div>\n\t\t<\/div>\n\t\t\t\t\t<\/div>\n\t\t<\/section>\n\t\t\t\t\t<\/div>\n\t\t<\/div>\n\t\t\t\t\t<\/div>\n\t\t<\/section>\n\t\t\t\t<section class=\"elementor-section elementor-top-section elementor-element elementor-element-e1fea79 elementor-section-boxed elementor-section-height-default elementor-section-height-default\" data-id=\"e1fea79\" data-element_type=\"section\">\n\t\t\t\t\t\t<div class=\"elementor-container elementor-column-gap-default\">\n\t\t\t\t\t<div class=\"elementor-column elementor-col-100 elementor-top-column elementor-element elementor-element-6d0be76\" data-id=\"6d0be76\" data-element_type=\"column\">\n\t\t\t<div class=\"elementor-widget-wrap elementor-element-populated\">\n\t\t\t\t\t\t<div class=\"elementor-element elementor-element-a310b25 elementor-widget elementor-widget-heading\" data-id=\"a310b25\" data-element_type=\"widget\" data-widget_type=\"heading.default\">\n\t\t\t\t<div class=\"elementor-widget-container\">\n\t\t\t\t\t<h2 class=\"elementor-heading-title elementor-size-default\">  Una respuesta institucional: CARICOM hace un llamamiento a la paz<\/h2>\t\t\t\t<\/div>\n\t\t\t\t<\/div>\n\t\t\t\t<div class=\"elementor-element elementor-element-bbb62ae elementor-widget elementor-widget-text-editor\" data-id=\"bbb62ae\" data-element_type=\"widget\" data-widget_type=\"text-editor.default\">\n\t\t\t\t<div class=\"elementor-widget-container\">\n\t\t\t\t\t\t\t\t\t<p><span style=\"font-weight: 400;\">En respuesta a estos acontecimientos, la <\/span><b><a href=\"https:\/\/caricom.org\/\" target=\"_blank\" rel=\"noopener nofollow\">Comunidad del Caribe<\/a> (CARICOM)<\/b><span style=\"font-weight: 400;\">  se reunieron en sesi\u00f3n de urgencia para evaluar el impacto potencial en la regi\u00f3n. En una declaraci\u00f3n emitida por la Mesa de la Conferencia de Jefes de Gobierno, la organizaci\u00f3n expuso claramente sus principios: <\/span><\/p>\t\t\t\t\t\t\t\t<\/div>\n\t\t\t\t<\/div>\n\t\t\t\t<div class=\"elementor-element elementor-element-1d1897c elementor-widget elementor-widget-text-editor\" data-id=\"1d1897c\" data-element_type=\"widget\" data-widget_type=\"text-editor.default\">\n\t\t\t\t<div class=\"elementor-widget-container\">\n\t\t\t\t\t\t\t\t\t<ul><li><span style=\"font-weight: 400;\">&#8220;La Regi\u00f3n reitera su llamamiento al di\u00e1logo pac\u00edfico por la v\u00eda diplom\u00e1tica para garantizar la estabilidad de Venezuela, el buen gobierno, la democracia y la prosperidad del pueblo de Venezuela.&#8221; <\/span><span style=\"font-weight: 400;\">&#8211; <\/span><b>CARICOM, Declaraci\u00f3n Oficial, 3 de enero de 2026.<\/b><\/li><\/ul>\t\t\t\t\t\t\t\t<\/div>\n\t\t\t\t<\/div>\n\t\t\t\t<div class=\"elementor-element elementor-element-9c336ab elementor-widget elementor-widget-text-editor\" data-id=\"9c336ab\" data-element_type=\"widget\" data-widget_type=\"text-editor.default\">\n\t\t\t\t<div class=\"elementor-widget-container\">\n\t\t\t\t\t\t\t\t\t<p><span style=\"font-weight: 400;\">Este mensaje, centrado en <\/span><b>el di\u00e1logo pac\u00edfico y la cooperaci\u00f3n internacional<\/b><span style=\"font-weight: 400;\">ilustra el profundo apego de los Estados caribe\u00f1os al multilateralismo y a la resoluci\u00f3n no militar de las crisis, base esencial de la estabilidad social, cultural y econ\u00f3mica de la regi\u00f3n.<\/span><\/p>\t\t\t\t\t\t\t\t<\/div>\n\t\t\t\t<\/div>\n\t\t\t\t<section class=\"elementor-section elementor-inner-section elementor-element elementor-element-5250a9a elementor-section-boxed elementor-section-height-default elementor-section-height-default\" data-id=\"5250a9a\" data-element_type=\"section\">\n\t\t\t\t\t\t<div class=\"elementor-container elementor-column-gap-default\">\n\t\t\t\t\t<div class=\"elementor-column elementor-col-100 elementor-inner-column elementor-element elementor-element-c6c06b8\" data-id=\"c6c06b8\" data-element_type=\"column\">\n\t\t\t<div class=\"elementor-widget-wrap elementor-element-populated\">\n\t\t\t\t\t\t<div class=\"elementor-element elementor-element-1b76e2e elementor-widget elementor-widget-image\" data-id=\"1b76e2e\" data-element_type=\"widget\" data-widget_type=\"image.default\">\n\t\t\t\t<div class=\"elementor-widget-container\">\n\t\t\t\t\t\t\t\t\t\t\t\t<figure class=\"wp-caption\">\n\t\t\t\t\t\t\t\t\t\t<img fetchpriority=\"high\" decoding=\"async\" width=\"800\" height=\"534\" src=\"https:\/\/richeskarayib.com\/wp-content\/uploads\/2026\/01\/\u00a9CARICOM-1024x683.jpg\" class=\"attachment-large size-large wp-image-67984\" alt=\"crise am\u00e9ricano-v\u00e9n\u00e9zu\u00e9lienne\" srcset=\"https:\/\/richeskarayib.com\/wp-content\/uploads\/2026\/01\/\u00a9CARICOM-1024x683.jpg 1024w, https:\/\/richeskarayib.com\/wp-content\/uploads\/2026\/01\/\u00a9CARICOM-300x200.jpg 300w, https:\/\/richeskarayib.com\/wp-content\/uploads\/2026\/01\/\u00a9CARICOM-768x512.jpg 768w, https:\/\/richeskarayib.com\/wp-content\/uploads\/2026\/01\/\u00a9CARICOM-1320x880.jpg 1320w, https:\/\/richeskarayib.com\/wp-content\/uploads\/2026\/01\/\u00a9CARICOM.jpg 1536w\" sizes=\"(max-width: 800px) 100vw, 800px\" \/>\t\t\t\t\t\t\t\t\t\t\t<figcaption class=\"widget-image-caption wp-caption-text\">\u00a9CARICOM<\/figcaption>\n\t\t\t\t\t\t\t\t\t\t<\/figure>\n\t\t\t\t\t\t\t\t\t<\/div>\n\t\t\t\t<\/div>\n\t\t\t\t\t<\/div>\n\t\t<\/div>\n\t\t\t\t\t<\/div>\n\t\t<\/section>\n\t\t\t\t\t<\/div>\n\t\t<\/div>\n\t\t\t\t\t<\/div>\n\t\t<\/section>\n\t\t\t\t<section class=\"elementor-section elementor-top-section elementor-element elementor-element-ee72354 elementor-section-boxed elementor-section-height-default elementor-section-height-default\" data-id=\"ee72354\" data-element_type=\"section\">\n\t\t\t\t\t\t<div class=\"elementor-container elementor-column-gap-default\">\n\t\t\t\t\t<div class=\"elementor-column elementor-col-100 elementor-top-column elementor-element elementor-element-c59d6fe\" data-id=\"c59d6fe\" data-element_type=\"column\">\n\t\t\t<div class=\"elementor-widget-wrap elementor-element-populated\">\n\t\t\t\t\t\t<div class=\"elementor-element elementor-element-ddc6a1e elementor-widget elementor-widget-heading\" data-id=\"ddc6a1e\" data-element_type=\"widget\" data-widget_type=\"heading.default\">\n\t\t\t\t<div class=\"elementor-widget-container\">\n\t\t\t\t\t<h2 class=\"elementor-heading-title elementor-size-default\">Impacto en el turismo: interrupciones de vuelos y menores reservas\n<\/h2>\t\t\t\t<\/div>\n\t\t\t\t<\/div>\n\t\t\t\t<div class=\"elementor-element elementor-element-e57451f elementor-widget elementor-widget-text-editor\" data-id=\"e57451f\" data-element_type=\"widget\" data-widget_type=\"text-editor.default\">\n\t\t\t\t<div class=\"elementor-widget-container\">\n\t\t\t\t\t\t\t\t\t<p><span style=\"font-weight: 400;\">Uno de los efectos inmediatos de la <\/span><b>crisis venezolana <\/b> <span style=\"font-weight: 400;\">ha sido la interrupci\u00f3n del transporte a\u00e9reo en la regi\u00f3n. A principios de enero, las restricciones temporales del espacio a\u00e9reo impuestas por la administraci\u00f3n estadounidense provocaron la cancelaci\u00f3n de cientos de vuelos a destinos clave como Puerto Rico, las Islas V\u00edrgenes y Barbados, lo que afect\u00f3 tanto a los visitantes como a los profesionales del turismo. <\/span><\/p>\t\t\t\t\t\t\t\t<\/div>\n\t\t\t\t<\/div>\n\t\t\t\t<div class=\"elementor-element elementor-element-04185fc elementor-widget elementor-widget-text-editor\" data-id=\"04185fc\" data-element_type=\"widget\" data-widget_type=\"text-editor.default\">\n\t\t\t\t<div class=\"elementor-widget-container\">\n\t\t\t\t\t\t\t\t\t<p><span style=\"font-weight: 400;\">Seg\u00fan varios informes del sector :<\/span><\/p><ul><li><span style=\"font-weight: 400;\">&#8220;El ruido continuo y la amenaza de nuevas medidas&#8230; s\u00f3lo van a crear m\u00e1s inestabilidad en el mercado&#8221;. <\/span><span style=\"font-weight: 400;\">&#8211; <\/span><b>Andy Cooper, consultor del sector tur\u00edstico (Travel Weekly).<\/b><\/li><\/ul>\t\t\t\t\t\t\t\t<\/div>\n\t\t\t\t<\/div>\n\t\t\t\t<div class=\"elementor-element elementor-element-74fe3d9 elementor-widget elementor-widget-text-editor\" data-id=\"74fe3d9\" data-element_type=\"widget\" data-widget_type=\"text-editor.default\">\n\t\t\t\t<div class=\"elementor-widget-container\">\n\t\t\t\t\t\t\t\t\t<p><span style=\"font-weight: 400;\">Las compa\u00f1\u00edas de cruceros, que dependen de puertos como Bridgetown y San Juan, han tenido que reorganizar sus itinerarios, mientras que las agencias de turismo vigilan de cerca las reservas en previsi\u00f3n de un posible descenso del n\u00famero de visitantes.<\/span><\/p>\t\t\t\t\t\t\t\t<\/div>\n\t\t\t\t<\/div>\n\t\t\t\t<section class=\"elementor-section elementor-inner-section elementor-element elementor-element-331d7b6 elementor-section-boxed elementor-section-height-default elementor-section-height-default\" data-id=\"331d7b6\" data-element_type=\"section\">\n\t\t\t\t\t\t<div class=\"elementor-container elementor-column-gap-default\">\n\t\t\t\t\t<div class=\"elementor-column elementor-col-50 elementor-inner-column elementor-element elementor-element-3b4108b\" data-id=\"3b4108b\" data-element_type=\"column\">\n\t\t\t<div class=\"elementor-widget-wrap elementor-element-populated\">\n\t\t\t\t\t\t<div class=\"elementor-element elementor-element-8fc97f2 elementor-widget elementor-widget-image\" data-id=\"8fc97f2\" data-element_type=\"widget\" data-widget_type=\"image.default\">\n\t\t\t\t<div class=\"elementor-widget-container\">\n\t\t\t\t\t\t\t\t\t\t\t\t\t\t\t<img decoding=\"async\" width=\"800\" height=\"534\" src=\"https:\/\/richeskarayib.com\/wp-content\/uploads\/2026\/01\/pexels-tanathip-rattanatum-1050216-2026324-1024x683.jpg\" class=\"attachment-large size-large wp-image-67988\" alt=\"crise am\u00e9ricano-v\u00e9n\u00e9zu\u00e9lienne\" srcset=\"https:\/\/richeskarayib.com\/wp-content\/uploads\/2026\/01\/pexels-tanathip-rattanatum-1050216-2026324-1024x683.jpg 1024w, https:\/\/richeskarayib.com\/wp-content\/uploads\/2026\/01\/pexels-tanathip-rattanatum-1050216-2026324-300x200.jpg 300w, https:\/\/richeskarayib.com\/wp-content\/uploads\/2026\/01\/pexels-tanathip-rattanatum-1050216-2026324-768x512.jpg 768w, https:\/\/richeskarayib.com\/wp-content\/uploads\/2026\/01\/pexels-tanathip-rattanatum-1050216-2026324-1536x1024.jpg 1536w, https:\/\/richeskarayib.com\/wp-content\/uploads\/2026\/01\/pexels-tanathip-rattanatum-1050216-2026324-1320x880.jpg 1320w, https:\/\/richeskarayib.com\/wp-content\/uploads\/2026\/01\/pexels-tanathip-rattanatum-1050216-2026324.jpg 1920w\" sizes=\"(max-width: 800px) 100vw, 800px\" \/>\t\t\t\t\t\t\t\t\t\t\t\t\t\t\t<\/div>\n\t\t\t\t<\/div>\n\t\t\t\t\t<\/div>\n\t\t<\/div>\n\t\t\t\t<div class=\"elementor-column elementor-col-50 elementor-inner-column elementor-element elementor-element-7fb79ba\" data-id=\"7fb79ba\" data-element_type=\"column\">\n\t\t\t<div class=\"elementor-widget-wrap elementor-element-populated\">\n\t\t\t\t\t\t<div class=\"elementor-element elementor-element-2cfea85 elementor-widget elementor-widget-image\" data-id=\"2cfea85\" data-element_type=\"widget\" data-widget_type=\"image.default\">\n\t\t\t\t<div class=\"elementor-widget-container\">\n\t\t\t\t\t\t\t\t\t\t\t\t\t\t\t<img decoding=\"async\" width=\"800\" height=\"534\" src=\"https:\/\/richeskarayib.com\/wp-content\/uploads\/2026\/01\/pexels-vlada-karpovich-7368191-1024x683.jpg\" class=\"attachment-large size-large wp-image-67992\" alt=\"crise am\u00e9ricano-v\u00e9n\u00e9zu\u00e9lienne\" srcset=\"https:\/\/richeskarayib.com\/wp-content\/uploads\/2026\/01\/pexels-vlada-karpovich-7368191-1024x683.jpg 1024w, https:\/\/richeskarayib.com\/wp-content\/uploads\/2026\/01\/pexels-vlada-karpovich-7368191-300x200.jpg 300w, https:\/\/richeskarayib.com\/wp-content\/uploads\/2026\/01\/pexels-vlada-karpovich-7368191-768x512.jpg 768w, https:\/\/richeskarayib.com\/wp-content\/uploads\/2026\/01\/pexels-vlada-karpovich-7368191-1536x1024.jpg 1536w, https:\/\/richeskarayib.com\/wp-content\/uploads\/2026\/01\/pexels-vlada-karpovich-7368191-1320x880.jpg 1320w, https:\/\/richeskarayib.com\/wp-content\/uploads\/2026\/01\/pexels-vlada-karpovich-7368191.jpg 1920w\" sizes=\"(max-width: 800px) 100vw, 800px\" \/>\t\t\t\t\t\t\t\t\t\t\t\t\t\t\t<\/div>\n\t\t\t\t<\/div>\n\t\t\t\t\t<\/div>\n\t\t<\/div>\n\t\t\t\t\t<\/div>\n\t\t<\/section>\n\t\t\t\t\t<\/div>\n\t\t<\/div>\n\t\t\t\t\t<\/div>\n\t\t<\/section>\n\t\t\t\t<section class=\"elementor-section elementor-top-section elementor-element elementor-element-82cd8f9 elementor-section-boxed elementor-section-height-default elementor-section-height-default\" data-id=\"82cd8f9\" data-element_type=\"section\">\n\t\t\t\t\t\t<div class=\"elementor-container elementor-column-gap-default\">\n\t\t\t\t\t<div class=\"elementor-column elementor-col-100 elementor-top-column elementor-element elementor-element-0bfdc38\" data-id=\"0bfdc38\" data-element_type=\"column\">\n\t\t\t<div class=\"elementor-widget-wrap elementor-element-populated\">\n\t\t\t\t\t\t<div class=\"elementor-element elementor-element-7d292fe elementor-widget elementor-widget-heading\" data-id=\"7d292fe\" data-element_type=\"widget\" data-widget_type=\"heading.default\">\n\t\t\t\t<div class=\"elementor-widget-container\">\n\t\t\t\t\t<h2 class=\"elementor-heading-title elementor-size-default\">Testimonios desde el terreno: los agentes del turismo ante la incertidumbre<\/h2>\t\t\t\t<\/div>\n\t\t\t\t<\/div>\n\t\t\t\t<div class=\"elementor-element elementor-element-8e337bf elementor-widget elementor-widget-text-editor\" data-id=\"8e337bf\" data-element_type=\"widget\" data-widget_type=\"text-editor.default\">\n\t\t\t\t<div class=\"elementor-widget-container\">\n\t\t\t\t\t\t\t\t\t<p><span style=\"font-weight: 400;\">El <\/span><b>crisis venezolano-estadounidense<\/b><span style=\"font-weight: 400;\">  no es s\u00f3lo una cuesti\u00f3n pol\u00edtica, sino que se traduce en decisiones concretas en el mundo real de los hoteleros y operadores tur\u00edsticos. En varias islas del sur de la regi\u00f3n, las asociaciones locales informan : <\/span><\/p>\t\t\t\t\t\t\t\t<\/div>\n\t\t\t\t<\/div>\n\t\t\t\t<section class=\"elementor-section elementor-inner-section elementor-element elementor-element-c582330 elementor-section-boxed elementor-section-height-default elementor-section-height-default\" data-id=\"c582330\" data-element_type=\"section\">\n\t\t\t\t\t\t<div class=\"elementor-container elementor-column-gap-default\">\n\t\t\t\t\t\t<\/div>\n\t\t<\/section>\n\t\t\t\t<section class=\"elementor-section elementor-inner-section elementor-element elementor-element-b6c909a elementor-section-boxed elementor-section-height-default elementor-section-height-default\" data-id=\"b6c909a\" data-element_type=\"section\">\n\t\t\t\t\t\t<div class=\"elementor-container elementor-column-gap-default\">\n\t\t\t\t\t<div class=\"elementor-column elementor-col-100 elementor-inner-column elementor-element elementor-element-0cccc80\" data-id=\"0cccc80\" data-element_type=\"column\">\n\t\t\t<div class=\"elementor-widget-wrap elementor-element-populated\">\n\t\t\t\t\t\t<div class=\"elementor-element elementor-element-d70745a elementor-widget elementor-widget-text-editor\" data-id=\"d70745a\" data-element_type=\"widget\" data-widget_type=\"text-editor.default\">\n\t\t\t\t<div class=\"elementor-widget-container\">\n\t\t\t\t\t\t\t\t\t<ul><li><span style=\"font-weight: 400;\">&#8220;Hemos visto cancelaciones de grupos que ven\u00edan a hacer excursiones, y se est\u00e1n cancelando algunas escalas de cruceros&#8230; Nos est\u00e1 afectando&#8221;. <\/span><span style=\"font-weight: 400;\">&#8211; <\/span><b>Representante de turismo de Trinidad y Tobago, Nation News<\/b><span style=\"font-weight: 400;\">.<\/span><\/li><\/ul>\t\t\t\t\t\t\t\t<\/div>\n\t\t\t\t<\/div>\n\t\t\t\t<div class=\"elementor-element elementor-element-e6678db elementor-widget elementor-widget-text-editor\" data-id=\"e6678db\" data-element_type=\"widget\" data-widget_type=\"text-editor.default\">\n\t\t\t\t<div class=\"elementor-widget-container\">\n\t\t\t\t\t\t\t\t\t<p><span style=\"font-weight: 400;\">Esta situaci\u00f3n pone de manifiesto el <\/span><b>riesgo para la econom\u00eda dependiente del turismo<\/b><span style=\"font-weight: 400;\">en un momento en que los visitantes buscan tranquilidad y seguridad, elementos esenciales de la experiencia cultural caribe\u00f1a.<\/span><\/p>\t\t\t\t\t\t\t\t<\/div>\n\t\t\t\t<\/div>\n\t\t\t\t\t<\/div>\n\t\t<\/div>\n\t\t\t\t\t<\/div>\n\t\t<\/section>\n\t\t\t\t<section class=\"elementor-section elementor-inner-section elementor-element elementor-element-f73f562 elementor-section-boxed elementor-section-height-default elementor-section-height-default\" data-id=\"f73f562\" data-element_type=\"section\">\n\t\t\t\t\t\t<div class=\"elementor-container elementor-column-gap-default\">\n\t\t\t\t\t<div class=\"elementor-column elementor-col-50 elementor-inner-column elementor-element elementor-element-42a5c4d\" data-id=\"42a5c4d\" data-element_type=\"column\">\n\t\t\t<div class=\"elementor-widget-wrap elementor-element-populated\">\n\t\t\t\t\t\t<div class=\"elementor-element elementor-element-94eb27c elementor-widget elementor-widget-image\" data-id=\"94eb27c\" data-element_type=\"widget\" data-widget_type=\"image.default\">\n\t\t\t\t<div class=\"elementor-widget-container\">\n\t\t\t\t\t\t\t\t\t\t\t\t\t\t\t<img loading=\"lazy\" decoding=\"async\" width=\"683\" height=\"1024\" src=\"https:\/\/richeskarayib.com\/wp-content\/uploads\/2026\/01\/pexels-rickyrecap-1802255-683x1024.jpg\" class=\"attachment-large size-large wp-image-67996\" alt=\"crise am\u00e9ricano-v\u00e9n\u00e9zu\u00e9lienne\" srcset=\"https:\/\/richeskarayib.com\/wp-content\/uploads\/2026\/01\/pexels-rickyrecap-1802255-683x1024.jpg 683w, https:\/\/richeskarayib.com\/wp-content\/uploads\/2026\/01\/pexels-rickyrecap-1802255-200x300.jpg 200w, https:\/\/richeskarayib.com\/wp-content\/uploads\/2026\/01\/pexels-rickyrecap-1802255-768x1152.jpg 768w, https:\/\/richeskarayib.com\/wp-content\/uploads\/2026\/01\/pexels-rickyrecap-1802255-1024x1536.jpg 1024w, https:\/\/richeskarayib.com\/wp-content\/uploads\/2026\/01\/pexels-rickyrecap-1802255.jpg 1280w\" sizes=\"(max-width: 683px) 100vw, 683px\" \/>\t\t\t\t\t\t\t\t\t\t\t\t\t\t\t<\/div>\n\t\t\t\t<\/div>\n\t\t\t\t\t<\/div>\n\t\t<\/div>\n\t\t\t\t<div class=\"elementor-column elementor-col-50 elementor-inner-column elementor-element elementor-element-d051b83\" data-id=\"d051b83\" data-element_type=\"column\">\n\t\t\t<div class=\"elementor-widget-wrap elementor-element-populated\">\n\t\t\t\t\t\t<div class=\"elementor-element elementor-element-62f6ee2 elementor-widget elementor-widget-image\" data-id=\"62f6ee2\" data-element_type=\"widget\" data-widget_type=\"image.default\">\n\t\t\t\t<div class=\"elementor-widget-container\">\n\t\t\t\t\t\t\t\t\t\t\t\t\t\t\t<img loading=\"lazy\" decoding=\"async\" width=\"768\" height=\"1024\" src=\"https:\/\/richeskarayib.com\/wp-content\/uploads\/2026\/01\/pexels-willianjusten-16146954-768x1024.jpg\" class=\"attachment-large size-large wp-image-68000\" alt=\"crise am\u00e9ricano-v\u00e9n\u00e9zu\u00e9lienne\" srcset=\"https:\/\/richeskarayib.com\/wp-content\/uploads\/2026\/01\/pexels-willianjusten-16146954-768x1024.jpg 768w, https:\/\/richeskarayib.com\/wp-content\/uploads\/2026\/01\/pexels-willianjusten-16146954-225x300.jpg 225w, https:\/\/richeskarayib.com\/wp-content\/uploads\/2026\/01\/pexels-willianjusten-16146954-1152x1536.jpg 1152w, https:\/\/richeskarayib.com\/wp-content\/uploads\/2026\/01\/pexels-willianjusten-16146954-1320x1760.jpg 1320w, https:\/\/richeskarayib.com\/wp-content\/uploads\/2026\/01\/pexels-willianjusten-16146954.jpg 1440w\" sizes=\"(max-width: 768px) 100vw, 768px\" \/>\t\t\t\t\t\t\t\t\t\t\t\t\t\t\t<\/div>\n\t\t\t\t<\/div>\n\t\t\t\t\t<\/div>\n\t\t<\/div>\n\t\t\t\t\t<\/div>\n\t\t<\/section>\n\t\t\t\t<section class=\"elementor-section elementor-inner-section elementor-element elementor-element-296603a elementor-section-boxed elementor-section-height-default elementor-section-height-default\" data-id=\"296603a\" data-element_type=\"section\">\n\t\t\t\t\t\t<div class=\"elementor-container elementor-column-gap-default\">\n\t\t\t\t\t\t<\/div>\n\t\t<\/section>\n\t\t\t\t\t<\/div>\n\t\t<\/div>\n\t\t\t\t\t<\/div>\n\t\t<\/section>\n\t\t\t\t<section class=\"elementor-section elementor-top-section elementor-element elementor-element-5a7397d elementor-section-boxed elementor-section-height-default elementor-section-height-default\" data-id=\"5a7397d\" data-element_type=\"section\">\n\t\t\t\t\t\t<div class=\"elementor-container elementor-column-gap-default\">\n\t\t\t\t\t<div class=\"elementor-column elementor-col-100 elementor-top-column elementor-element elementor-element-8b33b4b\" data-id=\"8b33b4b\" data-element_type=\"column\">\n\t\t\t<div class=\"elementor-widget-wrap elementor-element-populated\">\n\t\t\t\t\t\t<div class=\"elementor-element elementor-element-89dac4b elementor-widget elementor-widget-heading\" data-id=\"89dac4b\" data-element_type=\"widget\" data-widget_type=\"heading.default\">\n\t\t\t\t<div class=\"elementor-widget-container\">\n\t\t\t\t\t<h2 class=\"elementor-heading-title elementor-size-default\">  Cuestiones culturales y migraci\u00f3n: un v\u00ednculo hist\u00f3rico con Venezuela<\/h2>\t\t\t\t<\/div>\n\t\t\t\t<\/div>\n\t\t\t\t<section class=\"elementor-section elementor-inner-section elementor-element elementor-element-f47b4b4 elementor-section-boxed elementor-section-height-default elementor-section-height-default\" data-id=\"f47b4b4\" data-element_type=\"section\">\n\t\t\t\t\t\t<div class=\"elementor-container elementor-column-gap-default\">\n\t\t\t\t\t<div class=\"elementor-column elementor-col-100 elementor-inner-column elementor-element elementor-element-d815264\" data-id=\"d815264\" data-element_type=\"column\">\n\t\t\t<div class=\"elementor-widget-wrap elementor-element-populated\">\n\t\t\t\t\t\t<div class=\"elementor-element elementor-element-819dd2d elementor-widget elementor-widget-text-editor\" data-id=\"819dd2d\" data-element_type=\"widget\" data-widget_type=\"text-editor.default\">\n\t\t\t\t<div class=\"elementor-widget-container\">\n\t\t\t\t\t\t\t\t\t<p><span style=\"font-weight: 400;\">El Caribe es algo m\u00e1s que una econom\u00eda tur\u00edstica; es una vibrante <\/span><b>encrucijada cultural<\/b><span style=\"font-weight: 400;\">Venezuela est\u00e1 profundamente vinculada a sus vecinos sudamericanos a trav\u00e9s de la migraci\u00f3n, los intercambios art\u00edsticos y una historia compartida. La presencia de comunidades venezolanas en varias islas enriquece : <\/span><\/p>\t\t\t\t\t\t\t\t<\/div>\n\t\t\t\t<\/div>\n\t\t\t\t<div class=\"elementor-element elementor-element-7091cc8 elementor-widget elementor-widget-text-editor\" data-id=\"7091cc8\" data-element_type=\"widget\" data-widget_type=\"text-editor.default\">\n\t\t\t\t<div class=\"elementor-widget-container\">\n\t\t\t\t\t\t\t\t\t<ul><li style=\"font-weight: 400;\" aria-level=\"1\"><b>&#8211; gastronom\u00eda regional<\/b><span style=\"font-weight: 400;\">,<\/span><\/li><li style=\"font-weight: 400;\" aria-level=\"1\"><b>&#8211; pr\u00e1cticas musicales<\/b><span style=\"font-weight: 400;\">,<\/span><\/li><li style=\"font-weight: 400;\" aria-level=\"1\"><b>&#8211; artes visuales<\/b><span style=\"font-weight: 400;\">,<\/span><\/li><li style=\"font-weight: 400;\" aria-level=\"1\">&#8211; <strong> y las<\/strong> <b style=\"font-family: -apple-system, BlinkMacSystemFont, 'Segoe UI', Roboto, 'Helvetica Neue', Arial, 'Noto Sans', sans-serif, 'Apple Color Emoji', 'Segoe UI Emoji', 'Segoe UI Symbol', 'Noto Color Emoji';\">relaciones humanas cotidianas<\/b><span style=\"font-weight: 400;\">.<\/span><\/li><\/ul>\t\t\t\t\t\t\t\t<\/div>\n\t\t\t\t<\/div>\n\t\t\t\t<div class=\"elementor-element elementor-element-4d4e89c elementor-widget elementor-widget-text-editor\" data-id=\"4d4e89c\" data-element_type=\"widget\" data-widget_type=\"text-editor.default\">\n\t\t\t\t<div class=\"elementor-widget-container\">\n\t\t\t\t\t\t\t\t\t<p><span style=\"font-weight: 400;\">Este <\/span><b>tejido cultural vivo<\/b><span style=\"font-weight: 400;\">debilitado por la incertidumbre pol\u00edtica, corre el riesgo de ver ralentizados sus intercambios, amenazando los v\u00ednculos humanos que van m\u00e1s all\u00e1 de las fronteras nacionales.<\/span><\/p>\t\t\t\t\t\t\t\t<\/div>\n\t\t\t\t<\/div>\n\t\t\t\t\t<\/div>\n\t\t<\/div>\n\t\t\t\t\t<\/div>\n\t\t<\/section>\n\t\t\t\t<section class=\"elementor-section elementor-inner-section elementor-element elementor-element-9c8d863 elementor-section-boxed elementor-section-height-default elementor-section-height-default\" data-id=\"9c8d863\" data-element_type=\"section\">\n\t\t\t\t\t\t<div class=\"elementor-container elementor-column-gap-default\">\n\t\t\t\t\t<div class=\"elementor-column elementor-col-100 elementor-inner-column elementor-element elementor-element-02b99b7\" data-id=\"02b99b7\" data-element_type=\"column\">\n\t\t\t<div class=\"elementor-widget-wrap elementor-element-populated\">\n\t\t\t\t\t\t<div class=\"elementor-element elementor-element-19deda5 elementor-widget elementor-widget-image\" data-id=\"19deda5\" data-element_type=\"widget\" data-widget_type=\"image.default\">\n\t\t\t\t<div class=\"elementor-widget-container\">\n\t\t\t\t\t\t\t\t\t\t\t\t\t\t\t<img loading=\"lazy\" decoding=\"async\" width=\"800\" height=\"450\" src=\"https:\/\/richeskarayib.com\/wp-content\/uploads\/2026\/01\/pexels-alex-dos-santos-305643819-35555627-1024x576.jpg\" class=\"attachment-large size-large wp-image-68004\" alt=\"crise am\u00e9ricano-v\u00e9n\u00e9zu\u00e9lienne\" srcset=\"https:\/\/richeskarayib.com\/wp-content\/uploads\/2026\/01\/pexels-alex-dos-santos-305643819-35555627-1024x576.jpg 1024w, https:\/\/richeskarayib.com\/wp-content\/uploads\/2026\/01\/pexels-alex-dos-santos-305643819-35555627-300x169.jpg 300w, https:\/\/richeskarayib.com\/wp-content\/uploads\/2026\/01\/pexels-alex-dos-santos-305643819-35555627-768x432.jpg 768w, https:\/\/richeskarayib.com\/wp-content\/uploads\/2026\/01\/pexels-alex-dos-santos-305643819-35555627-1536x864.jpg 1536w, https:\/\/richeskarayib.com\/wp-content\/uploads\/2026\/01\/pexels-alex-dos-santos-305643819-35555627-1320x743.jpg 1320w, https:\/\/richeskarayib.com\/wp-content\/uploads\/2026\/01\/pexels-alex-dos-santos-305643819-35555627.jpg 1920w\" sizes=\"(max-width: 800px) 100vw, 800px\" \/>\t\t\t\t\t\t\t\t\t\t\t\t\t\t\t<\/div>\n\t\t\t\t<\/div>\n\t\t\t\t<div class=\"elementor-element elementor-element-60e239c elementor-widget elementor-widget-image\" data-id=\"60e239c\" data-element_type=\"widget\" data-widget_type=\"image.default\">\n\t\t\t\t<div class=\"elementor-widget-container\">\n\t\t\t\t\t\t\t\t\t\t\t\t\t\t\t<img loading=\"lazy\" decoding=\"async\" width=\"800\" height=\"614\" src=\"https:\/\/richeskarayib.com\/wp-content\/uploads\/2026\/01\/pexels-davegarcia-32924383-1024x786.jpg\" class=\"attachment-large size-large wp-image-68008\" alt=\"crise am\u00e9ricano-v\u00e9n\u00e9zu\u00e9lienne\" srcset=\"https:\/\/richeskarayib.com\/wp-content\/uploads\/2026\/01\/pexels-davegarcia-32924383-1024x786.jpg 1024w, https:\/\/richeskarayib.com\/wp-content\/uploads\/2026\/01\/pexels-davegarcia-32924383-300x230.jpg 300w, https:\/\/richeskarayib.com\/wp-content\/uploads\/2026\/01\/pexels-davegarcia-32924383-768x590.jpg 768w, https:\/\/richeskarayib.com\/wp-content\/uploads\/2026\/01\/pexels-davegarcia-32924383-1536x1179.jpg 1536w, https:\/\/richeskarayib.com\/wp-content\/uploads\/2026\/01\/pexels-davegarcia-32924383-1320x1013.jpg 1320w, https:\/\/richeskarayib.com\/wp-content\/uploads\/2026\/01\/pexels-davegarcia-32924383.jpg 1920w\" sizes=\"(max-width: 800px) 100vw, 800px\" \/>\t\t\t\t\t\t\t\t\t\t\t\t\t\t\t<\/div>\n\t\t\t\t<\/div>\n\t\t\t\t\t<\/div>\n\t\t<\/div>\n\t\t\t\t\t<\/div>\n\t\t<\/section>\n\t\t\t\t\t<\/div>\n\t\t<\/div>\n\t\t\t\t\t<\/div>\n\t\t<\/section>\n\t\t\t\t<section class=\"elementor-section elementor-top-section elementor-element elementor-element-2c060f5 elementor-section-boxed elementor-section-height-default elementor-section-height-default\" data-id=\"2c060f5\" data-element_type=\"section\">\n\t\t\t\t\t\t<div class=\"elementor-container elementor-column-gap-default\">\n\t\t\t\t\t<div class=\"elementor-column elementor-col-100 elementor-top-column elementor-element elementor-element-359f969\" data-id=\"359f969\" data-element_type=\"column\">\n\t\t\t<div class=\"elementor-widget-wrap elementor-element-populated\">\n\t\t\t\t\t\t<div class=\"elementor-element elementor-element-808b8b3 elementor-widget elementor-widget-heading\" data-id=\"808b8b3\" data-element_type=\"widget\" data-widget_type=\"heading.default\">\n\t\t\t\t<div class=\"elementor-widget-container\">\n\t\t\t\t\t<h2 class=\"elementor-heading-title elementor-size-default\">Perspectivas de cooperaci\u00f3n regional: reforzar la zona de paz<\/h2>\t\t\t\t<\/div>\n\t\t\t\t<\/div>\n\t\t\t\t<div class=\"elementor-element elementor-element-3c9cb71 elementor-widget elementor-widget-text-editor\" data-id=\"3c9cb71\" data-element_type=\"widget\" data-widget_type=\"text-editor.default\">\n\t\t\t\t<div class=\"elementor-widget-container\">\n\t\t\t\t\t\t\t\t\t<p><span style=\"font-weight: 400;\">Con este tenso tel\u00f3n de fondo, las voces caribe\u00f1as reclaman <\/span><b>una respuesta colectiva<\/b><span style=\"font-weight: 400;\">  basada en la cooperaci\u00f3n y no en la adversidad. La declaraci\u00f3n de <a href=\"https:\/\/richeskarayib.com\/es\/cooperacion-entre-los-estados-miembros-de-la-caricom-4-paises-caribenos-alcanzan-un-hito-historico\/\" target=\"_blank\" rel=\"noopener\">la CARICOM<\/a> es clara: la regi\u00f3n debe fomentar las iniciativas diplom\u00e1ticas, preservar la soberan\u00eda de los Estados y proteger a sus ciudadanos, reforzando al mismo tiempo   <\/span><b>mecanismos de di\u00e1logo regional<\/b><span style=\"font-weight: 400;\">.<\/span><a href=\"https:\/\/caricom.org\/statement-from-the-bureau-of-the-conference-of-caricom-heads-of-government-on-military-action-in-venezuela\/?utm_source=chatgpt.com\" rel=\"nofollow noopener\" target=\"_blank\"><span style=\"font-weight: 400;\"> <\/span><\/a><\/p><p><span style=\"font-weight: 400;\">Una estrategia concertada no s\u00f3lo podr\u00eda ayudar a mitigar choques externos como los generados por la <\/span><b>crisis venezolana<\/b><span style=\"font-weight: 400;\">crisis, sino tambi\u00e9n reforzar la capacidad de resistencia del <\/span><b>turismo y la cultura<\/b><span style=\"font-weight: 400;\"> frente a futuras perturbaciones.<\/span><\/p>\t\t\t\t\t\t\t\t<\/div>\n\t\t\t\t<\/div>\n\t\t\t\t\t<\/div>\n\t\t<\/div>\n\t\t\t\t\t<\/div>\n\t\t<\/section>\n\t\t\t\t<section class=\"elementor-section elementor-top-section elementor-element elementor-element-4ef9ba5 elementor-section-boxed elementor-section-height-default elementor-section-height-default\" data-id=\"4ef9ba5\" data-element_type=\"section\">\n\t\t\t\t\t\t<div class=\"elementor-container elementor-column-gap-default\">\n\t\t\t\t\t<div class=\"elementor-column elementor-col-100 elementor-top-column elementor-element elementor-element-2af15d8\" data-id=\"2af15d8\" data-element_type=\"column\">\n\t\t\t<div class=\"elementor-widget-wrap elementor-element-populated\">\n\t\t\t\t\t\t<div class=\"elementor-element elementor-element-39df54b elementor-widget elementor-widget-heading\" data-id=\"39df54b\" data-element_type=\"widget\" data-widget_type=\"heading.default\">\n\t\t\t\t<div class=\"elementor-widget-container\">\n\t\t\t\t\t<h2 class=\"elementor-heading-title elementor-size-default\">Entre retos y oportunidades<\/h2>\t\t\t\t<\/div>\n\t\t\t\t<\/div>\n\t\t\t\t<div class=\"elementor-element elementor-element-83c1bd2 elementor-widget elementor-widget-text-editor\" data-id=\"83c1bd2\" data-element_type=\"widget\" data-widget_type=\"text-editor.default\">\n\t\t\t\t<div class=\"elementor-widget-container\">\n\t\t\t\t\t\t\t\t\t<p><span style=\"font-weight: 400;\">A medida que la <\/span><b>crisis venezolana <\/b><span style=\"font-weight: 400;\">sigue evolucionando, la regi\u00f3n se encuentra en una encrucijada:<\/span><\/p><ul><li style=\"font-weight: 400;\" aria-level=\"1\"><b>&#8211; la estabilidad pol\u00edtica y la seguridad regional<\/b><span style=\"font-weight: 400;\"> son esenciales para mantener el atractivo de sus lugares tur\u00edsticos<\/span><\/li><li style=\"font-weight: 400;\" aria-level=\"1\"><b>&#8211; la cohesi\u00f3n cultural y el patrimonio compartido<\/b><span style=\"font-weight: 400;\"> siguen siendo vectores de unidad y resiliencia;<\/span><\/li><li style=\"font-weight: 400;\" aria-level=\"1\">&#8211; <strong> y<\/strong> <b style=\"font-family: -apple-system, BlinkMacSystemFont, 'Segoe UI', Roboto, 'Helvetica Neue', Arial, 'Noto Sans', sans-serif, 'Apple Color Emoji', 'Segoe UI Emoji', 'Segoe UI Symbol', 'Noto Color Emoji';\">el refuerzo de la cooperaci\u00f3n regional<\/b><span style=\"font-weight: 400;\">, especialmente a trav\u00e9s de <a href=\"https:\/\/richeskarayib.com\/es\/cumbre-caricom-africa-2025-un-paso-decisivo-hacia-la-justicia-reparadora-y-la-unidad-transcontinental\/\" target=\"_blank\" rel=\"noopener\">la CARICOM<\/a>, parece ser la clave para afrontar juntos los retos exteriores.<\/span><\/li><\/ul>\t\t\t\t\t\t\t\t<\/div>\n\t\t\t\t<\/div>\n\t\t\t\t\t<\/div>\n\t\t<\/div>\n\t\t\t\t\t<\/div>\n\t\t<\/section>\n\t\t\t\t<section class=\"elementor-section elementor-top-section elementor-element elementor-element-22bf69f elementor-section-boxed elementor-section-height-default elementor-section-height-default\" data-id=\"22bf69f\" data-element_type=\"section\">\n\t\t\t\t\t\t<div class=\"elementor-container elementor-column-gap-default\">\n\t\t\t\t\t<div class=\"elementor-column elementor-col-100 elementor-top-column elementor-element elementor-element-8aedddd\" data-id=\"8aedddd\" data-element_type=\"column\">\n\t\t\t<div class=\"elementor-widget-wrap elementor-element-populated\">\n\t\t\t\t\t\t<section class=\"elementor-section elementor-inner-section elementor-element elementor-element-c8e3557 elementor-section-boxed elementor-section-height-default elementor-section-height-default\" data-id=\"c8e3557\" data-element_type=\"section\">\n\t\t\t\t\t\t<div class=\"elementor-container elementor-column-gap-default\">\n\t\t\t\t\t<div class=\"elementor-column elementor-col-100 elementor-inner-column elementor-element elementor-element-1222702\" data-id=\"1222702\" data-element_type=\"column\">\n\t\t\t<div class=\"elementor-widget-wrap elementor-element-populated\">\n\t\t\t\t\t\t<div class=\"elementor-element elementor-element-2e40abe elementor-widget elementor-widget-accordion\" data-id=\"2e40abe\" data-element_type=\"widget\" data-widget_type=\"accordion.default\">\n\t\t\t\t<div class=\"elementor-widget-container\">\n\t\t\t\t\t\t\t<div class=\"elementor-accordion\">\n\t\t\t\t\t\t\t<div class=\"elementor-accordion-item\">\n\t\t\t\t\t<div id=\"elementor-tab-title-4841\" class=\"elementor-tab-title\" data-tab=\"1\" role=\"button\" aria-controls=\"elementor-tab-content-4841\" aria-expanded=\"false\">\n\t\t\t\t\t\t\t\t\t\t\t\t\t<span class=\"elementor-accordion-icon elementor-accordion-icon-left\" aria-hidden=\"true\">\n\t\t\t\t\t\t\t\t\t\t\t\t\t\t\t<span class=\"elementor-accordion-icon-closed\"><i class=\"fas fa-plus\"><\/i><\/span>\n\t\t\t\t\t\t\t\t<span class=\"elementor-accordion-icon-opened\"><i class=\"fas fa-minus\"><\/i><\/span>\n\t\t\t\t\t\t\t\t\t\t\t\t\t\t<\/span>\n\t\t\t\t\t\t\t\t\t\t\t\t<a class=\"elementor-accordion-title\" tabindex=\"0\">\u00bfPor qu\u00e9 la crisis entre EEUU y Venezuela tiene un impacto tan directo en el Caribe?<\/a>\n\t\t\t\t\t<\/div>\n\t\t\t\t\t<div id=\"elementor-tab-content-4841\" class=\"elementor-tab-content elementor-clearfix\" data-tab=\"1\" role=\"region\" aria-labelledby=\"elementor-tab-title-4841\"><p><span style=\"font-weight: 400;\">El Caribe est\u00e1 geogr\u00e1ficamente cerca de Venezuela y depende en gran medida de la estabilidad regional. Las tensiones entre Estados Unidos y Venezuela influyen en el transporte a\u00e9reo, los cruceros, los flujos tur\u00edsticos y los intercambios econ\u00f3micos, afectando directamente a las islas del Caribe. <\/span><\/p>\n<\/div>\n\t\t\t\t<\/div>\n\t\t\t\t\t\t\t<div class=\"elementor-accordion-item\">\n\t\t\t\t\t<div id=\"elementor-tab-title-4842\" class=\"elementor-tab-title\" data-tab=\"2\" role=\"button\" aria-controls=\"elementor-tab-content-4842\" aria-expanded=\"false\">\n\t\t\t\t\t\t\t\t\t\t\t\t\t<span class=\"elementor-accordion-icon elementor-accordion-icon-left\" aria-hidden=\"true\">\n\t\t\t\t\t\t\t\t\t\t\t\t\t\t\t<span class=\"elementor-accordion-icon-closed\"><i class=\"fas fa-plus\"><\/i><\/span>\n\t\t\t\t\t\t\t\t<span class=\"elementor-accordion-icon-opened\"><i class=\"fas fa-minus\"><\/i><\/span>\n\t\t\t\t\t\t\t\t\t\t\t\t\t\t<\/span>\n\t\t\t\t\t\t\t\t\t\t\t\t<a class=\"elementor-accordion-title\" tabindex=\"0\">\u00bfCu\u00e1les son los efectos de la crisis en el turismo caribe\u00f1o?<\/a>\n\t\t\t\t\t<\/div>\n\t\t\t\t\t<div id=\"elementor-tab-content-4842\" class=\"elementor-tab-content elementor-clearfix\" data-tab=\"2\" role=\"region\" aria-labelledby=\"elementor-tab-title-4842\"><p><span style=\"font-weight: 400;\">La crisis entre Estados Unidos y Venezuela est\u00e1 creando un clima de incertidumbre, que provoca cancelaciones de vuelos, un aumento de la demanda de seguros de viaje y una mayor cautela entre los turistas. Esta percepci\u00f3n de inestabilidad podr\u00eda socavar un sector clave de la econom\u00eda caribe\u00f1a. <\/span><\/p>\n<\/div>\n\t\t\t\t<\/div>\n\t\t\t\t\t\t\t<div class=\"elementor-accordion-item\">\n\t\t\t\t\t<div id=\"elementor-tab-title-4843\" class=\"elementor-tab-title\" data-tab=\"3\" role=\"button\" aria-controls=\"elementor-tab-content-4843\" aria-expanded=\"false\">\n\t\t\t\t\t\t\t\t\t\t\t\t\t<span class=\"elementor-accordion-icon elementor-accordion-icon-left\" aria-hidden=\"true\">\n\t\t\t\t\t\t\t\t\t\t\t\t\t\t\t<span class=\"elementor-accordion-icon-closed\"><i class=\"fas fa-plus\"><\/i><\/span>\n\t\t\t\t\t\t\t\t<span class=\"elementor-accordion-icon-opened\"><i class=\"fas fa-minus\"><\/i><\/span>\n\t\t\t\t\t\t\t\t\t\t\t\t\t\t<\/span>\n\t\t\t\t\t\t\t\t\t\t\t\t<a class=\"elementor-accordion-title\" tabindex=\"0\">\u00bfC\u00f3mo se ven afectadas por esta crisis la cultura y la cooperaci\u00f3n regional?<\/a>\n\t\t\t\t\t<\/div>\n\t\t\t\t\t<div id=\"elementor-tab-content-4843\" class=\"elementor-tab-content elementor-clearfix\" data-tab=\"3\" role=\"region\" aria-labelledby=\"elementor-tab-title-4843\"><p><span style=\"font-weight: 400;\">La cultura caribe\u00f1a se basa en la circulaci\u00f3n de personas, artistas y tradiciones. Las tensiones geopol\u00edticas obstaculizan estos intercambios y ponen a prueba los mecanismos de cooperaci\u00f3n regional, especialmente en el seno de CARICOM, que son esenciales si queremos mantener un Caribe estable y conectado. <\/span><\/p>\n<\/div>\n\t\t\t\t<\/div>\n\t\t\t\t\t\t\t\t<\/div>\n\t\t\t\t\t\t<\/div>\n\t\t\t\t<\/div>\n\t\t\t\t\t<\/div>\n\t\t<\/div>\n\t\t\t\t\t<\/div>\n\t\t<\/section>\n\t\t\t\t\t<\/div>\n\t\t<\/div>\n\t\t\t\t\t<\/div>\n\t\t<\/section>\n\t\t\t\t<\/div>\n\t\t","protected":false},"excerpt":{"rendered":"<p>El crisis venezolano-estadounidense se encuentra ahora en el centro de las preocupaciones pol\u00edticas, econ\u00f3micas y humanas de toda la regi\u00f3n del Caribe. En un momento en que Estados Unidos ha llevado a cabo recientemente una operaci\u00f3n militar contra el gobierno venezolano, con consecuencias directas para Venezuela y sus relaciones internacionales, el Caribe se encuentra en [&hellip;]<\/p>\n","protected":false},"author":662,"featured_media":67980,"comment_status":"open","ping_status":"open","sticky":false,"template":"","format":"standard","meta":{"_acf_changed":false,"footnotes":""},"categories":[839],"tags":[1579],"class_list":["post-68010","post","type-post","status-publish","format-standard","has-post-thumbnail","hentry","category-noticias","tag-venezuela-es-2"],"acf":[],"_links":{"self":[{"href":"https:\/\/richeskarayib.com\/es\/wp-json\/wp\/v2\/posts\/68010","targetHints":{"allow":["GET"]}}],"collection":[{"href":"https:\/\/richeskarayib.com\/es\/wp-json\/wp\/v2\/posts"}],"about":[{"href":"https:\/\/richeskarayib.com\/es\/wp-json\/wp\/v2\/types\/post"}],"author":[{"embeddable":true,"href":"https:\/\/richeskarayib.com\/es\/wp-json\/wp\/v2\/users\/662"}],"replies":[{"embeddable":true,"href":"https:\/\/richeskarayib.com\/es\/wp-json\/wp\/v2\/comments?post=68010"}],"version-history":[{"count":0,"href":"https:\/\/richeskarayib.com\/es\/wp-json\/wp\/v2\/posts\/68010\/revisions"}],"wp:featuredmedia":[{"embeddable":true,"href":"https:\/\/richeskarayib.com\/es\/wp-json\/wp\/v2\/media\/67980"}],"wp:attachment":[{"href":"https:\/\/richeskarayib.com\/es\/wp-json\/wp\/v2\/media?parent=68010"}],"wp:term":[{"taxonomy":"category","embeddable":true,"href":"https:\/\/richeskarayib.com\/es\/wp-json\/wp\/v2\/categories?post=68010"},{"taxonomy":"post_tag","embeddable":true,"href":"https:\/\/richeskarayib.com\/es\/wp-json\/wp\/v2\/tags?post=68010"}],"curies":[{"name":"wp","href":"https:\/\/api.w.org\/{rel}","templated":true}]}}