{"id":68425,"date":"2026-01-16T05:22:11","date_gmt":"2026-01-16T09:22:11","guid":{"rendered":"https:\/\/richeskarayib.com\/republica-dominicana-samana-una-peninsula-caribena-entre-mar-abierto-y-bosques-profundos\/"},"modified":"2026-01-16T05:22:13","modified_gmt":"2026-01-16T09:22:13","slug":"republica-dominicana-samana-una-peninsula-caribena-entre-mar-abierto-y-bosques-profundos","status":"publish","type":"post","link":"https:\/\/richeskarayib.com\/es\/republica-dominicana-samana-una-peninsula-caribena-entre-mar-abierto-y-bosques-profundos\/","title":{"rendered":"Rep\u00fablica Dominicana &#8211; Saman\u00e1, una pen\u00ednsula caribe\u00f1a entre mar abierto y bosques profundos"},"content":{"rendered":"\t\t<div data-elementor-type=\"wp-post\" data-elementor-id=\"68425\" class=\"elementor elementor-68425 elementor-68383\" data-elementor-post-type=\"post\">\n\t\t\t\t\t\t<section class=\"elementor-section elementor-top-section elementor-element elementor-element-7ca7ca1 elementor-section-boxed elementor-section-height-default elementor-section-height-default\" data-id=\"7ca7ca1\" data-element_type=\"section\">\n\t\t\t\t\t\t<div class=\"elementor-container elementor-column-gap-default\">\n\t\t\t\t\t<div class=\"elementor-column elementor-col-100 elementor-top-column elementor-element elementor-element-cbdd002\" data-id=\"cbdd002\" data-element_type=\"column\">\n\t\t\t<div class=\"elementor-widget-wrap elementor-element-populated\">\n\t\t\t\t\t\t<section class=\"elementor-section elementor-inner-section elementor-element elementor-element-bc94849 elementor-section-boxed elementor-section-height-default elementor-section-height-default\" data-id=\"bc94849\" data-element_type=\"section\">\n\t\t\t\t\t\t<div class=\"elementor-container elementor-column-gap-default\">\n\t\t\t\t\t\t<\/div>\n\t\t<\/section>\n\t\t\t\t<section class=\"elementor-section elementor-inner-section elementor-element elementor-element-61571e6 elementor-section-boxed elementor-section-height-default elementor-section-height-default\" data-id=\"61571e6\" data-element_type=\"section\">\n\t\t\t\t\t\t<div class=\"elementor-container elementor-column-gap-default\">\n\t\t\t\t\t\t<\/div>\n\t\t<\/section>\n\t\t\t\t<section class=\"elementor-section elementor-inner-section elementor-element elementor-element-b6262e0 elementor-section-boxed elementor-section-height-default elementor-section-height-default\" data-id=\"b6262e0\" data-element_type=\"section\">\n\t\t\t\t\t\t<div class=\"elementor-container elementor-column-gap-default\">\n\t\t\t\t\t\t<\/div>\n\t\t<\/section>\n\t\t\t\t<section class=\"elementor-section elementor-inner-section elementor-element elementor-element-cca29fd elementor-section-boxed elementor-section-height-default elementor-section-height-default\" data-id=\"cca29fd\" data-element_type=\"section\">\n\t\t\t\t\t\t<div class=\"elementor-container elementor-column-gap-default\">\n\t\t\t\t\t\t<\/div>\n\t\t<\/section>\n\t\t\t\t\t<\/div>\n\t\t<\/div>\n\t\t\t\t\t<\/div>\n\t\t<\/section>\n\t\t\t\t<section class=\"elementor-section elementor-top-section elementor-element elementor-element-a6d4222 elementor-section-boxed elementor-section-height-default elementor-section-height-default\" data-id=\"a6d4222\" data-element_type=\"section\">\n\t\t\t\t\t\t<div class=\"elementor-container elementor-column-gap-default\">\n\t\t\t\t\t<div class=\"elementor-column elementor-col-100 elementor-top-column elementor-element elementor-element-ea27f09\" data-id=\"ea27f09\" data-element_type=\"column\">\n\t\t\t<div class=\"elementor-widget-wrap elementor-element-populated\">\n\t\t\t\t\t\t<section class=\"elementor-section elementor-inner-section elementor-element elementor-element-25c3156 elementor-section-boxed elementor-section-height-default elementor-section-height-default\" data-id=\"25c3156\" data-element_type=\"section\">\n\t\t\t\t\t\t<div class=\"elementor-container elementor-column-gap-default\">\n\t\t\t\t\t<div class=\"elementor-column elementor-col-100 elementor-inner-column elementor-element elementor-element-aac779c\" data-id=\"aac779c\" data-element_type=\"column\">\n\t\t\t<div class=\"elementor-widget-wrap elementor-element-populated\">\n\t\t\t\t\t\t<div class=\"elementor-element elementor-element-612550d elementor-widget elementor-widget-text-editor\" data-id=\"612550d\" data-element_type=\"widget\" data-widget_type=\"text-editor.default\">\n\t\t\t\t<div class=\"elementor-widget-container\">\n\t\t\t\t\t\t\t\t\t<p><span style=\"font-weight: 400;\">En el extremo nororiental de la <a href=\"https:\/\/richeskarayib.com\/es\/republica-dominicana-turismo-sostenible-y-patrimonio-las-nuevas-directrices-de-la-unesco-para-el-caribe\/\" target=\"_blank\" rel=\"noopener\">Rep\u00fablica Dominicana<\/a>, la pen\u00ednsula de Saman\u00e1 es una tierra propia. Aqu\u00ed, la geograf\u00eda marca el ritmo: una amplia bah\u00eda protegida, colinas cubiertas de selva tropical, pueblos frente al mar. No es un destino dise\u00f1ado para la acumulaci\u00f3n de experiencias r\u00e1pidas, sino un espacio coherente donde la naturaleza, la vida local y el turismo conviven sin soluci\u00f3n de continuidad.  <\/span><\/p>\t\t\t\t\t\t\t\t<\/div>\n\t\t\t\t<\/div>\n\t\t\t\t\t<\/div>\n\t\t<\/div>\n\t\t\t\t\t<\/div>\n\t\t<\/section>\n\t\t\t\t\t<\/div>\n\t\t<\/div>\n\t\t\t\t\t<\/div>\n\t\t<\/section>\n\t\t\t\t<section class=\"elementor-section elementor-top-section elementor-element elementor-element-e1fea79 elementor-section-boxed elementor-section-height-default elementor-section-height-default\" data-id=\"e1fea79\" data-element_type=\"section\">\n\t\t\t\t\t\t<div class=\"elementor-container elementor-column-gap-default\">\n\t\t\t\t\t<div class=\"elementor-column elementor-col-100 elementor-top-column elementor-element elementor-element-6d0be76\" data-id=\"6d0be76\" data-element_type=\"column\">\n\t\t\t<div class=\"elementor-widget-wrap elementor-element-populated\">\n\t\t\t\t\t\t<div class=\"elementor-element elementor-element-a310b25 elementor-widget elementor-widget-heading\" data-id=\"a310b25\" data-element_type=\"widget\" data-widget_type=\"heading.default\">\n\t\t\t\t<div class=\"elementor-widget-container\">\n\t\t\t\t\t<h2 class=\"elementor-heading-title elementor-size-default\">Un territorio claramente definido<\/h2>\t\t\t\t<\/div>\n\t\t\t\t<\/div>\n\t\t\t\t<div class=\"elementor-element elementor-element-bbb62ae elementor-widget elementor-widget-text-editor\" data-id=\"bbb62ae\" data-element_type=\"widget\" data-widget_type=\"text-editor.default\">\n\t\t\t\t<div class=\"elementor-widget-container\">\n\t\t\t\t\t\t\t\t\t<p><span style=\"font-weight: 400;\">La pen\u00ednsula de Saman\u00e1 se adentra en el Atl\u00e1ntico, separada del resto de la isla por zonas monta\u00f1osas y carreteras que durante mucho tiempo han permanecido secundarias. Este relativo aislamiento ha contribuido a preservar su car\u00e1cter. La zona se organiza en torno a tres n\u00facleos principales: Santa B\u00e1rbara de Saman\u00e1, el puerto principal; Las Terrenas, m\u00e1s abierto al turismo residencial; y Las Galeras, un pueblo costero m\u00e1s discreto en el extremo oriental. Esta configuraci\u00f3n proporciona una claridad poco frecuente: cada zona tiene su propia funci\u00f3n, sin eclipsar a las dem\u00e1s. Los visitantes comprenden r\u00e1pidamente c\u00f3mo est\u00e1 estructurada la pen\u00ednsula y pueden moverse por ella sin sentirse saturados.    <\/span><\/p>\t\t\t\t\t\t\t\t<\/div>\n\t\t\t\t<\/div>\n\t\t\t\t<section class=\"elementor-section elementor-inner-section elementor-element elementor-element-526f3e7 elementor-section-boxed elementor-section-height-default elementor-section-height-default\" data-id=\"526f3e7\" data-element_type=\"section\">\n\t\t\t\t\t\t<div class=\"elementor-container elementor-column-gap-default\">\n\t\t\t\t\t<div class=\"elementor-column elementor-col-50 elementor-inner-column elementor-element elementor-element-48ab72c\" data-id=\"48ab72c\" data-element_type=\"column\">\n\t\t\t<div class=\"elementor-widget-wrap elementor-element-populated\">\n\t\t\t\t\t\t<div class=\"elementor-element elementor-element-cbf4727 elementor-widget elementor-widget-image\" data-id=\"cbf4727\" data-element_type=\"widget\" data-widget_type=\"image.default\">\n\t\t\t\t<div class=\"elementor-widget-container\">\n\t\t\t\t\t\t\t\t\t\t\t\t<figure class=\"wp-caption\">\n\t\t\t\t\t\t\t\t\t\t<img fetchpriority=\"high\" decoding=\"async\" width=\"800\" height=\"1000\" src=\"https:\/\/richeskarayib.com\/wp-content\/uploads\/2026\/01\/Dominican-Republic-Tourism-Official-Website-7-819x1024.jpeg\" class=\"attachment-large size-large wp-image-68403\" alt=\"Saman\u00e1\" srcset=\"https:\/\/richeskarayib.com\/wp-content\/uploads\/2026\/01\/Dominican-Republic-Tourism-Official-Website-7-819x1024.jpeg 819w, https:\/\/richeskarayib.com\/wp-content\/uploads\/2026\/01\/Dominican-Republic-Tourism-Official-Website-7-240x300.jpeg 240w, https:\/\/richeskarayib.com\/wp-content\/uploads\/2026\/01\/Dominican-Republic-Tourism-Official-Website-7-768x960.jpeg 768w, https:\/\/richeskarayib.com\/wp-content\/uploads\/2026\/01\/Dominican-Republic-Tourism-Official-Website-7-1229x1536.jpeg 1229w, https:\/\/richeskarayib.com\/wp-content\/uploads\/2026\/01\/Dominican-Republic-Tourism-Official-Website-7-1320x1650.jpeg 1320w, https:\/\/richeskarayib.com\/wp-content\/uploads\/2026\/01\/Dominican-Republic-Tourism-Official-Website-7.jpeg 1536w\" sizes=\"(max-width: 800px) 100vw, 800px\" \/>\t\t\t\t\t\t\t\t\t\t\t<figcaption class=\"widget-image-caption wp-caption-text\">@Godominicanrepublic<\/figcaption>\n\t\t\t\t\t\t\t\t\t\t<\/figure>\n\t\t\t\t\t\t\t\t\t<\/div>\n\t\t\t\t<\/div>\n\t\t\t\t\t<\/div>\n\t\t<\/div>\n\t\t\t\t<div class=\"elementor-column elementor-col-50 elementor-inner-column elementor-element elementor-element-2da790c\" data-id=\"2da790c\" data-element_type=\"column\">\n\t\t\t<div class=\"elementor-widget-wrap elementor-element-populated\">\n\t\t\t\t\t\t<div class=\"elementor-element elementor-element-30c930d elementor-widget elementor-widget-image\" data-id=\"30c930d\" data-element_type=\"widget\" data-widget_type=\"image.default\">\n\t\t\t\t<div class=\"elementor-widget-container\">\n\t\t\t\t\t\t\t\t\t\t\t\t<figure class=\"wp-caption\">\n\t\t\t\t\t\t\t\t\t\t<img decoding=\"async\" width=\"800\" height=\"1000\" src=\"https:\/\/richeskarayib.com\/wp-content\/uploads\/2026\/01\/Dominican-Republic-Tourism-Official-Website-819x1024.jpeg\" class=\"attachment-large size-large wp-image-68407\" alt=\"Saman\u00e1\" srcset=\"https:\/\/richeskarayib.com\/wp-content\/uploads\/2026\/01\/Dominican-Republic-Tourism-Official-Website-819x1024.jpeg 819w, https:\/\/richeskarayib.com\/wp-content\/uploads\/2026\/01\/Dominican-Republic-Tourism-Official-Website-240x300.jpeg 240w, https:\/\/richeskarayib.com\/wp-content\/uploads\/2026\/01\/Dominican-Republic-Tourism-Official-Website-768x960.jpeg 768w, https:\/\/richeskarayib.com\/wp-content\/uploads\/2026\/01\/Dominican-Republic-Tourism-Official-Website-1229x1536.jpeg 1229w, https:\/\/richeskarayib.com\/wp-content\/uploads\/2026\/01\/Dominican-Republic-Tourism-Official-Website-1320x1650.jpeg 1320w, https:\/\/richeskarayib.com\/wp-content\/uploads\/2026\/01\/Dominican-Republic-Tourism-Official-Website.jpeg 1536w\" sizes=\"(max-width: 800px) 100vw, 800px\" \/>\t\t\t\t\t\t\t\t\t\t\t<figcaption class=\"widget-image-caption wp-caption-text\">@Godominicanrepublic<\/figcaption>\n\t\t\t\t\t\t\t\t\t\t<\/figure>\n\t\t\t\t\t\t\t\t\t<\/div>\n\t\t\t\t<\/div>\n\t\t\t\t\t<\/div>\n\t\t<\/div>\n\t\t\t\t\t<\/div>\n\t\t<\/section>\n\t\t\t\t\t<\/div>\n\t\t<\/div>\n\t\t\t\t\t<\/div>\n\t\t<\/section>\n\t\t\t\t<section class=\"elementor-section elementor-top-section elementor-element elementor-element-ee72354 elementor-section-boxed elementor-section-height-default elementor-section-height-default\" data-id=\"ee72354\" data-element_type=\"section\">\n\t\t\t\t\t\t<div class=\"elementor-container elementor-column-gap-default\">\n\t\t\t\t\t<div class=\"elementor-column elementor-col-100 elementor-top-column elementor-element elementor-element-c59d6fe\" data-id=\"c59d6fe\" data-element_type=\"column\">\n\t\t\t<div class=\"elementor-widget-wrap elementor-element-populated\">\n\t\t\t\t\t\t<div class=\"elementor-element elementor-element-ddc6a1e elementor-widget elementor-widget-heading\" data-id=\"ddc6a1e\" data-element_type=\"widget\" data-widget_type=\"heading.default\">\n\t\t\t\t<div class=\"elementor-widget-container\">\n\t\t\t\t\t<h2 class=\"elementor-heading-title elementor-size-default\">La bah\u00eda de Saman\u00e1, el coraz\u00f3n del mar<\/h2>\t\t\t\t<\/div>\n\t\t\t\t<\/div>\n\t\t\t\t<div class=\"elementor-element elementor-element-e57451f elementor-widget elementor-widget-text-editor\" data-id=\"e57451f\" data-element_type=\"widget\" data-widget_type=\"text-editor.default\">\n\t\t\t\t<div class=\"elementor-widget-container\">\n\t\t\t\t\t\t\t\t\t<p><span style=\"font-weight: 400;\">La Bah\u00eda de Saman\u00e1 es uno de los rasgos centrales de la regi\u00f3n. Amplia y relativamente resguardada, desempe\u00f1a un importante papel econ\u00f3mico y ecol\u00f3gico. Tambi\u00e9n es uno de los lugares m\u00e1s conocidos del Caribe para el avistamiento estacional de ballenas jorobadas, que vienen aqu\u00ed a reproducirse entre enero y marzo. M\u00e1s all\u00e1 de esto, la bah\u00eda es el tel\u00f3n de fondo de la vida cotidiana, con la pesca, los enlaces mar\u00edtimos, los peque\u00f1os puertos y los muelles que forman parte del ritmo local. Para los viajeros, ofrece un punto de anclaje visual y pr\u00e1ctico, con paisajes marinos abiertos y una relaci\u00f3n directa entre la ciudad y el agua.    <\/span><\/p>\t\t\t\t\t\t\t\t<\/div>\n\t\t\t\t<\/div>\n\t\t\t\t<section class=\"elementor-section elementor-inner-section elementor-element elementor-element-3e5c2b0 elementor-section-boxed elementor-section-height-default elementor-section-height-default\" data-id=\"3e5c2b0\" data-element_type=\"section\">\n\t\t\t\t\t\t<div class=\"elementor-container elementor-column-gap-default\">\n\t\t\t\t\t<div class=\"elementor-column elementor-col-50 elementor-inner-column elementor-element elementor-element-fe24dc8\" data-id=\"fe24dc8\" data-element_type=\"column\">\n\t\t\t<div class=\"elementor-widget-wrap elementor-element-populated\">\n\t\t\t\t\t\t<div class=\"elementor-element elementor-element-7320c37 elementor-widget elementor-widget-image\" data-id=\"7320c37\" data-element_type=\"widget\" data-widget_type=\"image.default\">\n\t\t\t\t<div class=\"elementor-widget-container\">\n\t\t\t\t\t\t\t\t\t\t\t\t<figure class=\"wp-caption\">\n\t\t\t\t\t\t\t\t\t\t<img decoding=\"async\" width=\"800\" height=\"536\" src=\"https:\/\/richeskarayib.com\/wp-content\/uploads\/2026\/01\/Dominican-Republic-Tourism-Official-Website-9-1024x686.jpeg\" class=\"attachment-large size-large wp-image-68411\" alt=\"Saman\u00e1\" srcset=\"https:\/\/richeskarayib.com\/wp-content\/uploads\/2026\/01\/Dominican-Republic-Tourism-Official-Website-9-1024x686.jpeg 1024w, https:\/\/richeskarayib.com\/wp-content\/uploads\/2026\/01\/Dominican-Republic-Tourism-Official-Website-9-300x201.jpeg 300w, https:\/\/richeskarayib.com\/wp-content\/uploads\/2026\/01\/Dominican-Republic-Tourism-Official-Website-9-768x515.jpeg 768w, https:\/\/richeskarayib.com\/wp-content\/uploads\/2026\/01\/Dominican-Republic-Tourism-Official-Website-9.jpeg 1200w\" sizes=\"(max-width: 800px) 100vw, 800px\" \/>\t\t\t\t\t\t\t\t\t\t\t<figcaption class=\"widget-image-caption wp-caption-text\">@Godominicanrepublic<\/figcaption>\n\t\t\t\t\t\t\t\t\t\t<\/figure>\n\t\t\t\t\t\t\t\t\t<\/div>\n\t\t\t\t<\/div>\n\t\t\t\t\t<\/div>\n\t\t<\/div>\n\t\t\t\t<div class=\"elementor-column elementor-col-50 elementor-inner-column elementor-element elementor-element-691e231\" data-id=\"691e231\" data-element_type=\"column\">\n\t\t\t<div class=\"elementor-widget-wrap elementor-element-populated\">\n\t\t\t\t\t\t<div class=\"elementor-element elementor-element-b3dc401 elementor-widget elementor-widget-image\" data-id=\"b3dc401\" data-element_type=\"widget\" data-widget_type=\"image.default\">\n\t\t\t\t<div class=\"elementor-widget-container\">\n\t\t\t\t\t\t\t\t\t\t\t\t<figure class=\"wp-caption\">\n\t\t\t\t\t\t\t\t\t\t<img loading=\"lazy\" decoding=\"async\" width=\"800\" height=\"600\" src=\"https:\/\/richeskarayib.com\/wp-content\/uploads\/2026\/01\/Dominican-Republic-Tourism-Official-Website-11-1024x768.jpeg\" class=\"attachment-large size-large wp-image-68415\" alt=\"Saman\u00e1\" srcset=\"https:\/\/richeskarayib.com\/wp-content\/uploads\/2026\/01\/Dominican-Republic-Tourism-Official-Website-11-1024x768.jpeg 1024w, https:\/\/richeskarayib.com\/wp-content\/uploads\/2026\/01\/Dominican-Republic-Tourism-Official-Website-11-300x225.jpeg 300w, https:\/\/richeskarayib.com\/wp-content\/uploads\/2026\/01\/Dominican-Republic-Tourism-Official-Website-11-768x576.jpeg 768w, https:\/\/richeskarayib.com\/wp-content\/uploads\/2026\/01\/Dominican-Republic-Tourism-Official-Website-11.jpeg 1200w\" sizes=\"(max-width: 800px) 100vw, 800px\" \/>\t\t\t\t\t\t\t\t\t\t\t<figcaption class=\"widget-image-caption wp-caption-text\">@Godominicanrepublic<\/figcaption>\n\t\t\t\t\t\t\t\t\t\t<\/figure>\n\t\t\t\t\t\t\t\t\t<\/div>\n\t\t\t\t<\/div>\n\t\t\t\t\t<\/div>\n\t\t<\/div>\n\t\t\t\t\t<\/div>\n\t\t<\/section>\n\t\t\t\t\t<\/div>\n\t\t<\/div>\n\t\t\t\t\t<\/div>\n\t\t<\/section>\n\t\t\t\t<section class=\"elementor-section elementor-top-section elementor-element elementor-element-82cd8f9 elementor-section-boxed elementor-section-height-default elementor-section-height-default\" data-id=\"82cd8f9\" data-element_type=\"section\">\n\t\t\t\t\t\t<div class=\"elementor-container elementor-column-gap-default\">\n\t\t\t\t\t<div class=\"elementor-column elementor-col-100 elementor-top-column elementor-element elementor-element-0bfdc38\" data-id=\"0bfdc38\" data-element_type=\"column\">\n\t\t\t<div class=\"elementor-widget-wrap elementor-element-populated\">\n\t\t\t\t\t\t<div class=\"elementor-element elementor-element-7d292fe elementor-widget elementor-widget-heading\" data-id=\"7d292fe\" data-element_type=\"widget\" data-widget_type=\"heading.default\">\n\t\t\t\t<div class=\"elementor-widget-container\">\n\t\t\t\t\t<h2 class=\"elementor-heading-title elementor-size-default\">Bosques, r\u00edos y cascadas<\/h2>\t\t\t\t<\/div>\n\t\t\t\t<\/div>\n\t\t\t\t<div class=\"elementor-element elementor-element-8e337bf elementor-widget elementor-widget-text-editor\" data-id=\"8e337bf\" data-element_type=\"widget\" data-widget_type=\"text-editor.default\">\n\t\t\t\t<div class=\"elementor-widget-container\">\n\t\t\t\t\t\t\t\t\t<p><span style=\"font-weight: 400;\">El interior de la pen\u00ednsula contrasta fuertemente con la costa. El terreno est\u00e1 cubierto de selvas tropicales, surcado por r\u00edos y senderos. La cascada de El Lim\u00f3n, accesible desde varias rutas, ilustra esta riqueza natural: una cascada alimentada desde las alturas, en el coraz\u00f3n de una densa vegetaci\u00f3n. Estas zonas recuerdan que Saman\u00e1 no es s\u00f3lo un destino costero. La pen\u00ednsula conserva un equilibrio entre zonas habitadas, tierras de cultivo y entornos naturales, que siguen muy presentes a pocos kil\u00f3metros de las playas.    <\/span><\/p>\t\t\t\t\t\t\t\t<\/div>\n\t\t\t\t<\/div>\n\t\t\t\t<section class=\"elementor-section elementor-inner-section elementor-element elementor-element-d682d0c elementor-section-boxed elementor-section-height-default elementor-section-height-default\" data-id=\"d682d0c\" data-element_type=\"section\">\n\t\t\t\t\t\t<div class=\"elementor-container elementor-column-gap-default\">\n\t\t\t\t\t<div class=\"elementor-column elementor-col-100 elementor-inner-column elementor-element elementor-element-5573d6f\" data-id=\"5573d6f\" data-element_type=\"column\">\n\t\t\t<div class=\"elementor-widget-wrap elementor-element-populated\">\n\t\t\t\t\t\t<div class=\"elementor-element elementor-element-6141b04 elementor-widget elementor-widget-image\" data-id=\"6141b04\" data-element_type=\"widget\" data-widget_type=\"image.default\">\n\t\t\t\t<div class=\"elementor-widget-container\">\n\t\t\t\t\t\t\t\t\t\t\t\t<figure class=\"wp-caption\">\n\t\t\t\t\t\t\t\t\t\t<img loading=\"lazy\" decoding=\"async\" width=\"800\" height=\"532\" src=\"https:\/\/richeskarayib.com\/wp-content\/uploads\/2026\/01\/Dominican-Republic-Tourism-Official-Website-8-1024x681.jpeg\" class=\"attachment-large size-large wp-image-68419\" alt=\"Saman\u00e1\" srcset=\"https:\/\/richeskarayib.com\/wp-content\/uploads\/2026\/01\/Dominican-Republic-Tourism-Official-Website-8-1024x681.jpeg 1024w, https:\/\/richeskarayib.com\/wp-content\/uploads\/2026\/01\/Dominican-Republic-Tourism-Official-Website-8-300x200.jpeg 300w, https:\/\/richeskarayib.com\/wp-content\/uploads\/2026\/01\/Dominican-Republic-Tourism-Official-Website-8-768x511.jpeg 768w, https:\/\/richeskarayib.com\/wp-content\/uploads\/2026\/01\/Dominican-Republic-Tourism-Official-Website-8-1536x1022.jpeg 1536w, https:\/\/richeskarayib.com\/wp-content\/uploads\/2026\/01\/Dominican-Republic-Tourism-Official-Website-8-1320x878.jpeg 1320w, https:\/\/richeskarayib.com\/wp-content\/uploads\/2026\/01\/Dominican-Republic-Tourism-Official-Website-8.jpeg 1920w\" sizes=\"(max-width: 800px) 100vw, 800px\" \/>\t\t\t\t\t\t\t\t\t\t\t<figcaption class=\"widget-image-caption wp-caption-text\">@Godominicanrepublic<\/figcaption>\n\t\t\t\t\t\t\t\t\t\t<\/figure>\n\t\t\t\t\t\t\t\t\t<\/div>\n\t\t\t\t<\/div>\n\t\t\t\t\t<\/div>\n\t\t<\/div>\n\t\t\t\t\t<\/div>\n\t\t<\/section>\n\t\t\t\t<section class=\"elementor-section elementor-inner-section elementor-element elementor-element-c582330 elementor-section-boxed elementor-section-height-default elementor-section-height-default\" data-id=\"c582330\" data-element_type=\"section\">\n\t\t\t\t\t\t<div class=\"elementor-container elementor-column-gap-default\">\n\t\t\t\t\t\t<\/div>\n\t\t<\/section>\n\t\t\t\t<section class=\"elementor-section elementor-inner-section elementor-element elementor-element-296603a elementor-section-boxed elementor-section-height-default elementor-section-height-default\" data-id=\"296603a\" data-element_type=\"section\">\n\t\t\t\t\t\t<div class=\"elementor-container elementor-column-gap-default\">\n\t\t\t\t\t\t<\/div>\n\t\t<\/section>\n\t\t\t\t\t<\/div>\n\t\t<\/div>\n\t\t\t\t\t<\/div>\n\t\t<\/section>\n\t\t\t\t<section class=\"elementor-section elementor-top-section elementor-element elementor-element-5a7397d elementor-section-boxed elementor-section-height-default elementor-section-height-default\" data-id=\"5a7397d\" data-element_type=\"section\">\n\t\t\t\t\t\t<div class=\"elementor-container elementor-column-gap-default\">\n\t\t\t\t\t<div class=\"elementor-column elementor-col-100 elementor-top-column elementor-element elementor-element-8b33b4b\" data-id=\"8b33b4b\" data-element_type=\"column\">\n\t\t\t<div class=\"elementor-widget-wrap elementor-element-populated\">\n\t\t\t\t\t\t<div class=\"elementor-element elementor-element-89dac4b elementor-widget elementor-widget-heading\" data-id=\"89dac4b\" data-element_type=\"widget\" data-widget_type=\"heading.default\">\n\t\t\t\t<div class=\"elementor-widget-container\">\n\t\t\t\t\t<h2 class=\"elementor-heading-title elementor-size-default\">Playas abiertas, no normalizadas<\/h2>\t\t\t\t<\/div>\n\t\t\t\t<\/div>\n\t\t\t\t<section class=\"elementor-section elementor-inner-section elementor-element elementor-element-f47b4b4 elementor-section-boxed elementor-section-height-default elementor-section-height-default\" data-id=\"f47b4b4\" data-element_type=\"section\">\n\t\t\t\t\t\t<div class=\"elementor-container elementor-column-gap-default\">\n\t\t\t\t\t<div class=\"elementor-column elementor-col-100 elementor-inner-column elementor-element elementor-element-d815264\" data-id=\"d815264\" data-element_type=\"column\">\n\t\t\t<div class=\"elementor-widget-wrap elementor-element-populated\">\n\t\t\t\t\t\t<div class=\"elementor-element elementor-element-819dd2d elementor-widget elementor-widget-text-editor\" data-id=\"819dd2d\" data-element_type=\"widget\" data-widget_type=\"text-editor.default\">\n\t\t\t\t<div class=\"elementor-widget-container\">\n\t\t\t\t\t\t\t\t\t<p><span style=\"font-weight: 400;\">El litoral ofrece una gran variedad de playas: largos tramos bordeados de cocoteros, calas m\u00e1s estrechas, zonas expuestas al Atl\u00e1ntico y zonas m\u00e1s tranquilas. En Las Terrenas, las playas son f\u00e1cilmente accesibles y est\u00e1n integradas en la vida local. En Las Galeras, son m\u00e1s salvajes, a menudo alejadas de las carreteras principales. La ausencia de grandes fachadas continuas de edificios hace que las playas conserven una sensaci\u00f3n de espacio. La mayor\u00eda de las playas siguen siendo p\u00fablicas y las utilizan tanto los lugare\u00f1os como los visitantes, lo que contribuye a crear una atm\u00f3sfera natural y sin adulterar.    <\/span><\/p>\t\t\t\t\t\t\t\t<\/div>\n\t\t\t\t<\/div>\n\t\t\t\t\t<\/div>\n\t\t<\/div>\n\t\t\t\t\t<\/div>\n\t\t<\/section>\n\t\t\t\t<section class=\"elementor-section elementor-inner-section elementor-element elementor-element-edb2869 elementor-section-boxed elementor-section-height-default elementor-section-height-default\" data-id=\"edb2869\" data-element_type=\"section\">\n\t\t\t\t\t\t<div class=\"elementor-container elementor-column-gap-default\">\n\t\t\t\t\t<div class=\"elementor-column elementor-col-50 elementor-inner-column elementor-element elementor-element-f789aa6\" data-id=\"f789aa6\" data-element_type=\"column\">\n\t\t\t<div class=\"elementor-widget-wrap elementor-element-populated\">\n\t\t\t\t\t\t<div class=\"elementor-element elementor-element-27715ab elementor-widget elementor-widget-image\" data-id=\"27715ab\" data-element_type=\"widget\" data-widget_type=\"image.default\">\n\t\t\t\t<div class=\"elementor-widget-container\">\n\t\t\t\t\t\t\t\t\t\t\t\t<figure class=\"wp-caption\">\n\t\t\t\t\t\t\t\t\t\t<img loading=\"lazy\" decoding=\"async\" width=\"640\" height=\"480\" src=\"https:\/\/richeskarayib.com\/wp-content\/uploads\/2026\/01\/Dominican-Republic-Tourism-Official-Website-12.jpeg\" class=\"attachment-large size-large wp-image-68391\" alt=\"Saman\u00e1\" srcset=\"https:\/\/richeskarayib.com\/wp-content\/uploads\/2026\/01\/Dominican-Republic-Tourism-Official-Website-12.jpeg 640w, https:\/\/richeskarayib.com\/wp-content\/uploads\/2026\/01\/Dominican-Republic-Tourism-Official-Website-12-300x225.jpeg 300w\" sizes=\"(max-width: 640px) 100vw, 640px\" \/>\t\t\t\t\t\t\t\t\t\t\t<figcaption class=\"widget-image-caption wp-caption-text\">@Godominicanrepublic<\/figcaption>\n\t\t\t\t\t\t\t\t\t\t<\/figure>\n\t\t\t\t\t\t\t\t\t<\/div>\n\t\t\t\t<\/div>\n\t\t\t\t\t<\/div>\n\t\t<\/div>\n\t\t\t\t<div class=\"elementor-column elementor-col-50 elementor-inner-column elementor-element elementor-element-1cc4e94\" data-id=\"1cc4e94\" data-element_type=\"column\">\n\t\t\t<div class=\"elementor-widget-wrap elementor-element-populated\">\n\t\t\t\t\t\t<div class=\"elementor-element elementor-element-e482297 elementor-widget elementor-widget-image\" data-id=\"e482297\" data-element_type=\"widget\" data-widget_type=\"image.default\">\n\t\t\t\t<div class=\"elementor-widget-container\">\n\t\t\t\t\t\t\t\t\t\t\t\t<figure class=\"wp-caption\">\n\t\t\t\t\t\t\t\t\t\t<img loading=\"lazy\" decoding=\"async\" width=\"640\" height=\"480\" src=\"https:\/\/richeskarayib.com\/wp-content\/uploads\/2026\/01\/Dominican-Republic-Tourism-Official-Website-13.jpeg\" class=\"attachment-large size-large wp-image-68395\" alt=\"Saman\u00e1\" srcset=\"https:\/\/richeskarayib.com\/wp-content\/uploads\/2026\/01\/Dominican-Republic-Tourism-Official-Website-13.jpeg 640w, https:\/\/richeskarayib.com\/wp-content\/uploads\/2026\/01\/Dominican-Republic-Tourism-Official-Website-13-300x225.jpeg 300w\" sizes=\"(max-width: 640px) 100vw, 640px\" \/>\t\t\t\t\t\t\t\t\t\t\t<figcaption class=\"widget-image-caption wp-caption-text\">@Godominicanrepublic<\/figcaption>\n\t\t\t\t\t\t\t\t\t\t<\/figure>\n\t\t\t\t\t\t\t\t\t<\/div>\n\t\t\t\t<\/div>\n\t\t\t\t\t<\/div>\n\t\t<\/div>\n\t\t\t\t\t<\/div>\n\t\t<\/section>\n\t\t\t\t\t<\/div>\n\t\t<\/div>\n\t\t\t\t\t<\/div>\n\t\t<\/section>\n\t\t\t\t<section class=\"elementor-section elementor-top-section elementor-element elementor-element-2c060f5 elementor-section-boxed elementor-section-height-default elementor-section-height-default\" data-id=\"2c060f5\" data-element_type=\"section\">\n\t\t\t\t\t\t<div class=\"elementor-container elementor-column-gap-default\">\n\t\t\t\t\t<div class=\"elementor-column elementor-col-100 elementor-top-column elementor-element elementor-element-359f969\" data-id=\"359f969\" data-element_type=\"column\">\n\t\t\t<div class=\"elementor-widget-wrap elementor-element-populated\">\n\t\t\t\t\t\t<div class=\"elementor-element elementor-element-808b8b3 elementor-widget elementor-widget-heading\" data-id=\"808b8b3\" data-element_type=\"widget\" data-widget_type=\"heading.default\">\n\t\t\t\t<div class=\"elementor-widget-container\">\n\t\t\t\t\t<h2 class=\"elementor-heading-title elementor-size-default\">Vida local visible<\/h2>\t\t\t\t<\/div>\n\t\t\t\t<\/div>\n\t\t\t\t<div class=\"elementor-element elementor-element-3c9cb71 elementor-widget elementor-widget-text-editor\" data-id=\"3c9cb71\" data-element_type=\"widget\" data-widget_type=\"text-editor.default\">\n\t\t\t\t<div class=\"elementor-widget-container\">\n\t\t\t\t\t\t\t\t\t<p><span style=\"font-weight: 400;\">A diferencia de algunas zonas tur\u00edsticas dominicanas muy especializadas, Saman\u00e1 deja mucho espacio para la vida cotidiana. Los mercados, el transporte local, la pesca tradicional y las fiestas de los pueblos forman parte del paisaje. El turismo est\u00e1 presente, y a veces se mantiene, pero no borra las pr\u00e1cticas locales. Esta cohabitaci\u00f3n confiere a la zona una identidad clara. Los visitantes no est\u00e1n aislados en un espacio cerrado: comparten lugares, carreteras y playas con una poblaci\u00f3n que vive aqu\u00ed todo el a\u00f1o.    <\/span><\/p>\t\t\t\t\t\t\t\t<\/div>\n\t\t\t\t<\/div>\n\t\t\t\t<div class=\"elementor-element elementor-element-8839610 elementor-widget elementor-widget-image\" data-id=\"8839610\" data-element_type=\"widget\" data-widget_type=\"image.default\">\n\t\t\t\t<div class=\"elementor-widget-container\">\n\t\t\t\t\t\t\t\t\t\t\t\t\t\t\t<img loading=\"lazy\" decoding=\"async\" width=\"640\" height=\"480\" src=\"https:\/\/richeskarayib.com\/wp-content\/uploads\/2026\/01\/Dominican-Republic-Tourism-Official-Website-10.jpeg\" class=\"attachment-large size-large wp-image-68423\" alt=\"Saman\u00e1\" srcset=\"https:\/\/richeskarayib.com\/wp-content\/uploads\/2026\/01\/Dominican-Republic-Tourism-Official-Website-10.jpeg 640w, https:\/\/richeskarayib.com\/wp-content\/uploads\/2026\/01\/Dominican-Republic-Tourism-Official-Website-10-300x225.jpeg 300w\" sizes=\"(max-width: 640px) 100vw, 640px\" \/>\t\t\t\t\t\t\t\t\t\t\t\t\t\t\t<\/div>\n\t\t\t\t<\/div>\n\t\t\t\t\t<\/div>\n\t\t<\/div>\n\t\t\t\t\t<\/div>\n\t\t<\/section>\n\t\t\t\t<section class=\"elementor-section elementor-top-section elementor-element elementor-element-4ef9ba5 elementor-section-boxed elementor-section-height-default elementor-section-height-default\" data-id=\"4ef9ba5\" data-element_type=\"section\">\n\t\t\t\t\t\t<div class=\"elementor-container elementor-column-gap-default\">\n\t\t\t\t\t<div class=\"elementor-column elementor-col-100 elementor-top-column elementor-element elementor-element-2af15d8\" data-id=\"2af15d8\" data-element_type=\"column\">\n\t\t\t<div class=\"elementor-widget-wrap elementor-element-populated\">\n\t\t\t\t\t\t<div class=\"elementor-element elementor-element-39df54b elementor-widget elementor-widget-heading\" data-id=\"39df54b\" data-element_type=\"widget\" data-widget_type=\"heading.default\">\n\t\t\t\t<div class=\"elementor-widget-container\">\n\t\t\t\t\t<h2 class=\"elementor-heading-title elementor-size-default\">C\u00f3mo llegar y organizar tu estancia\n<\/h2>\t\t\t\t<\/div>\n\t\t\t\t<\/div>\n\t\t\t\t<div class=\"elementor-element elementor-element-83c1bd2 elementor-widget elementor-widget-text-editor\" data-id=\"83c1bd2\" data-element_type=\"widget\" data-widget_type=\"text-editor.default\">\n\t\t\t\t<div class=\"elementor-widget-container\">\n\t\t\t\t\t\t\t\t\t<p><span style=\"font-weight: 400;\">Ahora es m\u00e1s accesible que nunca, gracias a las carreteras renovadas y al aeropuerto internacional de El Catey, situado al oeste de la pen\u00ednsula. Los traslados a las principales zonas tur\u00edsticas se hacen por carretera, atravesando paisajes agr\u00edcolas y boscosos. La zona se presta tanto a estancias fijas como a un descubrimiento gradual: unos d\u00edas en Santa B\u00e1rbara de Saman\u00e1, seguidos de una excursi\u00f3n a Las Terrenas o Las Galeras, te dar\u00e1n una buena idea de las distintas facetas de la pen\u00ednsula.  <\/span><\/p>\t\t\t\t\t\t\t\t<\/div>\n\t\t\t\t<\/div>\n\t\t\t\t\t<\/div>\n\t\t<\/div>\n\t\t\t\t\t<\/div>\n\t\t<\/section>\n\t\t\t\t<section class=\"elementor-section elementor-top-section elementor-element elementor-element-a9ffc1c elementor-section-boxed elementor-section-height-default elementor-section-height-default\" data-id=\"a9ffc1c\" data-element_type=\"section\">\n\t\t\t\t\t\t<div class=\"elementor-container elementor-column-gap-default\">\n\t\t\t\t\t<div class=\"elementor-column elementor-col-100 elementor-top-column elementor-element elementor-element-7319a5d\" data-id=\"7319a5d\" data-element_type=\"column\">\n\t\t\t<div class=\"elementor-widget-wrap elementor-element-populated\">\n\t\t\t\t\t\t<div class=\"elementor-element elementor-element-308a79d elementor-widget elementor-widget-heading\" data-id=\"308a79d\" data-element_type=\"widget\" data-widget_type=\"heading.default\">\n\t\t\t\t<div class=\"elementor-widget-container\">\n\t\t\t\t\t<h2 class=\"elementor-heading-title elementor-size-default\">Otra vista de la Rep\u00fablica Dominicana<\/h2>\t\t\t\t<\/div>\n\t\t\t\t<\/div>\n\t\t\t\t<div class=\"elementor-element elementor-element-fe311f7 elementor-widget elementor-widget-text-editor\" data-id=\"fe311f7\" data-element_type=\"widget\" data-widget_type=\"text-editor.default\">\n\t\t\t\t<div class=\"elementor-widget-container\">\n\t\t\t\t\t\t\t\t\t<p><span style=\"font-weight: 400;\">Destacar Saman\u00e1 significa proponer una interpretaci\u00f3n diferente de la Rep\u00fablica Dominicana. Menos urbana que Santo Domingo, menos estandarizada que algunos balnearios, la pen\u00ednsula ofrece un modelo territorial basado en la continuidad entre naturaleza, mar y pueblos. Es un destino s\u00f3lido para los viajeros que buscan un territorio caribe\u00f1o estructurado y legible, pero profundamente arraigado en sus paisajes. No promete un excepcionalismo permanente, sino una rara coherencia que se aprecia con el tiempo.   <\/span><\/p>\t\t\t\t\t\t\t\t<\/div>\n\t\t\t\t<\/div>\n\t\t\t\t\t<\/div>\n\t\t<\/div>\n\t\t\t\t\t<\/div>\n\t\t<\/section>\n\t\t\t\t<section class=\"elementor-section elementor-top-section elementor-element elementor-element-78e7a57 elementor-section-boxed elementor-section-height-default elementor-section-height-default\" data-id=\"78e7a57\" data-element_type=\"section\">\n\t\t\t\t\t\t<div class=\"elementor-container elementor-column-gap-default\">\n\t\t\t\t\t<div class=\"elementor-column elementor-col-100 elementor-top-column elementor-element elementor-element-f4df560\" data-id=\"f4df560\" data-element_type=\"column\">\n\t\t\t<div class=\"elementor-widget-wrap elementor-element-populated\">\n\t\t\t\t\t\t<div class=\"elementor-element elementor-element-53f9929 elementor-widget elementor-widget-text-editor\" data-id=\"53f9929\" data-element_type=\"widget\" data-widget_type=\"text-editor.default\">\n\t\t\t\t<div class=\"elementor-widget-container\">\n\t\t\t\t\t\t\t\t\t<p><span style=\"font-weight: 400;\">\ud83d\udcf8 <\/span><a href=\"https:\/\/www.godominicanrepublic.com\/destinations\/samana\" target=\"_blank\" rel=\"noopener nofollow\">\u00a9Godominicanrepublic<\/a> \/ Turismo Rep\u00fablica Dominicana &#8211; Web Oficial<\/p>\t\t\t\t\t\t\t\t<\/div>\n\t\t\t\t<\/div>\n\t\t\t\t<section class=\"elementor-section elementor-inner-section elementor-element elementor-element-05ac072 elementor-section-boxed elementor-section-height-default elementor-section-height-default\" data-id=\"05ac072\" data-element_type=\"section\">\n\t\t\t\t\t\t<div class=\"elementor-container elementor-column-gap-default\">\n\t\t\t\t\t<div class=\"elementor-column elementor-col-100 elementor-inner-column elementor-element elementor-element-85204b7\" data-id=\"85204b7\" data-element_type=\"column\">\n\t\t\t<div class=\"elementor-widget-wrap elementor-element-populated\">\n\t\t\t\t\t\t<div class=\"elementor-element elementor-element-a019f8e elementor-widget elementor-widget-video\" data-id=\"a019f8e\" data-element_type=\"widget\" data-settings=\"{&quot;youtube_url&quot;:&quot;https:\\\/\\\/www.youtube.com\\\/watch?v=EwJZ2AuQBQw&amp;t=1s&quot;,&quot;video_type&quot;:&quot;youtube&quot;,&quot;controls&quot;:&quot;yes&quot;}\" data-widget_type=\"video.default\">\n\t\t\t\t<div class=\"elementor-widget-container\">\n\t\t\t\t\t\t\t<div class=\"elementor-wrapper elementor-open-inline\">\n\t\t\t<div class=\"elementor-video\"><\/div>\t\t<\/div>\n\t\t\t\t\t\t<\/div>\n\t\t\t\t<\/div>\n\t\t\t\t\t<\/div>\n\t\t<\/div>\n\t\t\t\t\t<\/div>\n\t\t<\/section>\n\t\t\t\t\t<\/div>\n\t\t<\/div>\n\t\t\t\t\t<\/div>\n\t\t<\/section>\n\t\t\t\t<section class=\"elementor-section elementor-top-section elementor-element elementor-element-22bf69f elementor-section-boxed elementor-section-height-default elementor-section-height-default\" data-id=\"22bf69f\" data-element_type=\"section\">\n\t\t\t\t\t\t<div class=\"elementor-container elementor-column-gap-default\">\n\t\t\t\t\t<div class=\"elementor-column elementor-col-100 elementor-top-column elementor-element elementor-element-8aedddd\" data-id=\"8aedddd\" data-element_type=\"column\">\n\t\t\t<div class=\"elementor-widget-wrap elementor-element-populated\">\n\t\t\t\t\t\t<section class=\"elementor-section elementor-inner-section elementor-element elementor-element-c8e3557 elementor-section-boxed elementor-section-height-default elementor-section-height-default\" data-id=\"c8e3557\" data-element_type=\"section\">\n\t\t\t\t\t\t<div class=\"elementor-container elementor-column-gap-default\">\n\t\t\t\t\t<div class=\"elementor-column elementor-col-100 elementor-inner-column elementor-element elementor-element-1222702\" data-id=\"1222702\" data-element_type=\"column\">\n\t\t\t<div class=\"elementor-widget-wrap elementor-element-populated\">\n\t\t\t\t\t\t<div class=\"elementor-element elementor-element-2e40abe elementor-widget elementor-widget-accordion\" data-id=\"2e40abe\" data-element_type=\"widget\" data-widget_type=\"accordion.default\">\n\t\t\t\t<div class=\"elementor-widget-container\">\n\t\t\t\t\t\t\t<div class=\"elementor-accordion\">\n\t\t\t\t\t\t\t<div class=\"elementor-accordion-item\">\n\t\t\t\t\t<div id=\"elementor-tab-title-4841\" class=\"elementor-tab-title\" data-tab=\"1\" role=\"button\" aria-controls=\"elementor-tab-content-4841\" aria-expanded=\"false\">\n\t\t\t\t\t\t\t\t\t\t\t\t\t<span class=\"elementor-accordion-icon elementor-accordion-icon-left\" aria-hidden=\"true\">\n\t\t\t\t\t\t\t\t\t\t\t\t\t\t\t<span class=\"elementor-accordion-icon-closed\"><i class=\"fas fa-plus\"><\/i><\/span>\n\t\t\t\t\t\t\t\t<span class=\"elementor-accordion-icon-opened\"><i class=\"fas fa-minus\"><\/i><\/span>\n\t\t\t\t\t\t\t\t\t\t\t\t\t\t<\/span>\n\t\t\t\t\t\t\t\t\t\t\t\t<a class=\"elementor-accordion-title\" tabindex=\"0\">\u00bfD\u00f3nde se encuentra la pen\u00ednsula de Saman\u00e1?<\/a>\n\t\t\t\t\t<\/div>\n\t\t\t\t\t<div id=\"elementor-tab-content-4841\" class=\"elementor-tab-content elementor-clearfix\" data-tab=\"1\" role=\"region\" aria-labelledby=\"elementor-tab-title-4841\"><p><span style=\"font-weight: 400;\">Se encuentra al noreste de la Rep\u00fablica Dominicana, adentr\u00e1ndose en el Atl\u00e1ntico y bordeada por la bah\u00eda del mismo nombre.<\/span><\/p>\n<\/div>\n\t\t\t\t<\/div>\n\t\t\t\t\t\t\t<div class=\"elementor-accordion-item\">\n\t\t\t\t\t<div id=\"elementor-tab-title-4842\" class=\"elementor-tab-title\" data-tab=\"2\" role=\"button\" aria-controls=\"elementor-tab-content-4842\" aria-expanded=\"false\">\n\t\t\t\t\t\t\t\t\t\t\t\t\t<span class=\"elementor-accordion-icon elementor-accordion-icon-left\" aria-hidden=\"true\">\n\t\t\t\t\t\t\t\t\t\t\t\t\t\t\t<span class=\"elementor-accordion-icon-closed\"><i class=\"fas fa-plus\"><\/i><\/span>\n\t\t\t\t\t\t\t\t<span class=\"elementor-accordion-icon-opened\"><i class=\"fas fa-minus\"><\/i><\/span>\n\t\t\t\t\t\t\t\t\t\t\t\t\t\t<\/span>\n\t\t\t\t\t\t\t\t\t\t\t\t<a class=\"elementor-accordion-title\" tabindex=\"0\">\u00bfPor qu\u00e9 es diferente de otras zonas tur\u00edsticas dominicanas?<\/a>\n\t\t\t\t\t<\/div>\n\t\t\t\t\t<div id=\"elementor-tab-content-4842\" class=\"elementor-tab-content elementor-clearfix\" data-tab=\"2\" role=\"region\" aria-labelledby=\"elementor-tab-title-4842\"><p><span style=\"font-weight: 400;\">La pen\u00ednsula combina playas, bosques y pueblos activos, con un turismo presente pero no exclusivo, que deja mucho espacio a la vida local.<\/span><\/p>\n<\/div>\n\t\t\t\t<\/div>\n\t\t\t\t\t\t\t<div class=\"elementor-accordion-item\">\n\t\t\t\t\t<div id=\"elementor-tab-title-4843\" class=\"elementor-tab-title\" data-tab=\"3\" role=\"button\" aria-controls=\"elementor-tab-content-4843\" aria-expanded=\"false\">\n\t\t\t\t\t\t\t\t\t\t\t\t\t<span class=\"elementor-accordion-icon elementor-accordion-icon-left\" aria-hidden=\"true\">\n\t\t\t\t\t\t\t\t\t\t\t\t\t\t\t<span class=\"elementor-accordion-icon-closed\"><i class=\"fas fa-plus\"><\/i><\/span>\n\t\t\t\t\t\t\t\t<span class=\"elementor-accordion-icon-opened\"><i class=\"fas fa-minus\"><\/i><\/span>\n\t\t\t\t\t\t\t\t\t\t\t\t\t\t<\/span>\n\t\t\t\t\t\t\t\t\t\t\t\t<a class=\"elementor-accordion-title\" tabindex=\"0\">\u00bfCu\u00e1l es el mejor momento para visitar Saman\u00e1?<\/a>\n\t\t\t\t\t<\/div>\n\t\t\t\t\t<div id=\"elementor-tab-content-4843\" class=\"elementor-tab-content elementor-clearfix\" data-tab=\"3\" role=\"region\" aria-labelledby=\"elementor-tab-title-4843\"><p><span style=\"font-weight: 400;\">De diciembre a abril es el periodo de mayor actividad, con un clima m\u00e1s seco. De enero a marzo, la bah\u00eda alberga ballenas jorobadas. <\/span><\/p>\n<\/div>\n\t\t\t\t<\/div>\n\t\t\t\t\t\t\t\t<\/div>\n\t\t\t\t\t\t<\/div>\n\t\t\t\t<\/div>\n\t\t\t\t\t<\/div>\n\t\t<\/div>\n\t\t\t\t\t<\/div>\n\t\t<\/section>\n\t\t\t\t\t<\/div>\n\t\t<\/div>\n\t\t\t\t\t<\/div>\n\t\t<\/section>\n\t\t\t\t<\/div>\n\t\t","protected":false},"excerpt":{"rendered":"<p>En el extremo nororiental de la Rep\u00fablica Dominicana, la pen\u00ednsula de Saman\u00e1 es una tierra propia. Aqu\u00ed, la geograf\u00eda marca el ritmo: una amplia bah\u00eda protegida, colinas cubiertas de selva tropical, pueblos frente al mar. No es un destino dise\u00f1ado para la acumulaci\u00f3n de experiencias r\u00e1pidas, sino un espacio coherente donde la naturaleza, la vida [&hellip;]<\/p>\n","protected":false},"author":662,"featured_media":68387,"comment_status":"open","ping_status":"open","sticky":false,"template":"","format":"standard","meta":{"_acf_changed":false,"footnotes":""},"categories":[1734],"tags":[1481],"class_list":["post-68425","post","type-post","status-publish","format-standard","has-post-thumbnail","hentry","category-turismo","tag-republica-dominicana"],"acf":[],"_links":{"self":[{"href":"https:\/\/richeskarayib.com\/es\/wp-json\/wp\/v2\/posts\/68425","targetHints":{"allow":["GET"]}}],"collection":[{"href":"https:\/\/richeskarayib.com\/es\/wp-json\/wp\/v2\/posts"}],"about":[{"href":"https:\/\/richeskarayib.com\/es\/wp-json\/wp\/v2\/types\/post"}],"author":[{"embeddable":true,"href":"https:\/\/richeskarayib.com\/es\/wp-json\/wp\/v2\/users\/662"}],"replies":[{"embeddable":true,"href":"https:\/\/richeskarayib.com\/es\/wp-json\/wp\/v2\/comments?post=68425"}],"version-history":[{"count":0,"href":"https:\/\/richeskarayib.com\/es\/wp-json\/wp\/v2\/posts\/68425\/revisions"}],"wp:featuredmedia":[{"embeddable":true,"href":"https:\/\/richeskarayib.com\/es\/wp-json\/wp\/v2\/media\/68387"}],"wp:attachment":[{"href":"https:\/\/richeskarayib.com\/es\/wp-json\/wp\/v2\/media?parent=68425"}],"wp:term":[{"taxonomy":"category","embeddable":true,"href":"https:\/\/richeskarayib.com\/es\/wp-json\/wp\/v2\/categories?post=68425"},{"taxonomy":"post_tag","embeddable":true,"href":"https:\/\/richeskarayib.com\/es\/wp-json\/wp\/v2\/tags?post=68425"}],"curies":[{"name":"wp","href":"https:\/\/api.w.org\/{rel}","templated":true}]}}