{"id":68498,"date":"2026-01-20T05:54:39","date_gmt":"2026-01-20T09:54:39","guid":{"rendered":"https:\/\/richeskarayib.com\/karen-virapin-primera-mujer-de-los-territorios-franceses-de-ultramar-en-convertirse-en-directora-de-operaciones-de-air-caraibes\/"},"modified":"2026-01-20T05:54:40","modified_gmt":"2026-01-20T09:54:40","slug":"karen-virapin-primera-mujer-de-los-territorios-franceses-de-ultramar-en-convertirse-en-directora-de-operaciones-de-air-caraibes","status":"publish","type":"post","link":"https:\/\/richeskarayib.com\/es\/karen-virapin-primera-mujer-de-los-territorios-franceses-de-ultramar-en-convertirse-en-directora-de-operaciones-de-air-caraibes\/","title":{"rendered":"Karen VIRAPIN: primera mujer de los territorios franceses de ultramar en convertirse en Directora de Operaciones de Air Cara\u00efbes."},"content":{"rendered":"\t\t<div data-elementor-type=\"wp-post\" data-elementor-id=\"68498\" class=\"elementor elementor-68498 elementor-68479\" data-elementor-post-type=\"post\">\n\t\t\t\t\t\t<section class=\"elementor-section elementor-top-section elementor-element elementor-element-7ca7ca1 elementor-section-boxed elementor-section-height-default elementor-section-height-default\" data-id=\"7ca7ca1\" data-element_type=\"section\">\n\t\t\t\t\t\t<div class=\"elementor-container elementor-column-gap-default\">\n\t\t\t\t\t<div class=\"elementor-column elementor-col-100 elementor-top-column elementor-element elementor-element-cbdd002\" data-id=\"cbdd002\" data-element_type=\"column\">\n\t\t\t<div class=\"elementor-widget-wrap elementor-element-populated\">\n\t\t\t\t\t\t<section class=\"elementor-section elementor-inner-section elementor-element elementor-element-bc94849 elementor-section-boxed elementor-section-height-default elementor-section-height-default\" data-id=\"bc94849\" data-element_type=\"section\">\n\t\t\t\t\t\t<div class=\"elementor-container elementor-column-gap-default\">\n\t\t\t\t\t\t<\/div>\n\t\t<\/section>\n\t\t\t\t<section class=\"elementor-section elementor-inner-section elementor-element elementor-element-61571e6 elementor-section-boxed elementor-section-height-default elementor-section-height-default\" data-id=\"61571e6\" data-element_type=\"section\">\n\t\t\t\t\t\t<div class=\"elementor-container elementor-column-gap-default\">\n\t\t\t\t\t\t<\/div>\n\t\t<\/section>\n\t\t\t\t<section class=\"elementor-section elementor-inner-section elementor-element elementor-element-b6262e0 elementor-section-boxed elementor-section-height-default elementor-section-height-default\" data-id=\"b6262e0\" data-element_type=\"section\">\n\t\t\t\t\t\t<div class=\"elementor-container elementor-column-gap-default\">\n\t\t\t\t\t\t<\/div>\n\t\t<\/section>\n\t\t\t\t<section class=\"elementor-section elementor-inner-section elementor-element elementor-element-cca29fd elementor-section-boxed elementor-section-height-default elementor-section-height-default\" data-id=\"cca29fd\" data-element_type=\"section\">\n\t\t\t\t\t\t<div class=\"elementor-container elementor-column-gap-default\">\n\t\t\t\t\t\t<\/div>\n\t\t<\/section>\n\t\t\t\t\t<\/div>\n\t\t<\/div>\n\t\t\t\t\t<\/div>\n\t\t<\/section>\n\t\t\t\t<section class=\"elementor-section elementor-top-section elementor-element elementor-element-a6d4222 elementor-section-boxed elementor-section-height-default elementor-section-height-default\" data-id=\"a6d4222\" data-element_type=\"section\">\n\t\t\t\t\t\t<div class=\"elementor-container elementor-column-gap-default\">\n\t\t\t\t\t<div class=\"elementor-column elementor-col-100 elementor-top-column elementor-element elementor-element-ea27f09\" data-id=\"ea27f09\" data-element_type=\"column\">\n\t\t\t<div class=\"elementor-widget-wrap elementor-element-populated\">\n\t\t\t\t\t\t<section class=\"elementor-section elementor-inner-section elementor-element elementor-element-25c3156 elementor-section-boxed elementor-section-height-default elementor-section-height-default\" data-id=\"25c3156\" data-element_type=\"section\">\n\t\t\t\t\t\t<div class=\"elementor-container elementor-column-gap-default\">\n\t\t\t\t\t<div class=\"elementor-column elementor-col-100 elementor-inner-column elementor-element elementor-element-aac779c\" data-id=\"aac779c\" data-element_type=\"column\">\n\t\t\t<div class=\"elementor-widget-wrap elementor-element-populated\">\n\t\t\t\t\t\t<div class=\"elementor-element elementor-element-612550d elementor-widget elementor-widget-text-editor\" data-id=\"612550d\" data-element_type=\"widget\" data-widget_type=\"text-editor.default\">\n\t\t\t\t<div class=\"elementor-widget-container\">\n\t\t\t\t\t\t\t\t\t<p><span style=\"font-weight: 400;\">Nombrada Directora General Adjunta en enero de 2026, Karen Virapin se convierte en la primera mujer de los territorios franceses de ultramar que alcanza este nivel de direcci\u00f3n en<a href=\"https:\/\/www.aircaraibes.com\/espace-presse\/karen-virapin-nommee-directrice-generale-deleguee-dair-caraibes\" target=\"_blank\" rel=\"noopener nofollow\">Air Cara\u00efbes<\/a>. Un acontecimiento importante para la compa\u00f1\u00eda, pero tambi\u00e9n una se\u00f1al fuerte para el sector del transporte a\u00e9reo caribe\u00f1o. M\u00e1s all\u00e1 del simbolismo, este nombramiento plantea una cuesti\u00f3n central: \u00bfqu\u00e9 impacto concreto podr\u00eda tener en la gobernanza, el di\u00e1logo social, la red regional y la calidad del servicio?  <\/span><\/p>\t\t\t\t\t\t\t\t<\/div>\n\t\t\t\t<\/div>\n\t\t\t\t\t<\/div>\n\t\t<\/div>\n\t\t\t\t\t<\/div>\n\t\t<\/section>\n\t\t\t\t\t<\/div>\n\t\t<\/div>\n\t\t\t\t\t<\/div>\n\t\t<\/section>\n\t\t\t\t<section class=\"elementor-section elementor-top-section elementor-element elementor-element-e1fea79 elementor-section-boxed elementor-section-height-default elementor-section-height-default\" data-id=\"e1fea79\" data-element_type=\"section\">\n\t\t\t\t\t\t<div class=\"elementor-container elementor-column-gap-default\">\n\t\t\t\t\t<div class=\"elementor-column elementor-col-100 elementor-top-column elementor-element elementor-element-6d0be76\" data-id=\"6d0be76\" data-element_type=\"column\">\n\t\t\t<div class=\"elementor-widget-wrap elementor-element-populated\">\n\t\t\t\t\t\t<div class=\"elementor-element elementor-element-a310b25 elementor-widget elementor-widget-heading\" data-id=\"a310b25\" data-element_type=\"widget\" data-widget_type=\"heading.default\">\n\t\t\t\t<div class=\"elementor-widget-container\">\n\t\t\t\t\t<h2 class=\"elementor-heading-title elementor-size-default\">Un nombramiento que representa la continuidad, pero no el estancamiento<\/h2>\t\t\t\t<\/div>\n\t\t\t\t<\/div>\n\t\t\t\t<div class=\"elementor-element elementor-element-bbb62ae elementor-widget elementor-widget-text-editor\" data-id=\"bbb62ae\" data-element_type=\"widget\" data-widget_type=\"text-editor.default\">\n\t\t\t\t<div class=\"elementor-widget-container\">\n\t\t\t\t\t\t\t\t\t<p><span style=\"font-weight: 400;\"><a href=\"https:\/\/www.linkedin.com\/in\/karenvirapin\/\" target=\"_blank\" rel=\"noopener nofollow\">Karen<\/a> Virapin lleva catorce a\u00f1os en la empresa, y no es una figura que acaba de llegar. Ex Directora de Recursos Humanos, Karen Virapin ha participado en todas las transformaciones estructurales de la empresa: cambios organizativos, crecimiento de la plantilla, adaptaci\u00f3n a las limitaciones econ\u00f3micas y sociales del sector a\u00e9reo. Su acceso al puesto de Directora General forma parte, por tanto, de una estrategia de continuidad.  <\/span><\/p>\n<p><span style=\"font-weight: 400;\">Pero continuidad no significa estancamiento. En un sector tan expuesto como el a\u00e9reo, marcado por un fr\u00e1gil equilibrio entre costes, exigencias sociales, calidad del servicio y expectativas locales, la gobernanza desempe\u00f1a un papel decisivo. Y es precisamente a este nivel donde este nombramiento adquiere todo su significado.  <\/span><\/p>\t\t\t\t\t\t\t\t<\/div>\n\t\t\t\t<\/div>\n\t\t\t\t<div class=\"elementor-element elementor-element-5e84445 elementor-widget elementor-widget-image\" data-id=\"5e84445\" data-element_type=\"widget\" data-widget_type=\"image.default\">\n\t\t\t\t<div class=\"elementor-widget-container\">\n\t\t\t\t\t\t\t\t\t\t\t\t<figure class=\"wp-caption\">\n\t\t\t\t\t\t\t\t\t\t<img fetchpriority=\"high\" decoding=\"async\" width=\"800\" height=\"800\" src=\"https:\/\/richeskarayib.com\/wp-content\/uploads\/2026\/01\/Karen-VIRAPIN-1.jpg\" class=\"attachment-large size-large wp-image-68488\" alt=\"Karen VIRAPIN\" srcset=\"https:\/\/richeskarayib.com\/wp-content\/uploads\/2026\/01\/Karen-VIRAPIN-1.jpg 800w, https:\/\/richeskarayib.com\/wp-content\/uploads\/2026\/01\/Karen-VIRAPIN-1-300x300.jpg 300w, https:\/\/richeskarayib.com\/wp-content\/uploads\/2026\/01\/Karen-VIRAPIN-1-150x150.jpg 150w, https:\/\/richeskarayib.com\/wp-content\/uploads\/2026\/01\/Karen-VIRAPIN-1-768x768.jpg 768w\" sizes=\"(max-width: 800px) 100vw, 800px\" \/>\t\t\t\t\t\t\t\t\t\t\t<figcaption class=\"widget-image-caption wp-caption-text\">Karen VIRAPIN <\/figcaption>\n\t\t\t\t\t\t\t\t\t\t<\/figure>\n\t\t\t\t\t\t\t\t\t<\/div>\n\t\t\t\t<\/div>\n\t\t\t\t\t<\/div>\n\t\t<\/div>\n\t\t\t\t\t<\/div>\n\t\t<\/section>\n\t\t\t\t<section class=\"elementor-section elementor-top-section elementor-element elementor-element-ee72354 elementor-section-boxed elementor-section-height-default elementor-section-height-default\" data-id=\"ee72354\" data-element_type=\"section\">\n\t\t\t\t\t\t<div class=\"elementor-container elementor-column-gap-default\">\n\t\t\t\t\t<div class=\"elementor-column elementor-col-100 elementor-top-column elementor-element elementor-element-c59d6fe\" data-id=\"c59d6fe\" data-element_type=\"column\">\n\t\t\t<div class=\"elementor-widget-wrap elementor-element-populated\">\n\t\t\t\t\t\t<div class=\"elementor-element elementor-element-ddc6a1e elementor-widget elementor-widget-heading\" data-id=\"ddc6a1e\" data-element_type=\"widget\" data-widget_type=\"heading.default\">\n\t\t\t\t<div class=\"elementor-widget-container\">\n\t\t\t\t\t<h2 class=\"elementor-heading-title elementor-size-default\">Primera mujer de los territorios franceses de ultramar que alcanza este nivel: una se\u00f1al para la aviaci\u00f3n caribe\u00f1a\n<\/h2>\t\t\t\t<\/div>\n\t\t\t\t<\/div>\n\t\t\t\t<div class=\"elementor-element elementor-element-e57451f elementor-widget elementor-widget-text-editor\" data-id=\"e57451f\" data-element_type=\"widget\" data-widget_type=\"text-editor.default\">\n\t\t\t\t<div class=\"elementor-widget-container\">\n\t\t\t\t\t\t\t\t\t<p><span style=\"font-weight: 400;\">El transporte a\u00e9reo ha sido hist\u00f3ricamente un sector muy dominado por los hombres, sobre todo en los rangos ejecutivos. La llegada de Karen Virapin como Vicepresidenta Ejecutiva es, por tanto, un hito importante, tanto para la representaci\u00f3n de las mujeres como para la de los talentos de los territorios franceses de ultramar. <\/span><\/p>\n<p><span style=\"font-weight: 400;\">Esta se\u00f1al va m\u00e1s all\u00e1 del marco interno de la empresa. Hace referencia a una realidad m\u00e1s amplia: la capacidad de las empresas que operan en el Caribe para reconocer las trayectorias profesionales que se han construido localmente, arraigadas en un conocimiento detallado de la regi\u00f3n, y no simplemente el resultado de trayectorias profesionales externas. Este reconocimiento no es s\u00f3lo simb\u00f3lico; puede influir en la forma en que se toman, priorizan y aplican las decisiones estrat\u00e9gicas.  <\/span><\/p>\t\t\t\t\t\t\t\t<\/div>\n\t\t\t\t<\/div>\n\t\t\t\t<section class=\"elementor-section elementor-inner-section elementor-element elementor-element-bcdfebd elementor-section-boxed elementor-section-height-default elementor-section-height-default\" data-id=\"bcdfebd\" data-element_type=\"section\">\n\t\t\t\t\t\t<div class=\"elementor-container elementor-column-gap-default\">\n\t\t\t\t\t<div class=\"elementor-column elementor-col-100 elementor-inner-column elementor-element elementor-element-9fe2dbd\" data-id=\"9fe2dbd\" data-element_type=\"column\">\n\t\t\t<div class=\"elementor-widget-wrap elementor-element-populated\">\n\t\t\t\t\t\t<div class=\"elementor-element elementor-element-65363ee elementor-widget elementor-widget-image\" data-id=\"65363ee\" data-element_type=\"widget\" data-widget_type=\"image.default\">\n\t\t\t\t<div class=\"elementor-widget-container\">\n\t\t\t\t\t\t\t\t\t\t\t\t<figure class=\"wp-caption\">\n\t\t\t\t\t\t\t\t\t\t<img decoding=\"async\" width=\"800\" height=\"534\" src=\"https:\/\/richeskarayib.com\/wp-content\/uploads\/2026\/01\/\u00a9Air-Caraibes--1024x683.jpg\" class=\"attachment-large size-large wp-image-68492\" alt=\"Karen VIRAPIN\" srcset=\"https:\/\/richeskarayib.com\/wp-content\/uploads\/2026\/01\/\u00a9Air-Caraibes--1024x683.jpg 1024w, https:\/\/richeskarayib.com\/wp-content\/uploads\/2026\/01\/\u00a9Air-Caraibes--300x200.jpg 300w, https:\/\/richeskarayib.com\/wp-content\/uploads\/2026\/01\/\u00a9Air-Caraibes--768x512.jpg 768w, https:\/\/richeskarayib.com\/wp-content\/uploads\/2026\/01\/\u00a9Air-Caraibes--1536x1025.jpg 1536w, https:\/\/richeskarayib.com\/wp-content\/uploads\/2026\/01\/\u00a9Air-Caraibes--1320x881.jpg 1320w, https:\/\/richeskarayib.com\/wp-content\/uploads\/2026\/01\/\u00a9Air-Caraibes-.jpg 1920w\" sizes=\"(max-width: 800px) 100vw, 800px\" \/>\t\t\t\t\t\t\t\t\t\t\t<figcaption class=\"widget-image-caption wp-caption-text\">\u00a9Air Carai\u0308bes<\/figcaption>\n\t\t\t\t\t\t\t\t\t\t<\/figure>\n\t\t\t\t\t\t\t\t\t<\/div>\n\t\t\t\t<\/div>\n\t\t\t\t\t<\/div>\n\t\t<\/div>\n\t\t\t\t\t<\/div>\n\t\t<\/section>\n\t\t\t\t\t<\/div>\n\t\t<\/div>\n\t\t\t\t\t<\/div>\n\t\t<\/section>\n\t\t\t\t<section class=\"elementor-section elementor-top-section elementor-element elementor-element-82cd8f9 elementor-section-boxed elementor-section-height-default elementor-section-height-default\" data-id=\"82cd8f9\" data-element_type=\"section\">\n\t\t\t\t\t\t<div class=\"elementor-container elementor-column-gap-default\">\n\t\t\t\t\t<div class=\"elementor-column elementor-col-100 elementor-top-column elementor-element elementor-element-0bfdc38\" data-id=\"0bfdc38\" data-element_type=\"column\">\n\t\t\t<div class=\"elementor-widget-wrap elementor-element-populated\">\n\t\t\t\t\t\t<div class=\"elementor-element elementor-element-7d292fe elementor-widget elementor-widget-heading\" data-id=\"7d292fe\" data-element_type=\"widget\" data-widget_type=\"heading.default\">\n\t\t\t\t<div class=\"elementor-widget-container\">\n\t\t\t\t\t<h2 class=\"elementor-heading-title elementor-size-default\">Di\u00e1logo social: una palanca estrat\u00e9gica, no un eslogan<\/h2>\t\t\t\t<\/div>\n\t\t\t\t<\/div>\n\t\t\t\t<div class=\"elementor-element elementor-element-8e337bf elementor-widget elementor-widget-text-editor\" data-id=\"8e337bf\" data-element_type=\"widget\" data-widget_type=\"text-editor.default\">\n\t\t\t\t<div class=\"elementor-widget-container\">\n\t\t\t\t\t\t\t\t\t<p><span style=\"font-weight: 400;\">En el sector a\u00e9reo, el di\u00e1logo social nunca es una cuesti\u00f3n secundaria. Las condiciones de trabajo, la organizaci\u00f3n de los horarios, los cambios de profesi\u00f3n, la presi\u00f3n operativa: cada decisi\u00f3n tiene un impacto directo en la estabilidad de la empresa y en la experiencia del cliente. <\/span><\/p>\n<p><span style=\"font-weight: 400;\">El hecho de que el nuevo Vicepresidente Ejecutivo provenga de un entorno de recursos humanos no es insignificante. Esto no garantiza la ausencia de tensiones o de decisiones consensuadas, pero implica un m\u00e9todo. Un m\u00e9todo basado en la comprensi\u00f3n de los equilibrios internos, las expectativas del personal de vuelo y de tierra, y las limitaciones propias de los servicios caribe\u00f1os.  <\/span><\/p>\n<p><span style=\"font-weight: 400;\">A medio plazo, el impacto se medir\u00e1 menos por la ret\u00f3rica que por indicadores concretos: clima social, capacidad de anticiparse a los conflictos, continuidad del servicio en periodos delicados.<\/span><\/p>\t\t\t\t\t\t\t\t<\/div>\n\t\t\t\t<\/div>\n\t\t\t\t<section class=\"elementor-section elementor-inner-section elementor-element elementor-element-c582330 elementor-section-boxed elementor-section-height-default elementor-section-height-default\" data-id=\"c582330\" data-element_type=\"section\">\n\t\t\t\t\t\t<div class=\"elementor-container elementor-column-gap-default\">\n\t\t\t\t\t\t<\/div>\n\t\t<\/section>\n\t\t\t\t<section class=\"elementor-section elementor-inner-section elementor-element elementor-element-296603a elementor-section-boxed elementor-section-height-default elementor-section-height-default\" data-id=\"296603a\" data-element_type=\"section\">\n\t\t\t\t\t\t<div class=\"elementor-container elementor-column-gap-default\">\n\t\t\t\t\t\t<\/div>\n\t\t<\/section>\n\t\t\t\t\t<\/div>\n\t\t<\/div>\n\t\t\t\t\t<\/div>\n\t\t<\/section>\n\t\t\t\t<section class=\"elementor-section elementor-top-section elementor-element elementor-element-5a7397d elementor-section-boxed elementor-section-height-default elementor-section-height-default\" data-id=\"5a7397d\" data-element_type=\"section\">\n\t\t\t\t\t\t<div class=\"elementor-container elementor-column-gap-default\">\n\t\t\t\t\t<div class=\"elementor-column elementor-col-100 elementor-top-column elementor-element elementor-element-8b33b4b\" data-id=\"8b33b4b\" data-element_type=\"column\">\n\t\t\t<div class=\"elementor-widget-wrap elementor-element-populated\">\n\t\t\t\t\t\t<div class=\"elementor-element elementor-element-89dac4b elementor-widget elementor-widget-heading\" data-id=\"89dac4b\" data-element_type=\"widget\" data-widget_type=\"heading.default\">\n\t\t\t\t<div class=\"elementor-widget-container\">\n\t\t\t\t\t<h2 class=\"elementor-heading-title elementor-size-default\">Red regional Caribe-Guyana: la gobernanza local a prueba<\/h2>\t\t\t\t<\/div>\n\t\t\t\t<\/div>\n\t\t\t\t<section class=\"elementor-section elementor-inner-section elementor-element elementor-element-95aa690 elementor-section-boxed elementor-section-height-default elementor-section-height-default\" data-id=\"95aa690\" data-element_type=\"section\">\n\t\t\t\t\t\t<div class=\"elementor-container elementor-column-gap-default\">\n\t\t\t\t\t<div class=\"elementor-column elementor-col-100 elementor-inner-column elementor-element elementor-element-ae7c4fc\" data-id=\"ae7c4fc\" data-element_type=\"column\">\n\t\t\t<div class=\"elementor-widget-wrap elementor-element-populated\">\n\t\t\t\t\t\t<div class=\"elementor-element elementor-element-819dd2d elementor-widget elementor-widget-text-editor\" data-id=\"819dd2d\" data-element_type=\"widget\" data-widget_type=\"text-editor.default\">\n\t\t\t\t<div class=\"elementor-widget-container\">\n\t\t\t\t\t\t\t\t\t<p><span style=\"font-weight: 400;\">Con sede en Pointe-\u00e0-Pitre, Karen Virapin encarna una forma de gobernanza arraigada en las zonas a las que sirve. Esta posici\u00f3n geogr\u00e1fica no es neutral. Sit\u00faa al equipo directivo lo m\u00e1s cerca posible de las realidades de la red regional Antillas-Guyana, que a menudo se enfrenta a retos espec\u00edficos: regularidad de los vuelos, conexiones, continuidad territorial, expectativas tanto de los residentes como de los profesionales del turismo.  <\/span><\/p>\t\t\t\t\t\t\t\t<\/div>\n\t\t\t\t<\/div>\n\t\t\t\t<div class=\"elementor-element elementor-element-579a574 elementor-widget elementor-widget-text-editor\" data-id=\"579a574\" data-element_type=\"widget\" data-widget_type=\"text-editor.default\">\n\t\t\t\t<div class=\"elementor-widget-container\">\n\t\t\t\t\t\t\t\t\t<p><span style=\"font-weight: 400;\">No se trata s\u00f3lo de mantener las l\u00edneas, sino de garantizar su coherencia global. \u00bfC\u00f3mo podemos conectar las redes regionales y transatl\u00e1nticas? \u00bfC\u00f3mo garantizar un servicio claro y fiable en un contexto de mayor competencia y presi\u00f3n sobre los costes? Tambi\u00e9n en este caso, las decisiones futuras nos permitir\u00e1n evaluar el alcance real de esta llamada gobernanza &#8220;local&#8221;.   <\/span><\/p>\t\t\t\t\t\t\t\t<\/div>\n\t\t\t\t<\/div>\n\t\t\t\t\t<\/div>\n\t\t<\/div>\n\t\t\t\t\t<\/div>\n\t\t<\/section>\n\t\t\t\t<section class=\"elementor-section elementor-inner-section elementor-element elementor-element-fdc98a5 elementor-section-boxed elementor-section-height-default elementor-section-height-default\" data-id=\"fdc98a5\" data-element_type=\"section\">\n\t\t\t\t\t\t<div class=\"elementor-container elementor-column-gap-default\">\n\t\t\t\t\t<div class=\"elementor-column elementor-col-100 elementor-inner-column elementor-element elementor-element-159ba69\" data-id=\"159ba69\" data-element_type=\"column\">\n\t\t\t<div class=\"elementor-widget-wrap elementor-element-populated\">\n\t\t\t\t\t\t<div class=\"elementor-element elementor-element-1265b34 elementor-widget elementor-widget-image\" data-id=\"1265b34\" data-element_type=\"widget\" data-widget_type=\"image.default\">\n\t\t\t\t<div class=\"elementor-widget-container\">\n\t\t\t\t\t\t\t\t\t\t\t\t<figure class=\"wp-caption\">\n\t\t\t\t\t\t\t\t\t\t<img decoding=\"async\" width=\"800\" height=\"558\" src=\"https:\/\/richeskarayib.com\/wp-content\/uploads\/2026\/01\/\u00a9Air-Caraibes-1-1024x714.jpg\" class=\"attachment-large size-large wp-image-68496\" alt=\"Karen VIRAPIN\" srcset=\"https:\/\/richeskarayib.com\/wp-content\/uploads\/2026\/01\/\u00a9Air-Caraibes-1-1024x714.jpg 1024w, https:\/\/richeskarayib.com\/wp-content\/uploads\/2026\/01\/\u00a9Air-Caraibes-1-300x209.jpg 300w, https:\/\/richeskarayib.com\/wp-content\/uploads\/2026\/01\/\u00a9Air-Caraibes-1-768x536.jpg 768w, https:\/\/richeskarayib.com\/wp-content\/uploads\/2026\/01\/\u00a9Air-Caraibes-1-1536x1071.jpg 1536w, https:\/\/richeskarayib.com\/wp-content\/uploads\/2026\/01\/\u00a9Air-Caraibes-1-1320x921.jpg 1320w, https:\/\/richeskarayib.com\/wp-content\/uploads\/2026\/01\/\u00a9Air-Caraibes-1.jpg 1920w\" sizes=\"(max-width: 800px) 100vw, 800px\" \/>\t\t\t\t\t\t\t\t\t\t\t<figcaption class=\"widget-image-caption wp-caption-text\">\u00a9Air Carai\u0308bes<\/figcaption>\n\t\t\t\t\t\t\t\t\t\t<\/figure>\n\t\t\t\t\t\t\t\t\t<\/div>\n\t\t\t\t<\/div>\n\t\t\t\t\t<\/div>\n\t\t<\/div>\n\t\t\t\t\t<\/div>\n\t\t<\/section>\n\t\t\t\t\t<\/div>\n\t\t<\/div>\n\t\t\t\t\t<\/div>\n\t\t<\/section>\n\t\t\t\t<section class=\"elementor-section elementor-top-section elementor-element elementor-element-2c060f5 elementor-section-boxed elementor-section-height-default elementor-section-height-default\" data-id=\"2c060f5\" data-element_type=\"section\">\n\t\t\t\t\t\t<div class=\"elementor-container elementor-column-gap-default\">\n\t\t\t\t\t<div class=\"elementor-column elementor-col-100 elementor-top-column elementor-element elementor-element-359f969\" data-id=\"359f969\" data-element_type=\"column\">\n\t\t\t<div class=\"elementor-widget-wrap elementor-element-populated\">\n\t\t\t\t\t\t<div class=\"elementor-element elementor-element-808b8b3 elementor-widget elementor-widget-heading\" data-id=\"808b8b3\" data-element_type=\"widget\" data-widget_type=\"heading.default\">\n\t\t\t\t<div class=\"elementor-widget-container\">\n\t\t\t\t\t<h2 class=\"elementor-heading-title elementor-size-default\">Calidad del servicio: mantener altos niveles en un contexto de transformaci\u00f3n<\/h2>\t\t\t\t<\/div>\n\t\t\t\t<\/div>\n\t\t\t\t<div class=\"elementor-element elementor-element-3c9cb71 elementor-widget elementor-widget-text-editor\" data-id=\"3c9cb71\" data-element_type=\"widget\" data-widget_type=\"text-editor.default\">\n\t\t\t\t<div class=\"elementor-widget-container\">\n\t\t\t\t\t\t\t\t\t<p><span style=\"font-weight: 400;\">Uno de los principales retos de cualquier compa\u00f1\u00eda a\u00e9rea es su capacidad para transformarse sin degradar la calidad percibida por los pasajeros. Modernizaci\u00f3n de la flota, reorganizaci\u00f3n interna, ajustes operativos: cada cambio conlleva un riesgo para la experiencia del cliente. <\/span><\/p>\n<p><span style=\"font-weight: 400;\">En este contexto, la trayectoria del nuevo Director de Operaciones se observar\u00e1 en un punto preciso: la coherencia entre la transformaci\u00f3n interna y la promesa de servicio. La puntualidad, la regularidad, la calidad del servicio y la gesti\u00f3n de las perturbaciones son marcadores concretos para los pasajeros y para las regiones que dependen de la conectividad a\u00e9rea. <\/span><\/p>\t\t\t\t\t\t\t\t<\/div>\n\t\t\t\t<\/div>\n\t\t\t\t\t<\/div>\n\t\t<\/div>\n\t\t\t\t\t<\/div>\n\t\t<\/section>\n\t\t\t\t<section class=\"elementor-section elementor-top-section elementor-element elementor-element-4ef9ba5 elementor-section-boxed elementor-section-height-default elementor-section-height-default\" data-id=\"4ef9ba5\" data-element_type=\"section\">\n\t\t\t\t\t\t<div class=\"elementor-container elementor-column-gap-default\">\n\t\t\t\t\t<div class=\"elementor-column elementor-col-100 elementor-top-column elementor-element elementor-element-2af15d8\" data-id=\"2af15d8\" data-element_type=\"column\">\n\t\t\t<div class=\"elementor-widget-wrap elementor-element-populated\">\n\t\t\t\t\t\t<div class=\"elementor-element elementor-element-39df54b elementor-widget elementor-widget-heading\" data-id=\"39df54b\" data-element_type=\"widget\" data-widget_type=\"heading.default\">\n\t\t\t\t<div class=\"elementor-widget-container\">\n\t\t\t\t\t<h2 class=\"elementor-heading-title elementor-size-default\">Lo que los territorios pueden esperar ver en los pr\u00f3ximos meses\n<\/h2>\t\t\t\t<\/div>\n\t\t\t\t<\/div>\n\t\t\t\t<div class=\"elementor-element elementor-element-83c1bd2 elementor-widget elementor-widget-text-editor\" data-id=\"83c1bd2\" data-element_type=\"widget\" data-widget_type=\"text-editor.default\">\n\t\t\t\t<div class=\"elementor-widget-container\">\n\t\t\t\t\t\t\t\t\t<p><span style=\"font-weight: 400;\">Para las Antillas Francesas y la Guayana Francesa, la cuesti\u00f3n va mucho m\u00e1s all\u00e1 de la gobernanza interna. Afecta a la movilidad, el turismo, el atractivo econ\u00f3mico y la vida cotidiana. El impacto concreto de esta cita puede evaluarse a trav\u00e9s de varias se\u00f1ales d\u00e9biles pero reveladoras: estabilidad social, legibilidad de la oferta regional, continuidad de los servicios, capacidad de adaptaci\u00f3n a los imprevistos. No se trata de esperar rupturas espectaculares, sino de observar si la promesa de una gesti\u00f3n firmemente arraigada, atenta a las realidades del Caribe, se traduce en realidad.   <\/span><\/p>\t\t\t\t\t\t\t\t<\/div>\n\t\t\t\t<\/div>\n\t\t\t\t\t<\/div>\n\t\t<\/div>\n\t\t\t\t\t<\/div>\n\t\t<\/section>\n\t\t\t\t<section class=\"elementor-section elementor-top-section elementor-element elementor-element-a9ffc1c elementor-section-boxed elementor-section-height-default elementor-section-height-default\" data-id=\"a9ffc1c\" data-element_type=\"section\">\n\t\t\t\t\t\t<div class=\"elementor-container elementor-column-gap-default\">\n\t\t\t\t\t<div class=\"elementor-column elementor-col-100 elementor-top-column elementor-element elementor-element-7319a5d\" data-id=\"7319a5d\" data-element_type=\"column\">\n\t\t\t<div class=\"elementor-widget-wrap elementor-element-populated\">\n\t\t\t\t\t\t<div class=\"elementor-element elementor-element-308a79d elementor-widget elementor-widget-heading\" data-id=\"308a79d\" data-element_type=\"widget\" data-widget_type=\"heading.default\">\n\t\t\t\t<div class=\"elementor-widget-container\">\n\t\t\t\t\t<h2 class=\"elementor-heading-title elementor-size-default\">Un nombramiento observado mucho m\u00e1s all\u00e1 de la empresa<\/h2>\t\t\t\t<\/div>\n\t\t\t\t<\/div>\n\t\t\t\t<div class=\"elementor-element elementor-element-fe311f7 elementor-widget elementor-widget-text-editor\" data-id=\"fe311f7\" data-element_type=\"widget\" data-widget_type=\"text-editor.default\">\n\t\t\t\t<div class=\"elementor-widget-container\">\n\t\t\t\t\t\t\t\t\t<p><span style=\"font-weight: 400;\">Al convertirse en Directora General Adjunta, Karen Virapin no s\u00f3lo se convierte en el rostro de la gobernanza de<a href=\"https:\/\/richeskarayib.com\/es\/air-caraibes-french-bee-y-volotea-un-acuerdo-interlineas-para-facilitar-los-viajes-a-los-tropicos\/\" target=\"_blank\" rel=\"noopener\">Air Cara\u00efbes<\/a>. Tambi\u00e9n encarna una evoluci\u00f3n m\u00e1s amplia en la relaci\u00f3n entre empresas, territorios y liderazgo en el Caribe franc\u00e9s. Es una evoluci\u00f3n todav\u00eda fr\u00e1gil, pero que tendr\u00e1 un gran impacto. Los pr\u00f3ximos meses dir\u00e1n si el nombramiento de Karen Virapin marca un simple hito simb\u00f3lico o un paso adelante duradero en la forma de concebir la gobernanza del transporte a\u00e9reo caribe\u00f1o.   <\/span><\/p>\t\t\t\t\t\t\t\t<\/div>\n\t\t\t\t<\/div>\n\t\t\t\t\t<\/div>\n\t\t<\/div>\n\t\t\t\t\t<\/div>\n\t\t<\/section>\n\t\t\t\t<section class=\"elementor-section elementor-top-section elementor-element elementor-element-22bf69f elementor-section-boxed elementor-section-height-default elementor-section-height-default\" data-id=\"22bf69f\" data-element_type=\"section\">\n\t\t\t\t\t\t<div class=\"elementor-container elementor-column-gap-default\">\n\t\t\t\t\t<div class=\"elementor-column elementor-col-100 elementor-top-column elementor-element elementor-element-8aedddd\" data-id=\"8aedddd\" data-element_type=\"column\">\n\t\t\t<div class=\"elementor-widget-wrap elementor-element-populated\">\n\t\t\t\t\t\t<section class=\"elementor-section elementor-inner-section elementor-element elementor-element-c8e3557 elementor-section-boxed elementor-section-height-default elementor-section-height-default\" data-id=\"c8e3557\" data-element_type=\"section\">\n\t\t\t\t\t\t<div class=\"elementor-container elementor-column-gap-default\">\n\t\t\t\t\t<div class=\"elementor-column elementor-col-100 elementor-inner-column elementor-element elementor-element-1222702\" data-id=\"1222702\" data-element_type=\"column\">\n\t\t\t<div class=\"elementor-widget-wrap elementor-element-populated\">\n\t\t\t\t\t\t<div class=\"elementor-element elementor-element-2e40abe elementor-widget elementor-widget-accordion\" data-id=\"2e40abe\" data-element_type=\"widget\" data-widget_type=\"accordion.default\">\n\t\t\t\t<div class=\"elementor-widget-container\">\n\t\t\t\t\t\t\t<div class=\"elementor-accordion\">\n\t\t\t\t\t\t\t<div class=\"elementor-accordion-item\">\n\t\t\t\t\t<div id=\"elementor-tab-title-4841\" class=\"elementor-tab-title\" data-tab=\"1\" role=\"button\" aria-controls=\"elementor-tab-content-4841\" aria-expanded=\"false\">\n\t\t\t\t\t\t\t\t\t\t\t\t\t<span class=\"elementor-accordion-icon elementor-accordion-icon-left\" aria-hidden=\"true\">\n\t\t\t\t\t\t\t\t\t\t\t\t\t\t\t<span class=\"elementor-accordion-icon-closed\"><i class=\"fas fa-plus\"><\/i><\/span>\n\t\t\t\t\t\t\t\t<span class=\"elementor-accordion-icon-opened\"><i class=\"fas fa-minus\"><\/i><\/span>\n\t\t\t\t\t\t\t\t\t\t\t\t\t\t<\/span>\n\t\t\t\t\t\t\t\t\t\t\t\t<a class=\"elementor-accordion-title\" tabindex=\"0\">\u00bfQui\u00e9n es Karen Virapin?<\/a>\n\t\t\t\t\t<\/div>\n\t\t\t\t\t<div id=\"elementor-tab-content-4841\" class=\"elementor-tab-content elementor-clearfix\" data-tab=\"1\" role=\"region\" aria-labelledby=\"elementor-tab-title-4841\"><p><span style=\"font-weight: 400;\">Karen Virapin es una ejecutiva francesa de Guadalupe, nombrada <\/span><b>Directora de Operaciones de Air Cara\u00efbes<\/b><span style=\"font-weight: 400;\">  en enero de 2026. Lleva catorce a\u00f1os en la empresa, m\u00e1s de una d\u00e9cada como Directora de Recursos Humanos. <\/span><span style=\"font-weight: 400;\"><br \/><\/span><span style=\"font-weight: 400;\">  Su carrera se ha desarrollado tanto en Francia como en las Antillas, con una s\u00f3lida experiencia en gesti\u00f3n organizativa y di\u00e1logo social en un sector a\u00e9reo exigente. Su nombramiento la convierte en   <\/span><b>primera mujer de los territorios franceses de ultramar que alcanza este nivel de gobierno<\/b><span style=\"font-weight: 400;\"> dentro de la empresa.<\/span><\/p>\n<\/div>\n\t\t\t\t<\/div>\n\t\t\t\t\t\t\t<div class=\"elementor-accordion-item\">\n\t\t\t\t\t<div id=\"elementor-tab-title-4842\" class=\"elementor-tab-title\" data-tab=\"2\" role=\"button\" aria-controls=\"elementor-tab-content-4842\" aria-expanded=\"false\">\n\t\t\t\t\t\t\t\t\t\t\t\t\t<span class=\"elementor-accordion-icon elementor-accordion-icon-left\" aria-hidden=\"true\">\n\t\t\t\t\t\t\t\t\t\t\t\t\t\t\t<span class=\"elementor-accordion-icon-closed\"><i class=\"fas fa-plus\"><\/i><\/span>\n\t\t\t\t\t\t\t\t<span class=\"elementor-accordion-icon-opened\"><i class=\"fas fa-minus\"><\/i><\/span>\n\t\t\t\t\t\t\t\t\t\t\t\t\t\t<\/span>\n\t\t\t\t\t\t\t\t\t\t\t\t<a class=\"elementor-accordion-title\" tabindex=\"0\">  \u00bfCu\u00e1l es el papel de un Director General en una compa\u00f1\u00eda a\u00e9rea?<\/a>\n\t\t\t\t\t<\/div>\n\t\t\t\t\t<div id=\"elementor-tab-content-4842\" class=\"elementor-tab-content elementor-clearfix\" data-tab=\"2\" role=\"region\" aria-labelledby=\"elementor-tab-title-4842\"><p><span style=\"font-weight: 400;\">El Director General ocupa un <\/span><b>cargo ejecutivo<\/b><span style=\"font-weight: 400;\">  dentro de la estructura de gobierno. Trabaja en estrecha coordinaci\u00f3n con el Comit\u00e9 Ejecutivo y participa directamente en las decisiones estrat\u00e9gicas, operativas y organizativas de la empresa. <\/span><span style=\"font-weight: 400;\"><br \/><\/span><\/p>\n<ul>\n<li style=\"font-weight: 400;\" aria-level=\"1\"><span style=\"font-weight: 400;\">&#8211; supervisi\u00f3n de la organizaci\u00f3n interna,<\/span><\/li>\n<li style=\"font-weight: 400;\" aria-level=\"1\"><span style=\"font-weight: 400;\">&#8211; gestionar el cambio estructural,<\/span><\/li>\n<li style=\"font-weight: 400;\" aria-level=\"1\"><span style=\"font-weight: 400;\">&#8211; di\u00e1logo social con los equipos,<\/span><\/li>\n<li style=\"font-weight: 400;\" aria-level=\"1\"><span style=\"font-weight: 400;\">&#8211; la coherencia entre la estrategia empresarial, las limitaciones operativas y la calidad del servicio.<\/span><\/li>\n<\/ul>\n<\/div>\n\t\t\t\t<\/div>\n\t\t\t\t\t\t\t<div class=\"elementor-accordion-item\">\n\t\t\t\t\t<div id=\"elementor-tab-title-4843\" class=\"elementor-tab-title\" data-tab=\"3\" role=\"button\" aria-controls=\"elementor-tab-content-4843\" aria-expanded=\"false\">\n\t\t\t\t\t\t\t\t\t\t\t\t\t<span class=\"elementor-accordion-icon elementor-accordion-icon-left\" aria-hidden=\"true\">\n\t\t\t\t\t\t\t\t\t\t\t\t\t\t\t<span class=\"elementor-accordion-icon-closed\"><i class=\"fas fa-plus\"><\/i><\/span>\n\t\t\t\t\t\t\t\t<span class=\"elementor-accordion-icon-opened\"><i class=\"fas fa-minus\"><\/i><\/span>\n\t\t\t\t\t\t\t\t\t\t\t\t\t\t<\/span>\n\t\t\t\t\t\t\t\t\t\t\t\t<a class=\"elementor-accordion-title\" tabindex=\"0\">\u00bfPor qu\u00e9 Air Cara\u00efbes es estrat\u00e9gica para las Antillas Francesas y la Guayana Francesa?<\/a>\n\t\t\t\t\t<\/div>\n\t\t\t\t\t<div id=\"elementor-tab-content-4843\" class=\"elementor-tab-content elementor-clearfix\" data-tab=\"3\" role=\"region\" aria-labelledby=\"elementor-tab-title-4843\"><p><span style=\"font-weight: 400;\">Air Cara\u00efbes desempe\u00f1a un papel central en <\/span><b>conectividad a\u00e9rea<\/b><span style=\"font-weight: 400;\">  en las Antillas Francesas y la Guayana Francesa. La empresa proporciona tanto : <\/span><\/p>\n<ul>\n<li style=\"font-weight: 400;\" aria-level=\"1\"><span style=\"font-weight: 400;\">&#8211; v\u00ednculos transatl\u00e1nticos esenciales con Francia,<\/span><\/li>\n<li style=\"font-weight: 400;\" aria-level=\"1\"><span style=\"font-weight: 400;\">&#8211; una red regional que proporcione un marco para la movilidad intracaribe\u00f1a.<\/span><\/li>\n<\/ul>\n<\/div>\n\t\t\t\t<\/div>\n\t\t\t\t\t\t\t\t<\/div>\n\t\t\t\t\t\t<\/div>\n\t\t\t\t<\/div>\n\t\t\t\t\t<\/div>\n\t\t<\/div>\n\t\t\t\t\t<\/div>\n\t\t<\/section>\n\t\t\t\t\t<\/div>\n\t\t<\/div>\n\t\t\t\t\t<\/div>\n\t\t<\/section>\n\t\t\t\t<\/div>\n\t\t","protected":false},"excerpt":{"rendered":"<p>Nombrada Directora General Adjunta en enero de 2026, Karen Virapin se convierte en la primera mujer de los territorios franceses de ultramar que alcanza este nivel de direcci\u00f3n enAir Cara\u00efbes. Un acontecimiento importante para la compa\u00f1\u00eda, pero tambi\u00e9n una se\u00f1al fuerte para el sector del transporte a\u00e9reo caribe\u00f1o. M\u00e1s all\u00e1 del simbolismo, este nombramiento plantea [&hellip;]<\/p>\n","protected":false},"author":662,"featured_media":68484,"comment_status":"open","ping_status":"open","sticky":false,"template":"","format":"standard","meta":{"_acf_changed":false,"footnotes":""},"categories":[1767],"tags":[1547,1549,810,816,1481,1615,1776],"class_list":["post-68498","post","type-post","status-publish","format-standard","has-post-thumbnail","hentry","category-aire","tag-guadalupe","tag-guayana-francesa","tag-haiti-es-2","tag-martinique-es","tag-republica-dominicana","tag-saint-martin-es","tag-san-bartolome-es"],"acf":[],"_links":{"self":[{"href":"https:\/\/richeskarayib.com\/es\/wp-json\/wp\/v2\/posts\/68498","targetHints":{"allow":["GET"]}}],"collection":[{"href":"https:\/\/richeskarayib.com\/es\/wp-json\/wp\/v2\/posts"}],"about":[{"href":"https:\/\/richeskarayib.com\/es\/wp-json\/wp\/v2\/types\/post"}],"author":[{"embeddable":true,"href":"https:\/\/richeskarayib.com\/es\/wp-json\/wp\/v2\/users\/662"}],"replies":[{"embeddable":true,"href":"https:\/\/richeskarayib.com\/es\/wp-json\/wp\/v2\/comments?post=68498"}],"version-history":[{"count":0,"href":"https:\/\/richeskarayib.com\/es\/wp-json\/wp\/v2\/posts\/68498\/revisions"}],"wp:featuredmedia":[{"embeddable":true,"href":"https:\/\/richeskarayib.com\/es\/wp-json\/wp\/v2\/media\/68484"}],"wp:attachment":[{"href":"https:\/\/richeskarayib.com\/es\/wp-json\/wp\/v2\/media?parent=68498"}],"wp:term":[{"taxonomy":"category","embeddable":true,"href":"https:\/\/richeskarayib.com\/es\/wp-json\/wp\/v2\/categories?post=68498"},{"taxonomy":"post_tag","embeddable":true,"href":"https:\/\/richeskarayib.com\/es\/wp-json\/wp\/v2\/tags?post=68498"}],"curies":[{"name":"wp","href":"https:\/\/api.w.org\/{rel}","templated":true}]}}