{"id":68603,"date":"2026-01-21T10:33:56","date_gmt":"2026-01-21T14:33:56","guid":{"rendered":"https:\/\/richeskarayib.com\/barbados-21-de-enero-por-que-barbados-honra-en-esta-fecha-a-errol-barrow-padre-de-la-independencia\/"},"modified":"2026-01-21T10:33:57","modified_gmt":"2026-01-21T14:33:57","slug":"barbados-21-de-enero-por-que-barbados-honra-en-esta-fecha-a-errol-barrow-padre-de-la-independencia","status":"publish","type":"post","link":"https:\/\/richeskarayib.com\/es\/barbados-21-de-enero-por-que-barbados-honra-en-esta-fecha-a-errol-barrow-padre-de-la-independencia\/","title":{"rendered":"Barbados &#8211; 21 de enero: \u00bfpor qu\u00e9 Barbados honra en esta fecha a Errol Barrow, Padre de la Independencia?"},"content":{"rendered":"\t\t<div data-elementor-type=\"wp-post\" data-elementor-id=\"68603\" class=\"elementor elementor-68603 elementor-68581\" data-elementor-post-type=\"post\">\n\t\t\t\t\t\t<section class=\"elementor-section elementor-top-section elementor-element elementor-element-7ca7ca1 elementor-section-boxed elementor-section-height-default elementor-section-height-default\" data-id=\"7ca7ca1\" data-element_type=\"section\">\n\t\t\t\t\t\t<div class=\"elementor-container elementor-column-gap-default\">\n\t\t\t\t\t<div class=\"elementor-column elementor-col-100 elementor-top-column elementor-element elementor-element-cbdd002\" data-id=\"cbdd002\" data-element_type=\"column\">\n\t\t\t<div class=\"elementor-widget-wrap elementor-element-populated\">\n\t\t\t\t\t\t<section class=\"elementor-section elementor-inner-section elementor-element elementor-element-bc94849 elementor-section-boxed elementor-section-height-default elementor-section-height-default\" data-id=\"bc94849\" data-element_type=\"section\">\n\t\t\t\t\t\t<div class=\"elementor-container elementor-column-gap-default\">\n\t\t\t\t\t\t<\/div>\n\t\t<\/section>\n\t\t\t\t<section class=\"elementor-section elementor-inner-section elementor-element elementor-element-61571e6 elementor-section-boxed elementor-section-height-default elementor-section-height-default\" data-id=\"61571e6\" data-element_type=\"section\">\n\t\t\t\t\t\t<div class=\"elementor-container elementor-column-gap-default\">\n\t\t\t\t\t\t<\/div>\n\t\t<\/section>\n\t\t\t\t<section class=\"elementor-section elementor-inner-section elementor-element elementor-element-b6262e0 elementor-section-boxed elementor-section-height-default elementor-section-height-default\" data-id=\"b6262e0\" data-element_type=\"section\">\n\t\t\t\t\t\t<div class=\"elementor-container elementor-column-gap-default\">\n\t\t\t\t\t\t<\/div>\n\t\t<\/section>\n\t\t\t\t<section class=\"elementor-section elementor-inner-section elementor-element elementor-element-cca29fd elementor-section-boxed elementor-section-height-default elementor-section-height-default\" data-id=\"cca29fd\" data-element_type=\"section\">\n\t\t\t\t\t\t<div class=\"elementor-container elementor-column-gap-default\">\n\t\t\t\t\t\t<\/div>\n\t\t<\/section>\n\t\t\t\t\t<\/div>\n\t\t<\/div>\n\t\t\t\t\t<\/div>\n\t\t<\/section>\n\t\t\t\t<section class=\"elementor-section elementor-top-section elementor-element elementor-element-a6d4222 elementor-section-boxed elementor-section-height-default elementor-section-height-default\" data-id=\"a6d4222\" data-element_type=\"section\">\n\t\t\t\t\t\t<div class=\"elementor-container elementor-column-gap-default\">\n\t\t\t\t\t<div class=\"elementor-column elementor-col-100 elementor-top-column elementor-element elementor-element-ea27f09\" data-id=\"ea27f09\" data-element_type=\"column\">\n\t\t\t<div class=\"elementor-widget-wrap elementor-element-populated\">\n\t\t\t\t\t\t<section class=\"elementor-section elementor-inner-section elementor-element elementor-element-25c3156 elementor-section-boxed elementor-section-height-default elementor-section-height-default\" data-id=\"25c3156\" data-element_type=\"section\">\n\t\t\t\t\t\t<div class=\"elementor-container elementor-column-gap-default\">\n\t\t\t\t\t<div class=\"elementor-column elementor-col-100 elementor-inner-column elementor-element elementor-element-aac779c\" data-id=\"aac779c\" data-element_type=\"column\">\n\t\t\t<div class=\"elementor-widget-wrap elementor-element-populated\">\n\t\t\t\t\t\t<div class=\"elementor-element elementor-element-612550d elementor-widget elementor-widget-text-editor\" data-id=\"612550d\" data-element_type=\"widget\" data-widget_type=\"text-editor.default\">\n\t\t\t\t<div class=\"elementor-widget-container\">\n\t\t\t\t\t\t\t\t\t<p><span style=\"font-weight: 400;\">Cada <\/span><b>21 de enero<\/b><span style=\"font-weight: 400;\">Barbados se toma un descanso. Este d\u00eda festivo no es en absoluto anecd\u00f3tico. Es un recordatorio del papel central desempe\u00f1ado por un hombre en la construcci\u00f3n pol\u00edtica del pa\u00eds y en la afirmaci\u00f3n de una soberan\u00eda pensada a largo plazo. Ese hombre es     <\/span><a href=\"https:\/\/en.wikipedia.org\/wiki\/Errol_Barrow\" target=\"_blank\" rel=\"noopener nofollow\"><b>Errol Barrow<\/b><\/a><span style=\"font-weight: 400;\">reconocido como el Padre de la Independencia.<\/span><\/p>\t\t\t\t\t\t\t\t<\/div>\n\t\t\t\t<\/div>\n\t\t\t\t\t<\/div>\n\t\t<\/div>\n\t\t\t\t\t<\/div>\n\t\t<\/section>\n\t\t\t\t\t<\/div>\n\t\t<\/div>\n\t\t\t\t\t<\/div>\n\t\t<\/section>\n\t\t\t\t<section class=\"elementor-section elementor-top-section elementor-element elementor-element-e1fea79 elementor-section-boxed elementor-section-height-default elementor-section-height-default\" data-id=\"e1fea79\" data-element_type=\"section\">\n\t\t\t\t\t\t<div class=\"elementor-container elementor-column-gap-default\">\n\t\t\t\t\t<div class=\"elementor-column elementor-col-100 elementor-top-column elementor-element elementor-element-6d0be76\" data-id=\"6d0be76\" data-element_type=\"column\">\n\t\t\t<div class=\"elementor-widget-wrap elementor-element-populated\">\n\t\t\t\t\t\t<div class=\"elementor-element elementor-element-a310b25 elementor-widget elementor-widget-heading\" data-id=\"a310b25\" data-element_type=\"widget\" data-widget_type=\"heading.default\">\n\t\t\t\t<div class=\"elementor-widget-container\">\n\t\t\t\t\t<h2 class=\"elementor-heading-title elementor-size-default\">Una fecha que configura la memoria nacional<\/h2>\t\t\t\t<\/div>\n\t\t\t\t<\/div>\n\t\t\t\t<div class=\"elementor-element elementor-element-bbb62ae elementor-widget elementor-widget-text-editor\" data-id=\"bbb62ae\" data-element_type=\"widget\" data-widget_type=\"text-editor.default\">\n\t\t\t\t<div class=\"elementor-widget-container\">\n\t\t\t\t\t\t\t\t\t<p><span style=\"font-weight: 400;\">El 21 de enero es el cumplea\u00f1os de Errol Barrow, nacido en 1920. Convertir este d\u00eda en festivo no es un gesto puramente simb\u00f3lico. Es un recordatorio de que la independencia de Barbados no fue s\u00f3lo un acto oficial en 1966, sino un camino pol\u00edtico construido con m\u00e9todo, constancia y claridad. Con esta conmemoraci\u00f3n, el Estado barbadense subraya una idea sencilla: la independencia es un proyecto colectivo que se desarrolla a lo largo del tiempo y se basa en opciones pol\u00edticas precisas.   <\/span><\/p>\t\t\t\t\t\t\t\t<\/div>\n\t\t\t\t<\/div>\n\t\t\t\t<section class=\"elementor-section elementor-inner-section elementor-element elementor-element-93fce7c elementor-section-boxed elementor-section-height-default elementor-section-height-default\" data-id=\"93fce7c\" data-element_type=\"section\">\n\t\t\t\t\t\t<div class=\"elementor-container elementor-column-gap-default\">\n\t\t\t\t\t<div class=\"elementor-column elementor-col-100 elementor-inner-column elementor-element elementor-element-a0ce0a0\" data-id=\"a0ce0a0\" data-element_type=\"column\">\n\t\t\t<div class=\"elementor-widget-wrap elementor-element-populated\">\n\t\t\t\t\t\t<div class=\"elementor-element elementor-element-8775aeb elementor-widget elementor-widget-image\" data-id=\"8775aeb\" data-element_type=\"widget\" data-widget_type=\"image.default\">\n\t\t\t\t<div class=\"elementor-widget-container\">\n\t\t\t\t\t\t\t\t\t\t\t\t\t\t\t<img fetchpriority=\"high\" decoding=\"async\" width=\"800\" height=\"531\" src=\"https:\/\/richeskarayib.com\/wp-content\/uploads\/2026\/01\/Capture-decran-2026-01-21-a-17.38.52-1024x680.png\" class=\"attachment-large size-large wp-image-68589\" alt=\"Errol Barrow\" srcset=\"https:\/\/richeskarayib.com\/wp-content\/uploads\/2026\/01\/Capture-decran-2026-01-21-a-17.38.52-1024x680.png 1024w, https:\/\/richeskarayib.com\/wp-content\/uploads\/2026\/01\/Capture-decran-2026-01-21-a-17.38.52-300x199.png 300w, https:\/\/richeskarayib.com\/wp-content\/uploads\/2026\/01\/Capture-decran-2026-01-21-a-17.38.52-768x510.png 768w, https:\/\/richeskarayib.com\/wp-content\/uploads\/2026\/01\/Capture-decran-2026-01-21-a-17.38.52.png 1230w\" sizes=\"(max-width: 800px) 100vw, 800px\" \/>\t\t\t\t\t\t\t\t\t\t\t\t\t\t\t<\/div>\n\t\t\t\t<\/div>\n\t\t\t\t\t<\/div>\n\t\t<\/div>\n\t\t\t\t\t<\/div>\n\t\t<\/section>\n\t\t\t\t\t<\/div>\n\t\t<\/div>\n\t\t\t\t\t<\/div>\n\t\t<\/section>\n\t\t\t\t<section class=\"elementor-section elementor-top-section elementor-element elementor-element-ee72354 elementor-section-boxed elementor-section-height-default elementor-section-height-default\" data-id=\"ee72354\" data-element_type=\"section\">\n\t\t\t\t\t\t<div class=\"elementor-container elementor-column-gap-default\">\n\t\t\t\t\t<div class=\"elementor-column elementor-col-100 elementor-top-column elementor-element elementor-element-c59d6fe\" data-id=\"c59d6fe\" data-element_type=\"column\">\n\t\t\t<div class=\"elementor-widget-wrap elementor-element-populated\">\n\t\t\t\t\t\t<div class=\"elementor-element elementor-element-ddc6a1e elementor-widget elementor-widget-heading\" data-id=\"ddc6a1e\" data-element_type=\"widget\" data-widget_type=\"heading.default\">\n\t\t\t\t<div class=\"elementor-widget-container\">\n\t\t\t\t\t<h2 class=\"elementor-heading-title elementor-size-default\">Errol Barrow, una trayectoria pol\u00edtica construida<\/h2>\t\t\t\t<\/div>\n\t\t\t\t<\/div>\n\t\t\t\t<div class=\"elementor-element elementor-element-e57451f elementor-widget elementor-widget-text-editor\" data-id=\"e57451f\" data-element_type=\"widget\" data-widget_type=\"text-editor.default\">\n\t\t\t\t<div class=\"elementor-widget-container\">\n\t\t\t\t\t\t\t\t\t<p><span style=\"font-weight: 400;\">Pertenece a una generaci\u00f3n de l\u00edderes caribe\u00f1os formados en un contexto colonial, pero decididos a liberarse intelectualmente de \u00e9l. Su formaci\u00f3n en el Reino Unido le proporcion\u00f3 un conocimiento detallado del funcionamiento de las instituciones brit\u00e1nicas. Este conocimiento no le alej\u00f3 de su tierra natal; al contrario, le permiti\u00f3 anticipar las condiciones de una verdadera transferencia de poder.  <\/span><\/p><p><span style=\"font-weight: 400;\">Cuando se implic\u00f3 de lleno en la pol\u00edtica, la sociedad barbadense segu\u00eda marcada por grandes desigualdades sociales y una concentraci\u00f3n de poder econ\u00f3mico. R\u00e1pidamente identific\u00f3 el principal reto: la independencia pol\u00edtica no pod\u00eda ser cre\u00edble sin una transformaci\u00f3n social. <\/span><\/p>\t\t\t\t\t\t\t\t<\/div>\n\t\t\t\t<\/div>\n\t\t\t\t<div class=\"elementor-element elementor-element-ddab01d elementor-widget elementor-widget-image\" data-id=\"ddab01d\" data-element_type=\"widget\" data-widget_type=\"image.default\">\n\t\t\t\t<div class=\"elementor-widget-container\">\n\t\t\t\t\t\t\t\t\t\t\t\t<figure class=\"wp-caption\">\n\t\t\t\t\t\t\t\t\t\t<img decoding=\"async\" width=\"800\" height=\"1010\" src=\"https:\/\/richeskarayib.com\/wp-content\/uploads\/2026\/01\/\u00a9BajanThings-811x1024.jpg\" class=\"attachment-large size-large wp-image-68593\" alt=\"Errol Barrow\" srcset=\"https:\/\/richeskarayib.com\/wp-content\/uploads\/2026\/01\/\u00a9BajanThings-811x1024.jpg 811w, https:\/\/richeskarayib.com\/wp-content\/uploads\/2026\/01\/\u00a9BajanThings-237x300.jpg 237w, https:\/\/richeskarayib.com\/wp-content\/uploads\/2026\/01\/\u00a9BajanThings-768x970.jpg 768w, https:\/\/richeskarayib.com\/wp-content\/uploads\/2026\/01\/\u00a9BajanThings.jpg 1200w\" sizes=\"(max-width: 800px) 100vw, 800px\" \/>\t\t\t\t\t\t\t\t\t\t\t<figcaption class=\"widget-image-caption wp-caption-text\">\u00a9BajanThings<\/figcaption>\n\t\t\t\t\t\t\t\t\t\t<\/figure>\n\t\t\t\t\t\t\t\t\t<\/div>\n\t\t\t\t<\/div>\n\t\t\t\t\t<\/div>\n\t\t<\/div>\n\t\t\t\t\t<\/div>\n\t\t<\/section>\n\t\t\t\t<section class=\"elementor-section elementor-top-section elementor-element elementor-element-82cd8f9 elementor-section-boxed elementor-section-height-default elementor-section-height-default\" data-id=\"82cd8f9\" data-element_type=\"section\">\n\t\t\t\t\t\t<div class=\"elementor-container elementor-column-gap-default\">\n\t\t\t\t\t<div class=\"elementor-column elementor-col-100 elementor-top-column elementor-element elementor-element-0bfdc38\" data-id=\"0bfdc38\" data-element_type=\"column\">\n\t\t\t<div class=\"elementor-widget-wrap elementor-element-populated\">\n\t\t\t\t\t\t<div class=\"elementor-element elementor-element-7d292fe elementor-widget elementor-widget-heading\" data-id=\"7d292fe\" data-element_type=\"widget\" data-widget_type=\"heading.default\">\n\t\t\t\t<div class=\"elementor-widget-container\">\n\t\t\t\t\t<h2 class=\"elementor-heading-title elementor-size-default\">Llevar a Barbados a la independencia<\/h2>\t\t\t\t<\/div>\n\t\t\t\t<\/div>\n\t\t\t\t<div class=\"elementor-element elementor-element-8e337bf elementor-widget elementor-widget-text-editor\" data-id=\"8e337bf\" data-element_type=\"widget\" data-widget_type=\"text-editor.default\">\n\t\t\t\t<div class=\"elementor-widget-container\">\n\t\t\t\t\t\t\t\t\t<p><span style=\"font-weight: 400;\">La independencia de <a href=\"https:\/\/richeskarayib.com\/es\/barbados-mia-mottley-en-forbes-2025-cuando-el-caribe-entre-en-el-corazon-del-poder-mundial\/\" target=\"_blank\" rel=\"noopener\">Barbados<\/a>, proclamada en 1966, fue el resultado de un proceso pol\u00edtico estructurado. Errol Barrow se bas\u00f3 en las instituciones existentes al tiempo que afirmaba una nueva autoridad nacional. Su objetivo era claro: permitir que el pa\u00eds se gobernara a s\u00ed mismo, sin ruptura institucional, pero con verdadera autonom\u00eda.  <\/span><\/p><p><span style=\"font-weight: 400;\">Este planteamiento ha permitido a Barbados mantener una estabilidad pol\u00edtica duradera, al tiempo que afirmaba su lugar en la escena internacional. La independencia no se considera un fin, sino un punto de partida. <\/span><\/p>\t\t\t\t\t\t\t\t<\/div>\n\t\t\t\t<\/div>\n\t\t\t\t<section class=\"elementor-section elementor-inner-section elementor-element elementor-element-c582330 elementor-section-boxed elementor-section-height-default elementor-section-height-default\" data-id=\"c582330\" data-element_type=\"section\">\n\t\t\t\t\t\t<div class=\"elementor-container elementor-column-gap-default\">\n\t\t\t\t\t\t<\/div>\n\t\t<\/section>\n\t\t\t\t<section class=\"elementor-section elementor-inner-section elementor-element elementor-element-296603a elementor-section-boxed elementor-section-height-default elementor-section-height-default\" data-id=\"296603a\" data-element_type=\"section\">\n\t\t\t\t\t\t<div class=\"elementor-container elementor-column-gap-default\">\n\t\t\t\t\t\t<\/div>\n\t\t<\/section>\n\t\t\t\t\t<\/div>\n\t\t<\/div>\n\t\t\t\t\t<\/div>\n\t\t<\/section>\n\t\t\t\t<section class=\"elementor-section elementor-top-section elementor-element elementor-element-5a7397d elementor-section-boxed elementor-section-height-default elementor-section-height-default\" data-id=\"5a7397d\" data-element_type=\"section\">\n\t\t\t\t\t\t<div class=\"elementor-container elementor-column-gap-default\">\n\t\t\t\t\t<div class=\"elementor-column elementor-col-100 elementor-top-column elementor-element elementor-element-8b33b4b\" data-id=\"8b33b4b\" data-element_type=\"column\">\n\t\t\t<div class=\"elementor-widget-wrap elementor-element-populated\">\n\t\t\t\t\t\t<div class=\"elementor-element elementor-element-89dac4b elementor-widget elementor-widget-heading\" data-id=\"89dac4b\" data-element_type=\"widget\" data-widget_type=\"heading.default\">\n\t\t\t\t<div class=\"elementor-widget-container\">\n\t\t\t\t\t<h2 class=\"elementor-heading-title elementor-size-default\">Independencia pensando en la empresa<\/h2>\t\t\t\t<\/div>\n\t\t\t\t<\/div>\n\t\t\t\t<section class=\"elementor-section elementor-inner-section elementor-element elementor-element-95aa690 elementor-section-boxed elementor-section-height-default elementor-section-height-default\" data-id=\"95aa690\" data-element_type=\"section\">\n\t\t\t\t\t\t<div class=\"elementor-container elementor-column-gap-default\">\n\t\t\t\t\t<div class=\"elementor-column elementor-col-100 elementor-inner-column elementor-element elementor-element-ae7c4fc\" data-id=\"ae7c4fc\" data-element_type=\"column\">\n\t\t\t<div class=\"elementor-widget-wrap elementor-element-populated\">\n\t\t\t\t\t\t<div class=\"elementor-element elementor-element-819dd2d elementor-widget elementor-widget-text-editor\" data-id=\"819dd2d\" data-element_type=\"widget\" data-widget_type=\"text-editor.default\">\n\t\t\t\t<div class=\"elementor-widget-container\">\n\t\t\t\t\t\t\t\t\t<p><span style=\"font-weight: 400;\">Errol Barrow vio en el Estado una palanca para el progreso social. Bajo su liderazgo, la educaci\u00f3n se convirti\u00f3 en una prioridad nacional. Ampliar el acceso a la educaci\u00f3n ten\u00eda como objetivo formar a una poblaci\u00f3n capaz de hacerse cargo del futuro del pa\u00eds. Las pol\u00edticas de sanidad, vivienda y protecci\u00f3n social siguieron la misma l\u00f3gica. En su opini\u00f3n, la independencia debe reflejarse en la vida cotidiana. Debe mejorar las condiciones de vida y reducir los desequilibrios heredados del periodo colonial.     <\/span><\/p>\t\t\t\t\t\t\t\t<\/div>\n\t\t\t\t<\/div>\n\t\t\t\t<div class=\"elementor-element elementor-element-aee1472 elementor-widget elementor-widget-image\" data-id=\"aee1472\" data-element_type=\"widget\" data-widget_type=\"image.default\">\n\t\t\t\t<div class=\"elementor-widget-container\">\n\t\t\t\t\t\t\t\t\t\t\t\t\t\t\t<img decoding=\"async\" width=\"558\" height=\"841\" src=\"https:\/\/richeskarayib.com\/wp-content\/uploads\/2026\/01\/Capture-decran-2026-01-21-a-17.39.15.png\" class=\"attachment-large size-large wp-image-68597\" alt=\"Errol Barrow\" srcset=\"https:\/\/richeskarayib.com\/wp-content\/uploads\/2026\/01\/Capture-decran-2026-01-21-a-17.39.15.png 558w, https:\/\/richeskarayib.com\/wp-content\/uploads\/2026\/01\/Capture-decran-2026-01-21-a-17.39.15-199x300.png 199w\" sizes=\"(max-width: 558px) 100vw, 558px\" \/>\t\t\t\t\t\t\t\t\t\t\t\t\t\t\t<\/div>\n\t\t\t\t<\/div>\n\t\t\t\t\t<\/div>\n\t\t<\/div>\n\t\t\t\t\t<\/div>\n\t\t<\/section>\n\t\t\t\t\t<\/div>\n\t\t<\/div>\n\t\t\t\t\t<\/div>\n\t\t<\/section>\n\t\t\t\t<section class=\"elementor-section elementor-top-section elementor-element elementor-element-2c060f5 elementor-section-boxed elementor-section-height-default elementor-section-height-default\" data-id=\"2c060f5\" data-element_type=\"section\">\n\t\t\t\t\t\t<div class=\"elementor-container elementor-column-gap-default\">\n\t\t\t\t\t<div class=\"elementor-column elementor-col-100 elementor-top-column elementor-element elementor-element-359f969\" data-id=\"359f969\" data-element_type=\"column\">\n\t\t\t<div class=\"elementor-widget-wrap elementor-element-populated\">\n\t\t\t\t\t\t<div class=\"elementor-element elementor-element-808b8b3 elementor-widget elementor-widget-heading\" data-id=\"808b8b3\" data-element_type=\"widget\" data-widget_type=\"heading.default\">\n\t\t\t\t<div class=\"elementor-widget-container\">\n\t\t\t\t\t<h2 class=\"elementor-heading-title elementor-size-default\">Una fuerte visi\u00f3n caribe\u00f1a<\/h2>\t\t\t\t<\/div>\n\t\t\t\t<\/div>\n\t\t\t\t<div class=\"elementor-element elementor-element-3c9cb71 elementor-widget elementor-widget-text-editor\" data-id=\"3c9cb71\" data-element_type=\"widget\" data-widget_type=\"text-editor.default\">\n\t\t\t\t<div class=\"elementor-widget-container\">\n\t\t\t\t\t\t\t\t\t<p><span style=\"font-weight: 400;\">Errol Barrow nunca limit\u00f3 su pensamiento a las fronteras de Barbados. Fue uno de los primeros defensores de una s\u00f3lida cooperaci\u00f3n regional, convencido de que los territorios caribe\u00f1os necesitaban unir sus voces si quer\u00edan influir en los grandes equilibrios mundiales. Este enfoque regional dio a sus acciones un alcance m\u00e1s amplio. Explica por qu\u00e9 su nombre sigue asociado a una concepci\u00f3n exigente del liderazgo caribe\u00f1o, basada en la responsabilidad, la cooperaci\u00f3n y la lucidez pol\u00edtica.   <\/span><\/p>\t\t\t\t\t\t\t\t<\/div>\n\t\t\t\t<\/div>\n\t\t\t\t\t<\/div>\n\t\t<\/div>\n\t\t\t\t\t<\/div>\n\t\t<\/section>\n\t\t\t\t<section class=\"elementor-section elementor-top-section elementor-element elementor-element-4ef9ba5 elementor-section-boxed elementor-section-height-default elementor-section-height-default\" data-id=\"4ef9ba5\" data-element_type=\"section\">\n\t\t\t\t\t\t<div class=\"elementor-container elementor-column-gap-default\">\n\t\t\t\t\t<div class=\"elementor-column elementor-col-100 elementor-top-column elementor-element elementor-element-2af15d8\" data-id=\"2af15d8\" data-element_type=\"column\">\n\t\t\t<div class=\"elementor-widget-wrap elementor-element-populated\">\n\t\t\t\t\t\t<div class=\"elementor-element elementor-element-39df54b elementor-widget elementor-widget-heading\" data-id=\"39df54b\" data-element_type=\"widget\" data-widget_type=\"heading.default\">\n\t\t\t\t<div class=\"elementor-widget-container\">\n\t\t\t\t\t<h2 class=\"elementor-heading-title elementor-size-default\">21 de enero hoy en Barbados<\/h2>\t\t\t\t<\/div>\n\t\t\t\t<\/div>\n\t\t\t\t<div class=\"elementor-element elementor-element-83c1bd2 elementor-widget elementor-widget-text-editor\" data-id=\"83c1bd2\" data-element_type=\"widget\" data-widget_type=\"text-editor.default\">\n\t\t\t\t<div class=\"elementor-widget-container\">\n\t\t\t\t\t\t\t\t\t<p><span style=\"font-weight: 400;\">Incluso hoy, el 21 de enero sigue siendo una fecha clave en la vida institucional de Barbados. Discursos oficiales, recordatorios hist\u00f3ricos e iniciativas educativas jalonan el d\u00eda. El objetivo no es congelar una figura pol\u00edtica en el pasado, sino transmitir una cultura pol\u00edtica basada en principios claros. Esta memoria activa desempe\u00f1a un papel importante en la continuidad democr\u00e1tica del pa\u00eds.   <\/span><\/p>\t\t\t\t\t\t\t\t<\/div>\n\t\t\t\t<\/div>\n\t\t\t\t\t<\/div>\n\t\t<\/div>\n\t\t\t\t\t<\/div>\n\t\t<\/section>\n\t\t\t\t<section class=\"elementor-section elementor-top-section elementor-element elementor-element-caf15fc elementor-section-boxed elementor-section-height-default elementor-section-height-default\" data-id=\"caf15fc\" data-element_type=\"section\">\n\t\t\t\t\t\t<div class=\"elementor-container elementor-column-gap-default\">\n\t\t\t\t\t<div class=\"elementor-column elementor-col-100 elementor-top-column elementor-element elementor-element-0bef350\" data-id=\"0bef350\" data-element_type=\"column\">\n\t\t\t<div class=\"elementor-widget-wrap elementor-element-populated\">\n\t\t\t\t\t\t<div class=\"elementor-element elementor-element-7872d17 elementor-widget elementor-widget-heading\" data-id=\"7872d17\" data-element_type=\"widget\" data-widget_type=\"heading.default\">\n\t\t\t\t<div class=\"elementor-widget-container\">\n\t\t\t\t\t<h2 class=\"elementor-heading-title elementor-size-default\">Un legado que a\u00fan puede verse<\/h2>\t\t\t\t<\/div>\n\t\t\t\t<\/div>\n\t\t\t\t<div class=\"elementor-element elementor-element-12cba2c elementor-widget elementor-widget-text-editor\" data-id=\"12cba2c\" data-element_type=\"widget\" data-widget_type=\"text-editor.default\">\n\t\t\t\t<div class=\"elementor-widget-container\">\n\t\t\t\t\t\t\t\t\t<p><span style=\"font-weight: 400;\">Muchas de las caracter\u00edsticas del Barbados contempor\u00e1neo se remontan a las decisiones tomadas bajo el mandato de Errol Barrow: estabilidad institucional, \u00e9nfasis en la educaci\u00f3n, credibilidad internacional y capacidad de negociaci\u00f3n. Su legado no puede medirse en discursos conmemorativos, sino en la permanencia de estas orientaciones. Su influencia sigue siendo perceptible en la forma en que Barbados aborda las cuestiones de soberan\u00eda, gobernanza e identidad nacional.  <\/span><\/p>\t\t\t\t\t\t\t\t<\/div>\n\t\t\t\t<\/div>\n\t\t\t\t<div class=\"elementor-element elementor-element-d866a18 elementor-widget elementor-widget-image\" data-id=\"d866a18\" data-element_type=\"widget\" data-widget_type=\"image.default\">\n\t\t\t\t<div class=\"elementor-widget-container\">\n\t\t\t\t\t\t\t\t\t\t\t\t\t\t\t<img loading=\"lazy\" decoding=\"async\" width=\"562\" height=\"839\" src=\"https:\/\/richeskarayib.com\/wp-content\/uploads\/2026\/01\/Capture-decran-2026-01-21-a-17.39.31.png\" class=\"attachment-large size-large wp-image-68601\" alt=\"Errol Barrow\" srcset=\"https:\/\/richeskarayib.com\/wp-content\/uploads\/2026\/01\/Capture-decran-2026-01-21-a-17.39.31.png 562w, https:\/\/richeskarayib.com\/wp-content\/uploads\/2026\/01\/Capture-decran-2026-01-21-a-17.39.31-201x300.png 201w\" sizes=\"(max-width: 562px) 100vw, 562px\" \/>\t\t\t\t\t\t\t\t\t\t\t\t\t\t\t<\/div>\n\t\t\t\t<\/div>\n\t\t\t\t\t<\/div>\n\t\t<\/div>\n\t\t\t\t\t<\/div>\n\t\t<\/section>\n\t\t\t\t<section class=\"elementor-section elementor-top-section elementor-element elementor-element-5f156d7 elementor-section-boxed elementor-section-height-default elementor-section-height-default\" data-id=\"5f156d7\" data-element_type=\"section\">\n\t\t\t\t\t\t<div class=\"elementor-container elementor-column-gap-default\">\n\t\t\t\t\t<div class=\"elementor-column elementor-col-100 elementor-top-column elementor-element elementor-element-af75f8d\" data-id=\"af75f8d\" data-element_type=\"column\">\n\t\t\t<div class=\"elementor-widget-wrap elementor-element-populated\">\n\t\t\t\t\t\t<div class=\"elementor-element elementor-element-8e5efef elementor-widget elementor-widget-heading\" data-id=\"8e5efef\" data-element_type=\"widget\" data-widget_type=\"heading.default\">\n\t\t\t\t<div class=\"elementor-widget-container\">\n\t\t\t\t\t<h2 class=\"elementor-heading-title elementor-size-default\">Honrar a Errol Barrow, cuestionar el presente\n<\/h2>\t\t\t\t<\/div>\n\t\t\t\t<\/div>\n\t\t\t\t<div class=\"elementor-element elementor-element-6f47ce9 elementor-widget elementor-widget-text-editor\" data-id=\"6f47ce9\" data-element_type=\"widget\" data-widget_type=\"text-editor.default\">\n\t\t\t\t<div class=\"elementor-widget-container\">\n\t\t\t\t\t\t\t\t\t<p><span style=\"font-weight: 400;\">El 21 de enero, Barbados no s\u00f3lo honra a una figura hist\u00f3rica. Es un recordatorio de la necesidad de un Estado responsable, construido sobre opciones claras y una visi\u00f3n a largo plazo. Al rendirle homenaje, el pa\u00eds est\u00e1 afirmando que la independencia nunca se consigue de una vez por todas. Es un mensaje que va m\u00e1s all\u00e1 de Barbados y sigue resonando en todo el Caribe.   <\/span><\/p>\t\t\t\t\t\t\t\t<\/div>\n\t\t\t\t<\/div>\n\t\t\t\t\t<\/div>\n\t\t<\/div>\n\t\t\t\t\t<\/div>\n\t\t<\/section>\n\t\t\t\t<section class=\"elementor-section elementor-top-section elementor-element elementor-element-22bf69f elementor-section-boxed elementor-section-height-default elementor-section-height-default\" data-id=\"22bf69f\" data-element_type=\"section\">\n\t\t\t\t\t\t<div class=\"elementor-container elementor-column-gap-default\">\n\t\t\t\t\t<div class=\"elementor-column elementor-col-100 elementor-top-column elementor-element elementor-element-8aedddd\" data-id=\"8aedddd\" data-element_type=\"column\">\n\t\t\t<div class=\"elementor-widget-wrap elementor-element-populated\">\n\t\t\t\t\t\t<section class=\"elementor-section elementor-inner-section elementor-element elementor-element-c8e3557 elementor-section-boxed elementor-section-height-default elementor-section-height-default\" data-id=\"c8e3557\" data-element_type=\"section\">\n\t\t\t\t\t\t<div class=\"elementor-container elementor-column-gap-default\">\n\t\t\t\t\t<div class=\"elementor-column elementor-col-100 elementor-inner-column elementor-element elementor-element-1222702\" data-id=\"1222702\" data-element_type=\"column\">\n\t\t\t<div class=\"elementor-widget-wrap elementor-element-populated\">\n\t\t\t\t\t\t<div class=\"elementor-element elementor-element-2e40abe elementor-widget elementor-widget-accordion\" data-id=\"2e40abe\" data-element_type=\"widget\" data-widget_type=\"accordion.default\">\n\t\t\t\t<div class=\"elementor-widget-container\">\n\t\t\t\t\t\t\t<div class=\"elementor-accordion\">\n\t\t\t\t\t\t\t<div class=\"elementor-accordion-item\">\n\t\t\t\t\t<div id=\"elementor-tab-title-4841\" class=\"elementor-tab-title\" data-tab=\"1\" role=\"button\" aria-controls=\"elementor-tab-content-4841\" aria-expanded=\"false\">\n\t\t\t\t\t\t\t\t\t\t\t\t\t<span class=\"elementor-accordion-icon elementor-accordion-icon-left\" aria-hidden=\"true\">\n\t\t\t\t\t\t\t\t\t\t\t\t\t\t\t<span class=\"elementor-accordion-icon-closed\"><i class=\"fas fa-plus\"><\/i><\/span>\n\t\t\t\t\t\t\t\t<span class=\"elementor-accordion-icon-opened\"><i class=\"fas fa-minus\"><\/i><\/span>\n\t\t\t\t\t\t\t\t\t\t\t\t\t\t<\/span>\n\t\t\t\t\t\t\t\t\t\t\t\t<a class=\"elementor-accordion-title\" tabindex=\"0\">\u00bfPor qu\u00e9 el 21 de enero es festivo en Barbados?<\/a>\n\t\t\t\t\t<\/div>\n\t\t\t\t\t<div id=\"elementor-tab-content-4841\" class=\"elementor-tab-content elementor-clearfix\" data-tab=\"1\" role=\"region\" aria-labelledby=\"elementor-tab-title-4841\"><p><span style=\"font-weight: 400;\">El 21 de enero es el cumplea\u00f1os de Errol Barrow. Barbados ha decidido convertirlo en fiesta nacional para conmemorar el papel central que desempe\u00f1\u00f3 en la independencia del pa\u00eds y en la construcci\u00f3n del Estado barbadense moderno. <\/span><\/p>\n<\/div>\n\t\t\t\t<\/div>\n\t\t\t\t\t\t\t<div class=\"elementor-accordion-item\">\n\t\t\t\t\t<div id=\"elementor-tab-title-4842\" class=\"elementor-tab-title\" data-tab=\"2\" role=\"button\" aria-controls=\"elementor-tab-content-4842\" aria-expanded=\"false\">\n\t\t\t\t\t\t\t\t\t\t\t\t\t<span class=\"elementor-accordion-icon elementor-accordion-icon-left\" aria-hidden=\"true\">\n\t\t\t\t\t\t\t\t\t\t\t\t\t\t\t<span class=\"elementor-accordion-icon-closed\"><i class=\"fas fa-plus\"><\/i><\/span>\n\t\t\t\t\t\t\t\t<span class=\"elementor-accordion-icon-opened\"><i class=\"fas fa-minus\"><\/i><\/span>\n\t\t\t\t\t\t\t\t\t\t\t\t\t\t<\/span>\n\t\t\t\t\t\t\t\t\t\t\t\t<a class=\"elementor-accordion-title\" tabindex=\"0\">\u00bfQui\u00e9n fue Errol Barrow a Barbados?<\/a>\n\t\t\t\t\t<\/div>\n\t\t\t\t\t<div id=\"elementor-tab-content-4842\" class=\"elementor-tab-content elementor-clearfix\" data-tab=\"2\" role=\"region\" aria-labelledby=\"elementor-tab-title-4842\"><p><span style=\"font-weight: 400;\">Errol Barrow fue el principal art\u00edfice de la independencia de Barbados, proclamada en 1966. Como primer ministro del pa\u00eds, sent\u00f3 las bases institucionales, sociales y educativas que a\u00fan hoy estructuran el gobierno de Barbados. <\/span><\/p>\n<\/div>\n\t\t\t\t<\/div>\n\t\t\t\t\t\t\t<div class=\"elementor-accordion-item\">\n\t\t\t\t\t<div id=\"elementor-tab-title-4843\" class=\"elementor-tab-title\" data-tab=\"3\" role=\"button\" aria-controls=\"elementor-tab-content-4843\" aria-expanded=\"false\">\n\t\t\t\t\t\t\t\t\t\t\t\t\t<span class=\"elementor-accordion-icon elementor-accordion-icon-left\" aria-hidden=\"true\">\n\t\t\t\t\t\t\t\t\t\t\t\t\t\t\t<span class=\"elementor-accordion-icon-closed\"><i class=\"fas fa-plus\"><\/i><\/span>\n\t\t\t\t\t\t\t\t<span class=\"elementor-accordion-icon-opened\"><i class=\"fas fa-minus\"><\/i><\/span>\n\t\t\t\t\t\t\t\t\t\t\t\t\t\t<\/span>\n\t\t\t\t\t\t\t\t\t\t\t\t<a class=\"elementor-accordion-title\" tabindex=\"0\">\u00bfPor qu\u00e9 se llama a Errol Barrow el Padre de la Independencia?<\/a>\n\t\t\t\t\t<\/div>\n\t\t\t\t\t<div id=\"elementor-tab-content-4843\" class=\"elementor-tab-content elementor-clearfix\" data-tab=\"3\" role=\"region\" aria-labelledby=\"elementor-tab-title-4843\"><p><span style=\"font-weight: 400;\">Errol Barrow es considerado el Padre de la Independencia por su papel decisivo en el proceso pol\u00edtico que llev\u00f3 a Barbados a la autonom\u00eda. Su labor no se limit\u00f3 a la independencia formal, sino que incluy\u00f3 reformas duraderas en educaci\u00f3n, justicia social y gobernanza. <\/span><\/p>\n<\/div>\n\t\t\t\t<\/div>\n\t\t\t\t\t\t\t\t<\/div>\n\t\t\t\t\t\t<\/div>\n\t\t\t\t<\/div>\n\t\t\t\t\t<\/div>\n\t\t<\/div>\n\t\t\t\t\t<\/div>\n\t\t<\/section>\n\t\t\t\t\t<\/div>\n\t\t<\/div>\n\t\t\t\t\t<\/div>\n\t\t<\/section>\n\t\t\t\t<\/div>\n\t\t","protected":false},"excerpt":{"rendered":"<p>Cada 21 de eneroBarbados se toma un descanso. Este d\u00eda festivo no es en absoluto anecd\u00f3tico. Es un recordatorio del papel central desempe\u00f1ado por un hombre en la construcci\u00f3n pol\u00edtica del pa\u00eds y en la afirmaci\u00f3n de una soberan\u00eda pensada a largo plazo. Ese hombre es Errol Barrowreconocido como el Padre de la Independencia. Una [&hellip;]<\/p>\n","protected":false},"author":662,"featured_media":68585,"comment_status":"open","ping_status":"open","sticky":false,"template":"","format":"standard","meta":{"_acf_changed":false,"footnotes":""},"categories":[1469],"tags":[1593],"class_list":["post-68603","post","type-post","status-publish","format-standard","has-post-thumbnail","hentry","category-historia-patrimonio","tag-barbade-es"],"acf":[],"_links":{"self":[{"href":"https:\/\/richeskarayib.com\/es\/wp-json\/wp\/v2\/posts\/68603","targetHints":{"allow":["GET"]}}],"collection":[{"href":"https:\/\/richeskarayib.com\/es\/wp-json\/wp\/v2\/posts"}],"about":[{"href":"https:\/\/richeskarayib.com\/es\/wp-json\/wp\/v2\/types\/post"}],"author":[{"embeddable":true,"href":"https:\/\/richeskarayib.com\/es\/wp-json\/wp\/v2\/users\/662"}],"replies":[{"embeddable":true,"href":"https:\/\/richeskarayib.com\/es\/wp-json\/wp\/v2\/comments?post=68603"}],"version-history":[{"count":0,"href":"https:\/\/richeskarayib.com\/es\/wp-json\/wp\/v2\/posts\/68603\/revisions"}],"wp:featuredmedia":[{"embeddable":true,"href":"https:\/\/richeskarayib.com\/es\/wp-json\/wp\/v2\/media\/68585"}],"wp:attachment":[{"href":"https:\/\/richeskarayib.com\/es\/wp-json\/wp\/v2\/media?parent=68603"}],"wp:term":[{"taxonomy":"category","embeddable":true,"href":"https:\/\/richeskarayib.com\/es\/wp-json\/wp\/v2\/categories?post=68603"},{"taxonomy":"post_tag","embeddable":true,"href":"https:\/\/richeskarayib.com\/es\/wp-json\/wp\/v2\/tags?post=68603"}],"curies":[{"name":"wp","href":"https:\/\/api.w.org\/{rel}","templated":true}]}}