{"id":68702,"date":"2026-01-26T10:45:03","date_gmt":"2026-01-26T14:45:03","guid":{"rendered":"https:\/\/richeskarayib.com\/granada-jab-jab-una-figura-fundadora-del-carnaval-de-granada-de-la-memoria-colectiva-a-los-hitos-de-2026\/"},"modified":"2026-01-26T10:45:05","modified_gmt":"2026-01-26T14:45:05","slug":"granada-jab-jab-una-figura-fundadora-del-carnaval-de-granada-de-la-memoria-colectiva-a-los-hitos-de-2026","status":"publish","type":"post","link":"https:\/\/richeskarayib.com\/es\/granada-jab-jab-una-figura-fundadora-del-carnaval-de-granada-de-la-memoria-colectiva-a-los-hitos-de-2026\/","title":{"rendered":"Granada &#8211; Jab Jab: una figura fundadora del Carnaval de Granada, de la memoria colectiva a los hitos de 2026"},"content":{"rendered":"\t\t<div data-elementor-type=\"wp-post\" data-elementor-id=\"68702\" class=\"elementor elementor-68702 elementor-68672\" data-elementor-post-type=\"post\">\n\t\t\t\t\t\t<section class=\"elementor-section elementor-top-section elementor-element elementor-element-7ca7ca1 elementor-section-boxed elementor-section-height-default elementor-section-height-default\" data-id=\"7ca7ca1\" data-element_type=\"section\">\n\t\t\t\t\t\t<div class=\"elementor-container elementor-column-gap-default\">\n\t\t\t\t\t<div class=\"elementor-column elementor-col-100 elementor-top-column elementor-element elementor-element-cbdd002\" data-id=\"cbdd002\" data-element_type=\"column\">\n\t\t\t<div class=\"elementor-widget-wrap elementor-element-populated\">\n\t\t\t\t\t\t<section class=\"elementor-section elementor-inner-section elementor-element elementor-element-bc94849 elementor-section-boxed elementor-section-height-default elementor-section-height-default\" data-id=\"bc94849\" data-element_type=\"section\">\n\t\t\t\t\t\t<div class=\"elementor-container elementor-column-gap-default\">\n\t\t\t\t\t\t<\/div>\n\t\t<\/section>\n\t\t\t\t<section class=\"elementor-section elementor-inner-section elementor-element elementor-element-61571e6 elementor-section-boxed elementor-section-height-default elementor-section-height-default\" data-id=\"61571e6\" data-element_type=\"section\">\n\t\t\t\t\t\t<div class=\"elementor-container elementor-column-gap-default\">\n\t\t\t\t\t\t<\/div>\n\t\t<\/section>\n\t\t\t\t<section class=\"elementor-section elementor-inner-section elementor-element elementor-element-b6262e0 elementor-section-boxed elementor-section-height-default elementor-section-height-default\" data-id=\"b6262e0\" data-element_type=\"section\">\n\t\t\t\t\t\t<div class=\"elementor-container elementor-column-gap-default\">\n\t\t\t\t\t\t<\/div>\n\t\t<\/section>\n\t\t\t\t<section class=\"elementor-section elementor-inner-section elementor-element elementor-element-cca29fd elementor-section-boxed elementor-section-height-default elementor-section-height-default\" data-id=\"cca29fd\" data-element_type=\"section\">\n\t\t\t\t\t\t<div class=\"elementor-container elementor-column-gap-default\">\n\t\t\t\t\t\t<\/div>\n\t\t<\/section>\n\t\t\t\t\t<\/div>\n\t\t<\/div>\n\t\t\t\t\t<\/div>\n\t\t<\/section>\n\t\t\t\t<section class=\"elementor-section elementor-top-section elementor-element elementor-element-a6d4222 elementor-section-boxed elementor-section-height-default elementor-section-height-default\" data-id=\"a6d4222\" data-element_type=\"section\">\n\t\t\t\t\t\t<div class=\"elementor-container elementor-column-gap-default\">\n\t\t\t\t\t<div class=\"elementor-column elementor-col-100 elementor-top-column elementor-element elementor-element-ea27f09\" data-id=\"ea27f09\" data-element_type=\"column\">\n\t\t\t<div class=\"elementor-widget-wrap elementor-element-populated\">\n\t\t\t\t\t\t<section class=\"elementor-section elementor-inner-section elementor-element elementor-element-25c3156 elementor-section-boxed elementor-section-height-default elementor-section-height-default\" data-id=\"25c3156\" data-element_type=\"section\">\n\t\t\t\t\t\t<div class=\"elementor-container elementor-column-gap-default\">\n\t\t\t\t\t<div class=\"elementor-column elementor-col-100 elementor-inner-column elementor-element elementor-element-aac779c\" data-id=\"aac779c\" data-element_type=\"column\">\n\t\t\t<div class=\"elementor-widget-wrap elementor-element-populated\">\n\t\t\t\t\t\t<div class=\"elementor-element elementor-element-612550d elementor-widget elementor-widget-text-editor\" data-id=\"612550d\" data-element_type=\"widget\" data-widget_type=\"text-editor.default\">\n\t\t\t\t<div class=\"elementor-widget-container\">\n\t\t\t\t\t\t\t\t\t<p><span style=\"font-weight: 400;\">En Granada, el carnaval se expresa ante todo a trav\u00e9s del cuerpo, el ritmo y la densidad de la calle. Cuando las siluetas se cubren de aceite negro, las cadenas tintinean en el asfalto y la multitud se mueve al un\u00edsono en la penumbra de la ma\u00f1ana,   <\/span><b>el Jab Jab<\/b><span style=\"font-weight: 400;\">  es una fuerza a tener en cuenta. M\u00e1s que un personaje de carnaval, es una presencia colectiva, una forma de expresi\u00f3n profundamente arraigada en la historia social y cultural de la isla. <\/span><\/p>\t\t\t\t\t\t\t\t<\/div>\n\t\t\t\t<\/div>\n\t\t\t\t<div class=\"elementor-element elementor-element-1aee50e elementor-widget elementor-widget-text-editor\" data-id=\"1aee50e\" data-element_type=\"widget\" data-widget_type=\"text-editor.default\">\n\t\t\t\t<div class=\"elementor-widget-container\">\n\t\t\t\t\t\t\t\t\t<p><span style=\"font-weight: 400;\">En 2026, esta figura emblem\u00e1tica recuperar\u00e1 su centralidad con dos grandes acontecimientos: <\/span><b>el Carnaval de Carriacou (Kayak Mas)<\/b><span style=\"font-weight: 400;\"> en febrero y <\/span><b>Spicemas<\/b><span style=\"font-weight: 400;\">El carnaval nacional de Granada, en agosto. Comprender a Jab Jab nos permite leer estos acontecimientos no como meras festividades, sino como momentos definitorios de la identidad granadina. <\/span><\/p>\t\t\t\t\t\t\t\t<\/div>\n\t\t\t\t<\/div>\n\t\t\t\t\t<\/div>\n\t\t<\/div>\n\t\t\t\t\t<\/div>\n\t\t<\/section>\n\t\t\t\t\t<\/div>\n\t\t<\/div>\n\t\t\t\t\t<\/div>\n\t\t<\/section>\n\t\t\t\t<section class=\"elementor-section elementor-top-section elementor-element elementor-element-e1fea79 elementor-section-boxed elementor-section-height-default elementor-section-height-default\" data-id=\"e1fea79\" data-element_type=\"section\">\n\t\t\t\t\t\t<div class=\"elementor-container elementor-column-gap-default\">\n\t\t\t\t\t<div class=\"elementor-column elementor-col-100 elementor-top-column elementor-element elementor-element-6d0be76\" data-id=\"6d0be76\" data-element_type=\"column\">\n\t\t\t<div class=\"elementor-widget-wrap elementor-element-populated\">\n\t\t\t\t\t\t<div class=\"elementor-element elementor-element-a310b25 elementor-widget elementor-widget-heading\" data-id=\"a310b25\" data-element_type=\"widget\" data-widget_type=\"heading.default\">\n\t\t\t\t<div class=\"elementor-widget-container\">\n\t\t\t\t\t<h2 class=\"elementor-heading-title elementor-size-default\">El Jab Jab: una construcci\u00f3n hist\u00f3rica y simb\u00f3lica<\/h2>\t\t\t\t<\/div>\n\t\t\t\t<\/div>\n\t\t\t\t<div class=\"elementor-element elementor-element-bbb62ae elementor-widget elementor-widget-text-editor\" data-id=\"bbb62ae\" data-element_type=\"widget\" data-widget_type=\"text-editor.default\">\n\t\t\t\t<div class=\"elementor-widget-container\">\n\t\t\t\t\t\t\t\t\t<p><span style=\"font-weight: 400;\">El t\u00e9rmino <\/span><b>Jab<\/b><span style=\"font-weight: 400;\">derivado de la palabra &#8220;diable&#8221; en criollo de influencia francesa, no debe interpretarse literalmente. En Granada, no se refiere a una figura religiosa. Forma parte de una historia colonial marcada por la estigmatizaci\u00f3n de los cuerpos negros, percibidos como amenazadores, revoltosos o subversivos.  <\/span><\/p>\t\t\t\t\t\t\t\t<\/div>\n\t\t\t\t<\/div>\n\t\t\t\t<div class=\"elementor-element elementor-element-b912a17 elementor-widget elementor-widget-text-editor\" data-id=\"b912a17\" data-element_type=\"widget\" data-widget_type=\"text-editor.default\">\n\t\t\t\t<div class=\"elementor-widget-container\">\n\t\t\t\t\t\t\t\t\t<p><span style=\"font-weight: 400;\">Su est\u00e9tica es una inversi\u00f3n. El negro, aplicado sobre la piel en forma de \u00f3leo o pintura, borra las distinciones sociales visibles. Los cuernos y las cadenas, lejos de ser decorativos, recuerdan una historia de dominaci\u00f3n, al tiempo que la subvierten. Lo que antes era un instrumento de coacci\u00f3n se convierte en un signo de afirmaci\u00f3n. El cuerpo, presentado sin artificios, vuelve a ser un espacio para el lenguaje.    <\/span><\/p>\t\t\t\t\t\t\t\t<\/div>\n\t\t\t\t<\/div>\n\t\t\t\t<div class=\"elementor-element elementor-element-2f56cfc elementor-widget elementor-widget-image\" data-id=\"2f56cfc\" data-element_type=\"widget\" data-widget_type=\"image.default\">\n\t\t\t\t<div class=\"elementor-widget-container\">\n\t\t\t\t\t\t\t\t\t\t\t\t\t\t\t<img fetchpriority=\"high\" decoding=\"async\" width=\"800\" height=\"527\" src=\"https:\/\/richeskarayib.com\/wp-content\/uploads\/2026\/01\/Capture-decran-2026-01-26-a-16.05.07-1024x675.png\" class=\"attachment-large size-large wp-image-68680\" alt=\"Jab jab\" srcset=\"https:\/\/richeskarayib.com\/wp-content\/uploads\/2026\/01\/Capture-decran-2026-01-26-a-16.05.07-1024x675.png 1024w, https:\/\/richeskarayib.com\/wp-content\/uploads\/2026\/01\/Capture-decran-2026-01-26-a-16.05.07-300x198.png 300w, https:\/\/richeskarayib.com\/wp-content\/uploads\/2026\/01\/Capture-decran-2026-01-26-a-16.05.07-768x507.png 768w, https:\/\/richeskarayib.com\/wp-content\/uploads\/2026\/01\/Capture-decran-2026-01-26-a-16.05.07.png 1225w\" sizes=\"(max-width: 800px) 100vw, 800px\" \/>\t\t\t\t\t\t\t\t\t\t\t\t\t\t\t<\/div>\n\t\t\t\t<\/div>\n\t\t\t\t\t<\/div>\n\t\t<\/div>\n\t\t\t\t\t<\/div>\n\t\t<\/section>\n\t\t\t\t<section class=\"elementor-section elementor-top-section elementor-element elementor-element-ee72354 elementor-section-boxed elementor-section-height-default elementor-section-height-default\" data-id=\"ee72354\" data-element_type=\"section\">\n\t\t\t\t\t\t<div class=\"elementor-container elementor-column-gap-default\">\n\t\t\t\t\t<div class=\"elementor-column elementor-col-100 elementor-top-column elementor-element elementor-element-c59d6fe\" data-id=\"c59d6fe\" data-element_type=\"column\">\n\t\t\t<div class=\"elementor-widget-wrap elementor-element-populated\">\n\t\t\t\t\t\t<div class=\"elementor-element elementor-element-ddc6a1e elementor-widget elementor-widget-heading\" data-id=\"ddc6a1e\" data-element_type=\"widget\" data-widget_type=\"heading.default\">\n\t\t\t\t<div class=\"elementor-widget-container\">\n\t\t\t\t\t<h2 class=\"elementor-heading-title elementor-size-default\">J'ouvert: el momento en que Jab Jab se encarna plenamente\nEn Granada, encuentra su s\n<\/h2>\t\t\t\t<\/div>\n\t\t\t\t<\/div>\n\t\t\t\t<div class=\"elementor-element elementor-element-e57451f elementor-widget elementor-widget-text-editor\" data-id=\"e57451f\" data-element_type=\"widget\" data-widget_type=\"text-editor.default\">\n\t\t\t\t<div class=\"elementor-widget-container\">\n\t\t\t\t\t\t\t\t\t<p><span style=\"font-weight: 400;\">En Granada, encontr\u00f3 su expresi\u00f3n m\u00e1s intensa en el <\/span><b>J&#8217;ouvert<\/b><span style=\"font-weight: 400;\">Es el momento inaugural del carnaval, que tiene lugar al amanecer. Esta elecci\u00f3n del momento no es insignificante. La transici\u00f3n de la noche al d\u00eda marca una ruptura, un umbral, un espacio donde las normas ordinarias se difuminan. El J&#8217;ouvert granadino se caracteriza por una densa progresi\u00f3n colectiva, marcada por la percusi\u00f3n, el canto y el movimiento continuo de la multitud. Aparece como una masa viva, inseparable de la calle y de quienes pasan por ella. No es un desfile organizado, sino una din\u00e1mica colectiva en la que la experiencia prima sobre la puesta en escena.     <\/span><\/p>\t\t\t\t\t\t\t\t<\/div>\n\t\t\t\t<\/div>\n\t\t\t\t<div class=\"elementor-element elementor-element-50a44c9 elementor-widget elementor-widget-text-editor\" data-id=\"50a44c9\" data-element_type=\"widget\" data-widget_type=\"text-editor.default\">\n\t\t\t\t<div class=\"elementor-widget-container\">\n\t\t\t\t\t\t\t\t\t<p><span style=\"font-weight: 400;\">Es en este momento cuando el carnaval de Granada afirma su singularidad caribe\u00f1a: una fiesta arraigada en la experiencia vivida, antes que en cualquier dimensi\u00f3n visual o espectacular.<\/span><\/p>\t\t\t\t\t\t\t\t<\/div>\n\t\t\t\t<\/div>\n\t\t\t\t<div class=\"elementor-element elementor-element-0420626 elementor-widget elementor-widget-image\" data-id=\"0420626\" data-element_type=\"widget\" data-widget_type=\"image.default\">\n\t\t\t\t<div class=\"elementor-widget-container\">\n\t\t\t\t\t\t\t\t\t\t\t\t\t\t\t<img decoding=\"async\" width=\"800\" height=\"445\" src=\"https:\/\/richeskarayib.com\/wp-content\/uploads\/2026\/01\/Capture-decran-2026-01-26-a-16.04.31-1024x570.png\" class=\"attachment-large size-large wp-image-68684\" alt=\"Jab jab\" srcset=\"https:\/\/richeskarayib.com\/wp-content\/uploads\/2026\/01\/Capture-decran-2026-01-26-a-16.04.31-1024x570.png 1024w, https:\/\/richeskarayib.com\/wp-content\/uploads\/2026\/01\/Capture-decran-2026-01-26-a-16.04.31-300x167.png 300w, https:\/\/richeskarayib.com\/wp-content\/uploads\/2026\/01\/Capture-decran-2026-01-26-a-16.04.31-768x428.png 768w, https:\/\/richeskarayib.com\/wp-content\/uploads\/2026\/01\/Capture-decran-2026-01-26-a-16.04.31-1320x735.png 1320w, https:\/\/richeskarayib.com\/wp-content\/uploads\/2026\/01\/Capture-decran-2026-01-26-a-16.04.31.png 1422w\" sizes=\"(max-width: 800px) 100vw, 800px\" \/>\t\t\t\t\t\t\t\t\t\t\t\t\t\t\t<\/div>\n\t\t\t\t<\/div>\n\t\t\t\t\t<\/div>\n\t\t<\/div>\n\t\t\t\t\t<\/div>\n\t\t<\/section>\n\t\t\t\t<section class=\"elementor-section elementor-top-section elementor-element elementor-element-82cd8f9 elementor-section-boxed elementor-section-height-default elementor-section-height-default\" data-id=\"82cd8f9\" data-element_type=\"section\">\n\t\t\t\t\t\t<div class=\"elementor-container elementor-column-gap-default\">\n\t\t\t\t\t<div class=\"elementor-column elementor-col-100 elementor-top-column elementor-element elementor-element-0bfdc38\" data-id=\"0bfdc38\" data-element_type=\"column\">\n\t\t\t<div class=\"elementor-widget-wrap elementor-element-populated\">\n\t\t\t\t\t\t<div class=\"elementor-element elementor-element-7d292fe elementor-widget elementor-widget-heading\" data-id=\"7d292fe\" data-element_type=\"widget\" data-widget_type=\"heading.default\">\n\t\t\t\t<div class=\"elementor-widget-container\">\n\t\t\t\t\t<h2 class=\"elementor-heading-title elementor-size-default\">Una lectura contempor\u00e1nea<\/h2>\t\t\t\t<\/div>\n\t\t\t\t<\/div>\n\t\t\t\t<div class=\"elementor-element elementor-element-8e337bf elementor-widget elementor-widget-text-editor\" data-id=\"8e337bf\" data-element_type=\"widget\" data-widget_type=\"text-editor.default\">\n\t\t\t\t<div class=\"elementor-widget-container\">\n\t\t\t\t\t\t\t\t\t<p><span style=\"font-weight: 400;\">Sigue hablando al presente. No est\u00e1 congelado ni folclorizado. Refleja una forma granadina de ver el carnaval como un espacio de continuidad hist\u00f3rica.  <\/span><\/p><p><span style=\"font-weight: 400;\">Tres dimensiones siguen estructurando hoy su alcance.<\/span><\/p>\t\t\t\t\t\t\t\t<\/div>\n\t\t\t\t<\/div>\n\t\t\t\t<div class=\"elementor-element elementor-element-2d1517d elementor-widget elementor-widget-text-editor\" data-id=\"2d1517d\" data-element_type=\"widget\" data-widget_type=\"text-editor.default\">\n\t\t\t\t<div class=\"elementor-widget-container\">\n\t\t\t\t\t\t\t\t\t<h3><b>Memoria colectiva.<\/b><\/h3><p><span style=\"font-weight: 400;\">Jab Jab retoma la herencia del pasado sin simplificarla. Las referencias al confinamiento, el constre\u00f1imiento y la resistencia son visibles, audibles y encarnadas. <\/span><\/p>\t\t\t\t\t\t\t\t<\/div>\n\t\t\t\t<\/div>\n\t\t\t\t<div class=\"elementor-element elementor-element-1cbcdee elementor-widget elementor-widget-text-editor\" data-id=\"1cbcdee\" data-element_type=\"widget\" data-widget_type=\"text-editor.default\">\n\t\t\t\t<div class=\"elementor-widget-container\">\n\t\t\t\t\t\t\t\t\t<h3><b>Ocupar el espacio p\u00fablico.<\/b><\/h3><p><span style=\"font-weight: 400;\">El cuerpo se convierte en una herramienta pol\u00edtica en sentido primario: ocupa la calle, transforma la ciudad y redefine temporalmente los usos del espacio urbano.<\/span><\/p>\t\t\t\t\t\t\t\t<\/div>\n\t\t\t\t<\/div>\n\t\t\t\t<div class=\"elementor-element elementor-element-f6b275f elementor-widget elementor-widget-text-editor\" data-id=\"f6b275f\" data-element_type=\"widget\" data-widget_type=\"text-editor.default\">\n\t\t\t\t<div class=\"elementor-widget-container\">\n\t\t\t\t\t\t\t\t\t<h3><b>La fuerza del colectivo.<\/b><\/h3><p><b><\/b><span style=\"font-weight: 400;\">En Jab Jab, el individuo pasa a un segundo plano frente al grupo. La energ\u00eda no procede de una actuaci\u00f3n aislada, sino de un movimiento compartido, prolongado en el tiempo. <\/span><\/p>\t\t\t\t\t\t\t\t<\/div>\n\t\t\t\t<\/div>\n\t\t\t\t<div class=\"elementor-element elementor-element-a414d50 elementor-widget elementor-widget-image\" data-id=\"a414d50\" data-element_type=\"widget\" data-widget_type=\"image.default\">\n\t\t\t\t<div class=\"elementor-widget-container\">\n\t\t\t\t\t\t\t\t\t\t\t\t\t\t\t<img decoding=\"async\" width=\"800\" height=\"576\" src=\"https:\/\/richeskarayib.com\/wp-content\/uploads\/2026\/01\/Capture-decran-2026-01-26-a-16.04.49-1024x737.png\" class=\"attachment-large size-large wp-image-68692\" alt=\"Jab jab\" srcset=\"https:\/\/richeskarayib.com\/wp-content\/uploads\/2026\/01\/Capture-decran-2026-01-26-a-16.04.49-1024x737.png 1024w, https:\/\/richeskarayib.com\/wp-content\/uploads\/2026\/01\/Capture-decran-2026-01-26-a-16.04.49-300x216.png 300w, https:\/\/richeskarayib.com\/wp-content\/uploads\/2026\/01\/Capture-decran-2026-01-26-a-16.04.49-768x553.png 768w, https:\/\/richeskarayib.com\/wp-content\/uploads\/2026\/01\/Capture-decran-2026-01-26-a-16.04.49.png 1135w\" sizes=\"(max-width: 800px) 100vw, 800px\" \/>\t\t\t\t\t\t\t\t\t\t\t\t\t\t\t<\/div>\n\t\t\t\t<\/div>\n\t\t\t\t<section class=\"elementor-section elementor-inner-section elementor-element elementor-element-c582330 elementor-section-boxed elementor-section-height-default elementor-section-height-default\" data-id=\"c582330\" data-element_type=\"section\">\n\t\t\t\t\t\t<div class=\"elementor-container elementor-column-gap-default\">\n\t\t\t\t\t\t<\/div>\n\t\t<\/section>\n\t\t\t\t<section class=\"elementor-section elementor-inner-section elementor-element elementor-element-296603a elementor-section-boxed elementor-section-height-default elementor-section-height-default\" data-id=\"296603a\" data-element_type=\"section\">\n\t\t\t\t\t\t<div class=\"elementor-container elementor-column-gap-default\">\n\t\t\t\t\t\t<\/div>\n\t\t<\/section>\n\t\t\t\t\t<\/div>\n\t\t<\/div>\n\t\t\t\t\t<\/div>\n\t\t<\/section>\n\t\t\t\t<section class=\"elementor-section elementor-top-section elementor-element elementor-element-5a7397d elementor-section-boxed elementor-section-height-default elementor-section-height-default\" data-id=\"5a7397d\" data-element_type=\"section\">\n\t\t\t\t\t\t<div class=\"elementor-container elementor-column-gap-default\">\n\t\t\t\t\t<div class=\"elementor-column elementor-col-100 elementor-top-column elementor-element elementor-element-8b33b4b\" data-id=\"8b33b4b\" data-element_type=\"column\">\n\t\t\t<div class=\"elementor-widget-wrap elementor-element-populated\">\n\t\t\t\t\t\t<div class=\"elementor-element elementor-element-89dac4b elementor-widget elementor-widget-heading\" data-id=\"89dac4b\" data-element_type=\"widget\" data-widget_type=\"heading.default\">\n\t\t\t\t<div class=\"elementor-widget-container\">\n\t\t\t\t\t<h2 class=\"elementor-heading-title elementor-size-default\">2026: Carnaval de Carriacou, otra escala de Jab Jab<\/h2>\t\t\t\t<\/div>\n\t\t\t\t<\/div>\n\t\t\t\t<section class=\"elementor-section elementor-inner-section elementor-element elementor-element-95aa690 elementor-section-boxed elementor-section-height-default elementor-section-height-default\" data-id=\"95aa690\" data-element_type=\"section\">\n\t\t\t\t\t\t<div class=\"elementor-container elementor-column-gap-default\">\n\t\t\t\t\t<div class=\"elementor-column elementor-col-100 elementor-inner-column elementor-element elementor-element-ae7c4fc\" data-id=\"ae7c4fc\" data-element_type=\"column\">\n\t\t\t<div class=\"elementor-widget-wrap elementor-element-populated\">\n\t\t\t\t\t\t<div class=\"elementor-element elementor-element-819dd2d elementor-widget elementor-widget-text-editor\" data-id=\"819dd2d\" data-element_type=\"widget\" data-widget_type=\"text-editor.default\">\n\t\t\t\t<div class=\"elementor-widget-container\">\n\t\t\t\t\t\t\t\t\t<p><span style=\"font-weight: 400;\">Febrero de 2026, <\/span><a href=\"https:\/\/carnivalvibez.com\/carriacou-carnival-kayak-mas\/?utm_source=chatgpt.com\" target=\"_blank\" rel=\"noopener nofollow\"><b>Carnaval de Carriacou<\/b><\/a><span style=\"font-weight: 400;\">tambi\u00e9n conocido como <\/span><b>Kayak Mas<\/b><span style=\"font-weight: 400;\">abre la temporada de carnaval del archipi\u00e9lago. En esta isla situada al norte de Granada, el carnaval conserva una dimensi\u00f3n muy comunitaria, en la que las tradiciones locales desempe\u00f1an un papel central. A menudo adopta una forma m\u00e1s restringida, m\u00e1s estrechamente vinculada a la din\u00e1mica social de la isla. Coexiste con otras expresiones emblem\u00e1ticas, espec\u00edficas de <a href=\"https:\/\/richeskarayib.com\/es\/granada-gran-tambor-de-carriacou-el-tambor-de-las-naciones-africanas-en-el-corazon-de-la-memoria-caribena\/\" target=\"_blank\" rel=\"noopener\">Carriacou<\/a>, que dan testimonio de la diversidad cultural interna del estado granadino.   <\/span><\/p>\t\t\t\t\t\t\t\t<\/div>\n\t\t\t\t<\/div>\n\t\t\t\t<div class=\"elementor-element elementor-element-91e3233 elementor-widget elementor-widget-text-editor\" data-id=\"91e3233\" data-element_type=\"widget\" data-widget_type=\"text-editor.default\">\n\t\t\t\t<div class=\"elementor-widget-container\">\n\t\t\t\t\t\t\t\t\t<p><span style=\"font-weight: 400;\">Kayak Mas ofrece una interpretaci\u00f3n complementaria de Jab Jab: menos masiva, pero profundamente arraigada, que revela la pluralidad de las pr\u00e1cticas carnavalescas dentro de un mismo territorio.<\/span><\/p>\t\t\t\t\t\t\t\t<\/div>\n\t\t\t\t<\/div>\n\t\t\t\t\t<\/div>\n\t\t<\/div>\n\t\t\t\t\t<\/div>\n\t\t<\/section>\n\t\t\t\t\t<\/div>\n\t\t<\/div>\n\t\t\t\t\t<\/div>\n\t\t<\/section>\n\t\t\t\t<section class=\"elementor-section elementor-top-section elementor-element elementor-element-2c060f5 elementor-section-boxed elementor-section-height-default elementor-section-height-default\" data-id=\"2c060f5\" data-element_type=\"section\">\n\t\t\t\t\t\t<div class=\"elementor-container elementor-column-gap-default\">\n\t\t\t\t\t<div class=\"elementor-column elementor-col-100 elementor-top-column elementor-element elementor-element-359f969\" data-id=\"359f969\" data-element_type=\"column\">\n\t\t\t<div class=\"elementor-widget-wrap elementor-element-populated\">\n\t\t\t\t\t\t<div class=\"elementor-element elementor-element-808b8b3 elementor-widget elementor-widget-heading\" data-id=\"808b8b3\" data-element_type=\"widget\" data-widget_type=\"heading.default\">\n\t\t\t\t<div class=\"elementor-widget-container\">\n\t\t\t\t\t<h2 class=\"elementor-heading-title elementor-size-default\">Spicemas 2026: Jab Jab en el coraz\u00f3n del carnaval nacional<\/h2>\t\t\t\t<\/div>\n\t\t\t\t<\/div>\n\t\t\t\t<div class=\"elementor-element elementor-element-3c9cb71 elementor-widget elementor-widget-text-editor\" data-id=\"3c9cb71\" data-element_type=\"widget\" data-widget_type=\"text-editor.default\">\n\t\t\t\t<div class=\"elementor-widget-container\">\n\t\t\t\t\t\t\t\t\t<p><span style=\"font-weight: 400;\">Agosto de 2026, <\/span><a href=\"https:\/\/richeskarayib.com\/es\/granada-spicemas-2025-doce-dias-de-intensidad-cultural\/\" target=\"_blank\" rel=\"noopener\"><b>Spicemas<\/b><\/a><span style=\"font-weight: 400;\">  es el punto culminante del calendario cultural granadino. Aunque m\u00e1s grande y estructurado, este carnaval nacional se mantiene fiel a sus fundamentos. Conserva un lugar central, sobre todo durante el J&#8217;ouvert del Lunes de Carnaval.  <\/span><\/p>\t\t\t\t\t\t\t\t<\/div>\n\t\t\t\t<\/div>\n\t\t\t\t<div class=\"elementor-element elementor-element-db7acfc elementor-widget elementor-widget-text-editor\" data-id=\"db7acfc\" data-element_type=\"widget\" data-widget_type=\"text-editor.default\">\n\t\t\t\t<div class=\"elementor-widget-container\">\n\t\t\t\t\t\t\t\t\t<p><span style=\"font-weight: 400;\">Es en Spicemas cuando Jab Jab alcanza su punto \u00e1lgido. La concentraci\u00f3n de participantes, la intensidad f\u00edsica y la continuidad del movimiento confieren a este momento una dimensi\u00f3n casi org\u00e1nica. El contraste con los desfiles de los martes, dedicados a disfraces y puestas en escena m\u00e1s elaborados, subraya el car\u00e1cter complementario de los carnavales granadinos.  <\/span><\/p>\t\t\t\t\t\t\t\t<\/div>\n\t\t\t\t<\/div>\n\t\t\t\t<section class=\"elementor-section elementor-inner-section elementor-element elementor-element-73fee12 elementor-section-boxed elementor-section-height-default elementor-section-height-default\" data-id=\"73fee12\" data-element_type=\"section\">\n\t\t\t\t\t\t<div class=\"elementor-container elementor-column-gap-default\">\n\t\t\t\t\t<div class=\"elementor-column elementor-col-50 elementor-inner-column elementor-element elementor-element-5c87283\" data-id=\"5c87283\" data-element_type=\"column\">\n\t\t\t<div class=\"elementor-widget-wrap elementor-element-populated\">\n\t\t\t\t\t\t<div class=\"elementor-element elementor-element-5819a67 elementor-widget elementor-widget-image\" data-id=\"5819a67\" data-element_type=\"widget\" data-widget_type=\"image.default\">\n\t\t\t\t<div class=\"elementor-widget-container\">\n\t\t\t\t\t\t\t\t\t\t\t\t\t\t\t<img loading=\"lazy\" decoding=\"async\" width=\"676\" height=\"846\" src=\"https:\/\/richeskarayib.com\/wp-content\/uploads\/2026\/01\/Capture-decran-2026-01-26-a-16.04.12.png\" class=\"attachment-large size-large wp-image-68696\" alt=\"Jab jab\" srcset=\"https:\/\/richeskarayib.com\/wp-content\/uploads\/2026\/01\/Capture-decran-2026-01-26-a-16.04.12.png 676w, https:\/\/richeskarayib.com\/wp-content\/uploads\/2026\/01\/Capture-decran-2026-01-26-a-16.04.12-240x300.png 240w\" sizes=\"(max-width: 676px) 100vw, 676px\" \/>\t\t\t\t\t\t\t\t\t\t\t\t\t\t\t<\/div>\n\t\t\t\t<\/div>\n\t\t\t\t\t<\/div>\n\t\t<\/div>\n\t\t\t\t<div class=\"elementor-column elementor-col-50 elementor-inner-column elementor-element elementor-element-434c485\" data-id=\"434c485\" data-element_type=\"column\">\n\t\t\t<div class=\"elementor-widget-wrap elementor-element-populated\">\n\t\t\t\t\t\t<div class=\"elementor-element elementor-element-31e26ea elementor-widget elementor-widget-image\" data-id=\"31e26ea\" data-element_type=\"widget\" data-widget_type=\"image.default\">\n\t\t\t\t<div class=\"elementor-widget-container\">\n\t\t\t\t\t\t\t\t\t\t\t\t\t\t\t<img loading=\"lazy\" decoding=\"async\" width=\"672\" height=\"842\" src=\"https:\/\/richeskarayib.com\/wp-content\/uploads\/2026\/01\/Capture-decran-2026-01-26-a-16.03.49.png\" class=\"attachment-large size-large wp-image-68700\" alt=\"Jab jab\" srcset=\"https:\/\/richeskarayib.com\/wp-content\/uploads\/2026\/01\/Capture-decran-2026-01-26-a-16.03.49.png 672w, https:\/\/richeskarayib.com\/wp-content\/uploads\/2026\/01\/Capture-decran-2026-01-26-a-16.03.49-239x300.png 239w\" sizes=\"(max-width: 672px) 100vw, 672px\" \/>\t\t\t\t\t\t\t\t\t\t\t\t\t\t\t<\/div>\n\t\t\t\t<\/div>\n\t\t\t\t\t<\/div>\n\t\t<\/div>\n\t\t\t\t\t<\/div>\n\t\t<\/section>\n\t\t\t\t\t<\/div>\n\t\t<\/div>\n\t\t\t\t\t<\/div>\n\t\t<\/section>\n\t\t\t\t<section class=\"elementor-section elementor-top-section elementor-element elementor-element-4ef9ba5 elementor-section-boxed elementor-section-height-default elementor-section-height-default\" data-id=\"4ef9ba5\" data-element_type=\"section\">\n\t\t\t\t\t\t<div class=\"elementor-container elementor-column-gap-default\">\n\t\t\t\t\t<div class=\"elementor-column elementor-col-100 elementor-top-column elementor-element elementor-element-2af15d8\" data-id=\"2af15d8\" data-element_type=\"column\">\n\t\t\t<div class=\"elementor-widget-wrap elementor-element-populated\">\n\t\t\t\t\t\t<div class=\"elementor-element elementor-element-39df54b elementor-widget elementor-widget-heading\" data-id=\"39df54b\" data-element_type=\"widget\" data-widget_type=\"heading.default\">\n\t\t\t\t<div class=\"elementor-widget-container\">\n\t\t\t\t\t<h2 class=\"elementor-heading-title elementor-size-default\">Jab Jab como tema principal del carnaval granadino<\/h2>\t\t\t\t<\/div>\n\t\t\t\t<\/div>\n\t\t\t\t<div class=\"elementor-element elementor-element-83c1bd2 elementor-widget elementor-widget-text-editor\" data-id=\"83c1bd2\" data-element_type=\"widget\" data-widget_type=\"text-editor.default\">\n\t\t\t\t<div class=\"elementor-widget-container\">\n\t\t\t\t\t\t\t\t\t<p><span style=\"font-weight: 400;\">A trav\u00e9s de \u00e9l, Granada afirma un concepto de carnaval que va m\u00e1s all\u00e1 de la simple celebraci\u00f3n. Es una cultura viva, capaz de vincular el pasado con el presente, lo \u00edntimo con lo colectivo, lo local con lo nacional. <\/span><\/p><p><span style=\"font-weight: 400;\">En 2026, entre <\/span><b>Carnaval de Carriacou<\/b><span style=\"font-weight: 400;\"> y <\/span><b>Spicemas<\/b><span style=\"font-weight: 400;\">El Jab Jab es un hilo conductor del calendario carnavalesco. Atraviesa territorios, une generaciones y estructura el calendario carnavalesco. Sobre todo, sirve para recordar que, en el Caribe, el carnaval es tambi\u00e9n un espacio de transmisi\u00f3n, donde la historia se cuenta a trav\u00e9s del cuerpo y el movimiento.  <\/span><\/p>\t\t\t\t\t\t\t\t<\/div>\n\t\t\t\t<\/div>\n\t\t\t\t<div class=\"elementor-element elementor-element-e924d3e elementor-widget elementor-widget-text-editor\" data-id=\"e924d3e\" data-element_type=\"widget\" data-widget_type=\"text-editor.default\">\n\t\t\t\t<div class=\"elementor-widget-container\">\n\t\t\t\t\t\t\t\t\t<p><span style=\"font-weight: 400;\">Para quienes busquen comprender Granada m\u00e1s all\u00e1 de las im\u00e1genes esperadas, ofrece una clave esencial para entender la ciudad. Es una visi\u00f3n exigente, densa pero profundamente reveladora de la identidad cultural de Granada. <\/span><\/p>\t\t\t\t\t\t\t\t<\/div>\n\t\t\t\t<\/div>\n\t\t\t\t<div class=\"elementor-element elementor-element-04a434e elementor-widget elementor-widget-video\" data-id=\"04a434e\" data-element_type=\"widget\" data-settings=\"{&quot;youtube_url&quot;:&quot;https:\\\/\\\/www.youtube.com\\\/watch?v=33vaMyn_JAw&quot;,&quot;video_type&quot;:&quot;youtube&quot;,&quot;controls&quot;:&quot;yes&quot;}\" data-widget_type=\"video.default\">\n\t\t\t\t<div class=\"elementor-widget-container\">\n\t\t\t\t\t\t\t<div class=\"elementor-wrapper elementor-open-inline\">\n\t\t\t<div class=\"elementor-video\"><\/div>\t\t<\/div>\n\t\t\t\t\t\t<\/div>\n\t\t\t\t<\/div>\n\t\t\t\t\t<\/div>\n\t\t<\/div>\n\t\t\t\t\t<\/div>\n\t\t<\/section>\n\t\t\t\t<section class=\"elementor-section elementor-top-section elementor-element elementor-element-22bf69f elementor-section-boxed elementor-section-height-default elementor-section-height-default\" data-id=\"22bf69f\" data-element_type=\"section\">\n\t\t\t\t\t\t<div class=\"elementor-container elementor-column-gap-default\">\n\t\t\t\t\t<div class=\"elementor-column elementor-col-100 elementor-top-column elementor-element elementor-element-8aedddd\" data-id=\"8aedddd\" data-element_type=\"column\">\n\t\t\t<div class=\"elementor-widget-wrap elementor-element-populated\">\n\t\t\t\t\t\t<section class=\"elementor-section elementor-inner-section elementor-element elementor-element-c8e3557 elementor-section-boxed elementor-section-height-default elementor-section-height-default\" data-id=\"c8e3557\" data-element_type=\"section\">\n\t\t\t\t\t\t<div class=\"elementor-container elementor-column-gap-default\">\n\t\t\t\t\t<div class=\"elementor-column elementor-col-100 elementor-inner-column elementor-element elementor-element-1222702\" data-id=\"1222702\" data-element_type=\"column\">\n\t\t\t<div class=\"elementor-widget-wrap elementor-element-populated\">\n\t\t\t\t\t\t<div class=\"elementor-element elementor-element-2e40abe elementor-widget elementor-widget-accordion\" data-id=\"2e40abe\" data-element_type=\"widget\" data-widget_type=\"accordion.default\">\n\t\t\t\t<div class=\"elementor-widget-container\">\n\t\t\t\t\t\t\t<div class=\"elementor-accordion\">\n\t\t\t\t\t\t\t<div class=\"elementor-accordion-item\">\n\t\t\t\t\t<div id=\"elementor-tab-title-4841\" class=\"elementor-tab-title\" data-tab=\"1\" role=\"button\" aria-controls=\"elementor-tab-content-4841\" aria-expanded=\"false\">\n\t\t\t\t\t\t\t\t\t\t\t\t\t<span class=\"elementor-accordion-icon elementor-accordion-icon-left\" aria-hidden=\"true\">\n\t\t\t\t\t\t\t\t\t\t\t\t\t\t\t<span class=\"elementor-accordion-icon-closed\"><i class=\"fas fa-plus\"><\/i><\/span>\n\t\t\t\t\t\t\t\t<span class=\"elementor-accordion-icon-opened\"><i class=\"fas fa-minus\"><\/i><\/span>\n\t\t\t\t\t\t\t\t\t\t\t\t\t\t<\/span>\n\t\t\t\t\t\t\t\t\t\t\t\t<a class=\"elementor-accordion-title\" tabindex=\"0\">\u00bfCu\u00e1l es el origen del Jab Jab en el carnaval de Granada?<\/a>\n\t\t\t\t\t<\/div>\n\t\t\t\t\t<div id=\"elementor-tab-content-4841\" class=\"elementor-tab-content elementor-clearfix\" data-tab=\"1\" role=\"region\" aria-labelledby=\"elementor-tab-title-4841\"><p><span style=\"font-weight: 400;\">Esta figura carnavalesca hunde sus ra\u00edces en la historia colonial de la isla. Su est\u00e9tica, basada en el negro, las cadenas y el cuerpo en movimiento, refleja una memoria colectiva transformada en expresi\u00f3n cultural y festiva. <\/span><\/p>\n<\/div>\n\t\t\t\t<\/div>\n\t\t\t\t\t\t\t<div class=\"elementor-accordion-item\">\n\t\t\t\t\t<div id=\"elementor-tab-title-4842\" class=\"elementor-tab-title\" data-tab=\"2\" role=\"button\" aria-controls=\"elementor-tab-content-4842\" aria-expanded=\"false\">\n\t\t\t\t\t\t\t\t\t\t\t\t\t<span class=\"elementor-accordion-icon elementor-accordion-icon-left\" aria-hidden=\"true\">\n\t\t\t\t\t\t\t\t\t\t\t\t\t\t\t<span class=\"elementor-accordion-icon-closed\"><i class=\"fas fa-plus\"><\/i><\/span>\n\t\t\t\t\t\t\t\t<span class=\"elementor-accordion-icon-opened\"><i class=\"fas fa-minus\"><\/i><\/span>\n\t\t\t\t\t\t\t\t\t\t\t\t\t\t<\/span>\n\t\t\t\t\t\t\t\t\t\t\t\t<a class=\"elementor-accordion-title\" tabindex=\"0\">\u00bfQu\u00e9 papel desempe\u00f1a esta tradici\u00f3n durante Spicemas?<\/a>\n\t\t\t\t\t<\/div>\n\t\t\t\t\t<div id=\"elementor-tab-content-4842\" class=\"elementor-tab-content elementor-clearfix\" data-tab=\"2\" role=\"region\" aria-labelledby=\"elementor-tab-title-4842\"><p><span style=\"font-weight: 400;\">Durante el carnaval nacional de Granada, se expresa principalmente durante el J&#8217;ouvert, un momento central en el que la calle se convierte en un espacio de reuni\u00f3n colectiva, marcado por una fuerte intensidad f\u00edsica y simb\u00f3lica.<\/span><\/p>\n<\/div>\n\t\t\t\t<\/div>\n\t\t\t\t\t\t\t<div class=\"elementor-accordion-item\">\n\t\t\t\t\t<div id=\"elementor-tab-title-4843\" class=\"elementor-tab-title\" data-tab=\"3\" role=\"button\" aria-controls=\"elementor-tab-content-4843\" aria-expanded=\"false\">\n\t\t\t\t\t\t\t\t\t\t\t\t\t<span class=\"elementor-accordion-icon elementor-accordion-icon-left\" aria-hidden=\"true\">\n\t\t\t\t\t\t\t\t\t\t\t\t\t\t\t<span class=\"elementor-accordion-icon-closed\"><i class=\"fas fa-plus\"><\/i><\/span>\n\t\t\t\t\t\t\t\t<span class=\"elementor-accordion-icon-opened\"><i class=\"fas fa-minus\"><\/i><\/span>\n\t\t\t\t\t\t\t\t\t\t\t\t\t\t<\/span>\n\t\t\t\t\t\t\t\t\t\t\t\t<a class=\"elementor-accordion-title\" tabindex=\"0\">\u00bfCu\u00e1l es la diferencia cultural entre el Carnaval de Carriacou y Spicemas?<\/a>\n\t\t\t\t\t<\/div>\n\t\t\t\t\t<div id=\"elementor-tab-content-4843\" class=\"elementor-tab-content elementor-clearfix\" data-tab=\"3\" role=\"region\" aria-labelledby=\"elementor-tab-title-4843\"><p><span style=\"font-weight: 400;\">El Carnaval de Carriacou tiene un enfoque m\u00e1s comunitario y local, mientras que Spicemas tiene una dimensi\u00f3n m\u00e1s amplia y nacional. Sin embargo, ambos eventos comparten una columna vertebral cultural e hist\u00f3rica com\u00fan. <\/span><\/p>\n<\/div>\n\t\t\t\t<\/div>\n\t\t\t\t\t\t\t\t<\/div>\n\t\t\t\t\t\t<\/div>\n\t\t\t\t<\/div>\n\t\t\t\t\t<\/div>\n\t\t<\/div>\n\t\t\t\t\t<\/div>\n\t\t<\/section>\n\t\t\t\t\t<\/div>\n\t\t<\/div>\n\t\t\t\t\t<\/div>\n\t\t<\/section>\n\t\t\t\t<\/div>\n\t\t","protected":false},"excerpt":{"rendered":"<p>En Granada, el carnaval se expresa ante todo a trav\u00e9s del cuerpo, el ritmo y la densidad de la calle. Cuando las siluetas se cubren de aceite negro, las cadenas tintinean en el asfalto y la multitud se mueve al un\u00edsono en la penumbra de la ma\u00f1ana, el Jab Jab es una fuerza a tener [&hellip;]<\/p>\n","protected":false},"author":662,"featured_media":68676,"comment_status":"open","ping_status":"open","sticky":false,"template":"","format":"standard","meta":{"_acf_changed":false,"footnotes":""},"categories":[1499,1469],"tags":[1645],"class_list":["post-68702","post","type-post","status-publish","format-standard","has-post-thumbnail","hentry","category-gestion-de-eventos","category-historia-patrimonio","tag-granada-es"],"acf":[],"_links":{"self":[{"href":"https:\/\/richeskarayib.com\/es\/wp-json\/wp\/v2\/posts\/68702","targetHints":{"allow":["GET"]}}],"collection":[{"href":"https:\/\/richeskarayib.com\/es\/wp-json\/wp\/v2\/posts"}],"about":[{"href":"https:\/\/richeskarayib.com\/es\/wp-json\/wp\/v2\/types\/post"}],"author":[{"embeddable":true,"href":"https:\/\/richeskarayib.com\/es\/wp-json\/wp\/v2\/users\/662"}],"replies":[{"embeddable":true,"href":"https:\/\/richeskarayib.com\/es\/wp-json\/wp\/v2\/comments?post=68702"}],"version-history":[{"count":0,"href":"https:\/\/richeskarayib.com\/es\/wp-json\/wp\/v2\/posts\/68702\/revisions"}],"wp:featuredmedia":[{"embeddable":true,"href":"https:\/\/richeskarayib.com\/es\/wp-json\/wp\/v2\/media\/68676"}],"wp:attachment":[{"href":"https:\/\/richeskarayib.com\/es\/wp-json\/wp\/v2\/media?parent=68702"}],"wp:term":[{"taxonomy":"category","embeddable":true,"href":"https:\/\/richeskarayib.com\/es\/wp-json\/wp\/v2\/categories?post=68702"},{"taxonomy":"post_tag","embeddable":true,"href":"https:\/\/richeskarayib.com\/es\/wp-json\/wp\/v2\/tags?post=68702"}],"curies":[{"name":"wp","href":"https:\/\/api.w.org\/{rel}","templated":true}]}}