{"id":68795,"date":"2026-01-28T08:07:18","date_gmt":"2026-01-28T12:07:18","guid":{"rendered":"https:\/\/richeskarayib.com\/caricom-una-cumbre-de-los-50%e1%b5%89-decisiva-para-pasar-de-la-retorica-a-la-accion\/"},"modified":"2026-01-28T08:07:19","modified_gmt":"2026-01-28T12:07:19","slug":"caricom-una-cumbre-de-los-50%e1%b5%89-decisiva-para-pasar-de-la-retorica-a-la-accion","status":"publish","type":"post","link":"https:\/\/richeskarayib.com\/es\/caricom-una-cumbre-de-los-50%e1%b5%89-decisiva-para-pasar-de-la-retorica-a-la-accion\/","title":{"rendered":"CARICOM: una cumbre de los 50\u1d49 decisiva para pasar de la ret\u00f3rica a la acci\u00f3n"},"content":{"rendered":"\t\t<div data-elementor-type=\"wp-post\" data-elementor-id=\"68795\" class=\"elementor elementor-68795 elementor-68765\" data-elementor-post-type=\"post\">\n\t\t\t\t\t\t<section class=\"elementor-section elementor-top-section elementor-element elementor-element-7ca7ca1 elementor-section-boxed elementor-section-height-default elementor-section-height-default\" data-id=\"7ca7ca1\" data-element_type=\"section\">\n\t\t\t\t\t\t<div class=\"elementor-container elementor-column-gap-default\">\n\t\t\t\t\t<div class=\"elementor-column elementor-col-100 elementor-top-column elementor-element elementor-element-cbdd002\" data-id=\"cbdd002\" data-element_type=\"column\">\n\t\t\t<div class=\"elementor-widget-wrap elementor-element-populated\">\n\t\t\t\t\t\t<section class=\"elementor-section elementor-inner-section elementor-element elementor-element-bc94849 elementor-section-boxed elementor-section-height-default elementor-section-height-default\" data-id=\"bc94849\" data-element_type=\"section\">\n\t\t\t\t\t\t<div class=\"elementor-container elementor-column-gap-default\">\n\t\t\t\t\t\t<\/div>\n\t\t<\/section>\n\t\t\t\t<section class=\"elementor-section elementor-inner-section elementor-element elementor-element-61571e6 elementor-section-boxed elementor-section-height-default elementor-section-height-default\" data-id=\"61571e6\" data-element_type=\"section\">\n\t\t\t\t\t\t<div class=\"elementor-container elementor-column-gap-default\">\n\t\t\t\t\t\t<\/div>\n\t\t<\/section>\n\t\t\t\t<section class=\"elementor-section elementor-inner-section elementor-element elementor-element-b6262e0 elementor-section-boxed elementor-section-height-default elementor-section-height-default\" data-id=\"b6262e0\" data-element_type=\"section\">\n\t\t\t\t\t\t<div class=\"elementor-container elementor-column-gap-default\">\n\t\t\t\t\t\t<\/div>\n\t\t<\/section>\n\t\t\t\t<section class=\"elementor-section elementor-inner-section elementor-element elementor-element-cca29fd elementor-section-boxed elementor-section-height-default elementor-section-height-default\" data-id=\"cca29fd\" data-element_type=\"section\">\n\t\t\t\t\t\t<div class=\"elementor-container elementor-column-gap-default\">\n\t\t\t\t\t\t<\/div>\n\t\t<\/section>\n\t\t\t\t\t<\/div>\n\t\t<\/div>\n\t\t\t\t\t<\/div>\n\t\t<\/section>\n\t\t\t\t<section class=\"elementor-section elementor-top-section elementor-element elementor-element-a6d4222 elementor-section-boxed elementor-section-height-default elementor-section-height-default\" data-id=\"a6d4222\" data-element_type=\"section\">\n\t\t\t\t\t\t<div class=\"elementor-container elementor-column-gap-default\">\n\t\t\t\t\t<div class=\"elementor-column elementor-col-100 elementor-top-column elementor-element elementor-element-ea27f09\" data-id=\"ea27f09\" data-element_type=\"column\">\n\t\t\t<div class=\"elementor-widget-wrap elementor-element-populated\">\n\t\t\t\t\t\t<section class=\"elementor-section elementor-inner-section elementor-element elementor-element-25c3156 elementor-section-boxed elementor-section-height-default elementor-section-height-default\" data-id=\"25c3156\" data-element_type=\"section\">\n\t\t\t\t\t\t<div class=\"elementor-container elementor-column-gap-default\">\n\t\t\t\t\t<div class=\"elementor-column elementor-col-100 elementor-inner-column elementor-element elementor-element-aac779c\" data-id=\"aac779c\" data-element_type=\"column\">\n\t\t\t<div class=\"elementor-widget-wrap elementor-element-populated\">\n\t\t\t\t\t\t<div class=\"elementor-element elementor-element-612550d elementor-widget elementor-widget-text-editor\" data-id=\"612550d\" data-element_type=\"widget\" data-widget_type=\"text-editor.default\">\n\t\t\t\t<div class=\"elementor-widget-container\">\n\t\t\t\t\t\t\t\t\t<p><span style=\"font-weight: 400;\">En <\/span><b>24 al 27 de febrero de 2026<\/b><span style=\"font-weight: 400;\">los Jefes de Gobierno de <\/span><a href=\"https:\/\/caricom.org\/fiftieth-50th-regular-meeting-of-the-conference-of-caricom-heads-of-government-st-kitts-and-nevis-24-27-february-2026\/\" target=\"_blank\" rel=\"noopener nofollow\"><b>CARICOM<\/b><\/a><span style=\"font-weight: 400;\"> se reunir\u00e1n en <\/span><b>Basseterre<\/b><span style=\"font-weight: 400;\">, \u00e0 <\/span><b>San Crist\u00f3bal y Nieves<\/b><span style=\"font-weight: 400;\">para la <\/span><b>50\u00aa Reuni\u00f3n Ordinaria de la Conferencia de Jefes de Gobierno<\/b><span style=\"font-weight: 400;\">. Un acontecimiento altamente simb\u00f3lico, pero sobre todo estrat\u00e9gico, en un momento en que la regi\u00f3n del Caribe se enfrenta a una acumulaci\u00f3n de retos econ\u00f3micos, clim\u00e1ticos, de seguridad y geopol\u00edticos. El tema elegido,   <\/span><span style=\"font-weight: 400;\">&#8220;M\u00e1s all\u00e1 de las palabras: Acci\u00f3n hoy para una CARICOM pr\u00f3spera y sostenible&#8221;.<\/span><span style=\"font-weight: 400;\">establece claramente la ambici\u00f3n: ir m\u00e1s all\u00e1 de las declaraciones de intenciones y pasar a una fase de aplicaci\u00f3n concreta.<\/span><\/p>\t\t\t\t\t\t\t\t<\/div>\n\t\t\t\t<\/div>\n\t\t\t\t<div class=\"elementor-element elementor-element-3839949 elementor-widget elementor-widget-text-editor\" data-id=\"3839949\" data-element_type=\"widget\" data-widget_type=\"text-editor.default\">\n\t\t\t\t<div class=\"elementor-widget-container\">\n\t\t\t\t\t\t\t\t\t<p><span style=\"font-weight: 400;\">Presidido por el Primer Ministro de San Crist\u00f3bal y Nieves, <\/span><b>Dr. Terrance Drew<\/b><span style=\"font-weight: 400;\">actual Presidente para el primer semestre de 2026, esta conferencia marca un hito importante en la historia de la organizaci\u00f3n regional, creada para reforzar la integraci\u00f3n, la cooperaci\u00f3n y la solidaridad entre sus Estados miembros.<\/span><\/p>\t\t\t\t\t\t\t\t<\/div>\n\t\t\t\t<\/div>\n\t\t\t\t<div class=\"elementor-element elementor-element-0d62829 elementor-widget elementor-widget-image\" data-id=\"0d62829\" data-element_type=\"widget\" data-widget_type=\"image.default\">\n\t\t\t\t<div class=\"elementor-widget-container\">\n\t\t\t\t\t\t\t\t\t\t\t\t\t\t\t<img fetchpriority=\"high\" decoding=\"async\" width=\"800\" height=\"263\" src=\"https:\/\/richeskarayib.com\/wp-content\/uploads\/2026\/01\/\u00a9CARICOM-1-1024x337.jpg\" class=\"attachment-large size-large wp-image-68773\" alt=\"CARICOM\" srcset=\"https:\/\/richeskarayib.com\/wp-content\/uploads\/2026\/01\/\u00a9CARICOM-1-1024x337.jpg 1024w, https:\/\/richeskarayib.com\/wp-content\/uploads\/2026\/01\/\u00a9CARICOM-1-300x99.jpg 300w, https:\/\/richeskarayib.com\/wp-content\/uploads\/2026\/01\/\u00a9CARICOM-1-768x253.jpg 768w, https:\/\/richeskarayib.com\/wp-content\/uploads\/2026\/01\/\u00a9CARICOM-1-1536x506.jpg 1536w, https:\/\/richeskarayib.com\/wp-content\/uploads\/2026\/01\/\u00a9CARICOM-1-1320x435.jpg 1320w, https:\/\/richeskarayib.com\/wp-content\/uploads\/2026\/01\/\u00a9CARICOM-1.jpg 1920w\" sizes=\"(max-width: 800px) 100vw, 800px\" \/>\t\t\t\t\t\t\t\t\t\t\t\t\t\t\t<\/div>\n\t\t\t\t<\/div>\n\t\t\t\t\t<\/div>\n\t\t<\/div>\n\t\t\t\t\t<\/div>\n\t\t<\/section>\n\t\t\t\t\t<\/div>\n\t\t<\/div>\n\t\t\t\t\t<\/div>\n\t\t<\/section>\n\t\t\t\t<section class=\"elementor-section elementor-top-section elementor-element elementor-element-e1fea79 elementor-section-boxed elementor-section-height-default elementor-section-height-default\" data-id=\"e1fea79\" data-element_type=\"section\">\n\t\t\t\t\t\t<div class=\"elementor-container elementor-column-gap-default\">\n\t\t\t\t\t<div class=\"elementor-column elementor-col-100 elementor-top-column elementor-element elementor-element-6d0be76\" data-id=\"6d0be76\" data-element_type=\"column\">\n\t\t\t<div class=\"elementor-widget-wrap elementor-element-populated\">\n\t\t\t\t\t\t<div class=\"elementor-element elementor-element-a310b25 elementor-widget elementor-widget-heading\" data-id=\"a310b25\" data-element_type=\"widget\" data-widget_type=\"heading.default\">\n\t\t\t\t<div class=\"elementor-widget-container\">\n\t\t\t\t\t<h2 class=\"elementor-heading-title elementor-size-default\">Una apertura bajo la bandera de la responsabilidad pol\u00edtica<\/h2>\t\t\t\t<\/div>\n\t\t\t\t<\/div>\n\t\t\t\t<div class=\"elementor-element elementor-element-bbb62ae elementor-widget elementor-widget-text-editor\" data-id=\"bbb62ae\" data-element_type=\"widget\" data-widget_type=\"text-editor.default\">\n\t\t\t\t<div class=\"elementor-widget-container\">\n\t\t\t\t\t\t\t\t\t<p><span style=\"font-weight: 400;\">La ceremonia de apertura, prevista para el <\/span><b>24 de febrero<\/b><span style=\"font-weight: 400;\">  en el Marriott Dome de Frigate Bay, marcar\u00e1 el tono pol\u00edtico de la cumbre. Los discursos previstos pondr\u00e1n en perspectiva los compromisos adquiridos por la CARICOM en las \u00faltimas d\u00e9cadas, pero tambi\u00e9n las lagunas persistentes entre las decisiones adoptadas y su aplicaci\u00f3n real. Se espera que el discurso del Presidente saliente, el Primer Ministro jamaicano Andrew Holness, ofrezca una evaluaci\u00f3n cr\u00edtica del ciclo anterior, mientras que el Secretario General,    <\/span><b>La Dra. Carla Barnett<\/b><span style=\"font-weight: 400;\">nos recordar\u00e1 las prioridades regionales en un contexto internacional inestable.<\/span><\/p>\t\t\t\t\t\t\t\t<\/div>\n\t\t\t\t<\/div>\n\t\t\t\t<div class=\"elementor-element elementor-element-b912a17 elementor-widget elementor-widget-text-editor\" data-id=\"b912a17\" data-element_type=\"widget\" data-widget_type=\"text-editor.default\">\n\t\t\t\t<div class=\"elementor-widget-container\">\n\t\t\t\t\t\t\t\t\t<p><span style=\"font-weight: 400;\">El reto est\u00e1 claro: demostrar que la CARICOM sigue siendo un marco relevante para responder colectivamente a las crisis contempor\u00e1neas.<\/span><\/p>\t\t\t\t\t\t\t\t<\/div>\n\t\t\t\t<\/div>\n\t\t\t\t<div class=\"elementor-element elementor-element-fe2fea3 elementor-widget elementor-widget-image\" data-id=\"fe2fea3\" data-element_type=\"widget\" data-widget_type=\"image.default\">\n\t\t\t\t<div class=\"elementor-widget-container\">\n\t\t\t\t\t\t\t\t\t\t\t\t\t\t\t<img decoding=\"async\" width=\"800\" height=\"534\" src=\"https:\/\/richeskarayib.com\/wp-content\/uploads\/2026\/01\/583798958_880490897636333_7001360964704534095_n-1024x683.jpg\" class=\"attachment-large size-large wp-image-68777\" alt=\"CARICOM\" srcset=\"https:\/\/richeskarayib.com\/wp-content\/uploads\/2026\/01\/583798958_880490897636333_7001360964704534095_n-1024x683.jpg 1024w, https:\/\/richeskarayib.com\/wp-content\/uploads\/2026\/01\/583798958_880490897636333_7001360964704534095_n-300x200.jpg 300w, https:\/\/richeskarayib.com\/wp-content\/uploads\/2026\/01\/583798958_880490897636333_7001360964704534095_n-768x512.jpg 768w, https:\/\/richeskarayib.com\/wp-content\/uploads\/2026\/01\/583798958_880490897636333_7001360964704534095_n-1536x1024.jpg 1536w, https:\/\/richeskarayib.com\/wp-content\/uploads\/2026\/01\/583798958_880490897636333_7001360964704534095_n-1320x880.jpg 1320w, https:\/\/richeskarayib.com\/wp-content\/uploads\/2026\/01\/583798958_880490897636333_7001360964704534095_n.jpg 1920w\" sizes=\"(max-width: 800px) 100vw, 800px\" \/>\t\t\t\t\t\t\t\t\t\t\t\t\t\t\t<\/div>\n\t\t\t\t<\/div>\n\t\t\t\t\t<\/div>\n\t\t<\/div>\n\t\t\t\t\t<\/div>\n\t\t<\/section>\n\t\t\t\t<section class=\"elementor-section elementor-top-section elementor-element elementor-element-ee72354 elementor-section-boxed elementor-section-height-default elementor-section-height-default\" data-id=\"ee72354\" data-element_type=\"section\">\n\t\t\t\t\t\t<div class=\"elementor-container elementor-column-gap-default\">\n\t\t\t\t\t<div class=\"elementor-column elementor-col-100 elementor-top-column elementor-element elementor-element-c59d6fe\" data-id=\"c59d6fe\" data-element_type=\"column\">\n\t\t\t<div class=\"elementor-widget-wrap elementor-element-populated\">\n\t\t\t\t\t\t<section class=\"elementor-section elementor-inner-section elementor-element elementor-element-c5c11f7 elementor-section-boxed elementor-section-height-default elementor-section-height-default\" data-id=\"c5c11f7\" data-element_type=\"section\">\n\t\t\t\t\t\t<div class=\"elementor-container elementor-column-gap-default\">\n\t\t\t\t\t<div class=\"elementor-column elementor-col-100 elementor-inner-column elementor-element elementor-element-dc47e06\" data-id=\"dc47e06\" data-element_type=\"column\">\n\t\t\t<div class=\"elementor-widget-wrap elementor-element-populated\">\n\t\t\t\t\t\t<div class=\"elementor-element elementor-element-ddc6a1e elementor-widget elementor-widget-heading\" data-id=\"ddc6a1e\" data-element_type=\"widget\" data-widget_type=\"heading.default\">\n\t\t\t\t<div class=\"elementor-widget-container\">\n\t\t\t\t\t<h2 class=\"elementor-heading-title elementor-size-default\">El mercado \u00fanico caribe\u00f1o sigue en el centro del debate<\/h2>\t\t\t\t<\/div>\n\t\t\t\t<\/div>\n\t\t\t\t<div class=\"elementor-element elementor-element-e57451f elementor-widget elementor-widget-text-editor\" data-id=\"e57451f\" data-element_type=\"widget\" data-widget_type=\"text-editor.default\">\n\t\t\t\t<div class=\"elementor-widget-container\">\n\t\t\t\t\t\t\t\t\t<p><span style=\"font-weight: 400;\">Los temas clave de la agenda incluyen <\/span><b>Mercado y Econom\u00eda \u00danicos de la CARICOM (CSME)<\/b><span style=\"font-weight: 400;\">. M\u00e1s de treinta a\u00f1os despu\u00e9s de su lanzamiento, el mercado \u00fanico sigue incompleto. Los debates se centrar\u00e1n en particular en la libre circulaci\u00f3n de personas cualificadas, el reconocimiento de las competencias, la supresi\u00f3n de las barreras no arancelarias y la armonizaci\u00f3n de las pol\u00edticas econ\u00f3micas. <\/span><\/p>\t\t\t\t\t\t\t\t<\/div>\n\t\t\t\t<\/div>\n\t\t\t\t<div class=\"elementor-element elementor-element-64315e7 elementor-widget elementor-widget-text-editor\" data-id=\"64315e7\" data-element_type=\"widget\" data-widget_type=\"text-editor.default\">\n\t\t\t\t<div class=\"elementor-widget-container\">\n\t\t\t\t\t\t\t\t\t<p><span style=\"font-weight: 400;\">Para muchos Estados miembros, la credibilidad de la organizaci\u00f3n depende hoy de su capacidad para hacer plenamente operativo el CSME, en beneficio tanto de los ciudadanos como de las empresas regionales.<\/span><\/p>\t\t\t\t\t\t\t\t<\/div>\n\t\t\t\t<\/div>\n\t\t\t\t\t<\/div>\n\t\t<\/div>\n\t\t\t\t\t<\/div>\n\t\t<\/section>\n\t\t\t\t<div class=\"elementor-element elementor-element-69734ef elementor-widget elementor-widget-image\" data-id=\"69734ef\" data-element_type=\"widget\" data-widget_type=\"image.default\">\n\t\t\t\t<div class=\"elementor-widget-container\">\n\t\t\t\t\t\t\t\t\t\t\t\t\t\t\t<img decoding=\"async\" width=\"800\" height=\"534\" src=\"https:\/\/richeskarayib.com\/wp-content\/uploads\/2026\/01\/584961715_880490877636335_1789241120825308790_n-1024x683.jpg\" class=\"attachment-large size-large wp-image-68781\" alt=\"CARICOM\" srcset=\"https:\/\/richeskarayib.com\/wp-content\/uploads\/2026\/01\/584961715_880490877636335_1789241120825308790_n-1024x683.jpg 1024w, https:\/\/richeskarayib.com\/wp-content\/uploads\/2026\/01\/584961715_880490877636335_1789241120825308790_n-300x200.jpg 300w, https:\/\/richeskarayib.com\/wp-content\/uploads\/2026\/01\/584961715_880490877636335_1789241120825308790_n-768x512.jpg 768w, https:\/\/richeskarayib.com\/wp-content\/uploads\/2026\/01\/584961715_880490877636335_1789241120825308790_n-1320x880.jpg 1320w, https:\/\/richeskarayib.com\/wp-content\/uploads\/2026\/01\/584961715_880490877636335_1789241120825308790_n.jpg 1536w\" sizes=\"(max-width: 800px) 100vw, 800px\" \/>\t\t\t\t\t\t\t\t\t\t\t\t\t\t\t<\/div>\n\t\t\t\t<\/div>\n\t\t\t\t\t<\/div>\n\t\t<\/div>\n\t\t\t\t\t<\/div>\n\t\t<\/section>\n\t\t\t\t<section class=\"elementor-section elementor-top-section elementor-element elementor-element-82cd8f9 elementor-section-boxed elementor-section-height-default elementor-section-height-default\" data-id=\"82cd8f9\" data-element_type=\"section\">\n\t\t\t\t\t\t<div class=\"elementor-container elementor-column-gap-default\">\n\t\t\t\t\t<div class=\"elementor-column elementor-col-100 elementor-top-column elementor-element elementor-element-0bfdc38\" data-id=\"0bfdc38\" data-element_type=\"column\">\n\t\t\t<div class=\"elementor-widget-wrap elementor-element-populated\">\n\t\t\t\t\t\t<div class=\"elementor-element elementor-element-7d292fe elementor-widget elementor-widget-heading\" data-id=\"7d292fe\" data-element_type=\"widget\" data-widget_type=\"heading.default\">\n\t\t\t\t<div class=\"elementor-widget-container\">\n\t\t\t\t\t<h2 class=\"elementor-heading-title elementor-size-default\">Clima y financiaci\u00f3n: una emergencia existencial\n<\/h2>\t\t\t\t<\/div>\n\t\t\t\t<\/div>\n\t\t\t\t<div class=\"elementor-element elementor-element-2d1517d elementor-widget elementor-widget-text-editor\" data-id=\"2d1517d\" data-element_type=\"widget\" data-widget_type=\"text-editor.default\">\n\t\t\t\t<div class=\"elementor-widget-container\">\n\t\t\t\t\t\t\t\t\t<p><span style=\"font-weight: 400;\">La cuesti\u00f3n clim\u00e1tica ocupar\u00e1 un lugar central en los debates. Para los estados de la CARICOM, el cambio clim\u00e1tico no es una proyecci\u00f3n de futuro, sino una realidad cotidiana: aumento del nivel del mar, huracanes m\u00e1s frecuentes, presi\u00f3n sobre los recursos naturales. Los jefes de gobierno debatir\u00e1n sobre el acceso a la financiaci\u00f3n clim\u00e1tica, la reforma de los criterios de vulnerabilidad y el reconocimiento internacional de la situaci\u00f3n espec\u00edfica de los peque\u00f1os estados insulares.  <\/span><\/p>\t\t\t\t\t\t\t\t<\/div>\n\t\t\t\t<\/div>\n\t\t\t\t<div class=\"elementor-element elementor-element-1cbcdee elementor-widget elementor-widget-text-editor\" data-id=\"1cbcdee\" data-element_type=\"widget\" data-widget_type=\"text-editor.default\">\n\t\t\t\t<div class=\"elementor-widget-container\">\n\t\t\t\t\t\t\t\t\t<p><span style=\"font-weight: 400;\">La organizaci\u00f3n debe reafirmar una posici\u00f3n colectiva firme a favor de la justicia clim\u00e1tica y de un mejor acceso a los mecanismos financieros internacionales.<\/span><\/p>\t\t\t\t\t\t\t\t<\/div>\n\t\t\t\t<\/div>\n\t\t\t\t<section class=\"elementor-section elementor-inner-section elementor-element elementor-element-c582330 elementor-section-boxed elementor-section-height-default elementor-section-height-default\" data-id=\"c582330\" data-element_type=\"section\">\n\t\t\t\t\t\t<div class=\"elementor-container elementor-column-gap-default\">\n\t\t\t\t\t\t<\/div>\n\t\t<\/section>\n\t\t\t\t<section class=\"elementor-section elementor-inner-section elementor-element elementor-element-296603a elementor-section-boxed elementor-section-height-default elementor-section-height-default\" data-id=\"296603a\" data-element_type=\"section\">\n\t\t\t\t\t\t<div class=\"elementor-container elementor-column-gap-default\">\n\t\t\t\t\t\t<\/div>\n\t\t<\/section>\n\t\t\t\t\t<\/div>\n\t\t<\/div>\n\t\t\t\t\t<\/div>\n\t\t<\/section>\n\t\t\t\t<section class=\"elementor-section elementor-top-section elementor-element elementor-element-5a7397d elementor-section-boxed elementor-section-height-default elementor-section-height-default\" data-id=\"5a7397d\" data-element_type=\"section\">\n\t\t\t\t\t\t<div class=\"elementor-container elementor-column-gap-default\">\n\t\t\t\t\t<div class=\"elementor-column elementor-col-100 elementor-top-column elementor-element elementor-element-8b33b4b\" data-id=\"8b33b4b\" data-element_type=\"column\">\n\t\t\t<div class=\"elementor-widget-wrap elementor-element-populated\">\n\t\t\t\t\t\t<div class=\"elementor-element elementor-element-89dac4b elementor-widget elementor-widget-heading\" data-id=\"89dac4b\" data-element_type=\"widget\" data-widget_type=\"heading.default\">\n\t\t\t\t<div class=\"elementor-widget-container\">\n\t\t\t\t\t<h2 class=\"elementor-heading-title elementor-size-default\">Seguridad alimentaria y resiliencia regional<\/h2>\t\t\t\t<\/div>\n\t\t\t\t<\/div>\n\t\t\t\t<section class=\"elementor-section elementor-inner-section elementor-element elementor-element-95aa690 elementor-section-boxed elementor-section-height-default elementor-section-height-default\" data-id=\"95aa690\" data-element_type=\"section\">\n\t\t\t\t\t\t<div class=\"elementor-container elementor-column-gap-default\">\n\t\t\t\t\t<div class=\"elementor-column elementor-col-100 elementor-inner-column elementor-element elementor-element-ae7c4fc\" data-id=\"ae7c4fc\" data-element_type=\"column\">\n\t\t\t<div class=\"elementor-widget-wrap elementor-element-populated\">\n\t\t\t\t\t\t<div class=\"elementor-element elementor-element-819dd2d elementor-widget elementor-widget-text-editor\" data-id=\"819dd2d\" data-element_type=\"widget\" data-widget_type=\"text-editor.default\">\n\t\t\t\t<div class=\"elementor-widget-container\">\n\t\t\t\t\t\t\t\t\t<p><span style=\"font-weight: 400;\">Otra prioridad estrat\u00e9gica es la seguridad alimentaria y nutricional. La gran dependencia de la regi\u00f3n de las importaciones expone a los pa\u00edses de la CARICOM a las crisis externas, ya sean econ\u00f3micas, sanitarias o log\u00edsticas. Los debates se centrar\u00e1n en reforzar la producci\u00f3n agr\u00edcola regional, la transformaci\u00f3n local y la resistencia de las cadenas de suministro.  <\/span><\/p>\t\t\t\t\t\t\t\t<\/div>\n\t\t\t\t<\/div>\n\t\t\t\t<div class=\"elementor-element elementor-element-4c4b8fd elementor-widget elementor-widget-text-editor\" data-id=\"4c4b8fd\" data-element_type=\"widget\" data-widget_type=\"text-editor.default\">\n\t\t\t\t<div class=\"elementor-widget-container\">\n\t\t\t\t\t\t\t\t\t<p><span style=\"font-weight: 400;\">M\u00e1s all\u00e1 de la agricultura, se espera una reflexi\u00f3n m\u00e1s amplia sobre la soberan\u00eda alimentaria caribe\u00f1a.<\/span><\/p>\t\t\t\t\t\t\t\t<\/div>\n\t\t\t\t<\/div>\n\t\t\t\t\t<\/div>\n\t\t<\/div>\n\t\t\t\t\t<\/div>\n\t\t<\/section>\n\t\t\t\t<section class=\"elementor-section elementor-inner-section elementor-element elementor-element-be04c27 elementor-section-boxed elementor-section-height-default elementor-section-height-default\" data-id=\"be04c27\" data-element_type=\"section\">\n\t\t\t\t\t\t<div class=\"elementor-container elementor-column-gap-default\">\n\t\t\t\t\t<div class=\"elementor-column elementor-col-50 elementor-inner-column elementor-element elementor-element-967bf34\" data-id=\"967bf34\" data-element_type=\"column\">\n\t\t\t<div class=\"elementor-widget-wrap elementor-element-populated\">\n\t\t\t\t\t\t<div class=\"elementor-element elementor-element-0504a80 elementor-widget elementor-widget-image\" data-id=\"0504a80\" data-element_type=\"widget\" data-widget_type=\"image.default\">\n\t\t\t\t<div class=\"elementor-widget-container\">\n\t\t\t\t\t\t\t\t\t\t\t\t\t\t\t<img loading=\"lazy\" decoding=\"async\" width=\"800\" height=\"533\" src=\"https:\/\/richeskarayib.com\/wp-content\/uploads\/2026\/01\/sweet-pork-black-bowl-complete-with-cucumbers-long-beans-tomatoes-side-dishes-1024x682.jpg\" class=\"attachment-large size-large wp-image-68785\" alt=\"CARICOM\" srcset=\"https:\/\/richeskarayib.com\/wp-content\/uploads\/2026\/01\/sweet-pork-black-bowl-complete-with-cucumbers-long-beans-tomatoes-side-dishes-1024x682.jpg 1024w, https:\/\/richeskarayib.com\/wp-content\/uploads\/2026\/01\/sweet-pork-black-bowl-complete-with-cucumbers-long-beans-tomatoes-side-dishes-300x200.jpg 300w, https:\/\/richeskarayib.com\/wp-content\/uploads\/2026\/01\/sweet-pork-black-bowl-complete-with-cucumbers-long-beans-tomatoes-side-dishes-768x511.jpg 768w, https:\/\/richeskarayib.com\/wp-content\/uploads\/2026\/01\/sweet-pork-black-bowl-complete-with-cucumbers-long-beans-tomatoes-side-dishes-1536x1022.jpg 1536w, https:\/\/richeskarayib.com\/wp-content\/uploads\/2026\/01\/sweet-pork-black-bowl-complete-with-cucumbers-long-beans-tomatoes-side-dishes-1320x879.jpg 1320w, https:\/\/richeskarayib.com\/wp-content\/uploads\/2026\/01\/sweet-pork-black-bowl-complete-with-cucumbers-long-beans-tomatoes-side-dishes.jpg 1920w\" sizes=\"(max-width: 800px) 100vw, 800px\" \/>\t\t\t\t\t\t\t\t\t\t\t\t\t\t\t<\/div>\n\t\t\t\t<\/div>\n\t\t\t\t\t<\/div>\n\t\t<\/div>\n\t\t\t\t<div class=\"elementor-column elementor-col-50 elementor-inner-column elementor-element elementor-element-eb8ee27\" data-id=\"eb8ee27\" data-element_type=\"column\">\n\t\t\t<div class=\"elementor-widget-wrap elementor-element-populated\">\n\t\t\t\t\t\t<div class=\"elementor-element elementor-element-d386585 elementor-widget elementor-widget-image\" data-id=\"d386585\" data-element_type=\"widget\" data-widget_type=\"image.default\">\n\t\t\t\t<div class=\"elementor-widget-container\">\n\t\t\t\t\t\t\t\t\t\t\t\t\t\t\t<img loading=\"lazy\" decoding=\"async\" width=\"800\" height=\"534\" src=\"https:\/\/richeskarayib.com\/wp-content\/uploads\/2026\/01\/fruits-with-red-scales-1024x683.jpg\" class=\"attachment-large size-large wp-image-68789\" alt=\"CARICOM\" srcset=\"https:\/\/richeskarayib.com\/wp-content\/uploads\/2026\/01\/fruits-with-red-scales-1024x683.jpg 1024w, https:\/\/richeskarayib.com\/wp-content\/uploads\/2026\/01\/fruits-with-red-scales-300x200.jpg 300w, https:\/\/richeskarayib.com\/wp-content\/uploads\/2026\/01\/fruits-with-red-scales-768x512.jpg 768w, https:\/\/richeskarayib.com\/wp-content\/uploads\/2026\/01\/fruits-with-red-scales-1536x1024.jpg 1536w, https:\/\/richeskarayib.com\/wp-content\/uploads\/2026\/01\/fruits-with-red-scales-1320x880.jpg 1320w, https:\/\/richeskarayib.com\/wp-content\/uploads\/2026\/01\/fruits-with-red-scales.jpg 1920w\" sizes=\"(max-width: 800px) 100vw, 800px\" \/>\t\t\t\t\t\t\t\t\t\t\t\t\t\t\t<\/div>\n\t\t\t\t<\/div>\n\t\t\t\t\t<\/div>\n\t\t<\/div>\n\t\t\t\t\t<\/div>\n\t\t<\/section>\n\t\t\t\t\t<\/div>\n\t\t<\/div>\n\t\t\t\t\t<\/div>\n\t\t<\/section>\n\t\t\t\t<section class=\"elementor-section elementor-top-section elementor-element elementor-element-2e53817 elementor-section-boxed elementor-section-height-default elementor-section-height-default\" data-id=\"2e53817\" data-element_type=\"section\">\n\t\t\t\t\t\t<div class=\"elementor-container elementor-column-gap-default\">\n\t\t\t\t\t<div class=\"elementor-column elementor-col-100 elementor-top-column elementor-element elementor-element-42ddf8e\" data-id=\"42ddf8e\" data-element_type=\"column\">\n\t\t\t<div class=\"elementor-widget-wrap elementor-element-populated\">\n\t\t\t\t\t\t<div class=\"elementor-element elementor-element-6fc31c4 elementor-widget elementor-widget-heading\" data-id=\"6fc31c4\" data-element_type=\"widget\" data-widget_type=\"heading.default\">\n\t\t\t\t<div class=\"elementor-widget-container\">\n\t\t\t\t\t<h2 class=\"elementor-heading-title elementor-size-default\">Seguridad regional y delincuencia transnacional<\/h2>\t\t\t\t<\/div>\n\t\t\t\t<\/div>\n\t\t\t\t<section class=\"elementor-section elementor-inner-section elementor-element elementor-element-a7ea310 elementor-section-boxed elementor-section-height-default elementor-section-height-default\" data-id=\"a7ea310\" data-element_type=\"section\">\n\t\t\t\t\t\t<div class=\"elementor-container elementor-column-gap-default\">\n\t\t\t\t\t<div class=\"elementor-column elementor-col-100 elementor-inner-column elementor-element elementor-element-ac508cd\" data-id=\"ac508cd\" data-element_type=\"column\">\n\t\t\t<div class=\"elementor-widget-wrap elementor-element-populated\">\n\t\t\t\t\t\t<div class=\"elementor-element elementor-element-3bba566 elementor-widget elementor-widget-text-editor\" data-id=\"3bba566\" data-element_type=\"widget\" data-widget_type=\"text-editor.default\">\n\t\t\t\t<div class=\"elementor-widget-container\">\n\t\t\t\t\t\t\t\t\t<p><span style=\"font-weight: 400;\">La seguridad es tambi\u00e9n uno de los temas principales de la cumbre. La delincuencia organizada, el tr\u00e1fico de armas, la violencia urbana y los flujos il\u00edcitos son retos comunes a los que se enfrentan los Estados miembros de la CARICOM. Los dirigentes examinar\u00e1n los mecanismos de cooperaci\u00f3n existentes y las formas de reforzar la acci\u00f3n colectiva, sobre todo en lo que respecta al intercambio de informaci\u00f3n y la coordinaci\u00f3n operativa.  <\/span><\/p><p><span style=\"font-weight: 400;\">La seguridad se considera ahora un requisito previo para el desarrollo econ\u00f3mico y social de la regi\u00f3n.<\/span><\/p>\t\t\t\t\t\t\t\t<\/div>\n\t\t\t\t<\/div>\n\t\t\t\t\t<\/div>\n\t\t<\/div>\n\t\t\t\t\t<\/div>\n\t\t<\/section>\n\t\t\t\t\t<\/div>\n\t\t<\/div>\n\t\t\t\t\t<\/div>\n\t\t<\/section>\n\t\t\t\t<section class=\"elementor-section elementor-top-section elementor-element elementor-element-cdce283 elementor-section-boxed elementor-section-height-default elementor-section-height-default\" data-id=\"cdce283\" data-element_type=\"section\">\n\t\t\t\t\t\t<div class=\"elementor-container elementor-column-gap-default\">\n\t\t\t\t\t<div class=\"elementor-column elementor-col-100 elementor-top-column elementor-element elementor-element-0d24e43\" data-id=\"0d24e43\" data-element_type=\"column\">\n\t\t\t<div class=\"elementor-widget-wrap elementor-element-populated\">\n\t\t\t\t\t\t<div class=\"elementor-element elementor-element-6d67ce5 elementor-widget elementor-widget-heading\" data-id=\"6d67ce5\" data-element_type=\"widget\" data-widget_type=\"heading.default\">\n\t\t\t\t<div class=\"elementor-widget-container\">\n\t\t\t\t\t<h2 class=\"elementor-heading-title elementor-size-default\">Transporte y conectividad: un freno estructural a la integraci\u00f3n<\/h2>\t\t\t\t<\/div>\n\t\t\t\t<\/div>\n\t\t\t\t<section class=\"elementor-section elementor-inner-section elementor-element elementor-element-30daaa1 elementor-section-boxed elementor-section-height-default elementor-section-height-default\" data-id=\"30daaa1\" data-element_type=\"section\">\n\t\t\t\t\t\t<div class=\"elementor-container elementor-column-gap-default\">\n\t\t\t\t\t<div class=\"elementor-column elementor-col-100 elementor-inner-column elementor-element elementor-element-43802f0\" data-id=\"43802f0\" data-element_type=\"column\">\n\t\t\t<div class=\"elementor-widget-wrap elementor-element-populated\">\n\t\t\t\t\t\t<div class=\"elementor-element elementor-element-5efd726 elementor-widget elementor-widget-text-editor\" data-id=\"5efd726\" data-element_type=\"widget\" data-widget_type=\"text-editor.default\">\n\t\t\t\t<div class=\"elementor-widget-container\">\n\t\t\t\t\t\t\t\t\t<p><span style=\"font-weight: 400;\">El transporte intrarregional sigue siendo una cuesti\u00f3n delicada. Los elevados costes, la conectividad limitada y la dependencia de centros externos dificultan la movilidad de los ciudadanos y la circulaci\u00f3n de mercanc\u00edas dentro de <a href=\"https:\/\/richeskarayib.com\/es\/cooperacion-entre-los-estados-miembros-de-la-caricom-4-paises-caribenos-alcanzan-un-hito-historico\/\" target=\"_blank\" rel=\"noopener\">la CARICOM<\/a>. Los Jefes de Gobierno deber\u00edan reevaluar las opciones existentes para mejorar la conectividad a\u00e9rea y mar\u00edtima, un elemento clave de la integraci\u00f3n regional.  <\/span><\/p>\t\t\t\t\t\t\t\t<\/div>\n\t\t\t\t<\/div>\n\t\t\t\t<div class=\"elementor-element elementor-element-0b3f774 elementor-widget elementor-widget-image\" data-id=\"0b3f774\" data-element_type=\"widget\" data-widget_type=\"image.default\">\n\t\t\t\t<div class=\"elementor-widget-container\">\n\t\t\t\t\t\t\t\t\t\t\t\t\t\t\t<img loading=\"lazy\" decoding=\"async\" width=\"800\" height=\"448\" src=\"https:\/\/richeskarayib.com\/wp-content\/uploads\/2026\/01\/travel-destination-view-from-airplane-window-1024x574.jpg\" class=\"attachment-large size-large wp-image-68793\" alt=\"CARICOM\" srcset=\"https:\/\/richeskarayib.com\/wp-content\/uploads\/2026\/01\/travel-destination-view-from-airplane-window-1024x574.jpg 1024w, https:\/\/richeskarayib.com\/wp-content\/uploads\/2026\/01\/travel-destination-view-from-airplane-window-300x168.jpg 300w, https:\/\/richeskarayib.com\/wp-content\/uploads\/2026\/01\/travel-destination-view-from-airplane-window-768x430.jpg 768w, https:\/\/richeskarayib.com\/wp-content\/uploads\/2026\/01\/travel-destination-view-from-airplane-window-1536x861.jpg 1536w, https:\/\/richeskarayib.com\/wp-content\/uploads\/2026\/01\/travel-destination-view-from-airplane-window-1320x740.jpg 1320w, https:\/\/richeskarayib.com\/wp-content\/uploads\/2026\/01\/travel-destination-view-from-airplane-window.jpg 1920w\" sizes=\"(max-width: 800px) 100vw, 800px\" \/>\t\t\t\t\t\t\t\t\t\t\t\t\t\t\t<\/div>\n\t\t\t\t<\/div>\n\t\t\t\t\t<\/div>\n\t\t<\/div>\n\t\t\t\t\t<\/div>\n\t\t<\/section>\n\t\t\t\t\t<\/div>\n\t\t<\/div>\n\t\t\t\t\t<\/div>\n\t\t<\/section>\n\t\t\t\t<section class=\"elementor-section elementor-top-section elementor-element elementor-element-6128a1c elementor-section-boxed elementor-section-height-default elementor-section-height-default\" data-id=\"6128a1c\" data-element_type=\"section\">\n\t\t\t\t\t\t<div class=\"elementor-container elementor-column-gap-default\">\n\t\t\t\t\t<div class=\"elementor-column elementor-col-100 elementor-top-column elementor-element elementor-element-f067d52\" data-id=\"f067d52\" data-element_type=\"column\">\n\t\t\t<div class=\"elementor-widget-wrap elementor-element-populated\">\n\t\t\t\t\t\t<div class=\"elementor-element elementor-element-ccbc538 elementor-widget elementor-widget-heading\" data-id=\"ccbc538\" data-element_type=\"widget\" data-widget_type=\"heading.default\">\n\t\t\t\t<div class=\"elementor-widget-container\">\n\t\t\t\t\t<h2 class=\"elementor-heading-title elementor-size-default\">Reparaciones y relaciones internacionales<\/h2>\t\t\t\t<\/div>\n\t\t\t\t<\/div>\n\t\t\t\t<section class=\"elementor-section elementor-inner-section elementor-element elementor-element-1e6c8e7 elementor-section-boxed elementor-section-height-default elementor-section-height-default\" data-id=\"1e6c8e7\" data-element_type=\"section\">\n\t\t\t\t\t\t<div class=\"elementor-container elementor-column-gap-default\">\n\t\t\t\t\t<div class=\"elementor-column elementor-col-100 elementor-inner-column elementor-element elementor-element-40c6559\" data-id=\"40c6559\" data-element_type=\"column\">\n\t\t\t<div class=\"elementor-widget-wrap elementor-element-populated\">\n\t\t\t\t\t\t<div class=\"elementor-element elementor-element-310f83e elementor-widget elementor-widget-text-editor\" data-id=\"310f83e\" data-element_type=\"widget\" data-widget_type=\"text-editor.default\">\n\t\t\t\t<div class=\"elementor-widget-container\">\n\t\t\t\t\t\t\t\t\t<p><span style=\"font-weight: 400;\">La cuesti\u00f3n de las reparaciones por la esclavitud y el colonialismo seguir\u00e1 en el orden del d\u00eda, como continuaci\u00f3n de los trabajos de la Comisi\u00f3n de Reparaciones de la CARICOM. Al mismo tiempo, las relaciones exteriores ser\u00e1n objeto de debates en profundidad, ilustrados por la presencia de socios internacionales, especialmente de Arabia Saud\u00ed y \u00c1frica, se\u00f1al de la diversificaci\u00f3n diplom\u00e1tica y econ\u00f3mica que se est\u00e1 produciendo. <\/span><\/p>\t\t\t\t\t\t\t\t<\/div>\n\t\t\t\t<\/div>\n\t\t\t\t\t<\/div>\n\t\t<\/div>\n\t\t\t\t\t<\/div>\n\t\t<\/section>\n\t\t\t\t\t<\/div>\n\t\t<\/div>\n\t\t\t\t\t<\/div>\n\t\t<\/section>\n\t\t\t\t<section class=\"elementor-section elementor-top-section elementor-element elementor-element-a3fb4df elementor-section-boxed elementor-section-height-default elementor-section-height-default\" data-id=\"a3fb4df\" data-element_type=\"section\">\n\t\t\t\t\t\t<div class=\"elementor-container elementor-column-gap-default\">\n\t\t\t\t\t<div class=\"elementor-column elementor-col-100 elementor-top-column elementor-element elementor-element-8ac50fe\" data-id=\"8ac50fe\" data-element_type=\"column\">\n\t\t\t<div class=\"elementor-widget-wrap elementor-element-populated\">\n\t\t\t\t\t\t<div class=\"elementor-element elementor-element-6f86417 elementor-widget elementor-widget-heading\" data-id=\"6f86417\" data-element_type=\"widget\" data-widget_type=\"heading.default\">\n\t\t\t\t<div class=\"elementor-widget-container\">\n\t\t\t\t\t<h2 class=\"elementor-heading-title elementor-size-default\">Una cumbre bajo presi\u00f3n<\/h2>\t\t\t\t<\/div>\n\t\t\t\t<\/div>\n\t\t\t\t<section class=\"elementor-section elementor-inner-section elementor-element elementor-element-8589aec elementor-section-boxed elementor-section-height-default elementor-section-height-default\" data-id=\"8589aec\" data-element_type=\"section\">\n\t\t\t\t\t\t<div class=\"elementor-container elementor-column-gap-default\">\n\t\t\t\t\t<div class=\"elementor-column elementor-col-100 elementor-inner-column elementor-element elementor-element-928d570\" data-id=\"928d570\" data-element_type=\"column\">\n\t\t\t<div class=\"elementor-widget-wrap elementor-element-populated\">\n\t\t\t\t\t\t<div class=\"elementor-element elementor-element-f9c1ec1 elementor-widget elementor-widget-text-editor\" data-id=\"f9c1ec1\" data-element_type=\"widget\" data-widget_type=\"text-editor.default\">\n\t\t\t\t<div class=\"elementor-widget-container\">\n\t\t\t\t\t\t\t\t\t<p><span style=\"font-weight: 400;\">La conferencia finaliza el <\/span><b>27 de febrero<\/b><span style=\"font-weight: 400;\">  Mediante una conferencia de prensa final en el St Kitts Marriott. M\u00e1s all\u00e1 de los comunicados oficiales, esta 50\u1d49 cumbre ser\u00e1 juzgada por su capacidad de producir directrices claras y mensurables que vayan seguidas de acciones. <\/span><\/p><p><span style=\"font-weight: 400;\">Es mucho lo que est\u00e1 en juego: demostrar que la integraci\u00f3n regional puede seguir siendo una palanca concreta para el desarrollo, la resiliencia y la soberan\u00eda en un mundo cambiante.<\/span><\/p>\t\t\t\t\t\t\t\t<\/div>\n\t\t\t\t<\/div>\n\t\t\t\t\t<\/div>\n\t\t<\/div>\n\t\t\t\t\t<\/div>\n\t\t<\/section>\n\t\t\t\t\t<\/div>\n\t\t<\/div>\n\t\t\t\t\t<\/div>\n\t\t<\/section>\n\t\t\t\t<section class=\"elementor-section elementor-top-section elementor-element elementor-element-22bf69f elementor-section-boxed elementor-section-height-default elementor-section-height-default\" data-id=\"22bf69f\" data-element_type=\"section\">\n\t\t\t\t\t\t<div class=\"elementor-container elementor-column-gap-default\">\n\t\t\t\t\t<div class=\"elementor-column elementor-col-100 elementor-top-column elementor-element elementor-element-8aedddd\" data-id=\"8aedddd\" data-element_type=\"column\">\n\t\t\t<div class=\"elementor-widget-wrap elementor-element-populated\">\n\t\t\t\t\t\t<section class=\"elementor-section elementor-inner-section elementor-element elementor-element-c8e3557 elementor-section-boxed elementor-section-height-default elementor-section-height-default\" data-id=\"c8e3557\" data-element_type=\"section\">\n\t\t\t\t\t\t<div class=\"elementor-container elementor-column-gap-default\">\n\t\t\t\t\t<div class=\"elementor-column elementor-col-100 elementor-inner-column elementor-element elementor-element-1222702\" data-id=\"1222702\" data-element_type=\"column\">\n\t\t\t<div class=\"elementor-widget-wrap elementor-element-populated\">\n\t\t\t\t\t\t<div class=\"elementor-element elementor-element-2e40abe elementor-widget elementor-widget-accordion\" data-id=\"2e40abe\" data-element_type=\"widget\" data-widget_type=\"accordion.default\">\n\t\t\t\t<div class=\"elementor-widget-container\">\n\t\t\t\t\t\t\t<div class=\"elementor-accordion\">\n\t\t\t\t\t\t\t<div class=\"elementor-accordion-item\">\n\t\t\t\t\t<div id=\"elementor-tab-title-4841\" class=\"elementor-tab-title\" data-tab=\"1\" role=\"button\" aria-controls=\"elementor-tab-content-4841\" aria-expanded=\"false\">\n\t\t\t\t\t\t\t\t\t\t\t\t\t<span class=\"elementor-accordion-icon elementor-accordion-icon-left\" aria-hidden=\"true\">\n\t\t\t\t\t\t\t\t\t\t\t\t\t\t\t<span class=\"elementor-accordion-icon-closed\"><i class=\"fas fa-plus\"><\/i><\/span>\n\t\t\t\t\t\t\t\t<span class=\"elementor-accordion-icon-opened\"><i class=\"fas fa-minus\"><\/i><\/span>\n\t\t\t\t\t\t\t\t\t\t\t\t\t\t<\/span>\n\t\t\t\t\t\t\t\t\t\t\t\t<a class=\"elementor-accordion-title\" tabindex=\"0\">\u00bfQu\u00e9 es la 50\u1d49 Cumbre de Jefes de Gobierno del CARICOM?<\/a>\n\t\t\t\t\t<\/div>\n\t\t\t\t\t<div id=\"elementor-tab-content-4841\" class=\"elementor-tab-content elementor-clearfix\" data-tab=\"1\" role=\"region\" aria-labelledby=\"elementor-tab-title-4841\"><p><span style=\"font-weight: 400;\">La 50\u1d49 Reuni\u00f3n Ordinaria de la Conferencia de Jefes de Gobierno es un encuentro oficial que re\u00fane a los dirigentes de los Estados miembros de la CARICOM para fijar la direcci\u00f3n pol\u00edtica, econ\u00f3mica y diplom\u00e1tica de la regi\u00f3n del Caribe.<\/span><\/p>\n<\/div>\n\t\t\t\t<\/div>\n\t\t\t\t\t\t\t<div class=\"elementor-accordion-item\">\n\t\t\t\t\t<div id=\"elementor-tab-title-4842\" class=\"elementor-tab-title\" data-tab=\"2\" role=\"button\" aria-controls=\"elementor-tab-content-4842\" aria-expanded=\"false\">\n\t\t\t\t\t\t\t\t\t\t\t\t\t<span class=\"elementor-accordion-icon elementor-accordion-icon-left\" aria-hidden=\"true\">\n\t\t\t\t\t\t\t\t\t\t\t\t\t\t\t<span class=\"elementor-accordion-icon-closed\"><i class=\"fas fa-plus\"><\/i><\/span>\n\t\t\t\t\t\t\t\t<span class=\"elementor-accordion-icon-opened\"><i class=\"fas fa-minus\"><\/i><\/span>\n\t\t\t\t\t\t\t\t\t\t\t\t\t\t<\/span>\n\t\t\t\t\t\t\t\t\t\t\t\t<a class=\"elementor-accordion-title\" tabindex=\"0\">\u00bfCu\u00e1les fueron los principales temas debatidos en la cumbre?<\/a>\n\t\t\t\t\t<\/div>\n\t\t\t\t\t<div id=\"elementor-tab-content-4842\" class=\"elementor-tab-content elementor-clearfix\" data-tab=\"2\" role=\"region\" aria-labelledby=\"elementor-tab-title-4842\"><p><span style=\"font-weight: 400;\">Los debates se centrar\u00e1n en el Mercado \u00danico del Caribe (CSME), la financiaci\u00f3n clim\u00e1tica, la seguridad alimentaria, la seguridad regional, el transporte intracaribe\u00f1o, las reparaciones y las relaciones internacionales.<\/span><\/p>\n<\/div>\n\t\t\t\t<\/div>\n\t\t\t\t\t\t\t<div class=\"elementor-accordion-item\">\n\t\t\t\t\t<div id=\"elementor-tab-title-4843\" class=\"elementor-tab-title\" data-tab=\"3\" role=\"button\" aria-controls=\"elementor-tab-content-4843\" aria-expanded=\"false\">\n\t\t\t\t\t\t\t\t\t\t\t\t\t<span class=\"elementor-accordion-icon elementor-accordion-icon-left\" aria-hidden=\"true\">\n\t\t\t\t\t\t\t\t\t\t\t\t\t\t\t<span class=\"elementor-accordion-icon-closed\"><i class=\"fas fa-plus\"><\/i><\/span>\n\t\t\t\t\t\t\t\t<span class=\"elementor-accordion-icon-opened\"><i class=\"fas fa-minus\"><\/i><\/span>\n\t\t\t\t\t\t\t\t\t\t\t\t\t\t<\/span>\n\t\t\t\t\t\t\t\t\t\t\t\t<a class=\"elementor-accordion-title\" tabindex=\"0\">\u00bfPor qu\u00e9 es importante esta Cumbre de los 50\u1d49 para el futuro de la CARICOM?<\/a>\n\t\t\t\t\t<\/div>\n\t\t\t\t\t<div id=\"elementor-tab-content-4843\" class=\"elementor-tab-content elementor-clearfix\" data-tab=\"3\" role=\"region\" aria-labelledby=\"elementor-tab-title-4843\"><p><span style=\"font-weight: 400;\">Esta cumbre marca una etapa simb\u00f3lica y estrat\u00e9gica, con grandes expectativas de resultados concretos. Tiene lugar en un contexto de presiones econ\u00f3micas, clim\u00e1ticas y geopol\u00edticas que exigen una acci\u00f3n regional coordinada y eficaz. <\/span><\/p>\n<\/div>\n\t\t\t\t<\/div>\n\t\t\t\t\t\t\t\t<\/div>\n\t\t\t\t\t\t<\/div>\n\t\t\t\t<\/div>\n\t\t\t\t\t<\/div>\n\t\t<\/div>\n\t\t\t\t\t<\/div>\n\t\t<\/section>\n\t\t\t\t\t<\/div>\n\t\t<\/div>\n\t\t\t\t\t<\/div>\n\t\t<\/section>\n\t\t\t\t<\/div>\n\t\t","protected":false},"excerpt":{"rendered":"<p>En 24 al 27 de febrero de 2026los Jefes de Gobierno de CARICOM se reunir\u00e1n en Basseterre, \u00e0 San Crist\u00f3bal y Nievespara la 50\u00aa Reuni\u00f3n Ordinaria de la Conferencia de Jefes de Gobierno. Un acontecimiento altamente simb\u00f3lico, pero sobre todo estrat\u00e9gico, en un momento en que la regi\u00f3n del Caribe se enfrenta a una acumulaci\u00f3n [&hellip;]<\/p>\n","protected":false},"author":662,"featured_media":68769,"comment_status":"open","ping_status":"open","sticky":false,"template":"","format":"standard","meta":{"_acf_changed":false,"footnotes":""},"categories":[839],"tags":[1847],"class_list":["post-68795","post","type-post","status-publish","format-standard","has-post-thumbnail","hentry","category-noticias","tag-san-cristobal-y-nieves-2"],"acf":[],"_links":{"self":[{"href":"https:\/\/richeskarayib.com\/es\/wp-json\/wp\/v2\/posts\/68795","targetHints":{"allow":["GET"]}}],"collection":[{"href":"https:\/\/richeskarayib.com\/es\/wp-json\/wp\/v2\/posts"}],"about":[{"href":"https:\/\/richeskarayib.com\/es\/wp-json\/wp\/v2\/types\/post"}],"author":[{"embeddable":true,"href":"https:\/\/richeskarayib.com\/es\/wp-json\/wp\/v2\/users\/662"}],"replies":[{"embeddable":true,"href":"https:\/\/richeskarayib.com\/es\/wp-json\/wp\/v2\/comments?post=68795"}],"version-history":[{"count":0,"href":"https:\/\/richeskarayib.com\/es\/wp-json\/wp\/v2\/posts\/68795\/revisions"}],"wp:featuredmedia":[{"embeddable":true,"href":"https:\/\/richeskarayib.com\/es\/wp-json\/wp\/v2\/media\/68769"}],"wp:attachment":[{"href":"https:\/\/richeskarayib.com\/es\/wp-json\/wp\/v2\/media?parent=68795"}],"wp:term":[{"taxonomy":"category","embeddable":true,"href":"https:\/\/richeskarayib.com\/es\/wp-json\/wp\/v2\/categories?post=68795"},{"taxonomy":"post_tag","embeddable":true,"href":"https:\/\/richeskarayib.com\/es\/wp-json\/wp\/v2\/tags?post=68795"}],"curies":[{"name":"wp","href":"https:\/\/api.w.org\/{rel}","templated":true}]}}