{"id":68840,"date":"2026-01-29T07:47:37","date_gmt":"2026-01-29T11:47:37","guid":{"rendered":"https:\/\/richeskarayib.com\/el-patrimonio-cultural-de-saint-eustache-cuando-las-personas-mayores-participan-en-el-futuro-de-la-isla\/"},"modified":"2026-01-29T07:47:38","modified_gmt":"2026-01-29T11:47:38","slug":"el-patrimonio-cultural-de-saint-eustache-cuando-las-personas-mayores-participan-en-el-futuro-de-la-isla","status":"publish","type":"post","link":"https:\/\/richeskarayib.com\/es\/el-patrimonio-cultural-de-saint-eustache-cuando-las-personas-mayores-participan-en-el-futuro-de-la-isla\/","title":{"rendered":"El patrimonio cultural de Saint-Eustache: cuando las personas mayores participan en el futuro de la isla"},"content":{"rendered":"\t\t<div data-elementor-type=\"wp-post\" data-elementor-id=\"68840\" class=\"elementor elementor-68840 elementor-68818\" data-elementor-post-type=\"post\">\n\t\t\t\t\t\t<section class=\"elementor-section elementor-top-section elementor-element elementor-element-7ca7ca1 elementor-section-boxed elementor-section-height-default elementor-section-height-default\" data-id=\"7ca7ca1\" data-element_type=\"section\">\n\t\t\t\t\t\t<div class=\"elementor-container elementor-column-gap-default\">\n\t\t\t\t\t<div class=\"elementor-column elementor-col-100 elementor-top-column elementor-element elementor-element-cbdd002\" data-id=\"cbdd002\" data-element_type=\"column\">\n\t\t\t<div class=\"elementor-widget-wrap elementor-element-populated\">\n\t\t\t\t\t\t<section class=\"elementor-section elementor-inner-section elementor-element elementor-element-bc94849 elementor-section-boxed elementor-section-height-default elementor-section-height-default\" data-id=\"bc94849\" data-element_type=\"section\">\n\t\t\t\t\t\t<div class=\"elementor-container elementor-column-gap-default\">\n\t\t\t\t\t\t<\/div>\n\t\t<\/section>\n\t\t\t\t<section class=\"elementor-section elementor-inner-section elementor-element elementor-element-61571e6 elementor-section-boxed elementor-section-height-default elementor-section-height-default\" data-id=\"61571e6\" data-element_type=\"section\">\n\t\t\t\t\t\t<div class=\"elementor-container elementor-column-gap-default\">\n\t\t\t\t\t\t<\/div>\n\t\t<\/section>\n\t\t\t\t<section class=\"elementor-section elementor-inner-section elementor-element elementor-element-b6262e0 elementor-section-boxed elementor-section-height-default elementor-section-height-default\" data-id=\"b6262e0\" data-element_type=\"section\">\n\t\t\t\t\t\t<div class=\"elementor-container elementor-column-gap-default\">\n\t\t\t\t\t\t<\/div>\n\t\t<\/section>\n\t\t\t\t<section class=\"elementor-section elementor-inner-section elementor-element elementor-element-cca29fd elementor-section-boxed elementor-section-height-default elementor-section-height-default\" data-id=\"cca29fd\" data-element_type=\"section\">\n\t\t\t\t\t\t<div class=\"elementor-container elementor-column-gap-default\">\n\t\t\t\t\t\t<\/div>\n\t\t<\/section>\n\t\t\t\t\t<\/div>\n\t\t<\/div>\n\t\t\t\t\t<\/div>\n\t\t<\/section>\n\t\t\t\t<section class=\"elementor-section elementor-top-section elementor-element elementor-element-a6d4222 elementor-section-boxed elementor-section-height-default elementor-section-height-default\" data-id=\"a6d4222\" data-element_type=\"section\">\n\t\t\t\t\t\t<div class=\"elementor-container elementor-column-gap-default\">\n\t\t\t\t\t<div class=\"elementor-column elementor-col-100 elementor-top-column elementor-element elementor-element-ea27f09\" data-id=\"ea27f09\" data-element_type=\"column\">\n\t\t\t<div class=\"elementor-widget-wrap elementor-element-populated\">\n\t\t\t\t\t\t<section class=\"elementor-section elementor-inner-section elementor-element elementor-element-25c3156 elementor-section-boxed elementor-section-height-default elementor-section-height-default\" data-id=\"25c3156\" data-element_type=\"section\">\n\t\t\t\t\t\t<div class=\"elementor-container elementor-column-gap-default\">\n\t\t\t\t\t<div class=\"elementor-column elementor-col-100 elementor-inner-column elementor-element elementor-element-aac779c\" data-id=\"aac779c\" data-element_type=\"column\">\n\t\t\t<div class=\"elementor-widget-wrap elementor-element-populated\">\n\t\t\t\t\t\t<div class=\"elementor-element elementor-element-612550d elementor-widget elementor-widget-text-editor\" data-id=\"612550d\" data-element_type=\"widget\" data-widget_type=\"text-editor.default\">\n\t\t\t\t<div class=\"elementor-widget-container\">\n\t\t\t\t\t\t\t\t\t<p><span style=\"font-weight: 400;\">En <a href=\"https:\/\/www.saint-eustache.ca\/ville\/portrait\" target=\"_blank\" rel=\"noopener nofollow\">San Eustaquio<\/a>, una peque\u00f1a isla caribe\u00f1a con un pasado rico y a menudo poco conocido, la transmisi\u00f3n no se limita a los libros de historia. Tambi\u00e9n se construye mediante la palabra, la memoria viva y el compromiso colectivo. \u00c9sta es precisamente la ambici\u00f3n del proyecto Heritage in the Making, una iniciativa comunitaria que sit\u00faa a las personas mayores en el centro de la historia y cuestiona, con delicadeza, la    <\/span><b>patrimonio cultural de Saint-Eustache<\/b><span style=\"font-weight: 400;\"> en sus dimensiones humana, social y prospectiva.<\/span><\/p>\t\t\t\t\t\t\t\t<\/div>\n\t\t\t\t<\/div>\n\t\t\t\t<div class=\"elementor-element elementor-element-3839949 elementor-widget elementor-widget-text-editor\" data-id=\"3839949\" data-element_type=\"widget\" data-widget_type=\"text-editor.default\">\n\t\t\t\t<div class=\"elementor-widget-container\">\n\t\t\t\t\t\t\t\t\t<p><span style=\"font-weight: 400;\">Apoyado por Euxtopia Innovations, este proyecto se desarroll\u00f3 durante todo un a\u00f1o, en un periodo de tiempo deliberadamente largo. Se necesitaba tiempo para escuchar, debatir, crear y, sobre todo, reconocer el papel central de los mayores en la configuraci\u00f3n del futuro de la isla. Durante las fiestas, los mayores de Saint-Eustache no recibieron un regalo material, sino uno mucho m\u00e1s duradero: el reconocimiento de su voz y de su papel en la sociedad contempor\u00e1nea.  <\/span><\/p>\t\t\t\t\t\t\t\t<\/div>\n\t\t\t\t<\/div>\n\t\t\t\t<div class=\"elementor-element elementor-element-64f55f0 elementor-widget elementor-widget-image\" data-id=\"64f55f0\" data-element_type=\"widget\" data-widget_type=\"image.default\">\n\t\t\t\t<div class=\"elementor-widget-container\">\n\t\t\t\t\t\t\t\t\t\t\t\t<figure class=\"wp-caption\">\n\t\t\t\t\t\t\t\t\t\t<img fetchpriority=\"high\" decoding=\"async\" width=\"800\" height=\"449\" src=\"https:\/\/richeskarayib.com\/wp-content\/uploads\/2026\/01\/\u00a9Saint-Eustache-1-1024x575.jpg\" class=\"attachment-large size-large wp-image-68838\" alt=\"patrimoine culturel de Saint-Eustache\" srcset=\"https:\/\/richeskarayib.com\/wp-content\/uploads\/2026\/01\/\u00a9Saint-Eustache-1-1024x575.jpg 1024w, https:\/\/richeskarayib.com\/wp-content\/uploads\/2026\/01\/\u00a9Saint-Eustache-1-300x169.jpg 300w, https:\/\/richeskarayib.com\/wp-content\/uploads\/2026\/01\/\u00a9Saint-Eustache-1-768x432.jpg 768w, https:\/\/richeskarayib.com\/wp-content\/uploads\/2026\/01\/\u00a9Saint-Eustache-1.jpg 1210w\" sizes=\"(max-width: 800px) 100vw, 800px\" \/>\t\t\t\t\t\t\t\t\t\t\t<figcaption class=\"widget-image-caption wp-caption-text\">\u00a9Saint-Eustache<\/figcaption>\n\t\t\t\t\t\t\t\t\t\t<\/figure>\n\t\t\t\t\t\t\t\t\t<\/div>\n\t\t\t\t<\/div>\n\t\t\t\t\t<\/div>\n\t\t<\/div>\n\t\t\t\t\t<\/div>\n\t\t<\/section>\n\t\t\t\t\t<\/div>\n\t\t<\/div>\n\t\t\t\t\t<\/div>\n\t\t<\/section>\n\t\t\t\t<section class=\"elementor-section elementor-top-section elementor-element elementor-element-e1fea79 elementor-section-boxed elementor-section-height-default elementor-section-height-default\" data-id=\"e1fea79\" data-element_type=\"section\">\n\t\t\t\t\t\t<div class=\"elementor-container elementor-column-gap-default\">\n\t\t\t\t\t<div class=\"elementor-column elementor-col-100 elementor-top-column elementor-element elementor-element-6d0be76\" data-id=\"6d0be76\" data-element_type=\"column\">\n\t\t\t<div class=\"elementor-widget-wrap elementor-element-populated\">\n\t\t\t\t\t\t<div class=\"elementor-element elementor-element-a310b25 elementor-widget elementor-widget-heading\" data-id=\"a310b25\" data-element_type=\"widget\" data-widget_type=\"heading.default\">\n\t\t\t\t<div class=\"elementor-widget-container\">\n\t\t\t\t\t<h2 class=\"elementor-heading-title elementor-size-default\">Dar forma a las historias, preservar la memoria viva<\/h2>\t\t\t\t<\/div>\n\t\t\t\t<\/div>\n\t\t\t\t<div class=\"elementor-element elementor-element-bbb62ae elementor-widget elementor-widget-text-editor\" data-id=\"bbb62ae\" data-element_type=\"widget\" data-widget_type=\"text-editor.default\">\n\t\t\t\t<div class=\"elementor-widget-container\">\n\t\t\t\t\t\t\t\t\t<p><span style=\"font-weight: 400;\">El sitio <\/span><b>patrimonio cultural de Saint-Eustache<\/b><span style=\"font-weight: 400;\">  es algo m\u00e1s que sus vestigios coloniales y sus paisajes volc\u00e1nicos. Vive en los recuerdos, experiencias y reflexiones de quienes han visto evolucionar la isla a lo largo de las d\u00e9cadas. Heritage in the Making se bas\u00f3 en conversaciones en profundidad con personas mayores, organizadas en forma de sesiones guiadas de narraci\u00f3n y talleres creativos.  <\/span><\/p>\t\t\t\t\t\t\t\t<\/div>\n\t\t\t\t<\/div>\n\t\t\t\t<div class=\"elementor-element elementor-element-b912a17 elementor-widget elementor-widget-text-editor\" data-id=\"b912a17\" data-element_type=\"widget\" data-widget_type=\"text-editor.default\">\n\t\t\t\t<div class=\"elementor-widget-container\">\n\t\t\t\t\t\t\t\t\t<p><span style=\"font-weight: 400;\">Estos intercambios ayudaron a transformar los recuerdos, a veces \u00edntimos, a veces colectivos, en relatos escritos y obras visuales. Los participantes compartieron sus preocupaciones, sus esperanzas y su visi\u00f3n del futuro, contribuyendo a una reflexi\u00f3n global sobre los cambios sociales, econ\u00f3micos y culturales de la isla. Es un enfoque que va m\u00e1s all\u00e1 de la simple conservaci\u00f3n del pasado para hacer que la memoria forme parte de una din\u00e1mica activa y orientada hacia el futuro.  <\/span><\/p>\t\t\t\t\t\t\t\t<\/div>\n\t\t\t\t<\/div>\n\t\t\t\t<section class=\"elementor-section elementor-inner-section elementor-element elementor-element-862cc8d elementor-section-boxed elementor-section-height-default elementor-section-height-default\" data-id=\"862cc8d\" data-element_type=\"section\">\n\t\t\t\t\t\t<div class=\"elementor-container elementor-column-gap-default\">\n\t\t\t\t\t<div class=\"elementor-column elementor-col-100 elementor-inner-column elementor-element elementor-element-d0047f0\" data-id=\"d0047f0\" data-element_type=\"column\">\n\t\t\t<div class=\"elementor-widget-wrap elementor-element-populated\">\n\t\t\t\t\t\t<div class=\"elementor-element elementor-element-653a98f elementor-widget elementor-widget-image\" data-id=\"653a98f\" data-element_type=\"widget\" data-widget_type=\"image.default\">\n\t\t\t\t<div class=\"elementor-widget-container\">\n\t\t\t\t\t\t\t\t\t\t\t\t\t\t\t<img decoding=\"async\" width=\"768\" height=\"1024\" src=\"https:\/\/richeskarayib.com\/wp-content\/uploads\/2026\/01\/Press-Release-photo-1-768x1024.jpeg\" class=\"attachment-large size-large wp-image-68826\" alt=\"patrimoine culturel de Saint-Eustache\" srcset=\"https:\/\/richeskarayib.com\/wp-content\/uploads\/2026\/01\/Press-Release-photo-1-768x1024.jpeg 768w, https:\/\/richeskarayib.com\/wp-content\/uploads\/2026\/01\/Press-Release-photo-1-225x300.jpeg 225w, https:\/\/richeskarayib.com\/wp-content\/uploads\/2026\/01\/Press-Release-photo-1-1152x1536.jpeg 1152w, https:\/\/richeskarayib.com\/wp-content\/uploads\/2026\/01\/Press-Release-photo-1.jpeg 1200w\" sizes=\"(max-width: 768px) 100vw, 768px\" \/>\t\t\t\t\t\t\t\t\t\t\t\t\t\t\t<\/div>\n\t\t\t\t<\/div>\n\t\t\t\t\t<\/div>\n\t\t<\/div>\n\t\t\t\t\t<\/div>\n\t\t<\/section>\n\t\t\t\t\t<\/div>\n\t\t<\/div>\n\t\t\t\t\t<\/div>\n\t\t<\/section>\n\t\t\t\t<section class=\"elementor-section elementor-top-section elementor-element elementor-element-ee72354 elementor-section-boxed elementor-section-height-default elementor-section-height-default\" data-id=\"ee72354\" data-element_type=\"section\">\n\t\t\t\t\t\t<div class=\"elementor-container elementor-column-gap-default\">\n\t\t\t\t\t<div class=\"elementor-column elementor-col-100 elementor-top-column elementor-element elementor-element-c59d6fe\" data-id=\"c59d6fe\" data-element_type=\"column\">\n\t\t\t<div class=\"elementor-widget-wrap elementor-element-populated\">\n\t\t\t\t\t\t<section class=\"elementor-section elementor-inner-section elementor-element elementor-element-c5c11f7 elementor-section-boxed elementor-section-height-default elementor-section-height-default\" data-id=\"c5c11f7\" data-element_type=\"section\">\n\t\t\t\t\t\t<div class=\"elementor-container elementor-column-gap-default\">\n\t\t\t\t\t<div class=\"elementor-column elementor-col-100 elementor-inner-column elementor-element elementor-element-dc47e06\" data-id=\"dc47e06\" data-element_type=\"column\">\n\t\t\t<div class=\"elementor-widget-wrap elementor-element-populated\">\n\t\t\t\t\t\t<div class=\"elementor-element elementor-element-ddc6a1e elementor-widget elementor-widget-heading\" data-id=\"ddc6a1e\" data-element_type=\"widget\" data-widget_type=\"heading.default\">\n\t\t\t\t<div class=\"elementor-widget-container\">\n\t\t\t\t\t<h2 class=\"elementor-heading-title elementor-size-default\">Un equipo creativo al servicio de la comunidad<\/h2>\t\t\t\t<\/div>\n\t\t\t\t<\/div>\n\t\t\t\t<div class=\"elementor-element elementor-element-e57451f elementor-widget elementor-widget-text-editor\" data-id=\"e57451f\" data-element_type=\"widget\" data-widget_type=\"text-editor.default\">\n\t\t\t\t<div class=\"elementor-widget-container\">\n\t\t\t\t\t\t\t\t\t<p><span style=\"font-weight: 400;\">Bajo la direcci\u00f3n de EEdrie\u00ebnna Brandao, gestora del proyecto, un equipo comprometido acompa\u00f1\u00f3 a los mayores durante todo el proceso. Junto con la organizadora comunitaria Danielle Rivers, la autora F\u00ed de Wit y la especialista en contenidos Sabrina Richardson, los participantes trabajaron en un entorno estructurado, respetuoso y atento. El enfoque adoptado se bas\u00f3 en la escucha, el di\u00e1logo y la cocreaci\u00f3n, garantizando que cada voz se tuviera plenamente en cuenta.  <\/span><\/p><p><span style=\"font-weight: 400;\">Esta metodolog\u00eda ha reforzado el sentimiento de pertenencia y reconocimiento, al tiempo que ha tendido puentes entre generaciones. Al poner de relieve las historias contadas por las personas mayores, el proyecto tambi\u00e9n ha proporcionado a los m\u00e1s j\u00f3venes una lectura m\u00e1s matizada y encarnada del pasado.   <\/span><b>El patrimonio cultural de Saint-Eustache<\/b><span style=\"font-weight: 400;\">lejos de un discurso fijo o institucional.<\/span><\/p>\t\t\t\t\t\t\t\t<\/div>\n\t\t\t\t<\/div>\n\t\t\t\t\t<\/div>\n\t\t<\/div>\n\t\t\t\t\t<\/div>\n\t\t<\/section>\n\t\t\t\t\t<\/div>\n\t\t<\/div>\n\t\t\t\t\t<\/div>\n\t\t<\/section>\n\t\t\t\t<section class=\"elementor-section elementor-top-section elementor-element elementor-element-82cd8f9 elementor-section-boxed elementor-section-height-default elementor-section-height-default\" data-id=\"82cd8f9\" data-element_type=\"section\">\n\t\t\t\t\t\t<div class=\"elementor-container elementor-column-gap-default\">\n\t\t\t\t\t<div class=\"elementor-column elementor-col-100 elementor-top-column elementor-element elementor-element-0bfdc38\" data-id=\"0bfdc38\" data-element_type=\"column\">\n\t\t\t<div class=\"elementor-widget-wrap elementor-element-populated\">\n\t\t\t\t\t\t<div class=\"elementor-element elementor-element-7d292fe elementor-widget elementor-widget-heading\" data-id=\"7d292fe\" data-element_type=\"widget\" data-widget_type=\"heading.default\">\n\t\t\t\t<div class=\"elementor-widget-container\">\n\t\t\t\t\t<h2 class=\"elementor-heading-title elementor-size-default\">La colaboraci\u00f3n regional en el centro del proyecto<\/h2>\t\t\t\t<\/div>\n\t\t\t\t<\/div>\n\t\t\t\t<section class=\"elementor-section elementor-inner-section elementor-element elementor-element-6e6c94c elementor-section-boxed elementor-section-height-default elementor-section-height-default\" data-id=\"6e6c94c\" data-element_type=\"section\">\n\t\t\t\t\t\t<div class=\"elementor-container elementor-column-gap-default\">\n\t\t\t\t\t<div class=\"elementor-column elementor-col-100 elementor-inner-column elementor-element elementor-element-4bdaa26\" data-id=\"4bdaa26\" data-element_type=\"column\">\n\t\t\t<div class=\"elementor-widget-wrap elementor-element-populated\">\n\t\t\t\t\t\t<div class=\"elementor-element elementor-element-2d1517d elementor-widget elementor-widget-text-editor\" data-id=\"2d1517d\" data-element_type=\"widget\" data-widget_type=\"text-editor.default\">\n\t\t\t\t<div class=\"elementor-widget-container\">\n\t\t\t\t\t\t\t\t\t<p><span style=\"font-weight: 400;\">La iniciativa se distingui\u00f3 por su alcance regional. Las historias recogidas adquirieron una dimensi\u00f3n visual gracias al trabajo de la ilustradora digital afincada en Cura\u00e7ao Dione-Ariadne Bergland, cuyas obras transmiten con sensibilidad recuerdos y emociones compartidos. Elton Villarreal, de Trini Inc, tambi\u00e9n dirigi\u00f3 talleres creativos, que permitieron a los mayores participar activamente en el proceso art\u00edstico.  <\/span><\/p><p><span style=\"font-weight: 400;\">Esta colaboraci\u00f3n transcaribe\u00f1a ilustra otra faceta del patrimonio cultural de Saint-Eustache <\/span><b>patrimonio cultural de Saint-Eustache<\/b><span style=\"font-weight: 400;\"> Su lugar en un espacio regional donde los intercambios, las influencias y la solidaridad desempe\u00f1an un papel clave en la creaci\u00f3n contempor\u00e1nea.<\/span><\/p>\t\t\t\t\t\t\t\t<\/div>\n\t\t\t\t<\/div>\n\t\t\t\t\t<\/div>\n\t\t<\/div>\n\t\t\t\t\t<\/div>\n\t\t<\/section>\n\t\t\t\t<section class=\"elementor-section elementor-inner-section elementor-element elementor-element-f0a3d30 elementor-section-boxed elementor-section-height-default elementor-section-height-default\" data-id=\"f0a3d30\" data-element_type=\"section\">\n\t\t\t\t\t\t<div class=\"elementor-container elementor-column-gap-default\">\n\t\t\t\t\t<div class=\"elementor-column elementor-col-100 elementor-inner-column elementor-element elementor-element-15391e1\" data-id=\"15391e1\" data-element_type=\"column\">\n\t\t\t<div class=\"elementor-widget-wrap elementor-element-populated\">\n\t\t\t\t\t\t<div class=\"elementor-element elementor-element-caea8d7 elementor-widget elementor-widget-image\" data-id=\"caea8d7\" data-element_type=\"widget\" data-widget_type=\"image.default\">\n\t\t\t\t<div class=\"elementor-widget-container\">\n\t\t\t\t\t\t\t\t\t\t\t\t<figure class=\"wp-caption\">\n\t\t\t\t\t\t\t\t\t\t<img decoding=\"async\" width=\"800\" height=\"533\" src=\"https:\/\/richeskarayib.com\/wp-content\/uploads\/2026\/01\/\u00a9Saint-Eustache-1024x682.jpg\" class=\"attachment-large size-large wp-image-68834\" alt=\"patrimoine culturel de Saint-Eustache\" srcset=\"https:\/\/richeskarayib.com\/wp-content\/uploads\/2026\/01\/\u00a9Saint-Eustache-1024x682.jpg 1024w, https:\/\/richeskarayib.com\/wp-content\/uploads\/2026\/01\/\u00a9Saint-Eustache-300x200.jpg 300w, https:\/\/richeskarayib.com\/wp-content\/uploads\/2026\/01\/\u00a9Saint-Eustache-768x511.jpg 768w, https:\/\/richeskarayib.com\/wp-content\/uploads\/2026\/01\/\u00a9Saint-Eustache-1320x879.jpg 1320w, https:\/\/richeskarayib.com\/wp-content\/uploads\/2026\/01\/\u00a9Saint-Eustache.jpg 1500w\" sizes=\"(max-width: 800px) 100vw, 800px\" \/>\t\t\t\t\t\t\t\t\t\t\t<figcaption class=\"widget-image-caption wp-caption-text\">\u00a9Saint-Eustache<\/figcaption>\n\t\t\t\t\t\t\t\t\t\t<\/figure>\n\t\t\t\t\t\t\t\t\t<\/div>\n\t\t\t\t<\/div>\n\t\t\t\t\t<\/div>\n\t\t<\/div>\n\t\t\t\t\t<\/div>\n\t\t<\/section>\n\t\t\t\t<section class=\"elementor-section elementor-inner-section elementor-element elementor-element-c582330 elementor-section-boxed elementor-section-height-default elementor-section-height-default\" data-id=\"c582330\" data-element_type=\"section\">\n\t\t\t\t\t\t<div class=\"elementor-container elementor-column-gap-default\">\n\t\t\t\t\t\t<\/div>\n\t\t<\/section>\n\t\t\t\t<section class=\"elementor-section elementor-inner-section elementor-element elementor-element-296603a elementor-section-boxed elementor-section-height-default elementor-section-height-default\" data-id=\"296603a\" data-element_type=\"section\">\n\t\t\t\t\t\t<div class=\"elementor-container elementor-column-gap-default\">\n\t\t\t\t\t\t<\/div>\n\t\t<\/section>\n\t\t\t\t\t<\/div>\n\t\t<\/div>\n\t\t\t\t\t<\/div>\n\t\t<\/section>\n\t\t\t\t<section class=\"elementor-section elementor-top-section elementor-element elementor-element-5a7397d elementor-section-boxed elementor-section-height-default elementor-section-height-default\" data-id=\"5a7397d\" data-element_type=\"section\">\n\t\t\t\t\t\t<div class=\"elementor-container elementor-column-gap-default\">\n\t\t\t\t\t<div class=\"elementor-column elementor-col-100 elementor-top-column elementor-element elementor-element-8b33b4b\" data-id=\"8b33b4b\" data-element_type=\"column\">\n\t\t\t<div class=\"elementor-widget-wrap elementor-element-populated\">\n\t\t\t\t\t\t<div class=\"elementor-element elementor-element-89dac4b elementor-widget elementor-widget-heading\" data-id=\"89dac4b\" data-element_type=\"widget\" data-widget_type=\"heading.default\">\n\t\t\t\t<div class=\"elementor-widget-container\">\n\t\t\t\t\t<h2 class=\"elementor-heading-title elementor-size-default\">Reflexionar sobre el presente para pensar en el futuro\n<\/h2>\t\t\t\t<\/div>\n\t\t\t\t<\/div>\n\t\t\t\t<section class=\"elementor-section elementor-inner-section elementor-element elementor-element-95aa690 elementor-section-boxed elementor-section-height-default elementor-section-height-default\" data-id=\"95aa690\" data-element_type=\"section\">\n\t\t\t\t\t\t<div class=\"elementor-container elementor-column-gap-default\">\n\t\t\t\t\t<div class=\"elementor-column elementor-col-100 elementor-inner-column elementor-element elementor-element-ae7c4fc\" data-id=\"ae7c4fc\" data-element_type=\"column\">\n\t\t\t<div class=\"elementor-widget-wrap elementor-element-populated\">\n\t\t\t\t\t\t<div class=\"elementor-element elementor-element-819dd2d elementor-widget elementor-widget-text-editor\" data-id=\"819dd2d\" data-element_type=\"widget\" data-widget_type=\"text-editor.default\">\n\t\t\t\t<div class=\"elementor-widget-container\">\n\t\t\t\t\t\t\t\t\t<p><span style=\"font-weight: 400;\">Los d\u00edas 6 y 7 de diciembre, las sesiones de intercambio de ideas abordaron cuestiones clave como la cultura, la educaci\u00f3n, la vitalidad de la comunidad, los servicios bancarios y las infraestructuras. Estos debates permitieron a los mayores comparar sus experiencias pasadas con sus aspiraciones para el futuro de la isla. Un enfoque que da a los    <\/span><b>patrimonio cultural de Saint-Eustache<\/b><span style=\"font-weight: 400;\"> una dimensi\u00f3n decididamente pol\u00edtica y c\u00edvica.<\/span><\/p><p><span style=\"font-weight: 400;\">El 10 de diciembre, una presentaci\u00f3n previa reuni\u00f3 a los participantes para escuchar los primeros resultados del proyecto. Este momento de puesta en com\u00fan marc\u00f3 la culminaci\u00f3n de un viaje colectivo y el reconocimiento del papel de las personas mayores como agentes del cambio, en lugar de meros testigos del pasado. <\/span><\/p>\t\t\t\t\t\t\t\t<\/div>\n\t\t\t\t<\/div>\n\t\t\t\t\t<\/div>\n\t\t<\/div>\n\t\t\t\t\t<\/div>\n\t\t<\/section>\n\t\t\t\t<div class=\"elementor-element elementor-element-3cfda74 elementor-widget elementor-widget-image\" data-id=\"3cfda74\" data-element_type=\"widget\" data-widget_type=\"image.default\">\n\t\t\t\t<div class=\"elementor-widget-container\">\n\t\t\t\t\t\t\t\t\t\t\t\t\t\t\t<img loading=\"lazy\" decoding=\"async\" width=\"800\" height=\"534\" src=\"https:\/\/richeskarayib.com\/wp-content\/uploads\/2026\/01\/Press-Release-photo-3-1024x683.jpeg\" class=\"attachment-large size-large wp-image-68830\" alt=\"patrimoine culturel de Saint-Eustache\" srcset=\"https:\/\/richeskarayib.com\/wp-content\/uploads\/2026\/01\/Press-Release-photo-3-1024x683.jpeg 1024w, https:\/\/richeskarayib.com\/wp-content\/uploads\/2026\/01\/Press-Release-photo-3-300x200.jpeg 300w, https:\/\/richeskarayib.com\/wp-content\/uploads\/2026\/01\/Press-Release-photo-3-768x512.jpeg 768w, https:\/\/richeskarayib.com\/wp-content\/uploads\/2026\/01\/Press-Release-photo-3.jpeg 1296w\" sizes=\"(max-width: 800px) 100vw, 800px\" \/>\t\t\t\t\t\t\t\t\t\t\t\t\t\t\t<\/div>\n\t\t\t\t<\/div>\n\t\t\t\t\t<\/div>\n\t\t<\/div>\n\t\t\t\t\t<\/div>\n\t\t<\/section>\n\t\t\t\t<section class=\"elementor-section elementor-top-section elementor-element elementor-element-2e53817 elementor-section-boxed elementor-section-height-default elementor-section-height-default\" data-id=\"2e53817\" data-element_type=\"section\">\n\t\t\t\t\t\t<div class=\"elementor-container elementor-column-gap-default\">\n\t\t\t\t\t<div class=\"elementor-column elementor-col-100 elementor-top-column elementor-element elementor-element-42ddf8e\" data-id=\"42ddf8e\" data-element_type=\"column\">\n\t\t\t<div class=\"elementor-widget-wrap elementor-element-populated\">\n\t\t\t\t\t\t<div class=\"elementor-element elementor-element-6fc31c4 elementor-widget elementor-widget-heading\" data-id=\"6fc31c4\" data-element_type=\"widget\" data-widget_type=\"heading.default\">\n\t\t\t\t<div class=\"elementor-widget-container\">\n\t\t\t\t\t<h2 class=\"elementor-heading-title elementor-size-default\">Una publicaci\u00f3n como herramienta de archivo y transmisi\u00f3n<\/h2>\t\t\t\t<\/div>\n\t\t\t\t<\/div>\n\t\t\t\t<section class=\"elementor-section elementor-inner-section elementor-element elementor-element-a7ea310 elementor-section-boxed elementor-section-height-default elementor-section-height-default\" data-id=\"a7ea310\" data-element_type=\"section\">\n\t\t\t\t\t\t<div class=\"elementor-container elementor-column-gap-default\">\n\t\t\t\t\t<div class=\"elementor-column elementor-col-100 elementor-inner-column elementor-element elementor-element-ac508cd\" data-id=\"ac508cd\" data-element_type=\"column\">\n\t\t\t<div class=\"elementor-widget-wrap elementor-element-populated\">\n\t\t\t\t\t\t<div class=\"elementor-element elementor-element-3bba566 elementor-widget elementor-widget-text-editor\" data-id=\"3bba566\" data-element_type=\"widget\" data-widget_type=\"text-editor.default\">\n\t\t\t\t<div class=\"elementor-widget-container\">\n\t\t\t\t\t\t\t\t\t<p><span style=\"font-weight: 400;\">Las historias y obras del proyecto se han reunido en una publicaci\u00f3n impresa cuidadosamente dise\u00f1ada. Como documento cultural y archivo comunitario, el libro ayuda a preservar la memoria local al tiempo que inspira a las generaciones futuras. Se inscribe plenamente en la l\u00f3gica de desarrollo sostenible del    <\/span><b>patrimonio cultural de Saint-Eustache<\/b><span style=\"font-weight: 400;\">combinando transmisi\u00f3n, creaci\u00f3n y compromiso c\u00edvico.<\/span><\/p><p><span style=\"font-weight: 400;\">El proyecto ha contado con el apoyo de socios institucionales y culturales, como el Fonds voor Cultuurparticipatie, Cultuurfonds Caribisch Gebied, financiadores locales y el <a href=\"https:\/\/www.facebook.com\/p\/Statia-Roots-Festival-61565057516086\/\" target=\"_blank\" rel=\"noopener nofollow\">Festival Statia Roots<\/a>. Se trata de un apoyo decisivo para una iniciativa que demuestra que la cultura, cuando est\u00e1 arraigada en el \u00e1mbito local, puede ser una poderosa palanca de cohesi\u00f3n y proyecci\u00f3n colectiva. <\/span><\/p>\t\t\t\t\t\t\t\t<\/div>\n\t\t\t\t<\/div>\n\t\t\t\t<div class=\"elementor-element elementor-element-df52007 elementor-widget elementor-widget-text-editor\" data-id=\"df52007\" data-element_type=\"widget\" data-widget_type=\"text-editor.default\">\n\t\t\t\t<div class=\"elementor-widget-container\">\n\t\t\t\t\t\t\t\t\t<p><span style=\"font-weight: 400;\">A trav\u00e9s de Patrimonio en Construcci\u00f3n, Saint-Eustache nos recuerda que su futuro tambi\u00e9n se construye escuchando a quienes llevan su memoria. Una valiosa lecci\u00f3n para todo el <a href=\"https:\/\/richeskarayib.com\/es\/informe-especial-parte-4-2020-2023-los-tesoros-culturales-del-caribe-patrimonio-inmaterial-reconocido-por-la-unesco\/\" target=\"_blank\" rel=\"noopener\">Caribe<\/a>, donde el   <\/span><b>patrimonio cultural de Saint-Eustache<\/b><span style=\"font-weight: 400;\"> es un ejemplo de transmisi\u00f3n viva, participativa y profundamente humana.<\/span><\/p>\t\t\t\t\t\t\t\t<\/div>\n\t\t\t\t<\/div>\n\t\t\t\t\t<\/div>\n\t\t<\/div>\n\t\t\t\t\t<\/div>\n\t\t<\/section>\n\t\t\t\t\t<\/div>\n\t\t<\/div>\n\t\t\t\t\t<\/div>\n\t\t<\/section>\n\t\t\t\t<section class=\"elementor-section elementor-top-section elementor-element elementor-element-22bf69f elementor-section-boxed elementor-section-height-default elementor-section-height-default\" data-id=\"22bf69f\" data-element_type=\"section\">\n\t\t\t\t\t\t<div class=\"elementor-container elementor-column-gap-default\">\n\t\t\t\t\t<div class=\"elementor-column elementor-col-100 elementor-top-column elementor-element elementor-element-8aedddd\" data-id=\"8aedddd\" data-element_type=\"column\">\n\t\t\t<div class=\"elementor-widget-wrap elementor-element-populated\">\n\t\t\t\t\t\t<section class=\"elementor-section elementor-inner-section elementor-element elementor-element-c8e3557 elementor-section-boxed elementor-section-height-default elementor-section-height-default\" data-id=\"c8e3557\" data-element_type=\"section\">\n\t\t\t\t\t\t<div class=\"elementor-container elementor-column-gap-default\">\n\t\t\t\t\t<div class=\"elementor-column elementor-col-100 elementor-inner-column elementor-element elementor-element-1222702\" data-id=\"1222702\" data-element_type=\"column\">\n\t\t\t<div class=\"elementor-widget-wrap elementor-element-populated\">\n\t\t\t\t\t\t<div class=\"elementor-element elementor-element-2e40abe elementor-widget elementor-widget-accordion\" data-id=\"2e40abe\" data-element_type=\"widget\" data-widget_type=\"accordion.default\">\n\t\t\t\t<div class=\"elementor-widget-container\">\n\t\t\t\t\t\t\t<div class=\"elementor-accordion\">\n\t\t\t\t\t\t\t<div class=\"elementor-accordion-item\">\n\t\t\t\t\t<div id=\"elementor-tab-title-4841\" class=\"elementor-tab-title\" data-tab=\"1\" role=\"button\" aria-controls=\"elementor-tab-content-4841\" aria-expanded=\"false\">\n\t\t\t\t\t\t\t\t\t\t\t\t\t<span class=\"elementor-accordion-icon elementor-accordion-icon-left\" aria-hidden=\"true\">\n\t\t\t\t\t\t\t\t\t\t\t\t\t\t\t<span class=\"elementor-accordion-icon-closed\"><i class=\"fas fa-plus\"><\/i><\/span>\n\t\t\t\t\t\t\t\t<span class=\"elementor-accordion-icon-opened\"><i class=\"fas fa-minus\"><\/i><\/span>\n\t\t\t\t\t\t\t\t\t\t\t\t\t\t<\/span>\n\t\t\t\t\t\t\t\t\t\t\t\t<a class=\"elementor-accordion-title\" tabindex=\"0\">\u00bfPor qu\u00e9 las personas mayores desempe\u00f1an un papel tan importante en el patrimonio cultural de Saint-Eustache?<\/a>\n\t\t\t\t\t<\/div>\n\t\t\t\t\t<div id=\"elementor-tab-content-4841\" class=\"elementor-tab-content elementor-clearfix\" data-tab=\"1\" role=\"region\" aria-labelledby=\"elementor-tab-title-4841\"><p><span style=\"font-weight: 400;\">Las personas mayores son portadoras de una memoria viva, transmitida por experiencia directa. En Saint-Eustache, sus palabras contribuyen a documentar la historia social, cultural y econ\u00f3mica de la isla, al tiempo que aportan elementos de reflexi\u00f3n sobre su futuro. <\/span><\/p>\n<\/div>\n\t\t\t\t<\/div>\n\t\t\t\t\t\t\t<div class=\"elementor-accordion-item\">\n\t\t\t\t\t<div id=\"elementor-tab-title-4842\" class=\"elementor-tab-title\" data-tab=\"2\" role=\"button\" aria-controls=\"elementor-tab-content-4842\" aria-expanded=\"false\">\n\t\t\t\t\t\t\t\t\t\t\t\t\t<span class=\"elementor-accordion-icon elementor-accordion-icon-left\" aria-hidden=\"true\">\n\t\t\t\t\t\t\t\t\t\t\t\t\t\t\t<span class=\"elementor-accordion-icon-closed\"><i class=\"fas fa-plus\"><\/i><\/span>\n\t\t\t\t\t\t\t\t<span class=\"elementor-accordion-icon-opened\"><i class=\"fas fa-minus\"><\/i><\/span>\n\t\t\t\t\t\t\t\t\t\t\t\t\t\t<\/span>\n\t\t\t\t\t\t\t\t\t\t\t\t<a class=\"elementor-accordion-title\" tabindex=\"0\">\u00bfQu\u00e9 aporta el proyecto Patrimonio en Construcci\u00f3n al patrimonio cultural de Saint-Eustache?<\/a>\n\t\t\t\t\t<\/div>\n\t\t\t\t\t<div id=\"elementor-tab-content-4842\" class=\"elementor-tab-content elementor-clearfix\" data-tab=\"2\" role=\"region\" aria-labelledby=\"elementor-tab-title-4842\"><p><span style=\"font-weight: 400;\">El proyecto transforma las historias orales en archivos escritos y visuales duraderos. Contribuye a preservar el patrimonio cultural de Saint-Eustache al tiempo que lo hace accesible, compartido y vivo para las generaciones futuras. <\/span><\/p>\n<\/div>\n\t\t\t\t<\/div>\n\t\t\t\t\t\t\t<div class=\"elementor-accordion-item\">\n\t\t\t\t\t<div id=\"elementor-tab-title-4843\" class=\"elementor-tab-title\" data-tab=\"3\" role=\"button\" aria-controls=\"elementor-tab-content-4843\" aria-expanded=\"false\">\n\t\t\t\t\t\t\t\t\t\t\t\t\t<span class=\"elementor-accordion-icon elementor-accordion-icon-left\" aria-hidden=\"true\">\n\t\t\t\t\t\t\t\t\t\t\t\t\t\t\t<span class=\"elementor-accordion-icon-closed\"><i class=\"fas fa-plus\"><\/i><\/span>\n\t\t\t\t\t\t\t\t<span class=\"elementor-accordion-icon-opened\"><i class=\"fas fa-minus\"><\/i><\/span>\n\t\t\t\t\t\t\t\t\t\t\t\t\t\t<\/span>\n\t\t\t\t\t\t\t\t\t\t\t\t<a class=\"elementor-accordion-title\" tabindex=\"0\">\u00bfC\u00f3mo va este proyecto m\u00e1s all\u00e1 de la mera conservaci\u00f3n del pasado?<\/a>\n\t\t\t\t\t<\/div>\n\t\t\t\t\t<div id=\"elementor-tab-content-4843\" class=\"elementor-tab-content elementor-clearfix\" data-tab=\"3\" role=\"region\" aria-labelledby=\"elementor-tab-title-4843\"><p><span style=\"font-weight: 400;\">El Patrimonio en Construcci\u00f3n no se limita a preservar la memoria. Involucra a los mayores en una reflexi\u00f3n activa sobre cuestiones contempor\u00e1neas -cultura, educaci\u00f3n, infraestructuras- y sit\u00faa el patrimonio cultural de Saint-Eustache en una din\u00e1mica de futuro. <\/span><\/p>\n<\/div>\n\t\t\t\t<\/div>\n\t\t\t\t\t\t\t\t<\/div>\n\t\t\t\t\t\t<\/div>\n\t\t\t\t<\/div>\n\t\t\t\t\t<\/div>\n\t\t<\/div>\n\t\t\t\t\t<\/div>\n\t\t<\/section>\n\t\t\t\t\t<\/div>\n\t\t<\/div>\n\t\t\t\t\t<\/div>\n\t\t<\/section>\n\t\t\t\t<\/div>\n\t\t","protected":false},"excerpt":{"rendered":"<p>En San Eustaquio, una peque\u00f1a isla caribe\u00f1a con un pasado rico y a menudo poco conocido, la transmisi\u00f3n no se limita a los libros de historia. Tambi\u00e9n se construye mediante la palabra, la memoria viva y el compromiso colectivo. \u00c9sta es precisamente la ambici\u00f3n del proyecto Heritage in the Making, una iniciativa comunitaria que sit\u00faa [&hellip;]<\/p>\n","protected":false},"author":662,"featured_media":68822,"comment_status":"open","ping_status":"open","sticky":false,"template":"","format":"standard","meta":{"_acf_changed":false,"footnotes":""},"categories":[1469],"tags":[1850],"class_list":["post-68840","post","type-post","status-publish","format-standard","has-post-thumbnail","hentry","category-historia-patrimonio","tag-saint-eustache"],"acf":[],"_links":{"self":[{"href":"https:\/\/richeskarayib.com\/es\/wp-json\/wp\/v2\/posts\/68840","targetHints":{"allow":["GET"]}}],"collection":[{"href":"https:\/\/richeskarayib.com\/es\/wp-json\/wp\/v2\/posts"}],"about":[{"href":"https:\/\/richeskarayib.com\/es\/wp-json\/wp\/v2\/types\/post"}],"author":[{"embeddable":true,"href":"https:\/\/richeskarayib.com\/es\/wp-json\/wp\/v2\/users\/662"}],"replies":[{"embeddable":true,"href":"https:\/\/richeskarayib.com\/es\/wp-json\/wp\/v2\/comments?post=68840"}],"version-history":[{"count":0,"href":"https:\/\/richeskarayib.com\/es\/wp-json\/wp\/v2\/posts\/68840\/revisions"}],"wp:featuredmedia":[{"embeddable":true,"href":"https:\/\/richeskarayib.com\/es\/wp-json\/wp\/v2\/media\/68822"}],"wp:attachment":[{"href":"https:\/\/richeskarayib.com\/es\/wp-json\/wp\/v2\/media?parent=68840"}],"wp:term":[{"taxonomy":"category","embeddable":true,"href":"https:\/\/richeskarayib.com\/es\/wp-json\/wp\/v2\/categories?post=68840"},{"taxonomy":"post_tag","embeddable":true,"href":"https:\/\/richeskarayib.com\/es\/wp-json\/wp\/v2\/tags?post=68840"}],"curies":[{"name":"wp","href":"https:\/\/api.w.org\/{rel}","templated":true}]}}