{"id":69029,"date":"2026-02-04T07:27:32","date_gmt":"2026-02-04T11:27:32","guid":{"rendered":"https:\/\/richeskarayib.com\/4-de-febrero-de-1794-abolicion-de-la-esclavitud-en-las-colonias-francesas-decision-impuesta-por-el-caribe\/"},"modified":"2026-02-04T07:27:33","modified_gmt":"2026-02-04T11:27:33","slug":"4-de-febrero-de-1794-abolicion-de-la-esclavitud-en-las-colonias-francesas-decision-impuesta-por-el-caribe","status":"publish","type":"post","link":"https:\/\/richeskarayib.com\/es\/4-de-febrero-de-1794-abolicion-de-la-esclavitud-en-las-colonias-francesas-decision-impuesta-por-el-caribe\/","title":{"rendered":"4 de febrero de 1794: abolici\u00f3n de la esclavitud en las colonias francesas, decisi\u00f3n impuesta por el Caribe"},"content":{"rendered":"\t\t<div data-elementor-type=\"wp-post\" data-elementor-id=\"69029\" class=\"elementor elementor-69029 elementor-68999\" data-elementor-post-type=\"post\">\n\t\t\t\t\t\t<section class=\"elementor-section elementor-top-section elementor-element elementor-element-7ca7ca1 elementor-section-boxed elementor-section-height-default elementor-section-height-default\" data-id=\"7ca7ca1\" data-element_type=\"section\">\n\t\t\t\t\t\t<div class=\"elementor-container elementor-column-gap-default\">\n\t\t\t\t\t<div class=\"elementor-column elementor-col-100 elementor-top-column elementor-element elementor-element-cbdd002\" data-id=\"cbdd002\" data-element_type=\"column\">\n\t\t\t<div class=\"elementor-widget-wrap elementor-element-populated\">\n\t\t\t\t\t\t<section class=\"elementor-section elementor-inner-section elementor-element elementor-element-bc94849 elementor-section-boxed elementor-section-height-default elementor-section-height-default\" data-id=\"bc94849\" data-element_type=\"section\">\n\t\t\t\t\t\t<div class=\"elementor-container elementor-column-gap-default\">\n\t\t\t\t\t\t<\/div>\n\t\t<\/section>\n\t\t\t\t<section class=\"elementor-section elementor-inner-section elementor-element elementor-element-61571e6 elementor-section-boxed elementor-section-height-default elementor-section-height-default\" data-id=\"61571e6\" data-element_type=\"section\">\n\t\t\t\t\t\t<div class=\"elementor-container elementor-column-gap-default\">\n\t\t\t\t\t\t<\/div>\n\t\t<\/section>\n\t\t\t\t<section class=\"elementor-section elementor-inner-section elementor-element elementor-element-b6262e0 elementor-section-boxed elementor-section-height-default elementor-section-height-default\" data-id=\"b6262e0\" data-element_type=\"section\">\n\t\t\t\t\t\t<div class=\"elementor-container elementor-column-gap-default\">\n\t\t\t\t\t\t<\/div>\n\t\t<\/section>\n\t\t\t\t<section class=\"elementor-section elementor-inner-section elementor-element elementor-element-cca29fd elementor-section-boxed elementor-section-height-default elementor-section-height-default\" data-id=\"cca29fd\" data-element_type=\"section\">\n\t\t\t\t\t\t<div class=\"elementor-container elementor-column-gap-default\">\n\t\t\t\t\t\t<\/div>\n\t\t<\/section>\n\t\t\t\t\t<\/div>\n\t\t<\/div>\n\t\t\t\t\t<\/div>\n\t\t<\/section>\n\t\t\t\t<section class=\"elementor-section elementor-top-section elementor-element elementor-element-a6d4222 elementor-section-boxed elementor-section-height-default elementor-section-height-default\" data-id=\"a6d4222\" data-element_type=\"section\">\n\t\t\t\t\t\t<div class=\"elementor-container elementor-column-gap-default\">\n\t\t\t\t\t<div class=\"elementor-column elementor-col-100 elementor-top-column elementor-element elementor-element-ea27f09\" data-id=\"ea27f09\" data-element_type=\"column\">\n\t\t\t<div class=\"elementor-widget-wrap elementor-element-populated\">\n\t\t\t\t\t\t<section class=\"elementor-section elementor-inner-section elementor-element elementor-element-25c3156 elementor-section-boxed elementor-section-height-default elementor-section-height-default\" data-id=\"25c3156\" data-element_type=\"section\">\n\t\t\t\t\t\t<div class=\"elementor-container elementor-column-gap-default\">\n\t\t\t\t\t<div class=\"elementor-column elementor-col-100 elementor-inner-column elementor-element elementor-element-aac779c\" data-id=\"aac779c\" data-element_type=\"column\">\n\t\t\t<div class=\"elementor-widget-wrap elementor-element-populated\">\n\t\t\t\t\t\t<div class=\"elementor-element elementor-element-612550d elementor-widget elementor-widget-text-editor\" data-id=\"612550d\" data-element_type=\"widget\" data-widget_type=\"text-editor.default\">\n\t\t\t\t<div class=\"elementor-widget-container\">\n\t\t\t\t\t\t\t\t\t<p><span style=\"font-weight: 400;\">Le <\/span><b>4 de febrero de 1794<\/b><span style=\"font-weight: 400;\">La Rep\u00fablica Francesa adopt\u00f3 un importante decreto: la<a href=\"https:\/\/fr.wikipedia.org\/wiki\/D%C3%A9cret_d%27abolition_de_l%27esclavage_du_4_f%C3%A9vrier_1794\" target=\"_blank\" rel=\"noopener nofollow\">abolici\u00f3n de la esclavitud<\/a> en las colonias francesas. El texto fue aprobado por el   <\/span><b>Convenci\u00f3n Nacional<\/b><span style=\"font-weight: 400;\"> y concierne directamente al Caribe: <\/span><b>Santo Domingo (futuro Hait\u00ed)<\/b><span style=\"font-weight: 400;\">y <\/span><b>Guadalupe<\/b><span style=\"font-weight: 400;\">Guadalupe <\/span><b>Martinica<\/b><span style=\"font-weight: 400;\"> y la Guayana <\/span><b>Guayana Francesa<\/b><span style=\"font-weight: 400;\">.<\/span><\/p><p><span style=\"font-weight: 400;\">Esta fecha aparece a menudo en los libros de texto como el progreso republicano. Sin embargo, no puede entenderse como una decisi\u00f3n ilustrada ca\u00edda del cielo. La abolici\u00f3n de la esclavitud en las colonias francesas fue ante todo una respuesta al colapso colonial, desencadenado por las revueltas, levantamientos y resistencia organizada de los esclavos caribe\u00f1os.  <\/span><\/p>\t\t\t\t\t\t\t\t<\/div>\n\t\t\t\t<\/div>\n\t\t\t\t<div class=\"elementor-element elementor-element-127af35 elementor-widget elementor-widget-text-editor\" data-id=\"127af35\" data-element_type=\"widget\" data-widget_type=\"text-editor.default\">\n\t\t\t\t<div class=\"elementor-widget-container\">\n\t\t\t\t\t\t\t\t\t<p><span style=\"font-weight: 400;\">El 4 de febrero de 1794 no fue, pues, un d\u00eda de generosidad pol\u00edtica. Marc\u00f3 un momento en el que el Estado franc\u00e9s ya no ten\u00eda ninguna opci\u00f3n real. <\/span><\/p>\t\t\t\t\t\t\t\t<\/div>\n\t\t\t\t<\/div>\n\t\t\t\t\t<\/div>\n\t\t<\/div>\n\t\t\t\t\t<\/div>\n\t\t<\/section>\n\t\t\t\t\t<\/div>\n\t\t<\/div>\n\t\t\t\t\t<\/div>\n\t\t<\/section>\n\t\t\t\t<section class=\"elementor-section elementor-top-section elementor-element elementor-element-e1fea79 elementor-section-boxed elementor-section-height-default elementor-section-height-default\" data-id=\"e1fea79\" data-element_type=\"section\">\n\t\t\t\t\t\t<div class=\"elementor-container elementor-column-gap-default\">\n\t\t\t\t\t<div class=\"elementor-column elementor-col-100 elementor-top-column elementor-element elementor-element-6d0be76\" data-id=\"6d0be76\" data-element_type=\"column\">\n\t\t\t<div class=\"elementor-widget-wrap elementor-element-populated\">\n\t\t\t\t\t\t<div class=\"elementor-element elementor-element-a310b25 elementor-widget elementor-widget-heading\" data-id=\"a310b25\" data-element_type=\"widget\" data-widget_type=\"heading.default\">\n\t\t\t\t<div class=\"elementor-widget-container\">\n\t\t\t\t\t<h2 class=\"elementor-heading-title elementor-size-default\">La abolici\u00f3n de la esclavitud naci\u00f3 del caos colonial<\/h2>\t\t\t\t<\/div>\n\t\t\t\t<\/div>\n\t\t\t\t<div class=\"elementor-element elementor-element-bbb62ae elementor-widget elementor-widget-text-editor\" data-id=\"bbb62ae\" data-element_type=\"widget\" data-widget_type=\"text-editor.default\">\n\t\t\t\t<div class=\"elementor-widget-container\">\n\t\t\t\t\t\t\t\t\t<p><span style=\"font-weight: 400;\">Incluso antes de que se aprobara el decreto, el sistema esclavista ya se estaba resquebrajando desde dentro. \u00c0   <\/span><b>Santo Domingo<\/b><span style=\"font-weight: 400;\">En 1791 estall\u00f3 una insurrecci\u00f3n en la colonia francesa m\u00e1s rica. Miles de esclavos se sublevaron, quemando plantaciones, perturbando la producci\u00f3n y enfrent\u00e1ndose a la milicia colonial. <\/span><\/p><p><span style=\"font-weight: 400;\">Esta revuelta no fue improvisada ni aislada. Se bas\u00f3 en redes, l\u00edderes militares y estrategias de supervivencia y combate. Pronto result\u00f3 imposible mantener el orden colonial. La Francia revolucionaria, ya comprometida en conflictos europeos, se encontr\u00f3 con una colonia ingobernable.   <\/span><\/p>\t\t\t\t\t\t\t\t<\/div>\n\t\t\t\t<\/div>\n\t\t\t\t<div class=\"elementor-element elementor-element-47eac82 elementor-widget elementor-widget-text-editor\" data-id=\"47eac82\" data-element_type=\"widget\" data-widget_type=\"text-editor.default\">\n\t\t\t\t<div class=\"elementor-widget-container\">\n\t\t\t\t\t\t\t\t\t<p><span style=\"font-weight: 400;\">En este contexto, proclamar la libertad no es un ideal abstracto. Es un intento de salvar lo que a\u00fan puede salvarse. <\/span><\/p>\t\t\t\t\t\t\t\t<\/div>\n\t\t\t\t<\/div>\n\t\t\t\t<div class=\"elementor-element elementor-element-1dc60c7 elementor-widget elementor-widget-image\" data-id=\"1dc60c7\" data-element_type=\"widget\" data-widget_type=\"image.default\">\n\t\t\t\t<div class=\"elementor-widget-container\">\n\t\t\t\t\t\t\t\t\t\t\t\t\t\t\t<img fetchpriority=\"high\" decoding=\"async\" width=\"800\" height=\"534\" src=\"https:\/\/richeskarayib.com\/wp-content\/uploads\/2026\/02\/symbolic-representation-end-slavery-u-s-with-people-color-2-1024x683.jpg\" class=\"attachment-large size-large wp-image-69023\" alt=\"abolition de l\u2019esclavage\" srcset=\"https:\/\/richeskarayib.com\/wp-content\/uploads\/2026\/02\/symbolic-representation-end-slavery-u-s-with-people-color-2-1024x683.jpg 1024w, https:\/\/richeskarayib.com\/wp-content\/uploads\/2026\/02\/symbolic-representation-end-slavery-u-s-with-people-color-2-300x200.jpg 300w, https:\/\/richeskarayib.com\/wp-content\/uploads\/2026\/02\/symbolic-representation-end-slavery-u-s-with-people-color-2-768x512.jpg 768w, https:\/\/richeskarayib.com\/wp-content\/uploads\/2026\/02\/symbolic-representation-end-slavery-u-s-with-people-color-2-1536x1024.jpg 1536w, https:\/\/richeskarayib.com\/wp-content\/uploads\/2026\/02\/symbolic-representation-end-slavery-u-s-with-people-color-2-1320x880.jpg 1320w, https:\/\/richeskarayib.com\/wp-content\/uploads\/2026\/02\/symbolic-representation-end-slavery-u-s-with-people-color-2.jpg 1920w\" sizes=\"(max-width: 800px) 100vw, 800px\" \/>\t\t\t\t\t\t\t\t\t\t\t\t\t\t\t<\/div>\n\t\t\t\t<\/div>\n\t\t\t\t\t<\/div>\n\t\t<\/div>\n\t\t\t\t\t<\/div>\n\t\t<\/section>\n\t\t\t\t<section class=\"elementor-section elementor-top-section elementor-element elementor-element-ee72354 elementor-section-boxed elementor-section-height-default elementor-section-height-default\" data-id=\"ee72354\" data-element_type=\"section\">\n\t\t\t\t\t\t<div class=\"elementor-container elementor-column-gap-default\">\n\t\t\t\t\t<div class=\"elementor-column elementor-col-100 elementor-top-column elementor-element elementor-element-c59d6fe\" data-id=\"c59d6fe\" data-element_type=\"column\">\n\t\t\t<div class=\"elementor-widget-wrap elementor-element-populated\">\n\t\t\t\t\t\t<section class=\"elementor-section elementor-inner-section elementor-element elementor-element-c5c11f7 elementor-section-boxed elementor-section-height-default elementor-section-height-default\" data-id=\"c5c11f7\" data-element_type=\"section\">\n\t\t\t\t\t\t<div class=\"elementor-container elementor-column-gap-default\">\n\t\t\t\t\t<div class=\"elementor-column elementor-col-100 elementor-inner-column elementor-element elementor-element-dc47e06\" data-id=\"dc47e06\" data-element_type=\"column\">\n\t\t\t<div class=\"elementor-widget-wrap elementor-element-populated\">\n\t\t\t\t\t\t<div class=\"elementor-element elementor-element-ddc6a1e elementor-widget elementor-widget-heading\" data-id=\"ddc6a1e\" data-element_type=\"widget\" data-widget_type=\"heading.default\">\n\t\t\t\t<div class=\"elementor-widget-container\">\n\t\t\t\t\t<h2 class=\"elementor-heading-title elementor-size-default\">1793: proclamaci\u00f3n de la libertad ante Par\u00eds<\/h2>\t\t\t\t<\/div>\n\t\t\t\t<\/div>\n\t\t\t\t<div class=\"elementor-element elementor-element-e57451f elementor-widget elementor-widget-text-editor\" data-id=\"e57451f\" data-element_type=\"widget\" data-widget_type=\"text-editor.default\">\n\t\t\t\t<div class=\"elementor-widget-container\">\n\t\t\t\t\t\t\t\t\t<p><span style=\"font-weight: 400;\">A menudo se olvida un elemento fundamental: la<\/span>abolici\u00f3n de la esclavitud  <span style=\"font-weight: 400;\">comenz\u00f3 sobre el terreno, ante Par\u00eds. En 1793, en Saint-Domingue, los comisarios civiles de la Rep\u00fablica proclamaron la libertad de los esclavos para evitar la p\u00e9rdida total de la colonia y reunir a los antiguos esclavos en el bando republicano. <\/span><\/p><p><span style=\"font-weight: 400;\">Esta cronolog\u00eda es esencial. El decreto del 4 de febrero de 1794 no desencaden\u00f3 la libertad, la hizo oficial. Transform\u00f3 una realidad local impuesta por la guerra y la revuelta en una decisi\u00f3n nacional.  <\/span><\/p>\t\t\t\t\t\t\t\t<\/div>\n\t\t\t\t<\/div>\n\t\t\t\t<div class=\"elementor-element elementor-element-1c666d1 elementor-widget elementor-widget-text-editor\" data-id=\"1c666d1\" data-element_type=\"widget\" data-widget_type=\"text-editor.default\">\n\t\t\t\t<div class=\"elementor-widget-container\">\n\t\t\t\t\t\t\t\t\t<p><span style=\"font-weight: 400;\">Es una inversi\u00f3n cl\u00e1sica en la historia colonial: el Imperio se adapta tras perder el control.<\/span><\/p>\t\t\t\t\t\t\t\t<\/div>\n\t\t\t\t<\/div>\n\t\t\t\t\t<\/div>\n\t\t<\/div>\n\t\t\t\t\t<\/div>\n\t\t<\/section>\n\t\t\t\t<section class=\"elementor-section elementor-inner-section elementor-element elementor-element-f1dec49 elementor-section-boxed elementor-section-height-default elementor-section-height-default\" data-id=\"f1dec49\" data-element_type=\"section\">\n\t\t\t\t\t\t<div class=\"elementor-container elementor-column-gap-default\">\n\t\t\t\t\t<div class=\"elementor-column elementor-col-50 elementor-inner-column elementor-element elementor-element-02a5ce7\" data-id=\"02a5ce7\" data-element_type=\"column\">\n\t\t\t<div class=\"elementor-widget-wrap elementor-element-populated\">\n\t\t\t\t\t\t<div class=\"elementor-element elementor-element-ccc5b7a elementor-widget elementor-widget-image\" data-id=\"ccc5b7a\" data-element_type=\"widget\" data-widget_type=\"image.default\">\n\t\t\t\t<div class=\"elementor-widget-container\">\n\t\t\t\t\t\t\t\t\t\t\t\t<figure class=\"wp-caption\">\n\t\t\t\t\t\t\t\t\t\t<img decoding=\"async\" width=\"720\" height=\"405\" src=\"https:\/\/richeskarayib.com\/wp-content\/uploads\/2026\/02\/\u00a9DR-1.webp\" class=\"attachment-large size-large wp-image-69007\" alt=\"abolition de l\u2019esclavage\" srcset=\"https:\/\/richeskarayib.com\/wp-content\/uploads\/2026\/02\/\u00a9DR-1.webp 720w, https:\/\/richeskarayib.com\/wp-content\/uploads\/2026\/02\/\u00a9DR-1-300x169.webp 300w\" sizes=\"(max-width: 720px) 100vw, 720px\" \/>\t\t\t\t\t\t\t\t\t\t\t<figcaption class=\"widget-image-caption wp-caption-text\">\u00a9DR<\/figcaption>\n\t\t\t\t\t\t\t\t\t\t<\/figure>\n\t\t\t\t\t\t\t\t\t<\/div>\n\t\t\t\t<\/div>\n\t\t\t\t\t<\/div>\n\t\t<\/div>\n\t\t\t\t<div class=\"elementor-column elementor-col-50 elementor-inner-column elementor-element elementor-element-51130b9\" data-id=\"51130b9\" data-element_type=\"column\">\n\t\t\t<div class=\"elementor-widget-wrap elementor-element-populated\">\n\t\t\t\t\t\t<div class=\"elementor-element elementor-element-c509938 elementor-widget elementor-widget-image\" data-id=\"c509938\" data-element_type=\"widget\" data-widget_type=\"image.default\">\n\t\t\t\t<div class=\"elementor-widget-container\">\n\t\t\t\t\t\t\t\t\t\t\t\t<figure class=\"wp-caption\">\n\t\t\t\t\t\t\t\t\t\t<img decoding=\"async\" width=\"800\" height=\"450\" src=\"https:\/\/richeskarayib.com\/wp-content\/uploads\/2026\/02\/\u00a9DR.webp\" class=\"attachment-large size-large wp-image-69011\" alt=\"abolition de l\u2019esclavage\" srcset=\"https:\/\/richeskarayib.com\/wp-content\/uploads\/2026\/02\/\u00a9DR.webp 900w, https:\/\/richeskarayib.com\/wp-content\/uploads\/2026\/02\/\u00a9DR-300x169.webp 300w, https:\/\/richeskarayib.com\/wp-content\/uploads\/2026\/02\/\u00a9DR-768x432.webp 768w\" sizes=\"(max-width: 800px) 100vw, 800px\" \/>\t\t\t\t\t\t\t\t\t\t\t<figcaption class=\"widget-image-caption wp-caption-text\">\u00a9DR<\/figcaption>\n\t\t\t\t\t\t\t\t\t\t<\/figure>\n\t\t\t\t\t\t\t\t\t<\/div>\n\t\t\t\t<\/div>\n\t\t\t\t\t<\/div>\n\t\t<\/div>\n\t\t\t\t\t<\/div>\n\t\t<\/section>\n\t\t\t\t\t<\/div>\n\t\t<\/div>\n\t\t\t\t\t<\/div>\n\t\t<\/section>\n\t\t\t\t<section class=\"elementor-section elementor-top-section elementor-element elementor-element-82cd8f9 elementor-section-boxed elementor-section-height-default elementor-section-height-default\" data-id=\"82cd8f9\" data-element_type=\"section\">\n\t\t\t\t\t\t<div class=\"elementor-container elementor-column-gap-default\">\n\t\t\t\t\t<div class=\"elementor-column elementor-col-100 elementor-top-column elementor-element elementor-element-0bfdc38\" data-id=\"0bfdc38\" data-element_type=\"column\">\n\t\t\t<div class=\"elementor-widget-wrap elementor-element-populated\">\n\t\t\t\t\t\t<div class=\"elementor-element elementor-element-7d292fe elementor-widget elementor-widget-heading\" data-id=\"7d292fe\" data-element_type=\"widget\" data-widget_type=\"heading.default\">\n\t\t\t\t<div class=\"elementor-widget-container\">\n\t\t\t\t\t<h2 class=\"elementor-heading-title elementor-size-default\">Lo que dice realmente el decreto de 4 de febrero de 1794<\/h2>\t\t\t\t<\/div>\n\t\t\t\t<\/div>\n\t\t\t\t<section class=\"elementor-section elementor-inner-section elementor-element elementor-element-6e6c94c elementor-section-boxed elementor-section-height-default elementor-section-height-default\" data-id=\"6e6c94c\" data-element_type=\"section\">\n\t\t\t\t\t\t<div class=\"elementor-container elementor-column-gap-default\">\n\t\t\t\t\t<div class=\"elementor-column elementor-col-100 elementor-inner-column elementor-element elementor-element-4bdaa26\" data-id=\"4bdaa26\" data-element_type=\"column\">\n\t\t\t<div class=\"elementor-widget-wrap elementor-element-populated\">\n\t\t\t\t\t\t<div class=\"elementor-element elementor-element-2d1517d elementor-widget elementor-widget-text-editor\" data-id=\"2d1517d\" data-element_type=\"widget\" data-widget_type=\"text-editor.default\">\n\t\t\t\t<div class=\"elementor-widget-container\">\n\t\t\t\t\t\t\t\t\t<p><span style=\"font-weight: 400;\">El texto abol\u00eda la esclavitud en todas las colonias francesas y conced\u00eda la ciudadan\u00eda a los antiguos esclavos, independientemente de su color. En t\u00e9rminos jur\u00eddicos, la ruptura era clara: los esclavos dejaban de ser propiedad y se convert\u00edan en sujetos de derecho. A escala europea, la ley era excepcional. Pocos estados se atrev\u00edan entonces a ir tan lejos. Pero este avance segu\u00eda siendo fr\u00e1gil, ya que se basaba en un equilibrio pol\u00edtico inestable.    <\/span><\/p><p><span style=\"font-weight: 400;\">La<a href=\"https:\/\/richeskarayib.com\/es\/guadalupe-27-de-mayo-de-1848-abolicion-de-la-esclavitud-memoria-de-una-conquista-y-de-una-lucha-permanente\/\" target=\"_blank\" rel=\"noopener\">abolici\u00f3n de la esclavitud<\/a> en las colonias francesas existe ahora <\/span><b>en la ley<\/b><span style=\"font-weight: 400;\">pero su realidad segu\u00eda dependiendo de las luchas de poder locales.<\/span><\/p>\t\t\t\t\t\t\t\t<\/div>\n\t\t\t\t<\/div>\n\t\t\t\t<div class=\"elementor-element elementor-element-c9376d3 elementor-widget elementor-widget-video\" data-id=\"c9376d3\" data-element_type=\"widget\" data-settings=\"{&quot;youtube_url&quot;:&quot;https:\\\/\\\/www.youtube.com\\\/watch?v=9dMjQchBslM&quot;,&quot;video_type&quot;:&quot;youtube&quot;,&quot;controls&quot;:&quot;yes&quot;}\" data-widget_type=\"video.default\">\n\t\t\t\t<div class=\"elementor-widget-container\">\n\t\t\t\t\t\t\t<div class=\"elementor-wrapper elementor-open-inline\">\n\t\t\t<div class=\"elementor-video\"><\/div>\t\t<\/div>\n\t\t\t\t\t\t<\/div>\n\t\t\t\t<\/div>\n\t\t\t\t\t<\/div>\n\t\t<\/div>\n\t\t\t\t\t<\/div>\n\t\t<\/section>\n\t\t\t\t<section class=\"elementor-section elementor-inner-section elementor-element elementor-element-c582330 elementor-section-boxed elementor-section-height-default elementor-section-height-default\" data-id=\"c582330\" data-element_type=\"section\">\n\t\t\t\t\t\t<div class=\"elementor-container elementor-column-gap-default\">\n\t\t\t\t\t\t<\/div>\n\t\t<\/section>\n\t\t\t\t<section class=\"elementor-section elementor-inner-section elementor-element elementor-element-296603a elementor-section-boxed elementor-section-height-default elementor-section-height-default\" data-id=\"296603a\" data-element_type=\"section\">\n\t\t\t\t\t\t<div class=\"elementor-container elementor-column-gap-default\">\n\t\t\t\t\t\t<\/div>\n\t\t<\/section>\n\t\t\t\t\t<\/div>\n\t\t<\/div>\n\t\t\t\t\t<\/div>\n\t\t<\/section>\n\t\t\t\t<section class=\"elementor-section elementor-top-section elementor-element elementor-element-5a7397d elementor-section-boxed elementor-section-height-default elementor-section-height-default\" data-id=\"5a7397d\" data-element_type=\"section\">\n\t\t\t\t\t\t<div class=\"elementor-container elementor-column-gap-default\">\n\t\t\t\t\t<div class=\"elementor-column elementor-col-100 elementor-top-column elementor-element elementor-element-8b33b4b\" data-id=\"8b33b4b\" data-element_type=\"column\">\n\t\t\t<div class=\"elementor-widget-wrap elementor-element-populated\">\n\t\t\t\t\t\t<div class=\"elementor-element elementor-element-89dac4b elementor-widget elementor-widget-heading\" data-id=\"89dac4b\" data-element_type=\"widget\" data-widget_type=\"heading.default\">\n\t\t\t\t<div class=\"elementor-widget-container\">\n\t\t\t\t\t<h2 class=\"elementor-heading-title elementor-size-default\">Aplicaciones muy diferentes seg\u00fan la regi\u00f3n<\/h2>\t\t\t\t<\/div>\n\t\t\t\t<\/div>\n\t\t\t\t<div class=\"elementor-element elementor-element-819dd2d elementor-widget elementor-widget-text-editor\" data-id=\"819dd2d\" data-element_type=\"widget\" data-widget_type=\"text-editor.default\">\n\t\t\t\t<div class=\"elementor-widget-container\">\n\t\t\t\t\t\t\t\t\t<h3><strong>La abolici\u00f3n de la esclavitud en Guadalupe: libertad condicional<\/strong><\/h3><p><span style=\"font-weight: 400;\">En Guadalupe se proclam\u00f3 la abolici\u00f3n de la esclavitud en 1794, tras la toma de la isla por las fuerzas republicanas. Los antiguos esclavos fueron armados, alistados y movilizados para defender el territorio. La libertad era real, pero estaba vinculada al esfuerzo b\u00e9lico y a la lealtad a la Rep\u00fablica.  <\/span><\/p>\t\t\t\t\t\t\t\t<\/div>\n\t\t\t\t<\/div>\n\t\t\t\t<div class=\"elementor-element elementor-element-448af0c elementor-widget elementor-widget-text-editor\" data-id=\"448af0c\" data-element_type=\"widget\" data-widget_type=\"text-editor.default\">\n\t\t\t\t<div class=\"elementor-widget-container\">\n\t\t\t\t\t\t\t\t\t<h3><strong>La abolici\u00f3n de la esclavitud en <\/strong><b>Martinica: libertad suspendida<\/b><\/h3><p><span style=\"font-weight: 400;\">En la Martinica ocupada por los brit\u00e1nicos, el decreto no se aplic\u00f3. La esclavitud persisti\u00f3 a pesar de la decisi\u00f3n parisina. Esta situaci\u00f3n revela una realidad brutal:    <\/span><b>una ley puede aprobarse sin aplicarse nunca<\/b><span style=\"font-weight: 400;\">.<\/span><\/p>\t\t\t\t\t\t\t\t<\/div>\n\t\t\t\t<\/div>\n\t\t\t\t<div class=\"elementor-element elementor-element-dfac2b9 elementor-widget elementor-widget-text-editor\" data-id=\"dfac2b9\" data-element_type=\"widget\" data-widget_type=\"text-editor.default\">\n\t\t\t\t<div class=\"elementor-widget-container\">\n\t\t\t\t\t\t\t\t\t<h3><strong>La abolici\u00f3n de la esclavitud en <\/strong><b>Santo Domingo: un proceso irreversible<\/b><\/h3><p><span style=\"font-weight: 400;\">En Santo Domingo, la abolici\u00f3n de la esclavitud formaba parte de un movimiento m\u00e1s amplio. Los antiguos esclavos ya controlaban territorios enteros. La ruptura con el orden colonial fue profunda y conducir\u00eda, unos a\u00f1os m\u00e1s tarde, a la independencia de Hait\u00ed en 1804.  <\/span><\/p><p><span style=\"font-weight: 400;\">Estas discrepancias demuestran que la abolici\u00f3n de la esclavitud en las colonias francesas no fue uniforme ni estuvo garantizada.<\/span><\/p>\t\t\t\t\t\t\t\t<\/div>\n\t\t\t\t<\/div>\n\t\t\t\t<section class=\"elementor-section elementor-inner-section elementor-element elementor-element-cb1dfdd elementor-section-boxed elementor-section-height-default elementor-section-height-default\" data-id=\"cb1dfdd\" data-element_type=\"section\">\n\t\t\t\t\t\t<div class=\"elementor-container elementor-column-gap-default\">\n\t\t\t\t\t<div class=\"elementor-column elementor-col-50 elementor-inner-column elementor-element elementor-element-e2b4492\" data-id=\"e2b4492\" data-element_type=\"column\">\n\t\t\t<div class=\"elementor-widget-wrap elementor-element-populated\">\n\t\t\t\t\t\t<div class=\"elementor-element elementor-element-1287137 elementor-widget elementor-widget-image\" data-id=\"1287137\" data-element_type=\"widget\" data-widget_type=\"image.default\">\n\t\t\t\t<div class=\"elementor-widget-container\">\n\t\t\t\t\t\t\t\t\t\t\t\t\t\t\t<img loading=\"lazy\" decoding=\"async\" width=\"800\" height=\"605\" src=\"https:\/\/richeskarayib.com\/wp-content\/uploads\/2026\/02\/Capture-decran-2026-02-04-a-14.30.23-1024x774.png\" class=\"attachment-large size-large wp-image-69015\" alt=\"abolition de l\u2019esclavage\" srcset=\"https:\/\/richeskarayib.com\/wp-content\/uploads\/2026\/02\/Capture-decran-2026-02-04-a-14.30.23-1024x774.png 1024w, https:\/\/richeskarayib.com\/wp-content\/uploads\/2026\/02\/Capture-decran-2026-02-04-a-14.30.23-300x227.png 300w, https:\/\/richeskarayib.com\/wp-content\/uploads\/2026\/02\/Capture-decran-2026-02-04-a-14.30.23-768x580.png 768w, https:\/\/richeskarayib.com\/wp-content\/uploads\/2026\/02\/Capture-decran-2026-02-04-a-14.30.23.png 1097w\" sizes=\"(max-width: 800px) 100vw, 800px\" \/>\t\t\t\t\t\t\t\t\t\t\t\t\t\t\t<\/div>\n\t\t\t\t<\/div>\n\t\t\t\t\t<\/div>\n\t\t<\/div>\n\t\t\t\t<div class=\"elementor-column elementor-col-50 elementor-inner-column elementor-element elementor-element-343653d\" data-id=\"343653d\" data-element_type=\"column\">\n\t\t\t<div class=\"elementor-widget-wrap elementor-element-populated\">\n\t\t\t\t\t\t<div class=\"elementor-element elementor-element-696ebac elementor-widget elementor-widget-image\" data-id=\"696ebac\" data-element_type=\"widget\" data-widget_type=\"image.default\">\n\t\t\t\t<div class=\"elementor-widget-container\">\n\t\t\t\t\t\t\t\t\t\t\t\t\t\t\t<img loading=\"lazy\" decoding=\"async\" width=\"800\" height=\"600\" src=\"https:\/\/richeskarayib.com\/wp-content\/uploads\/2026\/02\/Capture-decran-2026-02-04-a-14.29.56-1024x768.png\" class=\"attachment-large size-large wp-image-69019\" alt=\"abolition de l\u2019esclavage\" srcset=\"https:\/\/richeskarayib.com\/wp-content\/uploads\/2026\/02\/Capture-decran-2026-02-04-a-14.29.56-1024x768.png 1024w, https:\/\/richeskarayib.com\/wp-content\/uploads\/2026\/02\/Capture-decran-2026-02-04-a-14.29.56-300x225.png 300w, https:\/\/richeskarayib.com\/wp-content\/uploads\/2026\/02\/Capture-decran-2026-02-04-a-14.29.56-768x576.png 768w, https:\/\/richeskarayib.com\/wp-content\/uploads\/2026\/02\/Capture-decran-2026-02-04-a-14.29.56.png 1096w\" sizes=\"(max-width: 800px) 100vw, 800px\" \/>\t\t\t\t\t\t\t\t\t\t\t\t\t\t\t<\/div>\n\t\t\t\t<\/div>\n\t\t\t\t\t<\/div>\n\t\t<\/div>\n\t\t\t\t\t<\/div>\n\t\t<\/section>\n\t\t\t\t\t<\/div>\n\t\t<\/div>\n\t\t\t\t\t<\/div>\n\t\t<\/section>\n\t\t\t\t<section class=\"elementor-section elementor-top-section elementor-element elementor-element-8aad9d4 elementor-section-boxed elementor-section-height-default elementor-section-height-default\" data-id=\"8aad9d4\" data-element_type=\"section\">\n\t\t\t\t\t\t<div class=\"elementor-container elementor-column-gap-default\">\n\t\t\t\t\t<div class=\"elementor-column elementor-col-100 elementor-top-column elementor-element elementor-element-165bce0\" data-id=\"165bce0\" data-element_type=\"column\">\n\t\t\t<div class=\"elementor-widget-wrap elementor-element-populated\">\n\t\t\t\t\t\t<section class=\"elementor-section elementor-inner-section elementor-element elementor-element-5233f35 elementor-section-boxed elementor-section-height-default elementor-section-height-default\" data-id=\"5233f35\" data-element_type=\"section\">\n\t\t\t\t\t\t<div class=\"elementor-container elementor-column-gap-default\">\n\t\t\t\t\t<div class=\"elementor-column elementor-col-50 elementor-inner-column elementor-element elementor-element-f0f9791\" data-id=\"f0f9791\" data-element_type=\"column\">\n\t\t\t<div class=\"elementor-widget-wrap elementor-element-populated\">\n\t\t\t\t\t\t<div class=\"elementor-element elementor-element-6fc31c4 elementor-widget elementor-widget-heading\" data-id=\"6fc31c4\" data-element_type=\"widget\" data-widget_type=\"heading.default\">\n\t\t\t\t<div class=\"elementor-widget-container\">\n\t\t\t\t\t<h2 class=\"elementor-heading-title elementor-size-default\">Los olvidados de la historia: mujeres, marronas y contrabandistas<\/h2>\t\t\t\t<\/div>\n\t\t\t\t<\/div>\n\t\t\t\t<div class=\"elementor-element elementor-element-3bba566 elementor-widget elementor-widget-text-editor\" data-id=\"3bba566\" data-element_type=\"widget\" data-widget_type=\"text-editor.default\">\n\t\t\t\t<div class=\"elementor-widget-container\">\n\t\t\t\t\t\t\t\t\t<p><span style=\"font-weight: 400;\">Detr\u00e1s de los decretos y las fechas, hay vidas. Mujeres esclavas, marronas, curanderas, mensajeras, a menudo ausentes de los archivos oficiales. Sin embargo, desempe\u00f1aron un papel fundamental en la transmisi\u00f3n, la supervivencia y la resistencia. Algunas huyeron de las plantaciones, otras organizaron redes de ayuda mutua, escondieron a insurgentes y transmitieron historias y conocimientos. Sus acciones no est\u00e1n consagradas por la ley, pero participaron plenamente en el hundimiento del sistema esclavista.    <\/span><\/p><p><span style=\"font-weight: 400;\">Hablar del 4 de febrero de 1794 sin mencionar estas trayectorias es reducir la abolici\u00f3n a un acto administrativo, cuando es ante todo <\/span><b>una experiencia humana y colectiva<\/b><span style=\"font-weight: 400;\">.<\/span><\/p>\t\t\t\t\t\t\t\t<\/div>\n\t\t\t\t<\/div>\n\t\t\t\t<div class=\"elementor-element elementor-element-f4de714 elementor-widget elementor-widget-heading\" data-id=\"f4de714\" data-element_type=\"widget\" data-widget_type=\"heading.default\">\n\t\t\t\t<div class=\"elementor-widget-container\">\n\t\t\t\t\t<h2 class=\"elementor-heading-title elementor-size-default\">1802: cuando la Rep\u00fablica reneg\u00f3 de su propia decisi\u00f3n<\/h2>\t\t\t\t<\/div>\n\t\t\t\t<\/div>\n\t\t\t\t<div class=\"elementor-element elementor-element-165414f elementor-widget elementor-widget-text-editor\" data-id=\"165414f\" data-element_type=\"widget\" data-widget_type=\"text-editor.default\">\n\t\t\t\t<div class=\"elementor-widget-container\">\n\t\t\t\t\t\t\t\t\t<p><span style=\"font-weight: 400;\">En <\/span><b>1802<\/b><span style=\"font-weight: 400;\">bajo el Consulado, el gobierno dirigido por <\/span><b>Napole\u00f3n Bonaparte<\/b><span style=\"font-weight: 400;\">  reintrodujo la esclavitud en varias colonias. Este retroceso no fue discreto. Fue acompa\u00f1ado de represi\u00f3n, deportaciones y la determinaci\u00f3n de restablecer la econom\u00eda de plantaci\u00f3n. Los hombres y mujeres libres volvieron a ser reducidos a la esclavitud. Este giro revela una verdad inquietante: los principios republicanos ceden cuando se considera que los intereses coloniales tienen prioridad.    <\/span><\/p><p><span style=\"font-weight: 400;\">El 4 de febrero de 1794 fue un interludio fr\u00e1gil y disputado.<\/span><\/p>\t\t\t\t\t\t\t\t<\/div>\n\t\t\t\t<\/div>\n\t\t\t\t\t<\/div>\n\t\t<\/div>\n\t\t\t\t<div class=\"elementor-column elementor-col-50 elementor-inner-column elementor-element elementor-element-f2d31e3\" data-id=\"f2d31e3\" data-element_type=\"column\">\n\t\t\t<div class=\"elementor-widget-wrap elementor-element-populated\">\n\t\t\t\t\t\t<div class=\"elementor-element elementor-element-3d0e20e elementor-widget elementor-widget-image\" data-id=\"3d0e20e\" data-element_type=\"widget\" data-widget_type=\"image.default\">\n\t\t\t\t<div class=\"elementor-widget-container\">\n\t\t\t\t\t\t\t\t\t\t\t\t\t\t\t<img loading=\"lazy\" decoding=\"async\" width=\"683\" height=\"1024\" src=\"https:\/\/richeskarayib.com\/wp-content\/uploads\/2026\/02\/symbolic-representation-end-slavery-u-s-with-people-color-1-683x1024.jpg\" class=\"attachment-large size-large wp-image-69027\" alt=\"abolition de l\u2019esclavage\" srcset=\"https:\/\/richeskarayib.com\/wp-content\/uploads\/2026\/02\/symbolic-representation-end-slavery-u-s-with-people-color-1-683x1024.jpg 683w, https:\/\/richeskarayib.com\/wp-content\/uploads\/2026\/02\/symbolic-representation-end-slavery-u-s-with-people-color-1-200x300.jpg 200w, https:\/\/richeskarayib.com\/wp-content\/uploads\/2026\/02\/symbolic-representation-end-slavery-u-s-with-people-color-1-768x1152.jpg 768w, https:\/\/richeskarayib.com\/wp-content\/uploads\/2026\/02\/symbolic-representation-end-slavery-u-s-with-people-color-1-1024x1536.jpg 1024w, https:\/\/richeskarayib.com\/wp-content\/uploads\/2026\/02\/symbolic-representation-end-slavery-u-s-with-people-color-1.jpg 1280w\" sizes=\"(max-width: 683px) 100vw, 683px\" \/>\t\t\t\t\t\t\t\t\t\t\t\t\t\t\t<\/div>\n\t\t\t\t<\/div>\n\t\t\t\t\t<\/div>\n\t\t<\/div>\n\t\t\t\t\t<\/div>\n\t\t<\/section>\n\t\t\t\t\t<\/div>\n\t\t<\/div>\n\t\t\t\t\t<\/div>\n\t\t<\/section>\n\t\t\t\t<section class=\"elementor-section elementor-top-section elementor-element elementor-element-79a1694 elementor-section-boxed elementor-section-height-default elementor-section-height-default\" data-id=\"79a1694\" data-element_type=\"section\">\n\t\t\t\t\t\t<div class=\"elementor-container elementor-column-gap-default\">\n\t\t\t\t\t<div class=\"elementor-column elementor-col-100 elementor-top-column elementor-element elementor-element-9322906\" data-id=\"9322906\" data-element_type=\"column\">\n\t\t\t<div class=\"elementor-widget-wrap elementor-element-populated\">\n\t\t\t\t\t\t<div class=\"elementor-element elementor-element-1a7acbe elementor-widget elementor-widget-heading\" data-id=\"1a7acbe\" data-element_type=\"widget\" data-widget_type=\"heading.default\">\n\t\t\t\t<div class=\"elementor-widget-container\">\n\t\t\t\t\t<h2 class=\"elementor-heading-title elementor-size-default\">1848: la abolici\u00f3n definitiva pero incompleta de la esclavitud<\/h2>\t\t\t\t<\/div>\n\t\t\t\t<\/div>\n\t\t\t\t<section class=\"elementor-section elementor-inner-section elementor-element elementor-element-5c23c66 elementor-section-boxed elementor-section-height-default elementor-section-height-default\" data-id=\"5c23c66\" data-element_type=\"section\">\n\t\t\t\t\t\t<div class=\"elementor-container elementor-column-gap-default\">\n\t\t\t\t\t<div class=\"elementor-column elementor-col-100 elementor-inner-column elementor-element elementor-element-a8b194b\" data-id=\"a8b194b\" data-element_type=\"column\">\n\t\t\t<div class=\"elementor-widget-wrap elementor-element-populated\">\n\t\t\t\t\t\t<div class=\"elementor-element elementor-element-2f7f1fd elementor-widget elementor-widget-text-editor\" data-id=\"2f7f1fd\" data-element_type=\"widget\" data-widget_type=\"text-editor.default\">\n\t\t\t\t<div class=\"elementor-widget-container\">\n\t\t\t\t\t\t\t\t\t<p><span style=\"font-weight: 400;\">Hasta 1848 no se aboli\u00f3 definitivamente la esclavitud en las colonias francesas. Esta vez, no hab\u00eda vuelta atr\u00e1s. Pero la libertad legal no lo resolvi\u00f3 todo. Los antiguos esclavos tuvieron que enfrentarse a nuevas formas de dependencia: el trabajo forzado, las desigualdades territoriales y la exclusi\u00f3n pol\u00edtica. La abolici\u00f3n de la esclavitud marc\u00f3 un final legal, pero la lucha por la igualdad real apenas hab\u00eda comenzado.    <\/span><\/p>\t\t\t\t\t\t\t\t<\/div>\n\t\t\t\t<\/div>\n\t\t\t\t\t<\/div>\n\t\t<\/div>\n\t\t\t\t\t<\/div>\n\t\t<\/section>\n\t\t\t\t\t<\/div>\n\t\t<\/div>\n\t\t\t\t\t<\/div>\n\t\t<\/section>\n\t\t\t\t<section class=\"elementor-section elementor-top-section elementor-element elementor-element-243c513 elementor-section-boxed elementor-section-height-default elementor-section-height-default\" data-id=\"243c513\" data-element_type=\"section\">\n\t\t\t\t\t\t<div class=\"elementor-container elementor-column-gap-default\">\n\t\t\t\t\t<div class=\"elementor-column elementor-col-100 elementor-top-column elementor-element elementor-element-8b9af0f\" data-id=\"8b9af0f\" data-element_type=\"column\">\n\t\t\t<div class=\"elementor-widget-wrap elementor-element-populated\">\n\t\t\t\t\t\t<div class=\"elementor-element elementor-element-9985e38 elementor-widget elementor-widget-heading\" data-id=\"9985e38\" data-element_type=\"widget\" data-widget_type=\"heading.default\">\n\t\t\t\t<div class=\"elementor-widget-container\">\n\t\t\t\t\t<h2 class=\"elementor-heading-title elementor-size-default\">\u00bfPor qu\u00e9 el 4 de febrero de 1794 sigue siendo una fecha tan importante?<\/h2>\t\t\t\t<\/div>\n\t\t\t\t<\/div>\n\t\t\t\t<section class=\"elementor-section elementor-inner-section elementor-element elementor-element-a616615 elementor-section-boxed elementor-section-height-default elementor-section-height-default\" data-id=\"a616615\" data-element_type=\"section\">\n\t\t\t\t\t\t<div class=\"elementor-container elementor-column-gap-default\">\n\t\t\t\t\t<div class=\"elementor-column elementor-col-100 elementor-inner-column elementor-element elementor-element-93d77b1\" data-id=\"93d77b1\" data-element_type=\"column\">\n\t\t\t<div class=\"elementor-widget-wrap elementor-element-populated\">\n\t\t\t\t\t\t<div class=\"elementor-element elementor-element-00c4774 elementor-widget elementor-widget-text-editor\" data-id=\"00c4774\" data-element_type=\"widget\" data-widget_type=\"text-editor.default\">\n\t\t\t\t<div class=\"elementor-widget-container\">\n\t\t\t\t\t\t\t\t\t<p><span style=\"font-weight: 400;\">El 4 de febrero de 1794 no es un s\u00edmbolo fijo. Cuenta una historia compleja, hecha de luchas, concesiones, reveses y resistencias. Es un recordatorio de que el Caribe nunca ha sido simplemente un espacio dominado, sino un territorio capaz de imponer sus propias realidades a la historia mundial.  <\/span><\/p><p><span style=\"font-weight: 400;\">La abolici\u00f3n de la esclavitud en las colonias francesas ese d\u00eda demostr\u00f3 que los derechos no s\u00f3lo nacen en las asambleas, sino en los campos, los bosques, las revueltas y las luchas cotidianas.<\/span><\/p>\t\t\t\t\t\t\t\t<\/div>\n\t\t\t\t<\/div>\n\t\t\t\t\t<\/div>\n\t\t<\/div>\n\t\t\t\t\t<\/div>\n\t\t<\/section>\n\t\t\t\t\t<\/div>\n\t\t<\/div>\n\t\t\t\t\t<\/div>\n\t\t<\/section>\n\t\t\t\t<section class=\"elementor-section elementor-top-section elementor-element elementor-element-22bf69f elementor-section-boxed elementor-section-height-default elementor-section-height-default\" data-id=\"22bf69f\" data-element_type=\"section\">\n\t\t\t\t\t\t<div class=\"elementor-container elementor-column-gap-default\">\n\t\t\t\t\t<div class=\"elementor-column elementor-col-100 elementor-top-column elementor-element elementor-element-8aedddd\" data-id=\"8aedddd\" data-element_type=\"column\">\n\t\t\t<div class=\"elementor-widget-wrap elementor-element-populated\">\n\t\t\t\t\t\t<section class=\"elementor-section elementor-inner-section elementor-element elementor-element-c8e3557 elementor-section-boxed elementor-section-height-default elementor-section-height-default\" data-id=\"c8e3557\" data-element_type=\"section\">\n\t\t\t\t\t\t<div class=\"elementor-container elementor-column-gap-default\">\n\t\t\t\t\t<div class=\"elementor-column elementor-col-100 elementor-inner-column elementor-element elementor-element-1222702\" data-id=\"1222702\" data-element_type=\"column\">\n\t\t\t<div class=\"elementor-widget-wrap elementor-element-populated\">\n\t\t\t\t\t\t<div class=\"elementor-element elementor-element-2e40abe elementor-widget elementor-widget-accordion\" data-id=\"2e40abe\" data-element_type=\"widget\" data-widget_type=\"accordion.default\">\n\t\t\t\t<div class=\"elementor-widget-container\">\n\t\t\t\t\t\t\t<div class=\"elementor-accordion\">\n\t\t\t\t\t\t\t<div class=\"elementor-accordion-item\">\n\t\t\t\t\t<div id=\"elementor-tab-title-4841\" class=\"elementor-tab-title\" data-tab=\"1\" role=\"button\" aria-controls=\"elementor-tab-content-4841\" aria-expanded=\"false\">\n\t\t\t\t\t\t\t\t\t\t\t\t\t<span class=\"elementor-accordion-icon elementor-accordion-icon-left\" aria-hidden=\"true\">\n\t\t\t\t\t\t\t\t\t\t\t\t\t\t\t<span class=\"elementor-accordion-icon-closed\"><i class=\"fas fa-plus\"><\/i><\/span>\n\t\t\t\t\t\t\t\t<span class=\"elementor-accordion-icon-opened\"><i class=\"fas fa-minus\"><\/i><\/span>\n\t\t\t\t\t\t\t\t\t\t\t\t\t\t<\/span>\n\t\t\t\t\t\t\t\t\t\t\t\t<a class=\"elementor-accordion-title\" tabindex=\"0\">\u00bfPor qu\u00e9 es tan importante esta fecha para el Caribe?<\/a>\n\t\t\t\t\t<\/div>\n\t\t\t\t\t<div id=\"elementor-tab-content-4841\" class=\"elementor-tab-content elementor-clearfix\" data-tab=\"1\" role=\"region\" aria-labelledby=\"elementor-tab-title-4841\"><p><span style=\"font-weight: 400;\">Porque formaliza una libertad conquistada por las luchas de los esclavos y concierne directamente a varios grandes territorios del Caribe.<\/span><\/p>\n<\/div>\n\t\t\t\t<\/div>\n\t\t\t\t\t\t\t<div class=\"elementor-accordion-item\">\n\t\t\t\t\t<div id=\"elementor-tab-title-4842\" class=\"elementor-tab-title\" data-tab=\"2\" role=\"button\" aria-controls=\"elementor-tab-content-4842\" aria-expanded=\"false\">\n\t\t\t\t\t\t\t\t\t\t\t\t\t<span class=\"elementor-accordion-icon elementor-accordion-icon-left\" aria-hidden=\"true\">\n\t\t\t\t\t\t\t\t\t\t\t\t\t\t\t<span class=\"elementor-accordion-icon-closed\"><i class=\"fas fa-plus\"><\/i><\/span>\n\t\t\t\t\t\t\t\t<span class=\"elementor-accordion-icon-opened\"><i class=\"fas fa-minus\"><\/i><\/span>\n\t\t\t\t\t\t\t\t\t\t\t\t\t\t<\/span>\n\t\t\t\t\t\t\t\t\t\t\t\t<a class=\"elementor-accordion-title\" tabindex=\"0\">\u00bfLa abolici\u00f3n de 1794 cambi\u00f3 inmediatamente la vida de los esclavos?<\/a>\n\t\t\t\t\t<\/div>\n\t\t\t\t\t<div id=\"elementor-tab-content-4842\" class=\"elementor-tab-content elementor-clearfix\" data-tab=\"2\" role=\"region\" aria-labelledby=\"elementor-tab-title-4842\"><p><span style=\"font-weight: 400;\">Pero no en todas partes. Su aplicaci\u00f3n depende de los contextos locales, las ocupaciones extranjeras y las opciones pol\u00edticas. <\/span><\/p>\n<\/div>\n\t\t\t\t<\/div>\n\t\t\t\t\t\t\t<div class=\"elementor-accordion-item\">\n\t\t\t\t\t<div id=\"elementor-tab-title-4843\" class=\"elementor-tab-title\" data-tab=\"3\" role=\"button\" aria-controls=\"elementor-tab-content-4843\" aria-expanded=\"false\">\n\t\t\t\t\t\t\t\t\t\t\t\t\t<span class=\"elementor-accordion-icon elementor-accordion-icon-left\" aria-hidden=\"true\">\n\t\t\t\t\t\t\t\t\t\t\t\t\t\t\t<span class=\"elementor-accordion-icon-closed\"><i class=\"fas fa-plus\"><\/i><\/span>\n\t\t\t\t\t\t\t\t<span class=\"elementor-accordion-icon-opened\"><i class=\"fas fa-minus\"><\/i><\/span>\n\t\t\t\t\t\t\t\t\t\t\t\t\t\t<\/span>\n\t\t\t\t\t\t\t\t\t\t\t\t<a class=\"elementor-accordion-title\" tabindex=\"0\">\u00bfQu\u00e9 revela el flashback de 1802?<\/a>\n\t\t\t\t\t<\/div>\n\t\t\t\t\t<div id=\"elementor-tab-content-4843\" class=\"elementor-tab-content elementor-clearfix\" data-tab=\"3\" role=\"region\" aria-labelledby=\"elementor-tab-title-4843\"><p><span style=\"font-weight: 400;\">Muestra la fragilidad de los derechos cuando no est\u00e1n s\u00f3lidamente protegidos y la prioridad que se dio, en su momento, a los intereses econ\u00f3micos coloniales.<\/span><\/p>\n<\/div>\n\t\t\t\t<\/div>\n\t\t\t\t\t\t\t\t<\/div>\n\t\t\t\t\t\t<\/div>\n\t\t\t\t<\/div>\n\t\t\t\t\t<\/div>\n\t\t<\/div>\n\t\t\t\t\t<\/div>\n\t\t<\/section>\n\t\t\t\t\t<\/div>\n\t\t<\/div>\n\t\t\t\t\t<\/div>\n\t\t<\/section>\n\t\t\t\t<\/div>\n\t\t","protected":false},"excerpt":{"rendered":"<p>Le 4 de febrero de 1794La Rep\u00fablica Francesa adopt\u00f3 un importante decreto: laabolici\u00f3n de la esclavitud en las colonias francesas. El texto fue aprobado por el Convenci\u00f3n Nacional y concierne directamente al Caribe: Santo Domingo (futuro Hait\u00ed)y GuadalupeGuadalupe Martinica y la Guayana Guayana Francesa. Esta fecha aparece a menudo en los libros de texto como [&hellip;]<\/p>\n","protected":false},"author":662,"featured_media":69003,"comment_status":"open","ping_status":"open","sticky":false,"template":"","format":"standard","meta":{"_acf_changed":false,"footnotes":""},"categories":[1469],"tags":[1547,1549,810,816],"class_list":["post-69029","post","type-post","status-publish","format-standard","has-post-thumbnail","hentry","category-historia-patrimonio","tag-guadalupe","tag-guayana-francesa","tag-haiti-es-2","tag-martinique-es"],"acf":[],"_links":{"self":[{"href":"https:\/\/richeskarayib.com\/es\/wp-json\/wp\/v2\/posts\/69029","targetHints":{"allow":["GET"]}}],"collection":[{"href":"https:\/\/richeskarayib.com\/es\/wp-json\/wp\/v2\/posts"}],"about":[{"href":"https:\/\/richeskarayib.com\/es\/wp-json\/wp\/v2\/types\/post"}],"author":[{"embeddable":true,"href":"https:\/\/richeskarayib.com\/es\/wp-json\/wp\/v2\/users\/662"}],"replies":[{"embeddable":true,"href":"https:\/\/richeskarayib.com\/es\/wp-json\/wp\/v2\/comments?post=69029"}],"version-history":[{"count":0,"href":"https:\/\/richeskarayib.com\/es\/wp-json\/wp\/v2\/posts\/69029\/revisions"}],"wp:featuredmedia":[{"embeddable":true,"href":"https:\/\/richeskarayib.com\/es\/wp-json\/wp\/v2\/media\/69003"}],"wp:attachment":[{"href":"https:\/\/richeskarayib.com\/es\/wp-json\/wp\/v2\/media?parent=69029"}],"wp:term":[{"taxonomy":"category","embeddable":true,"href":"https:\/\/richeskarayib.com\/es\/wp-json\/wp\/v2\/categories?post=69029"},{"taxonomy":"post_tag","embeddable":true,"href":"https:\/\/richeskarayib.com\/es\/wp-json\/wp\/v2\/tags?post=69029"}],"curies":[{"name":"wp","href":"https:\/\/api.w.org\/{rel}","templated":true}]}}