{"id":69065,"date":"2026-02-04T11:49:44","date_gmt":"2026-02-04T15:49:44","guid":{"rendered":"https:\/\/richeskarayib.com\/premios-anthony-n-sabga-a-la-excelencia-2026-cinco-trayectorias-que-conforman-la-excelencia-caribena\/"},"modified":"2026-02-04T11:49:45","modified_gmt":"2026-02-04T15:49:45","slug":"premios-anthony-n-sabga-a-la-excelencia-2026-cinco-trayectorias-que-conforman-la-excelencia-caribena","status":"publish","type":"post","link":"https:\/\/richeskarayib.com\/es\/premios-anthony-n-sabga-a-la-excelencia-2026-cinco-trayectorias-que-conforman-la-excelencia-caribena\/","title":{"rendered":"Premios Anthony N Sabga a la Excelencia 2026: cinco trayectorias que conforman la excelencia caribe\u00f1a"},"content":{"rendered":"\t\t<div data-elementor-type=\"wp-post\" data-elementor-id=\"69065\" class=\"elementor elementor-69065 elementor-69033\" data-elementor-post-type=\"post\">\n\t\t\t\t\t\t<section class=\"elementor-section elementor-top-section elementor-element elementor-element-7ca7ca1 elementor-section-boxed elementor-section-height-default elementor-section-height-default\" data-id=\"7ca7ca1\" data-element_type=\"section\">\n\t\t\t\t\t\t<div class=\"elementor-container elementor-column-gap-default\">\n\t\t\t\t\t<div class=\"elementor-column elementor-col-100 elementor-top-column elementor-element elementor-element-cbdd002\" data-id=\"cbdd002\" data-element_type=\"column\">\n\t\t\t<div class=\"elementor-widget-wrap elementor-element-populated\">\n\t\t\t\t\t\t<section class=\"elementor-section elementor-inner-section elementor-element elementor-element-bc94849 elementor-section-boxed elementor-section-height-default elementor-section-height-default\" data-id=\"bc94849\" data-element_type=\"section\">\n\t\t\t\t\t\t<div class=\"elementor-container elementor-column-gap-default\">\n\t\t\t\t\t\t<\/div>\n\t\t<\/section>\n\t\t\t\t<section class=\"elementor-section elementor-inner-section elementor-element elementor-element-61571e6 elementor-section-boxed elementor-section-height-default elementor-section-height-default\" data-id=\"61571e6\" data-element_type=\"section\">\n\t\t\t\t\t\t<div class=\"elementor-container elementor-column-gap-default\">\n\t\t\t\t\t\t<\/div>\n\t\t<\/section>\n\t\t\t\t<section class=\"elementor-section elementor-inner-section elementor-element elementor-element-b6262e0 elementor-section-boxed elementor-section-height-default elementor-section-height-default\" data-id=\"b6262e0\" data-element_type=\"section\">\n\t\t\t\t\t\t<div class=\"elementor-container elementor-column-gap-default\">\n\t\t\t\t\t\t<\/div>\n\t\t<\/section>\n\t\t\t\t<section class=\"elementor-section elementor-inner-section elementor-element elementor-element-cca29fd elementor-section-boxed elementor-section-height-default elementor-section-height-default\" data-id=\"cca29fd\" data-element_type=\"section\">\n\t\t\t\t\t\t<div class=\"elementor-container elementor-column-gap-default\">\n\t\t\t\t\t\t<\/div>\n\t\t<\/section>\n\t\t\t\t\t<\/div>\n\t\t<\/div>\n\t\t\t\t\t<\/div>\n\t\t<\/section>\n\t\t\t\t<section class=\"elementor-section elementor-top-section elementor-element elementor-element-a6d4222 elementor-section-boxed elementor-section-height-default elementor-section-height-default\" data-id=\"a6d4222\" data-element_type=\"section\">\n\t\t\t\t\t\t<div class=\"elementor-container elementor-column-gap-default\">\n\t\t\t\t\t<div class=\"elementor-column elementor-col-100 elementor-top-column elementor-element elementor-element-ea27f09\" data-id=\"ea27f09\" data-element_type=\"column\">\n\t\t\t<div class=\"elementor-widget-wrap elementor-element-populated\">\n\t\t\t\t\t\t<section class=\"elementor-section elementor-inner-section elementor-element elementor-element-25c3156 elementor-section-boxed elementor-section-height-default elementor-section-height-default\" data-id=\"25c3156\" data-element_type=\"section\">\n\t\t\t\t\t\t<div class=\"elementor-container elementor-column-gap-default\">\n\t\t\t\t\t<div class=\"elementor-column elementor-col-100 elementor-inner-column elementor-element elementor-element-aac779c\" data-id=\"aac779c\" data-element_type=\"column\">\n\t\t\t<div class=\"elementor-widget-wrap elementor-element-populated\">\n\t\t\t\t\t\t<div class=\"elementor-element elementor-element-612550d elementor-widget elementor-widget-text-editor\" data-id=\"612550d\" data-element_type=\"widget\" data-widget_type=\"text-editor.default\">\n\t\t\t\t<div class=\"elementor-widget-container\">\n\t\t\t\t\t\t\t\t\t<p><span style=\"font-weight: 400;\">El <\/span><b><a href=\"https:\/\/ansacaribbeanawards.com\/?fbclid=IwY2xjawPwO4dleHRuA2FlbQIxMABzcnRjBmFwcF9pZBAyMjIwMzkxNzg4MjAwODkyAAEeDNcHZejaCCssKe2CDQDKcckZ-KadJyMjvW-vkEjLOVttWGnG0kPzckOiX1E_aem_r3ZrDoq63Y_NeXpNCvsDHw\" target=\"_blank\" rel=\"noopener nofollow\">Premios a la Excelencia Anthony N Sabga<\/a> 2026<\/b><span style=\"font-weight: 400;\">  honran a cinco personalidades del Caribe cuyo trabajo, empresas y compromisos est\u00e1n teniendo un impacto mensurable a escala regional. Ciencia del clima, biotecnolog\u00eda, acci\u00f3n c\u00edvica, artes visuales y emprendimiento industrial: la edici\u00f3n de 2026 confirma la vocaci\u00f3n de este premio: apoyar soluciones concretas, concebidas por y para el Caribe, y darles los medios para que se aceleren. <\/span><\/p>\t\t\t\t\t\t\t\t<\/div>\n\t\t\t\t<\/div>\n\t\t\t\t\t<\/div>\n\t\t<\/div>\n\t\t\t\t\t<\/div>\n\t\t<\/section>\n\t\t\t\t\t<\/div>\n\t\t<\/div>\n\t\t\t\t\t<\/div>\n\t\t<\/section>\n\t\t\t\t<section class=\"elementor-section elementor-top-section elementor-element elementor-element-e1fea79 elementor-section-boxed elementor-section-height-default elementor-section-height-default\" data-id=\"e1fea79\" data-element_type=\"section\">\n\t\t\t\t\t\t<div class=\"elementor-container elementor-column-gap-default\">\n\t\t\t\t\t<div class=\"elementor-column elementor-col-100 elementor-top-column elementor-element elementor-element-6d0be76\" data-id=\"6d0be76\" data-element_type=\"column\">\n\t\t\t<div class=\"elementor-widget-wrap elementor-element-populated\">\n\t\t\t\t\t\t<div class=\"elementor-element elementor-element-a310b25 elementor-widget elementor-widget-heading\" data-id=\"a310b25\" data-element_type=\"widget\" data-widget_type=\"heading.default\">\n\t\t\t\t<div class=\"elementor-widget-container\">\n\t\t\t\t\t<h2 class=\"elementor-heading-title elementor-size-default\">Un premio caribe\u00f1o dise\u00f1ado para tener un impacto regional<\/h2>\t\t\t\t<\/div>\n\t\t\t\t<\/div>\n\t\t\t\t<div class=\"elementor-element elementor-element-bbb62ae elementor-widget elementor-widget-text-editor\" data-id=\"bbb62ae\" data-element_type=\"widget\" data-widget_type=\"text-editor.default\">\n\t\t\t\t<div class=\"elementor-widget-container\">\n\t\t\t\t\t\t\t\t\t<p><span style=\"font-weight: 400;\">Creados en 2005, los <\/span><a href=\"https:\/\/www.facebook.com\/ansacaribbeanawards\" target=\"_blank\" rel=\"noopener nofollow\"><b>Premios Anthony N Sabga a la Excelencia en el Caribe<\/b><\/a><span style=\"font-weight: 400;\">  nacieron de una idea sencilla: reconocer la excelencia cuando beneficia directamente al desarrollo humano, econ\u00f3mico y cultural de la regi\u00f3n. Iniciado por el fil\u00e1ntropo y empresario   <\/span><b>Anthony N. Sabga<\/b><span style=\"font-weight: 400;\">El programa se ha consolidado como una referencia gracias a un riguroso proceso de selecci\u00f3n, apoyado por comit\u00e9s nacionales y un jurado regional independiente.<\/span><\/p>\n<p><span style=\"font-weight: 400;\">A diferencia de los premios puramente honor\u00edficos, cada ganador recibe una importante ayuda econ\u00f3mica (el equivalente local a 500.000 d\u00f3lares) destinada a <\/span><b>ampliar<\/b><span style=\"font-weight: 400;\">  el trabajo que ya est\u00e1 en marcha. Esta filosof\u00eda explica la credibilidad del premio: recompensa trayectorias probadas e invierte en su futuro inmediato. <\/span><\/p>\t\t\t\t\t\t\t\t<\/div>\n\t\t\t\t<\/div>\n\t\t\t\t<div class=\"elementor-element elementor-element-e9949d6 elementor-widget elementor-widget-image\" data-id=\"e9949d6\" data-element_type=\"widget\" data-widget_type=\"image.default\">\n\t\t\t\t<div class=\"elementor-widget-container\">\n\t\t\t\t\t\t\t\t\t\t\t\t<figure class=\"wp-caption\">\n\t\t\t\t\t\t\t\t\t\t<img fetchpriority=\"high\" decoding=\"async\" width=\"800\" height=\"959\" src=\"https:\/\/richeskarayib.com\/wp-content\/uploads\/2026\/02\/\u00a9Anthony-N.-Sabga-Awards-854x1024.jpg\" class=\"attachment-large size-large wp-image-69043\" alt=\"Anthony N Sabga Excellence Awards\" srcset=\"https:\/\/richeskarayib.com\/wp-content\/uploads\/2026\/02\/\u00a9Anthony-N.-Sabga-Awards-854x1024.jpg 854w, https:\/\/richeskarayib.com\/wp-content\/uploads\/2026\/02\/\u00a9Anthony-N.-Sabga-Awards-250x300.jpg 250w, https:\/\/richeskarayib.com\/wp-content\/uploads\/2026\/02\/\u00a9Anthony-N.-Sabga-Awards-768x921.jpg 768w, https:\/\/richeskarayib.com\/wp-content\/uploads\/2026\/02\/\u00a9Anthony-N.-Sabga-Awards.jpg 1088w\" sizes=\"(max-width: 800px) 100vw, 800px\" \/>\t\t\t\t\t\t\t\t\t\t\t<figcaption class=\"widget-image-caption wp-caption-text\">\u00a9Anthony N. Sabga Awards<\/figcaption>\n\t\t\t\t\t\t\t\t\t\t<\/figure>\n\t\t\t\t\t\t\t\t\t<\/div>\n\t\t\t\t<\/div>\n\t\t\t\t\t<\/div>\n\t\t<\/div>\n\t\t\t\t\t<\/div>\n\t\t<\/section>\n\t\t\t\t<section class=\"elementor-section elementor-top-section elementor-element elementor-element-ee72354 elementor-section-boxed elementor-section-height-default elementor-section-height-default\" data-id=\"ee72354\" data-element_type=\"section\">\n\t\t\t\t\t\t<div class=\"elementor-container elementor-column-gap-default\">\n\t\t\t\t\t<div class=\"elementor-column elementor-col-100 elementor-top-column elementor-element elementor-element-c59d6fe\" data-id=\"c59d6fe\" data-element_type=\"column\">\n\t\t\t<div class=\"elementor-widget-wrap elementor-element-populated\">\n\t\t\t\t\t\t<section class=\"elementor-section elementor-inner-section elementor-element elementor-element-c5c11f7 elementor-section-boxed elementor-section-height-default elementor-section-height-default\" data-id=\"c5c11f7\" data-element_type=\"section\">\n\t\t\t\t\t\t<div class=\"elementor-container elementor-column-gap-default\">\n\t\t\t\t\t<div class=\"elementor-column elementor-col-100 elementor-inner-column elementor-element elementor-element-dc47e06\" data-id=\"dc47e06\" data-element_type=\"column\">\n\t\t\t<div class=\"elementor-widget-wrap elementor-element-populated\">\n\t\t\t\t\t\t<div class=\"elementor-element elementor-element-ddc6a1e elementor-widget elementor-widget-heading\" data-id=\"ddc6a1e\" data-element_type=\"widget\" data-widget_type=\"heading.default\">\n\t\t\t\t<div class=\"elementor-widget-container\">\n\t\t\t\t\t<h2 class=\"elementor-heading-title elementor-size-default\">Los ganadores de 2026, en el centro de los retos del Caribe<\/h2>\t\t\t\t<\/div>\n\t\t\t\t<\/div>\n\t\t\t\t<div class=\"elementor-element elementor-element-e57451f elementor-widget elementor-widget-text-editor\" data-id=\"e57451f\" data-element_type=\"widget\" data-widget_type=\"text-editor.default\">\n\t\t\t\t<div class=\"elementor-widget-container\">\n\t\t\t\t\t\t\t\t\t<h3><b>Ciencia y Tecnolog\u00eda &#8211; Clima y salud, dos prioridades regionales<\/b><\/h3>\n<p><b>Tannecia Stephenson<\/b><span style=\"font-weight: 400;\">climat\u00f3loga jamaicana y codirectora del Grupo de Estudios Clim\u00e1ticos de Mona, ha sido galardonada por su labor de vincular la investigaci\u00f3n, los datos y la toma de decisiones p\u00fablicas. Sus herramientas y plataformas digitales est\u00e1n reforzando la capacidad de los gobiernos caribe\u00f1os para anticiparse a los riesgos clim\u00e1ticos y adaptar las pol\u00edticas sectoriales. En una regi\u00f3n expuesta a choques extremos, este enfoque transforma la ciencia en una herramienta para la acci\u00f3n.  <\/span><\/p>\t\t\t\t\t\t\t\t<\/div>\n\t\t\t\t<\/div>\n\t\t\t\t<div class=\"elementor-element elementor-element-c1f7b08 elementor-widget elementor-widget-image\" data-id=\"c1f7b08\" data-element_type=\"widget\" data-widget_type=\"image.default\">\n\t\t\t\t<div class=\"elementor-widget-container\">\n\t\t\t\t\t\t\t\t\t\t\t\t<figure class=\"wp-caption\">\n\t\t\t\t\t\t\t\t\t\t<img decoding=\"async\" width=\"499\" height=\"633\" src=\"https:\/\/richeskarayib.com\/wp-content\/uploads\/2026\/02\/Professor-Tannecia-Stephenson-\u2013-Jamaica.png\" class=\"attachment-large size-large wp-image-69047\" alt=\"Anthony N Sabga Excellence Awards\" srcset=\"https:\/\/richeskarayib.com\/wp-content\/uploads\/2026\/02\/Professor-Tannecia-Stephenson-\u2013-Jamaica.png 499w, https:\/\/richeskarayib.com\/wp-content\/uploads\/2026\/02\/Professor-Tannecia-Stephenson-\u2013-Jamaica-236x300.png 236w\" sizes=\"(max-width: 499px) 100vw, 499px\" \/>\t\t\t\t\t\t\t\t\t\t\t<figcaption class=\"widget-image-caption wp-caption-text\">Professor Tannecia Stephenson <\/figcaption>\n\t\t\t\t\t\t\t\t\t\t<\/figure>\n\t\t\t\t\t\t\t\t\t<\/div>\n\t\t\t\t<\/div>\n\t\t\t\t<div class=\"elementor-element elementor-element-1c666d1 elementor-widget elementor-widget-text-editor\" data-id=\"1c666d1\" data-element_type=\"widget\" data-widget_type=\"text-editor.default\">\n\t\t\t\t<div class=\"elementor-widget-container\">\n\t\t\t\t\t\t\t\t\t<p><b>Niven R. Narain<\/b><span style=\"font-weight: 400;\">innovador biotecnol\u00f3gico de origen guyan\u00e9s afincado en Estados Unidos, tambi\u00e9n recibe un premio en Ciencia y Tecnolog\u00eda. Cofundador y presidente de una empresa biotecnol\u00f3gica de Boston, ha desarrollado una plataforma de descubrimiento de f\u00e1rmacos impulsada por inteligencia artificial, que ha dado lugar a unas 650 patentes y m\u00e1s de 100 publicaciones cient\u00edficas. Su carrera ilustra la contribuci\u00f3n de la di\u00e1spora caribe\u00f1a a los avances mundiales, al tiempo que mantiene v\u00ednculos activos con la regi\u00f3n.  <\/span><\/p>\t\t\t\t\t\t\t\t<\/div>\n\t\t\t\t<\/div>\n\t\t\t\t<div class=\"elementor-element elementor-element-63aa96b elementor-widget elementor-widget-image\" data-id=\"63aa96b\" data-element_type=\"widget\" data-widget_type=\"image.default\">\n\t\t\t\t<div class=\"elementor-widget-container\">\n\t\t\t\t\t\t\t\t\t\t\t\t<figure class=\"wp-caption\">\n\t\t\t\t\t\t\t\t\t\t<img decoding=\"async\" width=\"800\" height=\"962\" src=\"https:\/\/richeskarayib.com\/wp-content\/uploads\/2026\/02\/Dr-Niven-R.-Narain-\u2013-Guyana-852x1024.jpg\" class=\"attachment-large size-large wp-image-69051\" alt=\"Anthony N Sabga Excellence Awards\" srcset=\"https:\/\/richeskarayib.com\/wp-content\/uploads\/2026\/02\/Dr-Niven-R.-Narain-\u2013-Guyana-852x1024.jpg 852w, https:\/\/richeskarayib.com\/wp-content\/uploads\/2026\/02\/Dr-Niven-R.-Narain-\u2013-Guyana-250x300.jpg 250w, https:\/\/richeskarayib.com\/wp-content\/uploads\/2026\/02\/Dr-Niven-R.-Narain-\u2013-Guyana-768x923.jpg 768w, https:\/\/richeskarayib.com\/wp-content\/uploads\/2026\/02\/Dr-Niven-R.-Narain-\u2013-Guyana.jpg 1061w\" sizes=\"(max-width: 800px) 100vw, 800px\" \/>\t\t\t\t\t\t\t\t\t\t\t<figcaption class=\"widget-image-caption wp-caption-text\">Dr Niven R. Narain<\/figcaption>\n\t\t\t\t\t\t\t\t\t\t<\/figure>\n\t\t\t\t\t\t\t\t\t<\/div>\n\t\t\t\t<\/div>\n\t\t\t\t<div class=\"elementor-element elementor-element-d04049a elementor-widget elementor-widget-text-editor\" data-id=\"d04049a\" data-element_type=\"widget\" data-widget_type=\"text-editor.default\">\n\t\t\t\t<div class=\"elementor-widget-container\">\n\t\t\t\t\t\t\t\t\t<h3><b>Contribuciones p\u00fablicas y c\u00edvicas &#8211; Acci\u00f3n social estructurada<\/b><\/h3>\n<p><b>Shamelle Rice<\/b><span style=\"font-weight: 400;\">fundadora y directora de Jabez House en Barbados, ha sido galardonada con un premio a la acci\u00f3n c\u00edvica sostenible. Desde 2012, su organizaci\u00f3n apoya a mujeres dedicadas al trabajo sexual mediante programas de formaci\u00f3n, integraci\u00f3n profesional, apoyo psicol\u00f3gico y acceso a la vivienda. M\u00e1s de 1.000 mujeres, muchas de ellas madres, se han beneficiado de este apoyo en el Caribe. El enfoque es pragm\u00e1tico: estabilizar las carreras profesionales, restablecer la autonom\u00eda y crear oportunidades reales de empleo.   <\/span><\/p>\t\t\t\t\t\t\t\t<\/div>\n\t\t\t\t<\/div>\n\t\t\t\t<div class=\"elementor-element elementor-element-80a41d8 elementor-widget elementor-widget-image\" data-id=\"80a41d8\" data-element_type=\"widget\" data-widget_type=\"image.default\">\n\t\t\t\t<div class=\"elementor-widget-container\">\n\t\t\t\t\t\t\t\t\t\t\t\t<figure class=\"wp-caption\">\n\t\t\t\t\t\t\t\t\t\t<img loading=\"lazy\" decoding=\"async\" width=\"800\" height=\"800\" src=\"https:\/\/richeskarayib.com\/wp-content\/uploads\/2026\/02\/Shamelle-Rice-\u2013-Barbados.jpg\" class=\"attachment-large size-large wp-image-69055\" alt=\"Anthony N Sabga Excellence Awards\" srcset=\"https:\/\/richeskarayib.com\/wp-content\/uploads\/2026\/02\/Shamelle-Rice-\u2013-Barbados.jpg 960w, https:\/\/richeskarayib.com\/wp-content\/uploads\/2026\/02\/Shamelle-Rice-\u2013-Barbados-300x300.jpg 300w, https:\/\/richeskarayib.com\/wp-content\/uploads\/2026\/02\/Shamelle-Rice-\u2013-Barbados-150x150.jpg 150w, https:\/\/richeskarayib.com\/wp-content\/uploads\/2026\/02\/Shamelle-Rice-\u2013-Barbados-768x768.jpg 768w\" sizes=\"(max-width: 800px) 100vw, 800px\" \/>\t\t\t\t\t\t\t\t\t\t\t<figcaption class=\"widget-image-caption wp-caption-text\">Shamelle Rice<\/figcaption>\n\t\t\t\t\t\t\t\t\t\t<\/figure>\n\t\t\t\t\t\t\t\t\t<\/div>\n\t\t\t\t<\/div>\n\t\t\t\t<div class=\"elementor-element elementor-element-ac9dd8f elementor-widget elementor-widget-text-editor\" data-id=\"ac9dd8f\" data-element_type=\"widget\" data-widget_type=\"text-editor.default\">\n\t\t\t\t<div class=\"elementor-widget-container\">\n\t\t\t\t\t\t\t\t\t<h3><b>Artes y Letras &#8211; Una escena contempor\u00e1nea sin caricaturas<\/b><\/h3>\n<p><b>Sheena Rose<\/b><span style=\"font-weight: 400;\">La artista visual barbadense ha sido destacada por una obra que se mueve entre la pintura, la performance, los frescos y los medios mixtos. Presentada en Londres, Nueva York, Taiw\u00e1n y en todo el Caribe, su pr\u00e1ctica rechaza la asignaci\u00f3n folcl\u00f3rica y afirma una contemporaneidad caribe\u00f1a. Galardonada con el premio Fulbright en 2014 y mentora de j\u00f3venes artistas, est\u00e1 ayudando a dar forma a un exigente ecosistema creativo regional.  <\/span><\/p>\t\t\t\t\t\t\t\t<\/div>\n\t\t\t\t<\/div>\n\t\t\t\t<div class=\"elementor-element elementor-element-3e70c02 elementor-widget elementor-widget-image\" data-id=\"3e70c02\" data-element_type=\"widget\" data-widget_type=\"image.default\">\n\t\t\t\t<div class=\"elementor-widget-container\">\n\t\t\t\t\t\t\t\t\t\t\t\t<figure class=\"wp-caption\">\n\t\t\t\t\t\t\t\t\t\t<img loading=\"lazy\" decoding=\"async\" width=\"768\" height=\"1024\" src=\"https:\/\/richeskarayib.com\/wp-content\/uploads\/2026\/02\/Sheena-Rose-\u2013-Barbados-768x1024.jpg\" class=\"attachment-large size-large wp-image-69059\" alt=\"Anthony N Sabga Excellence Awards\" srcset=\"https:\/\/richeskarayib.com\/wp-content\/uploads\/2026\/02\/Sheena-Rose-\u2013-Barbados-768x1024.jpg 768w, https:\/\/richeskarayib.com\/wp-content\/uploads\/2026\/02\/Sheena-Rose-\u2013-Barbados-225x300.jpg 225w, https:\/\/richeskarayib.com\/wp-content\/uploads\/2026\/02\/Sheena-Rose-\u2013-Barbados.jpg 1067w\" sizes=\"(max-width: 768px) 100vw, 768px\" \/>\t\t\t\t\t\t\t\t\t\t\t<figcaption class=\"widget-image-caption wp-caption-text\">Sheena Rose<\/figcaption>\n\t\t\t\t\t\t\t\t\t\t<\/figure>\n\t\t\t\t\t\t\t\t\t<\/div>\n\t\t\t\t<\/div>\n\t\t\t\t<div class=\"elementor-element elementor-element-757b4b4 elementor-widget elementor-widget-text-editor\" data-id=\"757b4b4\" data-element_type=\"widget\" data-widget_type=\"text-editor.default\">\n\t\t\t\t<div class=\"elementor-widget-container\">\n\t\t\t\t\t\t\t\t\t<h3><b>Esp\u00edritu empresarial &#8211; Crear empresas regionales fuertes<\/b><\/h3>\n<p><b>Dean Nevers<\/b><span style=\"font-weight: 400;\">El ingeniero jamaicano fundador y director general de Konnex Services Ltd. ha sido recompensado por una trayectoria empresarial arraigada en la industria. Su empresa despliega soluciones de telecomunicaciones, energ\u00edas renovables y redes industriales en diez territorios caribe\u00f1os, emplea a cientos de personas y ha superado los 20 millones de d\u00f3lares de ventas anuales tras unos comienzos deficitarios. Este \u00e9xito, reconocido con la Orden de la Distinci\u00f3n en Jamaica, ilustra un crecimiento regional controlado.  <\/span><\/p>\t\t\t\t\t\t\t\t<\/div>\n\t\t\t\t<\/div>\n\t\t\t\t<div class=\"elementor-element elementor-element-c3b6ff9 elementor-widget elementor-widget-image\" data-id=\"c3b6ff9\" data-element_type=\"widget\" data-widget_type=\"image.default\">\n\t\t\t\t<div class=\"elementor-widget-container\">\n\t\t\t\t\t\t\t\t\t\t\t\t<figure class=\"wp-caption\">\n\t\t\t\t\t\t\t\t\t\t<img loading=\"lazy\" decoding=\"async\" width=\"776\" height=\"776\" src=\"https:\/\/richeskarayib.com\/wp-content\/uploads\/2026\/02\/Dean-Nevers-\u2013-Jamaica.jpg\" class=\"attachment-large size-large wp-image-69063\" alt=\"Anthony N Sabga Excellence Awards\" srcset=\"https:\/\/richeskarayib.com\/wp-content\/uploads\/2026\/02\/Dean-Nevers-\u2013-Jamaica.jpg 776w, https:\/\/richeskarayib.com\/wp-content\/uploads\/2026\/02\/Dean-Nevers-\u2013-Jamaica-300x300.jpg 300w, https:\/\/richeskarayib.com\/wp-content\/uploads\/2026\/02\/Dean-Nevers-\u2013-Jamaica-150x150.jpg 150w, https:\/\/richeskarayib.com\/wp-content\/uploads\/2026\/02\/Dean-Nevers-\u2013-Jamaica-768x768.jpg 768w\" sizes=\"(max-width: 776px) 100vw, 776px\" \/>\t\t\t\t\t\t\t\t\t\t\t<figcaption class=\"widget-image-caption wp-caption-text\">Dean Nevers<\/figcaption>\n\t\t\t\t\t\t\t\t\t\t<\/figure>\n\t\t\t\t\t\t\t\t\t<\/div>\n\t\t\t\t<\/div>\n\t\t\t\t\t<\/div>\n\t\t<\/div>\n\t\t\t\t\t<\/div>\n\t\t<\/section>\n\t\t\t\t\t<\/div>\n\t\t<\/div>\n\t\t\t\t\t<\/div>\n\t\t<\/section>\n\t\t\t\t<section class=\"elementor-section elementor-top-section elementor-element elementor-element-82cd8f9 elementor-section-boxed elementor-section-height-default elementor-section-height-default\" data-id=\"82cd8f9\" data-element_type=\"section\">\n\t\t\t\t\t\t<div class=\"elementor-container elementor-column-gap-default\">\n\t\t\t\t\t<div class=\"elementor-column elementor-col-100 elementor-top-column elementor-element elementor-element-0bfdc38\" data-id=\"0bfdc38\" data-element_type=\"column\">\n\t\t\t<div class=\"elementor-widget-wrap elementor-element-populated\">\n\t\t\t\t\t\t<div class=\"elementor-element elementor-element-7d292fe elementor-widget elementor-widget-heading\" data-id=\"7d292fe\" data-element_type=\"widget\" data-widget_type=\"heading.default\">\n\t\t\t\t<div class=\"elementor-widget-container\">\n\t\t\t\t\t<h2 class=\"elementor-heading-title elementor-size-default\">Qu\u00e9 aportan al Caribe los Premios a la Excelencia Anthony N Sabga 2026<\/h2>\t\t\t\t<\/div>\n\t\t\t\t<\/div>\n\t\t\t\t<section class=\"elementor-section elementor-inner-section elementor-element elementor-element-6e6c94c elementor-section-boxed elementor-section-height-default elementor-section-height-default\" data-id=\"6e6c94c\" data-element_type=\"section\">\n\t\t\t\t\t\t<div class=\"elementor-container elementor-column-gap-default\">\n\t\t\t\t\t<div class=\"elementor-column elementor-col-100 elementor-inner-column elementor-element elementor-element-4bdaa26\" data-id=\"4bdaa26\" data-element_type=\"column\">\n\t\t\t<div class=\"elementor-widget-wrap elementor-element-populated\">\n\t\t\t\t\t\t<div class=\"elementor-element elementor-element-2d1517d elementor-widget elementor-widget-text-editor\" data-id=\"2d1517d\" data-element_type=\"widget\" data-widget_type=\"text-editor.default\">\n\t\t\t\t<div class=\"elementor-widget-container\">\n\t\t\t\t\t\t\t\t\t<p><span style=\"font-weight: 400;\">El <\/span><b>Premios a la Excelencia Anthony N Sabga 2026<\/b><span style=\"font-weight: 400;\"> aportan ventajas a varios niveles:<\/span><\/p>\n<ul>\n<li style=\"font-weight: 400;\" aria-level=\"1\"><b>&#8211; Acelerar los proyectos<\/b><span style=\"font-weight: 400;\"> La financiaci\u00f3n se asigna a los programas existentes, reduciendo el tiempo entre el reconocimiento y el impacto.<\/span><\/li>\n<li style=\"font-weight: 400;\" aria-level=\"1\"><b>&#8211; Credibilidad institucional<\/b><span style=\"font-weight: 400;\"> distinci\u00f3n que facilita el acceso a asociaciones, datos y mercados.<\/span><\/li>\n<li style=\"font-weight: 400;\" aria-level=\"1\"><b>&#8211; Redes regionales<\/b><span style=\"font-weight: 400;\"> Creaci\u00f3n de redes regionales: los premiados operan en distintos \u00e1mbitos, pero comparten retos comunes (resiliencia, innovaci\u00f3n, inclusi\u00f3n).<\/span><\/li>\n<li style=\"font-weight: 400;\" aria-level=\"1\"><b>&#8211; Narrativa controlada<\/b><span style=\"font-weight: 400;\"> el premio documenta un <a href=\"https:\/\/richeskarayib.com\/es\/karen-virapin-primera-mujer-de-los-territorios-franceses-de-ultramar-en-convertirse-en-directora-de-operaciones-de-air-caraibes\/\" target=\"_blank\" rel=\"noopener\">Caribe<\/a> capaz de producir respuestas exportables, sin depender de narrativas externas.<\/span><\/li>\n<li style=\"font-weight: 400;\" aria-level=\"1\"><b style=\"font-family: -apple-system, BlinkMacSystemFont, 'Segoe UI', Roboto, 'Helvetica Neue', Arial, 'Noto Sans', sans-serif, 'Apple Color Emoji', 'Segoe UI Emoji', 'Segoe UI Symbol', 'Noto Color Emoji';\">&#8211; Transmisi\u00f3n<\/b><span style=\"font-weight: 400;\"> La tutor\u00eda, la formaci\u00f3n y la difusi\u00f3n de conocimientos extienden el efecto del premio m\u00e1s all\u00e1 de los individuos.<\/span><\/li>\n<\/ul>\t\t\t\t\t\t\t\t<\/div>\n\t\t\t\t<\/div>\n\t\t\t\t\t<\/div>\n\t\t<\/div>\n\t\t\t\t\t<\/div>\n\t\t<\/section>\n\t\t\t\t<section class=\"elementor-section elementor-inner-section elementor-element elementor-element-c582330 elementor-section-boxed elementor-section-height-default elementor-section-height-default\" data-id=\"c582330\" data-element_type=\"section\">\n\t\t\t\t\t\t<div class=\"elementor-container elementor-column-gap-default\">\n\t\t\t\t\t\t<\/div>\n\t\t<\/section>\n\t\t\t\t<section class=\"elementor-section elementor-inner-section elementor-element elementor-element-296603a elementor-section-boxed elementor-section-height-default elementor-section-height-default\" data-id=\"296603a\" data-element_type=\"section\">\n\t\t\t\t\t\t<div class=\"elementor-container elementor-column-gap-default\">\n\t\t\t\t\t\t<\/div>\n\t\t<\/section>\n\t\t\t\t\t<\/div>\n\t\t<\/div>\n\t\t\t\t\t<\/div>\n\t\t<\/section>\n\t\t\t\t<section class=\"elementor-section elementor-top-section elementor-element elementor-element-5a7397d elementor-section-boxed elementor-section-height-default elementor-section-height-default\" data-id=\"5a7397d\" data-element_type=\"section\">\n\t\t\t\t\t\t<div class=\"elementor-container elementor-column-gap-default\">\n\t\t\t\t\t<div class=\"elementor-column elementor-col-100 elementor-top-column elementor-element elementor-element-8b33b4b\" data-id=\"8b33b4b\" data-element_type=\"column\">\n\t\t\t<div class=\"elementor-widget-wrap elementor-element-populated\">\n\t\t\t\t\t\t<div class=\"elementor-element elementor-element-89dac4b elementor-widget elementor-widget-heading\" data-id=\"89dac4b\" data-element_type=\"widget\" data-widget_type=\"heading.default\">\n\t\t\t\t<div class=\"elementor-widget-container\">\n\t\t\t\t\t<h2 class=\"elementor-heading-title elementor-size-default\">Una edici\u00f3n que confirma una visi\u00f3n de excelencia<\/h2>\t\t\t\t<\/div>\n\t\t\t\t<\/div>\n\t\t\t\t<div class=\"elementor-element elementor-element-819dd2d elementor-widget elementor-widget-text-editor\" data-id=\"819dd2d\" data-element_type=\"widget\" data-widget_type=\"text-editor.default\">\n\t\t\t\t<div class=\"elementor-widget-container\">\n\t\t\t\t\t\t\t\t\t<p><span style=\"font-weight: 400;\">Premios a la Excelencia Anthony N Sabga<\/span><span style=\"font-weight: 400;\">  2026 demuestra que la excelencia caribe\u00f1a no es abstracta ni simb\u00f3lica. Se mide por la capacidad de transformar la investigaci\u00f3n en pol\u00edticas p\u00fablicas, la innovaci\u00f3n en patentes y asociaciones, la acci\u00f3n social en trayectorias estabilizadas, la creaci\u00f3n art\u00edstica en etapas estructuradas y el esp\u00edritu empresarial en empleos sostenibles. En este sentido, la    <\/span><b>Premios a la Excelencia Anthony N Sabga 2026<\/b><span style=\"font-weight: 400;\"> son una herramienta estrat\u00e9gica para la regi\u00f3n: identifican soluciones probadas e invierten en su despliegue.<\/span><\/p>\t\t\t\t\t\t\t\t<\/div>\n\t\t\t\t<\/div>\n\t\t\t\t\t<\/div>\n\t\t<\/div>\n\t\t\t\t\t<\/div>\n\t\t<\/section>\n\t\t\t\t<section class=\"elementor-section elementor-top-section elementor-element elementor-element-22bf69f elementor-section-boxed elementor-section-height-default elementor-section-height-default\" data-id=\"22bf69f\" data-element_type=\"section\">\n\t\t\t\t\t\t<div class=\"elementor-container elementor-column-gap-default\">\n\t\t\t\t\t<div class=\"elementor-column elementor-col-100 elementor-top-column elementor-element elementor-element-8aedddd\" data-id=\"8aedddd\" data-element_type=\"column\">\n\t\t\t<div class=\"elementor-widget-wrap elementor-element-populated\">\n\t\t\t\t\t\t<section class=\"elementor-section elementor-inner-section elementor-element elementor-element-c8e3557 elementor-section-boxed elementor-section-height-default elementor-section-height-default\" data-id=\"c8e3557\" data-element_type=\"section\">\n\t\t\t\t\t\t<div class=\"elementor-container elementor-column-gap-default\">\n\t\t\t\t\t<div class=\"elementor-column elementor-col-100 elementor-inner-column elementor-element elementor-element-1222702\" data-id=\"1222702\" data-element_type=\"column\">\n\t\t\t<div class=\"elementor-widget-wrap elementor-element-populated\">\n\t\t\t\t\t\t<div class=\"elementor-element elementor-element-2e40abe elementor-widget elementor-widget-accordion\" data-id=\"2e40abe\" data-element_type=\"widget\" data-widget_type=\"accordion.default\">\n\t\t\t\t<div class=\"elementor-widget-container\">\n\t\t\t\t\t\t\t<div class=\"elementor-accordion\">\n\t\t\t\t\t\t\t<div class=\"elementor-accordion-item\">\n\t\t\t\t\t<div id=\"elementor-tab-title-4841\" class=\"elementor-tab-title\" data-tab=\"1\" role=\"button\" aria-controls=\"elementor-tab-content-4841\" aria-expanded=\"false\">\n\t\t\t\t\t\t\t\t\t\t\t\t\t<span class=\"elementor-accordion-icon elementor-accordion-icon-left\" aria-hidden=\"true\">\n\t\t\t\t\t\t\t\t\t\t\t\t\t\t\t<span class=\"elementor-accordion-icon-closed\"><i class=\"fas fa-plus\"><\/i><\/span>\n\t\t\t\t\t\t\t\t<span class=\"elementor-accordion-icon-opened\"><i class=\"fas fa-minus\"><\/i><\/span>\n\t\t\t\t\t\t\t\t\t\t\t\t\t\t<\/span>\n\t\t\t\t\t\t\t\t\t\t\t\t<a class=\"elementor-accordion-title\" tabindex=\"0\">\u00bfQu\u00e9 son los Premios a la Excelencia Anthony N Sabga 2026?<\/a>\n\t\t\t\t\t<\/div>\n\t\t\t\t\t<div id=\"elementor-tab-content-4841\" class=\"elementor-tab-content elementor-clearfix\" data-tab=\"1\" role=\"region\" aria-labelledby=\"elementor-tab-title-4841\"><p><span style=\"font-weight: 400;\">Los Premios a la Excelencia Anthony N Sabga 2026 son una importante distinci\u00f3n regional que recompensa a personalidades caribe\u00f1as cuyo trabajo ha tenido un impacto concreto en la ciencia, las artes, el esp\u00edritu empresarial y el compromiso c\u00edvico, con una ayuda econ\u00f3mica destinada a ampliar sus acciones.<\/span><\/p>\n<\/div>\n\t\t\t\t<\/div>\n\t\t\t\t\t\t\t<div class=\"elementor-accordion-item\">\n\t\t\t\t\t<div id=\"elementor-tab-title-4842\" class=\"elementor-tab-title\" data-tab=\"2\" role=\"button\" aria-controls=\"elementor-tab-content-4842\" aria-expanded=\"false\">\n\t\t\t\t\t\t\t\t\t\t\t\t\t<span class=\"elementor-accordion-icon elementor-accordion-icon-left\" aria-hidden=\"true\">\n\t\t\t\t\t\t\t\t\t\t\t\t\t\t\t<span class=\"elementor-accordion-icon-closed\"><i class=\"fas fa-plus\"><\/i><\/span>\n\t\t\t\t\t\t\t\t<span class=\"elementor-accordion-icon-opened\"><i class=\"fas fa-minus\"><\/i><\/span>\n\t\t\t\t\t\t\t\t\t\t\t\t\t\t<\/span>\n\t\t\t\t\t\t\t\t\t\t\t\t<a class=\"elementor-accordion-title\" tabindex=\"0\">\u00bfQui\u00e9nes son los ganadores de los Premios a la Excelencia Anthony N Sabga 2026?<\/a>\n\t\t\t\t\t<\/div>\n\t\t\t\t\t<div id=\"elementor-tab-content-4842\" class=\"elementor-tab-content elementor-clearfix\" data-tab=\"2\" role=\"region\" aria-labelledby=\"elementor-tab-title-4842\"><p><span style=\"font-weight: 400;\">Los ganadores de 2026 son Tannecia Stephenson, Niven R. Narain, Shamelle Rice, Sheena Rose y Dean Nevers, reconocidos por sus respectivas contribuciones a la investigaci\u00f3n cient\u00edfica, la innovaci\u00f3n, la acci\u00f3n social, la creaci\u00f3n art\u00edstica y el desarrollo econ\u00f3mico regional.<\/span><\/p>\n<\/div>\n\t\t\t\t<\/div>\n\t\t\t\t\t\t\t<div class=\"elementor-accordion-item\">\n\t\t\t\t\t<div id=\"elementor-tab-title-4843\" class=\"elementor-tab-title\" data-tab=\"3\" role=\"button\" aria-controls=\"elementor-tab-content-4843\" aria-expanded=\"false\">\n\t\t\t\t\t\t\t\t\t\t\t\t\t<span class=\"elementor-accordion-icon elementor-accordion-icon-left\" aria-hidden=\"true\">\n\t\t\t\t\t\t\t\t\t\t\t\t\t\t\t<span class=\"elementor-accordion-icon-closed\"><i class=\"fas fa-plus\"><\/i><\/span>\n\t\t\t\t\t\t\t\t<span class=\"elementor-accordion-icon-opened\"><i class=\"fas fa-minus\"><\/i><\/span>\n\t\t\t\t\t\t\t\t\t\t\t\t\t\t<\/span>\n\t\t\t\t\t\t\t\t\t\t\t\t<a class=\"elementor-accordion-title\" tabindex=\"0\">\u00bfPor qu\u00e9 son importantes para el Caribe los Premios a la Excelencia Anthony N Sabga 2026?<\/a>\n\t\t\t\t\t<\/div>\n\t\t\t\t\t<div id=\"elementor-tab-content-4843\" class=\"elementor-tab-content elementor-clearfix\" data-tab=\"3\" role=\"region\" aria-labelledby=\"elementor-tab-title-4843\"><p><span style=\"font-weight: 400;\">Los Premios a la Excelencia Anthony N Sabga 2026 apoyan proyectos que ya est\u00e1n en marcha, impulsan la credibilidad internacional de los actores caribe\u00f1os y fomentan el crecimiento basado en el conocimiento, la innovaci\u00f3n y el impacto social sostenible en la regi\u00f3n.<\/span><\/p>\n<\/div>\n\t\t\t\t<\/div>\n\t\t\t\t\t\t\t\t<\/div>\n\t\t\t\t\t\t<\/div>\n\t\t\t\t<\/div>\n\t\t\t\t\t<\/div>\n\t\t<\/div>\n\t\t\t\t\t<\/div>\n\t\t<\/section>\n\t\t\t\t\t<\/div>\n\t\t<\/div>\n\t\t\t\t\t<\/div>\n\t\t<\/section>\n\t\t\t\t<\/div>\n\t\t","protected":false},"excerpt":{"rendered":"<p>El Premios a la Excelencia Anthony N Sabga 2026 honran a cinco personalidades del Caribe cuyo trabajo, empresas y compromisos est\u00e1n teniendo un impacto mensurable a escala regional. Ciencia del clima, biotecnolog\u00eda, acci\u00f3n c\u00edvica, artes visuales y emprendimiento industrial: la edici\u00f3n de 2026 confirma la vocaci\u00f3n de este premio: apoyar soluciones concretas, concebidas por y [&hellip;]<\/p>\n","protected":false},"author":662,"featured_media":69037,"comment_status":"open","ping_status":"open","sticky":false,"template":"","format":"standard","meta":{"_acf_changed":false,"footnotes":""},"categories":[839],"tags":[1593,1668,1695],"class_list":["post-69065","post","type-post","status-publish","format-standard","has-post-thumbnail","hentry","category-noticias","tag-barbade-es","tag-guyana-es-2","tag-jamaica-es-2"],"acf":[],"_links":{"self":[{"href":"https:\/\/richeskarayib.com\/es\/wp-json\/wp\/v2\/posts\/69065","targetHints":{"allow":["GET"]}}],"collection":[{"href":"https:\/\/richeskarayib.com\/es\/wp-json\/wp\/v2\/posts"}],"about":[{"href":"https:\/\/richeskarayib.com\/es\/wp-json\/wp\/v2\/types\/post"}],"author":[{"embeddable":true,"href":"https:\/\/richeskarayib.com\/es\/wp-json\/wp\/v2\/users\/662"}],"replies":[{"embeddable":true,"href":"https:\/\/richeskarayib.com\/es\/wp-json\/wp\/v2\/comments?post=69065"}],"version-history":[{"count":0,"href":"https:\/\/richeskarayib.com\/es\/wp-json\/wp\/v2\/posts\/69065\/revisions"}],"wp:featuredmedia":[{"embeddable":true,"href":"https:\/\/richeskarayib.com\/es\/wp-json\/wp\/v2\/media\/69037"}],"wp:attachment":[{"href":"https:\/\/richeskarayib.com\/es\/wp-json\/wp\/v2\/media?parent=69065"}],"wp:term":[{"taxonomy":"category","embeddable":true,"href":"https:\/\/richeskarayib.com\/es\/wp-json\/wp\/v2\/categories?post=69065"},{"taxonomy":"post_tag","embeddable":true,"href":"https:\/\/richeskarayib.com\/es\/wp-json\/wp\/v2\/tags?post=69065"}],"curies":[{"name":"wp","href":"https:\/\/api.w.org\/{rel}","templated":true}]}}