{"id":69103,"date":"2026-02-05T07:52:46","date_gmt":"2026-02-05T11:52:46","guid":{"rendered":"https:\/\/richeskarayib.com\/surinam-semana-de-la-energia-en-el-caribe-2026-que-hay-para-la-economia-caribena\/"},"modified":"2026-02-05T07:52:47","modified_gmt":"2026-02-05T11:52:47","slug":"surinam-semana-de-la-energia-en-el-caribe-2026-que-hay-para-la-economia-caribena","status":"publish","type":"post","link":"https:\/\/richeskarayib.com\/es\/surinam-semana-de-la-energia-en-el-caribe-2026-que-hay-para-la-economia-caribena\/","title":{"rendered":"Surinam &#8211; Semana de la Energ\u00eda en el Caribe 2026: \u00bfqu\u00e9 hay para la econom\u00eda caribe\u00f1a?"},"content":{"rendered":"\t\t<div data-elementor-type=\"wp-post\" data-elementor-id=\"69103\" class=\"elementor elementor-69103 elementor-69069\" data-elementor-post-type=\"post\">\n\t\t\t\t\t\t<section class=\"elementor-section elementor-top-section elementor-element elementor-element-7ca7ca1 elementor-section-boxed elementor-section-height-default elementor-section-height-default\" data-id=\"7ca7ca1\" data-element_type=\"section\">\n\t\t\t\t\t\t<div class=\"elementor-container elementor-column-gap-default\">\n\t\t\t\t\t<div class=\"elementor-column elementor-col-100 elementor-top-column elementor-element elementor-element-cbdd002\" data-id=\"cbdd002\" data-element_type=\"column\">\n\t\t\t<div class=\"elementor-widget-wrap elementor-element-populated\">\n\t\t\t\t\t\t<section class=\"elementor-section elementor-inner-section elementor-element elementor-element-bc94849 elementor-section-boxed elementor-section-height-default elementor-section-height-default\" data-id=\"bc94849\" data-element_type=\"section\">\n\t\t\t\t\t\t<div class=\"elementor-container elementor-column-gap-default\">\n\t\t\t\t\t\t<\/div>\n\t\t<\/section>\n\t\t\t\t<section class=\"elementor-section elementor-inner-section elementor-element elementor-element-61571e6 elementor-section-boxed elementor-section-height-default elementor-section-height-default\" data-id=\"61571e6\" data-element_type=\"section\">\n\t\t\t\t\t\t<div class=\"elementor-container elementor-column-gap-default\">\n\t\t\t\t\t\t<\/div>\n\t\t<\/section>\n\t\t\t\t<section class=\"elementor-section elementor-inner-section elementor-element elementor-element-b6262e0 elementor-section-boxed elementor-section-height-default elementor-section-height-default\" data-id=\"b6262e0\" data-element_type=\"section\">\n\t\t\t\t\t\t<div class=\"elementor-container elementor-column-gap-default\">\n\t\t\t\t\t\t<\/div>\n\t\t<\/section>\n\t\t\t\t<section class=\"elementor-section elementor-inner-section elementor-element elementor-element-cca29fd elementor-section-boxed elementor-section-height-default elementor-section-height-default\" data-id=\"cca29fd\" data-element_type=\"section\">\n\t\t\t\t\t\t<div class=\"elementor-container elementor-column-gap-default\">\n\t\t\t\t\t\t<\/div>\n\t\t<\/section>\n\t\t\t\t\t<\/div>\n\t\t<\/div>\n\t\t\t\t\t<\/div>\n\t\t<\/section>\n\t\t\t\t<section class=\"elementor-section elementor-top-section elementor-element elementor-element-a6d4222 elementor-section-boxed elementor-section-height-default elementor-section-height-default\" data-id=\"a6d4222\" data-element_type=\"section\">\n\t\t\t\t\t\t<div class=\"elementor-container elementor-column-gap-default\">\n\t\t\t\t\t<div class=\"elementor-column elementor-col-100 elementor-top-column elementor-element elementor-element-ea27f09\" data-id=\"ea27f09\" data-element_type=\"column\">\n\t\t\t<div class=\"elementor-widget-wrap elementor-element-populated\">\n\t\t\t\t\t\t<section class=\"elementor-section elementor-inner-section elementor-element elementor-element-25c3156 elementor-section-boxed elementor-section-height-default elementor-section-height-default\" data-id=\"25c3156\" data-element_type=\"section\">\n\t\t\t\t\t\t<div class=\"elementor-container elementor-column-gap-default\">\n\t\t\t\t\t<div class=\"elementor-column elementor-col-100 elementor-inner-column elementor-element elementor-element-aac779c\" data-id=\"aac779c\" data-element_type=\"column\">\n\t\t\t<div class=\"elementor-widget-wrap elementor-element-populated\">\n\t\t\t\t\t\t<div class=\"elementor-element elementor-element-612550d elementor-widget elementor-widget-text-editor\" data-id=\"612550d\" data-element_type=\"widget\" data-widget_type=\"text-editor.default\">\n\t\t\t\t<div class=\"elementor-widget-container\">\n\t\t\t\t\t\t\t\t\t<p><a href=\"https:\/\/www.caribbeanenergyweek.com\/\" target=\"_blank\" rel=\"noopener nofollow\"><b>Semana de la Energ\u00eda del Caribe 2026<\/b><\/a><span style=\"font-weight: 400;\">  marca un importante punto de inflexi\u00f3n para la econom\u00eda caribe\u00f1a. Percibido durante mucho tiempo como una regi\u00f3n esencialmente dependiente del turismo y los servicios, el Caribe se perfila ahora como un territorio estrat\u00e9gico en el sector energ\u00e9tico mundial. El evento, que se celebrar\u00e1 del 30 de marzo al 1 de abril de 2026 en Paramaribo (Surinam), re\u00fane a gobiernos, inversores, empresas energ\u00e9ticas e instituciones financieras con un objetivo com\u00fan: transformar el potencial energ\u00e9tico de la regi\u00f3n en un motor econ\u00f3mico sostenible.  <\/span><\/p>\t\t\t\t\t\t\t\t<\/div>\n\t\t\t\t<\/div>\n\t\t\t\t<div class=\"elementor-element elementor-element-4220690 elementor-widget elementor-widget-text-editor\" data-id=\"4220690\" data-element_type=\"widget\" data-widget_type=\"text-editor.default\">\n\t\t\t\t<div class=\"elementor-widget-container\">\n\t\t\t\t\t\t\t\t\t<p><span style=\"font-weight: 400;\">Esta nueva edici\u00f3n llega en un momento de profundos cambios. Los descubrimientos de petr\u00f3leo en Guyana y Surinam, la consolidaci\u00f3n del papel energ\u00e9tico de Trinidad y Tobago y el auge de los proyectos de energ\u00edas renovables en varias islas est\u00e1n reposicionando el Caribe en el mapa econ\u00f3mico mundial. La Semana de la Energ\u00eda del Caribe 2026 es, por tanto, una plataforma estrat\u00e9gica para comprender c\u00f3mo la energ\u00eda est\u00e1 redefiniendo los equilibrios econ\u00f3micos regionales.  <\/span><\/p>\t\t\t\t\t\t\t\t<\/div>\n\t\t\t\t<\/div>\n\t\t\t\t\t<\/div>\n\t\t<\/div>\n\t\t\t\t\t<\/div>\n\t\t<\/section>\n\t\t\t\t\t<\/div>\n\t\t<\/div>\n\t\t\t\t\t<\/div>\n\t\t<\/section>\n\t\t\t\t<section class=\"elementor-section elementor-top-section elementor-element elementor-element-e1fea79 elementor-section-boxed elementor-section-height-default elementor-section-height-default\" data-id=\"e1fea79\" data-element_type=\"section\">\n\t\t\t\t\t\t<div class=\"elementor-container elementor-column-gap-default\">\n\t\t\t\t\t<div class=\"elementor-column elementor-col-100 elementor-top-column elementor-element elementor-element-6d0be76\" data-id=\"6d0be76\" data-element_type=\"column\">\n\t\t\t<div class=\"elementor-widget-wrap elementor-element-populated\">\n\t\t\t\t\t\t<div class=\"elementor-element elementor-element-a310b25 elementor-widget elementor-widget-heading\" data-id=\"a310b25\" data-element_type=\"widget\" data-widget_type=\"heading.default\">\n\t\t\t\t<div class=\"elementor-widget-container\">\n\t\t\t\t\t<h2 class=\"elementor-heading-title elementor-size-default\">Una plataforma regional para la inversi\u00f3n en energ\u00eda<\/h2>\t\t\t\t<\/div>\n\t\t\t\t<\/div>\n\t\t\t\t<div class=\"elementor-element elementor-element-bbb62ae elementor-widget elementor-widget-text-editor\" data-id=\"bbb62ae\" data-element_type=\"widget\" data-widget_type=\"text-editor.default\">\n\t\t\t\t<div class=\"elementor-widget-container\">\n\t\t\t\t\t\t\t\t\t<p><span style=\"font-weight: 400;\"><a href=\"https:\/\/www.facebook.com\/EnergyCapitalPower\/\" target=\"_blank\" rel=\"noopener nofollow\">La Semana de la Energ\u00eda del Caribe 2026<\/a> no es s\u00f3lo una conferencia del sector. El evento se posiciona como una aut\u00e9ntica plataforma para la inversi\u00f3n y la cooperaci\u00f3n econ\u00f3mica. Celebrada en el Hotel Royal Torarica de Paramaribo, reunir\u00e1 a jefes de Estado, ministros, inversores internacionales, bancos de desarrollo y empresas energ\u00e9ticas para debatir proyectos concretos destinados a acelerar la transformaci\u00f3n energ\u00e9tica de la regi\u00f3n.  <\/span><\/p><p><span style=\"font-weight: 400;\">El objetivo es claro: conectar los proyectos caribe\u00f1os con el capital internacional. Los organizadores esperan facilitar las asociaciones entre gobiernos e inversores, acelerar la puesta en marcha de infraestructuras energ\u00e9ticas y presentar proyectos que se consideren &#8220;financiables&#8221; y susceptibles de atraer financiaci\u00f3n internacional. Esta dimensi\u00f3n econ\u00f3mica hace de la Semana de la Energ\u00eda del Caribe 2026 un acontecimiento clave para el futuro financiero de la regi\u00f3n.  <\/span><\/p>\t\t\t\t\t\t\t\t<\/div>\n\t\t\t\t<\/div>\n\t\t\t\t<div class=\"elementor-element elementor-element-e49670e elementor-widget elementor-widget-text-editor\" data-id=\"e49670e\" data-element_type=\"widget\" data-widget_type=\"text-editor.default\">\n\t\t\t\t<div class=\"elementor-widget-container\">\n\t\t\t\t\t\t\t\t\t<p><span style=\"font-weight: 400;\">Adem\u00e1s de los debates t\u00e9cnicos, el evento pretende transformar los intercambios en acuerdos e inversiones reales. Las mesas redondas reunir\u00e1n a gobiernos e inversores para identificar oportunidades concretas de desarrollo, mientras que las sesiones de creaci\u00f3n de redes ayudar\u00e1n a forjar asociaciones estrat\u00e9gicas a largo plazo. <\/span><\/p>\t\t\t\t\t\t\t\t<\/div>\n\t\t\t\t<\/div>\n\t\t\t\t<section class=\"elementor-section elementor-inner-section elementor-element elementor-element-c4cc364 elementor-section-boxed elementor-section-height-default elementor-section-height-default\" data-id=\"c4cc364\" data-element_type=\"section\">\n\t\t\t\t\t\t<div class=\"elementor-container elementor-column-gap-default\">\n\t\t\t\t\t<div class=\"elementor-column elementor-col-100 elementor-inner-column elementor-element elementor-element-9f76105\" data-id=\"9f76105\" data-element_type=\"column\">\n\t\t\t<div class=\"elementor-widget-wrap elementor-element-populated\">\n\t\t\t\t\t\t<div class=\"elementor-element elementor-element-75d5d0a elementor-widget elementor-widget-image\" data-id=\"75d5d0a\" data-element_type=\"widget\" data-widget_type=\"image.default\">\n\t\t\t\t<div class=\"elementor-widget-container\">\n\t\t\t\t\t\t\t\t\t\t\t\t<figure class=\"wp-caption\">\n\t\t\t\t\t\t\t\t\t\t<img fetchpriority=\"high\" decoding=\"async\" width=\"800\" height=\"491\" src=\"https:\/\/richeskarayib.com\/wp-content\/uploads\/2026\/02\/\u00a9-Energy-Capital-Power-1.jpg\" class=\"attachment-large size-large wp-image-69077\" alt=\"Caribbean Energy Week 2026\" srcset=\"https:\/\/richeskarayib.com\/wp-content\/uploads\/2026\/02\/\u00a9-Energy-Capital-Power-1.jpg 866w, https:\/\/richeskarayib.com\/wp-content\/uploads\/2026\/02\/\u00a9-Energy-Capital-Power-1-300x184.jpg 300w, https:\/\/richeskarayib.com\/wp-content\/uploads\/2026\/02\/\u00a9-Energy-Capital-Power-1-768x471.jpg 768w\" sizes=\"(max-width: 800px) 100vw, 800px\" \/>\t\t\t\t\t\t\t\t\t\t\t<figcaption class=\"widget-image-caption wp-caption-text\">\u00a9 Energy Capital &amp; Power<\/figcaption>\n\t\t\t\t\t\t\t\t\t\t<\/figure>\n\t\t\t\t\t\t\t\t\t<\/div>\n\t\t\t\t<\/div>\n\t\t\t\t\t<\/div>\n\t\t<\/div>\n\t\t\t\t\t<\/div>\n\t\t<\/section>\n\t\t\t\t\t<\/div>\n\t\t<\/div>\n\t\t\t\t\t<\/div>\n\t\t<\/section>\n\t\t\t\t<section class=\"elementor-section elementor-top-section elementor-element elementor-element-ee72354 elementor-section-boxed elementor-section-height-default elementor-section-height-default\" data-id=\"ee72354\" data-element_type=\"section\">\n\t\t\t\t\t\t<div class=\"elementor-container elementor-column-gap-default\">\n\t\t\t\t\t<div class=\"elementor-column elementor-col-100 elementor-top-column elementor-element elementor-element-c59d6fe\" data-id=\"c59d6fe\" data-element_type=\"column\">\n\t\t\t<div class=\"elementor-widget-wrap elementor-element-populated\">\n\t\t\t\t\t\t<section class=\"elementor-section elementor-inner-section elementor-element elementor-element-c5c11f7 elementor-section-boxed elementor-section-height-default elementor-section-height-default\" data-id=\"c5c11f7\" data-element_type=\"section\">\n\t\t\t\t\t\t<div class=\"elementor-container elementor-column-gap-default\">\n\t\t\t\t\t<div class=\"elementor-column elementor-col-100 elementor-inner-column elementor-element elementor-element-dc47e06\" data-id=\"dc47e06\" data-element_type=\"column\">\n\t\t\t<div class=\"elementor-widget-wrap elementor-element-populated\">\n\t\t\t\t\t\t<div class=\"elementor-element elementor-element-ddc6a1e elementor-widget elementor-widget-heading\" data-id=\"ddc6a1e\" data-element_type=\"widget\" data-widget_type=\"heading.default\">\n\t\t\t\t<div class=\"elementor-widget-container\">\n\t\t\t\t\t<h2 class=\"elementor-heading-title elementor-size-default\">Una nueva geograf\u00eda econ\u00f3mica para el Caribe<\/h2>\t\t\t\t<\/div>\n\t\t\t\t<\/div>\n\t\t\t\t<div class=\"elementor-element elementor-element-e57451f elementor-widget elementor-widget-text-editor\" data-id=\"e57451f\" data-element_type=\"widget\" data-widget_type=\"text-editor.default\">\n\t\t\t\t<div class=\"elementor-widget-container\">\n\t\t\t\t\t\t\t\t\t<p><span style=\"font-weight: 400;\">La Semana de la Energ\u00eda del Caribe 2026 llega en un momento en que se est\u00e1 redibujando la geograf\u00eda econ\u00f3mica del Caribe. Los descubrimientos de petr\u00f3leo en Guyana y Surinam ya han empezado a transformar los flujos financieros y las prioridades de inversi\u00f3n en la regi\u00f3n. Guyana, que se ha convertido en uno de los pa\u00edses de m\u00e1s r\u00e1pido crecimiento del mundo gracias al petr\u00f3leo en alta mar, atrae ahora capital, empresas y mano de obra cualificada. Surinam, anfitri\u00f3n de la edici\u00f3n de 2026, se est\u00e1 preparando para seguir una trayectoria similar.   <\/span><\/p>\t\t\t\t\t\t\t\t<\/div>\n\t\t\t\t<\/div>\n\t\t\t\t<div class=\"elementor-element elementor-element-1c666d1 elementor-widget elementor-widget-text-editor\" data-id=\"1c666d1\" data-element_type=\"widget\" data-widget_type=\"text-editor.default\">\n\t\t\t\t<div class=\"elementor-widget-container\">\n\t\t\t\t\t\t\t\t\t<p><span style=\"font-weight: 400;\">Esta evoluci\u00f3n no s\u00f3lo afecta a los pa\u00edses productores de hidrocarburos. Est\u00e1 influyendo en toda la regi\u00f3n. Los pa\u00edses del Caribe est\u00e1n intentando diversificar sus econom\u00edas, reforzar sus infraestructuras y desarrollar las capacidades locales para aprovechar los beneficios econ\u00f3micos de este auge energ\u00e9tico. La Semana de la Energ\u00eda del Caribe 2026 ofrece una oportunidad ideal para coordinar estas estrategias regionales.   <\/span><\/p>\t\t\t\t\t\t\t\t<\/div>\n\t\t\t\t<\/div>\n\t\t\t\t<div class=\"elementor-element elementor-element-d04049a elementor-widget elementor-widget-text-editor\" data-id=\"d04049a\" data-element_type=\"widget\" data-widget_type=\"text-editor.default\">\n\t\t\t\t<div class=\"elementor-widget-container\">\n\t\t\t\t\t\t\t\t\t<p><span style=\"font-weight: 400;\">El Caribe ya no es s\u00f3lo un destino tur\u00edstico. Se est\u00e1 afirmando gradualmente como zona de inversi\u00f3n energ\u00e9tica e industrial, capaz de atraer capital internacional y desarrollar cadenas de valor regionales. Esta transformaci\u00f3n econ\u00f3mica est\u00e1 en el centro de los debates programados para el evento.  <\/span><\/p>\t\t\t\t\t\t\t\t<\/div>\n\t\t\t\t<\/div>\n\t\t\t\t<div class=\"elementor-element elementor-element-e783f60 elementor-widget elementor-widget-image\" data-id=\"e783f60\" data-element_type=\"widget\" data-widget_type=\"image.default\">\n\t\t\t\t<div class=\"elementor-widget-container\">\n\t\t\t\t\t\t\t\t\t\t\t\t<figure class=\"wp-caption\">\n\t\t\t\t\t\t\t\t\t\t<img decoding=\"async\" width=\"679\" height=\"451\" src=\"https:\/\/richeskarayib.com\/wp-content\/uploads\/2026\/02\/\u00a9-Energy-Capital-Power-7.jpg\" class=\"attachment-large size-large wp-image-69089\" alt=\"Caribbean Energy Week 2026\" srcset=\"https:\/\/richeskarayib.com\/wp-content\/uploads\/2026\/02\/\u00a9-Energy-Capital-Power-7.jpg 679w, https:\/\/richeskarayib.com\/wp-content\/uploads\/2026\/02\/\u00a9-Energy-Capital-Power-7-300x199.jpg 300w\" sizes=\"(max-width: 679px) 100vw, 679px\" \/>\t\t\t\t\t\t\t\t\t\t\t<figcaption class=\"widget-image-caption wp-caption-text\">\u00a9 Energy Capital &amp; Power<\/figcaption>\n\t\t\t\t\t\t\t\t\t\t<\/figure>\n\t\t\t\t\t\t\t\t\t<\/div>\n\t\t\t\t<\/div>\n\t\t\t\t\t<\/div>\n\t\t<\/div>\n\t\t\t\t\t<\/div>\n\t\t<\/section>\n\t\t\t\t\t<\/div>\n\t\t<\/div>\n\t\t\t\t\t<\/div>\n\t\t<\/section>\n\t\t\t\t<section class=\"elementor-section elementor-top-section elementor-element elementor-element-82cd8f9 elementor-section-boxed elementor-section-height-default elementor-section-height-default\" data-id=\"82cd8f9\" data-element_type=\"section\">\n\t\t\t\t\t\t<div class=\"elementor-container elementor-column-gap-default\">\n\t\t\t\t\t<div class=\"elementor-column elementor-col-100 elementor-top-column elementor-element elementor-element-0bfdc38\" data-id=\"0bfdc38\" data-element_type=\"column\">\n\t\t\t<div class=\"elementor-widget-wrap elementor-element-populated\">\n\t\t\t\t\t\t<div class=\"elementor-element elementor-element-7d292fe elementor-widget elementor-widget-heading\" data-id=\"7d292fe\" data-element_type=\"widget\" data-widget_type=\"heading.default\">\n\t\t\t\t<div class=\"elementor-widget-container\">\n\t\t\t\t\t<h2 class=\"elementor-heading-title elementor-size-default\">Diversidad energ\u00e9tica y oportunidades econ\u00f3micas<\/h2>\t\t\t\t<\/div>\n\t\t\t\t<\/div>\n\t\t\t\t<section class=\"elementor-section elementor-inner-section elementor-element elementor-element-6e6c94c elementor-section-boxed elementor-section-height-default elementor-section-height-default\" data-id=\"6e6c94c\" data-element_type=\"section\">\n\t\t\t\t\t\t<div class=\"elementor-container elementor-column-gap-default\">\n\t\t\t\t\t<div class=\"elementor-column elementor-col-100 elementor-inner-column elementor-element elementor-element-4bdaa26\" data-id=\"4bdaa26\" data-element_type=\"column\">\n\t\t\t<div class=\"elementor-widget-wrap elementor-element-populated\">\n\t\t\t\t\t\t<div class=\"elementor-element elementor-element-2d1517d elementor-widget elementor-widget-text-editor\" data-id=\"2d1517d\" data-element_type=\"widget\" data-widget_type=\"text-editor.default\">\n\t\t\t\t<div class=\"elementor-widget-container\">\n\t\t\t\t\t\t\t\t\t<p><span style=\"font-weight: 400;\">El tema oficial de la Semana de la Energ\u00eda del Caribe 2026, &#8220;Aprovechar la diversidad energ\u00e9tica en todo el Caribe&#8221;, pone de relieve la diversidad de los recursos energ\u00e9ticos de la regi\u00f3n. El Caribe dispone de diversas fuentes de energ\u00eda, desde petr\u00f3leo en alta mar hasta energ\u00edas renovables, gas natural y cr\u00e9ditos de carbono. Esta diversidad es una palanca estrat\u00e9gica para el crecimiento econ\u00f3mico regional.  <\/span><\/p>\t\t\t\t\t\t\t\t<\/div>\n\t\t\t\t<\/div>\n\t\t\t\t<div class=\"elementor-element elementor-element-895e010 elementor-widget elementor-widget-text-editor\" data-id=\"895e010\" data-element_type=\"widget\" data-widget_type=\"text-editor.default\">\n\t\t\t\t<div class=\"elementor-widget-container\">\n\t\t\t\t\t\t\t\t\t<p><span style=\"font-weight: 400;\">Los hidrocarburos siguen siendo un pilar importante. El petr\u00f3leo y el gas siguen atrayendo inversiones masivas, sobre todo en Guyana, Surinam y Trinidad y Tobago. Sin embargo, tambi\u00e9n se est\u00e1 prestando atenci\u00f3n a las energ\u00edas renovables, como la solar, la e\u00f3lica y la geot\u00e9rmica. Varios territorios insulares intentan reducir su dependencia de los combustibles importados desarrollando infraestructuras energ\u00e9ticas locales.   <\/span><\/p>\t\t\t\t\t\t\t\t<\/div>\n\t\t\t\t<\/div>\n\t\t\t\t<div class=\"elementor-element elementor-element-b97268a elementor-widget elementor-widget-text-editor\" data-id=\"b97268a\" data-element_type=\"widget\" data-widget_type=\"text-editor.default\">\n\t\t\t\t<div class=\"elementor-widget-container\">\n\t\t\t\t\t\t\t\t\t<p><span style=\"font-weight: 400;\">La Semana de la Energ\u00eda del Caribe 2026 tambi\u00e9n abordar\u00e1 los mercados del carbono, el almacenamiento de energ\u00eda y los minerales cr\u00edticos necesarios para la transici\u00f3n energ\u00e9tica mundial. Estos sectores representan nuevas oportunidades econ\u00f3micas para los pa\u00edses del Caribe, que pueden posicionarse como proveedores de recursos o centros de innovaci\u00f3n energ\u00e9tica. <\/span><\/p>\t\t\t\t\t\t\t\t<\/div>\n\t\t\t\t<\/div>\n\t\t\t\t\t<\/div>\n\t\t<\/div>\n\t\t\t\t\t<\/div>\n\t\t<\/section>\n\t\t\t\t<section class=\"elementor-section elementor-inner-section elementor-element elementor-element-c621650 elementor-section-boxed elementor-section-height-default elementor-section-height-default\" data-id=\"c621650\" data-element_type=\"section\">\n\t\t\t\t\t\t<div class=\"elementor-container elementor-column-gap-default\">\n\t\t\t\t\t<div class=\"elementor-column elementor-col-50 elementor-inner-column elementor-element elementor-element-cab5cb3\" data-id=\"cab5cb3\" data-element_type=\"column\">\n\t\t\t<div class=\"elementor-widget-wrap elementor-element-populated\">\n\t\t\t\t\t\t<div class=\"elementor-element elementor-element-1f49ec5 elementor-widget elementor-widget-image\" data-id=\"1f49ec5\" data-element_type=\"widget\" data-widget_type=\"image.default\">\n\t\t\t\t<div class=\"elementor-widget-container\">\n\t\t\t\t\t\t\t\t\t\t\t\t<figure class=\"wp-caption\">\n\t\t\t\t\t\t\t\t\t\t<img decoding=\"async\" width=\"800\" height=\"522\" src=\"https:\/\/richeskarayib.com\/wp-content\/uploads\/2026\/02\/\u00a9-Energy-Capital-Power-8.jpg\" class=\"attachment-large size-large wp-image-69081\" alt=\"Caribbean Energy Week 2026\" srcset=\"https:\/\/richeskarayib.com\/wp-content\/uploads\/2026\/02\/\u00a9-Energy-Capital-Power-8.jpg 864w, https:\/\/richeskarayib.com\/wp-content\/uploads\/2026\/02\/\u00a9-Energy-Capital-Power-8-300x196.jpg 300w, https:\/\/richeskarayib.com\/wp-content\/uploads\/2026\/02\/\u00a9-Energy-Capital-Power-8-768x501.jpg 768w\" sizes=\"(max-width: 800px) 100vw, 800px\" \/>\t\t\t\t\t\t\t\t\t\t\t<figcaption class=\"widget-image-caption wp-caption-text\">\u00a9 Energy Capital &amp; Power<\/figcaption>\n\t\t\t\t\t\t\t\t\t\t<\/figure>\n\t\t\t\t\t\t\t\t\t<\/div>\n\t\t\t\t<\/div>\n\t\t\t\t\t<\/div>\n\t\t<\/div>\n\t\t\t\t<div class=\"elementor-column elementor-col-50 elementor-inner-column elementor-element elementor-element-9d595e5\" data-id=\"9d595e5\" data-element_type=\"column\">\n\t\t\t<div class=\"elementor-widget-wrap elementor-element-populated\">\n\t\t\t\t\t\t<div class=\"elementor-element elementor-element-8edc89b elementor-widget elementor-widget-image\" data-id=\"8edc89b\" data-element_type=\"widget\" data-widget_type=\"image.default\">\n\t\t\t\t<div class=\"elementor-widget-container\">\n\t\t\t\t\t\t\t\t\t\t\t\t<figure class=\"wp-caption\">\n\t\t\t\t\t\t\t\t\t\t<img loading=\"lazy\" decoding=\"async\" width=\"800\" height=\"492\" src=\"https:\/\/richeskarayib.com\/wp-content\/uploads\/2026\/02\/\u00a9-Energy-Capital-Power-5.jpg\" class=\"attachment-large size-large wp-image-69085\" alt=\"Caribbean Energy Week 2026\" srcset=\"https:\/\/richeskarayib.com\/wp-content\/uploads\/2026\/02\/\u00a9-Energy-Capital-Power-5.jpg 857w, https:\/\/richeskarayib.com\/wp-content\/uploads\/2026\/02\/\u00a9-Energy-Capital-Power-5-300x184.jpg 300w, https:\/\/richeskarayib.com\/wp-content\/uploads\/2026\/02\/\u00a9-Energy-Capital-Power-5-768x472.jpg 768w\" sizes=\"(max-width: 800px) 100vw, 800px\" \/>\t\t\t\t\t\t\t\t\t\t\t<figcaption class=\"widget-image-caption wp-caption-text\">\u00a9 Energy Capital &amp; Power<\/figcaption>\n\t\t\t\t\t\t\t\t\t\t<\/figure>\n\t\t\t\t\t\t\t\t\t<\/div>\n\t\t\t\t<\/div>\n\t\t\t\t\t<\/div>\n\t\t<\/div>\n\t\t\t\t\t<\/div>\n\t\t<\/section>\n\t\t\t\t<section class=\"elementor-section elementor-inner-section elementor-element elementor-element-c582330 elementor-section-boxed elementor-section-height-default elementor-section-height-default\" data-id=\"c582330\" data-element_type=\"section\">\n\t\t\t\t\t\t<div class=\"elementor-container elementor-column-gap-default\">\n\t\t\t\t\t\t<\/div>\n\t\t<\/section>\n\t\t\t\t<section class=\"elementor-section elementor-inner-section elementor-element elementor-element-296603a elementor-section-boxed elementor-section-height-default elementor-section-height-default\" data-id=\"296603a\" data-element_type=\"section\">\n\t\t\t\t\t\t<div class=\"elementor-container elementor-column-gap-default\">\n\t\t\t\t\t\t<\/div>\n\t\t<\/section>\n\t\t\t\t\t<\/div>\n\t\t<\/div>\n\t\t\t\t\t<\/div>\n\t\t<\/section>\n\t\t\t\t<section class=\"elementor-section elementor-top-section elementor-element elementor-element-5a7397d elementor-section-boxed elementor-section-height-default elementor-section-height-default\" data-id=\"5a7397d\" data-element_type=\"section\">\n\t\t\t\t\t\t<div class=\"elementor-container elementor-column-gap-default\">\n\t\t\t\t\t<div class=\"elementor-column elementor-col-100 elementor-top-column elementor-element elementor-element-8b33b4b\" data-id=\"8b33b4b\" data-element_type=\"column\">\n\t\t\t<div class=\"elementor-widget-wrap elementor-element-populated\">\n\t\t\t\t\t\t<div class=\"elementor-element elementor-element-89dac4b elementor-widget elementor-widget-heading\" data-id=\"89dac4b\" data-element_type=\"widget\" data-widget_type=\"heading.default\">\n\t\t\t\t<div class=\"elementor-widget-container\">\n\t\t\t\t\t<h2 class=\"elementor-heading-title elementor-size-default\">Impacto en el empleo y la formaci\u00f3n<\/h2>\t\t\t\t<\/div>\n\t\t\t\t<\/div>\n\t\t\t\t<div class=\"elementor-element elementor-element-819dd2d elementor-widget elementor-widget-text-editor\" data-id=\"819dd2d\" data-element_type=\"widget\" data-widget_type=\"text-editor.default\">\n\t\t\t\t<div class=\"elementor-widget-container\">\n\t\t\t\t\t\t\t\t\t<p><span style=\"font-weight: 400;\">Una de las principales consecuencias de la transformaci\u00f3n energ\u00e9tica de la regi\u00f3n se refiere al empleo. Los proyectos energ\u00e9ticos requieren competencias especializadas en ingenier\u00eda, log\u00edstica, mantenimiento y gesti\u00f3n de proyectos. La Semana de la Energ\u00eda del Caribe 2026 pondr\u00e1 de relieve la necesidad de reforzar la formaci\u00f3n y el desarrollo de las competencias locales para que la poblaci\u00f3n del Caribe pueda beneficiarse directamente de estas nuevas oportunidades.  <\/span><\/p>\t\t\t\t\t\t\t\t<\/div>\n\t\t\t\t<\/div>\n\t\t\t\t<div class=\"elementor-element elementor-element-39eae7a elementor-widget elementor-widget-text-editor\" data-id=\"39eae7a\" data-element_type=\"widget\" data-widget_type=\"text-editor.default\">\n\t\t\t\t<div class=\"elementor-widget-container\">\n\t\t\t\t\t\t\t\t\t<p><span style=\"font-weight: 400;\">Se dedicar\u00e1n varias sesiones a la creaci\u00f3n de capacidad local y a la formaci\u00f3n de la mano de obra. El objetivo es reducir la dependencia de la mano de obra extranjera y fomentar la integraci\u00f3n del talento caribe\u00f1o en los proyectos energ\u00e9ticos. Esta dimensi\u00f3n social y econ\u00f3mica es esencial para garantizar que el crecimiento energ\u00e9tico beneficie realmente a las poblaciones locales.  <\/span><\/p>\t\t\t\t\t\t\t\t<\/div>\n\t\t\t\t<\/div>\n\t\t\t\t<div class=\"elementor-element elementor-element-a69347f elementor-widget elementor-widget-text-editor\" data-id=\"a69347f\" data-element_type=\"widget\" data-widget_type=\"text-editor.default\">\n\t\t\t\t<div class=\"elementor-widget-container\">\n\t\t\t\t\t\t\t\t\t<p><span style=\"font-weight: 400;\">El auge del sector energ\u00e9tico tambi\u00e9n podr\u00eda estimular otros sectores, como la construcci\u00f3n, los servicios financieros, la log\u00edstica y las tecnolog\u00edas digitales. La Semana de la Energ\u00eda del Caribe 2026 pondr\u00e1 de relieve estos efectos multiplicadores en la econom\u00eda regional. <\/span><\/p>\t\t\t\t\t\t\t\t<\/div>\n\t\t\t\t<\/div>\n\t\t\t\t\t<\/div>\n\t\t<\/div>\n\t\t\t\t\t<\/div>\n\t\t<\/section>\n\t\t\t\t<section class=\"elementor-section elementor-top-section elementor-element elementor-element-b78c137 elementor-section-boxed elementor-section-height-default elementor-section-height-default\" data-id=\"b78c137\" data-element_type=\"section\">\n\t\t\t\t\t\t<div class=\"elementor-container elementor-column-gap-default\">\n\t\t\t\t\t<div class=\"elementor-column elementor-col-100 elementor-top-column elementor-element elementor-element-3e36b0c\" data-id=\"3e36b0c\" data-element_type=\"column\">\n\t\t\t<div class=\"elementor-widget-wrap elementor-element-populated\">\n\t\t\t\t\t\t<div class=\"elementor-element elementor-element-374c0f9 elementor-widget elementor-widget-heading\" data-id=\"374c0f9\" data-element_type=\"widget\" data-widget_type=\"heading.default\">\n\t\t\t\t<div class=\"elementor-widget-container\">\n\t\t\t\t\t<h2 class=\"elementor-heading-title elementor-size-default\">Infraestructuras y conectividad regional<\/h2>\t\t\t\t<\/div>\n\t\t\t\t<\/div>\n\t\t\t\t<div class=\"elementor-element elementor-element-9fc41bc elementor-widget elementor-widget-text-editor\" data-id=\"9fc41bc\" data-element_type=\"widget\" data-widget_type=\"text-editor.default\">\n\t\t\t\t<div class=\"elementor-widget-container\">\n\t\t\t\t\t\t\t\t\t<p><span style=\"font-weight: 400;\">El desarrollo energ\u00e9tico tambi\u00e9n est\u00e1 impulsando la inversi\u00f3n en infraestructuras. Puertos, redes el\u00e9ctricas, oleoductos e instalaciones de almacenamiento son algunos de los proyectos que se est\u00e1n considerando en varios pa\u00edses. Estas infraestructuras son esenciales para apoyar el crecimiento econ\u00f3mico y mejorar la conectividad regional.  <\/span><\/p>\t\t\t\t\t\t\t\t<\/div>\n\t\t\t\t<\/div>\n\t\t\t\t<div class=\"elementor-element elementor-element-bda3b25 elementor-widget elementor-widget-text-editor\" data-id=\"bda3b25\" data-element_type=\"widget\" data-widget_type=\"text-editor.default\">\n\t\t\t\t<div class=\"elementor-widget-container\">\n\t\t\t\t\t\t\t\t\t<p><span style=\"font-weight: 400;\">La Semana de la Energ\u00eda del Caribe 2026 brindar\u00e1 la oportunidad de presentar una serie de proyectos de infraestructuras destinados a reforzar la integraci\u00f3n energ\u00e9tica en la regi\u00f3n. La cooperaci\u00f3n entre los estados caribe\u00f1os se considera un factor clave para optimizar los recursos y reducir los costes. Los debates se centrar\u00e1n en las interconexiones el\u00e9ctricas, el transporte de gas natural y la creaci\u00f3n de centros log\u00edsticos regionales.  <\/span><\/p>\t\t\t\t\t\t\t\t<\/div>\n\t\t\t\t<\/div>\n\t\t\t\t<div class=\"elementor-element elementor-element-43ab104 elementor-widget elementor-widget-text-editor\" data-id=\"43ab104\" data-element_type=\"widget\" data-widget_type=\"text-editor.default\">\n\t\t\t\t<div class=\"elementor-widget-container\">\n\t\t\t\t\t\t\t\t\t<p><span style=\"font-weight: 400;\">Estas inversiones podr\u00edan transformar la movilidad de bienes y servicios en el Caribe, facilitando el comercio y reforzando la competitividad regional. La energ\u00eda se convierte as\u00ed en un vector de integraci\u00f3n econ\u00f3mica. <\/span><\/p>\t\t\t\t\t\t\t\t<\/div>\n\t\t\t\t<\/div>\n\t\t\t\t<section class=\"elementor-section elementor-inner-section elementor-element elementor-element-e1a01f4 elementor-section-boxed elementor-section-height-default elementor-section-height-default\" data-id=\"e1a01f4\" data-element_type=\"section\">\n\t\t\t\t\t\t<div class=\"elementor-container elementor-column-gap-default\">\n\t\t\t\t\t<div class=\"elementor-column elementor-col-50 elementor-inner-column elementor-element elementor-element-2e62625\" data-id=\"2e62625\" data-element_type=\"column\">\n\t\t\t<div class=\"elementor-widget-wrap elementor-element-populated\">\n\t\t\t\t\t\t<div class=\"elementor-element elementor-element-7f4f808 elementor-widget elementor-widget-image\" data-id=\"7f4f808\" data-element_type=\"widget\" data-widget_type=\"image.default\">\n\t\t\t\t<div class=\"elementor-widget-container\">\n\t\t\t\t\t\t\t\t\t\t\t\t<figure class=\"wp-caption\">\n\t\t\t\t\t\t\t\t\t\t<img loading=\"lazy\" decoding=\"async\" width=\"800\" height=\"495\" src=\"https:\/\/richeskarayib.com\/wp-content\/uploads\/2026\/02\/\u00a9-Energy-Capital-Power-4.jpg\" class=\"attachment-large size-large wp-image-69093\" alt=\"Caribbean Energy Week 2026\" srcset=\"https:\/\/richeskarayib.com\/wp-content\/uploads\/2026\/02\/\u00a9-Energy-Capital-Power-4.jpg 871w, https:\/\/richeskarayib.com\/wp-content\/uploads\/2026\/02\/\u00a9-Energy-Capital-Power-4-300x186.jpg 300w, https:\/\/richeskarayib.com\/wp-content\/uploads\/2026\/02\/\u00a9-Energy-Capital-Power-4-768x475.jpg 768w\" sizes=\"(max-width: 800px) 100vw, 800px\" \/>\t\t\t\t\t\t\t\t\t\t\t<figcaption class=\"widget-image-caption wp-caption-text\">\u00a9 Energy Capital &amp; Power<\/figcaption>\n\t\t\t\t\t\t\t\t\t\t<\/figure>\n\t\t\t\t\t\t\t\t\t<\/div>\n\t\t\t\t<\/div>\n\t\t\t\t\t<\/div>\n\t\t<\/div>\n\t\t\t\t<div class=\"elementor-column elementor-col-50 elementor-inner-column elementor-element elementor-element-522ffb4\" data-id=\"522ffb4\" data-element_type=\"column\">\n\t\t\t<div class=\"elementor-widget-wrap elementor-element-populated\">\n\t\t\t\t\t\t<div class=\"elementor-element elementor-element-43bb3b2 elementor-widget elementor-widget-image\" data-id=\"43bb3b2\" data-element_type=\"widget\" data-widget_type=\"image.default\">\n\t\t\t\t<div class=\"elementor-widget-container\">\n\t\t\t\t\t\t\t\t\t\t\t\t<figure class=\"wp-caption\">\n\t\t\t\t\t\t\t\t\t\t<img loading=\"lazy\" decoding=\"async\" width=\"784\" height=\"478\" src=\"https:\/\/richeskarayib.com\/wp-content\/uploads\/2026\/02\/\u00a9-Energy-Capital-Power-6.jpg\" class=\"attachment-large size-large wp-image-69097\" alt=\"Caribbean Energy Week 2026\" srcset=\"https:\/\/richeskarayib.com\/wp-content\/uploads\/2026\/02\/\u00a9-Energy-Capital-Power-6.jpg 784w, https:\/\/richeskarayib.com\/wp-content\/uploads\/2026\/02\/\u00a9-Energy-Capital-Power-6-300x183.jpg 300w, https:\/\/richeskarayib.com\/wp-content\/uploads\/2026\/02\/\u00a9-Energy-Capital-Power-6-768x468.jpg 768w\" sizes=\"(max-width: 784px) 100vw, 784px\" \/>\t\t\t\t\t\t\t\t\t\t\t<figcaption class=\"widget-image-caption wp-caption-text\">\u00a9 Energy Capital &amp; Power<\/figcaption>\n\t\t\t\t\t\t\t\t\t\t<\/figure>\n\t\t\t\t\t\t\t\t\t<\/div>\n\t\t\t\t<\/div>\n\t\t\t\t\t<\/div>\n\t\t<\/div>\n\t\t\t\t\t<\/div>\n\t\t<\/section>\n\t\t\t\t\t<\/div>\n\t\t<\/div>\n\t\t\t\t\t<\/div>\n\t\t<\/section>\n\t\t\t\t<section class=\"elementor-section elementor-top-section elementor-element elementor-element-4a591a4 elementor-section-boxed elementor-section-height-default elementor-section-height-default\" data-id=\"4a591a4\" data-element_type=\"section\">\n\t\t\t\t\t\t<div class=\"elementor-container elementor-column-gap-default\">\n\t\t\t\t\t<div class=\"elementor-column elementor-col-100 elementor-top-column elementor-element elementor-element-2b4a186\" data-id=\"2b4a186\" data-element_type=\"column\">\n\t\t\t<div class=\"elementor-widget-wrap elementor-element-populated\">\n\t\t\t\t\t\t<div class=\"elementor-element elementor-element-d6f1ffe elementor-widget elementor-widget-heading\" data-id=\"d6f1ffe\" data-element_type=\"widget\" data-widget_type=\"heading.default\">\n\t\t\t\t<div class=\"elementor-widget-container\">\n\t\t\t\t\t<h2 class=\"elementor-heading-title elementor-size-default\">Atractivo internacional y flujos financieros<\/h2>\t\t\t\t<\/div>\n\t\t\t\t<\/div>\n\t\t\t\t<div class=\"elementor-element elementor-element-0fae3ed elementor-widget elementor-widget-text-editor\" data-id=\"0fae3ed\" data-element_type=\"widget\" data-widget_type=\"text-editor.default\">\n\t\t\t\t<div class=\"elementor-widget-container\">\n\t\t\t\t\t\t\t\t\t<p><span style=\"font-weight: 400;\">Uno de los principales retos a los que se enfrenta la Semana de la Energ\u00eda del Caribe 2026 es su capacidad para atraer capital internacional. La regi\u00f3n est\u00e1 intentando posicionarse como un destino de inversi\u00f3n fiable y estable. Bancos de desarrollo, fondos de inversi\u00f3n e instituciones financieras internacionales estar\u00e1n presentes para evaluar las oportunidades que ofrece la transformaci\u00f3n energ\u00e9tica del Caribe.  <\/span><\/p><p><span style=\"font-weight: 400;\">La participaci\u00f3n de actores internacionales aumenta la credibilidad de los proyectos regionales y facilita el acceso a la financiaci\u00f3n. La Semana de la Energ\u00eda del Caribe 2026 servir\u00e1 de escaparate de las oportunidades de inversi\u00f3n y demostrar\u00e1 la viabilidad econ\u00f3mica de los proyectos energ\u00e9ticos caribe\u00f1os. Esta visibilidad internacional es esencial para atraer el capital necesario para desarrollar infraestructuras.  <\/span><\/p>\t\t\t\t\t\t\t\t<\/div>\n\t\t\t\t<\/div>\n\t\t\t\t<div class=\"elementor-element elementor-element-f716637 elementor-widget elementor-widget-text-editor\" data-id=\"f716637\" data-element_type=\"widget\" data-widget_type=\"text-editor.default\">\n\t\t\t\t<div class=\"elementor-widget-container\">\n\t\t\t\t\t\t\t\t\t<p><span style=\"font-weight: 400;\">La afluencia de financiaci\u00f3n tambi\u00e9n podr\u00eda ayudar a diversificar las econom\u00edas caribe\u00f1as y reducir su dependencia de ciertos sectores tradicionales. La energ\u00eda se est\u00e1 convirtiendo en una palanca para la estabilidad econ\u00f3mica y el crecimiento a largo plazo. <\/span><\/p>\t\t\t\t\t\t\t\t<\/div>\n\t\t\t\t<\/div>\n\t\t\t\t\t<\/div>\n\t\t<\/div>\n\t\t\t\t\t<\/div>\n\t\t<\/section>\n\t\t\t\t<section class=\"elementor-section elementor-top-section elementor-element elementor-element-dd574a7 elementor-section-boxed elementor-section-height-default elementor-section-height-default\" data-id=\"dd574a7\" data-element_type=\"section\">\n\t\t\t\t\t\t<div class=\"elementor-container elementor-column-gap-default\">\n\t\t\t\t\t<div class=\"elementor-column elementor-col-100 elementor-top-column elementor-element elementor-element-e7a8d4e\" data-id=\"e7a8d4e\" data-element_type=\"column\">\n\t\t\t<div class=\"elementor-widget-wrap elementor-element-populated\">\n\t\t\t\t\t\t<div class=\"elementor-element elementor-element-6c595e9 elementor-widget elementor-widget-heading\" data-id=\"6c595e9\" data-element_type=\"widget\" data-widget_type=\"heading.default\">\n\t\t\t\t<div class=\"elementor-widget-container\">\n\t\t\t\t\t<h2 class=\"elementor-heading-title elementor-size-default\">Una transici\u00f3n hacia una econom\u00eda m\u00e1s diversificada<\/h2>\t\t\t\t<\/div>\n\t\t\t\t<\/div>\n\t\t\t\t<div class=\"elementor-element elementor-element-4ff1967 elementor-widget elementor-widget-text-editor\" data-id=\"4ff1967\" data-element_type=\"widget\" data-widget_type=\"text-editor.default\">\n\t\t\t\t<div class=\"elementor-widget-container\">\n\t\t\t\t\t\t\t\t\t<p><span style=\"font-weight: 400;\">La Semana de la Energ\u00eda del Caribe 2026 ilustra una transici\u00f3n m\u00e1s amplia hacia una econom\u00eda diversificada en el Caribe. Aunque el turismo sigue siendo un pilar importante, la energ\u00eda est\u00e1 abriendo nuevas oportunidades. Los pa\u00edses de la regi\u00f3n buscan desarrollar industrias complementarias, reforzar sus capacidades tecnol\u00f3gicas y mejorar su resistencia econ\u00f3mica.  <\/span><\/p><p><span style=\"font-weight: 400;\">Esta diversificaci\u00f3n es esencial para hacer frente a los choques externos, ya sean econ\u00f3micos o clim\u00e1ticos. Invirtiendo en energ\u00eda e infraestructuras, el Caribe puede reducir su vulnerabilidad y reforzar su soberan\u00eda econ\u00f3mica. La Semana de la Energ\u00eda del Caribe 2026 forma parte de este proceso de transformaci\u00f3n estructural.  <\/span><\/p>\t\t\t\t\t\t\t\t<\/div>\n\t\t\t\t<\/div>\n\t\t\t\t<div class=\"elementor-element elementor-element-c2a3c2c elementor-widget elementor-widget-image\" data-id=\"c2a3c2c\" data-element_type=\"widget\" data-widget_type=\"image.default\">\n\t\t\t\t<div class=\"elementor-widget-container\">\n\t\t\t\t\t\t\t\t\t\t\t\t<figure class=\"wp-caption\">\n\t\t\t\t\t\t\t\t\t\t<img loading=\"lazy\" decoding=\"async\" width=\"800\" height=\"500\" src=\"https:\/\/richeskarayib.com\/wp-content\/uploads\/2026\/02\/\u00a9-Energy-Capital-Power-1024x640.jpg\" class=\"attachment-large size-large wp-image-69101\" alt=\"Caribbean Energy Week 2026\" srcset=\"https:\/\/richeskarayib.com\/wp-content\/uploads\/2026\/02\/\u00a9-Energy-Capital-Power-1024x640.jpg 1024w, https:\/\/richeskarayib.com\/wp-content\/uploads\/2026\/02\/\u00a9-Energy-Capital-Power-300x188.jpg 300w, https:\/\/richeskarayib.com\/wp-content\/uploads\/2026\/02\/\u00a9-Energy-Capital-Power-768x480.jpg 768w, https:\/\/richeskarayib.com\/wp-content\/uploads\/2026\/02\/\u00a9-Energy-Capital-Power-1536x960.jpg 1536w, https:\/\/richeskarayib.com\/wp-content\/uploads\/2026\/02\/\u00a9-Energy-Capital-Power-1320x825.jpg 1320w, https:\/\/richeskarayib.com\/wp-content\/uploads\/2026\/02\/\u00a9-Energy-Capital-Power.jpg 1920w\" sizes=\"(max-width: 800px) 100vw, 800px\" \/>\t\t\t\t\t\t\t\t\t\t\t<figcaption class=\"widget-image-caption wp-caption-text\">\u00a9 Energy Capital &amp; Power<\/figcaption>\n\t\t\t\t\t\t\t\t\t\t<\/figure>\n\t\t\t\t\t\t\t\t\t<\/div>\n\t\t\t\t<\/div>\n\t\t\t\t\t<\/div>\n\t\t<\/div>\n\t\t\t\t\t<\/div>\n\t\t<\/section>\n\t\t\t\t<section class=\"elementor-section elementor-top-section elementor-element elementor-element-98b7f6c elementor-section-boxed elementor-section-height-default elementor-section-height-default\" data-id=\"98b7f6c\" data-element_type=\"section\">\n\t\t\t\t\t\t<div class=\"elementor-container elementor-column-gap-default\">\n\t\t\t\t\t<div class=\"elementor-column elementor-col-100 elementor-top-column elementor-element elementor-element-4824a98\" data-id=\"4824a98\" data-element_type=\"column\">\n\t\t\t<div class=\"elementor-widget-wrap elementor-element-populated\">\n\t\t\t\t\t\t<div class=\"elementor-element elementor-element-401a8cd elementor-widget elementor-widget-heading\" data-id=\"401a8cd\" data-element_type=\"widget\" data-widget_type=\"heading.default\">\n\t\t\t\t<div class=\"elementor-widget-container\">\n\t\t\t\t\t<h2 class=\"elementor-heading-title elementor-size-default\">Una nueva era para la econom\u00eda caribe\u00f1a<\/h2>\t\t\t\t<\/div>\n\t\t\t\t<\/div>\n\t\t\t\t<div class=\"elementor-element elementor-element-b781918 elementor-widget elementor-widget-text-editor\" data-id=\"b781918\" data-element_type=\"widget\" data-widget_type=\"text-editor.default\">\n\t\t\t\t<div class=\"elementor-widget-container\">\n\t\t\t\t\t\t\t\t\t<p><span style=\"font-weight: 400;\">La Semana de la Energ\u00eda del Caribe 2026 no es s\u00f3lo una reuni\u00f3n de expertos y responsables pol\u00edticos. Simboliza la entrada del Caribe en una nueva era econ\u00f3mica. Dependiente durante mucho tiempo de los sectores tradicionales, la regi\u00f3n se est\u00e1 posicionando ahora como un actor estrat\u00e9gico en el panorama energ\u00e9tico mundial.  <\/span><\/p><p><span style=\"font-weight: 400;\">Los debates y las asociaciones que surjan de este evento podr\u00edan tener un impacto duradero en las econom\u00edas caribe\u00f1as. La inversi\u00f3n, el empleo, las infraestructuras y la cooperaci\u00f3n regional est\u00e1n en el centro de esta transformaci\u00f3n. La Semana de la Energ\u00eda del Caribe 2026 ofrece una visi\u00f3n concreta del futuro econ\u00f3mico de la regi\u00f3n.  <\/span><\/p>\t\t\t\t\t\t\t\t<\/div>\n\t\t\t\t<\/div>\n\t\t\t\t<div class=\"elementor-element elementor-element-45ae92b elementor-widget elementor-widget-text-editor\" data-id=\"45ae92b\" data-element_type=\"widget\" data-widget_type=\"text-editor.default\">\n\t\t\t\t<div class=\"elementor-widget-container\">\n\t\t\t\t\t\t\t\t\t<p><span style=\"font-weight: 400;\">En un momento en que el <a href=\"https:\/\/richeskarayib.com\/es\/el-caribe-y-la-crisis-eeuu-venezuela-un-choque-con-repercusiones-culturales-turisticas-y-economicas\/\" target=\"_blank\" rel=\"noopener\">Caribe<\/a> se est\u00e1 redefiniendo en la escena internacional, este acontecimiento es un momento crucial. Ofrece la oportunidad de anticipar futuros desarrollos econ\u00f3micos y calibrar la magnitud de las transformaciones en curso. Para los responsables de la toma de decisiones, los inversores y la poblaci\u00f3n de la regi\u00f3n, la Semana de la Energ\u00eda del Caribe 2026 representa mucho m\u00e1s que una conferencia: marca la aparici\u00f3n de una nueva din\u00e1mica econ\u00f3mica caribe\u00f1a.  <\/span><\/p>\t\t\t\t\t\t\t\t<\/div>\n\t\t\t\t<\/div>\n\t\t\t\t\t<\/div>\n\t\t<\/div>\n\t\t\t\t\t<\/div>\n\t\t<\/section>\n\t\t\t\t<section class=\"elementor-section elementor-top-section elementor-element elementor-element-22bf69f elementor-section-boxed elementor-section-height-default elementor-section-height-default\" data-id=\"22bf69f\" data-element_type=\"section\">\n\t\t\t\t\t\t<div class=\"elementor-container elementor-column-gap-default\">\n\t\t\t\t\t<div class=\"elementor-column elementor-col-100 elementor-top-column elementor-element elementor-element-8aedddd\" data-id=\"8aedddd\" data-element_type=\"column\">\n\t\t\t<div class=\"elementor-widget-wrap elementor-element-populated\">\n\t\t\t\t\t\t<section class=\"elementor-section elementor-inner-section elementor-element elementor-element-c8e3557 elementor-section-boxed elementor-section-height-default elementor-section-height-default\" data-id=\"c8e3557\" data-element_type=\"section\">\n\t\t\t\t\t\t<div class=\"elementor-container elementor-column-gap-default\">\n\t\t\t\t\t<div class=\"elementor-column elementor-col-100 elementor-inner-column elementor-element elementor-element-1222702\" data-id=\"1222702\" data-element_type=\"column\">\n\t\t\t<div class=\"elementor-widget-wrap elementor-element-populated\">\n\t\t\t\t\t\t<div class=\"elementor-element elementor-element-2e40abe elementor-widget elementor-widget-accordion\" data-id=\"2e40abe\" data-element_type=\"widget\" data-widget_type=\"accordion.default\">\n\t\t\t\t<div class=\"elementor-widget-container\">\n\t\t\t\t\t\t\t<div class=\"elementor-accordion\">\n\t\t\t\t\t\t\t<div class=\"elementor-accordion-item\">\n\t\t\t\t\t<div id=\"elementor-tab-title-4841\" class=\"elementor-tab-title\" data-tab=\"1\" role=\"button\" aria-controls=\"elementor-tab-content-4841\" aria-expanded=\"false\">\n\t\t\t\t\t\t\t\t\t\t\t\t\t<span class=\"elementor-accordion-icon elementor-accordion-icon-left\" aria-hidden=\"true\">\n\t\t\t\t\t\t\t\t\t\t\t\t\t\t\t<span class=\"elementor-accordion-icon-closed\"><i class=\"fas fa-plus\"><\/i><\/span>\n\t\t\t\t\t\t\t\t<span class=\"elementor-accordion-icon-opened\"><i class=\"fas fa-minus\"><\/i><\/span>\n\t\t\t\t\t\t\t\t\t\t\t\t\t\t<\/span>\n\t\t\t\t\t\t\t\t\t\t\t\t<a class=\"elementor-accordion-title\" tabindex=\"0\">\u00bfCu\u00e1ndo se celebra la Semana de la Energ\u00eda del Caribe 2026?<\/a>\n\t\t\t\t\t<\/div>\n\t\t\t\t\t<div id=\"elementor-tab-content-4841\" class=\"elementor-tab-content elementor-clearfix\" data-tab=\"1\" role=\"region\" aria-labelledby=\"elementor-tab-title-4841\"><p><span style=\"font-weight: 400;\">Se celebrar\u00e1 del 30 de marzo al 1 de abril de 2026 en Paramaribo, Surinam, y reunir\u00e1 a agentes p\u00fablicos y privados del sector energ\u00e9tico.<\/span><\/p>\n<\/div>\n\t\t\t\t<\/div>\n\t\t\t\t\t\t\t<div class=\"elementor-accordion-item\">\n\t\t\t\t\t<div id=\"elementor-tab-title-4842\" class=\"elementor-tab-title\" data-tab=\"2\" role=\"button\" aria-controls=\"elementor-tab-content-4842\" aria-expanded=\"false\">\n\t\t\t\t\t\t\t\t\t\t\t\t\t<span class=\"elementor-accordion-icon elementor-accordion-icon-left\" aria-hidden=\"true\">\n\t\t\t\t\t\t\t\t\t\t\t\t\t\t\t<span class=\"elementor-accordion-icon-closed\"><i class=\"fas fa-plus\"><\/i><\/span>\n\t\t\t\t\t\t\t\t<span class=\"elementor-accordion-icon-opened\"><i class=\"fas fa-minus\"><\/i><\/span>\n\t\t\t\t\t\t\t\t\t\t\t\t\t\t<\/span>\n\t\t\t\t\t\t\t\t\t\t\t\t<a class=\"elementor-accordion-title\" tabindex=\"0\">\u00bfPor qu\u00e9 es importante para el Caribe la Semana de la Energ\u00eda 2026?<\/a>\n\t\t\t\t\t<\/div>\n\t\t\t\t\t<div id=\"elementor-tab-content-4842\" class=\"elementor-tab-content elementor-clearfix\" data-tab=\"2\" role=\"region\" aria-labelledby=\"elementor-tab-title-4842\"><p><span style=\"font-weight: 400;\">Este acontecimiento re\u00fane a gobiernos, inversores y empresas para acelerar los proyectos energ\u00e9ticos, atraer capital internacional y reforzar la econom\u00eda regional.<\/span><\/p>\n<\/div>\n\t\t\t\t<\/div>\n\t\t\t\t\t\t\t<div class=\"elementor-accordion-item\">\n\t\t\t\t\t<div id=\"elementor-tab-title-4843\" class=\"elementor-tab-title\" data-tab=\"3\" role=\"button\" aria-controls=\"elementor-tab-content-4843\" aria-expanded=\"false\">\n\t\t\t\t\t\t\t\t\t\t\t\t\t<span class=\"elementor-accordion-icon elementor-accordion-icon-left\" aria-hidden=\"true\">\n\t\t\t\t\t\t\t\t\t\t\t\t\t\t\t<span class=\"elementor-accordion-icon-closed\"><i class=\"fas fa-plus\"><\/i><\/span>\n\t\t\t\t\t\t\t\t<span class=\"elementor-accordion-icon-opened\"><i class=\"fas fa-minus\"><\/i><\/span>\n\t\t\t\t\t\t\t\t\t\t\t\t\t\t<\/span>\n\t\t\t\t\t\t\t\t\t\t\t\t<a class=\"elementor-accordion-title\" tabindex=\"0\">\u00bfQu\u00e9 sectores econ\u00f3micos participan en la Semana de la Energ\u00eda del Caribe 2026?<\/a>\n\t\t\t\t\t<\/div>\n\t\t\t\t\t<div id=\"elementor-tab-content-4843\" class=\"elementor-tab-content elementor-clearfix\" data-tab=\"3\" role=\"region\" aria-labelledby=\"elementor-tab-title-4843\"><p><span style=\"font-weight: 400;\">Abarca el petr\u00f3leo, el gas, las energ\u00edas renovables, las infraestructuras el\u00e9ctricas, los cr\u00e9ditos de carbono y los minerales cr\u00edticos relacionados con la transici\u00f3n energ\u00e9tica.<\/span><\/p>\n<\/div>\n\t\t\t\t<\/div>\n\t\t\t\t\t\t\t\t<\/div>\n\t\t\t\t\t\t<\/div>\n\t\t\t\t<\/div>\n\t\t\t\t\t<\/div>\n\t\t<\/div>\n\t\t\t\t\t<\/div>\n\t\t<\/section>\n\t\t\t\t\t<\/div>\n\t\t<\/div>\n\t\t\t\t\t<\/div>\n\t\t<\/section>\n\t\t\t\t<\/div>\n\t\t","protected":false},"excerpt":{"rendered":"<p>Semana de la Energ\u00eda del Caribe 2026 marca un importante punto de inflexi\u00f3n para la econom\u00eda caribe\u00f1a. Percibido durante mucho tiempo como una regi\u00f3n esencialmente dependiente del turismo y los servicios, el Caribe se perfila ahora como un territorio estrat\u00e9gico en el sector energ\u00e9tico mundial. El evento, que se celebrar\u00e1 del 30 de marzo al [&hellip;]<\/p>\n","protected":false},"author":662,"featured_media":69073,"comment_status":"open","ping_status":"open","sticky":false,"template":"","format":"standard","meta":{"_acf_changed":false,"footnotes":""},"categories":[839],"tags":[1668,1669,1826],"class_list":["post-69103","post","type-post","status-publish","format-standard","has-post-thumbnail","hentry","category-noticias","tag-guyana-es-2","tag-surinam","tag-trinidad-tobago-es-2"],"acf":[],"_links":{"self":[{"href":"https:\/\/richeskarayib.com\/es\/wp-json\/wp\/v2\/posts\/69103","targetHints":{"allow":["GET"]}}],"collection":[{"href":"https:\/\/richeskarayib.com\/es\/wp-json\/wp\/v2\/posts"}],"about":[{"href":"https:\/\/richeskarayib.com\/es\/wp-json\/wp\/v2\/types\/post"}],"author":[{"embeddable":true,"href":"https:\/\/richeskarayib.com\/es\/wp-json\/wp\/v2\/users\/662"}],"replies":[{"embeddable":true,"href":"https:\/\/richeskarayib.com\/es\/wp-json\/wp\/v2\/comments?post=69103"}],"version-history":[{"count":0,"href":"https:\/\/richeskarayib.com\/es\/wp-json\/wp\/v2\/posts\/69103\/revisions"}],"wp:featuredmedia":[{"embeddable":true,"href":"https:\/\/richeskarayib.com\/es\/wp-json\/wp\/v2\/media\/69073"}],"wp:attachment":[{"href":"https:\/\/richeskarayib.com\/es\/wp-json\/wp\/v2\/media?parent=69103"}],"wp:term":[{"taxonomy":"category","embeddable":true,"href":"https:\/\/richeskarayib.com\/es\/wp-json\/wp\/v2\/categories?post=69103"},{"taxonomy":"post_tag","embeddable":true,"href":"https:\/\/richeskarayib.com\/es\/wp-json\/wp\/v2\/tags?post=69103"}],"curies":[{"name":"wp","href":"https:\/\/api.w.org\/{rel}","templated":true}]}}