{"id":70518,"date":"2026-03-06T07:45:33","date_gmt":"2026-03-06T11:45:33","guid":{"rendered":"https:\/\/richeskarayib.com\/raices-y-futuro-2026-en-uagadugu-africa-y-el-caribe-construyen-un-nuevo-dialogo-cultural-y-empresarial\/"},"modified":"2026-03-06T07:45:34","modified_gmt":"2026-03-06T11:45:34","slug":"raices-y-futuro-2026-en-uagadugu-africa-y-el-caribe-construyen-un-nuevo-dialogo-cultural-y-empresarial","status":"publish","type":"post","link":"https:\/\/richeskarayib.com\/es\/raices-y-futuro-2026-en-uagadugu-africa-y-el-caribe-construyen-un-nuevo-dialogo-cultural-y-empresarial\/","title":{"rendered":"Ra\u00edces y Futuro 2026: en Uagadug\u00fa, \u00c1frica y el Caribe construyen un nuevo di\u00e1logo cultural y empresarial"},"content":{"rendered":"\t\t<div data-elementor-type=\"wp-post\" data-elementor-id=\"70518\" class=\"elementor elementor-70518 elementor-70500\" data-elementor-post-type=\"post\">\n\t\t\t\t\t\t<section class=\"elementor-section elementor-top-section elementor-element elementor-element-7ca7ca1 elementor-section-boxed elementor-section-height-default elementor-section-height-default\" data-id=\"7ca7ca1\" data-element_type=\"section\">\n\t\t\t\t\t\t<div class=\"elementor-container elementor-column-gap-default\">\n\t\t\t\t\t<div class=\"elementor-column elementor-col-100 elementor-top-column elementor-element elementor-element-cbdd002\" data-id=\"cbdd002\" data-element_type=\"column\">\n\t\t\t<div class=\"elementor-widget-wrap elementor-element-populated\">\n\t\t\t\t\t\t<section class=\"elementor-section elementor-inner-section elementor-element elementor-element-bc94849 elementor-section-boxed elementor-section-height-default elementor-section-height-default\" data-id=\"bc94849\" data-element_type=\"section\">\n\t\t\t\t\t\t<div class=\"elementor-container elementor-column-gap-default\">\n\t\t\t\t\t\t<\/div>\n\t\t<\/section>\n\t\t\t\t<section class=\"elementor-section elementor-inner-section elementor-element elementor-element-61571e6 elementor-section-boxed elementor-section-height-default elementor-section-height-default\" data-id=\"61571e6\" data-element_type=\"section\">\n\t\t\t\t\t\t<div class=\"elementor-container elementor-column-gap-default\">\n\t\t\t\t\t\t<\/div>\n\t\t<\/section>\n\t\t\t\t<section class=\"elementor-section elementor-inner-section elementor-element elementor-element-b6262e0 elementor-section-boxed elementor-section-height-default elementor-section-height-default\" data-id=\"b6262e0\" data-element_type=\"section\">\n\t\t\t\t\t\t<div class=\"elementor-container elementor-column-gap-default\">\n\t\t\t\t\t\t<\/div>\n\t\t<\/section>\n\t\t\t\t<section class=\"elementor-section elementor-inner-section elementor-element elementor-element-cca29fd elementor-section-boxed elementor-section-height-default elementor-section-height-default\" data-id=\"cca29fd\" data-element_type=\"section\">\n\t\t\t\t\t\t<div class=\"elementor-container elementor-column-gap-default\">\n\t\t\t\t\t\t<\/div>\n\t\t<\/section>\n\t\t\t\t\t<\/div>\n\t\t<\/div>\n\t\t\t\t\t<\/div>\n\t\t<\/section>\n\t\t\t\t<section class=\"elementor-section elementor-top-section elementor-element elementor-element-ee72354 elementor-section-boxed elementor-section-height-default elementor-section-height-default\" data-id=\"ee72354\" data-element_type=\"section\">\n\t\t\t\t\t\t<div class=\"elementor-container elementor-column-gap-default\">\n\t\t\t\t\t<div class=\"elementor-column elementor-col-100 elementor-top-column elementor-element elementor-element-c59d6fe\" data-id=\"c59d6fe\" data-element_type=\"column\">\n\t\t\t<div class=\"elementor-widget-wrap elementor-element-populated\">\n\t\t\t\t\t\t<div class=\"elementor-element elementor-element-e57451f elementor-widget elementor-widget-text-editor\" data-id=\"e57451f\" data-element_type=\"widget\" data-widget_type=\"text-editor.default\">\n\t\t\t\t<div class=\"elementor-widget-container\">\n\t\t\t\t\t\t\t\t\t<p><span style=\"font-weight: 400;\">La cultura en Uagadug\u00fa adquiri\u00f3 recientemente una dimensi\u00f3n internacional especial. Del 28 de febrero al 3 de marzo de 2026, la capital de Burkina Faso acogi\u00f3   <\/span>Ra\u00edces y futuro 2026<span style=\"font-weight: 400;\">un encuentro dedicado al desarrollo de las industrias culturales y creativas y a la cooperaci\u00f3n entre \u00c1frica y su di\u00e1spora. Concebido como un foro de di\u00e1logo y estructuraci\u00f3n del sector cultural, el evento reuni\u00f3 a artistas, empresarios, instituciones y actores de la econom\u00eda creativa con una misma ambici\u00f3n: reforzar los puentes entre los territorios africanos y las comunidades de la di\u00e1spora, especialmente en el <a href=\"https:\/\/richeskarayib.com\/es\/?p=69770\" target=\"_blank\" rel=\"noopener\">Caribe<\/a>. <\/span><\/p>\t\t\t\t\t\t\t\t<\/div>\n\t\t\t\t<\/div>\n\t\t\t\t<div class=\"elementor-element elementor-element-0e7f843 elementor-widget elementor-widget-text-editor\" data-id=\"0e7f843\" data-element_type=\"widget\" data-widget_type=\"text-editor.default\">\n\t\t\t\t<div class=\"elementor-widget-container\">\n\t\t\t\t\t\t\t\t\t<p><span style=\"font-weight: 400;\">Para muchos observadores, <\/span>Ra\u00edces y Futuro 2026<span style=\"font-weight: 400;\"> marca una etapa importante en la construcci\u00f3n de una red cultural internacional en la que los intercambios art\u00edsticos y empresariales se convierten en una palanca de desarrollo.<\/span><\/p>\t\t\t\t\t\t\t\t<\/div>\n\t\t\t\t<\/div>\n\t\t\t\t\t<\/div>\n\t\t<\/div>\n\t\t\t\t\t<\/div>\n\t\t<\/section>\n\t\t\t\t<section class=\"elementor-section elementor-top-section elementor-element elementor-element-82cd8f9 elementor-section-boxed elementor-section-height-default elementor-section-height-default\" data-id=\"82cd8f9\" data-element_type=\"section\">\n\t\t\t\t\t\t<div class=\"elementor-container elementor-column-gap-default\">\n\t\t\t\t\t<div class=\"elementor-column elementor-col-100 elementor-top-column elementor-element elementor-element-0bfdc38\" data-id=\"0bfdc38\" data-element_type=\"column\">\n\t\t\t<div class=\"elementor-widget-wrap elementor-element-populated\">\n\t\t\t\t\t\t<div class=\"elementor-element elementor-element-7d292fe elementor-widget elementor-widget-heading\" data-id=\"7d292fe\" data-element_type=\"widget\" data-widget_type=\"heading.default\">\n\t\t\t\t<div class=\"elementor-widget-container\">\n\t\t\t\t\t<h2 class=\"elementor-heading-title elementor-size-default\">Una visi\u00f3n: vincular \u00c1frica y sus di\u00e1sporas culturales<\/h2>\t\t\t\t<\/div>\n\t\t\t\t<\/div>\n\t\t\t\t<div class=\"elementor-element elementor-element-96caf50 elementor-widget elementor-widget-text-editor\" data-id=\"96caf50\" data-element_type=\"widget\" data-widget_type=\"text-editor.default\">\n\t\t\t\t<div class=\"elementor-widget-container\">\n\t\t\t\t\t\t\t\t\t<p><span style=\"font-weight: 400;\">Bajo el lema <\/span><b>&#8220;El \u00c1frica aut\u00e9ntica y el \u00c1frica de las di\u00e1sporas&#8221;<\/b><span style=\"font-weight: 400;\">, la primera <\/span>edici\u00f3n de Ra\u00edces y Futuro 2026<span style=\"font-weight: 400;\">  forma parte de un movimiento global para promover las identidades culturales negras y reforzar la cooperaci\u00f3n entre territorios hist\u00f3ricamente vinculados por la di\u00e1spora africana. Teniendo esto en cuenta, el evento ofreci\u00f3 varios formatos de encuentros profesionales: clases magistrales, sesiones de estrategia, debates entre empresarios culturales e intercambios entre artistas. <\/span><\/p><p><span style=\"font-weight: 400;\">Estas iniciativas brindaron la oportunidad de abordar cuestiones clave para el sector: la financiaci\u00f3n de proyectos culturales, la circulaci\u00f3n de las obras, la profesionalizaci\u00f3n de los agentes y el desarrollo de nuevos mercados para los artistas africanos. M\u00e1s all\u00e1 de los debates,   <\/span>Ra\u00edces y Futuro 2026<span style=\"font-weight: 400;\"> se distingui\u00f3 sobre todo por su voluntad de crear colaboraciones concretas entre los distintos participantes.<\/span><\/p>\t\t\t\t\t\t\t\t<\/div>\n\t\t\t\t<\/div>\n\t\t\t\t<div class=\"elementor-element elementor-element-4e88e00 elementor-widget elementor-widget-image\" data-id=\"4e88e00\" data-element_type=\"widget\" data-widget_type=\"image.default\">\n\t\t\t\t<div class=\"elementor-widget-container\">\n\t\t\t\t\t\t\t\t\t\t\t\t\t\t\t<img fetchpriority=\"high\" decoding=\"async\" width=\"663\" height=\"441\" src=\"https:\/\/richeskarayib.com\/wp-content\/uploads\/2026\/03\/Capture-decran-2026-03-06-a-15.06.09.png\" class=\"attachment-large size-large wp-image-70512\" alt=\"Roots and Future\" srcset=\"https:\/\/richeskarayib.com\/wp-content\/uploads\/2026\/03\/Capture-decran-2026-03-06-a-15.06.09.png 663w, https:\/\/richeskarayib.com\/wp-content\/uploads\/2026\/03\/Capture-decran-2026-03-06-a-15.06.09-300x200.png 300w\" sizes=\"(max-width: 663px) 100vw, 663px\" \/>\t\t\t\t\t\t\t\t\t\t\t\t\t\t\t<\/div>\n\t\t\t\t<\/div>\n\t\t\t\t<section class=\"elementor-section elementor-inner-section elementor-element elementor-element-c582330 elementor-section-boxed elementor-section-height-default elementor-section-height-default\" data-id=\"c582330\" data-element_type=\"section\">\n\t\t\t\t\t\t<div class=\"elementor-container elementor-column-gap-default\">\n\t\t\t\t\t\t<\/div>\n\t\t<\/section>\n\t\t\t\t<section class=\"elementor-section elementor-inner-section elementor-element elementor-element-296603a elementor-section-boxed elementor-section-height-default elementor-section-height-default\" data-id=\"296603a\" data-element_type=\"section\">\n\t\t\t\t\t\t<div class=\"elementor-container elementor-column-gap-default\">\n\t\t\t\t\t\t<\/div>\n\t\t<\/section>\n\t\t\t\t\t<\/div>\n\t\t<\/div>\n\t\t\t\t\t<\/div>\n\t\t<\/section>\n\t\t\t\t<section class=\"elementor-section elementor-top-section elementor-element elementor-element-5a7397d elementor-section-boxed elementor-section-height-default elementor-section-height-default\" data-id=\"5a7397d\" data-element_type=\"section\">\n\t\t\t\t\t\t<div class=\"elementor-container elementor-column-gap-default\">\n\t\t\t\t\t<div class=\"elementor-column elementor-col-100 elementor-top-column elementor-element elementor-element-8b33b4b\" data-id=\"8b33b4b\" data-element_type=\"column\">\n\t\t\t<div class=\"elementor-widget-wrap elementor-element-populated\">\n\t\t\t\t\t\t<div class=\"elementor-element elementor-element-89dac4b elementor-widget elementor-widget-heading\" data-id=\"89dac4b\" data-element_type=\"widget\" data-widget_type=\"heading.default\">\n\t\t\t\t<div class=\"elementor-widget-container\">\n\t\t\t\t\t<h2 class=\"elementor-heading-title elementor-size-default\">Una fuerte presencia caribe\u00f1a<\/h2>\t\t\t\t<\/div>\n\t\t\t\t<\/div>\n\t\t\t\t<div class=\"elementor-element elementor-element-43a45ac elementor-widget elementor-widget-text-editor\" data-id=\"43a45ac\" data-element_type=\"widget\" data-widget_type=\"text-editor.default\">\n\t\t\t\t<div class=\"elementor-widget-container\">\n\t\t\t\t\t\t\t\t\t<p><span style=\"font-weight: 400;\">Uno de los aspectos m\u00e1s significativos de <\/span>Ra\u00edces y Futuro 2026<span style=\"font-weight: 400;\"> fue la participaci\u00f3n de personalidades del Caribe, lo que ilustra la creciente importancia de los intercambios culturales entre estas dos zonas.<\/span><\/p><p><span style=\"font-weight: 400;\">Entre los invitados se encontraban el empresario <\/span><b>Davon Carty<\/b><span style=\"font-weight: 400;\"> y <\/span><b>Victor E. Lewis<\/b><span style=\"font-weight: 400;\">Director General de Caribbean One Media Group y Director del Creative Campus Eco Institute (CCEI). A trav\u00e9s del   <\/span><b>CCEI<\/b><span style=\"font-weight: 400;\">Victor E. Lewis desarrolla iniciativas de formaci\u00f3n y tutor\u00eda para el talento en las industrias creativas, el deporte y los sectores medioambientales. Su trabajo pretende abrir nuevas perspectivas profesionales a j\u00f3venes artistas y empresarios culturales. <\/span><\/p>\t\t\t\t\t\t\t\t<\/div>\n\t\t\t\t<\/div>\n\t\t\t\t<div class=\"elementor-element elementor-element-a30e850 elementor-widget elementor-widget-text-editor\" data-id=\"a30e850\" data-element_type=\"widget\" data-widget_type=\"text-editor.default\">\n\t\t\t\t<div class=\"elementor-widget-container\">\n\t\t\t\t\t\t\t\t\t<p><span style=\"font-weight: 400;\">Su presencia en <\/span>Ra\u00edces y Futuro 2026<span style=\"font-weight: 400;\">  brindaron la oportunidad de compartir la experiencia caribe\u00f1a en materia de econom\u00eda creativa, un \u00e1mbito en el que la regi\u00f3n tiene una reconocida experiencia, sobre todo en m\u00fasica, eventos y festivales culturales. Estos intercambios tambi\u00e9n sirvieron para recordar hasta qu\u00e9 punto las trayectorias culturales de \u00c1frica y el Caribe siguen estando profundamente entrelazadas. <\/span><\/p>\t\t\t\t\t\t\t\t<\/div>\n\t\t\t\t<\/div>\n\t\t\t\t<div class=\"elementor-element elementor-element-86021d1 elementor-widget elementor-widget-image\" data-id=\"86021d1\" data-element_type=\"widget\" data-widget_type=\"image.default\">\n\t\t\t\t<div class=\"elementor-widget-container\">\n\t\t\t\t\t\t\t\t\t\t\t\t\t\t\t<img decoding=\"async\" width=\"662\" height=\"438\" src=\"https:\/\/richeskarayib.com\/wp-content\/uploads\/2026\/03\/Capture-decran-2026-03-06-a-15.05.59.png\" class=\"attachment-large size-large wp-image-70508\" alt=\"Roots and Future\" srcset=\"https:\/\/richeskarayib.com\/wp-content\/uploads\/2026\/03\/Capture-decran-2026-03-06-a-15.05.59.png 662w, https:\/\/richeskarayib.com\/wp-content\/uploads\/2026\/03\/Capture-decran-2026-03-06-a-15.05.59-300x198.png 300w\" sizes=\"(max-width: 662px) 100vw, 662px\" \/>\t\t\t\t\t\t\t\t\t\t\t\t\t\t\t<\/div>\n\t\t\t\t<\/div>\n\t\t\t\t\t<\/div>\n\t\t<\/div>\n\t\t\t\t\t<\/div>\n\t\t<\/section>\n\t\t\t\t<section class=\"elementor-section elementor-top-section elementor-element elementor-element-9c88a89 elementor-section-boxed elementor-section-height-default elementor-section-height-default\" data-id=\"9c88a89\" data-element_type=\"section\">\n\t\t\t\t\t\t<div class=\"elementor-container elementor-column-gap-default\">\n\t\t\t\t\t<div class=\"elementor-column elementor-col-100 elementor-top-column elementor-element elementor-element-78cf5d1\" data-id=\"78cf5d1\" data-element_type=\"column\">\n\t\t\t<div class=\"elementor-widget-wrap elementor-element-populated\">\n\t\t\t\t\t\t<div class=\"elementor-element elementor-element-ea2a5c1 elementor-widget elementor-widget-heading\" data-id=\"ea2a5c1\" data-element_type=\"widget\" data-widget_type=\"heading.default\">\n\t\t\t\t<div class=\"elementor-widget-container\">\n\t\t\t\t\t<h2 class=\"elementor-heading-title elementor-size-default\">Uagadug\u00fa, terreno f\u00e9rtil para la econom\u00eda cultural<\/h2>\t\t\t\t<\/div>\n\t\t\t\t<\/div>\n\t\t\t\t<div class=\"elementor-element elementor-element-e305eee elementor-widget elementor-widget-text-editor\" data-id=\"e305eee\" data-element_type=\"widget\" data-widget_type=\"text-editor.default\">\n\t\t\t\t<div class=\"elementor-widget-container\">\n\t\t\t\t\t\t\t\t\t<p><span style=\"font-weight: 400;\">Incluso antes de la inauguraci\u00f3n oficial de Ra\u00edces y Futuro 2026, se celebr\u00f3 una reuni\u00f3n estrat\u00e9gica en el Centre culturel Gambidi, un lugar clave en la escena art\u00edstica de Burkina Faso. La reuni\u00f3n congreg\u00f3 a varios actores internacionales, as\u00ed como a Claude Guingan\u00e9, Director General del centro y representante del punto focal de IKAM Burkina Faso. <\/span><\/p><p><span style=\"font-weight: 400;\">Los debates se centraron en la consolidaci\u00f3n de la asociaci\u00f3n establecida en 2019 entre IKAM y la Maison des industries culturelles et cr\u00e9atives de Ouagadougou (MICCO). Uno de los proyectos debatidos fue la creaci\u00f3n de un centro empresarial dedicado a las industrias culturales, destinado a apoyar a los artistas y a los responsables de proyectos en el desarrollo de sus iniciativas. Una estructura de este tipo podr\u00eda desempe\u00f1ar un papel clave en la estructuraci\u00f3n del sector cultural de Burkina Faso y en su apertura a las redes internacionales.  <\/span><\/p>\t\t\t\t\t\t\t\t<\/div>\n\t\t\t\t<\/div>\n\t\t\t\t\t<\/div>\n\t\t<\/div>\n\t\t\t\t\t<\/div>\n\t\t<\/section>\n\t\t\t\t<section class=\"elementor-section elementor-top-section elementor-element elementor-element-682d8db elementor-section-boxed elementor-section-height-default elementor-section-height-default\" data-id=\"682d8db\" data-element_type=\"section\">\n\t\t\t\t\t\t<div class=\"elementor-container elementor-column-gap-default\">\n\t\t\t\t\t<div class=\"elementor-column elementor-col-100 elementor-top-column elementor-element elementor-element-c009942\" data-id=\"c009942\" data-element_type=\"column\">\n\t\t\t<div class=\"elementor-widget-wrap elementor-element-populated\">\n\t\t\t\t\t\t<div class=\"elementor-element elementor-element-2afa375 elementor-widget elementor-widget-heading\" data-id=\"2afa375\" data-element_type=\"widget\" data-widget_type=\"heading.default\">\n\t\t\t\t<div class=\"elementor-widget-container\">\n\t\t\t\t\t<h2 class=\"elementor-heading-title elementor-size-default\">Reuniones de trabajo orientadas a la acci\u00f3n<\/h2>\t\t\t\t<\/div>\n\t\t\t\t<\/div>\n\t\t\t\t<div class=\"elementor-element elementor-element-a3c92e8 elementor-widget elementor-widget-text-editor\" data-id=\"a3c92e8\" data-element_type=\"widget\" data-widget_type=\"text-editor.default\">\n\t\t\t\t<div class=\"elementor-widget-container\">\n\t\t\t\t\t\t\t\t\t<p><span style=\"font-weight: 400;\">Los momentos clave de <\/span>Ra\u00edces y Futuro 2026 <span style=\"font-weight: 400;\">incluyen <\/span><span style=\"font-weight: 400;\">Un taller sobre medios de comunicaci\u00f3n organizado en el Hotel Pacific reuni\u00f3 a varios profesionales del sector cultural en encuentros B2B. Estos intercambios brindaron a los participantes la oportunidad de presentar sus proyectos art\u00edsticos, identificar socios potenciales y explorar nuevas v\u00edas de cooperaci\u00f3n. <\/span><\/p><p><span style=\"font-weight: 400;\">Los debates se centraron especialmente en la circulaci\u00f3n de artistas entre \u00c1frica y el Caribe, la coproducci\u00f3n de actos culturales y el desarrollo de proyectos medi\u00e1ticos transatl\u00e1nticos. Para muchos de los actores presentes, estos encuentros representan un primer paso hacia la creaci\u00f3n de colaboraciones duraderas. <\/span><\/p>\t\t\t\t\t\t\t\t<\/div>\n\t\t\t\t<\/div>\n\t\t\t\t<div class=\"elementor-element elementor-element-356d85d elementor-widget elementor-widget-image\" data-id=\"356d85d\" data-element_type=\"widget\" data-widget_type=\"image.default\">\n\t\t\t\t<div class=\"elementor-widget-container\">\n\t\t\t\t\t\t\t\t\t\t\t\t\t\t\t<img decoding=\"async\" width=\"662\" height=\"441\" src=\"https:\/\/richeskarayib.com\/wp-content\/uploads\/2026\/03\/Capture-decran-2026-03-06-a-15.05.47.png\" class=\"attachment-large size-large wp-image-70516\" alt=\"Roots and Future\" srcset=\"https:\/\/richeskarayib.com\/wp-content\/uploads\/2026\/03\/Capture-decran-2026-03-06-a-15.05.47.png 662w, https:\/\/richeskarayib.com\/wp-content\/uploads\/2026\/03\/Capture-decran-2026-03-06-a-15.05.47-300x200.png 300w\" sizes=\"(max-width: 662px) 100vw, 662px\" \/>\t\t\t\t\t\t\t\t\t\t\t\t\t\t\t<\/div>\n\t\t\t\t<\/div>\n\t\t\t\t\t<\/div>\n\t\t<\/div>\n\t\t\t\t\t<\/div>\n\t\t<\/section>\n\t\t\t\t<section class=\"elementor-section elementor-top-section elementor-element elementor-element-36f7a0a elementor-section-boxed elementor-section-height-default elementor-section-height-default\" data-id=\"36f7a0a\" data-element_type=\"section\">\n\t\t\t\t\t\t<div class=\"elementor-container elementor-column-gap-default\">\n\t\t\t\t\t<div class=\"elementor-column elementor-col-100 elementor-top-column elementor-element elementor-element-b258f14\" data-id=\"b258f14\" data-element_type=\"column\">\n\t\t\t<div class=\"elementor-widget-wrap elementor-element-populated\">\n\t\t\t\t\t\t<div class=\"elementor-element elementor-element-bd41727 elementor-widget elementor-widget-heading\" data-id=\"bd41727\" data-element_type=\"widget\" data-widget_type=\"heading.default\">\n\t\t\t\t<div class=\"elementor-widget-container\">\n\t\t\t\t\t<h2 class=\"elementor-heading-title elementor-size-default\">El impulso continuar\u00e1<\/h2>\t\t\t\t<\/div>\n\t\t\t\t<\/div>\n\t\t\t\t<div class=\"elementor-element elementor-element-b4e1f2c elementor-widget elementor-widget-text-editor\" data-id=\"b4e1f2c\" data-element_type=\"widget\" data-widget_type=\"text-editor.default\">\n\t\t\t\t<div class=\"elementor-widget-container\">\n\t\t\t\t\t\t\t\t\t<p><span style=\"font-weight: 400;\">La primera edici\u00f3n de <\/span>Ra\u00edces y Futuro 2026<span style=\"font-weight: 400;\">  termin\u00f3 con una nota alentadora. Al reunir a responsables pol\u00edticos, empresarios culturales y artistas en torno a una visi\u00f3n com\u00fan, el acto sent\u00f3 las bases de una cooperaci\u00f3n internacional m\u00e1s estructurada en el \u00e1mbito cultural. En un contexto en el que las industrias creativas representan una importante palanca econ\u00f3mica, la iniciativa abre tambi\u00e9n perspectivas para la circulaci\u00f3n de talentos y el desarrollo de nuevos proyectos culturales.  <\/span><\/p><p><span style=\"font-weight: 400;\">Para el Caribe, estos intercambios representan una oportunidad de reforzar los v\u00ednculos hist\u00f3ricos con el continente africano, al tiempo que contribuyen a construir un espacio cultural diasp\u00f3rico m\u00e1s conectado. Con esta primera edici\u00f3n,   <\/span><a href=\"https:\/\/www.infosculturedufaso.net\/roots-and-futur-2026-ouagadougou-carrefour-dune-nouvelle-dynamique-culturelle-et-entrepreneuriale\/\" target=\"_blank\" rel=\"noopener nofollow\"><b>Ra\u00edces y Futuro 2026<\/b><\/a><span style=\"font-weight: 400;\"> sit\u00faa a Uagadug\u00fa como punto de encuentro estrat\u00e9gico entre \u00c1frica y las di\u00e1sporas creativas del mundo.<\/span><\/p>\t\t\t\t\t\t\t\t<\/div>\n\t\t\t\t<\/div>\n\t\t\t\t\t<\/div>\n\t\t<\/div>\n\t\t\t\t\t<\/div>\n\t\t<\/section>\n\t\t\t\t<section class=\"elementor-section elementor-top-section elementor-element elementor-element-f5709a6 elementor-section-boxed elementor-section-height-default elementor-section-height-default\" data-id=\"f5709a6\" data-element_type=\"section\">\n\t\t\t\t\t\t<div class=\"elementor-container elementor-column-gap-default\">\n\t\t\t\t\t<div class=\"elementor-column elementor-col-100 elementor-top-column elementor-element elementor-element-957be6f\" data-id=\"957be6f\" data-element_type=\"column\">\n\t\t\t<div class=\"elementor-widget-wrap elementor-element-populated\">\n\t\t\t\t\t\t<div class=\"elementor-element elementor-element-63e5d4a elementor-widget elementor-widget-accordion\" data-id=\"63e5d4a\" data-element_type=\"widget\" data-widget_type=\"accordion.default\">\n\t\t\t\t<div class=\"elementor-widget-container\">\n\t\t\t\t\t\t\t<div class=\"elementor-accordion\">\n\t\t\t\t\t\t\t<div class=\"elementor-accordion-item\">\n\t\t\t\t\t<div id=\"elementor-tab-title-1041\" class=\"elementor-tab-title\" data-tab=\"1\" role=\"button\" aria-controls=\"elementor-tab-content-1041\" aria-expanded=\"false\">\n\t\t\t\t\t\t\t\t\t\t\t\t\t<span class=\"elementor-accordion-icon elementor-accordion-icon-left\" aria-hidden=\"true\">\n\t\t\t\t\t\t\t\t\t\t\t\t\t\t\t<span class=\"elementor-accordion-icon-closed\"><i class=\"fas fa-plus\"><\/i><\/span>\n\t\t\t\t\t\t\t\t<span class=\"elementor-accordion-icon-opened\"><i class=\"fas fa-minus\"><\/i><\/span>\n\t\t\t\t\t\t\t\t\t\t\t\t\t\t<\/span>\n\t\t\t\t\t\t\t\t\t\t\t\t<a class=\"elementor-accordion-title\" tabindex=\"0\">\u00bfQu\u00e9 es Ra\u00edces y Futuro 2026?<\/a>\n\t\t\t\t\t<\/div>\n\t\t\t\t\t<div id=\"elementor-tab-content-1041\" class=\"elementor-tab-content elementor-clearfix\" data-tab=\"1\" role=\"region\" aria-labelledby=\"elementor-tab-title-1041\"><p><span style=\"font-weight: 400;\">Ra\u00edces y Futuro 2026 es un acontecimiento internacional dedicado al desarrollo de las industrias culturales y creativas, organizado en Uagadug\u00fa (Burkina Faso).<\/span><\/p>\n<\/div>\n\t\t\t\t<\/div>\n\t\t\t\t\t\t\t<div class=\"elementor-accordion-item\">\n\t\t\t\t\t<div id=\"elementor-tab-title-1042\" class=\"elementor-tab-title\" data-tab=\"2\" role=\"button\" aria-controls=\"elementor-tab-content-1042\" aria-expanded=\"false\">\n\t\t\t\t\t\t\t\t\t\t\t\t\t<span class=\"elementor-accordion-icon elementor-accordion-icon-left\" aria-hidden=\"true\">\n\t\t\t\t\t\t\t\t\t\t\t\t\t\t\t<span class=\"elementor-accordion-icon-closed\"><i class=\"fas fa-plus\"><\/i><\/span>\n\t\t\t\t\t\t\t\t<span class=\"elementor-accordion-icon-opened\"><i class=\"fas fa-minus\"><\/i><\/span>\n\t\t\t\t\t\t\t\t\t\t\t\t\t\t<\/span>\n\t\t\t\t\t\t\t\t\t\t\t\t<a class=\"elementor-accordion-title\" tabindex=\"0\">\u00bfCu\u00e1l es el objetivo de Ra\u00edces y Futuro 2026?<\/a>\n\t\t\t\t\t<\/div>\n\t\t\t\t\t<div id=\"elementor-tab-content-1042\" class=\"elementor-tab-content elementor-clearfix\" data-tab=\"2\" role=\"region\" aria-labelledby=\"elementor-tab-title-1042\"><p><span style=\"font-weight: 400;\">El acto pretende reforzar la cooperaci\u00f3n entre \u00c1frica y su di\u00e1spora, especialmente en el Caribe, y apoyar la estructuraci\u00f3n del sector cultural.<\/span><\/p>\n<\/div>\n\t\t\t\t<\/div>\n\t\t\t\t\t\t\t<div class=\"elementor-accordion-item\">\n\t\t\t\t\t<div id=\"elementor-tab-title-1043\" class=\"elementor-tab-title\" data-tab=\"3\" role=\"button\" aria-controls=\"elementor-tab-content-1043\" aria-expanded=\"false\">\n\t\t\t\t\t\t\t\t\t\t\t\t\t<span class=\"elementor-accordion-icon elementor-accordion-icon-left\" aria-hidden=\"true\">\n\t\t\t\t\t\t\t\t\t\t\t\t\t\t\t<span class=\"elementor-accordion-icon-closed\"><i class=\"fas fa-plus\"><\/i><\/span>\n\t\t\t\t\t\t\t\t<span class=\"elementor-accordion-icon-opened\"><i class=\"fas fa-minus\"><\/i><\/span>\n\t\t\t\t\t\t\t\t\t\t\t\t\t\t<\/span>\n\t\t\t\t\t\t\t\t\t\t\t\t<a class=\"elementor-accordion-title\" tabindex=\"0\">\u00bfQui\u00e9n represent\u00f3 al Caribe en Ra\u00edces y Futuro 2026?<\/a>\n\t\t\t\t\t<\/div>\n\t\t\t\t\t<div id=\"elementor-tab-content-1043\" class=\"elementor-tab-content elementor-clearfix\" data-tab=\"3\" role=\"region\" aria-labelledby=\"elementor-tab-title-1043\"><p><span style=\"font-weight: 400;\">Entre los invitados internacionales se encontraban el empresario Davon Carty y Victor E. Lewis, Consejero Delegado de Caribbean One Media Group y Director del Creative Campus Eco Institute.<\/span><\/p>\n<\/div>\n\t\t\t\t<\/div>\n\t\t\t\t\t\t\t\t<\/div>\n\t\t\t\t\t\t<\/div>\n\t\t\t\t<\/div>\n\t\t\t\t\t<\/div>\n\t\t<\/div>\n\t\t\t\t\t<\/div>\n\t\t<\/section>\n\t\t\t\t<\/div>\n\t\t","protected":false},"excerpt":{"rendered":"<p>La cultura en Uagadug\u00fa adquiri\u00f3 recientemente una dimensi\u00f3n internacional especial. Del 28 de febrero al 3 de marzo de 2026, la capital de Burkina Faso acogi\u00f3 Ra\u00edces y futuro 2026un encuentro dedicado al desarrollo de las industrias culturales y creativas y a la cooperaci\u00f3n entre \u00c1frica y su di\u00e1spora. Concebido como un foro de di\u00e1logo [&hellip;]<\/p>\n","protected":false},"author":662,"featured_media":70504,"comment_status":"closed","ping_status":"open","sticky":false,"template":"","format":"standard","meta":{"_acf_changed":false,"footnotes":""},"categories":[1791],"tags":[1442,1699,1858],"class_list":["post-70518","post","type-post","status-publish","format-standard","has-post-thumbnail","hentry","category-cooperacion","tag-anguilla-es","tag-montserrat-es","tag-uagadugu"],"acf":[],"_links":{"self":[{"href":"https:\/\/richeskarayib.com\/es\/wp-json\/wp\/v2\/posts\/70518","targetHints":{"allow":["GET"]}}],"collection":[{"href":"https:\/\/richeskarayib.com\/es\/wp-json\/wp\/v2\/posts"}],"about":[{"href":"https:\/\/richeskarayib.com\/es\/wp-json\/wp\/v2\/types\/post"}],"author":[{"embeddable":true,"href":"https:\/\/richeskarayib.com\/es\/wp-json\/wp\/v2\/users\/662"}],"replies":[{"embeddable":true,"href":"https:\/\/richeskarayib.com\/es\/wp-json\/wp\/v2\/comments?post=70518"}],"version-history":[{"count":0,"href":"https:\/\/richeskarayib.com\/es\/wp-json\/wp\/v2\/posts\/70518\/revisions"}],"wp:featuredmedia":[{"embeddable":true,"href":"https:\/\/richeskarayib.com\/es\/wp-json\/wp\/v2\/media\/70504"}],"wp:attachment":[{"href":"https:\/\/richeskarayib.com\/es\/wp-json\/wp\/v2\/media?parent=70518"}],"wp:term":[{"taxonomy":"category","embeddable":true,"href":"https:\/\/richeskarayib.com\/es\/wp-json\/wp\/v2\/categories?post=70518"},{"taxonomy":"post_tag","embeddable":true,"href":"https:\/\/richeskarayib.com\/es\/wp-json\/wp\/v2\/tags?post=70518"}],"curies":[{"name":"wp","href":"https:\/\/api.w.org\/{rel}","templated":true}]}}