{"id":70657,"date":"2026-03-11T03:54:15","date_gmt":"2026-03-11T07:54:15","guid":{"rendered":"https:\/\/richeskarayib.com\/hermanamiento-entre-saint-barth-y-saint-thomas-una-asociacion-que-refuerza-los-intercambios-culturales-y-regionales\/"},"modified":"2026-03-11T03:54:17","modified_gmt":"2026-03-11T07:54:17","slug":"hermanamiento-entre-saint-barth-y-saint-thomas-una-asociacion-que-refuerza-los-intercambios-culturales-y-regionales","status":"publish","type":"post","link":"https:\/\/richeskarayib.com\/es\/hermanamiento-entre-saint-barth-y-saint-thomas-una-asociacion-que-refuerza-los-intercambios-culturales-y-regionales\/","title":{"rendered":"Hermanamiento entre Saint-Barth y Saint-Thomas: una asociaci\u00f3n que refuerza los intercambios culturales y regionales"},"content":{"rendered":"\t\t<div data-elementor-type=\"wp-post\" data-elementor-id=\"70657\" class=\"elementor elementor-70657 elementor-70639\" data-elementor-post-type=\"post\">\n\t\t\t\t\t\t<section class=\"elementor-section elementor-top-section elementor-element elementor-element-7ca7ca1 elementor-section-boxed elementor-section-height-default elementor-section-height-default\" data-id=\"7ca7ca1\" data-element_type=\"section\">\n\t\t\t\t\t\t<div class=\"elementor-container elementor-column-gap-default\">\n\t\t\t\t\t<div class=\"elementor-column elementor-col-100 elementor-top-column elementor-element elementor-element-cbdd002\" data-id=\"cbdd002\" data-element_type=\"column\">\n\t\t\t<div class=\"elementor-widget-wrap elementor-element-populated\">\n\t\t\t\t\t\t<section class=\"elementor-section elementor-inner-section elementor-element elementor-element-bc94849 elementor-section-boxed elementor-section-height-default elementor-section-height-default\" data-id=\"bc94849\" data-element_type=\"section\">\n\t\t\t\t\t\t<div class=\"elementor-container elementor-column-gap-default\">\n\t\t\t\t\t\t<\/div>\n\t\t<\/section>\n\t\t\t\t<section class=\"elementor-section elementor-inner-section elementor-element elementor-element-61571e6 elementor-section-boxed elementor-section-height-default elementor-section-height-default\" data-id=\"61571e6\" data-element_type=\"section\">\n\t\t\t\t\t\t<div class=\"elementor-container elementor-column-gap-default\">\n\t\t\t\t\t\t<\/div>\n\t\t<\/section>\n\t\t\t\t<section class=\"elementor-section elementor-inner-section elementor-element elementor-element-b6262e0 elementor-section-boxed elementor-section-height-default elementor-section-height-default\" data-id=\"b6262e0\" data-element_type=\"section\">\n\t\t\t\t\t\t<div class=\"elementor-container elementor-column-gap-default\">\n\t\t\t\t\t\t<\/div>\n\t\t<\/section>\n\t\t\t\t<section class=\"elementor-section elementor-inner-section elementor-element elementor-element-cca29fd elementor-section-boxed elementor-section-height-default elementor-section-height-default\" data-id=\"cca29fd\" data-element_type=\"section\">\n\t\t\t\t\t\t<div class=\"elementor-container elementor-column-gap-default\">\n\t\t\t\t\t\t<\/div>\n\t\t<\/section>\n\t\t\t\t\t<\/div>\n\t\t<\/div>\n\t\t\t\t\t<\/div>\n\t\t<\/section>\n\t\t\t\t<section class=\"elementor-section elementor-top-section elementor-element elementor-element-ee72354 elementor-section-boxed elementor-section-height-default elementor-section-height-default\" data-id=\"ee72354\" data-element_type=\"section\">\n\t\t\t\t\t\t<div class=\"elementor-container elementor-column-gap-default\">\n\t\t\t\t\t<div class=\"elementor-column elementor-col-100 elementor-top-column elementor-element elementor-element-c59d6fe\" data-id=\"c59d6fe\" data-element_type=\"column\">\n\t\t\t<div class=\"elementor-widget-wrap elementor-element-populated\">\n\t\t\t\t\t\t<div class=\"elementor-element elementor-element-e57451f elementor-widget elementor-widget-text-editor\" data-id=\"e57451f\" data-element_type=\"widget\" data-widget_type=\"text-editor.default\">\n\t\t\t\t<div class=\"elementor-widget-container\">\n\t\t\t\t\t\t\t\t\t<p><span style=\"font-weight: 400;\">El hermanamiento de Saint-Barth y Saint-Thomas marca una nueva etapa en las relaciones entre dos territorios vecinos cuyos v\u00ednculos humanos, culturales e hist\u00f3ricos trascienden desde hace tiempo las fronteras administrativas. Martes 10 de marzo de 2026,   <\/span><b>Xavier L\u00e9d\u00e9e<\/b><span style=\"font-weight: 400;\">Presidente del Consejo Territorial de Saint-Barth\u00e9lemy, y <\/span><b>Albert Bryan Jr<\/b><span style=\"font-weight: 400;\">Gobernador de las Islas V\u00edrgenes de Estados Unidos, firm\u00f3 oficialmente el acuerdo de hermanamiento entre ambas islas. La firma proporciona un marco concreto a una relaci\u00f3n regional de larga data y sienta las bases de una cooperaci\u00f3n que est\u00e1 llamada a desarrollarse en una serie de \u00e1mbitos, entre ellos <\/span> <span style=\"font-weight: 400;\">cultura, educaci\u00f3n, deporte e intercambios institucionales.<\/span><\/p>\t\t\t\t\t\t\t\t<\/div>\n\t\t\t\t<\/div>\n\t\t\t\t<div class=\"elementor-element elementor-element-5aad0bc elementor-widget elementor-widget-text-editor\" data-id=\"5aad0bc\" data-element_type=\"widget\" data-widget_type=\"text-editor.default\">\n\t\t\t\t<div class=\"elementor-widget-container\">\n\t\t\t\t\t\t\t\t\t<p><span style=\"font-weight: 400;\">En el Caribe, donde los territorios vecinos comparten a menudo historias, familias y flujos econ\u00f3micos comunes, este tipo de acuerdo adquiere una dimensi\u00f3n especial. El hermanamiento entre Saint-Barth y Saint-Thomas ilustra esta realidad regional: la de unas islas pr\u00f3ximas que optan ahora por estructurar m\u00e1s estrechamente sus relaciones para construir proyectos comunes y reforzar su di\u00e1logo. <\/span><\/p>\t\t\t\t\t\t\t\t<\/div>\n\t\t\t\t<\/div>\n\t\t\t\t\t<\/div>\n\t\t<\/div>\n\t\t\t\t\t<\/div>\n\t\t<\/section>\n\t\t\t\t<section class=\"elementor-section elementor-top-section elementor-element elementor-element-82cd8f9 elementor-section-boxed elementor-section-height-default elementor-section-height-default\" data-id=\"82cd8f9\" data-element_type=\"section\">\n\t\t\t\t\t\t<div class=\"elementor-container elementor-column-gap-default\">\n\t\t\t\t\t<div class=\"elementor-column elementor-col-100 elementor-top-column elementor-element elementor-element-0bfdc38\" data-id=\"0bfdc38\" data-element_type=\"column\">\n\t\t\t<div class=\"elementor-widget-wrap elementor-element-populated\">\n\t\t\t\t\t\t<div class=\"elementor-element elementor-element-7d292fe elementor-widget elementor-widget-heading\" data-id=\"7d292fe\" data-element_type=\"widget\" data-widget_type=\"heading.default\">\n\t\t\t\t<div class=\"elementor-widget-container\">\n\t\t\t\t\t<h2 class=\"elementor-heading-title elementor-size-default\">Una firma oficial apoyada por jugadores comprometidos<\/h2>\t\t\t\t<\/div>\n\t\t\t\t<\/div>\n\t\t\t\t<div class=\"elementor-element elementor-element-96caf50 elementor-widget elementor-widget-text-editor\" data-id=\"96caf50\" data-element_type=\"widget\" data-widget_type=\"text-editor.default\">\n\t\t\t\t<div class=\"elementor-widget-container\">\n\t\t\t\t\t\t\t\t\t<p><span style=\"font-weight: 400;\">La firma del acuerdo de hermanamiento entre <a href=\"https:\/\/www.comstbarth.fr\/\" target=\"_blank\" rel=\"noopener nofollow\">Saint-Barth y Saint-Thomas tuvo lugar en presencia de una delegaci\u00f3n representativa de la vida institucional y asociativa de Saint-Barth\u00e9lemy<\/a>. En torno al Presidente   <\/span><b>Xavier L\u00e9d\u00e9e<\/b><span style=\"font-weight: 400;\">Estuvieron presentes numerosas personalidades de la vida cultural y asociativa de la regi\u00f3n: <\/span><b>Bettina Cointre<\/b><span style=\"font-weight: 400;\">Presidenta de la Comisi\u00f3n de Cultura, <\/span><b>C\u00e9cile Coudreau<\/b><span style=\"font-weight: 400;\">presidenta de la AJOE, <\/span><b>Vianney Blanchard<\/b><span style=\"font-weight: 400;\">Presidente de la Asociaci\u00f3n de Hermanamiento de Saint-Barth y Saint-Thomas, y <\/span><b>Jean-Yann Bouchaut<\/b><span style=\"font-weight: 400;\">Jefe del Departamento de Cultura y Comunicaci\u00f3n.<\/span><\/p>\t\t\t\t\t\t\t\t<\/div>\n\t\t\t\t<\/div>\n\t\t\t\t<div class=\"elementor-element elementor-element-a5c141c elementor-widget elementor-widget-text-editor\" data-id=\"a5c141c\" data-element_type=\"widget\" data-widget_type=\"text-editor.default\">\n\t\t\t\t<div class=\"elementor-widget-container\">\n\t\t\t\t\t\t\t\t\t<p><span style=\"font-weight: 400;\">Esta composici\u00f3n subraya la ambici\u00f3n del proyecto. El hermanamiento entre Saint-Barth y Saint-Thomas no se limita a una relaci\u00f3n entre instituciones. Tambi\u00e9n cuenta con agentes culturales, asociativos y educativos que desempe\u00f1ar\u00e1n un papel esencial para transformar este acuerdo en iniciativas concretas. Las primeras reuniones de trabajo deber\u00edan permitirnos identificar r\u00e1pidamente los proyectos que pueden dar una visibilidad real a este acercamiento entre los dos territorios.   <\/span><\/p>\t\t\t\t\t\t\t\t<\/div>\n\t\t\t\t<\/div>\n\t\t\t\t<div class=\"elementor-element elementor-element-bf51ab9 elementor-widget elementor-widget-image\" data-id=\"bf51ab9\" data-element_type=\"widget\" data-widget_type=\"image.default\">\n\t\t\t\t<div class=\"elementor-widget-container\">\n\t\t\t\t\t\t\t\t\t\t\t\t<figure class=\"wp-caption\">\n\t\t\t\t\t\t\t\t\t\t<img fetchpriority=\"high\" decoding=\"async\" width=\"800\" height=\"534\" src=\"https:\/\/richeskarayib.com\/wp-content\/uploads\/2026\/03\/\u00a9Collectivite-de-Saint-Barthelemy-Officiel-1-1024x683.jpg\" class=\"attachment-large size-large wp-image-70647\" alt=\"jumelage entre Saint-Barth et Saint-Thomas\" srcset=\"https:\/\/richeskarayib.com\/wp-content\/uploads\/2026\/03\/\u00a9Collectivite-de-Saint-Barthelemy-Officiel-1-1024x683.jpg 1024w, https:\/\/richeskarayib.com\/wp-content\/uploads\/2026\/03\/\u00a9Collectivite-de-Saint-Barthelemy-Officiel-1-300x200.jpg 300w, https:\/\/richeskarayib.com\/wp-content\/uploads\/2026\/03\/\u00a9Collectivite-de-Saint-Barthelemy-Officiel-1-768x512.jpg 768w, https:\/\/richeskarayib.com\/wp-content\/uploads\/2026\/03\/\u00a9Collectivite-de-Saint-Barthelemy-Officiel-1-1536x1024.jpg 1536w, https:\/\/richeskarayib.com\/wp-content\/uploads\/2026\/03\/\u00a9Collectivite-de-Saint-Barthelemy-Officiel-1-1320x880.jpg 1320w, https:\/\/richeskarayib.com\/wp-content\/uploads\/2026\/03\/\u00a9Collectivite-de-Saint-Barthelemy-Officiel-1.jpg 1920w\" sizes=\"(max-width: 800px) 100vw, 800px\" \/>\t\t\t\t\t\t\t\t\t\t\t<figcaption class=\"widget-image-caption wp-caption-text\">\u00a9Collectivite\u0301 de Saint-Barthe\u0301lemy Officiel<\/figcaption>\n\t\t\t\t\t\t\t\t\t\t<\/figure>\n\t\t\t\t\t\t\t\t\t<\/div>\n\t\t\t\t<\/div>\n\t\t\t\t<section class=\"elementor-section elementor-inner-section elementor-element elementor-element-c582330 elementor-section-boxed elementor-section-height-default elementor-section-height-default\" data-id=\"c582330\" data-element_type=\"section\">\n\t\t\t\t\t\t<div class=\"elementor-container elementor-column-gap-default\">\n\t\t\t\t\t\t<\/div>\n\t\t<\/section>\n\t\t\t\t<section class=\"elementor-section elementor-inner-section elementor-element elementor-element-296603a elementor-section-boxed elementor-section-height-default elementor-section-height-default\" data-id=\"296603a\" data-element_type=\"section\">\n\t\t\t\t\t\t<div class=\"elementor-container elementor-column-gap-default\">\n\t\t\t\t\t\t<\/div>\n\t\t<\/section>\n\t\t\t\t\t<\/div>\n\t\t<\/div>\n\t\t\t\t\t<\/div>\n\t\t<\/section>\n\t\t\t\t<section class=\"elementor-section elementor-top-section elementor-element elementor-element-bdd0219 elementor-section-boxed elementor-section-height-default elementor-section-height-default\" data-id=\"bdd0219\" data-element_type=\"section\">\n\t\t\t\t\t\t<div class=\"elementor-container elementor-column-gap-default\">\n\t\t\t\t\t<div class=\"elementor-column elementor-col-100 elementor-top-column elementor-element elementor-element-c1ec903\" data-id=\"c1ec903\" data-element_type=\"column\">\n\t\t\t<div class=\"elementor-widget-wrap elementor-element-populated\">\n\t\t\t\t\t\t<div class=\"elementor-element elementor-element-55dd336 elementor-widget elementor-widget-heading\" data-id=\"55dd336\" data-element_type=\"widget\" data-widget_type=\"heading.default\">\n\t\t\t\t<div class=\"elementor-widget-container\">\n\t\t\t\t\t<h2 class=\"elementor-heading-title elementor-size-default\">Dos islas vecinas unidas por una historia regional<\/h2>\t\t\t\t<\/div>\n\t\t\t\t<\/div>\n\t\t\t\t<div class=\"elementor-element elementor-element-9cd513e elementor-widget elementor-widget-text-editor\" data-id=\"9cd513e\" data-element_type=\"widget\" data-widget_type=\"text-editor.default\">\n\t\t\t\t<div class=\"elementor-widget-container\">\n\t\t\t\t\t\t\t\t\t<p><span style=\"font-weight: 400;\">La proximidad entre <a href=\"https:\/\/www.facebook.com\/comstbarth\" target=\"_blank\" rel=\"noopener nofollow\">Saint-Barth<\/a> y Saint-Thomas no es nueva. Situadas a s\u00f3lo unas decenas de kil\u00f3metros la una de la otra, las dos islas han mantenido relaciones regulares a lo largo de las d\u00e9cadas mediante intercambios humanos, econ\u00f3micos y culturales. En el Caribe, los desplazamientos entre islas vecinas siempre han conformado la vida cotidiana. Familias, migraciones, actividades comerciales e intercambios culturales han contribuido a crear un espacio regional en el que las fronteras administrativas no siempre reflejan la realidad de los v\u00ednculos humanos.   <\/span><\/p>\t\t\t\t\t\t\t\t<\/div>\n\t\t\t\t<\/div>\n\t\t\t\t<div class=\"elementor-element elementor-element-1b1e51a elementor-widget elementor-widget-text-editor\" data-id=\"1b1e51a\" data-element_type=\"widget\" data-widget_type=\"text-editor.default\">\n\t\t\t\t<div class=\"elementor-widget-container\">\n\t\t\t\t\t\t\t\t\t<p><span style=\"font-weight: 400;\">El hermanamiento entre Saint-Barth y Saint-Thomas es un paso l\u00f3gico en esta direcci\u00f3n. Formaliza una proximidad ya bien establecida en la regi\u00f3n y abre la posibilidad de traducirla en proyectos estructurados y sostenibles. <\/span><\/p>\t\t\t\t\t\t\t\t<\/div>\n\t\t\t\t<\/div>\n\t\t\t\t<section class=\"elementor-section elementor-inner-section elementor-element elementor-element-92f4402 elementor-section-boxed elementor-section-height-default elementor-section-height-default\" data-id=\"92f4402\" data-element_type=\"section\">\n\t\t\t\t\t\t<div class=\"elementor-container elementor-column-gap-default\">\n\t\t\t\t\t\t<\/div>\n\t\t<\/section>\n\t\t\t\t<section class=\"elementor-section elementor-inner-section elementor-element elementor-element-9290a61 elementor-section-boxed elementor-section-height-default elementor-section-height-default\" data-id=\"9290a61\" data-element_type=\"section\">\n\t\t\t\t\t\t<div class=\"elementor-container elementor-column-gap-default\">\n\t\t\t\t\t\t<\/div>\n\t\t<\/section>\n\t\t\t\t\t<\/div>\n\t\t<\/div>\n\t\t\t\t\t<\/div>\n\t\t<\/section>\n\t\t\t\t<section class=\"elementor-section elementor-top-section elementor-element elementor-element-5a7397d elementor-section-boxed elementor-section-height-default elementor-section-height-default\" data-id=\"5a7397d\" data-element_type=\"section\">\n\t\t\t\t\t\t<div class=\"elementor-container elementor-column-gap-default\">\n\t\t\t\t\t<div class=\"elementor-column elementor-col-100 elementor-top-column elementor-element elementor-element-8b33b4b\" data-id=\"8b33b4b\" data-element_type=\"column\">\n\t\t\t<div class=\"elementor-widget-wrap elementor-element-populated\">\n\t\t\t\t\t\t<div class=\"elementor-element elementor-element-89dac4b elementor-widget elementor-widget-heading\" data-id=\"89dac4b\" data-element_type=\"widget\" data-widget_type=\"heading.default\">\n\t\t\t\t<div class=\"elementor-widget-container\">\n\t\t\t\t\t<h2 class=\"elementor-heading-title elementor-size-default\">Un proyecto de varios meses<\/h2>\t\t\t\t<\/div>\n\t\t\t\t<\/div>\n\t\t\t\t<div class=\"elementor-element elementor-element-43a45ac elementor-widget elementor-widget-text-editor\" data-id=\"43a45ac\" data-element_type=\"widget\" data-widget_type=\"text-editor.default\">\n\t\t\t\t<div class=\"elementor-widget-container\">\n\t\t\t\t\t\t\t\t\t<p><span style=\"font-weight: 400;\">La firma del acuerdo en marzo de 2026 es la culminaci\u00f3n de un proceso emprendido previamente por las autoridades locales. Ya en 2025 se plante\u00f3 la idea de un hermanamiento entre <a href=\"https:\/\/richeskarayib.com\/es\/corsair-y-air-inter-iles-deslumbrante-viaje-a-san-bartolome\/\" target=\"_blank\" rel=\"noopener\">Saint-Barth<\/a> y Saint-Thomas para reforzar las relaciones entre ambos territorios y desarrollar iniciativas conjuntas. Los debates de entonces ya hab\u00edan identificado varios \u00e1mbitos posibles de cooperaci\u00f3n: actos culturales, intercambios educativos, acontecimientos deportivos y colaboraci\u00f3n institucional. La firma oficial proporciona ahora un marco formal a este deseo de estrechar lazos y allana el camino para la fase de aplicaci\u00f3n.   <\/span><\/p>\t\t\t\t\t\t\t\t<\/div>\n\t\t\t\t<\/div>\n\t\t\t\t<div class=\"elementor-element elementor-element-beac40d elementor-widget elementor-widget-image\" data-id=\"beac40d\" data-element_type=\"widget\" data-widget_type=\"image.default\">\n\t\t\t\t<div class=\"elementor-widget-container\">\n\t\t\t\t\t\t\t\t\t\t\t\t<figure class=\"wp-caption\">\n\t\t\t\t\t\t\t\t\t\t<img decoding=\"async\" width=\"800\" height=\"534\" src=\"https:\/\/richeskarayib.com\/wp-content\/uploads\/2026\/03\/\u00a9Collectivite-de-Saint-Barthelemy-Officiel-3-1024x683.jpg\" class=\"attachment-large size-large wp-image-70651\" alt=\"jumelage entre Saint-Barth et Saint-Thomas\" srcset=\"https:\/\/richeskarayib.com\/wp-content\/uploads\/2026\/03\/\u00a9Collectivite-de-Saint-Barthelemy-Officiel-3-1024x683.jpg 1024w, https:\/\/richeskarayib.com\/wp-content\/uploads\/2026\/03\/\u00a9Collectivite-de-Saint-Barthelemy-Officiel-3-300x200.jpg 300w, https:\/\/richeskarayib.com\/wp-content\/uploads\/2026\/03\/\u00a9Collectivite-de-Saint-Barthelemy-Officiel-3-768x512.jpg 768w, https:\/\/richeskarayib.com\/wp-content\/uploads\/2026\/03\/\u00a9Collectivite-de-Saint-Barthelemy-Officiel-3-1536x1024.jpg 1536w, https:\/\/richeskarayib.com\/wp-content\/uploads\/2026\/03\/\u00a9Collectivite-de-Saint-Barthelemy-Officiel-3-1320x880.jpg 1320w, https:\/\/richeskarayib.com\/wp-content\/uploads\/2026\/03\/\u00a9Collectivite-de-Saint-Barthelemy-Officiel-3.jpg 1920w\" sizes=\"(max-width: 800px) 100vw, 800px\" \/>\t\t\t\t\t\t\t\t\t\t\t<figcaption class=\"widget-image-caption wp-caption-text\">\u00a9Collectivite\u0301 de Saint-Barthe\u0301lemy Officiel<\/figcaption>\n\t\t\t\t\t\t\t\t\t\t<\/figure>\n\t\t\t\t\t\t\t\t\t<\/div>\n\t\t\t\t<\/div>\n\t\t\t\t\t<\/div>\n\t\t<\/div>\n\t\t\t\t\t<\/div>\n\t\t<\/section>\n\t\t\t\t<section class=\"elementor-section elementor-top-section elementor-element elementor-element-ceca32c elementor-section-boxed elementor-section-height-default elementor-section-height-default\" data-id=\"ceca32c\" data-element_type=\"section\">\n\t\t\t\t\t\t<div class=\"elementor-container elementor-column-gap-default\">\n\t\t\t\t\t<div class=\"elementor-column elementor-col-100 elementor-top-column elementor-element elementor-element-5a2e383\" data-id=\"5a2e383\" data-element_type=\"column\">\n\t\t\t<div class=\"elementor-widget-wrap elementor-element-populated\">\n\t\t\t\t\t\t<div class=\"elementor-element elementor-element-6cedf5f elementor-widget elementor-widget-heading\" data-id=\"6cedf5f\" data-element_type=\"widget\" data-widget_type=\"heading.default\">\n\t\t\t\t<div class=\"elementor-widget-container\">\n\t\t\t\t\t<h2 class=\"elementor-heading-title elementor-size-default\">Cultura, juventud y deporte: los primeros \u00e1mbitos de cooperaci\u00f3n<\/h2>\t\t\t\t<\/div>\n\t\t\t\t<\/div>\n\t\t\t\t<div class=\"elementor-element elementor-element-e93d1fb elementor-widget elementor-widget-text-editor\" data-id=\"e93d1fb\" data-element_type=\"widget\" data-widget_type=\"text-editor.default\">\n\t\t\t\t<div class=\"elementor-widget-container\">\n\t\t\t\t\t\t\t\t\t<p><span style=\"font-weight: 400;\">Uno de los principales objetivos del hermanamiento entre Saint-Barth y Saint-Thomas es fomentar los intercambios entre los habitantes de ambos territorios.<\/span><\/p>\t\t\t\t\t\t\t\t<\/div>\n\t\t\t\t<\/div>\n\t\t\t\t<div class=\"elementor-element elementor-element-ef524f2 elementor-widget elementor-widget-text-editor\" data-id=\"ef524f2\" data-element_type=\"widget\" data-widget_type=\"text-editor.default\">\n\t\t\t\t<div class=\"elementor-widget-container\">\n\t\t\t\t\t\t\t\t\t<h3><b>Iniciativas culturales para promover el patrimonio caribe\u00f1o<\/b><\/h3><p><span style=\"font-weight: 400;\">La cultura es, naturalmente, uno de los primeros \u00e1mbitos de cooperaci\u00f3n. Exposiciones, encuentros art\u00edsticos, intercambios entre asociaciones e iniciativas patrimoniales podr\u00edan contribuir a dar mayor visibilidad a los v\u00ednculos culturales entre las dos islas. En una regi\u00f3n marcada por la diversidad ling\u00fc\u00edstica y el legado de varias influencias hist\u00f3ricas, estos intercambios culturales tambi\u00e9n contribuyen a realzar las identidades locales al tiempo que refuerzan los v\u00ednculos regionales.  <\/span><\/p>\t\t\t\t\t\t\t\t<\/div>\n\t\t\t\t<\/div>\n\t\t\t\t<div class=\"elementor-element elementor-element-aab4e32 elementor-widget elementor-widget-text-editor\" data-id=\"aab4e32\" data-element_type=\"widget\" data-widget_type=\"text-editor.default\">\n\t\t\t\t<div class=\"elementor-widget-container\">\n\t\t\t\t\t\t\t\t\t<h3><b>Intercambios educativos para j\u00f3venes<\/b><\/h3><p><span style=\"font-weight: 400;\">El <\/span><b>j<\/b><span style=\"font-weight: 400;\">l hermanamiento entre Saint-Barth y Saint-Thomas tambi\u00e9n abre perspectivas para las generaciones m\u00e1s j\u00f3venes. Los programas de intercambio escolar o ling\u00fc\u00edstico podr\u00edan permitir a los estudiantes conocer mejor las realidades culturales y sociales de sus vecinos caribe\u00f1os. En una regi\u00f3n donde coexisten varias lenguas: franc\u00e9s, ingl\u00e9s, espa\u00f1ol y criollo, estas iniciativas representan tambi\u00e9n una oportunidad de apertura y aprendizaje.  <\/span><\/p>\t\t\t\t\t\t\t\t<\/div>\n\t\t\t\t<\/div>\n\t\t\t\t<div class=\"elementor-element elementor-element-9305afd elementor-widget elementor-widget-text-editor\" data-id=\"9305afd\" data-element_type=\"widget\" data-widget_type=\"text-editor.default\">\n\t\t\t\t<div class=\"elementor-widget-container\">\n\t\t\t\t\t\t\t\t\t<h3><b>El deporte como medio para unir a las personas<\/b><\/h3><p><span style=\"font-weight: 400;\">El deporte es otra palanca importante para la cooperaci\u00f3n. Los encuentros deportivos entre j\u00f3venes, clubes o asociaciones constituyen a menudo un marco sencillo y eficaz para reforzar los v\u00ednculos entre zonas vecinas. Estos actos no s\u00f3lo favorecen los intercambios entre vecinos, sino que tambi\u00e9n dan una visibilidad concreta al hermanamiento entre Saint-Barth y Saint-Thomas entre la poblaci\u00f3n local.  <\/span><\/p>\t\t\t\t\t\t\t\t<\/div>\n\t\t\t\t<\/div>\n\t\t\t\t\t<\/div>\n\t\t<\/div>\n\t\t\t\t\t<\/div>\n\t\t<\/section>\n\t\t\t\t<section class=\"elementor-section elementor-top-section elementor-element elementor-element-9c88a89 elementor-section-boxed elementor-section-height-default elementor-section-height-default\" data-id=\"9c88a89\" data-element_type=\"section\">\n\t\t\t\t\t\t<div class=\"elementor-container elementor-column-gap-default\">\n\t\t\t\t\t<div class=\"elementor-column elementor-col-100 elementor-top-column elementor-element elementor-element-78cf5d1\" data-id=\"78cf5d1\" data-element_type=\"column\">\n\t\t\t<div class=\"elementor-widget-wrap elementor-element-populated\">\n\t\t\t\t\t\t<div class=\"elementor-element elementor-element-ea2a5c1 elementor-widget elementor-widget-heading\" data-id=\"ea2a5c1\" data-element_type=\"widget\" data-widget_type=\"heading.default\">\n\t\t\t\t<div class=\"elementor-widget-container\">\n\t\t\t\t\t<h2 class=\"elementor-heading-title elementor-size-default\">Saint-Thomas y la memoria franc\u00f3fona de la regi\u00f3n<\/h2>\t\t\t\t<\/div>\n\t\t\t\t<\/div>\n\t\t\t\t<div class=\"elementor-element elementor-element-e305eee elementor-widget elementor-widget-text-editor\" data-id=\"e305eee\" data-element_type=\"widget\" data-widget_type=\"text-editor.default\">\n\t\t\t\t<div class=\"elementor-widget-container\">\n\t\t\t\t\t\t\t\t\t<p><span style=\"font-weight: 400;\">El acercamiento entre ambos territorios se inscribe tambi\u00e9n en un contexto cultural m\u00e1s amplio. Santo Tom\u00e1s tiene una historia marcada por la presencia de comunidades de diversos territorios caribe\u00f1os, incluidas las vecinas islas franc\u00f3fonas. Esta dimensi\u00f3n cultural se puso recientemente de relieve cuando las autoridades de las Islas V\u00edrgenes estadounidenses proclamaron un    <\/span><b>Semana del Patrimonio Franc\u00e9s<\/b><span style=\"font-weight: 400;\">para reconocer la influencia duradera de las comunidades franc\u00f3fonas de la zona, en particular las vinculadas a Saint-Barth, Guadalupe y Saint-Martin.<\/span><\/p>\t\t\t\t\t\t\t\t<\/div>\n\t\t\t\t<\/div>\n\t\t\t\t<div class=\"elementor-element elementor-element-43f13bc elementor-widget elementor-widget-text-editor\" data-id=\"43f13bc\" data-element_type=\"widget\" data-widget_type=\"text-editor.default\">\n\t\t\t\t<div class=\"elementor-widget-container\">\n\t\t\t\t\t\t\t\t\t<p><span style=\"font-weight: 400;\">En este contexto, la <\/span><b>j<\/b><span style=\"font-weight: 400;\">l hermanamiento entre Saint-Barth y Saint-Thomas tiene una resonancia especial. Contribuye a arrojar luz sobre una historia compartida y a reforzar los intercambios entre dos territorios cuyas relaciones culturales se remontan a varias generaciones. <\/span><\/p>\t\t\t\t\t\t\t\t<\/div>\n\t\t\t\t<\/div>\n\t\t\t\t\t<\/div>\n\t\t<\/div>\n\t\t\t\t\t<\/div>\n\t\t<\/section>\n\t\t\t\t<section class=\"elementor-section elementor-top-section elementor-element elementor-element-a140ec6 elementor-section-boxed elementor-section-height-default elementor-section-height-default\" data-id=\"a140ec6\" data-element_type=\"section\">\n\t\t\t\t\t\t<div class=\"elementor-container elementor-column-gap-default\">\n\t\t\t\t\t<div class=\"elementor-column elementor-col-100 elementor-top-column elementor-element elementor-element-700b6af\" data-id=\"700b6af\" data-element_type=\"column\">\n\t\t\t<div class=\"elementor-widget-wrap elementor-element-populated\">\n\t\t\t\t\t\t<div class=\"elementor-element elementor-element-a1cef79 elementor-widget elementor-widget-heading\" data-id=\"a1cef79\" data-element_type=\"widget\" data-widget_type=\"heading.default\">\n\t\t\t\t<div class=\"elementor-widget-container\">\n\t\t\t\t\t<h2 class=\"elementor-heading-title elementor-size-default\">Un acercamiento que revela la din\u00e1mica caribe\u00f1a<\/h2>\t\t\t\t<\/div>\n\t\t\t\t<\/div>\n\t\t\t\t<div class=\"elementor-element elementor-element-6ede0e7 elementor-widget elementor-widget-text-editor\" data-id=\"6ede0e7\" data-element_type=\"widget\" data-widget_type=\"text-editor.default\">\n\t\t\t\t<div class=\"elementor-widget-container\">\n\t\t\t\t\t\t\t\t\t<p><span style=\"font-weight: 400;\">Adem\u00e1s de la evoluci\u00f3n institucional, el hermanamiento entre Saint-Barth y Saint-Thomas refleja una din\u00e1mica m\u00e1s amplia en el Caribe. Los territorios de la regi\u00f3n buscan cada vez m\u00e1s reforzar su cooperaci\u00f3n directa para hacer frente a retos comunes, ya sean culturales, econ\u00f3micos o educativos. Estas asociaciones entre islas vecinas est\u00e1n ayudando a construir un espacio regional m\u00e1s conectado, donde las iniciativas locales pueden fomentar los intercambios y favorecer un mayor entendimiento mutuo.  <\/span><\/p><p><span style=\"font-weight: 400;\">Desde esta perspectiva, el acercamiento entre Saint-Barth y Saint-Thomas es un ejemplo concreto de c\u00f3mo los territorios caribe\u00f1os pueden transformar sus v\u00ednculos hist\u00f3ricos en proyectos de futuro.<\/span><\/p>\t\t\t\t\t\t\t\t<\/div>\n\t\t\t\t<\/div>\n\t\t\t\t<div class=\"elementor-element elementor-element-31f51dc elementor-widget elementor-widget-image\" data-id=\"31f51dc\" data-element_type=\"widget\" data-widget_type=\"image.default\">\n\t\t\t\t<div class=\"elementor-widget-container\">\n\t\t\t\t\t\t\t\t\t\t\t\t<figure class=\"wp-caption\">\n\t\t\t\t\t\t\t\t\t\t<img decoding=\"async\" width=\"800\" height=\"534\" src=\"https:\/\/richeskarayib.com\/wp-content\/uploads\/2026\/03\/\u00a9Collectivite-de-Saint-Barthelemy-Officiel-2-1024x683.jpg\" class=\"attachment-large size-large wp-image-70655\" alt=\"jumelage entre Saint-Barth et Saint-Thomas\" srcset=\"https:\/\/richeskarayib.com\/wp-content\/uploads\/2026\/03\/\u00a9Collectivite-de-Saint-Barthelemy-Officiel-2-1024x683.jpg 1024w, https:\/\/richeskarayib.com\/wp-content\/uploads\/2026\/03\/\u00a9Collectivite-de-Saint-Barthelemy-Officiel-2-300x200.jpg 300w, https:\/\/richeskarayib.com\/wp-content\/uploads\/2026\/03\/\u00a9Collectivite-de-Saint-Barthelemy-Officiel-2-768x512.jpg 768w, https:\/\/richeskarayib.com\/wp-content\/uploads\/2026\/03\/\u00a9Collectivite-de-Saint-Barthelemy-Officiel-2-1536x1024.jpg 1536w, https:\/\/richeskarayib.com\/wp-content\/uploads\/2026\/03\/\u00a9Collectivite-de-Saint-Barthelemy-Officiel-2-1320x880.jpg 1320w, https:\/\/richeskarayib.com\/wp-content\/uploads\/2026\/03\/\u00a9Collectivite-de-Saint-Barthelemy-Officiel-2.jpg 1920w\" sizes=\"(max-width: 800px) 100vw, 800px\" \/>\t\t\t\t\t\t\t\t\t\t\t<figcaption class=\"widget-image-caption wp-caption-text\">\u00a9Collectivite\u0301 de Saint-Barthe\u0301lemy Officiel<\/figcaption>\n\t\t\t\t\t\t\t\t\t\t<\/figure>\n\t\t\t\t\t\t\t\t\t<\/div>\n\t\t\t\t<\/div>\n\t\t\t\t\t<\/div>\n\t\t<\/div>\n\t\t\t\t\t<\/div>\n\t\t<\/section>\n\t\t\t\t<section class=\"elementor-section elementor-top-section elementor-element elementor-element-2b940fe elementor-section-boxed elementor-section-height-default elementor-section-height-default\" data-id=\"2b940fe\" data-element_type=\"section\">\n\t\t\t\t\t\t<div class=\"elementor-container elementor-column-gap-default\">\n\t\t\t\t\t<div class=\"elementor-column elementor-col-100 elementor-top-column elementor-element elementor-element-4e254c8\" data-id=\"4e254c8\" data-element_type=\"column\">\n\t\t\t<div class=\"elementor-widget-wrap elementor-element-populated\">\n\t\t\t\t\t\t<div class=\"elementor-element elementor-element-fe305a4 elementor-widget elementor-widget-heading\" data-id=\"fe305a4\" data-element_type=\"widget\" data-widget_type=\"heading.default\">\n\t\t\t\t<div class=\"elementor-widget-container\">\n\t\t\t\t\t<h2 class=\"elementor-heading-title elementor-size-default\">La cooperaci\u00f3n se hace realidad<\/h2>\t\t\t\t<\/div>\n\t\t\t\t<\/div>\n\t\t\t\t<div class=\"elementor-element elementor-element-00fbbd6 elementor-widget elementor-widget-text-editor\" data-id=\"00fbbd6\" data-element_type=\"widget\" data-widget_type=\"text-editor.default\">\n\t\t\t\t<div class=\"elementor-widget-container\">\n\t\t\t\t\t\t\t\t\t<p><span style=\"font-weight: 400;\">La firma del hermanamiento entre Saint-Barth y Saint-Thomas marca ahora el inicio de una nueva fase: la puesta en marcha de los proyectos que dar\u00e1n vida a este acuerdo. Las iniciativas futuras permitir\u00e1n medir el alcance de esta cooperaci\u00f3n y observar c\u00f3mo los dos territorios deciden desarrollar sus intercambios. En un Caribe en el que las relaciones entre islas vecinas desempe\u00f1an un papel esencial en la circulaci\u00f3n de culturas, ideas e iniciativas, este hermanamiento podr\u00eda convertirse en un ejemplo de cooperaci\u00f3n regional construida sobre v\u00ednculos humanos e hist\u00f3ricos ya s\u00f3lidos.  <\/span><\/p>\t\t\t\t\t\t\t\t<\/div>\n\t\t\t\t<\/div>\n\t\t\t\t\t<\/div>\n\t\t<\/div>\n\t\t\t\t\t<\/div>\n\t\t<\/section>\n\t\t\t\t<section class=\"elementor-section elementor-top-section elementor-element elementor-element-f5709a6 elementor-section-boxed elementor-section-height-default elementor-section-height-default\" data-id=\"f5709a6\" data-element_type=\"section\">\n\t\t\t\t\t\t<div class=\"elementor-container elementor-column-gap-default\">\n\t\t\t\t\t<div class=\"elementor-column elementor-col-100 elementor-top-column elementor-element elementor-element-957be6f\" data-id=\"957be6f\" data-element_type=\"column\">\n\t\t\t<div class=\"elementor-widget-wrap elementor-element-populated\">\n\t\t\t\t\t\t<div class=\"elementor-element elementor-element-63e5d4a elementor-widget elementor-widget-accordion\" data-id=\"63e5d4a\" data-element_type=\"widget\" data-widget_type=\"accordion.default\">\n\t\t\t\t<div class=\"elementor-widget-container\">\n\t\t\t\t\t\t\t<div class=\"elementor-accordion\">\n\t\t\t\t\t\t\t<div class=\"elementor-accordion-item\">\n\t\t\t\t\t<div id=\"elementor-tab-title-1041\" class=\"elementor-tab-title\" data-tab=\"1\" role=\"button\" aria-controls=\"elementor-tab-content-1041\" aria-expanded=\"false\">\n\t\t\t\t\t\t\t\t\t\t\t\t\t<span class=\"elementor-accordion-icon elementor-accordion-icon-left\" aria-hidden=\"true\">\n\t\t\t\t\t\t\t\t\t\t\t\t\t\t\t<span class=\"elementor-accordion-icon-closed\"><i class=\"fas fa-plus\"><\/i><\/span>\n\t\t\t\t\t\t\t\t<span class=\"elementor-accordion-icon-opened\"><i class=\"fas fa-minus\"><\/i><\/span>\n\t\t\t\t\t\t\t\t\t\t\t\t\t\t<\/span>\n\t\t\t\t\t\t\t\t\t\t\t\t<a class=\"elementor-accordion-title\" tabindex=\"0\">\u00bfCu\u00e1l es el hermanamiento entre Saint-Barth y Saint-Thomas?<\/a>\n\t\t\t\t\t<\/div>\n\t\t\t\t\t<div id=\"elementor-tab-content-1041\" class=\"elementor-tab-content elementor-clearfix\" data-tab=\"1\" role=\"region\" aria-labelledby=\"elementor-tab-title-1041\"><p><span style=\"font-weight: 400;\">El hermanamiento entre Saint-Barth y Saint-Thomas es un acuerdo oficial firmado el 10 de marzo de 2026 entre la Colectividad de Saint-Barth\u00e9lemy y el gobierno de las Islas V\u00edrgenes estadounidenses. Su objetivo es reforzar los intercambios entre ambos territorios en diversos \u00e1mbitos, como la cultura, la educaci\u00f3n, el deporte y las relaciones institucionales. <\/span><\/p>\n<\/div>\n\t\t\t\t<\/div>\n\t\t\t\t\t\t\t<div class=\"elementor-accordion-item\">\n\t\t\t\t\t<div id=\"elementor-tab-title-1042\" class=\"elementor-tab-title\" data-tab=\"2\" role=\"button\" aria-controls=\"elementor-tab-content-1042\" aria-expanded=\"false\">\n\t\t\t\t\t\t\t\t\t\t\t\t\t<span class=\"elementor-accordion-icon elementor-accordion-icon-left\" aria-hidden=\"true\">\n\t\t\t\t\t\t\t\t\t\t\t\t\t\t\t<span class=\"elementor-accordion-icon-closed\"><i class=\"fas fa-plus\"><\/i><\/span>\n\t\t\t\t\t\t\t\t<span class=\"elementor-accordion-icon-opened\"><i class=\"fas fa-minus\"><\/i><\/span>\n\t\t\t\t\t\t\t\t\t\t\t\t\t\t<\/span>\n\t\t\t\t\t\t\t\t\t\t\t\t<a class=\"elementor-accordion-title\" tabindex=\"0\">\u00bfPor qu\u00e9 es importante este hermanamiento para la regi\u00f3n?<\/a>\n\t\t\t\t\t<\/div>\n\t\t\t\t\t<div id=\"elementor-tab-content-1042\" class=\"elementor-tab-content elementor-clearfix\" data-tab=\"2\" role=\"region\" aria-labelledby=\"elementor-tab-title-1042\"><p><span style=\"font-weight: 400;\">Esta asociaci\u00f3n formaliza una antigua relaci\u00f3n entre dos islas vecinas del Caribe y permite desarrollar proyectos conjuntos. Tambi\u00e9n contribuye a reforzar los v\u00ednculos culturales y humanos entre las zonas franc\u00f3fona y angl\u00f3fona de la regi\u00f3n. <\/span><\/p>\n<\/div>\n\t\t\t\t<\/div>\n\t\t\t\t\t\t\t<div class=\"elementor-accordion-item\">\n\t\t\t\t\t<div id=\"elementor-tab-title-1043\" class=\"elementor-tab-title\" data-tab=\"3\" role=\"button\" aria-controls=\"elementor-tab-content-1043\" aria-expanded=\"false\">\n\t\t\t\t\t\t\t\t\t\t\t\t\t<span class=\"elementor-accordion-icon elementor-accordion-icon-left\" aria-hidden=\"true\">\n\t\t\t\t\t\t\t\t\t\t\t\t\t\t\t<span class=\"elementor-accordion-icon-closed\"><i class=\"fas fa-plus\"><\/i><\/span>\n\t\t\t\t\t\t\t\t<span class=\"elementor-accordion-icon-opened\"><i class=\"fas fa-minus\"><\/i><\/span>\n\t\t\t\t\t\t\t\t\t\t\t\t\t\t<\/span>\n\t\t\t\t\t\t\t\t\t\t\t\t<a class=\"elementor-accordion-title\" tabindex=\"0\">\u00bfQu\u00e9 tipos de intercambios est\u00e1n previstos?<\/a>\n\t\t\t\t\t<\/div>\n\t\t\t\t\t<div id=\"elementor-tab-content-1043\" class=\"elementor-tab-content elementor-clearfix\" data-tab=\"3\" role=\"region\" aria-labelledby=\"elementor-tab-title-1043\"><p>Las primeras v\u00edas que se han explorado incluyen actos culturales, intercambios escolares, eventos deportivos y colaboraci\u00f3n institucional, destinados a fomentar las relaciones entre residentes, asociaciones e instituciones de ambas zonas.<\/p>\n<\/div>\n\t\t\t\t<\/div>\n\t\t\t\t\t\t\t\t<\/div>\n\t\t\t\t\t\t<\/div>\n\t\t\t\t<\/div>\n\t\t\t\t\t<\/div>\n\t\t<\/div>\n\t\t\t\t\t<\/div>\n\t\t<\/section>\n\t\t\t\t<\/div>\n\t\t","protected":false},"excerpt":{"rendered":"<p>El hermanamiento de Saint-Barth y Saint-Thomas marca una nueva etapa en las relaciones entre dos territorios vecinos cuyos v\u00ednculos humanos, culturales e hist\u00f3ricos trascienden desde hace tiempo las fronteras administrativas. Martes 10 de marzo de 2026, Xavier L\u00e9d\u00e9ePresidente del Consejo Territorial de Saint-Barth\u00e9lemy, y Albert Bryan JrGobernador de las Islas V\u00edrgenes de Estados Unidos, firm\u00f3 [&hellip;]<\/p>\n","protected":false},"author":662,"featured_media":70643,"comment_status":"open","ping_status":"open","sticky":false,"template":"","format":"standard","meta":{"_acf_changed":false,"footnotes":""},"categories":[1791],"tags":[1776,1861],"class_list":["post-70657","post","type-post","status-publish","format-standard","has-post-thumbnail","hentry","category-cooperacion","tag-san-bartolome-es","tag-santo-tomas-2"],"acf":[],"_links":{"self":[{"href":"https:\/\/richeskarayib.com\/es\/wp-json\/wp\/v2\/posts\/70657","targetHints":{"allow":["GET"]}}],"collection":[{"href":"https:\/\/richeskarayib.com\/es\/wp-json\/wp\/v2\/posts"}],"about":[{"href":"https:\/\/richeskarayib.com\/es\/wp-json\/wp\/v2\/types\/post"}],"author":[{"embeddable":true,"href":"https:\/\/richeskarayib.com\/es\/wp-json\/wp\/v2\/users\/662"}],"replies":[{"embeddable":true,"href":"https:\/\/richeskarayib.com\/es\/wp-json\/wp\/v2\/comments?post=70657"}],"version-history":[{"count":0,"href":"https:\/\/richeskarayib.com\/es\/wp-json\/wp\/v2\/posts\/70657\/revisions"}],"wp:featuredmedia":[{"embeddable":true,"href":"https:\/\/richeskarayib.com\/es\/wp-json\/wp\/v2\/media\/70643"}],"wp:attachment":[{"href":"https:\/\/richeskarayib.com\/es\/wp-json\/wp\/v2\/media?parent=70657"}],"wp:term":[{"taxonomy":"category","embeddable":true,"href":"https:\/\/richeskarayib.com\/es\/wp-json\/wp\/v2\/categories?post=70657"},{"taxonomy":"post_tag","embeddable":true,"href":"https:\/\/richeskarayib.com\/es\/wp-json\/wp\/v2\/tags?post=70657"}],"curies":[{"name":"wp","href":"https:\/\/api.w.org\/{rel}","templated":true}]}}