{"id":70694,"date":"2026-03-11T11:36:57","date_gmt":"2026-03-11T15:36:57","guid":{"rendered":"https:\/\/richeskarayib.com\/fiesta-del-chocolate-de-granada-2026-seis-dias-para-descubrir-el-cacao-granadino-desde-las-plantaciones-hasta-las-experiencias-gourmet\/"},"modified":"2026-03-11T11:36:58","modified_gmt":"2026-03-11T15:36:58","slug":"fiesta-del-chocolate-de-granada-2026-seis-dias-para-descubrir-el-cacao-granadino-desde-las-plantaciones-hasta-las-experiencias-gourmet","status":"publish","type":"post","link":"https:\/\/richeskarayib.com\/es\/fiesta-del-chocolate-de-granada-2026-seis-dias-para-descubrir-el-cacao-granadino-desde-las-plantaciones-hasta-las-experiencias-gourmet\/","title":{"rendered":"Fiesta del Chocolate de Granada 2026: seis d\u00edas para descubrir el cacao granadino, desde las plantaciones hasta las experiencias gourmet"},"content":{"rendered":"\t\t<div data-elementor-type=\"wp-post\" data-elementor-id=\"70694\" class=\"elementor elementor-70694 elementor-70660\" data-elementor-post-type=\"post\">\n\t\t\t\t\t\t<section class=\"elementor-section elementor-top-section elementor-element elementor-element-7ca7ca1 elementor-section-boxed elementor-section-height-default elementor-section-height-default\" data-id=\"7ca7ca1\" data-element_type=\"section\">\n\t\t\t\t\t\t<div class=\"elementor-container elementor-column-gap-default\">\n\t\t\t\t\t<div class=\"elementor-column elementor-col-100 elementor-top-column elementor-element elementor-element-cbdd002\" data-id=\"cbdd002\" data-element_type=\"column\">\n\t\t\t<div class=\"elementor-widget-wrap elementor-element-populated\">\n\t\t\t\t\t\t<section class=\"elementor-section elementor-inner-section elementor-element elementor-element-bc94849 elementor-section-boxed elementor-section-height-default elementor-section-height-default\" data-id=\"bc94849\" data-element_type=\"section\">\n\t\t\t\t\t\t<div class=\"elementor-container elementor-column-gap-default\">\n\t\t\t\t\t\t<\/div>\n\t\t<\/section>\n\t\t\t\t<section class=\"elementor-section elementor-inner-section elementor-element elementor-element-61571e6 elementor-section-boxed elementor-section-height-default elementor-section-height-default\" data-id=\"61571e6\" data-element_type=\"section\">\n\t\t\t\t\t\t<div class=\"elementor-container elementor-column-gap-default\">\n\t\t\t\t\t\t<\/div>\n\t\t<\/section>\n\t\t\t\t<section class=\"elementor-section elementor-inner-section elementor-element elementor-element-b6262e0 elementor-section-boxed elementor-section-height-default elementor-section-height-default\" data-id=\"b6262e0\" data-element_type=\"section\">\n\t\t\t\t\t\t<div class=\"elementor-container elementor-column-gap-default\">\n\t\t\t\t\t\t<\/div>\n\t\t<\/section>\n\t\t\t\t<section class=\"elementor-section elementor-inner-section elementor-element elementor-element-cca29fd elementor-section-boxed elementor-section-height-default elementor-section-height-default\" data-id=\"cca29fd\" data-element_type=\"section\">\n\t\t\t\t\t\t<div class=\"elementor-container elementor-column-gap-default\">\n\t\t\t\t\t\t<\/div>\n\t\t<\/section>\n\t\t\t\t\t<\/div>\n\t\t<\/div>\n\t\t\t\t\t<\/div>\n\t\t<\/section>\n\t\t\t\t<section class=\"elementor-section elementor-top-section elementor-element elementor-element-ee72354 elementor-section-boxed elementor-section-height-default elementor-section-height-default\" data-id=\"ee72354\" data-element_type=\"section\">\n\t\t\t\t\t\t<div class=\"elementor-container elementor-column-gap-default\">\n\t\t\t\t\t<div class=\"elementor-column elementor-col-100 elementor-top-column elementor-element elementor-element-c59d6fe\" data-id=\"c59d6fe\" data-element_type=\"column\">\n\t\t\t<div class=\"elementor-widget-wrap elementor-element-populated\">\n\t\t\t\t\t\t<div class=\"elementor-element elementor-element-e57451f elementor-widget elementor-widget-text-editor\" data-id=\"e57451f\" data-element_type=\"widget\" data-widget_type=\"text-editor.default\">\n\t\t\t\t<div class=\"elementor-widget-container\">\n\t\t\t\t\t\t\t\t\t<p><span style=\"font-weight: 400;\">En <\/span><b>22 al 27 de mayo de 2026<\/b><span style=\"font-weight: 400;\">Granada acoger\u00e1 una nueva edici\u00f3n del <\/span><a href=\"https:\/\/grenadachocolatefest-gd.translate.goog\/about\/?_x_tr_sl=en&amp;_x_tr_tl=fr&amp;_x_tr_hl=fr&amp;_x_tr_pto=sc\" target=\"_blank\" rel=\"noopener nofollow\"><b>Fiesta del Chocolate de Granada 2026<\/b><\/a><span style=\"font-weight: 400;\">A lo largo de los a\u00f1os, este evento se ha convertido en uno de los m\u00e1s singulares del calendario gastron\u00f3mico y cultural de la isla. El evento de este a\u00f1o tiene un tema ambicioso:   <\/span><b>&#8220;Reimaginando el Cacao Caribe\u00f1o &#8211; De las Ra\u00edces al Renacimiento<\/b><span style=\"font-weight: 400;\">una invitaci\u00f3n a repensar el cacao desde sus ra\u00edces hist\u00f3ricas e imaginar nuevas perspectivas.<\/span><\/p>\t\t\t\t\t\t\t\t<\/div>\n\t\t\t\t<\/div>\n\t\t\t\t<div class=\"elementor-element elementor-element-5aad0bc elementor-widget elementor-widget-text-editor\" data-id=\"5aad0bc\" data-element_type=\"widget\" data-widget_type=\"text-editor.default\">\n\t\t\t\t<div class=\"elementor-widget-container\">\n\t\t\t\t\t\t\t\t\t<p><span style=\"font-weight: 400;\">Durante seis d\u00edas, productores, chocolateros, cocineros, artesanos, investigadores, habitantes y visitantes de todo el mundo se re\u00fanen para celebrar el cacao en todas sus formas: agricultura, gastronom\u00eda, bienestar, creaci\u00f3n y transmisi\u00f3n cultural. M\u00e1s que un festival gastron\u00f3mico, el Grenada Chocolate Fest 2026 ofrece una inmersi\u00f3n completa en el mundo del cacao granadino, desde las plantaciones hasta las creaciones artesanales que han dado fama internacional al chocolate de la isla. <\/span><\/p>\t\t\t\t\t\t\t\t<\/div>\n\t\t\t\t<\/div>\n\t\t\t\t<div class=\"elementor-element elementor-element-63edab1 elementor-widget elementor-widget-image\" data-id=\"63edab1\" data-element_type=\"widget\" data-widget_type=\"image.default\">\n\t\t\t\t<div class=\"elementor-widget-container\">\n\t\t\t\t\t\t\t\t\t\t\t\t\t\t\t<img fetchpriority=\"high\" decoding=\"async\" width=\"800\" height=\"800\" src=\"https:\/\/richeskarayib.com\/wp-content\/uploads\/2026\/03\/494721313_1300663632065248_6443402130101057662_n-1024x1024.jpg\" class=\"attachment-large size-large wp-image-70668\" alt=\"Grenada Chocolate Fest 2026\" srcset=\"https:\/\/richeskarayib.com\/wp-content\/uploads\/2026\/03\/494721313_1300663632065248_6443402130101057662_n-1024x1024.jpg 1024w, https:\/\/richeskarayib.com\/wp-content\/uploads\/2026\/03\/494721313_1300663632065248_6443402130101057662_n-300x300.jpg 300w, https:\/\/richeskarayib.com\/wp-content\/uploads\/2026\/03\/494721313_1300663632065248_6443402130101057662_n-150x150.jpg 150w, https:\/\/richeskarayib.com\/wp-content\/uploads\/2026\/03\/494721313_1300663632065248_6443402130101057662_n-768x768.jpg 768w, https:\/\/richeskarayib.com\/wp-content\/uploads\/2026\/03\/494721313_1300663632065248_6443402130101057662_n-1536x1536.jpg 1536w, https:\/\/richeskarayib.com\/wp-content\/uploads\/2026\/03\/494721313_1300663632065248_6443402130101057662_n-1320x1320.jpg 1320w, https:\/\/richeskarayib.com\/wp-content\/uploads\/2026\/03\/494721313_1300663632065248_6443402130101057662_n.jpg 1563w\" sizes=\"(max-width: 800px) 100vw, 800px\" \/>\t\t\t\t\t\t\t\t\t\t\t\t\t\t\t<\/div>\n\t\t\t\t<\/div>\n\t\t\t\t\t<\/div>\n\t\t<\/div>\n\t\t\t\t\t<\/div>\n\t\t<\/section>\n\t\t\t\t<section class=\"elementor-section elementor-top-section elementor-element elementor-element-82cd8f9 elementor-section-boxed elementor-section-height-default elementor-section-height-default\" data-id=\"82cd8f9\" data-element_type=\"section\">\n\t\t\t\t\t\t<div class=\"elementor-container elementor-column-gap-default\">\n\t\t\t\t\t<div class=\"elementor-column elementor-col-100 elementor-top-column elementor-element elementor-element-0bfdc38\" data-id=\"0bfdc38\" data-element_type=\"column\">\n\t\t\t<div class=\"elementor-widget-wrap elementor-element-populated\">\n\t\t\t\t\t\t<div class=\"elementor-element elementor-element-7d292fe elementor-widget elementor-widget-heading\" data-id=\"7d292fe\" data-element_type=\"widget\" data-widget_type=\"heading.default\">\n\t\t\t\t<div class=\"elementor-widget-container\">\n\t\t\t\t\t<h2 class=\"elementor-heading-title elementor-size-default\">Una historia nacida de la pasi\u00f3n por el cacao granadino<\/h2>\t\t\t\t<\/div>\n\t\t\t\t<\/div>\n\t\t\t\t<div class=\"elementor-element elementor-element-96caf50 elementor-widget elementor-widget-text-editor\" data-id=\"96caf50\" data-element_type=\"widget\" data-widget_type=\"text-editor.default\">\n\t\t\t\t<div class=\"elementor-widget-container\">\n\t\t\t\t\t\t\t\t\t<p><span style=\"font-weight: 400;\"><a href=\"https:\/\/www.facebook.com\/GrenadaChocolatFest\/\" target=\"_blank\" rel=\"noopener nofollow\">El Festival del Chocolate de Granada 2026<\/a> forma parte de una historia que comenz\u00f3 en 2014, cuando Granada decidi\u00f3 poner de relieve uno de sus patrimonios agr\u00edcolas m\u00e1s preciados: el cacao.<\/span><\/p><p><span style=\"font-weight: 400;\">El festival fue concebido para promover el <\/span><b>&#8220;del \u00e1rbol a la barra<\/b><span style=\"font-weight: 400;\">Se trata de un enfoque que implica dominar todas las etapas de la producci\u00f3n del chocolate, desde el cultivo del cacao hasta la fabricaci\u00f3n de la tableta. Esta visi\u00f3n fue desarrollada en Granada por una serie de empresarios y artesanos convencidos de que el cacao pod\u00eda convertirse en un verdadero s\u00edmbolo de la identidad de la isla. <\/span><\/p>\t\t\t\t\t\t\t\t<\/div>\n\t\t\t\t<\/div>\n\t\t\t\t<div class=\"elementor-element elementor-element-a5c141c elementor-widget elementor-widget-text-editor\" data-id=\"a5c141c\" data-element_type=\"widget\" data-widget_type=\"text-editor.default\">\n\t\t\t\t<div class=\"elementor-widget-container\">\n\t\t\t\t\t\t\t\t\t<p><span style=\"font-weight: 400;\">Entre las figuras clave de esta historia se encuentran <\/span><b>Mott Green<\/b><span style=\"font-weight: 400;\">fundador de la Grenada Chocolate Company, cuyo compromiso con el chocolate artesanal, sostenible y alimentado con energ\u00eda solar ha tenido un profundo impacto en el desarrollo del sector en la isla. Desde su creaci\u00f3n, el festival ha tenido un objetivo claro: permitir a visitantes y aut\u00f3ctonos comprender todo el recorrido del cacao, desde la plantaci\u00f3n hasta el producto acabado, promoviendo al mismo tiempo a los agricultores, artesanos y comunidades que perpet\u00faan este saber hacer. <\/span><\/p>\t\t\t\t\t\t\t\t<\/div>\n\t\t\t\t<\/div>\n\t\t\t\t<section class=\"elementor-section elementor-inner-section elementor-element elementor-element-c582330 elementor-section-boxed elementor-section-height-default elementor-section-height-default\" data-id=\"c582330\" data-element_type=\"section\">\n\t\t\t\t\t\t<div class=\"elementor-container elementor-column-gap-default\">\n\t\t\t\t\t\t<\/div>\n\t\t<\/section>\n\t\t\t\t<section class=\"elementor-section elementor-inner-section elementor-element elementor-element-c24bad9 elementor-section-boxed elementor-section-height-default elementor-section-height-default\" data-id=\"c24bad9\" data-element_type=\"section\">\n\t\t\t\t\t\t<div class=\"elementor-container elementor-column-gap-default\">\n\t\t\t\t\t<div class=\"elementor-column elementor-col-50 elementor-inner-column elementor-element elementor-element-2665ded\" data-id=\"2665ded\" data-element_type=\"column\">\n\t\t\t<div class=\"elementor-widget-wrap elementor-element-populated\">\n\t\t\t\t\t\t<div class=\"elementor-element elementor-element-83b778a elementor-widget elementor-widget-image\" data-id=\"83b778a\" data-element_type=\"widget\" data-widget_type=\"image.default\">\n\t\t\t\t<div class=\"elementor-widget-container\">\n\t\t\t\t\t\t\t\t\t\t\t\t<figure class=\"wp-caption\">\n\t\t\t\t\t\t\t\t\t\t<img decoding=\"async\" width=\"800\" height=\"534\" src=\"https:\/\/richeskarayib.com\/wp-content\/uploads\/2026\/03\/625923592_18561920839032240_7324936770981668229_n-1024x683.jpg\" class=\"attachment-large size-large wp-image-70672\" alt=\"Grenada Chocolate Fest 2026\" srcset=\"https:\/\/richeskarayib.com\/wp-content\/uploads\/2026\/03\/625923592_18561920839032240_7324936770981668229_n-1024x683.jpg 1024w, https:\/\/richeskarayib.com\/wp-content\/uploads\/2026\/03\/625923592_18561920839032240_7324936770981668229_n-300x200.jpg 300w, https:\/\/richeskarayib.com\/wp-content\/uploads\/2026\/03\/625923592_18561920839032240_7324936770981668229_n-768x512.jpg 768w, https:\/\/richeskarayib.com\/wp-content\/uploads\/2026\/03\/625923592_18561920839032240_7324936770981668229_n-1320x880.jpg 1320w, https:\/\/richeskarayib.com\/wp-content\/uploads\/2026\/03\/625923592_18561920839032240_7324936770981668229_n.jpg 1440w\" sizes=\"(max-width: 800px) 100vw, 800px\" \/>\t\t\t\t\t\t\t\t\t\t\t<figcaption class=\"widget-image-caption wp-caption-text\">\u00a9Grenada Chocolate Fest<\/figcaption>\n\t\t\t\t\t\t\t\t\t\t<\/figure>\n\t\t\t\t\t\t\t\t\t<\/div>\n\t\t\t\t<\/div>\n\t\t\t\t\t<\/div>\n\t\t<\/div>\n\t\t\t\t<div class=\"elementor-column elementor-col-50 elementor-inner-column elementor-element elementor-element-83e1551\" data-id=\"83e1551\" data-element_type=\"column\">\n\t\t\t<div class=\"elementor-widget-wrap elementor-element-populated\">\n\t\t\t\t\t\t<div class=\"elementor-element elementor-element-8aac245 elementor-widget elementor-widget-image\" data-id=\"8aac245\" data-element_type=\"widget\" data-widget_type=\"image.default\">\n\t\t\t\t<div class=\"elementor-widget-container\">\n\t\t\t\t\t\t\t\t\t\t\t\t<figure class=\"wp-caption\">\n\t\t\t\t\t\t\t\t\t\t<img decoding=\"async\" width=\"800\" height=\"534\" src=\"https:\/\/richeskarayib.com\/wp-content\/uploads\/2026\/03\/626466196_18561920842032240_7797647356657854408_n-1024x683.jpg\" class=\"attachment-large size-large wp-image-70676\" alt=\"Grenada Chocolate Fest 2026\" srcset=\"https:\/\/richeskarayib.com\/wp-content\/uploads\/2026\/03\/626466196_18561920842032240_7797647356657854408_n-1024x683.jpg 1024w, https:\/\/richeskarayib.com\/wp-content\/uploads\/2026\/03\/626466196_18561920842032240_7797647356657854408_n-300x200.jpg 300w, https:\/\/richeskarayib.com\/wp-content\/uploads\/2026\/03\/626466196_18561920842032240_7797647356657854408_n-768x512.jpg 768w, https:\/\/richeskarayib.com\/wp-content\/uploads\/2026\/03\/626466196_18561920842032240_7797647356657854408_n-1320x880.jpg 1320w, https:\/\/richeskarayib.com\/wp-content\/uploads\/2026\/03\/626466196_18561920842032240_7797647356657854408_n.jpg 1440w\" sizes=\"(max-width: 800px) 100vw, 800px\" \/>\t\t\t\t\t\t\t\t\t\t\t<figcaption class=\"widget-image-caption wp-caption-text\">\u00a9Grenada Chocolate Fest<\/figcaption>\n\t\t\t\t\t\t\t\t\t\t<\/figure>\n\t\t\t\t\t\t\t\t\t<\/div>\n\t\t\t\t<\/div>\n\t\t\t\t\t<\/div>\n\t\t<\/div>\n\t\t\t\t\t<\/div>\n\t\t<\/section>\n\t\t\t\t<section class=\"elementor-section elementor-inner-section elementor-element elementor-element-296603a elementor-section-boxed elementor-section-height-default elementor-section-height-default\" data-id=\"296603a\" data-element_type=\"section\">\n\t\t\t\t\t\t<div class=\"elementor-container elementor-column-gap-default\">\n\t\t\t\t\t\t<\/div>\n\t\t<\/section>\n\t\t\t\t\t<\/div>\n\t\t<\/div>\n\t\t\t\t\t<\/div>\n\t\t<\/section>\n\t\t\t\t<section class=\"elementor-section elementor-top-section elementor-element elementor-element-bdd0219 elementor-section-boxed elementor-section-height-default elementor-section-height-default\" data-id=\"bdd0219\" data-element_type=\"section\">\n\t\t\t\t\t\t<div class=\"elementor-container elementor-column-gap-default\">\n\t\t\t\t\t<div class=\"elementor-column elementor-col-100 elementor-top-column elementor-element elementor-element-c1ec903\" data-id=\"c1ec903\" data-element_type=\"column\">\n\t\t\t<div class=\"elementor-widget-wrap elementor-element-populated\">\n\t\t\t\t\t\t<div class=\"elementor-element elementor-element-55dd336 elementor-widget elementor-widget-heading\" data-id=\"55dd336\" data-element_type=\"widget\" data-widget_type=\"heading.default\">\n\t\t\t\t<div class=\"elementor-widget-container\">\n\t\t\t\t\t<h2 class=\"elementor-heading-title elementor-size-default\">Un festival que ha crecido con la industria del cacao<\/h2>\t\t\t\t<\/div>\n\t\t\t\t<\/div>\n\t\t\t\t<div class=\"elementor-element elementor-element-9cd513e elementor-widget elementor-widget-text-editor\" data-id=\"9cd513e\" data-element_type=\"widget\" data-widget_type=\"text-editor.default\">\n\t\t\t\t<div class=\"elementor-widget-container\">\n\t\t\t\t\t\t\t\t\t<p><span style=\"font-weight: 400;\">A lo largo de los a\u00f1os, el festival ha ido ganando reconocimiento internacional en el mundo del chocolate artesano y el turismo gastron\u00f3mico. Ahora, cada edici\u00f3n atrae a expertos en <a href=\"https:\/\/richeskarayib.com\/es\/martinica-el-village-du-cacao-et-du-chocolat-2025-un-tesoro-de-excelencia\/\" target=\"_blank\" rel=\"noopener\">cacao<\/a> fino, chefs, innovadores culinarios y productores locales, as\u00ed como a visitantes del Caribe, Europa y Norteam\u00e9rica. <\/span><\/p>\t\t\t\t\t\t\t\t<\/div>\n\t\t\t\t<\/div>\n\t\t\t\t<div class=\"elementor-element elementor-element-1b1e51a elementor-widget elementor-widget-text-editor\" data-id=\"1b1e51a\" data-element_type=\"widget\" data-widget_type=\"text-editor.default\">\n\t\t\t\t<div class=\"elementor-widget-container\">\n\t\t\t\t\t\t\t\t\t<p><span style=\"font-weight: 400;\">Esta evoluci\u00f3n refleja tambi\u00e9n la transformaci\u00f3n del sector del cacao de Granada. La isla es ahora famosa por la calidad de su cacao y por la presencia de varias empresas especializadas en la producci\u00f3n de chocolate artesanal. En este contexto, el Festival del Chocolate de Granada 2026 se inscribe en una din\u00e1mica m\u00e1s amplia: la de una zona que est\u00e1 transformando su patrimonio agr\u00edcola en un motor cultural, econ\u00f3mico y tur\u00edstico.  <\/span><\/p>\t\t\t\t\t\t\t\t<\/div>\n\t\t\t\t<\/div>\n\t\t\t\t<section class=\"elementor-section elementor-inner-section elementor-element elementor-element-243d415 elementor-section-boxed elementor-section-height-default elementor-section-height-default\" data-id=\"243d415\" data-element_type=\"section\">\n\t\t\t\t\t\t<div class=\"elementor-container elementor-column-gap-default\">\n\t\t\t\t\t<div class=\"elementor-column elementor-col-50 elementor-inner-column elementor-element elementor-element-9be3856\" data-id=\"9be3856\" data-element_type=\"column\">\n\t\t\t<div class=\"elementor-widget-wrap elementor-element-populated\">\n\t\t\t\t\t\t<div class=\"elementor-element elementor-element-857d730 elementor-widget elementor-widget-image\" data-id=\"857d730\" data-element_type=\"widget\" data-widget_type=\"image.default\">\n\t\t\t\t<div class=\"elementor-widget-container\">\n\t\t\t\t\t\t\t\t\t\t\t\t<figure class=\"wp-caption\">\n\t\t\t\t\t\t\t\t\t\t<img loading=\"lazy\" decoding=\"async\" width=\"800\" height=\"534\" src=\"https:\/\/richeskarayib.com\/wp-content\/uploads\/2026\/03\/627535657_18561920818032240_512125961469063964_n-1024x683.jpg\" class=\"attachment-large size-large wp-image-70680\" alt=\"Grenada Chocolate Fest 2026\" srcset=\"https:\/\/richeskarayib.com\/wp-content\/uploads\/2026\/03\/627535657_18561920818032240_512125961469063964_n-1024x683.jpg 1024w, https:\/\/richeskarayib.com\/wp-content\/uploads\/2026\/03\/627535657_18561920818032240_512125961469063964_n-300x200.jpg 300w, https:\/\/richeskarayib.com\/wp-content\/uploads\/2026\/03\/627535657_18561920818032240_512125961469063964_n-768x512.jpg 768w, https:\/\/richeskarayib.com\/wp-content\/uploads\/2026\/03\/627535657_18561920818032240_512125961469063964_n-1320x880.jpg 1320w, https:\/\/richeskarayib.com\/wp-content\/uploads\/2026\/03\/627535657_18561920818032240_512125961469063964_n.jpg 1440w\" sizes=\"(max-width: 800px) 100vw, 800px\" \/>\t\t\t\t\t\t\t\t\t\t\t<figcaption class=\"widget-image-caption wp-caption-text\">\u00a9Grenada Chocolate Fest<\/figcaption>\n\t\t\t\t\t\t\t\t\t\t<\/figure>\n\t\t\t\t\t\t\t\t\t<\/div>\n\t\t\t\t<\/div>\n\t\t\t\t\t<\/div>\n\t\t<\/div>\n\t\t\t\t<div class=\"elementor-column elementor-col-50 elementor-inner-column elementor-element elementor-element-d7129a4\" data-id=\"d7129a4\" data-element_type=\"column\">\n\t\t\t<div class=\"elementor-widget-wrap elementor-element-populated\">\n\t\t\t\t\t\t<div class=\"elementor-element elementor-element-503553f elementor-widget elementor-widget-image\" data-id=\"503553f\" data-element_type=\"widget\" data-widget_type=\"image.default\">\n\t\t\t\t<div class=\"elementor-widget-container\">\n\t\t\t\t\t\t\t\t\t\t\t\t<figure class=\"wp-caption\">\n\t\t\t\t\t\t\t\t\t\t<img loading=\"lazy\" decoding=\"async\" width=\"800\" height=\"534\" src=\"https:\/\/richeskarayib.com\/wp-content\/uploads\/2026\/03\/628809067_18565712773032240_7096244635853932680_n-1024x683.jpg\" class=\"attachment-large size-large wp-image-70684\" alt=\"Grenada Chocolate Fest 2026\" srcset=\"https:\/\/richeskarayib.com\/wp-content\/uploads\/2026\/03\/628809067_18565712773032240_7096244635853932680_n-1024x683.jpg 1024w, https:\/\/richeskarayib.com\/wp-content\/uploads\/2026\/03\/628809067_18565712773032240_7096244635853932680_n-300x200.jpg 300w, https:\/\/richeskarayib.com\/wp-content\/uploads\/2026\/03\/628809067_18565712773032240_7096244635853932680_n-768x512.jpg 768w, https:\/\/richeskarayib.com\/wp-content\/uploads\/2026\/03\/628809067_18565712773032240_7096244635853932680_n-1320x880.jpg 1320w, https:\/\/richeskarayib.com\/wp-content\/uploads\/2026\/03\/628809067_18565712773032240_7096244635853932680_n.jpg 1440w\" sizes=\"(max-width: 800px) 100vw, 800px\" \/>\t\t\t\t\t\t\t\t\t\t\t<figcaption class=\"widget-image-caption wp-caption-text\">\u00a9Grenada Chocolate Fest<\/figcaption>\n\t\t\t\t\t\t\t\t\t\t<\/figure>\n\t\t\t\t\t\t\t\t\t<\/div>\n\t\t\t\t<\/div>\n\t\t\t\t\t<\/div>\n\t\t<\/div>\n\t\t\t\t\t<\/div>\n\t\t<\/section>\n\t\t\t\t<section class=\"elementor-section elementor-inner-section elementor-element elementor-element-92f4402 elementor-section-boxed elementor-section-height-default elementor-section-height-default\" data-id=\"92f4402\" data-element_type=\"section\">\n\t\t\t\t\t\t<div class=\"elementor-container elementor-column-gap-default\">\n\t\t\t\t\t\t<\/div>\n\t\t<\/section>\n\t\t\t\t<section class=\"elementor-section elementor-inner-section elementor-element elementor-element-9290a61 elementor-section-boxed elementor-section-height-default elementor-section-height-default\" data-id=\"9290a61\" data-element_type=\"section\">\n\t\t\t\t\t\t<div class=\"elementor-container elementor-column-gap-default\">\n\t\t\t\t\t\t<\/div>\n\t\t<\/section>\n\t\t\t\t\t<\/div>\n\t\t<\/div>\n\t\t\t\t\t<\/div>\n\t\t<\/section>\n\t\t\t\t<section class=\"elementor-section elementor-top-section elementor-element elementor-element-5a7397d elementor-section-boxed elementor-section-height-default elementor-section-height-default\" data-id=\"5a7397d\" data-element_type=\"section\">\n\t\t\t\t\t\t<div class=\"elementor-container elementor-column-gap-default\">\n\t\t\t\t\t<div class=\"elementor-column elementor-col-100 elementor-top-column elementor-element elementor-element-8b33b4b\" data-id=\"8b33b4b\" data-element_type=\"column\">\n\t\t\t<div class=\"elementor-widget-wrap elementor-element-populated\">\n\t\t\t\t\t\t<div class=\"elementor-element elementor-element-89dac4b elementor-widget elementor-widget-heading\" data-id=\"89dac4b\" data-element_type=\"widget\" data-widget_type=\"heading.default\">\n\t\t\t\t<div class=\"elementor-widget-container\">\n\t\t\t\t\t<h2 class=\"elementor-heading-title elementor-size-default\">Programa del Festival del Chocolate de Granada 2026<\/h2>\t\t\t\t<\/div>\n\t\t\t\t<\/div>\n\t\t\t\t<div class=\"elementor-element elementor-element-43a45ac elementor-widget elementor-widget-text-editor\" data-id=\"43a45ac\" data-element_type=\"widget\" data-widget_type=\"text-editor.default\">\n\t\t\t\t<div class=\"elementor-widget-container\">\n\t\t\t\t\t\t\t\t\t<p><span style=\"font-weight: 400;\">La edici\u00f3n de 2026 ofrece <\/span><b>seis d\u00edas de actividades variadas<\/b><span style=\"font-weight: 400;\">Cada d\u00eda est\u00e1 dise\u00f1ado como un viaje para explorar el cacao desde distintos \u00e1ngulos. Cada d\u00eda est\u00e1 dise\u00f1ado como un viaje para explorar el cacao desde distintos \u00e1ngulos. <\/span><\/p>\t\t\t\t\t\t\t\t<\/div>\n\t\t\t\t<\/div>\n\t\t\t\t<div class=\"elementor-element elementor-element-871cec5 elementor-widget elementor-widget-text-editor\" data-id=\"871cec5\" data-element_type=\"widget\" data-widget_type=\"text-editor.default\">\n\t\t\t\t<div class=\"elementor-widget-container\">\n\t\t\t\t\t\t\t\t\t<h2><b>22 de mayo: inauguraci\u00f3n del festival y primeras experiencias con chocolate<\/b><\/h2><p><span style=\"font-weight: 400;\">El festival comienza con una serie de reuniones y actos dedicados a la industria del cacao. El primer d\u00eda re\u00fane a productores, especialistas y entusiastas para debatir sobre el futuro del cacao, al tiempo que ofrece una serie de experimentos para ayudar a los visitantes a comprender las primeras etapas de la elaboraci\u00f3n del chocolate. <\/span><\/p><p><span style=\"font-weight: 400;\">Los participantes pueden asistir a conferencias dedicadas al cacao, descubrir una exposici\u00f3n dedicada a los productos artesanales, participar en un taller de elaboraci\u00f3n de dulces de chocolate o crear su propia tableta de chocolate. La jornada termina con una velada festiva en una finca hist\u00f3rica de la isla, que marca la inauguraci\u00f3n oficial del festival. <\/span><\/p>\t\t\t\t\t\t\t\t<\/div>\n\t\t\t\t<\/div>\n\t\t\t\t<div class=\"elementor-element elementor-element-511faca elementor-widget elementor-widget-text-editor\" data-id=\"511faca\" data-element_type=\"widget\" data-widget_type=\"text-editor.default\">\n\t\t\t\t<div class=\"elementor-widget-container\">\n\t\t\t\t\t\t\t\t\t<h2><b>23 de mayo: bienestar, gastronom\u00eda y actividades familiares<\/b><\/h2><p><span style=\"font-weight: 400;\">El segundo d\u00eda se centra m\u00e1s en la experiencia sensorial y el bienestar. Se explora el cacao como ingrediente gastron\u00f3mico, pero tambi\u00e9n como elemento asociado a la salud, la relajaci\u00f3n y la creatividad. Hay una serie de experimentos basados en el cacao y los superalimentos, mientras que una aldea del cacao acoge actividades familiares y talleres interactivos para descubrir los distintos sabores del chocolate.  <\/span><\/p><p><span style=\"font-weight: 400;\">Demostraciones culinarias y degustaciones punt\u00faan la jornada, que concluye con una cena gastron\u00f3mica en la que se muestran los productos y el talento culinario de Granada.<\/span><\/p>\t\t\t\t\t\t\t\t<\/div>\n\t\t\t\t<\/div>\n\t\t\t\t<div class=\"elementor-element elementor-element-4130827 elementor-widget elementor-widget-text-editor\" data-id=\"4130827\" data-element_type=\"widget\" data-widget_type=\"text-editor.default\">\n\t\t\t\t<div class=\"elementor-widget-container\">\n\t\t\t\t\t\t\t\t\t<h2><b>24 de mayo: inmersi\u00f3n en la naturaleza y las plantaciones de cacao<\/b><\/h2><p><span style=\"font-weight: 400;\">El tercer d\u00eda invita a los participantes a descubrir el cacao en su entorno natural. Una caminata explora algunos de los paisajes m\u00e1s emblem\u00e1ticos de la isla, en particular hacia una cascada, mientras que un brunch art\u00edstico ofrece un original encuentro entre gastronom\u00eda y creaci\u00f3n. Una demostraci\u00f3n culinaria inspirada en la cultura rastafari tambi\u00e9n ilustra los v\u00ednculos entre el cacao, las tradiciones y la cocina caribe\u00f1a. Uno de los momentos culminantes del d\u00eda es una visita inmersiva a una finca hist\u00f3rica de cacao, donde los visitantes pueden observar las distintas etapas de la producci\u00f3n del cacao. La jornada termina con una festiva fiesta del chocolate.    <\/span><\/p>\t\t\t\t\t\t\t\t<\/div>\n\t\t\t\t<\/div>\n\t\t\t\t<div class=\"elementor-element elementor-element-3e86d22 elementor-widget elementor-widget-text-editor\" data-id=\"3e86d22\" data-element_type=\"widget\" data-widget_type=\"text-editor.default\">\n\t\t\t\t<div class=\"elementor-widget-container\">\n\t\t\t\t\t\t\t\t\t<h2><b>25 de mayo: chocolate, perfumes y el arte de vivir granadino<\/b><\/h2><p><span style=\"font-weight: 400;\">El cuarto d\u00eda del festival pone de relieve el arte de vivir granadino. Los participantes pueden empezar el d\u00eda con una sesi\u00f3n de yoga acompa\u00f1ada de un masaje con manteca de cacao, antes de salir a descubrir algunas de las playas secretas de la isla en un paseo guiado. A continuaci\u00f3n, un recorrido gastron\u00f3mico explora los sabores locales, mientras que una experiencia de cacao y fragancias destaca los v\u00ednculos entre el chocolate, las especias y la aromaterapia. Una degustaci\u00f3n gastron\u00f3mica en un entorno prestigioso completa este d\u00eda dedicado a los sentidos.   <\/span><\/p><p><span style=\"font-weight: 400;\">El d\u00eda contin\u00faa con un mercado de artesanos y artistas locales, acompa\u00f1ado de espect\u00e1culos musicales que celebran la cultura granadina.<\/span><\/p>\t\t\t\t\t\t\t\t<\/div>\n\t\t\t\t<\/div>\n\t\t\t\t<div class=\"elementor-element elementor-element-ed1fc7b elementor-widget elementor-widget-text-editor\" data-id=\"ed1fc7b\" data-element_type=\"widget\" data-widget_type=\"text-editor.default\">\n\t\t\t\t<div class=\"elementor-widget-container\">\n\t\t\t\t\t\t\t\t\t<h2><b>26 de mayo: transmitir el saber hacer chocolatero<\/b><\/h2><p><span style=\"font-weight: 400;\">El quinto d\u00eda del <\/span><b>Fiesta del Chocolate de Granada 2026<\/b><span style=\"font-weight: 400;\">  se trata de compartir y aprender. Los visitantes pueden participar en experimentos que combinan ron y chocolate, descubrir las especialidades culinarias de la isla en una visita gastron\u00f3mica o aprender a hacer dulces de chocolate junto a artesanos locales. <\/span><\/p><p><span style=\"font-weight: 400;\">Tambi\u00e9n hay talleres en los que puedes plantar un \u00e1rbol de cacao y fabricar tu propia tableta de chocolate, lo que te permitir\u00e1 conocer de primera mano el trabajo de los productores y fabricantes de chocolate.<\/span><\/p>\t\t\t\t\t\t\t\t<\/div>\n\t\t\t\t<\/div>\n\t\t\t\t<div class=\"elementor-element elementor-element-3c64e76 elementor-widget elementor-widget-text-editor\" data-id=\"3c64e76\" data-element_type=\"widget\" data-widget_type=\"text-editor.default\">\n\t\t\t\t<div class=\"elementor-widget-container\">\n\t\t\t\t\t\t\t\t\t<h2><b>27 de mayo: creaci\u00f3n art\u00edstica y fiesta de clausura<\/b><\/h2><p><span style=\"font-weight: 400;\">El \u00faltimo d\u00eda del festival celebra la creatividad y la convivencia. Los participantes pueden descubrir un spa natural inspirado en el cacao, participar en un taller art\u00edstico que combina chocolate y especias, o crear joyas con granos de cacao. Una introducci\u00f3n al proceso tradicional de elaboraci\u00f3n de las bolas de cacao utilizadas para preparar el t\u00e9 granadino es tambi\u00e9n una oportunidad para descubrir una pr\u00e1ctica culinaria emblem\u00e1tica de la isla. El festival concluye con una gran fiesta culinaria y musical en las calles, que marca el final de seis d\u00edas dedicados al cacao granadino.   <\/span><\/p>\t\t\t\t\t\t\t\t<\/div>\n\t\t\t\t<\/div>\n\t\t\t\t<section class=\"elementor-section elementor-inner-section elementor-element elementor-element-1ae4d15 elementor-section-boxed elementor-section-height-default elementor-section-height-default\" data-id=\"1ae4d15\" data-element_type=\"section\">\n\t\t\t\t\t\t<div class=\"elementor-container elementor-column-gap-default\">\n\t\t\t\t\t<div class=\"elementor-column elementor-col-50 elementor-inner-column elementor-element elementor-element-28b2e0e\" data-id=\"28b2e0e\" data-element_type=\"column\">\n\t\t\t<div class=\"elementor-widget-wrap elementor-element-populated\">\n\t\t\t\t\t\t<div class=\"elementor-element elementor-element-7848918 elementor-widget elementor-widget-image\" data-id=\"7848918\" data-element_type=\"widget\" data-widget_type=\"image.default\">\n\t\t\t\t<div class=\"elementor-widget-container\">\n\t\t\t\t\t\t\t\t\t\t\t\t<figure class=\"wp-caption\">\n\t\t\t\t\t\t\t\t\t\t<img loading=\"lazy\" decoding=\"async\" width=\"800\" height=\"534\" src=\"https:\/\/richeskarayib.com\/wp-content\/uploads\/2026\/03\/54561852242_fb7c9c0688_o-scaled-1-1024x683.jpg\" class=\"attachment-large size-large wp-image-70688\" alt=\"Grenada Chocolate Fest 2026\" srcset=\"https:\/\/richeskarayib.com\/wp-content\/uploads\/2026\/03\/54561852242_fb7c9c0688_o-scaled-1-1024x683.jpg 1024w, https:\/\/richeskarayib.com\/wp-content\/uploads\/2026\/03\/54561852242_fb7c9c0688_o-scaled-1-300x200.jpg 300w, https:\/\/richeskarayib.com\/wp-content\/uploads\/2026\/03\/54561852242_fb7c9c0688_o-scaled-1-768x512.jpg 768w, https:\/\/richeskarayib.com\/wp-content\/uploads\/2026\/03\/54561852242_fb7c9c0688_o-scaled-1-1536x1024.jpg 1536w, https:\/\/richeskarayib.com\/wp-content\/uploads\/2026\/03\/54561852242_fb7c9c0688_o-scaled-1-1320x880.jpg 1320w, https:\/\/richeskarayib.com\/wp-content\/uploads\/2026\/03\/54561852242_fb7c9c0688_o-scaled-1.jpg 1920w\" sizes=\"(max-width: 800px) 100vw, 800px\" \/>\t\t\t\t\t\t\t\t\t\t\t<figcaption class=\"widget-image-caption wp-caption-text\">\u00a9Grenada Chocolate Fest<\/figcaption>\n\t\t\t\t\t\t\t\t\t\t<\/figure>\n\t\t\t\t\t\t\t\t\t<\/div>\n\t\t\t\t<\/div>\n\t\t\t\t\t<\/div>\n\t\t<\/div>\n\t\t\t\t<div class=\"elementor-column elementor-col-50 elementor-inner-column elementor-element elementor-element-e1f6b04\" data-id=\"e1f6b04\" data-element_type=\"column\">\n\t\t\t<div class=\"elementor-widget-wrap elementor-element-populated\">\n\t\t\t\t\t\t<div class=\"elementor-element elementor-element-f66d343 elementor-widget elementor-widget-image\" data-id=\"f66d343\" data-element_type=\"widget\" data-widget_type=\"image.default\">\n\t\t\t\t<div class=\"elementor-widget-container\">\n\t\t\t\t\t\t\t\t\t\t\t\t<figure class=\"wp-caption\">\n\t\t\t\t\t\t\t\t\t\t<img loading=\"lazy\" decoding=\"async\" width=\"800\" height=\"534\" src=\"https:\/\/richeskarayib.com\/wp-content\/uploads\/2026\/03\/54562973790_890cf923f8_o-scaled-1-1024x683.jpg\" class=\"attachment-large size-large wp-image-70692\" alt=\"Grenada Chocolate Fest 2026\" srcset=\"https:\/\/richeskarayib.com\/wp-content\/uploads\/2026\/03\/54562973790_890cf923f8_o-scaled-1-1024x683.jpg 1024w, https:\/\/richeskarayib.com\/wp-content\/uploads\/2026\/03\/54562973790_890cf923f8_o-scaled-1-300x200.jpg 300w, https:\/\/richeskarayib.com\/wp-content\/uploads\/2026\/03\/54562973790_890cf923f8_o-scaled-1-768x512.jpg 768w, https:\/\/richeskarayib.com\/wp-content\/uploads\/2026\/03\/54562973790_890cf923f8_o-scaled-1-1536x1024.jpg 1536w, https:\/\/richeskarayib.com\/wp-content\/uploads\/2026\/03\/54562973790_890cf923f8_o-scaled-1-1320x880.jpg 1320w, https:\/\/richeskarayib.com\/wp-content\/uploads\/2026\/03\/54562973790_890cf923f8_o-scaled-1.jpg 1920w\" sizes=\"(max-width: 800px) 100vw, 800px\" \/>\t\t\t\t\t\t\t\t\t\t\t<figcaption class=\"widget-image-caption wp-caption-text\">\u00a9Grenada Chocolate Fest<\/figcaption>\n\t\t\t\t\t\t\t\t\t\t<\/figure>\n\t\t\t\t\t\t\t\t\t<\/div>\n\t\t\t\t<\/div>\n\t\t\t\t\t<\/div>\n\t\t<\/div>\n\t\t\t\t\t<\/div>\n\t\t<\/section>\n\t\t\t\t\t<\/div>\n\t\t<\/div>\n\t\t\t\t\t<\/div>\n\t\t<\/section>\n\t\t\t\t<section class=\"elementor-section elementor-top-section elementor-element elementor-element-ceca32c elementor-section-boxed elementor-section-height-default elementor-section-height-default\" data-id=\"ceca32c\" data-element_type=\"section\">\n\t\t\t\t\t\t<div class=\"elementor-container elementor-column-gap-default\">\n\t\t\t\t\t<div class=\"elementor-column elementor-col-100 elementor-top-column elementor-element elementor-element-5a2e383\" data-id=\"5a2e383\" data-element_type=\"column\">\n\t\t\t<div class=\"elementor-widget-wrap elementor-element-populated\">\n\t\t\t\t\t\t<div class=\"elementor-element elementor-element-6cedf5f elementor-widget elementor-widget-heading\" data-id=\"6cedf5f\" data-element_type=\"widget\" data-widget_type=\"heading.default\">\n\t\t\t\t<div class=\"elementor-widget-container\">\n\t\t\t\t\t<h2 class=\"elementor-heading-title elementor-size-default\">Un festival abierto a las familias<\/h2>\t\t\t\t<\/div>\n\t\t\t\t<\/div>\n\t\t\t\t<div class=\"elementor-element elementor-element-e93d1fb elementor-widget elementor-widget-text-editor\" data-id=\"e93d1fb\" data-element_type=\"widget\" data-widget_type=\"text-editor.default\">\n\t\t\t\t<div class=\"elementor-widget-container\">\n\t\t\t\t\t\t\t\t\t<p><span style=\"font-weight: 400;\">La Fiesta del Chocolate de Granada 2026 tambi\u00e9n est\u00e1 dise\u00f1ada para ser un evento accesible a todas las edades. Los ni\u00f1os podr\u00e1n participar en una serie de actividades especialmente adaptadas, como talleres de elaboraci\u00f3n de chocolate, actividades creativas en torno al cacao y actividades divertidas que les permitir\u00e1n descubrir el mundo del chocolate de forma interactiva.   <\/span><span style=\"font-weight: 400;\">Esta dimensi\u00f3n familiar contribuye a hacer de la fiesta un momento para compartir intergeneracionalmente el patrimonio cacaotero de Granada.<\/span><\/p>\t\t\t\t\t\t\t\t<\/div>\n\t\t\t\t<\/div>\n\t\t\t\t<div class=\"elementor-element elementor-element-8c13d71 elementor-widget elementor-widget-video\" data-id=\"8c13d71\" data-element_type=\"widget\" data-settings=\"{&quot;youtube_url&quot;:&quot;https:\\\/\\\/www.youtube.com\\\/watch?v=02ySh5SiWo8&quot;,&quot;video_type&quot;:&quot;youtube&quot;,&quot;controls&quot;:&quot;yes&quot;}\" data-widget_type=\"video.default\">\n\t\t\t\t<div class=\"elementor-widget-container\">\n\t\t\t\t\t\t\t<div class=\"elementor-wrapper elementor-open-inline\">\n\t\t\t<div class=\"elementor-video\"><\/div>\t\t<\/div>\n\t\t\t\t\t\t<\/div>\n\t\t\t\t<\/div>\n\t\t\t\t\t<\/div>\n\t\t<\/div>\n\t\t\t\t\t<\/div>\n\t\t<\/section>\n\t\t\t\t<section class=\"elementor-section elementor-top-section elementor-element elementor-element-9c88a89 elementor-section-boxed elementor-section-height-default elementor-section-height-default\" data-id=\"9c88a89\" data-element_type=\"section\">\n\t\t\t\t\t\t<div class=\"elementor-container elementor-column-gap-default\">\n\t\t\t\t\t<div class=\"elementor-column elementor-col-100 elementor-top-column elementor-element elementor-element-78cf5d1\" data-id=\"78cf5d1\" data-element_type=\"column\">\n\t\t\t<div class=\"elementor-widget-wrap elementor-element-populated\">\n\t\t\t\t\t\t<div class=\"elementor-element elementor-element-ea2a5c1 elementor-widget elementor-widget-heading\" data-id=\"ea2a5c1\" data-element_type=\"widget\" data-widget_type=\"heading.default\">\n\t\t\t\t<div class=\"elementor-widget-container\">\n\t\t\t\t\t<h2 class=\"elementor-heading-title elementor-size-default\">Fiesta del Chocolate de Granada 2026: mucho m\u00e1s que un festival gastron\u00f3mico<\/h2>\t\t\t\t<\/div>\n\t\t\t\t<\/div>\n\t\t\t\t<div class=\"elementor-element elementor-element-e305eee elementor-widget elementor-widget-text-editor\" data-id=\"e305eee\" data-element_type=\"widget\" data-widget_type=\"text-editor.default\">\n\t\t\t\t<div class=\"elementor-widget-container\">\n\t\t\t\t\t\t\t\t\t<p><span style=\"font-weight: 400;\">El <\/span><b>Fiesta del Chocolate de Granada 2026<\/b><span style=\"font-weight: 400;\"> A trav\u00e9s de plantaciones, talleres, experiencias culinarias y encuentros, el cacao se considera un hilo conductor entre la agricultura, la artesan\u00eda, el turismo y la identidad cultural.<\/span><\/p><p><span style=\"font-weight: 400;\">M\u00e1s que una celebraci\u00f3n gastron\u00f3mica, el festival muestra c\u00f3mo Granada est\u00e1 transformando su patrimonio cacaotero en un proyecto vivo, capaz de reunir a productores, creadores y visitantes en torno a una misma pasi\u00f3n. En   <\/span><b>Del 22 al 27 de mayo de 2026<\/b><span style=\"font-weight: 400;\">Granada confirma as\u00ed su papel de referencia en el mundo del chocolate artesano y en la promoci\u00f3n del cacao como patrimonio vivo.<\/span><\/p>\t\t\t\t\t\t\t\t<\/div>\n\t\t\t\t<\/div>\n\t\t\t\t\t<\/div>\n\t\t<\/div>\n\t\t\t\t\t<\/div>\n\t\t<\/section>\n\t\t\t\t<section class=\"elementor-section elementor-top-section elementor-element elementor-element-f5709a6 elementor-section-boxed elementor-section-height-default elementor-section-height-default\" data-id=\"f5709a6\" data-element_type=\"section\">\n\t\t\t\t\t\t<div class=\"elementor-container elementor-column-gap-default\">\n\t\t\t\t\t<div class=\"elementor-column elementor-col-100 elementor-top-column elementor-element elementor-element-957be6f\" data-id=\"957be6f\" data-element_type=\"column\">\n\t\t\t<div class=\"elementor-widget-wrap elementor-element-populated\">\n\t\t\t\t\t\t<div class=\"elementor-element elementor-element-63e5d4a elementor-widget elementor-widget-accordion\" data-id=\"63e5d4a\" data-element_type=\"widget\" data-widget_type=\"accordion.default\">\n\t\t\t\t<div class=\"elementor-widget-container\">\n\t\t\t\t\t\t\t<div class=\"elementor-accordion\">\n\t\t\t\t\t\t\t<div class=\"elementor-accordion-item\">\n\t\t\t\t\t<div id=\"elementor-tab-title-1041\" class=\"elementor-tab-title\" data-tab=\"1\" role=\"button\" aria-controls=\"elementor-tab-content-1041\" aria-expanded=\"false\">\n\t\t\t\t\t\t\t\t\t\t\t\t\t<span class=\"elementor-accordion-icon elementor-accordion-icon-left\" aria-hidden=\"true\">\n\t\t\t\t\t\t\t\t\t\t\t\t\t\t\t<span class=\"elementor-accordion-icon-closed\"><i class=\"fas fa-plus\"><\/i><\/span>\n\t\t\t\t\t\t\t\t<span class=\"elementor-accordion-icon-opened\"><i class=\"fas fa-minus\"><\/i><\/span>\n\t\t\t\t\t\t\t\t\t\t\t\t\t\t<\/span>\n\t\t\t\t\t\t\t\t\t\t\t\t<a class=\"elementor-accordion-title\" tabindex=\"0\">\u00bfCu\u00e1ndo es la Fiesta del Chocolate de Granada 2026?<\/a>\n\t\t\t\t\t<\/div>\n\t\t\t\t\t<div id=\"elementor-tab-content-1041\" class=\"elementor-tab-content elementor-clearfix\" data-tab=\"1\" role=\"region\" aria-labelledby=\"elementor-tab-title-1041\"><p><span style=\"font-weight: 400;\">El Festival del Chocolate de Granada 2026 se celebra del 22 al 27 de mayo de 2026 en la isla de Granada. Durante seis d\u00edas, el festival ofrece conferencias, talleres de elaboraci\u00f3n de chocolate, degustaciones, visitas a plantaciones y actos culturales dedicados al cacao. <\/span><\/p>\n<\/div>\n\t\t\t\t<\/div>\n\t\t\t\t\t\t\t<div class=\"elementor-accordion-item\">\n\t\t\t\t\t<div id=\"elementor-tab-title-1042\" class=\"elementor-tab-title\" data-tab=\"2\" role=\"button\" aria-controls=\"elementor-tab-content-1042\" aria-expanded=\"false\">\n\t\t\t\t\t\t\t\t\t\t\t\t\t<span class=\"elementor-accordion-icon elementor-accordion-icon-left\" aria-hidden=\"true\">\n\t\t\t\t\t\t\t\t\t\t\t\t\t\t\t<span class=\"elementor-accordion-icon-closed\"><i class=\"fas fa-plus\"><\/i><\/span>\n\t\t\t\t\t\t\t\t<span class=\"elementor-accordion-icon-opened\"><i class=\"fas fa-minus\"><\/i><\/span>\n\t\t\t\t\t\t\t\t\t\t\t\t\t\t<\/span>\n\t\t\t\t\t\t\t\t\t\t\t\t<a class=\"elementor-accordion-title\" tabindex=\"0\">\u00bfQu\u00e9 puedes hacer en la Fiesta del Chocolate de Granada 2026?<\/a>\n\t\t\t\t\t<\/div>\n\t\t\t\t\t<div id=\"elementor-tab-content-1042\" class=\"elementor-tab-content elementor-clearfix\" data-tab=\"2\" role=\"region\" aria-labelledby=\"elementor-tab-title-1042\"><p><span style=\"font-weight: 400;\">El festival ofrece una amplia gama de experiencias: talleres de elaboraci\u00f3n de chocolate, degustaciones gourmet, visitas a plantaciones de cacao, paseos por la naturaleza, experiencias de bienestar, recorridos culinarios y actos culturales.<\/span><\/p>\n<\/div>\n\t\t\t\t<\/div>\n\t\t\t\t\t\t\t<div class=\"elementor-accordion-item\">\n\t\t\t\t\t<div id=\"elementor-tab-title-1043\" class=\"elementor-tab-title\" data-tab=\"3\" role=\"button\" aria-controls=\"elementor-tab-content-1043\" aria-expanded=\"false\">\n\t\t\t\t\t\t\t\t\t\t\t\t\t<span class=\"elementor-accordion-icon elementor-accordion-icon-left\" aria-hidden=\"true\">\n\t\t\t\t\t\t\t\t\t\t\t\t\t\t\t<span class=\"elementor-accordion-icon-closed\"><i class=\"fas fa-plus\"><\/i><\/span>\n\t\t\t\t\t\t\t\t<span class=\"elementor-accordion-icon-opened\"><i class=\"fas fa-minus\"><\/i><\/span>\n\t\t\t\t\t\t\t\t\t\t\t\t\t\t<\/span>\n\t\t\t\t\t\t\t\t\t\t\t\t<a class=\"elementor-accordion-title\" tabindex=\"0\">\u00bfPor qu\u00e9 es importante para Granada el Festival del Chocolate de Granada 2026?<\/a>\n\t\t\t\t\t<\/div>\n\t\t\t\t\t<div id=\"elementor-tab-content-1043\" class=\"elementor-tab-content elementor-clearfix\" data-tab=\"3\" role=\"region\" aria-labelledby=\"elementor-tab-title-1043\"><p><span style=\"font-weight: 400;\">El festival muestra el patrimonio cacaotero de Granada, apoya a los productores locales y refuerza la reputaci\u00f3n internacional de la isla por su chocolate artesanal y su turismo gastron\u00f3mico.<\/span><\/p>\n<\/div>\n\t\t\t\t<\/div>\n\t\t\t\t\t\t\t\t<\/div>\n\t\t\t\t\t\t<\/div>\n\t\t\t\t<\/div>\n\t\t\t\t\t<\/div>\n\t\t<\/div>\n\t\t\t\t\t<\/div>\n\t\t<\/section>\n\t\t\t\t<\/div>\n\t\t","protected":false},"excerpt":{"rendered":"<p>En 22 al 27 de mayo de 2026Granada acoger\u00e1 una nueva edici\u00f3n del Fiesta del Chocolate de Granada 2026A lo largo de los a\u00f1os, este evento se ha convertido en uno de los m\u00e1s singulares del calendario gastron\u00f3mico y cultural de la isla. El evento de este a\u00f1o tiene un tema ambicioso: &#8220;Reimaginando el Cacao [&hellip;]<\/p>\n","protected":false},"author":662,"featured_media":70664,"comment_status":"open","ping_status":"open","sticky":false,"template":"","format":"standard","meta":{"_acf_changed":false,"footnotes":""},"categories":[1484,1499,1734],"tags":[1645],"class_list":["post-70694","post","type-post","status-publish","format-standard","has-post-thumbnail","hentry","category-arte-culinario","category-gestion-de-eventos","category-turismo","tag-granada-es"],"acf":[],"_links":{"self":[{"href":"https:\/\/richeskarayib.com\/es\/wp-json\/wp\/v2\/posts\/70694","targetHints":{"allow":["GET"]}}],"collection":[{"href":"https:\/\/richeskarayib.com\/es\/wp-json\/wp\/v2\/posts"}],"about":[{"href":"https:\/\/richeskarayib.com\/es\/wp-json\/wp\/v2\/types\/post"}],"author":[{"embeddable":true,"href":"https:\/\/richeskarayib.com\/es\/wp-json\/wp\/v2\/users\/662"}],"replies":[{"embeddable":true,"href":"https:\/\/richeskarayib.com\/es\/wp-json\/wp\/v2\/comments?post=70694"}],"version-history":[{"count":0,"href":"https:\/\/richeskarayib.com\/es\/wp-json\/wp\/v2\/posts\/70694\/revisions"}],"wp:featuredmedia":[{"embeddable":true,"href":"https:\/\/richeskarayib.com\/es\/wp-json\/wp\/v2\/media\/70664"}],"wp:attachment":[{"href":"https:\/\/richeskarayib.com\/es\/wp-json\/wp\/v2\/media?parent=70694"}],"wp:term":[{"taxonomy":"category","embeddable":true,"href":"https:\/\/richeskarayib.com\/es\/wp-json\/wp\/v2\/categories?post=70694"},{"taxonomy":"post_tag","embeddable":true,"href":"https:\/\/richeskarayib.com\/es\/wp-json\/wp\/v2\/tags?post=70694"}],"curies":[{"name":"wp","href":"https:\/\/api.w.org\/{rel}","templated":true}]}}