{"id":70714,"date":"2026-03-12T07:05:48","date_gmt":"2026-03-12T11:05:48","guid":{"rendered":"https:\/\/richeskarayib.com\/guadalupe-y-si-la-nueva-conectividad-maritima-tambien-estuviera-cambiando-la-influencia-cultural-del-caribe\/"},"modified":"2026-03-16T06:39:05","modified_gmt":"2026-03-16T10:39:05","slug":"guadalupe-y-si-la-nueva-conectividad-maritima-tambien-estuviera-cambiando-la-influencia-cultural-del-caribe","status":"publish","type":"post","link":"https:\/\/richeskarayib.com\/es\/guadalupe-y-si-la-nueva-conectividad-maritima-tambien-estuviera-cambiando-la-influencia-cultural-del-caribe\/","title":{"rendered":"\u00bfY si la nueva conectividad mar\u00edtima tambi\u00e9n estaba cambiando la influencia cultural del Caribe?"},"content":{"rendered":"\t\t<div data-elementor-type=\"wp-post\" data-elementor-id=\"70714\" class=\"elementor elementor-70714 elementor-70696\" data-elementor-post-type=\"post\">\n\t\t\t\t\t\t<section class=\"elementor-section elementor-top-section elementor-element elementor-element-7ca7ca1 elementor-section-boxed elementor-section-height-default elementor-section-height-default\" data-id=\"7ca7ca1\" data-element_type=\"section\">\n\t\t\t\t\t\t<div class=\"elementor-container elementor-column-gap-default\">\n\t\t\t\t\t<div class=\"elementor-column elementor-col-100 elementor-top-column elementor-element elementor-element-cbdd002\" data-id=\"cbdd002\" data-element_type=\"column\">\n\t\t\t<div class=\"elementor-widget-wrap elementor-element-populated\">\n\t\t\t\t\t\t<section class=\"elementor-section elementor-inner-section elementor-element elementor-element-bc94849 elementor-section-boxed elementor-section-height-default elementor-section-height-default\" data-id=\"bc94849\" data-element_type=\"section\">\n\t\t\t\t\t\t<div class=\"elementor-container elementor-column-gap-default\">\n\t\t\t\t\t\t<\/div>\n\t\t<\/section>\n\t\t\t\t<section class=\"elementor-section elementor-inner-section elementor-element elementor-element-61571e6 elementor-section-boxed elementor-section-height-default elementor-section-height-default\" data-id=\"61571e6\" data-element_type=\"section\">\n\t\t\t\t\t\t<div class=\"elementor-container elementor-column-gap-default\">\n\t\t\t\t\t\t<\/div>\n\t\t<\/section>\n\t\t\t\t<section class=\"elementor-section elementor-inner-section elementor-element elementor-element-b6262e0 elementor-section-boxed elementor-section-height-default elementor-section-height-default\" data-id=\"b6262e0\" data-element_type=\"section\">\n\t\t\t\t\t\t<div class=\"elementor-container elementor-column-gap-default\">\n\t\t\t\t\t\t<\/div>\n\t\t<\/section>\n\t\t\t\t<section class=\"elementor-section elementor-inner-section elementor-element elementor-element-cca29fd elementor-section-boxed elementor-section-height-default elementor-section-height-default\" data-id=\"cca29fd\" data-element_type=\"section\">\n\t\t\t\t\t\t<div class=\"elementor-container elementor-column-gap-default\">\n\t\t\t\t\t\t<\/div>\n\t\t<\/section>\n\t\t\t\t\t<\/div>\n\t\t<\/div>\n\t\t\t\t\t<\/div>\n\t\t<\/section>\n\t\t\t\t<section class=\"elementor-section elementor-top-section elementor-element elementor-element-ee72354 elementor-section-boxed elementor-section-height-default elementor-section-height-default\" data-id=\"ee72354\" data-element_type=\"section\">\n\t\t\t\t\t\t<div class=\"elementor-container elementor-column-gap-default\">\n\t\t\t\t\t<div class=\"elementor-column elementor-col-100 elementor-top-column elementor-element elementor-element-c59d6fe\" data-id=\"c59d6fe\" data-element_type=\"column\">\n\t\t\t<div class=\"elementor-widget-wrap elementor-element-populated\">\n\t\t\t\t\t\t<section class=\"elementor-section elementor-inner-section elementor-element elementor-element-e21f858 elementor-section-boxed elementor-section-height-default elementor-section-height-default\" data-id=\"e21f858\" data-element_type=\"section\">\n\t\t\t\t\t\t<div class=\"elementor-container elementor-column-gap-default\">\n\t\t\t\t\t<div class=\"elementor-column elementor-col-100 elementor-inner-column elementor-element elementor-element-b5f1622\" data-id=\"b5f1622\" data-element_type=\"column\">\n\t\t\t<div class=\"elementor-widget-wrap elementor-element-populated\">\n\t\t\t\t\t\t<div class=\"elementor-element elementor-element-e57451f elementor-widget elementor-widget-text-editor\" data-id=\"e57451f\" data-element_type=\"widget\" data-widget_type=\"text-editor.default\">\n\t\t\t\t<div class=\"elementor-widget-container\">\n\t\t\t\t\t\t\t\t\t<p><span style=\"font-weight: 400;\">Frente a un buque de 6.000 TEU iluminado y operando en plena noche, en la novena planta del Pos\u00e9idon, a vista de p\u00e1jaro de la terminal de Fort-de-France, el lanzamiento del servicio mar\u00edtimo PCRF XL apoyado por CMA CGM ofreci\u00f3 una escena reveladora de la transformaci\u00f3n en curso.<\/span><\/p>\n<p><span style=\"font-weight: 400;\">  Bajo los focos de la terminal, los transbordadores portuarios y los contenedores se mueven al ritmo de las operaciones nocturnas, proporcionando una visi\u00f3n de la infraestructura log\u00edstica que une diariamente Martinica con el resto del mundo.<\/span><\/p>\n<p><span style=\"font-weight: 400;\">Pero detr\u00e1s de este mecanismo portuario se esconde una cuesti\u00f3n m\u00e1s amplia: \u00bfy si estas nuevas rutas mar\u00edtimas, adem\u00e1s de transportar mercanc\u00edas, contribuyeran tambi\u00e9n a redefinir el lugar de los territorios caribe\u00f1os en los intercambios econ\u00f3micos y culturales de la regi\u00f3n?<\/span><\/p>\t\t\t\t\t\t\t\t<\/div>\n\t\t\t\t<\/div>\n\t\t\t\t<div class=\"elementor-element elementor-element-5aad0bc elementor-widget elementor-widget-text-editor\" data-id=\"5aad0bc\" data-element_type=\"widget\" data-widget_type=\"text-editor.default\">\n\t\t\t\t<div class=\"elementor-widget-container\">\n\t\t\t\t\t\t\t\t\t<p><span style=\"font-weight: 400;\">A escala regional, estas conexiones tambi\u00e9n podr\u00edan facilitar la organizaci\u00f3n de exposiciones itinerantes, as\u00ed como el transporte de obras, instrumentos o producciones audiovisuales entre las islas, una realidad log\u00edstica a menudo decisiva para los proyectos culturales en el Caribe.<\/span><\/p>\n<p><span style=\"font-weight: 400;\">Apoyado por <a href=\"https:\/\/www.cma-cgm.fr\/\" target=\"_blank\" rel=\"noopener nofollow\">CMA CGM<\/a>, el servicio PCRF XL forma parte de una transformaci\u00f3n gradual de los enlaces mar\u00edtimos entre Europa, los territorios franceses del Caribe, el Caribe regional y Am\u00e9rica Latina.  <\/span><\/p>\n<p><span style=\"font-weight: 400;\">En los \u00faltimos veinte a\u00f1os aproximadamente, los buques que operan en estas rutas han experimentado varios cambios importantes: unidades de 1.700 TEU hasta 2006, luego buques de 2.200 TEU, seguidos de buques de 3.500 TEU y, por \u00faltimo, buques portacontenedores de 6.000 TEU desplegados ahora por CMA CGM desde 2026.<\/span><\/p>\t\t\t\t\t\t\t\t<\/div>\n\t\t\t\t<\/div>\n\t\t\t\t<div class=\"elementor-element elementor-element-862cc42 elementor-widget elementor-widget-text-editor\" data-id=\"862cc42\" data-element_type=\"widget\" data-widget_type=\"text-editor.default\">\n\t\t\t\t<div class=\"elementor-widget-container\">\n\t\t\t\t\t\t\t\t\t<p><span style=\"font-weight: 400;\">Este aumento de capacidad ilustra un cambio de escala. Tambi\u00e9n refleja una ambici\u00f3n m\u00e1s amplia: reforzar la posici\u00f3n de los territorios franceses del Caribe en los grandes flujos mar\u00edtimos que unen Europa, Am\u00e9rica Latina y toda la cuenca del Caribe, en el marco de una estrategia apoyada en particular por CMA CGM. <\/span><\/p>\t\t\t\t\t\t\t\t<\/div>\n\t\t\t\t<\/div>\n\t\t\t\t<div class=\"elementor-element elementor-element-55c3197 elementor-widget elementor-widget-image\" data-id=\"55c3197\" data-element_type=\"widget\" data-widget_type=\"image.default\">\n\t\t\t\t<div class=\"elementor-widget-container\">\n\t\t\t\t\t\t\t\t\t\t\t\t\t\t\t<img fetchpriority=\"high\" decoding=\"async\" width=\"800\" height=\"449\" src=\"https:\/\/richeskarayib.com\/wp-content\/uploads\/2026\/03\/Capture-decran-2026-03-12-a-14.11.24-1024x575.png\" class=\"attachment-large size-large wp-image-70708\" alt=\"\u00a0CMA CGM\" srcset=\"https:\/\/richeskarayib.com\/wp-content\/uploads\/2026\/03\/Capture-decran-2026-03-12-a-14.11.24-1024x575.png 1024w, https:\/\/richeskarayib.com\/wp-content\/uploads\/2026\/03\/Capture-decran-2026-03-12-a-14.11.24-300x168.png 300w, https:\/\/richeskarayib.com\/wp-content\/uploads\/2026\/03\/Capture-decran-2026-03-12-a-14.11.24-768x431.png 768w, https:\/\/richeskarayib.com\/wp-content\/uploads\/2026\/03\/Capture-decran-2026-03-12-a-14.11.24-1320x741.png 1320w, https:\/\/richeskarayib.com\/wp-content\/uploads\/2026\/03\/Capture-decran-2026-03-12-a-14.11.24.png 1427w\" sizes=\"(max-width: 800px) 100vw, 800px\" \/>\t\t\t\t\t\t\t\t\t\t\t\t\t\t\t<\/div>\n\t\t\t\t<\/div>\n\t\t\t\t\t<\/div>\n\t\t<\/div>\n\t\t\t\t\t<\/div>\n\t\t<\/section>\n\t\t\t\t\t<\/div>\n\t\t<\/div>\n\t\t\t\t\t<\/div>\n\t\t<\/section>\n\t\t\t\t<section class=\"elementor-section elementor-top-section elementor-element elementor-element-82cd8f9 elementor-section-boxed elementor-section-height-default elementor-section-height-default\" data-id=\"82cd8f9\" data-element_type=\"section\">\n\t\t\t\t\t\t<div class=\"elementor-container elementor-column-gap-default\">\n\t\t\t\t\t<div class=\"elementor-column elementor-col-100 elementor-top-column elementor-element elementor-element-0bfdc38\" data-id=\"0bfdc38\" data-element_type=\"column\">\n\t\t\t<div class=\"elementor-widget-wrap elementor-element-populated\">\n\t\t\t\t\t\t<div class=\"elementor-element elementor-element-7d292fe elementor-widget elementor-widget-heading\" data-id=\"7d292fe\" data-element_type=\"widget\" data-widget_type=\"heading.default\">\n\t\t\t\t<div class=\"elementor-widget-container\">\n\t\t\t\t\t<h2 class=\"elementor-heading-title elementor-size-default\">Una posici\u00f3n estrat\u00e9gica entre el Caribe y Am\u00e9rica Latina<\/h2>\t\t\t\t<\/div>\n\t\t\t\t<\/div>\n\t\t\t\t<div class=\"elementor-element elementor-element-96caf50 elementor-widget elementor-widget-text-editor\" data-id=\"96caf50\" data-element_type=\"widget\" data-widget_type=\"text-editor.default\">\n\t\t\t\t<div class=\"elementor-widget-container\">\n\t\t\t\t\t\t\t\t\t<p><span style=\"font-weight: 400;\">La estrategia se basa en gran medida en la posici\u00f3n geogr\u00e1fica de la regi\u00f3n. Situadas cerca de las grandes rutas mar\u00edtimas que unen Europa, Am\u00e9rica del Norte, Am\u00e9rica Latina y el Canal de Panam\u00e1, Martinica y Guadalupe se encuentran en la encrucijada de varias zonas econ\u00f3micas, una posici\u00f3n que CMA CGM destaca tambi\u00e9n en sus an\u00e1lisis log\u00edsticos&#8230; <\/span><\/p>\t\t\t\t\t\t\t\t<\/div>\n\t\t\t\t<\/div>\n\t\t\t\t<div class=\"elementor-element elementor-element-a5c141c elementor-widget elementor-widget-text-editor\" data-id=\"a5c141c\" data-element_type=\"widget\" data-widget_type=\"text-editor.default\">\n\t\t\t\t<div class=\"elementor-widget-container\">\n\t\t\t\t\t\t\t\t\t<p><span style=\"font-weight: 400;\">Como nos record\u00f3 Guillaume de Chastellux al presentar el proyecto:<\/span><\/p>\n<p><span style=\"font-weight: 400;\">&#8220;Las Antillas son la puerta de entrada al Caribe. Estamos en la encrucijada de Am\u00e9rica Latina, frente al Canal de Panam\u00e1 con su apertura al oc\u00e9ano Pac\u00edfico, y con Europa y el Mediterr\u00e1neo al otro lado.<\/span><\/p>\n<p><span style=\"font-weight: 400;\">En este contexto, la modernizaci\u00f3n de las infraestructuras portuarias y la llegada de barcos m\u00e1s grandes no son s\u00f3lo avances t\u00e9cnicos. Contribuyen a reposicionar los territorios del Caribe franc\u00e9s en el comercio regional e incluso internacional. <\/span><\/p>\t\t\t\t\t\t\t\t<\/div>\n\t\t\t\t<\/div>\n\t\t\t\t<div class=\"elementor-element elementor-element-1b4a435 elementor-widget elementor-widget-text-editor\" data-id=\"1b4a435\" data-element_type=\"widget\" data-widget_type=\"text-editor.default\">\n\t\t\t\t<div class=\"elementor-widget-container\">\n\t\t\t\t\t\t\t\t\t<p><span style=\"font-weight: 400;\">El proyecto de hub mar\u00edtimo dirigido por CMA CGM en colaboraci\u00f3n con los Grandes Puertos Mar\u00edtimos de Martinica y Guadalupe tiene como objetivo aumentar la capacidad global de transbordo de las dos islas hasta unos 300.000 TEU anuales. <\/span><b>300.000 TEU al a\u00f1o<\/b><span style=\"font-weight: 400;\">frente a los <\/span><b>68.000 actuales<\/b><span style=\"font-weight: 400;\">.<\/span><\/p>\t\t\t\t\t\t\t\t<\/div>\n\t\t\t\t<\/div>\n\t\t\t\t<div class=\"elementor-element elementor-element-d346a5d elementor-widget elementor-widget-image\" data-id=\"d346a5d\" data-element_type=\"widget\" data-widget_type=\"image.default\">\n\t\t\t\t<div class=\"elementor-widget-container\">\n\t\t\t\t\t\t\t\t\t\t\t\t\t\t\t<img decoding=\"async\" width=\"800\" height=\"343\" src=\"https:\/\/richeskarayib.com\/wp-content\/uploads\/2026\/03\/3-1-1024x439.jpeg\" class=\"attachment-large size-large wp-image-70778\" alt=\"\u00a0CMA CGM\" srcset=\"https:\/\/richeskarayib.com\/wp-content\/uploads\/2026\/03\/3-1-1024x439.jpeg 1024w, https:\/\/richeskarayib.com\/wp-content\/uploads\/2026\/03\/3-1-300x129.jpeg 300w, https:\/\/richeskarayib.com\/wp-content\/uploads\/2026\/03\/3-1-768x329.jpeg 768w, https:\/\/richeskarayib.com\/wp-content\/uploads\/2026\/03\/3-1-1536x659.jpeg 1536w, https:\/\/richeskarayib.com\/wp-content\/uploads\/2026\/03\/3-1-1320x566.jpeg 1320w, https:\/\/richeskarayib.com\/wp-content\/uploads\/2026\/03\/3-1.jpeg 1600w\" sizes=\"(max-width: 800px) 100vw, 800px\" \/>\t\t\t\t\t\t\t\t\t\t\t\t\t\t\t<\/div>\n\t\t\t\t<\/div>\n\t\t\t\t<section class=\"elementor-section elementor-inner-section elementor-element elementor-element-c582330 elementor-section-boxed elementor-section-height-default elementor-section-height-default\" data-id=\"c582330\" data-element_type=\"section\">\n\t\t\t\t\t\t<div class=\"elementor-container elementor-column-gap-default\">\n\t\t\t\t\t\t<\/div>\n\t\t<\/section>\n\t\t\t\t<section class=\"elementor-section elementor-inner-section elementor-element elementor-element-296603a elementor-section-boxed elementor-section-height-default elementor-section-height-default\" data-id=\"296603a\" data-element_type=\"section\">\n\t\t\t\t\t\t<div class=\"elementor-container elementor-column-gap-default\">\n\t\t\t\t\t\t<\/div>\n\t\t<\/section>\n\t\t\t\t\t<\/div>\n\t\t<\/div>\n\t\t\t\t\t<\/div>\n\t\t<\/section>\n\t\t\t\t<section class=\"elementor-section elementor-top-section elementor-element elementor-element-bdd0219 elementor-section-boxed elementor-section-height-default elementor-section-height-default\" data-id=\"bdd0219\" data-element_type=\"section\">\n\t\t\t\t\t\t<div class=\"elementor-container elementor-column-gap-default\">\n\t\t\t\t\t<div class=\"elementor-column elementor-col-100 elementor-top-column elementor-element elementor-element-c1ec903\" data-id=\"c1ec903\" data-element_type=\"column\">\n\t\t\t<div class=\"elementor-widget-wrap elementor-element-populated\">\n\t\t\t\t\t\t<div class=\"elementor-element elementor-element-55dd336 elementor-widget elementor-widget-heading\" data-id=\"55dd336\" data-element_type=\"widget\" data-widget_type=\"heading.default\">\n\t\t\t\t<div class=\"elementor-widget-container\">\n\t\t\t\t\t<h2 class=\"elementor-heading-title elementor-size-default\">Considerar las oportunidades a escala regional<\/h2>\t\t\t\t<\/div>\n\t\t\t\t<\/div>\n\t\t\t\t<div class=\"elementor-element elementor-element-9cd513e elementor-widget elementor-widget-text-editor\" data-id=\"9cd513e\" data-element_type=\"widget\" data-widget_type=\"text-editor.default\">\n\t\t\t\t<div class=\"elementor-widget-container\">\n\t\t\t\t\t\t\t\t\t<p><span style=\"font-weight: 400;\">Adem\u00e1s de las infraestructuras, los responsables del Grupo destacaron la dimensi\u00f3n regional de este desarrollo en la presentaci\u00f3n organizada por CMA CGM.<\/span><\/p>\t\t\t\t\t\t\t\t<\/div>\n\t\t\t\t<\/div>\n\t\t\t\t<div class=\"elementor-element elementor-element-1b1e51a elementor-widget elementor-widget-text-editor\" data-id=\"1b1e51a\" data-element_type=\"widget\" data-widget_type=\"text-editor.default\">\n\t\t\t\t<div class=\"elementor-widget-container\">\n\t\t\t\t\t\t\t\t\t<p><span style=\"font-weight: 400;\">Guillaume de Chastellux lo dijo expl\u00edcitamente:<\/span><\/p><p><span style=\"font-weight: 400;\">&#8220;Invito absolutamente a todos nuestros clientes y socios a que salgan de su territorio y examinen las oportunidades de la regi\u00f3n: comercio, industria, transformaci\u00f3n, reexportaci\u00f3n, consolidaci\u00f3n de mercanc\u00edas. Todo el campo de posibilidades es muy amplio.<\/span><\/p><p><span style=\"font-weight: 400;\">Esta invitaci\u00f3n a ampliar las perspectivas es una referencia directa a la din\u00e1mica regional del Caribe y Am\u00e9rica Latina. En esta zona, formada por archipi\u00e9lagos, costas y territorios continentales, el mar sigue siendo un vector central del comercio, una realidad que CMA CGM destaca regularmente en sus estrategias de desarrollo regional. <\/span><\/p>\t\t\t\t\t\t\t\t<\/div>\n\t\t\t\t<\/div>\n\t\t\t\t<div class=\"elementor-element elementor-element-4952c27 elementor-widget elementor-widget-text-editor\" data-id=\"4952c27\" data-element_type=\"widget\" data-widget_type=\"text-editor.default\">\n\t\t\t\t<div class=\"elementor-widget-container\">\n\t\t\t\t\t\t\t\t\t<p><span style=\"font-weight: 400;\">Reforzar las conexiones mar\u00edtimas puede facilitar los flujos comerciales, pero tambi\u00e9n fomentar nuevas formas de cooperaci\u00f3n entre regiones.<\/span><\/p>\t\t\t\t\t\t\t\t<\/div>\n\t\t\t\t<\/div>\n\t\t\t\t<div class=\"elementor-element elementor-element-ad7b20b elementor-widget elementor-widget-image\" data-id=\"ad7b20b\" data-element_type=\"widget\" data-widget_type=\"image.default\">\n\t\t\t\t<div class=\"elementor-widget-container\">\n\t\t\t\t\t\t\t\t\t\t\t\t\t\t\t<img decoding=\"async\" width=\"800\" height=\"343\" src=\"https:\/\/richeskarayib.com\/wp-content\/uploads\/2026\/03\/WhatsApp-Image-2026-03-13-at-17.50.48-1024x439.jpeg\" class=\"attachment-large size-large wp-image-70782\" alt=\"CMA CGM\" srcset=\"https:\/\/richeskarayib.com\/wp-content\/uploads\/2026\/03\/WhatsApp-Image-2026-03-13-at-17.50.48-1024x439.jpeg 1024w, https:\/\/richeskarayib.com\/wp-content\/uploads\/2026\/03\/WhatsApp-Image-2026-03-13-at-17.50.48-300x129.jpeg 300w, https:\/\/richeskarayib.com\/wp-content\/uploads\/2026\/03\/WhatsApp-Image-2026-03-13-at-17.50.48-768x329.jpeg 768w, https:\/\/richeskarayib.com\/wp-content\/uploads\/2026\/03\/WhatsApp-Image-2026-03-13-at-17.50.48.jpeg 1280w\" sizes=\"(max-width: 800px) 100vw, 800px\" \/>\t\t\t\t\t\t\t\t\t\t\t\t\t\t\t<\/div>\n\t\t\t\t<\/div>\n\t\t\t\t<section class=\"elementor-section elementor-inner-section elementor-element elementor-element-92f4402 elementor-section-boxed elementor-section-height-default elementor-section-height-default\" data-id=\"92f4402\" data-element_type=\"section\">\n\t\t\t\t\t\t<div class=\"elementor-container elementor-column-gap-default\">\n\t\t\t\t\t\t<\/div>\n\t\t<\/section>\n\t\t\t\t<section class=\"elementor-section elementor-inner-section elementor-element elementor-element-9290a61 elementor-section-boxed elementor-section-height-default elementor-section-height-default\" data-id=\"9290a61\" data-element_type=\"section\">\n\t\t\t\t\t\t<div class=\"elementor-container elementor-column-gap-default\">\n\t\t\t\t\t\t<\/div>\n\t\t<\/section>\n\t\t\t\t\t<\/div>\n\t\t<\/div>\n\t\t\t\t\t<\/div>\n\t\t<\/section>\n\t\t\t\t<section class=\"elementor-section elementor-top-section elementor-element elementor-element-ceca32c elementor-section-boxed elementor-section-height-default elementor-section-height-default\" data-id=\"ceca32c\" data-element_type=\"section\">\n\t\t\t\t\t\t<div class=\"elementor-container elementor-column-gap-default\">\n\t\t\t\t\t<div class=\"elementor-column elementor-col-100 elementor-top-column elementor-element elementor-element-5a2e383\" data-id=\"5a2e383\" data-element_type=\"column\">\n\t\t\t<div class=\"elementor-widget-wrap elementor-element-populated\">\n\t\t\t\t\t\t<div class=\"elementor-element elementor-element-6cedf5f elementor-widget elementor-widget-heading\" data-id=\"6cedf5f\" data-element_type=\"widget\" data-widget_type=\"heading.default\">\n\t\t\t\t<div class=\"elementor-widget-container\">\n\t\t\t\t\t<h2 class=\"elementor-heading-title elementor-size-default\">Ra\u00edces locales y culturales<\/h2>\t\t\t\t<\/div>\n\t\t\t\t<\/div>\n\t\t\t\t<div class=\"elementor-element elementor-element-e93d1fb elementor-widget elementor-widget-text-editor\" data-id=\"e93d1fb\" data-element_type=\"widget\" data-widget_type=\"text-editor.default\">\n\t\t\t\t<div class=\"elementor-widget-container\">\n\t\t\t\t\t\t\t\t\t<p><span style=\"font-weight: 400;\">Aunque la dimensi\u00f3n log\u00edstica del proyecto es fundamental, el acto tambi\u00e9n sirvi\u00f3 para recordar que las acciones del Grupo forman parte de un entorno territorial m\u00e1s amplio. A trav\u00e9s de su fundaci\u00f3n y de iniciativas locales, CMA CGM apoya una serie de proyectos sociales, culturales y medioambientales en los territorios del Caribe franc\u00e9s. <\/span><\/p>\t\t\t\t\t\t\t\t<\/div>\n\t\t\t\t<\/div>\n\t\t\t\t<div class=\"elementor-element elementor-element-2eab252 elementor-widget elementor-widget-text-editor\" data-id=\"2eab252\" data-element_type=\"widget\" data-widget_type=\"text-editor.default\">\n\t\t\t\t<div class=\"elementor-widget-container\">\n\t\t\t\t\t\t\t\t\t<p><span style=\"font-weight: 400;\">Estos compromisos incluyen el apoyo a la <\/span><a href=\"https:\/\/richeskarayib.com\/es\/martinica-exposicion-fotografica-el-yole-metafora-viva-de-la-energia-de-martinica\/\" target=\"_blank\" rel=\"noopener\"><b>Yole ronde de Martinica<\/b><\/a><span style=\"font-weight: 400;\">una disciplina n\u00e1utica emblem\u00e1tica del patrimonio mar\u00edtimo de Martinica y s\u00edmbolo vivo de la relaci\u00f3n entre el mar y la identidad de la isla.<\/span><\/p><p><span style=\"font-weight: 400;\">El Grupo tambi\u00e9n apoya las iniciativas de inserci\u00f3n profesional de los j\u00f3venes, en particular a trav\u00e9s de programas realizados con <\/span><b>la RSMA<\/b><span style=\"font-weight: 400;\">La empresa tambi\u00e9n participa en varias iniciativas solidarias con organizaciones locales como el Banco de Alimentos y la Cruz Roja. Este compromiso se complementa con una serie de iniciativas medioambientales, sobre todo para preservar el manglar. <\/span><\/p>\t\t\t\t\t\t\t\t<\/div>\n\t\t\t\t<\/div>\n\t\t\t\t<div class=\"elementor-element elementor-element-ed1ecf2 elementor-widget elementor-widget-image\" data-id=\"ed1ecf2\" data-element_type=\"widget\" data-widget_type=\"image.default\">\n\t\t\t\t<div class=\"elementor-widget-container\">\n\t\t\t\t\t\t\t\t\t\t\t\t\t\t\t<img loading=\"lazy\" decoding=\"async\" width=\"800\" height=\"791\" src=\"https:\/\/richeskarayib.com\/wp-content\/uploads\/2026\/03\/4-1-1024x1012.jpeg\" class=\"attachment-large size-large wp-image-70774\" alt=\"\u00a0CMA CGM\" srcset=\"https:\/\/richeskarayib.com\/wp-content\/uploads\/2026\/03\/4-1-1024x1012.jpeg 1024w, https:\/\/richeskarayib.com\/wp-content\/uploads\/2026\/03\/4-1-300x297.jpeg 300w, https:\/\/richeskarayib.com\/wp-content\/uploads\/2026\/03\/4-1-768x759.jpeg 768w, https:\/\/richeskarayib.com\/wp-content\/uploads\/2026\/03\/4-1-1536x1519.jpeg 1536w, https:\/\/richeskarayib.com\/wp-content\/uploads\/2026\/03\/4-1-1320x1305.jpeg 1320w, https:\/\/richeskarayib.com\/wp-content\/uploads\/2026\/03\/4-1.jpeg 1600w\" sizes=\"(max-width: 800px) 100vw, 800px\" \/>\t\t\t\t\t\t\t\t\t\t\t\t\t\t\t<\/div>\n\t\t\t\t<\/div>\n\t\t\t\t\t<\/div>\n\t\t<\/div>\n\t\t\t\t\t<\/div>\n\t\t<\/section>\n\t\t\t\t<section class=\"elementor-section elementor-top-section elementor-element elementor-element-9c88a89 elementor-section-boxed elementor-section-height-default elementor-section-height-default\" data-id=\"9c88a89\" data-element_type=\"section\">\n\t\t\t\t\t\t<div class=\"elementor-container elementor-column-gap-default\">\n\t\t\t\t\t<div class=\"elementor-column elementor-col-100 elementor-top-column elementor-element elementor-element-78cf5d1\" data-id=\"78cf5d1\" data-element_type=\"column\">\n\t\t\t<div class=\"elementor-widget-wrap elementor-element-populated\">\n\t\t\t\t\t\t<div class=\"elementor-element elementor-element-ea2a5c1 elementor-widget elementor-widget-heading\" data-id=\"ea2a5c1\" data-element_type=\"widget\" data-widget_type=\"heading.default\">\n\t\t\t\t<div class=\"elementor-widget-container\">\n\t\t\t\t\t<h2 class=\"elementor-heading-title elementor-size-default\">Una nueva etapa en el papel mar\u00edtimo de Martinica<\/h2>\t\t\t\t<\/div>\n\t\t\t\t<\/div>\n\t\t\t\t<div class=\"elementor-element elementor-element-e305eee elementor-widget elementor-widget-text-editor\" data-id=\"e305eee\" data-element_type=\"widget\" data-widget_type=\"text-editor.default\">\n\t\t\t\t<div class=\"elementor-widget-container\">\n\t\t\t\t\t\t\t\t\t<p><span style=\"font-weight: 400;\">Hoy <\/span><b>tres l\u00edneas mar\u00edtimas de CMA CGM<\/b><span style=\"font-weight: 400;\">  sirven al puerto de Fort-de-France. En el horizonte   <\/span><b>2027<\/b><span style=\"font-weight: 400;\">este n\u00famero deber\u00eda alcanzar <\/span><b>seis l\u00edneas<\/b><span style=\"font-weight: 400;\">como parte de una red m\u00e1s amplia de unas <\/span><b>diecinueve l\u00edneas que operan en la regi\u00f3n del Caribe<\/b><span style=\"font-weight: 400;\">. Este desarrollo podr\u00eda reforzar la posici\u00f3n de <a href=\"https:\/\/richeskarayib.com\/es\/martinica-semana-nautica-de-schoelcher-una-edicion-2026-muy-concurrida\/\" target=\"_blank\" rel=\"noopener\">Martinica<\/a> en el comercio regional, al facilitar las conexiones entre las islas del Caribe, Am\u00e9rica Central y del Sur y Europa.<\/span><\/p>\t\t\t\t\t\t\t\t<\/div>\n\t\t\t\t<\/div>\n\t\t\t\t<div class=\"elementor-element elementor-element-e811a05 elementor-widget elementor-widget-text-editor\" data-id=\"e811a05\" data-element_type=\"widget\" data-widget_type=\"text-editor.default\">\n\t\t\t\t<div class=\"elementor-widget-container\">\n\t\t\t\t\t\t\t\t\t<p><span style=\"font-weight: 400;\">A medida que se desarrollan estas conexiones, surge otra cuesti\u00f3n: c\u00f3mo estas nuevas rutas mar\u00edtimas podr\u00edan, con el tiempo, contribuir tambi\u00e9n a ampliar la influencia de los territorios caribe\u00f1os en la regi\u00f3n y fuera de ella.<\/span><\/p>\t\t\t\t\t\t\t\t<\/div>\n\t\t\t\t<\/div>\n\t\t\t\t\t<\/div>\n\t\t<\/div>\n\t\t\t\t\t<\/div>\n\t\t<\/section>\n\t\t\t\t<section class=\"elementor-section elementor-top-section elementor-element elementor-element-f5709a6 elementor-section-boxed elementor-section-height-default elementor-section-height-default\" data-id=\"f5709a6\" data-element_type=\"section\">\n\t\t\t\t\t\t<div class=\"elementor-container elementor-column-gap-default\">\n\t\t\t\t\t<div class=\"elementor-column elementor-col-100 elementor-top-column elementor-element elementor-element-957be6f\" data-id=\"957be6f\" data-element_type=\"column\">\n\t\t\t<div class=\"elementor-widget-wrap elementor-element-populated\">\n\t\t\t\t\t\t<div class=\"elementor-element elementor-element-63e5d4a elementor-widget elementor-widget-accordion\" data-id=\"63e5d4a\" data-element_type=\"widget\" data-widget_type=\"accordion.default\">\n\t\t\t\t<div class=\"elementor-widget-container\">\n\t\t\t\t\t\t\t<div class=\"elementor-accordion\">\n\t\t\t\t\t\t\t<div class=\"elementor-accordion-item\">\n\t\t\t\t\t<div id=\"elementor-tab-title-1041\" class=\"elementor-tab-title\" data-tab=\"1\" role=\"button\" aria-controls=\"elementor-tab-content-1041\" aria-expanded=\"false\">\n\t\t\t\t\t\t\t\t\t\t\t\t\t<span class=\"elementor-accordion-icon elementor-accordion-icon-left\" aria-hidden=\"true\">\n\t\t\t\t\t\t\t\t\t\t\t\t\t\t\t<span class=\"elementor-accordion-icon-closed\"><i class=\"fas fa-plus\"><\/i><\/span>\n\t\t\t\t\t\t\t\t<span class=\"elementor-accordion-icon-opened\"><i class=\"fas fa-minus\"><\/i><\/span>\n\t\t\t\t\t\t\t\t\t\t\t\t\t\t<\/span>\n\t\t\t\t\t\t\t\t\t\t\t\t<a class=\"elementor-accordion-title\" tabindex=\"0\">\u00bfPor qu\u00e9 la conectividad mar\u00edtima es estrat\u00e9gica para el Caribe?<\/a>\n\t\t\t\t\t<\/div>\n\t\t\t\t\t<div id=\"elementor-tab-content-1041\" class=\"elementor-tab-content elementor-clearfix\" data-tab=\"1\" role=\"region\" aria-labelledby=\"elementor-tab-title-1041\"><p><span style=\"font-weight: 400;\">El Caribe se encuentra en la encrucijada de las principales rutas mar\u00edtimas que unen Europa, Norteam\u00e9rica, Latinoam\u00e9rica y el Canal de Panam\u00e1. Por tanto, la mejora de las conexiones mar\u00edtimas puede facilitar el comercio, reforzar las relaciones econ\u00f3micas regionales y aumentar el flujo de mercanc\u00edas entre las islas y los continentes vecinos. <\/span><\/p>\n<\/div>\n\t\t\t\t<\/div>\n\t\t\t\t\t\t\t<div class=\"elementor-accordion-item\">\n\t\t\t\t\t<div id=\"elementor-tab-title-1042\" class=\"elementor-tab-title\" data-tab=\"2\" role=\"button\" aria-controls=\"elementor-tab-content-1042\" aria-expanded=\"false\">\n\t\t\t\t\t\t\t\t\t\t\t\t\t<span class=\"elementor-accordion-icon elementor-accordion-icon-left\" aria-hidden=\"true\">\n\t\t\t\t\t\t\t\t\t\t\t\t\t\t\t<span class=\"elementor-accordion-icon-closed\"><i class=\"fas fa-plus\"><\/i><\/span>\n\t\t\t\t\t\t\t\t<span class=\"elementor-accordion-icon-opened\"><i class=\"fas fa-minus\"><\/i><\/span>\n\t\t\t\t\t\t\t\t\t\t\t\t\t\t<\/span>\n\t\t\t\t\t\t\t\t\t\t\t\t<a class=\"elementor-accordion-title\" tabindex=\"0\">\u00bfCu\u00e1l es el objetivo del servicio mar\u00edtimo PCRF XL?<\/a>\n\t\t\t\t\t<\/div>\n\t\t\t\t\t<div id=\"elementor-tab-content-1042\" class=\"elementor-tab-content elementor-clearfix\" data-tab=\"2\" role=\"region\" aria-labelledby=\"elementor-tab-title-1042\"><p><span style=\"font-weight: 400;\">El servicio PCRF XL pretende modernizar los enlaces mar\u00edtimos entre Europa, los territorios franceses del Caribe, el Caribe regional y Am\u00e9rica Latina. El uso de buques de 6.000 TEU aumentar\u00e1 la capacidad de transporte y mejorar\u00e1 la eficacia log\u00edstica en la regi\u00f3n. <\/span><\/p>\n<\/div>\n\t\t\t\t<\/div>\n\t\t\t\t\t\t\t<div class=\"elementor-accordion-item\">\n\t\t\t\t\t<div id=\"elementor-tab-title-1043\" class=\"elementor-tab-title\" data-tab=\"3\" role=\"button\" aria-controls=\"elementor-tab-content-1043\" aria-expanded=\"false\">\n\t\t\t\t\t\t\t\t\t\t\t\t\t<span class=\"elementor-accordion-icon elementor-accordion-icon-left\" aria-hidden=\"true\">\n\t\t\t\t\t\t\t\t\t\t\t\t\t\t\t<span class=\"elementor-accordion-icon-closed\"><i class=\"fas fa-plus\"><\/i><\/span>\n\t\t\t\t\t\t\t\t<span class=\"elementor-accordion-icon-opened\"><i class=\"fas fa-minus\"><\/i><\/span>\n\t\t\t\t\t\t\t\t\t\t\t\t\t\t<\/span>\n\t\t\t\t\t\t\t\t\t\t\t\t<a class=\"elementor-accordion-title\" tabindex=\"0\">\u00bfPor qu\u00e9 Martinica y Guadalupe pueden convertirse en centros mar\u00edtimos?<\/a>\n\t\t\t\t\t<\/div>\n\t\t\t\t\t<div id=\"elementor-tab-content-1043\" class=\"elementor-tab-content elementor-clearfix\" data-tab=\"3\" role=\"region\" aria-labelledby=\"elementor-tab-title-1043\"><p><span style=\"font-weight: 400;\">Su posici\u00f3n geogr\u00e1fica en el coraz\u00f3n de la cuenca del Caribe es una ventaja estrat\u00e9gica. Situadas entre Europa, Am\u00e9rica Latina y las rutas mar\u00edtimas del Canal de Panam\u00e1, pueden utilizarse como centros de transbordo para redistribuir mercanc\u00edas a las islas vecinas y a los mercados regionales. <\/span><\/p>\n<\/div>\n\t\t\t\t<\/div>\n\t\t\t\t\t\t\t\t<\/div>\n\t\t\t\t\t\t<\/div>\n\t\t\t\t<\/div>\n\t\t\t\t\t<\/div>\n\t\t<\/div>\n\t\t\t\t\t<\/div>\n\t\t<\/section>\n\t\t\t\t<\/div>\n\t\t","protected":false},"excerpt":{"rendered":"<p>Frente a un buque de 6.000 TEU iluminado y operando en plena noche, en la novena planta del Pos\u00e9idon, a vista de p\u00e1jaro de la terminal de Fort-de-France, el lanzamiento del servicio mar\u00edtimo PCRF XL apoyado por CMA CGM ofreci\u00f3 una escena reveladora de la transformaci\u00f3n en curso. Bajo los focos de la terminal, los [&hellip;]<\/p>\n","protected":false},"author":662,"featured_media":70786,"comment_status":"open","ping_status":"open","sticky":false,"template":"","format":"standard","meta":{"_acf_changed":false,"footnotes":""},"categories":[1724],"tags":[1547,816],"class_list":["post-70714","post","type-post","status-publish","format-standard","has-post-thumbnail","hentry","category-maritimo","tag-guadalupe","tag-martinique-es"],"acf":[],"_links":{"self":[{"href":"https:\/\/richeskarayib.com\/es\/wp-json\/wp\/v2\/posts\/70714","targetHints":{"allow":["GET"]}}],"collection":[{"href":"https:\/\/richeskarayib.com\/es\/wp-json\/wp\/v2\/posts"}],"about":[{"href":"https:\/\/richeskarayib.com\/es\/wp-json\/wp\/v2\/types\/post"}],"author":[{"embeddable":true,"href":"https:\/\/richeskarayib.com\/es\/wp-json\/wp\/v2\/users\/662"}],"replies":[{"embeddable":true,"href":"https:\/\/richeskarayib.com\/es\/wp-json\/wp\/v2\/comments?post=70714"}],"version-history":[{"count":0,"href":"https:\/\/richeskarayib.com\/es\/wp-json\/wp\/v2\/posts\/70714\/revisions"}],"wp:featuredmedia":[{"embeddable":true,"href":"https:\/\/richeskarayib.com\/es\/wp-json\/wp\/v2\/media\/70786"}],"wp:attachment":[{"href":"https:\/\/richeskarayib.com\/es\/wp-json\/wp\/v2\/media?parent=70714"}],"wp:term":[{"taxonomy":"category","embeddable":true,"href":"https:\/\/richeskarayib.com\/es\/wp-json\/wp\/v2\/categories?post=70714"},{"taxonomy":"post_tag","embeddable":true,"href":"https:\/\/richeskarayib.com\/es\/wp-json\/wp\/v2\/tags?post=70714"}],"curies":[{"name":"wp","href":"https:\/\/api.w.org\/{rel}","templated":true}]}}