{"id":70739,"date":"2026-03-12T11:26:35","date_gmt":"2026-03-12T15:26:35","guid":{"rendered":"https:\/\/richeskarayib.com\/republica-dominicana-minerva-mirabal-100-anos-despues-de-su-nacimiento-la-historia-de-una-mujer-que-se-atrevio-a-desafiar-a-la-dictadura-de-trujillo\/"},"modified":"2026-03-12T11:26:36","modified_gmt":"2026-03-12T15:26:36","slug":"republica-dominicana-minerva-mirabal-100-anos-despues-de-su-nacimiento-la-historia-de-una-mujer-que-se-atrevio-a-desafiar-a-la-dictadura-de-trujillo","status":"publish","type":"post","link":"https:\/\/richeskarayib.com\/es\/republica-dominicana-minerva-mirabal-100-anos-despues-de-su-nacimiento-la-historia-de-una-mujer-que-se-atrevio-a-desafiar-a-la-dictadura-de-trujillo\/","title":{"rendered":"Rep\u00fablica Dominicana &#8211; Minerva Mirabal: 100 a\u00f1os despu\u00e9s de su nacimiento, la historia de una mujer que se atrevi\u00f3 a desafiar a la dictadura de Trujillo"},"content":{"rendered":"\t\t<div data-elementor-type=\"wp-post\" data-elementor-id=\"70739\" class=\"elementor elementor-70739 elementor-70717\" data-elementor-post-type=\"post\">\n\t\t\t\t\t\t<section class=\"elementor-section elementor-top-section elementor-element elementor-element-7ca7ca1 elementor-section-boxed elementor-section-height-default elementor-section-height-default\" data-id=\"7ca7ca1\" data-element_type=\"section\">\n\t\t\t\t\t\t<div class=\"elementor-container elementor-column-gap-default\">\n\t\t\t\t\t<div class=\"elementor-column elementor-col-100 elementor-top-column elementor-element elementor-element-cbdd002\" data-id=\"cbdd002\" data-element_type=\"column\">\n\t\t\t<div class=\"elementor-widget-wrap elementor-element-populated\">\n\t\t\t\t\t\t<section class=\"elementor-section elementor-inner-section elementor-element elementor-element-bc94849 elementor-section-boxed elementor-section-height-default elementor-section-height-default\" data-id=\"bc94849\" data-element_type=\"section\">\n\t\t\t\t\t\t<div class=\"elementor-container elementor-column-gap-default\">\n\t\t\t\t\t\t<\/div>\n\t\t<\/section>\n\t\t\t\t<section class=\"elementor-section elementor-inner-section elementor-element elementor-element-61571e6 elementor-section-boxed elementor-section-height-default elementor-section-height-default\" data-id=\"61571e6\" data-element_type=\"section\">\n\t\t\t\t\t\t<div class=\"elementor-container elementor-column-gap-default\">\n\t\t\t\t\t\t<\/div>\n\t\t<\/section>\n\t\t\t\t<section class=\"elementor-section elementor-inner-section elementor-element elementor-element-b6262e0 elementor-section-boxed elementor-section-height-default elementor-section-height-default\" data-id=\"b6262e0\" data-element_type=\"section\">\n\t\t\t\t\t\t<div class=\"elementor-container elementor-column-gap-default\">\n\t\t\t\t\t\t<\/div>\n\t\t<\/section>\n\t\t\t\t<section class=\"elementor-section elementor-inner-section elementor-element elementor-element-cca29fd elementor-section-boxed elementor-section-height-default elementor-section-height-default\" data-id=\"cca29fd\" data-element_type=\"section\">\n\t\t\t\t\t\t<div class=\"elementor-container elementor-column-gap-default\">\n\t\t\t\t\t\t<\/div>\n\t\t<\/section>\n\t\t\t\t\t<\/div>\n\t\t<\/div>\n\t\t\t\t\t<\/div>\n\t\t<\/section>\n\t\t\t\t<section class=\"elementor-section elementor-top-section elementor-element elementor-element-ee72354 elementor-section-boxed elementor-section-height-default elementor-section-height-default\" data-id=\"ee72354\" data-element_type=\"section\">\n\t\t\t\t\t\t<div class=\"elementor-container elementor-column-gap-default\">\n\t\t\t\t\t<div class=\"elementor-column elementor-col-100 elementor-top-column elementor-element elementor-element-c59d6fe\" data-id=\"c59d6fe\" data-element_type=\"column\">\n\t\t\t<div class=\"elementor-widget-wrap elementor-element-populated\">\n\t\t\t\t\t\t<div class=\"elementor-element elementor-element-e57451f elementor-widget elementor-widget-text-editor\" data-id=\"e57451f\" data-element_type=\"widget\" data-widget_type=\"text-editor.default\">\n\t\t\t\t<div class=\"elementor-widget-container\">\n\t\t\t\t\t\t\t\t\t<p><span style=\"font-weight: 400;\">El 12 de marzo de 1926 naci\u00f3 Minerva Mirabal en la <a href=\"https:\/\/richeskarayib.com\/es\/?p=70387\" target=\"_blank\" rel=\"noopener\">Rep\u00fablica Dominicana <\/a>. <\/span><b>Minerva Mirabal<\/b><span style=\"font-weight: 400;\">Una mujer cuyo nombre permanece inextricablemente ligado a la historia pol\u00edtica del pa\u00eds y a la memoria global de la lucha contra la violencia y el autoritarismo. Un siglo despu\u00e9s, su historia sigue atravesando generaciones, mucho m\u00e1s all\u00e1 de las fronteras de la Rep\u00fablica Dominicana. <\/span><\/p>\t\t\t\t\t\t\t\t<\/div>\n\t\t\t\t<\/div>\n\t\t\t\t<div class=\"elementor-element elementor-element-5aad0bc elementor-widget elementor-widget-text-editor\" data-id=\"5aad0bc\" data-element_type=\"widget\" data-widget_type=\"text-editor.default\">\n\t\t\t\t<div class=\"elementor-widget-container\">\n\t\t\t\t\t\t\t\t\t<p><span style=\"font-weight: 400;\">Abogada, activista y opositora a la dictadura de Rafael Trujillo, Minerva Mirabal fue una de las figuras centrales de un movimiento clandestino que se opuso a uno de los reg\u00edmenes m\u00e1s represivos del Caribe en el siglo XX. Su asesinato el 25 de noviembre de 1960, junto con el de sus hermanas Patria y Mar\u00eda Teresa, marc\u00f3 un punto de inflexi\u00f3n en la historia dominicana. Esta fecha se asocia ahora al D\u00eda Internacional de la Eliminaci\u00f3n de la Violencia contra la Mujer, reconocido por las Naciones Unidas.  <\/span><\/p>\n<p><span style=\"font-weight: 400;\">Retomando el camino de <\/span><a href=\"https:\/\/fr.wikipedia.org\/wiki\/Minerva_Mirabal\" target=\"_blank\" rel=\"noopener nofollow\"><b>Minerva Mirabal<\/b><\/a><span style=\"font-weight: 400;\">cien a\u00f1os despu\u00e9s de su nacimiento, podemos comprender c\u00f3mo una mujer de origen rural dominicano se convirti\u00f3 en un s\u00edmbolo perdurable de valent\u00eda pol\u00edtica y resistencia c\u00edvica.<\/span><\/p>\t\t\t\t\t\t\t\t<\/div>\n\t\t\t\t<\/div>\n\t\t\t\t\t<\/div>\n\t\t<\/div>\n\t\t\t\t\t<\/div>\n\t\t<\/section>\n\t\t\t\t<section class=\"elementor-section elementor-top-section elementor-element elementor-element-82cd8f9 elementor-section-boxed elementor-section-height-default elementor-section-height-default\" data-id=\"82cd8f9\" data-element_type=\"section\">\n\t\t\t\t\t\t<div class=\"elementor-container elementor-column-gap-default\">\n\t\t\t\t\t<div class=\"elementor-column elementor-col-100 elementor-top-column elementor-element elementor-element-0bfdc38\" data-id=\"0bfdc38\" data-element_type=\"column\">\n\t\t\t<div class=\"elementor-widget-wrap elementor-element-populated\">\n\t\t\t\t\t\t<div class=\"elementor-element elementor-element-7d292fe elementor-widget elementor-widget-heading\" data-id=\"7d292fe\" data-element_type=\"widget\" data-widget_type=\"heading.default\">\n\t\t\t\t<div class=\"elementor-widget-container\">\n\t\t\t\t\t<h2 class=\"elementor-heading-title elementor-size-default\">Una infancia en la comarca de Salcedo<\/h2>\t\t\t\t<\/div>\n\t\t\t\t<\/div>\n\t\t\t\t<div class=\"elementor-element elementor-element-96caf50 elementor-widget elementor-widget-text-editor\" data-id=\"96caf50\" data-element_type=\"widget\" data-widget_type=\"text-editor.default\">\n\t\t\t\t<div class=\"elementor-widget-container\">\n\t\t\t\t\t\t\t\t\t<p><span style=\"font-weight: 400;\">Naci\u00f3 el <\/span><b>12 de marzo de 1926 en Ojo de Agua<\/b><span style=\"font-weight: 400;\">en la regi\u00f3n de Salcedo, en el coraz\u00f3n de la Rep\u00fablica Dominicana. Su nombre completo es   <\/span><b>Mar\u00eda Argentina Minerva Mirabal Reyes<\/b><span style=\"font-weight: 400;\">. Pertenece a una familia de cuatro hermanas:  <\/span><b>Patria, Ded\u00e9, Minerva y Mar\u00eda Teresa<\/b><span style=\"font-weight: 400;\">. La familia Mirabal viv\u00eda en un entorno econ\u00f3mico relativamente estable. Sus padres eran propietarios de granjas y comerciantes. Esta situaci\u00f3n social es importante para comprender su carrera: Minerva Mirabal no proced\u00eda de un entorno marginado, sino de una familia asentada que podr\u00eda haberse mantenido al margen de los enfrentamientos pol\u00edticos.  <\/span><\/p>\n<p><span style=\"font-weight: 400;\">Sin embargo, fue precisamente en este contexto donde desarroll\u00f3 una conciencia pol\u00edtica que dar\u00eda forma a su vida. Desde muy joven, Minerva destac\u00f3 por su car\u00e1cter asertivo y su fuerte curiosidad intelectual. <\/span><\/p>\t\t\t\t\t\t\t\t<\/div>\n\t\t\t\t<\/div>\n\t\t\t\t<div class=\"elementor-element elementor-element-84952f1 elementor-widget elementor-widget-image\" data-id=\"84952f1\" data-element_type=\"widget\" data-widget_type=\"image.default\">\n\t\t\t\t<div class=\"elementor-widget-container\">\n\t\t\t\t\t\t\t\t\t\t\t\t\t\t\t<img fetchpriority=\"high\" decoding=\"async\" width=\"683\" height=\"1024\" src=\"https:\/\/richeskarayib.com\/wp-content\/uploads\/2026\/03\/ChatGPT-Image-12-mars-2026-17_52_04-683x1024.png\" class=\"attachment-large size-large wp-image-70733\" alt=\"Minerva Mirabal\" srcset=\"https:\/\/richeskarayib.com\/wp-content\/uploads\/2026\/03\/ChatGPT-Image-12-mars-2026-17_52_04-683x1024.png 683w, https:\/\/richeskarayib.com\/wp-content\/uploads\/2026\/03\/ChatGPT-Image-12-mars-2026-17_52_04-200x300.png 200w, https:\/\/richeskarayib.com\/wp-content\/uploads\/2026\/03\/ChatGPT-Image-12-mars-2026-17_52_04-768x1152.png 768w, https:\/\/richeskarayib.com\/wp-content\/uploads\/2026\/03\/ChatGPT-Image-12-mars-2026-17_52_04.png 1024w\" sizes=\"(max-width: 683px) 100vw, 683px\" \/>\t\t\t\t\t\t\t\t\t\t\t\t\t\t\t<\/div>\n\t\t\t\t<\/div>\n\t\t\t\t<section class=\"elementor-section elementor-inner-section elementor-element elementor-element-c582330 elementor-section-boxed elementor-section-height-default elementor-section-height-default\" data-id=\"c582330\" data-element_type=\"section\">\n\t\t\t\t\t\t<div class=\"elementor-container elementor-column-gap-default\">\n\t\t\t\t\t\t<\/div>\n\t\t<\/section>\n\t\t\t\t<section class=\"elementor-section elementor-inner-section elementor-element elementor-element-296603a elementor-section-boxed elementor-section-height-default elementor-section-height-default\" data-id=\"296603a\" data-element_type=\"section\">\n\t\t\t\t\t\t<div class=\"elementor-container elementor-column-gap-default\">\n\t\t\t\t\t\t<\/div>\n\t\t<\/section>\n\t\t\t\t\t<\/div>\n\t\t<\/div>\n\t\t\t\t\t<\/div>\n\t\t<\/section>\n\t\t\t\t<section class=\"elementor-section elementor-top-section elementor-element elementor-element-bdd0219 elementor-section-boxed elementor-section-height-default elementor-section-height-default\" data-id=\"bdd0219\" data-element_type=\"section\">\n\t\t\t\t\t\t<div class=\"elementor-container elementor-column-gap-default\">\n\t\t\t\t\t<div class=\"elementor-column elementor-col-100 elementor-top-column elementor-element elementor-element-c1ec903\" data-id=\"c1ec903\" data-element_type=\"column\">\n\t\t\t<div class=\"elementor-widget-wrap elementor-element-populated\">\n\t\t\t\t\t\t<div class=\"elementor-element elementor-element-55dd336 elementor-widget elementor-widget-heading\" data-id=\"55dd336\" data-element_type=\"widget\" data-widget_type=\"heading.default\">\n\t\t\t\t<div class=\"elementor-widget-container\">\n\t\t\t\t\t<h2 class=\"elementor-heading-title elementor-size-default\">Una educaci\u00f3n universitaria poco com\u00fan para una mujer de su \u00e9poca<\/h2>\t\t\t\t<\/div>\n\t\t\t\t<\/div>\n\t\t\t\t<div class=\"elementor-element elementor-element-9cd513e elementor-widget elementor-widget-text-editor\" data-id=\"9cd513e\" data-element_type=\"widget\" data-widget_type=\"text-editor.default\">\n\t\t\t\t<div class=\"elementor-widget-container\">\n\t\t\t\t\t\t\t\t\t<p><span style=\"font-weight: 400;\">En los a\u00f1os 40 y 50, el acceso de las mujeres dominicanas a la educaci\u00f3n superior segu\u00eda siendo limitado. A pesar de estos obst\u00e1culos,   <\/span><b>Minerva Mirabal estudia Derecho en la Universidad Aut\u00f3noma de Santo Domingo<\/b><span style=\"font-weight: 400;\">. Se licenci\u00f3 en  <\/span><b>1957<\/b><span style=\"font-weight: 400;\">convirti\u00e9ndose en una de las primeras licenciadas en Derecho del pa\u00eds. Este \u00e9xito acad\u00e9mico representa por s\u00ed solo una forma de emancipaci\u00f3n en una sociedad todav\u00eda marcada por fuertes desigualdades de g\u00e9nero. <\/span><\/p>\n<p><span style=\"font-weight: 400;\">Sin embargo, su carrera profesional se vio pronto obstaculizada por la situaci\u00f3n pol\u00edtica del pa\u00eds. Las autoridades dominicanas le denegaron el permiso para ejercer como abogada, una decisi\u00f3n relacionada con su reputaci\u00f3n de opositora al r\u00e9gimen. Esta prohibici\u00f3n revela la naturaleza del sistema pol\u00edtico dominicano de la \u00e9poca, en el que el ascenso social y profesional pod\u00eda verse bloqueado por la lealtad, o la falta de ella, a los poderes f\u00e1cticos.  <\/span><\/p>\t\t\t\t\t\t\t\t<\/div>\n\t\t\t\t<\/div>\n\t\t\t\t<section class=\"elementor-section elementor-inner-section elementor-element elementor-element-92f4402 elementor-section-boxed elementor-section-height-default elementor-section-height-default\" data-id=\"92f4402\" data-element_type=\"section\">\n\t\t\t\t\t\t<div class=\"elementor-container elementor-column-gap-default\">\n\t\t\t\t\t\t<\/div>\n\t\t<\/section>\n\t\t\t\t<section class=\"elementor-section elementor-inner-section elementor-element elementor-element-9290a61 elementor-section-boxed elementor-section-height-default elementor-section-height-default\" data-id=\"9290a61\" data-element_type=\"section\">\n\t\t\t\t\t\t<div class=\"elementor-container elementor-column-gap-default\">\n\t\t\t\t\t\t<\/div>\n\t\t<\/section>\n\t\t\t\t\t<\/div>\n\t\t<\/div>\n\t\t\t\t\t<\/div>\n\t\t<\/section>\n\t\t\t\t<section class=\"elementor-section elementor-top-section elementor-element elementor-element-ceca32c elementor-section-boxed elementor-section-height-default elementor-section-height-default\" data-id=\"ceca32c\" data-element_type=\"section\">\n\t\t\t\t\t\t<div class=\"elementor-container elementor-column-gap-default\">\n\t\t\t\t\t<div class=\"elementor-column elementor-col-100 elementor-top-column elementor-element elementor-element-5a2e383\" data-id=\"5a2e383\" data-element_type=\"column\">\n\t\t\t<div class=\"elementor-widget-wrap elementor-element-populated\">\n\t\t\t\t\t\t<div class=\"elementor-element elementor-element-6cedf5f elementor-widget elementor-widget-heading\" data-id=\"6cedf5f\" data-element_type=\"widget\" data-widget_type=\"heading.default\">\n\t\t\t\t<div class=\"elementor-widget-container\">\n\t\t\t\t\t<h2 class=\"elementor-heading-title elementor-size-default\">La dictadura de Trujillo: un contexto de represi\u00f3n<\/h2>\t\t\t\t<\/div>\n\t\t\t\t<\/div>\n\t\t\t\t<div class=\"elementor-element elementor-element-e93d1fb elementor-widget elementor-widget-text-editor\" data-id=\"e93d1fb\" data-element_type=\"widget\" data-widget_type=\"text-editor.default\">\n\t\t\t\t<div class=\"elementor-widget-container\">\n\t\t\t\t\t\t\t\t\t<p><span style=\"font-weight: 400;\">Para comprender el compromiso de Minerva Mirabal, debemos situar su trayectoria en el contexto de la <\/span><b>dictadura de Rafael Le\u00f3nidas Trujillo<\/b><span style=\"font-weight: 400;\">que gobern\u00f3 la Rep\u00fablica Dominicana de <\/span><b>1930 \u00e0 1961<\/b><span style=\"font-weight: 400;\">. El r\u00e9gimen trujillista se caracteriz\u00f3 por el f\u00e9rreo control de la sociedad, la vigilancia generalizada y la represi\u00f3n sistem\u00e1tica de los opositores pol\u00edticos. El poder se basaba en un poderoso aparato de seguridad y en un culto a la personalidad en torno al dictador. <\/span><\/p>\n<p><span style=\"font-weight: 400;\">Cualquier protesta pod\u00eda acarrear la detenci\u00f3n, el encarcelamiento o la desaparici\u00f3n. La oposici\u00f3n organizada era extremadamente peligrosa. A pesar de este clima, opt\u00f3 por ser pol\u00edticamente activa.  <\/span><\/p>\t\t\t\t\t\t\t\t<\/div>\n\t\t\t\t<\/div>\n\t\t\t\t\t<\/div>\n\t\t<\/div>\n\t\t\t\t\t<\/div>\n\t\t<\/section>\n\t\t\t\t<section class=\"elementor-section elementor-top-section elementor-element elementor-element-9c88a89 elementor-section-boxed elementor-section-height-default elementor-section-height-default\" data-id=\"9c88a89\" data-element_type=\"section\">\n\t\t\t\t\t\t<div class=\"elementor-container elementor-column-gap-default\">\n\t\t\t\t\t<div class=\"elementor-column elementor-col-100 elementor-top-column elementor-element elementor-element-78cf5d1\" data-id=\"78cf5d1\" data-element_type=\"column\">\n\t\t\t<div class=\"elementor-widget-wrap elementor-element-populated\">\n\t\t\t\t\t\t<div class=\"elementor-element elementor-element-ea2a5c1 elementor-widget elementor-widget-heading\" data-id=\"ea2a5c1\" data-element_type=\"widget\" data-widget_type=\"heading.default\">\n\t\t\t\t<div class=\"elementor-widget-container\">\n\t\t\t\t\t<h2 class=\"elementor-heading-title elementor-size-default\">La aparici\u00f3n de un adversario pol\u00edtico<\/h2>\t\t\t\t<\/div>\n\t\t\t\t<\/div>\n\t\t\t\t<div class=\"elementor-element elementor-element-e305eee elementor-widget elementor-widget-text-editor\" data-id=\"e305eee\" data-element_type=\"widget\" data-widget_type=\"text-editor.default\">\n\t\t\t\t<div class=\"elementor-widget-container\">\n\t\t\t\t\t\t\t\t\t<p><span style=\"font-weight: 400;\">A lo largo de la d\u00e9cada de 1950, Minerva Mirabal desarroll\u00f3 convicciones pol\u00edticas cada vez m\u00e1s fuertes. Poco a poco se fue uniendo a las redes clandestinas que pretend\u00edan desafiar a la dictadura. Junto con su marido    <\/span><b>Manolo Tav\u00e1rez Justo<\/b><span style=\"font-weight: 400;\">particip\u00f3 en la creaci\u00f3n del <\/span><b>Movimiento 14 de Junio<\/b><span style=\"font-weight: 400;\">una organizaci\u00f3n de resistencia opuesta al r\u00e9gimen de Trujillo.<\/span><\/p>\n<p><span style=\"font-weight: 400;\">En este movimiento, los miembros utilizan seud\u00f3nimos para proteger su identidad. Minerva Mirabal adopt\u00f3 el nombre de   <\/span><b>&#8220;Mariposa<\/b><span style=\"font-weight: 400;\">que significa &#8220;mariposa&#8221; en espa\u00f1ol. Este nombre se convertir\u00eda m\u00e1s tarde en uno de los s\u00edmbolos m\u00e1s poderosos de la memoria de las hermanas Mirabal, conocido hoy como el   <\/span><b>Las Mariposas<\/b><span style=\"font-weight: 400;\">. La organizaci\u00f3n clandestina pretend\u00eda estructurar una oposici\u00f3n pol\u00edtica capaz de desafiar a la dictadura.<\/span><\/p>\t\t\t\t\t\t\t\t<\/div>\n\t\t\t\t<\/div>\n\t\t\t\t\t<\/div>\n\t\t<\/div>\n\t\t\t\t\t<\/div>\n\t\t<\/section>\n\t\t\t\t<section class=\"elementor-section elementor-top-section elementor-element elementor-element-2a1ed84 elementor-section-boxed elementor-section-height-default elementor-section-height-default\" data-id=\"2a1ed84\" data-element_type=\"section\">\n\t\t\t\t\t\t<div class=\"elementor-container elementor-column-gap-default\">\n\t\t\t\t\t<div class=\"elementor-column elementor-col-100 elementor-top-column elementor-element elementor-element-c125661\" data-id=\"c125661\" data-element_type=\"column\">\n\t\t\t<div class=\"elementor-widget-wrap elementor-element-populated\">\n\t\t\t\t\t\t<div class=\"elementor-element elementor-element-ae42d7c elementor-widget elementor-widget-heading\" data-id=\"ae42d7c\" data-element_type=\"widget\" data-widget_type=\"heading.default\">\n\t\t\t\t<div class=\"elementor-widget-container\">\n\t\t\t\t\t<h2 class=\"elementor-heading-title elementor-size-default\">Detenciones y vigilancia<\/h2>\t\t\t\t<\/div>\n\t\t\t\t<\/div>\n\t\t\t\t<div class=\"elementor-element elementor-element-fb31e21 elementor-widget elementor-widget-text-editor\" data-id=\"fb31e21\" data-element_type=\"widget\" data-widget_type=\"text-editor.default\">\n\t\t\t\t<div class=\"elementor-widget-container\">\n\t\t\t\t\t\t\t\t\t<p><span style=\"font-weight: 400;\">El compromiso de Minerva Mirabal y su hermana Mar\u00eda Teresa pronto atrajo la atenci\u00f3n de las autoridades. En   <\/span><b>1960<\/b><span style=\"font-weight: 400;\">Las dos mujeres fueron detenidas y encarceladas. Estuvieron detenidas en   <\/span><b>Enero de 1960<\/b><span style=\"font-weight: 400;\">Fueron detenidos de nuevo unos meses despu\u00e9s. Estas detenciones formaban parte de una estrategia m\u00e1s amplia del r\u00e9gimen para neutralizar las redes de oposici\u00f3n. Incluso despu\u00e9s de su liberaci\u00f3n, ella y su familia permanecieron bajo la vigilancia constante de los servicios de inteligencia dominicanos. A pesar de esta presi\u00f3n, las hermanas Mirabal siguieron apoyando las actividades del movimiento clandestino.   <\/span><\/p>\t\t\t\t\t\t\t\t<\/div>\n\t\t\t\t<\/div>\n\t\t\t\t\t<\/div>\n\t\t<\/div>\n\t\t\t\t\t<\/div>\n\t\t<\/section>\n\t\t\t\t<section class=\"elementor-section elementor-top-section elementor-element elementor-element-0662d70 elementor-section-boxed elementor-section-height-default elementor-section-height-default\" data-id=\"0662d70\" data-element_type=\"section\">\n\t\t\t\t\t\t<div class=\"elementor-container elementor-column-gap-default\">\n\t\t\t\t\t<div class=\"elementor-column elementor-col-100 elementor-top-column elementor-element elementor-element-64d37c3\" data-id=\"64d37c3\" data-element_type=\"column\">\n\t\t\t<div class=\"elementor-widget-wrap elementor-element-populated\">\n\t\t\t\t\t\t<div class=\"elementor-element elementor-element-64ea480 elementor-widget elementor-widget-heading\" data-id=\"64ea480\" data-element_type=\"widget\" data-widget_type=\"heading.default\">\n\t\t\t\t<div class=\"elementor-widget-container\">\n\t\t\t\t\t<h2 class=\"elementor-heading-title elementor-size-default\">25 de noviembre de 1960: un asesinato pol\u00edtico<\/h2>\t\t\t\t<\/div>\n\t\t\t\t<\/div>\n\t\t\t\t<div class=\"elementor-element elementor-element-b96cd68 elementor-widget elementor-widget-text-editor\" data-id=\"b96cd68\" data-element_type=\"widget\" data-widget_type=\"text-editor.default\">\n\t\t\t\t<div class=\"elementor-widget-container\">\n\t\t\t\t\t\t\t\t\t<p><span style=\"font-weight: 400;\">Le <\/span><b>25 de noviembre de 1960<\/b><span style=\"font-weight: 400;\">Minerva Mirabal, su hermana <\/span><b>Patria Mirabal<\/b><span style=\"font-weight: 400;\">su hermana <\/span><b>Mar\u00eda Teresa Mirabal<\/b><span style=\"font-weight: 400;\">y su ch\u00f3fer <\/span><b>Rufino de la Cruz<\/b><span style=\"font-weight: 400;\">viajaban a Puerto Plata para visitar a sus maridos encarcelados. De regreso, su veh\u00edculo fue interceptado por agentes del r\u00e9gimen. Las tres hermanas y su conductor fueron asesinados. En un principio, las autoridades intentaron presentar el crimen como un accidente de coche. Las circunstancias de sus muertes y los testimonios recogidos posteriormente confirmaron que hab\u00eda sido un      <\/span><b>asesinato pol\u00edtico orquestado por el r\u00e9gimen de Trujillo<\/b><span style=\"font-weight: 400;\">. Este acontecimiento conmocion\u00f3 a la sociedad dominicana.<\/span><\/p>\t\t\t\t\t\t\t\t<\/div>\n\t\t\t\t<\/div>\n\t\t\t\t\t<\/div>\n\t\t<\/div>\n\t\t\t\t\t<\/div>\n\t\t<\/section>\n\t\t\t\t<section class=\"elementor-section elementor-top-section elementor-element elementor-element-3cac2fa elementor-section-boxed elementor-section-height-default elementor-section-height-default\" data-id=\"3cac2fa\" data-element_type=\"section\">\n\t\t\t\t\t\t<div class=\"elementor-container elementor-column-gap-default\">\n\t\t\t\t\t<div class=\"elementor-column elementor-col-100 elementor-top-column elementor-element elementor-element-d15eb90\" data-id=\"d15eb90\" data-element_type=\"column\">\n\t\t\t<div class=\"elementor-widget-wrap elementor-element-populated\">\n\t\t\t\t\t\t<div class=\"elementor-element elementor-element-1d32499 elementor-widget elementor-widget-heading\" data-id=\"1d32499\" data-element_type=\"widget\" data-widget_type=\"heading.default\">\n\t\t\t\t<div class=\"elementor-widget-container\">\n\t\t\t\t\t<h2 class=\"elementor-heading-title elementor-size-default\">Un crimen que aceler\u00f3 la ca\u00edda del r\u00e9gimen<\/h2>\t\t\t\t<\/div>\n\t\t\t\t<\/div>\n\t\t\t\t<div class=\"elementor-element elementor-element-7b1d0e1 elementor-widget elementor-widget-text-editor\" data-id=\"7b1d0e1\" data-element_type=\"widget\" data-widget_type=\"text-editor.default\">\n\t\t\t\t<div class=\"elementor-widget-container\">\n\t\t\t\t\t\t\t\t\t<p><span style=\"font-weight: 400;\">La muerte de las hermanas Mirabal provoc\u00f3 una profunda indignaci\u00f3n en el pa\u00eds. Su asesinato se convirti\u00f3 r\u00e1pidamente en un s\u00edmbolo de la brutalidad del r\u00e9gimen. El crimen reforz\u00f3 la oposici\u00f3n a la dictadura. Unos meses m\u00e1s tarde, en     <\/span><b>Mayo de 1961<\/b><span style=\"font-weight: 400;\">Rafael Trujillo fue asesinado, poniendo fin a m\u00e1s de treinta a\u00f1os de r\u00e9gimen autoritario. La desaparici\u00f3n de Minerva Mirabal y sus hermanas form\u00f3 parte de una secuencia hist\u00f3rica que precedi\u00f3 al colapso del r\u00e9gimen de Trujillo. <\/span><\/p>\t\t\t\t\t\t\t\t<\/div>\n\t\t\t\t<\/div>\n\t\t\t\t\t<\/div>\n\t\t<\/div>\n\t\t\t\t\t<\/div>\n\t\t<\/section>\n\t\t\t\t<section class=\"elementor-section elementor-top-section elementor-element elementor-element-40626fe elementor-section-boxed elementor-section-height-default elementor-section-height-default\" data-id=\"40626fe\" data-element_type=\"section\">\n\t\t\t\t\t\t<div class=\"elementor-container elementor-column-gap-default\">\n\t\t\t\t\t<div class=\"elementor-column elementor-col-100 elementor-top-column elementor-element elementor-element-4421695\" data-id=\"4421695\" data-element_type=\"column\">\n\t\t\t<div class=\"elementor-widget-wrap elementor-element-populated\">\n\t\t\t\t\t\t<div class=\"elementor-element elementor-element-36493e5 elementor-widget elementor-widget-heading\" data-id=\"36493e5\" data-element_type=\"widget\" data-widget_type=\"heading.default\">\n\t\t\t\t<div class=\"elementor-widget-container\">\n\t\t\t\t\t<h2 class=\"elementor-heading-title elementor-size-default\">Un recuerdo que se ha hecho universal<\/h2>\t\t\t\t<\/div>\n\t\t\t\t<\/div>\n\t\t\t\t<div class=\"elementor-element elementor-element-49ca322 elementor-widget elementor-widget-text-editor\" data-id=\"49ca322\" data-element_type=\"widget\" data-widget_type=\"text-editor.default\">\n\t\t\t\t<div class=\"elementor-widget-container\">\n\t\t\t\t\t\t\t\t\t<p><span style=\"font-weight: 400;\">El recuerdo de Minerva Mirabal se extiende ahora m\u00e1s all\u00e1 de la Rep\u00fablica Dominicana. Visita   <\/span><b>25 de noviembre<\/b><span style=\"font-weight: 400;\">  se ha convertido en un d\u00eda internacional de acci\u00f3n contra la violencia hacia las mujeres. Visita   <\/span><b>1999<\/b><span style=\"font-weight: 400;\">la Asamblea General de las Naciones Unidas adopt\u00f3 la resoluci\u00f3n 54\/134, por la que se oficializaba el <\/span><b>D\u00eda Internacional de la Eliminaci\u00f3n de la Violencia contra la Mujer<\/b><span style=\"font-weight: 400;\">. La elecci\u00f3n de esta fecha es un homenaje a las hermanas Mirabal. En el Caribe y Am\u00e9rica Latina, su historia se ha convertido en un importante punto de referencia en los movimientos por los derechos humanos y la igualdad. <\/span><\/p>\t\t\t\t\t\t\t\t<\/div>\n\t\t\t\t<\/div>\n\t\t\t\t<div class=\"elementor-element elementor-element-ca775ed elementor-widget elementor-widget-image\" data-id=\"ca775ed\" data-element_type=\"widget\" data-widget_type=\"image.default\">\n\t\t\t\t<div class=\"elementor-widget-container\">\n\t\t\t\t\t\t\t\t\t\t\t\t\t\t\t<img decoding=\"async\" width=\"800\" height=\"534\" src=\"https:\/\/richeskarayib.com\/wp-content\/uploads\/2026\/03\/Capture-decran-2026-03-12-a-17.56.03-1024x684.png\" class=\"attachment-large size-large wp-image-70729\" alt=\"Minerva Mirabal\" srcset=\"https:\/\/richeskarayib.com\/wp-content\/uploads\/2026\/03\/Capture-decran-2026-03-12-a-17.56.03-1024x684.png 1024w, https:\/\/richeskarayib.com\/wp-content\/uploads\/2026\/03\/Capture-decran-2026-03-12-a-17.56.03-300x200.png 300w, https:\/\/richeskarayib.com\/wp-content\/uploads\/2026\/03\/Capture-decran-2026-03-12-a-17.56.03-768x513.png 768w, https:\/\/richeskarayib.com\/wp-content\/uploads\/2026\/03\/Capture-decran-2026-03-12-a-17.56.03.png 1219w\" sizes=\"(max-width: 800px) 100vw, 800px\" \/>\t\t\t\t\t\t\t\t\t\t\t\t\t\t\t<\/div>\n\t\t\t\t<\/div>\n\t\t\t\t\t<\/div>\n\t\t<\/div>\n\t\t\t\t\t<\/div>\n\t\t<\/section>\n\t\t\t\t<section class=\"elementor-section elementor-top-section elementor-element elementor-element-286f836 elementor-section-boxed elementor-section-height-default elementor-section-height-default\" data-id=\"286f836\" data-element_type=\"section\">\n\t\t\t\t\t\t<div class=\"elementor-container elementor-column-gap-default\">\n\t\t\t\t\t<div class=\"elementor-column elementor-col-100 elementor-top-column elementor-element elementor-element-bd9303b\" data-id=\"bd9303b\" data-element_type=\"column\">\n\t\t\t<div class=\"elementor-widget-wrap elementor-element-populated\">\n\t\t\t\t\t\t<div class=\"elementor-element elementor-element-cc48668 elementor-widget elementor-widget-heading\" data-id=\"cc48668\" data-element_type=\"widget\" data-widget_type=\"heading.default\">\n\t\t\t\t<div class=\"elementor-widget-container\">\n\t\t\t\t\t<h2 class=\"elementor-heading-title elementor-size-default\">Una presencia duradera en la memoria dominicana<\/h2>\t\t\t\t<\/div>\n\t\t\t\t<\/div>\n\t\t\t\t<div class=\"elementor-element elementor-element-a3d6390 elementor-widget elementor-widget-text-editor\" data-id=\"a3d6390\" data-element_type=\"widget\" data-widget_type=\"text-editor.default\">\n\t\t\t\t<div class=\"elementor-widget-container\">\n\t\t\t\t\t\t\t\t\t<p><span style=\"font-weight: 400;\">En la Rep\u00fablica Dominicana, el legado de Minerva Mirabal puede verse en muchos lugares conmemorativos. La casa familiar se ha transformado en un   <\/span><b>Casa Museo Hermanas Mirabal<\/b><span style=\"font-weight: 400;\">un museo dedicado a su historia y compromiso pol\u00edtico. La provincia de Salcedo tambi\u00e9n ha pasado a llamarse   <\/span><b>provincia Hermanas Mirabal<\/b><span style=\"font-weight: 400;\"> en 2007.<\/span><\/p>\n<p><span style=\"font-weight: 400;\">Su imagen tambi\u00e9n aparece en el <\/span><b>billete de 200 pesos dominicanos<\/b><span style=\"font-weight: 400;\">Una se\u00f1al de su importancia en la historia nacional. Estos homenajes institucionales dan testimonio del lugar que ocupan actualmente las hermanas Mirabal en la memoria colectiva del pa\u00eds. <\/span><\/p>\t\t\t\t\t\t\t\t<\/div>\n\t\t\t\t<\/div>\n\t\t\t\t<div class=\"elementor-element elementor-element-18cc50d elementor-widget elementor-widget-image\" data-id=\"18cc50d\" data-element_type=\"widget\" data-widget_type=\"image.default\">\n\t\t\t\t<div class=\"elementor-widget-container\">\n\t\t\t\t\t\t\t\t\t\t\t\t<figure class=\"wp-caption\">\n\t\t\t\t\t\t\t\t\t\t<img decoding=\"async\" width=\"800\" height=\"234\" src=\"https:\/\/richeskarayib.com\/wp-content\/uploads\/2026\/03\/\u00a9Casa-Museo-Hermanas-Mirabal-1024x300.jpg\" class=\"attachment-large size-large wp-image-70737\" alt=\"Minerva Mirabal\" srcset=\"https:\/\/richeskarayib.com\/wp-content\/uploads\/2026\/03\/\u00a9Casa-Museo-Hermanas-Mirabal-1024x300.jpg 1024w, https:\/\/richeskarayib.com\/wp-content\/uploads\/2026\/03\/\u00a9Casa-Museo-Hermanas-Mirabal-300x88.jpg 300w, https:\/\/richeskarayib.com\/wp-content\/uploads\/2026\/03\/\u00a9Casa-Museo-Hermanas-Mirabal-768x225.jpg 768w, https:\/\/richeskarayib.com\/wp-content\/uploads\/2026\/03\/\u00a9Casa-Museo-Hermanas-Mirabal-1536x450.jpg 1536w, https:\/\/richeskarayib.com\/wp-content\/uploads\/2026\/03\/\u00a9Casa-Museo-Hermanas-Mirabal-1320x387.jpg 1320w, https:\/\/richeskarayib.com\/wp-content\/uploads\/2026\/03\/\u00a9Casa-Museo-Hermanas-Mirabal.jpg 1920w\" sizes=\"(max-width: 800px) 100vw, 800px\" \/>\t\t\t\t\t\t\t\t\t\t\t<figcaption class=\"widget-image-caption wp-caption-text\">\u00a9Casa Museo Hermanas Mirabal<\/figcaption>\n\t\t\t\t\t\t\t\t\t\t<\/figure>\n\t\t\t\t\t\t\t\t\t<\/div>\n\t\t\t\t<\/div>\n\t\t\t\t<div class=\"elementor-element elementor-element-69928a0 elementor-widget elementor-widget-image\" data-id=\"69928a0\" data-element_type=\"widget\" data-widget_type=\"image.default\">\n\t\t\t\t<div class=\"elementor-widget-container\">\n\t\t\t\t\t\t\t\t\t\t\t\t\t\t\t<img loading=\"lazy\" decoding=\"async\" width=\"800\" height=\"394\" src=\"https:\/\/richeskarayib.com\/wp-content\/uploads\/2026\/03\/Capture-decran-2026-03-12-a-17.55.32-1024x504.png\" class=\"attachment-large size-large wp-image-70725\" alt=\"Minerva Mirabal\" srcset=\"https:\/\/richeskarayib.com\/wp-content\/uploads\/2026\/03\/Capture-decran-2026-03-12-a-17.55.32-1024x504.png 1024w, https:\/\/richeskarayib.com\/wp-content\/uploads\/2026\/03\/Capture-decran-2026-03-12-a-17.55.32-300x148.png 300w, https:\/\/richeskarayib.com\/wp-content\/uploads\/2026\/03\/Capture-decran-2026-03-12-a-17.55.32-768x378.png 768w, https:\/\/richeskarayib.com\/wp-content\/uploads\/2026\/03\/Capture-decran-2026-03-12-a-17.55.32-1320x649.png 1320w, https:\/\/richeskarayib.com\/wp-content\/uploads\/2026\/03\/Capture-decran-2026-03-12-a-17.55.32.png 1435w\" sizes=\"(max-width: 800px) 100vw, 800px\" \/>\t\t\t\t\t\t\t\t\t\t\t\t\t\t\t<\/div>\n\t\t\t\t<\/div>\n\t\t\t\t\t<\/div>\n\t\t<\/div>\n\t\t\t\t\t<\/div>\n\t\t<\/section>\n\t\t\t\t<section class=\"elementor-section elementor-top-section elementor-element elementor-element-50b600b elementor-section-boxed elementor-section-height-default elementor-section-height-default\" data-id=\"50b600b\" data-element_type=\"section\">\n\t\t\t\t\t\t<div class=\"elementor-container elementor-column-gap-default\">\n\t\t\t\t\t<div class=\"elementor-column elementor-col-100 elementor-top-column elementor-element elementor-element-736fee5\" data-id=\"736fee5\" data-element_type=\"column\">\n\t\t\t<div class=\"elementor-widget-wrap elementor-element-populated\">\n\t\t\t\t\t\t<div class=\"elementor-element elementor-element-b302611 elementor-widget elementor-widget-heading\" data-id=\"b302611\" data-element_type=\"widget\" data-widget_type=\"heading.default\">\n\t\t\t\t<div class=\"elementor-widget-container\">\n\t\t\t\t\t<h2 class=\"elementor-heading-title elementor-size-default\">Cien a\u00f1os despu\u00e9s de su nacimiento, una figura que sigue siendo actual<\/h2>\t\t\t\t<\/div>\n\t\t\t\t<\/div>\n\t\t\t\t<div class=\"elementor-element elementor-element-6e39e87 elementor-widget elementor-widget-text-editor\" data-id=\"6e39e87\" data-element_type=\"widget\" data-widget_type=\"text-editor.default\">\n\t\t\t\t<div class=\"elementor-widget-container\">\n\t\t\t\t\t\t\t\t\t<p><span style=\"font-weight: 400;\">Cien a\u00f1os despu\u00e9s del nacimiento de Minerva Mirabal, su trayectoria sigue interpelando a las sociedades contempor\u00e1neas. Su compromiso es un recordatorio de que la resistencia puede surgir en el coraz\u00f3n mismo de los sistemas autoritarios. Tambi\u00e9n demuestra que la historia pol\u00edtica del Caribe ha sido moldeada por trayectorias individuales marcadas por el valor, la determinaci\u00f3n y la voluntad de transformar la sociedad.  <\/span><\/p>\n<p><span style=\"font-weight: 400;\">En la historia dominicana, <\/span><b>Minerva Mirabal sigue siendo una de las voces m\u00e1s fuertes en la lucha contra la dictadura<\/b><span style=\"font-weight: 400;\">. Y en la historia del mundo, su nombre sigue asociado a una causa universal: la lucha contra la violencia y la injusticia contra las mujeres. Un siglo despu\u00e9s de su nacimiento, este recuerdo sigue traspasando fronteras y generaciones. <\/span><\/p>\t\t\t\t\t\t\t\t<\/div>\n\t\t\t\t<\/div>\n\t\t\t\t\t<\/div>\n\t\t<\/div>\n\t\t\t\t\t<\/div>\n\t\t<\/section>\n\t\t\t\t<section class=\"elementor-section elementor-top-section elementor-element elementor-element-f5709a6 elementor-section-boxed elementor-section-height-default elementor-section-height-default\" data-id=\"f5709a6\" data-element_type=\"section\">\n\t\t\t\t\t\t<div class=\"elementor-container elementor-column-gap-default\">\n\t\t\t\t\t<div class=\"elementor-column elementor-col-100 elementor-top-column elementor-element elementor-element-957be6f\" data-id=\"957be6f\" data-element_type=\"column\">\n\t\t\t<div class=\"elementor-widget-wrap elementor-element-populated\">\n\t\t\t\t\t\t<div class=\"elementor-element elementor-element-63e5d4a elementor-widget elementor-widget-accordion\" data-id=\"63e5d4a\" data-element_type=\"widget\" data-widget_type=\"accordion.default\">\n\t\t\t\t<div class=\"elementor-widget-container\">\n\t\t\t\t\t\t\t<div class=\"elementor-accordion\">\n\t\t\t\t\t\t\t<div class=\"elementor-accordion-item\">\n\t\t\t\t\t<div id=\"elementor-tab-title-1041\" class=\"elementor-tab-title\" data-tab=\"1\" role=\"button\" aria-controls=\"elementor-tab-content-1041\" aria-expanded=\"false\">\n\t\t\t\t\t\t\t\t\t\t\t\t\t<span class=\"elementor-accordion-icon elementor-accordion-icon-left\" aria-hidden=\"true\">\n\t\t\t\t\t\t\t\t\t\t\t\t\t\t\t<span class=\"elementor-accordion-icon-closed\"><i class=\"fas fa-plus\"><\/i><\/span>\n\t\t\t\t\t\t\t\t<span class=\"elementor-accordion-icon-opened\"><i class=\"fas fa-minus\"><\/i><\/span>\n\t\t\t\t\t\t\t\t\t\t\t\t\t\t<\/span>\n\t\t\t\t\t\t\t\t\t\t\t\t<a class=\"elementor-accordion-title\" tabindex=\"0\">\u00bfQui\u00e9n era Minerva Mirabal?<\/a>\n\t\t\t\t\t<\/div>\n\t\t\t\t\t<div id=\"elementor-tab-content-1041\" class=\"elementor-tab-content elementor-clearfix\" data-tab=\"1\" role=\"region\" aria-labelledby=\"elementor-tab-title-1041\"><p><span style=\"font-weight: 400;\">Minerva Mirabal fue una abogada y activista dominicana nacida el 12 de marzo de 1926 en Ojo de Agua, en la regi\u00f3n de Salcedo. Opositora a la dictadura de Rafael Trujillo, ayud\u00f3 a fundar el movimiento clandestino   <\/span><b>Movimiento 14 de Junio<\/b><span style=\"font-weight: 400;\">. Junto con sus hermanas Patria y Mar\u00eda Teresa, fue asesinada el 25 de noviembre de 1960. Su historia se ha convertido en uno de los principales s\u00edmbolos de la resistencia pol\u00edtica en la Rep\u00fablica Dominicana. <\/span><\/p>\n<\/div>\n\t\t\t\t<\/div>\n\t\t\t\t\t\t\t<div class=\"elementor-accordion-item\">\n\t\t\t\t\t<div id=\"elementor-tab-title-1042\" class=\"elementor-tab-title\" data-tab=\"2\" role=\"button\" aria-controls=\"elementor-tab-content-1042\" aria-expanded=\"false\">\n\t\t\t\t\t\t\t\t\t\t\t\t\t<span class=\"elementor-accordion-icon elementor-accordion-icon-left\" aria-hidden=\"true\">\n\t\t\t\t\t\t\t\t\t\t\t\t\t\t\t<span class=\"elementor-accordion-icon-closed\"><i class=\"fas fa-plus\"><\/i><\/span>\n\t\t\t\t\t\t\t\t<span class=\"elementor-accordion-icon-opened\"><i class=\"fas fa-minus\"><\/i><\/span>\n\t\t\t\t\t\t\t\t\t\t\t\t\t\t<\/span>\n\t\t\t\t\t\t\t\t\t\t\t\t<a class=\"elementor-accordion-title\" tabindex=\"0\">\u00bfPor qu\u00e9 Minerva Mirabal es una figura importante en la historia de la Rep\u00fablica Dominicana?<\/a>\n\t\t\t\t\t<\/div>\n\t\t\t\t\t<div id=\"elementor-tab-content-1042\" class=\"elementor-tab-content elementor-clearfix\" data-tab=\"2\" role=\"region\" aria-labelledby=\"elementor-tab-title-1042\"><p><span style=\"font-weight: 400;\">Minerva Mirabal encarn\u00f3 la oposici\u00f3n civil a la dictadura de Rafael Trujillo, que gobern\u00f3 la Rep\u00fablica Dominicana de 1930 a 1961. Su compromiso pol\u00edtico y el de sus hermanas dejaron huella en la historia del pa\u00eds. Su asesinato en 1960 provoc\u00f3 una fuerte indignaci\u00f3n nacional y contribuy\u00f3 a debilitar el r\u00e9gimen autoritario.  <\/span><\/p>\n<\/div>\n\t\t\t\t<\/div>\n\t\t\t\t\t\t\t<div class=\"elementor-accordion-item\">\n\t\t\t\t\t<div id=\"elementor-tab-title-1043\" class=\"elementor-tab-title\" data-tab=\"3\" role=\"button\" aria-controls=\"elementor-tab-content-1043\" aria-expanded=\"false\">\n\t\t\t\t\t\t\t\t\t\t\t\t\t<span class=\"elementor-accordion-icon elementor-accordion-icon-left\" aria-hidden=\"true\">\n\t\t\t\t\t\t\t\t\t\t\t\t\t\t\t<span class=\"elementor-accordion-icon-closed\"><i class=\"fas fa-plus\"><\/i><\/span>\n\t\t\t\t\t\t\t\t<span class=\"elementor-accordion-icon-opened\"><i class=\"fas fa-minus\"><\/i><\/span>\n\t\t\t\t\t\t\t\t\t\t\t\t\t\t<\/span>\n\t\t\t\t\t\t\t\t\t\t\t\t<a class=\"elementor-accordion-title\" tabindex=\"0\">\u00bfPor qu\u00e9 las hermanas Mirabal se llaman \"Las Mariposas\"?<\/a>\n\t\t\t\t\t<\/div>\n\t\t\t\t\t<div id=\"elementor-tab-content-1043\" class=\"elementor-tab-content elementor-clearfix\" data-tab=\"3\" role=\"region\" aria-labelledby=\"elementor-tab-title-1043\"><p><span style=\"font-weight: 400;\">En el movimiento clandestino de oposici\u00f3n a Trujillo, Minerva Mirabal utiliz\u00f3 el nombre en clave <\/span><b>&#8220;Mariposa<\/b><span style=\"font-weight: 400;\">que significa mariposa en espa\u00f1ol. Este seud\u00f3nimo se convirti\u00f3 en el s\u00edmbolo del grupo y dio origen al apodo   <\/span><b>Las Mariposas<\/b><span style=\"font-weight: 400;\">ahora asociada a la memoria de las hermanas Mirabal en toda la Rep\u00fablica Dominicana.<\/span><\/p>\n<\/div>\n\t\t\t\t<\/div>\n\t\t\t\t\t\t\t\t<\/div>\n\t\t\t\t\t\t<\/div>\n\t\t\t\t<\/div>\n\t\t\t\t\t<\/div>\n\t\t<\/div>\n\t\t\t\t\t<\/div>\n\t\t<\/section>\n\t\t\t\t<\/div>\n\t\t","protected":false},"excerpt":{"rendered":"<p>El 12 de marzo de 1926 naci\u00f3 Minerva Mirabal en la Rep\u00fablica Dominicana . Minerva MirabalUna mujer cuyo nombre permanece inextricablemente ligado a la historia pol\u00edtica del pa\u00eds y a la memoria global de la lucha contra la violencia y el autoritarismo. Un siglo despu\u00e9s, su historia sigue atravesando generaciones, mucho m\u00e1s all\u00e1 de las [&hellip;]<\/p>\n","protected":false},"author":662,"featured_media":70721,"comment_status":"open","ping_status":"open","sticky":false,"template":"","format":"standard","meta":{"_acf_changed":false,"footnotes":""},"categories":[1469],"tags":[1481],"class_list":["post-70739","post","type-post","status-publish","format-standard","has-post-thumbnail","hentry","category-historia-patrimonio","tag-republica-dominicana"],"acf":[],"_links":{"self":[{"href":"https:\/\/richeskarayib.com\/es\/wp-json\/wp\/v2\/posts\/70739","targetHints":{"allow":["GET"]}}],"collection":[{"href":"https:\/\/richeskarayib.com\/es\/wp-json\/wp\/v2\/posts"}],"about":[{"href":"https:\/\/richeskarayib.com\/es\/wp-json\/wp\/v2\/types\/post"}],"author":[{"embeddable":true,"href":"https:\/\/richeskarayib.com\/es\/wp-json\/wp\/v2\/users\/662"}],"replies":[{"embeddable":true,"href":"https:\/\/richeskarayib.com\/es\/wp-json\/wp\/v2\/comments?post=70739"}],"version-history":[{"count":0,"href":"https:\/\/richeskarayib.com\/es\/wp-json\/wp\/v2\/posts\/70739\/revisions"}],"wp:featuredmedia":[{"embeddable":true,"href":"https:\/\/richeskarayib.com\/es\/wp-json\/wp\/v2\/media\/70721"}],"wp:attachment":[{"href":"https:\/\/richeskarayib.com\/es\/wp-json\/wp\/v2\/media?parent=70739"}],"wp:term":[{"taxonomy":"category","embeddable":true,"href":"https:\/\/richeskarayib.com\/es\/wp-json\/wp\/v2\/categories?post=70739"},{"taxonomy":"post_tag","embeddable":true,"href":"https:\/\/richeskarayib.com\/es\/wp-json\/wp\/v2\/tags?post=70739"}],"curies":[{"name":"wp","href":"https:\/\/api.w.org\/{rel}","templated":true}]}}