{"id":70929,"date":"2026-03-18T10:59:46","date_gmt":"2026-03-18T14:59:46","guid":{"rendered":"https:\/\/richeskarayib.com\/vudu-haiti-en-el-centro-de-una-gran-apuesta-patrimonial-con-benin\/"},"modified":"2026-03-18T10:59:49","modified_gmt":"2026-03-18T14:59:49","slug":"vudu-haiti-en-el-centro-de-una-gran-apuesta-patrimonial-con-benin","status":"publish","type":"post","link":"https:\/\/richeskarayib.com\/es\/vudu-haiti-en-el-centro-de-una-gran-apuesta-patrimonial-con-benin\/","title":{"rendered":"Vud\u00fa: Hait\u00ed en el centro de una gran apuesta patrimonial con Ben\u00edn"},"content":{"rendered":"\t\t<div data-elementor-type=\"wp-post\" data-elementor-id=\"70929\" class=\"elementor elementor-70929 elementor-70899\" data-elementor-post-type=\"post\">\n\t\t\t\t\t\t<section class=\"elementor-section elementor-top-section elementor-element elementor-element-7ca7ca1 elementor-section-boxed elementor-section-height-default elementor-section-height-default\" data-id=\"7ca7ca1\" data-element_type=\"section\">\n\t\t\t\t\t\t<div class=\"elementor-container elementor-column-gap-default\">\n\t\t\t\t\t<div class=\"elementor-column elementor-col-100 elementor-top-column elementor-element elementor-element-cbdd002\" data-id=\"cbdd002\" data-element_type=\"column\">\n\t\t\t<div class=\"elementor-widget-wrap elementor-element-populated\">\n\t\t\t\t\t\t<section class=\"elementor-section elementor-inner-section elementor-element elementor-element-bc94849 elementor-section-boxed elementor-section-height-default elementor-section-height-default\" data-id=\"bc94849\" data-element_type=\"section\">\n\t\t\t\t\t\t<div class=\"elementor-container elementor-column-gap-default\">\n\t\t\t\t\t\t<\/div>\n\t\t<\/section>\n\t\t\t\t<section class=\"elementor-section elementor-inner-section elementor-element elementor-element-61571e6 elementor-section-boxed elementor-section-height-default elementor-section-height-default\" data-id=\"61571e6\" data-element_type=\"section\">\n\t\t\t\t\t\t<div class=\"elementor-container elementor-column-gap-default\">\n\t\t\t\t\t\t<\/div>\n\t\t<\/section>\n\t\t\t\t<section class=\"elementor-section elementor-inner-section elementor-element elementor-element-b6262e0 elementor-section-boxed elementor-section-height-default elementor-section-height-default\" data-id=\"b6262e0\" data-element_type=\"section\">\n\t\t\t\t\t\t<div class=\"elementor-container elementor-column-gap-default\">\n\t\t\t\t\t\t<\/div>\n\t\t<\/section>\n\t\t\t\t<section class=\"elementor-section elementor-inner-section elementor-element elementor-element-cca29fd elementor-section-boxed elementor-section-height-default elementor-section-height-default\" data-id=\"cca29fd\" data-element_type=\"section\">\n\t\t\t\t\t\t<div class=\"elementor-container elementor-column-gap-default\">\n\t\t\t\t\t\t<\/div>\n\t\t<\/section>\n\t\t\t\t\t<\/div>\n\t\t<\/div>\n\t\t\t\t\t<\/div>\n\t\t<\/section>\n\t\t\t\t<section class=\"elementor-section elementor-top-section elementor-element elementor-element-ee72354 elementor-section-boxed elementor-section-height-default elementor-section-height-default\" data-id=\"ee72354\" data-element_type=\"section\">\n\t\t\t\t\t\t<div class=\"elementor-container elementor-column-gap-default\">\n\t\t\t\t\t<div class=\"elementor-column elementor-col-100 elementor-top-column elementor-element elementor-element-c59d6fe\" data-id=\"c59d6fe\" data-element_type=\"column\">\n\t\t\t<div class=\"elementor-widget-wrap elementor-element-populated\">\n\t\t\t\t\t\t<div class=\"elementor-element elementor-element-e57451f elementor-widget elementor-widget-text-editor\" data-id=\"e57451f\" data-element_type=\"widget\" data-widget_type=\"text-editor.default\">\n\t\t\t\t<div class=\"elementor-widget-container\">\n\t\t\t\t\t\t\t\t\t<p><span style=\"font-weight: 400;\">El <\/span><b>vod\u00fa<\/b><span style=\"font-weight: 400;\">  est\u00e1 entrando en una nueva fase de su historia internacional. La candidatura conjunta de Hait\u00ed y Ben\u00edn para su inscripci\u00f3n en la Lista Representativa del Patrimonio Cultural Inmaterial de la Humanidad sit\u00faa siglos de memoria, transmisi\u00f3n y creaci\u00f3n en el centro de un debate mundial sobre el patrimonio. El plazo fijado por la UNESCO para que las solicitudes se examinen en 2027, y se presenten antes del 31 de marzo de 2026, sit\u00faa esta iniciativa dentro de un calendario institucional preciso y estructurado, pero lo que est\u00e1 en juego va mucho m\u00e1s all\u00e1 del procedimiento administrativo.  <\/span><\/p>\t\t\t\t\t\t\t\t<\/div>\n\t\t\t\t<\/div>\n\t\t\t\t<div class=\"elementor-element elementor-element-4960a73 elementor-widget elementor-widget-text-editor\" data-id=\"4960a73\" data-element_type=\"widget\" data-widget_type=\"text-editor.default\">\n\t\t\t\t<div class=\"elementor-widget-container\">\n\t\t\t\t\t\t\t\t\t<p><span style=\"font-weight: 400;\">Para el Caribe, y Hait\u00ed en particular, esta candidatura no es una mera formalidad cultural. Se trata del reconocimiento de un patrimonio vivo, a menudo incomprendido, a veces caricaturizado, pero profundamente arraigado en la historia social, art\u00edstica y espiritual del pa\u00eds. El vud\u00fa no es un folclore fijo; es una matriz cultural, una forma de organizar el v\u00ednculo entre generaciones, comunidades y lo sagrado. Inscribirlo en una din\u00e1mica patrimonial internacional significa reconocer su complejidad, profundidad y vitalidad.   <\/span><\/p>\t\t\t\t\t\t\t\t<\/div>\n\t\t\t\t<\/div>\n\t\t\t\t\t<\/div>\n\t\t<\/div>\n\t\t\t\t\t<\/div>\n\t\t<\/section>\n\t\t\t\t<section class=\"elementor-section elementor-top-section elementor-element elementor-element-82cd8f9 elementor-section-boxed elementor-section-height-default elementor-section-height-default\" data-id=\"82cd8f9\" data-element_type=\"section\">\n\t\t\t\t\t\t<div class=\"elementor-container elementor-column-gap-default\">\n\t\t\t\t\t<div class=\"elementor-column elementor-col-100 elementor-top-column elementor-element elementor-element-0bfdc38\" data-id=\"0bfdc38\" data-element_type=\"column\">\n\t\t\t<div class=\"elementor-widget-wrap elementor-element-populated\">\n\t\t\t\t\t\t<div class=\"elementor-element elementor-element-7d292fe elementor-widget elementor-widget-heading\" data-id=\"7d292fe\" data-element_type=\"widget\" data-widget_type=\"heading.default\">\n\t\t\t\t<div class=\"elementor-widget-container\">\n\t\t\t\t\t<h2 class=\"elementor-heading-title elementor-size-default\">Una candidatura que redefine la forma de ver el vod\u00fa<\/h2>\t\t\t\t<\/div>\n\t\t\t\t<\/div>\n\t\t\t\t<div class=\"elementor-element elementor-element-96caf50 elementor-widget elementor-widget-text-editor\" data-id=\"96caf50\" data-element_type=\"widget\" data-widget_type=\"text-editor.default\">\n\t\t\t\t<div class=\"elementor-widget-container\">\n\t\t\t\t\t\t\t\t\t<p><span style=\"font-weight: 400;\">La fuerza de esta iniciativa reside en su ambici\u00f3n de ir m\u00e1s all\u00e1 de las representaciones simplistas. Demasiado a menudo confinado a im\u00e1genes espectaculares o distorsionadas, el Vodou aparece aqu\u00ed como un sistema cultural completo, que combina creencias, pr\u00e1cticas sociales, artes, rituales y modos de transmisi\u00f3n. La documentaci\u00f3n oficial asociada al proyecto de Ben\u00edn se\u00f1ala que el vud\u00fa tiene sus ra\u00edces en \u00c1frica Occidental, y que se extendi\u00f3 a territorios marcados por la trata transatl\u00e1ntica de esclavos. Esta continuidad hist\u00f3rica arroja luz sobre el arraigado v\u00ednculo entre Ben\u00edn y Hait\u00ed, no como una yuxtaposici\u00f3n diplom\u00e1tica, sino como una historia compartida.   <\/span><\/p>\t\t\t\t\t\t\t\t<\/div>\n\t\t\t\t<\/div>\n\t\t\t\t<div class=\"elementor-element elementor-element-dfd6c9a elementor-widget elementor-widget-text-editor\" data-id=\"dfd6c9a\" data-element_type=\"widget\" data-widget_type=\"text-editor.default\">\n\t\t\t\t<div class=\"elementor-widget-container\">\n\t\t\t\t\t\t\t\t\t<p><span style=\"font-weight: 400;\">Este reposicionamiento es esencial. Registrar <a href=\"https:\/\/richeskarayib.com\/es\/haiti-veve-vodou-haiti-una-obra-fundamental-sobre-los-simbolos-sagrados-de-la-espiritualidad-haitiana\/\" target=\"_blank\" rel=\"noopener\">el vud\u00fa<\/a> como patrimonio cultural inmaterial significa reconocer que no es un objeto aislado, sino un conjunto de conocimientos, gestos, ritmos e historias que se transmiten en el seno de comunidades vivas. El reconocimiento del patrimonio no congela la tradici\u00f3n, sino que pone de relieve su capacidad de adaptaci\u00f3n y evoluci\u00f3n. Afirma que el valor del vud\u00fa reside tanto en su dimensi\u00f3n espiritual como en su funci\u00f3n social y art\u00edstica.   <\/span><\/p>\t\t\t\t\t\t\t\t<\/div>\n\t\t\t\t<\/div>\n\t\t\t\t<div class=\"elementor-element elementor-element-577da32 elementor-widget elementor-widget-image\" data-id=\"577da32\" data-element_type=\"widget\" data-widget_type=\"image.default\">\n\t\t\t\t<div class=\"elementor-widget-container\">\n\t\t\t\t\t\t\t\t\t\t\t\t\t\t\t<img fetchpriority=\"high\" decoding=\"async\" width=\"800\" height=\"447\" src=\"https:\/\/richeskarayib.com\/wp-content\/uploads\/2026\/03\/Gemini_Generated_Image_yi24v9yi24v9yi24-1024x572.png\" class=\"attachment-large size-large wp-image-70907\" alt=\"Vodou\" srcset=\"https:\/\/richeskarayib.com\/wp-content\/uploads\/2026\/03\/Gemini_Generated_Image_yi24v9yi24v9yi24-1024x572.png 1024w, https:\/\/richeskarayib.com\/wp-content\/uploads\/2026\/03\/Gemini_Generated_Image_yi24v9yi24v9yi24-300x167.png 300w, https:\/\/richeskarayib.com\/wp-content\/uploads\/2026\/03\/Gemini_Generated_Image_yi24v9yi24v9yi24-768x429.png 768w, https:\/\/richeskarayib.com\/wp-content\/uploads\/2026\/03\/Gemini_Generated_Image_yi24v9yi24v9yi24-1320x737.png 1320w, https:\/\/richeskarayib.com\/wp-content\/uploads\/2026\/03\/Gemini_Generated_Image_yi24v9yi24v9yi24.png 1376w\" sizes=\"(max-width: 800px) 100vw, 800px\" \/>\t\t\t\t\t\t\t\t\t\t\t\t\t\t\t<\/div>\n\t\t\t\t<\/div>\n\t\t\t\t<section class=\"elementor-section elementor-inner-section elementor-element elementor-element-c582330 elementor-section-boxed elementor-section-height-default elementor-section-height-default\" data-id=\"c582330\" data-element_type=\"section\">\n\t\t\t\t\t\t<div class=\"elementor-container elementor-column-gap-default\">\n\t\t\t\t\t\t<\/div>\n\t\t<\/section>\n\t\t\t\t<section class=\"elementor-section elementor-inner-section elementor-element elementor-element-296603a elementor-section-boxed elementor-section-height-default elementor-section-height-default\" data-id=\"296603a\" data-element_type=\"section\">\n\t\t\t\t\t\t<div class=\"elementor-container elementor-column-gap-default\">\n\t\t\t\t\t\t<\/div>\n\t\t<\/section>\n\t\t\t\t\t<\/div>\n\t\t<\/div>\n\t\t\t\t\t<\/div>\n\t\t<\/section>\n\t\t\t\t<section class=\"elementor-section elementor-top-section elementor-element elementor-element-bdd0219 elementor-section-boxed elementor-section-height-default elementor-section-height-default\" data-id=\"bdd0219\" data-element_type=\"section\">\n\t\t\t\t\t\t<div class=\"elementor-container elementor-column-gap-default\">\n\t\t\t\t\t<div class=\"elementor-column elementor-col-100 elementor-top-column elementor-element elementor-element-c1ec903\" data-id=\"c1ec903\" data-element_type=\"column\">\n\t\t\t<div class=\"elementor-widget-wrap elementor-element-populated\">\n\t\t\t\t\t\t<div class=\"elementor-element elementor-element-55dd336 elementor-widget elementor-widget-heading\" data-id=\"55dd336\" data-element_type=\"widget\" data-widget_type=\"heading.default\">\n\t\t\t\t<div class=\"elementor-widget-container\">\n\t\t\t\t\t<h2 class=\"elementor-heading-title elementor-size-default\">Hait\u00ed, territorio vud\u00fa en el Caribe<\/h2>\t\t\t\t<\/div>\n\t\t\t\t<\/div>\n\t\t\t\t<div class=\"elementor-element elementor-element-9cd513e elementor-widget elementor-widget-text-editor\" data-id=\"9cd513e\" data-element_type=\"widget\" data-widget_type=\"text-editor.default\">\n\t\t\t\t<div class=\"elementor-widget-container\">\n\t\t\t\t\t\t\t\t\t<h3><b>Una presencia estructurante en la sociedad haitiana<\/b><\/h3>\n<p><span style=\"font-weight: 400;\">En Hait\u00ed, <a href=\"https:\/\/fr.wikipedia.org\/wiki\/Vaudou_ha%C3%AFtien\" target=\"_blank\" rel=\"noopener nofollow\">el vud\u00fa<\/a> impregna las capas m\u00e1s profundas de la sociedad. Moldea los rituales, pero tambi\u00e9n las formas de sociabilidad, los calendarios simb\u00f3licos, las relaciones con los antepasados y las maneras de interpretar el mundo. El vud\u00fa no s\u00f3lo se expresa en las ceremonias; impregna los gestos cotidianos, las historias familiares y las relaciones comunitarias. Comprender el Vodou en Hait\u00ed exige mirar m\u00e1s all\u00e1 de la frontera entre religi\u00f3n y cultura: es un universo de significados donde la espiritualidad, la est\u00e9tica y la organizaci\u00f3n social est\u00e1n en constante di\u00e1logo.   <\/span><\/p>\t\t\t\t\t\t\t\t<\/div>\n\t\t\t\t<\/div>\n\t\t\t\t<section class=\"elementor-section elementor-inner-section elementor-element elementor-element-92f4402 elementor-section-boxed elementor-section-height-default elementor-section-height-default\" data-id=\"92f4402\" data-element_type=\"section\">\n\t\t\t\t\t\t<div class=\"elementor-container elementor-column-gap-default\">\n\t\t\t\t\t\t<\/div>\n\t\t<\/section>\n\t\t\t\t<div class=\"elementor-element elementor-element-1f7f290 elementor-widget elementor-widget-text-editor\" data-id=\"1f7f290\" data-element_type=\"widget\" data-widget_type=\"text-editor.default\">\n\t\t\t\t<div class=\"elementor-widget-container\">\n\t\t\t\t\t\t\t\t\t<p><span style=\"font-weight: 400;\">Esto explica por qu\u00e9 la candidatura tiene una dimensi\u00f3n especial para el pa\u00eds. Hait\u00ed no es s\u00f3lo un pa\u00eds con un legado hist\u00f3rico; es tambi\u00e9n un pa\u00eds vibrante con un patrimonio que sigue dando forma a las identidades y pr\u00e1cticas contempor\u00e1neas. En un momento en que la imagen internacional de Hait\u00ed suele estar dominada por narrativas de crisis, destacar el vud\u00fa como patrimonio vivo forma parte de una reescritura m\u00e1s equilibrada y precisa de la narrativa nacional.  <\/span><\/p>\t\t\t\t\t\t\t\t<\/div>\n\t\t\t\t<\/div>\n\t\t\t\t<div class=\"elementor-element elementor-element-67e5df9 elementor-widget elementor-widget-image\" data-id=\"67e5df9\" data-element_type=\"widget\" data-widget_type=\"image.default\">\n\t\t\t\t<div class=\"elementor-widget-container\">\n\t\t\t\t\t\t\t\t\t\t\t\t\t\t\t<img decoding=\"async\" width=\"800\" height=\"437\" src=\"https:\/\/richeskarayib.com\/wp-content\/uploads\/2026\/03\/Gemini_Generated_Image_8u0kl68u0kl68u0k-1024x559.png\" class=\"attachment-large size-large wp-image-70911\" alt=\"Vodou\" srcset=\"https:\/\/richeskarayib.com\/wp-content\/uploads\/2026\/03\/Gemini_Generated_Image_8u0kl68u0kl68u0k-1024x559.png 1024w, https:\/\/richeskarayib.com\/wp-content\/uploads\/2026\/03\/Gemini_Generated_Image_8u0kl68u0kl68u0k-300x164.png 300w, https:\/\/richeskarayib.com\/wp-content\/uploads\/2026\/03\/Gemini_Generated_Image_8u0kl68u0kl68u0k-768x419.png 768w, https:\/\/richeskarayib.com\/wp-content\/uploads\/2026\/03\/Gemini_Generated_Image_8u0kl68u0kl68u0k-1320x720.png 1320w, https:\/\/richeskarayib.com\/wp-content\/uploads\/2026\/03\/Gemini_Generated_Image_8u0kl68u0kl68u0k.png 1408w\" sizes=\"(max-width: 800px) 100vw, 800px\" \/>\t\t\t\t\t\t\t\t\t\t\t\t\t\t\t<\/div>\n\t\t\t\t<\/div>\n\t\t\t\t<div class=\"elementor-element elementor-element-c0f40a4 elementor-widget elementor-widget-text-editor\" data-id=\"c0f40a4\" data-element_type=\"widget\" data-widget_type=\"text-editor.default\">\n\t\t\t\t<div class=\"elementor-widget-container\">\n\t\t\t\t\t\t\t\t\t<h3><b>Una matriz art\u00edstica y creativa<\/b><\/h3>\n<p><span style=\"font-weight: 400;\">Ha nutrido durante mucho tiempo la expresi\u00f3n art\u00edstica haitiana. Los ritmos percusivos, los cantos responsoriales, las danzas codificadas y los s\u00edmbolos trazados en el suelo componen un lenguaje est\u00e9tico de una riqueza extraordinaria. Los v\u00e8v\u00e8, dibujos simb\u00f3licos asociados a los esp\u00edritus, son testimonio de una sofisticaci\u00f3n gr\u00e1fica que ha influido en generaciones de artistas. Textiles, bordados y creaciones contempor\u00e1neas inspiradas en el imaginario vod\u00fa ilustran la forma en que la tradici\u00f3n sigue interactuando con la modernidad.   <\/span><\/p>\t\t\t\t\t\t\t\t<\/div>\n\t\t\t\t<\/div>\n\t\t\t\t<div class=\"elementor-element elementor-element-47dc978 elementor-widget elementor-widget-text-editor\" data-id=\"47dc978\" data-element_type=\"widget\" data-widget_type=\"text-editor.default\">\n\t\t\t\t<div class=\"elementor-widget-container\">\n\t\t\t\t\t\t\t\t\t<p><span style=\"font-weight: 400;\">Esta dimensi\u00f3n art\u00edstica no es secundaria; est\u00e1 en el coraz\u00f3n de la aplicaci\u00f3n. Demuestra que el vud\u00fa no es s\u00f3lo un sistema de creencias, sino tambi\u00e9n un espacio creativo donde el cuerpo, la voz y la materia se convierten en vectores de memoria y transmisi\u00f3n. Para los lectores del Caribe, esta perspectiva permite comprender mejor por qu\u00e9 el vud\u00fa ocupa un lugar \u00fanico en el ecosistema cultural de la regi\u00f3n.  <\/span><\/p>\t\t\t\t\t\t\t\t<\/div>\n\t\t\t\t<\/div>\n\t\t\t\t<div class=\"elementor-element elementor-element-73b6c6c elementor-widget elementor-widget-image\" data-id=\"73b6c6c\" data-element_type=\"widget\" data-widget_type=\"image.default\">\n\t\t\t\t<div class=\"elementor-widget-container\">\n\t\t\t\t\t\t\t\t\t\t\t\t\t\t\t<img decoding=\"async\" width=\"800\" height=\"437\" src=\"https:\/\/richeskarayib.com\/wp-content\/uploads\/2026\/03\/Gemini_Generated_Image_11ym6a11ym6a11ym-1024x559.png\" class=\"attachment-large size-large wp-image-70915\" alt=\"Vodou\" srcset=\"https:\/\/richeskarayib.com\/wp-content\/uploads\/2026\/03\/Gemini_Generated_Image_11ym6a11ym6a11ym-1024x559.png 1024w, https:\/\/richeskarayib.com\/wp-content\/uploads\/2026\/03\/Gemini_Generated_Image_11ym6a11ym6a11ym-300x164.png 300w, https:\/\/richeskarayib.com\/wp-content\/uploads\/2026\/03\/Gemini_Generated_Image_11ym6a11ym6a11ym-768x419.png 768w, https:\/\/richeskarayib.com\/wp-content\/uploads\/2026\/03\/Gemini_Generated_Image_11ym6a11ym6a11ym-1320x720.png 1320w, https:\/\/richeskarayib.com\/wp-content\/uploads\/2026\/03\/Gemini_Generated_Image_11ym6a11ym6a11ym.png 1408w\" sizes=\"(max-width: 800px) 100vw, 800px\" \/>\t\t\t\t\t\t\t\t\t\t\t\t\t\t\t<\/div>\n\t\t\t\t<\/div>\n\t\t\t\t<section class=\"elementor-section elementor-inner-section elementor-element elementor-element-9290a61 elementor-section-boxed elementor-section-height-default elementor-section-height-default\" data-id=\"9290a61\" data-element_type=\"section\">\n\t\t\t\t\t\t<div class=\"elementor-container elementor-column-gap-default\">\n\t\t\t\t\t\t<\/div>\n\t\t<\/section>\n\t\t\t\t\t<\/div>\n\t\t<\/div>\n\t\t\t\t\t<\/div>\n\t\t<\/section>\n\t\t\t\t<section class=\"elementor-section elementor-top-section elementor-element elementor-element-9c88a89 elementor-section-boxed elementor-section-height-default elementor-section-height-default\" data-id=\"9c88a89\" data-element_type=\"section\">\n\t\t\t\t\t\t<div class=\"elementor-container elementor-column-gap-default\">\n\t\t\t\t\t<div class=\"elementor-column elementor-col-100 elementor-top-column elementor-element elementor-element-78cf5d1\" data-id=\"78cf5d1\" data-element_type=\"column\">\n\t\t\t<div class=\"elementor-widget-wrap elementor-element-populated\">\n\t\t\t\t\t\t<div class=\"elementor-element elementor-element-ea2a5c1 elementor-widget elementor-widget-heading\" data-id=\"ea2a5c1\" data-element_type=\"widget\" data-widget_type=\"heading.default\">\n\t\t\t\t<div class=\"elementor-widget-container\">\n\t\t\t\t\t<h2 class=\"elementor-heading-title elementor-size-default\">Del Golfo de Ben\u00edn a Hait\u00ed: continuidad hist\u00f3rica transatl\u00e1ntica<\/h2>\t\t\t\t<\/div>\n\t\t\t\t<\/div>\n\t\t\t\t<div class=\"elementor-element elementor-element-e305eee elementor-widget elementor-widget-text-editor\" data-id=\"e305eee\" data-element_type=\"widget\" data-widget_type=\"text-editor.default\">\n\t\t\t\t<div class=\"elementor-widget-container\">\n\t\t\t\t\t\t\t\t\t<h3><b>Una historia marcada por la trata atl\u00e1ntica de esclavos<\/b><\/h3>\n<p><span style=\"font-weight: 400;\">El v\u00ednculo entre Ben\u00edn y Hait\u00ed forma parte de la larga historia de la trata transatl\u00e1ntica de esclavos. Las creencias y pr\u00e1cticas de los antiguos reinos de la regi\u00f3n del Golfo de Ben\u00edn cruzaron el oc\u00e9ano con los pueblos esclavizados. Cuando llegaron al Caribe, se transformaron, adaptaron y enriquecieron por el contacto con otras tradiciones y el contexto colonial. El vud\u00fa haitiano no es una simple reproducci\u00f3n; es el resultado de un proceso de recreaci\u00f3n cultural frente a la violencia del desarraigo.   <\/span><\/p>\t\t\t\t\t\t\t\t<\/div>\n\t\t\t\t<\/div>\n\t\t\t\t<div class=\"elementor-element elementor-element-767c733 elementor-widget elementor-widget-text-editor\" data-id=\"767c733\" data-element_type=\"widget\" data-widget_type=\"text-editor.default\">\n\t\t\t\t<div class=\"elementor-widget-container\">\n\t\t\t\t\t\t\t\t\t<p><span style=\"font-weight: 400;\">Reconocer esta continuidad significa reconocer la capacidad de los pueblos desplazados para conservar elementos esenciales de su visi\u00f3n del mundo. La candidatura conjunta pone de relieve esta compleja trayectoria, en la que la memoria africana y la experiencia caribe\u00f1a confluyen en un patrimonio compartido. <\/span><\/p>\t\t\t\t\t\t\t\t<\/div>\n\t\t\t\t<\/div>\n\t\t\t\t<div class=\"elementor-element elementor-element-056066e elementor-widget elementor-widget-text-editor\" data-id=\"056066e\" data-element_type=\"widget\" data-widget_type=\"text-editor.default\">\n\t\t\t\t<div class=\"elementor-widget-container\">\n\t\t\t\t\t\t\t\t\t<h3><b>Diplomacia cultural orientada al reconocimiento<\/b><\/h3>\n<p><span style=\"font-weight: 400;\">M\u00e1s all\u00e1 de la historia, esta iniciativa forma parte de una diplomacia cultural activa. Juntos, Ben\u00edn y Hait\u00ed afirman el valor de un patrimonio compartido, en el marco de una din\u00e1mica de di\u00e1logo intercultural. Esta cooperaci\u00f3n subraya el hecho de que el patrimonio inmaterial puede convertirse en un escenario de acercamiento y reconocimiento mutuo, alejado de la l\u00f3gica de la competici\u00f3n simb\u00f3lica.  <\/span><\/p>\t\t\t\t\t\t\t\t<\/div>\n\t\t\t\t<\/div>\n\t\t\t\t\t<\/div>\n\t\t<\/div>\n\t\t\t\t\t<\/div>\n\t\t<\/section>\n\t\t\t\t<section class=\"elementor-section elementor-top-section elementor-element elementor-element-ee7f5d7 elementor-section-boxed elementor-section-height-default elementor-section-height-default\" data-id=\"ee7f5d7\" data-element_type=\"section\">\n\t\t\t\t\t\t<div class=\"elementor-container elementor-column-gap-default\">\n\t\t\t\t\t<div class=\"elementor-column elementor-col-100 elementor-top-column elementor-element elementor-element-0669c08\" data-id=\"0669c08\" data-element_type=\"column\">\n\t\t\t<div class=\"elementor-widget-wrap elementor-element-populated\">\n\t\t\t\t\t\t<div class=\"elementor-element elementor-element-acc47ca elementor-widget elementor-widget-heading\" data-id=\"acc47ca\" data-element_type=\"widget\" data-widget_type=\"heading.default\">\n\t\t\t\t<div class=\"elementor-widget-container\">\n\t\t\t\t\t<h2 class=\"elementor-heading-title elementor-size-default\">Los retos de Hait\u00ed: reconocimiento, transmisi\u00f3n e imagen internacional<\/h2>\t\t\t\t<\/div>\n\t\t\t\t<\/div>\n\t\t\t\t<div class=\"elementor-element elementor-element-4bb1533 elementor-widget elementor-widget-text-editor\" data-id=\"4bb1533\" data-element_type=\"widget\" data-widget_type=\"text-editor.default\">\n\t\t\t\t<div class=\"elementor-widget-container\">\n\t\t\t\t\t\t\t\t\t<h3><b>Un patrimonio ya presente en la escena de la UNESCO<\/b><\/h3>\n<p><span style=\"font-weight: 400;\">Hait\u00ed se ha distinguido recientemente con la inscripci\u00f3n de varios elementos culturales en la Lista Representativa de la UNESCO, como la sopa joumou en 2021, los conocimientos vinculados al pan cassave en 2024 y el comp\u00e1s en 2025. Esta trayectoria confirma la voluntad del pa\u00eds de promover sus tradiciones vivas. Es un pilar fundamental en esta continuidad, y su reconocimiento reforzar\u00eda la coherencia de esta pol\u00edtica patrimonial.  <\/span><\/p>\t\t\t\t\t\t\t\t<\/div>\n\t\t\t\t<\/div>\n\t\t\t\t<div class=\"elementor-element elementor-element-9625525 elementor-widget elementor-widget-text-editor\" data-id=\"9625525\" data-element_type=\"widget\" data-widget_type=\"text-editor.default\">\n\t\t\t\t<div class=\"elementor-widget-container\">\n\t\t\t\t\t\t\t\t\t<h3><b>Una oportunidad para reequilibrar las representaciones<\/b><\/h3>\n<p><span style=\"font-weight: 400;\">El reconocimiento internacional del vud\u00fa tendr\u00eda un poderoso impacto simb\u00f3lico. Ayudar\u00eda a deconstruir las visiones sensacionalistas y a situar la tradici\u00f3n en su contexto hist\u00f3rico y social. Para Hait\u00ed, el reto es tambi\u00e9n educativo: ofrecer a las generaciones m\u00e1s j\u00f3venes una lectura m\u00e1s estructurada de su patrimonio y fomentar programas de documentaci\u00f3n, educaci\u00f3n y conservaci\u00f3n.  <\/span><\/p>\t\t\t\t\t\t\t\t<\/div>\n\t\t\t\t<\/div>\n\t\t\t\t<section class=\"elementor-section elementor-inner-section elementor-element elementor-element-3d4794b elementor-section-boxed elementor-section-height-default elementor-section-height-default\" data-id=\"3d4794b\" data-element_type=\"section\">\n\t\t\t\t\t\t<div class=\"elementor-container elementor-column-gap-default\">\n\t\t\t\t\t<div class=\"elementor-column elementor-col-50 elementor-inner-column elementor-element elementor-element-d5c6663\" data-id=\"d5c6663\" data-element_type=\"column\">\n\t\t\t<div class=\"elementor-widget-wrap elementor-element-populated\">\n\t\t\t\t\t\t<div class=\"elementor-element elementor-element-52c4c78 elementor-widget elementor-widget-image\" data-id=\"52c4c78\" data-element_type=\"widget\" data-widget_type=\"image.default\">\n\t\t\t\t<div class=\"elementor-widget-container\">\n\t\t\t\t\t\t\t\t\t\t\t\t\t\t\t<img loading=\"lazy\" decoding=\"async\" width=\"800\" height=\"437\" src=\"https:\/\/richeskarayib.com\/wp-content\/uploads\/2026\/03\/Gemini_Generated_Image_mlgscwmlgscwmlgs-1-1024x559.png\" class=\"attachment-large size-large wp-image-70923\" alt=\"Vodou\" srcset=\"https:\/\/richeskarayib.com\/wp-content\/uploads\/2026\/03\/Gemini_Generated_Image_mlgscwmlgscwmlgs-1-1024x559.png 1024w, https:\/\/richeskarayib.com\/wp-content\/uploads\/2026\/03\/Gemini_Generated_Image_mlgscwmlgscwmlgs-1-300x164.png 300w, https:\/\/richeskarayib.com\/wp-content\/uploads\/2026\/03\/Gemini_Generated_Image_mlgscwmlgscwmlgs-1-768x419.png 768w, https:\/\/richeskarayib.com\/wp-content\/uploads\/2026\/03\/Gemini_Generated_Image_mlgscwmlgscwmlgs-1-1320x720.png 1320w, https:\/\/richeskarayib.com\/wp-content\/uploads\/2026\/03\/Gemini_Generated_Image_mlgscwmlgscwmlgs-1.png 1408w\" sizes=\"(max-width: 800px) 100vw, 800px\" \/>\t\t\t\t\t\t\t\t\t\t\t\t\t\t\t<\/div>\n\t\t\t\t<\/div>\n\t\t\t\t\t<\/div>\n\t\t<\/div>\n\t\t\t\t<div class=\"elementor-column elementor-col-50 elementor-inner-column elementor-element elementor-element-1b3af47\" data-id=\"1b3af47\" data-element_type=\"column\">\n\t\t\t<div class=\"elementor-widget-wrap elementor-element-populated\">\n\t\t\t\t\t\t<div class=\"elementor-element elementor-element-964db01 elementor-widget elementor-widget-image\" data-id=\"964db01\" data-element_type=\"widget\" data-widget_type=\"image.default\">\n\t\t\t\t<div class=\"elementor-widget-container\">\n\t\t\t\t\t\t\t\t\t\t\t\t\t\t\t<img loading=\"lazy\" decoding=\"async\" width=\"800\" height=\"437\" src=\"https:\/\/richeskarayib.com\/wp-content\/uploads\/2026\/03\/Gemini_Generated_Image_l5b5x0l5b5x0l5b5-1024x559.png\" class=\"attachment-large size-large wp-image-70927\" alt=\"Vodou\" srcset=\"https:\/\/richeskarayib.com\/wp-content\/uploads\/2026\/03\/Gemini_Generated_Image_l5b5x0l5b5x0l5b5-1024x559.png 1024w, https:\/\/richeskarayib.com\/wp-content\/uploads\/2026\/03\/Gemini_Generated_Image_l5b5x0l5b5x0l5b5-300x164.png 300w, https:\/\/richeskarayib.com\/wp-content\/uploads\/2026\/03\/Gemini_Generated_Image_l5b5x0l5b5x0l5b5-768x419.png 768w, https:\/\/richeskarayib.com\/wp-content\/uploads\/2026\/03\/Gemini_Generated_Image_l5b5x0l5b5x0l5b5-1320x720.png 1320w, https:\/\/richeskarayib.com\/wp-content\/uploads\/2026\/03\/Gemini_Generated_Image_l5b5x0l5b5x0l5b5.png 1408w\" sizes=\"(max-width: 800px) 100vw, 800px\" \/>\t\t\t\t\t\t\t\t\t\t\t\t\t\t\t<\/div>\n\t\t\t\t<\/div>\n\t\t\t\t\t<\/div>\n\t\t<\/div>\n\t\t\t\t\t<\/div>\n\t\t<\/section>\n\t\t\t\t\t<\/div>\n\t\t<\/div>\n\t\t\t\t\t<\/div>\n\t\t<\/section>\n\t\t\t\t<section class=\"elementor-section elementor-top-section elementor-element elementor-element-d0fd0c0 elementor-section-boxed elementor-section-height-default elementor-section-height-default\" data-id=\"d0fd0c0\" data-element_type=\"section\">\n\t\t\t\t\t\t<div class=\"elementor-container elementor-column-gap-default\">\n\t\t\t\t\t<div class=\"elementor-column elementor-col-100 elementor-top-column elementor-element elementor-element-1e2ec65\" data-id=\"1e2ec65\" data-element_type=\"column\">\n\t\t\t<div class=\"elementor-widget-wrap elementor-element-populated\">\n\t\t\t\t\t\t<div class=\"elementor-element elementor-element-316145b elementor-widget elementor-widget-heading\" data-id=\"316145b\" data-element_type=\"widget\" data-widget_type=\"heading.default\">\n\t\t\t\t<div class=\"elementor-widget-container\">\n\t\t\t\t\t<h2 class=\"elementor-heading-title elementor-size-default\">Reconocimiento de nuestro patrimonio como palanca para el futuro<\/h2>\t\t\t\t<\/div>\n\t\t\t\t<\/div>\n\t\t\t\t<div class=\"elementor-element elementor-element-54e5967 elementor-widget elementor-widget-text-editor\" data-id=\"54e5967\" data-element_type=\"widget\" data-widget_type=\"text-editor.default\">\n\t\t\t\t<div class=\"elementor-widget-container\">\n\t\t\t\t\t\t\t\t\t<p><span style=\"font-weight: 400;\">La inscripci\u00f3n en la Lista Representativa no ser\u00eda un fin en s\u00ed mismo. Abrir\u00eda un espacio de reflexi\u00f3n sobre c\u00f3mo conservar un patrimonio vivo sin congelarlo. Fomentar\u00eda la participaci\u00f3n activa de las comunidades y reforzar\u00eda los mecanismos de transmisi\u00f3n. Sobre todo, afirmar\u00eda que el vud\u00fa pertenece plenamente al patrimonio cultural mundial, no como una curiosidad ex\u00f3tica, sino como un complejo sistema de conocimiento y expresi\u00f3n art\u00edstica.   <\/span><\/p>\n<p><span style=\"font-weight: 400;\">En la encrucijada de \u00c1frica y el Caribe, cuenta una historia de continuidad a pesar de la ruptura, de creaci\u00f3n a pesar de las limitaciones, de memoria a pesar del borrado. Para Hait\u00ed, esta candidatura representa un paso importante en el reconocimiento de un patrimonio que sigue conformando su identidad cultural y su influencia internacional. <\/span><\/p>\t\t\t\t\t\t\t\t<\/div>\n\t\t\t\t<\/div>\n\t\t\t\t\t<\/div>\n\t\t<\/div>\n\t\t\t\t\t<\/div>\n\t\t<\/section>\n\t\t\t\t<section class=\"elementor-section elementor-top-section elementor-element elementor-element-f5709a6 elementor-section-boxed elementor-section-height-default elementor-section-height-default\" data-id=\"f5709a6\" data-element_type=\"section\">\n\t\t\t\t\t\t<div class=\"elementor-container elementor-column-gap-default\">\n\t\t\t\t\t<div class=\"elementor-column elementor-col-100 elementor-top-column elementor-element elementor-element-957be6f\" data-id=\"957be6f\" data-element_type=\"column\">\n\t\t\t<div class=\"elementor-widget-wrap elementor-element-populated\">\n\t\t\t\t\t\t<div class=\"elementor-element elementor-element-63e5d4a elementor-widget elementor-widget-accordion\" data-id=\"63e5d4a\" data-element_type=\"widget\" data-widget_type=\"accordion.default\">\n\t\t\t\t<div class=\"elementor-widget-container\">\n\t\t\t\t\t\t\t<div class=\"elementor-accordion\">\n\t\t\t\t\t\t\t<div class=\"elementor-accordion-item\">\n\t\t\t\t\t<div id=\"elementor-tab-title-1041\" class=\"elementor-tab-title\" data-tab=\"1\" role=\"button\" aria-controls=\"elementor-tab-content-1041\" aria-expanded=\"false\">\n\t\t\t\t\t\t\t\t\t\t\t\t\t<span class=\"elementor-accordion-icon elementor-accordion-icon-left\" aria-hidden=\"true\">\n\t\t\t\t\t\t\t\t\t\t\t\t\t\t\t<span class=\"elementor-accordion-icon-closed\"><i class=\"fas fa-plus\"><\/i><\/span>\n\t\t\t\t\t\t\t\t<span class=\"elementor-accordion-icon-opened\"><i class=\"fas fa-minus\"><\/i><\/span>\n\t\t\t\t\t\t\t\t\t\t\t\t\t\t<\/span>\n\t\t\t\t\t\t\t\t\t\t\t\t<a class=\"elementor-accordion-title\" tabindex=\"0\">\u00bfYa figura el vud\u00fa en la lista del patrimonio inmaterial de la UNESCO?<\/a>\n\t\t\t\t\t<\/div>\n\t\t\t\t\t<div id=\"elementor-tab-content-1041\" class=\"elementor-tab-content elementor-clearfix\" data-tab=\"1\" role=\"region\" aria-labelledby=\"elementor-tab-title-1041\"><p><span style=\"font-weight: 400;\">No. El vud\u00fa es objeto de una candidatura conjunta de Hait\u00ed y Ben\u00edn para su inscripci\u00f3n en la Lista Representativa del Patrimonio Cultural Inmaterial de la Humanidad. Se espera la decisi\u00f3n final en una pr\u00f3xima ronda de evaluaci\u00f3n del comit\u00e9 intergubernamental.  <\/span><\/p>\n<\/div>\n\t\t\t\t<\/div>\n\t\t\t\t\t\t\t<div class=\"elementor-accordion-item\">\n\t\t\t\t\t<div id=\"elementor-tab-title-1042\" class=\"elementor-tab-title\" data-tab=\"2\" role=\"button\" aria-controls=\"elementor-tab-content-1042\" aria-expanded=\"false\">\n\t\t\t\t\t\t\t\t\t\t\t\t\t<span class=\"elementor-accordion-icon elementor-accordion-icon-left\" aria-hidden=\"true\">\n\t\t\t\t\t\t\t\t\t\t\t\t\t\t\t<span class=\"elementor-accordion-icon-closed\"><i class=\"fas fa-plus\"><\/i><\/span>\n\t\t\t\t\t\t\t\t<span class=\"elementor-accordion-icon-opened\"><i class=\"fas fa-minus\"><\/i><\/span>\n\t\t\t\t\t\t\t\t\t\t\t\t\t\t<\/span>\n\t\t\t\t\t\t\t\t\t\t\t\t<a class=\"elementor-accordion-title\" tabindex=\"0\">\u00bfPor qu\u00e9 es importante el vud\u00fa para Hait\u00ed?<\/a>\n\t\t\t\t\t<\/div>\n\t\t\t\t\t<div id=\"elementor-tab-content-1042\" class=\"elementor-tab-content elementor-clearfix\" data-tab=\"2\" role=\"region\" aria-labelledby=\"elementor-tab-title-1042\"><p><span style=\"font-weight: 400;\">En Hait\u00ed, el vud\u00fa es un patrimonio vivo que configura la memoria colectiva, las pr\u00e1cticas sociales, la expresi\u00f3n art\u00edstica y la transmisi\u00f3n intergeneracional. Desempe\u00f1a un papel central en la identidad cultural haitiana. <\/span><\/p>\n<\/div>\n\t\t\t\t<\/div>\n\t\t\t\t\t\t\t<div class=\"elementor-accordion-item\">\n\t\t\t\t\t<div id=\"elementor-tab-title-1043\" class=\"elementor-tab-title\" data-tab=\"3\" role=\"button\" aria-controls=\"elementor-tab-content-1043\" aria-expanded=\"false\">\n\t\t\t\t\t\t\t\t\t\t\t\t\t<span class=\"elementor-accordion-icon elementor-accordion-icon-left\" aria-hidden=\"true\">\n\t\t\t\t\t\t\t\t\t\t\t\t\t\t\t<span class=\"elementor-accordion-icon-closed\"><i class=\"fas fa-plus\"><\/i><\/span>\n\t\t\t\t\t\t\t\t<span class=\"elementor-accordion-icon-opened\"><i class=\"fas fa-minus\"><\/i><\/span>\n\t\t\t\t\t\t\t\t\t\t\t\t\t\t<\/span>\n\t\t\t\t\t\t\t\t\t\t\t\t<a class=\"elementor-accordion-title\" tabindex=\"0\">\u00bfCu\u00e1l es el v\u00ednculo entre el vud\u00fa en Hait\u00ed y el vud\u00fa en Ben\u00edn?<\/a>\n\t\t\t\t\t<\/div>\n\t\t\t\t\t<div id=\"elementor-tab-content-1043\" class=\"elementor-tab-content elementor-clearfix\" data-tab=\"3\" role=\"region\" aria-labelledby=\"elementor-tab-title-1043\"><p><span style=\"font-weight: 400;\">El vud\u00fa tiene sus or\u00edgenes en \u00c1frica Occidental, sobre todo en la regi\u00f3n del Golfo de Ben\u00edn. Tras la trata transatl\u00e1ntica de esclavos, estas creencias y pr\u00e1cticas se transmitieron al Caribe, donde se adaptaron y transformaron en Hait\u00ed, aunque conservando ra\u00edces comunes. <\/span><\/p>\n<\/div>\n\t\t\t\t<\/div>\n\t\t\t\t\t\t\t\t<\/div>\n\t\t\t\t\t\t<\/div>\n\t\t\t\t<\/div>\n\t\t\t\t\t<\/div>\n\t\t<\/div>\n\t\t\t\t\t<\/div>\n\t\t<\/section>\n\t\t\t\t<\/div>\n\t\t","protected":false},"excerpt":{"rendered":"<p>El vod\u00fa est\u00e1 entrando en una nueva fase de su historia internacional. La candidatura conjunta de Hait\u00ed y Ben\u00edn para su inscripci\u00f3n en la Lista Representativa del Patrimonio Cultural Inmaterial de la Humanidad sit\u00faa siglos de memoria, transmisi\u00f3n y creaci\u00f3n en el centro de un debate mundial sobre el patrimonio. El plazo fijado por la [&hellip;]<\/p>\n","protected":false},"author":662,"featured_media":70903,"comment_status":"open","ping_status":"open","sticky":false,"template":"","format":"standard","meta":{"_acf_changed":false,"footnotes":""},"categories":[1791,1469,1491],"tags":[810],"class_list":["post-70929","post","type-post","status-publish","format-standard","has-post-thumbnail","hentry","category-cooperacion","category-historia-patrimonio","category-instituciones-culturales","tag-haiti-es-2"],"acf":[],"_links":{"self":[{"href":"https:\/\/richeskarayib.com\/es\/wp-json\/wp\/v2\/posts\/70929","targetHints":{"allow":["GET"]}}],"collection":[{"href":"https:\/\/richeskarayib.com\/es\/wp-json\/wp\/v2\/posts"}],"about":[{"href":"https:\/\/richeskarayib.com\/es\/wp-json\/wp\/v2\/types\/post"}],"author":[{"embeddable":true,"href":"https:\/\/richeskarayib.com\/es\/wp-json\/wp\/v2\/users\/662"}],"replies":[{"embeddable":true,"href":"https:\/\/richeskarayib.com\/es\/wp-json\/wp\/v2\/comments?post=70929"}],"version-history":[{"count":0,"href":"https:\/\/richeskarayib.com\/es\/wp-json\/wp\/v2\/posts\/70929\/revisions"}],"wp:featuredmedia":[{"embeddable":true,"href":"https:\/\/richeskarayib.com\/es\/wp-json\/wp\/v2\/media\/70903"}],"wp:attachment":[{"href":"https:\/\/richeskarayib.com\/es\/wp-json\/wp\/v2\/media?parent=70929"}],"wp:term":[{"taxonomy":"category","embeddable":true,"href":"https:\/\/richeskarayib.com\/es\/wp-json\/wp\/v2\/categories?post=70929"},{"taxonomy":"post_tag","embeddable":true,"href":"https:\/\/richeskarayib.com\/es\/wp-json\/wp\/v2\/tags?post=70929"}],"curies":[{"name":"wp","href":"https:\/\/api.w.org\/{rel}","templated":true}]}}