{"id":71002,"date":"2026-03-19T04:00:00","date_gmt":"2026-03-19T08:00:00","guid":{"rendered":"https:\/\/richeskarayib.com\/jamaica-marcus-garvey-heroe-jamaicano-de-renombre-internacional\/"},"modified":"2026-03-19T04:00:04","modified_gmt":"2026-03-19T08:00:04","slug":"jamaica-marcus-garvey-heroe-jamaicano-de-renombre-internacional","status":"publish","type":"post","link":"https:\/\/richeskarayib.com\/es\/jamaica-marcus-garvey-heroe-jamaicano-de-renombre-internacional\/","title":{"rendered":"Jamaica &#8211; Marcus Garvey, h\u00e9roe jamaicano de renombre internacional"},"content":{"rendered":"\t\t<div data-elementor-type=\"wp-post\" data-elementor-id=\"71002\" class=\"elementor elementor-71002 elementor-70988\" data-elementor-post-type=\"post\">\n\t\t\t\t\t\t<section class=\"elementor-section elementor-top-section elementor-element elementor-element-7ca7ca1 elementor-section-boxed elementor-section-height-default elementor-section-height-default\" data-id=\"7ca7ca1\" data-element_type=\"section\">\n\t\t\t\t\t\t<div class=\"elementor-container elementor-column-gap-default\">\n\t\t\t\t\t<div class=\"elementor-column elementor-col-100 elementor-top-column elementor-element elementor-element-cbdd002\" data-id=\"cbdd002\" data-element_type=\"column\">\n\t\t\t<div class=\"elementor-widget-wrap elementor-element-populated\">\n\t\t\t\t\t\t<section class=\"elementor-section elementor-inner-section elementor-element elementor-element-bc94849 elementor-section-boxed elementor-section-height-default elementor-section-height-default\" data-id=\"bc94849\" data-element_type=\"section\">\n\t\t\t\t\t\t<div class=\"elementor-container elementor-column-gap-default\">\n\t\t\t\t\t\t<\/div>\n\t\t<\/section>\n\t\t\t\t<section class=\"elementor-section elementor-inner-section elementor-element elementor-element-61571e6 elementor-section-boxed elementor-section-height-default elementor-section-height-default\" data-id=\"61571e6\" data-element_type=\"section\">\n\t\t\t\t\t\t<div class=\"elementor-container elementor-column-gap-default\">\n\t\t\t\t\t\t<\/div>\n\t\t<\/section>\n\t\t\t\t<section class=\"elementor-section elementor-inner-section elementor-element elementor-element-b6262e0 elementor-section-boxed elementor-section-height-default elementor-section-height-default\" data-id=\"b6262e0\" data-element_type=\"section\">\n\t\t\t\t\t\t<div class=\"elementor-container elementor-column-gap-default\">\n\t\t\t\t\t\t<\/div>\n\t\t<\/section>\n\t\t\t\t<section class=\"elementor-section elementor-inner-section elementor-element elementor-element-cca29fd elementor-section-boxed elementor-section-height-default elementor-section-height-default\" data-id=\"cca29fd\" data-element_type=\"section\">\n\t\t\t\t\t\t<div class=\"elementor-container elementor-column-gap-default\">\n\t\t\t\t\t\t<\/div>\n\t\t<\/section>\n\t\t\t\t\t<\/div>\n\t\t<\/div>\n\t\t\t\t\t<\/div>\n\t\t<\/section>\n\t\t\t\t<section class=\"elementor-section elementor-top-section elementor-element elementor-element-ee72354 elementor-section-boxed elementor-section-height-default elementor-section-height-default\" data-id=\"ee72354\" data-element_type=\"section\">\n\t\t\t\t\t\t<div class=\"elementor-container elementor-column-gap-default\">\n\t\t\t\t\t<div class=\"elementor-column elementor-col-100 elementor-top-column elementor-element elementor-element-c59d6fe\" data-id=\"c59d6fe\" data-element_type=\"column\">\n\t\t\t<div class=\"elementor-widget-wrap elementor-element-populated\">\n\t\t\t\t\t\t<div class=\"elementor-element elementor-element-e57451f elementor-widget elementor-widget-text-editor\" data-id=\"e57451f\" data-element_type=\"widget\" data-widget_type=\"text-editor.default\">\n\t\t\t\t<div class=\"elementor-widget-container\">\n\t\t\t\t\t\t\t\t\t<p><span style=\"font-weight: 400;\">Marcus Garvey sigue siendo una de las figuras m\u00e1s influyentes surgidas en el Caribe. Nacido en Jamaica a finales del siglo XIX, transform\u00f3 una experiencia local en un proyecto pol\u00edtico y cultural de alcance internacional. En una \u00e9poca en que las poblaciones negras se enfrentaban a sistemas de exclusi\u00f3n profundamente arraigados, Marcus Garvey propuso una visi\u00f3n estructurada basada en la dignidad, la organizaci\u00f3n y la autonom\u00eda.  <\/span><\/p><p><span style=\"font-weight: 400;\">Reconocido hoy como h\u00e9roe nacional en Jamaica, es mucho m\u00e1s que un s\u00edmbolo hist\u00f3rico. Su historia nos ayuda a comprender c\u00f3mo el Caribe contribuy\u00f3 a dar forma a importantes movimientos intelectuales y pol\u00edticos a escala mundial. Su nombre sigue circulando en los debates contempor\u00e1neos sobre la identidad, la memoria y el desarrollo de las sociedades nacidas de la historia colonial.  <\/span><\/p>\t\t\t\t\t\t\t\t<\/div>\n\t\t\t\t<\/div>\n\t\t\t\t\t<\/div>\n\t\t<\/div>\n\t\t\t\t\t<\/div>\n\t\t<\/section>\n\t\t\t\t<section class=\"elementor-section elementor-top-section elementor-element elementor-element-82cd8f9 elementor-section-boxed elementor-section-height-default elementor-section-height-default\" data-id=\"82cd8f9\" data-element_type=\"section\">\n\t\t\t\t\t\t<div class=\"elementor-container elementor-column-gap-default\">\n\t\t\t\t\t<div class=\"elementor-column elementor-col-100 elementor-top-column elementor-element elementor-element-0bfdc38\" data-id=\"0bfdc38\" data-element_type=\"column\">\n\t\t\t<div class=\"elementor-widget-wrap elementor-element-populated\">\n\t\t\t\t\t\t<div class=\"elementor-element elementor-element-7d292fe elementor-widget elementor-widget-heading\" data-id=\"7d292fe\" data-element_type=\"widget\" data-widget_type=\"heading.default\">\n\t\t\t\t<div class=\"elementor-widget-container\">\n\t\t\t\t\t<h2 class=\"elementor-heading-title elementor-size-default\">De los or\u00edgenes jamaicanos a la formaci\u00f3n de una conciencia comprometida\n<\/h2>\t\t\t\t<\/div>\n\t\t\t\t<\/div>\n\t\t\t\t<div class=\"elementor-element elementor-element-96caf50 elementor-widget elementor-widget-text-editor\" data-id=\"96caf50\" data-element_type=\"widget\" data-widget_type=\"text-editor.default\">\n\t\t\t\t<div class=\"elementor-widget-container\">\n\t\t\t\t\t\t\t\t\t<p><span style=\"font-weight: 400;\">Naci\u00f3 el 17 de agosto de 1887 en St. Ann&#8217;s Bay, <a href=\"https:\/\/richeskarayib.com\/es\/jamaica-reina-nanny-heroina-de-los-cimarrones-una-figura-importante-de-la-resistencia\/\" target=\"_blank\" rel=\"noopener\">Jamaica<\/a>, en el seno de una familia modesta. Muy pronto desarroll\u00f3 una relaci\u00f3n especial con la palabra escrita y la informaci\u00f3n trabajando en la industria de la imprenta. Este punto es esencial para comprender el resto de su carrera: Marcus Garvey no s\u00f3lo era un orador, sino tambi\u00e9n un estratega de la difusi\u00f3n de ideas. Sus viajes por distintas partes del mundo, sobre todo Centroam\u00e9rica y Europa, desempe\u00f1aron un papel decisivo en la configuraci\u00f3n de su pensamiento. Observ\u00f3 de primera mano las desigualdades raciales y las condiciones de vida de las poblaciones negras. Estas experiencias alimentaron una convicci\u00f3n que se convertir\u00eda en central: la necesidad de que estas poblaciones se organizaran a escala internacional.      <\/span><\/p>\t\t\t\t\t\t\t\t<\/div>\n\t\t\t\t<\/div>\n\t\t\t\t<div class=\"elementor-element elementor-element-662dc12 elementor-widget elementor-widget-text-editor\" data-id=\"662dc12\" data-element_type=\"widget\" data-widget_type=\"text-editor.default\">\n\t\t\t\t<div class=\"elementor-widget-container\">\n\t\t\t\t\t\t\t\t\t<p><span style=\"font-weight: 400;\">En este contexto, no construye un pensamiento abstracto. Es una visi\u00f3n arraigada en realidades concretas, marcadas por el colonialismo, la migraci\u00f3n y las relaciones de dominaci\u00f3n. El Caribe, lejos de ser perif\u00e9rico, se perfila ya como una zona clave para comprender la din\u00e1mica global.  <\/span><\/p>\t\t\t\t\t\t\t\t<\/div>\n\t\t\t\t<\/div>\n\t\t\t\t<div class=\"elementor-element elementor-element-e8dfa75 elementor-widget elementor-widget-image\" data-id=\"e8dfa75\" data-element_type=\"widget\" data-widget_type=\"image.default\">\n\t\t\t\t<div class=\"elementor-widget-container\">\n\t\t\t\t\t\t\t\t\t\t\t\t<figure class=\"wp-caption\">\n\t\t\t\t\t\t\t\t\t\t<img fetchpriority=\"high\" decoding=\"async\" width=\"501\" height=\"768\" src=\"https:\/\/richeskarayib.com\/wp-content\/uploads\/2026\/03\/Marcus-Garvey-1887-1940-eminent-nationaliste-noir-dorigine-jamaicaine-et-heros-national-actuel.-\u00a9Origins.webp\" class=\"attachment-large size-large wp-image-70996\" alt=\"Marcus Garvey\" srcset=\"https:\/\/richeskarayib.com\/wp-content\/uploads\/2026\/03\/Marcus-Garvey-1887-1940-eminent-nationaliste-noir-dorigine-jamaicaine-et-heros-national-actuel.-\u00a9Origins.webp 501w, https:\/\/richeskarayib.com\/wp-content\/uploads\/2026\/03\/Marcus-Garvey-1887-1940-eminent-nationaliste-noir-dorigine-jamaicaine-et-heros-national-actuel.-\u00a9Origins-196x300.webp 196w\" sizes=\"(max-width: 501px) 100vw, 501px\" \/>\t\t\t\t\t\t\t\t\t\t\t<figcaption class=\"widget-image-caption wp-caption-text\">Marcus Garvey (1887-1940), e\u0301minent nationaliste noir d'origine jamai\u0308caine et he\u0301ros national actuel. \u00a9OriginsMarcus Garvey (1887-1940), e\u0301minent nationaliste noir d'origine jamai\u0308caine et he\u0301ros national actuel. \u00a9Origins<\/figcaption>\n\t\t\t\t\t\t\t\t\t\t<\/figure>\n\t\t\t\t\t\t\t\t\t<\/div>\n\t\t\t\t<\/div>\n\t\t\t\t<section class=\"elementor-section elementor-inner-section elementor-element elementor-element-c582330 elementor-section-boxed elementor-section-height-default elementor-section-height-default\" data-id=\"c582330\" data-element_type=\"section\">\n\t\t\t\t\t\t<div class=\"elementor-container elementor-column-gap-default\">\n\t\t\t\t\t\t<\/div>\n\t\t<\/section>\n\t\t\t\t<section class=\"elementor-section elementor-inner-section elementor-element elementor-element-296603a elementor-section-boxed elementor-section-height-default elementor-section-height-default\" data-id=\"296603a\" data-element_type=\"section\">\n\t\t\t\t\t\t<div class=\"elementor-container elementor-column-gap-default\">\n\t\t\t\t\t\t<\/div>\n\t\t<\/section>\n\t\t\t\t\t<\/div>\n\t\t<\/div>\n\t\t\t\t\t<\/div>\n\t\t<\/section>\n\t\t\t\t<section class=\"elementor-section elementor-top-section elementor-element elementor-element-bdd0219 elementor-section-boxed elementor-section-height-default elementor-section-height-default\" data-id=\"bdd0219\" data-element_type=\"section\">\n\t\t\t\t\t\t<div class=\"elementor-container elementor-column-gap-default\">\n\t\t\t\t\t<div class=\"elementor-column elementor-col-100 elementor-top-column elementor-element elementor-element-c1ec903\" data-id=\"c1ec903\" data-element_type=\"column\">\n\t\t\t<div class=\"elementor-widget-wrap elementor-element-populated\">\n\t\t\t\t\t\t<div class=\"elementor-element elementor-element-55dd336 elementor-widget elementor-widget-heading\" data-id=\"55dd336\" data-element_type=\"widget\" data-widget_type=\"heading.default\">\n\t\t\t\t<div class=\"elementor-widget-container\">\n\t\t\t\t\t<h2 class=\"elementor-heading-title elementor-size-default\">UNIA: un proyecto estructurado para transformar la condici\u00f3n negra<\/h2>\t\t\t\t<\/div>\n\t\t\t\t<\/div>\n\t\t\t\t<div class=\"elementor-element elementor-element-9cd513e elementor-widget elementor-widget-text-editor\" data-id=\"9cd513e\" data-element_type=\"widget\" data-widget_type=\"text-editor.default\">\n\t\t\t\t<div class=\"elementor-widget-container\">\n\t\t\t\t\t\t\t\t\t<p><span style=\"font-weight: 400;\">En 1914, <a href=\"https:\/\/fr.wikipedia.org\/wiki\/Marcus_Garvey#:~:text=Marcus%20Mosiah%20Garvey%2C%20n%C3%A9%20le,%C2%AB%20The%20Black%20Moses%20%C2%BB%20(%C2%AB\" target=\"_blank\" rel=\"noopener nofollow\">Marcus Garvey<\/a> fund\u00f3 en Jamaica la Universal Negro Improvement Association (UNIA). Esta organizaci\u00f3n se convirti\u00f3 r\u00e1pidamente en el coraz\u00f3n de su proyecto. Su ambici\u00f3n era clara: crear un movimiento capaz de apoyar la elevaci\u00f3n social, econ\u00f3mica y pol\u00edtica de la poblaci\u00f3n negra en todo el mundo. Cuando se traslad\u00f3 a Estados Unidos, la UNIA adquiri\u00f3 una dimensi\u00f3n sin precedentes. El movimiento reuni\u00f3 a millones de miembros y se estableci\u00f3 como una de las primeras organizaciones internacionales de masas dirigidas por personas negras. Esta capacidad organizativa es uno de los aspectos m\u00e1s notables de su carrera.     <\/span><\/p>\t\t\t\t\t\t\t\t<\/div>\n\t\t\t\t<\/div>\n\t\t\t\t<div class=\"elementor-element elementor-element-1e95055 elementor-widget elementor-widget-text-editor\" data-id=\"1e95055\" data-element_type=\"widget\" data-widget_type=\"text-editor.default\">\n\t\t\t\t<div class=\"elementor-widget-container\">\n\t\t\t\t\t\t\t\t\t<p><span style=\"font-weight: 400;\">No se limita a los discursos. Estructura redes, desarrolla iniciativas concretas y moviliza a comunidades enteras. A trav\u00e9s de la UNIA, propone una visi\u00f3n global basada en la solidaridad, la disciplina y la ambici\u00f3n colectiva.  <\/span><\/p>\t\t\t\t\t\t\t\t<\/div>\n\t\t\t\t<\/div>\n\t\t\t\t<section class=\"elementor-section elementor-inner-section elementor-element elementor-element-92f4402 elementor-section-boxed elementor-section-height-default elementor-section-height-default\" data-id=\"92f4402\" data-element_type=\"section\">\n\t\t\t\t\t\t<div class=\"elementor-container elementor-column-gap-default\">\n\t\t\t\t\t\t<\/div>\n\t\t<\/section>\n\t\t\t\t<section class=\"elementor-section elementor-inner-section elementor-element elementor-element-9290a61 elementor-section-boxed elementor-section-height-default elementor-section-height-default\" data-id=\"9290a61\" data-element_type=\"section\">\n\t\t\t\t\t\t<div class=\"elementor-container elementor-column-gap-default\">\n\t\t\t\t\t\t<\/div>\n\t\t<\/section>\n\t\t\t\t\t<\/div>\n\t\t<\/div>\n\t\t\t\t\t<\/div>\n\t\t<\/section>\n\t\t\t\t<section class=\"elementor-section elementor-top-section elementor-element elementor-element-9c88a89 elementor-section-boxed elementor-section-height-default elementor-section-height-default\" data-id=\"9c88a89\" data-element_type=\"section\">\n\t\t\t\t\t\t<div class=\"elementor-container elementor-column-gap-default\">\n\t\t\t\t\t<div class=\"elementor-column elementor-col-100 elementor-top-column elementor-element elementor-element-78cf5d1\" data-id=\"78cf5d1\" data-element_type=\"column\">\n\t\t\t<div class=\"elementor-widget-wrap elementor-element-populated\">\n\t\t\t\t\t\t<div class=\"elementor-element elementor-element-ea2a5c1 elementor-widget elementor-widget-heading\" data-id=\"ea2a5c1\" data-element_type=\"widget\" data-widget_type=\"heading.default\">\n\t\t\t\t<div class=\"elementor-widget-container\">\n\t\t\t\t\t<h2 class=\"elementor-heading-title elementor-size-default\">Orgullo, autonom\u00eda y estrategia: los fundamentos del pensamiento de Marcus Garvey<\/h2>\t\t\t\t<\/div>\n\t\t\t\t<\/div>\n\t\t\t\t<div class=\"elementor-element elementor-element-e305eee elementor-widget elementor-widget-text-editor\" data-id=\"e305eee\" data-element_type=\"widget\" data-widget_type=\"text-editor.default\">\n\t\t\t\t<div class=\"elementor-widget-container\">\n\t\t\t\t\t\t\t\t\t<p><span style=\"font-weight: 400;\">El pensamiento de Marcus Garvey se apoya en varios pilares que explican su influencia duradera. El primero es el orgullo negro. Marcus Garvey insisti\u00f3 en la necesidad de restaurar una imagen positiva de los negros en un momento en que se les devaluaba sistem\u00e1ticamente. Esta dimensi\u00f3n simb\u00f3lica desempe\u00f1\u00f3 un papel esencial en la movilizaci\u00f3n de individuos y comunidades.   <\/span><\/p><p><span style=\"font-weight: 400;\">El segundo pilar es la autonom\u00eda econ\u00f3mica. Para \u00e9l, la libertad pol\u00edtica no pod\u00eda existir sin independencia econ\u00f3mica. Foment\u00f3 la creaci\u00f3n de empresas, el desarrollo de redes comerciales y el control de los recursos. Por \u00faltimo, Marcus Garvey conced\u00eda gran importancia a la comunicaci\u00f3n. Gracias a su peri\u00f3dico      <\/span><i><span style=\"font-weight: 400;\">Mundo Negro<\/span><\/i><span style=\"font-weight: 400;\">Difundi\u00f3 sus ideas por todas partes. Su talento para la oratoria y su habilidad para estructurar un discurso mitinero contribuyeron a hacer de \u00e9l una figura central de su \u00e9poca. <\/span><\/p>\t\t\t\t\t\t\t\t<\/div>\n\t\t\t\t<\/div>\n\t\t\t\t<div class=\"elementor-element elementor-element-59162b8 elementor-widget elementor-widget-image\" data-id=\"59162b8\" data-element_type=\"widget\" data-widget_type=\"image.default\">\n\t\t\t\t<div class=\"elementor-widget-container\">\n\t\t\t\t\t\t\t\t\t\t\t\t\t\t\t<img decoding=\"async\" width=\"682\" height=\"482\" src=\"https:\/\/richeskarayib.com\/wp-content\/uploads\/2026\/03\/split_6.png\" class=\"attachment-large size-large wp-image-71000\" alt=\"Marcus Garvey (1887-1940), e\u0301minent nationaliste noir d&#039;origine jamai\u0308caine et he\u0301ros national actuel. \u00a9Origins\" srcset=\"https:\/\/richeskarayib.com\/wp-content\/uploads\/2026\/03\/split_6.png 682w, https:\/\/richeskarayib.com\/wp-content\/uploads\/2026\/03\/split_6-300x212.png 300w\" sizes=\"(max-width: 682px) 100vw, 682px\" \/>\t\t\t\t\t\t\t\t\t\t\t\t\t\t\t<\/div>\n\t\t\t\t<\/div>\n\t\t\t\t\t<\/div>\n\t\t<\/div>\n\t\t\t\t\t<\/div>\n\t\t<\/section>\n\t\t\t\t<section class=\"elementor-section elementor-top-section elementor-element elementor-element-ee7f5d7 elementor-section-boxed elementor-section-height-default elementor-section-height-default\" data-id=\"ee7f5d7\" data-element_type=\"section\">\n\t\t\t\t\t\t<div class=\"elementor-container elementor-column-gap-default\">\n\t\t\t\t\t<div class=\"elementor-column elementor-col-100 elementor-top-column elementor-element elementor-element-0669c08\" data-id=\"0669c08\" data-element_type=\"column\">\n\t\t\t<div class=\"elementor-widget-wrap elementor-element-populated\">\n\t\t\t\t\t\t<div class=\"elementor-element elementor-element-acc47ca elementor-widget elementor-widget-heading\" data-id=\"acc47ca\" data-element_type=\"widget\" data-widget_type=\"heading.default\">\n\t\t\t\t<div class=\"elementor-widget-container\">\n\t\t\t\t\t<h2 class=\"elementor-heading-title elementor-size-default\">Black Star Line y Negro World: ambici\u00f3n econ\u00f3mica y difusi\u00f3n de ideas<\/h2>\t\t\t\t<\/div>\n\t\t\t\t<\/div>\n\t\t\t\t<div class=\"elementor-element elementor-element-4bb1533 elementor-widget elementor-widget-text-editor\" data-id=\"4bb1533\" data-element_type=\"widget\" data-widget_type=\"text-editor.default\">\n\t\t\t\t<div class=\"elementor-widget-container\">\n\t\t\t\t\t\t\t\t\t<p><span style=\"font-weight: 400;\">Una de las iniciativas m\u00e1s emblem\u00e1ticas de Marcus Garvey fue la Black Star Line, fundada en 1919. Esta naviera pretend\u00eda establecer conexiones econ\u00f3micas entre las poblaciones negras de todo el mundo, en particular entre Am\u00e9rica y \u00c1frica. La Black Star Line representaba una fuerte ambici\u00f3n: construir la autonom\u00eda econ\u00f3mica a escala internacional. Sin embargo, el proyecto se enfrenta a numerosas dificultades, sobre todo financieras y organizativas. Estos obst\u00e1culos ilustran los retos a los que se enfrenta para poner en pr\u00e1ctica su visi\u00f3n.    <\/span><\/p><p><span style=\"font-weight: 400;\">Al mismo tiempo, el peri\u00f3dico <\/span><i><span style=\"font-weight: 400;\">Mundo Negro<\/span><\/i><span style=\"font-weight: 400;\">  desempe\u00f1a un papel fundamental en la difusi\u00f3n de sus ideas. Le permiti\u00f3 llegar a un p\u00fablico amplio y crear un espacio de reflexi\u00f3n e intercambio. Se dio cuenta muy pronto de que controlar la narrativa era una cuesti\u00f3n central en cualquier iniciativa de cambio social.  <\/span><\/p>\t\t\t\t\t\t\t\t<\/div>\n\t\t\t\t<\/div>\n\t\t\t\t\t<\/div>\n\t\t<\/div>\n\t\t\t\t\t<\/div>\n\t\t<\/section>\n\t\t\t\t<section class=\"elementor-section elementor-top-section elementor-element elementor-element-d0fd0c0 elementor-section-boxed elementor-section-height-default elementor-section-height-default\" data-id=\"d0fd0c0\" data-element_type=\"section\">\n\t\t\t\t\t\t<div class=\"elementor-container elementor-column-gap-default\">\n\t\t\t\t\t<div class=\"elementor-column elementor-col-100 elementor-top-column elementor-element elementor-element-1e2ec65\" data-id=\"1e2ec65\" data-element_type=\"column\">\n\t\t\t<div class=\"elementor-widget-wrap elementor-element-populated\">\n\t\t\t\t\t\t<div class=\"elementor-element elementor-element-316145b elementor-widget elementor-widget-heading\" data-id=\"316145b\" data-element_type=\"widget\" data-widget_type=\"heading.default\">\n\t\t\t\t<div class=\"elementor-widget-container\">\n\t\t\t\t\t<h2 class=\"elementor-heading-title elementor-size-default\">Una figura admirada pero tambi\u00e9n discutida<\/h2>\t\t\t\t<\/div>\n\t\t\t\t<\/div>\n\t\t\t\t<div class=\"elementor-element elementor-element-54e5967 elementor-widget elementor-widget-text-editor\" data-id=\"54e5967\" data-element_type=\"widget\" data-widget_type=\"text-editor.default\">\n\t\t\t\t<div class=\"elementor-widget-container\">\n\t\t\t\t\t\t\t\t\t<p><span style=\"font-weight: 400;\">Ha suscitado tanto admiraci\u00f3n como cr\u00edticas. Su proyecto, ambicioso y estructurado, no obtuvo una aprobaci\u00f3n un\u00e1nime. Algunas de sus posiciones, en particular sobre la separaci\u00f3n racial y el retorno a \u00c1frica, fueron objeto de considerables debates. Adem\u00e1s, las dificultades encontradas por la Black Star Line y los cargos judiciales presentados contra \u00e9l debilitaron su imagen en algunos momentos de su vida. Estos factores no deben ignorarse. Al contrario, nos ayudan a comprender la complejidad de su carrera. Sigue siendo una figura hist\u00f3rica que trasciende las interpretaciones simplistas. Su influencia se produjo en un contexto de profundas tensiones pol\u00edticas, econ\u00f3micas y sociales.       <\/span><\/p>\t\t\t\t\t\t\t\t<\/div>\n\t\t\t\t<\/div>\n\t\t\t\t\t<\/div>\n\t\t<\/div>\n\t\t\t\t\t<\/div>\n\t\t<\/section>\n\t\t\t\t<section class=\"elementor-section elementor-top-section elementor-element elementor-element-f03d675 elementor-section-boxed elementor-section-height-default elementor-section-height-default\" data-id=\"f03d675\" data-element_type=\"section\">\n\t\t\t\t\t\t<div class=\"elementor-container elementor-column-gap-default\">\n\t\t\t\t\t<div class=\"elementor-column elementor-col-100 elementor-top-column elementor-element elementor-element-ddb1e36\" data-id=\"ddb1e36\" data-element_type=\"column\">\n\t\t\t<div class=\"elementor-widget-wrap elementor-element-populated\">\n\t\t\t\t\t\t<div class=\"elementor-element elementor-element-66035d3 elementor-widget elementor-widget-heading\" data-id=\"66035d3\" data-element_type=\"widget\" data-widget_type=\"heading.default\">\n\t\t\t\t<div class=\"elementor-widget-container\">\n\t\t\t\t\t<h2 class=\"elementor-heading-title elementor-size-default\">Marcus Garvey y el Caribe: un legado m\u00e1s all\u00e1 de las fronteras<\/h2>\t\t\t\t<\/div>\n\t\t\t\t<\/div>\n\t\t\t\t<div class=\"elementor-element elementor-element-cae4ec8 elementor-widget elementor-widget-text-editor\" data-id=\"cae4ec8\" data-element_type=\"widget\" data-widget_type=\"text-editor.default\">\n\t\t\t\t<div class=\"elementor-widget-container\">\n\t\t\t\t\t\t\t\t\t<p><span style=\"font-weight: 400;\">Su impacto se extiende mucho m\u00e1s all\u00e1 de Jamaica. Su influencia es especialmente visible en el desarrollo del rastafarismo, que incorpora ciertos aspectos de su visi\u00f3n, sobre todo el v\u00ednculo simb\u00f3lico con \u00c1frica. Pero m\u00e1s all\u00e1 de este movimiento, Marcus Garvey contribuy\u00f3 a dar forma a una conciencia colectiva que impregna las sociedades caribe\u00f1as. Para Rich\u00e8s Karayib, este legado es esencial. Demuestra que el Caribe no es s\u00f3lo un espacio cultural, sino tambi\u00e9n un territorio que produce ideas y proyectos capaces de influir en el mundo.    <\/span><\/p>\t\t\t\t\t\t\t\t<\/div>\n\t\t\t\t<\/div>\n\t\t\t\t\t<\/div>\n\t\t<\/div>\n\t\t\t\t\t<\/div>\n\t\t<\/section>\n\t\t\t\t<section class=\"elementor-section elementor-top-section elementor-element elementor-element-6ab932b elementor-section-boxed elementor-section-height-default elementor-section-height-default\" data-id=\"6ab932b\" data-element_type=\"section\">\n\t\t\t\t\t\t<div class=\"elementor-container elementor-column-gap-default\">\n\t\t\t\t\t<div class=\"elementor-column elementor-col-100 elementor-top-column elementor-element elementor-element-d1c90a0\" data-id=\"d1c90a0\" data-element_type=\"column\">\n\t\t\t<div class=\"elementor-widget-wrap elementor-element-populated\">\n\t\t\t\t\t\t<div class=\"elementor-element elementor-element-b417387 elementor-widget elementor-widget-heading\" data-id=\"b417387\" data-element_type=\"widget\" data-widget_type=\"heading.default\">\n\t\t\t\t<div class=\"elementor-widget-container\">\n\t\t\t\t\t<h2 class=\"elementor-heading-title elementor-size-default\">Un legado que sigue siendo relevante en el siglo XXI<\/h2>\t\t\t\t<\/div>\n\t\t\t\t<\/div>\n\t\t\t\t<div class=\"elementor-element elementor-element-5eb3c4d elementor-widget elementor-widget-text-editor\" data-id=\"5eb3c4d\" data-element_type=\"widget\" data-widget_type=\"text-editor.default\">\n\t\t\t\t<div class=\"elementor-widget-container\">\n\t\t\t\t\t\t\t\t\t<p><span style=\"font-weight: 400;\">Hoy en d\u00eda, sigue aportando elementos de reflexi\u00f3n sobre la identidad, la soberan\u00eda y el desarrollo. Sus ideas sobre la autonom\u00eda econ\u00f3mica, el control de los recursos y la valorizaci\u00f3n de las culturas locales son especialmente relevantes en los debates contempor\u00e1neos. El reconocimiento oficial que ha recibido, sobre todo en Jamaica, atestigua la importancia de su legado. Los recientes debates sobre su memoria y las decisiones pol\u00edticas que le conciernen demuestran que Marcus Garvey sigue siendo una figura viva en la escena p\u00fablica. Su historia nos invita a replantearnos el papel de los territorios caribe\u00f1os en la historia mundial. Es un recordatorio de que las grandes ideas pueden surgir de estos espacios y transformar las sociedades a largo plazo.     <\/span><\/p>\t\t\t\t\t\t\t\t<\/div>\n\t\t\t\t<\/div>\n\t\t\t\t\t<\/div>\n\t\t<\/div>\n\t\t\t\t\t<\/div>\n\t\t<\/section>\n\t\t\t\t<section class=\"elementor-section elementor-top-section elementor-element elementor-element-b8938f5 elementor-section-boxed elementor-section-height-default elementor-section-height-default\" data-id=\"b8938f5\" data-element_type=\"section\">\n\t\t\t\t\t\t<div class=\"elementor-container elementor-column-gap-default\">\n\t\t\t\t\t<div class=\"elementor-column elementor-col-100 elementor-top-column elementor-element elementor-element-d392d99\" data-id=\"d392d99\" data-element_type=\"column\">\n\t\t\t<div class=\"elementor-widget-wrap elementor-element-populated\">\n\t\t\t\t\t\t<div class=\"elementor-element elementor-element-4b0cec8 elementor-widget elementor-widget-text-editor\" data-id=\"4b0cec8\" data-element_type=\"widget\" data-widget_type=\"text-editor.default\">\n\t\t\t\t<div class=\"elementor-widget-container\">\n\t\t\t\t\t\t\t\t\t<p><span style=\"font-weight: 400;\">Marcus Garvey no es s\u00f3lo un h\u00e9roe jamaicano. Es una figura central de la historia del Caribe y del mundo, cuya influencia se extiende mucho m\u00e1s all\u00e1 de su propia \u00e9poca. Con su compromiso, sus iniciativas y su visi\u00f3n, ayud\u00f3 a redefinir los contornos de la dignidad, la organizaci\u00f3n y la ambici\u00f3n colectiva. Su legado, tan inspirador como complejo, sigue desafiando e informando al pensamiento contempor\u00e1neo. Para el Caribe, Marcus Garvey representa mucho m\u00e1s que un recuerdo: encarna la capacidad de pensar el mundo, de actuar y de dejar una huella duradera en la historia.    <\/span><\/p>\t\t\t\t\t\t\t\t<\/div>\n\t\t\t\t<\/div>\n\t\t\t\t\t<\/div>\n\t\t<\/div>\n\t\t\t\t\t<\/div>\n\t\t<\/section>\n\t\t\t\t<section class=\"elementor-section elementor-top-section elementor-element elementor-element-f5709a6 elementor-section-boxed elementor-section-height-default elementor-section-height-default\" data-id=\"f5709a6\" data-element_type=\"section\">\n\t\t\t\t\t\t<div class=\"elementor-container elementor-column-gap-default\">\n\t\t\t\t\t<div class=\"elementor-column elementor-col-100 elementor-top-column elementor-element elementor-element-957be6f\" data-id=\"957be6f\" data-element_type=\"column\">\n\t\t\t<div class=\"elementor-widget-wrap elementor-element-populated\">\n\t\t\t\t\t\t<div class=\"elementor-element elementor-element-63e5d4a elementor-widget elementor-widget-accordion\" data-id=\"63e5d4a\" data-element_type=\"widget\" data-widget_type=\"accordion.default\">\n\t\t\t\t<div class=\"elementor-widget-container\">\n\t\t\t\t\t\t\t<div class=\"elementor-accordion\">\n\t\t\t\t\t\t\t<div class=\"elementor-accordion-item\">\n\t\t\t\t\t<div id=\"elementor-tab-title-1041\" class=\"elementor-tab-title\" data-tab=\"1\" role=\"button\" aria-controls=\"elementor-tab-content-1041\" aria-expanded=\"false\">\n\t\t\t\t\t\t\t\t\t\t\t\t\t<span class=\"elementor-accordion-icon elementor-accordion-icon-left\" aria-hidden=\"true\">\n\t\t\t\t\t\t\t\t\t\t\t\t\t\t\t<span class=\"elementor-accordion-icon-closed\"><i class=\"fas fa-plus\"><\/i><\/span>\n\t\t\t\t\t\t\t\t<span class=\"elementor-accordion-icon-opened\"><i class=\"fas fa-minus\"><\/i><\/span>\n\t\t\t\t\t\t\t\t\t\t\t\t\t\t<\/span>\n\t\t\t\t\t\t\t\t\t\t\t\t<a class=\"elementor-accordion-title\" tabindex=\"0\">\u00bfQui\u00e9n es Marcus Garvey?<\/a>\n\t\t\t\t\t<\/div>\n\t\t\t\t\t<div id=\"elementor-tab-content-1041\" class=\"elementor-tab-content elementor-clearfix\" data-tab=\"1\" role=\"region\" aria-labelledby=\"elementor-tab-title-1041\"><p><span style=\"font-weight: 400;\">Marcus Garvey fue un l\u00edder pol\u00edtico y activista jamaicano nacido en 1887, considerado una de las principales figuras del panafricanismo. Fue el fundador de la Universal Negro Improvement Association (UNIA) y est\u00e1 reconocido como h\u00e9roe nacional en Jamaica. <\/span><\/p>\n<\/div>\n\t\t\t\t<\/div>\n\t\t\t\t\t\t\t<div class=\"elementor-accordion-item\">\n\t\t\t\t\t<div id=\"elementor-tab-title-1042\" class=\"elementor-tab-title\" data-tab=\"2\" role=\"button\" aria-controls=\"elementor-tab-content-1042\" aria-expanded=\"false\">\n\t\t\t\t\t\t\t\t\t\t\t\t\t<span class=\"elementor-accordion-icon elementor-accordion-icon-left\" aria-hidden=\"true\">\n\t\t\t\t\t\t\t\t\t\t\t\t\t\t\t<span class=\"elementor-accordion-icon-closed\"><i class=\"fas fa-plus\"><\/i><\/span>\n\t\t\t\t\t\t\t\t<span class=\"elementor-accordion-icon-opened\"><i class=\"fas fa-minus\"><\/i><\/span>\n\t\t\t\t\t\t\t\t\t\t\t\t\t\t<\/span>\n\t\t\t\t\t\t\t\t\t\t\t\t<a class=\"elementor-accordion-title\" tabindex=\"0\">\u00bfPor qu\u00e9 es importante Marcus Garvey?<\/a>\n\t\t\t\t\t<\/div>\n\t\t\t\t\t<div id=\"elementor-tab-content-1042\" class=\"elementor-tab-content elementor-clearfix\" data-tab=\"2\" role=\"region\" aria-labelledby=\"elementor-tab-title-1042\"><p><span style=\"font-weight: 400;\">Marcus Garvey es importante porque desarroll\u00f3 una visi\u00f3n global basada en el orgullo negro, la autonom\u00eda econ\u00f3mica y la organizaci\u00f3n de las poblaciones negras a escala internacional. Su influencia tuvo un impacto duradero en el Caribe y en los movimientos negros de todo el mundo. <\/span><\/p>\n<\/div>\n\t\t\t\t<\/div>\n\t\t\t\t\t\t\t<div class=\"elementor-accordion-item\">\n\t\t\t\t\t<div id=\"elementor-tab-title-1043\" class=\"elementor-tab-title\" data-tab=\"3\" role=\"button\" aria-controls=\"elementor-tab-content-1043\" aria-expanded=\"false\">\n\t\t\t\t\t\t\t\t\t\t\t\t\t<span class=\"elementor-accordion-icon elementor-accordion-icon-left\" aria-hidden=\"true\">\n\t\t\t\t\t\t\t\t\t\t\t\t\t\t\t<span class=\"elementor-accordion-icon-closed\"><i class=\"fas fa-plus\"><\/i><\/span>\n\t\t\t\t\t\t\t\t<span class=\"elementor-accordion-icon-opened\"><i class=\"fas fa-minus\"><\/i><\/span>\n\t\t\t\t\t\t\t\t\t\t\t\t\t\t<\/span>\n\t\t\t\t\t\t\t\t\t\t\t\t<a class=\"elementor-accordion-title\" tabindex=\"0\">\u00bfQu\u00e9 es la UNIA, fundada por Marcus Garvey?<\/a>\n\t\t\t\t\t<\/div>\n\t\t\t\t\t<div id=\"elementor-tab-content-1043\" class=\"elementor-tab-content elementor-clearfix\" data-tab=\"3\" role=\"region\" aria-labelledby=\"elementor-tab-title-1043\"><p><span style=\"font-weight: 400;\">La UNIA (Universal Negro Improvement Association) fue fundada en 1914 por Marcus Garvey para promover el desarrollo econ\u00f3mico, social y cultural de la poblaci\u00f3n negra en todo el mundo.<\/span><\/p>\n<\/div>\n\t\t\t\t<\/div>\n\t\t\t\t\t\t\t\t<\/div>\n\t\t\t\t\t\t<\/div>\n\t\t\t\t<\/div>\n\t\t\t\t\t<\/div>\n\t\t<\/div>\n\t\t\t\t\t<\/div>\n\t\t<\/section>\n\t\t\t\t<\/div>\n\t\t","protected":false},"excerpt":{"rendered":"<p>Marcus Garvey sigue siendo una de las figuras m\u00e1s influyentes surgidas en el Caribe. Nacido en Jamaica a finales del siglo XIX, transform\u00f3 una experiencia local en un proyecto pol\u00edtico y cultural de alcance internacional. En una \u00e9poca en que las poblaciones negras se enfrentaban a sistemas de exclusi\u00f3n profundamente arraigados, Marcus Garvey propuso una [&hellip;]<\/p>\n","protected":false},"author":662,"featured_media":70992,"comment_status":"open","ping_status":"open","sticky":false,"template":"","format":"standard","meta":{"_acf_changed":false,"footnotes":""},"categories":[1469],"tags":[1695],"class_list":["post-71002","post","type-post","status-publish","format-standard","has-post-thumbnail","hentry","category-historia-patrimonio","tag-jamaica-es-2"],"acf":[],"_links":{"self":[{"href":"https:\/\/richeskarayib.com\/es\/wp-json\/wp\/v2\/posts\/71002","targetHints":{"allow":["GET"]}}],"collection":[{"href":"https:\/\/richeskarayib.com\/es\/wp-json\/wp\/v2\/posts"}],"about":[{"href":"https:\/\/richeskarayib.com\/es\/wp-json\/wp\/v2\/types\/post"}],"author":[{"embeddable":true,"href":"https:\/\/richeskarayib.com\/es\/wp-json\/wp\/v2\/users\/662"}],"replies":[{"embeddable":true,"href":"https:\/\/richeskarayib.com\/es\/wp-json\/wp\/v2\/comments?post=71002"}],"version-history":[{"count":0,"href":"https:\/\/richeskarayib.com\/es\/wp-json\/wp\/v2\/posts\/71002\/revisions"}],"wp:featuredmedia":[{"embeddable":true,"href":"https:\/\/richeskarayib.com\/es\/wp-json\/wp\/v2\/media\/70992"}],"wp:attachment":[{"href":"https:\/\/richeskarayib.com\/es\/wp-json\/wp\/v2\/media?parent=71002"}],"wp:term":[{"taxonomy":"category","embeddable":true,"href":"https:\/\/richeskarayib.com\/es\/wp-json\/wp\/v2\/categories?post=71002"},{"taxonomy":"post_tag","embeddable":true,"href":"https:\/\/richeskarayib.com\/es\/wp-json\/wp\/v2\/tags?post=71002"}],"curies":[{"name":"wp","href":"https:\/\/api.w.org\/{rel}","templated":true}]}}