{"id":71083,"date":"2026-03-20T11:15:28","date_gmt":"2026-03-20T15:15:28","guid":{"rendered":"https:\/\/richeskarayib.com\/396-millones-de-personas-hablan-frances-lo-que-revela-el-informe-2026\/"},"modified":"2026-03-23T01:37:35","modified_gmt":"2026-03-23T05:37:35","slug":"396-millones-de-personas-hablan-frances-lo-que-revela-el-informe-2026","status":"publish","type":"post","link":"https:\/\/richeskarayib.com\/es\/396-millones-de-personas-hablan-frances-lo-que-revela-el-informe-2026\/","title":{"rendered":"396 millones de personas hablan franc\u00e9s: lo que revela el informe 2026"},"content":{"rendered":"\t\t<div data-elementor-type=\"wp-post\" data-elementor-id=\"71083\" class=\"elementor elementor-71083 elementor-71065\" data-elementor-post-type=\"post\">\n\t\t\t\t\t\t<section class=\"elementor-section elementor-top-section elementor-element elementor-element-7ca7ca1 elementor-section-boxed elementor-section-height-default elementor-section-height-default\" data-id=\"7ca7ca1\" data-element_type=\"section\">\n\t\t\t\t\t\t<div class=\"elementor-container elementor-column-gap-default\">\n\t\t\t\t\t<div class=\"elementor-column elementor-col-100 elementor-top-column elementor-element elementor-element-cbdd002\" data-id=\"cbdd002\" data-element_type=\"column\">\n\t\t\t<div class=\"elementor-widget-wrap elementor-element-populated\">\n\t\t\t\t\t\t<section class=\"elementor-section elementor-inner-section elementor-element elementor-element-bc94849 elementor-section-boxed elementor-section-height-default elementor-section-height-default\" data-id=\"bc94849\" data-element_type=\"section\">\n\t\t\t\t\t\t<div class=\"elementor-container elementor-column-gap-default\">\n\t\t\t\t\t\t<\/div>\n\t\t<\/section>\n\t\t\t\t<section class=\"elementor-section elementor-inner-section elementor-element elementor-element-61571e6 elementor-section-boxed elementor-section-height-default elementor-section-height-default\" data-id=\"61571e6\" data-element_type=\"section\">\n\t\t\t\t\t\t<div class=\"elementor-container elementor-column-gap-default\">\n\t\t\t\t\t\t<\/div>\n\t\t<\/section>\n\t\t\t\t<section class=\"elementor-section elementor-inner-section elementor-element elementor-element-b6262e0 elementor-section-boxed elementor-section-height-default elementor-section-height-default\" data-id=\"b6262e0\" data-element_type=\"section\">\n\t\t\t\t\t\t<div class=\"elementor-container elementor-column-gap-default\">\n\t\t\t\t\t\t<\/div>\n\t\t<\/section>\n\t\t\t\t<section class=\"elementor-section elementor-inner-section elementor-element elementor-element-cca29fd elementor-section-boxed elementor-section-height-default elementor-section-height-default\" data-id=\"cca29fd\" data-element_type=\"section\">\n\t\t\t\t\t\t<div class=\"elementor-container elementor-column-gap-default\">\n\t\t\t\t\t\t<\/div>\n\t\t<\/section>\n\t\t\t\t\t<\/div>\n\t\t<\/div>\n\t\t\t\t\t<\/div>\n\t\t<\/section>\n\t\t\t\t<section class=\"elementor-section elementor-top-section elementor-element elementor-element-ee72354 elementor-section-boxed elementor-section-height-default elementor-section-height-default\" data-id=\"ee72354\" data-element_type=\"section\">\n\t\t\t\t\t\t<div class=\"elementor-container elementor-column-gap-default\">\n\t\t\t\t\t<div class=\"elementor-column elementor-col-100 elementor-top-column elementor-element elementor-element-c59d6fe\" data-id=\"c59d6fe\" data-element_type=\"column\">\n\t\t\t<div class=\"elementor-widget-wrap elementor-element-populated\">\n\t\t\t\t\t\t<div class=\"elementor-element elementor-element-e57451f elementor-widget elementor-widget-text-editor\" data-id=\"e57451f\" data-element_type=\"widget\" data-widget_type=\"text-editor.default\">\n\t\t\t\t<div class=\"elementor-widget-container\">\n\t\t\t\t\t\t\t\t\t<p><span style=\"font-weight: 400;\">La Organizaci\u00f3n Internacional de la Francofon\u00eda ha publicado una cifra que reorganiza la baraja en el debate mundial sobre las lenguas: <\/span><b>396 millones de personas hablan franc\u00e9s<\/b><span style=\"font-weight: 400;\">. Con este total  <\/span>La lengua francesa en el mundo<span style=\"font-weight: 400;\"> pasa de la 5\u00aa a <\/span><b>la 4\u00aa posici\u00f3n<\/b><span style=\"font-weight: 400;\">por detr\u00e1s del ingl\u00e9s, el mandar\u00edn y el espa\u00f1ol, pero por delante del \u00e1rabe est\u00e1ndar. Esto es m\u00e1s que un mero anuncio. Marca un cambio fundamental en el lugar que ocupa el franc\u00e9s en la escena internacional y confirma que la lengua sigue avanzando en \u00e1mbitos estrat\u00e9gicos como la educaci\u00f3n, los intercambios econ\u00f3micos, la tecnolog\u00eda digital y la movilidad cultural.  <\/span><\/p>\t\t\t\t\t\t\t\t<\/div>\n\t\t\t\t<\/div>\n\t\t\t\t\t<\/div>\n\t\t<\/div>\n\t\t\t\t\t<\/div>\n\t\t<\/section>\n\t\t\t\t<section class=\"elementor-section elementor-top-section elementor-element elementor-element-82cd8f9 elementor-section-boxed elementor-section-height-default elementor-section-height-default\" data-id=\"82cd8f9\" data-element_type=\"section\">\n\t\t\t\t\t\t<div class=\"elementor-container elementor-column-gap-default\">\n\t\t\t\t\t<div class=\"elementor-column elementor-col-100 elementor-top-column elementor-element elementor-element-0bfdc38\" data-id=\"0bfdc38\" data-element_type=\"column\">\n\t\t\t<div class=\"elementor-widget-wrap elementor-element-populated\">\n\t\t\t\t\t\t<div class=\"elementor-element elementor-element-7d292fe elementor-widget elementor-widget-heading\" data-id=\"7d292fe\" data-element_type=\"widget\" data-widget_type=\"heading.default\">\n\t\t\t\t<div class=\"elementor-widget-container\">\n\t\t\t\t\t<h2 class=\"elementor-heading-title elementor-size-default\">Un avance global que est\u00e1 cambiando la narrativa en torno al franc\u00e9s<\/h2>\t\t\t\t<\/div>\n\t\t\t\t<\/div>\n\t\t\t\t<div class=\"elementor-element elementor-element-96caf50 elementor-widget elementor-widget-text-editor\" data-id=\"96caf50\" data-element_type=\"widget\" data-widget_type=\"text-editor.default\">\n\t\t\t\t<div class=\"elementor-widget-container\">\n\t\t\t\t\t\t\t\t\t<p>Durante a\u00f1os, el franc\u00e9s se ha presentado a menudo como una lengua de influencia importante, pero debilitada por la competencia mundial. El informe 2026 de la OIF introduce un importante correctivo. La lengua francesa en el mundo no s\u00f3lo se mantiene: gana terreno en n\u00famero de hablantes y visibilidad internacional. Ascender al 4\u00ba puesto en la clasificaci\u00f3n mundial le confiere un fuerte peso simb\u00f3lico, pero sobre todo pol\u00edtico, educativo y econ\u00f3mico. Una lengua que asciende en la clasificaci\u00f3n mundial no es simplemente una lengua que se ha transmitido; es una lengua que se sigue aprendiendo, utilizando, transmitiendo e invirtiendo en ella.    <\/p><p>El franc\u00e9s no debe analizarse \u00fanicamente como una lengua institucional o diplom\u00e1tica. Sigue siendo una lengua de circulaci\u00f3n concreta, hablada, ense\u00f1ada, trabajada y adaptada a contextos muy diversos. La lengua francesa en el mundo actual est\u00e1 impulsada por realidades demogr\u00e1ficas y sociales que van mucho m\u00e1s all\u00e1 del marco europeo, y esto es precisamente lo que pone de relieve el informe 2026.  <\/p>\t\t\t\t\t\t\t\t<\/div>\n\t\t\t\t<\/div>\n\t\t\t\t<div class=\"elementor-element elementor-element-11bf06f elementor-widget elementor-widget-image\" data-id=\"11bf06f\" data-element_type=\"widget\" data-widget_type=\"image.default\">\n\t\t\t\t<div class=\"elementor-widget-container\">\n\t\t\t\t\t\t\t\t\t\t\t\t<figure class=\"wp-caption\">\n\t\t\t\t\t\t\t\t\t\t<img fetchpriority=\"high\" decoding=\"async\" width=\"800\" height=\"600\" src=\"https:\/\/richeskarayib.com\/wp-content\/uploads\/2026\/03\/\u00a9OIF-1024x768.jpg\" class=\"attachment-large size-large wp-image-71073\" alt=\"langue fran\u00e7aise\" srcset=\"https:\/\/richeskarayib.com\/wp-content\/uploads\/2026\/03\/\u00a9OIF-1024x768.jpg 1024w, https:\/\/richeskarayib.com\/wp-content\/uploads\/2026\/03\/\u00a9OIF-300x225.jpg 300w, https:\/\/richeskarayib.com\/wp-content\/uploads\/2026\/03\/\u00a9OIF-768x576.jpg 768w, https:\/\/richeskarayib.com\/wp-content\/uploads\/2026\/03\/\u00a9OIF-1536x1152.jpg 1536w, https:\/\/richeskarayib.com\/wp-content\/uploads\/2026\/03\/\u00a9OIF-1320x990.jpg 1320w, https:\/\/richeskarayib.com\/wp-content\/uploads\/2026\/03\/\u00a9OIF.jpg 1920w\" sizes=\"(max-width: 800px) 100vw, 800px\" \/>\t\t\t\t\t\t\t\t\t\t\t<figcaption class=\"widget-image-caption wp-caption-text\">\u00a9OIF<\/figcaption>\n\t\t\t\t\t\t\t\t\t\t<\/figure>\n\t\t\t\t\t\t\t\t\t<\/div>\n\t\t\t\t<\/div>\n\t\t\t\t<section class=\"elementor-section elementor-inner-section elementor-element elementor-element-c582330 elementor-section-boxed elementor-section-height-default elementor-section-height-default\" data-id=\"c582330\" data-element_type=\"section\">\n\t\t\t\t\t\t<div class=\"elementor-container elementor-column-gap-default\">\n\t\t\t\t\t\t<\/div>\n\t\t<\/section>\n\t\t\t\t<section class=\"elementor-section elementor-inner-section elementor-element elementor-element-296603a elementor-section-boxed elementor-section-height-default elementor-section-height-default\" data-id=\"296603a\" data-element_type=\"section\">\n\t\t\t\t\t\t<div class=\"elementor-container elementor-column-gap-default\">\n\t\t\t\t\t\t<\/div>\n\t\t<\/section>\n\t\t\t\t\t<\/div>\n\t\t<\/div>\n\t\t\t\t\t<\/div>\n\t\t<\/section>\n\t\t\t\t<section class=\"elementor-section elementor-top-section elementor-element elementor-element-bdd0219 elementor-section-boxed elementor-section-height-default elementor-section-height-default\" data-id=\"bdd0219\" data-element_type=\"section\">\n\t\t\t\t\t\t<div class=\"elementor-container elementor-column-gap-default\">\n\t\t\t\t\t<div class=\"elementor-column elementor-col-100 elementor-top-column elementor-element elementor-element-c1ec903\" data-id=\"c1ec903\" data-element_type=\"column\">\n\t\t\t<div class=\"elementor-widget-wrap elementor-element-populated\">\n\t\t\t\t\t\t<div class=\"elementor-element elementor-element-55dd336 elementor-widget elementor-widget-heading\" data-id=\"55dd336\" data-element_type=\"widget\" data-widget_type=\"heading.default\">\n\t\t\t\t<div class=\"elementor-widget-container\">\n\t\t\t\t\t<h2 class=\"elementor-heading-title elementor-size-default\">396 millones de hablantes: qu\u00e9 significa realmente esta cifra<\/h2>\t\t\t\t<\/div>\n\t\t\t\t<\/div>\n\t\t\t\t<div class=\"elementor-element elementor-element-9cd513e elementor-widget elementor-widget-text-editor\" data-id=\"9cd513e\" data-element_type=\"widget\" data-widget_type=\"text-editor.default\">\n\t\t\t\t<div class=\"elementor-widget-container\">\n\t\t\t\t\t\t\t\t\t<p><span style=\"font-weight: 400;\">La cifra de <\/span><b>396 millones de<\/b><span style=\"font-weight: 400;\">  debe leerse con atenci\u00f3n. Se refiere a una comunidad ling\u00fc\u00edstica extendida por el   <\/span><b>cinco continentes<\/b><span style=\"font-weight: 400;\">y no un bloque homog\u00e9neo. Esto significa que el franc\u00e9s sigue existiendo en una gran variedad de contextos: como lengua materna para algunos, como lengua de ense\u00f1anza para otros y como lengua administrativa, profesional, cultural o de comunicaci\u00f3n en sociedades multiling\u00fces. Esta diversidad est\u00e1 en el centro de la    <\/span>La lengua francesa en el mundo<span style=\"font-weight: 400;\"> tal y como existir\u00e1 realmente en 2026.<\/span><\/p><p><span style=\"font-weight: 400;\">Este hecho tambi\u00e9n tiene un fuerte significado editorial. Nos recuerda que ya no podemos hablar del franc\u00e9s como una lengua confinada a un \u00fanico territorio o a una \u00fanica historia nacional. El franc\u00e9s circula en espacios muy diferentes, con usos m\u00faltiples y din\u00e1micas propias. Es esta pluralidad su fuerza actual. As\u00ed que la cifra de 396 millones no es s\u00f3lo un aumento, sino el alcance geogr\u00e1fico, social y cultural de una lengua global.    <\/span><\/p>\t\t\t\t\t\t\t\t<\/div>\n\t\t\t\t<\/div>\n\t\t\t\t<div class=\"elementor-element elementor-element-8fd7368 elementor-widget elementor-widget-image\" data-id=\"8fd7368\" data-element_type=\"widget\" data-widget_type=\"image.default\">\n\t\t\t\t<div class=\"elementor-widget-container\">\n\t\t\t\t\t\t\t\t\t\t\t\t<figure class=\"wp-caption\">\n\t\t\t\t\t\t\t\t\t\t<img decoding=\"async\" width=\"800\" height=\"600\" src=\"https:\/\/richeskarayib.com\/wp-content\/uploads\/2026\/03\/\u00a9OIF-2-1024x768.jpg\" class=\"attachment-large size-large wp-image-71077\" alt=\"langue fran\u00e7aise\" srcset=\"https:\/\/richeskarayib.com\/wp-content\/uploads\/2026\/03\/\u00a9OIF-2-1024x768.jpg 1024w, https:\/\/richeskarayib.com\/wp-content\/uploads\/2026\/03\/\u00a9OIF-2-300x225.jpg 300w, https:\/\/richeskarayib.com\/wp-content\/uploads\/2026\/03\/\u00a9OIF-2-768x576.jpg 768w, https:\/\/richeskarayib.com\/wp-content\/uploads\/2026\/03\/\u00a9OIF-2-1536x1152.jpg 1536w, https:\/\/richeskarayib.com\/wp-content\/uploads\/2026\/03\/\u00a9OIF-2-1320x990.jpg 1320w, https:\/\/richeskarayib.com\/wp-content\/uploads\/2026\/03\/\u00a9OIF-2.jpg 1920w\" sizes=\"(max-width: 800px) 100vw, 800px\" \/>\t\t\t\t\t\t\t\t\t\t\t<figcaption class=\"widget-image-caption wp-caption-text\">\u00a9OIF<\/figcaption>\n\t\t\t\t\t\t\t\t\t\t<\/figure>\n\t\t\t\t\t\t\t\t\t<\/div>\n\t\t\t\t<\/div>\n\t\t\t\t<section class=\"elementor-section elementor-inner-section elementor-element elementor-element-92f4402 elementor-section-boxed elementor-section-height-default elementor-section-height-default\" data-id=\"92f4402\" data-element_type=\"section\">\n\t\t\t\t\t\t<div class=\"elementor-container elementor-column-gap-default\">\n\t\t\t\t\t\t<\/div>\n\t\t<\/section>\n\t\t\t\t<section class=\"elementor-section elementor-inner-section elementor-element elementor-element-9290a61 elementor-section-boxed elementor-section-height-default elementor-section-height-default\" data-id=\"9290a61\" data-element_type=\"section\">\n\t\t\t\t\t\t<div class=\"elementor-container elementor-column-gap-default\">\n\t\t\t\t\t\t<\/div>\n\t\t<\/section>\n\t\t\t\t\t<\/div>\n\t\t<\/div>\n\t\t\t\t\t<\/div>\n\t\t<\/section>\n\t\t\t\t<section class=\"elementor-section elementor-top-section elementor-element elementor-element-9c88a89 elementor-section-boxed elementor-section-height-default elementor-section-height-default\" data-id=\"9c88a89\" data-element_type=\"section\">\n\t\t\t\t\t\t<div class=\"elementor-container elementor-column-gap-default\">\n\t\t\t\t\t<div class=\"elementor-column elementor-col-100 elementor-top-column elementor-element elementor-element-78cf5d1\" data-id=\"78cf5d1\" data-element_type=\"column\">\n\t\t\t<div class=\"elementor-widget-wrap elementor-element-populated\">\n\t\t\t\t\t\t<div class=\"elementor-element elementor-element-ea2a5c1 elementor-widget elementor-widget-heading\" data-id=\"ea2a5c1\" data-element_type=\"widget\" data-widget_type=\"heading.default\">\n\t\t\t\t<div class=\"elementor-widget-container\">\n\t\t\t\t\t<h2 class=\"elementor-heading-title elementor-size-default\">\u00c1frica, centro de gravedad decisivo de la lengua francesa en el mundo<\/h2>\t\t\t\t<\/div>\n\t\t\t\t<\/div>\n\t\t\t\t<div class=\"elementor-element elementor-element-e305eee elementor-widget elementor-widget-text-editor\" data-id=\"e305eee\" data-element_type=\"widget\" data-widget_type=\"text-editor.default\">\n\t\t\t\t<div class=\"elementor-widget-container\">\n\t\t\t\t\t\t\t\t\t<p><span style=\"font-weight: 400;\">Una de las principales lecciones del informe 2026 es el lugar que ocupa el continente africano. La OIF afirma que   <\/span><b>El 65% de los franc\u00f3fonos viven en \u00c1frica<\/b><span style=\"font-weight: 400;\">. Esta proporci\u00f3n basta por s\u00ed sola para cambiar el enfoque. El futuro del franc\u00e9s ya no se juega principalmente en las zonas donde se ha concentrado durante mucho tiempo su prestigio institucional; ahora se juega en las sociedades africanas, j\u00f3venes, numerosas, urbanas, creativas y desgarradas por profundos retos educativos y econ\u00f3micos. <\/span><\/p>\t\t\t\t\t\t\t\t<\/div>\n\t\t\t\t<\/div>\n\t\t\t\t<div class=\"elementor-element elementor-element-416ae8a elementor-widget elementor-widget-text-editor\" data-id=\"416ae8a\" data-element_type=\"widget\" data-widget_type=\"text-editor.default\">\n\t\t\t\t<div class=\"elementor-widget-container\">\n\t\t\t\t\t\t\t\t\t<p><span style=\"font-weight: 400;\">Esta realidad nos obliga a replantearnos viejas ideas. Hablar de   <\/span>la lengua francesa en el mundo<span style=\"font-weight: 400;\">  sin reconocer el papel central de \u00c1frica equivaldr\u00eda a pasar por alto el punto principal del informe. El crecimiento del franc\u00e9s en la actualidad se basa en una poderosa din\u00e1mica demogr\u00e1fica, pero tambi\u00e9n en la capacidad de los sistemas educativos, los medios de comunicaci\u00f3n, las industrias culturales y las econom\u00edas franc\u00f3fonas africanas para mantener y ampliar el uso del franc\u00e9s. El hecho de que el informe se centre en \u00c1frica no es una nota a pie de p\u00e1gina, sino un elemento clave.  <\/span><\/p>\t\t\t\t\t\t\t\t<\/div>\n\t\t\t\t<\/div>\n\t\t\t\t\t<\/div>\n\t\t<\/div>\n\t\t\t\t\t<\/div>\n\t\t<\/section>\n\t\t\t\t<section class=\"elementor-section elementor-top-section elementor-element elementor-element-ee7f5d7 elementor-section-boxed elementor-section-height-default elementor-section-height-default\" data-id=\"ee7f5d7\" data-element_type=\"section\">\n\t\t\t\t\t\t<div class=\"elementor-container elementor-column-gap-default\">\n\t\t\t\t\t<div class=\"elementor-column elementor-col-100 elementor-top-column elementor-element elementor-element-0669c08\" data-id=\"0669c08\" data-element_type=\"column\">\n\t\t\t<div class=\"elementor-widget-wrap elementor-element-populated\">\n\t\t\t\t\t\t<div class=\"elementor-element elementor-element-acc47ca elementor-widget elementor-widget-heading\" data-id=\"acc47ca\" data-element_type=\"widget\" data-widget_type=\"heading.default\">\n\t\t\t\t<div class=\"elementor-widget-container\">\n\t\t\t\t\t<h2 class=\"elementor-heading-title elementor-size-default\">Una lengua que tambi\u00e9n avanza a trav\u00e9s de las escuelas, la tecnolog\u00eda digital y las empresas<\/h2>\t\t\t\t<\/div>\n\t\t\t\t<\/div>\n\t\t\t\t<div class=\"elementor-element elementor-element-4bb1533 elementor-widget elementor-widget-text-editor\" data-id=\"4bb1533\" data-element_type=\"widget\" data-widget_type=\"text-editor.default\">\n\t\t\t\t<div class=\"elementor-widget-container\">\n\t\t\t\t\t\t\t\t\t<p><span style=\"font-weight: 400;\">El informe 2026 se\u00f1ala que el franc\u00e9s es la 2\u00aa lengua extranjera m\u00e1s aprendida en el mundo, con casi 170 millones de alumnos, lo que confirma su importancia en los sistemas educativos y su atractivo mucho m\u00e1s all\u00e1 del mundo franc\u00f3fono&#8230; Tambi\u00e9n figura como <\/span><b>4\u00aa lengua m\u00e1s popular en Internet<\/b><span style=\"font-weight: 400;\"> y <\/span><b>3\u00aa lengua de los negocios y la econom\u00eda<\/b><span style=\"font-weight: 400;\">. Estos factores dan fundamento a la cifra de 396 millones: demuestran que el crecimiento de la lengua francesa no se basa \u00fanicamente en la demograf\u00eda, sino tambi\u00e9n en el aprendizaje, los usos digitales y el valor profesional de la lengua.<\/span><\/p>\t\t\t\t\t\t\t\t<\/div>\n\t\t\t\t<\/div>\n\t\t\t\t<div class=\"elementor-element elementor-element-032748d elementor-widget elementor-widget-text-editor\" data-id=\"032748d\" data-element_type=\"widget\" data-widget_type=\"text-editor.default\">\n\t\t\t\t<div class=\"elementor-widget-container\">\n\t\t\t\t\t\t\t\t\t<p><span style=\"font-weight: 400;\">Estos datos son extremadamente importantes hoy en d\u00eda. Una lengua mundial no s\u00f3lo existe por su pasado o su estatus oficial. Tambi\u00e9n existe por su capacidad de permanecer visible en los motores de b\u00fasqueda, los contenidos digitales, las redes educativas, las plataformas, los intercambios comerciales y los entornos laborales. Por ello, el informe sugiere una lectura m\u00e1s global: la     <\/span>La lengua francesa<span style=\"font-weight: 400;\"> sigue teniendo un uso pr\u00e1ctico en todo el mundo, lo que ayuda a explicar su resistencia y crecimiento.<\/span><\/p>\t\t\t\t\t\t\t\t<\/div>\n\t\t\t\t<\/div>\n\t\t\t\t\t<\/div>\n\t\t<\/div>\n\t\t\t\t\t<\/div>\n\t\t<\/section>\n\t\t\t\t<section class=\"elementor-section elementor-top-section elementor-element elementor-element-d0fd0c0 elementor-section-boxed elementor-section-height-default elementor-section-height-default\" data-id=\"d0fd0c0\" data-element_type=\"section\">\n\t\t\t\t\t\t<div class=\"elementor-container elementor-column-gap-default\">\n\t\t\t\t\t<div class=\"elementor-column elementor-col-100 elementor-top-column elementor-element elementor-element-1e2ec65\" data-id=\"1e2ec65\" data-element_type=\"column\">\n\t\t\t<div class=\"elementor-widget-wrap elementor-element-populated\">\n\t\t\t\t\t\t<div class=\"elementor-element elementor-element-316145b elementor-widget elementor-widget-heading\" data-id=\"316145b\" data-element_type=\"widget\" data-widget_type=\"heading.default\">\n\t\t\t\t<div class=\"elementor-widget-container\">\n\t\t\t\t\t<h2 class=\"elementor-heading-title elementor-size-default\">2050: \u00bfpor qu\u00e9 las proyecciones de la OIF ya cuentan hoy?<\/h2>\t\t\t\t<\/div>\n\t\t\t\t<\/div>\n\t\t\t\t<div class=\"elementor-element elementor-element-54e5967 elementor-widget elementor-widget-text-editor\" data-id=\"54e5967\" data-element_type=\"widget\" data-widget_type=\"text-editor.default\">\n\t\t\t\t<div class=\"elementor-widget-container\">\n\t\t\t\t\t\t\t\t\t<p><span style=\"font-weight: 400;\">El otro punto clave del informe es la proyecci\u00f3n para las pr\u00f3ximas d\u00e9cadas. La OIF estima que, seg\u00fan las tendencias actuales, el franc\u00e9s podr\u00eda ser hablado por   <\/span><b>590 millones de personas en 2050<\/b><span style=\"font-weight: 400;\">de los cuales <\/span><b>9 de cada 10 en <a href=\"https:\/\/richeskarayib.com\/es\/raices-y-futuro-2026-en-uagadugu-africa-y-el-caribe-construyen-un-nuevo-dialogo-cultural-y-empresarial\/\" target=\"_blank\" rel=\"noopener\">\u00c1frica<\/a><\/b><span style=\"font-weight: 400;\">. No se trata de una certeza mec\u00e1nica, sino de una proyecci\u00f3n basada en la din\u00e1mica observada. Pone de relieve una cuesti\u00f3n central: el progreso futuro del franc\u00e9s depender\u00e1 menos de la ret\u00f3rica simb\u00f3lica que de las pol\u00edticas de educaci\u00f3n, formaci\u00f3n, transmisi\u00f3n y acceso a los contenidos. <\/span><\/p>\t\t\t\t\t\t\t\t<\/div>\n\t\t\t\t<\/div>\n\t\t\t\t<div class=\"elementor-element elementor-element-3eb60ab elementor-widget elementor-widget-text-editor\" data-id=\"3eb60ab\" data-element_type=\"widget\" data-widget_type=\"text-editor.default\">\n\t\t\t\t<div class=\"elementor-widget-container\">\n\t\t\t\t\t\t\t\t\t<p><span style=\"font-weight: 400;\">En otras palabras, el futuro de la <\/span>lengua francesa en el mundo<span style=\"font-weight: 400;\">  es algo m\u00e1s que una clasificaci\u00f3n halag\u00fce\u00f1a en una tabla clasificatoria. Depende de decisiones muy concretas: calidad de la ense\u00f1anza, presencia del franc\u00e9s en las carreras profesionales, adaptaci\u00f3n a los usos digitales, producci\u00f3n cultural y medi\u00e1tica, lugar de la lengua en la movilidad estudiantil y econ\u00f3mica. Por tanto, el informe 2026 da una se\u00f1al positiva, pero esta se\u00f1al sigue estando vinculada a condiciones de consolidaci\u00f3n.  <\/span><\/p>\t\t\t\t\t\t\t\t<\/div>\n\t\t\t\t<\/div>\n\t\t\t\t<div class=\"elementor-element elementor-element-d77c876 elementor-widget elementor-widget-image\" data-id=\"d77c876\" data-element_type=\"widget\" data-widget_type=\"image.default\">\n\t\t\t\t<div class=\"elementor-widget-container\">\n\t\t\t\t\t\t\t\t\t\t\t\t<figure class=\"wp-caption\">\n\t\t\t\t\t\t\t\t\t\t<img decoding=\"async\" width=\"800\" height=\"548\" src=\"https:\/\/richeskarayib.com\/wp-content\/uploads\/2026\/03\/\u00a9OIF-3-1024x701.jpg\" class=\"attachment-large size-large wp-image-71081\" alt=\"langue fran\u00e7aise\" srcset=\"https:\/\/richeskarayib.com\/wp-content\/uploads\/2026\/03\/\u00a9OIF-3-1024x701.jpg 1024w, https:\/\/richeskarayib.com\/wp-content\/uploads\/2026\/03\/\u00a9OIF-3-300x205.jpg 300w, https:\/\/richeskarayib.com\/wp-content\/uploads\/2026\/03\/\u00a9OIF-3-768x526.jpg 768w, https:\/\/richeskarayib.com\/wp-content\/uploads\/2026\/03\/\u00a9OIF-3-1536x1051.jpg 1536w, https:\/\/richeskarayib.com\/wp-content\/uploads\/2026\/03\/\u00a9OIF-3-1320x903.jpg 1320w, https:\/\/richeskarayib.com\/wp-content\/uploads\/2026\/03\/\u00a9OIF-3.jpg 1920w\" sizes=\"(max-width: 800px) 100vw, 800px\" \/>\t\t\t\t\t\t\t\t\t\t\t<figcaption class=\"widget-image-caption wp-caption-text\">\u00a9OIF<\/figcaption>\n\t\t\t\t\t\t\t\t\t\t<\/figure>\n\t\t\t\t\t\t\t\t\t<\/div>\n\t\t\t\t<\/div>\n\t\t\t\t\t<\/div>\n\t\t<\/div>\n\t\t\t\t\t<\/div>\n\t\t<\/section>\n\t\t\t\t<section class=\"elementor-section elementor-top-section elementor-element elementor-element-f03d675 elementor-section-boxed elementor-section-height-default elementor-section-height-default\" data-id=\"f03d675\" data-element_type=\"section\">\n\t\t\t\t\t\t<div class=\"elementor-container elementor-column-gap-default\">\n\t\t\t\t\t<div class=\"elementor-column elementor-col-100 elementor-top-column elementor-element elementor-element-ddb1e36\" data-id=\"ddb1e36\" data-element_type=\"column\">\n\t\t\t<div class=\"elementor-widget-wrap elementor-element-populated\">\n\t\t\t\t\t\t<div class=\"elementor-element elementor-element-66035d3 elementor-widget elementor-widget-heading\" data-id=\"66035d3\" data-element_type=\"widget\" data-widget_type=\"heading.default\">\n\t\t\t\t<div class=\"elementor-widget-container\">\n\t\t\t\t\t<h2 class=\"elementor-heading-title elementor-size-default\">Lo que realmente dice la cifra de 396 millones\n<\/h2>\t\t\t\t<\/div>\n\t\t\t\t<\/div>\n\t\t\t\t<div class=\"elementor-element elementor-element-cae4ec8 elementor-widget elementor-widget-text-editor\" data-id=\"cae4ec8\" data-element_type=\"widget\" data-widget_type=\"text-editor.default\">\n\t\t\t\t<div class=\"elementor-widget-container\">\n\t\t\t\t\t\t\t\t\t<p><span style=\"font-weight: 400;\">El informe 2026 de<a href=\"https:\/\/www.francophonie.org\/lancement-du-rapport-la-langue-francaise-dans-le-monde-2026-8426\" target=\"_blank\" rel=\"noopener nofollow\">la OIF<\/a> no es s\u00f3lo un total impresionante. Redibuja el mapa mental de la Francofon\u00eda contempor\u00e1nea.   <\/span>396 millones de personas<span style=\"font-weight: 400;\">  hablan franc\u00e9s; la lengua se ha ganado un lugar en la clasificaci\u00f3n mundial; sus ra\u00edces africanas se refuerzan; su peso en el aprendizaje, el mundo digital y la econom\u00eda sigue siendo significativo. En conjunto, estos factores dan una imagen m\u00e1s precisa de la lengua francesa.   <\/span>La lengua francesa en el mundo<span style=\"font-weight: 400;\">: una lengua internacional, diversa, en transformaci\u00f3n y a\u00fan capaz de ampliar su campo de acci\u00f3n.<\/span><\/p><p><span style=\"font-weight: 400;\">Para un medio de comunicaci\u00f3n, un agente cultural, una instituci\u00f3n educativa o una empresa, esta constataci\u00f3n tiene una consecuencia clara: el franc\u00e9s no debe verse como una lengua de retroceso, sino como una lengua de futuro, siempre que se contemple en toda su diversidad geogr\u00e1fica y social. Aqu\u00ed es donde reside el verdadero inter\u00e9s del informe 2026: detr\u00e1s de la cifra se esconde una remodelaci\u00f3n del paisaje ling\u00fc\u00edstico mundial. <\/span><\/p>\t\t\t\t\t\t\t\t<\/div>\n\t\t\t\t<\/div>\n\t\t\t\t<div class=\"elementor-element elementor-element-c37c1b4 elementor-widget elementor-widget-video\" data-id=\"c37c1b4\" data-element_type=\"widget\" data-settings=\"{&quot;youtube_url&quot;:&quot;https:\\\/\\\/www.youtube.com\\\/watch?v=vqJgKauJMOA&amp;t=20s&quot;,&quot;video_type&quot;:&quot;youtube&quot;,&quot;controls&quot;:&quot;yes&quot;}\" data-widget_type=\"video.default\">\n\t\t\t\t<div class=\"elementor-widget-container\">\n\t\t\t\t\t\t\t<div class=\"elementor-wrapper elementor-open-inline\">\n\t\t\t<div class=\"elementor-video\"><\/div>\t\t<\/div>\n\t\t\t\t\t\t<\/div>\n\t\t\t\t<\/div>\n\t\t\t\t\t<\/div>\n\t\t<\/div>\n\t\t\t\t\t<\/div>\n\t\t<\/section>\n\t\t\t\t<section class=\"elementor-section elementor-top-section elementor-element elementor-element-f5709a6 elementor-section-boxed elementor-section-height-default elementor-section-height-default\" data-id=\"f5709a6\" data-element_type=\"section\">\n\t\t\t\t\t\t<div class=\"elementor-container elementor-column-gap-default\">\n\t\t\t\t\t<div class=\"elementor-column elementor-col-100 elementor-top-column elementor-element elementor-element-957be6f\" data-id=\"957be6f\" data-element_type=\"column\">\n\t\t\t<div class=\"elementor-widget-wrap elementor-element-populated\">\n\t\t\t\t\t\t<div class=\"elementor-element elementor-element-63e5d4a elementor-widget elementor-widget-accordion\" data-id=\"63e5d4a\" data-element_type=\"widget\" data-widget_type=\"accordion.default\">\n\t\t\t\t<div class=\"elementor-widget-container\">\n\t\t\t\t\t\t\t<div class=\"elementor-accordion\">\n\t\t\t\t\t\t\t<div class=\"elementor-accordion-item\">\n\t\t\t\t\t<div id=\"elementor-tab-title-1041\" class=\"elementor-tab-title\" data-tab=\"1\" role=\"button\" aria-controls=\"elementor-tab-content-1041\" aria-expanded=\"false\">\n\t\t\t\t\t\t\t\t\t\t\t\t\t<span class=\"elementor-accordion-icon elementor-accordion-icon-left\" aria-hidden=\"true\">\n\t\t\t\t\t\t\t\t\t\t\t\t\t\t\t<span class=\"elementor-accordion-icon-closed\"><i class=\"fas fa-plus\"><\/i><\/span>\n\t\t\t\t\t\t\t\t<span class=\"elementor-accordion-icon-opened\"><i class=\"fas fa-minus\"><\/i><\/span>\n\t\t\t\t\t\t\t\t\t\t\t\t\t\t<\/span>\n\t\t\t\t\t\t\t\t\t\t\t\t<a class=\"elementor-accordion-title\" tabindex=\"0\">\u00bfCu\u00e1ntas personas en el mundo hablar\u00e1n franc\u00e9s en 2026?<\/a>\n\t\t\t\t\t<\/div>\n\t\t\t\t\t<div id=\"elementor-tab-content-1041\" class=\"elementor-tab-content elementor-clearfix\" data-tab=\"1\" role=\"region\" aria-labelledby=\"elementor-tab-title-1041\"><p><span style=\"font-weight: 400;\">Seg\u00fan el informe <\/span><i><span style=\"font-weight: 400;\">La lengua francesa en el mundo 2026<\/span><\/i><span style=\"font-weight: 400;\">  publicado por la Organizaci\u00f3n Internacional de la Francofon\u00eda, 396 millones de personas hablan franc\u00e9s en el mundo. Es una cifra importante, porque demuestra que la lengua francesa conserva un peso internacional real y sigue abri\u00e9ndose camino en el panorama ling\u00fc\u00edstico mundial. No es s\u00f3lo una lengua heredada de una historia compartida entre varios pa\u00edses, sino una lengua que se sigue transmitiendo, aprendiendo y utilizando en contextos educativos, econ\u00f3micos, administrativos y culturales muy diferentes.  <\/span><\/p>\n<\/div>\n\t\t\t\t<\/div>\n\t\t\t\t\t\t\t<div class=\"elementor-accordion-item\">\n\t\t\t\t\t<div id=\"elementor-tab-title-1042\" class=\"elementor-tab-title\" data-tab=\"2\" role=\"button\" aria-controls=\"elementor-tab-content-1042\" aria-expanded=\"false\">\n\t\t\t\t\t\t\t\t\t\t\t\t\t<span class=\"elementor-accordion-icon elementor-accordion-icon-left\" aria-hidden=\"true\">\n\t\t\t\t\t\t\t\t\t\t\t\t\t\t\t<span class=\"elementor-accordion-icon-closed\"><i class=\"fas fa-plus\"><\/i><\/span>\n\t\t\t\t\t\t\t\t<span class=\"elementor-accordion-icon-opened\"><i class=\"fas fa-minus\"><\/i><\/span>\n\t\t\t\t\t\t\t\t\t\t\t\t\t\t<\/span>\n\t\t\t\t\t\t\t\t\t\t\t\t<a class=\"elementor-accordion-title\" tabindex=\"0\">\u00bfQu\u00e9 lugar ocupa el franc\u00e9s entre las lenguas m\u00e1s habladas del mundo?<\/a>\n\t\t\t\t\t<\/div>\n\t\t\t\t\t<div id=\"elementor-tab-content-1042\" class=\"elementor-tab-content elementor-clearfix\" data-tab=\"2\" role=\"region\" aria-labelledby=\"elementor-tab-title-1042\"><p><span style=\"font-weight: 400;\">Seg\u00fan la OIF, el franc\u00e9s es ahora la 4\u00aa lengua m\u00e1s hablada del mundo, por detr\u00e1s del ingl\u00e9s, el chino y el espa\u00f1ol, y por delante del \u00e1rabe est\u00e1ndar. Este cambio de clasificaci\u00f3n es significativo, pues refleja un cambio concreto en la posici\u00f3n del franc\u00e9s a escala mundial. Esta clasificaci\u00f3n refuerza la idea de que el franc\u00e9s sigue siendo una lengua internacional importante, presente en muy diversos \u00e1mbitos, y que ya no debe considerarse una lengua puramente institucional o patrimonial.  <\/span><\/p>\n<\/div>\n\t\t\t\t<\/div>\n\t\t\t\t\t\t\t<div class=\"elementor-accordion-item\">\n\t\t\t\t\t<div id=\"elementor-tab-title-1043\" class=\"elementor-tab-title\" data-tab=\"3\" role=\"button\" aria-controls=\"elementor-tab-content-1043\" aria-expanded=\"false\">\n\t\t\t\t\t\t\t\t\t\t\t\t\t<span class=\"elementor-accordion-icon elementor-accordion-icon-left\" aria-hidden=\"true\">\n\t\t\t\t\t\t\t\t\t\t\t\t\t\t\t<span class=\"elementor-accordion-icon-closed\"><i class=\"fas fa-plus\"><\/i><\/span>\n\t\t\t\t\t\t\t\t<span class=\"elementor-accordion-icon-opened\"><i class=\"fas fa-minus\"><\/i><\/span>\n\t\t\t\t\t\t\t\t\t\t\t\t\t\t<\/span>\n\t\t\t\t\t\t\t\t\t\t\t\t<a class=\"elementor-accordion-title\" tabindex=\"0\">\u00bfPor qu\u00e9 la lengua francesa se abre camino en el mundo?<\/a>\n\t\t\t\t\t<\/div>\n\t\t\t\t\t<div id=\"elementor-tab-content-1043\" class=\"elementor-tab-content elementor-clearfix\" data-tab=\"3\" role=\"region\" aria-labelledby=\"elementor-tab-title-1043\"><p><span style=\"font-weight: 400;\">El crecimiento de la lengua francesa se explica por varios factores complementarios. En primer lugar, la lengua se beneficia de una fuerte din\u00e1mica demogr\u00e1fica en varios pa\u00edses franc\u00f3fonos, sobre todo en \u00c1frica, donde vive actualmente la mayor\u00eda de los franc\u00f3fonos. En segundo lugar, el franc\u00e9s sigue desempe\u00f1ando un papel importante en la educaci\u00f3n, la cooperaci\u00f3n internacional y determinados sectores econ\u00f3micos. La OIF se\u00f1ala tambi\u00e9n que el franc\u00e9s sigue siendo la 2\u00aa lengua extranjera m\u00e1s aprendida, con casi 170 millones de alumnos, lo que demuestra que sigue atrayendo a la poblaci\u00f3n mucho m\u00e1s all\u00e1 de los territorios donde es lengua oficial.   <\/span><\/p>\n<\/div>\n\t\t\t\t<\/div>\n\t\t\t\t\t\t\t\t<\/div>\n\t\t\t\t\t\t<\/div>\n\t\t\t\t<\/div>\n\t\t\t\t\t<\/div>\n\t\t<\/div>\n\t\t\t\t\t<\/div>\n\t\t<\/section>\n\t\t\t\t<\/div>\n\t\t","protected":false},"excerpt":{"rendered":"<p>La Organizaci\u00f3n Internacional de la Francofon\u00eda ha publicado una cifra que reorganiza la baraja en el debate mundial sobre las lenguas: 396 millones de personas hablan franc\u00e9s. Con este total La lengua francesa en el mundo pasa de la 5\u00aa a la 4\u00aa posici\u00f3npor detr\u00e1s del ingl\u00e9s, el mandar\u00edn y el espa\u00f1ol, pero por delante [&hellip;]<\/p>\n","protected":false},"author":662,"featured_media":71124,"comment_status":"open","ping_status":"open","sticky":false,"template":"","format":"standard","meta":{"_acf_changed":false,"footnotes":""},"categories":[839],"tags":[1442,1593,1717,1547,1549,816,1594],"class_list":["post-71083","post","type-post","status-publish","format-standard","has-post-thumbnail","hentry","category-noticias","tag-anguilla-es","tag-barbade-es","tag-dominique-es","tag-guadalupe","tag-guayana-francesa","tag-martinique-es","tag-sainte-lucie-es"],"acf":[],"_links":{"self":[{"href":"https:\/\/richeskarayib.com\/es\/wp-json\/wp\/v2\/posts\/71083","targetHints":{"allow":["GET"]}}],"collection":[{"href":"https:\/\/richeskarayib.com\/es\/wp-json\/wp\/v2\/posts"}],"about":[{"href":"https:\/\/richeskarayib.com\/es\/wp-json\/wp\/v2\/types\/post"}],"author":[{"embeddable":true,"href":"https:\/\/richeskarayib.com\/es\/wp-json\/wp\/v2\/users\/662"}],"replies":[{"embeddable":true,"href":"https:\/\/richeskarayib.com\/es\/wp-json\/wp\/v2\/comments?post=71083"}],"version-history":[{"count":0,"href":"https:\/\/richeskarayib.com\/es\/wp-json\/wp\/v2\/posts\/71083\/revisions"}],"wp:featuredmedia":[{"embeddable":true,"href":"https:\/\/richeskarayib.com\/es\/wp-json\/wp\/v2\/media\/71124"}],"wp:attachment":[{"href":"https:\/\/richeskarayib.com\/es\/wp-json\/wp\/v2\/media?parent=71083"}],"wp:term":[{"taxonomy":"category","embeddable":true,"href":"https:\/\/richeskarayib.com\/es\/wp-json\/wp\/v2\/categories?post=71083"},{"taxonomy":"post_tag","embeddable":true,"href":"https:\/\/richeskarayib.com\/es\/wp-json\/wp\/v2\/tags?post=71083"}],"curies":[{"name":"wp","href":"https:\/\/api.w.org\/{rel}","templated":true}]}}