{"id":71198,"date":"2026-03-23T12:19:09","date_gmt":"2026-03-23T16:19:09","guid":{"rendered":"https:\/\/richeskarayib.com\/tratado-de-concordia-como-se-repartio-san-martin-en-1648\/"},"modified":"2026-03-23T12:19:11","modified_gmt":"2026-03-23T16:19:11","slug":"tratado-de-concordia-como-se-repartio-san-martin-en-1648","status":"publish","type":"post","link":"https:\/\/richeskarayib.com\/es\/tratado-de-concordia-como-se-repartio-san-martin-en-1648\/","title":{"rendered":"Tratado de Concordia: \u00bfc\u00f3mo se reparti\u00f3 San Mart\u00edn en 1648?"},"content":{"rendered":"\t\t<div data-elementor-type=\"wp-post\" data-elementor-id=\"71198\" class=\"elementor elementor-71198 elementor-71172\" data-elementor-post-type=\"post\">\n\t\t\t\t\t\t<section class=\"elementor-section elementor-top-section elementor-element elementor-element-7ca7ca1 elementor-section-boxed elementor-section-height-default elementor-section-height-default\" data-id=\"7ca7ca1\" data-element_type=\"section\">\n\t\t\t\t\t\t<div class=\"elementor-container elementor-column-gap-default\">\n\t\t\t\t\t<div class=\"elementor-column elementor-col-100 elementor-top-column elementor-element elementor-element-cbdd002\" data-id=\"cbdd002\" data-element_type=\"column\">\n\t\t\t<div class=\"elementor-widget-wrap elementor-element-populated\">\n\t\t\t\t\t\t<section class=\"elementor-section elementor-inner-section elementor-element elementor-element-bc94849 elementor-section-boxed elementor-section-height-default elementor-section-height-default\" data-id=\"bc94849\" data-element_type=\"section\">\n\t\t\t\t\t\t<div class=\"elementor-container elementor-column-gap-default\">\n\t\t\t\t\t\t<\/div>\n\t\t<\/section>\n\t\t\t\t<section class=\"elementor-section elementor-inner-section elementor-element elementor-element-61571e6 elementor-section-boxed elementor-section-height-default elementor-section-height-default\" data-id=\"61571e6\" data-element_type=\"section\">\n\t\t\t\t\t\t<div class=\"elementor-container elementor-column-gap-default\">\n\t\t\t\t\t\t<\/div>\n\t\t<\/section>\n\t\t\t\t<section class=\"elementor-section elementor-inner-section elementor-element elementor-element-b6262e0 elementor-section-boxed elementor-section-height-default elementor-section-height-default\" data-id=\"b6262e0\" data-element_type=\"section\">\n\t\t\t\t\t\t<div class=\"elementor-container elementor-column-gap-default\">\n\t\t\t\t\t\t<\/div>\n\t\t<\/section>\n\t\t\t\t<section class=\"elementor-section elementor-inner-section elementor-element elementor-element-cca29fd elementor-section-boxed elementor-section-height-default elementor-section-height-default\" data-id=\"cca29fd\" data-element_type=\"section\">\n\t\t\t\t\t\t<div class=\"elementor-container elementor-column-gap-default\">\n\t\t\t\t\t\t<\/div>\n\t\t<\/section>\n\t\t\t\t\t<\/div>\n\t\t<\/div>\n\t\t\t\t\t<\/div>\n\t\t<\/section>\n\t\t\t\t<section class=\"elementor-section elementor-top-section elementor-element elementor-element-ee72354 elementor-section-boxed elementor-section-height-default elementor-section-height-default\" data-id=\"ee72354\" data-element_type=\"section\">\n\t\t\t\t\t\t<div class=\"elementor-container elementor-column-gap-default\">\n\t\t\t\t\t<div class=\"elementor-column elementor-col-100 elementor-top-column elementor-element elementor-element-c59d6fe\" data-id=\"c59d6fe\" data-element_type=\"column\">\n\t\t\t<div class=\"elementor-widget-wrap elementor-element-populated\">\n\t\t\t\t\t\t<div class=\"elementor-element elementor-element-e57451f elementor-widget elementor-widget-text-editor\" data-id=\"e57451f\" data-element_type=\"widget\" data-widget_type=\"text-editor.default\">\n\t\t\t\t<div class=\"elementor-widget-container\">\n\t\t\t\t\t\t\t\t\t<p><span style=\"font-weight: 400;\">El 23 de marzo de 1648 ocupa un lugar especial en la historia del Caribe. Ese d\u00eda, los franceses y los holandeses firmaron el   <\/span><a href=\"https:\/\/www.google.com\/search?q=Trait%C3%A9+de+Concordia&amp;oq=Trait%C3%A9+de+Concordia&amp;gs_lcrp=EgZjaHJvbWUqBggAEEUYOzIGCAAQRRg7MggIARBFGCcYOzIICAIQABgWGB4yBggDEEUYPdIBBzU1NGowajeoAgCwAgA&amp;sourceid=chrome&amp;ie=UTF-8\" target=\"_blank\" rel=\"noopener nofollow\"><b>Tratado de Concordia<\/b><\/a><span style=\"font-weight: 400;\">Se firm\u00f3 un acuerdo para dividir la isla de San Mart\u00edn. M\u00e1s de tres siglos despu\u00e9s, esta particularidad sigue siendo uno de los hechos hist\u00f3ricos m\u00e1s llamativos del Caribe: una misma isla, dos administraciones, una frontera terrestre que se ha convertido en una de las m\u00e1s singulares de la regi\u00f3n. <\/span><\/p>\t\t\t\t\t\t\t\t<\/div>\n\t\t\t\t<\/div>\n\t\t\t\t\t<\/div>\n\t\t<\/div>\n\t\t\t\t\t<\/div>\n\t\t<\/section>\n\t\t\t\t<section class=\"elementor-section elementor-top-section elementor-element elementor-element-82cd8f9 elementor-section-boxed elementor-section-height-default elementor-section-height-default\" data-id=\"82cd8f9\" data-element_type=\"section\">\n\t\t\t\t\t\t<div class=\"elementor-container elementor-column-gap-default\">\n\t\t\t\t\t<div class=\"elementor-column elementor-col-100 elementor-top-column elementor-element elementor-element-0bfdc38\" data-id=\"0bfdc38\" data-element_type=\"column\">\n\t\t\t<div class=\"elementor-widget-wrap elementor-element-populated\">\n\t\t\t\t\t\t<div class=\"elementor-element elementor-element-7d292fe elementor-widget elementor-widget-heading\" data-id=\"7d292fe\" data-element_type=\"widget\" data-widget_type=\"heading.default\">\n\t\t\t\t<div class=\"elementor-widget-container\">\n\t\t\t\t\t<h2 class=\"elementor-heading-title elementor-size-default\">Una isla estrat\u00e9gica en el coraz\u00f3n de las rivalidades europeas<\/h2>\t\t\t\t<\/div>\n\t\t\t\t<\/div>\n\t\t\t\t<div class=\"elementor-element elementor-element-96caf50 elementor-widget elementor-widget-text-editor\" data-id=\"96caf50\" data-element_type=\"widget\" data-widget_type=\"text-editor.default\">\n\t\t\t\t<div class=\"elementor-widget-container\">\n\t\t\t\t\t\t\t\t\t<p><span style=\"font-weight: 400;\">Antes de ser dividida, <a href=\"https:\/\/richeskarayib.com\/es\/playa-de-grandes-cayes-un-paraiso-salvaje-en-el-corazon-de-san-martin\/\" target=\"_blank\" rel=\"noopener\">San Mart\u00edn<\/a> era una isla codiciada. Su posici\u00f3n en el norte de las Antillas Menores la convert\u00eda en una base importante, pero fueron sobre todo sus salinas naturales las que atrajeron a los europeos en el siglo XVII. En aquella \u00e9poca, la sal era un recurso esencial para conservar los alimentos y, por tanto, una cuesti\u00f3n econ\u00f3mica de primer orden. Espa\u00f1oles, franceses y holandeses siguieron sus pasos. En 1633, Espa\u00f1a impuso su control sobre la isla para asegurar sus rutas mar\u00edtimas en la regi\u00f3n. Esta dominaci\u00f3n fue limitada en el tiempo y lleg\u00f3 a su fin en v\u00edsperas de la partici\u00f3n en 1648.     <\/span><\/p><p><span style=\"font-weight: 400;\">En ese momento, tanto los franceses como los holandeses estaban presentes en la isla, pero ninguno pod\u00eda reclamar el control total. La situaci\u00f3n impon\u00eda una elecci\u00f3n estrat\u00e9gica: llegar a un acuerdo en lugar de entrar en confrontaci\u00f3n. <\/span><\/p>\t\t\t\t\t\t\t\t<\/div>\n\t\t\t\t<\/div>\n\t\t\t\t<section class=\"elementor-section elementor-inner-section elementor-element elementor-element-c582330 elementor-section-boxed elementor-section-height-default elementor-section-height-default\" data-id=\"c582330\" data-element_type=\"section\">\n\t\t\t\t\t\t<div class=\"elementor-container elementor-column-gap-default\">\n\t\t\t\t\t\t<\/div>\n\t\t<\/section>\n\t\t\t\t<section class=\"elementor-section elementor-inner-section elementor-element elementor-element-296603a elementor-section-boxed elementor-section-height-default elementor-section-height-default\" data-id=\"296603a\" data-element_type=\"section\">\n\t\t\t\t\t\t<div class=\"elementor-container elementor-column-gap-default\">\n\t\t\t\t\t\t<\/div>\n\t\t<\/section>\n\t\t\t\t\t<\/div>\n\t\t<\/div>\n\t\t\t\t\t<\/div>\n\t\t<\/section>\n\t\t\t\t<section class=\"elementor-section elementor-top-section elementor-element elementor-element-bdd0219 elementor-section-boxed elementor-section-height-default elementor-section-height-default\" data-id=\"bdd0219\" data-element_type=\"section\">\n\t\t\t\t\t\t<div class=\"elementor-container elementor-column-gap-default\">\n\t\t\t\t\t<div class=\"elementor-column elementor-col-100 elementor-top-column elementor-element elementor-element-c1ec903\" data-id=\"c1ec903\" data-element_type=\"column\">\n\t\t\t<div class=\"elementor-widget-wrap elementor-element-populated\">\n\t\t\t\t\t\t<div class=\"elementor-element elementor-element-55dd336 elementor-widget elementor-widget-heading\" data-id=\"55dd336\" data-element_type=\"widget\" data-widget_type=\"heading.default\">\n\t\t\t\t<div class=\"elementor-widget-container\">\n\t\t\t\t\t<h2 class=\"elementor-heading-title elementor-size-default\">23 de marzo de 1648: acuerdo para estructurar el territorio<\/h2>\t\t\t\t<\/div>\n\t\t\t\t<\/div>\n\t\t\t\t<div class=\"elementor-element elementor-element-9cd513e elementor-widget elementor-widget-text-editor\" data-id=\"9cd513e\" data-element_type=\"widget\" data-widget_type=\"text-editor.default\">\n\t\t\t\t<div class=\"elementor-widget-container\">\n\t\t\t\t\t\t\t\t\t<p><span style=\"font-weight: 400;\">El Tratado de Concordia, firmado el 23 de marzo de 1648, marc\u00f3 un punto de inflexi\u00f3n decisivo. Franceses y holandeses decidieron dividir la isla en dos zonas administrativas distintas. El acuerdo sent\u00f3 las bases de una organizaci\u00f3n duradera: cada potencia administrar\u00eda una parte del territorio, manteniendo la posibilidad de circulaci\u00f3n y comercio. Esta elecci\u00f3n contrastaba con la l\u00f3gica de conquista total que imperaba en la \u00e9poca. As\u00ed pues, la divisi\u00f3n se bas\u00f3 en un equilibrio particular: una clara separaci\u00f3n pol\u00edtica, pero un territorio que segu\u00eda vivi\u00e9ndose como un espacio com\u00fan.    <\/span><\/p>\t\t\t\t\t\t\t\t<\/div>\n\t\t\t\t<\/div>\n\t\t\t\t<div class=\"elementor-element elementor-element-963c31b elementor-widget elementor-widget-image\" data-id=\"963c31b\" data-element_type=\"widget\" data-widget_type=\"image.default\">\n\t\t\t\t<div class=\"elementor-widget-container\">\n\t\t\t\t\t\t\t\t\t\t\t\t\t\t\t<img fetchpriority=\"high\" decoding=\"async\" width=\"733\" height=\"1024\" src=\"https:\/\/richeskarayib.com\/wp-content\/uploads\/2026\/03\/concordia-de-alcaiz-JFX2DT-733x1024.jpeg\" class=\"attachment-large size-large wp-image-71188\" alt=\"Trait\u00e9 de Concordia\" srcset=\"https:\/\/richeskarayib.com\/wp-content\/uploads\/2026\/03\/concordia-de-alcaiz-JFX2DT-733x1024.jpeg 733w, https:\/\/richeskarayib.com\/wp-content\/uploads\/2026\/03\/concordia-de-alcaiz-JFX2DT-215x300.jpeg 215w, https:\/\/richeskarayib.com\/wp-content\/uploads\/2026\/03\/concordia-de-alcaiz-JFX2DT-768x1073.jpeg 768w, https:\/\/richeskarayib.com\/wp-content\/uploads\/2026\/03\/concordia-de-alcaiz-JFX2DT.jpeg 916w\" sizes=\"(max-width: 733px) 100vw, 733px\" \/>\t\t\t\t\t\t\t\t\t\t\t\t\t\t\t<\/div>\n\t\t\t\t<\/div>\n\t\t\t\t<section class=\"elementor-section elementor-inner-section elementor-element elementor-element-92f4402 elementor-section-boxed elementor-section-height-default elementor-section-height-default\" data-id=\"92f4402\" data-element_type=\"section\">\n\t\t\t\t\t\t<div class=\"elementor-container elementor-column-gap-default\">\n\t\t\t\t\t\t<\/div>\n\t\t<\/section>\n\t\t\t\t<section class=\"elementor-section elementor-inner-section elementor-element elementor-element-9290a61 elementor-section-boxed elementor-section-height-default elementor-section-height-default\" data-id=\"9290a61\" data-element_type=\"section\">\n\t\t\t\t\t\t<div class=\"elementor-container elementor-column-gap-default\">\n\t\t\t\t\t\t<\/div>\n\t\t<\/section>\n\t\t\t\t\t<\/div>\n\t\t<\/div>\n\t\t\t\t\t<\/div>\n\t\t<\/section>\n\t\t\t\t<section class=\"elementor-section elementor-top-section elementor-element elementor-element-9c88a89 elementor-section-boxed elementor-section-height-default elementor-section-height-default\" data-id=\"9c88a89\" data-element_type=\"section\">\n\t\t\t\t\t\t<div class=\"elementor-container elementor-column-gap-default\">\n\t\t\t\t\t<div class=\"elementor-column elementor-col-100 elementor-top-column elementor-element elementor-element-78cf5d1\" data-id=\"78cf5d1\" data-element_type=\"column\">\n\t\t\t<div class=\"elementor-widget-wrap elementor-element-populated\">\n\t\t\t\t\t\t<div class=\"elementor-element elementor-element-ea2a5c1 elementor-widget elementor-widget-heading\" data-id=\"ea2a5c1\" data-element_type=\"widget\" data-widget_type=\"heading.default\">\n\t\t\t\t<div class=\"elementor-widget-container\">\n\t\t\t\t\t<h2 class=\"elementor-heading-title elementor-size-default\">Una frontera nacida de un compromiso duradero<\/h2>\t\t\t\t<\/div>\n\t\t\t\t<\/div>\n\t\t\t\t<div class=\"elementor-element elementor-element-e305eee elementor-widget elementor-widget-text-editor\" data-id=\"e305eee\" data-element_type=\"widget\" data-widget_type=\"text-editor.default\">\n\t\t\t\t<div class=\"elementor-widget-container\">\n\t\t\t\t\t\t\t\t\t<p><span style=\"font-weight: 400;\">Desde el principio, la frontera de San Mart\u00edn se bas\u00f3 en el principio de coexistencia. No supuso una ruptura total entre las dos partes de la isla. Con el tiempo, la frontera se fue aclarando y encuadrando, sobre todo a principios del siglo XIX, sin poner en entredicho el principio establecido en 1648. Esta evoluci\u00f3n gradual explica la estabilidad de la divisi\u00f3n a lo largo del tiempo. Incluso hoy, la frontera se caracteriza por un alto grado de fluidez en el uso cotidiano. Es un reflejo directo del esp\u00edritu del Tratado de la Concordia, basado en el equilibrio y no en la separaci\u00f3n estricta.     <\/span><\/p>\t\t\t\t\t\t\t\t<\/div>\n\t\t\t\t<\/div>\n\t\t\t\t<section class=\"elementor-section elementor-inner-section elementor-element elementor-element-aa13a96 elementor-section-boxed elementor-section-height-default elementor-section-height-default\" data-id=\"aa13a96\" data-element_type=\"section\">\n\t\t\t\t\t\t<div class=\"elementor-container elementor-column-gap-default\">\n\t\t\t\t\t<div class=\"elementor-column elementor-col-50 elementor-inner-column elementor-element elementor-element-c58ccf7\" data-id=\"c58ccf7\" data-element_type=\"column\">\n\t\t\t<div class=\"elementor-widget-wrap elementor-element-populated\">\n\t\t\t\t\t\t<div class=\"elementor-element elementor-element-2b132d0 elementor-widget elementor-widget-image\" data-id=\"2b132d0\" data-element_type=\"widget\" data-widget_type=\"image.default\">\n\t\t\t\t<div class=\"elementor-widget-container\">\n\t\t\t\t\t\t\t\t\t\t\t\t<figure class=\"wp-caption\">\n\t\t\t\t\t\t\t\t\t\t<img decoding=\"async\" width=\"800\" height=\"536\" src=\"https:\/\/richeskarayib.com\/wp-content\/uploads\/2026\/03\/Saint-Marteen-1024x686.jpeg\" class=\"attachment-large size-large wp-image-71192\" alt=\"Trait\u00e9 de Concordia\" srcset=\"https:\/\/richeskarayib.com\/wp-content\/uploads\/2026\/03\/Saint-Marteen-1024x686.jpeg 1024w, https:\/\/richeskarayib.com\/wp-content\/uploads\/2026\/03\/Saint-Marteen-300x201.jpeg 300w, https:\/\/richeskarayib.com\/wp-content\/uploads\/2026\/03\/Saint-Marteen-768x514.jpeg 768w, https:\/\/richeskarayib.com\/wp-content\/uploads\/2026\/03\/Saint-Marteen.jpeg 1280w\" sizes=\"(max-width: 800px) 100vw, 800px\" \/>\t\t\t\t\t\t\t\t\t\t\t<figcaption class=\"widget-image-caption wp-caption-text\">Saint Marteen<\/figcaption>\n\t\t\t\t\t\t\t\t\t\t<\/figure>\n\t\t\t\t\t\t\t\t\t<\/div>\n\t\t\t\t<\/div>\n\t\t\t\t\t<\/div>\n\t\t<\/div>\n\t\t\t\t<div class=\"elementor-column elementor-col-50 elementor-inner-column elementor-element elementor-element-cc008a5\" data-id=\"cc008a5\" data-element_type=\"column\">\n\t\t\t<div class=\"elementor-widget-wrap elementor-element-populated\">\n\t\t\t\t\t\t<div class=\"elementor-element elementor-element-3fd3b15 elementor-widget elementor-widget-image\" data-id=\"3fd3b15\" data-element_type=\"widget\" data-widget_type=\"image.default\">\n\t\t\t\t<div class=\"elementor-widget-container\">\n\t\t\t\t\t\t\t\t\t\t\t\t<figure class=\"wp-caption\">\n\t\t\t\t\t\t\t\t\t\t<img decoding=\"async\" width=\"800\" height=\"533\" src=\"https:\/\/richeskarayib.com\/wp-content\/uploads\/2026\/03\/Saint-Martin-1024x682.jpeg\" class=\"attachment-large size-large wp-image-71196\" alt=\"Trait\u00e9 de Concordia\" srcset=\"https:\/\/richeskarayib.com\/wp-content\/uploads\/2026\/03\/Saint-Martin-1024x682.jpeg 1024w, https:\/\/richeskarayib.com\/wp-content\/uploads\/2026\/03\/Saint-Martin-300x200.jpeg 300w, https:\/\/richeskarayib.com\/wp-content\/uploads\/2026\/03\/Saint-Martin-768x511.jpeg 768w, https:\/\/richeskarayib.com\/wp-content\/uploads\/2026\/03\/Saint-Martin.jpeg 1280w\" sizes=\"(max-width: 800px) 100vw, 800px\" \/>\t\t\t\t\t\t\t\t\t\t\t<figcaption class=\"widget-image-caption wp-caption-text\">Saint Martin<\/figcaption>\n\t\t\t\t\t\t\t\t\t\t<\/figure>\n\t\t\t\t\t\t\t\t\t<\/div>\n\t\t\t\t<\/div>\n\t\t\t\t\t<\/div>\n\t\t<\/div>\n\t\t\t\t\t<\/div>\n\t\t<\/section>\n\t\t\t\t\t<\/div>\n\t\t<\/div>\n\t\t\t\t\t<\/div>\n\t\t<\/section>\n\t\t\t\t<section class=\"elementor-section elementor-top-section elementor-element elementor-element-ee7f5d7 elementor-section-boxed elementor-section-height-default elementor-section-height-default\" data-id=\"ee7f5d7\" data-element_type=\"section\">\n\t\t\t\t\t\t<div class=\"elementor-container elementor-column-gap-default\">\n\t\t\t\t\t<div class=\"elementor-column elementor-col-100 elementor-top-column elementor-element elementor-element-0669c08\" data-id=\"0669c08\" data-element_type=\"column\">\n\t\t\t<div class=\"elementor-widget-wrap elementor-element-populated\">\n\t\t\t\t\t\t<div class=\"elementor-element elementor-element-acc47ca elementor-widget elementor-widget-heading\" data-id=\"acc47ca\" data-element_type=\"widget\" data-widget_type=\"heading.default\">\n\t\t\t\t<div class=\"elementor-widget-container\">\n\t\t\t\t\t<h2 class=\"elementor-heading-title elementor-size-default\">Dos sistemas, una realidad insular compartida<\/h2>\t\t\t\t<\/div>\n\t\t\t\t<\/div>\n\t\t\t\t<div class=\"elementor-element elementor-element-4bb1533 elementor-widget elementor-widget-text-editor\" data-id=\"4bb1533\" data-element_type=\"widget\" data-widget_type=\"text-editor.default\">\n\t\t\t\t<div class=\"elementor-widget-container\">\n\t\t\t\t\t\t\t\t\t<p><span style=\"font-weight: 400;\">El legado del <\/span>Tratado de la Concordia<span style=\"font-weight: 400;\">  sigue siendo visible en la forma en que se organiza la isla hoy en d\u00eda. Al norte, la colectividad francesa de San Mart\u00edn. Al sur, <a href=\"https:\/\/richeskarayib.com\/es\/seatrade-2025-sint-maarten-dominar-la-afluencia-magnificar-la-experiencia\/\" target=\"_blank\" rel=\"noopener\">San Mart\u00edn<\/a>, pa\u00eds constituyente del Reino de los Pa\u00edses Bajos. Dos marcos pol\u00edticos, dos sistemas administrativos, dos organizaciones jur\u00eddicas coexisten en el mismo territorio. Sin embargo, las pr\u00e1cticas cotidianas van mucho m\u00e1s all\u00e1 de esta divisi\u00f3n. Los viajes, las actividades econ\u00f3micas y las relaciones sociales se organizan a escala insular, mucho m\u00e1s all\u00e1 de la frontera. Esto hace de San Mart\u00edn un caso raro en el Caribe.      <\/span><\/p>\t\t\t\t\t\t\t\t<\/div>\n\t\t\t\t<\/div>\n\t\t\t\t<section class=\"elementor-section elementor-inner-section elementor-element elementor-element-e7308b9 elementor-section-boxed elementor-section-height-default elementor-section-height-default\" data-id=\"e7308b9\" data-element_type=\"section\">\n\t\t\t\t\t\t<div class=\"elementor-container elementor-column-gap-default\">\n\t\t\t\t\t<div class=\"elementor-column elementor-col-50 elementor-inner-column elementor-element elementor-element-343388c\" data-id=\"343388c\" data-element_type=\"column\">\n\t\t\t<div class=\"elementor-widget-wrap elementor-element-populated\">\n\t\t\t\t\t\t<div class=\"elementor-element elementor-element-06df178 elementor-widget elementor-widget-image\" data-id=\"06df178\" data-element_type=\"widget\" data-widget_type=\"image.default\">\n\t\t\t\t<div class=\"elementor-widget-container\">\n\t\t\t\t\t\t\t\t\t\t\t\t\t\t\t<img loading=\"lazy\" decoding=\"async\" width=\"800\" height=\"533\" src=\"https:\/\/richeskarayib.com\/wp-content\/uploads\/2026\/03\/caribbean-sint-maarten-border-between-the-french-part-and-the-dutch-part-of-the-island-2X40207-1024x682.jpeg\" class=\"attachment-large size-large wp-image-71180\" alt=\"Trait\u00e9 de Concordia\" srcset=\"https:\/\/richeskarayib.com\/wp-content\/uploads\/2026\/03\/caribbean-sint-maarten-border-between-the-french-part-and-the-dutch-part-of-the-island-2X40207-1024x682.jpeg 1024w, https:\/\/richeskarayib.com\/wp-content\/uploads\/2026\/03\/caribbean-sint-maarten-border-between-the-french-part-and-the-dutch-part-of-the-island-2X40207-300x200.jpeg 300w, https:\/\/richeskarayib.com\/wp-content\/uploads\/2026\/03\/caribbean-sint-maarten-border-between-the-french-part-and-the-dutch-part-of-the-island-2X40207-768x511.jpeg 768w, https:\/\/richeskarayib.com\/wp-content\/uploads\/2026\/03\/caribbean-sint-maarten-border-between-the-french-part-and-the-dutch-part-of-the-island-2X40207.jpeg 1280w\" sizes=\"(max-width: 800px) 100vw, 800px\" \/>\t\t\t\t\t\t\t\t\t\t\t\t\t\t\t<\/div>\n\t\t\t\t<\/div>\n\t\t\t\t\t<\/div>\n\t\t<\/div>\n\t\t\t\t<div class=\"elementor-column elementor-col-50 elementor-inner-column elementor-element elementor-element-44410d9\" data-id=\"44410d9\" data-element_type=\"column\">\n\t\t\t<div class=\"elementor-widget-wrap elementor-element-populated\">\n\t\t\t\t\t\t<div class=\"elementor-element elementor-element-cefa127 elementor-widget elementor-widget-image\" data-id=\"cefa127\" data-element_type=\"widget\" data-widget_type=\"image.default\">\n\t\t\t\t<div class=\"elementor-widget-container\">\n\t\t\t\t\t\t\t\t\t\t\t\t\t\t\t<img loading=\"lazy\" decoding=\"async\" width=\"800\" height=\"530\" src=\"https:\/\/richeskarayib.com\/wp-content\/uploads\/2026\/03\/west-indies-caribbean-lesser-antilles-leeward-islands-french-west-B0C1H7-1024x679.jpeg\" class=\"attachment-large size-large wp-image-71184\" alt=\"Trait\u00e9 de Concordia\" srcset=\"https:\/\/richeskarayib.com\/wp-content\/uploads\/2026\/03\/west-indies-caribbean-lesser-antilles-leeward-islands-french-west-B0C1H7-1024x679.jpeg 1024w, https:\/\/richeskarayib.com\/wp-content\/uploads\/2026\/03\/west-indies-caribbean-lesser-antilles-leeward-islands-french-west-B0C1H7-300x199.jpeg 300w, https:\/\/richeskarayib.com\/wp-content\/uploads\/2026\/03\/west-indies-caribbean-lesser-antilles-leeward-islands-french-west-B0C1H7-768x509.jpeg 768w, https:\/\/richeskarayib.com\/wp-content\/uploads\/2026\/03\/west-indies-caribbean-lesser-antilles-leeward-islands-french-west-B0C1H7.jpeg 1280w\" sizes=\"(max-width: 800px) 100vw, 800px\" \/>\t\t\t\t\t\t\t\t\t\t\t\t\t\t\t<\/div>\n\t\t\t\t<\/div>\n\t\t\t\t\t<\/div>\n\t\t<\/div>\n\t\t\t\t\t<\/div>\n\t\t<\/section>\n\t\t\t\t\t<\/div>\n\t\t<\/div>\n\t\t\t\t\t<\/div>\n\t\t<\/section>\n\t\t\t\t<section class=\"elementor-section elementor-top-section elementor-element elementor-element-d0fd0c0 elementor-section-boxed elementor-section-height-default elementor-section-height-default\" data-id=\"d0fd0c0\" data-element_type=\"section\">\n\t\t\t\t\t\t<div class=\"elementor-container elementor-column-gap-default\">\n\t\t\t\t\t<div class=\"elementor-column elementor-col-100 elementor-top-column elementor-element elementor-element-1e2ec65\" data-id=\"1e2ec65\" data-element_type=\"column\">\n\t\t\t<div class=\"elementor-widget-wrap elementor-element-populated\">\n\t\t\t\t\t\t<div class=\"elementor-element elementor-element-316145b elementor-widget elementor-widget-heading\" data-id=\"316145b\" data-element_type=\"widget\" data-widget_type=\"heading.default\">\n\t\t\t\t<div class=\"elementor-widget-container\">\n\t\t\t\t\t<h2 class=\"elementor-heading-title elementor-size-default\">378 a\u00f1os despu\u00e9s, un legado que sigue configurando el futuro\n<\/h2>\t\t\t\t<\/div>\n\t\t\t\t<\/div>\n\t\t\t\t<div class=\"elementor-element elementor-element-54e5967 elementor-widget elementor-widget-text-editor\" data-id=\"54e5967\" data-element_type=\"widget\" data-widget_type=\"text-editor.default\">\n\t\t\t\t<div class=\"elementor-widget-container\">\n\t\t\t\t\t\t\t\t\t<p><span style=\"font-weight: 400;\">El 23 de marzo de 2026 se cumple el 378 aniversario del Tratado de la Concordia. Esta fecha sigue siendo fundamental para comprender c\u00f3mo se organiza hoy la isla. La partici\u00f3n de 1648 tuvo una influencia duradera en el equilibrio pol\u00edtico, econ\u00f3mico y social. Tambi\u00e9n configur\u00f3 una forma particular de vivir en un territorio compartido. En el contexto caribe\u00f1o, San Mart\u00edn destaca por esta construcci\u00f3n hist\u00f3rica, fruto de un compromiso, que sigue organizando el d\u00eda a d\u00eda de la isla.    <\/span><\/p>\t\t\t\t\t\t\t\t<\/div>\n\t\t\t\t<\/div>\n\t\t\t\t\t<\/div>\n\t\t<\/div>\n\t\t\t\t\t<\/div>\n\t\t<\/section>\n\t\t\t\t<section class=\"elementor-section elementor-top-section elementor-element elementor-element-f03d675 elementor-section-boxed elementor-section-height-default elementor-section-height-default\" data-id=\"f03d675\" data-element_type=\"section\">\n\t\t\t\t\t\t<div class=\"elementor-container elementor-column-gap-default\">\n\t\t\t\t\t<div class=\"elementor-column elementor-col-100 elementor-top-column elementor-element elementor-element-ddb1e36\" data-id=\"ddb1e36\" data-element_type=\"column\">\n\t\t\t<div class=\"elementor-widget-wrap elementor-element-populated\">\n\t\t\t\t\t\t<div class=\"elementor-element elementor-element-66035d3 elementor-widget elementor-widget-heading\" data-id=\"66035d3\" data-element_type=\"widget\" data-widget_type=\"heading.default\">\n\t\t\t\t<div class=\"elementor-widget-container\">\n\t\t\t\t\t<h2 class=\"elementor-heading-title elementor-size-default\">Comprender Saint-Martin a trav\u00e9s del Tratado de la Concordia<\/h2>\t\t\t\t<\/div>\n\t\t\t\t<\/div>\n\t\t\t\t<div class=\"elementor-element elementor-element-cae4ec8 elementor-widget elementor-widget-text-editor\" data-id=\"cae4ec8\" data-element_type=\"widget\" data-widget_type=\"text-editor.default\">\n\t\t\t\t<div class=\"elementor-widget-container\">\n\t\t\t\t\t\t\t\t\t<p><span style=\"font-weight: 400;\">El Tratado de la Concordia no fue s\u00f3lo un acuerdo firmado en el siglo XVII. Fue el punto de partida de una organizaci\u00f3n territorial que sigue vigente. Saint-Martin no es ni una divisi\u00f3n ni una yuxtaposici\u00f3n de dos territorios. La isla funciona como un espacio compartido, estructurado por dos soberan\u00edas que coexisten desde hace m\u00e1s de tres siglos. Comprender el 23 de marzo de 1648 es, por tanto, comprender los or\u00edgenes de esta singularidad caribe\u00f1a, visible a\u00fan hoy en todos los aspectos de la vida en la isla.    <\/span><\/p>\t\t\t\t\t\t\t\t<\/div>\n\t\t\t\t<\/div>\n\t\t\t\t\t<\/div>\n\t\t<\/div>\n\t\t\t\t\t<\/div>\n\t\t<\/section>\n\t\t\t\t<section class=\"elementor-section elementor-top-section elementor-element elementor-element-f5709a6 elementor-section-boxed elementor-section-height-default elementor-section-height-default\" data-id=\"f5709a6\" data-element_type=\"section\">\n\t\t\t\t\t\t<div class=\"elementor-container elementor-column-gap-default\">\n\t\t\t\t\t<div class=\"elementor-column elementor-col-100 elementor-top-column elementor-element elementor-element-957be6f\" data-id=\"957be6f\" data-element_type=\"column\">\n\t\t\t<div class=\"elementor-widget-wrap elementor-element-populated\">\n\t\t\t\t\t\t<div class=\"elementor-element elementor-element-63e5d4a elementor-widget elementor-widget-accordion\" data-id=\"63e5d4a\" data-element_type=\"widget\" data-widget_type=\"accordion.default\">\n\t\t\t\t<div class=\"elementor-widget-container\">\n\t\t\t\t\t\t\t<div class=\"elementor-accordion\">\n\t\t\t\t\t\t\t<div class=\"elementor-accordion-item\">\n\t\t\t\t\t<div id=\"elementor-tab-title-1041\" class=\"elementor-tab-title\" data-tab=\"1\" role=\"button\" aria-controls=\"elementor-tab-content-1041\" aria-expanded=\"false\">\n\t\t\t\t\t\t\t\t\t\t\t\t\t<span class=\"elementor-accordion-icon elementor-accordion-icon-left\" aria-hidden=\"true\">\n\t\t\t\t\t\t\t\t\t\t\t\t\t\t\t<span class=\"elementor-accordion-icon-closed\"><i class=\"fas fa-plus\"><\/i><\/span>\n\t\t\t\t\t\t\t\t<span class=\"elementor-accordion-icon-opened\"><i class=\"fas fa-minus\"><\/i><\/span>\n\t\t\t\t\t\t\t\t\t\t\t\t\t\t<\/span>\n\t\t\t\t\t\t\t\t\t\t\t\t<a class=\"elementor-accordion-title\" tabindex=\"0\">\u00bfPor qu\u00e9 la isla de San Mart\u00edn est\u00e1 dividida en dos pa\u00edses?<\/a>\n\t\t\t\t\t<\/div>\n\t\t\t\t\t<div id=\"elementor-tab-content-1041\" class=\"elementor-tab-content elementor-clearfix\" data-tab=\"1\" role=\"region\" aria-labelledby=\"elementor-tab-title-1041\"><p><span style=\"font-weight: 400;\">La isla de San Mart\u00edn est\u00e1 dividida en dos territorios desde el 23 de marzo de 1648, cuando se firm\u00f3 el Tratado de Concordia entre Francia y las Provincias Unidas. Tras la marcha de los espa\u00f1oles, las dos potencias se encontraron presentes en la isla, pero ninguna pudo hacerse con el control total. En lugar de enfrentarse, decidieron repartirse el territorio. Esta decisi\u00f3n dio lugar a una parte francesa en el norte y una parte holandesa en el sur, organizaci\u00f3n que sigue existiendo hoy en d\u00eda.   <\/span><\/p>\n<\/div>\n\t\t\t\t<\/div>\n\t\t\t\t\t\t\t<div class=\"elementor-accordion-item\">\n\t\t\t\t\t<div id=\"elementor-tab-title-1042\" class=\"elementor-tab-title\" data-tab=\"2\" role=\"button\" aria-controls=\"elementor-tab-content-1042\" aria-expanded=\"false\">\n\t\t\t\t\t\t\t\t\t\t\t\t\t<span class=\"elementor-accordion-icon elementor-accordion-icon-left\" aria-hidden=\"true\">\n\t\t\t\t\t\t\t\t\t\t\t\t\t\t\t<span class=\"elementor-accordion-icon-closed\"><i class=\"fas fa-plus\"><\/i><\/span>\n\t\t\t\t\t\t\t\t<span class=\"elementor-accordion-icon-opened\"><i class=\"fas fa-minus\"><\/i><\/span>\n\t\t\t\t\t\t\t\t\t\t\t\t\t\t<\/span>\n\t\t\t\t\t\t\t\t\t\t\t\t<a class=\"elementor-accordion-title\" tabindex=\"0\">  \u00bfQu\u00e9 tiene de especial la frontera entre San Mart\u00edn y San Mart\u00edn?<\/a>\n\t\t\t\t\t<\/div>\n\t\t\t\t\t<div id=\"elementor-tab-content-1042\" class=\"elementor-tab-content elementor-clearfix\" data-tab=\"2\" role=\"region\" aria-labelledby=\"elementor-tab-title-1042\"><p><span style=\"font-weight: 400;\">La frontera entre San Mart\u00edn (la parte francesa) y San Mart\u00edn (la parte neerlandesa) se caracteriza por su fluidez en el d\u00eda a d\u00eda. Separa dos sistemas pol\u00edticos y administrativos, pero es f\u00e1cil de cruzar por motivos cotidianos. Los residentes se desplazan regularmente entre las dos partes de la isla para trabajar, comprar o acceder a determinados servicios. Esta situaci\u00f3n es un reflejo directo del legado de la partici\u00f3n establecida en 1648.   <\/span><\/p>\n<\/div>\n\t\t\t\t<\/div>\n\t\t\t\t\t\t\t<div class=\"elementor-accordion-item\">\n\t\t\t\t\t<div id=\"elementor-tab-title-1043\" class=\"elementor-tab-title\" data-tab=\"3\" role=\"button\" aria-controls=\"elementor-tab-content-1043\" aria-expanded=\"false\">\n\t\t\t\t\t\t\t\t\t\t\t\t\t<span class=\"elementor-accordion-icon elementor-accordion-icon-left\" aria-hidden=\"true\">\n\t\t\t\t\t\t\t\t\t\t\t\t\t\t\t<span class=\"elementor-accordion-icon-closed\"><i class=\"fas fa-plus\"><\/i><\/span>\n\t\t\t\t\t\t\t\t<span class=\"elementor-accordion-icon-opened\"><i class=\"fas fa-minus\"><\/i><\/span>\n\t\t\t\t\t\t\t\t\t\t\t\t\t\t<\/span>\n\t\t\t\t\t\t\t\t\t\t\t\t<a class=\"elementor-accordion-title\" tabindex=\"0\">\u00bfQu\u00e9 papel desempe\u00f1\u00f3 el Tratado de la Concordia en la historia de San Mart\u00edn?<\/a>\n\t\t\t\t\t<\/div>\n\t\t\t\t\t<div id=\"elementor-tab-content-1043\" class=\"elementor-tab-content elementor-clearfix\" data-tab=\"3\" role=\"region\" aria-labelledby=\"elementor-tab-title-1043\"><p><span style=\"font-weight: 400;\">El Tratado de la Concordia desempe\u00f1\u00f3 un papel decisivo en la historia de San Mart\u00edn al organizar su divisi\u00f3n oficial entre franceses y holandeses. Firmado en 1648, sent\u00f3 las bases de una divisi\u00f3n territorial duradera al tiempo que permit\u00eda la coexistencia de ambas partes. Este acuerdo estructur\u00f3 la organizaci\u00f3n pol\u00edtica de la isla a largo plazo y sigue influyendo en su funcionamiento actual, haciendo de San Mart\u00edn un territorio \u00fanico en el Caribe.  <\/span><\/p>\n<\/div>\n\t\t\t\t<\/div>\n\t\t\t\t\t\t\t\t<\/div>\n\t\t\t\t\t\t<\/div>\n\t\t\t\t<\/div>\n\t\t\t\t\t<\/div>\n\t\t<\/div>\n\t\t\t\t\t<\/div>\n\t\t<\/section>\n\t\t\t\t<\/div>\n\t\t","protected":false},"excerpt":{"rendered":"<p>El 23 de marzo de 1648 ocupa un lugar especial en la historia del Caribe. Ese d\u00eda, los franceses y los holandeses firmaron el Tratado de ConcordiaSe firm\u00f3 un acuerdo para dividir la isla de San Mart\u00edn. M\u00e1s de tres siglos despu\u00e9s, esta particularidad sigue siendo uno de los hechos hist\u00f3ricos m\u00e1s llamativos del Caribe: [&hellip;]<\/p>\n","protected":false},"author":662,"featured_media":71176,"comment_status":"open","ping_status":"open","sticky":false,"template":"","format":"standard","meta":{"_acf_changed":false,"footnotes":""},"categories":[1469],"tags":[1591,1615],"class_list":["post-71198","post","type-post","status-publish","format-standard","has-post-thumbnail","hentry","category-historia-patrimonio","tag-saint-marteen-es","tag-saint-martin-es"],"acf":[],"_links":{"self":[{"href":"https:\/\/richeskarayib.com\/es\/wp-json\/wp\/v2\/posts\/71198","targetHints":{"allow":["GET"]}}],"collection":[{"href":"https:\/\/richeskarayib.com\/es\/wp-json\/wp\/v2\/posts"}],"about":[{"href":"https:\/\/richeskarayib.com\/es\/wp-json\/wp\/v2\/types\/post"}],"author":[{"embeddable":true,"href":"https:\/\/richeskarayib.com\/es\/wp-json\/wp\/v2\/users\/662"}],"replies":[{"embeddable":true,"href":"https:\/\/richeskarayib.com\/es\/wp-json\/wp\/v2\/comments?post=71198"}],"version-history":[{"count":0,"href":"https:\/\/richeskarayib.com\/es\/wp-json\/wp\/v2\/posts\/71198\/revisions"}],"wp:featuredmedia":[{"embeddable":true,"href":"https:\/\/richeskarayib.com\/es\/wp-json\/wp\/v2\/media\/71176"}],"wp:attachment":[{"href":"https:\/\/richeskarayib.com\/es\/wp-json\/wp\/v2\/media?parent=71198"}],"wp:term":[{"taxonomy":"category","embeddable":true,"href":"https:\/\/richeskarayib.com\/es\/wp-json\/wp\/v2\/categories?post=71198"},{"taxonomy":"post_tag","embeddable":true,"href":"https:\/\/richeskarayib.com\/es\/wp-json\/wp\/v2\/tags?post=71198"}],"curies":[{"name":"wp","href":"https:\/\/api.w.org\/{rel}","templated":true}]}}