{"id":71215,"date":"2026-03-24T04:51:22","date_gmt":"2026-03-24T08:51:22","guid":{"rendered":"https:\/\/richeskarayib.com\/vuelo-directo-entre-san-cristobal-y-nigeria-una-nueva-ruta-estrategica-para-el-caribe-y-africa\/"},"modified":"2026-03-24T04:51:23","modified_gmt":"2026-03-24T08:51:23","slug":"vuelo-directo-entre-san-cristobal-y-nigeria-una-nueva-ruta-estrategica-para-el-caribe-y-africa","status":"publish","type":"post","link":"https:\/\/richeskarayib.com\/es\/vuelo-directo-entre-san-cristobal-y-nigeria-una-nueva-ruta-estrategica-para-el-caribe-y-africa\/","title":{"rendered":"Vuelo directo entre San Crist\u00f3bal y Nigeria: una nueva ruta estrat\u00e9gica para el Caribe y \u00c1frica"},"content":{"rendered":"\t\t<div data-elementor-type=\"wp-post\" data-elementor-id=\"71215\" class=\"elementor elementor-71215 elementor-71201\" data-elementor-post-type=\"post\">\n\t\t\t\t\t\t<section class=\"elementor-section elementor-top-section elementor-element elementor-element-7ca7ca1 elementor-section-boxed elementor-section-height-default elementor-section-height-default\" data-id=\"7ca7ca1\" data-element_type=\"section\">\n\t\t\t\t\t\t<div class=\"elementor-container elementor-column-gap-default\">\n\t\t\t\t\t<div class=\"elementor-column elementor-col-100 elementor-top-column elementor-element elementor-element-cbdd002\" data-id=\"cbdd002\" data-element_type=\"column\">\n\t\t\t<div class=\"elementor-widget-wrap elementor-element-populated\">\n\t\t\t\t\t\t<section class=\"elementor-section elementor-inner-section elementor-element elementor-element-bc94849 elementor-section-boxed elementor-section-height-default elementor-section-height-default\" data-id=\"bc94849\" data-element_type=\"section\">\n\t\t\t\t\t\t<div class=\"elementor-container elementor-column-gap-default\">\n\t\t\t\t\t\t<\/div>\n\t\t<\/section>\n\t\t\t\t<section class=\"elementor-section elementor-inner-section elementor-element elementor-element-61571e6 elementor-section-boxed elementor-section-height-default elementor-section-height-default\" data-id=\"61571e6\" data-element_type=\"section\">\n\t\t\t\t\t\t<div class=\"elementor-container elementor-column-gap-default\">\n\t\t\t\t\t\t<\/div>\n\t\t<\/section>\n\t\t\t\t<section class=\"elementor-section elementor-inner-section elementor-element elementor-element-b6262e0 elementor-section-boxed elementor-section-height-default elementor-section-height-default\" data-id=\"b6262e0\" data-element_type=\"section\">\n\t\t\t\t\t\t<div class=\"elementor-container elementor-column-gap-default\">\n\t\t\t\t\t\t<\/div>\n\t\t<\/section>\n\t\t\t\t<section class=\"elementor-section elementor-inner-section elementor-element elementor-element-cca29fd elementor-section-boxed elementor-section-height-default elementor-section-height-default\" data-id=\"cca29fd\" data-element_type=\"section\">\n\t\t\t\t\t\t<div class=\"elementor-container elementor-column-gap-default\">\n\t\t\t\t\t\t<\/div>\n\t\t<\/section>\n\t\t\t\t\t<\/div>\n\t\t<\/div>\n\t\t\t\t\t<\/div>\n\t\t<\/section>\n\t\t\t\t<section class=\"elementor-section elementor-top-section elementor-element elementor-element-ee72354 elementor-section-boxed elementor-section-height-default elementor-section-height-default\" data-id=\"ee72354\" data-element_type=\"section\">\n\t\t\t\t\t\t<div class=\"elementor-container elementor-column-gap-default\">\n\t\t\t\t\t<div class=\"elementor-column elementor-col-100 elementor-top-column elementor-element elementor-element-c59d6fe\" data-id=\"c59d6fe\" data-element_type=\"column\">\n\t\t\t<div class=\"elementor-widget-wrap elementor-element-populated\">\n\t\t\t\t\t\t<div class=\"elementor-element elementor-element-e57451f elementor-widget elementor-widget-text-editor\" data-id=\"e57451f\" data-element_type=\"widget\" data-widget_type=\"text-editor.default\">\n\t\t\t\t<div class=\"elementor-widget-container\">\n\t\t\t\t\t\t\t\t\t<p><b>Vuelo directo entre San Crist\u00f3bal y Nigeria<\/b><span style=\"font-weight: 400;\">  forma parte de una evoluci\u00f3n m\u00e1s profunda de las relaciones entre el Caribe y el continente africano. El 21 de marzo de 2026, un vuelo ch\u00e1rter parti\u00f3 del Aeropuerto Internacional Robert L. Bradshaw con m\u00e1s de 100 pasajeros de ocho territorios caribe\u00f1os. El avi\u00f3n aterriz\u00f3 al d\u00eda siguiente en Abuja, Nigeria, marcando una ruptura concreta con las rutas de viaje tradicionales. Este viaje es algo m\u00e1s que un logro log\u00edstico. Es la encarnaci\u00f3n de una voluntad pol\u00edtica de reducir la dependencia de los centros europeos y norteamericanos, y de estructurar conexiones directas entre dos regiones que hist\u00f3ricamente han estado unidas, pero que en la pr\u00e1ctica siguen estando mal conectadas.    <\/span><\/p>\t\t\t\t\t\t\t\t<\/div>\n\t\t\t\t<\/div>\n\t\t\t\t\t<\/div>\n\t\t<\/div>\n\t\t\t\t\t<\/div>\n\t\t<\/section>\n\t\t\t\t<section class=\"elementor-section elementor-top-section elementor-element elementor-element-82cd8f9 elementor-section-boxed elementor-section-height-default elementor-section-height-default\" data-id=\"82cd8f9\" data-element_type=\"section\">\n\t\t\t\t\t\t<div class=\"elementor-container elementor-column-gap-default\">\n\t\t\t\t\t<div class=\"elementor-column elementor-col-100 elementor-top-column elementor-element elementor-element-0bfdc38\" data-id=\"0bfdc38\" data-element_type=\"column\">\n\t\t\t<div class=\"elementor-widget-wrap elementor-element-populated\">\n\t\t\t\t\t\t<div class=\"elementor-element elementor-element-7d292fe elementor-widget elementor-widget-heading\" data-id=\"7d292fe\" data-element_type=\"widget\" data-widget_type=\"heading.default\">\n\t\t\t\t<div class=\"elementor-widget-container\">\n\t\t\t\t\t<h2 class=\"elementor-heading-title elementor-size-default\">Una ruptura con las rutas impuestas<\/h2>\t\t\t\t<\/div>\n\t\t\t\t<\/div>\n\t\t\t\t<div class=\"elementor-element elementor-element-96caf50 elementor-widget elementor-widget-text-editor\" data-id=\"96caf50\" data-element_type=\"widget\" data-widget_type=\"text-editor.default\">\n\t\t\t\t<div class=\"elementor-widget-container\">\n\t\t\t\t\t\t\t\t\t<p><span style=\"font-weight: 400;\">Hasta ahora, viajar a \u00c1frica desde el Caribe implicaba largos y costosos rodeos. M\u00faltiples escalas, mayor duraci\u00f3n del viaje, complejidad administrativa: estas restricciones limitaban el comercio, sobre todo el econ\u00f3mico. Este vuelo directo entre San Crist\u00f3bal y Nigeria cambia todo eso. No s\u00f3lo reduce la duraci\u00f3n del viaje. Redefine las condiciones de acceso. Al eliminar los intermediarios geogr\u00e1ficos, abre la posibilidad de una relaci\u00f3n m\u00e1s directa, fluida y potencialmente m\u00e1s frecuente.     <\/span><\/p>\n<p><span style=\"font-weight: 400;\">Se trata de un desarrollo estrat\u00e9gico. En una regi\u00f3n donde la conectividad determina las oportunidades, cada nueva ruta a\u00e9rea puede cambiar la din\u00e1mica del comercio, el turismo y las instituciones. <\/span><\/p>\t\t\t\t\t\t\t\t<\/div>\n\t\t\t\t<\/div>\n\t\t\t\t<div class=\"elementor-element elementor-element-e86ffb4 elementor-widget elementor-widget-image\" data-id=\"e86ffb4\" data-element_type=\"widget\" data-widget_type=\"image.default\">\n\t\t\t\t<div class=\"elementor-widget-container\">\n\t\t\t\t\t\t\t\t\t\t\t\t\t\t\t<img fetchpriority=\"high\" decoding=\"async\" width=\"768\" height=\"576\" src=\"https:\/\/richeskarayib.com\/wp-content\/uploads\/2026\/03\/DeWatermark.ai_1758554412164-768x576.jpeg.webp\" class=\"attachment-large size-large wp-image-71209\" alt=\"Vol direct entre Saint-Kitts et Nigeria\" srcset=\"https:\/\/richeskarayib.com\/wp-content\/uploads\/2026\/03\/DeWatermark.ai_1758554412164-768x576.jpeg.webp 768w, https:\/\/richeskarayib.com\/wp-content\/uploads\/2026\/03\/DeWatermark.ai_1758554412164-768x576.jpeg-300x225.webp 300w\" sizes=\"(max-width: 768px) 100vw, 768px\" \/>\t\t\t\t\t\t\t\t\t\t\t\t\t\t\t<\/div>\n\t\t\t\t<\/div>\n\t\t\t\t<section class=\"elementor-section elementor-inner-section elementor-element elementor-element-c582330 elementor-section-boxed elementor-section-height-default elementor-section-height-default\" data-id=\"c582330\" data-element_type=\"section\">\n\t\t\t\t\t\t<div class=\"elementor-container elementor-column-gap-default\">\n\t\t\t\t\t\t<\/div>\n\t\t<\/section>\n\t\t\t\t<section class=\"elementor-section elementor-inner-section elementor-element elementor-element-296603a elementor-section-boxed elementor-section-height-default elementor-section-height-default\" data-id=\"296603a\" data-element_type=\"section\">\n\t\t\t\t\t\t<div class=\"elementor-container elementor-column-gap-default\">\n\t\t\t\t\t\t<\/div>\n\t\t<\/section>\n\t\t\t\t\t<\/div>\n\t\t<\/div>\n\t\t\t\t\t<\/div>\n\t\t<\/section>\n\t\t\t\t<section class=\"elementor-section elementor-top-section elementor-element elementor-element-9c88a89 elementor-section-boxed elementor-section-height-default elementor-section-height-default\" data-id=\"9c88a89\" data-element_type=\"section\">\n\t\t\t\t\t\t<div class=\"elementor-container elementor-column-gap-default\">\n\t\t\t\t\t<div class=\"elementor-column elementor-col-100 elementor-top-column elementor-element elementor-element-78cf5d1\" data-id=\"78cf5d1\" data-element_type=\"column\">\n\t\t\t<div class=\"elementor-widget-wrap elementor-element-populated\">\n\t\t\t\t\t\t<div class=\"elementor-element elementor-element-ea2a5c1 elementor-widget elementor-widget-heading\" data-id=\"ea2a5c1\" data-element_type=\"widget\" data-widget_type=\"heading.default\">\n\t\t\t\t<div class=\"elementor-widget-container\">\n\t\t\t\t\t<h2 class=\"elementor-heading-title elementor-size-default\">Una palanca asertiva para la diplomacia econ\u00f3mica<\/h2>\t\t\t\t<\/div>\n\t\t\t\t<\/div>\n\t\t\t\t<div class=\"elementor-element elementor-element-e305eee elementor-widget elementor-widget-text-editor\" data-id=\"e305eee\" data-element_type=\"widget\" data-widget_type=\"text-editor.default\">\n\t\t\t\t<div class=\"elementor-widget-container\">\n\t\t\t\t\t\t\t\t\t<p><span style=\"font-weight: 400;\">La composici\u00f3n de la delegaci\u00f3n dice mucho sobre sus intenciones. Junto a los representantes pol\u00edticos hab\u00eda empresarios, inversores y agentes culturales. Esta elecci\u00f3n confirma que el objetivo va m\u00e1s all\u00e1 del marco institucional. El viaje tuvo lugar en el contexto de la Cumbre de Inversi\u00f3n Afrocaribe\u00f1a (AACIS), organizada en Abuja. Los debates se centraron en los sectores identificados como prioritarios: agricultura, econom\u00eda azul, inversiones cruzadas e industrias culturales.    <\/span><\/p><p><span style=\"font-weight: 400;\">  El vuelo directo entre San Crist\u00f3bal y Nigeria se ha convertido as\u00ed en una herramienta. Facilita las reuniones, acelera las negociaciones y da credibilidad operativa a proyectos que a menudo se mencionan pero rara vez se ponen en pr\u00e1ctica. La ambici\u00f3n es clara: crear un corredor comercial entre el Caribe y \u00c1frica Occidental. Este concepto, todav\u00eda te\u00f3rico, est\u00e1 tomando ahora una forma tangible.   <\/span><\/p>\t\t\t\t\t\t\t\t<\/div>\n\t\t\t\t<\/div>\n\t\t\t\t\t<\/div>\n\t\t<\/div>\n\t\t\t\t\t<\/div>\n\t\t<\/section>\n\t\t\t\t<section class=\"elementor-section elementor-top-section elementor-element elementor-element-ee7f5d7 elementor-section-boxed elementor-section-height-default elementor-section-height-default\" data-id=\"ee7f5d7\" data-element_type=\"section\">\n\t\t\t\t\t\t<div class=\"elementor-container elementor-column-gap-default\">\n\t\t\t\t\t<div class=\"elementor-column elementor-col-100 elementor-top-column elementor-element elementor-element-0669c08\" data-id=\"0669c08\" data-element_type=\"column\">\n\t\t\t<div class=\"elementor-widget-wrap elementor-element-populated\">\n\t\t\t\t\t\t<div class=\"elementor-element elementor-element-acc47ca elementor-widget elementor-widget-heading\" data-id=\"acc47ca\" data-element_type=\"widget\" data-widget_type=\"heading.default\">\n\t\t\t\t<div class=\"elementor-widget-container\">\n\t\t\t\t\t<h2 class=\"elementor-heading-title elementor-size-default\">Una interpretaci\u00f3n pol\u00edtica del acercamiento \u00c1frica-Caribe<\/h2>\t\t\t\t<\/div>\n\t\t\t\t<\/div>\n\t\t\t\t<div class=\"elementor-element elementor-element-4bb1533 elementor-widget elementor-widget-text-editor\" data-id=\"4bb1533\" data-element_type=\"widget\" data-widget_type=\"text-editor.default\">\n\t\t\t\t<div class=\"elementor-widget-container\">\n\t\t\t\t\t\t\t\t\t<p><span style=\"font-weight: 400;\">M\u00e1s all\u00e1 de las cuestiones econ\u00f3micas en juego, la iniciativa se inscribe en una lectura m\u00e1s amplia de las relaciones internacionales. Refleja la voluntad de reforzar los lazos entre la<a href=\"https:\/\/oecs.int\/fr\/\" target=\"_blank\" rel=\"noopener nofollow\">Organizaci\u00f3n de Estados del Caribe Oriental<\/a> (OECO) y la <a href=\"https:\/\/www.ecowas.int\/?lang=fr\" target=\"_blank\" rel=\"noopener nofollow\">Comunidad Econ\u00f3mica de Estados de \u00c1frica Occidental<\/a> (CEDEAO). Este posicionamiento marca una evoluci\u00f3n. El Caribe ya no busca \u00fanicamente consolidar sus relaciones con sus socios tradicionales. Est\u00e1 explorando v\u00edas alternativas, de acuerdo con una l\u00f3gica de cooperaci\u00f3n Sur-Sur. En este contexto, el vuelo directo entre San Crist\u00f3bal y Nigeria env\u00eda una se\u00f1al. Demuestra que los v\u00ednculos entre bloques regionales son posibles, siempre que se apoyen en infraestructuras concretas.      <\/span><\/p>\t\t\t\t\t\t\t\t<\/div>\n\t\t\t\t<\/div>\n\t\t\t\t<div class=\"elementor-element elementor-element-d63cd31 elementor-widget elementor-widget-image\" data-id=\"d63cd31\" data-element_type=\"widget\" data-widget_type=\"image.default\">\n\t\t\t\t<div class=\"elementor-widget-container\">\n\t\t\t\t\t\t\t\t\t\t\t\t\t\t\t<img decoding=\"async\" width=\"768\" height=\"512\" src=\"https:\/\/richeskarayib.com\/wp-content\/uploads\/2026\/03\/wmremove-transformed-2-2-768x512.jpeg.webp\" class=\"attachment-large size-large wp-image-71213\" alt=\"Vol direct entre Saint-Kitts et Nigeria\" srcset=\"https:\/\/richeskarayib.com\/wp-content\/uploads\/2026\/03\/wmremove-transformed-2-2-768x512.jpeg.webp 768w, https:\/\/richeskarayib.com\/wp-content\/uploads\/2026\/03\/wmremove-transformed-2-2-768x512.jpeg-300x200.webp 300w\" sizes=\"(max-width: 768px) 100vw, 768px\" \/>\t\t\t\t\t\t\t\t\t\t\t\t\t\t\t<\/div>\n\t\t\t\t<\/div>\n\t\t\t\t\t<\/div>\n\t\t<\/div>\n\t\t\t\t\t<\/div>\n\t\t<\/section>\n\t\t\t\t<section class=\"elementor-section elementor-top-section elementor-element elementor-element-d0fd0c0 elementor-section-boxed elementor-section-height-default elementor-section-height-default\" data-id=\"d0fd0c0\" data-element_type=\"section\">\n\t\t\t\t\t\t<div class=\"elementor-container elementor-column-gap-default\">\n\t\t\t\t\t<div class=\"elementor-column elementor-col-100 elementor-top-column elementor-element elementor-element-1e2ec65\" data-id=\"1e2ec65\" data-element_type=\"column\">\n\t\t\t<div class=\"elementor-widget-wrap elementor-element-populated\">\n\t\t\t\t\t\t<div class=\"elementor-element elementor-element-316145b elementor-widget elementor-widget-heading\" data-id=\"316145b\" data-element_type=\"widget\" data-widget_type=\"heading.default\">\n\t\t\t\t<div class=\"elementor-widget-container\">\n\t\t\t\t\t<h2 class=\"elementor-heading-title elementor-size-default\">\"Paso intermedio inverso: un s\u00edmbolo reinvertido\n<\/h2>\t\t\t\t<\/div>\n\t\t\t\t<\/div>\n\t\t\t\t<div class=\"elementor-element elementor-element-54e5967 elementor-widget elementor-widget-text-editor\" data-id=\"54e5967\" data-element_type=\"widget\" data-widget_type=\"text-editor.default\">\n\t\t\t\t<div class=\"elementor-widget-container\">\n\t\t\t\t\t\t\t\t\t<p><span style=\"font-weight: 400;\">La iniciativa va acompa\u00f1ada de una fuerte dimensi\u00f3n simb\u00f3lica, a trav\u00e9s de la expresi\u00f3n &#8220;Paso Medio Inverso&#8221;. Remite a la historia transatl\u00e1ntica, pero invierte su significado. Ya no se trata de una traves\u00eda impuesta, sino de un viaje elegido, organizado en torno a intereses econ\u00f3micos y estrat\u00e9gicos. Este cambio de perspectiva no es insignificante. Forma parte de una relectura de las relaciones entre \u00c1frica y el Caribe, basada en la cooperaci\u00f3n y no s\u00f3lo en la memoria. En este contexto, el vuelo directo entre San Crist\u00f3bal y Nigeria va m\u00e1s all\u00e1 del transporte a\u00e9reo. Forma parte de un intento de reposicionamiento pol\u00edtico y econ\u00f3mico de la isla.      <\/span><\/p>\t\t\t\t\t\t\t\t<\/div>\n\t\t\t\t<\/div>\n\t\t\t\t\t<\/div>\n\t\t<\/div>\n\t\t\t\t\t<\/div>\n\t\t<\/section>\n\t\t\t\t<section class=\"elementor-section elementor-top-section elementor-element elementor-element-f03d675 elementor-section-boxed elementor-section-height-default elementor-section-height-default\" data-id=\"f03d675\" data-element_type=\"section\">\n\t\t\t\t\t\t<div class=\"elementor-container elementor-column-gap-default\">\n\t\t\t\t\t<div class=\"elementor-column elementor-col-100 elementor-top-column elementor-element elementor-element-ddb1e36\" data-id=\"ddb1e36\" data-element_type=\"column\">\n\t\t\t<div class=\"elementor-widget-wrap elementor-element-populated\">\n\t\t\t\t\t\t<div class=\"elementor-element elementor-element-66035d3 elementor-widget elementor-widget-heading\" data-id=\"66035d3\" data-element_type=\"widget\" data-widget_type=\"heading.default\">\n\t\t\t\t<div class=\"elementor-widget-container\">\n\t\t\t\t\t<h2 class=\"elementor-heading-title elementor-size-default\">Oportunidades reales, pero con condiciones<\/h2>\t\t\t\t<\/div>\n\t\t\t\t<\/div>\n\t\t\t\t<div class=\"elementor-element elementor-element-cae4ec8 elementor-widget elementor-widget-text-editor\" data-id=\"cae4ec8\" data-element_type=\"widget\" data-widget_type=\"text-editor.default\">\n\t\t\t\t<div class=\"elementor-widget-container\">\n\t\t\t\t\t\t\t\t\t<p><span style=\"font-weight: 400;\">Las oportunidades que abre este v\u00ednculo son numerosas. Por ejemplo <\/span><\/p><ul><li style=\"font-weight: 400;\" aria-level=\"1\"><span style=\"font-weight: 400;\">&#8211; inversiones bilaterales,<\/span><\/li><li style=\"font-weight: 400;\" aria-level=\"1\"><span style=\"font-weight: 400;\">&#8211; Exportaciones caribe\u00f1as,<\/span><\/li><li style=\"font-weight: 400;\" aria-level=\"1\"><span style=\"font-weight: 400;\">&#8211; colaboraciones en la econom\u00eda azul,<\/span><\/li><li style=\"font-weight: 400;\" aria-level=\"1\"><span style=\"font-weight: 400;\">&#8211; la circulaci\u00f3n de los agentes culturales y creativos.<\/span><\/li><\/ul><p><span style=\"font-weight: 400;\">Pero estas oportunidades siguen siendo condicionales. Un vuelo \u00fanico no basta para construir una relaci\u00f3n duradera. La continuidad ser\u00e1 decisiva: acuerdos econ\u00f3micos, mecanismos de financiaci\u00f3n, conexiones regulares, seguimiento diplom\u00e1tico. El vuelo directo entre San Crist\u00f3bal y Nigeria es un punto de partida, no un punto final.   <\/span><\/p>\t\t\t\t\t\t\t\t<\/div>\n\t\t\t\t<\/div>\n\t\t\t\t\t<\/div>\n\t\t<\/div>\n\t\t\t\t\t<\/div>\n\t\t<\/section>\n\t\t\t\t<section class=\"elementor-section elementor-top-section elementor-element elementor-element-d2c3e42 elementor-section-boxed elementor-section-height-default elementor-section-height-default\" data-id=\"d2c3e42\" data-element_type=\"section\">\n\t\t\t\t\t\t<div class=\"elementor-container elementor-column-gap-default\">\n\t\t\t\t\t<div class=\"elementor-column elementor-col-100 elementor-top-column elementor-element elementor-element-caddc00\" data-id=\"caddc00\" data-element_type=\"column\">\n\t\t\t<div class=\"elementor-widget-wrap elementor-element-populated\">\n\t\t\t\t\t\t<div class=\"elementor-element elementor-element-e92cf66 elementor-widget elementor-widget-heading\" data-id=\"e92cf66\" data-element_type=\"widget\" data-widget_type=\"heading.default\">\n\t\t\t\t<div class=\"elementor-widget-container\">\n\t\t\t\t\t<h2 class=\"elementor-heading-title elementor-size-default\">Una nueva geograf\u00eda del comercio en construcci\u00f3n<\/h2>\t\t\t\t<\/div>\n\t\t\t\t<\/div>\n\t\t\t\t<div class=\"elementor-element elementor-element-c757097 elementor-widget elementor-widget-text-editor\" data-id=\"c757097\" data-element_type=\"widget\" data-widget_type=\"text-editor.default\">\n\t\t\t\t<div class=\"elementor-widget-container\">\n\t\t\t\t\t\t\t\t\t<p><span style=\"font-weight: 400;\">Este movimiento plantea una cuesti\u00f3n fundamental: \u00bfest\u00e1 el <a href=\"https:\/\/richeskarayib.com\/es\/karen-virapin-primera-mujer-de-los-territorios-franceses-de-ultramar-en-convertirse-en-directora-de-operaciones-de-air-caraibes\/\" target=\"_blank\" rel=\"noopener\">Caribe<\/a> en proceso de redise\u00f1ar sus rutas de conexi\u00f3n? Al eludir las rutas dominadas por el Norte, esta iniciativa ofrece una interpretaci\u00f3n diferente del Atl\u00e1ntico. Une dos zonas que, a pesar de su historia com\u00fan, siguen estando muy alejadas en t\u00e9rminos de comercio contempor\u00e1neo. El vuelo directo entre San Crist\u00f3bal y Nigeria no transformar\u00e1 inmediatamente los equilibrios regionales. Pero s\u00ed introduce una posibilidad concreta: la de una relaci\u00f3n directa, estructurada y aceptada entre el Caribe y \u00c1frica. En un contexto en el que la movilidad influye directamente en las oportunidades econ\u00f3micas, esta evoluci\u00f3n merece especial atenci\u00f3n.     <\/span><\/p>\t\t\t\t\t\t\t\t<\/div>\n\t\t\t\t<\/div>\n\t\t\t\t\t<\/div>\n\t\t<\/div>\n\t\t\t\t\t<\/div>\n\t\t<\/section>\n\t\t\t\t<section class=\"elementor-section elementor-top-section elementor-element elementor-element-f5709a6 elementor-section-boxed elementor-section-height-default elementor-section-height-default\" data-id=\"f5709a6\" data-element_type=\"section\">\n\t\t\t\t\t\t<div class=\"elementor-container elementor-column-gap-default\">\n\t\t\t\t\t<div class=\"elementor-column elementor-col-100 elementor-top-column elementor-element elementor-element-957be6f\" data-id=\"957be6f\" data-element_type=\"column\">\n\t\t\t<div class=\"elementor-widget-wrap elementor-element-populated\">\n\t\t\t\t\t\t<div class=\"elementor-element elementor-element-63e5d4a elementor-widget elementor-widget-accordion\" data-id=\"63e5d4a\" data-element_type=\"widget\" data-widget_type=\"accordion.default\">\n\t\t\t\t<div class=\"elementor-widget-container\">\n\t\t\t\t\t\t\t<div class=\"elementor-accordion\">\n\t\t\t\t\t\t\t<div class=\"elementor-accordion-item\">\n\t\t\t\t\t<div id=\"elementor-tab-title-1041\" class=\"elementor-tab-title\" data-tab=\"1\" role=\"button\" aria-controls=\"elementor-tab-content-1041\" aria-expanded=\"false\">\n\t\t\t\t\t\t\t\t\t\t\t\t\t<span class=\"elementor-accordion-icon elementor-accordion-icon-left\" aria-hidden=\"true\">\n\t\t\t\t\t\t\t\t\t\t\t\t\t\t\t<span class=\"elementor-accordion-icon-closed\"><i class=\"fas fa-plus\"><\/i><\/span>\n\t\t\t\t\t\t\t\t<span class=\"elementor-accordion-icon-opened\"><i class=\"fas fa-minus\"><\/i><\/span>\n\t\t\t\t\t\t\t\t\t\t\t\t\t\t<\/span>\n\t\t\t\t\t\t\t\t\t\t\t\t<a class=\"elementor-accordion-title\" tabindex=\"0\">\u00bfQu\u00e9 significa para el Caribe el vuelo directo entre San Crist\u00f3bal y Nigeria?<\/a>\n\t\t\t\t\t<\/div>\n\t\t\t\t\t<div id=\"elementor-tab-content-1041\" class=\"elementor-tab-content elementor-clearfix\" data-tab=\"1\" role=\"region\" aria-labelledby=\"elementor-tab-title-1041\"><p><span style=\"font-weight: 400;\">El vuelo directo entre San Crist\u00f3bal y Nigeria est\u00e1 cambiando profundamente las condiciones de movilidad entre el Caribe y \u00c1frica. Hasta ahora, los viajes requer\u00edan escalas en Europa o Norteam\u00e9rica, lo que aumentaba considerablemente la duraci\u00f3n y los costes del viaje. Este nuevo enlace reduce estas limitaciones y facilita los desplazamientos de los responsables pol\u00edticos, empresarios e inversores. A medio plazo, esto puede acelerar el comercio, fomentar las asociaciones econ\u00f3micas y reforzar la presencia del Caribe en los mercados africanos.   <\/span><\/p>\n<\/div>\n\t\t\t\t<\/div>\n\t\t\t\t\t\t\t<div class=\"elementor-accordion-item\">\n\t\t\t\t\t<div id=\"elementor-tab-title-1042\" class=\"elementor-tab-title\" data-tab=\"2\" role=\"button\" aria-controls=\"elementor-tab-content-1042\" aria-expanded=\"false\">\n\t\t\t\t\t\t\t\t\t\t\t\t\t<span class=\"elementor-accordion-icon elementor-accordion-icon-left\" aria-hidden=\"true\">\n\t\t\t\t\t\t\t\t\t\t\t\t\t\t\t<span class=\"elementor-accordion-icon-closed\"><i class=\"fas fa-plus\"><\/i><\/span>\n\t\t\t\t\t\t\t\t<span class=\"elementor-accordion-icon-opened\"><i class=\"fas fa-minus\"><\/i><\/span>\n\t\t\t\t\t\t\t\t\t\t\t\t\t\t<\/span>\n\t\t\t\t\t\t\t\t\t\t\t\t<a class=\"elementor-accordion-title\" tabindex=\"0\">\u00bfPor qu\u00e9 se considera estrat\u00e9gico este vuelo directo entre San Crist\u00f3bal y Nigeria?<\/a>\n\t\t\t\t\t<\/div>\n\t\t\t\t\t<div id=\"elementor-tab-content-1042\" class=\"elementor-tab-content elementor-clearfix\" data-tab=\"2\" role=\"region\" aria-labelledby=\"elementor-tab-title-1042\"><p><span style=\"font-weight: 400;\">Este vuelo es estrat\u00e9gico porque no es s\u00f3lo un vuelo, sino una herramienta de cooperaci\u00f3n regional. Forma parte de un proceso de acercamiento entre la Organizaci\u00f3n de Estados del Caribe Oriental (OECO) y la CEDEAO. El vuelo directo entre San Crist\u00f3bal y Nigeria crea un v\u00ednculo operativo entre dos bloques regionales, facilitando reuniones econ\u00f3micas, negociaciones y proyectos conjuntos. Tambi\u00e9n est\u00e1 contribuyendo a reposicionar al Caribe como actor activo en la din\u00e1mica Sur-Sur.   <\/span><\/p>\n<\/div>\n\t\t\t\t<\/div>\n\t\t\t\t\t\t\t<div class=\"elementor-accordion-item\">\n\t\t\t\t\t<div id=\"elementor-tab-title-1043\" class=\"elementor-tab-title\" data-tab=\"3\" role=\"button\" aria-controls=\"elementor-tab-content-1043\" aria-expanded=\"false\">\n\t\t\t\t\t\t\t\t\t\t\t\t\t<span class=\"elementor-accordion-icon elementor-accordion-icon-left\" aria-hidden=\"true\">\n\t\t\t\t\t\t\t\t\t\t\t\t\t\t\t<span class=\"elementor-accordion-icon-closed\"><i class=\"fas fa-plus\"><\/i><\/span>\n\t\t\t\t\t\t\t\t<span class=\"elementor-accordion-icon-opened\"><i class=\"fas fa-minus\"><\/i><\/span>\n\t\t\t\t\t\t\t\t\t\t\t\t\t\t<\/span>\n\t\t\t\t\t\t\t\t\t\t\t\t<a class=\"elementor-accordion-title\" tabindex=\"0\">\u00bfSe convertir\u00e1 el vuelo directo entre San Crist\u00f3bal y Nigeria en un servicio regular?<\/a>\n\t\t\t\t\t<\/div>\n\t\t\t\t\t<div id=\"elementor-tab-content-1043\" class=\"elementor-tab-content elementor-clearfix\" data-tab=\"3\" role=\"region\" aria-labelledby=\"elementor-tab-title-1043\"><p><span style=\"font-weight: 400;\">Por el momento, se trata de un vuelo ch\u00e1rter organizado en el marco de un gran acontecimiento econ\u00f3mico. Para que un servicio regular se haga realidad, deber\u00e1n cumplirse una serie de condiciones: una demanda suficiente, acuerdos bilaterales s\u00f3lidos, un modelo econ\u00f3mico viable para las compa\u00f1\u00edas a\u00e9reas y un compromiso pol\u00edtico duradero. El vuelo directo entre San Crist\u00f3bal y Nigeria es, por tanto, un primer paso, pero su transformaci\u00f3n en un servicio regular depender\u00e1 de los beneficios concretos de esta iniciativa.  <\/span><\/p>\n<\/div>\n\t\t\t\t<\/div>\n\t\t\t\t\t\t\t\t<\/div>\n\t\t\t\t\t\t<\/div>\n\t\t\t\t<\/div>\n\t\t\t\t\t<\/div>\n\t\t<\/div>\n\t\t\t\t\t<\/div>\n\t\t<\/section>\n\t\t\t\t<\/div>\n\t\t","protected":false},"excerpt":{"rendered":"<p>Vuelo directo entre San Crist\u00f3bal y Nigeria forma parte de una evoluci\u00f3n m\u00e1s profunda de las relaciones entre el Caribe y el continente africano. El 21 de marzo de 2026, un vuelo ch\u00e1rter parti\u00f3 del Aeropuerto Internacional Robert L. Bradshaw con m\u00e1s de 100 pasajeros de ocho territorios caribe\u00f1os. El avi\u00f3n aterriz\u00f3 al d\u00eda siguiente [&hellip;]<\/p>\n","protected":false},"author":662,"featured_media":71205,"comment_status":"open","ping_status":"open","sticky":false,"template":"","format":"standard","meta":{"_acf_changed":false,"footnotes":""},"categories":[1767,1791],"tags":[1847],"class_list":["post-71215","post","type-post","status-publish","format-standard","has-post-thumbnail","hentry","category-aire","category-cooperacion","tag-san-cristobal-y-nieves-2"],"acf":[],"_links":{"self":[{"href":"https:\/\/richeskarayib.com\/es\/wp-json\/wp\/v2\/posts\/71215","targetHints":{"allow":["GET"]}}],"collection":[{"href":"https:\/\/richeskarayib.com\/es\/wp-json\/wp\/v2\/posts"}],"about":[{"href":"https:\/\/richeskarayib.com\/es\/wp-json\/wp\/v2\/types\/post"}],"author":[{"embeddable":true,"href":"https:\/\/richeskarayib.com\/es\/wp-json\/wp\/v2\/users\/662"}],"replies":[{"embeddable":true,"href":"https:\/\/richeskarayib.com\/es\/wp-json\/wp\/v2\/comments?post=71215"}],"version-history":[{"count":0,"href":"https:\/\/richeskarayib.com\/es\/wp-json\/wp\/v2\/posts\/71215\/revisions"}],"wp:featuredmedia":[{"embeddable":true,"href":"https:\/\/richeskarayib.com\/es\/wp-json\/wp\/v2\/media\/71205"}],"wp:attachment":[{"href":"https:\/\/richeskarayib.com\/es\/wp-json\/wp\/v2\/media?parent=71215"}],"wp:term":[{"taxonomy":"category","embeddable":true,"href":"https:\/\/richeskarayib.com\/es\/wp-json\/wp\/v2\/categories?post=71215"},{"taxonomy":"post_tag","embeddable":true,"href":"https:\/\/richeskarayib.com\/es\/wp-json\/wp\/v2\/tags?post=71215"}],"curies":[{"name":"wp","href":"https:\/\/api.w.org\/{rel}","templated":true}]}}