{"id":71249,"date":"2026-03-25T07:09:36","date_gmt":"2026-03-25T11:09:36","guid":{"rendered":"https:\/\/richeskarayib.com\/frantz-fanon-un-pensamiento-martiniques-que-sacudio-el-mundo-colonial\/"},"modified":"2026-03-25T07:09:38","modified_gmt":"2026-03-25T11:09:38","slug":"frantz-fanon-un-pensamiento-martiniques-que-sacudio-el-mundo-colonial","status":"publish","type":"post","link":"https:\/\/richeskarayib.com\/es\/frantz-fanon-un-pensamiento-martiniques-que-sacudio-el-mundo-colonial\/","title":{"rendered":"Frantz Fanon: un pensamiento martiniqu\u00e9s que sacudi\u00f3 el mundo colonial"},"content":{"rendered":"\t\t<div data-elementor-type=\"wp-post\" data-elementor-id=\"71249\" class=\"elementor elementor-71249 elementor-71219\" data-elementor-post-type=\"post\">\n\t\t\t\t\t\t<section class=\"elementor-section elementor-top-section elementor-element elementor-element-7ca7ca1 elementor-section-boxed elementor-section-height-default elementor-section-height-default\" data-id=\"7ca7ca1\" data-element_type=\"section\">\n\t\t\t\t\t\t<div class=\"elementor-container elementor-column-gap-default\">\n\t\t\t\t\t<div class=\"elementor-column elementor-col-100 elementor-top-column elementor-element elementor-element-cbdd002\" data-id=\"cbdd002\" data-element_type=\"column\">\n\t\t\t<div class=\"elementor-widget-wrap elementor-element-populated\">\n\t\t\t\t\t\t<section class=\"elementor-section elementor-inner-section elementor-element elementor-element-bc94849 elementor-section-boxed elementor-section-height-default elementor-section-height-default\" data-id=\"bc94849\" data-element_type=\"section\">\n\t\t\t\t\t\t<div class=\"elementor-container elementor-column-gap-default\">\n\t\t\t\t\t\t<\/div>\n\t\t<\/section>\n\t\t\t\t<section class=\"elementor-section elementor-inner-section elementor-element elementor-element-61571e6 elementor-section-boxed elementor-section-height-default elementor-section-height-default\" data-id=\"61571e6\" data-element_type=\"section\">\n\t\t\t\t\t\t<div class=\"elementor-container elementor-column-gap-default\">\n\t\t\t\t\t\t<\/div>\n\t\t<\/section>\n\t\t\t\t<section class=\"elementor-section elementor-inner-section elementor-element elementor-element-b6262e0 elementor-section-boxed elementor-section-height-default elementor-section-height-default\" data-id=\"b6262e0\" data-element_type=\"section\">\n\t\t\t\t\t\t<div class=\"elementor-container elementor-column-gap-default\">\n\t\t\t\t\t\t<\/div>\n\t\t<\/section>\n\t\t\t\t<section class=\"elementor-section elementor-inner-section elementor-element elementor-element-cca29fd elementor-section-boxed elementor-section-height-default elementor-section-height-default\" data-id=\"cca29fd\" data-element_type=\"section\">\n\t\t\t\t\t\t<div class=\"elementor-container elementor-column-gap-default\">\n\t\t\t\t\t\t<\/div>\n\t\t<\/section>\n\t\t\t\t\t<\/div>\n\t\t<\/div>\n\t\t\t\t\t<\/div>\n\t\t<\/section>\n\t\t\t\t<section class=\"elementor-section elementor-top-section elementor-element elementor-element-ee72354 elementor-section-boxed elementor-section-height-default elementor-section-height-default\" data-id=\"ee72354\" data-element_type=\"section\">\n\t\t\t\t\t\t<div class=\"elementor-container elementor-column-gap-default\">\n\t\t\t\t\t<div class=\"elementor-column elementor-col-100 elementor-top-column elementor-element elementor-element-c59d6fe\" data-id=\"c59d6fe\" data-element_type=\"column\">\n\t\t\t<div class=\"elementor-widget-wrap elementor-element-populated\">\n\t\t\t\t\t\t<div class=\"elementor-element elementor-element-e57451f elementor-widget elementor-widget-text-editor\" data-id=\"e57451f\" data-element_type=\"widget\" data-widget_type=\"text-editor.default\">\n\t\t\t\t<div class=\"elementor-widget-container\">\n\t\t\t\t\t\t\t\t\t<p><span style=\"font-weight: 400;\">Nacido en Fort-de-France el 20 de julio de 1925, Frantz Fanon sigue siendo una de las figuras intelectuales m\u00e1s poderosas surgidas en Martinica. Psiquiatra, escritor y pensador pol\u00edtico, aun\u00f3 las cuestiones de raza, dominaci\u00f3n colonial, salud mental y liberaci\u00f3n de los pueblos. Su obra, relativamente breve debido a su muerte en 1961, tuvo sin embargo un impacto duradero en los estudios postcoloniales, las luchas anticoloniales y los debates sobre la alienaci\u00f3n.  <\/span><\/p>\t\t\t\t\t\t\t\t<\/div>\n\t\t\t\t<\/div>\n\t\t\t\t\t<\/div>\n\t\t<\/div>\n\t\t\t\t\t<\/div>\n\t\t<\/section>\n\t\t\t\t<section class=\"elementor-section elementor-top-section elementor-element elementor-element-82cd8f9 elementor-section-boxed elementor-section-height-default elementor-section-height-default\" data-id=\"82cd8f9\" data-element_type=\"section\">\n\t\t\t\t\t\t<div class=\"elementor-container elementor-column-gap-default\">\n\t\t\t\t\t<div class=\"elementor-column elementor-col-100 elementor-top-column elementor-element elementor-element-0bfdc38\" data-id=\"0bfdc38\" data-element_type=\"column\">\n\t\t\t<div class=\"elementor-widget-wrap elementor-element-populated\">\n\t\t\t\t\t\t<div class=\"elementor-element elementor-element-7d292fe elementor-widget elementor-widget-heading\" data-id=\"7d292fe\" data-element_type=\"widget\" data-widget_type=\"heading.default\">\n\t\t\t\t<div class=\"elementor-widget-container\">\n\t\t\t\t\t<h2 class=\"elementor-heading-title elementor-size-default\">\u00bfPor qu\u00e9 Frantz Fanon sigue contando hoy en d\u00eda?<\/h2>\t\t\t\t<\/div>\n\t\t\t\t<\/div>\n\t\t\t\t<div class=\"elementor-element elementor-element-96caf50 elementor-widget elementor-widget-text-editor\" data-id=\"96caf50\" data-element_type=\"widget\" data-widget_type=\"text-editor.default\">\n\t\t\t\t<div class=\"elementor-widget-container\">\n\t\t\t\t\t\t\t\t\t<p><span style=\"font-weight: 400;\">Hablar de Frantz Fanon no es s\u00f3lo evocar un gran nombre martiniqu\u00e9s. Significa volver a una forma de pensar que pretend\u00eda comprender lo que el colonialismo produc\u00eda en las instituciones, las relaciones sociales, los cuerpos y las mentes. Fanon no estudi\u00f3 la colonizaci\u00f3n como una abstracci\u00f3n. La observ\u00f3 como m\u00e9dico, como negro enfrentado al racismo y como intelectual implicado en la lucha por la independencia de Argelia. Es esta articulaci\u00f3n de experiencia vivida, pr\u00e1ctica cl\u00ednica y an\u00e1lisis pol\u00edtico lo que confiere a su obra una fuerza particular.    <\/span><\/p>\t\t\t\t\t\t\t\t<\/div>\n\t\t\t\t<\/div>\n\t\t\t\t<div class=\"elementor-element elementor-element-c76681b elementor-widget elementor-widget-image\" data-id=\"c76681b\" data-element_type=\"widget\" data-widget_type=\"image.default\">\n\t\t\t\t<div class=\"elementor-widget-container\">\n\t\t\t\t\t\t\t\t\t\t\t\t\t\t\t<img fetchpriority=\"high\" decoding=\"async\" width=\"800\" height=\"1010\" src=\"https:\/\/richeskarayib.com\/wp-content\/uploads\/2026\/03\/la-deuxieme-conference-sur-la-solidarite-afro-asiatique-s-est-ouverte-a-conakry-guinee-le-11-avril-voici-le-docteur-fanon-delegue-du-g-p-r-a-prononcant-un-discours-le-15-avril-1960-3bgyjy8-811x1024.jpeg\" class=\"attachment-large size-large wp-image-71235\" alt=\"Frantz Fanon\" srcset=\"https:\/\/richeskarayib.com\/wp-content\/uploads\/2026\/03\/la-deuxieme-conference-sur-la-solidarite-afro-asiatique-s-est-ouverte-a-conakry-guinee-le-11-avril-voici-le-docteur-fanon-delegue-du-g-p-r-a-prononcant-un-discours-le-15-avril-1960-3bgyjy8-811x1024.jpeg 811w, https:\/\/richeskarayib.com\/wp-content\/uploads\/2026\/03\/la-deuxieme-conference-sur-la-solidarite-afro-asiatique-s-est-ouverte-a-conakry-guinee-le-11-avril-voici-le-docteur-fanon-delegue-du-g-p-r-a-prononcant-un-discours-le-15-avril-1960-3bgyjy8-238x300.jpeg 238w, https:\/\/richeskarayib.com\/wp-content\/uploads\/2026\/03\/la-deuxieme-conference-sur-la-solidarite-afro-asiatique-s-est-ouverte-a-conakry-guinee-le-11-avril-voici-le-docteur-fanon-delegue-du-g-p-r-a-prononcant-un-discours-le-15-avril-1960-3bgyjy8-768x969.jpeg 768w, https:\/\/richeskarayib.com\/wp-content\/uploads\/2026\/03\/la-deuxieme-conference-sur-la-solidarite-afro-asiatique-s-est-ouverte-a-conakry-guinee-le-11-avril-voici-le-docteur-fanon-delegue-du-g-p-r-a-prononcant-un-discours-le-15-avril-1960-3bgyjy8.jpeg 1014w\" sizes=\"(max-width: 800px) 100vw, 800px\" \/>\t\t\t\t\t\t\t\t\t\t\t\t\t\t\t<\/div>\n\t\t\t\t<\/div>\n\t\t\t\t<section class=\"elementor-section elementor-inner-section elementor-element elementor-element-c582330 elementor-section-boxed elementor-section-height-default elementor-section-height-default\" data-id=\"c582330\" data-element_type=\"section\">\n\t\t\t\t\t\t<div class=\"elementor-container elementor-column-gap-default\">\n\t\t\t\t\t\t<\/div>\n\t\t<\/section>\n\t\t\t\t<section class=\"elementor-section elementor-inner-section elementor-element elementor-element-296603a elementor-section-boxed elementor-section-height-default elementor-section-height-default\" data-id=\"296603a\" data-element_type=\"section\">\n\t\t\t\t\t\t<div class=\"elementor-container elementor-column-gap-default\">\n\t\t\t\t\t\t<\/div>\n\t\t<\/section>\n\t\t\t\t\t<\/div>\n\t\t<\/div>\n\t\t\t\t\t<\/div>\n\t\t<\/section>\n\t\t\t\t<section class=\"elementor-section elementor-top-section elementor-element elementor-element-9c88a89 elementor-section-boxed elementor-section-height-default elementor-section-height-default\" data-id=\"9c88a89\" data-element_type=\"section\">\n\t\t\t\t\t\t<div class=\"elementor-container elementor-column-gap-default\">\n\t\t\t\t\t<div class=\"elementor-column elementor-col-100 elementor-top-column elementor-element elementor-element-78cf5d1\" data-id=\"78cf5d1\" data-element_type=\"column\">\n\t\t\t<div class=\"elementor-widget-wrap elementor-element-populated\">\n\t\t\t\t\t\t<div class=\"elementor-element elementor-element-ea2a5c1 elementor-widget elementor-widget-heading\" data-id=\"ea2a5c1\" data-element_type=\"widget\" data-widget_type=\"heading.default\">\n\t\t\t\t<div class=\"elementor-widget-container\">\n\t\t\t\t\t<h2 class=\"elementor-heading-title elementor-size-default\">De Fort-de-France a la guerra: las primeras desavenencias<\/h2>\t\t\t\t<\/div>\n\t\t\t\t<\/div>\n\t\t\t\t<div class=\"elementor-element elementor-element-e305eee elementor-widget elementor-widget-text-editor\" data-id=\"e305eee\" data-element_type=\"widget\" data-widget_type=\"text-editor.default\">\n\t\t\t\t<div class=\"elementor-widget-container\">\n\t\t\t\t\t\t\t\t\t<p><span style=\"font-weight: 400;\">Frantz Fanon creci\u00f3 en Martinica y pas\u00f3 parte de su escolaridad en un entorno marcado por la herencia colonial francesa. Fue alumno de<a href=\"https:\/\/richeskarayib.com\/es\/martinica-aime-cesaire-el-pensamiento-caribeno-que-redefinio-la-dignidad-y-la-conciencia-politica\/\" target=\"_blank\" rel=\"noopener\">Aim\u00e9 C\u00e9saire<\/a>, que desempe\u00f1\u00f3 un papel importante en la formaci\u00f3n de su conciencia pol\u00edtica, aunque Fanon sigui\u00f3 forjando su propio camino intelectual. Durante la Segunda Guerra Mundial, se alist\u00f3 en el Ej\u00e9rcito de la Francia Libre. Esta experiencia militar y su contacto directo con el racismo y las jerarqu\u00edas coloniales influyeron profundamente en su pensamiento.   <\/span><\/p>\n<p><span style=\"font-weight: 400;\">Tras la guerra, continu\u00f3 sus estudios en Francia, form\u00e1ndose como m\u00e9dico y luego como psiquiatra en Lyon. Esta formaci\u00f3n fue algo m\u00e1s que una simple diversi\u00f3n acad\u00e9mica: se convirti\u00f3 en la base de un nuevo pensamiento sobre el sufrimiento psicol\u00f3gico producido por las estructuras sociales. Fanon es conocido por haber defendido la idea de que ciertas neurosis son generadas socialmente. En otras palabras, el sufrimiento mental no siempre puede separarse del sistema pol\u00edtico que lo rodea.   <\/span><\/p>\t\t\t\t\t\t\t\t<\/div>\n\t\t\t\t<\/div>\n\t\t\t\t\t<\/div>\n\t\t<\/div>\n\t\t\t\t\t<\/div>\n\t\t<\/section>\n\t\t\t\t<section class=\"elementor-section elementor-top-section elementor-element elementor-element-ee7f5d7 elementor-section-boxed elementor-section-height-default elementor-section-height-default\" data-id=\"ee7f5d7\" data-element_type=\"section\">\n\t\t\t\t\t\t<div class=\"elementor-container elementor-column-gap-default\">\n\t\t\t\t\t<div class=\"elementor-column elementor-col-100 elementor-top-column elementor-element elementor-element-0669c08\" data-id=\"0669c08\" data-element_type=\"column\">\n\t\t\t<div class=\"elementor-widget-wrap elementor-element-populated\">\n\t\t\t\t\t\t<div class=\"elementor-element elementor-element-acc47ca elementor-widget elementor-widget-heading\" data-id=\"acc47ca\" data-element_type=\"widget\" data-widget_type=\"heading.default\">\n\t\t\t\t<div class=\"elementor-widget-container\">\n\t\t\t\t\t<h2 class=\"elementor-heading-title elementor-size-default\">El psiquiatra que entiende que la colonizaci\u00f3n enferma<\/h2>\t\t\t\t<\/div>\n\t\t\t\t<\/div>\n\t\t\t\t<div class=\"elementor-element elementor-element-4bb1533 elementor-widget elementor-widget-text-editor\" data-id=\"4bb1533\" data-element_type=\"widget\" data-widget_type=\"text-editor.default\">\n\t\t\t\t<div class=\"elementor-widget-container\">\n\t\t\t\t\t\t\t\t\t<p><span style=\"font-weight: 400;\">Entre 1953 y 1956,<a href=\"https:\/\/fr.wikipedia.org\/wiki\/Frantz_Fanon\" target=\"_blank\" rel=\"noopener nofollow\"> Frantz Fanon<\/a> fue jefe de psiquiatr\u00eda en el hospital Blida-Joinville de Argelia, entonces colonia francesa. Fue aqu\u00ed donde su pensamiento adquiri\u00f3 una dimensi\u00f3n decisiva. Tratando tanto a v\u00edctimas argelinas de la violencia colonial como a soldados franceses implicados en la represi\u00f3n, observ\u00f3 que la dominaci\u00f3n no s\u00f3lo aplasta econ\u00f3mica o pol\u00edticamente: tambi\u00e9n desorganiza la vida psicol\u00f3gica.  <\/span><\/p>\n<p><span style=\"font-weight: 400;\">Las obras hist\u00f3ricas dedicadas a sus a\u00f1os argelinos demuestran que Fanon nunca separ\u00f3 los cuidados del contexto social. En su carta de dimisi\u00f3n de 1956, afirm\u00f3 que la estructura colonial de Argelia hac\u00eda imposible llevar a cabo una aut\u00e9ntica misi\u00f3n psiqui\u00e1trica. Este gesto no es anecd\u00f3tico: marca el momento en que el m\u00e9dico se neg\u00f3 a tratar los s\u00edntomas sin nombrar el sistema que los produc\u00eda.  <\/span><\/p>\t\t\t\t\t\t\t\t<\/div>\n\t\t\t\t<\/div>\n\t\t\t\t<div class=\"elementor-element elementor-element-d3939ac elementor-widget elementor-widget-image\" data-id=\"d3939ac\" data-element_type=\"widget\" data-widget_type=\"image.default\">\n\t\t\t\t<div class=\"elementor-widget-container\">\n\t\t\t\t\t\t\t\t\t\t\t\t\t\t\t<img decoding=\"async\" width=\"637\" height=\"1024\" src=\"https:\/\/richeskarayib.com\/wp-content\/uploads\/2026\/03\/frantz-fanon-peau-noire-masque-blanc-dxn9fx-2-637x1024.jpeg\" class=\"attachment-large size-large wp-image-71247\" alt=\"Frantz Fanon\" srcset=\"https:\/\/richeskarayib.com\/wp-content\/uploads\/2026\/03\/frantz-fanon-peau-noire-masque-blanc-dxn9fx-2-637x1024.jpeg 637w, https:\/\/richeskarayib.com\/wp-content\/uploads\/2026\/03\/frantz-fanon-peau-noire-masque-blanc-dxn9fx-2-187x300.jpeg 187w, https:\/\/richeskarayib.com\/wp-content\/uploads\/2026\/03\/frantz-fanon-peau-noire-masque-blanc-dxn9fx-2-768x1235.jpeg 768w, https:\/\/richeskarayib.com\/wp-content\/uploads\/2026\/03\/frantz-fanon-peau-noire-masque-blanc-dxn9fx-2.jpeg 796w\" sizes=\"(max-width: 637px) 100vw, 637px\" \/>\t\t\t\t\t\t\t\t\t\t\t\t\t\t\t<\/div>\n\t\t\t\t<\/div>\n\t\t\t\t\t<\/div>\n\t\t<\/div>\n\t\t\t\t\t<\/div>\n\t\t<\/section>\n\t\t\t\t<section class=\"elementor-section elementor-top-section elementor-element elementor-element-d0fd0c0 elementor-section-boxed elementor-section-height-default elementor-section-height-default\" data-id=\"d0fd0c0\" data-element_type=\"section\">\n\t\t\t\t\t\t<div class=\"elementor-container elementor-column-gap-default\">\n\t\t\t\t\t<div class=\"elementor-column elementor-col-100 elementor-top-column elementor-element elementor-element-1e2ec65\" data-id=\"1e2ec65\" data-element_type=\"column\">\n\t\t\t<div class=\"elementor-widget-wrap elementor-element-populated\">\n\t\t\t\t\t\t<div class=\"elementor-element elementor-element-316145b elementor-widget elementor-widget-heading\" data-id=\"316145b\" data-element_type=\"widget\" data-widget_type=\"heading.default\">\n\t\t\t\t<div class=\"elementor-widget-container\">\n\t\t\t\t\t<h2 class=\"elementor-heading-title elementor-size-default\">Piel negra, m\u00e1scaras blancas: un libro clave sobre la alienaci\u00f3n<\/h2>\t\t\t\t<\/div>\n\t\t\t\t<\/div>\n\t\t\t\t<div class=\"elementor-element elementor-element-54e5967 elementor-widget elementor-widget-text-editor\" data-id=\"54e5967\" data-element_type=\"widget\" data-widget_type=\"text-editor.default\">\n\t\t\t\t<div class=\"elementor-widget-container\">\n\t\t\t\t\t\t\t\t\t<p><span style=\"font-weight: 400;\">Publicado en 1952, Peau noire, masques blancs sigue siendo uno de los principales textos de Frantz Fanon. Este libro examina los mecanismos por los que la mirada colonial distorsiona la imagen de uno mismo, llevando a las personas a la imitaci\u00f3n, la verg\u00fcenza o la escisi\u00f3n interna. <\/span><\/p>\n<p><span style=\"font-weight: 400;\">La importancia de este texto es notable porque hace algo m\u00e1s que simplemente denunciar el racismo. Muestra c\u00f3mo el racismo afecta profundamente al lenguaje, al deseo, a la relaci\u00f3n con el cuerpo y al acceso a la dignidad. Fanon desmonta la l\u00f3gica por la que los colonizados se ven obligados a adoptar las normas del colonizador si esperan ser reconocidos. La obra de Fanon sigue siendo fundamental para comprender muchos debates contempor\u00e1neos sobre la identidad, el color, el lenguaje y la representaci\u00f3n.   <\/span><\/p>\t\t\t\t\t\t\t\t<\/div>\n\t\t\t\t<\/div>\n\t\t\t\t<div class=\"elementor-element elementor-element-56627bc elementor-widget elementor-widget-image\" data-id=\"56627bc\" data-element_type=\"widget\" data-widget_type=\"image.default\">\n\t\t\t\t<div class=\"elementor-widget-container\">\n\t\t\t\t\t\t\t\t\t\t\t\t\t\t\t<img decoding=\"async\" width=\"316\" height=\"523\" src=\"https:\/\/richeskarayib.com\/wp-content\/uploads\/2026\/03\/1-1.png\" class=\"attachment-large size-large wp-image-71227\" alt=\"Frantz Fanon s\u2019est engag\u00e9 activement aux c\u00f4t\u00e9s du Front de lib\u00e9ration nationale (FLN) pendant la guerre d\u2019ind\u00e9pendance alg\u00e9rienne. Apr\u00e8s avoir exerc\u00e9 comme psychiatre en Alg\u00e9rie, il quitte ses fonctions pour d\u00e9noncer les effets destructeurs du syst\u00e8me colonial. Il rejoint ensuite les structures politiques du mouvement ind\u00e9pendantiste, notamment \u00e0 Tunis, o\u00f9 il participe \u00e0 la r\u00e9flexion strat\u00e9gique et diplomatique. Son engagement fait de lui un acteur direct des luttes anticoloniales, et non seulement un observateur.\" srcset=\"https:\/\/richeskarayib.com\/wp-content\/uploads\/2026\/03\/1-1.png 316w, https:\/\/richeskarayib.com\/wp-content\/uploads\/2026\/03\/1-1-181x300.png 181w\" sizes=\"(max-width: 316px) 100vw, 316px\" \/>\t\t\t\t\t\t\t\t\t\t\t\t\t\t\t<\/div>\n\t\t\t\t<\/div>\n\t\t\t\t\t<\/div>\n\t\t<\/div>\n\t\t\t\t\t<\/div>\n\t\t<\/section>\n\t\t\t\t<section class=\"elementor-section elementor-top-section elementor-element elementor-element-f03d675 elementor-section-boxed elementor-section-height-default elementor-section-height-default\" data-id=\"f03d675\" data-element_type=\"section\">\n\t\t\t\t\t\t<div class=\"elementor-container elementor-column-gap-default\">\n\t\t\t\t\t<div class=\"elementor-column elementor-col-100 elementor-top-column elementor-element elementor-element-ddb1e36\" data-id=\"ddb1e36\" data-element_type=\"column\">\n\t\t\t<div class=\"elementor-widget-wrap elementor-element-populated\">\n\t\t\t\t\t\t<div class=\"elementor-element elementor-element-66035d3 elementor-widget elementor-widget-heading\" data-id=\"66035d3\" data-element_type=\"widget\" data-widget_type=\"heading.default\">\n\t\t\t\t<div class=\"elementor-widget-container\">\n\t\t\t\t\t<h2 class=\"elementor-heading-title elementor-size-default\">El compromiso argelino: cuando el intelectual se convierte en actor pol\u00edtico<\/h2>\t\t\t\t<\/div>\n\t\t\t\t<\/div>\n\t\t\t\t<div class=\"elementor-element elementor-element-cae4ec8 elementor-widget elementor-widget-text-editor\" data-id=\"cae4ec8\" data-element_type=\"widget\" data-widget_type=\"text-editor.default\">\n\t\t\t\t<div class=\"elementor-widget-container\">\n\t\t\t\t\t\t\t\t\t<p><span style=\"font-weight: 400;\">Tras romper con la administraci\u00f3n colonial, Fanon se uni\u00f3 a la lucha argelina y trabaj\u00f3 junto al Frente de Liberaci\u00f3n Nacional. Tras su expulsi\u00f3n de Argelia en 1956, se uni\u00f3 al Gobierno Provisional de la Rep\u00fablica Argelina en T\u00fanez y estuvo muy implicado en la diplomacia y la pol\u00edtica. En ese momento, su carrera dio un giro definitivo hacia la acci\u00f3n revolucionaria.  <\/span><\/p>\n<p><span style=\"font-weight: 400;\">Este paso es esencial para comprender su obra. Fanon no fue un observador distante de la descolonizaci\u00f3n. Se convirti\u00f3 en uno de los pensadores comprometidos m\u00e1s le\u00eddos. Sus escritos no s\u00f3lo describ\u00edan el colonialismo; tambi\u00e9n cuestionaban las responsabilidades de las \u00e9lites nacionales, los callejones sin salida del mimetismo pol\u00edtico y los riesgos de la independencia sin una verdadera transformaci\u00f3n social. Estos temas explican el impacto duradero de sus textos mucho m\u00e1s all\u00e1 de Argelia.    <\/span><\/p>\t\t\t\t\t\t\t\t<\/div>\n\t\t\t\t<\/div>\n\t\t\t\t\t<\/div>\n\t\t<\/div>\n\t\t\t\t\t<\/div>\n\t\t<\/section>\n\t\t\t\t<section class=\"elementor-section elementor-top-section elementor-element elementor-element-d2c3e42 elementor-section-boxed elementor-section-height-default elementor-section-height-default\" data-id=\"d2c3e42\" data-element_type=\"section\">\n\t\t\t\t\t\t<div class=\"elementor-container elementor-column-gap-default\">\n\t\t\t\t\t<div class=\"elementor-column elementor-col-100 elementor-top-column elementor-element elementor-element-caddc00\" data-id=\"caddc00\" data-element_type=\"column\">\n\t\t\t<div class=\"elementor-widget-wrap elementor-element-populated\">\n\t\t\t\t\t\t<div class=\"elementor-element elementor-element-e92cf66 elementor-widget elementor-widget-heading\" data-id=\"e92cf66\" data-element_type=\"widget\" data-widget_type=\"heading.default\">\n\t\t\t\t<div class=\"elementor-widget-container\">\n\t\t\t\t\t<h2 class=\"elementor-heading-title elementor-size-default\">Los condenados de la Tierra: un texto importante, a menudo simplificado err\u00f3neamente<\/h2>\t\t\t\t<\/div>\n\t\t\t\t<\/div>\n\t\t\t\t<div class=\"elementor-element elementor-element-c757097 elementor-widget elementor-widget-text-editor\" data-id=\"c757097\" data-element_type=\"widget\" data-widget_type=\"text-editor.default\">\n\t\t\t\t<div class=\"elementor-widget-container\">\n\t\t\t\t\t\t\t\t\t<p><span style=\"font-weight: 400;\">Publicada en 1961, Les Damn\u00e9s de la terre es la otra gran obra asociada a Frantz Fanon. Escrita en el contexto de la Guerra de Independencia argelina, aborda la historia de la colonizaci\u00f3n y la crisis de la descolonizaci\u00f3n. Analiza el mundo colonial como un sistema de dominaci\u00f3n, explotaci\u00f3n y desposesi\u00f3n.  <\/span><\/p>\n<p><span style=\"font-weight: 400;\">A menudo se resume el libro s\u00f3lo en t\u00e9rminos de violencia. Esto es reduccionista. Fanon habla tambi\u00e9n de las burgues\u00edas nacionales, de la cultura, de las trampas del nacionalismo hueco, del papel del campesinado y de la reconstrucci\u00f3n del ser colectivo tras la dominaci\u00f3n. La violencia aparece en un marco preciso: el de un mundo colonial ya estructurado por la violencia. Para comprender seriamente a Fanon, debemos leer este texto en toda su complejidad, y no como un simple llamamiento abstracto a la confrontaci\u00f3n.    <\/span><\/p>\t\t\t\t\t\t\t\t<\/div>\n\t\t\t\t<\/div>\n\t\t\t\t<div class=\"elementor-element elementor-element-66a588f elementor-widget elementor-widget-image\" data-id=\"66a588f\" data-element_type=\"widget\" data-widget_type=\"image.default\">\n\t\t\t\t<div class=\"elementor-widget-container\">\n\t\t\t\t\t\t\t\t\t\t\t\t\t\t\t<img loading=\"lazy\" decoding=\"async\" width=\"475\" height=\"704\" src=\"https:\/\/richeskarayib.com\/wp-content\/uploads\/2026\/03\/12-1.png\" class=\"attachment-large size-large wp-image-71231\" alt=\"Frantz Fanon\" srcset=\"https:\/\/richeskarayib.com\/wp-content\/uploads\/2026\/03\/12-1.png 475w, https:\/\/richeskarayib.com\/wp-content\/uploads\/2026\/03\/12-1-202x300.png 202w\" sizes=\"(max-width: 475px) 100vw, 475px\" \/>\t\t\t\t\t\t\t\t\t\t\t\t\t\t\t<\/div>\n\t\t\t\t<\/div>\n\t\t\t\t\t<\/div>\n\t\t<\/div>\n\t\t\t\t\t<\/div>\n\t\t<\/section>\n\t\t\t\t<section class=\"elementor-section elementor-top-section elementor-element elementor-element-9468f8e elementor-section-boxed elementor-section-height-default elementor-section-height-default\" data-id=\"9468f8e\" data-element_type=\"section\">\n\t\t\t\t\t\t<div class=\"elementor-container elementor-column-gap-default\">\n\t\t\t\t\t<div class=\"elementor-column elementor-col-100 elementor-top-column elementor-element elementor-element-3e402a0\" data-id=\"3e402a0\" data-element_type=\"column\">\n\t\t\t<div class=\"elementor-widget-wrap elementor-element-populated\">\n\t\t\t\t\t\t<div class=\"elementor-element elementor-element-59b616a elementor-widget elementor-widget-heading\" data-id=\"59b616a\" data-element_type=\"widget\" data-widget_type=\"heading.default\">\n\t\t\t\t<div class=\"elementor-widget-container\">\n\t\t\t\t\t<h2 class=\"elementor-heading-title elementor-size-default\">Una muerte temprana, una gran influencia<\/h2>\t\t\t\t<\/div>\n\t\t\t\t<\/div>\n\t\t\t\t<div class=\"elementor-element elementor-element-0214a7c elementor-widget elementor-widget-text-editor\" data-id=\"0214a7c\" data-element_type=\"widget\" data-widget_type=\"text-editor.default\">\n\t\t\t\t<div class=\"elementor-widget-container\">\n\t\t\t\t\t\t\t\t\t<p><span style=\"font-weight: 400;\">Afectado de leucemia, Frantz Fanon muri\u00f3 el 6 de diciembre de 1961 en Bethesda, Estados Unidos, con s\u00f3lo 36 a\u00f1os. A pesar de su temprana muerte, su influencia se ha extendido a lo largo de las d\u00e9cadas. Sus cr\u00edticas han inspirado a varias generaciones de pensadores y activistas. Su obra ha informado el pensamiento sobre la descolonizaci\u00f3n, las relaciones raciales, la violencia estructural y la cr\u00edtica de los legados imperiales.   <\/span><\/p>\n<p><span style=\"font-weight: 400;\">Su nombre tiene una resonancia especial en el Caribe. Porque era de Martinica, por supuesto, pero sobre todo porque dio al Caribe una de sus voces intelectuales m\u00e1s incisivas sobre la dignidad humana. Fanon nos recuerda que el Caribe no es s\u00f3lo una zona cultural o tur\u00edstica: es tambi\u00e9n una tierra de pensamiento, de avances y de invenci\u00f3n pol\u00edtica.  <\/span><\/p>\t\t\t\t\t\t\t\t<\/div>\n\t\t\t\t<\/div>\n\t\t\t\t\t<\/div>\n\t\t<\/div>\n\t\t\t\t\t<\/div>\n\t\t<\/section>\n\t\t\t\t<section class=\"elementor-section elementor-top-section elementor-element elementor-element-f5709a6 elementor-section-boxed elementor-section-height-default elementor-section-height-default\" data-id=\"f5709a6\" data-element_type=\"section\">\n\t\t\t\t\t\t<div class=\"elementor-container elementor-column-gap-default\">\n\t\t\t\t\t<div class=\"elementor-column elementor-col-100 elementor-top-column elementor-element elementor-element-957be6f\" data-id=\"957be6f\" data-element_type=\"column\">\n\t\t\t<div class=\"elementor-widget-wrap elementor-element-populated\">\n\t\t\t\t\t\t<div class=\"elementor-element elementor-element-63e5d4a elementor-widget elementor-widget-accordion\" data-id=\"63e5d4a\" data-element_type=\"widget\" data-widget_type=\"accordion.default\">\n\t\t\t\t<div class=\"elementor-widget-container\">\n\t\t\t\t\t\t\t<div class=\"elementor-accordion\">\n\t\t\t\t\t\t\t<div class=\"elementor-accordion-item\">\n\t\t\t\t\t<div id=\"elementor-tab-title-1041\" class=\"elementor-tab-title\" data-tab=\"1\" role=\"button\" aria-controls=\"elementor-tab-content-1041\" aria-expanded=\"false\">\n\t\t\t\t\t\t\t\t\t\t\t\t\t<span class=\"elementor-accordion-icon elementor-accordion-icon-left\" aria-hidden=\"true\">\n\t\t\t\t\t\t\t\t\t\t\t\t\t\t\t<span class=\"elementor-accordion-icon-closed\"><i class=\"fas fa-plus\"><\/i><\/span>\n\t\t\t\t\t\t\t\t<span class=\"elementor-accordion-icon-opened\"><i class=\"fas fa-minus\"><\/i><\/span>\n\t\t\t\t\t\t\t\t\t\t\t\t\t\t<\/span>\n\t\t\t\t\t\t\t\t\t\t\t\t<a class=\"elementor-accordion-title\" tabindex=\"0\">\u00bfQui\u00e9n es Frantz Fanon y por qu\u00e9 es importante?<\/a>\n\t\t\t\t\t<\/div>\n\t\t\t\t\t<div id=\"elementor-tab-content-1041\" class=\"elementor-tab-content elementor-clearfix\" data-tab=\"1\" role=\"region\" aria-labelledby=\"elementor-tab-title-1041\"><p><span style=\"font-weight: 400;\">Frantz Fanon fue un psiquiatra, escritor y pensador pol\u00edtico nacido en Martinica en 1925. Es conocido por sus profundos an\u00e1lisis del colonialismo y el racismo y su impacto en la psicolog\u00eda humana. Su importancia radica en que, a partir de los a\u00f1os 50, articul\u00f3 un enfoque global que vinculaba la dominaci\u00f3n pol\u00edtica, la alienaci\u00f3n mental y las luchas de liberaci\u00f3n. Su obra sigue informando la investigaci\u00f3n en ciencias sociales, los estudios postcoloniales y los debates sobre la identidad.   <\/span><\/p>\n<\/div>\n\t\t\t\t<\/div>\n\t\t\t\t\t\t\t<div class=\"elementor-accordion-item\">\n\t\t\t\t\t<div id=\"elementor-tab-title-1042\" class=\"elementor-tab-title\" data-tab=\"2\" role=\"button\" aria-controls=\"elementor-tab-content-1042\" aria-expanded=\"false\">\n\t\t\t\t\t\t\t\t\t\t\t\t\t<span class=\"elementor-accordion-icon elementor-accordion-icon-left\" aria-hidden=\"true\">\n\t\t\t\t\t\t\t\t\t\t\t\t\t\t\t<span class=\"elementor-accordion-icon-closed\"><i class=\"fas fa-plus\"><\/i><\/span>\n\t\t\t\t\t\t\t\t<span class=\"elementor-accordion-icon-opened\"><i class=\"fas fa-minus\"><\/i><\/span>\n\t\t\t\t\t\t\t\t\t\t\t\t\t\t<\/span>\n\t\t\t\t\t\t\t\t\t\t\t\t<a class=\"elementor-accordion-title\" tabindex=\"0\">\u00bfCu\u00e1les son los libros m\u00e1s importantes de Frantz Fanon?<\/a>\n\t\t\t\t\t<\/div>\n\t\t\t\t\t<div id=\"elementor-tab-content-1042\" class=\"elementor-tab-content elementor-clearfix\" data-tab=\"2\" role=\"region\" aria-labelledby=\"elementor-tab-title-1042\"><p><span style=\"font-weight: 400;\">Las dos obras principales de Frantz Fanon son Peau noire, masques blancs (1952) y Les Damn\u00e9s de la terre (1961). La primera analiza los efectos psicol\u00f3gicos del racismo y la mirada colonial en los individuos, sobre todo en las sociedades marcadas por su herencia europea. El segundo ofrece una reflexi\u00f3n m\u00e1s amplia sobre los procesos de descolonizaci\u00f3n, la din\u00e1mica pol\u00edtica de los pa\u00edses colonizados y los retos de la independencia. Estos dos textos siguen siendo hoy referencias esenciales.   <\/span><\/p>\n<\/div>\n\t\t\t\t<\/div>\n\t\t\t\t\t\t\t<div class=\"elementor-accordion-item\">\n\t\t\t\t\t<div id=\"elementor-tab-title-1043\" class=\"elementor-tab-title\" data-tab=\"3\" role=\"button\" aria-controls=\"elementor-tab-content-1043\" aria-expanded=\"false\">\n\t\t\t\t\t\t\t\t\t\t\t\t\t<span class=\"elementor-accordion-icon elementor-accordion-icon-left\" aria-hidden=\"true\">\n\t\t\t\t\t\t\t\t\t\t\t\t\t\t\t<span class=\"elementor-accordion-icon-closed\"><i class=\"fas fa-plus\"><\/i><\/span>\n\t\t\t\t\t\t\t\t<span class=\"elementor-accordion-icon-opened\"><i class=\"fas fa-minus\"><\/i><\/span>\n\t\t\t\t\t\t\t\t\t\t\t\t\t\t<\/span>\n\t\t\t\t\t\t\t\t\t\t\t\t<a class=\"elementor-accordion-title\" tabindex=\"0\">\u00bfQu\u00e9 papel desempe\u00f1\u00f3 Frantz Fanon en la Guerra de Argelia?<\/a>\n\t\t\t\t\t<\/div>\n\t\t\t\t\t<div id=\"elementor-tab-content-1043\" class=\"elementor-tab-content elementor-clearfix\" data-tab=\"3\" role=\"region\" aria-labelledby=\"elementor-tab-title-1043\"><p><span style=\"font-weight: 400;\">Frantz Fanon particip\u00f3 activamente en el Frente de Liberaci\u00f3n Nacional (FLN) durante la Guerra de Independencia argelina. Tras ejercer como psiquiatra en Argelia, abandon\u00f3 su puesto para denunciar los efectos destructivos del sistema colonial. A continuaci\u00f3n, se uni\u00f3 a las estructuras pol\u00edticas del movimiento independentista, especialmente en T\u00fanez, donde particip\u00f3 en debates estrat\u00e9gicos y diplom\u00e1ticos. Su compromiso le convirti\u00f3 en un actor directo de las luchas anticoloniales, y no en un mero observador.   <\/span><\/p>\n<\/div>\n\t\t\t\t<\/div>\n\t\t\t\t\t\t\t\t<\/div>\n\t\t\t\t\t\t<\/div>\n\t\t\t\t<\/div>\n\t\t\t\t\t<\/div>\n\t\t<\/div>\n\t\t\t\t\t<\/div>\n\t\t<\/section>\n\t\t\t\t<\/div>\n\t\t","protected":false},"excerpt":{"rendered":"<p>Nacido en Fort-de-France el 20 de julio de 1925, Frantz Fanon sigue siendo una de las figuras intelectuales m\u00e1s poderosas surgidas en Martinica. Psiquiatra, escritor y pensador pol\u00edtico, aun\u00f3 las cuestiones de raza, dominaci\u00f3n colonial, salud mental y liberaci\u00f3n de los pueblos. Su obra, relativamente breve debido a su muerte en 1961, tuvo sin embargo [&hellip;]<\/p>\n","protected":false},"author":662,"featured_media":71223,"comment_status":"open","ping_status":"open","sticky":false,"template":"","format":"standard","meta":{"_acf_changed":false,"footnotes":""},"categories":[1469],"tags":[816],"class_list":["post-71249","post","type-post","status-publish","format-standard","has-post-thumbnail","hentry","category-historia-patrimonio","tag-martinique-es"],"acf":[],"_links":{"self":[{"href":"https:\/\/richeskarayib.com\/es\/wp-json\/wp\/v2\/posts\/71249","targetHints":{"allow":["GET"]}}],"collection":[{"href":"https:\/\/richeskarayib.com\/es\/wp-json\/wp\/v2\/posts"}],"about":[{"href":"https:\/\/richeskarayib.com\/es\/wp-json\/wp\/v2\/types\/post"}],"author":[{"embeddable":true,"href":"https:\/\/richeskarayib.com\/es\/wp-json\/wp\/v2\/users\/662"}],"replies":[{"embeddable":true,"href":"https:\/\/richeskarayib.com\/es\/wp-json\/wp\/v2\/comments?post=71249"}],"version-history":[{"count":0,"href":"https:\/\/richeskarayib.com\/es\/wp-json\/wp\/v2\/posts\/71249\/revisions"}],"wp:featuredmedia":[{"embeddable":true,"href":"https:\/\/richeskarayib.com\/es\/wp-json\/wp\/v2\/media\/71223"}],"wp:attachment":[{"href":"https:\/\/richeskarayib.com\/es\/wp-json\/wp\/v2\/media?parent=71249"}],"wp:term":[{"taxonomy":"category","embeddable":true,"href":"https:\/\/richeskarayib.com\/es\/wp-json\/wp\/v2\/categories?post=71249"},{"taxonomy":"post_tag","embeddable":true,"href":"https:\/\/richeskarayib.com\/es\/wp-json\/wp\/v2\/tags?post=71249"}],"curies":[{"name":"wp","href":"https:\/\/api.w.org\/{rel}","templated":true}]}}