{"id":71357,"date":"2026-03-26T06:43:45","date_gmt":"2026-03-26T10:43:45","guid":{"rendered":"https:\/\/richeskarayib.com\/onu-la-trata-transatlantica-de-esclavos-se-clasifica-oficialmente-como-crimen-grave-contra-la-humanidad\/"},"modified":"2026-03-26T06:43:46","modified_gmt":"2026-03-26T10:43:46","slug":"onu-la-trata-transatlantica-de-esclavos-se-clasifica-oficialmente-como-crimen-grave-contra-la-humanidad","status":"publish","type":"post","link":"https:\/\/richeskarayib.com\/es\/onu-la-trata-transatlantica-de-esclavos-se-clasifica-oficialmente-como-crimen-grave-contra-la-humanidad\/","title":{"rendered":"ONU: La trata transatl\u00e1ntica de esclavos se clasifica oficialmente como crimen grave contra la humanidad"},"content":{"rendered":"\t\t<div data-elementor-type=\"wp-post\" data-elementor-id=\"71357\" class=\"elementor elementor-71357 elementor-71327\" data-elementor-post-type=\"post\">\n\t\t\t\t\t\t<section class=\"elementor-section elementor-top-section elementor-element elementor-element-7ca7ca1 elementor-section-boxed elementor-section-height-default elementor-section-height-default\" data-id=\"7ca7ca1\" data-element_type=\"section\">\n\t\t\t\t\t\t<div class=\"elementor-container elementor-column-gap-default\">\n\t\t\t\t\t<div class=\"elementor-column elementor-col-100 elementor-top-column elementor-element elementor-element-cbdd002\" data-id=\"cbdd002\" data-element_type=\"column\">\n\t\t\t<div class=\"elementor-widget-wrap elementor-element-populated\">\n\t\t\t\t\t\t<section class=\"elementor-section elementor-inner-section elementor-element elementor-element-bc94849 elementor-section-boxed elementor-section-height-default elementor-section-height-default\" data-id=\"bc94849\" data-element_type=\"section\">\n\t\t\t\t\t\t<div class=\"elementor-container elementor-column-gap-default\">\n\t\t\t\t\t\t<\/div>\n\t\t<\/section>\n\t\t\t\t<section class=\"elementor-section elementor-inner-section elementor-element elementor-element-61571e6 elementor-section-boxed elementor-section-height-default elementor-section-height-default\" data-id=\"61571e6\" data-element_type=\"section\">\n\t\t\t\t\t\t<div class=\"elementor-container elementor-column-gap-default\">\n\t\t\t\t\t\t<\/div>\n\t\t<\/section>\n\t\t\t\t<section class=\"elementor-section elementor-inner-section elementor-element elementor-element-b6262e0 elementor-section-boxed elementor-section-height-default elementor-section-height-default\" data-id=\"b6262e0\" data-element_type=\"section\">\n\t\t\t\t\t\t<div class=\"elementor-container elementor-column-gap-default\">\n\t\t\t\t\t\t<\/div>\n\t\t<\/section>\n\t\t\t\t<section class=\"elementor-section elementor-inner-section elementor-element elementor-element-cca29fd elementor-section-boxed elementor-section-height-default elementor-section-height-default\" data-id=\"cca29fd\" data-element_type=\"section\">\n\t\t\t\t\t\t<div class=\"elementor-container elementor-column-gap-default\">\n\t\t\t\t\t\t<\/div>\n\t\t<\/section>\n\t\t\t\t\t<\/div>\n\t\t<\/div>\n\t\t\t\t\t<\/div>\n\t\t<\/section>\n\t\t\t\t<section class=\"elementor-section elementor-top-section elementor-element elementor-element-ee72354 elementor-section-boxed elementor-section-height-default elementor-section-height-default\" data-id=\"ee72354\" data-element_type=\"section\">\n\t\t\t\t\t\t<div class=\"elementor-container elementor-column-gap-default\">\n\t\t\t\t\t<div class=\"elementor-column elementor-col-100 elementor-top-column elementor-element elementor-element-c59d6fe\" data-id=\"c59d6fe\" data-element_type=\"column\">\n\t\t\t<div class=\"elementor-widget-wrap elementor-element-populated\">\n\t\t\t\t\t\t<div class=\"elementor-element elementor-element-e57451f elementor-widget elementor-widget-text-editor\" data-id=\"e57451f\" data-element_type=\"widget\" data-widget_type=\"text-editor.default\">\n\t\t\t\t<div class=\"elementor-widget-container\">\n\t\t\t\t\t\t\t\t\t<p><span style=\"font-weight: 400;\">El 25 de marzo de 2026, la Asamblea General de la ONU adopt\u00f3 una resoluci\u00f3n que supone un paso importante en el reconocimiento internacional de la historia de la esclavitud. El texto califica la trata transatl\u00e1ntica de esclavos africanos y la esclavitud racializada de tipo mobiliario como el crimen m\u00e1s grave contra la humanidad. El texto, patrocinado por Ghana, fue aprobado por 123 votos a favor, 3 en contra y 52 abstenciones. Se opusieron Estados Unidos, Argentina e Israel, mientras que varios pa\u00edses europeos, entre ellos el Reino Unido, optaron por abstenerse. Detr\u00e1s de esta firme formulaci\u00f3n hay algo m\u00e1s que un gesto simb\u00f3lico. Para los <a href=\"https:\/\/richeskarayib.com\/es\/?p=70857\" target=\"_blank\" rel=\"noopener\">caribe\u00f1os<\/a>, esta decisi\u00f3n forma parte de una continuidad hist\u00f3rica y pol\u00edtica, que se hace eco de d\u00e9cadas de trabajo, reivindicaciones y luchas por un reconocimiento m\u00e1s justo de esta memoria.     <\/span><\/p>\t\t\t\t\t\t\t\t<\/div>\n\t\t\t\t<\/div>\n\t\t\t\t\t<\/div>\n\t\t<\/div>\n\t\t\t\t\t<\/div>\n\t\t<\/section>\n\t\t\t\t<section class=\"elementor-section elementor-top-section elementor-element elementor-element-82cd8f9 elementor-section-boxed elementor-section-height-default elementor-section-height-default\" data-id=\"82cd8f9\" data-element_type=\"section\">\n\t\t\t\t\t\t<div class=\"elementor-container elementor-column-gap-default\">\n\t\t\t\t\t<div class=\"elementor-column elementor-col-100 elementor-top-column elementor-element elementor-element-0bfdc38\" data-id=\"0bfdc38\" data-element_type=\"column\">\n\t\t\t<div class=\"elementor-widget-wrap elementor-element-populated\">\n\t\t\t\t\t\t<div class=\"elementor-element elementor-element-7d292fe elementor-widget elementor-widget-heading\" data-id=\"7d292fe\" data-element_type=\"widget\" data-widget_type=\"heading.default\">\n\t\t\t\t<div class=\"elementor-widget-container\">\n\t\t\t\t\t<h2 class=\"elementor-heading-title elementor-size-default\">Un reconocimiento que redefine el debate internacional<\/h2>\t\t\t\t<\/div>\n\t\t\t\t<\/div>\n\t\t\t\t<div class=\"elementor-element elementor-element-96caf50 elementor-widget elementor-widget-text-editor\" data-id=\"96caf50\" data-element_type=\"widget\" data-widget_type=\"text-editor.default\">\n\t\t\t\t<div class=\"elementor-widget-container\">\n\t\t\t\t\t\t\t\t\t<p><span style=\"font-weight: 400;\">Al clasificar la esclavitud como uno de los principales cr\u00edmenes contra la humanidad, la ONU ha cruzado un umbral raramente alcanzado por los organismos internacionales. Este reconocimiento no crea una obligaci\u00f3n jur\u00eddica inmediata para los Estados, pero altera profundamente el marco del debate mundial. Introduce una lectura m\u00e1s expl\u00edcita de la historia, en la que la trata transatl\u00e1ntica de esclavos ya no se menciona simplemente como una tragedia del pasado, sino como un crimen cuyas consecuencias contin\u00faan en el presente.  <\/span><\/p>\t\t\t\t\t\t\t\t<\/div>\n\t\t\t\t<\/div>\n\t\t\t\t<div class=\"elementor-element elementor-element-34def04 elementor-widget elementor-widget-text-editor\" data-id=\"34def04\" data-element_type=\"widget\" data-widget_type=\"text-editor.default\">\n\t\t\t\t<div class=\"elementor-widget-container\">\n\t\t\t\t\t\t\t\t\t<p><span style=\"font-weight: 400;\">Este cambio en el discurso internacional no es insignificante. Se produce en un momento en que las cuestiones relativas a los legados coloniales, la discriminaci\u00f3n estructural y las desigualdades hist\u00f3ricas desempe\u00f1an un papel cada vez m\u00e1s importante en el debate p\u00fablico. Al adoptar una postura clara, la ONU contribuye a legitimar los an\u00e1lisis que desde hace tiempo vienen planteando investigadores, instituciones y agentes culturales del Caribe, que subrayan que la historia de la esclavitud no puede disociarse de las realidades contempor\u00e1neas.  <\/span><\/p>\t\t\t\t\t\t\t\t<\/div>\n\t\t\t\t<\/div>\n\t\t\t\t<div class=\"elementor-element elementor-element-6a6b0d8 elementor-widget elementor-widget-image\" data-id=\"6a6b0d8\" data-element_type=\"widget\" data-widget_type=\"image.default\">\n\t\t\t\t<div class=\"elementor-widget-container\">\n\t\t\t\t\t\t\t\t\t\t\t\t<figure class=\"wp-caption\">\n\t\t\t\t\t\t\t\t\t\t<img fetchpriority=\"high\" decoding=\"async\" width=\"800\" height=\"443\" src=\"https:\/\/richeskarayib.com\/wp-content\/uploads\/2026\/03\/HER10YoacAAiYHc-1024x567.jpg\" class=\"attachment-large size-large wp-image-71335\" alt=\"ONU\" srcset=\"https:\/\/richeskarayib.com\/wp-content\/uploads\/2026\/03\/HER10YoacAAiYHc-1024x567.jpg 1024w, https:\/\/richeskarayib.com\/wp-content\/uploads\/2026\/03\/HER10YoacAAiYHc-300x166.jpg 300w, https:\/\/richeskarayib.com\/wp-content\/uploads\/2026\/03\/HER10YoacAAiYHc-768x426.jpg 768w, https:\/\/richeskarayib.com\/wp-content\/uploads\/2026\/03\/HER10YoacAAiYHc.jpg 1200w\" sizes=\"(max-width: 800px) 100vw, 800px\" \/>\t\t\t\t\t\t\t\t\t\t\t<figcaption class=\"widget-image-caption wp-caption-text\">\u00a9Organisation des Nations Unies<\/figcaption>\n\t\t\t\t\t\t\t\t\t\t<\/figure>\n\t\t\t\t\t\t\t\t\t<\/div>\n\t\t\t\t<\/div>\n\t\t\t\t<section class=\"elementor-section elementor-inner-section elementor-element elementor-element-c582330 elementor-section-boxed elementor-section-height-default elementor-section-height-default\" data-id=\"c582330\" data-element_type=\"section\">\n\t\t\t\t\t\t<div class=\"elementor-container elementor-column-gap-default\">\n\t\t\t\t\t\t<\/div>\n\t\t<\/section>\n\t\t\t\t<section class=\"elementor-section elementor-inner-section elementor-element elementor-element-296603a elementor-section-boxed elementor-section-height-default elementor-section-height-default\" data-id=\"296603a\" data-element_type=\"section\">\n\t\t\t\t\t\t<div class=\"elementor-container elementor-column-gap-default\">\n\t\t\t\t\t\t<\/div>\n\t\t<\/section>\n\t\t\t\t\t<\/div>\n\t\t<\/div>\n\t\t\t\t\t<\/div>\n\t\t<\/section>\n\t\t\t\t<section class=\"elementor-section elementor-top-section elementor-element elementor-element-9c88a89 elementor-section-boxed elementor-section-height-default elementor-section-height-default\" data-id=\"9c88a89\" data-element_type=\"section\">\n\t\t\t\t\t\t<div class=\"elementor-container elementor-column-gap-default\">\n\t\t\t\t\t<div class=\"elementor-column elementor-col-100 elementor-top-column elementor-element elementor-element-78cf5d1\" data-id=\"78cf5d1\" data-element_type=\"column\">\n\t\t\t<div class=\"elementor-widget-wrap elementor-element-populated\">\n\t\t\t\t\t\t<div class=\"elementor-element elementor-element-ea2a5c1 elementor-widget elementor-widget-heading\" data-id=\"ea2a5c1\" data-element_type=\"widget\" data-widget_type=\"heading.default\">\n\t\t\t\t<div class=\"elementor-widget-container\">\n\t\t\t\t\t<h2 class=\"elementor-heading-title elementor-size-default\">El Caribe, en el centro de la historia y de la actualidad<\/h2>\t\t\t\t<\/div>\n\t\t\t\t<\/div>\n\t\t\t\t<div class=\"elementor-element elementor-element-e305eee elementor-widget elementor-widget-text-editor\" data-id=\"e305eee\" data-element_type=\"widget\" data-widget_type=\"text-editor.default\">\n\t\t\t\t<div class=\"elementor-widget-container\">\n\t\t\t\t\t\t\t\t\t<p><span style=\"font-weight: 400;\">Para los territorios caribe\u00f1os, esta decisi\u00f3n no es simplemente una observaci\u00f3n hist\u00f3rica. Tiene una relaci\u00f3n directa con la forma en que se construyeron. La trata transatl\u00e1ntica de esclavos y el sistema esclavista han configurado las econom\u00edas, sociedades, lenguas y culturas de la regi\u00f3n. Las plantaciones, las estructuras de la tierra, las jerarqu\u00edas sociales e incluso algunas de las din\u00e1micas econ\u00f3micas actuales tienen sus ra\u00edces en este periodo.   <\/span><\/p>\t\t\t\t\t\t\t\t<\/div>\n\t\t\t\t<\/div>\n\t\t\t\t<div class=\"elementor-element elementor-element-caa2b6d elementor-widget elementor-widget-text-editor\" data-id=\"caa2b6d\" data-element_type=\"widget\" data-widget_type=\"text-editor.default\">\n\t\t\t\t<div class=\"elementor-widget-container\">\n\t\t\t\t\t\t\t\t\t<p><span style=\"font-weight: 400;\">El reconocimiento otorgado por<a href=\"https:\/\/news.un.org\/fr\/story\/2026\/03\/1158618?_gl=1*1snbcar*_ga*NTAwODYzOTcwLjE3NzQ1MTE0NDQ.*_ga_TK9BQL5X7Z*czE3NzQ1MTg0NjgkbzIkZzEkdDE3NzQ1MTg0NzIkajU2JGwwJGgw\" target=\"_blank\" rel=\"noopener nofollow\">la<\/a> ONU confirma una realidad que el Caribe nunca ha dejado de soportar: la de una historia fundadora, cuyos efectos siguen siendo visibles. Tambi\u00e9n permite reposicionar a la regi\u00f3n en la narrativa global, no como una zona perif\u00e9rica, sino como un territorio central en la comprensi\u00f3n de las grandes transformaciones hist\u00f3ricas vinculadas a la esclavitud y la colonizaci\u00f3n. <\/span><\/p>\t\t\t\t\t\t\t\t<\/div>\n\t\t\t\t<\/div>\n\t\t\t\t<div class=\"elementor-element elementor-element-99d46de elementor-widget elementor-widget-text-editor\" data-id=\"99d46de\" data-element_type=\"widget\" data-widget_type=\"text-editor.default\">\n\t\t\t\t<div class=\"elementor-widget-container\">\n\t\t\t\t\t\t\t\t\t<p><span style=\"font-weight: 400;\">Este reconocimiento internacional tambi\u00e9n supone una oportunidad estrat\u00e9gica. Refuerza la capacidad de los territorios caribe\u00f1os para influir en los debates mundiales sobre el recuerdo, la justicia y las reparaciones. Confiere una legitimidad adicional a las iniciativas ya adoptadas por algunas instituciones regionales, que llevan varios a\u00f1os trabajando para estructurar propuestas concretas sobre estas cuestiones.  <\/span><\/p>\t\t\t\t\t\t\t\t<\/div>\n\t\t\t\t<\/div>\n\t\t\t\t<section class=\"elementor-section elementor-inner-section elementor-element elementor-element-ae02f6b elementor-section-boxed elementor-section-height-default elementor-section-height-default\" data-id=\"ae02f6b\" data-element_type=\"section\">\n\t\t\t\t\t\t<div class=\"elementor-container elementor-column-gap-default\">\n\t\t\t\t\t<div class=\"elementor-column elementor-col-50 elementor-inner-column elementor-element elementor-element-d1f3cc0\" data-id=\"d1f3cc0\" data-element_type=\"column\">\n\t\t\t<div class=\"elementor-widget-wrap elementor-element-populated\">\n\t\t\t\t\t\t<div class=\"elementor-element elementor-element-ad51d8f elementor-widget elementor-widget-image\" data-id=\"ad51d8f\" data-element_type=\"widget\" data-widget_type=\"image.default\">\n\t\t\t\t<div class=\"elementor-widget-container\">\n\t\t\t\t\t\t\t\t\t\t\t\t\t\t\t<img decoding=\"async\" width=\"800\" height=\"531\" src=\"https:\/\/richeskarayib.com\/wp-content\/uploads\/2026\/03\/stock-photo-located-in-the-town-of-diamant-in-martinique-the-cap-memorial-is-a-tribute-to-all-the-slaves-2240500349-1024x680.jpeg\" class=\"attachment-large size-large wp-image-71343\" alt=\"ONU\" srcset=\"https:\/\/richeskarayib.com\/wp-content\/uploads\/2026\/03\/stock-photo-located-in-the-town-of-diamant-in-martinique-the-cap-memorial-is-a-tribute-to-all-the-slaves-2240500349-1024x680.jpeg 1024w, https:\/\/richeskarayib.com\/wp-content\/uploads\/2026\/03\/stock-photo-located-in-the-town-of-diamant-in-martinique-the-cap-memorial-is-a-tribute-to-all-the-slaves-2240500349-300x199.jpeg 300w, https:\/\/richeskarayib.com\/wp-content\/uploads\/2026\/03\/stock-photo-located-in-the-town-of-diamant-in-martinique-the-cap-memorial-is-a-tribute-to-all-the-slaves-2240500349-768x510.jpeg 768w, https:\/\/richeskarayib.com\/wp-content\/uploads\/2026\/03\/stock-photo-located-in-the-town-of-diamant-in-martinique-the-cap-memorial-is-a-tribute-to-all-the-slaves-2240500349.jpeg 1280w\" sizes=\"(max-width: 800px) 100vw, 800px\" \/>\t\t\t\t\t\t\t\t\t\t\t\t\t\t\t<\/div>\n\t\t\t\t<\/div>\n\t\t\t\t\t<\/div>\n\t\t<\/div>\n\t\t\t\t<div class=\"elementor-column elementor-col-50 elementor-inner-column elementor-element elementor-element-f160423\" data-id=\"f160423\" data-element_type=\"column\">\n\t\t\t<div class=\"elementor-widget-wrap elementor-element-populated\">\n\t\t\t\t\t\t<div class=\"elementor-element elementor-element-3d85f89 elementor-widget elementor-widget-image\" data-id=\"3d85f89\" data-element_type=\"widget\" data-widget_type=\"image.default\">\n\t\t\t\t<div class=\"elementor-widget-container\">\n\t\t\t\t\t\t\t\t\t\t\t\t\t\t\t<img decoding=\"async\" width=\"800\" height=\"531\" src=\"https:\/\/richeskarayib.com\/wp-content\/uploads\/2026\/03\/stock-photo-the-slaves-memorial-de-l-anse-caffard-martinique-caribbean-585077179-1024x680.jpeg\" class=\"attachment-large size-large wp-image-71347\" alt=\"ONU\" srcset=\"https:\/\/richeskarayib.com\/wp-content\/uploads\/2026\/03\/stock-photo-the-slaves-memorial-de-l-anse-caffard-martinique-caribbean-585077179-1024x680.jpeg 1024w, https:\/\/richeskarayib.com\/wp-content\/uploads\/2026\/03\/stock-photo-the-slaves-memorial-de-l-anse-caffard-martinique-caribbean-585077179-300x199.jpeg 300w, https:\/\/richeskarayib.com\/wp-content\/uploads\/2026\/03\/stock-photo-the-slaves-memorial-de-l-anse-caffard-martinique-caribbean-585077179-768x510.jpeg 768w, https:\/\/richeskarayib.com\/wp-content\/uploads\/2026\/03\/stock-photo-the-slaves-memorial-de-l-anse-caffard-martinique-caribbean-585077179.jpeg 1280w\" sizes=\"(max-width: 800px) 100vw, 800px\" \/>\t\t\t\t\t\t\t\t\t\t\t\t\t\t\t<\/div>\n\t\t\t\t<\/div>\n\t\t\t\t\t<\/div>\n\t\t<\/div>\n\t\t\t\t\t<\/div>\n\t\t<\/section>\n\t\t\t\t\t<\/div>\n\t\t<\/div>\n\t\t\t\t\t<\/div>\n\t\t<\/section>\n\t\t\t\t<section class=\"elementor-section elementor-top-section elementor-element elementor-element-ee7f5d7 elementor-section-boxed elementor-section-height-default elementor-section-height-default\" data-id=\"ee7f5d7\" data-element_type=\"section\">\n\t\t\t\t\t\t<div class=\"elementor-container elementor-column-gap-default\">\n\t\t\t\t\t<div class=\"elementor-column elementor-col-100 elementor-top-column elementor-element elementor-element-0669c08\" data-id=\"0669c08\" data-element_type=\"column\">\n\t\t\t<div class=\"elementor-widget-wrap elementor-element-populated\">\n\t\t\t\t\t\t<div class=\"elementor-element elementor-element-acc47ca elementor-widget elementor-widget-heading\" data-id=\"acc47ca\" data-element_type=\"widget\" data-widget_type=\"heading.default\">\n\t\t\t\t<div class=\"elementor-widget-container\">\n\t\t\t\t\t<h2 class=\"elementor-heading-title elementor-size-default\">Reparaciones y justicia conmemorativa: una nueva din\u00e1mica<\/h2>\t\t\t\t<\/div>\n\t\t\t\t<\/div>\n\t\t\t\t<div class=\"elementor-element elementor-element-4bb1533 elementor-widget elementor-widget-text-editor\" data-id=\"4bb1533\" data-element_type=\"widget\" data-widget_type=\"text-editor.default\">\n\t\t\t\t<div class=\"elementor-widget-container\">\n\t\t\t\t\t\t\t\t\t<p><span style=\"font-weight: 400;\">Uno de los efectos m\u00e1s importantes de esta resoluci\u00f3n se refiere a la cuesti\u00f3n de las reparaciones. Al clasificar la esclavitud como uno de los principales cr\u00edmenes contra la humanidad, la ONU est\u00e1 allanando el camino para debates m\u00e1s estructurados sobre formas de justicia reparadora. Esto incluye v\u00edas como las disculpas oficiales, la restituci\u00f3n de bienes culturales, la financiaci\u00f3n de programas educativos y pol\u00edticas p\u00fablicas destinadas a corregir las desigualdades heredadas de esta historia.  <\/span><\/p>\t\t\t\t\t\t\t\t<\/div>\n\t\t\t\t<\/div>\n\t\t\t\t<div class=\"elementor-element elementor-element-73c7263 elementor-widget elementor-widget-text-editor\" data-id=\"73c7263\" data-element_type=\"widget\" data-widget_type=\"text-editor.default\">\n\t\t\t\t<div class=\"elementor-widget-container\">\n\t\t\t\t\t\t\t\t\t<p><span style=\"font-weight: 400;\">En el Caribe, estas cuestiones no son nuevas. Forman parte de un proceso de larga duraci\u00f3n, impulsado en particular por iniciativas regionales que buscan el reconocimiento de las consecuencias duraderas de la esclavitud. La decisi\u00f3n de la ONU no crea un marco vinculante, pero cambia el equilibrio de poder al dar apoyo internacional a estas reivindicaciones.  <\/span><\/p>\t\t\t\t\t\t\t\t<\/div>\n\t\t\t\t<\/div>\n\t\t\t\t<div class=\"elementor-element elementor-element-9cfbb76 elementor-widget elementor-widget-text-editor\" data-id=\"9cfbb76\" data-element_type=\"widget\" data-widget_type=\"text-editor.default\">\n\t\t\t\t<div class=\"elementor-widget-container\">\n\t\t\t\t\t\t\t\t\t<p><span style=\"font-weight: 400;\">Tambi\u00e9n puede favorecer una mejor estructuraci\u00f3n de las pol\u00edticas de recuerdo. En varios territorios, la transmisi\u00f3n de la historia de la esclavitud sigue siendo desigual y a veces fragmentaria, a pesar de que es un elemento central para comprender las sociedades actuales. El reconocimiento de la ONU puede servir de palanca para reforzar los programas educativos, apoyar la investigaci\u00f3n y valorizar los lugares de recuerdo.  <\/span><\/p>\t\t\t\t\t\t\t\t<\/div>\n\t\t\t\t<\/div>\n\t\t\t\t<div class=\"elementor-element elementor-element-8df1e8a elementor-widget elementor-widget-image\" data-id=\"8df1e8a\" data-element_type=\"widget\" data-widget_type=\"image.default\">\n\t\t\t\t<div class=\"elementor-widget-container\">\n\t\t\t\t\t\t\t\t\t\t\t\t<figure class=\"wp-caption\">\n\t\t\t\t\t\t\t\t\t\t<img loading=\"lazy\" decoding=\"async\" width=\"800\" height=\"533\" src=\"https:\/\/richeskarayib.com\/wp-content\/uploads\/2026\/03\/Un-memorial-de-lesclavage-a-Stone-Town-a-Zanzibar-en-Tanzanie.jpg\" class=\"attachment-large size-large wp-image-71339\" alt=\"ONU\" srcset=\"https:\/\/richeskarayib.com\/wp-content\/uploads\/2026\/03\/Un-memorial-de-lesclavage-a-Stone-Town-a-Zanzibar-en-Tanzanie.jpg 1024w, https:\/\/richeskarayib.com\/wp-content\/uploads\/2026\/03\/Un-memorial-de-lesclavage-a-Stone-Town-a-Zanzibar-en-Tanzanie-300x200.jpg 300w, https:\/\/richeskarayib.com\/wp-content\/uploads\/2026\/03\/Un-memorial-de-lesclavage-a-Stone-Town-a-Zanzibar-en-Tanzanie-768x512.jpg 768w\" sizes=\"(max-width: 800px) 100vw, 800px\" \/>\t\t\t\t\t\t\t\t\t\t\t<figcaption class=\"widget-image-caption wp-caption-text\">\u00a9Organisation des Nations Unies<\/figcaption>\n\t\t\t\t\t\t\t\t\t\t<\/figure>\n\t\t\t\t\t\t\t\t\t<\/div>\n\t\t\t\t<\/div>\n\t\t\t\t\t<\/div>\n\t\t<\/div>\n\t\t\t\t\t<\/div>\n\t\t<\/section>\n\t\t\t\t<section class=\"elementor-section elementor-top-section elementor-element elementor-element-d0fd0c0 elementor-section-boxed elementor-section-height-default elementor-section-height-default\" data-id=\"d0fd0c0\" data-element_type=\"section\">\n\t\t\t\t\t\t<div class=\"elementor-container elementor-column-gap-default\">\n\t\t\t\t\t<div class=\"elementor-column elementor-col-100 elementor-top-column elementor-element elementor-element-1e2ec65\" data-id=\"1e2ec65\" data-element_type=\"column\">\n\t\t\t<div class=\"elementor-widget-wrap elementor-element-populated\">\n\t\t\t\t\t\t<div class=\"elementor-element elementor-element-316145b elementor-widget elementor-widget-heading\" data-id=\"316145b\" data-element_type=\"widget\" data-widget_type=\"heading.default\">\n\t\t\t\t<div class=\"elementor-widget-container\">\n\t\t\t\t\t<h2 class=\"elementor-heading-title elementor-size-default\">Reconocimiento que tambi\u00e9n revela tensiones<\/h2>\t\t\t\t<\/div>\n\t\t\t\t<\/div>\n\t\t\t\t<div class=\"elementor-element elementor-element-54e5967 elementor-widget elementor-widget-text-editor\" data-id=\"54e5967\" data-element_type=\"widget\" data-widget_type=\"text-editor.default\">\n\t\t\t\t<div class=\"elementor-widget-container\">\n\t\t\t\t\t\t\t\t\t<p><span style=\"font-weight: 400;\">La votaci\u00f3n de esta resoluci\u00f3n pone de manifiesto las diferencias persistentes en el seno de la comunidad internacional. Aunque una gran mayor\u00eda de Estados apoy\u00f3 el texto, algunas oposiciones y abstenciones muestran que la cuesti\u00f3n sigue siendo delicada. Las reservas expresadas se refieren en particular a las implicaciones pol\u00edticas e hist\u00f3ricas de esta clasificaci\u00f3n, as\u00ed como a las consecuencias que podr\u00eda tener en t\u00e9rminos de reparaciones.  <\/span><\/p>\t\t\t\t\t\t\t\t<\/div>\n\t\t\t\t<\/div>\n\t\t\t\t<div class=\"elementor-element elementor-element-bce47df elementor-widget elementor-widget-text-editor\" data-id=\"bce47df\" data-element_type=\"widget\" data-widget_type=\"text-editor.default\">\n\t\t\t\t<div class=\"elementor-widget-container\">\n\t\t\t\t\t\t\t\t\t<p><span style=\"font-weight: 400;\">Estas tensiones recuerdan que no existe un consenso absoluto sobre el reconocimiento de la esclavitud como delito grave. Sigue siendo un tema de debate, en el que se entrecruzan cuestiones diplom\u00e1ticas, responsabilidades hist\u00f3ricas y consideraciones econ\u00f3micas. Para el Caribe, esta situaci\u00f3n confirma que la batalla por el pleno reconocimiento de esta historia sigue en curso.  <\/span><\/p>\t\t\t\t\t\t\t\t<\/div>\n\t\t\t\t<\/div>\n\t\t\t\t\t<\/div>\n\t\t<\/div>\n\t\t\t\t\t<\/div>\n\t\t<\/section>\n\t\t\t\t<section class=\"elementor-section elementor-top-section elementor-element elementor-element-f03d675 elementor-section-boxed elementor-section-height-default elementor-section-height-default\" data-id=\"f03d675\" data-element_type=\"section\">\n\t\t\t\t\t\t<div class=\"elementor-container elementor-column-gap-default\">\n\t\t\t\t\t<div class=\"elementor-column elementor-col-100 elementor-top-column elementor-element elementor-element-ddb1e36\" data-id=\"ddb1e36\" data-element_type=\"column\">\n\t\t\t<div class=\"elementor-widget-wrap elementor-element-populated\">\n\t\t\t\t\t\t<div class=\"elementor-element elementor-element-66035d3 elementor-widget elementor-widget-heading\" data-id=\"66035d3\" data-element_type=\"widget\" data-widget_type=\"heading.default\">\n\t\t\t\t<div class=\"elementor-widget-container\">\n\t\t\t\t\t<h2 class=\"elementor-heading-title elementor-size-default\">Repensar la narrativa caribe\u00f1a a escala global<\/h2>\t\t\t\t<\/div>\n\t\t\t\t<\/div>\n\t\t\t\t<div class=\"elementor-element elementor-element-cae4ec8 elementor-widget elementor-widget-text-editor\" data-id=\"cae4ec8\" data-element_type=\"widget\" data-widget_type=\"text-editor.default\">\n\t\t\t\t<div class=\"elementor-widget-container\">\n\t\t\t\t\t\t\t\t\t<p><span style=\"font-weight: 400;\">M\u00e1s all\u00e1 de lo que est\u00e1 en juego pol\u00edticamente, esta decisi\u00f3n ofrece la oportunidad de redefinir la forma en que se cuenta el Caribe internacionalmente. Demasiado a menudo reducida a una imagen tur\u00edstica o cultural simplificada, la regi\u00f3n tiene una historia compleja, marcada por la violencia, la resistencia y la reconstrucci\u00f3n. <\/span><\/p>\t\t\t\t\t\t\t\t<\/div>\n\t\t\t\t<\/div>\n\t\t\t\t<div class=\"elementor-element elementor-element-cd10ab9 elementor-widget elementor-widget-text-editor\" data-id=\"cd10ab9\" data-element_type=\"widget\" data-widget_type=\"text-editor.default\">\n\t\t\t\t<div class=\"elementor-widget-container\">\n\t\t\t\t\t\t\t\t\t<p><span style=\"font-weight: 400;\">La postura de la ONU vuelve a situar esta historia en el centro de la narrativa global. Nos invita a considerar el Caribe no s\u00f3lo como un lugar de memoria, sino tambi\u00e9n como un lugar de producci\u00f3n intelectual y pol\u00edtica. Las reflexiones de la regi\u00f3n sobre la esclavitud, la colonizaci\u00f3n y sus consecuencias siguen informando los debates contempor\u00e1neos mucho m\u00e1s all\u00e1 de sus fronteras.  <\/span><\/p>\t\t\t\t\t\t\t\t<\/div>\n\t\t\t\t<\/div>\n\t\t\t\t<div class=\"elementor-element elementor-element-6ee1ec4 elementor-widget elementor-widget-text-editor\" data-id=\"6ee1ec4\" data-element_type=\"widget\" data-widget_type=\"text-editor.default\">\n\t\t\t\t<div class=\"elementor-widget-container\">\n\t\t\t\t\t\t\t\t\t<p><span style=\"font-weight: 400;\">Para un medio como Rich\u00e8sKarayib, esta noticia subraya la importancia de ofrecer una lectura exigente y contextualizada de los territorios caribe\u00f1os. Es un recordatorio de que la cultura, la historia y las cuestiones econ\u00f3micas de la regi\u00f3n est\u00e1n profundamente entrelazadas, y de que deben abordarse como un todo. <\/span><\/p>\t\t\t\t\t\t\t\t<\/div>\n\t\t\t\t<\/div>\n\t\t\t\t<section class=\"elementor-section elementor-inner-section elementor-element elementor-element-3dd0e1a elementor-section-boxed elementor-section-height-default elementor-section-height-default\" data-id=\"3dd0e1a\" data-element_type=\"section\">\n\t\t\t\t\t\t<div class=\"elementor-container elementor-column-gap-default\">\n\t\t\t\t\t<div class=\"elementor-column elementor-col-100 elementor-inner-column elementor-element elementor-element-66c9836\" data-id=\"66c9836\" data-element_type=\"column\">\n\t\t\t<div class=\"elementor-widget-wrap elementor-element-populated\">\n\t\t\t\t\t\t<div class=\"elementor-element elementor-element-e98a4a4 elementor-widget elementor-widget-image\" data-id=\"e98a4a4\" data-element_type=\"widget\" data-widget_type=\"image.default\">\n\t\t\t\t<div class=\"elementor-widget-container\">\n\t\t\t\t\t\t\t\t\t\t\t\t\t\t\t<img loading=\"lazy\" decoding=\"async\" width=\"800\" height=\"534\" src=\"https:\/\/richeskarayib.com\/wp-content\/uploads\/2026\/03\/stock-photo-the-slave-huts-and-a-flamingo-on-the-caribbean-island-of-bonaire-2270037517-1024x684.jpeg\" class=\"attachment-large size-large wp-image-71355\" alt=\"ONU\" srcset=\"https:\/\/richeskarayib.com\/wp-content\/uploads\/2026\/03\/stock-photo-the-slave-huts-and-a-flamingo-on-the-caribbean-island-of-bonaire-2270037517-1024x684.jpeg 1024w, https:\/\/richeskarayib.com\/wp-content\/uploads\/2026\/03\/stock-photo-the-slave-huts-and-a-flamingo-on-the-caribbean-island-of-bonaire-2270037517-300x200.jpeg 300w, https:\/\/richeskarayib.com\/wp-content\/uploads\/2026\/03\/stock-photo-the-slave-huts-and-a-flamingo-on-the-caribbean-island-of-bonaire-2270037517-768x513.jpeg 768w, https:\/\/richeskarayib.com\/wp-content\/uploads\/2026\/03\/stock-photo-the-slave-huts-and-a-flamingo-on-the-caribbean-island-of-bonaire-2270037517.jpeg 1280w\" sizes=\"(max-width: 800px) 100vw, 800px\" \/>\t\t\t\t\t\t\t\t\t\t\t\t\t\t\t<\/div>\n\t\t\t\t<\/div>\n\t\t\t\t\t<\/div>\n\t\t<\/div>\n\t\t\t\t\t<\/div>\n\t\t<\/section>\n\t\t\t\t\t<\/div>\n\t\t<\/div>\n\t\t\t\t\t<\/div>\n\t\t<\/section>\n\t\t\t\t<section class=\"elementor-section elementor-top-section elementor-element elementor-element-d2c3e42 elementor-section-boxed elementor-section-height-default elementor-section-height-default\" data-id=\"d2c3e42\" data-element_type=\"section\">\n\t\t\t\t\t\t<div class=\"elementor-container elementor-column-gap-default\">\n\t\t\t\t\t<div class=\"elementor-column elementor-col-100 elementor-top-column elementor-element elementor-element-caddc00\" data-id=\"caddc00\" data-element_type=\"column\">\n\t\t\t<div class=\"elementor-widget-wrap elementor-element-populated\">\n\t\t\t\t\t\t<div class=\"elementor-element elementor-element-e92cf66 elementor-widget elementor-widget-heading\" data-id=\"e92cf66\" data-element_type=\"widget\" data-widget_type=\"heading.default\">\n\t\t\t\t<div class=\"elementor-widget-container\">\n\t\t\t\t\t<h2 class=\"elementor-heading-title elementor-size-default\">Transformar el reconocimiento en una palanca para la acci\u00f3n<\/h2>\t\t\t\t<\/div>\n\t\t\t\t<\/div>\n\t\t\t\t<div class=\"elementor-element elementor-element-c757097 elementor-widget elementor-widget-text-editor\" data-id=\"c757097\" data-element_type=\"widget\" data-widget_type=\"text-editor.default\">\n\t\t\t\t<div class=\"elementor-widget-container\">\n\t\t\t\t\t\t\t\t\t<p><span style=\"font-weight: 400;\">El impacto real de esta resoluci\u00f3n depender\u00e1 de las acciones que le sigan. El reconocimiento internacional es un paso adelante, pero no basta por s\u00ed solo para provocar cambios concretos. Para el Caribe, el reto consiste ahora en convertir esta decisi\u00f3n en una palanca para la acci\u00f3n, reforzando la cooperaci\u00f3n, estructurando las pol\u00edticas p\u00fablicas y consolidando las iniciativas de investigaci\u00f3n y transmisi\u00f3n.  <\/span><\/p>\t\t\t\t\t\t\t\t<\/div>\n\t\t\t\t<\/div>\n\t\t\t\t<div class=\"elementor-element elementor-element-a167015 elementor-widget elementor-widget-text-editor\" data-id=\"a167015\" data-element_type=\"widget\" data-widget_type=\"text-editor.default\">\n\t\t\t\t<div class=\"elementor-widget-container\">\n\t\t\t\t\t\t\t\t\t<p><span style=\"font-weight: 400;\">La ONU ha marcado un hito importante al clasificar la trata transatl\u00e1ntica de esclavos y la esclavitud como uno de los principales cr\u00edmenes contra la humanidad. Para los territorios caribe\u00f1os, este reconocimiento representa una oportunidad de avanzar en debates esenciales vinculados a su historia y su desarrollo. Abre una nueva forma de pensar las relaciones internacionales, integrando plenamente los legados del pasado en la construcci\u00f3n del presente y del futuro.  <\/span><\/p>\t\t\t\t\t\t\t\t<\/div>\n\t\t\t\t<\/div>\n\t\t\t\t<div class=\"elementor-element elementor-element-d6db6ab elementor-widget elementor-widget-image\" data-id=\"d6db6ab\" data-element_type=\"widget\" data-widget_type=\"image.default\">\n\t\t\t\t<div class=\"elementor-widget-container\">\n\t\t\t\t\t\t\t\t\t\t\t\t\t\t\t<img loading=\"lazy\" decoding=\"async\" width=\"800\" height=\"602\" src=\"https:\/\/richeskarayib.com\/wp-content\/uploads\/2026\/03\/stock-photo-slavery-memorial-of-the-cap-french-island-of-martinique-caribbean-west-indies-le-diamant-2720151029-1024x770.jpeg\" class=\"attachment-large size-large wp-image-71351\" alt=\"ONU\" srcset=\"https:\/\/richeskarayib.com\/wp-content\/uploads\/2026\/03\/stock-photo-slavery-memorial-of-the-cap-french-island-of-martinique-caribbean-west-indies-le-diamant-2720151029-1024x770.jpeg 1024w, https:\/\/richeskarayib.com\/wp-content\/uploads\/2026\/03\/stock-photo-slavery-memorial-of-the-cap-french-island-of-martinique-caribbean-west-indies-le-diamant-2720151029-300x226.jpeg 300w, https:\/\/richeskarayib.com\/wp-content\/uploads\/2026\/03\/stock-photo-slavery-memorial-of-the-cap-french-island-of-martinique-caribbean-west-indies-le-diamant-2720151029-768x578.jpeg 768w, https:\/\/richeskarayib.com\/wp-content\/uploads\/2026\/03\/stock-photo-slavery-memorial-of-the-cap-french-island-of-martinique-caribbean-west-indies-le-diamant-2720151029.jpeg 1280w\" sizes=\"(max-width: 800px) 100vw, 800px\" \/>\t\t\t\t\t\t\t\t\t\t\t\t\t\t\t<\/div>\n\t\t\t\t<\/div>\n\t\t\t\t\t<\/div>\n\t\t<\/div>\n\t\t\t\t\t<\/div>\n\t\t<\/section>\n\t\t\t\t<section class=\"elementor-section elementor-top-section elementor-element elementor-element-f5709a6 elementor-section-boxed elementor-section-height-default elementor-section-height-default\" data-id=\"f5709a6\" data-element_type=\"section\">\n\t\t\t\t\t\t<div class=\"elementor-container elementor-column-gap-default\">\n\t\t\t\t\t<div class=\"elementor-column elementor-col-100 elementor-top-column elementor-element elementor-element-957be6f\" data-id=\"957be6f\" data-element_type=\"column\">\n\t\t\t<div class=\"elementor-widget-wrap elementor-element-populated\">\n\t\t\t\t\t\t<div class=\"elementor-element elementor-element-63e5d4a elementor-widget elementor-widget-accordion\" data-id=\"63e5d4a\" data-element_type=\"widget\" data-widget_type=\"accordion.default\">\n\t\t\t\t<div class=\"elementor-widget-container\">\n\t\t\t\t\t\t\t<div class=\"elementor-accordion\">\n\t\t\t\t\t\t\t<div class=\"elementor-accordion-item\">\n\t\t\t\t\t<div id=\"elementor-tab-title-1041\" class=\"elementor-tab-title\" data-tab=\"1\" role=\"button\" aria-controls=\"elementor-tab-content-1041\" aria-expanded=\"false\">\n\t\t\t\t\t\t\t\t\t\t\t\t\t<span class=\"elementor-accordion-icon elementor-accordion-icon-left\" aria-hidden=\"true\">\n\t\t\t\t\t\t\t\t\t\t\t\t\t\t\t<span class=\"elementor-accordion-icon-closed\"><i class=\"fas fa-plus\"><\/i><\/span>\n\t\t\t\t\t\t\t\t<span class=\"elementor-accordion-icon-opened\"><i class=\"fas fa-minus\"><\/i><\/span>\n\t\t\t\t\t\t\t\t\t\t\t\t\t\t<\/span>\n\t\t\t\t\t\t\t\t\t\t\t\t<a class=\"elementor-accordion-title\" tabindex=\"0\">\u00bfQu\u00e9 significa la decisi\u00f3n de la ONU sobre la trata transatl\u00e1ntica de esclavos en 2026?<\/a>\n\t\t\t\t\t<\/div>\n\t\t\t\t\t<div id=\"elementor-tab-content-1041\" class=\"elementor-tab-content elementor-clearfix\" data-tab=\"1\" role=\"region\" aria-labelledby=\"elementor-tab-title-1041\"><p><span style=\"font-weight: 400;\">La decisi\u00f3n de la ONU adoptada el 25 de marzo de 2026 reconoce la trata transatl\u00e1ntica de esclavos y la esclavitud como el crimen m\u00e1s grave contra la humanidad. Su objetivo es afirmar la gravedad hist\u00f3rica de estos hechos y fomentar debates internacionales sobre el recuerdo, la justicia y las reparaciones. <\/span><\/p>\n<\/div>\n\t\t\t\t<\/div>\n\t\t\t\t\t\t\t<div class=\"elementor-accordion-item\">\n\t\t\t\t\t<div id=\"elementor-tab-title-1042\" class=\"elementor-tab-title\" data-tab=\"2\" role=\"button\" aria-controls=\"elementor-tab-content-1042\" aria-expanded=\"false\">\n\t\t\t\t\t\t\t\t\t\t\t\t\t<span class=\"elementor-accordion-icon elementor-accordion-icon-left\" aria-hidden=\"true\">\n\t\t\t\t\t\t\t\t\t\t\t\t\t\t\t<span class=\"elementor-accordion-icon-closed\"><i class=\"fas fa-plus\"><\/i><\/span>\n\t\t\t\t\t\t\t\t<span class=\"elementor-accordion-icon-opened\"><i class=\"fas fa-minus\"><\/i><\/span>\n\t\t\t\t\t\t\t\t\t\t\t\t\t\t<\/span>\n\t\t\t\t\t\t\t\t\t\t\t\t<a class=\"elementor-accordion-title\" tabindex=\"0\">\u00bfEs esta resoluci\u00f3n de la ONU vinculante para los Estados?<\/a>\n\t\t\t\t\t<\/div>\n\t\t\t\t\t<div id=\"elementor-tab-content-1042\" class=\"elementor-tab-content elementor-clearfix\" data-tab=\"2\" role=\"region\" aria-labelledby=\"elementor-tab-title-1042\"><p><span style=\"font-weight: 400;\">No, esta resoluci\u00f3n de la ONU no es jur\u00eddicamente vinculante. No impone obligaciones directas, pero tiene un fuerte impacto pol\u00edtico y simb\u00f3lico que puede influir en los debates internacionales y en las pol\u00edticas p\u00fablicas. <\/span><\/p>\n<\/div>\n\t\t\t\t<\/div>\n\t\t\t\t\t\t\t<div class=\"elementor-accordion-item\">\n\t\t\t\t\t<div id=\"elementor-tab-title-1043\" class=\"elementor-tab-title\" data-tab=\"3\" role=\"button\" aria-controls=\"elementor-tab-content-1043\" aria-expanded=\"false\">\n\t\t\t\t\t\t\t\t\t\t\t\t\t<span class=\"elementor-accordion-icon elementor-accordion-icon-left\" aria-hidden=\"true\">\n\t\t\t\t\t\t\t\t\t\t\t\t\t\t\t<span class=\"elementor-accordion-icon-closed\"><i class=\"fas fa-plus\"><\/i><\/span>\n\t\t\t\t\t\t\t\t<span class=\"elementor-accordion-icon-opened\"><i class=\"fas fa-minus\"><\/i><\/span>\n\t\t\t\t\t\t\t\t\t\t\t\t\t\t<\/span>\n\t\t\t\t\t\t\t\t\t\t\t\t<a class=\"elementor-accordion-title\" tabindex=\"0\">\u00bfPor qu\u00e9 esta decisi\u00f3n afecta especialmente al Caribe?<\/a>\n\t\t\t\t\t<\/div>\n\t\t\t\t\t<div id=\"elementor-tab-content-1043\" class=\"elementor-tab-content elementor-clearfix\" data-tab=\"3\" role=\"region\" aria-labelledby=\"elementor-tab-title-1043\"><p><span style=\"font-weight: 400;\">El Caribe se ha visto profundamente afectado por la trata transatl\u00e1ntica de esclavos y la esclavitud. Este reconocimiento por parte de la ONU valida una interpretaci\u00f3n hist\u00f3rica que se ha mantenido durante mucho tiempo en la regi\u00f3n, y puede apoyar iniciativas relacionadas con el recuerdo, la educaci\u00f3n y las reparaciones. <\/span><\/p>\n<\/div>\n\t\t\t\t<\/div>\n\t\t\t\t\t\t\t\t<\/div>\n\t\t\t\t\t\t<\/div>\n\t\t\t\t<\/div>\n\t\t\t\t\t<\/div>\n\t\t<\/div>\n\t\t\t\t\t<\/div>\n\t\t<\/section>\n\t\t\t\t<\/div>\n\t\t","protected":false},"excerpt":{"rendered":"<p>El 25 de marzo de 2026, la Asamblea General de la ONU adopt\u00f3 una resoluci\u00f3n que supone un paso importante en el reconocimiento internacional de la historia de la esclavitud. El texto califica la trata transatl\u00e1ntica de esclavos africanos y la esclavitud racializada de tipo mobiliario como el crimen m\u00e1s grave contra la humanidad. El [&hellip;]<\/p>\n","protected":false},"author":662,"featured_media":71331,"comment_status":"open","ping_status":"open","sticky":false,"template":"","format":"standard","meta":{"_acf_changed":false,"footnotes":""},"categories":[839],"tags":[1442,1593,1717,1547,1549,1695,816,1481,1594,1705],"class_list":["post-71357","post","type-post","status-publish","format-standard","has-post-thumbnail","hentry","category-noticias","tag-anguilla-es","tag-barbade-es","tag-dominique-es","tag-guadalupe","tag-guayana-francesa","tag-jamaica-es-2","tag-martinique-es","tag-republica-dominicana","tag-sainte-lucie-es","tag-trinidad-y-tobago-es-2"],"acf":[],"_links":{"self":[{"href":"https:\/\/richeskarayib.com\/es\/wp-json\/wp\/v2\/posts\/71357","targetHints":{"allow":["GET"]}}],"collection":[{"href":"https:\/\/richeskarayib.com\/es\/wp-json\/wp\/v2\/posts"}],"about":[{"href":"https:\/\/richeskarayib.com\/es\/wp-json\/wp\/v2\/types\/post"}],"author":[{"embeddable":true,"href":"https:\/\/richeskarayib.com\/es\/wp-json\/wp\/v2\/users\/662"}],"replies":[{"embeddable":true,"href":"https:\/\/richeskarayib.com\/es\/wp-json\/wp\/v2\/comments?post=71357"}],"version-history":[{"count":0,"href":"https:\/\/richeskarayib.com\/es\/wp-json\/wp\/v2\/posts\/71357\/revisions"}],"wp:featuredmedia":[{"embeddable":true,"href":"https:\/\/richeskarayib.com\/es\/wp-json\/wp\/v2\/media\/71331"}],"wp:attachment":[{"href":"https:\/\/richeskarayib.com\/es\/wp-json\/wp\/v2\/media?parent=71357"}],"wp:term":[{"taxonomy":"category","embeddable":true,"href":"https:\/\/richeskarayib.com\/es\/wp-json\/wp\/v2\/categories?post=71357"},{"taxonomy":"post_tag","embeddable":true,"href":"https:\/\/richeskarayib.com\/es\/wp-json\/wp\/v2\/tags?post=71357"}],"curies":[{"name":"wp","href":"https:\/\/api.w.org\/{rel}","templated":true}]}}