{"id":71655,"date":"2026-03-31T07:22:30","date_gmt":"2026-03-31T11:22:30","guid":{"rendered":"https:\/\/richeskarayib.com\/martinica-taller-de-diseno-bioclimatico-cinco-dias-para-pensar-y-disenar-una-estructura-bioclimatica-en-fort-de-france\/"},"modified":"2026-03-31T07:22:34","modified_gmt":"2026-03-31T11:22:34","slug":"martinica-taller-de-diseno-bioclimatico-cinco-dias-para-pensar-y-disenar-una-estructura-bioclimatica-en-fort-de-france","status":"publish","type":"post","link":"https:\/\/richeskarayib.com\/es\/martinica-taller-de-diseno-bioclimatico-cinco-dias-para-pensar-y-disenar-una-estructura-bioclimatica-en-fort-de-france\/","title":{"rendered":"Martinica &#8211; Taller de dise\u00f1o bioclim\u00e1tico: cinco d\u00edas para pensar y dise\u00f1ar una estructura bioclim\u00e1tica en Fort-de-France"},"content":{"rendered":"\t\t<div data-elementor-type=\"wp-post\" data-elementor-id=\"71655\" class=\"elementor elementor-71655 elementor-71561\" data-elementor-post-type=\"post\">\n\t\t\t\t\t\t<section class=\"elementor-section elementor-top-section elementor-element elementor-element-7ca7ca1 elementor-section-boxed elementor-section-height-default elementor-section-height-default\" data-id=\"7ca7ca1\" data-element_type=\"section\">\n\t\t\t\t\t\t<div class=\"elementor-container elementor-column-gap-default\">\n\t\t\t\t\t<div class=\"elementor-column elementor-col-100 elementor-top-column elementor-element elementor-element-cbdd002\" data-id=\"cbdd002\" data-element_type=\"column\">\n\t\t\t<div class=\"elementor-widget-wrap elementor-element-populated\">\n\t\t\t\t\t\t<section class=\"elementor-section elementor-inner-section elementor-element elementor-element-bc94849 elementor-section-boxed elementor-section-height-default elementor-section-height-default\" data-id=\"bc94849\" data-element_type=\"section\">\n\t\t\t\t\t\t<div class=\"elementor-container elementor-column-gap-default\">\n\t\t\t\t\t\t<\/div>\n\t\t<\/section>\n\t\t\t\t<section class=\"elementor-section elementor-inner-section elementor-element elementor-element-61571e6 elementor-section-boxed elementor-section-height-default elementor-section-height-default\" data-id=\"61571e6\" data-element_type=\"section\">\n\t\t\t\t\t\t<div class=\"elementor-container elementor-column-gap-default\">\n\t\t\t\t\t\t<\/div>\n\t\t<\/section>\n\t\t\t\t<section class=\"elementor-section elementor-inner-section elementor-element elementor-element-b6262e0 elementor-section-boxed elementor-section-height-default elementor-section-height-default\" data-id=\"b6262e0\" data-element_type=\"section\">\n\t\t\t\t\t\t<div class=\"elementor-container elementor-column-gap-default\">\n\t\t\t\t\t\t<\/div>\n\t\t<\/section>\n\t\t\t\t<section class=\"elementor-section elementor-inner-section elementor-element elementor-element-cca29fd elementor-section-boxed elementor-section-height-default elementor-section-height-default\" data-id=\"cca29fd\" data-element_type=\"section\">\n\t\t\t\t\t\t<div class=\"elementor-container elementor-column-gap-default\">\n\t\t\t\t\t\t<\/div>\n\t\t<\/section>\n\t\t\t\t\t<\/div>\n\t\t<\/div>\n\t\t\t\t\t<\/div>\n\t\t<\/section>\n\t\t\t\t<section class=\"elementor-section elementor-top-section elementor-element elementor-element-ee72354 elementor-section-boxed elementor-section-height-default elementor-section-height-default\" data-id=\"ee72354\" data-element_type=\"section\">\n\t\t\t\t\t\t<div class=\"elementor-container elementor-column-gap-default\">\n\t\t\t\t\t<div class=\"elementor-column elementor-col-100 elementor-top-column elementor-element elementor-element-c59d6fe\" data-id=\"c59d6fe\" data-element_type=\"column\">\n\t\t\t<div class=\"elementor-widget-wrap elementor-element-populated\">\n\t\t\t\t\t\t<div class=\"elementor-element elementor-element-973ec9a elementor-widget elementor-widget-text-editor\" data-id=\"973ec9a\" data-element_type=\"widget\" data-widget_type=\"text-editor.default\">\n\t\t\t\t<div class=\"elementor-widget-container\">\n\t\t\t\t\t\t\t\t\t<p><span style=\"font-weight: 400;\">En <\/span><b>del lunes 6 al viernes 10 de abril de 2026<\/b><span style=\"font-weight: 400;\">Fort-de-France acoger\u00e1 el taller de dise\u00f1o bioclim\u00e1tico de Martinica, un taller internacional participativo de dise\u00f1o y construcci\u00f3n dedicado a una estructura bioclim\u00e1tica instalada en los jardines del Departamento de Asuntos Culturales de Martinica, en la Villa Les Pergolas. L&#8217;<\/span>el taller de dise\u00f1o bioclim\u00e1tico<span style=\"font-weight: 400;\"> cuenta con el apoyo de <\/span><a href=\"https:\/\/asso.abite.fr\/lancement-de-lappel-a-candidatures-workshop-villa-les-pergolas\/\" target=\"_blank\" rel=\"noopener nofollow\"><b>abit\u0113<\/b><\/a><span style=\"font-weight: 400;\">por encargo de la <\/span><a href=\"https:\/\/www.culture.gouv.fr\/regions\/dac-martinique\" target=\"_blank\" rel=\"noopener nofollow\"><b>DAC Martinica<\/b><\/a><span style=\"font-weight: 400;\">con el <\/span><a href=\"https:\/\/cca-martinique.com\/\" target=\"_blank\" rel=\"noopener nofollow\"><b>Campus de las Artes del Caribe<\/b><\/a><span style=\"font-weight: 400;\">, <\/span><a href=\"https:\/\/www.cnap.fr\/annuaire\/lieu\/la-station-culturelle\" target=\"_blank\" rel=\"noopener nofollow\"><b>La Station Culturelle<\/b><\/a><span style=\"font-weight: 400;\"> y la <\/span><a href=\"https:\/\/maisonarchitecture-mq.org\/\" target=\"_blank\" rel=\"noopener nofollow\"><b>Casa de la Arquitectura de Martinica<\/b><\/a><span style=\"font-weight: 400;\">. La ambici\u00f3n es clara: dise\u00f1ar en abril un proyecto anclado en las realidades del clima y el paisaje de Martinica, antes de la finalizaci\u00f3n anunciada para el  <\/span>tercer trimestre de 2026.<\/p>\t\t\t\t\t\t\t\t<\/div>\n\t\t\t\t<\/div>\n\t\t\t\t<div class=\"elementor-element elementor-element-e57451f elementor-widget elementor-widget-text-editor\" data-id=\"e57451f\" data-element_type=\"widget\" data-widget_type=\"text-editor.default\">\n\t\t\t\t<div class=\"elementor-widget-container\">\n\t\t\t\t\t\t\t\t\t<p>El taller de dise\u00f1o bioclim\u00e1tico se desarrolla dentro de un marco espec\u00edfico. El programa p\u00fablico publicado abarca los d\u00edas del 6 al 10 de abril de 2026, con un horario diario estructurado en torno a una bienvenida a las 10.30 h, una clase magistral a las 11 h, un almuerzo a las 12.30 h, un taller de dise\u00f1o a las 14 h y una actividad o reuni\u00f3n vespertina a las 18.30 h. Al mismo tiempo, la convocatoria inclu\u00eda un programa de inmersi\u00f3n global del 6 al 11 de abril de 2026 para los participantes seleccionados.  <\/p>\t\t\t\t\t\t\t\t<\/div>\n\t\t\t\t<\/div>\n\t\t\t\t\t<\/div>\n\t\t<\/div>\n\t\t\t\t\t<\/div>\n\t\t<\/section>\n\t\t\t\t<section class=\"elementor-section elementor-top-section elementor-element elementor-element-82cd8f9 elementor-section-boxed elementor-section-height-default elementor-section-height-default\" data-id=\"82cd8f9\" data-element_type=\"section\">\n\t\t\t\t\t\t<div class=\"elementor-container elementor-column-gap-default\">\n\t\t\t\t\t<div class=\"elementor-column elementor-col-100 elementor-top-column elementor-element elementor-element-0bfdc38\" data-id=\"0bfdc38\" data-element_type=\"column\">\n\t\t\t<div class=\"elementor-widget-wrap elementor-element-populated\">\n\t\t\t\t\t\t<div class=\"elementor-element elementor-element-7d292fe elementor-widget elementor-widget-heading\" data-id=\"7d292fe\" data-element_type=\"widget\" data-widget_type=\"heading.default\">\n\t\t\t\t<div class=\"elementor-widget-container\">\n\t\t\t\t\t<h2 class=\"elementor-heading-title elementor-size-default\">Un taller dise\u00f1ado para el clima de Martinica<\/h2>\t\t\t\t<\/div>\n\t\t\t\t<\/div>\n\t\t\t\t<div class=\"elementor-element elementor-element-289b094 elementor-widget elementor-widget-text-editor\" data-id=\"289b094\" data-element_type=\"widget\" data-widget_type=\"text-editor.default\">\n\t\t\t\t<div class=\"elementor-widget-container\">\n\t\t\t\t\t\t\t\t\t<p><span style=\"font-weight: 400;\">El tema principal de la semana es el dise\u00f1o de una <\/span><b>estructura bioclim\u00e1tica<\/b><span style=\"font-weight: 400;\">  capaz de interactuar con su entorno. El lugar elegido, los jardines de Villa Les Pergolas, nos oblig\u00f3 a trabajar con unas limitaciones muy concretas:   <\/span><b>ventilaci\u00f3n natural, protecci\u00f3n solar, gesti\u00f3n del agua, materiales adecuados e integraci\u00f3n paisaj\u00edstica<\/b><span style=\"font-weight: 400;\">. As\u00ed pues, el reto no es producir un objeto te\u00f3rico, sino una respuesta arquitect\u00f3nica situada, dise\u00f1ada para un territorio tropical, con sus realidades clim\u00e1ticas, culturales y humanas.<\/span><\/p>\t\t\t\t\t\t\t\t<\/div>\n\t\t\t\t<\/div>\n\t\t\t\t<div class=\"elementor-element elementor-element-46fe183 elementor-widget elementor-widget-text-editor\" data-id=\"46fe183\" data-element_type=\"widget\" data-widget_type=\"text-editor.default\">\n\t\t\t\t<div class=\"elementor-widget-container\">\n\t\t\t\t\t\t\t\t\t<p>El taller de dise\u00f1o bioclim\u00e1tico<span style=\"font-weight: 400;\">  no se trata s\u00f3lo de formarse. Su trayectoria profesional ya est\u00e1 fijada:   <\/span><b>fase de taller<\/b><span style=\"font-weight: 400;\">seguida de <\/span><b>desarrollo t\u00e9cnico<\/b><span style=\"font-weight: 400;\"> con el estudio de arquitectura y la oficina de dise\u00f1o, antes de <\/span><b>construcci\u00f3n a escala 1\/1<\/b><span style=\"font-weight: 400;\">  en el tercer trimestre de 2026. Esta continuidad confiere al evento un peso particular. Los debates, esbozos y decisiones tomados durante la semana pretenden ser la primera etapa de un proyecto destinado a tener una presencia real en Martinica.  <\/span><\/p>\t\t\t\t\t\t\t\t<\/div>\n\t\t\t\t<\/div>\n\t\t\t\t<div class=\"elementor-element elementor-element-1a6ee26 elementor-widget elementor-widget-image\" data-id=\"1a6ee26\" data-element_type=\"widget\" data-widget_type=\"image.default\">\n\t\t\t\t<div class=\"elementor-widget-container\">\n\t\t\t\t\t\t\t\t\t\t\t\t\t\t\t<img fetchpriority=\"high\" decoding=\"async\" width=\"800\" height=\"1000\" src=\"https:\/\/richeskarayib.com\/wp-content\/uploads\/2026\/03\/\u00a9Abite-819x1024.jpg\" class=\"attachment-large size-large wp-image-71653\" alt=\"atelier de conception bioclimatique\" srcset=\"https:\/\/richeskarayib.com\/wp-content\/uploads\/2026\/03\/\u00a9Abite-819x1024.jpg 819w, https:\/\/richeskarayib.com\/wp-content\/uploads\/2026\/03\/\u00a9Abite-240x300.jpg 240w, https:\/\/richeskarayib.com\/wp-content\/uploads\/2026\/03\/\u00a9Abite-768x960.jpg 768w, https:\/\/richeskarayib.com\/wp-content\/uploads\/2026\/03\/\u00a9Abite-1229x1536.jpg 1229w, https:\/\/richeskarayib.com\/wp-content\/uploads\/2026\/03\/\u00a9Abite-1320x1650.jpg 1320w, https:\/\/richeskarayib.com\/wp-content\/uploads\/2026\/03\/\u00a9Abite.jpg 1440w\" sizes=\"(max-width: 800px) 100vw, 800px\" \/>\t\t\t\t\t\t\t\t\t\t\t\t\t\t\t<\/div>\n\t\t\t\t<\/div>\n\t\t\t\t<section class=\"elementor-section elementor-inner-section elementor-element elementor-element-c582330 elementor-section-boxed elementor-section-height-default elementor-section-height-default\" data-id=\"c582330\" data-element_type=\"section\">\n\t\t\t\t\t\t<div class=\"elementor-container elementor-column-gap-default\">\n\t\t\t\t\t\t<\/div>\n\t\t<\/section>\n\t\t\t\t<section class=\"elementor-section elementor-inner-section elementor-element elementor-element-296603a elementor-section-boxed elementor-section-height-default elementor-section-height-default\" data-id=\"296603a\" data-element_type=\"section\">\n\t\t\t\t\t\t<div class=\"elementor-container elementor-column-gap-default\">\n\t\t\t\t\t\t<\/div>\n\t\t<\/section>\n\t\t\t\t\t<\/div>\n\t\t<\/div>\n\t\t\t\t\t<\/div>\n\t\t<\/section>\n\t\t\t\t<section class=\"elementor-section elementor-top-section elementor-element elementor-element-9c88a89 elementor-section-boxed elementor-section-height-default elementor-section-height-default\" data-id=\"9c88a89\" data-element_type=\"section\">\n\t\t\t\t\t\t<div class=\"elementor-container elementor-column-gap-default\">\n\t\t\t\t\t<div class=\"elementor-column elementor-col-100 elementor-top-column elementor-element elementor-element-78cf5d1\" data-id=\"78cf5d1\" data-element_type=\"column\">\n\t\t\t<div class=\"elementor-widget-wrap elementor-element-populated\">\n\t\t\t\t\t\t<div class=\"elementor-element elementor-element-ea2a5c1 elementor-widget elementor-widget-heading\" data-id=\"ea2a5c1\" data-element_type=\"widget\" data-widget_type=\"heading.default\">\n\t\t\t\t<div class=\"elementor-widget-container\">\n\t\t\t\t\t<h2 class=\"elementor-heading-title elementor-size-default\">\u00bfQui\u00e9n participa en el taller de dise\u00f1o bioclim\u00e1tico de Martinica?<\/h2>\t\t\t\t<\/div>\n\t\t\t\t<\/div>\n\t\t\t\t<div class=\"elementor-element elementor-element-e305eee elementor-widget elementor-widget-text-editor\" data-id=\"e305eee\" data-element_type=\"widget\" data-widget_type=\"text-editor.default\">\n\t\t\t\t<div class=\"elementor-widget-container\">\n\t\t\t\t\t\t\t\t\t<p>El taller de dise\u00f1o bioclim\u00e1tico est\u00e1 destinado a una veintena de j\u00f3venes con talento. La convocatoria se dirig\u00eda a estudiantes de segundo curso y a j\u00f3venes profesionales menores de 40 a\u00f1os con formaci\u00f3n en arquitectura, dise\u00f1o, ingenier\u00eda o artes visuales. La idea no es yuxtaponer perfiles, sino formar grupos mixtos capaces de comparar m\u00e9todos, culturas de proyecto y modos de vida en la zona. El taller de dise\u00f1o bioclim\u00e1tico tambi\u00e9n tendr\u00e1 un impacto acad\u00e9mico, ya que los estudiantes del CCA podr\u00e1n obtener cr\u00e9ditos ECTS u horas de pr\u00e1cticas, as\u00ed como un certificado de participaci\u00f3n educativa firmado conjuntamente por el CCA y el DAC Martinique. Las solicitudes ya est\u00e1n cerradas.    <\/p>\t\t\t\t\t\t\t\t<\/div>\n\t\t\t\t<\/div>\n\t\t\t\t\t<\/div>\n\t\t<\/div>\n\t\t\t\t\t<\/div>\n\t\t<\/section>\n\t\t\t\t<section class=\"elementor-section elementor-top-section elementor-element elementor-element-ee7f5d7 elementor-section-boxed elementor-section-height-default elementor-section-height-default\" data-id=\"ee7f5d7\" data-element_type=\"section\">\n\t\t\t\t\t\t<div class=\"elementor-container elementor-column-gap-default\">\n\t\t\t\t\t<div class=\"elementor-column elementor-col-100 elementor-top-column elementor-element elementor-element-0669c08\" data-id=\"0669c08\" data-element_type=\"column\">\n\t\t\t<div class=\"elementor-widget-wrap elementor-element-populated\">\n\t\t\t\t\t\t<div class=\"elementor-element elementor-element-acc47ca elementor-widget elementor-widget-heading\" data-id=\"acc47ca\" data-element_type=\"widget\" data-widget_type=\"heading.default\">\n\t\t\t\t<div class=\"elementor-widget-container\">\n\t\t\t\t\t<h2 class=\"elementor-heading-title elementor-size-default\">El programa completo, d\u00eda a d\u00eda<\/h2>\t\t\t\t<\/div>\n\t\t\t\t<\/div>\n\t\t\t\t<div class=\"elementor-element elementor-element-4bb1533 elementor-widget elementor-widget-text-editor\" data-id=\"4bb1533\" data-element_type=\"widget\" data-widget_type=\"text-editor.default\">\n\t\t\t\t<div class=\"elementor-widget-container\">\n\t\t\t\t\t\t\t\t\t<h3><b>Lunes 6 de abril de 2026: Cartograf\u00edas y territorios del agua<\/b><\/h3><p><span style=\"font-weight: 400;\">El primer d\u00eda del<\/span>taller de dise\u00f1o bioclim\u00e1tico<span style=\"font-weight: 400;\"> est\u00e1 dedicado a la <\/span><b>cartograf\u00eda y los territorios del agua<\/b><span style=\"font-weight: 400;\">. La clase magistral de las 11:00 ser\u00e1 impartida por  <\/span><b>La Cabina de la Curiosidad<\/b><span style=\"font-weight: 400;\">anunciada entre <\/span><b>Francia y Ecuador<\/b><span style=\"font-weight: 400;\">con <\/span><b>Marie Combette<\/b><span style=\"font-weight: 400;\"> y <\/span><b>Daniel Moreno Flores<\/b><span style=\"font-weight: 400;\">. Su planteamiento cuestiona los recursos materiales, los modelos de desarrollo urbano, la gesti\u00f3n de residuos y la valorizaci\u00f3n de los ecosistemas naturales. Su presencia marca el tono del taller desde el principio, con el objetivo de pensar los proyectos arquitect\u00f3nicos en t\u00e9rminos de materiales, territorios y usos, m\u00e1s que en t\u00e9rminos de una forma impuesta. La tarde est\u00e1 reservada al taller de dise\u00f1o en el Campus Cara\u00efb\u00e9en des Arts.  <\/span><\/p>\t\t\t\t\t\t\t\t<\/div>\n\t\t\t\t<\/div>\n\t\t\t\t<section class=\"elementor-section elementor-inner-section elementor-element elementor-element-593204c elementor-section-boxed elementor-section-height-default elementor-section-height-default\" data-id=\"593204c\" data-element_type=\"section\">\n\t\t\t\t\t\t<div class=\"elementor-container elementor-column-gap-default\">\n\t\t\t\t\t<div class=\"elementor-column elementor-col-25 elementor-inner-column elementor-element elementor-element-5967609\" data-id=\"5967609\" data-element_type=\"column\">\n\t\t\t<div class=\"elementor-widget-wrap elementor-element-populated\">\n\t\t\t\t\t\t<div class=\"elementor-element elementor-element-47d52e9 elementor-widget elementor-widget-image\" data-id=\"47d52e9\" data-element_type=\"widget\" data-widget_type=\"image.default\">\n\t\t\t\t<div class=\"elementor-widget-container\">\n\t\t\t\t\t\t\t\t\t\t\t\t\t\t\t<img decoding=\"async\" width=\"768\" height=\"1024\" src=\"https:\/\/richeskarayib.com\/wp-content\/uploads\/2026\/03\/643611496_18095358053478319_4373666998901329854_n-768x1024.jpg\" class=\"attachment-large size-large wp-image-71569\" alt=\"atelier de conception bioclimatique\" srcset=\"https:\/\/richeskarayib.com\/wp-content\/uploads\/2026\/03\/643611496_18095358053478319_4373666998901329854_n-768x1024.jpg 768w, https:\/\/richeskarayib.com\/wp-content\/uploads\/2026\/03\/643611496_18095358053478319_4373666998901329854_n-225x300.jpg 225w, https:\/\/richeskarayib.com\/wp-content\/uploads\/2026\/03\/643611496_18095358053478319_4373666998901329854_n-1152x1536.jpg 1152w, https:\/\/richeskarayib.com\/wp-content\/uploads\/2026\/03\/643611496_18095358053478319_4373666998901329854_n.jpg 1240w\" sizes=\"(max-width: 768px) 100vw, 768px\" \/>\t\t\t\t\t\t\t\t\t\t\t\t\t\t\t<\/div>\n\t\t\t\t<\/div>\n\t\t\t\t\t<\/div>\n\t\t<\/div>\n\t\t\t\t<div class=\"elementor-column elementor-col-25 elementor-inner-column elementor-element elementor-element-2bb117d\" data-id=\"2bb117d\" data-element_type=\"column\">\n\t\t\t<div class=\"elementor-widget-wrap elementor-element-populated\">\n\t\t\t\t\t\t<div class=\"elementor-element elementor-element-341828d elementor-widget elementor-widget-image\" data-id=\"341828d\" data-element_type=\"widget\" data-widget_type=\"image.default\">\n\t\t\t\t<div class=\"elementor-widget-container\">\n\t\t\t\t\t\t\t\t\t\t\t\t\t\t\t<img decoding=\"async\" width=\"772\" height=\"1024\" src=\"https:\/\/richeskarayib.com\/wp-content\/uploads\/2026\/03\/642551421_18095358062478319_5808047106438401380_n-772x1024.jpg\" class=\"attachment-large size-large wp-image-71573\" alt=\"atelier de conception bioclimatique\" srcset=\"https:\/\/richeskarayib.com\/wp-content\/uploads\/2026\/03\/642551421_18095358062478319_5808047106438401380_n-772x1024.jpg 772w, https:\/\/richeskarayib.com\/wp-content\/uploads\/2026\/03\/642551421_18095358062478319_5808047106438401380_n-226x300.jpg 226w, https:\/\/richeskarayib.com\/wp-content\/uploads\/2026\/03\/642551421_18095358062478319_5808047106438401380_n-768x1019.jpg 768w, https:\/\/richeskarayib.com\/wp-content\/uploads\/2026\/03\/642551421_18095358062478319_5808047106438401380_n-1158x1536.jpg 1158w, https:\/\/richeskarayib.com\/wp-content\/uploads\/2026\/03\/642551421_18095358062478319_5808047106438401380_n-1320x1751.jpg 1320w, https:\/\/richeskarayib.com\/wp-content\/uploads\/2026\/03\/642551421_18095358062478319_5808047106438401380_n.jpg 1440w\" sizes=\"(max-width: 772px) 100vw, 772px\" \/>\t\t\t\t\t\t\t\t\t\t\t\t\t\t\t<\/div>\n\t\t\t\t<\/div>\n\t\t\t\t\t<\/div>\n\t\t<\/div>\n\t\t\t\t<div class=\"elementor-column elementor-col-25 elementor-inner-column elementor-element elementor-element-428d1ef\" data-id=\"428d1ef\" data-element_type=\"column\">\n\t\t\t<div class=\"elementor-widget-wrap elementor-element-populated\">\n\t\t\t\t\t\t<div class=\"elementor-element elementor-element-f66839e elementor-widget elementor-widget-image\" data-id=\"f66839e\" data-element_type=\"widget\" data-widget_type=\"image.default\">\n\t\t\t\t<div class=\"elementor-widget-container\">\n\t\t\t\t\t\t\t\t\t\t\t\t\t\t\t<img loading=\"lazy\" decoding=\"async\" width=\"772\" height=\"1024\" src=\"https:\/\/richeskarayib.com\/wp-content\/uploads\/2026\/03\/642036046_18095358122478319_586563681118154360_n-1-772x1024.jpg\" class=\"attachment-large size-large wp-image-71577\" alt=\"atelier de conception bioclimatique\" srcset=\"https:\/\/richeskarayib.com\/wp-content\/uploads\/2026\/03\/642036046_18095358122478319_586563681118154360_n-1-772x1024.jpg 772w, https:\/\/richeskarayib.com\/wp-content\/uploads\/2026\/03\/642036046_18095358122478319_586563681118154360_n-1-226x300.jpg 226w, https:\/\/richeskarayib.com\/wp-content\/uploads\/2026\/03\/642036046_18095358122478319_586563681118154360_n-1-768x1019.jpg 768w, https:\/\/richeskarayib.com\/wp-content\/uploads\/2026\/03\/642036046_18095358122478319_586563681118154360_n-1-1158x1536.jpg 1158w, https:\/\/richeskarayib.com\/wp-content\/uploads\/2026\/03\/642036046_18095358122478319_586563681118154360_n-1-1320x1751.jpg 1320w, https:\/\/richeskarayib.com\/wp-content\/uploads\/2026\/03\/642036046_18095358122478319_586563681118154360_n-1.jpg 1333w\" sizes=\"(max-width: 772px) 100vw, 772px\" \/>\t\t\t\t\t\t\t\t\t\t\t\t\t\t\t<\/div>\n\t\t\t\t<\/div>\n\t\t\t\t\t<\/div>\n\t\t<\/div>\n\t\t\t\t<div class=\"elementor-column elementor-col-25 elementor-inner-column elementor-element elementor-element-0f98a00\" data-id=\"0f98a00\" data-element_type=\"column\">\n\t\t\t<div class=\"elementor-widget-wrap elementor-element-populated\">\n\t\t\t\t\t\t<div class=\"elementor-element elementor-element-c2603b3 elementor-widget elementor-widget-image\" data-id=\"c2603b3\" data-element_type=\"widget\" data-widget_type=\"image.default\">\n\t\t\t\t<div class=\"elementor-widget-container\">\n\t\t\t\t\t\t\t\t\t\t\t\t\t\t\t<img loading=\"lazy\" decoding=\"async\" width=\"772\" height=\"1024\" src=\"https:\/\/richeskarayib.com\/wp-content\/uploads\/2026\/03\/643598842_18095358107478319_3689177493752716430_n-772x1024.jpg\" class=\"attachment-large size-large wp-image-71581\" alt=\"atelier de conception bioclimatique\" srcset=\"https:\/\/richeskarayib.com\/wp-content\/uploads\/2026\/03\/643598842_18095358107478319_3689177493752716430_n-772x1024.jpg 772w, https:\/\/richeskarayib.com\/wp-content\/uploads\/2026\/03\/643598842_18095358107478319_3689177493752716430_n-226x300.jpg 226w, https:\/\/richeskarayib.com\/wp-content\/uploads\/2026\/03\/643598842_18095358107478319_3689177493752716430_n-768x1019.jpg 768w, https:\/\/richeskarayib.com\/wp-content\/uploads\/2026\/03\/643598842_18095358107478319_3689177493752716430_n-1158x1536.jpg 1158w, https:\/\/richeskarayib.com\/wp-content\/uploads\/2026\/03\/643598842_18095358107478319_3689177493752716430_n-1320x1751.jpg 1320w, https:\/\/richeskarayib.com\/wp-content\/uploads\/2026\/03\/643598842_18095358107478319_3689177493752716430_n.jpg 1440w\" sizes=\"(max-width: 772px) 100vw, 772px\" \/>\t\t\t\t\t\t\t\t\t\t\t\t\t\t\t<\/div>\n\t\t\t\t<\/div>\n\t\t\t\t\t<\/div>\n\t\t<\/div>\n\t\t\t\t\t<\/div>\n\t\t<\/section>\n\t\t\t\t<div class=\"elementor-element elementor-element-6b2a3de elementor-widget elementor-widget-text-editor\" data-id=\"6b2a3de\" data-element_type=\"widget\" data-widget_type=\"text-editor.default\">\n\t\t\t\t<div class=\"elementor-widget-container\">\n\t\t\t\t\t\t\t\t\t<h3><b>Martes 7 de abril de 2026: Adaptabilidad y conciencia clim\u00e1tica<\/b><\/h3><p><span style=\"font-weight: 400;\">El martes pone<\/span><b>adaptabilidad<\/b><span style=\"font-weight: 400;\"> y <\/span><b>conciencia clim\u00e1tica<\/b><span style=\"font-weight: 400;\">. La clase magistral re\u00fane a  <\/span><b>D\u00e9bora Pronzola<\/b><span style=\"font-weight: 400;\"> y <\/span><b>Kathleen Surena<\/b><span style=\"font-weight: 400;\">dos arquitectas martinicanas especializadas en <\/span><b>arquitectura y grandes riesgos<\/b><span style=\"font-weight: 400;\">. Formados en ENSA Par\u00eds-Belleville y Par\u00eds-Este, aportan una gran experiencia en proyectos urbanos, arquitectura bioclim\u00e1tica y terrenos expuestos a riesgos naturales. Su contribuci\u00f3n es especialmente importante para <a href=\"https:\/\/richeskarayib.com\/es\/?p=71560\" target=\"_blank\" rel=\"noopener\">Martinica<\/a>: trata del dise\u00f1o sostenible y resistente frente a los riesgos naturales.   <\/span><b>terremotos, ciclones e inundaciones<\/b><span style=\"font-weight: 400;\">con claves aplicables a los territorios insulares. \u00c0   <\/span><b>18h30<\/b><span style=\"font-weight: 400;\">el d\u00eda contin\u00faa con <\/span><b>&#8220;\u00a1No te lo afeites todo!<\/b><span style=\"font-weight: 400;\">presentado por abit\u0113, <\/span><b>calle Garnier Pag\u00e8s<\/b><span style=\"font-weight: 400;\">.<\/span><\/p>\t\t\t\t\t\t\t\t<\/div>\n\t\t\t\t<\/div>\n\t\t\t\t<section class=\"elementor-section elementor-inner-section elementor-element elementor-element-cf65b1b elementor-section-boxed elementor-section-height-default elementor-section-height-default\" data-id=\"cf65b1b\" data-element_type=\"section\">\n\t\t\t\t\t\t<div class=\"elementor-container elementor-column-gap-default\">\n\t\t\t\t\t<div class=\"elementor-column elementor-col-25 elementor-inner-column elementor-element elementor-element-dfc98dc\" data-id=\"dfc98dc\" data-element_type=\"column\">\n\t\t\t<div class=\"elementor-widget-wrap elementor-element-populated\">\n\t\t\t\t\t\t<div class=\"elementor-element elementor-element-a9b2190 elementor-widget elementor-widget-image\" data-id=\"a9b2190\" data-element_type=\"widget\" data-widget_type=\"image.default\">\n\t\t\t\t<div class=\"elementor-widget-container\">\n\t\t\t\t\t\t\t\t\t\t\t\t\t\t\t<img loading=\"lazy\" decoding=\"async\" width=\"768\" height=\"1024\" src=\"https:\/\/richeskarayib.com\/wp-content\/uploads\/2026\/03\/656278159_18098030888478319_8909996447321060904_n-768x1024.jpg\" class=\"attachment-large size-large wp-image-71585\" alt=\"atelier de conception bioclimatique\" srcset=\"https:\/\/richeskarayib.com\/wp-content\/uploads\/2026\/03\/656278159_18098030888478319_8909996447321060904_n-768x1024.jpg 768w, https:\/\/richeskarayib.com\/wp-content\/uploads\/2026\/03\/656278159_18098030888478319_8909996447321060904_n-225x300.jpg 225w, https:\/\/richeskarayib.com\/wp-content\/uploads\/2026\/03\/656278159_18098030888478319_8909996447321060904_n.jpg 1135w\" sizes=\"(max-width: 768px) 100vw, 768px\" \/>\t\t\t\t\t\t\t\t\t\t\t\t\t\t\t<\/div>\n\t\t\t\t<\/div>\n\t\t\t\t\t<\/div>\n\t\t<\/div>\n\t\t\t\t<div class=\"elementor-column elementor-col-25 elementor-inner-column elementor-element elementor-element-3077df8\" data-id=\"3077df8\" data-element_type=\"column\">\n\t\t\t<div class=\"elementor-widget-wrap elementor-element-populated\">\n\t\t\t\t\t\t<div class=\"elementor-element elementor-element-7919992 elementor-widget elementor-widget-image\" data-id=\"7919992\" data-element_type=\"widget\" data-widget_type=\"image.default\">\n\t\t\t\t<div class=\"elementor-widget-container\">\n\t\t\t\t\t\t\t\t\t\t\t\t\t\t\t<img loading=\"lazy\" decoding=\"async\" width=\"768\" height=\"1024\" src=\"https:\/\/richeskarayib.com\/wp-content\/uploads\/2026\/03\/656273467_18098030891478319_3236631593352234054_n-768x1024.jpg\" class=\"attachment-large size-large wp-image-71589\" alt=\"atelier de conception bioclimatique\" srcset=\"https:\/\/richeskarayib.com\/wp-content\/uploads\/2026\/03\/656273467_18098030891478319_3236631593352234054_n-768x1023.jpg 768w, https:\/\/richeskarayib.com\/wp-content\/uploads\/2026\/03\/656273467_18098030891478319_3236631593352234054_n-225x300.jpg 225w, https:\/\/richeskarayib.com\/wp-content\/uploads\/2026\/03\/656273467_18098030891478319_3236631593352234054_n.jpg 908w\" sizes=\"(max-width: 768px) 100vw, 768px\" \/>\t\t\t\t\t\t\t\t\t\t\t\t\t\t\t<\/div>\n\t\t\t\t<\/div>\n\t\t\t\t\t<\/div>\n\t\t<\/div>\n\t\t\t\t<div class=\"elementor-column elementor-col-25 elementor-inner-column elementor-element elementor-element-71ac1d1\" data-id=\"71ac1d1\" data-element_type=\"column\">\n\t\t\t<div class=\"elementor-widget-wrap elementor-element-populated\">\n\t\t\t\t\t\t<div class=\"elementor-element elementor-element-c1e4e46 elementor-widget elementor-widget-image\" data-id=\"c1e4e46\" data-element_type=\"widget\" data-widget_type=\"image.default\">\n\t\t\t\t<div class=\"elementor-widget-container\">\n\t\t\t\t\t\t\t\t\t\t\t\t\t\t\t<img loading=\"lazy\" decoding=\"async\" width=\"768\" height=\"1024\" src=\"https:\/\/richeskarayib.com\/wp-content\/uploads\/2026\/03\/656266480_18098030909478319_527304079965251193_n-768x1024.jpg\" class=\"attachment-large size-large wp-image-71593\" alt=\"atelier de conception bioclimatique\" srcset=\"https:\/\/richeskarayib.com\/wp-content\/uploads\/2026\/03\/656266480_18098030909478319_527304079965251193_n-768x1023.jpg 768w, https:\/\/richeskarayib.com\/wp-content\/uploads\/2026\/03\/656266480_18098030909478319_527304079965251193_n-225x300.jpg 225w, https:\/\/richeskarayib.com\/wp-content\/uploads\/2026\/03\/656266480_18098030909478319_527304079965251193_n.jpg 908w\" sizes=\"(max-width: 768px) 100vw, 768px\" \/>\t\t\t\t\t\t\t\t\t\t\t\t\t\t\t<\/div>\n\t\t\t\t<\/div>\n\t\t\t\t\t<\/div>\n\t\t<\/div>\n\t\t\t\t<div class=\"elementor-column elementor-col-25 elementor-inner-column elementor-element elementor-element-0f65f02\" data-id=\"0f65f02\" data-element_type=\"column\">\n\t\t\t<div class=\"elementor-widget-wrap elementor-element-populated\">\n\t\t\t\t\t\t<div class=\"elementor-element elementor-element-67fce01 elementor-widget elementor-widget-image\" data-id=\"67fce01\" data-element_type=\"widget\" data-widget_type=\"image.default\">\n\t\t\t\t<div class=\"elementor-widget-container\">\n\t\t\t\t\t\t\t\t\t\t\t\t\t\t\t<img loading=\"lazy\" decoding=\"async\" width=\"768\" height=\"1024\" src=\"https:\/\/richeskarayib.com\/wp-content\/uploads\/2026\/03\/656001095_18098030900478319_8335690080749917210_n-768x1024.jpg\" class=\"attachment-large size-large wp-image-71597\" alt=\"atelier de conception bioclimatique\" srcset=\"https:\/\/richeskarayib.com\/wp-content\/uploads\/2026\/03\/656001095_18098030900478319_8335690080749917210_n-768x1023.jpg 768w, https:\/\/richeskarayib.com\/wp-content\/uploads\/2026\/03\/656001095_18098030900478319_8335690080749917210_n-225x300.jpg 225w, https:\/\/richeskarayib.com\/wp-content\/uploads\/2026\/03\/656001095_18098030900478319_8335690080749917210_n.jpg 908w\" sizes=\"(max-width: 768px) 100vw, 768px\" \/>\t\t\t\t\t\t\t\t\t\t\t\t\t\t\t<\/div>\n\t\t\t\t<\/div>\n\t\t\t\t\t<\/div>\n\t\t<\/div>\n\t\t\t\t\t<\/div>\n\t\t<\/section>\n\t\t\t\t<div class=\"elementor-element elementor-element-225ff5a elementor-widget elementor-widget-text-editor\" data-id=\"225ff5a\" data-element_type=\"widget\" data-widget_type=\"text-editor.default\">\n\t\t\t\t<div class=\"elementor-widget-container\">\n\t\t\t\t\t\t\t\t\t<h3><b>Mi\u00e9rcoles 8 de abril de 2026: Dise\u00f1o y materiales locales<\/b><\/h3><p><span style=\"font-weight: 400;\">El mi\u00e9rcoles est\u00e1 dedicado a <\/span><b>dise\u00f1o<\/b><span style=\"font-weight: 400;\"> y <\/span><b>materiales locales<\/b><span style=\"font-weight: 400;\">. La clase magistral de las 11.00 horas se centrar\u00e1 en  <\/span><b>Estudio de dise\u00f1o BAHO<\/b><span style=\"font-weight: 400;\"> con <\/span><b>Cyrille Rochambeau<\/b><span style=\"font-weight: 400;\">es originario de Fort-de-France. Su carrera le ha llevado del Caribe a Asia y \u00c1frica, vinculando el dise\u00f1o de productos, la construcci\u00f3n y la pr\u00e1ctica internacional. Su presencia aporta una valiosa visi\u00f3n de c\u00f3mo una limitaci\u00f3n t\u00e9cnica puede convertirse en una palanca creativa, sin perder el v\u00ednculo con el territorio. La velada contin\u00faa con una     <\/span><b>Cin\u00e9Archi<\/b><span style=\"font-weight: 400;\"> organizado por la <\/span><b>Casa de la Arquitectura de Martinica<\/b><span style=\"font-weight: 400;\"> en la <\/span><b>Galer\u00eda de la Escuela del Campus de las Artes del Caribe<\/b><span style=\"font-weight: 400;\">.<\/span><\/p>\t\t\t\t\t\t\t\t<\/div>\n\t\t\t\t<\/div>\n\t\t\t\t<section class=\"elementor-section elementor-inner-section elementor-element elementor-element-27899e9 elementor-section-boxed elementor-section-height-default elementor-section-height-default\" data-id=\"27899e9\" data-element_type=\"section\">\n\t\t\t\t\t\t<div class=\"elementor-container elementor-column-gap-default\">\n\t\t\t\t\t<div class=\"elementor-column elementor-col-25 elementor-inner-column elementor-element elementor-element-dcf6f5f\" data-id=\"dcf6f5f\" data-element_type=\"column\">\n\t\t\t<div class=\"elementor-widget-wrap elementor-element-populated\">\n\t\t\t\t\t\t<div class=\"elementor-element elementor-element-69e62fd elementor-widget elementor-widget-image\" data-id=\"69e62fd\" data-element_type=\"widget\" data-widget_type=\"image.default\">\n\t\t\t\t<div class=\"elementor-widget-container\">\n\t\t\t\t\t\t\t\t\t\t\t\t\t\t\t<img loading=\"lazy\" decoding=\"async\" width=\"768\" height=\"1024\" src=\"https:\/\/richeskarayib.com\/wp-content\/uploads\/2026\/03\/640411618_18095201492478319_6341234367496079827_n-768x1024.jpg\" class=\"attachment-large size-large wp-image-71601\" alt=\"atelier de conception bioclimatique\" srcset=\"https:\/\/richeskarayib.com\/wp-content\/uploads\/2026\/03\/640411618_18095201492478319_6341234367496079827_n-768x1024.jpg 768w, https:\/\/richeskarayib.com\/wp-content\/uploads\/2026\/03\/640411618_18095201492478319_6341234367496079827_n-225x300.jpg 225w, https:\/\/richeskarayib.com\/wp-content\/uploads\/2026\/03\/640411618_18095201492478319_6341234367496079827_n-1152x1536.jpg 1152w, https:\/\/richeskarayib.com\/wp-content\/uploads\/2026\/03\/640411618_18095201492478319_6341234367496079827_n.jpg 1240w\" sizes=\"(max-width: 768px) 100vw, 768px\" \/>\t\t\t\t\t\t\t\t\t\t\t\t\t\t\t<\/div>\n\t\t\t\t<\/div>\n\t\t\t\t\t<\/div>\n\t\t<\/div>\n\t\t\t\t<div class=\"elementor-column elementor-col-25 elementor-inner-column elementor-element elementor-element-623b732\" data-id=\"623b732\" data-element_type=\"column\">\n\t\t\t<div class=\"elementor-widget-wrap elementor-element-populated\">\n\t\t\t\t\t\t<div class=\"elementor-element elementor-element-5308979 elementor-widget elementor-widget-image\" data-id=\"5308979\" data-element_type=\"widget\" data-widget_type=\"image.default\">\n\t\t\t\t<div class=\"elementor-widget-container\">\n\t\t\t\t\t\t\t\t\t\t\t\t\t\t\t<img loading=\"lazy\" decoding=\"async\" width=\"772\" height=\"1024\" src=\"https:\/\/richeskarayib.com\/wp-content\/uploads\/2026\/03\/642360202_18095201537478319_5072659348437774840_n-772x1024.jpg\" class=\"attachment-large size-large wp-image-71605\" alt=\"atelier de conception bioclimatique\" srcset=\"https:\/\/richeskarayib.com\/wp-content\/uploads\/2026\/03\/642360202_18095201537478319_5072659348437774840_n-772x1024.jpg 772w, https:\/\/richeskarayib.com\/wp-content\/uploads\/2026\/03\/642360202_18095201537478319_5072659348437774840_n-226x300.jpg 226w, https:\/\/richeskarayib.com\/wp-content\/uploads\/2026\/03\/642360202_18095201537478319_5072659348437774840_n-768x1018.jpg 768w, https:\/\/richeskarayib.com\/wp-content\/uploads\/2026\/03\/642360202_18095201537478319_5072659348437774840_n.jpg 1000w\" sizes=\"(max-width: 772px) 100vw, 772px\" \/>\t\t\t\t\t\t\t\t\t\t\t\t\t\t\t<\/div>\n\t\t\t\t<\/div>\n\t\t\t\t\t<\/div>\n\t\t<\/div>\n\t\t\t\t<div class=\"elementor-column elementor-col-25 elementor-inner-column elementor-element elementor-element-f9e72a8\" data-id=\"f9e72a8\" data-element_type=\"column\">\n\t\t\t<div class=\"elementor-widget-wrap elementor-element-populated\">\n\t\t\t\t\t\t<div class=\"elementor-element elementor-element-53e7d55 elementor-widget elementor-widget-image\" data-id=\"53e7d55\" data-element_type=\"widget\" data-widget_type=\"image.default\">\n\t\t\t\t<div class=\"elementor-widget-container\">\n\t\t\t\t\t\t\t\t\t\t\t\t\t\t\t<img loading=\"lazy\" decoding=\"async\" width=\"772\" height=\"1024\" src=\"https:\/\/richeskarayib.com\/wp-content\/uploads\/2026\/03\/641754885_18095201519478319_8035893575896361635_n-772x1024.jpg\" class=\"attachment-large size-large wp-image-71609\" alt=\"atelier de conception bioclimatique\" srcset=\"https:\/\/richeskarayib.com\/wp-content\/uploads\/2026\/03\/641754885_18095201519478319_8035893575896361635_n-772x1024.jpg 772w, https:\/\/richeskarayib.com\/wp-content\/uploads\/2026\/03\/641754885_18095201519478319_8035893575896361635_n-226x300.jpg 226w, https:\/\/richeskarayib.com\/wp-content\/uploads\/2026\/03\/641754885_18095201519478319_8035893575896361635_n-768x1018.jpg 768w, https:\/\/richeskarayib.com\/wp-content\/uploads\/2026\/03\/641754885_18095201519478319_8035893575896361635_n.jpg 1000w\" sizes=\"(max-width: 772px) 100vw, 772px\" \/>\t\t\t\t\t\t\t\t\t\t\t\t\t\t\t<\/div>\n\t\t\t\t<\/div>\n\t\t\t\t\t<\/div>\n\t\t<\/div>\n\t\t\t\t<div class=\"elementor-column elementor-col-25 elementor-inner-column elementor-element elementor-element-4bc3cf5\" data-id=\"4bc3cf5\" data-element_type=\"column\">\n\t\t\t<div class=\"elementor-widget-wrap elementor-element-populated\">\n\t\t\t\t\t\t<div class=\"elementor-element elementor-element-f0c8129 elementor-widget elementor-widget-image\" data-id=\"f0c8129\" data-element_type=\"widget\" data-widget_type=\"image.default\">\n\t\t\t\t<div class=\"elementor-widget-container\">\n\t\t\t\t\t\t\t\t\t\t\t\t\t\t\t<img loading=\"lazy\" decoding=\"async\" width=\"772\" height=\"1024\" src=\"https:\/\/richeskarayib.com\/wp-content\/uploads\/2026\/03\/641252400_18095201483478319_7095601143538434267_n-772x1024.jpg\" class=\"attachment-large size-large wp-image-71613\" alt=\"atelier de conception bioclimatique\" srcset=\"https:\/\/richeskarayib.com\/wp-content\/uploads\/2026\/03\/641252400_18095201483478319_7095601143538434267_n-772x1024.jpg 772w, https:\/\/richeskarayib.com\/wp-content\/uploads\/2026\/03\/641252400_18095201483478319_7095601143538434267_n-226x300.jpg 226w, https:\/\/richeskarayib.com\/wp-content\/uploads\/2026\/03\/641252400_18095201483478319_7095601143538434267_n-768x1018.jpg 768w, https:\/\/richeskarayib.com\/wp-content\/uploads\/2026\/03\/641252400_18095201483478319_7095601143538434267_n.jpg 1000w\" sizes=\"(max-width: 772px) 100vw, 772px\" \/>\t\t\t\t\t\t\t\t\t\t\t\t\t\t\t<\/div>\n\t\t\t\t<\/div>\n\t\t\t\t\t<\/div>\n\t\t<\/div>\n\t\t\t\t\t<\/div>\n\t\t<\/section>\n\t\t\t\t<div class=\"elementor-element elementor-element-153a7e9 elementor-widget elementor-widget-text-editor\" data-id=\"153a7e9\" data-element_type=\"widget\" data-widget_type=\"text-editor.default\">\n\t\t\t\t<div class=\"elementor-widget-container\">\n\t\t\t\t\t\t\t\t\t<h3><b>Jueves 9 de abril de 2026: Paisajes y estrategias de construcci\u00f3n<\/b><\/h3><p><span style=\"font-weight: 400;\">Los jueves, el taller se centra en <\/span><b>paisajes<\/b><span style=\"font-weight: 400;\"> y <\/span><b>estrategias de construcci\u00f3n<\/b><span style=\"font-weight: 400;\">. La clase magistral ser\u00e1 impartida por  <\/span><b>Estudio Tephra<\/b><span style=\"font-weight: 400;\">presentado entre <\/span><b>Francia y Colombia<\/b><span style=\"font-weight: 400;\">con <\/span><b>Fabrice Henry<\/b><span style=\"font-weight: 400;\">  en el programa. El estudio aborda la arquitectura como una intervenci\u00f3n sensible en un lugar ya impregnado de memoria, donde el material, el clima y el paisaje nunca son secundarios. Para un proyecto situado en los jardines del DAC Martinique, este enfoque es decisivo: permite pensar en el futuro pabell\u00f3n no como un objeto aut\u00f3nomo, sino como una capa m\u00e1s de la historia del lugar. \u00c0     <\/span><b>18h30<\/b><span style=\"font-weight: 400;\">a <\/span><b>con La Station Culturelle<\/b><span style=\"font-weight: 400;\"> est\u00e1 prevista en <\/span><b>33, un tercer espacio cultural<\/b><span style=\"font-weight: 400;\">.<\/span><\/p>\t\t\t\t\t\t\t\t<\/div>\n\t\t\t\t<\/div>\n\t\t\t\t<section class=\"elementor-section elementor-inner-section elementor-element elementor-element-836dcbf elementor-section-boxed elementor-section-height-default elementor-section-height-default\" data-id=\"836dcbf\" data-element_type=\"section\">\n\t\t\t\t\t\t<div class=\"elementor-container elementor-column-gap-default\">\n\t\t\t\t\t<div class=\"elementor-column elementor-col-25 elementor-inner-column elementor-element elementor-element-a2d7121\" data-id=\"a2d7121\" data-element_type=\"column\">\n\t\t\t<div class=\"elementor-widget-wrap elementor-element-populated\">\n\t\t\t\t\t\t<div class=\"elementor-element elementor-element-4c3cf19 elementor-widget elementor-widget-image\" data-id=\"4c3cf19\" data-element_type=\"widget\" data-widget_type=\"image.default\">\n\t\t\t\t<div class=\"elementor-widget-container\">\n\t\t\t\t\t\t\t\t\t\t\t\t\t\t\t<img loading=\"lazy\" decoding=\"async\" width=\"768\" height=\"1024\" src=\"https:\/\/richeskarayib.com\/wp-content\/uploads\/2026\/03\/643590744_18095697035478319_7908140608861429994_n-768x1024.jpg\" class=\"attachment-large size-large wp-image-71617\" alt=\"atelier de conception bioclimatique\" srcset=\"https:\/\/richeskarayib.com\/wp-content\/uploads\/2026\/03\/643590744_18095697035478319_7908140608861429994_n-768x1024.jpg 768w, https:\/\/richeskarayib.com\/wp-content\/uploads\/2026\/03\/643590744_18095697035478319_7908140608861429994_n-225x300.jpg 225w, https:\/\/richeskarayib.com\/wp-content\/uploads\/2026\/03\/643590744_18095697035478319_7908140608861429994_n-1152x1536.jpg 1152w, https:\/\/richeskarayib.com\/wp-content\/uploads\/2026\/03\/643590744_18095697035478319_7908140608861429994_n.jpg 1240w\" sizes=\"(max-width: 768px) 100vw, 768px\" \/>\t\t\t\t\t\t\t\t\t\t\t\t\t\t\t<\/div>\n\t\t\t\t<\/div>\n\t\t\t\t\t<\/div>\n\t\t<\/div>\n\t\t\t\t<div class=\"elementor-column elementor-col-25 elementor-inner-column elementor-element elementor-element-6172137\" data-id=\"6172137\" data-element_type=\"column\">\n\t\t\t<div class=\"elementor-widget-wrap elementor-element-populated\">\n\t\t\t\t\t\t<div class=\"elementor-element elementor-element-9bcab70 elementor-widget elementor-widget-image\" data-id=\"9bcab70\" data-element_type=\"widget\" data-widget_type=\"image.default\">\n\t\t\t\t<div class=\"elementor-widget-container\">\n\t\t\t\t\t\t\t\t\t\t\t\t\t\t\t<img loading=\"lazy\" decoding=\"async\" width=\"768\" height=\"1024\" src=\"https:\/\/richeskarayib.com\/wp-content\/uploads\/2026\/03\/642550928_18095697086478319_2746651961502210704_n-768x1024.jpg\" class=\"attachment-large size-large wp-image-71621\" alt=\"atelier de conception bioclimatique\" srcset=\"https:\/\/richeskarayib.com\/wp-content\/uploads\/2026\/03\/642550928_18095697086478319_2746651961502210704_n-768x1023.jpg 768w, https:\/\/richeskarayib.com\/wp-content\/uploads\/2026\/03\/642550928_18095697086478319_2746651961502210704_n-225x300.jpg 225w, https:\/\/richeskarayib.com\/wp-content\/uploads\/2026\/03\/642550928_18095697086478319_2746651961502210704_n.jpg 866w\" sizes=\"(max-width: 768px) 100vw, 768px\" \/>\t\t\t\t\t\t\t\t\t\t\t\t\t\t\t<\/div>\n\t\t\t\t<\/div>\n\t\t\t\t\t<\/div>\n\t\t<\/div>\n\t\t\t\t<div class=\"elementor-column elementor-col-25 elementor-inner-column elementor-element elementor-element-fd7c4f6\" data-id=\"fd7c4f6\" data-element_type=\"column\">\n\t\t\t<div class=\"elementor-widget-wrap elementor-element-populated\">\n\t\t\t\t\t\t<div class=\"elementor-element elementor-element-a5d4d22 elementor-widget elementor-widget-image\" data-id=\"a5d4d22\" data-element_type=\"widget\" data-widget_type=\"image.default\">\n\t\t\t\t<div class=\"elementor-widget-container\">\n\t\t\t\t\t\t\t\t\t\t\t\t\t\t\t<img loading=\"lazy\" decoding=\"async\" width=\"768\" height=\"1024\" src=\"https:\/\/richeskarayib.com\/wp-content\/uploads\/2026\/03\/645733799_18095697095478319_1074344527397759261_n-768x1024.jpg\" class=\"attachment-large size-large wp-image-71625\" alt=\"atelier de conception bioclimatique\" srcset=\"https:\/\/richeskarayib.com\/wp-content\/uploads\/2026\/03\/645733799_18095697095478319_1074344527397759261_n-768x1023.jpg 768w, https:\/\/richeskarayib.com\/wp-content\/uploads\/2026\/03\/645733799_18095697095478319_1074344527397759261_n-225x300.jpg 225w, https:\/\/richeskarayib.com\/wp-content\/uploads\/2026\/03\/645733799_18095697095478319_1074344527397759261_n.jpg 800w\" sizes=\"(max-width: 768px) 100vw, 768px\" \/>\t\t\t\t\t\t\t\t\t\t\t\t\t\t\t<\/div>\n\t\t\t\t<\/div>\n\t\t\t\t\t<\/div>\n\t\t<\/div>\n\t\t\t\t<div class=\"elementor-column elementor-col-25 elementor-inner-column elementor-element elementor-element-777bedb\" data-id=\"777bedb\" data-element_type=\"column\">\n\t\t\t<div class=\"elementor-widget-wrap elementor-element-populated\">\n\t\t\t\t\t\t<div class=\"elementor-element elementor-element-15e2267 elementor-widget elementor-widget-image\" data-id=\"15e2267\" data-element_type=\"widget\" data-widget_type=\"image.default\">\n\t\t\t\t<div class=\"elementor-widget-container\">\n\t\t\t\t\t\t\t\t\t\t\t\t\t\t\t<img loading=\"lazy\" decoding=\"async\" width=\"768\" height=\"1024\" src=\"https:\/\/richeskarayib.com\/wp-content\/uploads\/2026\/03\/642540097_18095697083478319_3857318168117344209_n-768x1024.jpg\" class=\"attachment-large size-large wp-image-71633\" alt=\"atelier de conception bioclimatique\" srcset=\"https:\/\/richeskarayib.com\/wp-content\/uploads\/2026\/03\/642540097_18095697083478319_3857318168117344209_n-768x1024.jpg 768w, https:\/\/richeskarayib.com\/wp-content\/uploads\/2026\/03\/642540097_18095697083478319_3857318168117344209_n-225x300.jpg 225w, https:\/\/richeskarayib.com\/wp-content\/uploads\/2026\/03\/642540097_18095697083478319_3857318168117344209_n.jpg 1024w\" sizes=\"(max-width: 768px) 100vw, 768px\" \/>\t\t\t\t\t\t\t\t\t\t\t\t\t\t\t<\/div>\n\t\t\t\t<\/div>\n\t\t\t\t\t<\/div>\n\t\t<\/div>\n\t\t\t\t\t<\/div>\n\t\t<\/section>\n\t\t\t\t<div class=\"elementor-element elementor-element-01efa8d elementor-widget elementor-widget-text-editor\" data-id=\"01efa8d\" data-element_type=\"widget\" data-widget_type=\"text-editor.default\">\n\t\t\t\t<div class=\"elementor-widget-container\">\n\t\t\t\t\t\t\t\t\t<h3><b>Viernes 10 de abril de 2026: Antropolog\u00eda y memorias del hogar<\/b><\/h3><p><span style=\"font-weight: 400;\">El \u00faltimo d\u00eda se centra en <\/span><b>antropolog\u00eda<\/b><span style=\"font-weight: 400;\"> y los <\/span><b>recuerdos de vivir<\/b><span style=\"font-weight: 400;\">. La clase magistral est\u00e1 dirigida por  <\/span><b>Carole Diop<\/b><span style=\"font-weight: 400;\">de <\/span><b>Senegal<\/b><span style=\"font-weight: 400;\">. Su enfoque se basa en explorar la ciudad como un laboratorio viviente, especialmente en Dakar, a trav\u00e9s de narraciones urbanas, paseos arquitect\u00f3nicos y valorizaci\u00f3n del patrimonio. En este taller, este planteamiento ampl\u00eda el enfoque: ya no se trata s\u00f3lo de construir en un clima determinado, sino tambi\u00e9n de cuestionar lo que los lugares conservan, cuentan y transmiten. \u00c0    <\/span><b>18h30<\/b><span style=\"font-weight: 400;\">la semana llega a su fin con la <\/span><b>inauguraci\u00f3n de la exposici\u00f3n &#8220;Los Caminos del Agua<\/b><span style=\"font-weight: 400;\">organizada por <\/span><b>La Cabina de la Curiosidad<\/b><span style=\"font-weight: 400;\">en los <\/span><b>jardines del DAC<\/b><span style=\"font-weight: 400;\">.<\/span><\/p>\t\t\t\t\t\t\t\t<\/div>\n\t\t\t\t<\/div>\n\t\t\t\t<section class=\"elementor-section elementor-inner-section elementor-element elementor-element-3dacf49 elementor-section-boxed elementor-section-height-default elementor-section-height-default\" data-id=\"3dacf49\" data-element_type=\"section\">\n\t\t\t\t\t\t<div class=\"elementor-container elementor-column-gap-default\">\n\t\t\t\t\t<div class=\"elementor-column elementor-col-25 elementor-inner-column elementor-element elementor-element-543eb69\" data-id=\"543eb69\" data-element_type=\"column\">\n\t\t\t<div class=\"elementor-widget-wrap elementor-element-populated\">\n\t\t\t\t\t\t<div class=\"elementor-element elementor-element-845e43f elementor-widget elementor-widget-image\" data-id=\"845e43f\" data-element_type=\"widget\" data-widget_type=\"image.default\">\n\t\t\t\t<div class=\"elementor-widget-container\">\n\t\t\t\t\t\t\t\t\t\t\t\t\t\t\t<img loading=\"lazy\" decoding=\"async\" width=\"768\" height=\"1024\" src=\"https:\/\/richeskarayib.com\/wp-content\/uploads\/2026\/03\/648372441_18096010970478319_2284038337899022507_n-768x1024.jpg\" class=\"attachment-large size-large wp-image-71637\" alt=\"atelier de conception bioclimatique\" srcset=\"https:\/\/richeskarayib.com\/wp-content\/uploads\/2026\/03\/648372441_18096010970478319_2284038337899022507_n-768x1024.jpg 768w, https:\/\/richeskarayib.com\/wp-content\/uploads\/2026\/03\/648372441_18096010970478319_2284038337899022507_n-225x300.jpg 225w, https:\/\/richeskarayib.com\/wp-content\/uploads\/2026\/03\/648372441_18096010970478319_2284038337899022507_n-1152x1536.jpg 1152w, https:\/\/richeskarayib.com\/wp-content\/uploads\/2026\/03\/648372441_18096010970478319_2284038337899022507_n.jpg 1240w\" sizes=\"(max-width: 768px) 100vw, 768px\" \/>\t\t\t\t\t\t\t\t\t\t\t\t\t\t\t<\/div>\n\t\t\t\t<\/div>\n\t\t\t\t\t<\/div>\n\t\t<\/div>\n\t\t\t\t<div class=\"elementor-column elementor-col-25 elementor-inner-column elementor-element elementor-element-cb5242b\" data-id=\"cb5242b\" data-element_type=\"column\">\n\t\t\t<div class=\"elementor-widget-wrap elementor-element-populated\">\n\t\t\t\t\t\t<div class=\"elementor-element elementor-element-356f7d2 elementor-widget elementor-widget-image\" data-id=\"356f7d2\" data-element_type=\"widget\" data-widget_type=\"image.default\">\n\t\t\t\t<div class=\"elementor-widget-container\">\n\t\t\t\t\t\t\t\t\t\t\t\t\t\t\t<img loading=\"lazy\" decoding=\"async\" width=\"768\" height=\"1024\" src=\"https:\/\/richeskarayib.com\/wp-content\/uploads\/2026\/03\/648746766_18096011009478319_6308233734735126683_n-768x1024.jpg\" class=\"attachment-large size-large wp-image-71641\" alt=\"atelier de conception bioclimatique\" srcset=\"https:\/\/richeskarayib.com\/wp-content\/uploads\/2026\/03\/648746766_18096011009478319_6308233734735126683_n-768x1024.jpg 768w, https:\/\/richeskarayib.com\/wp-content\/uploads\/2026\/03\/648746766_18096011009478319_6308233734735126683_n-225x300.jpg 225w, https:\/\/richeskarayib.com\/wp-content\/uploads\/2026\/03\/648746766_18096011009478319_6308233734735126683_n.jpg 853w\" sizes=\"(max-width: 768px) 100vw, 768px\" \/>\t\t\t\t\t\t\t\t\t\t\t\t\t\t\t<\/div>\n\t\t\t\t<\/div>\n\t\t\t\t\t<\/div>\n\t\t<\/div>\n\t\t\t\t<div class=\"elementor-column elementor-col-25 elementor-inner-column elementor-element elementor-element-d6ef97d\" data-id=\"d6ef97d\" data-element_type=\"column\">\n\t\t\t<div class=\"elementor-widget-wrap elementor-element-populated\">\n\t\t\t\t\t\t<div class=\"elementor-element elementor-element-e14db89 elementor-widget elementor-widget-image\" data-id=\"e14db89\" data-element_type=\"widget\" data-widget_type=\"image.default\">\n\t\t\t\t<div class=\"elementor-widget-container\">\n\t\t\t\t\t\t\t\t\t\t\t\t\t\t\t<img loading=\"lazy\" decoding=\"async\" width=\"768\" height=\"1024\" src=\"https:\/\/richeskarayib.com\/wp-content\/uploads\/2026\/03\/648629208_18096010979478319_8849199546808011793_n-768x1024.jpg\" class=\"attachment-large size-large wp-image-71645\" alt=\"atelier de conception bioclimatique\" srcset=\"https:\/\/richeskarayib.com\/wp-content\/uploads\/2026\/03\/648629208_18096010979478319_8849199546808011793_n-768x1024.jpg 768w, https:\/\/richeskarayib.com\/wp-content\/uploads\/2026\/03\/648629208_18096010979478319_8849199546808011793_n-225x300.jpg 225w, https:\/\/richeskarayib.com\/wp-content\/uploads\/2026\/03\/648629208_18096010979478319_8849199546808011793_n-1152x1536.jpg 1152w, https:\/\/richeskarayib.com\/wp-content\/uploads\/2026\/03\/648629208_18096010979478319_8849199546808011793_n-1320x1760.jpg 1320w, https:\/\/richeskarayib.com\/wp-content\/uploads\/2026\/03\/648629208_18096010979478319_8849199546808011793_n.jpg 1440w\" sizes=\"(max-width: 768px) 100vw, 768px\" \/>\t\t\t\t\t\t\t\t\t\t\t\t\t\t\t<\/div>\n\t\t\t\t<\/div>\n\t\t\t\t\t<\/div>\n\t\t<\/div>\n\t\t\t\t<div class=\"elementor-column elementor-col-25 elementor-inner-column elementor-element elementor-element-23a94cb\" data-id=\"23a94cb\" data-element_type=\"column\">\n\t\t\t<div class=\"elementor-widget-wrap elementor-element-populated\">\n\t\t\t\t\t\t<div class=\"elementor-element elementor-element-f6e1ca8 elementor-widget elementor-widget-image\" data-id=\"f6e1ca8\" data-element_type=\"widget\" data-widget_type=\"image.default\">\n\t\t\t\t<div class=\"elementor-widget-container\">\n\t\t\t\t\t\t\t\t\t\t\t\t\t\t\t<img loading=\"lazy\" decoding=\"async\" width=\"768\" height=\"1024\" src=\"https:\/\/richeskarayib.com\/wp-content\/uploads\/2026\/03\/648981806_18096011018478319_27783631177646012_n-768x1024.jpg\" class=\"attachment-large size-large wp-image-71649\" alt=\"atelier de conception bioclimatique\" srcset=\"https:\/\/richeskarayib.com\/wp-content\/uploads\/2026\/03\/648981806_18096011018478319_27783631177646012_n-768x1024.jpg 768w, https:\/\/richeskarayib.com\/wp-content\/uploads\/2026\/03\/648981806_18096011018478319_27783631177646012_n-225x300.jpg 225w, https:\/\/richeskarayib.com\/wp-content\/uploads\/2026\/03\/648981806_18096011018478319_27783631177646012_n-1152x1536.jpg 1152w, https:\/\/richeskarayib.com\/wp-content\/uploads\/2026\/03\/648981806_18096011018478319_27783631177646012_n-1320x1760.jpg 1320w, https:\/\/richeskarayib.com\/wp-content\/uploads\/2026\/03\/648981806_18096011018478319_27783631177646012_n.jpg 1440w\" sizes=\"(max-width: 768px) 100vw, 768px\" \/>\t\t\t\t\t\t\t\t\t\t\t\t\t\t\t<\/div>\n\t\t\t\t<\/div>\n\t\t\t\t\t<\/div>\n\t\t<\/div>\n\t\t\t\t\t<\/div>\n\t\t<\/section>\n\t\t\t\t\t<\/div>\n\t\t<\/div>\n\t\t\t\t\t<\/div>\n\t\t<\/section>\n\t\t\t\t<section class=\"elementor-section elementor-top-section elementor-element elementor-element-d0fd0c0 elementor-section-boxed elementor-section-height-default elementor-section-height-default\" data-id=\"d0fd0c0\" data-element_type=\"section\">\n\t\t\t\t\t\t<div class=\"elementor-container elementor-column-gap-default\">\n\t\t\t\t\t<div class=\"elementor-column elementor-col-100 elementor-top-column elementor-element elementor-element-1e2ec65\" data-id=\"1e2ec65\" data-element_type=\"column\">\n\t\t\t<div class=\"elementor-widget-wrap elementor-element-populated\">\n\t\t\t\t\t\t<div class=\"elementor-element elementor-element-316145b elementor-widget elementor-widget-heading\" data-id=\"316145b\" data-element_type=\"widget\" data-widget_type=\"heading.default\">\n\t\t\t\t<div class=\"elementor-widget-container\">\n\t\t\t\t\t<h2 class=\"elementor-heading-title elementor-size-default\">Un panel de expertos internacionales, pero una fuerte base martiniquesa<\/h2>\t\t\t\t<\/div>\n\t\t\t\t<\/div>\n\t\t\t\t<div class=\"elementor-element elementor-element-54e5967 elementor-widget elementor-widget-text-editor\" data-id=\"54e5967\" data-element_type=\"widget\" data-widget_type=\"text-editor.default\">\n\t\t\t\t<div class=\"elementor-widget-container\">\n\t\t\t\t\t\t\t\t\t<p><span style=\"font-weight: 400;\">Uno de los principales beneficios del<\/span>taller de dise\u00f1o bioclim\u00e1tico<span style=\"font-weight: 400;\">  reside en su equilibrio. Los ponentes proceden de distintos \u00e1mbitos:   <\/span><b>Martinica, Francia, Ecuador, Colombia, Senegal<\/b><span style=\"font-weight: 400;\">Pero el tema sigue firmemente anclado en las realidades de Fort-de-France. La sala del Campus de las Artes del Caribe se convierte as\u00ed en un espacio de debate p\u00fablico, donde las teor\u00edas circulan, se confrontan con el terreno y alimentan los proyectos de la tarde. Este m\u00e9todo proporciona a los  <\/span>Un taller de dise\u00f1o bioclim\u00e1tico <span style=\"font-weight: 400;\">con una densidad real: la transmisi\u00f3n no flota sobre el lugar, sino que vuelve una y otra vez a la cuesti\u00f3n central del h\u00e1bitat tropical y la construcci\u00f3n situada.<\/span><\/p>\t\t\t\t\t\t\t\t<\/div>\n\t\t\t\t<\/div>\n\t\t\t\t\t<\/div>\n\t\t<\/div>\n\t\t\t\t\t<\/div>\n\t\t<\/section>\n\t\t\t\t<section class=\"elementor-section elementor-top-section elementor-element elementor-element-f03d675 elementor-section-boxed elementor-section-height-default elementor-section-height-default\" data-id=\"f03d675\" data-element_type=\"section\">\n\t\t\t\t\t\t<div class=\"elementor-container elementor-column-gap-default\">\n\t\t\t\t\t<div class=\"elementor-column elementor-col-100 elementor-top-column elementor-element elementor-element-ddb1e36\" data-id=\"ddb1e36\" data-element_type=\"column\">\n\t\t\t<div class=\"elementor-widget-wrap elementor-element-populated\">\n\t\t\t\t\t\t<div class=\"elementor-element elementor-element-66035d3 elementor-widget elementor-widget-heading\" data-id=\"66035d3\" data-element_type=\"widget\" data-widget_type=\"heading.default\">\n\t\t\t\t<div class=\"elementor-widget-container\">\n\t\t\t\t\t<h2 class=\"elementor-heading-title elementor-size-default\">\u00bfPor qu\u00e9 merece atenci\u00f3n este acontecimiento?<\/h2>\t\t\t\t<\/div>\n\t\t\t\t<\/div>\n\t\t\t\t<div class=\"elementor-element elementor-element-cae4ec8 elementor-widget elementor-widget-text-editor\" data-id=\"cae4ec8\" data-element_type=\"widget\" data-widget_type=\"text-editor.default\">\n\t\t\t\t<div class=\"elementor-widget-container\">\n\t\t\t\t\t\t\t\t\t<p>El taller de dise\u00f1o bioclim\u00e1tico de Martinica es importante porque aborda simult\u00e1neamente varias cuestiones urgentes de la Martinica contempor\u00e1nea: la calidad arquitect\u00f3nica, la adaptaci\u00f3n al clima, la transmisi\u00f3n entre estudiantes y j\u00f3venes profesionales, el di\u00e1logo entre disciplinas y la capacidad de producir un proyecto que deje una huella concreta. No es s\u00f3lo un lugar de encuentro de especialistas. El taller de dise\u00f1o bioclim\u00e1tico es tambi\u00e9n una se\u00f1al de la forma en que Martinica puede pensar la arquitectura hoy: partiendo del clima, el lugar, los materiales, las memorias y los usos, en lugar de aplicar modelos externos.  <\/p>\t\t\t\t\t\t\t\t<\/div>\n\t\t\t\t<\/div>\n\t\t\t\t<div class=\"elementor-element elementor-element-a771396 elementor-widget elementor-widget-text-editor\" data-id=\"a771396\" data-element_type=\"widget\" data-widget_type=\"text-editor.default\">\n\t\t\t\t<div class=\"elementor-widget-container\">\n\t\t\t\t\t\t\t\t\t<h3><strong><a href=\"https:\/\/www.facebook.com\/abitearchitecture\" target=\"_blank\" rel=\"noopener nofollow\">\ud83d\udcf8\u00a9Abit\u0113<\/a><\/strong><\/h3>\t\t\t\t\t\t\t\t<\/div>\n\t\t\t\t<\/div>\n\t\t\t\t\t<\/div>\n\t\t<\/div>\n\t\t\t\t\t<\/div>\n\t\t<\/section>\n\t\t\t\t<section class=\"elementor-section elementor-top-section elementor-element elementor-element-f5709a6 elementor-section-boxed elementor-section-height-default elementor-section-height-default\" data-id=\"f5709a6\" data-element_type=\"section\">\n\t\t\t\t\t\t<div class=\"elementor-container elementor-column-gap-default\">\n\t\t\t\t\t<div class=\"elementor-column elementor-col-100 elementor-top-column elementor-element elementor-element-957be6f\" data-id=\"957be6f\" data-element_type=\"column\">\n\t\t\t<div class=\"elementor-widget-wrap elementor-element-populated\">\n\t\t\t\t\t\t<div class=\"elementor-element elementor-element-63e5d4a elementor-widget elementor-widget-accordion\" data-id=\"63e5d4a\" data-element_type=\"widget\" data-widget_type=\"accordion.default\">\n\t\t\t\t<div class=\"elementor-widget-container\">\n\t\t\t\t\t\t\t<div class=\"elementor-accordion\">\n\t\t\t\t\t\t\t<div class=\"elementor-accordion-item\">\n\t\t\t\t\t<div id=\"elementor-tab-title-1041\" class=\"elementor-tab-title\" data-tab=\"1\" role=\"button\" aria-controls=\"elementor-tab-content-1041\" aria-expanded=\"false\">\n\t\t\t\t\t\t\t\t\t\t\t\t\t<span class=\"elementor-accordion-icon elementor-accordion-icon-left\" aria-hidden=\"true\">\n\t\t\t\t\t\t\t\t\t\t\t\t\t\t\t<span class=\"elementor-accordion-icon-closed\"><i class=\"fas fa-plus\"><\/i><\/span>\n\t\t\t\t\t\t\t\t<span class=\"elementor-accordion-icon-opened\"><i class=\"fas fa-minus\"><\/i><\/span>\n\t\t\t\t\t\t\t\t\t\t\t\t\t\t<\/span>\n\t\t\t\t\t\t\t\t\t\t\t\t<a class=\"elementor-accordion-title\" tabindex=\"0\">\u00bfQu\u00e9 es el taller de dise\u00f1o bioclim\u00e1tico de Martinica?<\/a>\n\t\t\t\t\t<\/div>\n\t\t\t\t\t<div id=\"elementor-tab-content-1041\" class=\"elementor-tab-content elementor-clearfix\" data-tab=\"1\" role=\"region\" aria-labelledby=\"elementor-tab-title-1041\"><p><span style=\"font-weight: 400;\">El taller de dise\u00f1o bioclim\u00e1tico en Martinica es un taller internacional organizado en Fort-de-France del 6 al 10 de abril de 2026, dedicado al dise\u00f1o de una estructura arquitect\u00f3nica adaptada al clima tropical. Reunir\u00e1 a estudiantes, j\u00f3venes profesionales y expertos de diversas disciplinas -arquitectura, dise\u00f1o, ingenier\u00eda, paisajismo y antropolog\u00eda- para trabajar en torno a un objetivo concreto: dise\u00f1ar un proyecto capaz de responder a los condicionantes medioambientales locales y, al mismo tiempo, integrarse en el paisaje y las pr\u00e1cticas de Martinica. Este trabajo no se quedar\u00e1 en la teor\u00eda, ya que est\u00e1 prevista la construcci\u00f3n a escala real en una fase posterior.  <\/span><\/p>\n<\/div>\n\t\t\t\t<\/div>\n\t\t\t\t\t\t\t<div class=\"elementor-accordion-item\">\n\t\t\t\t\t<div id=\"elementor-tab-title-1042\" class=\"elementor-tab-title\" data-tab=\"2\" role=\"button\" aria-controls=\"elementor-tab-content-1042\" aria-expanded=\"false\">\n\t\t\t\t\t\t\t\t\t\t\t\t\t<span class=\"elementor-accordion-icon elementor-accordion-icon-left\" aria-hidden=\"true\">\n\t\t\t\t\t\t\t\t\t\t\t\t\t\t\t<span class=\"elementor-accordion-icon-closed\"><i class=\"fas fa-plus\"><\/i><\/span>\n\t\t\t\t\t\t\t\t<span class=\"elementor-accordion-icon-opened\"><i class=\"fas fa-minus\"><\/i><\/span>\n\t\t\t\t\t\t\t\t\t\t\t\t\t\t<\/span>\n\t\t\t\t\t\t\t\t\t\t\t\t<a class=\"elementor-accordion-title\" tabindex=\"0\">\u00bfD\u00f3nde tiene lugar el taller de dise\u00f1o bioclim\u00e1tico en Martinica?<\/a>\n\t\t\t\t\t<\/div>\n\t\t\t\t\t<div id=\"elementor-tab-content-1042\" class=\"elementor-tab-content elementor-clearfix\" data-tab=\"2\" role=\"region\" aria-labelledby=\"elementor-tab-title-1042\"><p><span style=\"font-weight: 400;\">El evento se desarrolla principalmente en Fort-de-France, en dos sedes complementarias. Los talleres de dise\u00f1o y las clases magistrales tienen lugar en el Campus Cara\u00efb\u00e9en des Arts, mientras que el proyecto est\u00e1 dise\u00f1ado para desarrollarse en los jardines del Departamento de Asuntos Culturales de Martinica, en la Villa Les Pergolas. Esta elecci\u00f3n del lugar es fundamental, ya que obliga a los participantes a trabajar en contacto directo con un entorno real, integrando el paisaje, el clima y las limitaciones del territorio.  <\/span><\/p>\n<\/div>\n\t\t\t\t<\/div>\n\t\t\t\t\t\t\t<div class=\"elementor-accordion-item\">\n\t\t\t\t\t<div id=\"elementor-tab-title-1043\" class=\"elementor-tab-title\" data-tab=\"3\" role=\"button\" aria-controls=\"elementor-tab-content-1043\" aria-expanded=\"false\">\n\t\t\t\t\t\t\t\t\t\t\t\t\t<span class=\"elementor-accordion-icon elementor-accordion-icon-left\" aria-hidden=\"true\">\n\t\t\t\t\t\t\t\t\t\t\t\t\t\t\t<span class=\"elementor-accordion-icon-closed\"><i class=\"fas fa-plus\"><\/i><\/span>\n\t\t\t\t\t\t\t\t<span class=\"elementor-accordion-icon-opened\"><i class=\"fas fa-minus\"><\/i><\/span>\n\t\t\t\t\t\t\t\t\t\t\t\t\t\t<\/span>\n\t\t\t\t\t\t\t\t\t\t\t\t<a class=\"elementor-accordion-title\" tabindex=\"0\">\u00bfCu\u00e1l es el programa del taller de dise\u00f1o bioclim\u00e1tico de Martinica?<\/a>\n\t\t\t\t\t<\/div>\n\t\t\t\t\t<div id=\"elementor-tab-content-1043\" class=\"elementor-tab-content elementor-clearfix\" data-tab=\"3\" role=\"region\" aria-labelledby=\"elementor-tab-title-1043\"><p><span style=\"font-weight: 400;\">El programa se desarrolla a lo largo de cinco d\u00edas, del lunes 6 al viernes 10 de abril de 2026, con un programa diario estructurado. Cada d\u00eda comienza a las 10:30 con una bienvenida, seguida de una clase magistral a las 11:00 dirigida por un experto internacional. Tras el almuerzo, los participantes trabajan en talleres de dise\u00f1o a partir de las 14:00 horas. Al final del d\u00eda, se ofrecen actividades culturales, conferencias y reuniones a las 18.30 h en diversos lugares de Fort-de-France. Los temas cambian cada d\u00eda: territorios del agua, riesgos clim\u00e1ticos, materiales locales, paisaje y antropolog\u00eda.    <\/span><\/p>\n<\/div>\n\t\t\t\t<\/div>\n\t\t\t\t\t\t\t<div class=\"elementor-accordion-item\">\n\t\t\t\t\t<div id=\"elementor-tab-title-1044\" class=\"elementor-tab-title\" data-tab=\"4\" role=\"button\" aria-controls=\"elementor-tab-content-1044\" aria-expanded=\"false\">\n\t\t\t\t\t\t\t\t\t\t\t\t\t<span class=\"elementor-accordion-icon elementor-accordion-icon-left\" aria-hidden=\"true\">\n\t\t\t\t\t\t\t\t\t\t\t\t\t\t\t<span class=\"elementor-accordion-icon-closed\"><i class=\"fas fa-plus\"><\/i><\/span>\n\t\t\t\t\t\t\t\t<span class=\"elementor-accordion-icon-opened\"><i class=\"fas fa-minus\"><\/i><\/span>\n\t\t\t\t\t\t\t\t\t\t\t\t\t\t<\/span>\n\t\t\t\t\t\t\t\t\t\t\t\t<a class=\"elementor-accordion-title\" tabindex=\"0\">\u00bfQui\u00e9nes son las personas que participan en el taller de dise\u00f1o bioclim\u00e1tico de Martinica?<\/a>\n\t\t\t\t\t<\/div>\n\t\t\t\t\t<div id=\"elementor-tab-content-1044\" class=\"elementor-tab-content elementor-clearfix\" data-tab=\"4\" role=\"region\" aria-labelledby=\"elementor-tab-title-1044\"><p><span style=\"font-weight: 400;\">El taller re\u00fane a un grupo de ponentes internacionales con trayectorias complementarias. Entre ellos, La Cabina de la Curiosidad (Francia\/Ecuador) trabaja sobre recursos y modelos urbanos sostenibles. Las arquitectas de Martinica D\u00e9bora Pronzola y Kathleen Surena aportan su experiencia sobre los grandes riesgos en un contexto insular. Cyrille Rochambeau, con BAHO Design Studio, est\u00e1 desarrollando un enfoque vinculado al dise\u00f1o y las obras. Tephra Studio (Francia\/Colombia) explora el v\u00ednculo entre arquitectura, paisaje y memoria. Por \u00faltimo, Carole Diop (Senegal) ofrece una lectura antropol\u00f3gica de la ciudad y los modos de vida.     <\/span><\/p>\n<\/div>\n\t\t\t\t<\/div>\n\t\t\t\t\t\t\t<div class=\"elementor-accordion-item\">\n\t\t\t\t\t<div id=\"elementor-tab-title-1045\" class=\"elementor-tab-title\" data-tab=\"5\" role=\"button\" aria-controls=\"elementor-tab-content-1045\" aria-expanded=\"false\">\n\t\t\t\t\t\t\t\t\t\t\t\t\t<span class=\"elementor-accordion-icon elementor-accordion-icon-left\" aria-hidden=\"true\">\n\t\t\t\t\t\t\t\t\t\t\t\t\t\t\t<span class=\"elementor-accordion-icon-closed\"><i class=\"fas fa-plus\"><\/i><\/span>\n\t\t\t\t\t\t\t\t<span class=\"elementor-accordion-icon-opened\"><i class=\"fas fa-minus\"><\/i><\/span>\n\t\t\t\t\t\t\t\t\t\t\t\t\t\t<\/span>\n\t\t\t\t\t\t\t\t\t\t\t\t<a class=\"elementor-accordion-title\" tabindex=\"0\">\u00bfQui\u00e9n debe asistir al taller de dise\u00f1o bioclim\u00e1tico en Martinica?<\/a>\n\t\t\t\t\t<\/div>\n\t\t\t\t\t<div id=\"elementor-tab-content-1045\" class=\"elementor-tab-content elementor-clearfix\" data-tab=\"5\" role=\"region\" aria-labelledby=\"elementor-tab-title-1045\"><p><span style=\"font-weight: 400;\">El taller de dise\u00f1o bioclim\u00e1tico de Martinica est\u00e1 dirigido a una veintena de participantes seleccionados: estudiantes a partir del segundo curso y j\u00f3venes profesionales menores de 40 a\u00f1os de los \u00e1mbitos de la arquitectura, el dise\u00f1o, la ingenier\u00eda o las artes visuales. El formato deliberadamente limitado permite una supervisi\u00f3n de alta calidad y el trabajo en grupos reducidos. La experiencia tambi\u00e9n tiene un valor acad\u00e9mico, con la posibilidad de convalidar cr\u00e9ditos ECTS u horas de pr\u00e1cticas, as\u00ed como un certificado expedido por el Campus de las Artes del Caribe y la DAC Martinica.  <\/span><\/p>\n<\/div>\n\t\t\t\t<\/div>\n\t\t\t\t\t\t\t\t<\/div>\n\t\t\t\t\t\t<\/div>\n\t\t\t\t<\/div>\n\t\t\t\t\t<\/div>\n\t\t<\/div>\n\t\t\t\t\t<\/div>\n\t\t<\/section>\n\t\t\t\t<\/div>\n\t\t","protected":false},"excerpt":{"rendered":"<p>En del lunes 6 al viernes 10 de abril de 2026Fort-de-France acoger\u00e1 el taller de dise\u00f1o bioclim\u00e1tico de Martinica, un taller internacional participativo de dise\u00f1o y construcci\u00f3n dedicado a una estructura bioclim\u00e1tica instalada en los jardines del Departamento de Asuntos Culturales de Martinica, en la Villa Les Pergolas. L&#8217;el taller de dise\u00f1o bioclim\u00e1tico cuenta con [&hellip;]<\/p>\n","protected":false},"author":662,"featured_media":71565,"comment_status":"open","ping_status":"open","sticky":false,"template":"","format":"standard","meta":{"_acf_changed":false,"footnotes":""},"categories":[1499],"tags":[816],"class_list":["post-71655","post","type-post","status-publish","format-standard","has-post-thumbnail","hentry","category-gestion-de-eventos","tag-martinique-es"],"acf":[],"_links":{"self":[{"href":"https:\/\/richeskarayib.com\/es\/wp-json\/wp\/v2\/posts\/71655","targetHints":{"allow":["GET"]}}],"collection":[{"href":"https:\/\/richeskarayib.com\/es\/wp-json\/wp\/v2\/posts"}],"about":[{"href":"https:\/\/richeskarayib.com\/es\/wp-json\/wp\/v2\/types\/post"}],"author":[{"embeddable":true,"href":"https:\/\/richeskarayib.com\/es\/wp-json\/wp\/v2\/users\/662"}],"replies":[{"embeddable":true,"href":"https:\/\/richeskarayib.com\/es\/wp-json\/wp\/v2\/comments?post=71655"}],"version-history":[{"count":0,"href":"https:\/\/richeskarayib.com\/es\/wp-json\/wp\/v2\/posts\/71655\/revisions"}],"wp:featuredmedia":[{"embeddable":true,"href":"https:\/\/richeskarayib.com\/es\/wp-json\/wp\/v2\/media\/71565"}],"wp:attachment":[{"href":"https:\/\/richeskarayib.com\/es\/wp-json\/wp\/v2\/media?parent=71655"}],"wp:term":[{"taxonomy":"category","embeddable":true,"href":"https:\/\/richeskarayib.com\/es\/wp-json\/wp\/v2\/categories?post=71655"},{"taxonomy":"post_tag","embeddable":true,"href":"https:\/\/richeskarayib.com\/es\/wp-json\/wp\/v2\/tags?post=71655"}],"curies":[{"name":"wp","href":"https:\/\/api.w.org\/{rel}","templated":true}]}}