{"id":71681,"date":"2026-03-31T14:00:31","date_gmt":"2026-03-31T18:00:31","guid":{"rendered":"https:\/\/richeskarayib.com\/colombia-ii-cumbre-de-los-pueblos-del-caribe-occidental-san-andres-da-peso-politico-a-la-unidad-regional\/"},"modified":"2026-03-31T14:00:34","modified_gmt":"2026-03-31T18:00:34","slug":"colombia-ii-cumbre-de-los-pueblos-del-caribe-occidental-san-andres-da-peso-politico-a-la-unidad-regional","status":"publish","type":"post","link":"https:\/\/richeskarayib.com\/es\/colombia-ii-cumbre-de-los-pueblos-del-caribe-occidental-san-andres-da-peso-politico-a-la-unidad-regional\/","title":{"rendered":"Colombia &#8211; II Cumbre de los Pueblos del Caribe Occidental: San Andr\u00e9s da peso pol\u00edtico a la unidad regional"},"content":{"rendered":"\t\t<div data-elementor-type=\"wp-post\" data-elementor-id=\"71681\" class=\"elementor elementor-71681 elementor-71659\" data-elementor-post-type=\"post\">\n\t\t\t\t\t\t<section class=\"elementor-section elementor-top-section elementor-element elementor-element-7ca7ca1 elementor-section-boxed elementor-section-height-default elementor-section-height-default\" data-id=\"7ca7ca1\" data-element_type=\"section\">\n\t\t\t\t\t\t<div class=\"elementor-container elementor-column-gap-default\">\n\t\t\t\t\t<div class=\"elementor-column elementor-col-100 elementor-top-column elementor-element elementor-element-cbdd002\" data-id=\"cbdd002\" data-element_type=\"column\">\n\t\t\t<div class=\"elementor-widget-wrap elementor-element-populated\">\n\t\t\t\t\t\t<section class=\"elementor-section elementor-inner-section elementor-element elementor-element-bc94849 elementor-section-boxed elementor-section-height-default elementor-section-height-default\" data-id=\"bc94849\" data-element_type=\"section\">\n\t\t\t\t\t\t<div class=\"elementor-container elementor-column-gap-default\">\n\t\t\t\t\t\t<\/div>\n\t\t<\/section>\n\t\t\t\t<section class=\"elementor-section elementor-inner-section elementor-element elementor-element-61571e6 elementor-section-boxed elementor-section-height-default elementor-section-height-default\" data-id=\"61571e6\" data-element_type=\"section\">\n\t\t\t\t\t\t<div class=\"elementor-container elementor-column-gap-default\">\n\t\t\t\t\t\t<\/div>\n\t\t<\/section>\n\t\t\t\t<section class=\"elementor-section elementor-inner-section elementor-element elementor-element-b6262e0 elementor-section-boxed elementor-section-height-default elementor-section-height-default\" data-id=\"b6262e0\" data-element_type=\"section\">\n\t\t\t\t\t\t<div class=\"elementor-container elementor-column-gap-default\">\n\t\t\t\t\t\t<\/div>\n\t\t<\/section>\n\t\t\t\t<section class=\"elementor-section elementor-inner-section elementor-element elementor-element-cca29fd elementor-section-boxed elementor-section-height-default elementor-section-height-default\" data-id=\"cca29fd\" data-element_type=\"section\">\n\t\t\t\t\t\t<div class=\"elementor-container elementor-column-gap-default\">\n\t\t\t\t\t\t<\/div>\n\t\t<\/section>\n\t\t\t\t\t<\/div>\n\t\t<\/div>\n\t\t\t\t\t<\/div>\n\t\t<\/section>\n\t\t\t\t<section class=\"elementor-section elementor-top-section elementor-element elementor-element-ee72354 elementor-section-boxed elementor-section-height-default elementor-section-height-default\" data-id=\"ee72354\" data-element_type=\"section\">\n\t\t\t\t\t\t<div class=\"elementor-container elementor-column-gap-default\">\n\t\t\t\t\t<div class=\"elementor-column elementor-col-100 elementor-top-column elementor-element elementor-element-c59d6fe\" data-id=\"c59d6fe\" data-element_type=\"column\">\n\t\t\t<div class=\"elementor-widget-wrap elementor-element-populated\">\n\t\t\t\t\t\t<div class=\"elementor-element elementor-element-973ec9a elementor-widget elementor-widget-text-editor\" data-id=\"973ec9a\" data-element_type=\"widget\" data-widget_type=\"text-editor.default\">\n\t\t\t\t<div class=\"elementor-widget-container\">\n\t\t\t\t\t\t\t\t\t<p><span style=\"font-weight: 400;\">La 2\u1d49 Cumbre de los Pueblos del Caribe Occidental marc\u00f3 un hito importante para varias comunidades afrodescendientes e ind\u00edgenas de la regi\u00f3n. Reunida en San Andr\u00e9s, la cumbre tuvo como resultado la entrega oficial de la Declaraci\u00f3n de San Andr\u00e9s, el Acta Constitucional y el Plan de Acci\u00f3n de la Confederaci\u00f3n de los Pueblos del Caribe Occidental. Este paso adelante proporciona un marco pol\u00edtico m\u00e1s s\u00f3lido para una din\u00e1mica regional impulsada por representantes de los pueblos raizal, gar\u00edfuna, miskito, criollo y otros pueblos de la cuenca occidental.  <\/span><\/p>\t\t\t\t\t\t\t\t<\/div>\n\t\t\t\t<\/div>\n\t\t\t\t<div class=\"elementor-element elementor-element-e57451f elementor-widget elementor-widget-text-editor\" data-id=\"e57451f\" data-element_type=\"widget\" data-widget_type=\"text-editor.default\">\n\t\t\t\t<div class=\"elementor-widget-container\">\n\t\t\t\t\t\t\t\t\t<p><span style=\"font-weight: 400;\">Con esta confederaci\u00f3n, la 2\u1d49 Cumbre de los Pueblos del Caribe Occidental da un paso adelante. La reuni\u00f3n de San Andr\u00e9s ya no se limita a hablar colectivamente. Establece una estructura com\u00fan destinada a llevar las prioridades regionales en materia de conectividad, derechos, cultura, econom\u00eda, educaci\u00f3n, medio ambiente y gobernanza.  <\/span><\/p>\t\t\t\t\t\t\t\t<\/div>\n\t\t\t\t<\/div>\n\t\t\t\t\t<\/div>\n\t\t<\/div>\n\t\t\t\t\t<\/div>\n\t\t<\/section>\n\t\t\t\t<section class=\"elementor-section elementor-top-section elementor-element elementor-element-82cd8f9 elementor-section-boxed elementor-section-height-default elementor-section-height-default\" data-id=\"82cd8f9\" data-element_type=\"section\">\n\t\t\t\t\t\t<div class=\"elementor-container elementor-column-gap-default\">\n\t\t\t\t\t<div class=\"elementor-column elementor-col-100 elementor-top-column elementor-element elementor-element-0bfdc38\" data-id=\"0bfdc38\" data-element_type=\"column\">\n\t\t\t<div class=\"elementor-widget-wrap elementor-element-populated\">\n\t\t\t\t\t\t<div class=\"elementor-element elementor-element-7d292fe elementor-widget elementor-widget-heading\" data-id=\"7d292fe\" data-element_type=\"widget\" data-widget_type=\"heading.default\">\n\t\t\t\t<div class=\"elementor-widget-container\">\n\t\t\t\t\t<h2 class=\"elementor-heading-title elementor-size-default\">La 2\u1d49 Cumbre de los Pueblos del Caribe Occidental: una organizaci\u00f3n regional que toma forma<\/h2>\t\t\t\t<\/div>\n\t\t\t\t<\/div>\n\t\t\t\t<div class=\"elementor-element elementor-element-289b094 elementor-widget elementor-widget-text-editor\" data-id=\"289b094\" data-element_type=\"widget\" data-widget_type=\"text-editor.default\">\n\t\t\t\t<div class=\"elementor-widget-container\">\n\t\t\t\t\t\t\t\t\t<p><span style=\"font-weight: 400;\">La importancia de la cumbre reside ante todo en lo que formaliza. La creaci\u00f3n de la Confederaci\u00f3n de los Pueblos del Caribe Occidental da mayor continuidad a un proceso que est\u00e1 en marcha desde la primera cumbre. Tambi\u00e9n refuerza el peso pol\u00edtico de comunidades que comparten realidades similares: marginaci\u00f3n, vulnerabilidad econ\u00f3mica, presi\u00f3n sobre los territorios, invisibilidad cultural y necesidad de representaci\u00f3n regional.  <\/span><\/p>\t\t\t\t\t\t\t\t<\/div>\n\t\t\t\t<\/div>\n\t\t\t\t<div class=\"elementor-element elementor-element-eb08444 elementor-widget elementor-widget-text-editor\" data-id=\"eb08444\" data-element_type=\"widget\" data-widget_type=\"text-editor.default\">\n\t\t\t\t<div class=\"elementor-widget-container\">\n\t\t\t\t\t\t\t\t\t<p><span style=\"font-weight: 400;\"><a href=\"https:\/\/richeskarayib.com\/es\/colombia-san-andres-una-isla-caribena-de-herencia-afrocaribena-y-un-mar-de-siete-colores\/\" target=\"_blank\" rel=\"noopener\">San Andr\u00e9s<\/a> es un lugar altamente simb\u00f3lico. El archipi\u00e9lago ocupa una posici\u00f3n estrat\u00e9gica en el Caribe Occidental y representa un espacio central para el pueblo raizal. La elecci\u00f3n de este territorio confiere a la cumbre un fuerte significado hist\u00f3rico y regional, recordando los antiguos v\u00ednculos entre las islas, las costas y los pueblos que viven en este espacio mar\u00edtimo.  <\/span><\/p>\t\t\t\t\t\t\t\t<\/div>\n\t\t\t\t<\/div>\n\t\t\t\t<div class=\"elementor-element elementor-element-46fe183 elementor-widget elementor-widget-text-editor\" data-id=\"46fe183\" data-element_type=\"widget\" data-widget_type=\"text-editor.default\">\n\t\t\t\t<div class=\"elementor-widget-container\">\n\t\t\t\t\t\t\t\t\t<p><span style=\"font-weight: 400;\">La 2\u1d49 Cumbre de los Pueblos del Caribe Occidental propone as\u00ed una interpretaci\u00f3n de la regi\u00f3n basada en las propias comunidades. Este enfoque vuelve a centrar la atenci\u00f3n en las lenguas, los movimientos mar\u00edtimos, los patrimonios compartidos, los intercambios locales y las formas de organizaci\u00f3n propias de los territorios. <\/span><\/p>\t\t\t\t\t\t\t\t<\/div>\n\t\t\t\t<\/div>\n\t\t\t\t<div class=\"elementor-element elementor-element-4688aa9 elementor-widget elementor-widget-image\" data-id=\"4688aa9\" data-element_type=\"widget\" data-widget_type=\"image.default\">\n\t\t\t\t<div class=\"elementor-widget-container\">\n\t\t\t\t\t\t\t\t\t\t\t\t\t\t\t<img fetchpriority=\"high\" decoding=\"async\" width=\"800\" height=\"534\" src=\"https:\/\/richeskarayib.com\/wp-content\/uploads\/2026\/03\/WhatsApp-Image-2025-12-10-at-17.43.58-1024x683.jpeg\" class=\"attachment-large size-large wp-image-71667\" alt=\"2e Sommet des Peuples de la Cara\u00efbe\" srcset=\"https:\/\/richeskarayib.com\/wp-content\/uploads\/2026\/03\/WhatsApp-Image-2025-12-10-at-17.43.58-1024x683.jpeg 1024w, https:\/\/richeskarayib.com\/wp-content\/uploads\/2026\/03\/WhatsApp-Image-2025-12-10-at-17.43.58-300x200.jpeg 300w, https:\/\/richeskarayib.com\/wp-content\/uploads\/2026\/03\/WhatsApp-Image-2025-12-10-at-17.43.58-768x512.jpeg 768w, https:\/\/richeskarayib.com\/wp-content\/uploads\/2026\/03\/WhatsApp-Image-2025-12-10-at-17.43.58-1536x1024.jpeg 1536w, https:\/\/richeskarayib.com\/wp-content\/uploads\/2026\/03\/WhatsApp-Image-2025-12-10-at-17.43.58-1320x880.jpeg 1320w, https:\/\/richeskarayib.com\/wp-content\/uploads\/2026\/03\/WhatsApp-Image-2025-12-10-at-17.43.58.jpeg 1920w\" sizes=\"(max-width: 800px) 100vw, 800px\" \/>\t\t\t\t\t\t\t\t\t\t\t\t\t\t\t<\/div>\n\t\t\t\t<\/div>\n\t\t\t\t<section class=\"elementor-section elementor-inner-section elementor-element elementor-element-c582330 elementor-section-boxed elementor-section-height-default elementor-section-height-default\" data-id=\"c582330\" data-element_type=\"section\">\n\t\t\t\t\t\t<div class=\"elementor-container elementor-column-gap-default\">\n\t\t\t\t\t\t<\/div>\n\t\t<\/section>\n\t\t\t\t<section class=\"elementor-section elementor-inner-section elementor-element elementor-element-296603a elementor-section-boxed elementor-section-height-default elementor-section-height-default\" data-id=\"296603a\" data-element_type=\"section\">\n\t\t\t\t\t\t<div class=\"elementor-container elementor-column-gap-default\">\n\t\t\t\t\t\t<\/div>\n\t\t<\/section>\n\t\t\t\t\t<\/div>\n\t\t<\/div>\n\t\t\t\t\t<\/div>\n\t\t<\/section>\n\t\t\t\t<section class=\"elementor-section elementor-top-section elementor-element elementor-element-9c88a89 elementor-section-boxed elementor-section-height-default elementor-section-height-default\" data-id=\"9c88a89\" data-element_type=\"section\">\n\t\t\t\t\t\t<div class=\"elementor-container elementor-column-gap-default\">\n\t\t\t\t\t<div class=\"elementor-column elementor-col-100 elementor-top-column elementor-element elementor-element-78cf5d1\" data-id=\"78cf5d1\" data-element_type=\"column\">\n\t\t\t<div class=\"elementor-widget-wrap elementor-element-populated\">\n\t\t\t\t\t\t<div class=\"elementor-element elementor-element-ea2a5c1 elementor-widget elementor-widget-heading\" data-id=\"ea2a5c1\" data-element_type=\"widget\" data-widget_type=\"heading.default\">\n\t\t\t\t<div class=\"elementor-widget-container\">\n\t\t\t\t\t<h2 class=\"elementor-heading-title elementor-size-default\">Una hoja de ruta centrada en el tr\u00e1fico, la econom\u00eda y las regiones<\/h2>\t\t\t\t<\/div>\n\t\t\t\t<\/div>\n\t\t\t\t<div class=\"elementor-element elementor-element-e305eee elementor-widget elementor-widget-text-editor\" data-id=\"e305eee\" data-element_type=\"widget\" data-widget_type=\"text-editor.default\">\n\t\t\t\t<div class=\"elementor-widget-container\">\n\t\t\t\t\t\t\t\t\t<p><span style=\"font-weight: 400;\">Uno de los puntos fuertes de la 2\u1d49 Cumbre de los Pueblos del Caribe Occidental reside en su contenido concreto. La declaraci\u00f3n identifica varias prioridades: reforzar las rutas mar\u00edtimas y a\u00e9reas, reducir los costes log\u00edsticos, facilitar el comercio regional, apoyar a las empresas comunitarias y consolidar las cadenas de producci\u00f3n locales. La pesca artesanal, la agricultura de subsistencia, la bioeconom\u00eda y el turismo sostenible ocupan un lugar destacado en esta visi\u00f3n.  <\/span><\/p>\t\t\t\t\t\t\t\t<\/div>\n\t\t\t\t<\/div>\n\t\t\t\t<div class=\"elementor-element elementor-element-2e3f914 elementor-widget elementor-widget-text-editor\" data-id=\"2e3f914\" data-element_type=\"widget\" data-widget_type=\"text-editor.default\">\n\t\t\t\t<div class=\"elementor-widget-container\">\n\t\t\t\t\t\t\t\t\t<p><span style=\"font-weight: 400;\">Esta orientaci\u00f3n confiere a la cumbre un alcance muy pr\u00e1ctico. Las cuestiones regionales se abordan desde el \u00e1ngulo de la circulaci\u00f3n de personas, mercanc\u00edas, conocimientos t\u00e9cnicos y oportunidades. Para las regiones que a menudo se enfrentan al aislamiento, a costes elevados y a fuertes dependencias externas, esta hoja de ruta econ\u00f3mica tiene un peso real.  <\/span><\/p>\t\t\t\t\t\t\t\t<\/div>\n\t\t\t\t<\/div>\n\t\t\t\t<div class=\"elementor-element elementor-element-67bccc3 elementor-widget elementor-widget-text-editor\" data-id=\"67bccc3\" data-element_type=\"widget\" data-widget_type=\"text-editor.default\">\n\t\t\t\t<div class=\"elementor-widget-container\">\n\t\t\t\t\t\t\t\t\t<p><span style=\"font-weight: 400;\">La declaraci\u00f3n tambi\u00e9n prev\u00e9 mecanismos de cooperaci\u00f3n m\u00e1s avanzados en materia de comercio, inversi\u00f3n, log\u00edstica y coordinaci\u00f3n institucional. Por tanto, la 2\u1d49 Cumbre de los Pueblos del Caribe Occidental concede un lugar central a la autonom\u00eda econ\u00f3mica y a la capacidad de las comunidades para controlar mejor sus propios canales comerciales. <\/span><\/p>\t\t\t\t\t\t\t\t<\/div>\n\t\t\t\t<\/div>\n\t\t\t\t<div class=\"elementor-element elementor-element-655d3d7 elementor-widget elementor-widget-image\" data-id=\"655d3d7\" data-element_type=\"widget\" data-widget_type=\"image.default\">\n\t\t\t\t<div class=\"elementor-widget-container\">\n\t\t\t\t\t\t\t\t\t\t\t\t\t\t\t<img decoding=\"async\" width=\"800\" height=\"534\" src=\"https:\/\/richeskarayib.com\/wp-content\/uploads\/2026\/03\/WhatsApp-Image-2025-12-10-at-17.43.57-1024x683.jpeg\" class=\"attachment-large size-large wp-image-71671\" alt=\"2e Sommet des Peuples de la Cara\u00efbe\" srcset=\"https:\/\/richeskarayib.com\/wp-content\/uploads\/2026\/03\/WhatsApp-Image-2025-12-10-at-17.43.57-1024x683.jpeg 1024w, https:\/\/richeskarayib.com\/wp-content\/uploads\/2026\/03\/WhatsApp-Image-2025-12-10-at-17.43.57-300x200.jpeg 300w, https:\/\/richeskarayib.com\/wp-content\/uploads\/2026\/03\/WhatsApp-Image-2025-12-10-at-17.43.57-768x512.jpeg 768w, https:\/\/richeskarayib.com\/wp-content\/uploads\/2026\/03\/WhatsApp-Image-2025-12-10-at-17.43.57-1536x1024.jpeg 1536w, https:\/\/richeskarayib.com\/wp-content\/uploads\/2026\/03\/WhatsApp-Image-2025-12-10-at-17.43.57-1320x880.jpeg 1320w, https:\/\/richeskarayib.com\/wp-content\/uploads\/2026\/03\/WhatsApp-Image-2025-12-10-at-17.43.57.jpeg 1920w\" sizes=\"(max-width: 800px) 100vw, 800px\" \/>\t\t\t\t\t\t\t\t\t\t\t\t\t\t\t<\/div>\n\t\t\t\t<\/div>\n\t\t\t\t\t<\/div>\n\t\t<\/div>\n\t\t\t\t\t<\/div>\n\t\t<\/section>\n\t\t\t\t<section class=\"elementor-section elementor-top-section elementor-element elementor-element-ee7f5d7 elementor-section-boxed elementor-section-height-default elementor-section-height-default\" data-id=\"ee7f5d7\" data-element_type=\"section\">\n\t\t\t\t\t\t<div class=\"elementor-container elementor-column-gap-default\">\n\t\t\t\t\t<div class=\"elementor-column elementor-col-100 elementor-top-column elementor-element elementor-element-0669c08\" data-id=\"0669c08\" data-element_type=\"column\">\n\t\t\t<div class=\"elementor-widget-wrap elementor-element-populated\">\n\t\t\t\t\t\t<div class=\"elementor-element elementor-element-acc47ca elementor-widget elementor-widget-heading\" data-id=\"acc47ca\" data-element_type=\"widget\" data-widget_type=\"heading.default\">\n\t\t\t\t<div class=\"elementor-widget-container\">\n\t\t\t\t\t<h2 class=\"elementor-heading-title elementor-size-default\">Lenguas ancestrales y memoria colectiva: uno de los principales temas de la cumbre<\/h2>\t\t\t\t<\/div>\n\t\t\t\t<\/div>\n\t\t\t\t<div class=\"elementor-element elementor-element-4bb1533 elementor-widget elementor-widget-text-editor\" data-id=\"4bb1533\" data-element_type=\"widget\" data-widget_type=\"text-editor.default\">\n\t\t\t\t<div class=\"elementor-widget-container\">\n\t\t\t\t\t\t\t\t\t<p><span style=\"font-weight: 400;\">La cuesti\u00f3n ling\u00fc\u00edstica desempe\u00f1a un papel importante en las decisiones tomadas en San Andr\u00e9s. El criollo, el miskito, el gar\u00edfuna y otras lenguas regionales se presentan como componentes esenciales de la identidad de los pueblos del Caribe Occidental. Su transmisi\u00f3n intergeneracional, su presencia en la educaci\u00f3n y su reconocimiento institucional son algunos de los objetivos seleccionados. La 2\u1d49 Cumbre de los Pueblos del Caribe Occidental env\u00eda aqu\u00ed una se\u00f1al fuerte. En esta regi\u00f3n, la lengua afecta directamente a la memoria, la cultura, la dignidad colectiva y la relaci\u00f3n con el territorio. Su preservaci\u00f3n es, por tanto, una opci\u00f3n pol\u00edtica y cultural clave.     <\/span><\/p>\t\t\t\t\t\t\t\t<\/div>\n\t\t\t\t<\/div>\n\t\t\t\t<div class=\"elementor-element elementor-element-225ff5a elementor-widget elementor-widget-text-editor\" data-id=\"225ff5a\" data-element_type=\"widget\" data-widget_type=\"text-editor.default\">\n\t\t\t\t<div class=\"elementor-widget-container\">\n\t\t\t\t\t\t\t\t\t<p><span style=\"font-weight: 400;\">La declaraci\u00f3n tambi\u00e9n plantea la posibilidad de un reconocimiento m\u00e1s amplio de las lenguas ancestrales como patrimonio inmaterial. Esta perspectiva refuerza el papel de la cultura en la estructuraci\u00f3n del proyecto regional de San Andr\u00e9s. <\/span><\/p>\t\t\t\t\t\t\t\t<\/div>\n\t\t\t\t<\/div>\n\t\t\t\t<div class=\"elementor-element elementor-element-6c1ce6c elementor-widget elementor-widget-image\" data-id=\"6c1ce6c\" data-element_type=\"widget\" data-widget_type=\"image.default\">\n\t\t\t\t<div class=\"elementor-widget-container\">\n\t\t\t\t\t\t\t\t\t\t\t\t\t\t\t<img decoding=\"async\" width=\"800\" height=\"534\" src=\"https:\/\/richeskarayib.com\/wp-content\/uploads\/2026\/03\/WhatsApp-Image-2025-12-10-at-17.44.00-1024x683.jpeg\" class=\"attachment-large size-large wp-image-71675\" alt=\"2e Sommet des Peuples de la Cara\u00efbe\" srcset=\"https:\/\/richeskarayib.com\/wp-content\/uploads\/2026\/03\/WhatsApp-Image-2025-12-10-at-17.44.00-1024x683.jpeg 1024w, https:\/\/richeskarayib.com\/wp-content\/uploads\/2026\/03\/WhatsApp-Image-2025-12-10-at-17.44.00-300x200.jpeg 300w, https:\/\/richeskarayib.com\/wp-content\/uploads\/2026\/03\/WhatsApp-Image-2025-12-10-at-17.44.00-768x512.jpeg 768w, https:\/\/richeskarayib.com\/wp-content\/uploads\/2026\/03\/WhatsApp-Image-2025-12-10-at-17.44.00-1536x1024.jpeg 1536w, https:\/\/richeskarayib.com\/wp-content\/uploads\/2026\/03\/WhatsApp-Image-2025-12-10-at-17.44.00-1320x880.jpeg 1320w, https:\/\/richeskarayib.com\/wp-content\/uploads\/2026\/03\/WhatsApp-Image-2025-12-10-at-17.44.00.jpeg 1920w\" sizes=\"(max-width: 800px) 100vw, 800px\" \/>\t\t\t\t\t\t\t\t\t\t\t\t\t\t\t<\/div>\n\t\t\t\t<\/div>\n\t\t\t\t\t<\/div>\n\t\t<\/div>\n\t\t\t\t\t<\/div>\n\t\t<\/section>\n\t\t\t\t<section class=\"elementor-section elementor-top-section elementor-element elementor-element-d0fd0c0 elementor-section-boxed elementor-section-height-default elementor-section-height-default\" data-id=\"d0fd0c0\" data-element_type=\"section\">\n\t\t\t\t\t\t<div class=\"elementor-container elementor-column-gap-default\">\n\t\t\t\t\t<div class=\"elementor-column elementor-col-100 elementor-top-column elementor-element elementor-element-1e2ec65\" data-id=\"1e2ec65\" data-element_type=\"column\">\n\t\t\t<div class=\"elementor-widget-wrap elementor-element-populated\">\n\t\t\t\t\t\t<div class=\"elementor-element elementor-element-316145b elementor-widget elementor-widget-heading\" data-id=\"316145b\" data-element_type=\"widget\" data-widget_type=\"heading.default\">\n\t\t\t\t<div class=\"elementor-widget-container\">\n\t\t\t\t\t<h2 class=\"elementor-heading-title elementor-size-default\">Clima, justicia hist\u00f3rica e inteligencia artificial en el programa regional<\/h2>\t\t\t\t<\/div>\n\t\t\t\t<\/div>\n\t\t\t\t<div class=\"elementor-element elementor-element-54e5967 elementor-widget elementor-widget-text-editor\" data-id=\"54e5967\" data-element_type=\"widget\" data-widget_type=\"text-editor.default\">\n\t\t\t\t<div class=\"elementor-widget-container\">\n\t\t\t\t\t\t\t\t\t<p><span style=\"font-weight: 400;\">La 2\u1d49 Cumbre de los Pueblos del Caribe Occidental tambi\u00e9n articula cuestiones hist\u00f3ricas y retos muy actuales. Las comunidades reunidas en San Andr\u00e9s recuerdan los efectos duraderos del racismo estructural, la exclusi\u00f3n pol\u00edtica, el despojo territorial y la violencia sufridos en varios territorios de la regi\u00f3n. La declaraci\u00f3n sit\u00faa claramente la cuesti\u00f3n de la reparaci\u00f3n hist\u00f3rica y la protecci\u00f3n de los derechos colectivos en su agenda regional.    <\/span><\/p>\t\t\t\t\t\t\t\t<\/div>\n\t\t\t\t<\/div>\n\t\t\t\t<div class=\"elementor-element elementor-element-79a7449 elementor-widget elementor-widget-text-editor\" data-id=\"79a7449\" data-element_type=\"widget\" data-widget_type=\"text-editor.default\">\n\t\t\t\t<div class=\"elementor-widget-container\">\n\t\t\t\t\t\t\t\t\t<p><span style=\"font-weight: 400;\">  El medio ambiente es tambi\u00e9n uno de los temas clave de la cumbre. Los pueblos del Caribe Occidental se presentan como los guardianes hist\u00f3ricos de territorios fr\u00e1giles, expuestos a los huracanes, a la degradaci\u00f3n de los ecosistemas y a los efectos del cambio clim\u00e1tico. La respuesta defendida en San Andr\u00e9s se basa en la biodiversidad, los conocimientos tradicionales, la resiliencia de las comunidades y las formas de producci\u00f3n compatibles con los equilibrios locales.  <\/span><\/p>\t\t\t\t\t\t\t\t<\/div>\n\t\t\t\t<\/div>\n\t\t\t\t<div class=\"elementor-element elementor-element-e4fa69b elementor-widget elementor-widget-text-editor\" data-id=\"e4fa69b\" data-element_type=\"widget\" data-widget_type=\"text-editor.default\">\n\t\t\t\t<div class=\"elementor-widget-container\">\n\t\t\t\t\t\t\t\t\t<p><span style=\"font-weight: 400;\">Otra cuesti\u00f3n clave es la tecnolog\u00eda. La declaraci\u00f3n dedica varios pasajes a la inteligencia artificial, el sesgo algor\u00edtmico, la miner\u00eda de datos y las nuevas desigualdades digitales. Introduce la noci\u00f3n de etnocodificaci\u00f3n, presentada como un enfoque regional destinado a adaptar las tecnolog\u00edas a las realidades culturales, ling\u00fc\u00edsticas y territoriales de los pueblos afectados. Esta vertiente confiere a la 2\u1d49 Cumbre de los Pueblos del Caribe Occidental una dimensi\u00f3n particularmente contempor\u00e1nea.   <\/span><\/p>\t\t\t\t\t\t\t\t<\/div>\n\t\t\t\t<\/div>\n\t\t\t\t<div class=\"elementor-element elementor-element-a65d05f elementor-widget elementor-widget-image\" data-id=\"a65d05f\" data-element_type=\"widget\" data-widget_type=\"image.default\">\n\t\t\t\t<div class=\"elementor-widget-container\">\n\t\t\t\t\t\t\t\t\t\t\t\t\t\t\t<img loading=\"lazy\" decoding=\"async\" width=\"800\" height=\"533\" src=\"https:\/\/richeskarayib.com\/wp-content\/uploads\/2026\/03\/WhatsApp-Image-2025-12-12-at-4.23.45-PM-1024x682.jpeg\" class=\"attachment-large size-large wp-image-71679\" alt=\"2e Sommet des Peuples de la Cara\u00efbe\" srcset=\"https:\/\/richeskarayib.com\/wp-content\/uploads\/2026\/03\/WhatsApp-Image-2025-12-12-at-4.23.45-PM-1024x682.jpeg 1024w, https:\/\/richeskarayib.com\/wp-content\/uploads\/2026\/03\/WhatsApp-Image-2025-12-12-at-4.23.45-PM-300x200.jpeg 300w, https:\/\/richeskarayib.com\/wp-content\/uploads\/2026\/03\/WhatsApp-Image-2025-12-12-at-4.23.45-PM-768x512.jpeg 768w, https:\/\/richeskarayib.com\/wp-content\/uploads\/2026\/03\/WhatsApp-Image-2025-12-12-at-4.23.45-PM-1536x1023.jpeg 1536w, https:\/\/richeskarayib.com\/wp-content\/uploads\/2026\/03\/WhatsApp-Image-2025-12-12-at-4.23.45-PM-1320x879.jpeg 1320w, https:\/\/richeskarayib.com\/wp-content\/uploads\/2026\/03\/WhatsApp-Image-2025-12-12-at-4.23.45-PM.jpeg 1600w\" sizes=\"(max-width: 800px) 100vw, 800px\" \/>\t\t\t\t\t\t\t\t\t\t\t\t\t\t\t<\/div>\n\t\t\t\t<\/div>\n\t\t\t\t\t<\/div>\n\t\t<\/div>\n\t\t\t\t\t<\/div>\n\t\t<\/section>\n\t\t\t\t<section class=\"elementor-section elementor-top-section elementor-element elementor-element-f03d675 elementor-section-boxed elementor-section-height-default elementor-section-height-default\" data-id=\"f03d675\" data-element_type=\"section\">\n\t\t\t\t\t\t<div class=\"elementor-container elementor-column-gap-default\">\n\t\t\t\t\t<div class=\"elementor-column elementor-col-100 elementor-top-column elementor-element elementor-element-ddb1e36\" data-id=\"ddb1e36\" data-element_type=\"column\">\n\t\t\t<div class=\"elementor-widget-wrap elementor-element-populated\">\n\t\t\t\t\t\t<div class=\"elementor-element elementor-element-66035d3 elementor-widget elementor-widget-heading\" data-id=\"66035d3\" data-element_type=\"widget\" data-widget_type=\"heading.default\">\n\t\t\t\t<div class=\"elementor-widget-container\">\n\t\t\t\t\t<h2 class=\"elementor-heading-title elementor-size-default\">San Andr\u00e9s abre una nueva etapa<\/h2>\t\t\t\t<\/div>\n\t\t\t\t<\/div>\n\t\t\t\t<div class=\"elementor-element elementor-element-cae4ec8 elementor-widget elementor-widget-text-editor\" data-id=\"cae4ec8\" data-element_type=\"widget\" data-widget_type=\"text-editor.default\">\n\t\t\t\t<div class=\"elementor-widget-container\">\n\t\t\t\t\t\t\t\t\t<p><span style=\"font-weight: 400;\">El principal resultado pol\u00edtico de la <a href=\"https:\/\/www.cancilleria.gov.co\/newsroom\/news\/colombia-instala-ii-cumbre-pueblos-caribe-occidental-anuncia-observatorio-politica\" target=\"_blank\" rel=\"noopener nofollow\">2\u1d49 Cumbre de los Pueblos del Caribe Occidental<\/a> radica en este deseo de organizaci\u00f3n sostenible. Con la confederaci\u00f3n, los pueblos reunidos en San Andr\u00e9s disponen ahora de un marco m\u00e1s estructurado para plantear sus posiciones sobre conectividad, territorios, lenguas, comercio, derechos y gobernanza regional. La cumbre tambi\u00e9n da mayor visibilidad a un Caribe Occidental que a menudo queda relegado de la narrativa oficial. Aqu\u00ed, las comunidades est\u00e1n hablando sobre su futuro, sus prioridades y sobre c\u00f3mo pueden tener m\u00e1s voz en los debates regionales. Estos acontecimientos confieren a San Andr\u00e9s un lugar especial en la historia reciente de la cooperaci\u00f3n caribe\u00f1a.    <\/span><\/p>\t\t\t\t\t\t\t\t<\/div>\n\t\t\t\t<\/div>\n\t\t\t\t<div class=\"elementor-element elementor-element-aff9c1f elementor-widget elementor-widget-text-editor\" data-id=\"aff9c1f\" data-element_type=\"widget\" data-widget_type=\"text-editor.default\">\n\t\t\t\t<div class=\"elementor-widget-container\">\n\t\t\t\t\t\t\t\t\t<p><span style=\"font-weight: 400;\">La pr\u00f3xima edici\u00f3n, prevista en Bocas del Toro, Panam\u00e1, confirma esta voluntad de continuidad. La 2\u1d49 Cumbre de los Pueblos del Caribe Occidental env\u00eda, por tanto, una clara se\u00f1al pol\u00edtica: el Caribe Occidental se organiza, clarifica sus prioridades y pretende desempe\u00f1ar un papel m\u00e1s importante en la definici\u00f3n de su futuro regional. <\/span><\/p>\t\t\t\t\t\t\t\t<\/div>\n\t\t\t\t<\/div>\n\t\t\t\t<div class=\"elementor-element elementor-element-a771396 elementor-widget elementor-widget-text-editor\" data-id=\"a771396\" data-element_type=\"widget\" data-widget_type=\"text-editor.default\">\n\t\t\t\t<div class=\"elementor-widget-container\">\n\t\t\t\t\t\t\t\t\t<h4><strong>\ud83d\udcf8\u00a9GOV.CO<br><\/strong><\/h4>\t\t\t\t\t\t\t\t<\/div>\n\t\t\t\t<\/div>\n\t\t\t\t\t<\/div>\n\t\t<\/div>\n\t\t\t\t\t<\/div>\n\t\t<\/section>\n\t\t\t\t<section class=\"elementor-section elementor-top-section elementor-element elementor-element-f5709a6 elementor-section-boxed elementor-section-height-default elementor-section-height-default\" data-id=\"f5709a6\" data-element_type=\"section\">\n\t\t\t\t\t\t<div class=\"elementor-container elementor-column-gap-default\">\n\t\t\t\t\t<div class=\"elementor-column elementor-col-100 elementor-top-column elementor-element elementor-element-957be6f\" data-id=\"957be6f\" data-element_type=\"column\">\n\t\t\t<div class=\"elementor-widget-wrap elementor-element-populated\">\n\t\t\t\t\t\t<div class=\"elementor-element elementor-element-63e5d4a elementor-widget elementor-widget-accordion\" data-id=\"63e5d4a\" data-element_type=\"widget\" data-widget_type=\"accordion.default\">\n\t\t\t\t<div class=\"elementor-widget-container\">\n\t\t\t\t\t\t\t<div class=\"elementor-accordion\">\n\t\t\t\t\t\t\t<div class=\"elementor-accordion-item\">\n\t\t\t\t\t<div id=\"elementor-tab-title-1041\" class=\"elementor-tab-title\" data-tab=\"1\" role=\"button\" aria-controls=\"elementor-tab-content-1041\" aria-expanded=\"false\">\n\t\t\t\t\t\t\t\t\t\t\t\t\t<span class=\"elementor-accordion-icon elementor-accordion-icon-left\" aria-hidden=\"true\">\n\t\t\t\t\t\t\t\t\t\t\t\t\t\t\t<span class=\"elementor-accordion-icon-closed\"><i class=\"fas fa-plus\"><\/i><\/span>\n\t\t\t\t\t\t\t\t<span class=\"elementor-accordion-icon-opened\"><i class=\"fas fa-minus\"><\/i><\/span>\n\t\t\t\t\t\t\t\t\t\t\t\t\t\t<\/span>\n\t\t\t\t\t\t\t\t\t\t\t\t<a class=\"elementor-accordion-title\" tabindex=\"0\">\u00bfQu\u00e9 es la 2\u1d49 Cumbre de los Pueblos del Caribe Occidental?<\/a>\n\t\t\t\t\t<\/div>\n\t\t\t\t\t<div id=\"elementor-tab-content-1041\" class=\"elementor-tab-content elementor-clearfix\" data-tab=\"1\" role=\"region\" aria-labelledby=\"elementor-tab-title-1041\"><p><span style=\"font-weight: 400;\">La 2\u1d49 Cumbre de los Pueblos del Caribe Occidental es un encuentro regional que re\u00fane a representantes de comunidades afrodescendientes e ind\u00edgenas, as\u00ed como a actores institucionales y acad\u00e9micos, para debatir cuestiones de integraci\u00f3n, cultura, econom\u00eda y gobernanza en la regi\u00f3n.<\/span><\/p>\n<\/div>\n\t\t\t\t<\/div>\n\t\t\t\t\t\t\t<div class=\"elementor-accordion-item\">\n\t\t\t\t\t<div id=\"elementor-tab-title-1042\" class=\"elementor-tab-title\" data-tab=\"2\" role=\"button\" aria-controls=\"elementor-tab-content-1042\" aria-expanded=\"false\">\n\t\t\t\t\t\t\t\t\t\t\t\t\t<span class=\"elementor-accordion-icon elementor-accordion-icon-left\" aria-hidden=\"true\">\n\t\t\t\t\t\t\t\t\t\t\t\t\t\t\t<span class=\"elementor-accordion-icon-closed\"><i class=\"fas fa-plus\"><\/i><\/span>\n\t\t\t\t\t\t\t\t<span class=\"elementor-accordion-icon-opened\"><i class=\"fas fa-minus\"><\/i><\/span>\n\t\t\t\t\t\t\t\t\t\t\t\t\t\t<\/span>\n\t\t\t\t\t\t\t\t\t\t\t\t<a class=\"elementor-accordion-title\" tabindex=\"0\">\u00bfQu\u00e9 decisi\u00f3n importante se tom\u00f3 en la 2\u1d49 Cumbre de los Pueblos del Caribe Occidental?<\/a>\n\t\t\t\t\t<\/div>\n\t\t\t\t\t<div id=\"elementor-tab-content-1042\" class=\"elementor-tab-content elementor-clearfix\" data-tab=\"2\" role=\"region\" aria-labelledby=\"elementor-tab-title-1042\"><p><span style=\"font-weight: 400;\">La 2\u1d49 Cumbre de los Pueblos del Caribe Occidental desemboc\u00f3 en la creaci\u00f3n de la Confederaci\u00f3n de los Pueblos del Caribe Occidental, acompa\u00f1ada de una declaraci\u00f3n oficial y de un plan de acci\u00f3n que estructura la cooperaci\u00f3n regional.<\/span><\/p>\n<\/div>\n\t\t\t\t<\/div>\n\t\t\t\t\t\t\t<div class=\"elementor-accordion-item\">\n\t\t\t\t\t<div id=\"elementor-tab-title-1043\" class=\"elementor-tab-title\" data-tab=\"3\" role=\"button\" aria-controls=\"elementor-tab-content-1043\" aria-expanded=\"false\">\n\t\t\t\t\t\t\t\t\t\t\t\t\t<span class=\"elementor-accordion-icon elementor-accordion-icon-left\" aria-hidden=\"true\">\n\t\t\t\t\t\t\t\t\t\t\t\t\t\t\t<span class=\"elementor-accordion-icon-closed\"><i class=\"fas fa-plus\"><\/i><\/span>\n\t\t\t\t\t\t\t\t<span class=\"elementor-accordion-icon-opened\"><i class=\"fas fa-minus\"><\/i><\/span>\n\t\t\t\t\t\t\t\t\t\t\t\t\t\t<\/span>\n\t\t\t\t\t\t\t\t\t\t\t\t<a class=\"elementor-accordion-title\" tabindex=\"0\">\u00bfPor qu\u00e9 es importante la Cumbre de los Pueblos del Caribe Occidental?<\/a>\n\t\t\t\t\t<\/div>\n\t\t\t\t\t<div id=\"elementor-tab-content-1043\" class=\"elementor-tab-content elementor-clearfix\" data-tab=\"3\" role=\"region\" aria-labelledby=\"elementor-tab-title-1043\"><p><span style=\"font-weight: 400;\">La 2\u1d49 Cumbre de los Pueblos del Caribe Occidental marca un paso adelante en la estructuraci\u00f3n pol\u00edtica de los pueblos de la regi\u00f3n, dot\u00e1ndoles de un marco com\u00fan para llevar adelante sus prioridades econ\u00f3micas, culturales, medioambientales e institucionales.<\/span><\/p>\n<\/div>\n\t\t\t\t<\/div>\n\t\t\t\t\t\t\t<div class=\"elementor-accordion-item\">\n\t\t\t\t\t<div id=\"elementor-tab-title-1044\" class=\"elementor-tab-title\" data-tab=\"4\" role=\"button\" aria-controls=\"elementor-tab-content-1044\" aria-expanded=\"false\">\n\t\t\t\t\t\t\t\t\t\t\t\t\t<span class=\"elementor-accordion-icon elementor-accordion-icon-left\" aria-hidden=\"true\">\n\t\t\t\t\t\t\t\t\t\t\t\t\t\t\t<span class=\"elementor-accordion-icon-closed\"><i class=\"fas fa-plus\"><\/i><\/span>\n\t\t\t\t\t\t\t\t<span class=\"elementor-accordion-icon-opened\"><i class=\"fas fa-minus\"><\/i><\/span>\n\t\t\t\t\t\t\t\t\t\t\t\t\t\t<\/span>\n\t\t\t\t\t\t\t\t\t\t\t\t<a class=\"elementor-accordion-title\" tabindex=\"0\">\u00bfQu\u00e9 temas se debatieron en la 2\u1d49 Cumbre de los Pueblos del Caribe Occidental?<\/a>\n\t\t\t\t\t<\/div>\n\t\t\t\t\t<div id=\"elementor-tab-content-1044\" class=\"elementor-tab-content elementor-clearfix\" data-tab=\"4\" role=\"region\" aria-labelledby=\"elementor-tab-title-1044\"><p><span style=\"font-weight: 400;\">La 2\u1d49 Cumbre de los Pueblos del Caribe Occidental abord\u00f3 temas clave como la conectividad regional, el desarrollo econ\u00f3mico local, la preservaci\u00f3n de las lenguas ancestrales, la justicia hist\u00f3rica, la gesti\u00f3n del clima y cuestiones relacionadas con la tecnolog\u00eda y la inteligencia artificial.<\/span><\/p>\n<\/div>\n\t\t\t\t<\/div>\n\t\t\t\t\t\t\t<div class=\"elementor-accordion-item\">\n\t\t\t\t\t<div id=\"elementor-tab-title-1045\" class=\"elementor-tab-title\" data-tab=\"5\" role=\"button\" aria-controls=\"elementor-tab-content-1045\" aria-expanded=\"false\">\n\t\t\t\t\t\t\t\t\t\t\t\t\t<span class=\"elementor-accordion-icon elementor-accordion-icon-left\" aria-hidden=\"true\">\n\t\t\t\t\t\t\t\t\t\t\t\t\t\t\t<span class=\"elementor-accordion-icon-closed\"><i class=\"fas fa-plus\"><\/i><\/span>\n\t\t\t\t\t\t\t\t<span class=\"elementor-accordion-icon-opened\"><i class=\"fas fa-minus\"><\/i><\/span>\n\t\t\t\t\t\t\t\t\t\t\t\t\t\t<\/span>\n\t\t\t\t\t\t\t\t\t\t\t\t<a class=\"elementor-accordion-title\" tabindex=\"0\">\u00bfCu\u00e1l es el siguiente paso tras la Cumbre de los Pueblos del Caribe Occidental de 2\u1d49?<\/a>\n\t\t\t\t\t<\/div>\n\t\t\t\t\t<div id=\"elementor-tab-content-1045\" class=\"elementor-tab-content elementor-clearfix\" data-tab=\"5\" role=\"region\" aria-labelledby=\"elementor-tab-title-1045\"><p><span style=\"font-weight: 400;\">El siguiente paso anunciado tras la 2\u1d49 Cumbre de los Pueblos del Caribe Occidental es la organizaci\u00f3n de una tercera edici\u00f3n, prevista en Bocas del Toro (Panam\u00e1), para continuar la estructuraci\u00f3n y la cooperaci\u00f3n entre los pueblos de la regi\u00f3n.<\/span><\/p>\n<\/div>\n\t\t\t\t<\/div>\n\t\t\t\t\t\t\t\t<\/div>\n\t\t\t\t\t\t<\/div>\n\t\t\t\t<\/div>\n\t\t\t\t\t<\/div>\n\t\t<\/div>\n\t\t\t\t\t<\/div>\n\t\t<\/section>\n\t\t\t\t<\/div>\n\t\t","protected":false},"excerpt":{"rendered":"<p>La 2\u1d49 Cumbre de los Pueblos del Caribe Occidental marc\u00f3 un hito importante para varias comunidades afrodescendientes e ind\u00edgenas de la regi\u00f3n. Reunida en San Andr\u00e9s, la cumbre tuvo como resultado la entrega oficial de la Declaraci\u00f3n de San Andr\u00e9s, el Acta Constitucional y el Plan de Acci\u00f3n de la Confederaci\u00f3n de los Pueblos del [&hellip;]<\/p>\n","protected":false},"author":662,"featured_media":71663,"comment_status":"open","ping_status":"open","sticky":false,"template":"","format":"standard","meta":{"_acf_changed":false,"footnotes":""},"categories":[1791],"tags":[825],"class_list":["post-71681","post","type-post","status-publish","format-standard","has-post-thumbnail","hentry","category-cooperacion","tag-colombia"],"acf":[],"_links":{"self":[{"href":"https:\/\/richeskarayib.com\/es\/wp-json\/wp\/v2\/posts\/71681","targetHints":{"allow":["GET"]}}],"collection":[{"href":"https:\/\/richeskarayib.com\/es\/wp-json\/wp\/v2\/posts"}],"about":[{"href":"https:\/\/richeskarayib.com\/es\/wp-json\/wp\/v2\/types\/post"}],"author":[{"embeddable":true,"href":"https:\/\/richeskarayib.com\/es\/wp-json\/wp\/v2\/users\/662"}],"replies":[{"embeddable":true,"href":"https:\/\/richeskarayib.com\/es\/wp-json\/wp\/v2\/comments?post=71681"}],"version-history":[{"count":0,"href":"https:\/\/richeskarayib.com\/es\/wp-json\/wp\/v2\/posts\/71681\/revisions"}],"wp:featuredmedia":[{"embeddable":true,"href":"https:\/\/richeskarayib.com\/es\/wp-json\/wp\/v2\/media\/71663"}],"wp:attachment":[{"href":"https:\/\/richeskarayib.com\/es\/wp-json\/wp\/v2\/media?parent=71681"}],"wp:term":[{"taxonomy":"category","embeddable":true,"href":"https:\/\/richeskarayib.com\/es\/wp-json\/wp\/v2\/categories?post=71681"},{"taxonomy":"post_tag","embeddable":true,"href":"https:\/\/richeskarayib.com\/es\/wp-json\/wp\/v2\/tags?post=71681"}],"curies":[{"name":"wp","href":"https:\/\/api.w.org\/{rel}","templated":true}]}}