{"id":71776,"date":"2026-04-01T12:12:02","date_gmt":"2026-04-01T16:12:02","guid":{"rendered":"https:\/\/richeskarayib.com\/festival-de-cine-de-guadalupe-nouveaux-regards-2026-un-palmares-que-confirma-la-fuerza-del-cine-caribeno\/"},"modified":"2026-04-01T12:12:05","modified_gmt":"2026-04-01T16:12:05","slug":"festival-de-cine-de-guadalupe-nouveaux-regards-2026-un-palmares-que-confirma-la-fuerza-del-cine-caribeno","status":"publish","type":"post","link":"https:\/\/richeskarayib.com\/es\/festival-de-cine-de-guadalupe-nouveaux-regards-2026-un-palmares-que-confirma-la-fuerza-del-cine-caribeno\/","title":{"rendered":"Festival de Cine de Guadalupe- Nouveaux Regards 2026: un palmar\u00e9s que confirma la fuerza del cine caribe\u00f1o"},"content":{"rendered":"\t\t<div data-elementor-type=\"wp-post\" data-elementor-id=\"71776\" class=\"elementor elementor-71776 elementor-71726\" data-elementor-post-type=\"post\">\n\t\t\t\t\t\t<section class=\"elementor-section elementor-top-section elementor-element elementor-element-7ca7ca1 elementor-section-boxed elementor-section-height-default elementor-section-height-default\" data-id=\"7ca7ca1\" data-element_type=\"section\">\n\t\t\t\t\t\t<div class=\"elementor-container elementor-column-gap-default\">\n\t\t\t\t\t<div class=\"elementor-column elementor-col-100 elementor-top-column elementor-element elementor-element-cbdd002\" data-id=\"cbdd002\" data-element_type=\"column\">\n\t\t\t<div class=\"elementor-widget-wrap elementor-element-populated\">\n\t\t\t\t\t\t<section class=\"elementor-section elementor-inner-section elementor-element elementor-element-bc94849 elementor-section-boxed elementor-section-height-default elementor-section-height-default\" data-id=\"bc94849\" data-element_type=\"section\">\n\t\t\t\t\t\t<div class=\"elementor-container elementor-column-gap-default\">\n\t\t\t\t\t\t<\/div>\n\t\t<\/section>\n\t\t\t\t<section class=\"elementor-section elementor-inner-section elementor-element elementor-element-61571e6 elementor-section-boxed elementor-section-height-default elementor-section-height-default\" data-id=\"61571e6\" data-element_type=\"section\">\n\t\t\t\t\t\t<div class=\"elementor-container elementor-column-gap-default\">\n\t\t\t\t\t\t<\/div>\n\t\t<\/section>\n\t\t\t\t<section class=\"elementor-section elementor-inner-section elementor-element elementor-element-b6262e0 elementor-section-boxed elementor-section-height-default elementor-section-height-default\" data-id=\"b6262e0\" data-element_type=\"section\">\n\t\t\t\t\t\t<div class=\"elementor-container elementor-column-gap-default\">\n\t\t\t\t\t\t<\/div>\n\t\t<\/section>\n\t\t\t\t<section class=\"elementor-section elementor-inner-section elementor-element elementor-element-cca29fd elementor-section-boxed elementor-section-height-default elementor-section-height-default\" data-id=\"cca29fd\" data-element_type=\"section\">\n\t\t\t\t\t\t<div class=\"elementor-container elementor-column-gap-default\">\n\t\t\t\t\t\t<\/div>\n\t\t<\/section>\n\t\t\t\t\t<\/div>\n\t\t<\/div>\n\t\t\t\t\t<\/div>\n\t\t<\/section>\n\t\t\t\t<section class=\"elementor-section elementor-top-section elementor-element elementor-element-ee72354 elementor-section-boxed elementor-section-height-default elementor-section-height-default\" data-id=\"ee72354\" data-element_type=\"section\">\n\t\t\t\t\t\t<div class=\"elementor-container elementor-column-gap-default\">\n\t\t\t\t\t<div class=\"elementor-column elementor-col-100 elementor-top-column elementor-element elementor-element-c59d6fe\" data-id=\"c59d6fe\" data-element_type=\"column\">\n\t\t\t<div class=\"elementor-widget-wrap elementor-element-populated\">\n\t\t\t\t\t\t<div class=\"elementor-element elementor-element-973ec9a elementor-widget elementor-widget-text-editor\" data-id=\"973ec9a\" data-element_type=\"widget\" data-widget_type=\"text-editor.default\">\n\t\t\t\t<div class=\"elementor-widget-container\">\n\t\t\t\t\t\t\t\t\t<p><span style=\"font-weight: 400;\">El Festival de Cine Nouveaux Regards se clausur\u00f3 el 29 de marzo de 2026 en Guadalupe con un palmar\u00e9s que confirma el auge del cine caribe\u00f1o y guyan\u00e9s. Celebrada del 25 al 29 de marzo, esta 9\u1d49 edici\u00f3n se clausur\u00f3 en la base n\u00e1utica de Sainte-Anne, en el recinto de la ANASA, en un marco ins\u00f3lito: instalaciones luminosas, sillas colocadas en la arena, un horizonte marino como tel\u00f3n de fondo y una canoa tradicional cuya vela se hab\u00eda transformado en una pantalla al aire libre. El escenario por s\u00ed solo resum\u00eda la identidad del festival: enraizado en su territorio, pero volcado hacia la creaci\u00f3n en movimiento.  <\/span><\/p>\t\t\t\t\t\t\t\t<\/div>\n\t\t\t\t<\/div>\n\t\t\t\t<div class=\"elementor-element elementor-element-e8db2c5 elementor-widget elementor-widget-text-editor\" data-id=\"e8db2c5\" data-element_type=\"widget\" data-widget_type=\"text-editor.default\">\n\t\t\t\t<div class=\"elementor-widget-container\">\n\t\t\t\t\t\t\t\t\t<p><span style=\"font-weight: 400;\">A lo largo de los a\u00f1os, el Festival de Cine de Nouveaux Regards se ha consolidado como un acontecimiento clave para la industria audiovisual regional. El festival act\u00faa como plataforma de distribuci\u00f3n, herramienta de desarrollo profesional, escaparate de talentos emergentes y puerta de entrada para la circulaci\u00f3n internacional de historias caribe\u00f1as. A esto se a\u00f1ade la labor de sensibilizaci\u00f3n del p\u00fablico, que confiere al evento un alcance mayor que el de una mera sucesi\u00f3n de proyecciones.  <\/span><\/p>\t\t\t\t\t\t\t\t<\/div>\n\t\t\t\t<\/div>\n\t\t\t\t\t<\/div>\n\t\t<\/div>\n\t\t\t\t\t<\/div>\n\t\t<\/section>\n\t\t\t\t<section class=\"elementor-section elementor-top-section elementor-element elementor-element-82cd8f9 elementor-section-boxed elementor-section-height-default elementor-section-height-default\" data-id=\"82cd8f9\" data-element_type=\"section\">\n\t\t\t\t\t\t<div class=\"elementor-container elementor-column-gap-default\">\n\t\t\t\t\t<div class=\"elementor-column elementor-col-100 elementor-top-column elementor-element elementor-element-0bfdc38\" data-id=\"0bfdc38\" data-element_type=\"column\">\n\t\t\t<div class=\"elementor-widget-wrap elementor-element-populated\">\n\t\t\t\t\t\t<div class=\"elementor-element elementor-element-7d292fe elementor-widget elementor-widget-heading\" data-id=\"7d292fe\" data-element_type=\"widget\" data-widget_type=\"heading.default\">\n\t\t\t\t<div class=\"elementor-widget-container\">\n\t\t\t\t\t<h2 class=\"elementor-heading-title elementor-size-default\">Una edici\u00f3n 9\u1d49 animada por cifras s\u00f3lidas<\/h2>\t\t\t\t<\/div>\n\t\t\t\t<\/div>\n\t\t\t\t<div class=\"elementor-element elementor-element-289b094 elementor-widget elementor-widget-text-editor\" data-id=\"289b094\" data-element_type=\"widget\" data-widget_type=\"text-editor.default\">\n\t\t\t\t<div class=\"elementor-widget-container\">\n\t\t\t\t\t\t\t\t\t<p><span style=\"font-weight: 400;\">Este a\u00f1o, el <a href=\"https:\/\/richeskarayib.com\/es\/festival-de-cine-nouveaux-regards-2026-guadalupe-en-el-corazon-del-cine-caribeno-contemporaneo\/\" target=\"_blank\" rel=\"noopener\">Festival de Cine Nouveaux Regards<\/a><\/span> <span style=\"font-weight: 400;\">reuni\u00f3 <\/span><b>45 pel\u00edculas de 20 pa\u00edses<\/b><span style=\"font-weight: 400;\">incluido <\/span><b>21 pel\u00edculas del Caribe y Guyana<\/b><span style=\"font-weight: 400;\">. El programa tambi\u00e9n inclu\u00eda  <\/span><b>5 obras de realidad virtual inmersiva<\/b><span style=\"font-weight: 400;\"> y dio la bienvenida a <\/span><b>2021 estudiantes<\/b><span style=\"font-weight: 400;\">  en las proyecciones escolares, un r\u00e9cord para el evento. Otro punto destacado:   <\/span><b>El 55% de las pel\u00edculas proyectadas han sido dirigidas por mujeres<\/b><span style=\"font-weight: 400;\">se\u00f1al de una l\u00ednea editorial atenta a la pluralidad de puntos de vista.<\/span><\/p>\n<p><span style=\"font-weight: 400;\">Estas cifras son algo m\u00e1s que un balance. Demuestran que, en Guadalupe, el Festival de Cine de Nouveaux Regards se ha convertido en una plataforma cre\u00edble para el cine del Caribe y de la Guayana Francesa. As\u00ed pues, este palmar\u00e9s no es s\u00f3lo un palmar\u00e9s: es un mapa del cine caribe\u00f1o contempor\u00e1neo, con sus m\u00faltiples territorios, estilos y realidades.  <\/span><\/p>\t\t\t\t\t\t\t\t<\/div>\n\t\t\t\t<\/div>\n\t\t\t\t<section class=\"elementor-section elementor-inner-section elementor-element elementor-element-aec3f91 elementor-section-boxed elementor-section-height-default elementor-section-height-default\" data-id=\"aec3f91\" data-element_type=\"section\">\n\t\t\t\t\t\t<div class=\"elementor-container elementor-column-gap-default\">\n\t\t\t\t\t<div class=\"elementor-column elementor-col-50 elementor-inner-column elementor-element elementor-element-0ef29fc\" data-id=\"0ef29fc\" data-element_type=\"column\">\n\t\t\t<div class=\"elementor-widget-wrap elementor-element-populated\">\n\t\t\t\t\t\t<div class=\"elementor-element elementor-element-d0db7ab elementor-widget elementor-widget-image\" data-id=\"d0db7ab\" data-element_type=\"widget\" data-widget_type=\"image.default\">\n\t\t\t\t<div class=\"elementor-widget-container\">\n\t\t\t\t\t\t\t\t\t\t\t\t\t\t\t<img fetchpriority=\"high\" decoding=\"async\" width=\"800\" height=\"534\" src=\"https:\/\/richeskarayib.com\/wp-content\/uploads\/2026\/04\/657648959_1762467788428210_2818031683827670486_n-1024x683.jpg\" class=\"attachment-large size-large wp-image-71734\" alt=\"Nouveaux Regards Film Festival\" srcset=\"https:\/\/richeskarayib.com\/wp-content\/uploads\/2026\/04\/657648959_1762467788428210_2818031683827670486_n-1024x683.jpg 1024w, https:\/\/richeskarayib.com\/wp-content\/uploads\/2026\/04\/657648959_1762467788428210_2818031683827670486_n-300x200.jpg 300w, https:\/\/richeskarayib.com\/wp-content\/uploads\/2026\/04\/657648959_1762467788428210_2818031683827670486_n-768x512.jpg 768w, https:\/\/richeskarayib.com\/wp-content\/uploads\/2026\/04\/657648959_1762467788428210_2818031683827670486_n-1536x1024.jpg 1536w, https:\/\/richeskarayib.com\/wp-content\/uploads\/2026\/04\/657648959_1762467788428210_2818031683827670486_n-1320x880.jpg 1320w, https:\/\/richeskarayib.com\/wp-content\/uploads\/2026\/04\/657648959_1762467788428210_2818031683827670486_n.jpg 1920w\" sizes=\"(max-width: 800px) 100vw, 800px\" \/>\t\t\t\t\t\t\t\t\t\t\t\t\t\t\t<\/div>\n\t\t\t\t<\/div>\n\t\t\t\t\t<\/div>\n\t\t<\/div>\n\t\t\t\t<div class=\"elementor-column elementor-col-50 elementor-inner-column elementor-element elementor-element-3c930d1\" data-id=\"3c930d1\" data-element_type=\"column\">\n\t\t\t<div class=\"elementor-widget-wrap elementor-element-populated\">\n\t\t\t\t\t\t<div class=\"elementor-element elementor-element-76da871 elementor-widget elementor-widget-image\" data-id=\"76da871\" data-element_type=\"widget\" data-widget_type=\"image.default\">\n\t\t\t\t<div class=\"elementor-widget-container\">\n\t\t\t\t\t\t\t\t\t\t\t\t\t\t\t<img decoding=\"async\" width=\"800\" height=\"534\" src=\"https:\/\/richeskarayib.com\/wp-content\/uploads\/2026\/04\/\u00a9GuillaumeAricique-1-1024x683.jpg\" class=\"attachment-large size-large wp-image-71738\" alt=\"Nouveaux Regards Film Festival\" srcset=\"https:\/\/richeskarayib.com\/wp-content\/uploads\/2026\/04\/\u00a9GuillaumeAricique-1-1024x683.jpg 1024w, https:\/\/richeskarayib.com\/wp-content\/uploads\/2026\/04\/\u00a9GuillaumeAricique-1-300x200.jpg 300w, https:\/\/richeskarayib.com\/wp-content\/uploads\/2026\/04\/\u00a9GuillaumeAricique-1-768x512.jpg 768w, https:\/\/richeskarayib.com\/wp-content\/uploads\/2026\/04\/\u00a9GuillaumeAricique-1-1536x1024.jpg 1536w, https:\/\/richeskarayib.com\/wp-content\/uploads\/2026\/04\/\u00a9GuillaumeAricique-1-1320x880.jpg 1320w, https:\/\/richeskarayib.com\/wp-content\/uploads\/2026\/04\/\u00a9GuillaumeAricique-1.jpg 1920w\" sizes=\"(max-width: 800px) 100vw, 800px\" \/>\t\t\t\t\t\t\t\t\t\t\t\t\t\t\t<\/div>\n\t\t\t\t<\/div>\n\t\t\t\t\t<\/div>\n\t\t<\/div>\n\t\t\t\t\t<\/div>\n\t\t<\/section>\n\t\t\t\t<section class=\"elementor-section elementor-inner-section elementor-element elementor-element-c582330 elementor-section-boxed elementor-section-height-default elementor-section-height-default\" data-id=\"c582330\" data-element_type=\"section\">\n\t\t\t\t\t\t<div class=\"elementor-container elementor-column-gap-default\">\n\t\t\t\t\t\t<\/div>\n\t\t<\/section>\n\t\t\t\t<section class=\"elementor-section elementor-inner-section elementor-element elementor-element-296603a elementor-section-boxed elementor-section-height-default elementor-section-height-default\" data-id=\"296603a\" data-element_type=\"section\">\n\t\t\t\t\t\t<div class=\"elementor-container elementor-column-gap-default\">\n\t\t\t\t\t\t<\/div>\n\t\t<\/section>\n\t\t\t\t\t<\/div>\n\t\t<\/div>\n\t\t\t\t\t<\/div>\n\t\t<\/section>\n\t\t\t\t<section class=\"elementor-section elementor-top-section elementor-element elementor-element-9c88a89 elementor-section-boxed elementor-section-height-default elementor-section-height-default\" data-id=\"9c88a89\" data-element_type=\"section\">\n\t\t\t\t\t\t<div class=\"elementor-container elementor-column-gap-default\">\n\t\t\t\t\t<div class=\"elementor-column elementor-col-100 elementor-top-column elementor-element elementor-element-78cf5d1\" data-id=\"78cf5d1\" data-element_type=\"column\">\n\t\t\t<div class=\"elementor-widget-wrap elementor-element-populated\">\n\t\t\t\t\t\t<div class=\"elementor-element elementor-element-ea2a5c1 elementor-widget elementor-widget-heading\" data-id=\"ea2a5c1\" data-element_type=\"widget\" data-widget_type=\"heading.default\">\n\t\t\t\t<div class=\"elementor-widget-container\">\n\t\t\t\t\t<h2 class=\"elementor-heading-title elementor-size-default\">Un concurso destinado a las pel\u00edculas del Caribe y de la Guayana Francesa<\/h2>\t\t\t\t<\/div>\n\t\t\t\t<\/div>\n\t\t\t\t<div class=\"elementor-element elementor-element-e305eee elementor-widget elementor-widget-text-editor\" data-id=\"e305eee\" data-element_type=\"widget\" data-widget_type=\"text-editor.default\">\n\t\t\t\t<div class=\"elementor-widget-container\">\n\t\t\t\t\t\t\t\t\t<p><span style=\"font-weight: 400;\">Fiel a su identidad, el <a href=\"https:\/\/nouveauxregardsff.com\/\" target=\"_blank\" rel=\"noopener nofollow\">Festival de Cine de Nouveaux Regards<\/a> ha situado en el centro de su programaci\u00f3n un certamen dedicado exclusivamente al cine del Caribe y de la Guayana Francesa. Esta elecci\u00f3n sigue siendo esencial en un entorno en el que muchas obras regionales siguen luchando por encontrar distribuci\u00f3n y reconocimiento. Las pel\u00edculas premiadas este a\u00f1o demuestran hasta qu\u00e9 punto la narrativa caribe\u00f1a es capaz de hablar al presente con fuerza, matices y singularidad.  <\/span><\/p>\t\t\t\t\t\t\t\t<\/div>\n\t\t\t\t<\/div>\n\t\t\t\t<div class=\"elementor-element elementor-element-e43ffd4 elementor-widget elementor-widget-text-editor\" data-id=\"e43ffd4\" data-element_type=\"widget\" data-widget_type=\"text-editor.default\">\n\t\t\t\t<div class=\"elementor-widget-container\">\n\t\t\t\t\t\t\t\t\t<h3><b>Documental: Homenaje a Hait\u00ed, elogios a Guadalupe<\/b><\/h3>\n<p><span style=\"font-weight: 400;\">En la categor\u00eda de documental, el <\/span><b>Premio del Jurado al Mejor Documental<\/b><span style=\"font-weight: 400;\">dotado con <\/span><b>2.500 de la Regi\u00f3n de Guadalupe<\/b><span style=\"font-weight: 400;\">fue concedido a <\/span><b>KOUTKETKOUT<\/b><span style=\"font-weight: 400;\"> de <\/span><b>Joseph Hillel<\/b><span style=\"font-weight: 400;\">para <\/span><b>Hait\u00ed<\/b><span style=\"font-weight: 400;\">. A  <\/span><b>menci\u00f3n especial del jurado<\/b><span style=\"font-weight: 400;\"> tambi\u00e9n se concedi\u00f3 a <\/span><b>AN DIW JWI, UN PL\u00c1TANO EN LOS TR\u00d3PICOS<\/b><span style=\"font-weight: 400;\"> de <\/span><b>Kristine Blonbou<\/b><span style=\"font-weight: 400;\">para <\/span><b>Guadalupe<\/b><span style=\"font-weight: 400;\">. Esta doble se\u00f1al muestra la diversidad de las propuestas seleccionadas, entre una visi\u00f3n haitiana recompensada al m\u00e1s alto nivel y una obra guadalupe\u00f1a aclamada por su propia fuerza.<\/span><\/p>\t\t\t\t\t\t\t\t<\/div>\n\t\t\t\t<\/div>\n\t\t\t\t<section class=\"elementor-section elementor-inner-section elementor-element elementor-element-57c00cf elementor-section-boxed elementor-section-height-default elementor-section-height-default\" data-id=\"57c00cf\" data-element_type=\"section\">\n\t\t\t\t\t\t<div class=\"elementor-container elementor-column-gap-default\">\n\t\t\t\t\t<div class=\"elementor-column elementor-col-50 elementor-inner-column elementor-element elementor-element-48ec5c8\" data-id=\"48ec5c8\" data-element_type=\"column\">\n\t\t\t<div class=\"elementor-widget-wrap elementor-element-populated\">\n\t\t\t\t\t\t<div class=\"elementor-element elementor-element-2fd8759 elementor-widget elementor-widget-image\" data-id=\"2fd8759\" data-element_type=\"widget\" data-widget_type=\"image.default\">\n\t\t\t\t<div class=\"elementor-widget-container\">\n\t\t\t\t\t\t\t\t\t\t\t\t\t\t\t<img decoding=\"async\" width=\"800\" height=\"800\" src=\"https:\/\/richeskarayib.com\/wp-content\/uploads\/2026\/04\/657249501_18391645177154102_4096912654125348887_n-1-1024x1024.jpg\" class=\"attachment-large size-large wp-image-71742\" alt=\"Nouveaux Regards Film Festival\" srcset=\"https:\/\/richeskarayib.com\/wp-content\/uploads\/2026\/04\/657249501_18391645177154102_4096912654125348887_n-1-1024x1024.jpg 1024w, https:\/\/richeskarayib.com\/wp-content\/uploads\/2026\/04\/657249501_18391645177154102_4096912654125348887_n-1-300x300.jpg 300w, https:\/\/richeskarayib.com\/wp-content\/uploads\/2026\/04\/657249501_18391645177154102_4096912654125348887_n-1-150x150.jpg 150w, https:\/\/richeskarayib.com\/wp-content\/uploads\/2026\/04\/657249501_18391645177154102_4096912654125348887_n-1-768x768.jpg 768w, https:\/\/richeskarayib.com\/wp-content\/uploads\/2026\/04\/657249501_18391645177154102_4096912654125348887_n-1-1320x1320.jpg 1320w, https:\/\/richeskarayib.com\/wp-content\/uploads\/2026\/04\/657249501_18391645177154102_4096912654125348887_n-1.jpg 1440w\" sizes=\"(max-width: 800px) 100vw, 800px\" \/>\t\t\t\t\t\t\t\t\t\t\t\t\t\t\t<\/div>\n\t\t\t\t<\/div>\n\t\t\t\t\t<\/div>\n\t\t<\/div>\n\t\t\t\t<div class=\"elementor-column elementor-col-50 elementor-inner-column elementor-element elementor-element-9b88f06\" data-id=\"9b88f06\" data-element_type=\"column\">\n\t\t\t<div class=\"elementor-widget-wrap elementor-element-populated\">\n\t\t\t\t\t\t<div class=\"elementor-element elementor-element-8a22cf1 elementor-widget elementor-widget-image\" data-id=\"8a22cf1\" data-element_type=\"widget\" data-widget_type=\"image.default\">\n\t\t\t\t<div class=\"elementor-widget-container\">\n\t\t\t\t\t\t\t\t\t\t\t\t\t\t\t<img loading=\"lazy\" decoding=\"async\" width=\"800\" height=\"800\" src=\"https:\/\/richeskarayib.com\/wp-content\/uploads\/2026\/04\/656866262_18391645174154102_1377399864736939720_n-1024x1024.jpg\" class=\"attachment-large size-large wp-image-71746\" alt=\"Nouveaux Regards Film Festival\" srcset=\"https:\/\/richeskarayib.com\/wp-content\/uploads\/2026\/04\/656866262_18391645174154102_1377399864736939720_n-1024x1024.jpg 1024w, https:\/\/richeskarayib.com\/wp-content\/uploads\/2026\/04\/656866262_18391645174154102_1377399864736939720_n-300x300.jpg 300w, https:\/\/richeskarayib.com\/wp-content\/uploads\/2026\/04\/656866262_18391645174154102_1377399864736939720_n-150x150.jpg 150w, https:\/\/richeskarayib.com\/wp-content\/uploads\/2026\/04\/656866262_18391645174154102_1377399864736939720_n-768x768.jpg 768w, https:\/\/richeskarayib.com\/wp-content\/uploads\/2026\/04\/656866262_18391645174154102_1377399864736939720_n-1320x1320.jpg 1320w, https:\/\/richeskarayib.com\/wp-content\/uploads\/2026\/04\/656866262_18391645174154102_1377399864736939720_n.jpg 1440w\" sizes=\"(max-width: 800px) 100vw, 800px\" \/>\t\t\t\t\t\t\t\t\t\t\t\t\t\t\t<\/div>\n\t\t\t\t<\/div>\n\t\t\t\t\t<\/div>\n\t\t<\/div>\n\t\t\t\t\t<\/div>\n\t\t<\/section>\n\t\t\t\t<div class=\"elementor-element elementor-element-45fd305 elementor-widget elementor-widget-text-editor\" data-id=\"45fd305\" data-element_type=\"widget\" data-widget_type=\"text-editor.default\">\n\t\t\t\t<div class=\"elementor-widget-container\">\n\t\t\t\t\t\t\t\t\t<h3><b>Cortometraje: GLORIA se lleva la palma<\/b><\/h3>\n<p><span style=\"font-weight: 400;\">En la categor\u00eda de cortometrajes <\/span><b>GLORIA<\/b><span style=\"font-weight: 400;\"> de <\/span><b>Marvin Yamb<\/b><span style=\"font-weight: 400;\">para <\/span><b>Guyane<\/b><span style=\"font-weight: 400;\">fue uno de los grandes nombres del festival de este a\u00f1o. La pel\u00edcula gan\u00f3 el   <\/span><b>Premio del Jurado al Mejor Cortometraje Antillano-Guyano<\/b><span style=\"font-weight: 400;\">con <\/span><b>5.000 euros del Conseil d\u00e9partemental<\/b><span style=\"font-weight: 400;\">as\u00ed como el <\/span><b>Premio del P\u00fablico<\/b><span style=\"font-weight: 400;\">apoyado por la <\/span><b>Comunidad de Aglomeraci\u00f3n de la Riviera del Levante<\/b><span style=\"font-weight: 400;\">as\u00ed como el <\/span><b>Premio del Jurado Jeunes Regards<\/b><span style=\"font-weight: 400;\">concedido con el apoyo de la <\/span><b>DAC Guadalupe<\/b><span style=\"font-weight: 400;\">. Esta triple distinci\u00f3n demuestra que la misma obra ha conquistado por igual a los profesionales, al gran p\u00fablico y a los j\u00f3venes espectadores.<\/span><\/p>\t\t\t\t\t\t\t\t<\/div>\n\t\t\t\t<\/div>\n\t\t\t\t<section class=\"elementor-section elementor-inner-section elementor-element elementor-element-d5072e4 elementor-section-boxed elementor-section-height-default elementor-section-height-default\" data-id=\"d5072e4\" data-element_type=\"section\">\n\t\t\t\t\t\t<div class=\"elementor-container elementor-column-gap-default\">\n\t\t\t\t\t<div class=\"elementor-column elementor-col-33 elementor-inner-column elementor-element elementor-element-283deff\" data-id=\"283deff\" data-element_type=\"column\">\n\t\t\t<div class=\"elementor-widget-wrap elementor-element-populated\">\n\t\t\t\t\t\t<div class=\"elementor-element elementor-element-b185334 elementor-widget elementor-widget-image\" data-id=\"b185334\" data-element_type=\"widget\" data-widget_type=\"image.default\">\n\t\t\t\t<div class=\"elementor-widget-container\">\n\t\t\t\t\t\t\t\t\t\t\t\t\t\t\t<img loading=\"lazy\" decoding=\"async\" width=\"800\" height=\"800\" src=\"https:\/\/richeskarayib.com\/wp-content\/uploads\/2026\/04\/656684761_18391645186154102_4118376594934816722_n-1024x1024.jpg\" class=\"attachment-large size-large wp-image-71750\" alt=\"Nouveaux Regards Film Festival\" srcset=\"https:\/\/richeskarayib.com\/wp-content\/uploads\/2026\/04\/656684761_18391645186154102_4118376594934816722_n-1024x1024.jpg 1024w, https:\/\/richeskarayib.com\/wp-content\/uploads\/2026\/04\/656684761_18391645186154102_4118376594934816722_n-300x300.jpg 300w, https:\/\/richeskarayib.com\/wp-content\/uploads\/2026\/04\/656684761_18391645186154102_4118376594934816722_n-150x150.jpg 150w, https:\/\/richeskarayib.com\/wp-content\/uploads\/2026\/04\/656684761_18391645186154102_4118376594934816722_n-768x768.jpg 768w, https:\/\/richeskarayib.com\/wp-content\/uploads\/2026\/04\/656684761_18391645186154102_4118376594934816722_n-1320x1320.jpg 1320w, https:\/\/richeskarayib.com\/wp-content\/uploads\/2026\/04\/656684761_18391645186154102_4118376594934816722_n.jpg 1440w\" sizes=\"(max-width: 800px) 100vw, 800px\" \/>\t\t\t\t\t\t\t\t\t\t\t\t\t\t\t<\/div>\n\t\t\t\t<\/div>\n\t\t\t\t\t<\/div>\n\t\t<\/div>\n\t\t\t\t<div class=\"elementor-column elementor-col-33 elementor-inner-column elementor-element elementor-element-3a75608\" data-id=\"3a75608\" data-element_type=\"column\">\n\t\t\t<div class=\"elementor-widget-wrap elementor-element-populated\">\n\t\t\t\t\t\t<div class=\"elementor-element elementor-element-4500cb2 elementor-widget elementor-widget-image\" data-id=\"4500cb2\" data-element_type=\"widget\" data-widget_type=\"image.default\">\n\t\t\t\t<div class=\"elementor-widget-container\">\n\t\t\t\t\t\t\t\t\t\t\t\t\t\t\t<img loading=\"lazy\" decoding=\"async\" width=\"800\" height=\"800\" src=\"https:\/\/richeskarayib.com\/wp-content\/uploads\/2026\/04\/657385179_18391645210154102_4071285897908909532_n-1024x1024.jpg\" class=\"attachment-large size-large wp-image-71754\" alt=\"Nouveaux Regards Film Festival\" srcset=\"https:\/\/richeskarayib.com\/wp-content\/uploads\/2026\/04\/657385179_18391645210154102_4071285897908909532_n-1024x1024.jpg 1024w, https:\/\/richeskarayib.com\/wp-content\/uploads\/2026\/04\/657385179_18391645210154102_4071285897908909532_n-300x300.jpg 300w, https:\/\/richeskarayib.com\/wp-content\/uploads\/2026\/04\/657385179_18391645210154102_4071285897908909532_n-150x150.jpg 150w, https:\/\/richeskarayib.com\/wp-content\/uploads\/2026\/04\/657385179_18391645210154102_4071285897908909532_n-768x768.jpg 768w, https:\/\/richeskarayib.com\/wp-content\/uploads\/2026\/04\/657385179_18391645210154102_4071285897908909532_n-1320x1320.jpg 1320w, https:\/\/richeskarayib.com\/wp-content\/uploads\/2026\/04\/657385179_18391645210154102_4071285897908909532_n.jpg 1440w\" sizes=\"(max-width: 800px) 100vw, 800px\" \/>\t\t\t\t\t\t\t\t\t\t\t\t\t\t\t<\/div>\n\t\t\t\t<\/div>\n\t\t\t\t\t<\/div>\n\t\t<\/div>\n\t\t\t\t<div class=\"elementor-column elementor-col-33 elementor-inner-column elementor-element elementor-element-b48a6a3\" data-id=\"b48a6a3\" data-element_type=\"column\">\n\t\t\t<div class=\"elementor-widget-wrap elementor-element-populated\">\n\t\t\t\t\t\t<div class=\"elementor-element elementor-element-befbd78 elementor-widget elementor-widget-image\" data-id=\"befbd78\" data-element_type=\"widget\" data-widget_type=\"image.default\">\n\t\t\t\t<div class=\"elementor-widget-container\">\n\t\t\t\t\t\t\t\t\t\t\t\t\t\t\t<img loading=\"lazy\" decoding=\"async\" width=\"800\" height=\"800\" src=\"https:\/\/richeskarayib.com\/wp-content\/uploads\/2026\/04\/659364547_18391645231154102_8556019865609873469_n-1024x1024.jpg\" class=\"attachment-large size-large wp-image-71758\" alt=\"Nouveaux Regards Film Festival\" srcset=\"https:\/\/richeskarayib.com\/wp-content\/uploads\/2026\/04\/659364547_18391645231154102_8556019865609873469_n-1024x1024.jpg 1024w, https:\/\/richeskarayib.com\/wp-content\/uploads\/2026\/04\/659364547_18391645231154102_8556019865609873469_n-300x300.jpg 300w, https:\/\/richeskarayib.com\/wp-content\/uploads\/2026\/04\/659364547_18391645231154102_8556019865609873469_n-150x150.jpg 150w, https:\/\/richeskarayib.com\/wp-content\/uploads\/2026\/04\/659364547_18391645231154102_8556019865609873469_n-768x768.jpg 768w, https:\/\/richeskarayib.com\/wp-content\/uploads\/2026\/04\/659364547_18391645231154102_8556019865609873469_n-1320x1320.jpg 1320w, https:\/\/richeskarayib.com\/wp-content\/uploads\/2026\/04\/659364547_18391645231154102_8556019865609873469_n.jpg 1440w\" sizes=\"(max-width: 800px) 100vw, 800px\" \/>\t\t\t\t\t\t\t\t\t\t\t\t\t\t\t<\/div>\n\t\t\t\t<\/div>\n\t\t\t\t\t<\/div>\n\t\t<\/div>\n\t\t\t\t\t<\/div>\n\t\t<\/section>\n\t\t\t\t<div class=\"elementor-element elementor-element-c41693d elementor-widget elementor-widget-text-editor\" data-id=\"c41693d\" data-element_type=\"widget\" data-widget_type=\"text-editor.default\">\n\t\t\t\t<div class=\"elementor-widget-container\">\n\t\t\t\t\t\t\t\t\t<p><span style=\"font-weight: 400;\">El <\/span><b>Premio del Jurado al Mejor Cortometraje Caribe\u00f1o<\/b><span style=\"font-weight: 400;\">dotado con <\/span><b>1,500<\/b><span style=\"font-weight: 400;\">fue concedido a <\/span><b>SUNNY<\/b><span style=\"font-weight: 400;\"> de <\/span><b>German Gruber Jr<\/b><span style=\"font-weight: 400;\">por <\/span><b>Cura\u00e7ao<\/b><span style=\"font-weight: 400;\">. Le  <\/span><b>Premio Pot\u00e9 Ganm al Mejor Gui\u00f3n<\/b><span style=\"font-weight: 400;\">con el apoyo de <\/span><b>Karibbean Hive<\/b><span style=\"font-weight: 400;\">fue para <\/span><b>FUERTE BUKU<\/b><span style=\"font-weight: 400;\"> de <\/span><b>Lo\u00eblle Monsanto<\/b><span style=\"font-weight: 400;\">para <\/span><b>Surinam<\/b><span style=\"font-weight: 400;\">que tambi\u00e9n obtuvo una menci\u00f3n especial del Jurado Jeunes Regards. Una menci\u00f3n especial del Jurado de Cortometrajes fue para   <\/span><b>LOS CAMINOS QUE RECORREMOS<\/b><span style=\"font-weight: 400;\"> por <\/span><b>Mary Cecilia Walker<\/b><span style=\"font-weight: 400;\">para <\/span><b>Barbados<\/b><span style=\"font-weight: 400;\">. En conjunto, componen un palmar\u00e9s que abarca varios territorios, varias sensibilidades y varias formas de contar la historia del Caribe.<\/span><\/p>\t\t\t\t\t\t\t\t<\/div>\n\t\t\t\t<\/div>\n\t\t\t\t<section class=\"elementor-section elementor-inner-section elementor-element elementor-element-9c52701 elementor-section-boxed elementor-section-height-default elementor-section-height-default\" data-id=\"9c52701\" data-element_type=\"section\">\n\t\t\t\t\t\t<div class=\"elementor-container elementor-column-gap-default\">\n\t\t\t\t\t<div class=\"elementor-column elementor-col-33 elementor-inner-column elementor-element elementor-element-ae07450\" data-id=\"ae07450\" data-element_type=\"column\">\n\t\t\t<div class=\"elementor-widget-wrap elementor-element-populated\">\n\t\t\t\t\t\t<div class=\"elementor-element elementor-element-4277082 elementor-widget elementor-widget-image\" data-id=\"4277082\" data-element_type=\"widget\" data-widget_type=\"image.default\">\n\t\t\t\t<div class=\"elementor-widget-container\">\n\t\t\t\t\t\t\t\t\t\t\t\t\t\t\t<img loading=\"lazy\" decoding=\"async\" width=\"800\" height=\"800\" src=\"https:\/\/richeskarayib.com\/wp-content\/uploads\/2026\/04\/656921604_18391645195154102_8892927923742401592_n-1024x1024.jpg\" class=\"attachment-large size-large wp-image-71762\" alt=\"Nouveaux Regards Film Festival\" srcset=\"https:\/\/richeskarayib.com\/wp-content\/uploads\/2026\/04\/656921604_18391645195154102_8892927923742401592_n-1024x1024.jpg 1024w, https:\/\/richeskarayib.com\/wp-content\/uploads\/2026\/04\/656921604_18391645195154102_8892927923742401592_n-300x300.jpg 300w, https:\/\/richeskarayib.com\/wp-content\/uploads\/2026\/04\/656921604_18391645195154102_8892927923742401592_n-150x150.jpg 150w, https:\/\/richeskarayib.com\/wp-content\/uploads\/2026\/04\/656921604_18391645195154102_8892927923742401592_n-768x768.jpg 768w, https:\/\/richeskarayib.com\/wp-content\/uploads\/2026\/04\/656921604_18391645195154102_8892927923742401592_n-1320x1320.jpg 1320w, https:\/\/richeskarayib.com\/wp-content\/uploads\/2026\/04\/656921604_18391645195154102_8892927923742401592_n.jpg 1440w\" sizes=\"(max-width: 800px) 100vw, 800px\" \/>\t\t\t\t\t\t\t\t\t\t\t\t\t\t\t<\/div>\n\t\t\t\t<\/div>\n\t\t\t\t\t<\/div>\n\t\t<\/div>\n\t\t\t\t<div class=\"elementor-column elementor-col-33 elementor-inner-column elementor-element elementor-element-4b0ed87\" data-id=\"4b0ed87\" data-element_type=\"column\">\n\t\t\t<div class=\"elementor-widget-wrap elementor-element-populated\">\n\t\t\t\t\t\t<div class=\"elementor-element elementor-element-2a02ed9 elementor-widget elementor-widget-image\" data-id=\"2a02ed9\" data-element_type=\"widget\" data-widget_type=\"image.default\">\n\t\t\t\t<div class=\"elementor-widget-container\">\n\t\t\t\t\t\t\t\t\t\t\t\t\t\t\t<img loading=\"lazy\" decoding=\"async\" width=\"800\" height=\"800\" src=\"https:\/\/richeskarayib.com\/wp-content\/uploads\/2026\/04\/656899857_18391645222154102_3993238335352632456_n-1024x1024.jpg\" class=\"attachment-large size-large wp-image-71766\" alt=\"Nouveaux Regards Film Festival\" srcset=\"https:\/\/richeskarayib.com\/wp-content\/uploads\/2026\/04\/656899857_18391645222154102_3993238335352632456_n-1024x1024.jpg 1024w, https:\/\/richeskarayib.com\/wp-content\/uploads\/2026\/04\/656899857_18391645222154102_3993238335352632456_n-300x300.jpg 300w, https:\/\/richeskarayib.com\/wp-content\/uploads\/2026\/04\/656899857_18391645222154102_3993238335352632456_n-150x150.jpg 150w, https:\/\/richeskarayib.com\/wp-content\/uploads\/2026\/04\/656899857_18391645222154102_3993238335352632456_n-768x768.jpg 768w, https:\/\/richeskarayib.com\/wp-content\/uploads\/2026\/04\/656899857_18391645222154102_3993238335352632456_n-1320x1320.jpg 1320w, https:\/\/richeskarayib.com\/wp-content\/uploads\/2026\/04\/656899857_18391645222154102_3993238335352632456_n.jpg 1440w\" sizes=\"(max-width: 800px) 100vw, 800px\" \/>\t\t\t\t\t\t\t\t\t\t\t\t\t\t\t<\/div>\n\t\t\t\t<\/div>\n\t\t\t\t\t<\/div>\n\t\t<\/div>\n\t\t\t\t<div class=\"elementor-column elementor-col-33 elementor-inner-column elementor-element elementor-element-86084f7\" data-id=\"86084f7\" data-element_type=\"column\">\n\t\t\t<div class=\"elementor-widget-wrap elementor-element-populated\">\n\t\t\t\t\t\t<div class=\"elementor-element elementor-element-9440773 elementor-widget elementor-widget-image\" data-id=\"9440773\" data-element_type=\"widget\" data-widget_type=\"image.default\">\n\t\t\t\t<div class=\"elementor-widget-container\">\n\t\t\t\t\t\t\t\t\t\t\t\t\t\t\t<img loading=\"lazy\" decoding=\"async\" width=\"800\" height=\"800\" src=\"https:\/\/richeskarayib.com\/wp-content\/uploads\/2026\/04\/659115135_18391645240154102_7080738166784796449_n-1024x1024.jpg\" class=\"attachment-large size-large wp-image-71770\" alt=\"Nouveaux Regards Film Festival\" srcset=\"https:\/\/richeskarayib.com\/wp-content\/uploads\/2026\/04\/659115135_18391645240154102_7080738166784796449_n-1024x1024.jpg 1024w, https:\/\/richeskarayib.com\/wp-content\/uploads\/2026\/04\/659115135_18391645240154102_7080738166784796449_n-300x300.jpg 300w, https:\/\/richeskarayib.com\/wp-content\/uploads\/2026\/04\/659115135_18391645240154102_7080738166784796449_n-150x150.jpg 150w, https:\/\/richeskarayib.com\/wp-content\/uploads\/2026\/04\/659115135_18391645240154102_7080738166784796449_n-768x768.jpg 768w, https:\/\/richeskarayib.com\/wp-content\/uploads\/2026\/04\/659115135_18391645240154102_7080738166784796449_n-1320x1320.jpg 1320w, https:\/\/richeskarayib.com\/wp-content\/uploads\/2026\/04\/659115135_18391645240154102_7080738166784796449_n.jpg 1440w\" sizes=\"(max-width: 800px) 100vw, 800px\" \/>\t\t\t\t\t\t\t\t\t\t\t\t\t\t\t<\/div>\n\t\t\t\t<\/div>\n\t\t\t\t\t<\/div>\n\t\t<\/div>\n\t\t\t\t\t<\/div>\n\t\t<\/section>\n\t\t\t\t<div class=\"elementor-element elementor-element-f5b99c0 elementor-widget elementor-widget-text-editor\" data-id=\"f5b99c0\" data-element_type=\"widget\" data-widget_type=\"text-editor.default\">\n\t\t\t\t<div class=\"elementor-widget-container\">\n\t\t\t\t\t\t\t\t\t<h3><b>Laboratorio inmersivo: la realidad virtual ocupa su lugar<\/b><\/h3>\n<p><span style=\"font-weight: 400;\">La gran novedad del evento de este a\u00f1o es el<\/span><b>Laboratorio Inmersivo<\/b><span style=\"font-weight: 400;\">  confirmaron el inter\u00e9s del festival por la nueva escritura. Los dos premios de la secci\u00f3n de realidad virtual fueron para   <\/span><b>Dibuja el cambio: Existimos, Resistimos<\/b><span style=\"font-weight: 400;\"> de <\/span><b>Mariana Eva Cadenas<\/b><span style=\"font-weight: 400;\">para <\/span><b>B\u00e9lgica<\/b><span style=\"font-weight: 400;\">. La obra fue galardonada con el  <\/span><b>Premio de Secundaria a la Mejor Experiencia de RV<\/b><span style=\"font-weight: 400;\">Experiencia, otorgado por <\/span><b>Liceo Sonny Rupaire<\/b><span style=\"font-weight: 400;\">as\u00ed como el <\/span><b>Premio del P\u00fablico a la Mejor Experiencia de RV<\/b><span style=\"font-weight: 400;\">Experience, dotado con <\/span><b>premio de 1.000<\/b><span style=\"font-weight: 400;\"> con el apoyo de<\/span><b>Evaveo<\/b><span style=\"font-weight: 400;\">. Al integrar plenamente este aspecto, la  <\/span><b>Festival de Cine Nouveaux Regards<\/b><span style=\"font-weight: 400;\"> demuestra que tambi\u00e9n sigue el ritmo de la evoluci\u00f3n formal del sector audiovisual.<\/span><\/p>\t\t\t\t\t\t\t\t<\/div>\n\t\t\t\t<\/div>\n\t\t\t\t<section class=\"elementor-section elementor-inner-section elementor-element elementor-element-c8f57b7 elementor-section-boxed elementor-section-height-default elementor-section-height-default\" data-id=\"c8f57b7\" data-element_type=\"section\">\n\t\t\t\t\t\t<div class=\"elementor-container elementor-column-gap-default\">\n\t\t\t\t\t<div class=\"elementor-column elementor-col-100 elementor-inner-column elementor-element elementor-element-b34ea56\" data-id=\"b34ea56\" data-element_type=\"column\">\n\t\t\t<div class=\"elementor-widget-wrap elementor-element-populated\">\n\t\t\t\t\t\t<div class=\"elementor-element elementor-element-1ea84b5 elementor-widget elementor-widget-image\" data-id=\"1ea84b5\" data-element_type=\"widget\" data-widget_type=\"image.default\">\n\t\t\t\t<div class=\"elementor-widget-container\">\n\t\t\t\t\t\t\t\t\t\t\t\t\t\t\t<img loading=\"lazy\" decoding=\"async\" width=\"800\" height=\"800\" src=\"https:\/\/richeskarayib.com\/wp-content\/uploads\/2026\/04\/657303198_18391645249154102_7868115874106461795_n-1024x1024.jpg\" class=\"attachment-large size-large wp-image-71774\" alt=\"Nouveaux Regards Film Festival\" srcset=\"https:\/\/richeskarayib.com\/wp-content\/uploads\/2026\/04\/657303198_18391645249154102_7868115874106461795_n-1024x1024.jpg 1024w, https:\/\/richeskarayib.com\/wp-content\/uploads\/2026\/04\/657303198_18391645249154102_7868115874106461795_n-300x300.jpg 300w, https:\/\/richeskarayib.com\/wp-content\/uploads\/2026\/04\/657303198_18391645249154102_7868115874106461795_n-150x150.jpg 150w, https:\/\/richeskarayib.com\/wp-content\/uploads\/2026\/04\/657303198_18391645249154102_7868115874106461795_n-768x768.jpg 768w, https:\/\/richeskarayib.com\/wp-content\/uploads\/2026\/04\/657303198_18391645249154102_7868115874106461795_n-1320x1320.jpg 1320w, https:\/\/richeskarayib.com\/wp-content\/uploads\/2026\/04\/657303198_18391645249154102_7868115874106461795_n.jpg 1440w\" sizes=\"(max-width: 800px) 100vw, 800px\" \/>\t\t\t\t\t\t\t\t\t\t\t\t\t\t\t<\/div>\n\t\t\t\t<\/div>\n\t\t\t\t\t<\/div>\n\t\t<\/div>\n\t\t\t\t\t<\/div>\n\t\t<\/section>\n\t\t\t\t\t<\/div>\n\t\t<\/div>\n\t\t\t\t\t<\/div>\n\t\t<\/section>\n\t\t\t\t<section class=\"elementor-section elementor-top-section elementor-element elementor-element-ee7f5d7 elementor-section-boxed elementor-section-height-default elementor-section-height-default\" data-id=\"ee7f5d7\" data-element_type=\"section\">\n\t\t\t\t\t\t<div class=\"elementor-container elementor-column-gap-default\">\n\t\t\t\t\t<div class=\"elementor-column elementor-col-100 elementor-top-column elementor-element elementor-element-0669c08\" data-id=\"0669c08\" data-element_type=\"column\">\n\t\t\t<div class=\"elementor-widget-wrap elementor-element-populated\">\n\t\t\t\t\t\t<div class=\"elementor-element elementor-element-acc47ca elementor-widget elementor-widget-heading\" data-id=\"acc47ca\" data-element_type=\"widget\" data-widget_type=\"heading.default\">\n\t\t\t\t<div class=\"elementor-widget-container\">\n\t\t\t\t\t<h2 class=\"elementor-heading-title elementor-size-default\">Un festival al servicio de la regi\u00f3n y su talento<\/h2>\t\t\t\t<\/div>\n\t\t\t\t<\/div>\n\t\t\t\t<div class=\"elementor-element elementor-element-4bb1533 elementor-widget elementor-widget-text-editor\" data-id=\"4bb1533\" data-element_type=\"widget\" data-widget_type=\"text-editor.default\">\n\t\t\t\t<div class=\"elementor-widget-container\">\n\t\t\t\t\t\t\t\t\t<p><span style=\"font-weight: 400;\">M\u00e1s all\u00e1 de los premios, el <a href=\"https:\/\/www.instagram.com\/nouveauxregardsfilmfestival\/?hl=fr\" target=\"_blank\" rel=\"noopener nofollow\">Festival de Cine de Nouveaux Regards<\/a> reivindica su papel de motor econ\u00f3mico. <\/span><b>motor econ\u00f3mico<\/b><span style=\"font-weight: 400;\">movilizando la cadena de producci\u00f3n local, como un<\/span><b>un espacio de profesionalizaci\u00f3n<\/b><span style=\"font-weight: 400;\">especialmente a trav\u00e9s de la <\/span><b>Academia NR<\/b><span style=\"font-weight: 400;\"> y sus encuentros profesionales <\/span><b>escaparate internacional<\/b><span style=\"font-weight: 400;\"> para los dise\u00f1adores caribe\u00f1os, y una<\/span><b>herramienta educativa<\/b><span style=\"font-weight: 400;\">  para el p\u00fablico del ma\u00f1ana. En una regi\u00f3n en la que la estructuraci\u00f3n de las industrias culturales sigue siendo un verdadero desaf\u00edo, esta misi\u00f3n confiere al festival una importancia particular. <\/span><\/p>\t\t\t\t\t\t\t\t<\/div>\n\t\t\t\t<\/div>\n\t\t\t\t<div class=\"elementor-element elementor-element-225ff5a elementor-widget elementor-widget-text-editor\" data-id=\"225ff5a\" data-element_type=\"widget\" data-widget_type=\"text-editor.default\">\n\t\t\t\t<div class=\"elementor-widget-container\">\n\t\t\t\t\t\t\t\t\t<p><span style=\"font-weight: 400;\">Esta 9\u1d49 edici\u00f3n del Festival de Cine de Nouveaux Regards es tambi\u00e9n un recordatorio de que un acontecimiento cultural de esta envergadura depende de una din\u00e1mica colectiva. Los socios institucionales y privados, los invitados, los jurados, el equipo organizador, el p\u00fablico que acudi\u00f3 en gran n\u00famero y   <\/span><b>21 voluntarios<\/b><span style=\"font-weight: 400;\">  todos han contribuido a que este acontecimiento sea un \u00e9xito. Esta dimensi\u00f3n humana es tan importante como los propios premios, porque demuestra la capacidad de una regi\u00f3n para sostener un proyecto cultural ambicioso. <\/span><\/p>\t\t\t\t\t\t\t\t<\/div>\n\t\t\t\t<\/div>\n\t\t\t\t\t<\/div>\n\t\t<\/div>\n\t\t\t\t\t<\/div>\n\t\t<\/section>\n\t\t\t\t<section class=\"elementor-section elementor-top-section elementor-element elementor-element-f03d675 elementor-section-boxed elementor-section-height-default elementor-section-height-default\" data-id=\"f03d675\" data-element_type=\"section\">\n\t\t\t\t\t\t<div class=\"elementor-container elementor-column-gap-default\">\n\t\t\t\t\t<div class=\"elementor-column elementor-col-100 elementor-top-column elementor-element elementor-element-ddb1e36\" data-id=\"ddb1e36\" data-element_type=\"column\">\n\t\t\t<div class=\"elementor-widget-wrap elementor-element-populated\">\n\t\t\t\t\t\t<div class=\"elementor-element elementor-element-66035d3 elementor-widget elementor-widget-heading\" data-id=\"66035d3\" data-element_type=\"widget\" data-widget_type=\"heading.default\">\n\t\t\t\t<div class=\"elementor-widget-container\">\n\t\t\t\t\t<h2 class=\"elementor-heading-title elementor-size-default\">Rumbo a una edici\u00f3n 10\u1d49 aniversario<\/h2>\t\t\t\t<\/div>\n\t\t\t\t<\/div>\n\t\t\t\t<div class=\"elementor-element elementor-element-cae4ec8 elementor-widget elementor-widget-text-editor\" data-id=\"cae4ec8\" data-element_type=\"widget\" data-widget_type=\"text-editor.default\">\n\t\t\t\t<div class=\"elementor-widget-container\">\n\t\t\t\t\t\t\t\t\t<p><span style=\"font-weight: 400;\">Ya se ha fijado la fecha <\/span><b>2027<\/b><span style=\"font-weight: 400;\">con una <\/span><b>edici\u00f3n 10\u1d49 aniversario<\/b><span style=\"font-weight: 400;\">  anunciadas como excepcionales. A estas alturas, el Festival de Cine de Nouveaux Regards ya no se limita a premiar obras: acompa\u00f1a la afirmaci\u00f3n progresiva de un espacio cinematogr\u00e1fico caribe\u00f1o m\u00e1s visible, mejor estructurado y m\u00e1s seguro de su voz. Los premios 2026 son una prueba m\u00e1s de ello.    <\/span><\/p>\t\t\t\t\t\t\t\t<\/div>\n\t\t\t\t<\/div>\n\t\t\t\t<div class=\"elementor-element elementor-element-a771396 elementor-widget elementor-widget-text-editor\" data-id=\"a771396\" data-element_type=\"widget\" data-widget_type=\"text-editor.default\">\n\t\t\t\t<div class=\"elementor-widget-container\">\n\t\t\t\t\t\t\t\t\t<h4><strong>\ud83d\udcf8\u00a9Guillaume<a href=\"https:\/\/www.facebook.com\/HappyManPhotoGraphy\" target=\"_blank\" rel=\"noopener nofollow\">Aricique <\/a><a href=\"https:\/\/www.facebook.com\/nouveauxregards\" target=\"_blank\" rel=\"noopener nofollow\">\u00a9Festival de Cine de las NuevasMiradas<\/a><\/strong><\/h4>\t\t\t\t\t\t\t\t<\/div>\n\t\t\t\t<\/div>\n\t\t\t\t\t<\/div>\n\t\t<\/div>\n\t\t\t\t\t<\/div>\n\t\t<\/section>\n\t\t\t\t<section class=\"elementor-section elementor-top-section elementor-element elementor-element-f5709a6 elementor-section-boxed elementor-section-height-default elementor-section-height-default\" data-id=\"f5709a6\" data-element_type=\"section\">\n\t\t\t\t\t\t<div class=\"elementor-container elementor-column-gap-default\">\n\t\t\t\t\t<div class=\"elementor-column elementor-col-100 elementor-top-column elementor-element elementor-element-957be6f\" data-id=\"957be6f\" data-element_type=\"column\">\n\t\t\t<div class=\"elementor-widget-wrap elementor-element-populated\">\n\t\t\t\t\t\t<div class=\"elementor-element elementor-element-63e5d4a elementor-widget elementor-widget-accordion\" data-id=\"63e5d4a\" data-element_type=\"widget\" data-widget_type=\"accordion.default\">\n\t\t\t\t<div class=\"elementor-widget-container\">\n\t\t\t\t\t\t\t<div class=\"elementor-accordion\">\n\t\t\t\t\t\t\t<div class=\"elementor-accordion-item\">\n\t\t\t\t\t<div id=\"elementor-tab-title-1041\" class=\"elementor-tab-title\" data-tab=\"1\" role=\"button\" aria-controls=\"elementor-tab-content-1041\" aria-expanded=\"false\">\n\t\t\t\t\t\t\t\t\t\t\t\t\t<span class=\"elementor-accordion-icon elementor-accordion-icon-left\" aria-hidden=\"true\">\n\t\t\t\t\t\t\t\t\t\t\t\t\t\t\t<span class=\"elementor-accordion-icon-closed\"><i class=\"fas fa-plus\"><\/i><\/span>\n\t\t\t\t\t\t\t\t<span class=\"elementor-accordion-icon-opened\"><i class=\"fas fa-minus\"><\/i><\/span>\n\t\t\t\t\t\t\t\t\t\t\t\t\t\t<\/span>\n\t\t\t\t\t\t\t\t\t\t\t\t<a class=\"elementor-accordion-title\" tabindex=\"0\">\u00bfCu\u00e1les son los ganadores del Festival de Cine Nouveaux Regards 2026?<\/a>\n\t\t\t\t\t<\/div>\n\t\t\t\t\t<div id=\"elementor-tab-content-1041\" class=\"elementor-tab-content elementor-clearfix\" data-tab=\"1\" role=\"region\" aria-labelledby=\"elementor-tab-title-1041\"><p><span style=\"font-weight: 400;\">En el palmar\u00e9s del Festival de Cine de Nouveaux Regards 2026 figuran varias obras destacadas del cine caribe\u00f1o y guyan\u00e9s. El documental   <\/span><i><span style=\"font-weight: 400;\">KOUTKETKOUT<\/span><\/i><span style=\"font-weight: 400;\">  de Joseph Hillel (Hait\u00ed) gan\u00f3 el Premio del Jurado al Mejor Documental. Los cortometrajes,   <\/span><i><span style=\"font-weight: 400;\">GLORIA<\/span><\/i><span style=\"font-weight: 400;\">  de Marvin Yamb (Guyana) obtuvo tres premios importantes: el Premio del Jurado, el Premio del P\u00fablico y el Prix Jeunes Regards. Otras pel\u00edculas como   <\/span><i><span style=\"font-weight: 400;\">SUNNY<\/span><\/i><span style=\"font-weight: 400;\"> de German Gruber Jr (Cura\u00e7ao) y <\/span><i><span style=\"font-weight: 400;\">FUERTE BUKU<\/span><\/i><span style=\"font-weight: 400;\"> de Lo\u00eblle Monsanto (Surinam) tambi\u00e9n figuran entre las obras galardonadas, lo que confirma la diversidad de perspectivas presentes en esta edici\u00f3n.<\/span><\/p>\n<\/div>\n\t\t\t\t<\/div>\n\t\t\t\t\t\t\t<div class=\"elementor-accordion-item\">\n\t\t\t\t\t<div id=\"elementor-tab-title-1042\" class=\"elementor-tab-title\" data-tab=\"2\" role=\"button\" aria-controls=\"elementor-tab-content-1042\" aria-expanded=\"false\">\n\t\t\t\t\t\t\t\t\t\t\t\t\t<span class=\"elementor-accordion-icon elementor-accordion-icon-left\" aria-hidden=\"true\">\n\t\t\t\t\t\t\t\t\t\t\t\t\t\t\t<span class=\"elementor-accordion-icon-closed\"><i class=\"fas fa-plus\"><\/i><\/span>\n\t\t\t\t\t\t\t\t<span class=\"elementor-accordion-icon-opened\"><i class=\"fas fa-minus\"><\/i><\/span>\n\t\t\t\t\t\t\t\t\t\t\t\t\t\t<\/span>\n\t\t\t\t\t\t\t\t\t\t\t\t<a class=\"elementor-accordion-title\" tabindex=\"0\">\u00bfD\u00f3nde se celebra el Festival de Cine Nouveaux Regards?<\/a>\n\t\t\t\t\t<\/div>\n\t\t\t\t\t<div id=\"elementor-tab-content-1042\" class=\"elementor-tab-content elementor-clearfix\" data-tab=\"2\" role=\"region\" aria-labelledby=\"elementor-tab-title-1042\"><p><span style=\"font-weight: 400;\">El Festival de Cine Nouveaux Regards se celebra en Guadalupe, un territorio que desempe\u00f1a un papel central en su identidad. La edici\u00f3n de 2026 tuvo lugar en la comuna de Sainte-Anne, con una velada de clausura organizada en la base n\u00e1utica de ANASA. Este escenario junto al mar, con una pantalla al aire libre, refleja la voluntad del festival de ofrecer una experiencia enraizada en su entorno caribe\u00f1o, al tiempo que permanece abierto a obras procedentes de horizontes diferentes.  <\/span><\/p>\n<\/div>\n\t\t\t\t<\/div>\n\t\t\t\t\t\t\t<div class=\"elementor-accordion-item\">\n\t\t\t\t\t<div id=\"elementor-tab-title-1043\" class=\"elementor-tab-title\" data-tab=\"3\" role=\"button\" aria-controls=\"elementor-tab-content-1043\" aria-expanded=\"false\">\n\t\t\t\t\t\t\t\t\t\t\t\t\t<span class=\"elementor-accordion-icon elementor-accordion-icon-left\" aria-hidden=\"true\">\n\t\t\t\t\t\t\t\t\t\t\t\t\t\t\t<span class=\"elementor-accordion-icon-closed\"><i class=\"fas fa-plus\"><\/i><\/span>\n\t\t\t\t\t\t\t\t<span class=\"elementor-accordion-icon-opened\"><i class=\"fas fa-minus\"><\/i><\/span>\n\t\t\t\t\t\t\t\t\t\t\t\t\t\t<\/span>\n\t\t\t\t\t\t\t\t\t\t\t\t<a class=\"elementor-accordion-title\" tabindex=\"0\">\u00bfCu\u00e1ntas pel\u00edculas se presentaron en el Festival de Cine Nouveaux Regards 2026?<\/a>\n\t\t\t\t\t<\/div>\n\t\t\t\t\t<div id=\"elementor-tab-content-1043\" class=\"elementor-tab-content elementor-clearfix\" data-tab=\"3\" role=\"region\" aria-labelledby=\"elementor-tab-title-1043\"><p><span style=\"font-weight: 400;\">La edici\u00f3n 2026 del Festival de Cine de Nouveaux Regards present\u00f3 45 pel\u00edculas de 20 pa\u00edses, entre ellas 21 del Caribe y Guyana. El programa refleja un equilibrio entre apertura internacional y arraigo regional. Da visibilidad concreta a las producciones caribe\u00f1as, al tiempo que fomenta los intercambios con otros territorios y otras formas de narraci\u00f3n.  <\/span><\/p>\n<\/div>\n\t\t\t\t<\/div>\n\t\t\t\t\t\t\t<div class=\"elementor-accordion-item\">\n\t\t\t\t\t<div id=\"elementor-tab-title-1044\" class=\"elementor-tab-title\" data-tab=\"4\" role=\"button\" aria-controls=\"elementor-tab-content-1044\" aria-expanded=\"false\">\n\t\t\t\t\t\t\t\t\t\t\t\t\t<span class=\"elementor-accordion-icon elementor-accordion-icon-left\" aria-hidden=\"true\">\n\t\t\t\t\t\t\t\t\t\t\t\t\t\t\t<span class=\"elementor-accordion-icon-closed\"><i class=\"fas fa-plus\"><\/i><\/span>\n\t\t\t\t\t\t\t\t<span class=\"elementor-accordion-icon-opened\"><i class=\"fas fa-minus\"><\/i><\/span>\n\t\t\t\t\t\t\t\t\t\t\t\t\t\t<\/span>\n\t\t\t\t\t\t\t\t\t\t\t\t<a class=\"elementor-accordion-title\" tabindex=\"0\">  \u00bfQu\u00e9 papel desempe\u00f1a la realidad virtual en el Festival de Cine de Nouveaux Regards?<\/a>\n\t\t\t\t\t<\/div>\n\t\t\t\t\t<div id=\"elementor-tab-content-1044\" class=\"elementor-tab-content elementor-clearfix\" data-tab=\"4\" role=\"region\" aria-labelledby=\"elementor-tab-title-1044\"><p><span style=\"font-weight: 400;\">La realidad virtual desempe\u00f1a un papel cada vez m\u00e1s importante en el Festival de Cine de Nouveaux Regards, gracias a la secci\u00f3n Laboratorio Inmersivo. En 2026, esta categor\u00eda premiaba la experiencia de   <\/span><i><span style=\"font-weight: 400;\">Dibuja el cambio: Existimos, Resistimos<\/span><\/i><span style=\"font-weight: 400;\">  de Mariana Eva Cadenas, que gan\u00f3 tanto el Prix Lyc\u00e9en como el Prix du Public. Esto demuestra el inter\u00e9s del festival por las nuevas formas de contar historias y la evoluci\u00f3n de las pr\u00e1cticas audiovisuales. <\/span><\/p>\n<\/div>\n\t\t\t\t<\/div>\n\t\t\t\t\t\t\t<div class=\"elementor-accordion-item\">\n\t\t\t\t\t<div id=\"elementor-tab-title-1045\" class=\"elementor-tab-title\" data-tab=\"5\" role=\"button\" aria-controls=\"elementor-tab-content-1045\" aria-expanded=\"false\">\n\t\t\t\t\t\t\t\t\t\t\t\t\t<span class=\"elementor-accordion-icon elementor-accordion-icon-left\" aria-hidden=\"true\">\n\t\t\t\t\t\t\t\t\t\t\t\t\t\t\t<span class=\"elementor-accordion-icon-closed\"><i class=\"fas fa-plus\"><\/i><\/span>\n\t\t\t\t\t\t\t\t<span class=\"elementor-accordion-icon-opened\"><i class=\"fas fa-minus\"><\/i><\/span>\n\t\t\t\t\t\t\t\t\t\t\t\t\t\t<\/span>\n\t\t\t\t\t\t\t\t\t\t\t\t<a class=\"elementor-accordion-title\" tabindex=\"0\">\u00bfPor qu\u00e9 es importante el Festival de Cine de Nouveaux Regards para el cine caribe\u00f1o?<\/a>\n\t\t\t\t\t<\/div>\n\t\t\t\t\t<div id=\"elementor-tab-content-1045\" class=\"elementor-tab-content elementor-clearfix\" data-tab=\"5\" role=\"region\" aria-labelledby=\"elementor-tab-title-1045\"><p><span style=\"font-weight: 400;\">El Festival de Cine de Nouveaux Regards desempe\u00f1a un papel estructurador para el cine caribe\u00f1o. Proporciona una plataforma de distribuci\u00f3n a los cineastas de la regi\u00f3n, fomenta la profesionalizaci\u00f3n del sector y contribuye a la visibilidad internacional de sus obras. Al mismo tiempo, contribuye a la educaci\u00f3n en las artes visuales atrayendo a un gran n\u00famero de escolares. Esta combinaci\u00f3n lo convierte en un acontecimiento clave para el desarrollo y el reconocimiento del cine caribe\u00f1o y guayan\u00e9s.   <\/span><\/p>\n<\/div>\n\t\t\t\t<\/div>\n\t\t\t\t\t\t\t\t<\/div>\n\t\t\t\t\t\t<\/div>\n\t\t\t\t<\/div>\n\t\t\t\t\t<\/div>\n\t\t<\/div>\n\t\t\t\t\t<\/div>\n\t\t<\/section>\n\t\t\t\t<\/div>\n\t\t","protected":false},"excerpt":{"rendered":"<p>El Festival de Cine Nouveaux Regards se clausur\u00f3 el 29 de marzo de 2026 en Guadalupe con un palmar\u00e9s que confirma el auge del cine caribe\u00f1o y guyan\u00e9s. Celebrada del 25 al 29 de marzo, esta 9\u1d49 edici\u00f3n se clausur\u00f3 en la base n\u00e1utica de Sainte-Anne, en el recinto de la ANASA, en un marco [&hellip;]<\/p>\n","protected":false},"author":662,"featured_media":71730,"comment_status":"open","ping_status":"open","sticky":false,"template":"","format":"standard","meta":{"_acf_changed":false,"footnotes":""},"categories":[1505],"tags":[1674],"class_list":["post-71776","post","type-post","status-publish","format-standard","has-post-thumbnail","hentry","category-cine-y-video","tag-bahamas-es"],"acf":[],"_links":{"self":[{"href":"https:\/\/richeskarayib.com\/es\/wp-json\/wp\/v2\/posts\/71776","targetHints":{"allow":["GET"]}}],"collection":[{"href":"https:\/\/richeskarayib.com\/es\/wp-json\/wp\/v2\/posts"}],"about":[{"href":"https:\/\/richeskarayib.com\/es\/wp-json\/wp\/v2\/types\/post"}],"author":[{"embeddable":true,"href":"https:\/\/richeskarayib.com\/es\/wp-json\/wp\/v2\/users\/662"}],"replies":[{"embeddable":true,"href":"https:\/\/richeskarayib.com\/es\/wp-json\/wp\/v2\/comments?post=71776"}],"version-history":[{"count":0,"href":"https:\/\/richeskarayib.com\/es\/wp-json\/wp\/v2\/posts\/71776\/revisions"}],"wp:featuredmedia":[{"embeddable":true,"href":"https:\/\/richeskarayib.com\/es\/wp-json\/wp\/v2\/media\/71730"}],"wp:attachment":[{"href":"https:\/\/richeskarayib.com\/es\/wp-json\/wp\/v2\/media?parent=71776"}],"wp:term":[{"taxonomy":"category","embeddable":true,"href":"https:\/\/richeskarayib.com\/es\/wp-json\/wp\/v2\/categories?post=71776"},{"taxonomy":"post_tag","embeddable":true,"href":"https:\/\/richeskarayib.com\/es\/wp-json\/wp\/v2\/tags?post=71776"}],"curies":[{"name":"wp","href":"https:\/\/api.w.org\/{rel}","templated":true}]}}