{"id":71821,"date":"2026-04-02T07:32:09","date_gmt":"2026-04-02T11:32:09","guid":{"rendered":"https:\/\/richeskarayib.com\/martinica-bandi-la-serie-de-netflix-rodada-en-martinica-pone-a-la-isla-en-el-punto-de-mira\/"},"modified":"2026-04-02T07:32:12","modified_gmt":"2026-04-02T11:32:12","slug":"martinica-bandi-la-serie-de-netflix-rodada-en-martinica-pone-a-la-isla-en-el-punto-de-mira","status":"publish","type":"post","link":"https:\/\/richeskarayib.com\/es\/martinica-bandi-la-serie-de-netflix-rodada-en-martinica-pone-a-la-isla-en-el-punto-de-mira\/","title":{"rendered":"Martinica &#8211; Bandi: la serie de Netflix rodada en Martinica pone a la isla en el punto de mira"},"content":{"rendered":"\t\t<div data-elementor-type=\"wp-post\" data-elementor-id=\"71821\" class=\"elementor elementor-71821 elementor-71779\" data-elementor-post-type=\"post\">\n\t\t\t\t\t\t<section class=\"elementor-section elementor-top-section elementor-element elementor-element-7ca7ca1 elementor-section-boxed elementor-section-height-default elementor-section-height-default\" data-id=\"7ca7ca1\" data-element_type=\"section\">\n\t\t\t\t\t\t<div class=\"elementor-container elementor-column-gap-default\">\n\t\t\t\t\t<div class=\"elementor-column elementor-col-100 elementor-top-column elementor-element elementor-element-cbdd002\" data-id=\"cbdd002\" data-element_type=\"column\">\n\t\t\t<div class=\"elementor-widget-wrap elementor-element-populated\">\n\t\t\t\t\t\t<section class=\"elementor-section elementor-inner-section elementor-element elementor-element-bc94849 elementor-section-boxed elementor-section-height-default elementor-section-height-default\" data-id=\"bc94849\" data-element_type=\"section\">\n\t\t\t\t\t\t<div class=\"elementor-container elementor-column-gap-default\">\n\t\t\t\t\t\t<\/div>\n\t\t<\/section>\n\t\t\t\t<section class=\"elementor-section elementor-inner-section elementor-element elementor-element-61571e6 elementor-section-boxed elementor-section-height-default elementor-section-height-default\" data-id=\"61571e6\" data-element_type=\"section\">\n\t\t\t\t\t\t<div class=\"elementor-container elementor-column-gap-default\">\n\t\t\t\t\t\t<\/div>\n\t\t<\/section>\n\t\t\t\t<section class=\"elementor-section elementor-inner-section elementor-element elementor-element-b6262e0 elementor-section-boxed elementor-section-height-default elementor-section-height-default\" data-id=\"b6262e0\" data-element_type=\"section\">\n\t\t\t\t\t\t<div class=\"elementor-container elementor-column-gap-default\">\n\t\t\t\t\t\t<\/div>\n\t\t<\/section>\n\t\t\t\t<section class=\"elementor-section elementor-inner-section elementor-element elementor-element-cca29fd elementor-section-boxed elementor-section-height-default elementor-section-height-default\" data-id=\"cca29fd\" data-element_type=\"section\">\n\t\t\t\t\t\t<div class=\"elementor-container elementor-column-gap-default\">\n\t\t\t\t\t\t<\/div>\n\t\t<\/section>\n\t\t\t\t\t<\/div>\n\t\t<\/div>\n\t\t\t\t\t<\/div>\n\t\t<\/section>\n\t\t\t\t<section class=\"elementor-section elementor-top-section elementor-element elementor-element-ee72354 elementor-section-boxed elementor-section-height-default elementor-section-height-default\" data-id=\"ee72354\" data-element_type=\"section\">\n\t\t\t\t\t\t<div class=\"elementor-container elementor-column-gap-default\">\n\t\t\t\t\t<div class=\"elementor-column elementor-col-100 elementor-top-column elementor-element elementor-element-c59d6fe\" data-id=\"c59d6fe\" data-element_type=\"column\">\n\t\t\t<div class=\"elementor-widget-wrap elementor-element-populated\">\n\t\t\t\t\t\t<div class=\"elementor-element elementor-element-973ec9a elementor-widget elementor-widget-text-editor\" data-id=\"973ec9a\" data-element_type=\"widget\" data-widget_type=\"text-editor.default\">\n\t\t\t\t<div class=\"elementor-widget-container\">\n\t\t\t\t\t\t\t\t\t<p><span style=\"font-weight: 400;\">La serie <\/span>Bandi<span style=\"font-weight: 400;\"> llega a Netflix el <\/span><b>9 de abril de 2026<\/b><span style=\"font-weight: 400;\"> con <\/span><b>ocho episodios<\/b><span style=\"font-weight: 400;\">  y una clara ambici\u00f3n: contar la historia de Martinica sin reducir la isla a un mero tel\u00f3n de fondo. El punto de partida es brutal. Tras la muerte de su madre,    <\/span><b>once hermanos y hermanas de entre 7 y 23 a\u00f1os<\/b><span style=\"font-weight: 400;\">  tienen que mantenerse firmes, proteger a los m\u00e1s j\u00f3venes, pagar lo que tienen que pagar y decidir hasta d\u00f3nde est\u00e1n dispuestos a llegar para mantenerse a flote. Para algunos de los hermanos, el tr\u00e1fico se convierte en una tentaci\u00f3n. Para otros, es una l\u00ednea roja.    <\/span><\/p>\t\t\t\t\t\t\t\t<\/div>\n\t\t\t\t<\/div>\n\t\t\t\t<div class=\"elementor-element elementor-element-e8db2c5 elementor-widget elementor-widget-text-editor\" data-id=\"e8db2c5\" data-element_type=\"widget\" data-widget_type=\"text-editor.default\">\n\t\t\t\t<div class=\"elementor-widget-container\">\n\t\t\t\t\t\t\t\t\t<p><span style=\"font-weight: 400;\">Creado por <\/span><b>\u00c9ric Rochant<\/b><span style=\"font-weight: 400;\"> y <\/span><b>Capucine Rochant<\/b><span style=\"font-weight: 400;\">La serie se basa en un fuerte material familiar. No es un drama construido \u00fanicamente en torno a la violencia. Es una historia sobre el dolor, la solidaridad, la superaci\u00f3n, la presi\u00f3n social y c\u00f3mo una familia puede desmoronarse cuando desaparece el pilar central. Esta base da al proyecto m\u00e1s profundidad que un simple drama criminal. Tambi\u00e9n permite a la serie      <\/span>Bandi<span style=\"font-weight: 400;\"> nos adentra en una realidad martiniquesa en la que las cuestiones del futuro, la inseguridad y la transmisi\u00f3n nunca pueden tratarse a la ligera.<\/span><\/p>\t\t\t\t\t\t\t\t<\/div>\n\t\t\t\t<\/div>\n\t\t\t\t<div class=\"elementor-element elementor-element-709a5a5 elementor-widget elementor-widget-image\" data-id=\"709a5a5\" data-element_type=\"widget\" data-widget_type=\"image.default\">\n\t\t\t\t<div class=\"elementor-widget-container\">\n\t\t\t\t\t\t\t\t\t\t\t\t<figure class=\"wp-caption\">\n\t\t\t\t\t\t\t\t\t\t<img fetchpriority=\"high\" decoding=\"async\" width=\"800\" height=\"1000\" src=\"https:\/\/richeskarayib.com\/wp-content\/uploads\/2026\/04\/\u00a9Netflix-819x1024.jpg\" class=\"attachment-large size-large wp-image-71787\" alt=\"Bandi\" srcset=\"https:\/\/richeskarayib.com\/wp-content\/uploads\/2026\/04\/\u00a9Netflix-819x1024.jpg 819w, https:\/\/richeskarayib.com\/wp-content\/uploads\/2026\/04\/\u00a9Netflix-240x300.jpg 240w, https:\/\/richeskarayib.com\/wp-content\/uploads\/2026\/04\/\u00a9Netflix-768x960.jpg 768w, https:\/\/richeskarayib.com\/wp-content\/uploads\/2026\/04\/\u00a9Netflix.jpg 1080w\" sizes=\"(max-width: 800px) 100vw, 800px\" \/>\t\t\t\t\t\t\t\t\t\t\t<figcaption class=\"widget-image-caption wp-caption-text\">\u00a9Netflix<\/figcaption>\n\t\t\t\t\t\t\t\t\t\t<\/figure>\n\t\t\t\t\t\t\t\t\t<\/div>\n\t\t\t\t<\/div>\n\t\t\t\t\t<\/div>\n\t\t<\/div>\n\t\t\t\t\t<\/div>\n\t\t<\/section>\n\t\t\t\t<section class=\"elementor-section elementor-top-section elementor-element elementor-element-82cd8f9 elementor-section-boxed elementor-section-height-default elementor-section-height-default\" data-id=\"82cd8f9\" data-element_type=\"section\">\n\t\t\t\t\t\t<div class=\"elementor-container elementor-column-gap-default\">\n\t\t\t\t\t<div class=\"elementor-column elementor-col-100 elementor-top-column elementor-element elementor-element-0bfdc38\" data-id=\"0bfdc38\" data-element_type=\"column\">\n\t\t\t<div class=\"elementor-widget-wrap elementor-element-populated\">\n\t\t\t\t\t\t<div class=\"elementor-element elementor-element-7d292fe elementor-widget elementor-widget-heading\" data-id=\"7d292fe\" data-element_type=\"widget\" data-widget_type=\"heading.default\">\n\t\t\t\t<div class=\"elementor-widget-container\">\n\t\t\t\t\t<h2 class=\"elementor-heading-title elementor-size-default\">Martinica filmada desde dentro<\/h2>\t\t\t\t<\/div>\n\t\t\t\t<\/div>\n\t\t\t\t<div class=\"elementor-element elementor-element-289b094 elementor-widget elementor-widget-text-editor\" data-id=\"289b094\" data-element_type=\"widget\" data-widget_type=\"text-editor.default\">\n\t\t\t\t<div class=\"elementor-widget-container\">\n\t\t\t\t\t\t\t\t\t<p><span style=\"font-weight: 400;\">Uno de los aspectos m\u00e1s interesantes de la serie es su anclaje territorial. La serie se rod\u00f3 en Martinica, lo que convierte a la isla en un espacio dram\u00e1tico por derecho propio. Las calles, los barrios populares, la vegetaci\u00f3n, los contrastes sociales y la tensi\u00f3n de la vida cotidiana forman parte de la historia. La serie     <\/span>Bandi<span style=\"font-weight: 400;\">  no se basa en una imagen tur\u00edstica de Martinica. En su lugar, opta por un marco m\u00e1s \u00e1spero y denso, m\u00e1s cercano a las realidades que atraviesan parte del territorio. <\/span><\/p>\t\t\t\t\t\t\t\t<\/div>\n\t\t\t\t<\/div>\n\t\t\t\t<div class=\"elementor-element elementor-element-e925cf0 elementor-widget elementor-widget-text-editor\" data-id=\"e925cf0\" data-element_type=\"widget\" data-widget_type=\"text-editor.default\">\n\t\t\t\t<div class=\"elementor-widget-container\">\n\t\t\t\t\t\t\t\t\t<p><span style=\"font-weight: 400;\">Esta elecci\u00f3n confiere a la serie una verdadera identidad visual. Tambi\u00e9n evita un escollo habitual: filmar el Caribe como tel\u00f3n de fondo de postal. Aqu\u00ed, la isla pesa en las trayectorias, las elecciones y el equilibrio de poder. Martinica no est\u00e1 detr\u00e1s de la historia. Est\u00e1 en la historia. Eso es lo que confiere a la serie un significado especial para el p\u00fablico caribe\u00f1o, que busca cada vez m\u00e1s obras que muestren sus territorios de formas distintas a los t\u00f3picos gastados.     <\/span><\/p>\t\t\t\t\t\t\t\t<\/div>\n\t\t\t\t<\/div>\n\t\t\t\t<div class=\"elementor-element elementor-element-04832c0 elementor-widget elementor-widget-video\" data-id=\"04832c0\" data-element_type=\"widget\" data-settings=\"{&quot;youtube_url&quot;:&quot;https:\\\/\\\/www.youtube.com\\\/watch?v=9sZ1d3uHRls&quot;,&quot;video_type&quot;:&quot;youtube&quot;,&quot;controls&quot;:&quot;yes&quot;}\" data-widget_type=\"video.default\">\n\t\t\t\t<div class=\"elementor-widget-container\">\n\t\t\t\t\t\t\t<div class=\"elementor-wrapper elementor-open-inline\">\n\t\t\t<div class=\"elementor-video\"><\/div>\t\t<\/div>\n\t\t\t\t\t\t<\/div>\n\t\t\t\t<\/div>\n\t\t\t\t<section class=\"elementor-section elementor-inner-section elementor-element elementor-element-c582330 elementor-section-boxed elementor-section-height-default elementor-section-height-default\" data-id=\"c582330\" data-element_type=\"section\">\n\t\t\t\t\t\t<div class=\"elementor-container elementor-column-gap-default\">\n\t\t\t\t\t\t<\/div>\n\t\t<\/section>\n\t\t\t\t<section class=\"elementor-section elementor-inner-section elementor-element elementor-element-296603a elementor-section-boxed elementor-section-height-default elementor-section-height-default\" data-id=\"296603a\" data-element_type=\"section\">\n\t\t\t\t\t\t<div class=\"elementor-container elementor-column-gap-default\">\n\t\t\t\t\t\t<\/div>\n\t\t<\/section>\n\t\t\t\t\t<\/div>\n\t\t<\/div>\n\t\t\t\t\t<\/div>\n\t\t<\/section>\n\t\t\t\t<section class=\"elementor-section elementor-top-section elementor-element elementor-element-9c88a89 elementor-section-boxed elementor-section-height-default elementor-section-height-default\" data-id=\"9c88a89\" data-element_type=\"section\">\n\t\t\t\t\t\t<div class=\"elementor-container elementor-column-gap-default\">\n\t\t\t\t\t<div class=\"elementor-column elementor-col-100 elementor-top-column elementor-element elementor-element-78cf5d1\" data-id=\"78cf5d1\" data-element_type=\"column\">\n\t\t\t<div class=\"elementor-widget-wrap elementor-element-populated\">\n\t\t\t\t\t\t<div class=\"elementor-element elementor-element-ea2a5c1 elementor-widget elementor-widget-heading\" data-id=\"ea2a5c1\" data-element_type=\"widget\" data-widget_type=\"heading.default\">\n\t\t\t\t<div class=\"elementor-widget-container\">\n\t\t\t\t\t<h2 class=\"elementor-heading-title elementor-size-default\">Rostros de Martinica en primer plano<\/h2>\t\t\t\t<\/div>\n\t\t\t\t<\/div>\n\t\t\t\t<div class=\"elementor-element elementor-element-e305eee elementor-widget elementor-widget-text-editor\" data-id=\"e305eee\" data-element_type=\"widget\" data-widget_type=\"text-editor.default\">\n\t\t\t\t<div class=\"elementor-widget-container\">\n\t\t\t\t\t\t\t\t\t<p><span style=\"font-weight: 400;\">La serie <\/span>Bandi<span style=\"font-weight: 400;\">  tambi\u00e9n destaca por su reparto. Netflix cuenta con   <\/span><b>Djody Grimeau, Rodney Dijon, Ambre Bozza, Hay-Lee-Jah Caloc, Amah Fofana, Kahela Borval, C\u00e9dric Camille, Teyvan Misat, Liyem Lostau<\/b><span style=\"font-weight: 400;\"> y <\/span><b>Nah\u00ebl Demar<\/b><span style=\"font-weight: 400;\">. En el preestreno de Madiana tambi\u00e9n se destacaron otros nombres asociados a la serie, entre ellos  <\/span><b>William Paul Joseph, Jonathan Zacca\u00ef, Lucas Pernock, Evan Lienafa, Steeven Mornet<\/b><span style=\"font-weight: 400;\"> y <\/span><b>Souane Rosamont<\/b><span style=\"font-weight: 400;\">.<\/span><\/p>\t\t\t\t\t\t\t\t<\/div>\n\t\t\t\t<\/div>\n\t\t\t\t<div class=\"elementor-element elementor-element-e43ffd4 elementor-widget elementor-widget-text-editor\" data-id=\"e43ffd4\" data-element_type=\"widget\" data-widget_type=\"text-editor.default\">\n\t\t\t\t<div class=\"elementor-widget-container\">\n\t\t\t\t\t\t\t\t\t<p>El hecho m\u00e1s importante sigue estando en otra parte: 75 de los 82 papeles hablados est\u00e1n interpretados por actores locales, sin incluir los 1.500 extras contratados localmente. Esto cambia profundamente el alcance del proyecto. La serie Bandi no s\u00f3lo muestra Martinica, sino que le da sus propios rostros. Para algunos de estos actores, esta producci\u00f3n representa una exposici\u00f3n sin precedentes, en una serie destinada a circular internacionalmente.   <\/p>\t\t\t\t\t\t\t\t<\/div>\n\t\t\t\t<\/div>\n\t\t\t\t<section class=\"elementor-section elementor-inner-section elementor-element elementor-element-16010e9 elementor-section-boxed elementor-section-height-default elementor-section-height-default\" data-id=\"16010e9\" data-element_type=\"section\">\n\t\t\t\t\t\t<div class=\"elementor-container elementor-column-gap-default\">\n\t\t\t\t\t<div class=\"elementor-column elementor-col-33 elementor-inner-column elementor-element elementor-element-3ffee9a\" data-id=\"3ffee9a\" data-element_type=\"column\">\n\t\t\t<div class=\"elementor-widget-wrap elementor-element-populated\">\n\t\t\t\t\t\t<div class=\"elementor-element elementor-element-4bd59fe elementor-widget elementor-widget-image\" data-id=\"4bd59fe\" data-element_type=\"widget\" data-widget_type=\"image.default\">\n\t\t\t\t<div class=\"elementor-widget-container\">\n\t\t\t\t\t\t\t\t\t\t\t\t<figure class=\"wp-caption\">\n\t\t\t\t\t\t\t\t\t\t<img decoding=\"async\" width=\"800\" height=\"534\" src=\"https:\/\/richeskarayib.com\/wp-content\/uploads\/2026\/04\/\u00a9Netflix-2-1024x683.jpg\" class=\"attachment-large size-large wp-image-71803\" alt=\"Bandi\" srcset=\"https:\/\/richeskarayib.com\/wp-content\/uploads\/2026\/04\/\u00a9Netflix-2-1024x683.jpg 1024w, https:\/\/richeskarayib.com\/wp-content\/uploads\/2026\/04\/\u00a9Netflix-2-300x200.jpg 300w, https:\/\/richeskarayib.com\/wp-content\/uploads\/2026\/04\/\u00a9Netflix-2-768x512.jpg 768w, https:\/\/richeskarayib.com\/wp-content\/uploads\/2026\/04\/\u00a9Netflix-2-1536x1025.jpg 1536w, https:\/\/richeskarayib.com\/wp-content\/uploads\/2026\/04\/\u00a9Netflix-2-1320x881.jpg 1320w, https:\/\/richeskarayib.com\/wp-content\/uploads\/2026\/04\/\u00a9Netflix-2.jpg 1920w\" sizes=\"(max-width: 800px) 100vw, 800px\" \/>\t\t\t\t\t\t\t\t\t\t\t<figcaption class=\"widget-image-caption wp-caption-text\">\u00a9Netflix<\/figcaption>\n\t\t\t\t\t\t\t\t\t\t<\/figure>\n\t\t\t\t\t\t\t\t\t<\/div>\n\t\t\t\t<\/div>\n\t\t\t\t\t<\/div>\n\t\t<\/div>\n\t\t\t\t<div class=\"elementor-column elementor-col-33 elementor-inner-column elementor-element elementor-element-737136f\" data-id=\"737136f\" data-element_type=\"column\">\n\t\t\t<div class=\"elementor-widget-wrap elementor-element-populated\">\n\t\t\t\t\t\t<div class=\"elementor-element elementor-element-4ebfb0d elementor-widget elementor-widget-image\" data-id=\"4ebfb0d\" data-element_type=\"widget\" data-widget_type=\"image.default\">\n\t\t\t\t<div class=\"elementor-widget-container\">\n\t\t\t\t\t\t\t\t\t\t\t\t<figure class=\"wp-caption\">\n\t\t\t\t\t\t\t\t\t\t<img decoding=\"async\" width=\"800\" height=\"534\" src=\"https:\/\/richeskarayib.com\/wp-content\/uploads\/2026\/04\/\u00a9Netflix-3-1024x683.jpg\" class=\"attachment-large size-large wp-image-71807\" alt=\"Bandi\" srcset=\"https:\/\/richeskarayib.com\/wp-content\/uploads\/2026\/04\/\u00a9Netflix-3-1024x683.jpg 1024w, https:\/\/richeskarayib.com\/wp-content\/uploads\/2026\/04\/\u00a9Netflix-3-300x200.jpg 300w, https:\/\/richeskarayib.com\/wp-content\/uploads\/2026\/04\/\u00a9Netflix-3-768x512.jpg 768w, https:\/\/richeskarayib.com\/wp-content\/uploads\/2026\/04\/\u00a9Netflix-3-1536x1025.jpg 1536w, https:\/\/richeskarayib.com\/wp-content\/uploads\/2026\/04\/\u00a9Netflix-3-1320x881.jpg 1320w, https:\/\/richeskarayib.com\/wp-content\/uploads\/2026\/04\/\u00a9Netflix-3.jpg 1920w\" sizes=\"(max-width: 800px) 100vw, 800px\" \/>\t\t\t\t\t\t\t\t\t\t\t<figcaption class=\"widget-image-caption wp-caption-text\">\u00a9Netflix<\/figcaption>\n\t\t\t\t\t\t\t\t\t\t<\/figure>\n\t\t\t\t\t\t\t\t\t<\/div>\n\t\t\t\t<\/div>\n\t\t\t\t\t<\/div>\n\t\t<\/div>\n\t\t\t\t<div class=\"elementor-column elementor-col-33 elementor-inner-column elementor-element elementor-element-13ef401\" data-id=\"13ef401\" data-element_type=\"column\">\n\t\t\t<div class=\"elementor-widget-wrap elementor-element-populated\">\n\t\t\t\t\t\t<div class=\"elementor-element elementor-element-3013225 elementor-widget elementor-widget-image\" data-id=\"3013225\" data-element_type=\"widget\" data-widget_type=\"image.default\">\n\t\t\t\t<div class=\"elementor-widget-container\">\n\t\t\t\t\t\t\t\t\t\t\t\t<figure class=\"wp-caption\">\n\t\t\t\t\t\t\t\t\t\t<img loading=\"lazy\" decoding=\"async\" width=\"800\" height=\"534\" src=\"https:\/\/richeskarayib.com\/wp-content\/uploads\/2026\/04\/\u00a9Netflix-41-1024x683.jpg\" class=\"attachment-large size-large wp-image-71811\" alt=\"Bandi\" srcset=\"https:\/\/richeskarayib.com\/wp-content\/uploads\/2026\/04\/\u00a9Netflix-41-1024x683.jpg 1024w, https:\/\/richeskarayib.com\/wp-content\/uploads\/2026\/04\/\u00a9Netflix-41-300x200.jpg 300w, https:\/\/richeskarayib.com\/wp-content\/uploads\/2026\/04\/\u00a9Netflix-41-768x512.jpg 768w, https:\/\/richeskarayib.com\/wp-content\/uploads\/2026\/04\/\u00a9Netflix-41-1536x1025.jpg 1536w, https:\/\/richeskarayib.com\/wp-content\/uploads\/2026\/04\/\u00a9Netflix-41-1320x881.jpg 1320w, https:\/\/richeskarayib.com\/wp-content\/uploads\/2026\/04\/\u00a9Netflix-41.jpg 1920w\" sizes=\"(max-width: 800px) 100vw, 800px\" \/>\t\t\t\t\t\t\t\t\t\t\t<figcaption class=\"widget-image-caption wp-caption-text\">\u00a9Netflix<\/figcaption>\n\t\t\t\t\t\t\t\t\t\t<\/figure>\n\t\t\t\t\t\t\t\t\t<\/div>\n\t\t\t\t<\/div>\n\t\t\t\t\t<\/div>\n\t\t<\/div>\n\t\t\t\t\t<\/div>\n\t\t<\/section>\n\t\t\t\t\t<\/div>\n\t\t<\/div>\n\t\t\t\t\t<\/div>\n\t\t<\/section>\n\t\t\t\t<section class=\"elementor-section elementor-top-section elementor-element elementor-element-ee7f5d7 elementor-section-boxed elementor-section-height-default elementor-section-height-default\" data-id=\"ee7f5d7\" data-element_type=\"section\">\n\t\t\t\t\t\t<div class=\"elementor-container elementor-column-gap-default\">\n\t\t\t\t\t<div class=\"elementor-column elementor-col-100 elementor-top-column elementor-element elementor-element-0669c08\" data-id=\"0669c08\" data-element_type=\"column\">\n\t\t\t<div class=\"elementor-widget-wrap elementor-element-populated\">\n\t\t\t\t\t\t<div class=\"elementor-element elementor-element-acc47ca elementor-widget elementor-widget-heading\" data-id=\"acc47ca\" data-element_type=\"widget\" data-widget_type=\"heading.default\">\n\t\t\t\t<div class=\"elementor-widget-container\">\n\t\t\t\t\t<h2 class=\"elementor-heading-title elementor-size-default\">Un rodaje que dej\u00f3 huella en el paisaje audiovisual local<\/h2>\t\t\t\t<\/div>\n\t\t\t\t<\/div>\n\t\t\t\t<div class=\"elementor-element elementor-element-4bb1533 elementor-widget elementor-widget-text-editor\" data-id=\"4bb1533\" data-element_type=\"widget\" data-widget_type=\"text-editor.default\">\n\t\t\t\t<div class=\"elementor-widget-container\">\n\t\t\t\t\t\t\t\t\t<p><span style=\"font-weight: 400;\">La serie <\/span><a href=\"https:\/\/www.allocine.fr\/series\/ficheserie_gen_cserie=1000000157.html\" target=\"_blank\" rel=\"noopener nofollow\">Bandi<\/a><span style=\"font-weight: 400;\">  no se trata s\u00f3lo de lo que parece en la pantalla. El rodaje tambi\u00e9n fue importante para la industria audiovisual local. El talento de Martinica se moviliz\u00f3 delante y detr\u00e1s de la c\u00e1mara, y la producci\u00f3n cre\u00f3 un entorno de trabajo poco frecuente en su escala. Para una regi\u00f3n en la que las oportunidades a este nivel siguen siendo limitadas, una serie como \u00e9sta tambi\u00e9n merece la pena como experimento, como formaci\u00f3n acelerada y como punto de apoyo para el futuro.   <\/span><\/p>\t\t\t\t\t\t\t\t<\/div>\n\t\t\t\t<\/div>\n\t\t\t\t<div class=\"elementor-element elementor-element-225ff5a elementor-widget elementor-widget-text-editor\" data-id=\"225ff5a\" data-element_type=\"widget\" data-widget_type=\"text-editor.default\">\n\t\t\t\t<div class=\"elementor-widget-container\">\n\t\t\t\t\t\t\t\t\t<p><span style=\"font-weight: 400;\">Unas pocas l\u00edneas en criollo tambi\u00e9n ayudan a anclar la pel\u00edcula. Este detalle no es casual. En una producci\u00f3n dirigida a un p\u00fablico muy amplio, conservar alguna lengua local ayuda a preservar una textura, un ritmo, una verdad. La serie gana as\u00ed en densidad cultural, sin dejar de ser accesible a un p\u00fablico mundial.   <\/span><\/p>\t\t\t\t\t\t\t\t<\/div>\n\t\t\t\t<\/div>\n\t\t\t\t<section class=\"elementor-section elementor-inner-section elementor-element elementor-element-c876e12 elementor-section-boxed elementor-section-height-default elementor-section-height-default\" data-id=\"c876e12\" data-element_type=\"section\">\n\t\t\t\t\t\t<div class=\"elementor-container elementor-column-gap-default\">\n\t\t\t\t\t<div class=\"elementor-column elementor-col-33 elementor-inner-column elementor-element elementor-element-2818536\" data-id=\"2818536\" data-element_type=\"column\">\n\t\t\t<div class=\"elementor-widget-wrap elementor-element-populated\">\n\t\t\t\t\t\t<div class=\"elementor-element elementor-element-e2ce83e elementor-widget elementor-widget-image\" data-id=\"e2ce83e\" data-element_type=\"widget\" data-widget_type=\"image.default\">\n\t\t\t\t<div class=\"elementor-widget-container\">\n\t\t\t\t\t\t\t\t\t\t\t\t<figure class=\"wp-caption\">\n\t\t\t\t\t\t\t\t\t\t<img loading=\"lazy\" decoding=\"async\" width=\"800\" height=\"600\" src=\"https:\/\/richeskarayib.com\/wp-content\/uploads\/2026\/04\/\u00a9Elodie-Tanger-1024x768.jpg\" class=\"attachment-large size-large wp-image-71791\" alt=\"Bandi\" srcset=\"https:\/\/richeskarayib.com\/wp-content\/uploads\/2026\/04\/\u00a9Elodie-Tanger-1024x768.jpg 1024w, https:\/\/richeskarayib.com\/wp-content\/uploads\/2026\/04\/\u00a9Elodie-Tanger-300x225.jpg 300w, https:\/\/richeskarayib.com\/wp-content\/uploads\/2026\/04\/\u00a9Elodie-Tanger-768x576.jpg 768w, https:\/\/richeskarayib.com\/wp-content\/uploads\/2026\/04\/\u00a9Elodie-Tanger.jpg 1280w\" sizes=\"(max-width: 800px) 100vw, 800px\" \/>\t\t\t\t\t\t\t\t\t\t\t<figcaption class=\"widget-image-caption wp-caption-text\">\u00a9Elodie Tanger<\/figcaption>\n\t\t\t\t\t\t\t\t\t\t<\/figure>\n\t\t\t\t\t\t\t\t\t<\/div>\n\t\t\t\t<\/div>\n\t\t\t\t\t<\/div>\n\t\t<\/div>\n\t\t\t\t<div class=\"elementor-column elementor-col-33 elementor-inner-column elementor-element elementor-element-adfd391\" data-id=\"adfd391\" data-element_type=\"column\">\n\t\t\t<div class=\"elementor-widget-wrap elementor-element-populated\">\n\t\t\t\t\t\t<div class=\"elementor-element elementor-element-c8f325e elementor-widget elementor-widget-image\" data-id=\"c8f325e\" data-element_type=\"widget\" data-widget_type=\"image.default\">\n\t\t\t\t<div class=\"elementor-widget-container\">\n\t\t\t\t\t\t\t\t\t\t\t\t<figure class=\"wp-caption\">\n\t\t\t\t\t\t\t\t\t\t<img loading=\"lazy\" decoding=\"async\" width=\"800\" height=\"600\" src=\"https:\/\/richeskarayib.com\/wp-content\/uploads\/2026\/04\/\u00a9Elodie-Tanger-1-1024x768.jpg\" class=\"attachment-large size-large wp-image-71795\" alt=\"Bandi\" srcset=\"https:\/\/richeskarayib.com\/wp-content\/uploads\/2026\/04\/\u00a9Elodie-Tanger-1-1024x768.jpg 1024w, https:\/\/richeskarayib.com\/wp-content\/uploads\/2026\/04\/\u00a9Elodie-Tanger-1-300x225.jpg 300w, https:\/\/richeskarayib.com\/wp-content\/uploads\/2026\/04\/\u00a9Elodie-Tanger-1-768x576.jpg 768w, https:\/\/richeskarayib.com\/wp-content\/uploads\/2026\/04\/\u00a9Elodie-Tanger-1.jpg 1280w\" sizes=\"(max-width: 800px) 100vw, 800px\" \/>\t\t\t\t\t\t\t\t\t\t\t<figcaption class=\"widget-image-caption wp-caption-text\">\u00a9Elodie Tanger<\/figcaption>\n\t\t\t\t\t\t\t\t\t\t<\/figure>\n\t\t\t\t\t\t\t\t\t<\/div>\n\t\t\t\t<\/div>\n\t\t\t\t\t<\/div>\n\t\t<\/div>\n\t\t\t\t<div class=\"elementor-column elementor-col-33 elementor-inner-column elementor-element elementor-element-6198407\" data-id=\"6198407\" data-element_type=\"column\">\n\t\t\t<div class=\"elementor-widget-wrap elementor-element-populated\">\n\t\t\t\t\t\t<div class=\"elementor-element elementor-element-44f038b elementor-widget elementor-widget-image\" data-id=\"44f038b\" data-element_type=\"widget\" data-widget_type=\"image.default\">\n\t\t\t\t<div class=\"elementor-widget-container\">\n\t\t\t\t\t\t\t\t\t\t\t\t<figure class=\"wp-caption\">\n\t\t\t\t\t\t\t\t\t\t<img loading=\"lazy\" decoding=\"async\" width=\"800\" height=\"600\" src=\"https:\/\/richeskarayib.com\/wp-content\/uploads\/2026\/04\/\u00a9Elodie-Tanger-2-1024x768.jpg\" class=\"attachment-large size-large wp-image-71799\" alt=\"Bandi\" srcset=\"https:\/\/richeskarayib.com\/wp-content\/uploads\/2026\/04\/\u00a9Elodie-Tanger-2-1024x768.jpg 1024w, https:\/\/richeskarayib.com\/wp-content\/uploads\/2026\/04\/\u00a9Elodie-Tanger-2-300x225.jpg 300w, https:\/\/richeskarayib.com\/wp-content\/uploads\/2026\/04\/\u00a9Elodie-Tanger-2-768x576.jpg 768w, https:\/\/richeskarayib.com\/wp-content\/uploads\/2026\/04\/\u00a9Elodie-Tanger-2.jpg 1280w\" sizes=\"(max-width: 800px) 100vw, 800px\" \/>\t\t\t\t\t\t\t\t\t\t\t<figcaption class=\"widget-image-caption wp-caption-text\">\u00a9Elodie Tanger<\/figcaption>\n\t\t\t\t\t\t\t\t\t\t<\/figure>\n\t\t\t\t\t\t\t\t\t<\/div>\n\t\t\t\t<\/div>\n\t\t\t\t\t<\/div>\n\t\t<\/div>\n\t\t\t\t\t<\/div>\n\t\t<\/section>\n\t\t\t\t\t<\/div>\n\t\t<\/div>\n\t\t\t\t\t<\/div>\n\t\t<\/section>\n\t\t\t\t<section class=\"elementor-section elementor-top-section elementor-element elementor-element-f03d675 elementor-section-boxed elementor-section-height-default elementor-section-height-default\" data-id=\"f03d675\" data-element_type=\"section\">\n\t\t\t\t\t\t<div class=\"elementor-container elementor-column-gap-default\">\n\t\t\t\t\t<div class=\"elementor-column elementor-col-100 elementor-top-column elementor-element elementor-element-ddb1e36\" data-id=\"ddb1e36\" data-element_type=\"column\">\n\t\t\t<div class=\"elementor-widget-wrap elementor-element-populated\">\n\t\t\t\t\t\t<div class=\"elementor-element elementor-element-66035d3 elementor-widget elementor-widget-heading\" data-id=\"66035d3\" data-element_type=\"widget\" data-widget_type=\"heading.default\">\n\t\t\t\t<div class=\"elementor-widget-container\">\n\t\t\t\t\t<h2 class=\"elementor-heading-title elementor-size-default\">Madiana, un preestreno a la altura de las expectativas<\/h2>\t\t\t\t<\/div>\n\t\t\t\t<\/div>\n\t\t\t\t<div class=\"elementor-element elementor-element-cae4ec8 elementor-widget elementor-widget-text-editor\" data-id=\"cae4ec8\" data-element_type=\"widget\" data-widget_type=\"text-editor.default\">\n\t\t\t\t<div class=\"elementor-widget-container\">\n\t\t\t\t\t\t\t\t\t<p>El preestreno organizado el 19 de marzo de 2026 en el cine Madiana de <a href=\"https:\/\/richeskarayib.com\/es\/?p=70896\" target=\"_blank\" rel=\"noopener\">Martinica<\/a> dej\u00f3 entrever lo que la serie Bandi representa ya para la regi\u00f3n. All\u00ed se proyect\u00f3 el primer episodio antes de difundirlo por Internet en todo el mundo, en una velada que reuni\u00f3 al equipo, los actores y el p\u00fablico. El simbolismo es poderoso: antes de viajar por el mundo, la serie conoci\u00f3 primero a las personas cuyos rostros, voces y tensiones lleva.  <\/p>\t\t\t\t\t\t\t\t<\/div>\n\t\t\t\t<\/div>\n\t\t\t\t<div class=\"elementor-element elementor-element-80dc75a elementor-widget elementor-widget-text-editor\" data-id=\"80dc75a\" data-element_type=\"widget\" data-widget_type=\"text-editor.default\">\n\t\t\t\t<div class=\"elementor-widget-container\">\n\t\t\t\t\t\t\t\t\t<p><span style=\"font-weight: 400;\">Este avance tambi\u00e9n confirm\u00f3 que el <\/span>Bandi<span style=\"font-weight: 400;\">  es algo m\u00e1s que una innovaci\u00f3n de plataforma. Ya forma parte de la historia cultural reciente de Martinica, porque combina varias dimensiones que rara vez se re\u00fanen a esta escala: distribuci\u00f3n mundial, reparto mayoritariamente local, rodaje arraigado en la isla y una historia que asume el riesgo de abordar realidades sociales delicadas. <\/span><\/p>\t\t\t\t\t\t\t\t<\/div>\n\t\t\t\t<\/div>\n\t\t\t\t<section class=\"elementor-section elementor-inner-section elementor-element elementor-element-f5fbc91 elementor-section-boxed elementor-section-height-default elementor-section-height-default\" data-id=\"f5fbc91\" data-element_type=\"section\">\n\t\t\t\t\t\t<div class=\"elementor-container elementor-column-gap-default\">\n\t\t\t\t\t<div class=\"elementor-column elementor-col-50 elementor-inner-column elementor-element elementor-element-7938e96\" data-id=\"7938e96\" data-element_type=\"column\">\n\t\t\t<div class=\"elementor-widget-wrap elementor-element-populated\">\n\t\t\t\t\t\t<div class=\"elementor-element elementor-element-3aa362b elementor-widget elementor-widget-image\" data-id=\"3aa362b\" data-element_type=\"widget\" data-widget_type=\"image.default\">\n\t\t\t\t<div class=\"elementor-widget-container\">\n\t\t\t\t\t\t\t\t\t\t\t\t<figure class=\"wp-caption\">\n\t\t\t\t\t\t\t\t\t\t<img loading=\"lazy\" decoding=\"async\" width=\"800\" height=\"536\" src=\"https:\/\/richeskarayib.com\/wp-content\/uploads\/2026\/04\/\u00a9Geoffrey-Suez-panama-1024x686.jpg\" class=\"attachment-large size-large wp-image-71815\" alt=\"Bandi\" srcset=\"https:\/\/richeskarayib.com\/wp-content\/uploads\/2026\/04\/\u00a9Geoffrey-Suez-panama-1024x686.jpg 1024w, https:\/\/richeskarayib.com\/wp-content\/uploads\/2026\/04\/\u00a9Geoffrey-Suez-panama-300x201.jpg 300w, https:\/\/richeskarayib.com\/wp-content\/uploads\/2026\/04\/\u00a9Geoffrey-Suez-panama-768x514.jpg 768w, https:\/\/richeskarayib.com\/wp-content\/uploads\/2026\/04\/\u00a9Geoffrey-Suez-panama-1320x884.jpg 1320w, https:\/\/richeskarayib.com\/wp-content\/uploads\/2026\/04\/\u00a9Geoffrey-Suez-panama.jpg 1440w\" sizes=\"(max-width: 800px) 100vw, 800px\" \/>\t\t\t\t\t\t\t\t\t\t\t<figcaption class=\"widget-image-caption wp-caption-text\">\u00a9Geoffrey Suez-panama<\/figcaption>\n\t\t\t\t\t\t\t\t\t\t<\/figure>\n\t\t\t\t\t\t\t\t\t<\/div>\n\t\t\t\t<\/div>\n\t\t\t\t\t<\/div>\n\t\t<\/div>\n\t\t\t\t<div class=\"elementor-column elementor-col-50 elementor-inner-column elementor-element elementor-element-6077170\" data-id=\"6077170\" data-element_type=\"column\">\n\t\t\t<div class=\"elementor-widget-wrap elementor-element-populated\">\n\t\t\t\t\t\t<div class=\"elementor-element elementor-element-851139c elementor-widget elementor-widget-image\" data-id=\"851139c\" data-element_type=\"widget\" data-widget_type=\"image.default\">\n\t\t\t\t<div class=\"elementor-widget-container\">\n\t\t\t\t\t\t\t\t\t\t\t\t<figure class=\"wp-caption\">\n\t\t\t\t\t\t\t\t\t\t<img loading=\"lazy\" decoding=\"async\" width=\"800\" height=\"534\" src=\"https:\/\/richeskarayib.com\/wp-content\/uploads\/2026\/04\/\u00a9Geoffrey-Suez-panama-2-1024x683.jpg\" class=\"attachment-large size-large wp-image-71819\" alt=\"Bandi\" srcset=\"https:\/\/richeskarayib.com\/wp-content\/uploads\/2026\/04\/\u00a9Geoffrey-Suez-panama-2-1024x683.jpg 1024w, https:\/\/richeskarayib.com\/wp-content\/uploads\/2026\/04\/\u00a9Geoffrey-Suez-panama-2-300x200.jpg 300w, https:\/\/richeskarayib.com\/wp-content\/uploads\/2026\/04\/\u00a9Geoffrey-Suez-panama-2-768x512.jpg 768w, https:\/\/richeskarayib.com\/wp-content\/uploads\/2026\/04\/\u00a9Geoffrey-Suez-panama-2-1320x880.jpg 1320w, https:\/\/richeskarayib.com\/wp-content\/uploads\/2026\/04\/\u00a9Geoffrey-Suez-panama-2.jpg 1440w\" sizes=\"(max-width: 800px) 100vw, 800px\" \/>\t\t\t\t\t\t\t\t\t\t\t<figcaption class=\"widget-image-caption wp-caption-text\">\u00a9Geoffrey Suez-panama<\/figcaption>\n\t\t\t\t\t\t\t\t\t\t<\/figure>\n\t\t\t\t\t\t\t\t\t<\/div>\n\t\t\t\t<\/div>\n\t\t\t\t\t<\/div>\n\t\t<\/div>\n\t\t\t\t\t<\/div>\n\t\t<\/section>\n\t\t\t\t\t<\/div>\n\t\t<\/div>\n\t\t\t\t\t<\/div>\n\t\t<\/section>\n\t\t\t\t<section class=\"elementor-section elementor-top-section elementor-element elementor-element-4489519 elementor-section-boxed elementor-section-height-default elementor-section-height-default\" data-id=\"4489519\" data-element_type=\"section\">\n\t\t\t\t\t\t<div class=\"elementor-container elementor-column-gap-default\">\n\t\t\t\t\t<div class=\"elementor-column elementor-col-100 elementor-top-column elementor-element elementor-element-5d2259b\" data-id=\"5d2259b\" data-element_type=\"column\">\n\t\t\t<div class=\"elementor-widget-wrap elementor-element-populated\">\n\t\t\t\t\t\t<div class=\"elementor-element elementor-element-72fd51f elementor-widget elementor-widget-heading\" data-id=\"72fd51f\" data-element_type=\"widget\" data-widget_type=\"heading.default\">\n\t\t\t\t<div class=\"elementor-widget-container\">\n\t\t\t\t\t<h2 class=\"elementor-heading-title elementor-size-default\">Una serie que ya est\u00e1 marcando la diferencia en el Caribe<\/h2>\t\t\t\t<\/div>\n\t\t\t\t<\/div>\n\t\t\t\t<div class=\"elementor-element elementor-element-68c02da elementor-widget elementor-widget-text-editor\" data-id=\"68c02da\" data-element_type=\"widget\" data-widget_type=\"text-editor.default\">\n\t\t\t\t<div class=\"elementor-widget-container\">\n\t\t\t\t\t\t\t\t\t<p><span style=\"font-weight: 400;\">La serie <\/span>Bandi<span style=\"font-weight: 400;\">  puede marcar un punto de inflexi\u00f3n. No porque resuelva por s\u00ed sola los debates sobre la imagen de las Antillas, sino porque abre un espacio m\u00e1s amplio para las historias caribe\u00f1as en la pantalla. Demuestra que se puede rodar una ficci\u00f3n ambiciosa en Martinica, con el apoyo de talentos locales, y luego emitirla mucho m\u00e1s all\u00e1 de la isla. De este modo, la serie no es s\u00f3lo un estreno de Netflix. Se convierte en una prueba, una se\u00f1al y quiz\u00e1s el inicio de una nueva etapa en la visibilidad audiovisual de Martinica.    <\/span><\/p>\t\t\t\t\t\t\t\t<\/div>\n\t\t\t\t<\/div>\n\t\t\t\t\t<\/div>\n\t\t<\/div>\n\t\t\t\t\t<\/div>\n\t\t<\/section>\n\t\t\t\t<section class=\"elementor-section elementor-top-section elementor-element elementor-element-f5709a6 elementor-section-boxed elementor-section-height-default elementor-section-height-default\" data-id=\"f5709a6\" data-element_type=\"section\">\n\t\t\t\t\t\t<div class=\"elementor-container elementor-column-gap-default\">\n\t\t\t\t\t<div class=\"elementor-column elementor-col-100 elementor-top-column elementor-element elementor-element-957be6f\" data-id=\"957be6f\" data-element_type=\"column\">\n\t\t\t<div class=\"elementor-widget-wrap elementor-element-populated\">\n\t\t\t\t\t\t<div class=\"elementor-element elementor-element-63e5d4a elementor-widget elementor-widget-accordion\" data-id=\"63e5d4a\" data-element_type=\"widget\" data-widget_type=\"accordion.default\">\n\t\t\t\t<div class=\"elementor-widget-container\">\n\t\t\t\t\t\t\t<div class=\"elementor-accordion\">\n\t\t\t\t\t\t\t<div class=\"elementor-accordion-item\">\n\t\t\t\t\t<div id=\"elementor-tab-title-1041\" class=\"elementor-tab-title\" data-tab=\"1\" role=\"button\" aria-controls=\"elementor-tab-content-1041\" aria-expanded=\"false\">\n\t\t\t\t\t\t\t\t\t\t\t\t\t<span class=\"elementor-accordion-icon elementor-accordion-icon-left\" aria-hidden=\"true\">\n\t\t\t\t\t\t\t\t\t\t\t\t\t\t\t<span class=\"elementor-accordion-icon-closed\"><i class=\"fas fa-plus\"><\/i><\/span>\n\t\t\t\t\t\t\t\t<span class=\"elementor-accordion-icon-opened\"><i class=\"fas fa-minus\"><\/i><\/span>\n\t\t\t\t\t\t\t\t\t\t\t\t\t\t<\/span>\n\t\t\t\t\t\t\t\t\t\t\t\t<a class=\"elementor-accordion-title\" tabindex=\"0\">\u00bfQu\u00e9 es la serie Bandi en Netflix?<\/a>\n\t\t\t\t\t<\/div>\n\t\t\t\t\t<div id=\"elementor-tab-content-1041\" class=\"elementor-tab-content elementor-clearfix\" data-tab=\"1\" role=\"region\" aria-labelledby=\"elementor-tab-title-1041\"><p><span style=\"font-weight: 400;\">Bandi es una serie dram\u00e1tica de ocho cap\u00edtulos rodada en Martinica. La historia sigue a un grupo de hermanos enfrentados a la muerte de su madre, la precariedad, las tensiones familiares y las opciones de supervivencia que pueden poner patas arriba una vida. El inter\u00e9s de la serie reside no s\u00f3lo en su trama, sino tambi\u00e9n en su capacidad para situar a Martinica en el centro de una historia difundida internacionalmente.  <\/span><\/p>\n<\/div>\n\t\t\t\t<\/div>\n\t\t\t\t\t\t\t<div class=\"elementor-accordion-item\">\n\t\t\t\t\t<div id=\"elementor-tab-title-1042\" class=\"elementor-tab-title\" data-tab=\"2\" role=\"button\" aria-controls=\"elementor-tab-content-1042\" aria-expanded=\"false\">\n\t\t\t\t\t\t\t\t\t\t\t\t\t<span class=\"elementor-accordion-icon elementor-accordion-icon-left\" aria-hidden=\"true\">\n\t\t\t\t\t\t\t\t\t\t\t\t\t\t\t<span class=\"elementor-accordion-icon-closed\"><i class=\"fas fa-plus\"><\/i><\/span>\n\t\t\t\t\t\t\t\t<span class=\"elementor-accordion-icon-opened\"><i class=\"fas fa-minus\"><\/i><\/span>\n\t\t\t\t\t\t\t\t\t\t\t\t\t\t<\/span>\n\t\t\t\t\t\t\t\t\t\t\t\t<a class=\"elementor-accordion-title\" tabindex=\"0\">\u00bfPor qu\u00e9 la serie Bandi llama tanto la atenci\u00f3n en Martinica?<\/a>\n\t\t\t\t\t<\/div>\n\t\t\t\t\t<div id=\"elementor-tab-content-1042\" class=\"elementor-tab-content elementor-clearfix\" data-tab=\"2\" role=\"region\" aria-labelledby=\"elementor-tab-title-1042\"><p><span style=\"font-weight: 400;\">La serie Bandi llama la atenci\u00f3n porque da a Martinica una visibilidad poco com\u00fan en una plataforma mundial. Presenta a actores, figurantes y t\u00e9cnicos locales, y utiliza decorados reales de la isla. Tambi\u00e9n despierta inter\u00e9s porque plantea una cuesti\u00f3n importante: \u00bfc\u00f3mo se puede representar a Martinica en la pantalla con intensidad, sin limitarla a una imagen simplista?  <\/span><\/p>\n<\/div>\n\t\t\t\t<\/div>\n\t\t\t\t\t\t\t<div class=\"elementor-accordion-item\">\n\t\t\t\t\t<div id=\"elementor-tab-title-1043\" class=\"elementor-tab-title\" data-tab=\"3\" role=\"button\" aria-controls=\"elementor-tab-content-1043\" aria-expanded=\"false\">\n\t\t\t\t\t\t\t\t\t\t\t\t\t<span class=\"elementor-accordion-icon elementor-accordion-icon-left\" aria-hidden=\"true\">\n\t\t\t\t\t\t\t\t\t\t\t\t\t\t\t<span class=\"elementor-accordion-icon-closed\"><i class=\"fas fa-plus\"><\/i><\/span>\n\t\t\t\t\t\t\t\t<span class=\"elementor-accordion-icon-opened\"><i class=\"fas fa-minus\"><\/i><\/span>\n\t\t\t\t\t\t\t\t\t\t\t\t\t\t<\/span>\n\t\t\t\t\t\t\t\t\t\t\t\t<a class=\"elementor-accordion-title\" tabindex=\"0\">\u00bfD\u00f3nde se rod\u00f3 la serie Bandi?<\/a>\n\t\t\t\t\t<\/div>\n\t\t\t\t\t<div id=\"elementor-tab-content-1043\" class=\"elementor-tab-content elementor-clearfix\" data-tab=\"3\" role=\"region\" aria-labelledby=\"elementor-tab-title-1043\"><p><span style=\"font-weight: 400;\">La serie Bandi se rod\u00f3 en Martinica. Este anclaje local confiere al proyecto una verdadera identidad, ya que la isla no se utiliza como mero tel\u00f3n de fondo visual. Los paisajes, los barrios, el ambiente y parte de la lengua local desempe\u00f1an su papel en la narraci\u00f3n. Esto refuerza la sensaci\u00f3n de autenticidad y confiere a la serie una textura m\u00e1s cercana al territorio.   <\/span><\/p>\n<\/div>\n\t\t\t\t<\/div>\n\t\t\t\t\t\t\t<div class=\"elementor-accordion-item\">\n\t\t\t\t\t<div id=\"elementor-tab-title-1044\" class=\"elementor-tab-title\" data-tab=\"4\" role=\"button\" aria-controls=\"elementor-tab-content-1044\" aria-expanded=\"false\">\n\t\t\t\t\t\t\t\t\t\t\t\t\t<span class=\"elementor-accordion-icon elementor-accordion-icon-left\" aria-hidden=\"true\">\n\t\t\t\t\t\t\t\t\t\t\t\t\t\t\t<span class=\"elementor-accordion-icon-closed\"><i class=\"fas fa-plus\"><\/i><\/span>\n\t\t\t\t\t\t\t\t<span class=\"elementor-accordion-icon-opened\"><i class=\"fas fa-minus\"><\/i><\/span>\n\t\t\t\t\t\t\t\t\t\t\t\t\t\t<\/span>\n\t\t\t\t\t\t\t\t\t\t\t\t<a class=\"elementor-accordion-title\" tabindex=\"0\">\u00bfQui\u00e9n forma parte del reparto de la serie Bandi?<\/a>\n\t\t\t\t\t<\/div>\n\t\t\t\t\t<div id=\"elementor-tab-content-1044\" class=\"elementor-tab-content elementor-clearfix\" data-tab=\"4\" role=\"region\" aria-labelledby=\"elementor-tab-title-1044\"><p><span style=\"font-weight: 400;\">La serie Bandi cuenta con varios actores, con una fuerte presencia de talentos de Martinica en los papeles hablados. Este aspecto es esencial, ya que permite a la producci\u00f3n dar a conocer los rostros de la regi\u00f3n en un drama destinado a viajar mucho m\u00e1s all\u00e1 de la isla. De este modo, el reparto contribuye al alcance cultural de la serie tanto como a su impacto audiovisual.  <\/span><\/p>\n<\/div>\n\t\t\t\t<\/div>\n\t\t\t\t\t\t\t<div class=\"elementor-accordion-item\">\n\t\t\t\t\t<div id=\"elementor-tab-title-1045\" class=\"elementor-tab-title\" data-tab=\"5\" role=\"button\" aria-controls=\"elementor-tab-content-1045\" aria-expanded=\"false\">\n\t\t\t\t\t\t\t\t\t\t\t\t\t<span class=\"elementor-accordion-icon elementor-accordion-icon-left\" aria-hidden=\"true\">\n\t\t\t\t\t\t\t\t\t\t\t\t\t\t\t<span class=\"elementor-accordion-icon-closed\"><i class=\"fas fa-plus\"><\/i><\/span>\n\t\t\t\t\t\t\t\t<span class=\"elementor-accordion-icon-opened\"><i class=\"fas fa-minus\"><\/i><\/span>\n\t\t\t\t\t\t\t\t\t\t\t\t\t\t<\/span>\n\t\t\t\t\t\t\t\t\t\t\t\t<a class=\"elementor-accordion-title\" tabindex=\"0\">\u00bfPor qu\u00e9 es importante la serie Bandi para la radiodifusi\u00f3n caribe\u00f1a?<\/a>\n\t\t\t\t\t<\/div>\n\t\t\t\t\t<div id=\"elementor-tab-content-1045\" class=\"elementor-tab-content elementor-clearfix\" data-tab=\"5\" role=\"region\" aria-labelledby=\"elementor-tab-title-1045\"><p><span style=\"font-weight: 400;\">La serie Bandi puede ser una parte importante de la industria audiovisual caribe\u00f1a, porque demuestra que se puede rodar un proyecto ambicioso en Martinica con una fuerte implicaci\u00f3n local, y luego emitirlo a gran escala. M\u00e1s all\u00e1 de su estreno en Netflix, representa una se\u00f1al para la industria: mayor visibilidad, m\u00e1s experiencia de rodaje y la posibilidad de allanar el camino a otras historias caribe\u00f1as impulsadas por los propios territorios. <\/span><\/p>\n<\/div>\n\t\t\t\t<\/div>\n\t\t\t\t\t\t\t\t<\/div>\n\t\t\t\t\t\t<\/div>\n\t\t\t\t<\/div>\n\t\t\t\t\t<\/div>\n\t\t<\/div>\n\t\t\t\t\t<\/div>\n\t\t<\/section>\n\t\t\t\t<\/div>\n\t\t","protected":false},"excerpt":{"rendered":"<p>La serie Bandi llega a Netflix el 9 de abril de 2026 con ocho episodios y una clara ambici\u00f3n: contar la historia de Martinica sin reducir la isla a un mero tel\u00f3n de fondo. El punto de partida es brutal. Tras la muerte de su madre, once hermanos y hermanas de entre 7 y 23 [&hellip;]<\/p>\n","protected":false},"author":662,"featured_media":71783,"comment_status":"open","ping_status":"open","sticky":false,"template":"","format":"standard","meta":{"_acf_changed":false,"footnotes":""},"categories":[1505],"tags":[816],"class_list":["post-71821","post","type-post","status-publish","format-standard","has-post-thumbnail","hentry","category-cine-y-video","tag-martinique-es"],"acf":[],"_links":{"self":[{"href":"https:\/\/richeskarayib.com\/es\/wp-json\/wp\/v2\/posts\/71821","targetHints":{"allow":["GET"]}}],"collection":[{"href":"https:\/\/richeskarayib.com\/es\/wp-json\/wp\/v2\/posts"}],"about":[{"href":"https:\/\/richeskarayib.com\/es\/wp-json\/wp\/v2\/types\/post"}],"author":[{"embeddable":true,"href":"https:\/\/richeskarayib.com\/es\/wp-json\/wp\/v2\/users\/662"}],"replies":[{"embeddable":true,"href":"https:\/\/richeskarayib.com\/es\/wp-json\/wp\/v2\/comments?post=71821"}],"version-history":[{"count":0,"href":"https:\/\/richeskarayib.com\/es\/wp-json\/wp\/v2\/posts\/71821\/revisions"}],"wp:featuredmedia":[{"embeddable":true,"href":"https:\/\/richeskarayib.com\/es\/wp-json\/wp\/v2\/media\/71783"}],"wp:attachment":[{"href":"https:\/\/richeskarayib.com\/es\/wp-json\/wp\/v2\/media?parent=71821"}],"wp:term":[{"taxonomy":"category","embeddable":true,"href":"https:\/\/richeskarayib.com\/es\/wp-json\/wp\/v2\/categories?post=71821"},{"taxonomy":"post_tag","embeddable":true,"href":"https:\/\/richeskarayib.com\/es\/wp-json\/wp\/v2\/tags?post=71821"}],"curies":[{"name":"wp","href":"https:\/\/api.w.org\/{rel}","templated":true}]}}