{"id":72766,"date":"2026-04-22T09:39:54","date_gmt":"2026-04-22T13:39:54","guid":{"rendered":"https:\/\/richeskarayib.com\/dia-de-la-tierra-lugares-patrimonio-de-la-unesco-donde-la-naturaleza-mantiene-viva-la-memoria-del-caribe\/"},"modified":"2026-04-22T09:39:56","modified_gmt":"2026-04-22T13:39:56","slug":"dia-de-la-tierra-lugares-patrimonio-de-la-unesco-donde-la-naturaleza-mantiene-viva-la-memoria-del-caribe","status":"publish","type":"post","link":"https:\/\/richeskarayib.com\/es\/dia-de-la-tierra-lugares-patrimonio-de-la-unesco-donde-la-naturaleza-mantiene-viva-la-memoria-del-caribe\/","title":{"rendered":"D\u00eda de la Tierra: Lugares Patrimonio de la UNESCO donde la naturaleza mantiene viva la memoria del Caribe"},"content":{"rendered":"\t\t<div data-elementor-type=\"wp-post\" data-elementor-id=\"72766\" class=\"elementor elementor-72766 elementor-72716\" data-elementor-post-type=\"post\">\n\t\t\t\t\t\t<section class=\"elementor-section elementor-top-section elementor-element elementor-element-7ca7ca1 elementor-section-boxed elementor-section-height-default elementor-section-height-default\" data-id=\"7ca7ca1\" data-element_type=\"section\">\n\t\t\t\t\t\t<div class=\"elementor-container elementor-column-gap-default\">\n\t\t\t\t\t<div class=\"elementor-column elementor-col-100 elementor-top-column elementor-element elementor-element-cbdd002\" data-id=\"cbdd002\" data-element_type=\"column\">\n\t\t\t<div class=\"elementor-widget-wrap elementor-element-populated\">\n\t\t\t\t\t\t<section class=\"elementor-section elementor-inner-section elementor-element elementor-element-bc94849 elementor-section-boxed elementor-section-height-default elementor-section-height-default\" data-id=\"bc94849\" data-element_type=\"section\">\n\t\t\t\t\t\t<div class=\"elementor-container elementor-column-gap-default\">\n\t\t\t\t\t\t<\/div>\n\t\t<\/section>\n\t\t\t\t<section class=\"elementor-section elementor-inner-section elementor-element elementor-element-61571e6 elementor-section-boxed elementor-section-height-default elementor-section-height-default\" data-id=\"61571e6\" data-element_type=\"section\">\n\t\t\t\t\t\t<div class=\"elementor-container elementor-column-gap-default\">\n\t\t\t\t\t\t<\/div>\n\t\t<\/section>\n\t\t\t\t<section class=\"elementor-section elementor-inner-section elementor-element elementor-element-b6262e0 elementor-section-boxed elementor-section-height-default elementor-section-height-default\" data-id=\"b6262e0\" data-element_type=\"section\">\n\t\t\t\t\t\t<div class=\"elementor-container elementor-column-gap-default\">\n\t\t\t\t\t\t<\/div>\n\t\t<\/section>\n\t\t\t\t<section class=\"elementor-section elementor-inner-section elementor-element elementor-element-cca29fd elementor-section-boxed elementor-section-height-default elementor-section-height-default\" data-id=\"cca29fd\" data-element_type=\"section\">\n\t\t\t\t\t\t<div class=\"elementor-container elementor-column-gap-default\">\n\t\t\t\t\t\t<\/div>\n\t\t<\/section>\n\t\t\t\t\t<\/div>\n\t\t<\/div>\n\t\t\t\t\t<\/div>\n\t\t<\/section>\n\t\t\t\t<section class=\"elementor-section elementor-top-section elementor-element elementor-element-ee72354 elementor-section-boxed elementor-section-height-default elementor-section-height-default\" data-id=\"ee72354\" data-element_type=\"section\">\n\t\t\t\t\t\t<div class=\"elementor-container elementor-column-gap-default\">\n\t\t\t\t\t<div class=\"elementor-column elementor-col-100 elementor-top-column elementor-element elementor-element-c59d6fe\" data-id=\"c59d6fe\" data-element_type=\"column\">\n\t\t\t<div class=\"elementor-widget-wrap elementor-element-populated\">\n\t\t\t\t\t\t<div class=\"elementor-element elementor-element-661ebea elementor-widget elementor-widget-text-editor\" data-id=\"661ebea\" data-element_type=\"widget\" data-widget_type=\"text-editor.default\">\n\t\t\t\t<div class=\"elementor-widget-container\">\n\t\t\t\t\t\t\t\t\t<p><span style=\"font-weight: 400;\">D\u00eda de la Tierra: el 22 de abril ofrece una forma especialmente adecuada de contemplar el Caribe a trav\u00e9s de la lente de sus principales espacios protegidos. Reconocido por la ONU como D\u00eda Internacional de la Madre Tierra, esta fecha nos invita a contemplar los paisajes de un modo diferente: no como un mero tel\u00f3n de fondo, sino como espacios donde confluyen la biodiversidad, la memoria humana, los conocimientos ancestrales y las relaciones de poder heredadas de la historia. <\/span><\/p>\t\t\t\t\t\t\t\t<\/div>\n\t\t\t\t<\/div>\n\t\t\t\t<div class=\"elementor-element elementor-element-a38b369 elementor-widget elementor-widget-text-editor\" data-id=\"a38b369\" data-element_type=\"widget\" data-widget_type=\"text-editor.default\">\n\t\t\t\t<div class=\"elementor-widget-container\">\n\t\t\t\t\t\t\t\t\t<p><span style=\"font-weight: 400;\">En la regi\u00f3n, el D\u00eda de la Tierra adquiere una resonancia especial, porque varios lugares inscritos en la UNESCO revelan una verdad a menudo subestimada: en el Caribe, monta\u00f1as, bosques, arrecifes y volcanes conservan huellas concretas del pasado. Algunos sitios hablan de la lucha por la libertad, otros de la formaci\u00f3n geol\u00f3gica de las islas, y otros del fr\u00e1gil equilibrio entre los entornos marinos, las actividades humanas y la protecci\u00f3n de la vida misma. <\/span><\/p>\t\t\t\t\t\t\t\t<\/div>\n\t\t\t\t<\/div>\n\t\t\t\t\t<\/div>\n\t\t<\/div>\n\t\t\t\t\t<\/div>\n\t\t<\/section>\n\t\t\t\t<section class=\"elementor-section elementor-top-section elementor-element elementor-element-82cd8f9 elementor-section-boxed elementor-section-height-default elementor-section-height-default\" data-id=\"82cd8f9\" data-element_type=\"section\">\n\t\t\t\t\t\t<div class=\"elementor-container elementor-column-gap-default\">\n\t\t\t\t\t<div class=\"elementor-column elementor-col-100 elementor-top-column elementor-element elementor-element-0bfdc38\" data-id=\"0bfdc38\" data-element_type=\"column\">\n\t\t\t<div class=\"elementor-widget-wrap elementor-element-populated\">\n\t\t\t\t\t\t<div class=\"elementor-element elementor-element-7d292fe elementor-widget elementor-widget-heading\" data-id=\"7d292fe\" data-element_type=\"widget\" data-widget_type=\"heading.default\">\n\t\t\t\t<div class=\"elementor-widget-container\">\n\t\t\t\t\t<h2 class=\"elementor-heading-title elementor-size-default\">En Jamaica, el bosque ha protegido una historia de resistencia<\/h2>\t\t\t\t<\/div>\n\t\t\t\t<\/div>\n\t\t\t\t<section class=\"elementor-section elementor-inner-section elementor-element elementor-element-da8459c elementor-section-boxed elementor-section-height-default elementor-section-height-default\" data-id=\"da8459c\" data-element_type=\"section\">\n\t\t\t\t\t\t<div class=\"elementor-container elementor-column-gap-default\">\n\t\t\t\t\t<div class=\"elementor-column elementor-col-100 elementor-inner-column elementor-element elementor-element-45b856b\" data-id=\"45b856b\" data-element_type=\"column\">\n\t\t\t<div class=\"elementor-widget-wrap elementor-element-populated\">\n\t\t\t\t\t\t<div class=\"elementor-element elementor-element-289b094 elementor-widget elementor-widget-text-editor\" data-id=\"289b094\" data-element_type=\"widget\" data-widget_type=\"text-editor.default\">\n\t\t\t\t<div class=\"elementor-widget-container\">\n\t\t\t\t\t\t\t\t\t<p><span style=\"font-weight: 400;\">Para el D\u00eda de la Tierra, las Monta\u00f1as Blue y John Crow son sin duda el ejemplo m\u00e1s fuerte de esta alianza entre naturaleza e historia. Clasificada por<a href=\"https:\/\/richeskarayib.com\/es\/informe-especial-parte-4-2020-2023-los-tesoros-culturales-del-caribe-patrimonio-inmaterial-reconocido-por-la-unesco\/\" target=\"_blank\" rel=\"noopener\">la UNESCO<\/a> como sitio mixto, esta vasta zona de 26.252 hect\u00e1reas de bosque tropical de monta\u00f1a est\u00e1 situada al este de Jamaica, dentro de dos cordilleras que cubren alrededor del 20% de la superficie de la isla. El inter\u00e9s del sitio radica en su notable biodiversidad, con numerosos h\u00e1bitats y un alto nivel de endemismo, pero tambi\u00e9n en su funci\u00f3n de refugio.  <\/span><\/p>\t\t\t\t\t\t\t\t<\/div>\n\t\t\t\t<\/div>\n\t\t\t\t<div class=\"elementor-element elementor-element-a560142 elementor-widget elementor-widget-text-editor\" data-id=\"a560142\" data-element_type=\"widget\" data-widget_type=\"text-editor.default\">\n\t\t\t\t<div class=\"elementor-widget-container\">\n\t\t\t\t\t\t\t\t\t<p><span style=\"font-weight: 400;\">La UNESCO recuerda que estas monta\u00f1as fueron primero el hogar de los ta\u00ednos que hu\u00edan de la esclavitud, y luego de las comunidades cimarronas, que establecieron senderos, escondites, puntos de observaci\u00f3n y asentamientos vinculados a la Ruta del Patrimonio de Nanny Town. Aqu\u00ed, el terreno accidentado les ha proporcionado mucho m\u00e1s que refugio: les ha permitido organizar una vida independiente y transmitir un patrimonio cultural que sigue muy vivo. <\/span><\/p>\t\t\t\t\t\t\t\t<\/div>\n\t\t\t\t<\/div>\n\t\t\t\t\t<\/div>\n\t\t<\/div>\n\t\t\t\t\t<\/div>\n\t\t<\/section>\n\t\t\t\t<section class=\"elementor-section elementor-inner-section elementor-element elementor-element-60f57b9 elementor-section-boxed elementor-section-height-default elementor-section-height-default\" data-id=\"60f57b9\" data-element_type=\"section\">\n\t\t\t\t\t\t<div class=\"elementor-container elementor-column-gap-default\">\n\t\t\t\t\t<div class=\"elementor-column elementor-col-50 elementor-inner-column elementor-element elementor-element-3f4eada\" data-id=\"3f4eada\" data-element_type=\"column\">\n\t\t\t<div class=\"elementor-widget-wrap elementor-element-populated\">\n\t\t\t\t\t\t<div class=\"elementor-element elementor-element-04034c1 elementor-widget elementor-widget-image\" data-id=\"04034c1\" data-element_type=\"widget\" data-widget_type=\"image.default\">\n\t\t\t\t<div class=\"elementor-widget-container\">\n\t\t\t\t\t\t\t\t\t\t\t\t<figure class=\"wp-caption\">\n\t\t\t\t\t\t\t\t\t\t<img fetchpriority=\"high\" decoding=\"async\" width=\"680\" height=\"1024\" src=\"https:\/\/richeskarayib.com\/wp-content\/uploads\/2026\/04\/\u00a9-JNHT-2-680x1024.jpg\" class=\"attachment-large size-large wp-image-72724\" alt=\"Journ\u00e9e de la Terre\" srcset=\"https:\/\/richeskarayib.com\/wp-content\/uploads\/2026\/04\/\u00a9-JNHT-2-680x1024.jpg 680w, https:\/\/richeskarayib.com\/wp-content\/uploads\/2026\/04\/\u00a9-JNHT-2-199x300.jpg 199w, https:\/\/richeskarayib.com\/wp-content\/uploads\/2026\/04\/\u00a9-JNHT-2-768x1157.jpg 768w, https:\/\/richeskarayib.com\/wp-content\/uploads\/2026\/04\/\u00a9-JNHT-2.jpg 1000w\" sizes=\"(max-width: 680px) 100vw, 680px\" \/>\t\t\t\t\t\t\t\t\t\t\t<figcaption class=\"widget-image-caption wp-caption-text\">\u00a9 JNHT<\/figcaption>\n\t\t\t\t\t\t\t\t\t\t<\/figure>\n\t\t\t\t\t\t\t\t\t<\/div>\n\t\t\t\t<\/div>\n\t\t\t\t\t<\/div>\n\t\t<\/div>\n\t\t\t\t<div class=\"elementor-column elementor-col-50 elementor-inner-column elementor-element elementor-element-e1fd91e\" data-id=\"e1fd91e\" data-element_type=\"column\">\n\t\t\t<div class=\"elementor-widget-wrap elementor-element-populated\">\n\t\t\t\t\t\t<div class=\"elementor-element elementor-element-a894c8e elementor-widget elementor-widget-image\" data-id=\"a894c8e\" data-element_type=\"widget\" data-widget_type=\"image.default\">\n\t\t\t\t<div class=\"elementor-widget-container\">\n\t\t\t\t\t\t\t\t\t\t\t\t<figure class=\"wp-caption\">\n\t\t\t\t\t\t\t\t\t\t<img decoding=\"async\" width=\"800\" height=\"600\" src=\"https:\/\/richeskarayib.com\/wp-content\/uploads\/2026\/04\/\u00a9-JNHT.jpg\" class=\"attachment-large size-large wp-image-72728\" alt=\"Journ\u00e9e de la Terre\" srcset=\"https:\/\/richeskarayib.com\/wp-content\/uploads\/2026\/04\/\u00a9-JNHT.jpg 1000w, https:\/\/richeskarayib.com\/wp-content\/uploads\/2026\/04\/\u00a9-JNHT-300x225.jpg 300w, https:\/\/richeskarayib.com\/wp-content\/uploads\/2026\/04\/\u00a9-JNHT-768x576.jpg 768w\" sizes=\"(max-width: 800px) 100vw, 800px\" \/>\t\t\t\t\t\t\t\t\t\t\t<figcaption class=\"widget-image-caption wp-caption-text\">\u00a9 JNHT<\/figcaption>\n\t\t\t\t\t\t\t\t\t\t<\/figure>\n\t\t\t\t\t\t\t\t\t<\/div>\n\t\t\t\t<\/div>\n\t\t\t\t<div class=\"elementor-element elementor-element-f0952c8 elementor-widget elementor-widget-image\" data-id=\"f0952c8\" data-element_type=\"widget\" data-widget_type=\"image.default\">\n\t\t\t\t<div class=\"elementor-widget-container\">\n\t\t\t\t\t\t\t\t\t\t\t\t<figure class=\"wp-caption\">\n\t\t\t\t\t\t\t\t\t\t<img decoding=\"async\" width=\"800\" height=\"532\" src=\"https:\/\/richeskarayib.com\/wp-content\/uploads\/2026\/04\/\u00a9-JCDT-3.jpg\" class=\"attachment-large size-large wp-image-72732\" alt=\"Journ\u00e9e de la Terre\" srcset=\"https:\/\/richeskarayib.com\/wp-content\/uploads\/2026\/04\/\u00a9-JCDT-3.jpg 1000w, https:\/\/richeskarayib.com\/wp-content\/uploads\/2026\/04\/\u00a9-JCDT-3-300x200.jpg 300w, https:\/\/richeskarayib.com\/wp-content\/uploads\/2026\/04\/\u00a9-JCDT-3-768x511.jpg 768w\" sizes=\"(max-width: 800px) 100vw, 800px\" \/>\t\t\t\t\t\t\t\t\t\t\t<figcaption class=\"widget-image-caption wp-caption-text\">\u00a9 JCDT<\/figcaption>\n\t\t\t\t\t\t\t\t\t\t<\/figure>\n\t\t\t\t\t\t\t\t\t<\/div>\n\t\t\t\t<\/div>\n\t\t\t\t\t<\/div>\n\t\t<\/div>\n\t\t\t\t\t<\/div>\n\t\t<\/section>\n\t\t\t\t<section class=\"elementor-section elementor-inner-section elementor-element elementor-element-c582330 elementor-section-boxed elementor-section-height-default elementor-section-height-default\" data-id=\"c582330\" data-element_type=\"section\">\n\t\t\t\t\t\t<div class=\"elementor-container elementor-column-gap-default\">\n\t\t\t\t\t\t<\/div>\n\t\t<\/section>\n\t\t\t\t<section class=\"elementor-section elementor-inner-section elementor-element elementor-element-296603a elementor-section-boxed elementor-section-height-default elementor-section-height-default\" data-id=\"296603a\" data-element_type=\"section\">\n\t\t\t\t\t\t<div class=\"elementor-container elementor-column-gap-default\">\n\t\t\t\t\t\t<\/div>\n\t\t<\/section>\n\t\t\t\t\t<\/div>\n\t\t<\/div>\n\t\t\t\t\t<\/div>\n\t\t<\/section>\n\t\t\t\t<section class=\"elementor-section elementor-top-section elementor-element elementor-element-9c88a89 elementor-section-boxed elementor-section-height-default elementor-section-height-default\" data-id=\"9c88a89\" data-element_type=\"section\">\n\t\t\t\t\t\t<div class=\"elementor-container elementor-column-gap-default\">\n\t\t\t\t\t<div class=\"elementor-column elementor-col-100 elementor-top-column elementor-element elementor-element-78cf5d1\" data-id=\"78cf5d1\" data-element_type=\"column\">\n\t\t\t<div class=\"elementor-widget-wrap elementor-element-populated\">\n\t\t\t\t\t\t<div class=\"elementor-element elementor-element-ea2a5c1 elementor-widget elementor-widget-heading\" data-id=\"ea2a5c1\" data-element_type=\"widget\" data-widget_type=\"heading.default\">\n\t\t\t\t<div class=\"elementor-widget-container\">\n\t\t\t\t\t<h2 class=\"elementor-heading-title elementor-size-default\">En Belice, el arrecife cuenta la larga historia ecol\u00f3gica del Mar Caribe<\/h2>\t\t\t\t<\/div>\n\t\t\t\t<\/div>\n\t\t\t\t<div class=\"elementor-element elementor-element-e305eee elementor-widget elementor-widget-text-editor\" data-id=\"e305eee\" data-element_type=\"widget\" data-widget_type=\"text-editor.default\">\n\t\t\t\t<div class=\"elementor-widget-container\">\n\t\t\t\t\t\t\t\t\t<p><span style=\"font-weight: 400;\">En Belice, <a href=\"https:\/\/fr.wikipedia.org\/wiki\/Jour_de_la_Terre\" target=\"_blank\" rel=\"noopener nofollow\">el D\u00eda de la Tierra<\/a> nos trae otro tipo de memoria: la del mundo marino. El Sistema de Reservas de la Barrera de Arrecifes de Belice, inscrito en 1996, comprende siete zonas protegidas y forma el mayor complejo de arrecifes de la regi\u00f3n atl\u00e1ntico-caribe\u00f1a;<a href=\"https:\/\/richeskarayib.com\/es\/unesco-informe-especial-parte-3-2016-2019-los-tesoros-culturales-del-caribe-patrimonio-inmaterial-reconocido\/\" target=\"_blank\" rel=\"noopener\">la UNESCO<\/a> tambi\u00e9n lo describe como el segundo mayor sistema de arrecifes del mundo. Esta inscripci\u00f3n protege una zona en la que coexisten arrecifes de barrera, atolones, manglares, cayos, lagunas y estuarios.    <\/span><\/p>\t\t\t\t\t\t\t\t<\/div>\n\t\t\t\t<\/div>\n\t\t\t\t<section class=\"elementor-section elementor-inner-section elementor-element elementor-element-154f021 elementor-section-boxed elementor-section-height-default elementor-section-height-default\" data-id=\"154f021\" data-element_type=\"section\">\n\t\t\t\t\t\t<div class=\"elementor-container elementor-column-gap-default\">\n\t\t\t\t\t<div class=\"elementor-column elementor-col-50 elementor-inner-column elementor-element elementor-element-a957dbe\" data-id=\"a957dbe\" data-element_type=\"column\">\n\t\t\t<div class=\"elementor-widget-wrap elementor-element-populated\">\n\t\t\t\t\t\t<div class=\"elementor-element elementor-element-fa4c7ad elementor-widget elementor-widget-image\" data-id=\"fa4c7ad\" data-element_type=\"widget\" data-widget_type=\"image.default\">\n\t\t\t\t<div class=\"elementor-widget-container\">\n\t\t\t\t\t\t\t\t\t\t\t\t<figure class=\"wp-caption\">\n\t\t\t\t\t\t\t\t\t\t<img loading=\"lazy\" decoding=\"async\" width=\"800\" height=\"600\" src=\"https:\/\/richeskarayib.com\/wp-content\/uploads\/2026\/04\/\u00a9-Brandon-Rosenblum-1.jpg\" class=\"attachment-large size-large wp-image-72736\" alt=\"Journ\u00e9e de la Terre\" srcset=\"https:\/\/richeskarayib.com\/wp-content\/uploads\/2026\/04\/\u00a9-Brandon-Rosenblum-1.jpg 1000w, https:\/\/richeskarayib.com\/wp-content\/uploads\/2026\/04\/\u00a9-Brandon-Rosenblum-1-300x225.jpg 300w, https:\/\/richeskarayib.com\/wp-content\/uploads\/2026\/04\/\u00a9-Brandon-Rosenblum-1-768x576.jpg 768w\" sizes=\"(max-width: 800px) 100vw, 800px\" \/>\t\t\t\t\t\t\t\t\t\t\t<figcaption class=\"widget-image-caption wp-caption-text\">\u00a9 Brandon Rosenblum<\/figcaption>\n\t\t\t\t\t\t\t\t\t\t<\/figure>\n\t\t\t\t\t\t\t\t\t<\/div>\n\t\t\t\t<\/div>\n\t\t\t\t\t<\/div>\n\t\t<\/div>\n\t\t\t\t<div class=\"elementor-column elementor-col-50 elementor-inner-column elementor-element elementor-element-526a85f\" data-id=\"526a85f\" data-element_type=\"column\">\n\t\t\t<div class=\"elementor-widget-wrap elementor-element-populated\">\n\t\t\t\t\t\t<div class=\"elementor-element elementor-element-3d35a6b elementor-widget elementor-widget-image\" data-id=\"3d35a6b\" data-element_type=\"widget\" data-widget_type=\"image.default\">\n\t\t\t\t<div class=\"elementor-widget-container\">\n\t\t\t\t\t\t\t\t\t\t\t\t<figure class=\"wp-caption\">\n\t\t\t\t\t\t\t\t\t\t<img loading=\"lazy\" decoding=\"async\" width=\"800\" height=\"600\" src=\"https:\/\/richeskarayib.com\/wp-content\/uploads\/2026\/04\/\u00a9-Brandon-Rosenblum-4.jpg\" class=\"attachment-large size-large wp-image-72740\" alt=\"Journ\u00e9e de la Terre\" srcset=\"https:\/\/richeskarayib.com\/wp-content\/uploads\/2026\/04\/\u00a9-Brandon-Rosenblum-4.jpg 1000w, https:\/\/richeskarayib.com\/wp-content\/uploads\/2026\/04\/\u00a9-Brandon-Rosenblum-4-300x225.jpg 300w, https:\/\/richeskarayib.com\/wp-content\/uploads\/2026\/04\/\u00a9-Brandon-Rosenblum-4-768x576.jpg 768w\" sizes=\"(max-width: 800px) 100vw, 800px\" \/>\t\t\t\t\t\t\t\t\t\t\t<figcaption class=\"widget-image-caption wp-caption-text\">\u00a9 Brandon Rosenblum<\/figcaption>\n\t\t\t\t\t\t\t\t\t\t<\/figure>\n\t\t\t\t\t\t\t\t\t<\/div>\n\t\t\t\t<\/div>\n\t\t\t\t\t<\/div>\n\t\t<\/div>\n\t\t\t\t\t<\/div>\n\t\t<\/section>\n\t\t\t\t<div class=\"elementor-element elementor-element-a4f4746 elementor-widget elementor-widget-text-editor\" data-id=\"a4f4746\" data-element_type=\"widget\" data-widget_type=\"text-editor.default\">\n\t\t\t\t<div class=\"elementor-widget-container\">\n\t\t\t\t\t\t\t\t\t<p><span style=\"font-weight: 400;\">Este paisaje submarino cuenta la historia de c\u00f3mo han evolucionado los arrecifes a lo largo del tiempo, pero tambi\u00e9n arroja luz sobre algunas cuestiones de gran actualidad para el Caribe: la protecci\u00f3n de las costas, la supervivencia de especies en peligro como el manat\u00ed antillano y varias tortugas marinas, y la dependencia de muchas econom\u00edas insulares de la salud del medio marino. A trav\u00e9s de este sitio, el mar emerge como un importante archivo ecol\u00f3gico para la regi\u00f3n. <\/span><\/p>\t\t\t\t\t\t\t\t<\/div>\n\t\t\t\t<\/div>\n\t\t\t\t<section class=\"elementor-section elementor-inner-section elementor-element elementor-element-612a5ee elementor-section-boxed elementor-section-height-default elementor-section-height-default\" data-id=\"612a5ee\" data-element_type=\"section\">\n\t\t\t\t\t\t<div class=\"elementor-container elementor-column-gap-default\">\n\t\t\t\t\t<div class=\"elementor-column elementor-col-50 elementor-inner-column elementor-element elementor-element-1f78edf\" data-id=\"1f78edf\" data-element_type=\"column\">\n\t\t\t<div class=\"elementor-widget-wrap elementor-element-populated\">\n\t\t\t\t\t\t<div class=\"elementor-element elementor-element-2b965b1 elementor-widget elementor-widget-image\" data-id=\"2b965b1\" data-element_type=\"widget\" data-widget_type=\"image.default\">\n\t\t\t\t<div class=\"elementor-widget-container\">\n\t\t\t\t\t\t\t\t\t\t\t\t<figure class=\"wp-caption\">\n\t\t\t\t\t\t\t\t\t\t<img loading=\"lazy\" decoding=\"async\" width=\"800\" height=\"600\" src=\"https:\/\/richeskarayib.com\/wp-content\/uploads\/2026\/04\/\u00a9-Evergreen.jpg\" class=\"attachment-large size-large wp-image-72744\" alt=\"Journ\u00e9e de la Terre\" srcset=\"https:\/\/richeskarayib.com\/wp-content\/uploads\/2026\/04\/\u00a9-Evergreen.jpg 1000w, https:\/\/richeskarayib.com\/wp-content\/uploads\/2026\/04\/\u00a9-Evergreen-300x225.jpg 300w, https:\/\/richeskarayib.com\/wp-content\/uploads\/2026\/04\/\u00a9-Evergreen-768x576.jpg 768w\" sizes=\"(max-width: 800px) 100vw, 800px\" \/>\t\t\t\t\t\t\t\t\t\t\t<figcaption class=\"widget-image-caption wp-caption-text\">\u00a9 Evergreen<\/figcaption>\n\t\t\t\t\t\t\t\t\t\t<\/figure>\n\t\t\t\t\t\t\t\t\t<\/div>\n\t\t\t\t<\/div>\n\t\t\t\t\t<\/div>\n\t\t<\/div>\n\t\t\t\t<div class=\"elementor-column elementor-col-50 elementor-inner-column elementor-element elementor-element-5421720\" data-id=\"5421720\" data-element_type=\"column\">\n\t\t\t<div class=\"elementor-widget-wrap elementor-element-populated\">\n\t\t\t\t\t\t<div class=\"elementor-element elementor-element-60aa728 elementor-widget elementor-widget-image\" data-id=\"60aa728\" data-element_type=\"widget\" data-widget_type=\"image.default\">\n\t\t\t\t<div class=\"elementor-widget-container\">\n\t\t\t\t\t\t\t\t\t\t\t\t<figure class=\"wp-caption\">\n\t\t\t\t\t\t\t\t\t\t<img loading=\"lazy\" decoding=\"async\" width=\"800\" height=\"600\" src=\"https:\/\/richeskarayib.com\/wp-content\/uploads\/2026\/04\/\u00a9-Brandon-Rosenblum-5.jpg\" class=\"attachment-large size-large wp-image-72748\" alt=\"Journ\u00e9e de la Terre\" srcset=\"https:\/\/richeskarayib.com\/wp-content\/uploads\/2026\/04\/\u00a9-Brandon-Rosenblum-5.jpg 1000w, https:\/\/richeskarayib.com\/wp-content\/uploads\/2026\/04\/\u00a9-Brandon-Rosenblum-5-300x225.jpg 300w, https:\/\/richeskarayib.com\/wp-content\/uploads\/2026\/04\/\u00a9-Brandon-Rosenblum-5-768x576.jpg 768w\" sizes=\"(max-width: 800px) 100vw, 800px\" \/>\t\t\t\t\t\t\t\t\t\t\t<figcaption class=\"widget-image-caption wp-caption-text\">\u00a9 Brandon Rosenblum<\/figcaption>\n\t\t\t\t\t\t\t\t\t\t<\/figure>\n\t\t\t\t\t\t\t\t\t<\/div>\n\t\t\t\t<\/div>\n\t\t\t\t\t<\/div>\n\t\t<\/div>\n\t\t\t\t\t<\/div>\n\t\t<\/section>\n\t\t\t\t\t<\/div>\n\t\t<\/div>\n\t\t\t\t\t<\/div>\n\t\t<\/section>\n\t\t\t\t<section class=\"elementor-section elementor-top-section elementor-element elementor-element-4a0e8e4 elementor-section-boxed elementor-section-height-default elementor-section-height-default\" data-id=\"4a0e8e4\" data-element_type=\"section\">\n\t\t\t\t\t\t<div class=\"elementor-container elementor-column-gap-default\">\n\t\t\t\t\t<div class=\"elementor-column elementor-col-100 elementor-top-column elementor-element elementor-element-f16bdfb\" data-id=\"f16bdfb\" data-element_type=\"column\">\n\t\t\t<div class=\"elementor-widget-wrap elementor-element-populated\">\n\t\t\t\t\t\t<div class=\"elementor-element elementor-element-33604cf elementor-widget elementor-widget-heading\" data-id=\"33604cf\" data-element_type=\"widget\" data-widget_type=\"heading.default\">\n\t\t\t\t<div class=\"elementor-widget-container\">\n\t\t\t\t\t<h2 class=\"elementor-heading-title elementor-size-default\">En Santa Luc\u00eda, los Pitones vinculan geolog\u00eda, presencia amerindia e identidad visual<\/h2>\t\t\t\t<\/div>\n\t\t\t\t<\/div>\n\t\t\t\t<div class=\"elementor-element elementor-element-06205d8 elementor-widget elementor-widget-text-editor\" data-id=\"06205d8\" data-element_type=\"widget\" data-widget_type=\"text-editor.default\">\n\t\t\t\t<div class=\"elementor-widget-container\">\n\t\t\t\t\t\t\t\t\t<p><span style=\"font-weight: 400;\">Desde la perspectiva del D\u00eda de la Tierra, el \u00c1rea de Gesti\u00f3n de los Pitones ofrece una visi\u00f3n muy cercana de Santa Luc\u00eda. Inscrito en 2004, este sitio de 2.909 hect\u00e1reas combina tierra y mar en torno a los famosos Gros Piton y Petit Piton, que se elevan a 770 y 743 metros respectivamente.<a href=\"https:\/\/richeskarayib.com\/es\/informe-especial-parte-1-2008-2011-los-tesoros-culturales-del-caribe-patrimonio-inmaterial-reconocido-por-la-unesco\/\" target=\"_blank\" rel=\"noopener\">La UNESCO<\/a> destaca la riqueza geol\u00f3gica del lugar, marcada por el centro volc\u00e1nico de la Soufri\u00e8re, las fumarolas, las fuentes termales y los arrecifes perif\u00e9ricos que cubren m\u00e1s del 60% de la superficie marina.    <\/span><\/p>\t\t\t\t\t\t\t\t<\/div>\n\t\t\t\t<\/div>\n\t\t\t\t<div class=\"elementor-element elementor-element-002ee14 elementor-widget elementor-widget-text-editor\" data-id=\"002ee14\" data-element_type=\"widget\" data-widget_type=\"text-editor.default\">\n\t\t\t\t<div class=\"elementor-widget-container\">\n\t\t\t\t\t\t\t\t\t<p><span style=\"font-weight: 400;\">El yacimiento tambi\u00e9n conserva petroglifos y diversos objetos relacionados con la presencia amerindia en el Caribe. En otras palabras, este paisaje emblem\u00e1tico de Santa Luc\u00eda lleva la impronta tanto de las fuerzas internas de la Tierra como de la primitiva ocupaci\u00f3n humana. <\/span><\/p>\t\t\t\t\t\t\t\t<\/div>\n\t\t\t\t<\/div>\n\t\t\t\t<section class=\"elementor-section elementor-inner-section elementor-element elementor-element-7822703 elementor-section-boxed elementor-section-height-default elementor-section-height-default\" data-id=\"7822703\" data-element_type=\"section\">\n\t\t\t\t\t\t<div class=\"elementor-container elementor-column-gap-default\">\n\t\t\t\t\t<div class=\"elementor-column elementor-col-50 elementor-inner-column elementor-element elementor-element-00f992b\" data-id=\"00f992b\" data-element_type=\"column\">\n\t\t\t<div class=\"elementor-widget-wrap elementor-element-populated\">\n\t\t\t\t\t\t<div class=\"elementor-element elementor-element-dcb92c8 elementor-widget elementor-widget-image\" data-id=\"dcb92c8\" data-element_type=\"widget\" data-widget_type=\"image.default\">\n\t\t\t\t<div class=\"elementor-widget-container\">\n\t\t\t\t\t\t\t\t\t\t\t\t\t\t\t<img loading=\"lazy\" decoding=\"async\" width=\"800\" height=\"531\" src=\"https:\/\/richeskarayib.com\/wp-content\/uploads\/2026\/04\/istockphoto-509546892-1024x1024-1.jpeg\" class=\"attachment-large size-large wp-image-72752\" alt=\"Journ\u00e9e de la Terre\" srcset=\"https:\/\/richeskarayib.com\/wp-content\/uploads\/2026\/04\/istockphoto-509546892-1024x1024-1.jpeg 1024w, https:\/\/richeskarayib.com\/wp-content\/uploads\/2026\/04\/istockphoto-509546892-1024x1024-1-300x199.jpeg 300w, https:\/\/richeskarayib.com\/wp-content\/uploads\/2026\/04\/istockphoto-509546892-1024x1024-1-768x510.jpeg 768w\" sizes=\"(max-width: 800px) 100vw, 800px\" \/>\t\t\t\t\t\t\t\t\t\t\t\t\t\t\t<\/div>\n\t\t\t\t<\/div>\n\t\t\t\t\t<\/div>\n\t\t<\/div>\n\t\t\t\t<div class=\"elementor-column elementor-col-50 elementor-inner-column elementor-element elementor-element-a354ff9\" data-id=\"a354ff9\" data-element_type=\"column\">\n\t\t\t<div class=\"elementor-widget-wrap elementor-element-populated\">\n\t\t\t\t\t\t<div class=\"elementor-element elementor-element-bb11078 elementor-widget elementor-widget-image\" data-id=\"bb11078\" data-element_type=\"widget\" data-widget_type=\"image.default\">\n\t\t\t\t<div class=\"elementor-widget-container\">\n\t\t\t\t\t\t\t\t\t\t\t\t\t\t\t<img loading=\"lazy\" decoding=\"async\" width=\"800\" height=\"532\" src=\"https:\/\/richeskarayib.com\/wp-content\/uploads\/2026\/04\/istockphoto-626119454-1024x1024-1.jpeg\" class=\"attachment-large size-large wp-image-72756\" alt=\"Journ\u00e9e de la Terre\" srcset=\"https:\/\/richeskarayib.com\/wp-content\/uploads\/2026\/04\/istockphoto-626119454-1024x1024-1.jpeg 1024w, https:\/\/richeskarayib.com\/wp-content\/uploads\/2026\/04\/istockphoto-626119454-1024x1024-1-300x200.jpeg 300w, https:\/\/richeskarayib.com\/wp-content\/uploads\/2026\/04\/istockphoto-626119454-1024x1024-1-768x511.jpeg 768w\" sizes=\"(max-width: 800px) 100vw, 800px\" \/>\t\t\t\t\t\t\t\t\t\t\t\t\t\t\t<\/div>\n\t\t\t\t<\/div>\n\t\t\t\t\t<\/div>\n\t\t<\/div>\n\t\t\t\t\t<\/div>\n\t\t<\/section>\n\t\t\t\t\t<\/div>\n\t\t<\/div>\n\t\t\t\t\t<\/div>\n\t\t<\/section>\n\t\t\t\t<section class=\"elementor-section elementor-top-section elementor-element elementor-element-73744de elementor-section-boxed elementor-section-height-default elementor-section-height-default\" data-id=\"73744de\" data-element_type=\"section\">\n\t\t\t\t\t\t<div class=\"elementor-container elementor-column-gap-default\">\n\t\t\t\t\t<div class=\"elementor-column elementor-col-100 elementor-top-column elementor-element elementor-element-8f238ec\" data-id=\"8f238ec\" data-element_type=\"column\">\n\t\t\t<div class=\"elementor-widget-wrap elementor-element-populated\">\n\t\t\t\t\t\t<div class=\"elementor-element elementor-element-1a869a1 elementor-widget elementor-widget-heading\" data-id=\"1a869a1\" data-element_type=\"widget\" data-widget_type=\"heading.default\">\n\t\t\t\t<div class=\"elementor-widget-container\">\n\t\t\t\t\t<h2 class=\"elementor-heading-title elementor-size-default\">En Dominica, el suelo volc\u00e1nico es un recordatorio del poder fundador de las islas<\/h2>\t\t\t\t<\/div>\n\t\t\t\t<\/div>\n\t\t\t\t<div class=\"elementor-element elementor-element-ed5c50c elementor-widget elementor-widget-text-editor\" data-id=\"ed5c50c\" data-element_type=\"widget\" data-widget_type=\"text-editor.default\">\n\t\t\t\t<div class=\"elementor-widget-container\">\n\t\t\t\t\t\t\t\t\t<p><span style=\"font-weight: 400;\">Para el D\u00eda de la Tierra, el Parque Nacional de Morne Trois Pitons ofrece una clara comprensi\u00f3n de la matriz geol\u00f3gica del Caribe Oriental. Este parque, incluido en la lista de la UNESCO en 1997, abarca 6.857 hect\u00e1reas, es decir, alrededor del 9% del territorio de Dominica. La UNESCO describe un paisaje de volcanes escarpados, ca\u00f1ones profundos, lagos naturales, r\u00edos, fuentes termales y zonas activas como el Valle de la Desolaci\u00f3n.  <\/span><\/p>\t\t\t\t\t\t\t\t<\/div>\n\t\t\t\t<\/div>\n\t\t\t\t<div class=\"elementor-element elementor-element-ca3a92a elementor-widget elementor-widget-text-editor\" data-id=\"ca3a92a\" data-element_type=\"widget\" data-widget_type=\"text-editor.default\">\n\t\t\t\t<div class=\"elementor-widget-container\">\n\t\t\t\t\t\t\t\t\t<p><span style=\"font-weight: 400;\">El propio Morne Trois Pitons es uno de los cinco centros volc\u00e1nicos activos del parque. A escala regional, este lugar es un recordatorio de que muchas de las islas del Caribe se construyeron sobre un di\u00e1logo permanente entre la belleza del paisaje, los riesgos naturales, los recursos h\u00eddricos y la fertilidad de la tierra. La memoria de la regi\u00f3n puede leerse tanto en la roca como en la vegetaci\u00f3n.  <\/span><\/p>\t\t\t\t\t\t\t\t<\/div>\n\t\t\t\t<\/div>\n\t\t\t\t<section class=\"elementor-section elementor-inner-section elementor-element elementor-element-1ffe97f elementor-section-boxed elementor-section-height-default elementor-section-height-default\" data-id=\"1ffe97f\" data-element_type=\"section\">\n\t\t\t\t\t\t<div class=\"elementor-container elementor-column-gap-default\">\n\t\t\t\t\t<div class=\"elementor-column elementor-col-50 elementor-inner-column elementor-element elementor-element-2f43cd2\" data-id=\"2f43cd2\" data-element_type=\"column\">\n\t\t\t<div class=\"elementor-widget-wrap elementor-element-populated\">\n\t\t\t\t\t\t<div class=\"elementor-element elementor-element-82198f4 elementor-widget elementor-widget-image\" data-id=\"82198f4\" data-element_type=\"widget\" data-widget_type=\"image.default\">\n\t\t\t\t<div class=\"elementor-widget-container\">\n\t\t\t\t\t\t\t\t\t\t\t\t<figure class=\"wp-caption\">\n\t\t\t\t\t\t\t\t\t\t<img loading=\"lazy\" decoding=\"async\" width=\"800\" height=\"600\" src=\"https:\/\/richeskarayib.com\/wp-content\/uploads\/2026\/04\/\u00a9-Marc-Patry-1.jpg\" class=\"attachment-large size-large wp-image-72760\" alt=\"Journ\u00e9e de la Terre\" srcset=\"https:\/\/richeskarayib.com\/wp-content\/uploads\/2026\/04\/\u00a9-Marc-Patry-1.jpg 1000w, https:\/\/richeskarayib.com\/wp-content\/uploads\/2026\/04\/\u00a9-Marc-Patry-1-300x225.jpg 300w, https:\/\/richeskarayib.com\/wp-content\/uploads\/2026\/04\/\u00a9-Marc-Patry-1-768x576.jpg 768w\" sizes=\"(max-width: 800px) 100vw, 800px\" \/>\t\t\t\t\t\t\t\t\t\t\t<figcaption class=\"widget-image-caption wp-caption-text\">\u00a9 Marc Patry<\/figcaption>\n\t\t\t\t\t\t\t\t\t\t<\/figure>\n\t\t\t\t\t\t\t\t\t<\/div>\n\t\t\t\t<\/div>\n\t\t\t\t\t<\/div>\n\t\t<\/div>\n\t\t\t\t<div class=\"elementor-column elementor-col-50 elementor-inner-column elementor-element elementor-element-39d319a\" data-id=\"39d319a\" data-element_type=\"column\">\n\t\t\t<div class=\"elementor-widget-wrap elementor-element-populated\">\n\t\t\t\t\t\t<div class=\"elementor-element elementor-element-5ee9ea1 elementor-widget elementor-widget-image\" data-id=\"5ee9ea1\" data-element_type=\"widget\" data-widget_type=\"image.default\">\n\t\t\t\t<div class=\"elementor-widget-container\">\n\t\t\t\t\t\t\t\t\t\t\t\t<figure class=\"wp-caption\">\n\t\t\t\t\t\t\t\t\t\t<img loading=\"lazy\" decoding=\"async\" width=\"800\" height=\"600\" src=\"https:\/\/richeskarayib.com\/wp-content\/uploads\/2026\/04\/\u00a9-Marc-Patry.jpg\" class=\"attachment-large size-large wp-image-72764\" alt=\"Journ\u00e9e de la Terre\" srcset=\"https:\/\/richeskarayib.com\/wp-content\/uploads\/2026\/04\/\u00a9-Marc-Patry.jpg 1000w, https:\/\/richeskarayib.com\/wp-content\/uploads\/2026\/04\/\u00a9-Marc-Patry-300x225.jpg 300w, https:\/\/richeskarayib.com\/wp-content\/uploads\/2026\/04\/\u00a9-Marc-Patry-768x576.jpg 768w\" sizes=\"(max-width: 800px) 100vw, 800px\" \/>\t\t\t\t\t\t\t\t\t\t\t<figcaption class=\"widget-image-caption wp-caption-text\">\u00a9 Marc Patry<\/figcaption>\n\t\t\t\t\t\t\t\t\t\t<\/figure>\n\t\t\t\t\t\t\t\t\t<\/div>\n\t\t\t\t<\/div>\n\t\t\t\t\t<\/div>\n\t\t<\/div>\n\t\t\t\t\t<\/div>\n\t\t<\/section>\n\t\t\t\t\t<\/div>\n\t\t<\/div>\n\t\t\t\t\t<\/div>\n\t\t<\/section>\n\t\t\t\t<section class=\"elementor-section elementor-top-section elementor-element elementor-element-cd6f302 elementor-section-boxed elementor-section-height-default elementor-section-height-default\" data-id=\"cd6f302\" data-element_type=\"section\">\n\t\t\t\t\t\t<div class=\"elementor-container elementor-column-gap-default\">\n\t\t\t\t\t<div class=\"elementor-column elementor-col-100 elementor-top-column elementor-element elementor-element-3291df2\" data-id=\"3291df2\" data-element_type=\"column\">\n\t\t\t<div class=\"elementor-widget-wrap elementor-element-populated\">\n\t\t\t\t\t\t<div class=\"elementor-element elementor-element-d48250a elementor-widget elementor-widget-heading\" data-id=\"d48250a\" data-element_type=\"widget\" data-widget_type=\"heading.default\">\n\t\t\t\t<div class=\"elementor-widget-container\">\n\t\t\t\t\t<h2 class=\"elementor-heading-title elementor-size-default\">Lo que estas herencias dicen sobre el Caribe actual<\/h2>\t\t\t\t<\/div>\n\t\t\t\t<\/div>\n\t\t\t\t<div class=\"elementor-element elementor-element-995f4f4 elementor-widget elementor-widget-text-editor\" data-id=\"995f4f4\" data-element_type=\"widget\" data-widget_type=\"text-editor.default\">\n\t\t\t\t<div class=\"elementor-widget-container\">\n\t\t\t\t\t\t\t\t\t<p><span style=\"font-weight: 400;\">El D\u00eda de la Tierra es un recordatorio, a trav\u00e9s de estos lugares, de que una pol\u00edtica patrimonial s\u00f3lida en el Caribe tiene que ver tanto con la cultura como con el medio ambiente. Proteger estos lugares significa preservar historias de resistencia, conocimientos vinculados a entornos naturales, poderosos marcadores de identidad y ecosistemas de los que dependen el turismo, la pesca, los recursos h\u00eddricos y el equilibrio costero. Para el lector de hoy, lo que est\u00e1 en juego es evidente: el Patrimonio Mundial del Caribe nos ayuda a comprender c\u00f3mo se form\u00f3 la regi\u00f3n, c\u00f3mo se han adaptado sus sociedades y por qu\u00e9 la conservaci\u00f3n sigue siendo una cuesti\u00f3n a largo plazo.  <\/span><\/p>\t\t\t\t\t\t\t\t<\/div>\n\t\t\t\t<\/div>\n\t\t\t\t<div class=\"elementor-element elementor-element-40fdd6e elementor-widget elementor-widget-text-editor\" data-id=\"40fdd6e\" data-element_type=\"widget\" data-widget_type=\"text-editor.default\">\n\t\t\t\t<div class=\"elementor-widget-container\">\n\t\t\t\t\t\t\t\t\t<p><span style=\"font-weight: 400;\">En el Caribe, el D\u00eda de la Tierra adquiere una profundidad especial. De las monta\u00f1as de Jamaica a los arrecifes de Belice, de los Pitones de Santa Luc\u00eda a los paisajes volc\u00e1nicos de Dominica, la naturaleza habla de historia, libertad, asentamiento, fragilidad ecol\u00f3gica y responsabilidad colectiva. Es precisamente este v\u00ednculo entre territorio y memoria lo que confiere a estos lugares de la UNESCO un significado que va mucho m\u00e1s all\u00e1 de su belleza.  <\/span><\/p>\t\t\t\t\t\t\t\t<\/div>\n\t\t\t\t<\/div>\n\t\t\t\t\t<\/div>\n\t\t<\/div>\n\t\t\t\t\t<\/div>\n\t\t<\/section>\n\t\t\t\t<section class=\"elementor-section elementor-top-section elementor-element elementor-element-f5709a6 elementor-section-boxed elementor-section-height-default elementor-section-height-default\" data-id=\"f5709a6\" data-element_type=\"section\">\n\t\t\t\t\t\t<div class=\"elementor-container elementor-column-gap-default\">\n\t\t\t\t\t<div class=\"elementor-column elementor-col-100 elementor-top-column elementor-element elementor-element-957be6f\" data-id=\"957be6f\" data-element_type=\"column\">\n\t\t\t<div class=\"elementor-widget-wrap elementor-element-populated\">\n\t\t\t\t\t\t<div class=\"elementor-element elementor-element-63e5d4a elementor-widget elementor-widget-accordion\" data-id=\"63e5d4a\" data-element_type=\"widget\" data-widget_type=\"accordion.default\">\n\t\t\t\t<div class=\"elementor-widget-container\">\n\t\t\t\t\t\t\t<div class=\"elementor-accordion\">\n\t\t\t\t\t\t\t<div class=\"elementor-accordion-item\">\n\t\t\t\t\t<div id=\"elementor-tab-title-1041\" class=\"elementor-tab-title\" data-tab=\"1\" role=\"button\" aria-controls=\"elementor-tab-content-1041\" aria-expanded=\"false\">\n\t\t\t\t\t\t\t\t\t\t\t\t\t<span class=\"elementor-accordion-icon elementor-accordion-icon-left\" aria-hidden=\"true\">\n\t\t\t\t\t\t\t\t\t\t\t\t\t\t\t<span class=\"elementor-accordion-icon-closed\"><i class=\"fas fa-plus\"><\/i><\/span>\n\t\t\t\t\t\t\t\t<span class=\"elementor-accordion-icon-opened\"><i class=\"fas fa-minus\"><\/i><\/span>\n\t\t\t\t\t\t\t\t\t\t\t\t\t\t<\/span>\n\t\t\t\t\t\t\t\t\t\t\t\t<a class=\"elementor-accordion-title\" tabindex=\"0\">\u00bfPor qu\u00e9 vincular el 22 de abril a los sitios de la UNESCO en el Caribe?<\/a>\n\t\t\t\t\t<\/div>\n\t\t\t\t\t<div id=\"elementor-tab-content-1041\" class=\"elementor-tab-content elementor-clearfix\" data-tab=\"1\" role=\"region\" aria-labelledby=\"elementor-tab-title-1041\"><p><span style=\"font-weight: 400;\">El 22 de abril es el D\u00eda Internacional de la Madre Tierra, reconocido por la ONU. Esta fecha proporciona un marco pertinente para hablar de los sitios de la UNESCO en el Caribe, ya que varios de ellos combinan la protecci\u00f3n de la biodiversidad, la memoria de los pueblos y la comprensi\u00f3n de la formaci\u00f3n de las islas. <\/span><\/p>\n<\/div>\n\t\t\t\t<\/div>\n\t\t\t\t\t\t\t<div class=\"elementor-accordion-item\">\n\t\t\t\t\t<div id=\"elementor-tab-title-1042\" class=\"elementor-tab-title\" data-tab=\"2\" role=\"button\" aria-controls=\"elementor-tab-content-1042\" aria-expanded=\"false\">\n\t\t\t\t\t\t\t\t\t\t\t\t\t<span class=\"elementor-accordion-icon elementor-accordion-icon-left\" aria-hidden=\"true\">\n\t\t\t\t\t\t\t\t\t\t\t\t\t\t\t<span class=\"elementor-accordion-icon-closed\"><i class=\"fas fa-plus\"><\/i><\/span>\n\t\t\t\t\t\t\t\t<span class=\"elementor-accordion-icon-opened\"><i class=\"fas fa-minus\"><\/i><\/span>\n\t\t\t\t\t\t\t\t\t\t\t\t\t\t<\/span>\n\t\t\t\t\t\t\t\t\t\t\t\t<a class=\"elementor-accordion-title\" tabindex=\"0\">\u00bfQu\u00e9 lugar de la UNESCO en el Caribe ilustra mejor el v\u00ednculo entre la naturaleza y la historia humana?<\/a>\n\t\t\t\t\t<\/div>\n\t\t\t\t\t<div id=\"elementor-tab-content-1042\" class=\"elementor-tab-content elementor-clearfix\" data-tab=\"2\" role=\"region\" aria-labelledby=\"elementor-tab-title-1042\"><p><span style=\"font-weight: 400;\">Las monta\u00f1as Blue y John Crow, en Jamaica, son un ejemplo especialmente bueno. La UNESCO destaca tanto la importancia ecol\u00f3gica del macizo como su papel hist\u00f3rico como refugio de los ta\u00ednos y luego de los cimarrones, con vestigios materiales asociados a la Ruta del Patrimonio de Nanny Town. <\/span><\/p>\n<\/div>\n\t\t\t\t<\/div>\n\t\t\t\t\t\t\t<div class=\"elementor-accordion-item\">\n\t\t\t\t\t<div id=\"elementor-tab-title-1043\" class=\"elementor-tab-title\" data-tab=\"3\" role=\"button\" aria-controls=\"elementor-tab-content-1043\" aria-expanded=\"false\">\n\t\t\t\t\t\t\t\t\t\t\t\t\t<span class=\"elementor-accordion-icon elementor-accordion-icon-left\" aria-hidden=\"true\">\n\t\t\t\t\t\t\t\t\t\t\t\t\t\t\t<span class=\"elementor-accordion-icon-closed\"><i class=\"fas fa-plus\"><\/i><\/span>\n\t\t\t\t\t\t\t\t<span class=\"elementor-accordion-icon-opened\"><i class=\"fas fa-minus\"><\/i><\/span>\n\t\t\t\t\t\t\t\t\t\t\t\t\t\t<\/span>\n\t\t\t\t\t\t\t\t\t\t\t\t<a class=\"elementor-accordion-title\" tabindex=\"0\">  \u00bfPor qu\u00e9 el arrecife de Belice ocupa un lugar central en esta reflexi\u00f3n?<\/a>\n\t\t\t\t\t<\/div>\n\t\t\t\t\t<div id=\"elementor-tab-content-1043\" class=\"elementor-tab-content elementor-clearfix\" data-tab=\"3\" role=\"region\" aria-labelledby=\"elementor-tab-title-1043\"><p><span style=\"font-weight: 400;\">El Sistema de Reservas de la Barrera de Arrecifes de Belice demuestra que el patrimonio del Caribe tambi\u00e9n se extiende al mar. Registrado en 1996, comprende siete zonas protegidas y es el mayor complejo de arrecifes de la regi\u00f3n atl\u00e1ntico-caribe\u00f1a. Su protecci\u00f3n abarca los h\u00e1bitats, las especies amenazadas y el equilibrio ecol\u00f3gico de las zonas costeras.  <\/span><\/p>\n<\/div>\n\t\t\t\t<\/div>\n\t\t\t\t\t\t\t<div class=\"elementor-accordion-item\">\n\t\t\t\t\t<div id=\"elementor-tab-title-1044\" class=\"elementor-tab-title\" data-tab=\"4\" role=\"button\" aria-controls=\"elementor-tab-content-1044\" aria-expanded=\"false\">\n\t\t\t\t\t\t\t\t\t\t\t\t\t<span class=\"elementor-accordion-icon elementor-accordion-icon-left\" aria-hidden=\"true\">\n\t\t\t\t\t\t\t\t\t\t\t\t\t\t\t<span class=\"elementor-accordion-icon-closed\"><i class=\"fas fa-plus\"><\/i><\/span>\n\t\t\t\t\t\t\t\t<span class=\"elementor-accordion-icon-opened\"><i class=\"fas fa-minus\"><\/i><\/span>\n\t\t\t\t\t\t\t\t\t\t\t\t\t\t<\/span>\n\t\t\t\t\t\t\t\t\t\t\t\t<a class=\"elementor-accordion-title\" tabindex=\"0\">\u00bfQu\u00e9 tienen que decir los Pitones de Santa Luc\u00eda m\u00e1s all\u00e1 de su conocida imagen?<\/a>\n\t\t\t\t\t<\/div>\n\t\t\t\t\t<div id=\"elementor-tab-content-1044\" class=\"elementor-tab-content elementor-clearfix\" data-tab=\"4\" role=\"region\" aria-labelledby=\"elementor-tab-title-1044\"><p><span style=\"font-weight: 400;\">El \u00c1rea de Gesti\u00f3n de los Pitones permite a los visitantes explorar la geolog\u00eda, la antigua ocupaci\u00f3n de la zona y la riqueza de los entornos costeros. La UNESCO menciona dos pitones volc\u00e1nicos, fumarolas, fuentes termales, arrecifes de coral, petroglifos y objetos vinculados a la presencia de amerindios caribe\u00f1os. <\/span><\/p>\n<\/div>\n\t\t\t\t<\/div>\n\t\t\t\t\t\t\t<div class=\"elementor-accordion-item\">\n\t\t\t\t\t<div id=\"elementor-tab-title-1045\" class=\"elementor-tab-title\" data-tab=\"5\" role=\"button\" aria-controls=\"elementor-tab-content-1045\" aria-expanded=\"false\">\n\t\t\t\t\t\t\t\t\t\t\t\t\t<span class=\"elementor-accordion-icon elementor-accordion-icon-left\" aria-hidden=\"true\">\n\t\t\t\t\t\t\t\t\t\t\t\t\t\t\t<span class=\"elementor-accordion-icon-closed\"><i class=\"fas fa-plus\"><\/i><\/span>\n\t\t\t\t\t\t\t\t<span class=\"elementor-accordion-icon-opened\"><i class=\"fas fa-minus\"><\/i><\/span>\n\t\t\t\t\t\t\t\t\t\t\t\t\t\t<\/span>\n\t\t\t\t\t\t\t\t\t\t\t\t<a class=\"elementor-accordion-title\" tabindex=\"0\">\u00bfPor qu\u00e9 Dominica ocupa un lugar tan destacado en un art\u00edculo sobre la Tierra?<\/a>\n\t\t\t\t\t<\/div>\n\t\t\t\t\t<div id=\"elementor-tab-content-1045\" class=\"elementor-tab-content elementor-clearfix\" data-tab=\"5\" role=\"region\" aria-labelledby=\"elementor-tab-title-1045\"><p><span style=\"font-weight: 400;\">El Parque Nacional Morne Trois Pitons es un poderoso recordatorio de que el Caribe es una regi\u00f3n moldeada por el vulcanismo. El parque abarca alrededor del 9% del territorio dominicano y re\u00fane volcanes escarpados, ca\u00f1ones, lagos, fuentes termales y zonas de actividad geot\u00e9rmica. Ayuda a los visitantes a comprender c\u00f3mo la geolog\u00eda ha modelado los paisajes, los recursos y las condiciones de vida de varias islas de la regi\u00f3n.  <\/span><\/p>\n<\/div>\n\t\t\t\t<\/div>\n\t\t\t\t\t\t\t\t<\/div>\n\t\t\t\t\t\t<\/div>\n\t\t\t\t<\/div>\n\t\t\t\t\t<\/div>\n\t\t<\/div>\n\t\t\t\t\t<\/div>\n\t\t<\/section>\n\t\t\t\t<\/div>\n\t\t","protected":false},"excerpt":{"rendered":"<p>D\u00eda de la Tierra: el 22 de abril ofrece una forma especialmente adecuada de contemplar el Caribe a trav\u00e9s de la lente de sus principales espacios protegidos. Reconocido por la ONU como D\u00eda Internacional de la Madre Tierra, esta fecha nos invita a contemplar los paisajes de un modo diferente: no como un mero tel\u00f3n [&hellip;]<\/p>\n","protected":false},"author":662,"featured_media":72720,"comment_status":"open","ping_status":"open","sticky":false,"template":"","format":"standard","meta":{"_acf_changed":false,"footnotes":""},"categories":[1469],"tags":[1564,1717,1695,1594],"class_list":["post-72766","post","type-post","status-publish","format-standard","has-post-thumbnail","hentry","category-historia-patrimonio","tag-belice","tag-dominique-es","tag-jamaica-es-2","tag-sainte-lucie-es"],"acf":[],"_links":{"self":[{"href":"https:\/\/richeskarayib.com\/es\/wp-json\/wp\/v2\/posts\/72766","targetHints":{"allow":["GET"]}}],"collection":[{"href":"https:\/\/richeskarayib.com\/es\/wp-json\/wp\/v2\/posts"}],"about":[{"href":"https:\/\/richeskarayib.com\/es\/wp-json\/wp\/v2\/types\/post"}],"author":[{"embeddable":true,"href":"https:\/\/richeskarayib.com\/es\/wp-json\/wp\/v2\/users\/662"}],"replies":[{"embeddable":true,"href":"https:\/\/richeskarayib.com\/es\/wp-json\/wp\/v2\/comments?post=72766"}],"version-history":[{"count":0,"href":"https:\/\/richeskarayib.com\/es\/wp-json\/wp\/v2\/posts\/72766\/revisions"}],"wp:featuredmedia":[{"embeddable":true,"href":"https:\/\/richeskarayib.com\/es\/wp-json\/wp\/v2\/media\/72720"}],"wp:attachment":[{"href":"https:\/\/richeskarayib.com\/es\/wp-json\/wp\/v2\/media?parent=72766"}],"wp:term":[{"taxonomy":"category","embeddable":true,"href":"https:\/\/richeskarayib.com\/es\/wp-json\/wp\/v2\/categories?post=72766"},{"taxonomy":"post_tag","embeddable":true,"href":"https:\/\/richeskarayib.com\/es\/wp-json\/wp\/v2\/tags?post=72766"}],"curies":[{"name":"wp","href":"https:\/\/api.w.org\/{rel}","templated":true}]}}