{"id":72820,"date":"2026-04-22T12:47:17","date_gmt":"2026-04-22T16:47:17","guid":{"rendered":"https:\/\/richeskarayib.com\/cayman-instyle-fashion-week-2026-la-moda-en-las-islas-caiman-se-centra-en-la-formacion-el-bienestar-y-la-economia-creativa\/"},"modified":"2026-04-22T12:47:20","modified_gmt":"2026-04-22T16:47:20","slug":"cayman-instyle-fashion-week-2026-la-moda-en-las-islas-caiman-se-centra-en-la-formacion-el-bienestar-y-la-economia-creativa","status":"publish","type":"post","link":"https:\/\/richeskarayib.com\/es\/cayman-instyle-fashion-week-2026-la-moda-en-las-islas-caiman-se-centra-en-la-formacion-el-bienestar-y-la-economia-creativa\/","title":{"rendered":"Cayman Instyle Fashion Week 2026: la moda en las Islas Caim\u00e1n se centra en la formaci\u00f3n, el bienestar y la econom\u00eda creativa"},"content":{"rendered":"\t\t<div data-elementor-type=\"wp-post\" data-elementor-id=\"72820\" class=\"elementor elementor-72820 elementor-72770\" data-elementor-post-type=\"post\">\n\t\t\t\t\t\t<section class=\"elementor-section elementor-top-section elementor-element elementor-element-7ca7ca1 elementor-section-boxed elementor-section-height-default elementor-section-height-default\" data-id=\"7ca7ca1\" data-element_type=\"section\">\n\t\t\t\t\t\t<div class=\"elementor-container elementor-column-gap-default\">\n\t\t\t\t\t<div class=\"elementor-column elementor-col-100 elementor-top-column elementor-element elementor-element-cbdd002\" data-id=\"cbdd002\" data-element_type=\"column\">\n\t\t\t<div class=\"elementor-widget-wrap elementor-element-populated\">\n\t\t\t\t\t\t<section class=\"elementor-section elementor-inner-section elementor-element elementor-element-bc94849 elementor-section-boxed elementor-section-height-default elementor-section-height-default\" data-id=\"bc94849\" data-element_type=\"section\">\n\t\t\t\t\t\t<div class=\"elementor-container elementor-column-gap-default\">\n\t\t\t\t\t\t<\/div>\n\t\t<\/section>\n\t\t\t\t<section class=\"elementor-section elementor-inner-section elementor-element elementor-element-61571e6 elementor-section-boxed elementor-section-height-default elementor-section-height-default\" data-id=\"61571e6\" data-element_type=\"section\">\n\t\t\t\t\t\t<div class=\"elementor-container elementor-column-gap-default\">\n\t\t\t\t\t\t<\/div>\n\t\t<\/section>\n\t\t\t\t<section class=\"elementor-section elementor-inner-section elementor-element elementor-element-b6262e0 elementor-section-boxed elementor-section-height-default elementor-section-height-default\" data-id=\"b6262e0\" data-element_type=\"section\">\n\t\t\t\t\t\t<div class=\"elementor-container elementor-column-gap-default\">\n\t\t\t\t\t\t<\/div>\n\t\t<\/section>\n\t\t\t\t<section class=\"elementor-section elementor-inner-section elementor-element elementor-element-cca29fd elementor-section-boxed elementor-section-height-default elementor-section-height-default\" data-id=\"cca29fd\" data-element_type=\"section\">\n\t\t\t\t\t\t<div class=\"elementor-container elementor-column-gap-default\">\n\t\t\t\t\t\t<\/div>\n\t\t<\/section>\n\t\t\t\t\t<\/div>\n\t\t<\/div>\n\t\t\t\t\t<\/div>\n\t\t<\/section>\n\t\t\t\t<section class=\"elementor-section elementor-top-section elementor-element elementor-element-ee72354 elementor-section-boxed elementor-section-height-default elementor-section-height-default\" data-id=\"ee72354\" data-element_type=\"section\">\n\t\t\t\t\t\t<div class=\"elementor-container elementor-column-gap-default\">\n\t\t\t\t\t<div class=\"elementor-column elementor-col-100 elementor-top-column elementor-element elementor-element-c59d6fe\" data-id=\"c59d6fe\" data-element_type=\"column\">\n\t\t\t<div class=\"elementor-widget-wrap elementor-element-populated\">\n\t\t\t\t\t\t<div class=\"elementor-element elementor-element-661ebea elementor-widget elementor-widget-text-editor\" data-id=\"661ebea\" data-element_type=\"widget\" data-widget_type=\"text-editor.default\">\n\t\t\t\t<div class=\"elementor-widget-container\">\n\t\t\t\t\t\t\t\t\t<p><span style=\"font-weight: 400;\">La Cayman Instyle Fashion Week vuelve del 23 al 26 de abril de 2026 con un programa que a\u00f1ade otra dimensi\u00f3n a la moda en el Caribe. El evento, que se celebra en <a href=\"https:\/\/richeskarayib.com\/es\/islas-caiman-american-airlines-nuevos-horizontes-entre-miami-y-gran-caiman\/\" target=\"_blank\" rel=\"noopener\">Gran Caim\u00e1n<\/a> entre el Grand Cayman Marriott Resort, el Hotel Indigo Grand Cayman y una salida al mar de clausura, se estructura en torno a una cumbre profesional, una exposici\u00f3n de trajes de novia, una velada de entrega de premios, desfiles de moda e iniciativas de formaci\u00f3n. Para las Islas Caim\u00e1n, el reto va m\u00e1s all\u00e1 del calendario social: se trata de hacer del dise\u00f1o una palanca de visibilidad, transmisi\u00f3n y actividad econ\u00f3mica.  <\/span><\/p>\t\t\t\t\t\t\t\t<\/div>\n\t\t\t\t<\/div>\n\t\t\t\t\t<\/div>\n\t\t<\/div>\n\t\t\t\t\t<\/div>\n\t\t<\/section>\n\t\t\t\t<section class=\"elementor-section elementor-top-section elementor-element elementor-element-82cd8f9 elementor-section-boxed elementor-section-height-default elementor-section-height-default\" data-id=\"82cd8f9\" data-element_type=\"section\">\n\t\t\t\t\t\t<div class=\"elementor-container elementor-column-gap-default\">\n\t\t\t\t\t<div class=\"elementor-column elementor-col-100 elementor-top-column elementor-element elementor-element-0bfdc38\" data-id=\"0bfdc38\" data-element_type=\"column\">\n\t\t\t<div class=\"elementor-widget-wrap elementor-element-populated\">\n\t\t\t\t\t\t<div class=\"elementor-element elementor-element-7d292fe elementor-widget elementor-widget-heading\" data-id=\"7d292fe\" data-element_type=\"widget\" data-widget_type=\"heading.default\">\n\t\t\t\t<div class=\"elementor-widget-container\">\n\t\t\t\t\t<h2 class=\"elementor-heading-title elementor-size-default\">Un programa 2026 dise\u00f1ado para subir de categor\u00eda<\/h2>\t\t\t\t<\/div>\n\t\t\t\t<\/div>\n\t\t\t\t<section class=\"elementor-section elementor-inner-section elementor-element elementor-element-da8459c elementor-section-boxed elementor-section-height-default elementor-section-height-default\" data-id=\"da8459c\" data-element_type=\"section\">\n\t\t\t\t\t\t<div class=\"elementor-container elementor-column-gap-default\">\n\t\t\t\t\t<div class=\"elementor-column elementor-col-100 elementor-inner-column elementor-element elementor-element-45b856b\" data-id=\"45b856b\" data-element_type=\"column\">\n\t\t\t<div class=\"elementor-widget-wrap elementor-element-populated\">\n\t\t\t\t\t\t<div class=\"elementor-element elementor-element-289b094 elementor-widget elementor-widget-text-editor\" data-id=\"289b094\" data-element_type=\"widget\" data-widget_type=\"text-editor.default\">\n\t\t\t\t<div class=\"elementor-widget-container\">\n\t\t\t\t\t\t\t\t\t<p><span style=\"font-weight: 400;\">La Cayman Instyle Fashion Week 2026 comienza el jueves 23 de abril con dos actos en el Marriott: la Cumbre Mundial de la Moda CIFWK: Islas Caim\u00e1n, de 9 a 15 h, seguida de la Exposici\u00f3n de Costura Nupcial a las 18 h. El viernes 24 de abril, a las 18.00 h, la gala Free Your Mind incluir\u00e1 los Premios Trailblazer y la ceremonia de graduaci\u00f3n de la Escuela de Moda Creativa. El s\u00e1bado 25 de abril, el evento se traslada al Hotel Indigo Gran Caim\u00e1n con una Pasarela Infantil\/Juvenil a las 14 h, seguida del gran desfile de moda a las 18 h. El domingo 26 de abril a las 13.00 h, la semana llega a su fin con The Escape, una excursi\u00f3n en velero.   <\/span><\/p>\t\t\t\t\t\t\t\t<\/div>\n\t\t\t\t<\/div>\n\t\t\t\t\t<\/div>\n\t\t<\/div>\n\t\t\t\t\t<\/div>\n\t\t<\/section>\n\t\t\t\t<div class=\"elementor-element elementor-element-050d8c8 elementor-widget elementor-widget-image\" data-id=\"050d8c8\" data-element_type=\"widget\" data-widget_type=\"image.default\">\n\t\t\t\t<div class=\"elementor-widget-container\">\n\t\t\t\t\t\t\t\t\t\t\t\t<figure class=\"wp-caption\">\n\t\t\t\t\t\t\t\t\t\t<img fetchpriority=\"high\" decoding=\"async\" width=\"800\" height=\"797\" src=\"https:\/\/richeskarayib.com\/wp-content\/uploads\/2026\/04\/673748568_1392377839573406_4670899925945558338_n-1024x1020.jpg\" class=\"attachment-large size-large wp-image-72778\" alt=\"Cayman Instyle Fashion Week\" srcset=\"https:\/\/richeskarayib.com\/wp-content\/uploads\/2026\/04\/673748568_1392377839573406_4670899925945558338_n-1024x1020.jpg 1024w, https:\/\/richeskarayib.com\/wp-content\/uploads\/2026\/04\/673748568_1392377839573406_4670899925945558338_n-300x300.jpg 300w, https:\/\/richeskarayib.com\/wp-content\/uploads\/2026\/04\/673748568_1392377839573406_4670899925945558338_n-150x150.jpg 150w, https:\/\/richeskarayib.com\/wp-content\/uploads\/2026\/04\/673748568_1392377839573406_4670899925945558338_n-768x765.jpg 768w, https:\/\/richeskarayib.com\/wp-content\/uploads\/2026\/04\/673748568_1392377839573406_4670899925945558338_n-1320x1315.jpg 1320w, https:\/\/richeskarayib.com\/wp-content\/uploads\/2026\/04\/673748568_1392377839573406_4670899925945558338_n.jpg 1446w\" sizes=\"(max-width: 800px) 100vw, 800px\" \/>\t\t\t\t\t\t\t\t\t\t\t<figcaption class=\"widget-image-caption wp-caption-text\">\u00a9Cayman Instyle Fashion Week<\/figcaption>\n\t\t\t\t\t\t\t\t\t\t<\/figure>\n\t\t\t\t\t\t\t\t\t<\/div>\n\t\t\t\t<\/div>\n\t\t\t\t<section class=\"elementor-section elementor-inner-section elementor-element elementor-element-c582330 elementor-section-boxed elementor-section-height-default elementor-section-height-default\" data-id=\"c582330\" data-element_type=\"section\">\n\t\t\t\t\t\t<div class=\"elementor-container elementor-column-gap-default\">\n\t\t\t\t\t\t<\/div>\n\t\t<\/section>\n\t\t\t\t<section class=\"elementor-section elementor-inner-section elementor-element elementor-element-296603a elementor-section-boxed elementor-section-height-default elementor-section-height-default\" data-id=\"296603a\" data-element_type=\"section\">\n\t\t\t\t\t\t<div class=\"elementor-container elementor-column-gap-default\">\n\t\t\t\t\t\t<\/div>\n\t\t<\/section>\n\t\t\t\t\t<\/div>\n\t\t<\/div>\n\t\t\t\t\t<\/div>\n\t\t<\/section>\n\t\t\t\t<section class=\"elementor-section elementor-top-section elementor-element elementor-element-9c88a89 elementor-section-boxed elementor-section-height-default elementor-section-height-default\" data-id=\"9c88a89\" data-element_type=\"section\">\n\t\t\t\t\t\t<div class=\"elementor-container elementor-column-gap-default\">\n\t\t\t\t\t<div class=\"elementor-column elementor-col-100 elementor-top-column elementor-element elementor-element-78cf5d1\" data-id=\"78cf5d1\" data-element_type=\"column\">\n\t\t\t<div class=\"elementor-widget-wrap elementor-element-populated\">\n\t\t\t\t\t\t<div class=\"elementor-element elementor-element-ea2a5c1 elementor-widget elementor-widget-heading\" data-id=\"ea2a5c1\" data-element_type=\"widget\" data-widget_type=\"heading.default\">\n\t\t\t\t<div class=\"elementor-widget-container\">\n\t\t\t\t\t<h2 class=\"elementor-heading-title elementor-size-default\">La Cumbre de la Moda a\u00f1ade una rara profundidad al evento<\/h2>\t\t\t\t<\/div>\n\t\t\t\t<\/div>\n\t\t\t\t<div class=\"elementor-element elementor-element-e305eee elementor-widget elementor-widget-text-editor\" data-id=\"e305eee\" data-element_type=\"widget\" data-widget_type=\"text-editor.default\">\n\t\t\t\t<div class=\"elementor-widget-container\">\n\t\t\t\t\t\t\t\t\t<p><span style=\"font-weight: 400;\">Con su primera cumbre internacional, la Cayman Instyle Fashion Week 2026 pretende claramente posicionarse como plataforma de reflexi\u00f3n sobre los cambios en el sector. Anuncia cuatro temas principales: la sostenibilidad y el auge de la inteligencia artificial, la salud mental y emocional, la influencia de la cultura en las narrativas globales y el esp\u00edritu empresarial en la econom\u00eda creativa. Esta elecci\u00f3n editorial es importante: vincula la moda a los debates contempor\u00e1neos sobre \u00e9tica, salud, identidad y creaci\u00f3n de valor. En una regi\u00f3n caribe\u00f1a que a menudo se contempla a trav\u00e9s del prisma del turismo, este enfoque da peso a las industrias culturales como tema para el desarrollo.     <\/span><\/p>\t\t\t\t\t\t\t\t<\/div>\n\t\t\t\t<\/div>\n\t\t\t\t<section class=\"elementor-section elementor-inner-section elementor-element elementor-element-90770b0 elementor-section-boxed elementor-section-height-default elementor-section-height-default\" data-id=\"90770b0\" data-element_type=\"section\">\n\t\t\t\t\t\t<div class=\"elementor-container elementor-column-gap-default\">\n\t\t\t\t\t<div class=\"elementor-column elementor-col-25 elementor-inner-column elementor-element elementor-element-029da04\" data-id=\"029da04\" data-element_type=\"column\">\n\t\t\t<div class=\"elementor-widget-wrap elementor-element-populated\">\n\t\t\t\t\t\t<div class=\"elementor-element elementor-element-b8ffafb elementor-widget elementor-widget-image\" data-id=\"b8ffafb\" data-element_type=\"widget\" data-widget_type=\"image.default\">\n\t\t\t\t<div class=\"elementor-widget-container\">\n\t\t\t\t\t\t\t\t\t\t\t\t\t\t\t<img decoding=\"async\" width=\"800\" height=\"1000\" src=\"https:\/\/richeskarayib.com\/wp-content\/uploads\/2026\/04\/Abraham-Joseph-819x1024.jpg\" class=\"attachment-large size-large wp-image-72790\" alt=\"Cayman Instyle Fashion Week\" srcset=\"https:\/\/richeskarayib.com\/wp-content\/uploads\/2026\/04\/Abraham-Joseph-819x1024.jpg 819w, https:\/\/richeskarayib.com\/wp-content\/uploads\/2026\/04\/Abraham-Joseph-240x300.jpg 240w, https:\/\/richeskarayib.com\/wp-content\/uploads\/2026\/04\/Abraham-Joseph-768x960.jpg 768w, https:\/\/richeskarayib.com\/wp-content\/uploads\/2026\/04\/Abraham-Joseph-1229x1536.jpg 1229w, https:\/\/richeskarayib.com\/wp-content\/uploads\/2026\/04\/Abraham-Joseph-1320x1650.jpg 1320w, https:\/\/richeskarayib.com\/wp-content\/uploads\/2026\/04\/Abraham-Joseph.jpg 1536w\" sizes=\"(max-width: 800px) 100vw, 800px\" \/>\t\t\t\t\t\t\t\t\t\t\t\t\t\t\t<\/div>\n\t\t\t\t<\/div>\n\t\t\t\t\t<\/div>\n\t\t<\/div>\n\t\t\t\t<div class=\"elementor-column elementor-col-25 elementor-inner-column elementor-element elementor-element-8b796a7\" data-id=\"8b796a7\" data-element_type=\"column\">\n\t\t\t<div class=\"elementor-widget-wrap elementor-element-populated\">\n\t\t\t\t\t\t<div class=\"elementor-element elementor-element-09f8ae5 elementor-widget elementor-widget-image\" data-id=\"09f8ae5\" data-element_type=\"widget\" data-widget_type=\"image.default\">\n\t\t\t\t<div class=\"elementor-widget-container\">\n\t\t\t\t\t\t\t\t\t\t\t\t\t\t\t<img decoding=\"async\" width=\"800\" height=\"1000\" src=\"https:\/\/richeskarayib.com\/wp-content\/uploads\/2026\/04\/Demetrius-Thompson-819x1024.jpg\" class=\"attachment-large size-large wp-image-72794\" alt=\"Cayman Instyle Fashion Week\" srcset=\"https:\/\/richeskarayib.com\/wp-content\/uploads\/2026\/04\/Demetrius-Thompson-819x1024.jpg 819w, https:\/\/richeskarayib.com\/wp-content\/uploads\/2026\/04\/Demetrius-Thompson-240x300.jpg 240w, https:\/\/richeskarayib.com\/wp-content\/uploads\/2026\/04\/Demetrius-Thompson-768x960.jpg 768w, https:\/\/richeskarayib.com\/wp-content\/uploads\/2026\/04\/Demetrius-Thompson.jpg 1152w\" sizes=\"(max-width: 800px) 100vw, 800px\" \/>\t\t\t\t\t\t\t\t\t\t\t\t\t\t\t<\/div>\n\t\t\t\t<\/div>\n\t\t\t\t\t<\/div>\n\t\t<\/div>\n\t\t\t\t<div class=\"elementor-column elementor-col-25 elementor-inner-column elementor-element elementor-element-2d6eaf2\" data-id=\"2d6eaf2\" data-element_type=\"column\">\n\t\t\t<div class=\"elementor-widget-wrap elementor-element-populated\">\n\t\t\t\t\t\t<div class=\"elementor-element elementor-element-39fec3e elementor-widget elementor-widget-image\" data-id=\"39fec3e\" data-element_type=\"widget\" data-widget_type=\"image.default\">\n\t\t\t\t<div class=\"elementor-widget-container\">\n\t\t\t\t\t\t\t\t\t\t\t\t\t\t\t<img loading=\"lazy\" decoding=\"async\" width=\"800\" height=\"1000\" src=\"https:\/\/richeskarayib.com\/wp-content\/uploads\/2026\/04\/Hon.-Katherine-Ebanks-Wilks-819x1024.jpg\" class=\"attachment-large size-large wp-image-72798\" alt=\"Cayman Instyle Fashion Week\" srcset=\"https:\/\/richeskarayib.com\/wp-content\/uploads\/2026\/04\/Hon.-Katherine-Ebanks-Wilks-819x1024.jpg 819w, https:\/\/richeskarayib.com\/wp-content\/uploads\/2026\/04\/Hon.-Katherine-Ebanks-Wilks-240x300.jpg 240w, https:\/\/richeskarayib.com\/wp-content\/uploads\/2026\/04\/Hon.-Katherine-Ebanks-Wilks-768x960.jpg 768w, https:\/\/richeskarayib.com\/wp-content\/uploads\/2026\/04\/Hon.-Katherine-Ebanks-Wilks-1229x1536.jpg 1229w, https:\/\/richeskarayib.com\/wp-content\/uploads\/2026\/04\/Hon.-Katherine-Ebanks-Wilks-1320x1650.jpg 1320w, https:\/\/richeskarayib.com\/wp-content\/uploads\/2026\/04\/Hon.-Katherine-Ebanks-Wilks.jpg 1638w\" sizes=\"(max-width: 800px) 100vw, 800px\" \/>\t\t\t\t\t\t\t\t\t\t\t\t\t\t\t<\/div>\n\t\t\t\t<\/div>\n\t\t\t\t\t<\/div>\n\t\t<\/div>\n\t\t\t\t<div class=\"elementor-column elementor-col-25 elementor-inner-column elementor-element elementor-element-7c58e40\" data-id=\"7c58e40\" data-element_type=\"column\">\n\t\t\t<div class=\"elementor-widget-wrap elementor-element-populated\">\n\t\t\t\t\t\t<div class=\"elementor-element elementor-element-31d4be2 elementor-widget elementor-widget-image\" data-id=\"31d4be2\" data-element_type=\"widget\" data-widget_type=\"image.default\">\n\t\t\t\t<div class=\"elementor-widget-container\">\n\t\t\t\t\t\t\t\t\t\t\t\t\t\t\t<img loading=\"lazy\" decoding=\"async\" width=\"800\" height=\"1000\" src=\"https:\/\/richeskarayib.com\/wp-content\/uploads\/2026\/04\/jacinth-headlam-819x1024.jpg\" class=\"attachment-large size-large wp-image-72802\" alt=\"Cayman Instyle Fashion Week\" srcset=\"https:\/\/richeskarayib.com\/wp-content\/uploads\/2026\/04\/jacinth-headlam-819x1024.jpg 819w, https:\/\/richeskarayib.com\/wp-content\/uploads\/2026\/04\/jacinth-headlam-240x300.jpg 240w, https:\/\/richeskarayib.com\/wp-content\/uploads\/2026\/04\/jacinth-headlam-768x960.jpg 768w, https:\/\/richeskarayib.com\/wp-content\/uploads\/2026\/04\/jacinth-headlam.jpg 1152w\" sizes=\"(max-width: 800px) 100vw, 800px\" \/>\t\t\t\t\t\t\t\t\t\t\t\t\t\t\t<\/div>\n\t\t\t\t<\/div>\n\t\t\t\t\t<\/div>\n\t\t<\/div>\n\t\t\t\t\t<\/div>\n\t\t<\/section>\n\t\t\t\t<div class=\"elementor-element elementor-element-a4f4746 elementor-widget elementor-widget-text-editor\" data-id=\"a4f4746\" data-element_type=\"widget\" data-widget_type=\"text-editor.default\">\n\t\t\t\t<div class=\"elementor-widget-container\">\n\t\t\t\t\t\t\t\t\t<p><span style=\"font-weight: 400;\">El inter\u00e9s internacional suscitado por el acontecimiento es tambi\u00e9n un reflejo de su alto perfil. Una publicaci\u00f3n reciente dedicada a la edici\u00f3n de 2026 menciona la participaci\u00f3n de delegados de Ecuador, M\u00e9xico, las Seychelles y la Rep\u00fablica Dominicana, entre otros. La Cayman Instyle Fashion Week 2026 ser\u00e1, pues, una oportunidad para la circulaci\u00f3n de ideas, redes y conocimientos, con una clara ambici\u00f3n regional. Para las Islas Caim\u00e1n, este p\u00fablico profesional m\u00e1s amplio podr\u00eda hacer que la regi\u00f3n resultara a\u00fan m\u00e1s atractiva para dise\u00f1adores, inversores y socios culturales.   <\/span><\/p>\t\t\t\t\t\t\t\t<\/div>\n\t\t\t\t<\/div>\n\t\t\t\t<section class=\"elementor-section elementor-inner-section elementor-element elementor-element-d4c7243 elementor-section-boxed elementor-section-height-default elementor-section-height-default\" data-id=\"d4c7243\" data-element_type=\"section\">\n\t\t\t\t\t\t<div class=\"elementor-container elementor-column-gap-default\">\n\t\t\t\t\t<div class=\"elementor-column elementor-col-25 elementor-inner-column elementor-element elementor-element-a9910f6\" data-id=\"a9910f6\" data-element_type=\"column\">\n\t\t\t<div class=\"elementor-widget-wrap elementor-element-populated\">\n\t\t\t\t\t\t<div class=\"elementor-element elementor-element-6e1b0b7 elementor-widget elementor-widget-image\" data-id=\"6e1b0b7\" data-element_type=\"widget\" data-widget_type=\"image.default\">\n\t\t\t\t<div class=\"elementor-widget-container\">\n\t\t\t\t\t\t\t\t\t\t\t\t\t\t\t<img loading=\"lazy\" decoding=\"async\" width=\"800\" height=\"1000\" src=\"https:\/\/richeskarayib.com\/wp-content\/uploads\/2026\/04\/Melesia-Adderley-819x1024.jpg\" class=\"attachment-large size-large wp-image-72806\" alt=\"Cayman Instyle Fashion Week\" srcset=\"https:\/\/richeskarayib.com\/wp-content\/uploads\/2026\/04\/Melesia-Adderley-819x1024.jpg 819w, https:\/\/richeskarayib.com\/wp-content\/uploads\/2026\/04\/Melesia-Adderley-240x300.jpg 240w, https:\/\/richeskarayib.com\/wp-content\/uploads\/2026\/04\/Melesia-Adderley-768x960.jpg 768w, https:\/\/richeskarayib.com\/wp-content\/uploads\/2026\/04\/Melesia-Adderley-1229x1536.jpg 1229w, https:\/\/richeskarayib.com\/wp-content\/uploads\/2026\/04\/Melesia-Adderley-1320x1650.jpg 1320w, https:\/\/richeskarayib.com\/wp-content\/uploads\/2026\/04\/Melesia-Adderley.jpg 1638w\" sizes=\"(max-width: 800px) 100vw, 800px\" \/>\t\t\t\t\t\t\t\t\t\t\t\t\t\t\t<\/div>\n\t\t\t\t<\/div>\n\t\t\t\t\t<\/div>\n\t\t<\/div>\n\t\t\t\t<div class=\"elementor-column elementor-col-25 elementor-inner-column elementor-element elementor-element-6f05b55\" data-id=\"6f05b55\" data-element_type=\"column\">\n\t\t\t<div class=\"elementor-widget-wrap elementor-element-populated\">\n\t\t\t\t\t\t<div class=\"elementor-element elementor-element-b692352 elementor-widget elementor-widget-image\" data-id=\"b692352\" data-element_type=\"widget\" data-widget_type=\"image.default\">\n\t\t\t\t<div class=\"elementor-widget-container\">\n\t\t\t\t\t\t\t\t\t\t\t\t\t\t\t<img loading=\"lazy\" decoding=\"async\" width=\"800\" height=\"1000\" src=\"https:\/\/richeskarayib.com\/wp-content\/uploads\/2026\/04\/Norma-Ebanks-819x1024.jpg\" class=\"attachment-large size-large wp-image-72810\" alt=\"Cayman Instyle Fashion Week\" srcset=\"https:\/\/richeskarayib.com\/wp-content\/uploads\/2026\/04\/Norma-Ebanks-819x1024.jpg 819w, https:\/\/richeskarayib.com\/wp-content\/uploads\/2026\/04\/Norma-Ebanks-240x300.jpg 240w, https:\/\/richeskarayib.com\/wp-content\/uploads\/2026\/04\/Norma-Ebanks-768x960.jpg 768w, https:\/\/richeskarayib.com\/wp-content\/uploads\/2026\/04\/Norma-Ebanks.jpg 1152w\" sizes=\"(max-width: 800px) 100vw, 800px\" \/>\t\t\t\t\t\t\t\t\t\t\t\t\t\t\t<\/div>\n\t\t\t\t<\/div>\n\t\t\t\t\t<\/div>\n\t\t<\/div>\n\t\t\t\t<div class=\"elementor-column elementor-col-25 elementor-inner-column elementor-element elementor-element-0c80948\" data-id=\"0c80948\" data-element_type=\"column\">\n\t\t\t<div class=\"elementor-widget-wrap elementor-element-populated\">\n\t\t\t\t\t\t<div class=\"elementor-element elementor-element-77ec37b elementor-widget elementor-widget-image\" data-id=\"77ec37b\" data-element_type=\"widget\" data-widget_type=\"image.default\">\n\t\t\t\t<div class=\"elementor-widget-container\">\n\t\t\t\t\t\t\t\t\t\t\t\t\t\t\t<img loading=\"lazy\" decoding=\"async\" width=\"800\" height=\"1000\" src=\"https:\/\/richeskarayib.com\/wp-content\/uploads\/2026\/04\/Tedrick-Green-819x1024.jpg\" class=\"attachment-large size-large wp-image-72814\" alt=\"Cayman Instyle Fashion Week\" srcset=\"https:\/\/richeskarayib.com\/wp-content\/uploads\/2026\/04\/Tedrick-Green-819x1024.jpg 819w, https:\/\/richeskarayib.com\/wp-content\/uploads\/2026\/04\/Tedrick-Green-240x300.jpg 240w, https:\/\/richeskarayib.com\/wp-content\/uploads\/2026\/04\/Tedrick-Green-768x960.jpg 768w, https:\/\/richeskarayib.com\/wp-content\/uploads\/2026\/04\/Tedrick-Green-1229x1536.jpg 1229w, https:\/\/richeskarayib.com\/wp-content\/uploads\/2026\/04\/Tedrick-Green-1320x1650.jpg 1320w, https:\/\/richeskarayib.com\/wp-content\/uploads\/2026\/04\/Tedrick-Green.jpg 1638w\" sizes=\"(max-width: 800px) 100vw, 800px\" \/>\t\t\t\t\t\t\t\t\t\t\t\t\t\t\t<\/div>\n\t\t\t\t<\/div>\n\t\t\t\t\t<\/div>\n\t\t<\/div>\n\t\t\t\t<div class=\"elementor-column elementor-col-25 elementor-inner-column elementor-element elementor-element-e76f98e\" data-id=\"e76f98e\" data-element_type=\"column\">\n\t\t\t<div class=\"elementor-widget-wrap elementor-element-populated\">\n\t\t\t\t\t\t<div class=\"elementor-element elementor-element-39fb2a8 elementor-widget elementor-widget-image\" data-id=\"39fb2a8\" data-element_type=\"widget\" data-widget_type=\"image.default\">\n\t\t\t\t<div class=\"elementor-widget-container\">\n\t\t\t\t\t\t\t\t\t\t\t\t\t\t\t<img loading=\"lazy\" decoding=\"async\" width=\"800\" height=\"1000\" src=\"https:\/\/richeskarayib.com\/wp-content\/uploads\/2026\/04\/Zara-Majid-819x1024.jpg\" class=\"attachment-large size-large wp-image-72818\" alt=\"Cayman Instyle Fashion Week\" srcset=\"https:\/\/richeskarayib.com\/wp-content\/uploads\/2026\/04\/Zara-Majid-819x1024.jpg 819w, https:\/\/richeskarayib.com\/wp-content\/uploads\/2026\/04\/Zara-Majid-240x300.jpg 240w, https:\/\/richeskarayib.com\/wp-content\/uploads\/2026\/04\/Zara-Majid-768x960.jpg 768w, https:\/\/richeskarayib.com\/wp-content\/uploads\/2026\/04\/Zara-Majid-1229x1536.jpg 1229w, https:\/\/richeskarayib.com\/wp-content\/uploads\/2026\/04\/Zara-Majid-1320x1650.jpg 1320w, https:\/\/richeskarayib.com\/wp-content\/uploads\/2026\/04\/Zara-Majid.jpg 1638w\" sizes=\"(max-width: 800px) 100vw, 800px\" \/>\t\t\t\t\t\t\t\t\t\t\t\t\t\t\t<\/div>\n\t\t\t\t<\/div>\n\t\t\t\t\t<\/div>\n\t\t<\/div>\n\t\t\t\t\t<\/div>\n\t\t<\/section>\n\t\t\t\t\t<\/div>\n\t\t<\/div>\n\t\t\t\t\t<\/div>\n\t\t<\/section>\n\t\t\t\t<section class=\"elementor-section elementor-top-section elementor-element elementor-element-4a0e8e4 elementor-section-boxed elementor-section-height-default elementor-section-height-default\" data-id=\"4a0e8e4\" data-element_type=\"section\">\n\t\t\t\t\t\t<div class=\"elementor-container elementor-column-gap-default\">\n\t\t\t\t\t<div class=\"elementor-column elementor-col-100 elementor-top-column elementor-element elementor-element-f16bdfb\" data-id=\"f16bdfb\" data-element_type=\"column\">\n\t\t\t<div class=\"elementor-widget-wrap elementor-element-populated\">\n\t\t\t\t\t\t<div class=\"elementor-element elementor-element-33604cf elementor-widget elementor-widget-heading\" data-id=\"33604cf\" data-element_type=\"widget\" data-widget_type=\"heading.default\">\n\t\t\t\t<div class=\"elementor-widget-container\">\n\t\t\t\t\t<h2 class=\"elementor-heading-title elementor-size-default\">Norma Ebanks sit\u00faa la formaci\u00f3n en el centro del proyecto<\/h2>\t\t\t\t<\/div>\n\t\t\t\t<\/div>\n\t\t\t\t<div class=\"elementor-element elementor-element-06205d8 elementor-widget elementor-widget-text-editor\" data-id=\"06205d8\" data-element_type=\"widget\" data-widget_type=\"text-editor.default\">\n\t\t\t\t<div class=\"elementor-widget-container\">\n\t\t\t\t\t\t\t\t\t<p><span style=\"font-weight: 400;\">La fundadora Norma Ebanks lleva varios a\u00f1os impulsando esta direcci\u00f3n. Su biograf\u00eda oficial recuerda m\u00e1s de 35 a\u00f1os en la industria de la moda, con formaci\u00f3n en Nueva York y Jamaica, as\u00ed como estancias en la Semana de la Moda de Nueva York, la Semana de la Moda de Londres, la Semana de la Moda de Par\u00eds y la Semana de la Moda de Mil\u00e1n. Sobre todo, ha estructurado una herramienta de formaci\u00f3n local en torno al evento: la Escuela de Moda Creativa, una organizaci\u00f3n sin \u00e1nimo de lucro dedicada a ense\u00f1ar costura, dise\u00f1o y decoraci\u00f3n. Por tanto, la Cayman Instyle Fashion Week 2026 se asienta sobre una base educativa concreta, y no es simplemente un evento de escaparate.     <\/span><\/p>\t\t\t\t\t\t\t\t<\/div>\n\t\t\t\t<\/div>\n\t\t\t\t<div class=\"elementor-element elementor-element-002ee14 elementor-widget elementor-widget-text-editor\" data-id=\"002ee14\" data-element_type=\"widget\" data-widget_type=\"text-editor.default\">\n\t\t\t\t<div class=\"elementor-widget-container\">\n\t\t\t\t\t\t\t\t\t<p><span style=\"font-weight: 400;\">Este v\u00ednculo entre el podio y la transmisi\u00f3n merece atenci\u00f3n. La Escuela de Moda Creativa ofrece cursos para principiantes, intermedios y avanzados, un programa extraescolar, un campamento de verano y un Programa de Dise\u00f1adores Emergentes dise\u00f1ado para ayudar a los talentos locales a adquirir experiencia y confianza. En las p\u00e1ginas tambi\u00e9n se indica que parte de los beneficios se reinvierten en la escuela y en un fondo de becas. De este modo, la Cayman Instyle Fashion Week 2026 se convierte en un mecanismo de apoyo para una industria local en construcci\u00f3n.     <\/span><\/p>\t\t\t\t\t\t\t\t<\/div>\n\t\t\t\t<\/div>\n\t\t\t\t\t<\/div>\n\t\t<\/div>\n\t\t\t\t\t<\/div>\n\t\t<\/section>\n\t\t\t\t<section class=\"elementor-section elementor-top-section elementor-element elementor-element-73744de elementor-section-boxed elementor-section-height-default elementor-section-height-default\" data-id=\"73744de\" data-element_type=\"section\">\n\t\t\t\t\t\t<div class=\"elementor-container elementor-column-gap-default\">\n\t\t\t\t\t<div class=\"elementor-column elementor-col-100 elementor-top-column elementor-element elementor-element-8f238ec\" data-id=\"8f238ec\" data-element_type=\"column\">\n\t\t\t<div class=\"elementor-widget-wrap elementor-element-populated\">\n\t\t\t\t\t\t<div class=\"elementor-element elementor-element-1a869a1 elementor-widget elementor-widget-heading\" data-id=\"1a869a1\" data-element_type=\"widget\" data-widget_type=\"heading.default\">\n\t\t\t\t<div class=\"elementor-widget-container\">\n\t\t\t\t\t<h2 class=\"elementor-heading-title elementor-size-default\">Premios, desfiles de moda y una visi\u00f3n m\u00e1s amplia del sector creativo<\/h2>\t\t\t\t<\/div>\n\t\t\t\t<\/div>\n\t\t\t\t<div class=\"elementor-element elementor-element-ed5c50c elementor-widget elementor-widget-text-editor\" data-id=\"ed5c50c\" data-element_type=\"widget\" data-widget_type=\"text-editor.default\">\n\t\t\t\t<div class=\"elementor-widget-container\">\n\t\t\t\t\t\t\t\t\t<p><span style=\"font-weight: 400;\">La gala del 24 de abril fue una oportunidad para apreciar la amplitud del proyecto cultural apoyado por la organizaci\u00f3n. Los Premios Trailblazer reconocen a modelos, artistas musicales, profesionales de los medios de comunicaci\u00f3n, profesionales del bienestar, fot\u00f3grafos, vide\u00f3grafos, educadores, creadores digitales e iniciativas medioambientales. Al integrar estas categor\u00edas, la Cayman Instyle Fashion Week 2026 afirma una amplia visi\u00f3n de la creaci\u00f3n, donde la moda dialoga con el audiovisual, la literatura, la escena, la educaci\u00f3n y el patrimonio. Esta arquitectura da coherencia al tema &#8220;Moda, Arte y Bienestar&#8221;, que se destaca en las comunicaciones tur\u00edsticas de las Islas Caim\u00e1n.   <\/span><\/p>\t\t\t\t\t\t\t\t<\/div>\n\t\t\t\t<\/div>\n\t\t\t\t<div class=\"elementor-element elementor-element-ca3a92a elementor-widget elementor-widget-text-editor\" data-id=\"ca3a92a\" data-element_type=\"widget\" data-widget_type=\"text-editor.default\">\n\t\t\t\t<div class=\"elementor-widget-container\">\n\t\t\t\t\t\t\t\t\t<p><span style=\"font-weight: 400;\">El s\u00e1bado, las pasarelas para j\u00f3venes y luego para adultos configuran la parte m\u00e1s visible de la semana. Sin embargo, la organizaci\u00f3n tambi\u00e9n insiste en los Talleres de Modelos y en estar abierta a perfiles de todas las edades, tallas y or\u00edgenes. Un art\u00edculo publicado el 15 de abril de 2026 por Cayman Compass informa de que los talleres preparatorios reunieron a participantes de edades comprendidas entre los 5 y los 65 a\u00f1os. Estos datos arrojan luz sobre la filosof\u00eda de la Cayman Instyle Fashion Week 2026: utilizar la moda como espacio de aprendizaje, disciplina y seguridad en uno mismo, con un claro impacto social.   <\/span><\/p>\t\t\t\t\t\t\t\t<\/div>\n\t\t\t\t<\/div>\n\t\t\t\t<section class=\"elementor-section elementor-inner-section elementor-element elementor-element-ee73421 elementor-section-boxed elementor-section-height-default elementor-section-height-default\" data-id=\"ee73421\" data-element_type=\"section\">\n\t\t\t\t\t\t<div class=\"elementor-container elementor-column-gap-default\">\n\t\t\t\t\t<div class=\"elementor-column elementor-col-50 elementor-inner-column elementor-element elementor-element-8f1e8f3\" data-id=\"8f1e8f3\" data-element_type=\"column\">\n\t\t\t<div class=\"elementor-widget-wrap elementor-element-populated\">\n\t\t\t\t\t\t<div class=\"elementor-element elementor-element-e792ac8 elementor-widget elementor-widget-image\" data-id=\"e792ac8\" data-element_type=\"widget\" data-widget_type=\"image.default\">\n\t\t\t\t<div class=\"elementor-widget-container\">\n\t\t\t\t\t\t\t\t\t\t\t\t<figure class=\"wp-caption\">\n\t\t\t\t\t\t\t\t\t\t<img loading=\"lazy\" decoding=\"async\" width=\"800\" height=\"999\" src=\"https:\/\/richeskarayib.com\/wp-content\/uploads\/2026\/04\/THE-GALA-820x1024.jpg\" class=\"attachment-large size-large wp-image-72782\" alt=\"Cayman Instyle Fashion Week\" srcset=\"https:\/\/richeskarayib.com\/wp-content\/uploads\/2026\/04\/THE-GALA-820x1024.jpg 820w, https:\/\/richeskarayib.com\/wp-content\/uploads\/2026\/04\/THE-GALA-240x300.jpg 240w, https:\/\/richeskarayib.com\/wp-content\/uploads\/2026\/04\/THE-GALA-768x959.jpg 768w, https:\/\/richeskarayib.com\/wp-content\/uploads\/2026\/04\/THE-GALA-1230x1536.jpg 1230w, https:\/\/richeskarayib.com\/wp-content\/uploads\/2026\/04\/THE-GALA-1320x1649.jpg 1320w, https:\/\/richeskarayib.com\/wp-content\/uploads\/2026\/04\/THE-GALA.jpg 1537w\" sizes=\"(max-width: 800px) 100vw, 800px\" \/>\t\t\t\t\t\t\t\t\t\t\t<figcaption class=\"widget-image-caption wp-caption-text\">\u00a9Cayman Instyle Fashion Week<\/figcaption>\n\t\t\t\t\t\t\t\t\t\t<\/figure>\n\t\t\t\t\t\t\t\t\t<\/div>\n\t\t\t\t<\/div>\n\t\t\t\t\t<\/div>\n\t\t<\/div>\n\t\t\t\t<div class=\"elementor-column elementor-col-50 elementor-inner-column elementor-element elementor-element-f745135\" data-id=\"f745135\" data-element_type=\"column\">\n\t\t\t<div class=\"elementor-widget-wrap elementor-element-populated\">\n\t\t\t\t\t\t<div class=\"elementor-element elementor-element-29bc8dd elementor-widget elementor-widget-image\" data-id=\"29bc8dd\" data-element_type=\"widget\" data-widget_type=\"image.default\">\n\t\t\t\t<div class=\"elementor-widget-container\">\n\t\t\t\t\t\t\t\t\t\t\t\t<figure class=\"wp-caption\">\n\t\t\t\t\t\t\t\t\t\t<img loading=\"lazy\" decoding=\"async\" width=\"800\" height=\"1000\" src=\"https:\/\/richeskarayib.com\/wp-content\/uploads\/2026\/04\/651754606_1366993852111805_7261528196776356710_n-819x1024.jpg\" class=\"attachment-large size-large wp-image-72786\" alt=\"Cayman Instyle Fashion Week\" srcset=\"https:\/\/richeskarayib.com\/wp-content\/uploads\/2026\/04\/651754606_1366993852111805_7261528196776356710_n-819x1024.jpg 819w, https:\/\/richeskarayib.com\/wp-content\/uploads\/2026\/04\/651754606_1366993852111805_7261528196776356710_n-240x300.jpg 240w, https:\/\/richeskarayib.com\/wp-content\/uploads\/2026\/04\/651754606_1366993852111805_7261528196776356710_n-768x960.jpg 768w, https:\/\/richeskarayib.com\/wp-content\/uploads\/2026\/04\/651754606_1366993852111805_7261528196776356710_n.jpg 1152w\" sizes=\"(max-width: 800px) 100vw, 800px\" \/>\t\t\t\t\t\t\t\t\t\t\t<figcaption class=\"widget-image-caption wp-caption-text\">\u00a9Cayman Instyle Fashion Week<\/figcaption>\n\t\t\t\t\t\t\t\t\t\t<\/figure>\n\t\t\t\t\t\t\t\t\t<\/div>\n\t\t\t\t<\/div>\n\t\t\t\t\t<\/div>\n\t\t<\/div>\n\t\t\t\t\t<\/div>\n\t\t<\/section>\n\t\t\t\t\t<\/div>\n\t\t<\/div>\n\t\t\t\t\t<\/div>\n\t\t<\/section>\n\t\t\t\t<section class=\"elementor-section elementor-top-section elementor-element elementor-element-cd6f302 elementor-section-boxed elementor-section-height-default elementor-section-height-default\" data-id=\"cd6f302\" data-element_type=\"section\">\n\t\t\t\t\t\t<div class=\"elementor-container elementor-column-gap-default\">\n\t\t\t\t\t<div class=\"elementor-column elementor-col-100 elementor-top-column elementor-element elementor-element-3291df2\" data-id=\"3291df2\" data-element_type=\"column\">\n\t\t\t<div class=\"elementor-widget-wrap elementor-element-populated\">\n\t\t\t\t\t\t<div class=\"elementor-element elementor-element-d48250a elementor-widget elementor-widget-heading\" data-id=\"d48250a\" data-element_type=\"widget\" data-widget_type=\"heading.default\">\n\t\t\t\t<div class=\"elementor-widget-container\">\n\t\t\t\t\t<h2 class=\"elementor-heading-title elementor-size-default\">Un escaparate \u00fatil para la imagen cultural de las Islas Caim\u00e1n<\/h2>\t\t\t\t<\/div>\n\t\t\t\t<\/div>\n\t\t\t\t<div class=\"elementor-element elementor-element-995f4f4 elementor-widget elementor-widget-text-editor\" data-id=\"995f4f4\" data-element_type=\"widget\" data-widget_type=\"text-editor.default\">\n\t\t\t\t<div class=\"elementor-widget-container\">\n\t\t\t\t\t\t\t\t\t<p><span style=\"font-weight: 400;\">Para la regi\u00f3n, <a href=\"https:\/\/www.caymaninstylefashionweek.com\/the-events\" target=\"_blank\" rel=\"noopener nofollow\">la Cayman Instyle Fashion Week 2026<\/a> puede tener varios efectos al mismo tiempo. El acontecimiento impulsar\u00e1 el turismo en abril, revalorizar\u00e1 los lugares de celebraci\u00f3n, atraer\u00e1 a visitantes profesionales y mostrar\u00e1 a los dise\u00f1adores locales en un entorno internacional. Tambi\u00e9n mostrar\u00e1 una imagen de las Islas Caim\u00e1n vinculada a la cultura, el saber hacer y el esp\u00edritu empresarial creativo. En un Caribe donde la competencia entre destinos es feroz, este enfoque puede marcar una gran diferencia. Proporciona al territorio una narrativa m\u00e1s rica, basada en la moda, la educaci\u00f3n y la invenci\u00f3n de nuevos caminos para los j\u00f3venes locales.    <\/span><\/p>\t\t\t\t\t\t\t\t<\/div>\n\t\t\t\t<\/div>\n\t\t\t\t\t<\/div>\n\t\t<\/div>\n\t\t\t\t\t<\/div>\n\t\t<\/section>\n\t\t\t\t<section class=\"elementor-section elementor-top-section elementor-element elementor-element-f5709a6 elementor-section-boxed elementor-section-height-default elementor-section-height-default\" data-id=\"f5709a6\" data-element_type=\"section\">\n\t\t\t\t\t\t<div class=\"elementor-container elementor-column-gap-default\">\n\t\t\t\t\t<div class=\"elementor-column elementor-col-100 elementor-top-column elementor-element elementor-element-957be6f\" data-id=\"957be6f\" data-element_type=\"column\">\n\t\t\t<div class=\"elementor-widget-wrap elementor-element-populated\">\n\t\t\t\t\t\t<div class=\"elementor-element elementor-element-63e5d4a elementor-widget elementor-widget-accordion\" data-id=\"63e5d4a\" data-element_type=\"widget\" data-widget_type=\"accordion.default\">\n\t\t\t\t<div class=\"elementor-widget-container\">\n\t\t\t\t\t\t\t<div class=\"elementor-accordion\">\n\t\t\t\t\t\t\t<div class=\"elementor-accordion-item\">\n\t\t\t\t\t<div id=\"elementor-tab-title-1041\" class=\"elementor-tab-title\" data-tab=\"1\" role=\"button\" aria-controls=\"elementor-tab-content-1041\" aria-expanded=\"false\">\n\t\t\t\t\t\t\t\t\t\t\t\t\t<span class=\"elementor-accordion-icon elementor-accordion-icon-left\" aria-hidden=\"true\">\n\t\t\t\t\t\t\t\t\t\t\t\t\t\t\t<span class=\"elementor-accordion-icon-closed\"><i class=\"fas fa-plus\"><\/i><\/span>\n\t\t\t\t\t\t\t\t<span class=\"elementor-accordion-icon-opened\"><i class=\"fas fa-minus\"><\/i><\/span>\n\t\t\t\t\t\t\t\t\t\t\t\t\t\t<\/span>\n\t\t\t\t\t\t\t\t\t\t\t\t<a class=\"elementor-accordion-title\" tabindex=\"0\">\u00bfCu\u00e1les son las fechas de la Cayman Instyle Fashion Week 2026?<\/a>\n\t\t\t\t\t<\/div>\n\t\t\t\t\t<div id=\"elementor-tab-content-1041\" class=\"elementor-tab-content elementor-clearfix\" data-tab=\"1\" role=\"region\" aria-labelledby=\"elementor-tab-title-1041\"><p><span style=\"font-weight: 400;\">El acontecimiento tendr\u00e1 lugar del 23 al 26 de abril de 2026. El 23 de abril incluye la Cumbre Mundial de la Moda y la Exposici\u00f3n de Costura Nupcial en el Grand Cayman Marriott Resort. El 24 de abril est\u00e1 dedicado a la Gala y a los Premios Trailblazer. El 25 de abril se celebran dos desfiles de moda en el Hotel Indigo Grand Cayman, y el 26 de abril concluye con The Escape, una salida al mar.   <\/span><\/p>\n<\/div>\n\t\t\t\t<\/div>\n\t\t\t\t\t\t\t<div class=\"elementor-accordion-item\">\n\t\t\t\t\t<div id=\"elementor-tab-title-1042\" class=\"elementor-tab-title\" data-tab=\"2\" role=\"button\" aria-controls=\"elementor-tab-content-1042\" aria-expanded=\"false\">\n\t\t\t\t\t\t\t\t\t\t\t\t\t<span class=\"elementor-accordion-icon elementor-accordion-icon-left\" aria-hidden=\"true\">\n\t\t\t\t\t\t\t\t\t\t\t\t\t\t\t<span class=\"elementor-accordion-icon-closed\"><i class=\"fas fa-plus\"><\/i><\/span>\n\t\t\t\t\t\t\t\t<span class=\"elementor-accordion-icon-opened\"><i class=\"fas fa-minus\"><\/i><\/span>\n\t\t\t\t\t\t\t\t\t\t\t\t\t\t<\/span>\n\t\t\t\t\t\t\t\t\t\t\t\t<a class=\"elementor-accordion-title\" tabindex=\"0\">\u00bfPor qu\u00e9 se incluye la Cumbre Mundial de la Moda en esta edici\u00f3n?<\/a>\n\t\t\t\t\t<\/div>\n\t\t\t\t\t<div id=\"elementor-tab-content-1042\" class=\"elementor-tab-content elementor-clearfix\" data-tab=\"2\" role=\"region\" aria-labelledby=\"elementor-tab-title-1042\"><p><span style=\"font-weight: 400;\">Porque confiere a la semana una dimensi\u00f3n intelectual y profesional. La cumbre aborda la sostenibilidad, la inteligencia artificial, el bienestar mental y emocional, la identidad cultural y la econom\u00eda creativa. Este encuadre sit\u00faa a la moda en un di\u00e1logo con los grandes temas contempor\u00e1neos y atrae a un p\u00fablico m\u00e1s amplio que el de los entusiastas de las pasarelas.  <\/span><\/p>\n<\/div>\n\t\t\t\t<\/div>\n\t\t\t\t\t\t\t<div class=\"elementor-accordion-item\">\n\t\t\t\t\t<div id=\"elementor-tab-title-1043\" class=\"elementor-tab-title\" data-tab=\"3\" role=\"button\" aria-controls=\"elementor-tab-content-1043\" aria-expanded=\"false\">\n\t\t\t\t\t\t\t\t\t\t\t\t\t<span class=\"elementor-accordion-icon elementor-accordion-icon-left\" aria-hidden=\"true\">\n\t\t\t\t\t\t\t\t\t\t\t\t\t\t\t<span class=\"elementor-accordion-icon-closed\"><i class=\"fas fa-plus\"><\/i><\/span>\n\t\t\t\t\t\t\t\t<span class=\"elementor-accordion-icon-opened\"><i class=\"fas fa-minus\"><\/i><\/span>\n\t\t\t\t\t\t\t\t\t\t\t\t\t\t<\/span>\n\t\t\t\t\t\t\t\t\t\t\t\t<a class=\"elementor-accordion-title\" tabindex=\"0\">\u00bfPor qu\u00e9 es importante el acontecimiento para las Islas Caim\u00e1n?<\/a>\n\t\t\t\t\t<\/div>\n\t\t\t\t\t<div id=\"elementor-tab-content-1043\" class=\"elementor-tab-content elementor-clearfix\" data-tab=\"3\" role=\"region\" aria-labelledby=\"elementor-tab-title-1043\"><p><span style=\"font-weight: 400;\">El evento apoya a la Escuela de Moda Creativa, muestra el talento local, abre oportunidades a los j\u00f3venes dise\u00f1adores y contribuye a la imagen cultural de la regi\u00f3n. Re\u00fane turismo, formaci\u00f3n, dise\u00f1o y redes internacionales, todo lo cual podr\u00eda reforzar el lugar de las Islas Caim\u00e1n en las industrias creativas de la regi\u00f3n. <\/span><\/p>\n<\/div>\n\t\t\t\t<\/div>\n\t\t\t\t\t\t\t\t<\/div>\n\t\t\t\t\t\t<\/div>\n\t\t\t\t<\/div>\n\t\t\t\t\t<\/div>\n\t\t<\/div>\n\t\t\t\t\t<\/div>\n\t\t<\/section>\n\t\t\t\t<\/div>\n\t\t","protected":false},"excerpt":{"rendered":"<p>La Cayman Instyle Fashion Week vuelve del 23 al 26 de abril de 2026 con un programa que a\u00f1ade otra dimensi\u00f3n a la moda en el Caribe. El evento, que se celebra en Gran Caim\u00e1n entre el Grand Cayman Marriott Resort, el Hotel Indigo Grand Cayman y una salida al mar de clausura, se estructura [&hellip;]<\/p>\n","protected":false},"author":662,"featured_media":72774,"comment_status":"open","ping_status":"open","sticky":false,"template":"","format":"standard","meta":{"_acf_changed":false,"footnotes":""},"categories":[1502],"tags":[1731],"class_list":["post-72820","post","type-post","status-publish","format-standard","has-post-thumbnail","hentry","category-moda","tag-islas-caiman"],"acf":[],"_links":{"self":[{"href":"https:\/\/richeskarayib.com\/es\/wp-json\/wp\/v2\/posts\/72820","targetHints":{"allow":["GET"]}}],"collection":[{"href":"https:\/\/richeskarayib.com\/es\/wp-json\/wp\/v2\/posts"}],"about":[{"href":"https:\/\/richeskarayib.com\/es\/wp-json\/wp\/v2\/types\/post"}],"author":[{"embeddable":true,"href":"https:\/\/richeskarayib.com\/es\/wp-json\/wp\/v2\/users\/662"}],"replies":[{"embeddable":true,"href":"https:\/\/richeskarayib.com\/es\/wp-json\/wp\/v2\/comments?post=72820"}],"version-history":[{"count":0,"href":"https:\/\/richeskarayib.com\/es\/wp-json\/wp\/v2\/posts\/72820\/revisions"}],"wp:featuredmedia":[{"embeddable":true,"href":"https:\/\/richeskarayib.com\/es\/wp-json\/wp\/v2\/media\/72774"}],"wp:attachment":[{"href":"https:\/\/richeskarayib.com\/es\/wp-json\/wp\/v2\/media?parent=72820"}],"wp:term":[{"taxonomy":"category","embeddable":true,"href":"https:\/\/richeskarayib.com\/es\/wp-json\/wp\/v2\/categories?post=72820"},{"taxonomy":"post_tag","embeddable":true,"href":"https:\/\/richeskarayib.com\/es\/wp-json\/wp\/v2\/tags?post=72820"}],"curies":[{"name":"wp","href":"https:\/\/api.w.org\/{rel}","templated":true}]}}