{"id":72841,"date":"2026-04-23T07:04:01","date_gmt":"2026-04-23T11:04:01","guid":{"rendered":"https:\/\/richeskarayib.com\/haiti-fuerte-marfranc-la-fortaleza-de-grand-anse-donde-descansa-un-signatario-de-la-independencia\/"},"modified":"2026-04-23T07:04:02","modified_gmt":"2026-04-23T11:04:02","slug":"haiti-fuerte-marfranc-la-fortaleza-de-grand-anse-donde-descansa-un-signatario-de-la-independencia","status":"publish","type":"post","link":"https:\/\/richeskarayib.com\/es\/haiti-fuerte-marfranc-la-fortaleza-de-grand-anse-donde-descansa-un-signatario-de-la-independencia\/","title":{"rendered":"Hait\u00ed &#8211; Fuerte Marfranc: la fortaleza de Grand Anse donde descansa un signatario de la independencia"},"content":{"rendered":"\t\t<div data-elementor-type=\"wp-post\" data-elementor-id=\"72841\" class=\"elementor elementor-72841 elementor-72823\" data-elementor-post-type=\"post\">\n\t\t\t\t\t\t<section class=\"elementor-section elementor-top-section elementor-element elementor-element-7ca7ca1 elementor-section-boxed elementor-section-height-default elementor-section-height-default\" data-id=\"7ca7ca1\" data-element_type=\"section\">\n\t\t\t\t\t\t<div class=\"elementor-container elementor-column-gap-default\">\n\t\t\t\t\t<div class=\"elementor-column elementor-col-100 elementor-top-column elementor-element elementor-element-cbdd002\" data-id=\"cbdd002\" data-element_type=\"column\">\n\t\t\t<div class=\"elementor-widget-wrap elementor-element-populated\">\n\t\t\t\t\t\t<section class=\"elementor-section elementor-inner-section elementor-element elementor-element-bc94849 elementor-section-boxed elementor-section-height-default elementor-section-height-default\" data-id=\"bc94849\" data-element_type=\"section\">\n\t\t\t\t\t\t<div class=\"elementor-container elementor-column-gap-default\">\n\t\t\t\t\t\t<\/div>\n\t\t<\/section>\n\t\t\t\t<section class=\"elementor-section elementor-inner-section elementor-element elementor-element-61571e6 elementor-section-boxed elementor-section-height-default elementor-section-height-default\" data-id=\"61571e6\" data-element_type=\"section\">\n\t\t\t\t\t\t<div class=\"elementor-container elementor-column-gap-default\">\n\t\t\t\t\t\t<\/div>\n\t\t<\/section>\n\t\t\t\t<section class=\"elementor-section elementor-inner-section elementor-element elementor-element-b6262e0 elementor-section-boxed elementor-section-height-default elementor-section-height-default\" data-id=\"b6262e0\" data-element_type=\"section\">\n\t\t\t\t\t\t<div class=\"elementor-container elementor-column-gap-default\">\n\t\t\t\t\t\t<\/div>\n\t\t<\/section>\n\t\t\t\t<section class=\"elementor-section elementor-inner-section elementor-element elementor-element-cca29fd elementor-section-boxed elementor-section-height-default elementor-section-height-default\" data-id=\"cca29fd\" data-element_type=\"section\">\n\t\t\t\t\t\t<div class=\"elementor-container elementor-column-gap-default\">\n\t\t\t\t\t\t<\/div>\n\t\t<\/section>\n\t\t\t\t\t<\/div>\n\t\t<\/div>\n\t\t\t\t\t<\/div>\n\t\t<\/section>\n\t\t\t\t<section class=\"elementor-section elementor-top-section elementor-element elementor-element-ee72354 elementor-section-boxed elementor-section-height-default elementor-section-height-default\" data-id=\"ee72354\" data-element_type=\"section\">\n\t\t\t\t\t\t<div class=\"elementor-container elementor-column-gap-default\">\n\t\t\t\t\t<div class=\"elementor-column elementor-col-100 elementor-top-column elementor-element elementor-element-c59d6fe\" data-id=\"c59d6fe\" data-element_type=\"column\">\n\t\t\t<div class=\"elementor-widget-wrap elementor-element-populated\">\n\t\t\t\t\t\t<div class=\"elementor-element elementor-element-661ebea elementor-widget elementor-widget-text-editor\" data-id=\"661ebea\" data-element_type=\"widget\" data-widget_type=\"text-editor.default\">\n\t\t\t\t<div class=\"elementor-widget-container\">\n\t\t\t\t\t\t\t\t\t<p><span style=\"font-weight: 400;\">El Fuerte Marfranc representa por s\u00ed solo varios estratos importantes de la historia haitiana: la defensa del joven Estado despu\u00e9s de 1804, la memoria de la lucha contra el orden colonial y la presencia, entre sus muros, de la tumba de Laurent F\u00e9rou, firmante del Acta de Independencia. Pocos lugares combinan con tanta intensidad las dimensiones militar, pol\u00edtica y conmemorativa. En la regi\u00f3n de Grand&#8217;Anse, este fuerte tiene, por tanto, un valor que va mucho m\u00e1s all\u00e1 del de un mero vestigio antiguo.  <\/span><\/p>\t\t\t\t\t\t\t\t<\/div>\n\t\t\t\t<\/div>\n\t\t\t\t\t<\/div>\n\t\t<\/div>\n\t\t\t\t\t<\/div>\n\t\t<\/section>\n\t\t\t\t<section class=\"elementor-section elementor-top-section elementor-element elementor-element-82cd8f9 elementor-section-boxed elementor-section-height-default elementor-section-height-default\" data-id=\"82cd8f9\" data-element_type=\"section\">\n\t\t\t\t\t\t<div class=\"elementor-container elementor-column-gap-default\">\n\t\t\t\t\t<div class=\"elementor-column elementor-col-100 elementor-top-column elementor-element elementor-element-0bfdc38\" data-id=\"0bfdc38\" data-element_type=\"column\">\n\t\t\t<div class=\"elementor-widget-wrap elementor-element-populated\">\n\t\t\t\t\t\t<div class=\"elementor-element elementor-element-7d292fe elementor-widget elementor-widget-heading\" data-id=\"7d292fe\" data-element_type=\"widget\" data-widget_type=\"heading.default\">\n\t\t\t\t<div class=\"elementor-widget-container\">\n\t\t\t\t\t<h2 class=\"elementor-heading-title elementor-size-default\">Un fuerte v\u00ednculo con la necesidad urgente de proteger la independencia<\/h2>\t\t\t\t<\/div>\n\t\t\t\t<\/div>\n\t\t\t\t<section class=\"elementor-section elementor-inner-section elementor-element elementor-element-da8459c elementor-section-boxed elementor-section-height-default elementor-section-height-default\" data-id=\"da8459c\" data-element_type=\"section\">\n\t\t\t\t\t\t<div class=\"elementor-container elementor-column-gap-default\">\n\t\t\t\t\t<div class=\"elementor-column elementor-col-100 elementor-inner-column elementor-element elementor-element-45b856b\" data-id=\"45b856b\" data-element_type=\"column\">\n\t\t\t<div class=\"elementor-widget-wrap elementor-element-populated\">\n\t\t\t\t\t\t<div class=\"elementor-element elementor-element-289b094 elementor-widget elementor-widget-text-editor\" data-id=\"289b094\" data-element_type=\"widget\" data-widget_type=\"text-editor.default\">\n\t\t\t\t<div class=\"elementor-widget-container\">\n\t\t\t\t\t\t\t\t\t<p><span style=\"font-weight: 400;\">Despu\u00e9s de 1804, <a href=\"https:\/\/richeskarayib.com\/es\/vudu-haiti-en-el-centro-de-una-gran-apuesta-patrimonial-con-benin\/\" target=\"_blank\" rel=\"noopener\">Hait\u00ed <\/a>tuvo que consolidar la libertad que hab\u00eda ganado tras una guerra decisiva. Por ello, construy\u00f3 una serie de fortificaciones destinadas a impedir el regreso de los antiguos amos de Saint-Domingue. El fuerte Marfranc formaba parte de esta l\u00f3gica defensiva. Su existencia recuerda que, tras la independencia, la soberan\u00eda no era s\u00f3lo cuesti\u00f3n de textos y proclamas: tambi\u00e9n se constru\u00eda en piedra, sobre el relieve, mediante la ocupaci\u00f3n estrat\u00e9gica del territorio.   <\/span><\/p>\t\t\t\t\t\t\t\t<\/div>\n\t\t\t\t<\/div>\n\t\t\t\t<div class=\"elementor-element elementor-element-425fc30 elementor-widget elementor-widget-text-editor\" data-id=\"425fc30\" data-element_type=\"widget\" data-widget_type=\"text-editor.default\">\n\t\t\t\t<div class=\"elementor-widget-container\">\n\t\t\t\t\t\t\t\t\t<p><span style=\"font-weight: 400;\">El emplazamiento dominaba la zona en torno a Jerem\u00edas, lo que le confer\u00eda un papel de vigilancia y control especialmente \u00fatil en una regi\u00f3n expuesta a las incertidumbres de la \u00e9poca. Esta elecci\u00f3n de emplazamiento no ten\u00eda nada de est\u00e9tico. Respond\u00eda a una interpretaci\u00f3n militar muy concreta del terreno: ver a lo lejos, anticiparse a los movimientos, defender una zona de paso y garantizar la seguridad en el propio paisaje del Grand&#8217;Anse. Esta relaci\u00f3n entre relieve y estrategia forma parte del mayor inter\u00e9s del emplazamiento.   <\/span><\/p>\t\t\t\t\t\t\t\t<\/div>\n\t\t\t\t<\/div>\n\t\t\t\t<div class=\"elementor-element elementor-element-bedb03f elementor-widget elementor-widget-image\" data-id=\"bedb03f\" data-element_type=\"widget\" data-widget_type=\"image.default\">\n\t\t\t\t<div class=\"elementor-widget-container\">\n\t\t\t\t\t\t\t\t\t\t\t\t\t\t\t<img fetchpriority=\"high\" decoding=\"async\" width=\"800\" height=\"600\" src=\"https:\/\/richeskarayib.com\/wp-content\/uploads\/2026\/04\/3-1024x768.png\" class=\"attachment-large size-large wp-image-72831\" alt=\"Fort Marfranc\" srcset=\"https:\/\/richeskarayib.com\/wp-content\/uploads\/2026\/04\/3-1024x768.png 1024w, https:\/\/richeskarayib.com\/wp-content\/uploads\/2026\/04\/3-300x225.png 300w, https:\/\/richeskarayib.com\/wp-content\/uploads\/2026\/04\/3-768x576.png 768w, https:\/\/richeskarayib.com\/wp-content\/uploads\/2026\/04\/3-1536x1152.png 1536w, https:\/\/richeskarayib.com\/wp-content\/uploads\/2026\/04\/3-1320x990.png 1320w, https:\/\/richeskarayib.com\/wp-content\/uploads\/2026\/04\/3.png 1920w\" sizes=\"(max-width: 800px) 100vw, 800px\" \/>\t\t\t\t\t\t\t\t\t\t\t\t\t\t\t<\/div>\n\t\t\t\t<\/div>\n\t\t\t\t\t<\/div>\n\t\t<\/div>\n\t\t\t\t\t<\/div>\n\t\t<\/section>\n\t\t\t\t<section class=\"elementor-section elementor-inner-section elementor-element elementor-element-c582330 elementor-section-boxed elementor-section-height-default elementor-section-height-default\" data-id=\"c582330\" data-element_type=\"section\">\n\t\t\t\t\t\t<div class=\"elementor-container elementor-column-gap-default\">\n\t\t\t\t\t\t<\/div>\n\t\t<\/section>\n\t\t\t\t<section class=\"elementor-section elementor-inner-section elementor-element elementor-element-296603a elementor-section-boxed elementor-section-height-default elementor-section-height-default\" data-id=\"296603a\" data-element_type=\"section\">\n\t\t\t\t\t\t<div class=\"elementor-container elementor-column-gap-default\">\n\t\t\t\t\t\t<\/div>\n\t\t<\/section>\n\t\t\t\t\t<\/div>\n\t\t<\/div>\n\t\t\t\t\t<\/div>\n\t\t<\/section>\n\t\t\t\t<section class=\"elementor-section elementor-top-section elementor-element elementor-element-9c88a89 elementor-section-boxed elementor-section-height-default elementor-section-height-default\" data-id=\"9c88a89\" data-element_type=\"section\">\n\t\t\t\t\t\t<div class=\"elementor-container elementor-column-gap-default\">\n\t\t\t\t\t<div class=\"elementor-column elementor-col-100 elementor-top-column elementor-element elementor-element-78cf5d1\" data-id=\"78cf5d1\" data-element_type=\"column\">\n\t\t\t<div class=\"elementor-widget-wrap elementor-element-populated\">\n\t\t\t\t\t\t<div class=\"elementor-element elementor-element-ea2a5c1 elementor-widget elementor-widget-heading\" data-id=\"ea2a5c1\" data-element_type=\"widget\" data-widget_type=\"heading.default\">\n\t\t\t\t<div class=\"elementor-widget-container\">\n\t\t\t\t\t<h2 class=\"elementor-heading-title elementor-size-default\">La singularidad del lugar: una fortaleza construida en un antiguo emplazamiento colonial<\/h2>\t\t\t\t<\/div>\n\t\t\t\t<\/div>\n\t\t\t\t<div class=\"elementor-element elementor-element-e305eee elementor-widget elementor-widget-text-editor\" data-id=\"e305eee\" data-element_type=\"widget\" data-widget_type=\"text-editor.default\">\n\t\t\t\t<div class=\"elementor-widget-container\">\n\t\t\t\t\t\t\t\t\t<p><span style=\"font-weight: 400;\">La fuerza simb\u00f3lica del Fuerte Marfranc reside tambi\u00e9n en su ubicaci\u00f3n f\u00edsica. El fuerte se construy\u00f3 sobre los restos de la antigua mansi\u00f3n del capit\u00e1n Marfranc, oficial franc\u00e9s de la primera compa\u00f1\u00eda de gendarmes. El terreno tambi\u00e9n cubr\u00eda el emplazamiento de antiguas caba\u00f1as de esclavos. En el espacio de unos pocos metros cuadrados, el emplazamiento re\u00fane tres temporalidades: el orden colonial, la ruptura revolucionaria y la organizaci\u00f3n defensiva del nuevo Estado haitiano. Esta superposici\u00f3n confiere al monumento una rara densidad hist\u00f3rica.    <\/span><\/p>\t\t\t\t\t\t\t\t<\/div>\n\t\t\t\t<\/div>\n\t\t\t\t<div class=\"elementor-element elementor-element-a4f4746 elementor-widget elementor-widget-text-editor\" data-id=\"a4f4746\" data-element_type=\"widget\" data-widget_type=\"text-editor.default\">\n\t\t\t\t<div class=\"elementor-widget-container\">\n\t\t\t\t\t\t\t\t\t<p><span style=\"font-weight: 400;\">Es precisamente aqu\u00ed donde reside el profundo atractivo de Fort Marfranc. No se trata s\u00f3lo de una batalla o de arquitectura militar. Representa un cambio de poder. Una zona anta\u00f1o vinculada a la dominaci\u00f3n colonial se convierte en un punto de protecci\u00f3n para el pa\u00eds independiente. Para los lectores atentos a la historia del Caribe, este detalle lo cambia todo: nos ayuda a comprender c\u00f3mo la independencia tambi\u00e9n transform\u00f3 los lugares, su uso y su significado pol\u00edtico.    <\/span><\/p>\t\t\t\t\t\t\t\t<\/div>\n\t\t\t\t<\/div>\n\t\t\t\t<section class=\"elementor-section elementor-inner-section elementor-element elementor-element-457eb07 elementor-section-boxed elementor-section-height-default elementor-section-height-default\" data-id=\"457eb07\" data-element_type=\"section\">\n\t\t\t\t\t\t<div class=\"elementor-container elementor-column-gap-default\">\n\t\t\t\t\t<div class=\"elementor-column elementor-col-50 elementor-inner-column elementor-element elementor-element-69397f3\" data-id=\"69397f3\" data-element_type=\"column\">\n\t\t\t<div class=\"elementor-widget-wrap elementor-element-populated\">\n\t\t\t\t\t\t<div class=\"elementor-element elementor-element-7bc6aa4 elementor-widget elementor-widget-image\" data-id=\"7bc6aa4\" data-element_type=\"widget\" data-widget_type=\"image.default\">\n\t\t\t\t<div class=\"elementor-widget-container\">\n\t\t\t\t\t\t\t\t\t\t\t\t\t\t\t<img decoding=\"async\" width=\"800\" height=\"600\" src=\"https:\/\/richeskarayib.com\/wp-content\/uploads\/2026\/04\/2-1024x768.png\" class=\"attachment-large size-large wp-image-72835\" alt=\"Fort Marfranc\" srcset=\"https:\/\/richeskarayib.com\/wp-content\/uploads\/2026\/04\/2-1024x768.png 1024w, https:\/\/richeskarayib.com\/wp-content\/uploads\/2026\/04\/2-300x225.png 300w, https:\/\/richeskarayib.com\/wp-content\/uploads\/2026\/04\/2-768x576.png 768w, https:\/\/richeskarayib.com\/wp-content\/uploads\/2026\/04\/2-1536x1152.png 1536w, https:\/\/richeskarayib.com\/wp-content\/uploads\/2026\/04\/2-1320x990.png 1320w, https:\/\/richeskarayib.com\/wp-content\/uploads\/2026\/04\/2.png 1920w\" sizes=\"(max-width: 800px) 100vw, 800px\" \/>\t\t\t\t\t\t\t\t\t\t\t\t\t\t\t<\/div>\n\t\t\t\t<\/div>\n\t\t\t\t\t<\/div>\n\t\t<\/div>\n\t\t\t\t<div class=\"elementor-column elementor-col-50 elementor-inner-column elementor-element elementor-element-70d3ad8\" data-id=\"70d3ad8\" data-element_type=\"column\">\n\t\t\t<div class=\"elementor-widget-wrap elementor-element-populated\">\n\t\t\t\t\t\t<div class=\"elementor-element elementor-element-5bb826b elementor-widget elementor-widget-image\" data-id=\"5bb826b\" data-element_type=\"widget\" data-widget_type=\"image.default\">\n\t\t\t\t<div class=\"elementor-widget-container\">\n\t\t\t\t\t\t\t\t\t\t\t\t\t\t\t<img decoding=\"async\" width=\"800\" height=\"600\" src=\"https:\/\/richeskarayib.com\/wp-content\/uploads\/2026\/04\/4-1024x768.png\" class=\"attachment-large size-large wp-image-72839\" alt=\"Fort Marfranc\" srcset=\"https:\/\/richeskarayib.com\/wp-content\/uploads\/2026\/04\/4-1024x768.png 1024w, https:\/\/richeskarayib.com\/wp-content\/uploads\/2026\/04\/4-300x225.png 300w, https:\/\/richeskarayib.com\/wp-content\/uploads\/2026\/04\/4-768x576.png 768w, https:\/\/richeskarayib.com\/wp-content\/uploads\/2026\/04\/4-1536x1152.png 1536w, https:\/\/richeskarayib.com\/wp-content\/uploads\/2026\/04\/4-1320x990.png 1320w, https:\/\/richeskarayib.com\/wp-content\/uploads\/2026\/04\/4.png 1920w\" sizes=\"(max-width: 800px) 100vw, 800px\" \/>\t\t\t\t\t\t\t\t\t\t\t\t\t\t\t<\/div>\n\t\t\t\t<\/div>\n\t\t\t\t\t<\/div>\n\t\t<\/div>\n\t\t\t\t\t<\/div>\n\t\t<\/section>\n\t\t\t\t\t<\/div>\n\t\t<\/div>\n\t\t\t\t\t<\/div>\n\t\t<\/section>\n\t\t\t\t<section class=\"elementor-section elementor-top-section elementor-element elementor-element-4a0e8e4 elementor-section-boxed elementor-section-height-default elementor-section-height-default\" data-id=\"4a0e8e4\" data-element_type=\"section\">\n\t\t\t\t\t\t<div class=\"elementor-container elementor-column-gap-default\">\n\t\t\t\t\t<div class=\"elementor-column elementor-col-100 elementor-top-column elementor-element elementor-element-f16bdfb\" data-id=\"f16bdfb\" data-element_type=\"column\">\n\t\t\t<div class=\"elementor-widget-wrap elementor-element-populated\">\n\t\t\t\t\t\t<div class=\"elementor-element elementor-element-33604cf elementor-widget elementor-widget-heading\" data-id=\"33604cf\" data-element_type=\"widget\" data-widget_type=\"heading.default\">\n\t\t\t\t<div class=\"elementor-widget-container\">\n\t\t\t\t\t<h2 class=\"elementor-heading-title elementor-size-default\">Laurent F\u00e9rou, una figura clave en la memoria del fuerte<\/h2>\t\t\t\t<\/div>\n\t\t\t\t<\/div>\n\t\t\t\t<div class=\"elementor-element elementor-element-06205d8 elementor-widget elementor-widget-text-editor\" data-id=\"06205d8\" data-element_type=\"widget\" data-widget_type=\"text-editor.default\">\n\t\t\t\t<div class=\"elementor-widget-container\">\n\t\t\t\t\t\t\t\t\t<p><span style=\"font-weight: 400;\">La historia del Fuerte Marfranc est\u00e1 estrechamente vinculada a Laurent F\u00e9rou, uno de los l\u00edderes de la insurgencia haitiana contra los franceses. Fue \u00e9l quien dirigi\u00f3 la construcci\u00f3n del fuerte y eligi\u00f3 su emplazamiento. Esto confiere al lugar un significado especial, ya que fue dise\u00f1ado por un actor directo de la Guerra de la Independencia, en lugar de una estructura an\u00f3nima desvinculada de sus protagonistas. Por tanto, el fuerte lleva la huella concreta de una decisi\u00f3n pol\u00edtica y militar que formaba parte de una s\u00f3lida trayectoria personal.   <\/span><\/p>\t\t\t\t\t\t\t\t<\/div>\n\t\t\t\t<\/div>\n\t\t\t\t<div class=\"elementor-element elementor-element-002ee14 elementor-widget elementor-widget-text-editor\" data-id=\"002ee14\" data-element_type=\"widget\" data-widget_type=\"text-editor.default\">\n\t\t\t\t<div class=\"elementor-widget-container\">\n\t\t\t\t\t\t\t\t\t<p><span style=\"font-weight: 400;\">La presencia de su tumba en el interior del recinto refuerza a\u00fan m\u00e1s este significado. Laurent F\u00e9rou, que naci\u00f3 en la morada Pinot de Les C\u00f4teaux y muri\u00f3 en J\u00e9r\u00e9mie en 1806, fue enterrado all\u00ed tras haber sido uno de los firmantes del Acta de Independencia. Esta dimensi\u00f3n funeraria confiere al Fuerte de Marfranc un valor memorial excepcional. El lugar se ha convertido en un puesto militar, un hito hist\u00f3rico y un lugar de memoria nacional. Esta combinaci\u00f3n sigue siendo especialmente fuerte en el paisaje patrimonial haitiano.    <\/span><\/p>\t\t\t\t\t\t\t\t<\/div>\n\t\t\t\t<\/div>\n\t\t\t\t\t<\/div>\n\t\t<\/div>\n\t\t\t\t\t<\/div>\n\t\t<\/section>\n\t\t\t\t<section class=\"elementor-section elementor-top-section elementor-element elementor-element-73744de elementor-section-boxed elementor-section-height-default elementor-section-height-default\" data-id=\"73744de\" data-element_type=\"section\">\n\t\t\t\t\t\t<div class=\"elementor-container elementor-column-gap-default\">\n\t\t\t\t\t<div class=\"elementor-column elementor-col-100 elementor-top-column elementor-element elementor-element-8f238ec\" data-id=\"8f238ec\" data-element_type=\"column\">\n\t\t\t<div class=\"elementor-widget-wrap elementor-element-populated\">\n\t\t\t\t\t\t<div class=\"elementor-element elementor-element-1a869a1 elementor-widget elementor-widget-heading\" data-id=\"1a869a1\" data-element_type=\"widget\" data-widget_type=\"heading.default\">\n\t\t\t\t<div class=\"elementor-widget-container\">\n\t\t\t\t\t<h2 class=\"elementor-heading-title elementor-size-default\">Un patrimonio en ruinas, pero su valor intacto<\/h2>\t\t\t\t<\/div>\n\t\t\t\t<\/div>\n\t\t\t\t<div class=\"elementor-element elementor-element-ed5c50c elementor-widget elementor-widget-text-editor\" data-id=\"ed5c50c\" data-element_type=\"widget\" data-widget_type=\"text-editor.default\">\n\t\t\t\t<div class=\"elementor-widget-container\">\n\t\t\t\t\t\t\t\t\t<p><span style=\"font-weight: 400;\">Hoy en d\u00eda, el Fuerte Marfranc est\u00e1 casi totalmente destruido. Esta situaci\u00f3n limita su legibilidad sobre el terreno, debilita su transmisi\u00f3n y complica su promoci\u00f3n entre el gran p\u00fablico. Sin embargo, su ruina no disminuye en absoluto su importancia. Al contrario, subraya la urgencia patrimonial que rodea a muchos de los lugares hist\u00f3ricos de Hait\u00ed, sobre todo cuando est\u00e1n lejos de los circuitos m\u00e1s conocidos. As\u00ed que no se trata s\u00f3lo de conservar piedras; se trata de preservar una narrativa nacional localizada, precisa y profundamente arraigada en el Grand&#8217;Anse.    <\/span><\/p>\t\t\t\t\t\t\t\t<\/div>\n\t\t\t\t<\/div>\n\t\t\t\t<div class=\"elementor-element elementor-element-ca3a92a elementor-widget elementor-widget-text-editor\" data-id=\"ca3a92a\" data-element_type=\"widget\" data-widget_type=\"text-editor.default\">\n\t\t\t\t<div class=\"elementor-widget-container\">\n\t\t\t\t\t\t\t\t\t<p><span style=\"font-weight: 400;\">Desde esta perspectiva, el Fuerte Marfranc podr\u00eda desempe\u00f1ar un papel cultural y educativo mucho m\u00e1s importante. El lugar tiene potencial para contribuir a la transmisi\u00f3n de informaci\u00f3n sobre la independencia, la historia regional de J\u00e9r\u00e9mie y las formas que adopt\u00f3 la defensa del territorio a principios del siglo XIX. Tambi\u00e9n ofrece un poderoso punto de entrada para debatir las continuidades entre esclavitud, guerra, soberan\u00eda y memoria. Para un medio como Rich\u00e8sKarayib, este tipo de sitio merece una atenci\u00f3n sostenida, ya que enriquece la lectura de la historia haitiana m\u00e1s all\u00e1 de las referencias m\u00e1s citadas.   <\/span><\/p>\t\t\t\t\t\t\t\t<\/div>\n\t\t\t\t<\/div>\n\t\t\t\t<div class=\"elementor-element elementor-element-b8f4d4e elementor-widget elementor-widget-video\" data-id=\"b8f4d4e\" data-element_type=\"widget\" data-settings=\"{&quot;youtube_url&quot;:&quot;https:\\\/\\\/www.youtube.com\\\/watch?v=U3-2UCCwVmM&quot;,&quot;video_type&quot;:&quot;youtube&quot;,&quot;controls&quot;:&quot;yes&quot;}\" data-widget_type=\"video.default\">\n\t\t\t\t<div class=\"elementor-widget-container\">\n\t\t\t\t\t\t\t<div class=\"elementor-wrapper elementor-open-inline\">\n\t\t\t<div class=\"elementor-video\"><\/div>\t\t<\/div>\n\t\t\t\t\t\t<\/div>\n\t\t\t\t<\/div>\n\t\t\t\t\t<\/div>\n\t\t<\/div>\n\t\t\t\t\t<\/div>\n\t\t<\/section>\n\t\t\t\t<section class=\"elementor-section elementor-top-section elementor-element elementor-element-cd6f302 elementor-section-boxed elementor-section-height-default elementor-section-height-default\" data-id=\"cd6f302\" data-element_type=\"section\">\n\t\t\t\t\t\t<div class=\"elementor-container elementor-column-gap-default\">\n\t\t\t\t\t<div class=\"elementor-column elementor-col-100 elementor-top-column elementor-element elementor-element-3291df2\" data-id=\"3291df2\" data-element_type=\"column\">\n\t\t\t<div class=\"elementor-widget-wrap elementor-element-populated\">\n\t\t\t\t\t\t<div class=\"elementor-element elementor-element-d48250a elementor-widget elementor-widget-heading\" data-id=\"d48250a\" data-element_type=\"widget\" data-widget_type=\"heading.default\">\n\t\t\t\t<div class=\"elementor-widget-container\">\n\t\t\t\t\t<h2 class=\"elementor-heading-title elementor-size-default\">\u00bfPor qu\u00e9 merece este fuerte un lugar m\u00e1s destacado en las historias del Caribe?  <\/h2>\t\t\t\t<\/div>\n\t\t\t\t<\/div>\n\t\t\t\t<div class=\"elementor-element elementor-element-995f4f4 elementor-widget elementor-widget-text-editor\" data-id=\"995f4f4\" data-element_type=\"widget\" data-widget_type=\"text-editor.default\">\n\t\t\t\t<div class=\"elementor-widget-container\">\n\t\t\t\t\t\t\t\t\t<p><span style=\"font-weight: 400;\">En el Caribe, muchos sitios patrimoniales atraen la atenci\u00f3n por su monumentalidad, estado de conservaci\u00f3n o n\u00famero de turistas.<a href=\"https:\/\/fr.wikipedia.org\/wiki\/Fort_Marfranc\" target=\"_blank\" rel=\"noopener nofollow\"> El Fuerte Marfranc<\/a> atrae el inter\u00e9s por otra raz\u00f3n: su capacidad para mantener unidas la experiencia colonial, la ruptura revolucionaria y la memoria de un signatario de la independencia. Esta profundidad lo convierte en un lugar de gran importancia hist\u00f3rica, incluso en su estado actual. Muestra un Hait\u00ed que se defendi\u00f3, se organiz\u00f3 y cont\u00f3 su historia a trav\u00e9s de lugares cargados de significado.  <\/span><\/p>\t\t\t\t\t\t\t\t<\/div>\n\t\t\t\t<\/div>\n\t\t\t\t<div class=\"elementor-element elementor-element-e91f83c elementor-widget elementor-widget-text-editor\" data-id=\"e91f83c\" data-element_type=\"widget\" data-widget_type=\"text-editor.default\">\n\t\t\t\t<div class=\"elementor-widget-container\">\n\t\t\t\t\t\t\t\t\t<p><span style=\"font-weight: 400;\">El Fuerte Marfranc merece ser considerado un hito patrimonial de primer orden en Grand&#8217;Anse. Su relieve, su historia, su v\u00ednculo con Laurent F\u00e9rou y el poder simb\u00f3lico de su emplazamiento lo convierten en un lugar de memoria de rara densidad. Para el lector ne\u00f3fito, ofrece una visi\u00f3n clara de lo que estaba en juego en los primeros a\u00f1os de la independencia. Para el lector experto, sirve como recordatorio de que los lugares menos conocidos siguen siendo esenciales para comprender plenamente la historia haitiana y caribe\u00f1a.     <\/span><\/p>\t\t\t\t\t\t\t\t<\/div>\n\t\t\t\t<\/div>\n\t\t\t\t\t<\/div>\n\t\t<\/div>\n\t\t\t\t\t<\/div>\n\t\t<\/section>\n\t\t\t\t<section class=\"elementor-section elementor-top-section elementor-element elementor-element-f5709a6 elementor-section-boxed elementor-section-height-default elementor-section-height-default\" data-id=\"f5709a6\" data-element_type=\"section\">\n\t\t\t\t\t\t<div class=\"elementor-container elementor-column-gap-default\">\n\t\t\t\t\t<div class=\"elementor-column elementor-col-100 elementor-top-column elementor-element elementor-element-957be6f\" data-id=\"957be6f\" data-element_type=\"column\">\n\t\t\t<div class=\"elementor-widget-wrap elementor-element-populated\">\n\t\t\t\t\t\t<div class=\"elementor-element elementor-element-63e5d4a elementor-widget elementor-widget-accordion\" data-id=\"63e5d4a\" data-element_type=\"widget\" data-widget_type=\"accordion.default\">\n\t\t\t\t<div class=\"elementor-widget-container\">\n\t\t\t\t\t\t\t<div class=\"elementor-accordion\">\n\t\t\t\t\t\t\t<div class=\"elementor-accordion-item\">\n\t\t\t\t\t<div id=\"elementor-tab-title-1041\" class=\"elementor-tab-title\" data-tab=\"1\" role=\"button\" aria-controls=\"elementor-tab-content-1041\" aria-expanded=\"false\">\n\t\t\t\t\t\t\t\t\t\t\t\t\t<span class=\"elementor-accordion-icon elementor-accordion-icon-left\" aria-hidden=\"true\">\n\t\t\t\t\t\t\t\t\t\t\t\t\t\t\t<span class=\"elementor-accordion-icon-closed\"><i class=\"fas fa-plus\"><\/i><\/span>\n\t\t\t\t\t\t\t\t<span class=\"elementor-accordion-icon-opened\"><i class=\"fas fa-minus\"><\/i><\/span>\n\t\t\t\t\t\t\t\t\t\t\t\t\t\t<\/span>\n\t\t\t\t\t\t\t\t\t\t\t\t<a class=\"elementor-accordion-title\" tabindex=\"0\">\u00bfPor qu\u00e9 el Fuerte Marfranc es un sitio patrimonial tan especial?<\/a>\n\t\t\t\t\t<\/div>\n\t\t\t\t\t<div id=\"elementor-tab-content-1041\" class=\"elementor-tab-content elementor-clearfix\" data-tab=\"1\" role=\"region\" aria-labelledby=\"elementor-tab-title-1041\"><p><span style=\"font-weight: 400;\">Porque combina varias dimensiones que raramente se encuentran en el mismo lugar: una funci\u00f3n militar vinculada a la defensa de la independencia, una ubicaci\u00f3n en un antiguo emplazamiento colonial y la presencia de la tumba de Laurent F\u00e9rou, el firmante del Acta de Independencia. Esta combinaci\u00f3n le confiere un significado hist\u00f3rico y simb\u00f3lico muy fuerte en la Grand&#8217;Anse. <\/span><\/p>\n<\/div>\n\t\t\t\t<\/div>\n\t\t\t\t\t\t\t<div class=\"elementor-accordion-item\">\n\t\t\t\t\t<div id=\"elementor-tab-title-1042\" class=\"elementor-tab-title\" data-tab=\"2\" role=\"button\" aria-controls=\"elementor-tab-content-1042\" aria-expanded=\"false\">\n\t\t\t\t\t\t\t\t\t\t\t\t\t<span class=\"elementor-accordion-icon elementor-accordion-icon-left\" aria-hidden=\"true\">\n\t\t\t\t\t\t\t\t\t\t\t\t\t\t\t<span class=\"elementor-accordion-icon-closed\"><i class=\"fas fa-plus\"><\/i><\/span>\n\t\t\t\t\t\t\t\t<span class=\"elementor-accordion-icon-opened\"><i class=\"fas fa-minus\"><\/i><\/span>\n\t\t\t\t\t\t\t\t\t\t\t\t\t\t<\/span>\n\t\t\t\t\t\t\t\t\t\t\t\t<a class=\"elementor-accordion-title\" tabindex=\"0\">\u00bfQu\u00e9 papel desempe\u00f1\u00f3 Laurent F\u00e9rou en la historia del fuerte?<\/a>\n\t\t\t\t\t<\/div>\n\t\t\t\t\t<div id=\"elementor-tab-content-1042\" class=\"elementor-tab-content elementor-clearfix\" data-tab=\"2\" role=\"region\" aria-labelledby=\"elementor-tab-title-1042\"><p><span style=\"font-weight: 400;\">Laurent F\u00e9rou dirigi\u00f3 la construcci\u00f3n del fuerte y eligi\u00f3 su emplazamiento. Su nombre confiere al lugar una profundidad especial, ya que fue un actor clave en la lucha por la independencia. El hecho de que est\u00e9 enterrado entre los muros del fuerte realza a\u00fan m\u00e1s el valor conmemorativo del lugar, convirti\u00e9ndolo en un hito importante de la historia pol\u00edtica haitiana.  <\/span><\/p>\n<\/div>\n\t\t\t\t<\/div>\n\t\t\t\t\t\t\t<div class=\"elementor-accordion-item\">\n\t\t\t\t\t<div id=\"elementor-tab-title-1043\" class=\"elementor-tab-title\" data-tab=\"3\" role=\"button\" aria-controls=\"elementor-tab-content-1043\" aria-expanded=\"false\">\n\t\t\t\t\t\t\t\t\t\t\t\t\t<span class=\"elementor-accordion-icon elementor-accordion-icon-left\" aria-hidden=\"true\">\n\t\t\t\t\t\t\t\t\t\t\t\t\t\t\t<span class=\"elementor-accordion-icon-closed\"><i class=\"fas fa-plus\"><\/i><\/span>\n\t\t\t\t\t\t\t\t<span class=\"elementor-accordion-icon-opened\"><i class=\"fas fa-minus\"><\/i><\/span>\n\t\t\t\t\t\t\t\t\t\t\t\t\t\t<\/span>\n\t\t\t\t\t\t\t\t\t\t\t\t<a class=\"elementor-accordion-title\" tabindex=\"0\">\u00bfQu\u00e9 queda hoy del Fuerte Marfranc?<\/a>\n\t\t\t\t\t<\/div>\n\t\t\t\t\t<div id=\"elementor-tab-content-1043\" class=\"elementor-tab-content elementor-clearfix\" data-tab=\"3\" role=\"region\" aria-labelledby=\"elementor-tab-title-1043\"><p><span style=\"font-weight: 400;\">En la actualidad, el fuerte est\u00e1 casi completamente destruido. A pesar de este estado de deterioro, su valor hist\u00f3rico sigue siendo considerable. El lugar conserva toda su importancia para comprender la estrategia defensiva adoptada despu\u00e9s de 1804, la memoria local del Grand&#8217;Anse y la forma en que ciertos lugares siguen concentrando, por s\u00ed solos, una gran parte de la experiencia hist\u00f3rica haitiana.    <\/span><\/p>\n<\/div>\n\t\t\t\t<\/div>\n\t\t\t\t\t\t\t\t<\/div>\n\t\t\t\t\t\t<\/div>\n\t\t\t\t<\/div>\n\t\t\t\t\t<\/div>\n\t\t<\/div>\n\t\t\t\t\t<\/div>\n\t\t<\/section>\n\t\t\t\t<\/div>\n\t\t","protected":false},"excerpt":{"rendered":"<p>El Fuerte Marfranc representa por s\u00ed solo varios estratos importantes de la historia haitiana: la defensa del joven Estado despu\u00e9s de 1804, la memoria de la lucha contra el orden colonial y la presencia, entre sus muros, de la tumba de Laurent F\u00e9rou, firmante del Acta de Independencia. Pocos lugares combinan con tanta intensidad las [&hellip;]<\/p>\n","protected":false},"author":662,"featured_media":72827,"comment_status":"open","ping_status":"open","sticky":false,"template":"","format":"standard","meta":{"_acf_changed":false,"footnotes":""},"categories":[1469,1734],"tags":[810],"class_list":["post-72841","post","type-post","status-publish","format-standard","has-post-thumbnail","hentry","category-historia-patrimonio","category-turismo","tag-haiti-es-2"],"acf":[],"_links":{"self":[{"href":"https:\/\/richeskarayib.com\/es\/wp-json\/wp\/v2\/posts\/72841","targetHints":{"allow":["GET"]}}],"collection":[{"href":"https:\/\/richeskarayib.com\/es\/wp-json\/wp\/v2\/posts"}],"about":[{"href":"https:\/\/richeskarayib.com\/es\/wp-json\/wp\/v2\/types\/post"}],"author":[{"embeddable":true,"href":"https:\/\/richeskarayib.com\/es\/wp-json\/wp\/v2\/users\/662"}],"replies":[{"embeddable":true,"href":"https:\/\/richeskarayib.com\/es\/wp-json\/wp\/v2\/comments?post=72841"}],"version-history":[{"count":0,"href":"https:\/\/richeskarayib.com\/es\/wp-json\/wp\/v2\/posts\/72841\/revisions"}],"wp:featuredmedia":[{"embeddable":true,"href":"https:\/\/richeskarayib.com\/es\/wp-json\/wp\/v2\/media\/72827"}],"wp:attachment":[{"href":"https:\/\/richeskarayib.com\/es\/wp-json\/wp\/v2\/media?parent=72841"}],"wp:term":[{"taxonomy":"category","embeddable":true,"href":"https:\/\/richeskarayib.com\/es\/wp-json\/wp\/v2\/categories?post=72841"},{"taxonomy":"post_tag","embeddable":true,"href":"https:\/\/richeskarayib.com\/es\/wp-json\/wp\/v2\/tags?post=72841"}],"curies":[{"name":"wp","href":"https:\/\/api.w.org\/{rel}","templated":true}]}}