{"id":72958,"date":"2026-04-24T08:19:23","date_gmt":"2026-04-24T12:19:23","guid":{"rendered":"https:\/\/richeskarayib.com\/la-temporada-de-cruceros-2025-2026-en-martinica-unos-resultados-solidos-para-la-industria-turistica-de-la-isla\/"},"modified":"2026-04-24T08:20:04","modified_gmt":"2026-04-24T12:20:04","slug":"la-temporada-de-cruceros-2025-2026-en-martinica-unos-resultados-solidos-para-la-industria-turistica-de-la-isla","status":"publish","type":"post","link":"https:\/\/richeskarayib.com\/es\/la-temporada-de-cruceros-2025-2026-en-martinica-unos-resultados-solidos-para-la-industria-turistica-de-la-isla\/","title":{"rendered":"La temporada de cruceros 2025-2026 en Martinica: unos resultados s\u00f3lidos para la industria tur\u00edstica de la isla"},"content":{"rendered":"\t\t<div data-elementor-type=\"wp-post\" data-elementor-id=\"72958\" class=\"elementor elementor-72958 elementor-72936\" data-elementor-post-type=\"post\">\n\t\t\t\t\t\t<section class=\"elementor-section elementor-top-section elementor-element elementor-element-7ca7ca1 elementor-section-boxed elementor-section-height-default elementor-section-height-default\" data-id=\"7ca7ca1\" data-element_type=\"section\">\n\t\t\t\t\t\t<div class=\"elementor-container elementor-column-gap-default\">\n\t\t\t\t\t<div class=\"elementor-column elementor-col-100 elementor-top-column elementor-element elementor-element-cbdd002\" data-id=\"cbdd002\" data-element_type=\"column\">\n\t\t\t<div class=\"elementor-widget-wrap elementor-element-populated\">\n\t\t\t\t\t\t<section class=\"elementor-section elementor-inner-section elementor-element elementor-element-bc94849 elementor-section-boxed elementor-section-height-default elementor-section-height-default\" data-id=\"bc94849\" data-element_type=\"section\">\n\t\t\t\t\t\t<div class=\"elementor-container elementor-column-gap-default\">\n\t\t\t\t\t\t<\/div>\n\t\t<\/section>\n\t\t\t\t<section class=\"elementor-section elementor-inner-section elementor-element elementor-element-61571e6 elementor-section-boxed elementor-section-height-default elementor-section-height-default\" data-id=\"61571e6\" data-element_type=\"section\">\n\t\t\t\t\t\t<div class=\"elementor-container elementor-column-gap-default\">\n\t\t\t\t\t\t<\/div>\n\t\t<\/section>\n\t\t\t\t<section class=\"elementor-section elementor-inner-section elementor-element elementor-element-b6262e0 elementor-section-boxed elementor-section-height-default elementor-section-height-default\" data-id=\"b6262e0\" data-element_type=\"section\">\n\t\t\t\t\t\t<div class=\"elementor-container elementor-column-gap-default\">\n\t\t\t\t\t\t<\/div>\n\t\t<\/section>\n\t\t\t\t<section class=\"elementor-section elementor-inner-section elementor-element elementor-element-cca29fd elementor-section-boxed elementor-section-height-default elementor-section-height-default\" data-id=\"cca29fd\" data-element_type=\"section\">\n\t\t\t\t\t\t<div class=\"elementor-container elementor-column-gap-default\">\n\t\t\t\t\t\t<\/div>\n\t\t<\/section>\n\t\t\t\t\t<\/div>\n\t\t<\/div>\n\t\t\t\t\t<\/div>\n\t\t<\/section>\n\t\t\t\t<section class=\"elementor-section elementor-top-section elementor-element elementor-element-ee72354 elementor-section-boxed elementor-section-height-default elementor-section-height-default\" data-id=\"ee72354\" data-element_type=\"section\">\n\t\t\t\t\t\t<div class=\"elementor-container elementor-column-gap-default\">\n\t\t\t\t\t<div class=\"elementor-column elementor-col-100 elementor-top-column elementor-element elementor-element-c59d6fe\" data-id=\"c59d6fe\" data-element_type=\"column\">\n\t\t\t<div class=\"elementor-widget-wrap elementor-element-populated\">\n\t\t\t\t\t\t<div class=\"elementor-element elementor-element-661ebea elementor-widget elementor-widget-text-editor\" data-id=\"661ebea\" data-element_type=\"widget\" data-widget_type=\"text-editor.default\">\n\t\t\t\t<div class=\"elementor-widget-container\">\n\t\t\t\t\t\t\t\t\t<p><span style=\"font-weight: 400;\">La temporada de cruceros 2025-2026 en Martinica ha terminado con una nota alta, con 568.348 pasajeros anunciados y un claro aumento de las cifras en comparaci\u00f3n con la temporada anterior. En una zona donde el turismo depende tanto de la acogida que se recibe como de la calidad de las experiencias ofrecidas en tierra, estos resultados reflejan una mayor presencia del destino en los itinerarios caribe\u00f1os. Tambi\u00e9n demuestran que Fort-de-France, Saint-Pierre y los agentes locales se mueven en la misma direcci\u00f3n: ofrecer una mejor acogida, una mejor orientaci\u00f3n y una mejor promoci\u00f3n del patrimonio de Martinica.  <\/span><\/p>\t\t\t\t\t\t\t\t<\/div>\n\t\t\t\t<\/div>\n\t\t\t\t\t<\/div>\n\t\t<\/div>\n\t\t\t\t\t<\/div>\n\t\t<\/section>\n\t\t\t\t<section class=\"elementor-section elementor-top-section elementor-element elementor-element-82cd8f9 elementor-section-boxed elementor-section-height-default elementor-section-height-default\" data-id=\"82cd8f9\" data-element_type=\"section\">\n\t\t\t\t\t\t<div class=\"elementor-container elementor-column-gap-default\">\n\t\t\t\t\t<div class=\"elementor-column elementor-col-100 elementor-top-column elementor-element elementor-element-0bfdc38\" data-id=\"0bfdc38\" data-element_type=\"column\">\n\t\t\t<div class=\"elementor-widget-wrap elementor-element-populated\">\n\t\t\t\t\t\t<div class=\"elementor-element elementor-element-7d292fe elementor-widget elementor-widget-heading\" data-id=\"7d292fe\" data-element_type=\"widget\" data-widget_type=\"heading.default\">\n\t\t\t\t<div class=\"elementor-widget-container\">\n\t\t\t\t\t<h2 class=\"elementor-heading-title elementor-size-default\">Dos \u00faltimas y esperadas escalas en Fort-de-France<\/h2>\t\t\t\t<\/div>\n\t\t\t\t<\/div>\n\t\t\t\t<section class=\"elementor-section elementor-inner-section elementor-element elementor-element-da8459c elementor-section-boxed elementor-section-height-default elementor-section-height-default\" data-id=\"da8459c\" data-element_type=\"section\">\n\t\t\t\t\t\t<div class=\"elementor-container elementor-column-gap-default\">\n\t\t\t\t\t<div class=\"elementor-column elementor-col-100 elementor-inner-column elementor-element elementor-element-45b856b\" data-id=\"45b856b\" data-element_type=\"column\">\n\t\t\t<div class=\"elementor-widget-wrap elementor-element-populated\">\n\t\t\t\t\t\t<div class=\"elementor-element elementor-element-289b094 elementor-widget elementor-widget-text-editor\" data-id=\"289b094\" data-element_type=\"widget\" data-widget_type=\"text-editor.default\">\n\t\t\t\t<div class=\"elementor-widget-container\">\n\t\t\t\t\t\t\t\t\t<p><span style=\"font-weight: 400;\">La temporada de cruceros 2025-2026 se cerrar\u00e1 el viernes 24 de abril de 2026 con dos escalas en Fort-de-France. Est\u00e1 previsto que el barco de RCCL haga escala en la terminal de Tourelles con unos 2.000 pasajeros, mientras que el Caribbean Princess de Princess Cruises har\u00e1 escala en la terminal de Pointe Simon con unos 3.500 pasajeros. Se espera que la mayor\u00eda de los cruceristas sean estadounidenses, entre las 7.00 y las 18.00 horas.  <\/span><\/p><p><span style=\"font-weight: 400;\">Este \u00faltimo d\u00eda tambi\u00e9n tiene que ver con los v\u00ednculos culturales. Una clase del instituto Alexandre Stellio de Anses-d&#8217;Arlet dar\u00e1 la bienvenida a los pasajeros del Grand Port des Tourelles con espect\u00e1culos de danza tradicional. Los alumnos tambi\u00e9n tendr\u00e1n la oportunidad de visitar el barco con miembros de la tripulaci\u00f3n. La escala se convierte as\u00ed en un momento de intercambio: los visitantes se encuentran con una cultura viva, mientras que los j\u00f3venes martiniqu\u00e9s acceden a un mundo profesional que a menudo est\u00e1 muy alejado de su vida cotidiana.   <\/span><\/p>\t\t\t\t\t\t\t\t<\/div>\n\t\t\t\t<\/div>\n\t\t\t\t<div class=\"elementor-element elementor-element-89ced28 elementor-widget elementor-widget-image\" data-id=\"89ced28\" data-element_type=\"widget\" data-widget_type=\"image.default\">\n\t\t\t\t<div class=\"elementor-widget-container\">\n\t\t\t\t\t\t\t\t\t\t\t\t<figure class=\"wp-caption\">\n\t\t\t\t\t\t\t\t\t\t<img fetchpriority=\"high\" decoding=\"async\" width=\"788\" height=\"435\" src=\"https:\/\/richeskarayib.com\/wp-content\/uploads\/2026\/04\/2ebce9e1-882c-42b8-8a04-86b9fa1a2ddf.jpg\" class=\"attachment-large size-large wp-image-72944\" alt=\"saison de croisi\u00e8re 2025-2026\" srcset=\"https:\/\/richeskarayib.com\/wp-content\/uploads\/2026\/04\/2ebce9e1-882c-42b8-8a04-86b9fa1a2ddf.jpg 788w, https:\/\/richeskarayib.com\/wp-content\/uploads\/2026\/04\/2ebce9e1-882c-42b8-8a04-86b9fa1a2ddf-300x166.jpg 300w, https:\/\/richeskarayib.com\/wp-content\/uploads\/2026\/04\/2ebce9e1-882c-42b8-8a04-86b9fa1a2ddf-768x424.jpg 768w\" sizes=\"(max-width: 788px) 100vw, 788px\" \/>\t\t\t\t\t\t\t\t\t\t\t<figcaption class=\"widget-image-caption wp-caption-text\">\u00a9CMT<\/figcaption>\n\t\t\t\t\t\t\t\t\t\t<\/figure>\n\t\t\t\t\t\t\t\t\t<\/div>\n\t\t\t\t<\/div>\n\t\t\t\t\t<\/div>\n\t\t<\/div>\n\t\t\t\t\t<\/div>\n\t\t<\/section>\n\t\t\t\t<section class=\"elementor-section elementor-inner-section elementor-element elementor-element-c582330 elementor-section-boxed elementor-section-height-default elementor-section-height-default\" data-id=\"c582330\" data-element_type=\"section\">\n\t\t\t\t\t\t<div class=\"elementor-container elementor-column-gap-default\">\n\t\t\t\t\t\t<\/div>\n\t\t<\/section>\n\t\t\t\t<section class=\"elementor-section elementor-inner-section elementor-element elementor-element-296603a elementor-section-boxed elementor-section-height-default elementor-section-height-default\" data-id=\"296603a\" data-element_type=\"section\">\n\t\t\t\t\t\t<div class=\"elementor-container elementor-column-gap-default\">\n\t\t\t\t\t\t<\/div>\n\t\t<\/section>\n\t\t\t\t\t<\/div>\n\t\t<\/div>\n\t\t\t\t\t<\/div>\n\t\t<\/section>\n\t\t\t\t<section class=\"elementor-section elementor-top-section elementor-element elementor-element-9c88a89 elementor-section-boxed elementor-section-height-default elementor-section-height-default\" data-id=\"9c88a89\" data-element_type=\"section\">\n\t\t\t\t\t\t<div class=\"elementor-container elementor-column-gap-default\">\n\t\t\t\t\t<div class=\"elementor-column elementor-col-100 elementor-top-column elementor-element elementor-element-78cf5d1\" data-id=\"78cf5d1\" data-element_type=\"column\">\n\t\t\t<div class=\"elementor-widget-wrap elementor-element-populated\">\n\t\t\t\t\t\t<div class=\"elementor-element elementor-element-ea2a5c1 elementor-widget elementor-widget-heading\" data-id=\"ea2a5c1\" data-element_type=\"widget\" data-widget_type=\"heading.default\">\n\t\t\t\t<div class=\"elementor-widget-container\">\n\t\t\t\t\t<h2 class=\"elementor-heading-title elementor-size-default\">Aumento del n\u00famero de visitantes y fortalecimiento del papel econ\u00f3mico<\/h2>\t\t\t\t<\/div>\n\t\t\t\t<\/div>\n\t\t\t\t<div class=\"elementor-element elementor-element-e305eee elementor-widget elementor-widget-text-editor\" data-id=\"e305eee\" data-element_type=\"widget\" data-widget_type=\"text-editor.default\">\n\t\t\t\t<div class=\"elementor-widget-container\">\n\t\t\t\t\t\t\t\t\t<p><span style=\"font-weight: 400;\">Las cifras presentadas el 1 de abril de 2026 muestran 234 escalas entre octubre de 2025 y marzo de 2026, frente a 208 durante la temporada 2024-2025. El tr\u00e1fico acumulado alcanz\u00f3 los 568.348 pasajeros, frente a los 469.432 de la temporada anterior. Este aumento sit\u00faa la temporada de cruceros 2025-2026 en una fase de consolidaci\u00f3n, con mayores vol\u00famenes y una mayor capacidad para atraer clientes de varias zonas geogr\u00e1ficas.  <\/span><\/p><p><span style=\"font-weight: 400;\">La actividad de las cabeceras de l\u00ednea represent\u00f3 151.615 pasajeros durante la temporada. Este punto merece atenci\u00f3n, ya que el 59,7% de los pasajeros en cuesti\u00f3n son martiniqueses. Por tanto, la temporada de cruceros 2025-2026 funciona tambi\u00e9n como puerta de entrada para la poblaci\u00f3n local, m\u00e1s all\u00e1 de la mera recepci\u00f3n de visitantes extranjeros. Esta realidad refuerza el papel del puerto, las agencias, los servicios de transporte y los profesionales de la hosteler\u00eda.   <\/span><\/p>\t\t\t\t\t\t\t\t<\/div>\n\t\t\t\t<\/div>\n\t\t\t\t<div class=\"elementor-element elementor-element-5b290a4 elementor-widget elementor-widget-text-editor\" data-id=\"5b290a4\" data-element_type=\"widget\" data-widget_type=\"text-editor.default\">\n\t\t\t\t<div class=\"elementor-widget-container\">\n\t\t\t\t\t\t\t\t\t<p><span style=\"font-weight: 400;\">Las excursiones vendidas a bordo son otro indicador importante. En la \u00faltima temporada se vendieron m\u00e1s de 83.000 excursiones, con una proporci\u00f3n respecto a la capacidad del barco de entre el 18% y el 24% seg\u00fan el mes. As\u00ed pues, la temporada de cruceros 2025-2026 generar\u00e1 beneficios indirectos para los lugares visitados, los gu\u00edas, los proveedores de servicios en tierra, los artesanos, los restauradores y las empresas situadas a lo largo de la ruta de los pasajeros.  <\/span><\/p>\t\t\t\t\t\t\t\t<\/div>\n\t\t\t\t<\/div>\n\t\t\t\t\t<\/div>\n\t\t<\/div>\n\t\t\t\t\t<\/div>\n\t\t<\/section>\n\t\t\t\t<section class=\"elementor-section elementor-top-section elementor-element elementor-element-4a0e8e4 elementor-section-boxed elementor-section-height-default elementor-section-height-default\" data-id=\"4a0e8e4\" data-element_type=\"section\">\n\t\t\t\t\t\t<div class=\"elementor-container elementor-column-gap-default\">\n\t\t\t\t\t<div class=\"elementor-column elementor-col-100 elementor-top-column elementor-element elementor-element-f16bdfb\" data-id=\"f16bdfb\" data-element_type=\"column\">\n\t\t\t<div class=\"elementor-widget-wrap elementor-element-populated\">\n\t\t\t\t\t\t<div class=\"elementor-element elementor-element-33604cf elementor-widget elementor-widget-heading\" data-id=\"33604cf\" data-element_type=\"widget\" data-widget_type=\"heading.default\">\n\t\t\t\t<div class=\"elementor-widget-container\">\n\t\t\t\t\t<h2 class=\"elementor-heading-title elementor-size-default\">Una clientela internacional que ampl\u00eda el alcance del destino<\/h2>\t\t\t\t<\/div>\n\t\t\t\t<\/div>\n\t\t\t\t<div class=\"elementor-element elementor-element-06205d8 elementor-widget elementor-widget-text-editor\" data-id=\"06205d8\" data-element_type=\"widget\" data-widget_type=\"text-editor.default\">\n\t\t\t\t<div class=\"elementor-widget-container\">\n\t\t\t\t\t\t\t\t\t<p><span style=\"font-weight: 400;\"><a href=\"https:\/\/richeskarayib.com\/es\/adhesion-de-martinica-a-la-caricom-la-asamblea-nacional-completa-la-secuencia-francesa\/\" target=\"_blank\" rel=\"noopener\">Martinica<\/a> atrae a cruceristas de pa\u00edses muy diversos. Europa es la principal fuente de visitantes, con m\u00e1s de 200.000 cruceristas europeos, sobre todo de Francia, Alemania, Italia y Reino Unido. Estados Unidos representa m\u00e1s de 84.000 pasajeros, Canad\u00e1 casi 18.000, y tambi\u00e9n est\u00e1n Sudam\u00e9rica, el Caribe y otros mercados.  <\/span><\/p><p><span style=\"font-weight: 400;\">Esta diversidad confiere a la temporada de cruceros 2025-2026 una dimensi\u00f3n estrat\u00e9gica. Significa que el destino tiene que pensar en acoger a los visitantes en varios idiomas, adaptar la informaci\u00f3n disponible, estructurar los viajes y proponer ofertas que hablen a visitantes con expectativas diferentes. Para un destino caribe\u00f1o, esta diversidad es una ventaja si va acompa\u00f1ada de experiencias sinceras, bien organizadas y respetuosas con el lugar.  <\/span><\/p>\t\t\t\t\t\t\t\t<\/div>\n\t\t\t\t<\/div>\n\t\t\t\t<div class=\"elementor-element elementor-element-6ef74e0 elementor-widget elementor-widget-image\" data-id=\"6ef74e0\" data-element_type=\"widget\" data-widget_type=\"image.default\">\n\t\t\t\t<div class=\"elementor-widget-container\">\n\t\t\t\t\t\t\t\t\t\t\t\t<figure class=\"wp-caption\">\n\t\t\t\t\t\t\t\t\t\t<img decoding=\"async\" width=\"800\" height=\"370\" src=\"https:\/\/richeskarayib.com\/wp-content\/uploads\/2026\/04\/WhatsApp-Image-2026-04-24-at-06.50.53-1024x473.jpeg\" class=\"attachment-large size-large wp-image-72956\" alt=\"saison de croisi\u00e8re 2025-2026\" srcset=\"https:\/\/richeskarayib.com\/wp-content\/uploads\/2026\/04\/WhatsApp-Image-2026-04-24-at-06.50.53-1024x473.jpeg 1024w, https:\/\/richeskarayib.com\/wp-content\/uploads\/2026\/04\/WhatsApp-Image-2026-04-24-at-06.50.53-300x139.jpeg 300w, https:\/\/richeskarayib.com\/wp-content\/uploads\/2026\/04\/WhatsApp-Image-2026-04-24-at-06.50.53-768x355.jpeg 768w, https:\/\/richeskarayib.com\/wp-content\/uploads\/2026\/04\/WhatsApp-Image-2026-04-24-at-06.50.53-1536x709.jpeg 1536w, https:\/\/richeskarayib.com\/wp-content\/uploads\/2026\/04\/WhatsApp-Image-2026-04-24-at-06.50.53-1320x610.jpeg 1320w, https:\/\/richeskarayib.com\/wp-content\/uploads\/2026\/04\/WhatsApp-Image-2026-04-24-at-06.50.53.jpeg 1600w\" sizes=\"(max-width: 800px) 100vw, 800px\" \/>\t\t\t\t\t\t\t\t\t\t\t<figcaption class=\"widget-image-caption wp-caption-text\">\u00a9CMT<\/figcaption>\n\t\t\t\t\t\t\t\t\t\t<\/figure>\n\t\t\t\t\t\t\t\t\t<\/div>\n\t\t\t\t<\/div>\n\t\t\t\t\t<\/div>\n\t\t<\/div>\n\t\t\t\t\t<\/div>\n\t\t<\/section>\n\t\t\t\t<section class=\"elementor-section elementor-top-section elementor-element elementor-element-73744de elementor-section-boxed elementor-section-height-default elementor-section-height-default\" data-id=\"73744de\" data-element_type=\"section\">\n\t\t\t\t\t\t<div class=\"elementor-container elementor-column-gap-default\">\n\t\t\t\t\t<div class=\"elementor-column elementor-col-100 elementor-top-column elementor-element elementor-element-8f238ec\" data-id=\"8f238ec\" data-element_type=\"column\">\n\t\t\t<div class=\"elementor-widget-wrap elementor-element-populated\">\n\t\t\t\t\t\t<div class=\"elementor-element elementor-element-1a869a1 elementor-widget elementor-widget-heading\" data-id=\"1a869a1\" data-element_type=\"widget\" data-widget_type=\"heading.default\">\n\t\t\t\t<div class=\"elementor-widget-container\">\n\t\t\t\t\t<h2 class=\"elementor-heading-title elementor-size-default\">El Seatrade de Miami como bar\u00f3metro para la pr\u00f3xima temporada<\/h2>\t\t\t\t<\/div>\n\t\t\t\t<\/div>\n\t\t\t\t<div class=\"elementor-element elementor-element-ed5c50c elementor-widget elementor-widget-text-editor\" data-id=\"ed5c50c\" data-element_type=\"widget\" data-widget_type=\"text-editor.default\">\n\t\t\t\t<div class=\"elementor-widget-container\">\n\t\t\t\t\t\t\t\t\t<p><span style=\"font-weight: 400;\">Del 13 al 16 de abril de 2026, el <a href=\"https:\/\/www.martinique.org\/fr\/liens-utiles\/comite-martiniquais-du-tourisme\" target=\"_blank\" rel=\"noopener nofollow\">Comit\u00e9 Martiniquais du Tourisme<\/a>, junto con el <a href=\"https:\/\/www.martinique.port.fr\/\" target=\"_blank\" rel=\"noopener nofollow\">Grand Port Maritime de la Martinique<\/a>, agentes mar\u00edtimos, agencias receptivas y manipuladores de carga, particip\u00f3 en la feria Seatrade de Miami. Los intercambios con las compa\u00f1\u00edas de cruceros, la Organizaci\u00f3n de Turismo del Caribe, American Airlines y la Asociaci\u00f3n de Cruceros Florida-Caribe confirmaron el inter\u00e9s de los profesionales por el destino. <\/span><\/p><p><span style=\"font-weight: 400;\">Las opiniones de las l\u00edneas de cruceros oscilaron entre 7 y 8 sobre 10 en cuanto al atractivo del destino antes de la escala y la satisfacci\u00f3n de los pasajeros despu\u00e9s de la escala. Para la temporada de cruceros 2025-2026, estas valoraciones subrayan lo que ya se ha conseguido, al tiempo que nos recuerdan que la competencia caribe\u00f1a exige una mejora constante. <\/span><\/p>\t\t\t\t\t\t\t\t<\/div>\n\t\t\t\t<\/div>\n\t\t\t\t<div class=\"elementor-element elementor-element-994c354 elementor-widget elementor-widget-text-editor\" data-id=\"994c354\" data-element_type=\"widget\" data-widget_type=\"text-editor.default\">\n\t\t\t\t<div class=\"elementor-widget-container\">\n\t\t\t\t\t\t\t\t\t<p><span style=\"font-weight: 400;\">Los socios de Martinica tambi\u00e9n destacaron una serie de avances: modernizaci\u00f3n de las instalaciones de recepci\u00f3n, se\u00f1alizaci\u00f3n direccional para los minoristas, mantenimiento de los lugares emblem\u00e1ticos, formaci\u00f3n continua de los implicados, profesionalizaci\u00f3n de los servicios, digitalizaci\u00f3n de la informaci\u00f3n y comercializaci\u00f3n de productos innovadores. La temporada de cruceros 2025-2026 avanza en dos frentes: atraer l\u00edneas de cruceros y mejorar la experiencia de los pasajeros. <\/span><\/p>\t\t\t\t\t\t\t\t<\/div>\n\t\t\t\t<\/div>\n\t\t\t\t<section class=\"elementor-section elementor-inner-section elementor-element elementor-element-f9c2122 elementor-section-boxed elementor-section-height-default elementor-section-height-default\" data-id=\"f9c2122\" data-element_type=\"section\">\n\t\t\t\t\t\t<div class=\"elementor-container elementor-column-gap-default\">\n\t\t\t\t\t<div class=\"elementor-column elementor-col-50 elementor-inner-column elementor-element elementor-element-3af4038\" data-id=\"3af4038\" data-element_type=\"column\">\n\t\t\t<div class=\"elementor-widget-wrap elementor-element-populated\">\n\t\t\t\t\t\t<div class=\"elementor-element elementor-element-5dfefae elementor-widget elementor-widget-image\" data-id=\"5dfefae\" data-element_type=\"widget\" data-widget_type=\"image.default\">\n\t\t\t\t<div class=\"elementor-widget-container\">\n\t\t\t\t\t\t\t\t\t\t\t\t<figure class=\"wp-caption\">\n\t\t\t\t\t\t\t\t\t\t<img decoding=\"async\" width=\"800\" height=\"370\" src=\"https:\/\/richeskarayib.com\/wp-content\/uploads\/2026\/04\/2-1-1024x473.jpeg\" class=\"attachment-large size-large wp-image-72948\" alt=\"saison de croisi\u00e8re 2025-2026\" srcset=\"https:\/\/richeskarayib.com\/wp-content\/uploads\/2026\/04\/2-1-1024x473.jpeg 1024w, https:\/\/richeskarayib.com\/wp-content\/uploads\/2026\/04\/2-1-300x139.jpeg 300w, https:\/\/richeskarayib.com\/wp-content\/uploads\/2026\/04\/2-1-768x355.jpeg 768w, https:\/\/richeskarayib.com\/wp-content\/uploads\/2026\/04\/2-1-1536x709.jpeg 1536w, https:\/\/richeskarayib.com\/wp-content\/uploads\/2026\/04\/2-1-1320x610.jpeg 1320w, https:\/\/richeskarayib.com\/wp-content\/uploads\/2026\/04\/2-1.jpeg 1600w\" sizes=\"(max-width: 800px) 100vw, 800px\" \/>\t\t\t\t\t\t\t\t\t\t\t<figcaption class=\"widget-image-caption wp-caption-text\">\u00a9CMT<\/figcaption>\n\t\t\t\t\t\t\t\t\t\t<\/figure>\n\t\t\t\t\t\t\t\t\t<\/div>\n\t\t\t\t<\/div>\n\t\t\t\t\t<\/div>\n\t\t<\/div>\n\t\t\t\t<div class=\"elementor-column elementor-col-50 elementor-inner-column elementor-element elementor-element-796deca\" data-id=\"796deca\" data-element_type=\"column\">\n\t\t\t<div class=\"elementor-widget-wrap elementor-element-populated\">\n\t\t\t\t\t\t<div class=\"elementor-element elementor-element-b30d335 elementor-widget elementor-widget-image\" data-id=\"b30d335\" data-element_type=\"widget\" data-widget_type=\"image.default\">\n\t\t\t\t<div class=\"elementor-widget-container\">\n\t\t\t\t\t\t\t\t\t\t\t\t<figure class=\"wp-caption\">\n\t\t\t\t\t\t\t\t\t\t<img loading=\"lazy\" decoding=\"async\" width=\"800\" height=\"370\" src=\"https:\/\/richeskarayib.com\/wp-content\/uploads\/2026\/04\/5-1024x473.jpeg\" class=\"attachment-large size-large wp-image-72952\" alt=\"saison de croisi\u00e8re 2025-2026\" srcset=\"https:\/\/richeskarayib.com\/wp-content\/uploads\/2026\/04\/5-1024x473.jpeg 1024w, https:\/\/richeskarayib.com\/wp-content\/uploads\/2026\/04\/5-300x139.jpeg 300w, https:\/\/richeskarayib.com\/wp-content\/uploads\/2026\/04\/5-768x355.jpeg 768w, https:\/\/richeskarayib.com\/wp-content\/uploads\/2026\/04\/5-1536x709.jpeg 1536w, https:\/\/richeskarayib.com\/wp-content\/uploads\/2026\/04\/5-1320x610.jpeg 1320w, https:\/\/richeskarayib.com\/wp-content\/uploads\/2026\/04\/5.jpeg 1600w\" sizes=\"(max-width: 800px) 100vw, 800px\" \/>\t\t\t\t\t\t\t\t\t\t\t<figcaption class=\"widget-image-caption wp-caption-text\">\u00a9CMT<\/figcaption>\n\t\t\t\t\t\t\t\t\t\t<\/figure>\n\t\t\t\t\t\t\t\t\t<\/div>\n\t\t\t\t<\/div>\n\t\t\t\t\t<\/div>\n\t\t<\/div>\n\t\t\t\t\t<\/div>\n\t\t<\/section>\n\t\t\t\t\t<\/div>\n\t\t<\/div>\n\t\t\t\t\t<\/div>\n\t\t<\/section>\n\t\t\t\t<section class=\"elementor-section elementor-top-section elementor-element elementor-element-cd6f302 elementor-section-boxed elementor-section-height-default elementor-section-height-default\" data-id=\"cd6f302\" data-element_type=\"section\">\n\t\t\t\t\t\t<div class=\"elementor-container elementor-column-gap-default\">\n\t\t\t\t\t<div class=\"elementor-column elementor-col-100 elementor-top-column elementor-element elementor-element-3291df2\" data-id=\"3291df2\" data-element_type=\"column\">\n\t\t\t<div class=\"elementor-widget-wrap elementor-element-populated\">\n\t\t\t\t\t\t<div class=\"elementor-element elementor-element-d48250a elementor-widget elementor-widget-heading\" data-id=\"d48250a\" data-element_type=\"widget\" data-widget_type=\"heading.default\">\n\t\t\t\t<div class=\"elementor-widget-container\">\n\t\t\t\t\t<h2 class=\"elementor-heading-title elementor-size-default\">2026-2027: una temporada anunciada como excepcional<\/h2>\t\t\t\t<\/div>\n\t\t\t\t<\/div>\n\t\t\t\t<div class=\"elementor-element elementor-element-995f4f4 elementor-widget elementor-widget-text-editor\" data-id=\"995f4f4\" data-element_type=\"widget\" data-widget_type=\"text-editor.default\">\n\t\t\t\t<div class=\"elementor-widget-container\">\n\t\t\t\t\t\t\t\t\t<p><span style=\"font-weight: 400;\">Las perspectivas comunicadas para 2026-2027 dan una idea de la ambici\u00f3n de los actores locales. Se han anunciado casi 300 escalas, con la llegada de algunos buques especialmente esperados. El MSC Opera har\u00e1 escala en Fort-de-France del 20 de noviembre de 2026 al 24 de septiembre de 2027, con 32 escalas programadas. Este programa abre la posibilidad de una temporada continua durante todo el a\u00f1o, un cambio importante para el sector tur\u00edstico.   <\/span><\/p><p><span style=\"font-weight: 400;\">El MSC World Europa llegar\u00e1 a Fort-de-France el 5 de diciembre de 2026. Saint-Pierre tambi\u00e9n recibir\u00e1 al Orient Express Corinthian, un lujoso yate franc\u00e9s de 54 suites, que har\u00e1 escala en 6 puertos el 27 de octubre de 2026. La temporada de cruceros 2025-2026 entra, pues, en una fase en la que los vol\u00famenes, la calidad de los barcos y la diversificaci\u00f3n de los puertos de acogida pueden cambiar la percepci\u00f3n de la regi\u00f3n.  <\/span><\/p>\t\t\t\t\t\t\t\t<\/div>\n\t\t\t\t<\/div>\n\t\t\t\t\t<\/div>\n\t\t<\/div>\n\t\t\t\t\t<\/div>\n\t\t<\/section>\n\t\t\t\t<section class=\"elementor-section elementor-top-section elementor-element elementor-element-520ef1e elementor-section-boxed elementor-section-height-default elementor-section-height-default\" data-id=\"520ef1e\" data-element_type=\"section\">\n\t\t\t\t\t\t<div class=\"elementor-container elementor-column-gap-default\">\n\t\t\t\t\t<div class=\"elementor-column elementor-col-100 elementor-top-column elementor-element elementor-element-82df562\" data-id=\"82df562\" data-element_type=\"column\">\n\t\t\t<div class=\"elementor-widget-wrap elementor-element-populated\">\n\t\t\t\t\t\t<div class=\"elementor-element elementor-element-641bbf1 elementor-widget elementor-widget-heading\" data-id=\"641bbf1\" data-element_type=\"widget\" data-widget_type=\"heading.default\">\n\t\t\t\t<div class=\"elementor-widget-container\">\n\t\t\t\t\t<h2 class=\"elementor-heading-title elementor-size-default\">Un reto de hospitalidad, cultura y territorio<\/h2>\t\t\t\t<\/div>\n\t\t\t\t<\/div>\n\t\t\t\t<div class=\"elementor-element elementor-element-3ef9a43 elementor-widget elementor-widget-text-editor\" data-id=\"3ef9a43\" data-element_type=\"widget\" data-widget_type=\"text-editor.default\">\n\t\t\t\t<div class=\"elementor-widget-container\">\n\t\t\t\t\t\t\t\t\t<p><span style=\"font-weight: 400;\">La temporada de cruceros 2025-2026 ha salido de este periodo con un mensaje claro: la isla cuenta con bazas s\u00f3lidas, pero el valor real de esta actividad depender\u00e1 de su capacidad para transformar cada escala en una experiencia organizada y beneficiosa para la regi\u00f3n. Las cifras son favorables, las perspectivas son s\u00f3lidas, y la recepci\u00f3n cultural del 24 de abril fue un recordatorio de lo evidente: Martinica gana cuando su turismo da un lugar visible a sus habitantes, a sus j\u00f3venes y a sus lugares de recuerdo. <\/span><\/p>\t\t\t\t\t\t\t\t<\/div>\n\t\t\t\t<\/div>\n\t\t\t\t\t<\/div>\n\t\t<\/div>\n\t\t\t\t\t<\/div>\n\t\t<\/section>\n\t\t\t\t<section class=\"elementor-section elementor-top-section elementor-element elementor-element-f5709a6 elementor-section-boxed elementor-section-height-default elementor-section-height-default\" data-id=\"f5709a6\" data-element_type=\"section\">\n\t\t\t\t\t\t<div class=\"elementor-container elementor-column-gap-default\">\n\t\t\t\t\t<div class=\"elementor-column elementor-col-100 elementor-top-column elementor-element elementor-element-957be6f\" data-id=\"957be6f\" data-element_type=\"column\">\n\t\t\t<div class=\"elementor-widget-wrap elementor-element-populated\">\n\t\t\t\t\t\t<div class=\"elementor-element elementor-element-63e5d4a elementor-widget elementor-widget-accordion\" data-id=\"63e5d4a\" data-element_type=\"widget\" data-widget_type=\"accordion.default\">\n\t\t\t\t<div class=\"elementor-widget-container\">\n\t\t\t\t\t\t\t<div class=\"elementor-accordion\">\n\t\t\t\t\t\t\t<div class=\"elementor-accordion-item\">\n\t\t\t\t\t<div id=\"elementor-tab-title-1041\" class=\"elementor-tab-title\" data-tab=\"1\" role=\"button\" aria-controls=\"elementor-tab-content-1041\" aria-expanded=\"false\">\n\t\t\t\t\t\t\t\t\t\t\t\t\t<span class=\"elementor-accordion-icon elementor-accordion-icon-left\" aria-hidden=\"true\">\n\t\t\t\t\t\t\t\t\t\t\t\t\t\t\t<span class=\"elementor-accordion-icon-closed\"><i class=\"fas fa-plus\"><\/i><\/span>\n\t\t\t\t\t\t\t\t<span class=\"elementor-accordion-icon-opened\"><i class=\"fas fa-minus\"><\/i><\/span>\n\t\t\t\t\t\t\t\t\t\t\t\t\t\t<\/span>\n\t\t\t\t\t\t\t\t\t\t\t\t<a class=\"elementor-accordion-title\" tabindex=\"0\">\u00bfCu\u00e1ntos pasajeros se han anunciado para la temporada 2025-2026?<\/a>\n\t\t\t\t\t<\/div>\n\t\t\t\t\t<div id=\"elementor-tab-content-1041\" class=\"elementor-tab-content elementor-clearfix\" data-tab=\"1\" role=\"region\" aria-labelledby=\"elementor-tab-title-1041\"><p><span style=\"font-weight: 400;\">El comunicado de prensa anuncia 568.348 pasajeros para la temporada 2025-2026. Esta cifra supone un aumento significativo respecto a la temporada 2024-2025, que registr\u00f3 469.432 pasajeros. <\/span><\/p>\n<\/div>\n\t\t\t\t<\/div>\n\t\t\t\t\t\t\t<div class=\"elementor-accordion-item\">\n\t\t\t\t\t<div id=\"elementor-tab-title-1042\" class=\"elementor-tab-title\" data-tab=\"2\" role=\"button\" aria-controls=\"elementor-tab-content-1042\" aria-expanded=\"false\">\n\t\t\t\t\t\t\t\t\t\t\t\t\t<span class=\"elementor-accordion-icon elementor-accordion-icon-left\" aria-hidden=\"true\">\n\t\t\t\t\t\t\t\t\t\t\t\t\t\t\t<span class=\"elementor-accordion-icon-closed\"><i class=\"fas fa-plus\"><\/i><\/span>\n\t\t\t\t\t\t\t\t<span class=\"elementor-accordion-icon-opened\"><i class=\"fas fa-minus\"><\/i><\/span>\n\t\t\t\t\t\t\t\t\t\t\t\t\t\t<\/span>\n\t\t\t\t\t\t\t\t\t\t\t\t<a class=\"elementor-accordion-title\" tabindex=\"0\">\u00bfCu\u00e1les son las \u00faltimas escalas previstas para esta temporada?<\/a>\n\t\t\t\t\t<\/div>\n\t\t\t\t\t<div id=\"elementor-tab-content-1042\" class=\"elementor-tab-content elementor-clearfix\" data-tab=\"2\" role=\"region\" aria-labelledby=\"elementor-tab-title-1042\"><p><span style=\"font-weight: 400;\">Las dos \u00faltimas escalas est\u00e1n previstas para el viernes 24 de abril de 2026 en Fort-de-France. Est\u00e1 previsto que el barco de RCCL haga escala en la terminal de Tourelles con unos 2.000 pasajeros, mientras que el Caribbean Princess de Princess Cruises atracar\u00e1 en la terminal de Pointe Simon con unos 3.500 pasajeros. <\/span><\/p>\n<\/div>\n\t\t\t\t<\/div>\n\t\t\t\t\t\t\t<div class=\"elementor-accordion-item\">\n\t\t\t\t\t<div id=\"elementor-tab-title-1043\" class=\"elementor-tab-title\" data-tab=\"3\" role=\"button\" aria-controls=\"elementor-tab-content-1043\" aria-expanded=\"false\">\n\t\t\t\t\t\t\t\t\t\t\t\t\t<span class=\"elementor-accordion-icon elementor-accordion-icon-left\" aria-hidden=\"true\">\n\t\t\t\t\t\t\t\t\t\t\t\t\t\t\t<span class=\"elementor-accordion-icon-closed\"><i class=\"fas fa-plus\"><\/i><\/span>\n\t\t\t\t\t\t\t\t<span class=\"elementor-accordion-icon-opened\"><i class=\"fas fa-minus\"><\/i><\/span>\n\t\t\t\t\t\t\t\t\t\t\t\t\t\t<\/span>\n\t\t\t\t\t\t\t\t\t\t\t\t<a class=\"elementor-accordion-title\" tabindex=\"0\">\u00bfCu\u00e1les son las perspectivas para 2026-2027?<\/a>\n\t\t\t\t\t<\/div>\n\t\t\t\t\t<div id=\"elementor-tab-content-1043\" class=\"elementor-tab-content elementor-clearfix\" data-tab=\"3\" role=\"region\" aria-labelledby=\"elementor-tab-title-1043\"><p><span style=\"font-weight: 400;\">La pr\u00f3xima temporada contar\u00e1 con casi 300 escalas. Destacan las 32 escalas previstas por el MSC Opera entre noviembre de 2026 y septiembre de 2027, la llegada del MSC World Europa a Fort-de-France y las 6 escalas del Orient Express Corinthian en Saint-Pierre. <\/span><\/p>\n<\/div>\n\t\t\t\t<\/div>\n\t\t\t\t\t\t\t\t<\/div>\n\t\t\t\t\t\t<\/div>\n\t\t\t\t<\/div>\n\t\t\t\t\t<\/div>\n\t\t<\/div>\n\t\t\t\t\t<\/div>\n\t\t<\/section>\n\t\t\t\t<\/div>\n\t\t","protected":false},"excerpt":{"rendered":"<p>La temporada de cruceros 2025-2026 en Martinica ha terminado con una nota alta, con 568.348 pasajeros anunciados y un claro aumento de las cifras en comparaci\u00f3n con la temporada anterior. En una zona donde el turismo depende tanto de la acogida que se recibe como de la calidad de las experiencias ofrecidas en tierra, estos [&hellip;]<\/p>\n","protected":false},"author":662,"featured_media":72940,"comment_status":"open","ping_status":"open","sticky":false,"template":"","format":"standard","meta":{"_acf_changed":false,"footnotes":""},"categories":[1734],"tags":[816],"class_list":["post-72958","post","type-post","status-publish","format-standard","has-post-thumbnail","hentry","category-turismo","tag-martinique-es"],"acf":[],"_links":{"self":[{"href":"https:\/\/richeskarayib.com\/es\/wp-json\/wp\/v2\/posts\/72958","targetHints":{"allow":["GET"]}}],"collection":[{"href":"https:\/\/richeskarayib.com\/es\/wp-json\/wp\/v2\/posts"}],"about":[{"href":"https:\/\/richeskarayib.com\/es\/wp-json\/wp\/v2\/types\/post"}],"author":[{"embeddable":true,"href":"https:\/\/richeskarayib.com\/es\/wp-json\/wp\/v2\/users\/662"}],"replies":[{"embeddable":true,"href":"https:\/\/richeskarayib.com\/es\/wp-json\/wp\/v2\/comments?post=72958"}],"version-history":[{"count":0,"href":"https:\/\/richeskarayib.com\/es\/wp-json\/wp\/v2\/posts\/72958\/revisions"}],"wp:featuredmedia":[{"embeddable":true,"href":"https:\/\/richeskarayib.com\/es\/wp-json\/wp\/v2\/media\/72940"}],"wp:attachment":[{"href":"https:\/\/richeskarayib.com\/es\/wp-json\/wp\/v2\/media?parent=72958"}],"wp:term":[{"taxonomy":"category","embeddable":true,"href":"https:\/\/richeskarayib.com\/es\/wp-json\/wp\/v2\/categories?post=72958"},{"taxonomy":"post_tag","embeddable":true,"href":"https:\/\/richeskarayib.com\/es\/wp-json\/wp\/v2\/tags?post=72958"}],"curies":[{"name":"wp","href":"https:\/\/api.w.org\/{rel}","templated":true}]}}