{"id":73233,"date":"2026-04-30T06:52:05","date_gmt":"2026-04-30T10:52:05","guid":{"rendered":"https:\/\/richeskarayib.com\/cuba-viengsay-valdes-la-heredera-de-alicia-alonso\/"},"modified":"2026-04-30T06:52:07","modified_gmt":"2026-04-30T10:52:07","slug":"cuba-viengsay-valdes-la-heredera-de-alicia-alonso","status":"publish","type":"post","link":"https:\/\/richeskarayib.com\/es\/cuba-viengsay-valdes-la-heredera-de-alicia-alonso\/","title":{"rendered":"Cuba &#8211; Viengsay Vald\u00e9s: la heredera de Alicia Alonso"},"content":{"rendered":"\t\t<div data-elementor-type=\"wp-post\" data-elementor-id=\"73233\" class=\"elementor elementor-73233 elementor-73199\" data-elementor-post-type=\"post\">\n\t\t\t\t\t\t<section class=\"elementor-section elementor-top-section elementor-element elementor-element-7ca7ca1 elementor-section-boxed elementor-section-height-default elementor-section-height-default\" data-id=\"7ca7ca1\" data-element_type=\"section\">\n\t\t\t\t\t\t<div class=\"elementor-container elementor-column-gap-default\">\n\t\t\t\t\t<div class=\"elementor-column elementor-col-100 elementor-top-column elementor-element elementor-element-cbdd002\" data-id=\"cbdd002\" data-element_type=\"column\">\n\t\t\t<div class=\"elementor-widget-wrap elementor-element-populated\">\n\t\t\t\t\t\t<section class=\"elementor-section elementor-inner-section elementor-element elementor-element-bc94849 elementor-section-boxed elementor-section-height-default elementor-section-height-default\" data-id=\"bc94849\" data-element_type=\"section\">\n\t\t\t\t\t\t<div class=\"elementor-container elementor-column-gap-default\">\n\t\t\t\t\t\t<\/div>\n\t\t<\/section>\n\t\t\t\t<section class=\"elementor-section elementor-inner-section elementor-element elementor-element-61571e6 elementor-section-boxed elementor-section-height-default elementor-section-height-default\" data-id=\"61571e6\" data-element_type=\"section\">\n\t\t\t\t\t\t<div class=\"elementor-container elementor-column-gap-default\">\n\t\t\t\t\t\t<\/div>\n\t\t<\/section>\n\t\t\t\t<section class=\"elementor-section elementor-inner-section elementor-element elementor-element-b6262e0 elementor-section-boxed elementor-section-height-default elementor-section-height-default\" data-id=\"b6262e0\" data-element_type=\"section\">\n\t\t\t\t\t\t<div class=\"elementor-container elementor-column-gap-default\">\n\t\t\t\t\t\t<\/div>\n\t\t<\/section>\n\t\t\t\t<section class=\"elementor-section elementor-inner-section elementor-element elementor-element-cca29fd elementor-section-boxed elementor-section-height-default elementor-section-height-default\" data-id=\"cca29fd\" data-element_type=\"section\">\n\t\t\t\t\t\t<div class=\"elementor-container elementor-column-gap-default\">\n\t\t\t\t\t\t<\/div>\n\t\t<\/section>\n\t\t\t\t\t<\/div>\n\t\t<\/div>\n\t\t\t\t\t<\/div>\n\t\t<\/section>\n\t\t\t\t<section class=\"elementor-section elementor-top-section elementor-element elementor-element-ee72354 elementor-section-boxed elementor-section-height-default elementor-section-height-default\" data-id=\"ee72354\" data-element_type=\"section\">\n\t\t\t\t\t\t<div class=\"elementor-container elementor-column-gap-default\">\n\t\t\t\t\t<div class=\"elementor-column elementor-col-100 elementor-top-column elementor-element elementor-element-c59d6fe\" data-id=\"c59d6fe\" data-element_type=\"column\">\n\t\t\t<div class=\"elementor-widget-wrap elementor-element-populated\">\n\t\t\t\t\t\t<div class=\"elementor-element elementor-element-661ebea elementor-widget elementor-widget-text-editor\" data-id=\"661ebea\" data-element_type=\"widget\" data-widget_type=\"text-editor.default\">\n\t\t\t\t<div class=\"elementor-widget-container\">\n\t\t\t\t\t\t\t\t\t<p><span style=\"font-weight: 400;\">Cuando Alicia Alonso muri\u00f3 en octubre de 2019, el Ballet Nacional de Cuba, que Alicia Alonso fund\u00f3 en 1948 y dirigi\u00f3 durante siete d\u00e9cadas, qued\u00f3 hu\u00e9rfano. S\u00f3lo qued\u00f3 una persona al mando: Viengsay Vald\u00e9s. Ahora, con 49 a\u00f1os, dirige una de las compa\u00f1\u00edas de ballet m\u00e1s respetadas del mundo. Lo hace desde La Habana, una ciudad en crisis, con unos recursos que ninguna instituci\u00f3n comparable de Europa o Estados Unidos aceptar\u00eda. El reto es de otra \u00e9poca. Pero Viengsay Vald\u00e9s se mantiene firme.     <\/span><\/p>\t\t\t\t\t\t\t\t<\/div>\n\t\t\t\t<\/div>\n\t\t\t\t<div class=\"elementor-element elementor-element-c8f64fe elementor-widget elementor-widget-image\" data-id=\"c8f64fe\" data-element_type=\"widget\" data-widget_type=\"image.default\">\n\t\t\t\t<div class=\"elementor-widget-container\">\n\t\t\t\t\t\t\t\t\t\t\t\t\t\t\t<img fetchpriority=\"high\" decoding=\"async\" width=\"777\" height=\"972\" src=\"https:\/\/richeskarayib.com\/wp-content\/uploads\/2026\/04\/626421290_18085148279332576_4004769372633789139_n.jpg\" class=\"attachment-large size-large wp-image-73207\" alt=\"Viengsay Vald\u00e9s\" srcset=\"https:\/\/richeskarayib.com\/wp-content\/uploads\/2026\/04\/626421290_18085148279332576_4004769372633789139_n.jpg 777w, https:\/\/richeskarayib.com\/wp-content\/uploads\/2026\/04\/626421290_18085148279332576_4004769372633789139_n-240x300.jpg 240w, https:\/\/richeskarayib.com\/wp-content\/uploads\/2026\/04\/626421290_18085148279332576_4004769372633789139_n-768x961.jpg 768w\" sizes=\"(max-width: 777px) 100vw, 777px\" \/>\t\t\t\t\t\t\t\t\t\t\t\t\t\t\t<\/div>\n\t\t\t\t<\/div>\n\t\t\t\t\t<\/div>\n\t\t<\/div>\n\t\t\t\t\t<\/div>\n\t\t<\/section>\n\t\t\t\t<section class=\"elementor-section elementor-top-section elementor-element elementor-element-82cd8f9 elementor-section-boxed elementor-section-height-default elementor-section-height-default\" data-id=\"82cd8f9\" data-element_type=\"section\">\n\t\t\t\t\t\t<div class=\"elementor-container elementor-column-gap-default\">\n\t\t\t\t\t<div class=\"elementor-column elementor-col-100 elementor-top-column elementor-element elementor-element-0bfdc38\" data-id=\"0bfdc38\" data-element_type=\"column\">\n\t\t\t<div class=\"elementor-widget-wrap elementor-element-populated\">\n\t\t\t\t\t\t<div class=\"elementor-element elementor-element-7d292fe elementor-widget elementor-widget-heading\" data-id=\"7d292fe\" data-element_type=\"widget\" data-widget_type=\"heading.default\">\n\t\t\t\t<div class=\"elementor-widget-container\">\n\t\t\t\t\t<h2 class=\"elementor-heading-title elementor-size-default\">Exigir formaci\u00f3n cubana<\/h2>\t\t\t\t<\/div>\n\t\t\t\t<\/div>\n\t\t\t\t<section class=\"elementor-section elementor-inner-section elementor-element elementor-element-da8459c elementor-section-boxed elementor-section-height-default elementor-section-height-default\" data-id=\"da8459c\" data-element_type=\"section\">\n\t\t\t\t\t\t<div class=\"elementor-container elementor-column-gap-default\">\n\t\t\t\t\t<div class=\"elementor-column elementor-col-100 elementor-inner-column elementor-element elementor-element-45b856b\" data-id=\"45b856b\" data-element_type=\"column\">\n\t\t\t<div class=\"elementor-widget-wrap elementor-element-populated\">\n\t\t\t\t\t\t<div class=\"elementor-element elementor-element-289b094 elementor-widget elementor-widget-text-editor\" data-id=\"289b094\" data-element_type=\"widget\" data-widget_type=\"text-editor.default\">\n\t\t\t\t<div class=\"elementor-widget-container\">\n\t\t\t\t\t\t\t\t\t<p><span style=\"font-weight: 400;\">Nacida en La Habana en 1976, comenz\u00f3 a bailar a los 9 a\u00f1os en la escuela elemental de ballet Alejo Carpentier, antes de continuar su formaci\u00f3n en la Escuela Nacional de Ballet de Cuba, una de las m\u00e1s prestigiosas del mundo, gratuita y abierta a todos los ni\u00f1os cubanos mediante audici\u00f3n. All\u00ed entr\u00f3 en contacto con el mundo de Alicia Alonso, la directora de la \u00e9poca. Fue un encuentro que marcar\u00eda toda su carrera. Ingres\u00f3 en el Ballet Nacional de Cuba en 1994, a la edad de 18 a\u00f1os. Se convirti\u00f3 en bailarina principal en 1996 y en primera bailarina en 2001. Fue una carrera r\u00e1pida, incluso para los est\u00e1ndares cubanos.     <\/span><\/p>\t\t\t\t\t\t\t\t<\/div>\n\t\t\t\t<\/div>\n\t\t\t\t<div class=\"elementor-element elementor-element-f317242 elementor-widget elementor-widget-image\" data-id=\"f317242\" data-element_type=\"widget\" data-widget_type=\"image.default\">\n\t\t\t\t<div class=\"elementor-widget-container\">\n\t\t\t\t\t\t\t\t\t\t\t\t\t\t\t<img decoding=\"async\" width=\"800\" height=\"561\" src=\"https:\/\/richeskarayib.com\/wp-content\/uploads\/2026\/04\/638335972_18524921170069002_7628117585153617905_n.jpg\" class=\"attachment-large size-large wp-image-73231\" alt=\"Viengsay Vald\u00e9s\" srcset=\"https:\/\/richeskarayib.com\/wp-content\/uploads\/2026\/04\/638335972_18524921170069002_7628117585153617905_n.jpg 900w, https:\/\/richeskarayib.com\/wp-content\/uploads\/2026\/04\/638335972_18524921170069002_7628117585153617905_n-300x210.jpg 300w, https:\/\/richeskarayib.com\/wp-content\/uploads\/2026\/04\/638335972_18524921170069002_7628117585153617905_n-768x538.jpg 768w\" sizes=\"(max-width: 800px) 100vw, 800px\" \/>\t\t\t\t\t\t\t\t\t\t\t\t\t\t\t<\/div>\n\t\t\t\t<\/div>\n\t\t\t\t\t<\/div>\n\t\t<\/div>\n\t\t\t\t\t<\/div>\n\t\t<\/section>\n\t\t\t\t<section class=\"elementor-section elementor-inner-section elementor-element elementor-element-c582330 elementor-section-boxed elementor-section-height-default elementor-section-height-default\" data-id=\"c582330\" data-element_type=\"section\">\n\t\t\t\t\t\t<div class=\"elementor-container elementor-column-gap-default\">\n\t\t\t\t\t\t<\/div>\n\t\t<\/section>\n\t\t\t\t<section class=\"elementor-section elementor-inner-section elementor-element elementor-element-296603a elementor-section-boxed elementor-section-height-default elementor-section-height-default\" data-id=\"296603a\" data-element_type=\"section\">\n\t\t\t\t\t\t<div class=\"elementor-container elementor-column-gap-default\">\n\t\t\t\t\t\t<\/div>\n\t\t<\/section>\n\t\t\t\t\t<\/div>\n\t\t<\/div>\n\t\t\t\t\t<\/div>\n\t\t<\/section>\n\t\t\t\t<section class=\"elementor-section elementor-top-section elementor-element elementor-element-4a0e8e4 elementor-section-boxed elementor-section-height-default elementor-section-height-default\" data-id=\"4a0e8e4\" data-element_type=\"section\">\n\t\t\t\t\t\t<div class=\"elementor-container elementor-column-gap-default\">\n\t\t\t\t\t<div class=\"elementor-column elementor-col-100 elementor-top-column elementor-element elementor-element-f16bdfb\" data-id=\"f16bdfb\" data-element_type=\"column\">\n\t\t\t<div class=\"elementor-widget-wrap elementor-element-populated\">\n\t\t\t\t\t\t<div class=\"elementor-element elementor-element-33604cf elementor-widget elementor-widget-heading\" data-id=\"33604cf\" data-element_type=\"widget\" data-widget_type=\"heading.default\">\n\t\t\t\t<div class=\"elementor-widget-container\">\n\t\t\t\t\t<h2 class=\"elementor-heading-title elementor-size-default\">Una firma t\u00e9cnica reconocida<\/h2>\t\t\t\t<\/div>\n\t\t\t\t<\/div>\n\t\t\t\t<div class=\"elementor-element elementor-element-06205d8 elementor-widget elementor-widget-text-editor\" data-id=\"06205d8\" data-element_type=\"widget\" data-widget_type=\"text-editor.default\">\n\t\t\t\t<div class=\"elementor-widget-container\">\n\t\t\t\t\t\t\t\t\t<p><span style=\"font-weight: 400;\">Sus fouett\u00e9s se han convertido en su firma. Las ejecuta con una particular lentitud, casi suspendida, que obliga a jurados y espectadores a contener la respiraci\u00f3n. Esta t\u00e9cnica, que ha perfeccionado a lo largo de los a\u00f1os, le ha valido invitaciones para trabajar con importantes compa\u00f1\u00edas internacionales, como el Washington Ballet, el Ballet Concierto de Puerto Rico, el Joburg Ballet, el Bolshoi y el Mariinsky. Durante todo este tiempo, sigui\u00f3 siendo bailarina principal del<a href=\"https:\/\/www.facebook.com\/balletnacionaldecubaoficial\/?locale=fr_FR\" target=\"_blank\" rel=\"noopener nofollow\"> Ballet Nacional de Cuba<\/a>. A diferencia de muchos de sus contempor\u00e1neos, nunca abandon\u00f3 la isla.    <\/span><\/p>\t\t\t\t\t\t\t\t<\/div>\n\t\t\t\t<\/div>\n\t\t\t\t<section class=\"elementor-section elementor-inner-section elementor-element elementor-element-ab0b6a2 elementor-section-boxed elementor-section-height-default elementor-section-height-default\" data-id=\"ab0b6a2\" data-element_type=\"section\">\n\t\t\t\t\t\t<div class=\"elementor-container elementor-column-gap-default\">\n\t\t\t\t\t<div class=\"elementor-column elementor-col-50 elementor-inner-column elementor-element elementor-element-165918f\" data-id=\"165918f\" data-element_type=\"column\">\n\t\t\t<div class=\"elementor-widget-wrap elementor-element-populated\">\n\t\t\t\t\t\t<div class=\"elementor-element elementor-element-d7c89fc elementor-widget elementor-widget-image\" data-id=\"d7c89fc\" data-element_type=\"widget\" data-widget_type=\"image.default\">\n\t\t\t\t<div class=\"elementor-widget-container\">\n\t\t\t\t\t\t\t\t\t\t\t\t\t\t\t<img decoding=\"async\" width=\"800\" height=\"800\" src=\"https:\/\/richeskarayib.com\/wp-content\/uploads\/2026\/04\/625055179_18410851654121566_7093324768253838715_n-1024x1024.jpg\" class=\"attachment-large size-large wp-image-73211\" alt=\"Viengsay Vald\u00e9s\" srcset=\"https:\/\/richeskarayib.com\/wp-content\/uploads\/2026\/04\/625055179_18410851654121566_7093324768253838715_n-1024x1024.jpg 1024w, https:\/\/richeskarayib.com\/wp-content\/uploads\/2026\/04\/625055179_18410851654121566_7093324768253838715_n-300x300.jpg 300w, https:\/\/richeskarayib.com\/wp-content\/uploads\/2026\/04\/625055179_18410851654121566_7093324768253838715_n-150x150.jpg 150w, https:\/\/richeskarayib.com\/wp-content\/uploads\/2026\/04\/625055179_18410851654121566_7093324768253838715_n-768x768.jpg 768w, https:\/\/richeskarayib.com\/wp-content\/uploads\/2026\/04\/625055179_18410851654121566_7093324768253838715_n.jpg 1080w\" sizes=\"(max-width: 800px) 100vw, 800px\" \/>\t\t\t\t\t\t\t\t\t\t\t\t\t\t\t<\/div>\n\t\t\t\t<\/div>\n\t\t\t\t\t<\/div>\n\t\t<\/div>\n\t\t\t\t<div class=\"elementor-column elementor-col-50 elementor-inner-column elementor-element elementor-element-d933505\" data-id=\"d933505\" data-element_type=\"column\">\n\t\t\t<div class=\"elementor-widget-wrap elementor-element-populated\">\n\t\t\t\t\t\t<div class=\"elementor-element elementor-element-8805b05 elementor-widget elementor-widget-image\" data-id=\"8805b05\" data-element_type=\"widget\" data-widget_type=\"image.default\">\n\t\t\t\t<div class=\"elementor-widget-container\">\n\t\t\t\t\t\t\t\t\t\t\t\t\t\t\t<img loading=\"lazy\" decoding=\"async\" width=\"800\" height=\"800\" src=\"https:\/\/richeskarayib.com\/wp-content\/uploads\/2026\/04\/639816475_18564033136042997_6184324371252421049_n.jpg\" class=\"attachment-large size-large wp-image-73215\" alt=\"Viengsay Vald\u00e9s\" srcset=\"https:\/\/richeskarayib.com\/wp-content\/uploads\/2026\/04\/639816475_18564033136042997_6184324371252421049_n.jpg 998w, https:\/\/richeskarayib.com\/wp-content\/uploads\/2026\/04\/639816475_18564033136042997_6184324371252421049_n-300x300.jpg 300w, https:\/\/richeskarayib.com\/wp-content\/uploads\/2026\/04\/639816475_18564033136042997_6184324371252421049_n-150x150.jpg 150w, https:\/\/richeskarayib.com\/wp-content\/uploads\/2026\/04\/639816475_18564033136042997_6184324371252421049_n-768x768.jpg 768w\" sizes=\"(max-width: 800px) 100vw, 800px\" \/>\t\t\t\t\t\t\t\t\t\t\t\t\t\t\t<\/div>\n\t\t\t\t<\/div>\n\t\t\t\t\t<\/div>\n\t\t<\/div>\n\t\t\t\t\t<\/div>\n\t\t<\/section>\n\t\t\t\t\t<\/div>\n\t\t<\/div>\n\t\t\t\t\t<\/div>\n\t\t<\/section>\n\t\t\t\t<section class=\"elementor-section elementor-top-section elementor-element elementor-element-73744de elementor-section-boxed elementor-section-height-default elementor-section-height-default\" data-id=\"73744de\" data-element_type=\"section\">\n\t\t\t\t\t\t<div class=\"elementor-container elementor-column-gap-default\">\n\t\t\t\t\t<div class=\"elementor-column elementor-col-100 elementor-top-column elementor-element elementor-element-8f238ec\" data-id=\"8f238ec\" data-element_type=\"column\">\n\t\t\t<div class=\"elementor-widget-wrap elementor-element-populated\">\n\t\t\t\t\t\t<div class=\"elementor-element elementor-element-1a869a1 elementor-widget elementor-widget-heading\" data-id=\"1a869a1\" data-element_type=\"widget\" data-widget_type=\"heading.default\">\n\t\t\t\t<div class=\"elementor-widget-container\">\n\t\t\t\t\t<h2 class=\"elementor-heading-title elementor-size-default\">La lealtad tiene un precio<\/h2>\t\t\t\t<\/div>\n\t\t\t\t<\/div>\n\t\t\t\t<div class=\"elementor-element elementor-element-ed5c50c elementor-widget elementor-widget-text-editor\" data-id=\"ed5c50c\" data-element_type=\"widget\" data-widget_type=\"text-editor.default\">\n\t\t\t\t<div class=\"elementor-widget-container\">\n\t\t\t\t\t\t\t\t\t<p><span style=\"font-weight: 400;\">Esta lealtad tiene un precio. Entre 2000 y 2010, varios destacados bailarines cubanos abandonaron la isla rumbo a Miami y Europa. El Ballet Nacional de Cuba estaba sufriendo una hemorragia de talento. Viengsay Vald\u00e9s se qued\u00f3. A menudo ha explicado esta elecci\u00f3n como una forma de deuda con el sistema que la form\u00f3 gratuitamente, y como su apego a la escuela de ballet cubana.    <\/span><\/p>\t\t\t\t\t\t\t\t<\/div>\n\t\t\t\t<\/div>\n\t\t\t\t\t<\/div>\n\t\t<\/div>\n\t\t\t\t\t<\/div>\n\t\t<\/section>\n\t\t\t\t<section class=\"elementor-section elementor-top-section elementor-element elementor-element-cd6f302 elementor-section-boxed elementor-section-height-default elementor-section-height-default\" data-id=\"cd6f302\" data-element_type=\"section\">\n\t\t\t\t\t\t<div class=\"elementor-container elementor-column-gap-default\">\n\t\t\t\t\t<div class=\"elementor-column elementor-col-100 elementor-top-column elementor-element elementor-element-3291df2\" data-id=\"3291df2\" data-element_type=\"column\">\n\t\t\t<div class=\"elementor-widget-wrap elementor-element-populated\">\n\t\t\t\t\t\t<div class=\"elementor-element elementor-element-d48250a elementor-widget elementor-widget-heading\" data-id=\"d48250a\" data-element_type=\"widget\" data-widget_type=\"heading.default\">\n\t\t\t\t<div class=\"elementor-widget-container\">\n\t\t\t\t\t<h2 class=\"elementor-heading-title elementor-size-default\">Tras Alicia Alonso, una responsabilidad hist\u00f3rica<\/h2>\t\t\t\t<\/div>\n\t\t\t\t<\/div>\n\t\t\t\t<div class=\"elementor-element elementor-element-995f4f4 elementor-widget elementor-widget-text-editor\" data-id=\"995f4f4\" data-element_type=\"widget\" data-widget_type=\"text-editor.default\">\n\t\t\t\t<div class=\"elementor-widget-container\">\n\t\t\t\t\t\t\t\t\t<p><span style=\"font-weight: 400;\">En 2019, Alicia Alonso falleci\u00f3 a la edad de 98 a\u00f1os. La sucesi\u00f3n es una de las m\u00e1s delicadas en el mundo de la danza. Alicia Alonso no era s\u00f3lo una directora: era un icono pol\u00edtico, cultural y feminista. Dirigir el Ballet Nacional de Cuba despu\u00e9s de Alicia Alonso es cargar con un enorme peso simb\u00f3lico. <a href=\"https:\/\/fr.wikipedia.org\/wiki\/Viengsay_Vald%C3%A9s\" target=\"_blank\" rel=\"noopener nofollow\">Viengsay Vald\u00e9s<\/a> fue nombrada subdirectora art\u00edstica en enero de 2019, antes de ser nombrada directora general del Ballet Nacional de Cuba en enero de 2020. Asume su cargo en un contexto de grave crisis econ\u00f3mica en Cuba, agravada por la pandemia y los cortes de electricidad que afectan a la capital varias veces por semana.    <\/span><\/p>\t\t\t\t\t\t\t\t<\/div>\n\t\t\t\t<\/div>\n\t\t\t\t<section class=\"elementor-section elementor-inner-section elementor-element elementor-element-1027e24 elementor-section-boxed elementor-section-height-default elementor-section-height-default\" data-id=\"1027e24\" data-element_type=\"section\">\n\t\t\t\t\t\t<div class=\"elementor-container elementor-column-gap-default\">\n\t\t\t\t\t<div class=\"elementor-column elementor-col-100 elementor-inner-column elementor-element elementor-element-9c092a6\" data-id=\"9c092a6\" data-element_type=\"column\">\n\t\t\t<div class=\"elementor-widget-wrap elementor-element-populated\">\n\t\t\t\t\t\t<div class=\"elementor-element elementor-element-9a7e54f elementor-widget elementor-widget-image\" data-id=\"9a7e54f\" data-element_type=\"widget\" data-widget_type=\"image.default\">\n\t\t\t\t<div class=\"elementor-widget-container\">\n\t\t\t\t\t\t\t\t\t\t\t\t\t\t\t<img loading=\"lazy\" decoding=\"async\" width=\"800\" height=\"632\" src=\"https:\/\/richeskarayib.com\/wp-content\/uploads\/2026\/04\/625514456_18119536273602140_2718017213813822658_n-1024x809.jpg\" class=\"attachment-large size-large wp-image-73227\" alt=\"Viengsay Vald\u00e9s\" srcset=\"https:\/\/richeskarayib.com\/wp-content\/uploads\/2026\/04\/625514456_18119536273602140_2718017213813822658_n-1024x809.jpg 1024w, https:\/\/richeskarayib.com\/wp-content\/uploads\/2026\/04\/625514456_18119536273602140_2718017213813822658_n-300x237.jpg 300w, https:\/\/richeskarayib.com\/wp-content\/uploads\/2026\/04\/625514456_18119536273602140_2718017213813822658_n-768x607.jpg 768w, https:\/\/richeskarayib.com\/wp-content\/uploads\/2026\/04\/625514456_18119536273602140_2718017213813822658_n.jpg 1200w\" sizes=\"(max-width: 800px) 100vw, 800px\" \/>\t\t\t\t\t\t\t\t\t\t\t\t\t\t\t<\/div>\n\t\t\t\t<\/div>\n\t\t\t\t\t<\/div>\n\t\t<\/div>\n\t\t\t\t\t<\/div>\n\t\t<\/section>\n\t\t\t\t\t<\/div>\n\t\t<\/div>\n\t\t\t\t\t<\/div>\n\t\t<\/section>\n\t\t\t\t<section class=\"elementor-section elementor-top-section elementor-element elementor-element-613f9af elementor-section-boxed elementor-section-height-default elementor-section-height-default\" data-id=\"613f9af\" data-element_type=\"section\">\n\t\t\t\t\t\t<div class=\"elementor-container elementor-column-gap-default\">\n\t\t\t\t\t<div class=\"elementor-column elementor-col-100 elementor-top-column elementor-element elementor-element-3a0b597\" data-id=\"3a0b597\" data-element_type=\"column\">\n\t\t\t<div class=\"elementor-widget-wrap elementor-element-populated\">\n\t\t\t\t\t\t<div class=\"elementor-element elementor-element-65ae292 elementor-widget elementor-widget-heading\" data-id=\"65ae292\" data-element_type=\"widget\" data-widget_type=\"heading.default\">\n\t\t\t\t<div class=\"elementor-widget-container\">\n\t\t\t\t\t<h2 class=\"elementor-heading-title elementor-size-default\">Mantener la escuela cubana abriendo el repertorio<\/h2>\t\t\t\t<\/div>\n\t\t\t\t<\/div>\n\t\t\t\t<div class=\"elementor-element elementor-element-4f49764 elementor-widget elementor-widget-text-editor\" data-id=\"4f49764\" data-element_type=\"widget\" data-widget_type=\"text-editor.default\">\n\t\t\t\t<div class=\"elementor-widget-container\">\n\t\t\t\t\t\t\t\t\t<p><span style=\"font-weight: 400;\">\u00bfSu estrategia? Mantener la excelencia t\u00e9cnica cubana -la famosa &#8220;escuela cubana de ballet&#8221;-, abri\u00e9ndose al mismo tiempo a nuevos repertorios. Encarga coreograf\u00edas a j\u00f3venes autores latinoamericanos. Invita a bailarines extranjeros a realizar residencias. Restablece progresivamente las colaboraciones internacionales. El Festival Internacional de Ballet de La Habana Alicia Alonso, evento emblem\u00e1tico fundado en 1960, deber\u00eda celebrar su 29\u00aa edici\u00f3n en oto\u00f1o de 2026 bajo su direcci\u00f3n, si se mantiene el calendario anunciado. Ser\u00e1 su gran prueba de p\u00fablico.      <\/span><\/p>\t\t\t\t\t\t\t\t<\/div>\n\t\t\t\t<\/div>\n\t\t\t\t<div class=\"elementor-element elementor-element-1ac24de elementor-widget elementor-widget-image\" data-id=\"1ac24de\" data-element_type=\"widget\" data-widget_type=\"image.default\">\n\t\t\t\t<div class=\"elementor-widget-container\">\n\t\t\t\t\t\t\t\t\t\t\t\t\t\t\t<img loading=\"lazy\" decoding=\"async\" width=\"800\" height=\"800\" src=\"https:\/\/richeskarayib.com\/wp-content\/uploads\/2026\/04\/655348716_18334333078171737_8855237314662509734_n-1024x1024.jpg\" class=\"attachment-large size-large wp-image-73223\" alt=\"Viengsay Vald\u00e9s\" srcset=\"https:\/\/richeskarayib.com\/wp-content\/uploads\/2026\/04\/655348716_18334333078171737_8855237314662509734_n-1024x1024.jpg 1024w, https:\/\/richeskarayib.com\/wp-content\/uploads\/2026\/04\/655348716_18334333078171737_8855237314662509734_n-300x300.jpg 300w, https:\/\/richeskarayib.com\/wp-content\/uploads\/2026\/04\/655348716_18334333078171737_8855237314662509734_n-150x150.jpg 150w, https:\/\/richeskarayib.com\/wp-content\/uploads\/2026\/04\/655348716_18334333078171737_8855237314662509734_n-768x768.jpg 768w, https:\/\/richeskarayib.com\/wp-content\/uploads\/2026\/04\/655348716_18334333078171737_8855237314662509734_n.jpg 1080w\" sizes=\"(max-width: 800px) 100vw, 800px\" \/>\t\t\t\t\t\t\t\t\t\t\t\t\t\t\t<\/div>\n\t\t\t\t<\/div>\n\t\t\t\t\t<\/div>\n\t\t<\/div>\n\t\t\t\t\t<\/div>\n\t\t<\/section>\n\t\t\t\t<section class=\"elementor-section elementor-top-section elementor-element elementor-element-5aed165 elementor-section-boxed elementor-section-height-default elementor-section-height-default\" data-id=\"5aed165\" data-element_type=\"section\">\n\t\t\t\t\t\t<div class=\"elementor-container elementor-column-gap-default\">\n\t\t\t\t\t<div class=\"elementor-column elementor-col-100 elementor-top-column elementor-element elementor-element-7bfedd0\" data-id=\"7bfedd0\" data-element_type=\"column\">\n\t\t\t<div class=\"elementor-widget-wrap elementor-element-populated\">\n\t\t\t\t\t\t<div class=\"elementor-element elementor-element-9cead0f elementor-widget elementor-widget-heading\" data-id=\"9cead0f\" data-element_type=\"widget\" data-widget_type=\"heading.default\">\n\t\t\t\t<div class=\"elementor-widget-container\">\n\t\t\t\t\t<h2 class=\"elementor-heading-title elementor-size-default\">Direcci\u00f3n art\u00edstica bajo presi\u00f3n<\/h2>\t\t\t\t<\/div>\n\t\t\t\t<\/div>\n\t\t\t\t<div class=\"elementor-element elementor-element-9118431 elementor-widget elementor-widget-text-editor\" data-id=\"9118431\" data-element_type=\"widget\" data-widget_type=\"text-editor.default\">\n\t\t\t\t<div class=\"elementor-widget-container\">\n\t\t\t\t\t\t\t\t\t<p><span style=\"font-weight: 400;\">Dirigir una compa\u00f1\u00eda de ballet de talla mundial con el presupuesto de un pa\u00eds en crisis es tanto una proeza administrativa como art\u00edstica. Hay que remendar los trajes, los estudios a veces carecen de electricidad o equipos, y hay que negociar uno a uno los viajes al extranjero. Sin embargo, el Ballet Nacional de <a href=\"https:\/\/richeskarayib.com\/es\/la-salsa-en-cuba-historia-evolucion-e-impacto-cultural\/\" target=\"_blank\" rel=\"noopener\">Cuba<\/a> sigue produciendo temporadas completas, formando bailarines que pasan a trabajar con las principales compa\u00f1\u00edas del mundo y manteniendo una calidad t\u00e9cnica que muchos en el mundo del ballet consideran intacta.  <\/span><\/p>\t\t\t\t\t\t\t\t<\/div>\n\t\t\t\t<\/div>\n\t\t\t\t\t<\/div>\n\t\t<\/div>\n\t\t\t\t\t<\/div>\n\t\t<\/section>\n\t\t\t\t<section class=\"elementor-section elementor-top-section elementor-element elementor-element-0cc3142 elementor-section-boxed elementor-section-height-default elementor-section-height-default\" data-id=\"0cc3142\" data-element_type=\"section\">\n\t\t\t\t\t\t<div class=\"elementor-container elementor-column-gap-default\">\n\t\t\t\t\t<div class=\"elementor-column elementor-col-100 elementor-top-column elementor-element elementor-element-e694d36\" data-id=\"e694d36\" data-element_type=\"column\">\n\t\t\t<div class=\"elementor-widget-wrap elementor-element-populated\">\n\t\t\t\t\t\t<div class=\"elementor-element elementor-element-82d1948 elementor-widget elementor-widget-heading\" data-id=\"82d1948\" data-element_type=\"widget\" data-widget_type=\"heading.default\">\n\t\t\t\t<div class=\"elementor-widget-container\">\n\t\t\t\t\t<h2 class=\"elementor-heading-title elementor-size-default\">Una mujer cubana al frente de una instituci\u00f3n mundial<\/h2>\t\t\t\t<\/div>\n\t\t\t\t<\/div>\n\t\t\t\t<div class=\"elementor-element elementor-element-358f90b elementor-widget elementor-widget-text-editor\" data-id=\"358f90b\" data-element_type=\"widget\" data-widget_type=\"text-editor.default\">\n\t\t\t\t<div class=\"elementor-widget-container\">\n\t\t\t\t\t\t\t\t\t<p><span style=\"font-weight: 400;\">Un aspecto particular de este retrato merece ser mencionado. Viengsay Vald\u00e9s es una mujer cubana al frente de una instituci\u00f3n de ballet de categor\u00eda mundial. En un mundo de ballet cl\u00e1sico internacional dominado durante mucho tiempo por las grandes instituciones europeas y norteamericanas, esto es algo poco frecuente. Cuba, desde Alicia Alonso, es una excepci\u00f3n. Esta singularidad, en el panorama mundial, es uno de los legados que Viengsay Vald\u00e9s lleva consigo.    <\/span><\/p>\t\t\t\t\t\t\t\t<\/div>\n\t\t\t\t<\/div>\n\t\t\t\t<section class=\"elementor-section elementor-inner-section elementor-element elementor-element-e801269 elementor-section-boxed elementor-section-height-default elementor-section-height-default\" data-id=\"e801269\" data-element_type=\"section\">\n\t\t\t\t\t\t<div class=\"elementor-container elementor-column-gap-default\">\n\t\t\t\t\t<div class=\"elementor-column elementor-col-100 elementor-inner-column elementor-element elementor-element-0120720\" data-id=\"0120720\" data-element_type=\"column\">\n\t\t\t<div class=\"elementor-widget-wrap elementor-element-populated\">\n\t\t\t\t\t\t<div class=\"elementor-element elementor-element-3563e3a elementor-widget elementor-widget-image\" data-id=\"3563e3a\" data-element_type=\"widget\" data-widget_type=\"image.default\">\n\t\t\t\t<div class=\"elementor-widget-container\">\n\t\t\t\t\t\t\t\t\t\t\t\t\t\t\t<img loading=\"lazy\" decoding=\"async\" width=\"800\" height=\"1000\" src=\"https:\/\/richeskarayib.com\/wp-content\/uploads\/2026\/04\/625057536_18451362604098408_4670908477751470086_n-819x1024.jpg\" class=\"attachment-large size-large wp-image-73219\" alt=\"Viengsay Vald\u00e9s\" srcset=\"https:\/\/richeskarayib.com\/wp-content\/uploads\/2026\/04\/625057536_18451362604098408_4670908477751470086_n-819x1024.jpg 819w, https:\/\/richeskarayib.com\/wp-content\/uploads\/2026\/04\/625057536_18451362604098408_4670908477751470086_n-240x300.jpg 240w, https:\/\/richeskarayib.com\/wp-content\/uploads\/2026\/04\/625057536_18451362604098408_4670908477751470086_n-768x960.jpg 768w, https:\/\/richeskarayib.com\/wp-content\/uploads\/2026\/04\/625057536_18451362604098408_4670908477751470086_n.jpg 1080w\" sizes=\"(max-width: 800px) 100vw, 800px\" \/>\t\t\t\t\t\t\t\t\t\t\t\t\t\t\t<\/div>\n\t\t\t\t<\/div>\n\t\t\t\t\t<\/div>\n\t\t<\/div>\n\t\t\t\t\t<\/div>\n\t\t<\/section>\n\t\t\t\t\t<\/div>\n\t\t<\/div>\n\t\t\t\t\t<\/div>\n\t\t<\/section>\n\t\t\t\t<section class=\"elementor-section elementor-top-section elementor-element elementor-element-aa71d29 elementor-section-boxed elementor-section-height-default elementor-section-height-default\" data-id=\"aa71d29\" data-element_type=\"section\">\n\t\t\t\t\t\t<div class=\"elementor-container elementor-column-gap-default\">\n\t\t\t\t\t<div class=\"elementor-column elementor-col-100 elementor-top-column elementor-element elementor-element-3845c16\" data-id=\"3845c16\" data-element_type=\"column\">\n\t\t\t<div class=\"elementor-widget-wrap elementor-element-populated\">\n\t\t\t\t\t\t<div class=\"elementor-element elementor-element-933077d elementor-widget elementor-widget-heading\" data-id=\"933077d\" data-element_type=\"widget\" data-widget_type=\"heading.default\">\n\t\t\t\t<div class=\"elementor-widget-container\">\n\t\t\t\t\t<h2 class=\"elementor-heading-title elementor-size-default\">La cita de 2026<\/h2>\t\t\t\t<\/div>\n\t\t\t\t<\/div>\n\t\t\t\t<div class=\"elementor-element elementor-element-eb0142d elementor-widget elementor-widget-text-editor\" data-id=\"eb0142d\" data-element_type=\"widget\" data-widget_type=\"text-editor.default\">\n\t\t\t\t<div class=\"elementor-widget-container\">\n\t\t\t\t\t\t\t\t\t<p><span style=\"font-weight: 400;\">As\u00ed pues, en oto\u00f1o de 2026 se celebrar\u00e1 en La Habana el 29\u00ba Festival Internacional de Ballet de La Habana Alicia Alonso, bajo su direcci\u00f3n, si se confirma el programa anunciado. Se espera que asistan compa\u00f1\u00edas invitadas, antiguas estrellas, j\u00f3venes estrenos: todos los que importan en el ballet internacional. Para Viengsay Vald\u00e9s, ser\u00e1 una demostraci\u00f3n. Para <a href=\"https:\/\/richeskarayib.com\/es\/rumba-el-alma-de-cuba-resistencia-danza-y-patrimonio-vivo\/\" target=\"_blank\" rel=\"noopener\">Cuba<\/a>, una afirmaci\u00f3n. Y para el Caribe, quiz\u00e1s un recordatorio de que la excelencia no depende de las divisas. Si Viengsay Vald\u00e9s resiste, entonces cierta idea de la cultura caribe\u00f1a resistir\u00e1 con ella.     <\/span><\/p>\t\t\t\t\t\t\t\t<\/div>\n\t\t\t\t<\/div>\n\t\t\t\t<div class=\"elementor-element elementor-element-8852529 elementor-widget elementor-widget-text-editor\" data-id=\"8852529\" data-element_type=\"widget\" data-widget_type=\"text-editor.default\">\n\t\t\t\t<div class=\"elementor-widget-container\">\n\t\t\t\t\t\t\t\t\t<h3>\ud83d\udcf8 Cr\u00e9dito de la foto: Cuenta de Instagram de Viengsay Vald\u00e9s &#8211; <strong> <a href=\"https:\/\/www.instagram.com\/p\/BUyxF6UA5fL\/\" target=\"_blank\" rel=\"noopener nofollow\">@Viengsay_v<\/a><\/strong><\/h3>\t\t\t\t\t\t\t\t<\/div>\n\t\t\t\t<\/div>\n\t\t\t\t\t<\/div>\n\t\t<\/div>\n\t\t\t\t\t<\/div>\n\t\t<\/section>\n\t\t\t\t<section class=\"elementor-section elementor-top-section elementor-element elementor-element-f5709a6 elementor-section-boxed elementor-section-height-default elementor-section-height-default\" data-id=\"f5709a6\" data-element_type=\"section\">\n\t\t\t\t\t\t<div class=\"elementor-container elementor-column-gap-default\">\n\t\t\t\t\t<div class=\"elementor-column elementor-col-100 elementor-top-column elementor-element elementor-element-957be6f\" data-id=\"957be6f\" data-element_type=\"column\">\n\t\t\t<div class=\"elementor-widget-wrap elementor-element-populated\">\n\t\t\t\t\t\t<div class=\"elementor-element elementor-element-63e5d4a elementor-widget elementor-widget-accordion\" data-id=\"63e5d4a\" data-element_type=\"widget\" data-widget_type=\"accordion.default\">\n\t\t\t\t<div class=\"elementor-widget-container\">\n\t\t\t\t\t\t\t<div class=\"elementor-accordion\">\n\t\t\t\t\t\t\t<div class=\"elementor-accordion-item\">\n\t\t\t\t\t<div id=\"elementor-tab-title-1041\" class=\"elementor-tab-title\" data-tab=\"1\" role=\"button\" aria-controls=\"elementor-tab-content-1041\" aria-expanded=\"false\">\n\t\t\t\t\t\t\t\t\t\t\t\t\t<span class=\"elementor-accordion-icon elementor-accordion-icon-left\" aria-hidden=\"true\">\n\t\t\t\t\t\t\t\t\t\t\t\t\t\t\t<span class=\"elementor-accordion-icon-closed\"><i class=\"fas fa-plus\"><\/i><\/span>\n\t\t\t\t\t\t\t\t<span class=\"elementor-accordion-icon-opened\"><i class=\"fas fa-minus\"><\/i><\/span>\n\t\t\t\t\t\t\t\t\t\t\t\t\t\t<\/span>\n\t\t\t\t\t\t\t\t\t\t\t\t<a class=\"elementor-accordion-title\" tabindex=\"0\">\u00bfQui\u00e9n es Viengsay Vald\u00e9s?<\/a>\n\t\t\t\t\t<\/div>\n\t\t\t\t\t<div id=\"elementor-tab-content-1041\" class=\"elementor-tab-content elementor-clearfix\" data-tab=\"1\" role=\"region\" aria-labelledby=\"elementor-tab-title-1041\"><p><span style=\"font-weight: 400;\">Viengsay Vald\u00e9s es una bailarina cubana nacida en La Habana en 1976. Formada en la Escuela Cubana de Ballet, ingres\u00f3 en el Ballet Nacional de Cuba en 1994, se convirti\u00f3 en bailarina principal en 2001 y asumi\u00f3 la direcci\u00f3n general de la compa\u00f1\u00eda en 2020, tras ser nombrada subdirectora art\u00edstica en 2019. <\/span><\/p>\n<\/div>\n\t\t\t\t<\/div>\n\t\t\t\t\t\t\t<div class=\"elementor-accordion-item\">\n\t\t\t\t\t<div id=\"elementor-tab-title-1042\" class=\"elementor-tab-title\" data-tab=\"2\" role=\"button\" aria-controls=\"elementor-tab-content-1042\" aria-expanded=\"false\">\n\t\t\t\t\t\t\t\t\t\t\t\t\t<span class=\"elementor-accordion-icon elementor-accordion-icon-left\" aria-hidden=\"true\">\n\t\t\t\t\t\t\t\t\t\t\t\t\t\t\t<span class=\"elementor-accordion-icon-closed\"><i class=\"fas fa-plus\"><\/i><\/span>\n\t\t\t\t\t\t\t\t<span class=\"elementor-accordion-icon-opened\"><i class=\"fas fa-minus\"><\/i><\/span>\n\t\t\t\t\t\t\t\t\t\t\t\t\t\t<\/span>\n\t\t\t\t\t\t\t\t\t\t\t\t<a class=\"elementor-accordion-title\" tabindex=\"0\">\u00bfCu\u00e1l es el v\u00ednculo entre Viengsay Vald\u00e9s y Alicia Alonso?<\/a>\n\t\t\t\t\t<\/div>\n\t\t\t\t\t<div id=\"elementor-tab-content-1042\" class=\"elementor-tab-content elementor-clearfix\" data-tab=\"2\" role=\"region\" aria-labelledby=\"elementor-tab-title-1042\"><p><span style=\"font-weight: 400;\">Viengsay Vald\u00e9s forma parte del legado art\u00edstico de Alicia Alonso, fundadora del Ballet Nacional de Cuba en 1948. Tras la muerte de Alicia Alonso en 2019, Viengsay Vald\u00e9s se convertir\u00e1 en una de las figuras responsables de preservar la excelencia de la escuela de ballet cubana, al tiempo que abre la compa\u00f1\u00eda a nuevos repertorios. <\/span><\/p>\n<\/div>\n\t\t\t\t<\/div>\n\t\t\t\t\t\t\t<div class=\"elementor-accordion-item\">\n\t\t\t\t\t<div id=\"elementor-tab-title-1043\" class=\"elementor-tab-title\" data-tab=\"3\" role=\"button\" aria-controls=\"elementor-tab-content-1043\" aria-expanded=\"false\">\n\t\t\t\t\t\t\t\t\t\t\t\t\t<span class=\"elementor-accordion-icon elementor-accordion-icon-left\" aria-hidden=\"true\">\n\t\t\t\t\t\t\t\t\t\t\t\t\t\t\t<span class=\"elementor-accordion-icon-closed\"><i class=\"fas fa-plus\"><\/i><\/span>\n\t\t\t\t\t\t\t\t<span class=\"elementor-accordion-icon-opened\"><i class=\"fas fa-minus\"><\/i><\/span>\n\t\t\t\t\t\t\t\t\t\t\t\t\t\t<\/span>\n\t\t\t\t\t\t\t\t\t\t\t\t<a class=\"elementor-accordion-title\" tabindex=\"0\">\u00bfPor qu\u00e9 Viengsay Vald\u00e9s es importante para la cultura caribe\u00f1a?<\/a>\n\t\t\t\t\t<\/div>\n\t\t\t\t\t<div id=\"elementor-tab-content-1043\" class=\"elementor-tab-content elementor-clearfix\" data-tab=\"3\" role=\"region\" aria-labelledby=\"elementor-tab-title-1043\"><p><span style=\"font-weight: 400;\">Viengsay Vald\u00e9s encarna una forma de excelencia art\u00edstica caribe\u00f1a que suele ser menos visible que la m\u00fasica, los carnavales o el patrimonio popular de la regi\u00f3n. Como directora del Ballet Nacional de Cuba, demuestra que el Caribe es tambi\u00e9n un lugar para la formaci\u00f3n cl\u00e1sica, la disciplina coreogr\u00e1fica y la influencia cultural internacional. <\/span><\/p>\n<\/div>\n\t\t\t\t<\/div>\n\t\t\t\t\t\t\t\t<\/div>\n\t\t\t\t\t\t<\/div>\n\t\t\t\t<\/div>\n\t\t\t\t\t<\/div>\n\t\t<\/div>\n\t\t\t\t\t<\/div>\n\t\t<\/section>\n\t\t\t\t<\/div>\n\t\t","protected":false},"excerpt":{"rendered":"<p>Cuando Alicia Alonso muri\u00f3 en octubre de 2019, el Ballet Nacional de Cuba, que Alicia Alonso fund\u00f3 en 1948 y dirigi\u00f3 durante siete d\u00e9cadas, qued\u00f3 hu\u00e9rfano. S\u00f3lo qued\u00f3 una persona al mando: Viengsay Vald\u00e9s. Ahora, con 49 a\u00f1os, dirige una de las compa\u00f1\u00edas de ballet m\u00e1s respetadas del mundo. Lo hace desde La Habana, una [&hellip;]<\/p>\n","protected":false},"author":662,"featured_media":73203,"comment_status":"open","ping_status":"open","sticky":false,"template":"","format":"standard","meta":{"_acf_changed":false,"footnotes":""},"categories":[1496],"tags":[1595],"class_list":["post-73233","post","type-post","status-publish","format-standard","has-post-thumbnail","hentry","category-bailar","tag-cuba-es"],"acf":[],"_links":{"self":[{"href":"https:\/\/richeskarayib.com\/es\/wp-json\/wp\/v2\/posts\/73233","targetHints":{"allow":["GET"]}}],"collection":[{"href":"https:\/\/richeskarayib.com\/es\/wp-json\/wp\/v2\/posts"}],"about":[{"href":"https:\/\/richeskarayib.com\/es\/wp-json\/wp\/v2\/types\/post"}],"author":[{"embeddable":true,"href":"https:\/\/richeskarayib.com\/es\/wp-json\/wp\/v2\/users\/662"}],"replies":[{"embeddable":true,"href":"https:\/\/richeskarayib.com\/es\/wp-json\/wp\/v2\/comments?post=73233"}],"version-history":[{"count":0,"href":"https:\/\/richeskarayib.com\/es\/wp-json\/wp\/v2\/posts\/73233\/revisions"}],"wp:featuredmedia":[{"embeddable":true,"href":"https:\/\/richeskarayib.com\/es\/wp-json\/wp\/v2\/media\/73203"}],"wp:attachment":[{"href":"https:\/\/richeskarayib.com\/es\/wp-json\/wp\/v2\/media?parent=73233"}],"wp:term":[{"taxonomy":"category","embeddable":true,"href":"https:\/\/richeskarayib.com\/es\/wp-json\/wp\/v2\/categories?post=73233"},{"taxonomy":"post_tag","embeddable":true,"href":"https:\/\/richeskarayib.com\/es\/wp-json\/wp\/v2\/tags?post=73233"}],"curies":[{"name":"wp","href":"https:\/\/api.w.org\/{rel}","templated":true}]}}