{"id":73316,"date":"2026-04-30T13:17:52","date_gmt":"2026-04-30T17:17:52","guid":{"rendered":"https:\/\/richeskarayib.com\/belice-gran-agujero-azul-318-metros-de-misterio-en-el-mar\/"},"modified":"2026-04-30T13:17:54","modified_gmt":"2026-04-30T17:17:54","slug":"belice-gran-agujero-azul-318-metros-de-misterio-en-el-mar","status":"publish","type":"post","link":"https:\/\/richeskarayib.com\/es\/belice-gran-agujero-azul-318-metros-de-misterio-en-el-mar\/","title":{"rendered":"Belice &#8211; Gran Agujero Azul: 318 metros de misterio en el mar"},"content":{"rendered":"\t\t<div data-elementor-type=\"wp-post\" data-elementor-id=\"73316\" class=\"elementor elementor-73316\" data-elementor-post-type=\"post\">\n\t\t\t\t\t\t<section class=\"elementor-section elementor-top-section elementor-element elementor-element-7ca7ca1 elementor-section-boxed elementor-section-height-default elementor-section-height-default\" data-id=\"7ca7ca1\" data-element_type=\"section\">\n\t\t\t\t\t\t<div class=\"elementor-container elementor-column-gap-default\">\n\t\t\t\t\t<div class=\"elementor-column elementor-col-100 elementor-top-column elementor-element elementor-element-cbdd002\" data-id=\"cbdd002\" data-element_type=\"column\">\n\t\t\t<div class=\"elementor-widget-wrap elementor-element-populated\">\n\t\t\t\t\t\t<section class=\"elementor-section elementor-inner-section elementor-element elementor-element-bc94849 elementor-section-boxed elementor-section-height-default elementor-section-height-default\" data-id=\"bc94849\" data-element_type=\"section\">\n\t\t\t\t\t\t<div class=\"elementor-container elementor-column-gap-default\">\n\t\t\t\t\t\t<\/div>\n\t\t<\/section>\n\t\t\t\t<section class=\"elementor-section elementor-inner-section elementor-element elementor-element-61571e6 elementor-section-boxed elementor-section-height-default elementor-section-height-default\" data-id=\"61571e6\" data-element_type=\"section\">\n\t\t\t\t\t\t<div class=\"elementor-container elementor-column-gap-default\">\n\t\t\t\t\t\t<\/div>\n\t\t<\/section>\n\t\t\t\t<section class=\"elementor-section elementor-inner-section elementor-element elementor-element-b6262e0 elementor-section-boxed elementor-section-height-default elementor-section-height-default\" data-id=\"b6262e0\" data-element_type=\"section\">\n\t\t\t\t\t\t<div class=\"elementor-container elementor-column-gap-default\">\n\t\t\t\t\t\t<\/div>\n\t\t<\/section>\n\t\t\t\t<section class=\"elementor-section elementor-inner-section elementor-element elementor-element-cca29fd elementor-section-boxed elementor-section-height-default elementor-section-height-default\" data-id=\"cca29fd\" data-element_type=\"section\">\n\t\t\t\t\t\t<div class=\"elementor-container elementor-column-gap-default\">\n\t\t\t\t\t\t<\/div>\n\t\t<\/section>\n\t\t\t\t\t<\/div>\n\t\t<\/div>\n\t\t\t\t\t<\/div>\n\t\t<\/section>\n\t\t\t\t<section class=\"elementor-section elementor-top-section elementor-element elementor-element-ee72354 elementor-section-boxed elementor-section-height-default elementor-section-height-default\" data-id=\"ee72354\" data-element_type=\"section\">\n\t\t\t\t\t\t<div class=\"elementor-container elementor-column-gap-default\">\n\t\t\t\t\t<div class=\"elementor-column elementor-col-100 elementor-top-column elementor-element elementor-element-c59d6fe\" data-id=\"c59d6fe\" data-element_type=\"column\">\n\t\t\t<div class=\"elementor-widget-wrap elementor-element-populated\">\n\t\t\t\t\t\t<div class=\"elementor-element elementor-element-661ebea elementor-widget elementor-widget-text-editor\" data-id=\"661ebea\" data-element_type=\"widget\" data-widget_type=\"text-editor.default\">\n\t\t\t\t<div class=\"elementor-widget-container\">\n\t\t\t\t\t\t\t\t\t<p><span style=\"font-weight: 400;\">Gran Agujero Azul: visto desde el cielo, es un c\u00edrculo oscuro en medio de una laguna turquesa. Una forma casi perfecta, enclavada en el mar como un enigma. Frente a la costa de Belice, cerca del Arrecife del Faro, este abismo marino de unos 318 metros de di\u00e1metro y 124 metros de profundidad ha transformado un fen\u00f3meno geol\u00f3gico en una imagen mundial.  <\/span><\/p>\t\t\t\t\t\t\t\t<\/div>\n\t\t\t\t<\/div>\n\t\t\t\t\t<\/div>\n\t\t<\/div>\n\t\t\t\t\t<\/div>\n\t\t<\/section>\n\t\t\t\t<section class=\"elementor-section elementor-top-section elementor-element elementor-element-82cd8f9 elementor-section-boxed elementor-section-height-default elementor-section-height-default\" data-id=\"82cd8f9\" data-element_type=\"section\">\n\t\t\t\t\t\t<div class=\"elementor-container elementor-column-gap-default\">\n\t\t\t\t\t<div class=\"elementor-column elementor-col-100 elementor-top-column elementor-element elementor-element-0bfdc38\" data-id=\"0bfdc38\" data-element_type=\"column\">\n\t\t\t<div class=\"elementor-widget-wrap elementor-element-populated\">\n\t\t\t\t\t\t<div class=\"elementor-element elementor-element-7d292fe elementor-widget elementor-widget-heading\" data-id=\"7d292fe\" data-element_type=\"widget\" data-widget_type=\"heading.default\">\n\t\t\t\t<div class=\"elementor-widget-container\">\n\t\t\t\t\t<h2 class=\"elementor-heading-title elementor-size-default\">Un c\u00edrculo azul en el coraz\u00f3n del arrecife<\/h2>\t\t\t\t<\/div>\n\t\t\t\t<\/div>\n\t\t\t\t<section class=\"elementor-section elementor-inner-section elementor-element elementor-element-da8459c elementor-section-boxed elementor-section-height-default elementor-section-height-default\" data-id=\"da8459c\" data-element_type=\"section\">\n\t\t\t\t\t\t<div class=\"elementor-container elementor-column-gap-default\">\n\t\t\t\t\t<div class=\"elementor-column elementor-col-100 elementor-inner-column elementor-element elementor-element-45b856b\" data-id=\"45b856b\" data-element_type=\"column\">\n\t\t\t<div class=\"elementor-widget-wrap elementor-element-populated\">\n\t\t\t\t\t\t<div class=\"elementor-element elementor-element-289b094 elementor-widget elementor-widget-text-editor\" data-id=\"289b094\" data-element_type=\"widget\" data-widget_type=\"text-editor.default\">\n\t\t\t\t<div class=\"elementor-widget-container\">\n\t\t\t\t\t\t\t\t\t<p><span style=\"font-weight: 400;\">Desde una avioneta, el contraste es inmediatamente sorprendente. Alrededor, el agua clara deja entrever los baj\u00edos, los arrecifes y los matices de la laguna. En el centro, el azul se vuelve m\u00e1s denso, casi negro. El Gran Agujero Azul no es una mera curiosidad natural. Es una antigua cavidad de piedra caliza, formada en una \u00e9poca en que el nivel del mar era mucho m\u00e1s bajo, y luego cubierta por las aguas.    <\/span><\/p><p><span style=\"font-weight: 400;\">Esta singularidad explica su poder visual. Pocos lugares cuentan una historia tan clara del v\u00ednculo entre geolog\u00eda, clima, mar y turismo. Aqu\u00ed, el paisaje no es s\u00f3lo bello. Cuenta una historia antigua que puede leerse en la superficie.   <\/span><\/p>\t\t\t\t\t\t\t\t<\/div>\n\t\t\t\t<\/div>\n\t\t\t\t\t<\/div>\n\t\t<\/div>\n\t\t\t\t\t<\/div>\n\t\t<\/section>\n\t\t\t\t<section class=\"elementor-section elementor-inner-section elementor-element elementor-element-987815d elementor-section-boxed elementor-section-height-default elementor-section-height-default\" data-id=\"987815d\" data-element_type=\"section\">\n\t\t\t\t\t\t<div class=\"elementor-container elementor-column-gap-default\">\n\t\t\t\t\t<div class=\"elementor-column elementor-col-50 elementor-inner-column elementor-element elementor-element-c87ac48\" data-id=\"c87ac48\" data-element_type=\"column\">\n\t\t\t<div class=\"elementor-widget-wrap elementor-element-populated\">\n\t\t\t\t\t\t<div class=\"elementor-element elementor-element-85ef375 elementor-widget elementor-widget-image\" data-id=\"85ef375\" data-element_type=\"widget\" data-widget_type=\"image.default\">\n\t\t\t\t<div class=\"elementor-widget-container\">\n\t\t\t\t\t\t\t\t\t\t\t\t\t\t\t<img fetchpriority=\"high\" decoding=\"async\" width=\"800\" height=\"534\" src=\"https:\/\/richeskarayib.com\/wp-content\/uploads\/2026\/04\/istockphoto-460770409-1024x1024-1.jpeg\" class=\"attachment-large size-large wp-image-73302\" alt=\"Great Blue Hole\" srcset=\"https:\/\/richeskarayib.com\/wp-content\/uploads\/2026\/04\/istockphoto-460770409-1024x1024-1.jpeg 1024w, https:\/\/richeskarayib.com\/wp-content\/uploads\/2026\/04\/istockphoto-460770409-1024x1024-1-300x200.jpeg 300w, https:\/\/richeskarayib.com\/wp-content\/uploads\/2026\/04\/istockphoto-460770409-1024x1024-1-768x512.jpeg 768w\" sizes=\"(max-width: 800px) 100vw, 800px\" \/>\t\t\t\t\t\t\t\t\t\t\t\t\t\t\t<\/div>\n\t\t\t\t<\/div>\n\t\t\t\t\t<\/div>\n\t\t<\/div>\n\t\t\t\t<div class=\"elementor-column elementor-col-50 elementor-inner-column elementor-element elementor-element-af6ef21\" data-id=\"af6ef21\" data-element_type=\"column\">\n\t\t\t<div class=\"elementor-widget-wrap elementor-element-populated\">\n\t\t\t\t\t\t<div class=\"elementor-element elementor-element-4c7495c elementor-widget elementor-widget-image\" data-id=\"4c7495c\" data-element_type=\"widget\" data-widget_type=\"image.default\">\n\t\t\t\t<div class=\"elementor-widget-container\">\n\t\t\t\t\t\t\t\t\t\t\t\t\t\t\t<img decoding=\"async\" width=\"800\" height=\"534\" src=\"https:\/\/richeskarayib.com\/wp-content\/uploads\/2026\/04\/istockphoto-510008985-1024x1024-1.jpeg\" class=\"attachment-large size-large wp-image-73306\" alt=\"Great Blue Hole\" srcset=\"https:\/\/richeskarayib.com\/wp-content\/uploads\/2026\/04\/istockphoto-510008985-1024x1024-1.jpeg 1024w, https:\/\/richeskarayib.com\/wp-content\/uploads\/2026\/04\/istockphoto-510008985-1024x1024-1-300x200.jpeg 300w, https:\/\/richeskarayib.com\/wp-content\/uploads\/2026\/04\/istockphoto-510008985-1024x1024-1-768x513.jpeg 768w\" sizes=\"(max-width: 800px) 100vw, 800px\" \/>\t\t\t\t\t\t\t\t\t\t\t\t\t\t\t<\/div>\n\t\t\t\t<\/div>\n\t\t\t\t\t<\/div>\n\t\t<\/div>\n\t\t\t\t\t<\/div>\n\t\t<\/section>\n\t\t\t\t<section class=\"elementor-section elementor-inner-section elementor-element elementor-element-c582330 elementor-section-boxed elementor-section-height-default elementor-section-height-default\" data-id=\"c582330\" data-element_type=\"section\">\n\t\t\t\t\t\t<div class=\"elementor-container elementor-column-gap-default\">\n\t\t\t\t\t\t<\/div>\n\t\t<\/section>\n\t\t\t\t<section class=\"elementor-section elementor-inner-section elementor-element elementor-element-296603a elementor-section-boxed elementor-section-height-default elementor-section-height-default\" data-id=\"296603a\" data-element_type=\"section\">\n\t\t\t\t\t\t<div class=\"elementor-container elementor-column-gap-default\">\n\t\t\t\t\t\t<\/div>\n\t\t<\/section>\n\t\t\t\t\t<\/div>\n\t\t<\/div>\n\t\t\t\t\t<\/div>\n\t\t<\/section>\n\t\t\t\t<section class=\"elementor-section elementor-top-section elementor-element elementor-element-4a0e8e4 elementor-section-boxed elementor-section-height-default elementor-section-height-default\" data-id=\"4a0e8e4\" data-element_type=\"section\">\n\t\t\t\t\t\t<div class=\"elementor-container elementor-column-gap-default\">\n\t\t\t\t\t<div class=\"elementor-column elementor-col-100 elementor-top-column elementor-element elementor-element-f16bdfb\" data-id=\"f16bdfb\" data-element_type=\"column\">\n\t\t\t<div class=\"elementor-widget-wrap elementor-element-populated\">\n\t\t\t\t\t\t<div class=\"elementor-element elementor-element-33604cf elementor-widget elementor-widget-heading\" data-id=\"33604cf\" data-element_type=\"widget\" data-widget_type=\"heading.default\">\n\t\t\t\t<div class=\"elementor-widget-container\">\n\t\t\t\t\t<h2 class=\"elementor-heading-title elementor-size-default\">Un lugar frente a la costa de Belice<\/h2>\t\t\t\t<\/div>\n\t\t\t\t<\/div>\n\t\t\t\t<div class=\"elementor-element elementor-element-06205d8 elementor-widget elementor-widget-text-editor\" data-id=\"06205d8\" data-element_type=\"widget\" data-widget_type=\"text-editor.default\">\n\t\t\t\t<div class=\"elementor-widget-container\">\n\t\t\t\t\t\t\t\t\t<p><span style=\"font-weight: 400;\">El <a href=\"https:\/\/en.wikipedia.org\/wiki\/Great_Blue_Hole\" target=\"_blank\" rel=\"noopener nofollow\">Gran Agujero Azul<\/a> se encuentra cerca del centro del Arrecife del Faro, un remoto atol\u00f3n situado frente a la costa continental de Belice. La NASA lo sit\u00faa a unos 80 kil\u00f3metros de la costa de Belice, en una zona donde el agua clara permite que el c\u00edrculo oscuro destaque claramente sobre las aguas poco profundas del arrecife. <\/span><\/p><p><span style=\"font-weight: 400;\">Este lugar forma parte del Sistema de Reservas de la Barrera de Arrecifes de Belice, designado Patrimonio de la Humanidad por la UNESCO en 1996. Esta vasta \u00e1rea protegida comprende siete zonas, incluido el Monumento Natural del Agujero Azul. Es uno de los grandes s\u00edmbolos naturales de Belice y uno de los puntos de referencia m\u00e1s reconocibles del Caribe angl\u00f3fono.  <\/span><\/p>\t\t\t\t\t\t\t\t<\/div>\n\t\t\t\t<\/div>\n\t\t\t\t<section class=\"elementor-section elementor-inner-section elementor-element elementor-element-1962aa6 elementor-section-boxed elementor-section-height-default elementor-section-height-default\" data-id=\"1962aa6\" data-element_type=\"section\">\n\t\t\t\t\t\t<div class=\"elementor-container elementor-column-gap-default\">\n\t\t\t\t\t<div class=\"elementor-column elementor-col-50 elementor-inner-column elementor-element elementor-element-c5117f9\" data-id=\"c5117f9\" data-element_type=\"column\">\n\t\t\t<div class=\"elementor-widget-wrap elementor-element-populated\">\n\t\t\t\t\t\t<div class=\"elementor-element elementor-element-c413e45 elementor-widget elementor-widget-image\" data-id=\"c413e45\" data-element_type=\"widget\" data-widget_type=\"image.default\">\n\t\t\t\t<div class=\"elementor-widget-container\">\n\t\t\t\t\t\t\t\t\t\t\t\t\t\t\t<img decoding=\"async\" width=\"800\" height=\"533\" src=\"https:\/\/richeskarayib.com\/wp-content\/uploads\/2026\/04\/istockphoto-511652134-1024x1024-1.jpeg\" class=\"attachment-large size-large wp-image-73310\" alt=\"Great Blue Hole\" srcset=\"https:\/\/richeskarayib.com\/wp-content\/uploads\/2026\/04\/istockphoto-511652134-1024x1024-1.jpeg 1024w, https:\/\/richeskarayib.com\/wp-content\/uploads\/2026\/04\/istockphoto-511652134-1024x1024-1-300x200.jpeg 300w, https:\/\/richeskarayib.com\/wp-content\/uploads\/2026\/04\/istockphoto-511652134-1024x1024-1-768x512.jpeg 768w\" sizes=\"(max-width: 800px) 100vw, 800px\" \/>\t\t\t\t\t\t\t\t\t\t\t\t\t\t\t<\/div>\n\t\t\t\t<\/div>\n\t\t\t\t\t<\/div>\n\t\t<\/div>\n\t\t\t\t<div class=\"elementor-column elementor-col-50 elementor-inner-column elementor-element elementor-element-c080ecf\" data-id=\"c080ecf\" data-element_type=\"column\">\n\t\t\t<div class=\"elementor-widget-wrap elementor-element-populated\">\n\t\t\t\t\t\t<div class=\"elementor-element elementor-element-b29c0a7 elementor-widget elementor-widget-image\" data-id=\"b29c0a7\" data-element_type=\"widget\" data-widget_type=\"image.default\">\n\t\t\t\t<div class=\"elementor-widget-container\">\n\t\t\t\t\t\t\t\t\t\t\t\t\t\t\t<img loading=\"lazy\" decoding=\"async\" width=\"800\" height=\"600\" src=\"https:\/\/richeskarayib.com\/wp-content\/uploads\/2026\/04\/istockphoto-2195552320-1024x1024-1.jpeg\" class=\"attachment-large size-large wp-image-73314\" alt=\"Great Blue Hole\" srcset=\"https:\/\/richeskarayib.com\/wp-content\/uploads\/2026\/04\/istockphoto-2195552320-1024x1024-1.jpeg 1024w, https:\/\/richeskarayib.com\/wp-content\/uploads\/2026\/04\/istockphoto-2195552320-1024x1024-1-300x225.jpeg 300w, https:\/\/richeskarayib.com\/wp-content\/uploads\/2026\/04\/istockphoto-2195552320-1024x1024-1-768x576.jpeg 768w\" sizes=\"(max-width: 800px) 100vw, 800px\" \/>\t\t\t\t\t\t\t\t\t\t\t\t\t\t\t<\/div>\n\t\t\t\t<\/div>\n\t\t\t\t\t<\/div>\n\t\t<\/div>\n\t\t\t\t\t<\/div>\n\t\t<\/section>\n\t\t\t\t\t<\/div>\n\t\t<\/div>\n\t\t\t\t\t<\/div>\n\t\t<\/section>\n\t\t\t\t<section class=\"elementor-section elementor-top-section elementor-element elementor-element-73744de elementor-section-boxed elementor-section-height-default elementor-section-height-default\" data-id=\"73744de\" data-element_type=\"section\">\n\t\t\t\t\t\t<div class=\"elementor-container elementor-column-gap-default\">\n\t\t\t\t\t<div class=\"elementor-column elementor-col-100 elementor-top-column elementor-element elementor-element-8f238ec\" data-id=\"8f238ec\" data-element_type=\"column\">\n\t\t\t<div class=\"elementor-widget-wrap elementor-element-populated\">\n\t\t\t\t\t\t<div class=\"elementor-element elementor-element-1a869a1 elementor-widget elementor-widget-heading\" data-id=\"1a869a1\" data-element_type=\"widget\" data-widget_type=\"heading.default\">\n\t\t\t\t<div class=\"elementor-widget-container\">\n\t\t\t\t\t<h2 class=\"elementor-heading-title elementor-size-default\">M\u00e1s que una postal<\/h2>\t\t\t\t<\/div>\n\t\t\t\t<\/div>\n\t\t\t\t<div class=\"elementor-element elementor-element-ed5c50c elementor-widget elementor-widget-text-editor\" data-id=\"ed5c50c\" data-element_type=\"widget\" data-widget_type=\"text-editor.default\">\n\t\t\t\t<div class=\"elementor-widget-container\">\n\t\t\t\t\t\t\t\t\t<p><span style=\"font-weight: 400;\">Las cifras son sorprendentes: unos 318 metros de ancho y 124 metros de profundidad. Pero lo m\u00e1s importante est\u00e1 en otra parte. El Gran Agujero Azul es un recordatorio de que el Caribe no son s\u00f3lo playas y hoteles. Tambi\u00e9n tiene sus propios archivos naturales. Bajo la superficie, las paredes de piedra caliza, las antiguas formaciones y las capas geol\u00f3gicas cuentan la historia de los cambios del nivel del mar y de un clima cambiante.    <\/span><\/p><p><span style=\"font-weight: 400;\">Esto es lo que hace que el lugar sea tan especial. Atrae a los viajeros por su espectacular aspecto, pero tambi\u00e9n interesa a cient\u00edficos, ecologistas e instituciones responsables de la protecci\u00f3n de los arrecifes. En un pa\u00eds donde el mar es un recurso, un patrimonio y un motor econ\u00f3mico, este c\u00edrculo azul es el centro de numerosas cuestiones.  <\/span><\/p>\t\t\t\t\t\t\t\t<\/div>\n\t\t\t\t<\/div>\n\t\t\t\t<div class=\"elementor-element elementor-element-38c5338 elementor-widget elementor-widget-image\" data-id=\"38c5338\" data-element_type=\"widget\" data-widget_type=\"image.default\">\n\t\t\t\t<div class=\"elementor-widget-container\">\n\t\t\t\t\t\t\t\t\t\t\t\t\t\t\t<img loading=\"lazy\" decoding=\"async\" width=\"800\" height=\"565\" src=\"https:\/\/richeskarayib.com\/wp-content\/uploads\/2026\/04\/istockphoto-1333762828-1024x1024-1.jpeg\" class=\"attachment-large size-large wp-image-73294\" alt=\"Belize\" srcset=\"https:\/\/richeskarayib.com\/wp-content\/uploads\/2026\/04\/istockphoto-1333762828-1024x1024-1.jpeg 1024w, https:\/\/richeskarayib.com\/wp-content\/uploads\/2026\/04\/istockphoto-1333762828-1024x1024-1-300x212.jpeg 300w, https:\/\/richeskarayib.com\/wp-content\/uploads\/2026\/04\/istockphoto-1333762828-1024x1024-1-768x542.jpeg 768w\" sizes=\"(max-width: 800px) 100vw, 800px\" \/>\t\t\t\t\t\t\t\t\t\t\t\t\t\t\t<\/div>\n\t\t\t\t<\/div>\n\t\t\t\t\t<\/div>\n\t\t<\/div>\n\t\t\t\t\t<\/div>\n\t\t<\/section>\n\t\t\t\t<section class=\"elementor-section elementor-top-section elementor-element elementor-element-cd6f302 elementor-section-boxed elementor-section-height-default elementor-section-height-default\" data-id=\"cd6f302\" data-element_type=\"section\">\n\t\t\t\t\t\t<div class=\"elementor-container elementor-column-gap-default\">\n\t\t\t\t\t<div class=\"elementor-column elementor-col-100 elementor-top-column elementor-element elementor-element-3291df2\" data-id=\"3291df2\" data-element_type=\"column\">\n\t\t\t<div class=\"elementor-widget-wrap elementor-element-populated\">\n\t\t\t\t\t\t<div class=\"elementor-element elementor-element-d48250a elementor-widget elementor-widget-heading\" data-id=\"d48250a\" data-element_type=\"widget\" data-widget_type=\"heading.default\">\n\t\t\t\t<div class=\"elementor-widget-container\">\n\t\t\t\t\t<h2 class=\"elementor-heading-title elementor-size-default\">Un escaparate para el turismo, pero tambi\u00e9n una responsabilidad\n<\/h2>\t\t\t\t<\/div>\n\t\t\t\t<\/div>\n\t\t\t\t<div class=\"elementor-element elementor-element-995f4f4 elementor-widget elementor-widget-text-editor\" data-id=\"995f4f4\" data-element_type=\"widget\" data-widget_type=\"text-editor.default\">\n\t\t\t\t<div class=\"elementor-widget-container\">\n\t\t\t\t\t\t\t\t\t<p><span style=\"font-weight: 400;\">El Gran Agujero Azul se ha convertido en una de las im\u00e1genes m\u00e1s fuertes de <a href=\"https:\/\/richeskarayib.com\/es\/caye-caulker-la-isla-de-belice-donde-la-lentitud-se-convierte-en-fuerza\/\" target=\"_blank\" rel=\"noopener\">Belice<\/a>. Aparece en informes de viajes, campa\u00f1as tur\u00edsticas, fotograf\u00edas a\u00e9reas y clasificaciones de grandes lugares marinos. Pero esta reputaci\u00f3n exige vigilancia. El lugar no existe de forma aislada. Depende de la salud de la Barrera de Coral de Belice, de las pol\u00edticas de conservaci\u00f3n, de la calidad del agua y de la capacidad del pa\u00eds para gestionar el desarrollo tur\u00edstico.    <\/span><\/p><p><span style=\"font-weight: 400;\">Belice ya ha experimentado las tensiones t\u00edpicas de las zonas costeras: presi\u00f3n sobre los arrecifes, desarrollo, turismo y cambio clim\u00e1tico. De hecho, el arrecife belice\u00f1o fue retirado de la Lista del Patrimonio Mundial en Peligro en 2018, tras las medidas de conservaci\u00f3n elogiadas por la UNESCO. Se trata de un recordatorio vital de que un lugar admirado en todo el mundo tambi\u00e9n puede ser fr\u00e1gil.  <\/span><\/p>\t\t\t\t\t\t\t\t<\/div>\n\t\t\t\t<\/div>\n\t\t\t\t<section class=\"elementor-section elementor-inner-section elementor-element elementor-element-3ff2e8e elementor-section-boxed elementor-section-height-default elementor-section-height-default\" data-id=\"3ff2e8e\" data-element_type=\"section\">\n\t\t\t\t\t\t<div class=\"elementor-container elementor-column-gap-default\">\n\t\t\t\t\t<div class=\"elementor-column elementor-col-100 elementor-inner-column elementor-element elementor-element-652bda0\" data-id=\"652bda0\" data-element_type=\"column\">\n\t\t\t<div class=\"elementor-widget-wrap elementor-element-populated\">\n\t\t\t\t\t\t<div class=\"elementor-element elementor-element-75830f5 elementor-widget elementor-widget-image\" data-id=\"75830f5\" data-element_type=\"widget\" data-widget_type=\"image.default\">\n\t\t\t\t<div class=\"elementor-widget-container\">\n\t\t\t\t\t\t\t\t\t\t\t\t\t\t\t<img loading=\"lazy\" decoding=\"async\" width=\"800\" height=\"509\" src=\"https:\/\/richeskarayib.com\/wp-content\/uploads\/2026\/04\/istockphoto-1460271564-1024x1024-1.jpeg\" class=\"attachment-large size-large wp-image-73298\" alt=\"Great Blue Hole\" srcset=\"https:\/\/richeskarayib.com\/wp-content\/uploads\/2026\/04\/istockphoto-1460271564-1024x1024-1.jpeg 1024w, https:\/\/richeskarayib.com\/wp-content\/uploads\/2026\/04\/istockphoto-1460271564-1024x1024-1-300x191.jpeg 300w, https:\/\/richeskarayib.com\/wp-content\/uploads\/2026\/04\/istockphoto-1460271564-1024x1024-1-768x489.jpeg 768w\" sizes=\"(max-width: 800px) 100vw, 800px\" \/>\t\t\t\t\t\t\t\t\t\t\t\t\t\t\t<\/div>\n\t\t\t\t<\/div>\n\t\t\t\t\t<\/div>\n\t\t<\/div>\n\t\t\t\t\t<\/div>\n\t\t<\/section>\n\t\t\t\t\t<\/div>\n\t\t<\/div>\n\t\t\t\t\t<\/div>\n\t\t<\/section>\n\t\t\t\t<section class=\"elementor-section elementor-top-section elementor-element elementor-element-613f9af elementor-section-boxed elementor-section-height-default elementor-section-height-default\" data-id=\"613f9af\" data-element_type=\"section\">\n\t\t\t\t\t\t<div class=\"elementor-container elementor-column-gap-default\">\n\t\t\t\t\t<div class=\"elementor-column elementor-col-100 elementor-top-column elementor-element elementor-element-3a0b597\" data-id=\"3a0b597\" data-element_type=\"column\">\n\t\t\t<div class=\"elementor-widget-wrap elementor-element-populated\">\n\t\t\t\t\t\t<div class=\"elementor-element elementor-element-65ae292 elementor-widget elementor-widget-heading\" data-id=\"65ae292\" data-element_type=\"widget\" data-widget_type=\"heading.default\">\n\t\t\t\t<div class=\"elementor-widget-container\">\n\t\t\t\t\t<h2 class=\"elementor-heading-title elementor-size-default\">Lo que Belice muestra al Caribe<\/h2>\t\t\t\t<\/div>\n\t\t\t\t<\/div>\n\t\t\t\t<div class=\"elementor-element elementor-element-4f49764 elementor-widget elementor-widget-text-editor\" data-id=\"4f49764\" data-element_type=\"widget\" data-widget_type=\"text-editor.default\">\n\t\t\t\t<div class=\"elementor-widget-container\">\n\t\t\t\t\t\t\t\t\t<p><span style=\"font-weight: 400;\">El Gran Agujero Azul confiere al pa\u00eds una firma inmediata. Es reconocible al instante. Pero su fuerza no reside s\u00f3lo en su belleza. Proviene del hecho de que nos obliga a mirar al Mar Caribe de forma diferente. No como un tel\u00f3n de fondo, sino como un territorio vivo, antiguo, vulnerable y estrat\u00e9gico.    <\/span><\/p><p><span style=\"font-weight: 400;\">En un momento en que varias islas del Caribe intentan encontrar un mejor equilibrio entre el turismo, el patrimonio natural y la protecci\u00f3n del ecosistema, Belice tiene aqu\u00ed un poderoso ejemplo. El Gran Azul est\u00e1 atrayendo la atenci\u00f3n de todo el mundo. La verdadera cuesti\u00f3n ahora es sencilla: \u00bfc\u00f3mo podemos proteger de forma sostenible lo que todo el mundo quiere ver?  <\/span><\/p>\t\t\t\t\t\t\t\t<\/div>\n\t\t\t\t<\/div>\n\t\t\t\t\t<\/div>\n\t\t<\/div>\n\t\t\t\t\t<\/div>\n\t\t<\/section>\n\t\t\t\t<section class=\"elementor-section elementor-top-section elementor-element elementor-element-f5709a6 elementor-section-boxed elementor-section-height-default elementor-section-height-default\" data-id=\"f5709a6\" data-element_type=\"section\">\n\t\t\t\t\t\t<div class=\"elementor-container elementor-column-gap-default\">\n\t\t\t\t\t<div class=\"elementor-column elementor-col-100 elementor-top-column elementor-element elementor-element-957be6f\" data-id=\"957be6f\" data-element_type=\"column\">\n\t\t\t<div class=\"elementor-widget-wrap elementor-element-populated\">\n\t\t\t\t\t\t<div class=\"elementor-element elementor-element-63e5d4a elementor-widget elementor-widget-accordion\" data-id=\"63e5d4a\" data-element_type=\"widget\" data-widget_type=\"accordion.default\">\n\t\t\t\t<div class=\"elementor-widget-container\">\n\t\t\t\t\t\t\t<div class=\"elementor-accordion\">\n\t\t\t\t\t\t\t<div class=\"elementor-accordion-item\">\n\t\t\t\t\t<div id=\"elementor-tab-title-1041\" class=\"elementor-tab-title\" data-tab=\"1\" role=\"button\" aria-controls=\"elementor-tab-content-1041\" aria-expanded=\"false\">\n\t\t\t\t\t\t\t\t\t\t\t\t\t<span class=\"elementor-accordion-icon elementor-accordion-icon-left\" aria-hidden=\"true\">\n\t\t\t\t\t\t\t\t\t\t\t\t\t\t\t<span class=\"elementor-accordion-icon-closed\"><i class=\"fas fa-plus\"><\/i><\/span>\n\t\t\t\t\t\t\t\t<span class=\"elementor-accordion-icon-opened\"><i class=\"fas fa-minus\"><\/i><\/span>\n\t\t\t\t\t\t\t\t\t\t\t\t\t\t<\/span>\n\t\t\t\t\t\t\t\t\t\t\t\t<a class=\"elementor-accordion-title\" tabindex=\"0\">\u00bfD\u00f3nde est\u00e1 el Gran Agujero Azul de Belice?<\/a>\n\t\t\t\t\t<\/div>\n\t\t\t\t\t<div id=\"elementor-tab-content-1041\" class=\"elementor-tab-content elementor-clearfix\" data-tab=\"1\" role=\"region\" aria-labelledby=\"elementor-tab-title-1041\"><p><span style=\"font-weight: 400;\">El Gran Agujero Azul de Belice est\u00e1 situado frente a la costa de Belice, cerca del Arrecife del Faro, en el mar Caribe. Forma parte del Sistema de Reservas de la Barrera de Arrecifes de Belice, declarado Patrimonio de la Humanidad por la UNESCO. <\/span><\/p>\n<\/div>\n\t\t\t\t<\/div>\n\t\t\t\t\t\t\t<div class=\"elementor-accordion-item\">\n\t\t\t\t\t<div id=\"elementor-tab-title-1042\" class=\"elementor-tab-title\" data-tab=\"2\" role=\"button\" aria-controls=\"elementor-tab-content-1042\" aria-expanded=\"false\">\n\t\t\t\t\t\t\t\t\t\t\t\t\t<span class=\"elementor-accordion-icon elementor-accordion-icon-left\" aria-hidden=\"true\">\n\t\t\t\t\t\t\t\t\t\t\t\t\t\t\t<span class=\"elementor-accordion-icon-closed\"><i class=\"fas fa-plus\"><\/i><\/span>\n\t\t\t\t\t\t\t\t<span class=\"elementor-accordion-icon-opened\"><i class=\"fas fa-minus\"><\/i><\/span>\n\t\t\t\t\t\t\t\t\t\t\t\t\t\t<\/span>\n\t\t\t\t\t\t\t\t\t\t\t\t<a class=\"elementor-accordion-title\" tabindex=\"0\">  \u00bfPor qu\u00e9 es famoso el Gran Agujero Azul de Belice?<\/a>\n\t\t\t\t\t<\/div>\n\t\t\t\t\t<div id=\"elementor-tab-content-1042\" class=\"elementor-tab-content elementor-clearfix\" data-tab=\"2\" role=\"region\" aria-labelledby=\"elementor-tab-title-1042\"><p><span style=\"font-weight: 400;\">El Gran Agujero Azul de Belice es famoso por su espectacular forma circular, visible desde el cielo, y por sus impresionantes dimensiones: unos 318 metros de di\u00e1metro y 124 metros de profundidad. Se ha convertido en uno de los s\u00edmbolos naturales m\u00e1s conocidos de Belice. <\/span><\/p>\n<\/div>\n\t\t\t\t<\/div>\n\t\t\t\t\t\t\t<div class=\"elementor-accordion-item\">\n\t\t\t\t\t<div id=\"elementor-tab-title-1043\" class=\"elementor-tab-title\" data-tab=\"3\" role=\"button\" aria-controls=\"elementor-tab-content-1043\" aria-expanded=\"false\">\n\t\t\t\t\t\t\t\t\t\t\t\t\t<span class=\"elementor-accordion-icon elementor-accordion-icon-left\" aria-hidden=\"true\">\n\t\t\t\t\t\t\t\t\t\t\t\t\t\t\t<span class=\"elementor-accordion-icon-closed\"><i class=\"fas fa-plus\"><\/i><\/span>\n\t\t\t\t\t\t\t\t<span class=\"elementor-accordion-icon-opened\"><i class=\"fas fa-minus\"><\/i><\/span>\n\t\t\t\t\t\t\t\t\t\t\t\t\t\t<\/span>\n\t\t\t\t\t\t\t\t\t\t\t\t<a class=\"elementor-accordion-title\" tabindex=\"0\">\u00bfPuedes visitar el Gran Agujero Azul de Belice?<\/a>\n\t\t\t\t\t<\/div>\n\t\t\t\t\t<div id=\"elementor-tab-content-1043\" class=\"elementor-tab-content elementor-clearfix\" data-tab=\"3\" role=\"region\" aria-labelledby=\"elementor-tab-title-1043\"><p><span style=\"font-weight: 400;\">S\u00ed, el Gran Agujero Azul de Belice se puede visitar en excursiones organizadas, sobre todo en barco o en vuelo a\u00e9reo. El lugar atrae a los amantes del submarinismo, los paisajes marinos y el patrimonio natural, pero su uso debe permanecer restringido para preservar este fr\u00e1gil ecosistema. <\/span><\/p>\n<\/div>\n\t\t\t\t<\/div>\n\t\t\t\t\t\t\t\t<\/div>\n\t\t\t\t\t\t<\/div>\n\t\t\t\t<\/div>\n\t\t\t\t\t<\/div>\n\t\t<\/div>\n\t\t\t\t\t<\/div>\n\t\t<\/section>\n\t\t\t\t<\/div>\n\t\t","protected":false},"excerpt":{"rendered":"<p>Gran Agujero Azul: visto desde el cielo, es un c\u00edrculo oscuro en medio de una laguna turquesa. Una forma casi perfecta, enclavada en el mar como un enigma. Frente a la costa de Belice, cerca del Arrecife del Faro, este abismo marino de unos 318 metros de di\u00e1metro y 124 metros de profundidad ha transformado [&hellip;]<\/p>\n","protected":false},"author":662,"featured_media":73290,"comment_status":"open","ping_status":"open","sticky":false,"template":"","format":"standard","meta":{"_acf_changed":false,"footnotes":""},"categories":[1791,1734],"tags":[1564,816],"class_list":["post-73316","post","type-post","status-publish","format-standard","has-post-thumbnail","hentry","category-cooperacion","category-turismo","tag-belice","tag-martinique-es"],"acf":[],"_links":{"self":[{"href":"https:\/\/richeskarayib.com\/es\/wp-json\/wp\/v2\/posts\/73316","targetHints":{"allow":["GET"]}}],"collection":[{"href":"https:\/\/richeskarayib.com\/es\/wp-json\/wp\/v2\/posts"}],"about":[{"href":"https:\/\/richeskarayib.com\/es\/wp-json\/wp\/v2\/types\/post"}],"author":[{"embeddable":true,"href":"https:\/\/richeskarayib.com\/es\/wp-json\/wp\/v2\/users\/662"}],"replies":[{"embeddable":true,"href":"https:\/\/richeskarayib.com\/es\/wp-json\/wp\/v2\/comments?post=73316"}],"version-history":[{"count":0,"href":"https:\/\/richeskarayib.com\/es\/wp-json\/wp\/v2\/posts\/73316\/revisions"}],"wp:featuredmedia":[{"embeddable":true,"href":"https:\/\/richeskarayib.com\/es\/wp-json\/wp\/v2\/media\/73290"}],"wp:attachment":[{"href":"https:\/\/richeskarayib.com\/es\/wp-json\/wp\/v2\/media?parent=73316"}],"wp:term":[{"taxonomy":"category","embeddable":true,"href":"https:\/\/richeskarayib.com\/es\/wp-json\/wp\/v2\/categories?post=73316"},{"taxonomy":"post_tag","embeddable":true,"href":"https:\/\/richeskarayib.com\/es\/wp-json\/wp\/v2\/tags?post=73316"}],"curies":[{"name":"wp","href":"https:\/\/api.w.org\/{rel}","templated":true}]}}