{"id":73370,"date":"2026-04-30T15:30:54","date_gmt":"2026-04-30T19:30:54","guid":{"rendered":"https:\/\/richeskarayib.com\/martinica-acuerdo-cultura-y-salud-110-000-euros-para-preservar-el-vinculo\/"},"modified":"2026-04-30T15:30:56","modified_gmt":"2026-04-30T19:30:56","slug":"martinica-acuerdo-cultura-y-salud-110-000-euros-para-preservar-el-vinculo","status":"publish","type":"post","link":"https:\/\/richeskarayib.com\/es\/martinica-acuerdo-cultura-y-salud-110-000-euros-para-preservar-el-vinculo\/","title":{"rendered":"Martinica &#8211; Acuerdo cultura y salud: 110.000 euros para preservar el v\u00ednculo"},"content":{"rendered":"\t\t<div data-elementor-type=\"wp-post\" data-elementor-id=\"73370\" class=\"elementor elementor-73370\" data-elementor-post-type=\"post\">\n\t\t\t\t\t\t<section class=\"elementor-section elementor-top-section elementor-element elementor-element-7ca7ca1 elementor-section-boxed elementor-section-height-default elementor-section-height-default\" data-id=\"7ca7ca1\" data-element_type=\"section\">\n\t\t\t\t\t\t<div class=\"elementor-container elementor-column-gap-default\">\n\t\t\t\t\t<div class=\"elementor-column elementor-col-100 elementor-top-column elementor-element elementor-element-cbdd002\" data-id=\"cbdd002\" data-element_type=\"column\">\n\t\t\t<div class=\"elementor-widget-wrap elementor-element-populated\">\n\t\t\t\t\t\t<section class=\"elementor-section elementor-inner-section elementor-element elementor-element-bc94849 elementor-section-boxed elementor-section-height-default elementor-section-height-default\" data-id=\"bc94849\" data-element_type=\"section\">\n\t\t\t\t\t\t<div class=\"elementor-container elementor-column-gap-default\">\n\t\t\t\t\t\t<\/div>\n\t\t<\/section>\n\t\t\t\t<section class=\"elementor-section elementor-inner-section elementor-element elementor-element-61571e6 elementor-section-boxed elementor-section-height-default elementor-section-height-default\" data-id=\"61571e6\" data-element_type=\"section\">\n\t\t\t\t\t\t<div class=\"elementor-container elementor-column-gap-default\">\n\t\t\t\t\t\t<\/div>\n\t\t<\/section>\n\t\t\t\t<section class=\"elementor-section elementor-inner-section elementor-element elementor-element-b6262e0 elementor-section-boxed elementor-section-height-default elementor-section-height-default\" data-id=\"b6262e0\" data-element_type=\"section\">\n\t\t\t\t\t\t<div class=\"elementor-container elementor-column-gap-default\">\n\t\t\t\t\t\t<\/div>\n\t\t<\/section>\n\t\t\t\t<section class=\"elementor-section elementor-inner-section elementor-element elementor-element-cca29fd elementor-section-boxed elementor-section-height-default elementor-section-height-default\" data-id=\"cca29fd\" data-element_type=\"section\">\n\t\t\t\t\t\t<div class=\"elementor-container elementor-column-gap-default\">\n\t\t\t\t\t\t<\/div>\n\t\t<\/section>\n\t\t\t\t\t<\/div>\n\t\t<\/div>\n\t\t\t\t\t<\/div>\n\t\t<\/section>\n\t\t\t\t<section class=\"elementor-section elementor-top-section elementor-element elementor-element-ee72354 elementor-section-boxed elementor-section-height-default elementor-section-height-default\" data-id=\"ee72354\" data-element_type=\"section\">\n\t\t\t\t\t\t<div class=\"elementor-container elementor-column-gap-default\">\n\t\t\t\t\t<div class=\"elementor-column elementor-col-100 elementor-top-column elementor-element elementor-element-c59d6fe\" data-id=\"c59d6fe\" data-element_type=\"column\">\n\t\t\t<div class=\"elementor-widget-wrap elementor-element-populated\">\n\t\t\t\t\t\t<div class=\"elementor-element elementor-element-661ebea elementor-widget elementor-widget-text-editor\" data-id=\"661ebea\" data-element_type=\"widget\" data-widget_type=\"text-editor.default\">\n\t\t\t\t<div class=\"elementor-widget-container\">\n\t\t\t\t\t\t\t\t\t<p>En Martinica, la <a href=\"https:\/\/www.culture.gouv.fr\/regions\/dac-martinique\" target=\"_blank\" rel=\"noopener nofollow\">DAC<\/a> y la ARS renuevan su acuerdo sobre cultura y salud para el periodo 2026-2030. Detr\u00e1s de este acuerdo, firmado el 22 de abril, hay ni\u00f1os hospitalizados, residentes en residencias de ancianos, personas con discapacidad, cuidadores y artistas que intentan mantener un v\u00ednculo esencial: el acceso a la cultura, incluso en momentos de vulnerabilidad. <\/p>\t\t\t\t\t\t\t\t<\/div>\n\t\t\t\t<\/div>\n\t\t\t\t\t<\/div>\n\t\t<\/div>\n\t\t\t\t\t<\/div>\n\t\t<\/section>\n\t\t\t\t<section class=\"elementor-section elementor-top-section elementor-element elementor-element-82cd8f9 elementor-section-boxed elementor-section-height-default elementor-section-height-default\" data-id=\"82cd8f9\" data-element_type=\"section\">\n\t\t\t\t\t\t<div class=\"elementor-container elementor-column-gap-default\">\n\t\t\t\t\t<div class=\"elementor-column elementor-col-100 elementor-top-column elementor-element elementor-element-0bfdc38\" data-id=\"0bfdc38\" data-element_type=\"column\">\n\t\t\t<div class=\"elementor-widget-wrap elementor-element-populated\">\n\t\t\t\t\t\t<div class=\"elementor-element elementor-element-7d292fe elementor-widget elementor-widget-heading\" data-id=\"7d292fe\" data-element_type=\"widget\" data-widget_type=\"heading.default\">\n\t\t\t\t<div class=\"elementor-widget-container\">\n\t\t\t\t\t<h2 class=\"elementor-heading-title elementor-size-default\">Un acuerdo para mantener el hospital en contacto con el mundo<\/h2>\t\t\t\t<\/div>\n\t\t\t\t<\/div>\n\t\t\t\t<section class=\"elementor-section elementor-inner-section elementor-element elementor-element-da8459c elementor-section-boxed elementor-section-height-default elementor-section-height-default\" data-id=\"da8459c\" data-element_type=\"section\">\n\t\t\t\t\t\t<div class=\"elementor-container elementor-column-gap-default\">\n\t\t\t\t\t<div class=\"elementor-column elementor-col-100 elementor-inner-column elementor-element elementor-element-45b856b\" data-id=\"45b856b\" data-element_type=\"column\">\n\t\t\t<div class=\"elementor-widget-wrap elementor-element-populated\">\n\t\t\t\t\t\t<div class=\"elementor-element elementor-element-289b094 elementor-widget elementor-widget-text-editor\" data-id=\"289b094\" data-element_type=\"widget\" data-widget_type=\"text-editor.default\">\n\t\t\t\t<div class=\"elementor-widget-container\">\n\t\t\t\t\t\t\t\t\t<p><span style=\"font-weight: 400;\">El convenio de cultura y salud entra en una nueva fase en Martinica. El 22 de abril de 2026, en Le Marin, el Departamento de Asuntos Culturales de Martinica y la Agencia Regional de Salud de Martinica firmaron un nuevo acuerdo regional para el periodo 2026-2030. El tema puede parecer institucional. Sin embargo, toca algo muy concreto: qu\u00e9 queda de la vida cultural cuando la enfermedad, la edad o la discapacidad cambian la vida cotidiana.   <\/span><\/p>\t\t\t\t\t\t\t\t<\/div>\n\t\t\t\t<\/div>\n\t\t\t\t<div class=\"elementor-element elementor-element-a7fab86 elementor-widget elementor-widget-text-editor\" data-id=\"a7fab86\" data-element_type=\"widget\" data-widget_type=\"text-editor.default\">\n\t\t\t\t<div class=\"elementor-widget-container\">\n\t\t\t\t\t\t\t\t\t<p><span style=\"font-weight: 400;\">En un pabell\u00f3n pedi\u00e1trico, una residencia de ancianos o una residencia de ancianos, el arte es algo m\u00e1s que un mero entretenimiento. Puede convertirse en un soplo de aire fresco, una forma de hablar de otra manera, de traer a la memoria un recuerdo, de volver a situar a una persona en el centro de su propia historia. Esto es lo que resume S\u00e9verine HUBY, asesora de educaci\u00f3n art\u00edstica y cultural y de acci\u00f3n cultural de la DAC de Martinica, cuando nos recuerda que &#8220;no debe haber ninguna ruptura en el acceso a la cultura&#8221;.  <\/span><\/p>\t\t\t\t\t\t\t\t<\/div>\n\t\t\t\t<\/div>\n\t\t\t\t\t<\/div>\n\t\t<\/div>\n\t\t\t\t\t<\/div>\n\t\t<\/section>\n\t\t\t\t<section class=\"elementor-section elementor-inner-section elementor-element elementor-element-9eb233d elementor-section-boxed elementor-section-height-default elementor-section-height-default\" data-id=\"9eb233d\" data-element_type=\"section\">\n\t\t\t\t\t\t<div class=\"elementor-container elementor-column-gap-default\">\n\t\t\t\t\t<div class=\"elementor-column elementor-col-50 elementor-inner-column elementor-element elementor-element-baccb6b\" data-id=\"baccb6b\" data-element_type=\"column\">\n\t\t\t<div class=\"elementor-widget-wrap elementor-element-populated\">\n\t\t\t\t\t\t<div class=\"elementor-element elementor-element-95c8c72 elementor-widget elementor-widget-image\" data-id=\"95c8c72\" data-element_type=\"widget\" data-widget_type=\"image.default\">\n\t\t\t\t<div class=\"elementor-widget-container\">\n\t\t\t\t\t\t\t\t\t\t\t\t\t\t\t<img fetchpriority=\"high\" decoding=\"async\" width=\"800\" height=\"500\" src=\"https:\/\/richeskarayib.com\/wp-content\/uploads\/2026\/04\/1-1024x640.png\" class=\"attachment-large size-large wp-image-73356\" alt=\"Convention culture et sant\u00e9\" srcset=\"https:\/\/richeskarayib.com\/wp-content\/uploads\/2026\/04\/1-1024x640.png 1024w, https:\/\/richeskarayib.com\/wp-content\/uploads\/2026\/04\/1-300x188.png 300w, https:\/\/richeskarayib.com\/wp-content\/uploads\/2026\/04\/1-768x480.png 768w, https:\/\/richeskarayib.com\/wp-content\/uploads\/2026\/04\/1-1536x960.png 1536w, https:\/\/richeskarayib.com\/wp-content\/uploads\/2026\/04\/1-1320x825.png 1320w, https:\/\/richeskarayib.com\/wp-content\/uploads\/2026\/04\/1.png 1920w\" sizes=\"(max-width: 800px) 100vw, 800px\" \/>\t\t\t\t\t\t\t\t\t\t\t\t\t\t\t<\/div>\n\t\t\t\t<\/div>\n\t\t\t\t\t<\/div>\n\t\t<\/div>\n\t\t\t\t<div class=\"elementor-column elementor-col-50 elementor-inner-column elementor-element elementor-element-4b4ba25\" data-id=\"4b4ba25\" data-element_type=\"column\">\n\t\t\t<div class=\"elementor-widget-wrap elementor-element-populated\">\n\t\t\t\t\t\t<div class=\"elementor-element elementor-element-2b1ef53 elementor-widget elementor-widget-image\" data-id=\"2b1ef53\" data-element_type=\"widget\" data-widget_type=\"image.default\">\n\t\t\t\t<div class=\"elementor-widget-container\">\n\t\t\t\t\t\t\t\t\t\t\t\t\t\t\t<img decoding=\"async\" width=\"800\" height=\"500\" src=\"https:\/\/richeskarayib.com\/wp-content\/uploads\/2026\/04\/3-1-1024x640.png\" class=\"attachment-large size-large wp-image-73360\" alt=\"Convention culture et sant\u00e9\" srcset=\"https:\/\/richeskarayib.com\/wp-content\/uploads\/2026\/04\/3-1-1024x640.png 1024w, https:\/\/richeskarayib.com\/wp-content\/uploads\/2026\/04\/3-1-300x188.png 300w, https:\/\/richeskarayib.com\/wp-content\/uploads\/2026\/04\/3-1-768x480.png 768w, https:\/\/richeskarayib.com\/wp-content\/uploads\/2026\/04\/3-1-1536x960.png 1536w, https:\/\/richeskarayib.com\/wp-content\/uploads\/2026\/04\/3-1-1320x825.png 1320w, https:\/\/richeskarayib.com\/wp-content\/uploads\/2026\/04\/3-1.png 1920w\" sizes=\"(max-width: 800px) 100vw, 800px\" \/>\t\t\t\t\t\t\t\t\t\t\t\t\t\t\t<\/div>\n\t\t\t\t<\/div>\n\t\t\t\t\t<\/div>\n\t\t<\/div>\n\t\t\t\t\t<\/div>\n\t\t<\/section>\n\t\t\t\t<section class=\"elementor-section elementor-inner-section elementor-element elementor-element-c582330 elementor-section-boxed elementor-section-height-default elementor-section-height-default\" data-id=\"c582330\" data-element_type=\"section\">\n\t\t\t\t\t\t<div class=\"elementor-container elementor-column-gap-default\">\n\t\t\t\t\t\t<\/div>\n\t\t<\/section>\n\t\t\t\t<section class=\"elementor-section elementor-inner-section elementor-element elementor-element-296603a elementor-section-boxed elementor-section-height-default elementor-section-height-default\" data-id=\"296603a\" data-element_type=\"section\">\n\t\t\t\t\t\t<div class=\"elementor-container elementor-column-gap-default\">\n\t\t\t\t\t\t<\/div>\n\t\t<\/section>\n\t\t\t\t\t<\/div>\n\t\t<\/div>\n\t\t\t\t\t<\/div>\n\t\t<\/section>\n\t\t\t\t<section class=\"elementor-section elementor-top-section elementor-element elementor-element-4a0e8e4 elementor-section-boxed elementor-section-height-default elementor-section-height-default\" data-id=\"4a0e8e4\" data-element_type=\"section\">\n\t\t\t\t\t\t<div class=\"elementor-container elementor-column-gap-default\">\n\t\t\t\t\t<div class=\"elementor-column elementor-col-100 elementor-top-column elementor-element elementor-element-f16bdfb\" data-id=\"f16bdfb\" data-element_type=\"column\">\n\t\t\t<div class=\"elementor-widget-wrap elementor-element-populated\">\n\t\t\t\t\t\t<div class=\"elementor-element elementor-element-33604cf elementor-widget elementor-widget-heading\" data-id=\"33604cf\" data-element_type=\"widget\" data-widget_type=\"heading.default\">\n\t\t\t\t<div class=\"elementor-widget-container\">\n\t\t\t\t\t<h2 class=\"elementor-heading-title elementor-size-default\">Dos objetivos: acceso a la cultura y salud global<\/h2>\t\t\t\t<\/div>\n\t\t\t\t<\/div>\n\t\t\t\t<div class=\"elementor-element elementor-element-06205d8 elementor-widget elementor-widget-text-editor\" data-id=\"06205d8\" data-element_type=\"widget\" data-widget_type=\"text-editor.default\">\n\t\t\t\t<div class=\"elementor-widget-container\">\n\t\t\t\t\t\t\t\t\t<p><span style=\"font-weight: 400;\">El acuerdo sobre cultura y salud tiene dos objetivos complementarios. El primero es cultural: mejorar el acceso a las obras y pr\u00e1cticas art\u00edsticas de las personas hospitalizadas, las personas mayores y las personas con discapacidad, as\u00ed como de sus familias, cuidadores y equipos profesionales. El segundo es sanitario: movilizar el arte y la cultura como palancas de apoyo, prevenci\u00f3n, bienestar, autonom\u00eda e inclusi\u00f3n.  <\/span><\/p>\n<p><span style=\"font-weight: 400;\">Este marco regional forma parte de una pol\u00edtica nacional en vigor desde hace m\u00e1s de 25 a\u00f1os. El primer acuerdo interministerial data de 1999. En julio de 2025 se firm\u00f3 un nuevo acuerdo nacional, antes de que Martinica renovara su compromiso para 2026-2030.  <\/span><\/p>\t\t\t\t\t\t\t\t<\/div>\n\t\t\t\t<\/div>\n\t\t\t\t<div class=\"elementor-element elementor-element-a35f40a elementor-widget elementor-widget-text-editor\" data-id=\"a35f40a\" data-element_type=\"widget\" data-widget_type=\"text-editor.default\">\n\t\t\t\t<div class=\"elementor-widget-container\">\n\t\t\t\t\t\t\t\t\t<p>Sobre el terreno, esto significa que se pueden llevar a cabo proyectos art\u00edsticos en hospitales, residencias de ancianos, centros para personas con discapacidad y otros centros de asistencia y apoyo. El acuerdo sobre cultura y salud abarca una amplia gama de campos: m\u00fasica, danza, teatro, cuentacuentos, marionetas, artes visuales, libros, cine, patrimonio cultural inmaterial y creaci\u00f3n digital. <\/p>\t\t\t\t\t\t\t\t<\/div>\n\t\t\t\t<\/div>\n\t\t\t\t<div class=\"elementor-element elementor-element-5740f7d elementor-widget elementor-widget-image\" data-id=\"5740f7d\" data-element_type=\"widget\" data-widget_type=\"image.default\">\n\t\t\t\t<div class=\"elementor-widget-container\">\n\t\t\t\t\t\t\t\t\t\t\t\t\t\t\t<img decoding=\"async\" width=\"800\" height=\"600\" src=\"https:\/\/richeskarayib.com\/wp-content\/uploads\/2026\/04\/679561151_26788342717452495_8161863694380786828_n-1024x768.jpg\" class=\"attachment-large size-large wp-image-73328\" alt=\"Convention culture et sant\u00e9\" srcset=\"https:\/\/richeskarayib.com\/wp-content\/uploads\/2026\/04\/679561151_26788342717452495_8161863694380786828_n-1024x768.jpg 1024w, https:\/\/richeskarayib.com\/wp-content\/uploads\/2026\/04\/679561151_26788342717452495_8161863694380786828_n-300x225.jpg 300w, https:\/\/richeskarayib.com\/wp-content\/uploads\/2026\/04\/679561151_26788342717452495_8161863694380786828_n-768x576.jpg 768w, https:\/\/richeskarayib.com\/wp-content\/uploads\/2026\/04\/679561151_26788342717452495_8161863694380786828_n-1536x1152.jpg 1536w, https:\/\/richeskarayib.com\/wp-content\/uploads\/2026\/04\/679561151_26788342717452495_8161863694380786828_n-1320x990.jpg 1320w, https:\/\/richeskarayib.com\/wp-content\/uploads\/2026\/04\/679561151_26788342717452495_8161863694380786828_n.jpg 1600w\" sizes=\"(max-width: 800px) 100vw, 800px\" \/>\t\t\t\t\t\t\t\t\t\t\t\t\t\t\t<\/div>\n\t\t\t\t<\/div>\n\t\t\t\t\t<\/div>\n\t\t<\/div>\n\t\t\t\t\t<\/div>\n\t\t<\/section>\n\t\t\t\t<section class=\"elementor-section elementor-top-section elementor-element elementor-element-73744de elementor-section-boxed elementor-section-height-default elementor-section-height-default\" data-id=\"73744de\" data-element_type=\"section\">\n\t\t\t\t\t\t<div class=\"elementor-container elementor-column-gap-default\">\n\t\t\t\t\t<div class=\"elementor-column elementor-col-100 elementor-top-column elementor-element elementor-element-8f238ec\" data-id=\"8f238ec\" data-element_type=\"column\">\n\t\t\t<div class=\"elementor-widget-wrap elementor-element-populated\">\n\t\t\t\t\t\t<div class=\"elementor-element elementor-element-1a869a1 elementor-widget elementor-widget-heading\" data-id=\"1a869a1\" data-element_type=\"widget\" data-widget_type=\"heading.default\">\n\t\t\t\t<div class=\"elementor-widget-container\">\n\t\t\t\t\t<h2 class=\"elementor-heading-title elementor-size-default\">110.000 al a\u00f1o y un alto nivel profesional<\/h2>\t\t\t\t<\/div>\n\t\t\t\t<\/div>\n\t\t\t\t<div class=\"elementor-element elementor-element-ed5c50c elementor-widget elementor-widget-text-editor\" data-id=\"ed5c50c\" data-element_type=\"widget\" data-widget_type=\"text-editor.default\">\n\t\t\t\t<div class=\"elementor-widget-container\">\n\t\t\t\t\t\t\t\t\t<p><span style=\"font-weight: 400;\">Para 2026, est\u00e1 previsto lanzar una nueva convocatoria de proyectos a principios de mayo. Seg\u00fan S\u00e9verine Huby, el presupuesto anual es de 110.000 euros, de los que 60.000 los aporta el ARS y 50.000 el CAD. Tambi\u00e9n se\u00f1al\u00f3 que, a pesar de la ajustada situaci\u00f3n presupuestaria, se han mantenido los fondos destinados a este programa.  <\/span><\/p>\n<p><span style=\"font-weight: 400;\">Los proyectos no pueden ser ideados s\u00f3lo por un artista, ni s\u00f3lo por una instituci\u00f3n. Deben ser desarrollados conjuntamente por un agente cultural profesional y una instituci\u00f3n sanitaria o m\u00e9dico-social. Este requisito es el n\u00facleo del programa. Ayuda a evitar propuestas desconectadas de las necesidades reales de los pacientes, los residentes y los equipos.   <\/span><\/p>\t\t\t\t\t\t\t\t<\/div>\n\t\t\t\t<\/div>\n\t\t\t\t<div class=\"elementor-element elementor-element-c30a925 elementor-widget elementor-widget-text-editor\" data-id=\"c30a925\" data-element_type=\"widget\" data-widget_type=\"text-editor.default\">\n\t\t\t\t<div class=\"elementor-widget-container\">\n\t\t\t\t\t\t\t\t\t<p><span style=\"font-weight: 400;\">El acuerdo tambi\u00e9n hace hincapi\u00e9 en el papel activo de los beneficiarios. La persona a la que se presta apoyo no debe ser un mero espectador. Debe poder participar, crear, contar historias, moverse y transmitir, en funci\u00f3n de su estado de salud, edad, discapacidad o capacidades actuales.  <\/span><\/p>\t\t\t\t\t\t\t\t<\/div>\n\t\t\t\t<\/div>\n\t\t\t\t<section class=\"elementor-section elementor-inner-section elementor-element elementor-element-c647670 elementor-section-boxed elementor-section-height-default elementor-section-height-default\" data-id=\"c647670\" data-element_type=\"section\">\n\t\t\t\t\t\t<div class=\"elementor-container elementor-column-gap-default\">\n\t\t\t\t\t<div class=\"elementor-column elementor-col-100 elementor-inner-column elementor-element elementor-element-cb0380e\" data-id=\"cb0380e\" data-element_type=\"column\">\n\t\t\t<div class=\"elementor-widget-wrap elementor-element-populated\">\n\t\t\t\t\t\t<div class=\"elementor-element elementor-element-154fd47 elementor-widget elementor-widget-image\" data-id=\"154fd47\" data-element_type=\"widget\" data-widget_type=\"image.default\">\n\t\t\t\t<div class=\"elementor-widget-container\">\n\t\t\t\t\t\t\t\t\t\t\t\t\t\t\t<img loading=\"lazy\" decoding=\"async\" width=\"800\" height=\"500\" src=\"https:\/\/richeskarayib.com\/wp-content\/uploads\/2026\/04\/2-1-1024x640.png\" class=\"attachment-large size-large wp-image-73364\" alt=\"Convention culture et sant\u00e9\" srcset=\"https:\/\/richeskarayib.com\/wp-content\/uploads\/2026\/04\/2-1-1024x640.png 1024w, https:\/\/richeskarayib.com\/wp-content\/uploads\/2026\/04\/2-1-300x188.png 300w, https:\/\/richeskarayib.com\/wp-content\/uploads\/2026\/04\/2-1-768x480.png 768w, https:\/\/richeskarayib.com\/wp-content\/uploads\/2026\/04\/2-1-1536x960.png 1536w, https:\/\/richeskarayib.com\/wp-content\/uploads\/2026\/04\/2-1-1320x825.png 1320w, https:\/\/richeskarayib.com\/wp-content\/uploads\/2026\/04\/2-1.png 1920w\" sizes=\"(max-width: 800px) 100vw, 800px\" \/>\t\t\t\t\t\t\t\t\t\t\t\t\t\t\t<\/div>\n\t\t\t\t<\/div>\n\t\t\t\t\t<\/div>\n\t\t<\/div>\n\t\t\t\t\t<\/div>\n\t\t<\/section>\n\t\t\t\t\t<\/div>\n\t\t<\/div>\n\t\t\t\t\t<\/div>\n\t\t<\/section>\n\t\t\t\t<section class=\"elementor-section elementor-top-section elementor-element elementor-element-cd6f302 elementor-section-boxed elementor-section-height-default elementor-section-height-default\" data-id=\"cd6f302\" data-element_type=\"section\">\n\t\t\t\t\t\t<div class=\"elementor-container elementor-column-gap-default\">\n\t\t\t\t\t<div class=\"elementor-column elementor-col-100 elementor-top-column elementor-element elementor-element-3291df2\" data-id=\"3291df2\" data-element_type=\"column\">\n\t\t\t<div class=\"elementor-widget-wrap elementor-element-populated\">\n\t\t\t\t\t\t<div class=\"elementor-element elementor-element-d48250a elementor-widget elementor-widget-heading\" data-id=\"d48250a\" data-element_type=\"widget\" data-widget_type=\"heading.default\">\n\t\t\t\t<div class=\"elementor-widget-container\">\n\t\t\t\t\t<h2 class=\"elementor-heading-title elementor-size-default\">149 proyectos ya apoyados en Martinica<\/h2>\t\t\t\t<\/div>\n\t\t\t\t<\/div>\n\t\t\t\t<div class=\"elementor-element elementor-element-995f4f4 elementor-widget elementor-widget-text-editor\" data-id=\"995f4f4\" data-element_type=\"widget\" data-widget_type=\"text-editor.default\">\n\t\t\t\t<div class=\"elementor-widget-container\">\n\t\t\t\t\t\t\t\t\t<p>El informe anterior da una idea de lo que ya ha conseguido el acuerdo sobre cultura y salud. Entre 2021 y 2025, se han apoyado 149 proyectos en Martinica, por un total de 540.000 euros. M\u00e1s de dos tercios de los proyectos subvencionados est\u00e1n relacionados con las artes esc\u00e9nicas y el patrimonio cultural inmaterial. M\u00fasica, danza, percusi\u00f3n, narraci\u00f3n de cuentos, artes y oficios: estas pr\u00e1cticas tienen una resonancia particular en los establecimientos para personas mayores, porque activan la memoria, los gestos, los sonidos y las referencias culturales.   <\/p>\t\t\t\t\t\t\t\t<\/div>\n\t\t\t\t<\/div>\n\t\t\t\t<section class=\"elementor-section elementor-inner-section elementor-element elementor-element-ae955b0 elementor-section-boxed elementor-section-height-default elementor-section-height-default\" data-id=\"ae955b0\" data-element_type=\"section\">\n\t\t\t\t\t\t<div class=\"elementor-container elementor-column-gap-default\">\n\t\t\t\t\t<div class=\"elementor-column elementor-col-50 elementor-inner-column elementor-element elementor-element-341f8cb\" data-id=\"341f8cb\" data-element_type=\"column\">\n\t\t\t<div class=\"elementor-widget-wrap elementor-element-populated\">\n\t\t\t\t\t\t<div class=\"elementor-element elementor-element-b022058 elementor-widget elementor-widget-image\" data-id=\"b022058\" data-element_type=\"widget\" data-widget_type=\"image.default\">\n\t\t\t\t<div class=\"elementor-widget-container\">\n\t\t\t\t\t\t\t\t\t\t\t\t\t\t\t<img loading=\"lazy\" decoding=\"async\" width=\"575\" height=\"718\" src=\"https:\/\/richeskarayib.com\/wp-content\/uploads\/2026\/04\/2026-04-30_22h27_19.png\" class=\"attachment-large size-large wp-image-73340\" alt=\"Convention culture et sant\u00e9\" srcset=\"https:\/\/richeskarayib.com\/wp-content\/uploads\/2026\/04\/2026-04-30_22h27_19.png 575w, https:\/\/richeskarayib.com\/wp-content\/uploads\/2026\/04\/2026-04-30_22h27_19-240x300.png 240w\" sizes=\"(max-width: 575px) 100vw, 575px\" \/>\t\t\t\t\t\t\t\t\t\t\t\t\t\t\t<\/div>\n\t\t\t\t<\/div>\n\t\t\t\t\t<\/div>\n\t\t<\/div>\n\t\t\t\t<div class=\"elementor-column elementor-col-50 elementor-inner-column elementor-element elementor-element-b2827aa\" data-id=\"b2827aa\" data-element_type=\"column\">\n\t\t\t<div class=\"elementor-widget-wrap elementor-element-populated\">\n\t\t\t\t\t\t<div class=\"elementor-element elementor-element-9e0446d elementor-widget elementor-widget-image\" data-id=\"9e0446d\" data-element_type=\"widget\" data-widget_type=\"image.default\">\n\t\t\t\t<div class=\"elementor-widget-container\">\n\t\t\t\t\t\t\t\t\t\t\t\t\t\t\t<img loading=\"lazy\" decoding=\"async\" width=\"575\" height=\"712\" src=\"https:\/\/richeskarayib.com\/wp-content\/uploads\/2026\/04\/2026-04-30_22h27_08.png\" class=\"attachment-large size-large wp-image-73332\" alt=\"Convention culture et sant\u00e9\" srcset=\"https:\/\/richeskarayib.com\/wp-content\/uploads\/2026\/04\/2026-04-30_22h27_08.png 575w, https:\/\/richeskarayib.com\/wp-content\/uploads\/2026\/04\/2026-04-30_22h27_08-242x300.png 242w\" sizes=\"(max-width: 575px) 100vw, 575px\" \/>\t\t\t\t\t\t\t\t\t\t\t\t\t\t\t<\/div>\n\t\t\t\t<\/div>\n\t\t\t\t\t<\/div>\n\t\t<\/div>\n\t\t\t\t\t<\/div>\n\t\t<\/section>\n\t\t\t\t<div class=\"elementor-element elementor-element-05bb628 elementor-widget elementor-widget-text-editor\" data-id=\"05bb628\" data-element_type=\"widget\" data-widget_type=\"text-editor.default\">\n\t\t\t\t<div class=\"elementor-widget-container\">\n\t\t\t\t\t\t\t\t\t<p><span style=\"font-weight: 400;\">Entre los proyectos destacados est\u00e1 la asociaci\u00f3n Clowns Dokt\u00e9. En la Maison de la Femme et de l&#8217;Enfant (MFME) de <a href=\"https:\/\/richeskarayib.com\/es\/martinica-taller-de-diseno-bioclimatico-cinco-dias-para-pensar-y-disenar-una-estructura-bioclimatica-en-fort-de-france\/\" target=\"_blank\" rel=\"noopener\">Fort-de-France<\/a>, en pediatr\u00eda de Trinit\u00e9 y en el Centre Hospitalier du Nord Cara\u00efbe, los payasos trabajan con los ni\u00f1os hospitalizados y sus familias. Antes de la intervenci\u00f3n, se mantiene una conversaci\u00f3n m\u00e9dica con el equipo de enfermer\u00eda. Tras la visita, los payasos pueden dar su opini\u00f3n sobre lo que han observado en el ni\u00f1o.   <\/span><\/p>\t\t\t\t\t\t\t\t<\/div>\n\t\t\t\t<\/div>\n\t\t\t\t<div class=\"elementor-element elementor-element-3c61aa7 elementor-widget elementor-widget-text-editor\" data-id=\"3c61aa7\" data-element_type=\"widget\" data-widget_type=\"text-editor.default\">\n\t\t\t\t<div class=\"elementor-widget-container\">\n\t\t\t\t\t\t\t\t\t<p><span style=\"font-weight: 400;\">Su trabajo no consiste s\u00f3lo en hacer re\u00edr. Tambi\u00e9n se trata de reducir el estr\u00e9s, apoyar a las familias, quitar dramatismo a ciertos periodos de espera o de tratamiento, y crear un encuentro a la altura de los ni\u00f1os. Con Kloun Gran Moun, la asociaci\u00f3n tambi\u00e9n trabaja con ancianos en residencias, fomentando la cohesi\u00f3n social, la memoria y la presencia humana.  <\/span><\/p>\t\t\t\t\t\t\t\t<\/div>\n\t\t\t\t<\/div>\n\t\t\t\t<section class=\"elementor-section elementor-inner-section elementor-element elementor-element-8ac4756 elementor-section-boxed elementor-section-height-default elementor-section-height-default\" data-id=\"8ac4756\" data-element_type=\"section\">\n\t\t\t\t\t\t<div class=\"elementor-container elementor-column-gap-default\">\n\t\t\t\t\t<div class=\"elementor-column elementor-col-33 elementor-inner-column elementor-element elementor-element-c1f1783\" data-id=\"c1f1783\" data-element_type=\"column\">\n\t\t\t<div class=\"elementor-widget-wrap elementor-element-populated\">\n\t\t\t\t\t\t<div class=\"elementor-element elementor-element-b702730 elementor-widget elementor-widget-image\" data-id=\"b702730\" data-element_type=\"widget\" data-widget_type=\"image.default\">\n\t\t\t\t<div class=\"elementor-widget-container\">\n\t\t\t\t\t\t\t\t\t\t\t\t\t\t\t<img loading=\"lazy\" decoding=\"async\" width=\"513\" height=\"717\" src=\"https:\/\/richeskarayib.com\/wp-content\/uploads\/2026\/04\/2026-04-30_22h27_01.png\" class=\"attachment-large size-large wp-image-73336\" alt=\"Convention culture et sant\u00e9\" srcset=\"https:\/\/richeskarayib.com\/wp-content\/uploads\/2026\/04\/2026-04-30_22h27_01.png 513w, https:\/\/richeskarayib.com\/wp-content\/uploads\/2026\/04\/2026-04-30_22h27_01-215x300.png 215w\" sizes=\"(max-width: 513px) 100vw, 513px\" \/>\t\t\t\t\t\t\t\t\t\t\t\t\t\t\t<\/div>\n\t\t\t\t<\/div>\n\t\t\t\t\t<\/div>\n\t\t<\/div>\n\t\t\t\t<div class=\"elementor-column elementor-col-33 elementor-inner-column elementor-element elementor-element-b88cd01\" data-id=\"b88cd01\" data-element_type=\"column\">\n\t\t\t<div class=\"elementor-widget-wrap elementor-element-populated\">\n\t\t\t\t\t\t<div class=\"elementor-element elementor-element-4812217 elementor-widget elementor-widget-image\" data-id=\"4812217\" data-element_type=\"widget\" data-widget_type=\"image.default\">\n\t\t\t\t<div class=\"elementor-widget-container\">\n\t\t\t\t\t\t\t\t\t\t\t\t\t\t\t<img loading=\"lazy\" decoding=\"async\" width=\"768\" height=\"1024\" src=\"https:\/\/richeskarayib.com\/wp-content\/uploads\/2026\/04\/CLOWNS-DOKTE-Kloun-gran-moun-768x1024.jpg\" class=\"attachment-large size-large wp-image-73344\" alt=\"Convention culture et sant\u00e9\" srcset=\"https:\/\/richeskarayib.com\/wp-content\/uploads\/2026\/04\/CLOWNS-DOKTE-Kloun-gran-moun-768x1024.jpg 768w, https:\/\/richeskarayib.com\/wp-content\/uploads\/2026\/04\/CLOWNS-DOKTE-Kloun-gran-moun-225x300.jpg 225w, https:\/\/richeskarayib.com\/wp-content\/uploads\/2026\/04\/CLOWNS-DOKTE-Kloun-gran-moun-1152x1536.jpg 1152w, https:\/\/richeskarayib.com\/wp-content\/uploads\/2026\/04\/CLOWNS-DOKTE-Kloun-gran-moun-1320x1760.jpg 1320w, https:\/\/richeskarayib.com\/wp-content\/uploads\/2026\/04\/CLOWNS-DOKTE-Kloun-gran-moun.jpg 1440w\" sizes=\"(max-width: 768px) 100vw, 768px\" \/>\t\t\t\t\t\t\t\t\t\t\t\t\t\t\t<\/div>\n\t\t\t\t<\/div>\n\t\t\t\t\t<\/div>\n\t\t<\/div>\n\t\t\t\t<div class=\"elementor-column elementor-col-33 elementor-inner-column elementor-element elementor-element-6b0f57a\" data-id=\"6b0f57a\" data-element_type=\"column\">\n\t\t\t<div class=\"elementor-widget-wrap elementor-element-populated\">\n\t\t\t\t\t\t<div class=\"elementor-element elementor-element-ddc7704 elementor-widget elementor-widget-image\" data-id=\"ddc7704\" data-element_type=\"widget\" data-widget_type=\"image.default\">\n\t\t\t\t<div class=\"elementor-widget-container\">\n\t\t\t\t\t\t\t\t\t\t\t\t\t\t\t<img loading=\"lazy\" decoding=\"async\" width=\"476\" height=\"640\" src=\"https:\/\/richeskarayib.com\/wp-content\/uploads\/2026\/04\/2026-04-30_22h30_01.png\" class=\"attachment-large size-large wp-image-73352\" alt=\"Convention culture et sant\u00e9\" srcset=\"https:\/\/richeskarayib.com\/wp-content\/uploads\/2026\/04\/2026-04-30_22h30_01.png 476w, https:\/\/richeskarayib.com\/wp-content\/uploads\/2026\/04\/2026-04-30_22h30_01-223x300.png 223w\" sizes=\"(max-width: 476px) 100vw, 476px\" \/>\t\t\t\t\t\t\t\t\t\t\t\t\t\t\t<\/div>\n\t\t\t\t<\/div>\n\t\t\t\t\t<\/div>\n\t\t<\/div>\n\t\t\t\t\t<\/div>\n\t\t<\/section>\n\t\t\t\t\t<\/div>\n\t\t<\/div>\n\t\t\t\t\t<\/div>\n\t\t<\/section>\n\t\t\t\t<section class=\"elementor-section elementor-top-section elementor-element elementor-element-613f9af elementor-section-boxed elementor-section-height-default elementor-section-height-default\" data-id=\"613f9af\" data-element_type=\"section\">\n\t\t\t\t\t\t<div class=\"elementor-container elementor-column-gap-default\">\n\t\t\t\t\t<div class=\"elementor-column elementor-col-100 elementor-top-column elementor-element elementor-element-3a0b597\" data-id=\"3a0b597\" data-element_type=\"column\">\n\t\t\t<div class=\"elementor-widget-wrap elementor-element-populated\">\n\t\t\t\t\t\t<div class=\"elementor-element elementor-element-65ae292 elementor-widget elementor-widget-heading\" data-id=\"65ae292\" data-element_type=\"widget\" data-widget_type=\"heading.default\">\n\t\t\t\t<div class=\"elementor-widget-container\">\n\t\t\t\t\t<h2 class=\"elementor-heading-title elementor-size-default\">Una pol\u00edtica cultural, pero tambi\u00e9n una opci\u00f3n social<\/h2>\t\t\t\t<\/div>\n\t\t\t\t<\/div>\n\t\t\t\t<div class=\"elementor-element elementor-element-4f49764 elementor-widget elementor-widget-text-editor\" data-id=\"4f49764\" data-element_type=\"widget\" data-widget_type=\"text-editor.default\">\n\t\t\t\t<div class=\"elementor-widget-container\">\n\t\t\t\t\t\t\t\t\t<p><span style=\"font-weight: 400;\">El acuerdo sobre cultura y salud plantea una cuesti\u00f3n m\u00e1s amplia: \u00bfqu\u00e9 lugar dejamos a las personas con problemas de salud en la vida cultural de la regi\u00f3n? La respuesta es clara: la hospitalizaci\u00f3n, la edad o la discapacidad no deben excluir a las personas de crear, hablar, recordar y sentir. Para Martinica, la cuesti\u00f3n es tambi\u00e9n patrimonial. Cuando un tambor, una marioneta, un programa de radio, un taller de danza o un cuento entran en un establecimiento asistencial, no es s\u00f3lo una actividad que comienza. Es una parte del territorio que circula, que se transmite y que nos recuerda que la cultura no se detiene a las puertas de los lugares vulnerables.    <\/span><\/p>\t\t\t\t\t\t\t\t<\/div>\n\t\t\t\t<\/div>\n\t\t\t\t<div class=\"elementor-element elementor-element-1b27208 elementor-widget elementor-widget-text-editor\" data-id=\"1b27208\" data-element_type=\"widget\" data-widget_type=\"text-editor.default\">\n\t\t\t\t<div class=\"elementor-widget-container\">\n\t\t\t\t\t\t\t\t\t<p><span style=\"font-weight: 400;\">El nuevo Acuerdo Cultura y Salud 2026-2030 abre un periodo decisivo. Queda por ver qu\u00e9 artistas, asociaciones e instituciones responder\u00e1n a la convocatoria de proyectos 2026. Y, sobre todo, qu\u00e9 historias surgir\u00e1n de estos encuentros entre cuidados, memoria y creaci\u00f3n.  <\/span><\/p>\t\t\t\t\t\t\t\t<\/div>\n\t\t\t\t<\/div>\n\t\t\t\t\t<\/div>\n\t\t<\/div>\n\t\t\t\t\t<\/div>\n\t\t<\/section>\n\t\t\t\t<section class=\"elementor-section elementor-top-section elementor-element elementor-element-f5709a6 elementor-section-boxed elementor-section-height-default elementor-section-height-default\" data-id=\"f5709a6\" data-element_type=\"section\">\n\t\t\t\t\t\t<div class=\"elementor-container elementor-column-gap-default\">\n\t\t\t\t\t<div class=\"elementor-column elementor-col-100 elementor-top-column elementor-element elementor-element-957be6f\" data-id=\"957be6f\" data-element_type=\"column\">\n\t\t\t<div class=\"elementor-widget-wrap elementor-element-populated\">\n\t\t\t\t\t\t<div class=\"elementor-element elementor-element-63e5d4a elementor-widget elementor-widget-accordion\" data-id=\"63e5d4a\" data-element_type=\"widget\" data-widget_type=\"accordion.default\">\n\t\t\t\t<div class=\"elementor-widget-container\">\n\t\t\t\t\t\t\t<div class=\"elementor-accordion\">\n\t\t\t\t\t\t\t<div class=\"elementor-accordion-item\">\n\t\t\t\t\t<div id=\"elementor-tab-title-1041\" class=\"elementor-tab-title\" data-tab=\"1\" role=\"button\" aria-controls=\"elementor-tab-content-1041\" aria-expanded=\"false\">\n\t\t\t\t\t\t\t\t\t\t\t\t\t<span class=\"elementor-accordion-icon elementor-accordion-icon-left\" aria-hidden=\"true\">\n\t\t\t\t\t\t\t\t\t\t\t\t\t\t\t<span class=\"elementor-accordion-icon-closed\"><i class=\"fas fa-plus\"><\/i><\/span>\n\t\t\t\t\t\t\t\t<span class=\"elementor-accordion-icon-opened\"><i class=\"fas fa-minus\"><\/i><\/span>\n\t\t\t\t\t\t\t\t\t\t\t\t\t\t<\/span>\n\t\t\t\t\t\t\t\t\t\t\t\t<a class=\"elementor-accordion-title\" tabindex=\"0\">\u00bfCu\u00e1l es el acuerdo cultural y sanitario en Martinica?<\/a>\n\t\t\t\t\t<\/div>\n\t\t\t\t\t<div id=\"elementor-tab-content-1041\" class=\"elementor-tab-content elementor-clearfix\" data-tab=\"1\" role=\"region\" aria-labelledby=\"elementor-tab-title-1041\"><p>El convenio cultura y salud es una asociaci\u00f3n entre la DAC Martinica y la ARS Martinica. Su objetivo es apoyar proyectos art\u00edsticos y culturales en hospitales, residencias de ancianos y establecimientos m\u00e9dico-sociales, para mantener el acceso a la cultura de las personas hospitalizadas, ancianas o discapacitadas. <\/p>\n<\/div>\n\t\t\t\t<\/div>\n\t\t\t\t\t\t\t<div class=\"elementor-accordion-item\">\n\t\t\t\t\t<div id=\"elementor-tab-title-1042\" class=\"elementor-tab-title\" data-tab=\"2\" role=\"button\" aria-controls=\"elementor-tab-content-1042\" aria-expanded=\"false\">\n\t\t\t\t\t\t\t\t\t\t\t\t\t<span class=\"elementor-accordion-icon elementor-accordion-icon-left\" aria-hidden=\"true\">\n\t\t\t\t\t\t\t\t\t\t\t\t\t\t\t<span class=\"elementor-accordion-icon-closed\"><i class=\"fas fa-plus\"><\/i><\/span>\n\t\t\t\t\t\t\t\t<span class=\"elementor-accordion-icon-opened\"><i class=\"fas fa-minus\"><\/i><\/span>\n\t\t\t\t\t\t\t\t\t\t\t\t\t\t<\/span>\n\t\t\t\t\t\t\t\t\t\t\t\t<a class=\"elementor-accordion-title\" tabindex=\"0\">\u00bfQui\u00e9n puede responder a la convocatoria de proyectos del Acuerdo Cultura y Salud?<\/a>\n\t\t\t\t\t<\/div>\n\t\t\t\t\t<div id=\"elementor-tab-content-1042\" class=\"elementor-tab-content elementor-clearfix\" data-tab=\"2\" role=\"region\" aria-labelledby=\"elementor-tab-title-1042\"><p><span style=\"font-weight: 400;\">Los proyectos deben ser desarrollados conjuntamente por un agente cultural profesional (artista, asociaci\u00f3n, empresa o estructura cultural) y una instituci\u00f3n sanitaria o m\u00e9dico-social. Este desarrollo conjunto es esencial para garantizar que el proyecto responde tanto a los objetivos art\u00edsticos como a las necesidades de los beneficiarios. <\/span><\/p>\n<\/div>\n\t\t\t\t<\/div>\n\t\t\t\t\t\t\t<div class=\"elementor-accordion-item\">\n\t\t\t\t\t<div id=\"elementor-tab-title-1043\" class=\"elementor-tab-title\" data-tab=\"3\" role=\"button\" aria-controls=\"elementor-tab-content-1043\" aria-expanded=\"false\">\n\t\t\t\t\t\t\t\t\t\t\t\t\t<span class=\"elementor-accordion-icon elementor-accordion-icon-left\" aria-hidden=\"true\">\n\t\t\t\t\t\t\t\t\t\t\t\t\t\t\t<span class=\"elementor-accordion-icon-closed\"><i class=\"fas fa-plus\"><\/i><\/span>\n\t\t\t\t\t\t\t\t<span class=\"elementor-accordion-icon-opened\"><i class=\"fas fa-minus\"><\/i><\/span>\n\t\t\t\t\t\t\t\t\t\t\t\t\t\t<\/span>\n\t\t\t\t\t\t\t\t\t\t\t\t<a class=\"elementor-accordion-title\" tabindex=\"0\">\u00bfPor qu\u00e9 es importante para Martinica el acuerdo sobre cultura y salud?<\/a>\n\t\t\t\t\t<\/div>\n\t\t\t\t\t<div id=\"elementor-tab-content-1043\" class=\"elementor-tab-content elementor-clearfix\" data-tab=\"3\" role=\"region\" aria-labelledby=\"elementor-tab-title-1043\"><p><span style=\"font-weight: 400;\">El acuerdo sobre cultura y salud lleva las artes a lugares donde el aislamiento puede ser un problema. En Martinica, apoya proyectos relacionados con la m\u00fasica, la danza, la narraci\u00f3n, el patrimonio cultural inmaterial y las artes visuales, al tiempo que refuerza los lazos sociales, la memoria, la expresi\u00f3n y la autonom\u00eda de las personas apoyadas. <\/span><\/p>\n<\/div>\n\t\t\t\t<\/div>\n\t\t\t\t\t\t\t\t<\/div>\n\t\t\t\t\t\t<\/div>\n\t\t\t\t<\/div>\n\t\t\t\t\t<\/div>\n\t\t<\/div>\n\t\t\t\t\t<\/div>\n\t\t<\/section>\n\t\t\t\t<\/div>\n\t\t","protected":false},"excerpt":{"rendered":"<p>En Martinica, la DAC y la ARS renuevan su acuerdo sobre cultura y salud para el periodo 2026-2030. Detr\u00e1s de este acuerdo, firmado el 22 de abril, hay ni\u00f1os hospitalizados, residentes en residencias de ancianos, personas con discapacidad, cuidadores y artistas que intentan mantener un v\u00ednculo esencial: el acceso a la cultura, incluso en momentos [&hellip;]<\/p>\n","protected":false},"author":662,"featured_media":73323,"comment_status":"open","ping_status":"open","sticky":false,"template":"","format":"standard","meta":{"_acf_changed":false,"footnotes":""},"categories":[1791],"tags":[816],"class_list":["post-73370","post","type-post","status-publish","format-standard","has-post-thumbnail","hentry","category-cooperacion","tag-martinique-es"],"acf":[],"_links":{"self":[{"href":"https:\/\/richeskarayib.com\/es\/wp-json\/wp\/v2\/posts\/73370","targetHints":{"allow":["GET"]}}],"collection":[{"href":"https:\/\/richeskarayib.com\/es\/wp-json\/wp\/v2\/posts"}],"about":[{"href":"https:\/\/richeskarayib.com\/es\/wp-json\/wp\/v2\/types\/post"}],"author":[{"embeddable":true,"href":"https:\/\/richeskarayib.com\/es\/wp-json\/wp\/v2\/users\/662"}],"replies":[{"embeddable":true,"href":"https:\/\/richeskarayib.com\/es\/wp-json\/wp\/v2\/comments?post=73370"}],"version-history":[{"count":0,"href":"https:\/\/richeskarayib.com\/es\/wp-json\/wp\/v2\/posts\/73370\/revisions"}],"wp:featuredmedia":[{"embeddable":true,"href":"https:\/\/richeskarayib.com\/es\/wp-json\/wp\/v2\/media\/73323"}],"wp:attachment":[{"href":"https:\/\/richeskarayib.com\/es\/wp-json\/wp\/v2\/media?parent=73370"}],"wp:term":[{"taxonomy":"category","embeddable":true,"href":"https:\/\/richeskarayib.com\/es\/wp-json\/wp\/v2\/categories?post=73370"},{"taxonomy":"post_tag","embeddable":true,"href":"https:\/\/richeskarayib.com\/es\/wp-json\/wp\/v2\/tags?post=73370"}],"curies":[{"name":"wp","href":"https:\/\/api.w.org\/{rel}","templated":true}]}}