{"id":79467,"date":"2026-09-04T02:23:41","date_gmt":"2026-09-04T06:23:41","guid":{"rendered":"https:\/\/richeskarayib.com\/pico-duarte-3-101-metros-la-cima-mas-alta-de-todo-el-caribe\/"},"modified":"2026-09-04T02:52:42","modified_gmt":"2026-09-04T06:52:42","slug":"pico-duarte-3-101-metros-la-cima-mas-alta-de-todo-el-caribe","status":"publish","type":"post","link":"https:\/\/richeskarayib.com\/es\/pico-duarte-3-101-metros-la-cima-mas-alta-de-todo-el-caribe\/","title":{"rendered":"Pico Duarte: 3.101 metros, la cima m\u00e1s alta de todo el Caribe"},"content":{"rendered":"\t\t<div data-elementor-type=\"wp-post\" data-elementor-id=\"79467\" class=\"elementor elementor-79467 elementor-79440\" data-elementor-post-type=\"post\">\n\t\t\t\t\t\t<section class=\"elementor-section elementor-top-section elementor-element elementor-element-51e627e elementor-section-boxed elementor-section-height-default elementor-section-height-default\" data-id=\"51e627e\" data-element_type=\"section\">\n\t\t\t\t\t\t<div class=\"elementor-container elementor-column-gap-default\">\n\t\t\t\t\t<div class=\"elementor-column elementor-col-100 elementor-top-column elementor-element elementor-element-08472ed\" data-id=\"08472ed\" data-element_type=\"column\">\n\t\t\t<div class=\"elementor-widget-wrap elementor-element-populated\">\n\t\t\t\t\t\t<div class=\"elementor-element elementor-element-f287d91 elementor-widget elementor-widget-text-editor\" data-id=\"f287d91\" data-element_type=\"widget\" data-widget_type=\"text-editor.default\">\n\t\t\t\t<div class=\"elementor-widget-container\">\n\t\t\t\t\t\t\t\t\t<p>A primera hora de la ma\u00f1ana, en La Ci\u00e9naga, en la Cordillera Central de la Rep\u00fablica Dominicana, <a href=\"https:\/\/richeskarayib.com\/es\/cascadas-de-voltaire-70-km-de-pista-hasta-llegar-a-las-cascadas\/\">los excursionistas cargan las mulas<\/a> antes de adentrarse en el bosque. El sendero sube r\u00e1pidamente. La vegetaci\u00f3n cambia seg\u00fan la altitud: pasa de la vegetaci\u00f3n tropical a los pinos, luego al bosque nuboso, hasta llegar a noches en las que el fr\u00edo te pilla por sorpresa en pleno Caribe. Tras dos o tres d\u00edas de marcha, a veces m\u00e1s dependiendo de la forma f\u00edsica de los excursionistas y del tiempo, aparece el Pico Duarte, el punto m\u00e1s alto de todo el Caribe.<\/p>\t\t\t\t\t\t\t\t<\/div>\n\t\t\t\t<\/div>\n\t\t\t\t<div class=\"elementor-element elementor-element-c2fd940 elementor-widget elementor-widget-text-editor\" data-id=\"c2fd940\" data-element_type=\"widget\" data-widget_type=\"text-editor.default\">\n\t\t\t\t<div class=\"elementor-widget-container\">\n\t\t\t\t\t\t\t\t\t<p>El Pico Duarte, en la Rep\u00fablica Dominicana, tiene una altura m\u00e1xima, seg\u00fan el <a href=\"https:\/\/ign.gob.do\/medicion-por-sistema-global-de-navegacion-por-satelite-gnss-de-los-tres-picos-mas-altos-de-las-antillas\/\" target=\"_blank\" rel=\"noopener noreferrer nofollow\">levantamiento GPS de precisi\u00f3n realizado en 2021<\/a>, de 3.101,1 metros, unos metros m\u00e1s que los 3.087 metros que durante mucho tiempo citaba la oficina de turismo dominicana. En cualquier caso, ninguna otra cima del Caribe \u2014ya sea en Cuba, Hait\u00ed, Jamaica o Puerto Rico\u2014 lo supera. Una cima, no una playa, para contarte la Rep\u00fablica Dominicana de otra manera.<\/p>\t\t\t\t\t\t\t\t<\/div>\n\t\t\t\t<\/div>\n\t\t\t\t<section class=\"elementor-section elementor-inner-section elementor-element elementor-element-78169d4 elementor-section-boxed elementor-section-height-default elementor-section-height-default\" data-id=\"78169d4\" data-element_type=\"section\">\n\t\t\t\t\t\t<div class=\"elementor-container elementor-column-gap-default\">\n\t\t\t\t\t<div class=\"elementor-column elementor-col-50 elementor-inner-column elementor-element elementor-element-29addcb\" data-id=\"29addcb\" data-element_type=\"column\">\n\t\t\t<div class=\"elementor-widget-wrap elementor-element-populated\">\n\t\t\t\t\t\t<div class=\"elementor-element elementor-element-d4d2345 elementor-widget elementor-widget-image\" data-id=\"d4d2345\" data-element_type=\"widget\" data-widget_type=\"image.default\">\n\t\t\t\t<div class=\"elementor-widget-container\">\n\t\t\t\t\t\t\t\t\t\t\t\t\t\t\t<img fetchpriority=\"high\" decoding=\"async\" width=\"800\" height=\"531\" src=\"https:\/\/richeskarayib.com\/wp-content\/uploads\/2026\/09\/image-16-1024x680.jpg\" class=\"attachment-large size-large wp-image-79461\" alt=\"For\u00eat de nuages travers\u00e9e lors de l&apos;ascension du Pico Duarte, R\u00e9publique dominicaine\" srcset=\"https:\/\/richeskarayib.com\/wp-content\/uploads\/2026\/09\/image-16-1024x680.jpg 1024w, https:\/\/richeskarayib.com\/wp-content\/uploads\/2026\/09\/image-16-300x199.jpg 300w, https:\/\/richeskarayib.com\/wp-content\/uploads\/2026\/09\/image-16-768x510.jpg 768w, https:\/\/richeskarayib.com\/wp-content\/uploads\/2026\/09\/image-16.jpg 1280w\" sizes=\"(max-width: 800px) 100vw, 800px\" \/>\t\t\t\t\t\t\t\t\t\t\t\t\t\t\t<\/div>\n\t\t\t\t<\/div>\n\t\t\t\t\t<\/div>\n\t\t<\/div>\n\t\t\t\t<div class=\"elementor-column elementor-col-50 elementor-inner-column elementor-element elementor-element-3135f3f\" data-id=\"3135f3f\" data-element_type=\"column\">\n\t\t\t<div class=\"elementor-widget-wrap elementor-element-populated\">\n\t\t\t\t\t\t<div class=\"elementor-element elementor-element-c94dca9 elementor-widget elementor-widget-image\" data-id=\"c94dca9\" data-element_type=\"widget\" data-widget_type=\"image.default\">\n\t\t\t\t<div class=\"elementor-widget-container\">\n\t\t\t\t\t\t\t\t\t\t\t\t\t\t\t<img decoding=\"async\" width=\"800\" height=\"536\" src=\"https:\/\/richeskarayib.com\/wp-content\/uploads\/2026\/09\/image-17-1024x686.jpg\" class=\"attachment-large size-large wp-image-79465\" alt=\"Drapeau dominicain et buste de Juan Pablo Duarte au sommet du Pico Duarte, \u00e0 3 101 m\u00e8tres d&apos;altitude\" srcset=\"https:\/\/richeskarayib.com\/wp-content\/uploads\/2026\/09\/image-17-1024x686.jpg 1024w, https:\/\/richeskarayib.com\/wp-content\/uploads\/2026\/09\/image-17-300x201.jpg 300w, https:\/\/richeskarayib.com\/wp-content\/uploads\/2026\/09\/image-17-768x515.jpg 768w, https:\/\/richeskarayib.com\/wp-content\/uploads\/2026\/09\/image-17.jpg 1280w\" sizes=\"(max-width: 800px) 100vw, 800px\" \/>\t\t\t\t\t\t\t\t\t\t\t\t\t\t\t<\/div>\n\t\t\t\t<\/div>\n\t\t\t\t\t<\/div>\n\t\t<\/div>\n\t\t\t\t\t<\/div>\n\t\t<\/section>\n\t\t\t\t\t<\/div>\n\t\t<\/div>\n\t\t\t\t\t<\/div>\n\t\t<\/section>\n\t\t\t\t<section class=\"elementor-section elementor-top-section elementor-element elementor-element-ebd13c6 elementor-section-boxed elementor-section-height-default elementor-section-height-default\" data-id=\"ebd13c6\" data-element_type=\"section\">\n\t\t\t\t\t\t<div class=\"elementor-container elementor-column-gap-default\">\n\t\t\t\t\t<div class=\"elementor-column elementor-col-100 elementor-top-column elementor-element elementor-element-68dca9e\" data-id=\"68dca9e\" data-element_type=\"column\">\n\t\t\t<div class=\"elementor-widget-wrap elementor-element-populated\">\n\t\t\t\t\t\t<div class=\"elementor-element elementor-element-5e73943 elementor-widget elementor-widget-heading\" data-id=\"5e73943\" data-element_type=\"widget\" data-widget_type=\"heading.default\">\n\t\t\t\t<div class=\"elementor-widget-container\">\n\t\t\t\t\t<h2 class=\"elementor-heading-title elementor-size-default\">El Pico Duarte, el pico m\u00e1s alto de la Cordillera Central<\/h2>\t\t\t\t<\/div>\n\t\t\t\t<\/div>\n\t\t\t\t<div class=\"elementor-element elementor-element-7ae7c38 elementor-widget elementor-widget-text-editor\" data-id=\"7ae7c38\" data-element_type=\"widget\" data-widget_type=\"text-editor.default\">\n\t\t\t\t<div class=\"elementor-widget-container\">\n\t\t\t\t\t\t\t\t\t<p>El Pico Duarte se extiende a caballo entre dos parques nacionales: el <a href=\"https:\/\/ambiente.gob.do\/parque-nacional-armando-bermudez\/\" target=\"_blank\" rel=\"noopener noreferrer nofollow\">Parque Nacional Armando Berm\u00fadez<\/a> y el Parque Nacional Jos\u00e9 del Carmen Ram\u00edrez, en la Cordillera Central, la cadena monta\u00f1osa que atraviesa el centro de la isla La Espa\u00f1ola. Estos dos parques protegen la mayor parte de los bosques de altitud media y alta del pa\u00eds, un macizo al que los dominicanos a veces llaman sus \u00abAlpes tropicales\u00bb. Parte de los pinos que cubren las laderas del Pico Duarte pertenecen a una especie que no se encuentra en ning\u00fan otro lugar del mundo: el pino criollo (Pinus occidentalis), end\u00e9mico de la isla.<\/p><p>El ascenso atraviesa varios niveles de vegetaci\u00f3n: selva tropical, bosque de pinos y, despu\u00e9s, bosque nuboso, antes de llegar a una cima donde las temperaturas nocturnas a veces se acercan a los cero grados, muy lejos de la imagen tropical que la mayor\u00eda tiene de la Rep\u00fablica Dominicana. Esta misma Cordillera Central da origen al Yaque del Norte, el r\u00edo m\u00e1s largo del pa\u00eds con 386 kil\u00f3metros, que nace en sus laderas antes de atravesar todo el norte de la isla.<\/p>\t\t\t\t\t\t\t\t<\/div>\n\t\t\t\t<\/div>\n\t\t\t\t<div class=\"elementor-element elementor-element-52622ae elementor-widget elementor-widget-image\" data-id=\"52622ae\" data-element_type=\"widget\" data-widget_type=\"image.default\">\n\t\t\t\t<div class=\"elementor-widget-container\">\n\t\t\t\t\t\t\t\t\t\t\t\t\t\t\t<img decoding=\"async\" width=\"800\" height=\"598\" src=\"https:\/\/richeskarayib.com\/wp-content\/uploads\/2026\/09\/image-13-1024x765.jpg\" class=\"attachment-large size-large wp-image-79449\" alt=\"Panorama sur la Cordill\u00e8re centrale depuis le sommet du Pico Duarte, R\u00e9publique dominicaine\" srcset=\"https:\/\/richeskarayib.com\/wp-content\/uploads\/2026\/09\/image-13-1024x765.jpg 1024w, https:\/\/richeskarayib.com\/wp-content\/uploads\/2026\/09\/image-13-300x224.jpg 300w, https:\/\/richeskarayib.com\/wp-content\/uploads\/2026\/09\/image-13-768x574.jpg 768w, https:\/\/richeskarayib.com\/wp-content\/uploads\/2026\/09\/image-13.jpg 1280w\" sizes=\"(max-width: 800px) 100vw, 800px\" \/>\t\t\t\t\t\t\t\t\t\t\t\t\t\t\t<\/div>\n\t\t\t\t<\/div>\n\t\t\t\t<section class=\"elementor-section elementor-inner-section elementor-element elementor-element-6c96afc elementor-section-boxed elementor-section-height-default elementor-section-height-default\" data-id=\"6c96afc\" data-element_type=\"section\">\n\t\t\t\t\t\t<div class=\"elementor-container elementor-column-gap-default\">\n\t\t\t\t\t\t<\/div>\n\t\t<\/section>\n\t\t\t\t\t<\/div>\n\t\t<\/div>\n\t\t\t\t\t<\/div>\n\t\t<\/section>\n\t\t\t\t<section class=\"elementor-section elementor-top-section elementor-element elementor-element-239e3f1 elementor-section-boxed elementor-section-height-default elementor-section-height-default\" data-id=\"239e3f1\" data-element_type=\"section\">\n\t\t\t\t\t\t<div class=\"elementor-container elementor-column-gap-default\">\n\t\t\t\t\t<div class=\"elementor-column elementor-col-100 elementor-top-column elementor-element elementor-element-23bbb95\" data-id=\"23bbb95\" data-element_type=\"column\">\n\t\t\t<div class=\"elementor-widget-wrap elementor-element-populated\">\n\t\t\t\t\t\t<section class=\"elementor-section elementor-inner-section elementor-element elementor-element-e6eeb42 elementor-section-boxed elementor-section-height-default elementor-section-height-default\" data-id=\"e6eeb42\" data-element_type=\"section\">\n\t\t\t\t\t\t<div class=\"elementor-container elementor-column-gap-default\">\n\t\t\t\t\t\t<\/div>\n\t\t<\/section>\n\t\t\t\t<div class=\"elementor-element elementor-element-cbede67 elementor-widget elementor-widget-heading\" data-id=\"cbede67\" data-element_type=\"widget\" data-widget_type=\"heading.default\">\n\t\t\t\t<div class=\"elementor-widget-container\">\n\t\t\t\t\t<h2 class=\"elementor-heading-title elementor-size-default\">Una cumbre que ha cambiado de nombre tres veces<\/h2>\t\t\t\t<\/div>\n\t\t\t\t<\/div>\n\t\t\t\t<section class=\"elementor-section elementor-inner-section elementor-element elementor-element-0495a89 elementor-section-boxed elementor-section-height-default elementor-section-height-default\" data-id=\"0495a89\" data-element_type=\"section\">\n\t\t\t\t\t\t<div class=\"elementor-container elementor-column-gap-default\">\n\t\t\t\t\t\t<\/div>\n\t\t<\/section>\n\t\t\t\t<section class=\"elementor-section elementor-inner-section elementor-element elementor-element-bb9891b elementor-section-boxed elementor-section-height-default elementor-section-height-default\" data-id=\"bb9891b\" data-element_type=\"section\">\n\t\t\t\t\t\t<div class=\"elementor-container elementor-column-gap-default\">\n\t\t\t\t\t\t<\/div>\n\t\t<\/section>\n\t\t\t\t<section class=\"elementor-section elementor-inner-section elementor-element elementor-element-614d188 elementor-section-boxed elementor-section-height-default elementor-section-height-default\" data-id=\"614d188\" data-element_type=\"section\">\n\t\t\t\t\t\t<div class=\"elementor-container elementor-column-gap-default\">\n\t\t\t\t\t\t<\/div>\n\t\t<\/section>\n\t\t\t\t<section class=\"elementor-section elementor-inner-section elementor-element elementor-element-3769def elementor-section-boxed elementor-section-height-default elementor-section-height-default\" data-id=\"3769def\" data-element_type=\"section\">\n\t\t\t\t\t\t<div class=\"elementor-container elementor-column-gap-default\">\n\t\t\t\t\t<div class=\"elementor-column elementor-col-100 elementor-inner-column elementor-element elementor-element-64056af\" data-id=\"64056af\" data-element_type=\"column\">\n\t\t\t<div class=\"elementor-widget-wrap elementor-element-populated\">\n\t\t\t\t\t\t<div class=\"elementor-element elementor-element-7dfdf88 elementor-widget elementor-widget-text-editor\" data-id=\"7dfdf88\" data-element_type=\"widget\" data-widget_type=\"text-editor.default\">\n\t\t\t\t<div class=\"elementor-widget-container\">\n\t\t\t\t\t\t\t\t\t<p>El Pico Duarte no siempre se ha llamado as\u00ed. En 1851, el explorador germano-brit\u00e1nico Robert Hermann Schomburgk hizo la primera ascensi\u00f3n registrada a la cima y la bautiz\u00f3 como Monte Tina. M\u00e1s tarde, el bot\u00e1nico sueco Erik Leonard Ekman, que explor\u00f3 a fondo las monta\u00f1as de la isla a principios del siglo XX, distingui\u00f3 sus dos picos m\u00e1s altos con los nombres de Pelona Grande y Pelona Chica.<\/p><p>Durante la dictadura de Rafael Trujillo, la monta\u00f1a pas\u00f3 a llamarse Pico Trujillo, un nombre que el r\u00e9gimen impuso a varios lugares emblem\u00e1ticos del pa\u00eds en aquellos a\u00f1os. Tras la muerte del dictador en 1961, pas\u00f3 a llamarse Pico Duarte, en homenaje a Juan Pablo Duarte, uno de los padres fundadores de la Rep\u00fablica Dominicana y figura clave de la independencia del pa\u00eds, proclamada en 1844. As\u00ed, el nombre de la cima m\u00e1s alta del pa\u00eds encierra, por s\u00ed solo, una parte de su historia pol\u00edtica.<\/p>\t\t\t\t\t\t\t\t<\/div>\n\t\t\t\t<\/div>\n\t\t\t\t\t<\/div>\n\t\t<\/div>\n\t\t\t\t\t<\/div>\n\t\t<\/section>\n\t\t\t\t<div class=\"elementor-element elementor-element-4c47049 elementor-widget elementor-widget-image\" data-id=\"4c47049\" data-element_type=\"widget\" data-widget_type=\"image.default\">\n\t\t\t\t<div class=\"elementor-widget-container\">\n\t\t\t\t\t\t\t\t\t\t\t\t\t\t\t<img loading=\"lazy\" decoding=\"async\" width=\"800\" height=\"530\" src=\"https:\/\/richeskarayib.com\/wp-content\/uploads\/2026\/09\/image-14-1024x678.jpg\" class=\"attachment-large size-large wp-image-79453\" alt=\"Buste de Juan Pablo Duarte au sommet du Pico Duarte, R\u00e9publique dominicaine\" srcset=\"https:\/\/richeskarayib.com\/wp-content\/uploads\/2026\/09\/image-14-1024x678.jpg 1024w, https:\/\/richeskarayib.com\/wp-content\/uploads\/2026\/09\/image-14-300x199.jpg 300w, https:\/\/richeskarayib.com\/wp-content\/uploads\/2026\/09\/image-14-768x509.jpg 768w, https:\/\/richeskarayib.com\/wp-content\/uploads\/2026\/09\/image-14.jpg 1280w\" sizes=\"(max-width: 800px) 100vw, 800px\" \/>\t\t\t\t\t\t\t\t\t\t\t\t\t\t\t<\/div>\n\t\t\t\t<\/div>\n\t\t\t\t<section class=\"elementor-section elementor-inner-section elementor-element elementor-element-8d7ba9d elementor-section-boxed elementor-section-height-default elementor-section-height-default\" data-id=\"8d7ba9d\" data-element_type=\"section\">\n\t\t\t\t\t\t<div class=\"elementor-container elementor-column-gap-default\">\n\t\t\t\t\t\t<\/div>\n\t\t<\/section>\n\t\t\t\t<section class=\"elementor-section elementor-inner-section elementor-element elementor-element-63a0a37 elementor-section-boxed elementor-section-height-default elementor-section-height-default\" data-id=\"63a0a37\" data-element_type=\"section\">\n\t\t\t\t\t\t<div class=\"elementor-container elementor-column-gap-default\">\n\t\t\t\t\t\t<\/div>\n\t\t<\/section>\n\t\t\t\t\t<\/div>\n\t\t<\/div>\n\t\t\t\t\t<\/div>\n\t\t<\/section>\n\t\t\t\t<section class=\"elementor-section elementor-top-section elementor-element elementor-element-64ec9b4 elementor-section-boxed elementor-section-height-default elementor-section-height-default\" data-id=\"64ec9b4\" data-element_type=\"section\">\n\t\t\t\t\t\t<div class=\"elementor-container elementor-column-gap-default\">\n\t\t\t\t\t<div class=\"elementor-column elementor-col-100 elementor-top-column elementor-element elementor-element-045f298\" data-id=\"045f298\" data-element_type=\"column\">\n\t\t\t<div class=\"elementor-widget-wrap elementor-element-populated\">\n\t\t\t\t\t\t<div class=\"elementor-element elementor-element-bba0626 elementor-widget elementor-widget-heading\" data-id=\"bba0626\" data-element_type=\"widget\" data-widget_type=\"heading.default\">\n\t\t\t\t<div class=\"elementor-widget-container\">\n\t\t\t\t\t<h2 class=\"elementor-heading-title elementor-size-default\">Tres d\u00edas de caminata hasta llegar a la cima<\/h2>\t\t\t\t<\/div>\n\t\t\t\t<\/div>\n\t\t\t\t<section class=\"elementor-section elementor-inner-section elementor-element elementor-element-884cadf elementor-section-boxed elementor-section-height-default elementor-section-height-default\" data-id=\"884cadf\" data-element_type=\"section\">\n\t\t\t\t\t\t<div class=\"elementor-container elementor-column-gap-default\">\n\t\t\t\t\t\t<\/div>\n\t\t<\/section>\n\t\t\t\t<div class=\"elementor-element elementor-element-8a3ac78 elementor-widget elementor-widget-text-editor\" data-id=\"8a3ac78\" data-element_type=\"widget\" data-widget_type=\"text-editor.default\">\n\t\t\t\t<div class=\"elementor-widget-container\">\n\t\t\t\t\t\t\t\t\t<p>La subida al Pico Duarte suele empezar en La Ci\u00e9naga, pasando por Manabao, antes de llegar a los campamentos de Compartici\u00f3n o del Valle de Lil\u00eds. Calcula entre dos y tres d\u00edas de caminata, dependiendo de la ruta que elijas y de la forma f\u00edsica del grupo. Es obligatorio contar con un gu\u00eda y mulas para el equipaje, que puedes contratar desde los hoteles de Jarabacoa o directamente en el puesto de La Ci\u00e9naga.<\/p><p>Jarabacoa, conocida como la ciudad de la primavera eterna por su clima de monta\u00f1a, con temperaturas que oscilan entre los 16 y los 25 grados durante todo el a\u00f1o, es la puerta de entrada a la cima. Esta organizaci\u00f3n da vida a toda una econom\u00eda local de gu\u00edas y arrieros en los alrededores del Pico Duarte, muy diferente de los hoteles de la costa o de los complejos tur\u00edsticos de Punta Cana.<\/p>\t\t\t\t\t\t\t\t<\/div>\n\t\t\t\t<\/div>\n\t\t\t\t<div class=\"elementor-element elementor-element-cfad6f1 elementor-widget elementor-widget-text-editor\" data-id=\"cfad6f1\" data-element_type=\"widget\" data-widget_type=\"text-editor.default\">\n\t\t\t\t<div class=\"elementor-widget-container\">\n\t\t\t\t\t\t\t\t\t<p><span style=\"font-weight: 400;\">El Pico Duarte sigue siendo poco visitado en comparaci\u00f3n con las playas del norte o del este de Rep\u00fablica Dominicana, a pesar de ser el pico m\u00e1s alto de todo el Caribe. Pero su altitud sigue midi\u00e9ndose y remidi\u00e9ndose; el levantamiento de 2021 lo ha vuelto a demostrar, lo que prueba que una monta\u00f1a, incluso la m\u00e1s alta de la regi\u00f3n, nunca deja de revelarse por completo. Tres nombres en siglo y medio \u2014Monte Tina, Pico Trujillo y luego Pico Duarte\u2014 tambi\u00e9n cuentan la historia de un pa\u00eds que durante mucho tiempo busc\u00f3 c\u00f3mo llamarse a s\u00ed mismo antes de decidir honrar a uno de sus padres fundadores en lugar de a un dictador. \u00bfSe cuenta mejor la Rep\u00fablica Dominicana desde una playa o desde una cima donde casi hace fr\u00edo?<\/span><\/p>\t\t\t\t\t\t\t\t<\/div>\n\t\t\t\t<\/div>\n\t\t\t\t<div class=\"elementor-element elementor-element-0451edd elementor-widget elementor-widget-image\" data-id=\"0451edd\" data-element_type=\"widget\" data-widget_type=\"image.default\">\n\t\t\t\t<div class=\"elementor-widget-container\">\n\t\t\t\t\t\t\t\t\t\t\t\t\t\t\t<img loading=\"lazy\" decoding=\"async\" width=\"800\" height=\"536\" src=\"https:\/\/richeskarayib.com\/wp-content\/uploads\/2026\/09\/image-15-1024x686.jpg\" class=\"attachment-large size-large wp-image-79457\" alt=\"Randonneur sur le sentier menant au sommet du Pico Duarte, R\u00e9publique dominicaine\" srcset=\"https:\/\/richeskarayib.com\/wp-content\/uploads\/2026\/09\/image-15-1024x686.jpg 1024w, https:\/\/richeskarayib.com\/wp-content\/uploads\/2026\/09\/image-15-300x201.jpg 300w, https:\/\/richeskarayib.com\/wp-content\/uploads\/2026\/09\/image-15-768x514.jpg 768w, https:\/\/richeskarayib.com\/wp-content\/uploads\/2026\/09\/image-15.jpg 1280w\" sizes=\"(max-width: 800px) 100vw, 800px\" \/>\t\t\t\t\t\t\t\t\t\t\t\t\t\t\t<\/div>\n\t\t\t\t<\/div>\n\t\t\t\t<section class=\"elementor-section elementor-inner-section elementor-element elementor-element-8d6d28a elementor-section-boxed elementor-section-height-default elementor-section-height-default\" data-id=\"8d6d28a\" data-element_type=\"section\">\n\t\t\t\t\t\t<div class=\"elementor-container elementor-column-gap-default\">\n\t\t\t\t\t\t<\/div>\n\t\t<\/section>\n\t\t\t\t<section class=\"elementor-section elementor-inner-section elementor-element elementor-element-6a7c81c elementor-section-boxed elementor-section-height-default elementor-section-height-default\" data-id=\"6a7c81c\" data-element_type=\"section\">\n\t\t\t\t\t\t<div class=\"elementor-container elementor-column-gap-default\">\n\t\t\t\t\t\t<\/div>\n\t\t<\/section>\n\t\t\t\t<section class=\"elementor-section elementor-inner-section elementor-element elementor-element-b7d3e3e elementor-section-boxed elementor-section-height-default elementor-section-height-default\" data-id=\"b7d3e3e\" data-element_type=\"section\">\n\t\t\t\t\t\t<div class=\"elementor-container elementor-column-gap-default\">\n\t\t\t\t\t\t<\/div>\n\t\t<\/section>\n\t\t\t\t<section class=\"elementor-section elementor-inner-section elementor-element elementor-element-62a6a8b elementor-section-boxed elementor-section-height-default elementor-section-height-default\" data-id=\"62a6a8b\" data-element_type=\"section\">\n\t\t\t\t\t\t<div class=\"elementor-container elementor-column-gap-default\">\n\t\t\t\t\t\t<\/div>\n\t\t<\/section>\n\t\t\t\t<section class=\"elementor-section elementor-inner-section elementor-element elementor-element-f8ebb80 elementor-section-boxed elementor-section-height-default elementor-section-height-default\" data-id=\"f8ebb80\" data-element_type=\"section\">\n\t\t\t\t\t\t<div class=\"elementor-container elementor-column-gap-default\">\n\t\t\t\t\t\t<\/div>\n\t\t<\/section>\n\t\t\t\t\t<\/div>\n\t\t<\/div>\n\t\t\t\t\t<\/div>\n\t\t<\/section>\n\t\t\t\t<section class=\"elementor-section elementor-top-section elementor-element elementor-element-1d96bc2 elementor-section-boxed elementor-section-height-default elementor-section-height-default\" data-id=\"1d96bc2\" data-element_type=\"section\">\n\t\t\t\t\t\t<div class=\"elementor-container elementor-column-gap-default\">\n\t\t\t\t\t<div class=\"elementor-column elementor-col-100 elementor-top-column elementor-element elementor-element-57245c2\" data-id=\"57245c2\" data-element_type=\"column\">\n\t\t\t<div class=\"elementor-widget-wrap elementor-element-populated\">\n\t\t\t\t\t\t<section class=\"elementor-section elementor-inner-section elementor-element elementor-element-2bf07e5 elementor-section-boxed elementor-section-height-default elementor-section-height-default\" data-id=\"2bf07e5\" data-element_type=\"section\">\n\t\t\t\t\t\t<div class=\"elementor-container elementor-column-gap-default\">\n\t\t\t\t\t\t<\/div>\n\t\t<\/section>\n\t\t\t\t<section class=\"elementor-section elementor-inner-section elementor-element elementor-element-e83afc2 elementor-section-boxed elementor-section-height-default elementor-section-height-default\" data-id=\"e83afc2\" data-element_type=\"section\">\n\t\t\t\t\t\t<div class=\"elementor-container elementor-column-gap-default\">\n\t\t\t\t\t\t<\/div>\n\t\t<\/section>\n\t\t\t\t<section class=\"elementor-section elementor-inner-section elementor-element elementor-element-d7dd5b5 elementor-section-boxed elementor-section-height-default elementor-section-height-default\" data-id=\"d7dd5b5\" data-element_type=\"section\">\n\t\t\t\t\t\t<div class=\"elementor-container elementor-column-gap-default\">\n\t\t\t\t\t\t<\/div>\n\t\t<\/section>\n\t\t\t\t<section class=\"elementor-section elementor-inner-section elementor-element elementor-element-0769f3c elementor-section-boxed elementor-section-height-default elementor-section-height-default\" data-id=\"0769f3c\" data-element_type=\"section\">\n\t\t\t\t\t\t<div class=\"elementor-container elementor-column-gap-default\">\n\t\t\t\t\t\t<\/div>\n\t\t<\/section>\n\t\t\t\t<section class=\"elementor-section elementor-inner-section elementor-element elementor-element-5d28027 elementor-section-boxed elementor-section-height-default elementor-section-height-default\" data-id=\"5d28027\" data-element_type=\"section\">\n\t\t\t\t\t\t<div class=\"elementor-container elementor-column-gap-default\">\n\t\t\t\t\t\t<\/div>\n\t\t<\/section>\n\t\t\t\t<section class=\"elementor-section elementor-inner-section elementor-element elementor-element-ae3614b elementor-section-boxed elementor-section-height-default elementor-section-height-default\" data-id=\"ae3614b\" data-element_type=\"section\">\n\t\t\t\t\t\t<div class=\"elementor-container elementor-column-gap-default\">\n\t\t\t\t\t\t<\/div>\n\t\t<\/section>\n\t\t\t\t\t<\/div>\n\t\t<\/div>\n\t\t\t\t\t<\/div>\n\t\t<\/section>\n\t\t\t\t<section class=\"elementor-section elementor-top-section elementor-element elementor-element-d82a3b2 elementor-section-boxed elementor-section-height-default elementor-section-height-default\" data-id=\"d82a3b2\" data-element_type=\"section\">\n\t\t\t\t\t\t<div class=\"elementor-container elementor-column-gap-default\">\n\t\t\t\t\t<div class=\"elementor-column elementor-col-100 elementor-top-column elementor-element elementor-element-4392334\" data-id=\"4392334\" data-element_type=\"column\">\n\t\t\t<div class=\"elementor-widget-wrap elementor-element-populated\">\n\t\t\t\t\t\t<section class=\"elementor-section elementor-inner-section elementor-element elementor-element-c6de5a7 elementor-section-boxed elementor-section-height-default elementor-section-height-default\" data-id=\"c6de5a7\" data-element_type=\"section\">\n\t\t\t\t\t\t<div class=\"elementor-container elementor-column-gap-default\">\n\t\t\t\t\t\t<\/div>\n\t\t<\/section>\n\t\t\t\t<section class=\"elementor-section elementor-inner-section elementor-element elementor-element-6cdfc63 elementor-section-boxed elementor-section-height-default elementor-section-height-default\" data-id=\"6cdfc63\" data-element_type=\"section\">\n\t\t\t\t\t\t<div class=\"elementor-container elementor-column-gap-default\">\n\t\t\t\t\t\t<\/div>\n\t\t<\/section>\n\t\t\t\t<section class=\"elementor-section elementor-inner-section elementor-element elementor-element-740f7a3 elementor-section-boxed elementor-section-height-default elementor-section-height-default\" data-id=\"740f7a3\" data-element_type=\"section\">\n\t\t\t\t\t\t<div class=\"elementor-container elementor-column-gap-default\">\n\t\t\t\t\t\t<\/div>\n\t\t<\/section>\n\t\t\t\t<section class=\"elementor-section elementor-inner-section elementor-element elementor-element-d5de8da elementor-section-boxed elementor-section-height-default elementor-section-height-default\" data-id=\"d5de8da\" data-element_type=\"section\">\n\t\t\t\t\t\t<div class=\"elementor-container elementor-column-gap-default\">\n\t\t\t\t\t\t<\/div>\n\t\t<\/section>\n\t\t\t\t<section class=\"elementor-section elementor-inner-section elementor-element elementor-element-7f3db92 elementor-section-boxed elementor-section-height-default elementor-section-height-default\" data-id=\"7f3db92\" data-element_type=\"section\">\n\t\t\t\t\t\t<div class=\"elementor-container elementor-column-gap-default\">\n\t\t\t\t\t\t<\/div>\n\t\t<\/section>\n\t\t\t\t<section class=\"elementor-section elementor-inner-section elementor-element elementor-element-d2c28ac elementor-section-boxed elementor-section-height-default elementor-section-height-default\" data-id=\"d2c28ac\" data-element_type=\"section\">\n\t\t\t\t\t\t<div class=\"elementor-container elementor-column-gap-default\">\n\t\t\t\t\t\t<\/div>\n\t\t<\/section>\n\t\t\t\t\t<\/div>\n\t\t<\/div>\n\t\t\t\t\t<\/div>\n\t\t<\/section>\n\t\t\t\t<section class=\"elementor-section elementor-top-section elementor-element elementor-element-f384b87 elementor-section-boxed elementor-section-height-default elementor-section-height-default\" data-id=\"f384b87\" data-element_type=\"section\">\n\t\t\t\t\t\t<div class=\"elementor-container elementor-column-gap-default\">\n\t\t\t\t\t<div class=\"elementor-column elementor-col-100 elementor-top-column elementor-element elementor-element-9bb82e5\" data-id=\"9bb82e5\" data-element_type=\"column\">\n\t\t\t<div class=\"elementor-widget-wrap elementor-element-populated\">\n\t\t\t\t\t\t<section class=\"elementor-section elementor-inner-section elementor-element elementor-element-89f0a0b elementor-section-boxed elementor-section-height-default elementor-section-height-default\" data-id=\"89f0a0b\" data-element_type=\"section\">\n\t\t\t\t\t\t<div class=\"elementor-container elementor-column-gap-default\">\n\t\t\t\t\t\t<\/div>\n\t\t<\/section>\n\t\t\t\t<section class=\"elementor-section elementor-inner-section elementor-element elementor-element-f7d6f42 elementor-section-boxed elementor-section-height-default elementor-section-height-default\" data-id=\"f7d6f42\" data-element_type=\"section\">\n\t\t\t\t\t\t<div class=\"elementor-container elementor-column-gap-default\">\n\t\t\t\t\t\t<\/div>\n\t\t<\/section>\n\t\t\t\t<section class=\"elementor-section elementor-inner-section elementor-element elementor-element-02b5dc3 elementor-section-boxed elementor-section-height-default elementor-section-height-default\" data-id=\"02b5dc3\" data-element_type=\"section\">\n\t\t\t\t\t\t<div class=\"elementor-container elementor-column-gap-default\">\n\t\t\t\t\t\t<\/div>\n\t\t<\/section>\n\t\t\t\t\t<\/div>\n\t\t<\/div>\n\t\t\t\t\t<\/div>\n\t\t<\/section>\n\t\t\t\t<section class=\"elementor-section elementor-top-section elementor-element elementor-element-7b12439 elementor-section-boxed elementor-section-height-default elementor-section-height-default\" data-id=\"7b12439\" data-element_type=\"section\">\n\t\t\t\t\t\t<div class=\"elementor-container elementor-column-gap-default\">\n\t\t\t\t\t<div class=\"elementor-column elementor-col-100 elementor-top-column elementor-element elementor-element-6f998e4\" data-id=\"6f998e4\" data-element_type=\"column\">\n\t\t\t<div class=\"elementor-widget-wrap elementor-element-populated\">\n\t\t\t\t\t\t<div class=\"elementor-element elementor-element-c79f314 elementor-widget elementor-widget-accordion\" data-id=\"c79f314\" data-element_type=\"widget\" data-widget_type=\"accordion.default\">\n\t\t\t\t<div class=\"elementor-widget-container\">\n\t\t\t\t\t\t\t<div class=\"elementor-accordion\">\n\t\t\t\t\t\t\t<div class=\"elementor-accordion-item\">\n\t\t\t\t\t<div id=\"elementor-tab-title-2091\" class=\"elementor-tab-title\" data-tab=\"1\" role=\"button\" aria-controls=\"elementor-tab-content-2091\" aria-expanded=\"false\">\n\t\t\t\t\t\t\t\t\t\t\t\t\t<span class=\"elementor-accordion-icon elementor-accordion-icon-left\" aria-hidden=\"true\">\n\t\t\t\t\t\t\t\t\t\t\t\t\t\t\t<span class=\"elementor-accordion-icon-closed\"><i class=\"fas fa-plus\"><\/i><\/span>\n\t\t\t\t\t\t\t\t<span class=\"elementor-accordion-icon-opened\"><i class=\"fas fa-minus\"><\/i><\/span>\n\t\t\t\t\t\t\t\t\t\t\t\t\t\t<\/span>\n\t\t\t\t\t\t\t\t\t\t\t\t<a class=\"elementor-accordion-title\" tabindex=\"0\">\u00bfCu\u00e1l es el punto m\u00e1s alto del Caribe?<\/a>\n\t\t\t\t\t<\/div>\n\t\t\t\t\t<div id=\"elementor-tab-content-2091\" class=\"elementor-tab-content elementor-clearfix\" data-tab=\"1\" role=\"region\" aria-labelledby=\"elementor-tab-title-2091\"><p><span style=\"font-weight: 400;\">El Pico Duarte, en la Rep\u00fablica Dominicana, mide 3.101 metros seg\u00fan el levantamiento topogr\u00e1fico de 2021. Ninguna cima de Cuba, Hait\u00ed, Jamaica o Puerto Rico lo supera.<\/span><\/p>\n<\/div>\n\t\t\t\t<\/div>\n\t\t\t\t\t\t\t<div class=\"elementor-accordion-item\">\n\t\t\t\t\t<div id=\"elementor-tab-title-2092\" class=\"elementor-tab-title\" data-tab=\"2\" role=\"button\" aria-controls=\"elementor-tab-content-2092\" aria-expanded=\"false\">\n\t\t\t\t\t\t\t\t\t\t\t\t\t<span class=\"elementor-accordion-icon elementor-accordion-icon-left\" aria-hidden=\"true\">\n\t\t\t\t\t\t\t\t\t\t\t\t\t\t\t<span class=\"elementor-accordion-icon-closed\"><i class=\"fas fa-plus\"><\/i><\/span>\n\t\t\t\t\t\t\t\t<span class=\"elementor-accordion-icon-opened\"><i class=\"fas fa-minus\"><\/i><\/span>\n\t\t\t\t\t\t\t\t\t\t\t\t\t\t<\/span>\n\t\t\t\t\t\t\t\t\t\t\t\t<a class=\"elementor-accordion-title\" tabindex=\"0\">\u00bfPor qu\u00e9 el Pico Duarte ha tenido tres nombres diferentes?<\/a>\n\t\t\t\t\t<\/div>\n\t\t\t\t\t<div id=\"elementor-tab-content-2092\" class=\"elementor-tab-content elementor-clearfix\" data-tab=\"2\" role=\"region\" aria-labelledby=\"elementor-tab-title-2092\"><p><span style=\"font-weight: 400;\">Se llam\u00f3 Monte Tina tras su primera ascensi\u00f3n en 1851, luego Pico Trujillo durante la dictadura de Rafael Trujillo, y finalmente pas\u00f3 a llamarse Pico Duarte en 1961, en homenaje a Juan Pablo Duarte.<\/span><\/p>\n<\/div>\n\t\t\t\t<\/div>\n\t\t\t\t\t\t\t<div class=\"elementor-accordion-item\">\n\t\t\t\t\t<div id=\"elementor-tab-title-2093\" class=\"elementor-tab-title\" data-tab=\"3\" role=\"button\" aria-controls=\"elementor-tab-content-2093\" aria-expanded=\"false\">\n\t\t\t\t\t\t\t\t\t\t\t\t\t<span class=\"elementor-accordion-icon elementor-accordion-icon-left\" aria-hidden=\"true\">\n\t\t\t\t\t\t\t\t\t\t\t\t\t\t\t<span class=\"elementor-accordion-icon-closed\"><i class=\"fas fa-plus\"><\/i><\/span>\n\t\t\t\t\t\t\t\t<span class=\"elementor-accordion-icon-opened\"><i class=\"fas fa-minus\"><\/i><\/span>\n\t\t\t\t\t\t\t\t\t\t\t\t\t\t<\/span>\n\t\t\t\t\t\t\t\t\t\t\t\t<a class=\"elementor-accordion-title\" tabindex=\"0\">\u00bfCu\u00e1nto tiempo se tarda en subir al Pico Duarte?<\/a>\n\t\t\t\t\t<\/div>\n\t\t\t\t\t<div id=\"elementor-tab-content-2093\" class=\"elementor-tab-content elementor-clearfix\" data-tab=\"3\" role=\"region\" aria-labelledby=\"elementor-tab-title-2093\"><p><span style=\"font-weight: 400;\">Hay que contar con dos o tres d\u00edas de marcha desde La Ci\u00e9naga; es obligatorio ir con gu\u00eda y mulas para el equipo.<\/span><\/p>\n<\/div>\n\t\t\t\t<\/div>\n\t\t\t\t\t\t\t\t<\/div>\n\t\t\t\t\t\t<\/div>\n\t\t\t\t<\/div>\n\t\t\t\t\t<\/div>\n\t\t<\/div>\n\t\t\t\t\t<\/div>\n\t\t<\/section>\n\t\t\t\t<\/div>\n\t\t","protected":false},"excerpt":{"rendered":"<p>A primera hora de la ma\u00f1ana, en La Ci\u00e9naga, en la Cordillera Central de la Rep\u00fablica Dominicana, los excursionistas cargan las mulas antes de adentrarse en el bosque. El sendero sube r\u00e1pidamente. La vegetaci\u00f3n cambia seg\u00fan la altitud: pasa de la vegetaci\u00f3n tropical a los pinos, luego al bosque nuboso, hasta llegar a noches en [&hellip;]<\/p>\n","protected":false},"author":662,"featured_media":79444,"comment_status":"open","ping_status":"closed","sticky":false,"template":"","format":"standard","meta":{"_acf_changed":false,"footnotes":""},"categories":[],"tags":[1481],"class_list":["post-79467","post","type-post","status-publish","format-standard","has-post-thumbnail","hentry","tag-republica-dominicana"],"acf":[],"_links":{"self":[{"href":"https:\/\/richeskarayib.com\/es\/wp-json\/wp\/v2\/posts\/79467","targetHints":{"allow":["GET"]}}],"collection":[{"href":"https:\/\/richeskarayib.com\/es\/wp-json\/wp\/v2\/posts"}],"about":[{"href":"https:\/\/richeskarayib.com\/es\/wp-json\/wp\/v2\/types\/post"}],"author":[{"embeddable":true,"href":"https:\/\/richeskarayib.com\/es\/wp-json\/wp\/v2\/users\/662"}],"replies":[{"embeddable":true,"href":"https:\/\/richeskarayib.com\/es\/wp-json\/wp\/v2\/comments?post=79467"}],"version-history":[{"count":0,"href":"https:\/\/richeskarayib.com\/es\/wp-json\/wp\/v2\/posts\/79467\/revisions"}],"wp:featuredmedia":[{"embeddable":true,"href":"https:\/\/richeskarayib.com\/es\/wp-json\/wp\/v2\/media\/79444"}],"wp:attachment":[{"href":"https:\/\/richeskarayib.com\/es\/wp-json\/wp\/v2\/media?parent=79467"}],"wp:term":[{"taxonomy":"category","embeddable":true,"href":"https:\/\/richeskarayib.com\/es\/wp-json\/wp\/v2\/categories?post=79467"},{"taxonomy":"post_tag","embeddable":true,"href":"https:\/\/richeskarayib.com\/es\/wp-json\/wp\/v2\/tags?post=79467"}],"curies":[{"name":"wp","href":"https:\/\/api.w.org\/{rel}","templated":true}]}}