{"id":17737,"date":"2023-06-05T10:01:19","date_gmt":"2023-06-05T10:01:19","guid":{"rendered":"http:\/\/richeskarayib.com\/festival-mondial-de-musique-creole\/"},"modified":"2024-09-23T12:20:14","modified_gmt":"2024-09-23T12:20:14","slug":"festival-mondial-de-musique-creole","status":"publish","type":"post","link":"https:\/\/richeskarayib.com\/fr\/festival-mondial-de-musique-creole\/","title":{"rendered":"DOMINIQUE : FESTIVAL MONDIAL DE MUSIQUE CR\u00c9OLE 2022"},"content":{"rendered":"\t\t<div data-elementor-type=\"wp-post\" data-elementor-id=\"17737\" class=\"elementor elementor-17737 elementor-14950\" data-elementor-post-type=\"post\">\n\t\t\t\t\t\t<section class=\"elementor-section elementor-top-section elementor-element elementor-element-5136ea75 elementor-section-boxed elementor-section-height-default elementor-section-height-default\" data-id=\"5136ea75\" data-element_type=\"section\">\n\t\t\t\t\t\t<div class=\"elementor-container elementor-column-gap-default\">\n\t\t\t\t\t<div class=\"elementor-column elementor-col-100 elementor-top-column elementor-element elementor-element-718d6122\" data-id=\"718d6122\" data-element_type=\"column\">\n\t\t\t<div class=\"elementor-widget-wrap elementor-element-populated\">\n\t\t\t\t\t\t<div class=\"elementor-element elementor-element-0b0ca09 elementor-widget elementor-widget-text-editor\" data-id=\"0b0ca09\" data-element_type=\"widget\" data-widget_type=\"text-editor.default\">\n\t\t\t\t<div class=\"elementor-widget-container\">\n\t\t\t\t\t\t\t\t\t<p><strong>Un festival de couleurs et de sons<\/strong><\/p>\n<p>Au c\u0153ur des Cara\u00efbes, le festival mondial de la musique cr\u00e9ole prend vie, peignant la Dominique des couleurs vibrantes du madras et des rythmes pleins d&#8217;\u00e2me de notre h\u00e9ritage commun. Ici, au milieu des m\u00e9lodies et des rires, Rich\u00e8s Karayib est le t\u00e9moin de la tapisserie de la riche diversit\u00e9 culturelle de notre r\u00e9gion. C&#8217;est un lieu o\u00f9 la musique, la danse et les v\u00eatements traditionnels convergent pour c\u00e9l\u00e9brer nos racines communes et nos histoires distinctes.<\/p>\t\t\t\t\t\t\t\t<\/div>\n\t\t\t\t<\/div>\n\t\t\t\t<section class=\"elementor-section elementor-inner-section elementor-element elementor-element-c276ecb elementor-section-boxed elementor-section-height-default elementor-section-height-default\" data-id=\"c276ecb\" data-element_type=\"section\">\n\t\t\t\t\t\t<div class=\"elementor-container elementor-column-gap-default\">\n\t\t\t\t\t<div class=\"elementor-column elementor-col-50 elementor-inner-column elementor-element elementor-element-9088f6b\" data-id=\"9088f6b\" data-element_type=\"column\">\n\t\t\t<div class=\"elementor-widget-wrap elementor-element-populated\">\n\t\t\t\t\t\t<div class=\"elementor-element elementor-element-73e10a1 elementor-widget elementor-widget-image\" data-id=\"73e10a1\" data-element_type=\"widget\" data-widget_type=\"image.default\">\n\t\t\t\t<div class=\"elementor-widget-container\">\n\t\t\t\t\t\t\t\t\t\t\t\t\t\t\t<img fetchpriority=\"high\" decoding=\"async\" width=\"768\" height=\"768\" src=\"https:\/\/richeskarayib.com\/wp-content\/uploads\/2022\/09\/9-2-768x768.png\" class=\"attachment-medium_large size-medium_large wp-image-20291\" alt=\"\" srcset=\"https:\/\/richeskarayib.com\/wp-content\/uploads\/2022\/09\/9-2-768x768.png 768w, https:\/\/richeskarayib.com\/wp-content\/uploads\/2022\/09\/9-2-300x300.png 300w, https:\/\/richeskarayib.com\/wp-content\/uploads\/2022\/09\/9-2-1024x1024.png 1024w, https:\/\/richeskarayib.com\/wp-content\/uploads\/2022\/09\/9-2-150x150.png 150w, https:\/\/richeskarayib.com\/wp-content\/uploads\/2022\/09\/9-2.png 1080w\" sizes=\"(max-width: 768px) 100vw, 768px\" \/>\t\t\t\t\t\t\t\t\t\t\t\t\t\t\t<\/div>\n\t\t\t\t<\/div>\n\t\t\t\t\t<\/div>\n\t\t<\/div>\n\t\t\t\t<div class=\"elementor-column elementor-col-50 elementor-inner-column elementor-element elementor-element-9ae73b4\" data-id=\"9ae73b4\" data-element_type=\"column\">\n\t\t\t<div class=\"elementor-widget-wrap elementor-element-populated\">\n\t\t\t\t\t\t<div class=\"elementor-element elementor-element-26dc955 elementor-widget elementor-widget-image\" data-id=\"26dc955\" data-element_type=\"widget\" data-widget_type=\"image.default\">\n\t\t\t\t<div class=\"elementor-widget-container\">\n\t\t\t\t\t\t\t\t\t\t\t\t\t\t\t<img decoding=\"async\" width=\"800\" height=\"800\" src=\"https:\/\/richeskarayib.com\/wp-content\/uploads\/2022\/09\/13-1024x1024.png\" class=\"attachment-large size-large wp-image-20295\" alt=\"\" srcset=\"https:\/\/richeskarayib.com\/wp-content\/uploads\/2022\/09\/13-1024x1024.png 1024w, https:\/\/richeskarayib.com\/wp-content\/uploads\/2022\/09\/13-300x300.png 300w, https:\/\/richeskarayib.com\/wp-content\/uploads\/2022\/09\/13-150x150.png 150w, https:\/\/richeskarayib.com\/wp-content\/uploads\/2022\/09\/13-768x768.png 768w, https:\/\/richeskarayib.com\/wp-content\/uploads\/2022\/09\/13.png 1080w\" sizes=\"(max-width: 800px) 100vw, 800px\" \/>\t\t\t\t\t\t\t\t\t\t\t\t\t\t\t<\/div>\n\t\t\t\t<\/div>\n\t\t\t\t\t<\/div>\n\t\t<\/div>\n\t\t\t\t\t<\/div>\n\t\t<\/section>\n\t\t\t\t\t<\/div>\n\t\t<\/div>\n\t\t\t\t\t<\/div>\n\t\t<\/section>\n\t\t\t\t<section class=\"elementor-section elementor-top-section elementor-element elementor-element-7547baf elementor-section-boxed elementor-section-height-default elementor-section-height-default\" data-id=\"7547baf\" data-element_type=\"section\">\n\t\t\t\t\t\t<div class=\"elementor-container elementor-column-gap-default\">\n\t\t\t\t\t<div class=\"elementor-column elementor-col-100 elementor-top-column elementor-element elementor-element-d24101d\" data-id=\"d24101d\" data-element_type=\"column\">\n\t\t\t<div class=\"elementor-widget-wrap elementor-element-populated\">\n\t\t\t\t\t\t<div class=\"elementor-element elementor-element-584933f elementor-widget elementor-widget-text-editor\" data-id=\"584933f\" data-element_type=\"widget\" data-widget_type=\"text-editor.default\">\n\t\t\t\t<div class=\"elementor-widget-container\">\n\t\t\t\t\t\t\t\t\t<p><strong>Artistes et spectacles : Une mosa\u00efque de talents<\/strong><\/p>\n<p>Pour l&#8217;\u00e9dition 2022 du festival mondial de musique cr\u00e9ole, l&#8217;affiche comprenait un m\u00e9lange d&#8217;artistes locaux et internationaux dans un \u00e9ventail de genres tels que le bouyon, la cadence, le kompa, le zouk, le dancehall, le reggae et le soca. Voici un r\u00e9sum\u00e9 des artistes qui se sont produits :<\/p>\n<p>La Jama\u00efque a accueilli des artistes de reggae et de dancehall tels que Shenseea, Christopher Martin, Sizzla et Dexta Daps.<\/p>\t\t\t\t\t\t\t\t<\/div>\n\t\t\t\t<\/div>\n\t\t\t\t<section class=\"elementor-section elementor-inner-section elementor-element elementor-element-c850a08 elementor-section-boxed elementor-section-height-default elementor-section-height-default\" data-id=\"c850a08\" data-element_type=\"section\">\n\t\t\t\t\t\t<div class=\"elementor-container elementor-column-gap-default\">\n\t\t\t\t\t<div class=\"elementor-column elementor-col-50 elementor-inner-column elementor-element elementor-element-cc2d92b\" data-id=\"cc2d92b\" data-element_type=\"column\">\n\t\t\t<div class=\"elementor-widget-wrap elementor-element-populated\">\n\t\t\t\t\t\t<div class=\"elementor-element elementor-element-3eba907 elementor-widget elementor-widget-image\" data-id=\"3eba907\" data-element_type=\"widget\" data-widget_type=\"image.default\">\n\t\t\t\t<div class=\"elementor-widget-container\">\n\t\t\t\t\t\t\t\t\t\t\t\t\t\t\t<img decoding=\"async\" width=\"768\" height=\"768\" src=\"https:\/\/richeskarayib.com\/wp-content\/uploads\/2022\/09\/11-768x768.png\" class=\"attachment-medium_large size-medium_large wp-image-20283\" alt=\"\" srcset=\"https:\/\/richeskarayib.com\/wp-content\/uploads\/2022\/09\/11-768x768.png 768w, https:\/\/richeskarayib.com\/wp-content\/uploads\/2022\/09\/11-300x300.png 300w, https:\/\/richeskarayib.com\/wp-content\/uploads\/2022\/09\/11-1024x1024.png 1024w, https:\/\/richeskarayib.com\/wp-content\/uploads\/2022\/09\/11-150x150.png 150w, https:\/\/richeskarayib.com\/wp-content\/uploads\/2022\/09\/11.png 1080w\" sizes=\"(max-width: 768px) 100vw, 768px\" \/>\t\t\t\t\t\t\t\t\t\t\t\t\t\t\t<\/div>\n\t\t\t\t<\/div>\n\t\t\t\t\t<\/div>\n\t\t<\/div>\n\t\t\t\t<div class=\"elementor-column elementor-col-50 elementor-inner-column elementor-element elementor-element-d39ea24\" data-id=\"d39ea24\" data-element_type=\"column\">\n\t\t\t<div class=\"elementor-widget-wrap elementor-element-populated\">\n\t\t\t\t\t\t<div class=\"elementor-element elementor-element-6d1a8d0 elementor-widget elementor-widget-image\" data-id=\"6d1a8d0\" data-element_type=\"widget\" data-widget_type=\"image.default\">\n\t\t\t\t<div class=\"elementor-widget-container\">\n\t\t\t\t\t\t\t\t\t\t\t\t\t\t\t<img loading=\"lazy\" decoding=\"async\" width=\"800\" height=\"800\" src=\"https:\/\/richeskarayib.com\/wp-content\/uploads\/2022\/09\/12-1024x1024.png\" class=\"attachment-large size-large wp-image-20287\" alt=\"\" srcset=\"https:\/\/richeskarayib.com\/wp-content\/uploads\/2022\/09\/12-1024x1024.png 1024w, https:\/\/richeskarayib.com\/wp-content\/uploads\/2022\/09\/12-300x300.png 300w, https:\/\/richeskarayib.com\/wp-content\/uploads\/2022\/09\/12-150x150.png 150w, https:\/\/richeskarayib.com\/wp-content\/uploads\/2022\/09\/12-768x768.png 768w, https:\/\/richeskarayib.com\/wp-content\/uploads\/2022\/09\/12.png 1080w\" sizes=\"(max-width: 800px) 100vw, 800px\" \/>\t\t\t\t\t\t\t\t\t\t\t\t\t\t\t<\/div>\n\t\t\t\t<\/div>\n\t\t\t\t\t<\/div>\n\t\t<\/div>\n\t\t\t\t\t<\/div>\n\t\t<\/section>\n\t\t\t\t<div class=\"elementor-element elementor-element-bf9e172 elementor-widget elementor-widget-text-editor\" data-id=\"bf9e172\" data-element_type=\"widget\" data-widget_type=\"text-editor.default\">\n\t\t\t\t<div class=\"elementor-widget-container\">\n\t\t\t\t\t\t\t\t\t<p>Pour les amateurs de zouk et de compas, Jocelyne B\u00e9roard, ancienne chanteuse du groupe Kassav, \u00e9tait pr\u00e9sente aux c\u00f4t\u00e9s des artistes ha\u00eftiens de musique Kompa K-Dilak &amp; Bedjine, Enposib, Chire Lakay, et du chanteur fran\u00e7ais de reggae-dancehall Admiral T.<\/p>\n\t\t\t\t\t\t\t\t<\/div>\n\t\t\t\t<\/div>\n\t\t\t\t<section class=\"elementor-section elementor-inner-section elementor-element elementor-element-b5be684 elementor-section-boxed elementor-section-height-default elementor-section-height-default\" data-id=\"b5be684\" data-element_type=\"section\">\n\t\t\t\t\t\t<div class=\"elementor-container elementor-column-gap-default\">\n\t\t\t\t\t<div class=\"elementor-column elementor-col-50 elementor-inner-column elementor-element elementor-element-0191eed\" data-id=\"0191eed\" data-element_type=\"column\">\n\t\t\t<div class=\"elementor-widget-wrap elementor-element-populated\">\n\t\t\t\t\t\t<div class=\"elementor-element elementor-element-ff29ac9 elementor-widget elementor-widget-image\" data-id=\"ff29ac9\" data-element_type=\"widget\" data-widget_type=\"image.default\">\n\t\t\t\t<div class=\"elementor-widget-container\">\n\t\t\t\t\t\t\t\t\t\t\t\t\t\t\t<img loading=\"lazy\" decoding=\"async\" width=\"768\" height=\"768\" src=\"https:\/\/richeskarayib.com\/wp-content\/uploads\/2022\/09\/10-768x768.png\" class=\"attachment-medium_large size-medium_large wp-image-20279\" alt=\"\" srcset=\"https:\/\/richeskarayib.com\/wp-content\/uploads\/2022\/09\/10-768x768.png 768w, https:\/\/richeskarayib.com\/wp-content\/uploads\/2022\/09\/10-300x300.png 300w, https:\/\/richeskarayib.com\/wp-content\/uploads\/2022\/09\/10-1024x1024.png 1024w, https:\/\/richeskarayib.com\/wp-content\/uploads\/2022\/09\/10-150x150.png 150w, https:\/\/richeskarayib.com\/wp-content\/uploads\/2022\/09\/10.png 1080w\" sizes=\"(max-width: 768px) 100vw, 768px\" \/>\t\t\t\t\t\t\t\t\t\t\t\t\t\t\t<\/div>\n\t\t\t\t<\/div>\n\t\t\t\t\t<\/div>\n\t\t<\/div>\n\t\t\t\t<div class=\"elementor-column elementor-col-50 elementor-inner-column elementor-element elementor-element-803440f\" data-id=\"803440f\" data-element_type=\"column\">\n\t\t\t<div class=\"elementor-widget-wrap elementor-element-populated\">\n\t\t\t\t\t\t<div class=\"elementor-element elementor-element-c962276 elementor-widget elementor-widget-image\" data-id=\"c962276\" data-element_type=\"widget\" data-widget_type=\"image.default\">\n\t\t\t\t<div class=\"elementor-widget-container\">\n\t\t\t\t\t\t\t\t\t\t\t\t\t\t\t<img loading=\"lazy\" decoding=\"async\" width=\"800\" height=\"800\" src=\"https:\/\/richeskarayib.com\/wp-content\/uploads\/2022\/09\/4-1024x1024.png\" class=\"attachment-large size-large wp-image-20255\" alt=\"\" srcset=\"https:\/\/richeskarayib.com\/wp-content\/uploads\/2022\/09\/4-1024x1024.png 1024w, https:\/\/richeskarayib.com\/wp-content\/uploads\/2022\/09\/4-300x300.png 300w, https:\/\/richeskarayib.com\/wp-content\/uploads\/2022\/09\/4-150x150.png 150w, https:\/\/richeskarayib.com\/wp-content\/uploads\/2022\/09\/4-768x768.png 768w, https:\/\/richeskarayib.com\/wp-content\/uploads\/2022\/09\/4.png 1080w\" sizes=\"(max-width: 800px) 100vw, 800px\" \/>\t\t\t\t\t\t\t\t\t\t\t\t\t\t\t<\/div>\n\t\t\t\t<\/div>\n\t\t\t\t\t<\/div>\n\t\t<\/div>\n\t\t\t\t\t<\/div>\n\t\t<\/section>\n\t\t\t\t<div class=\"elementor-element elementor-element-482e3cf elementor-widget elementor-widget-text-editor\" data-id=\"482e3cf\" data-element_type=\"widget\" data-widget_type=\"text-editor.default\">\n\t\t\t\t<div class=\"elementor-widget-container\">\n\t\t\t\t\t\t\t\t\t<p>Le festival a \u00e9galement pr\u00e9sent\u00e9 une solide s\u00e9lection de talents dominicains locaux, dont Asa Bantan de Bouyon Boss, TK International, WCK, le groupe First Serenade, vieux de pr\u00e8s de 40 ans, les Midnight Groovers, ic\u00f4nes de la cadence, &#8220;le plus jeune et le plus m\u00e9chant&#8221; Signal Band, l&#8217;artiste de dancehall Colton T, et le groupe Kompa Extacy. Pour leur premi\u00e8re apparition en tant qu&#8217;artistes solo sur la sc\u00e8ne du festival, Reo, le prince frais du bouyon, et Carlyn XP, la reine du bouyon, ont fait une apparition remarqu\u00e9e.<\/p>\n\t\t\t\t\t\t\t\t<\/div>\n\t\t\t\t<\/div>\n\t\t\t\t<div class=\"elementor-element elementor-element-8a4d4f6 elementor-widget elementor-widget-image\" data-id=\"8a4d4f6\" data-element_type=\"widget\" data-widget_type=\"image.default\">\n\t\t\t\t<div class=\"elementor-widget-container\">\n\t\t\t\t\t\t\t\t\t\t\t\t\t\t\t<img loading=\"lazy\" decoding=\"async\" width=\"800\" height=\"800\" src=\"https:\/\/richeskarayib.com\/wp-content\/uploads\/2022\/09\/7-1024x1024.png\" class=\"attachment-large size-large wp-image-20267\" alt=\"\" srcset=\"https:\/\/richeskarayib.com\/wp-content\/uploads\/2022\/09\/7-1024x1024.png 1024w, https:\/\/richeskarayib.com\/wp-content\/uploads\/2022\/09\/7-300x300.png 300w, https:\/\/richeskarayib.com\/wp-content\/uploads\/2022\/09\/7-150x150.png 150w, https:\/\/richeskarayib.com\/wp-content\/uploads\/2022\/09\/7-768x768.png 768w, https:\/\/richeskarayib.com\/wp-content\/uploads\/2022\/09\/7.png 1080w\" sizes=\"(max-width: 800px) 100vw, 800px\" \/>\t\t\t\t\t\t\t\t\t\t\t\t\t\t\t<\/div>\n\t\t\t\t<\/div>\n\t\t\t\t<div class=\"elementor-element elementor-element-3cf7f80 elementor-widget elementor-widget-text-editor\" data-id=\"3cf7f80\" data-element_type=\"widget\" data-widget_type=\"text-editor.default\">\n\t\t\t\t<div class=\"elementor-widget-container\">\n\t\t\t\t\t\t\t\t\t<p>En outre, les superstars africaines Burna Boy et Omah Lay faisaient partie de l&#8217;affiche, marquant un m\u00e9lange diversifi\u00e9 de styles musicaux et d&#8217;origines culturelles, malgr\u00e9 certains d\u00e9bats communautaires sur l&#8217;inclusion de musique non cr\u00e9ole dans le festival.<\/p>\n<p>Ce riche m\u00e9lange d&#8217;artistes a permis d&#8217;offrir un large \u00e9ventail de musique r\u00e9pondant \u00e0 diff\u00e9rents go\u00fbts et contribuant \u00e0 l&#8217;objectif du festival de c\u00e9l\u00e9brer la culture et la musique cr\u00e9oles.<\/p>\t\t\t\t\t\t\t\t<\/div>\n\t\t\t\t<\/div>\n\t\t\t\t<div class=\"elementor-element elementor-element-c4e2a61 elementor-widget elementor-widget-image\" data-id=\"c4e2a61\" data-element_type=\"widget\" data-widget_type=\"image.default\">\n\t\t\t\t<div class=\"elementor-widget-container\">\n\t\t\t\t\t\t\t\t\t\t\t\t\t\t\t<img loading=\"lazy\" decoding=\"async\" width=\"800\" height=\"800\" src=\"https:\/\/richeskarayib.com\/wp-content\/uploads\/2022\/09\/8-1024x1024.png\" class=\"attachment-large size-large wp-image-20271\" alt=\"\" srcset=\"https:\/\/richeskarayib.com\/wp-content\/uploads\/2022\/09\/8-1024x1024.png 1024w, https:\/\/richeskarayib.com\/wp-content\/uploads\/2022\/09\/8-300x300.png 300w, https:\/\/richeskarayib.com\/wp-content\/uploads\/2022\/09\/8-150x150.png 150w, https:\/\/richeskarayib.com\/wp-content\/uploads\/2022\/09\/8-768x768.png 768w, https:\/\/richeskarayib.com\/wp-content\/uploads\/2022\/09\/8.png 1080w\" sizes=\"(max-width: 800px) 100vw, 800px\" \/>\t\t\t\t\t\t\t\t\t\t\t\t\t\t\t<\/div>\n\t\t\t\t<\/div>\n\t\t\t\t<div class=\"elementor-element elementor-element-be651aa elementor-widget elementor-widget-text-editor\" data-id=\"be651aa\" data-element_type=\"widget\" data-widget_type=\"text-editor.default\">\n\t\t\t\t<div class=\"elementor-widget-container\">\n\t\t\t\t\t\t\t\t\t<p>Parmi les stars, Patrice Roberts se distingue, symbole de l&#8217;\u00e9nergie et du dynamisme carib\u00e9en. Son spectacle, qui m\u00eale les rythmes contagieux de la Soca et les r\u00e9cits de la vie insulaire, captive \u00e0 la fois les habitants et les visiteurs.<\/p>\n\t\t\t\t\t\t\t\t<\/div>\n\t\t\t\t<\/div>\n\t\t\t\t<div class=\"elementor-element elementor-element-585e410 elementor-widget elementor-widget-image\" data-id=\"585e410\" data-element_type=\"widget\" data-widget_type=\"image.default\">\n\t\t\t\t<div class=\"elementor-widget-container\">\n\t\t\t\t\t\t\t\t\t\t\t\t\t\t\t<img loading=\"lazy\" decoding=\"async\" width=\"800\" height=\"800\" src=\"https:\/\/richeskarayib.com\/wp-content\/uploads\/2022\/09\/5-1024x1024.png\" class=\"attachment-large size-large wp-image-20259\" alt=\"\" srcset=\"https:\/\/richeskarayib.com\/wp-content\/uploads\/2022\/09\/5-1024x1024.png 1024w, https:\/\/richeskarayib.com\/wp-content\/uploads\/2022\/09\/5-300x300.png 300w, https:\/\/richeskarayib.com\/wp-content\/uploads\/2022\/09\/5-150x150.png 150w, https:\/\/richeskarayib.com\/wp-content\/uploads\/2022\/09\/5-768x768.png 768w, https:\/\/richeskarayib.com\/wp-content\/uploads\/2022\/09\/5.png 1080w\" sizes=\"(max-width: 800px) 100vw, 800px\" \/>\t\t\t\t\t\t\t\t\t\t\t\t\t\t\t<\/div>\n\t\t\t\t<\/div>\n\t\t\t\t<div class=\"elementor-element elementor-element-c3a3b5f elementor-widget elementor-widget-text-editor\" data-id=\"c3a3b5f\" data-element_type=\"widget\" data-widget_type=\"text-editor.default\">\n\t\t\t\t<div class=\"elementor-widget-container\">\n\t\t\t\t\t\t\t\t\t<p>\u00c0 travers l&#8217;objectif de Rich\u00e8s Karayib, le Festival mondial de musique cr\u00e9ole transcende son r\u00f4le d&#8217;\u00e9v\u00e9nement musical. Elle devient une vitrine vivante de la richesse culturelle des Cara\u00efbes, une plateforme pour les artistes et un phare pour l&#8217;unit\u00e9 et l&#8217;\u00e9change culturel.<\/p>\n<p>Alors que le festival s&#8217;ach\u00e8ve, les m\u00e9lodies persistent, rappelant avec douceur notre h\u00e9ritage commun et la joie collective que la musique peut apporter.<\/p>\n<p>Rich\u00e8s Karayib repart avec une inspiration renouvel\u00e9e et un engagement r\u00e9affirm\u00e9 \u00e0 c\u00e9l\u00e9brer et \u00e0 promouvoir le patrimoine culturel diversifi\u00e9 des Cara\u00efbes.<\/p>\t\t\t\t\t\t\t\t<\/div>\n\t\t\t\t<\/div>\n\t\t\t\t\t<\/div>\n\t\t<\/div>\n\t\t\t\t\t<\/div>\n\t\t<\/section>\n\t\t\t\t<\/div>\n\t\t","protected":false},"excerpt":{"rendered":"<p>Un festival de couleurs et de sons Au c\u0153ur des Cara\u00efbes, le festival mondial de la musique cr\u00e9ole prend vie, peignant la Dominique des couleurs vibrantes du madras et des rythmes pleins d&#8217;\u00e2me de notre h\u00e9ritage commun. Ici, au milieu des m\u00e9lodies et des rires, Rich\u00e8s Karayib est le t\u00e9moin de la tapisserie de la [&hellip;]<\/p>\n","protected":false},"author":47,"featured_media":20251,"comment_status":"open","ping_status":"open","sticky":false,"template":"","format":"standard","meta":{"_acf_changed":false,"footnotes":""},"categories":[835],"tags":[],"class_list":["post-17737","post","type-post","status-publish","format-standard","has-post-thumbnail","hentry","category-musique-fr"],"acf":[],"_links":{"self":[{"href":"https:\/\/richeskarayib.com\/fr\/wp-json\/wp\/v2\/posts\/17737","targetHints":{"allow":["GET"]}}],"collection":[{"href":"https:\/\/richeskarayib.com\/fr\/wp-json\/wp\/v2\/posts"}],"about":[{"href":"https:\/\/richeskarayib.com\/fr\/wp-json\/wp\/v2\/types\/post"}],"author":[{"embeddable":true,"href":"https:\/\/richeskarayib.com\/fr\/wp-json\/wp\/v2\/users\/47"}],"replies":[{"embeddable":true,"href":"https:\/\/richeskarayib.com\/fr\/wp-json\/wp\/v2\/comments?post=17737"}],"version-history":[{"count":0,"href":"https:\/\/richeskarayib.com\/fr\/wp-json\/wp\/v2\/posts\/17737\/revisions"}],"wp:featuredmedia":[{"embeddable":true,"href":"https:\/\/richeskarayib.com\/fr\/wp-json\/wp\/v2\/media\/20251"}],"wp:attachment":[{"href":"https:\/\/richeskarayib.com\/fr\/wp-json\/wp\/v2\/media?parent=17737"}],"wp:term":[{"taxonomy":"category","embeddable":true,"href":"https:\/\/richeskarayib.com\/fr\/wp-json\/wp\/v2\/categories?post=17737"},{"taxonomy":"post_tag","embeddable":true,"href":"https:\/\/richeskarayib.com\/fr\/wp-json\/wp\/v2\/tags?post=17737"}],"curies":[{"name":"wp","href":"https:\/\/api.w.org\/{rel}","templated":true}]}}