{"id":22966,"date":"2024-03-19T15:13:24","date_gmt":"2024-03-19T15:13:24","guid":{"rendered":"http:\/\/richeskarayib.com\/art-et-culture-catalyseurs-du-developpement-durable-dans-les-caraibes-13-10-2021\/"},"modified":"2024-09-23T12:26:49","modified_gmt":"2024-09-23T12:26:49","slug":"art-et-culture-catalyseurs-du-developpement-durable-dans-les-caraibes-13-10-2021","status":"publish","type":"post","link":"https:\/\/richeskarayib.com\/fr\/art-et-culture-catalyseurs-du-developpement-durable-dans-les-caraibes-13-10-2021\/","title":{"rendered":"ART ET CULTURE : CATALYSEURS DU D\u00c9VELOPPEMENT DURABLE DANS LES CARA\u00cfBES &#8211; 13\/10\/2021"},"content":{"rendered":"\t\t<div data-elementor-type=\"wp-post\" data-elementor-id=\"22966\" class=\"elementor elementor-22966 elementor-14613\" data-elementor-post-type=\"post\">\n\t\t\t\t\t\t<section class=\"elementor-section elementor-top-section elementor-element elementor-element-43f682c elementor-section-boxed elementor-section-height-default elementor-section-height-default\" data-id=\"43f682c\" data-element_type=\"section\">\n\t\t\t\t\t\t<div class=\"elementor-container elementor-column-gap-default\">\n\t\t\t\t\t<div class=\"elementor-column elementor-col-100 elementor-top-column elementor-element elementor-element-fc2d3a0\" data-id=\"fc2d3a0\" data-element_type=\"column\">\n\t\t\t<div class=\"elementor-widget-wrap elementor-element-populated\">\n\t\t\t\t\t\t<div class=\"elementor-element elementor-element-480d89e elementor-widget elementor-widget-heading\" data-id=\"480d89e\" data-element_type=\"widget\" data-widget_type=\"heading.default\">\n\t\t\t\t<div class=\"elementor-widget-container\">\n\t\t\t\t\t<h2 class=\"elementor-heading-title elementor-size-default\">LE D\u00c9ROULEMENT DE L'\u00c9V\u00c9NEMENT<\/h2>\t\t\t\t<\/div>\n\t\t\t\t<\/div>\n\t\t\t\t<div class=\"elementor-element elementor-element-c683a8e elementor-widget elementor-widget-text-editor\" data-id=\"c683a8e\" data-element_type=\"widget\" data-widget_type=\"text-editor.default\">\n\t\t\t\t<div class=\"elementor-widget-container\">\n\t\t\t\t\t\t\t\t\t<p>Chers correspondants, participants et tous ceux qui ont souhait\u00e9 participer, mais n&#8217;ont pu le faire pour des raisons techniques ou autres, \u00e0 la r\u00e9union virtuelle du mercredi 13 octobre 2021 :<\/p>\n<p>&#8220;ART ET CULTURE : CATALYSEURS DU D\u00c9VELOPPEMENT DURABLE DANS LES CARA\u00cfBES&#8230;..&#8221;<\/p>\n<p>Ev\u00e9nement organis\u00e9 par Sabrina Ajax, (Rich\u00e8s Karayib \/ ASIS WI) et l&#8217;OMDAC, avec le soutien technique de la Municipalit\u00e9 du Lamentin (M\u00e9diath\u00e8que) qui a exp\u00e9riment\u00e9 son nouveau mat\u00e9riel de visioconf\u00e9rence avec notre op\u00e9ration.<\/p>\n<p>Nous avons eu le plaisir de vous envoyer dans un premier temps la pr\u00e9sentation de l&#8217;\u00e9v\u00e9nement qui pr\u00e9cisait la r\u00e9partition des panels identifi\u00e9e par les photos. Les 4 panels ont \u00e9t\u00e9 planifi\u00e9s de la mani\u00e8re suivante avec un temps d\u00e9di\u00e9 aux \u00e9changes apr\u00e8s chaque panel :<\/p>\n<p>Institutions<br \/>&#8211; Organisations culturelles <br \/>&#8211; Artistes<br \/>&#8211; Experts Culture<\/p>\n\t\t\t\t\t\t\t\t<\/div>\n\t\t\t\t<\/div>\n\t\t\t\t\t<\/div>\n\t\t<\/div>\n\t\t\t\t\t<\/div>\n\t\t<\/section>\n\t\t\t\t<section class=\"elementor-section elementor-top-section elementor-element elementor-element-5220dda elementor-section-boxed elementor-section-height-default elementor-section-height-default\" data-id=\"5220dda\" data-element_type=\"section\">\n\t\t\t\t\t\t<div class=\"elementor-container elementor-column-gap-default\">\n\t\t\t\t\t<div class=\"elementor-column elementor-col-100 elementor-top-column elementor-element elementor-element-aa25066\" data-id=\"aa25066\" data-element_type=\"column\">\n\t\t\t<div class=\"elementor-widget-wrap elementor-element-populated\">\n\t\t\t\t\t\t<div class=\"elementor-element elementor-element-8307d4f elementor-widget elementor-widget-image\" data-id=\"8307d4f\" data-element_type=\"widget\" data-widget_type=\"image.default\">\n\t\t\t\t<div class=\"elementor-widget-container\">\n\t\t\t\t\t\t\t\t\t\t\t\t\t\t\t<img fetchpriority=\"high\" decoding=\"async\" width=\"800\" height=\"400\" src=\"https:\/\/richeskarayib.com\/wp-content\/uploads\/2021\/10\/Sans-titre-1024x512.jpg\" class=\"attachment-large size-large wp-image-22967\" alt=\"\" srcset=\"https:\/\/richeskarayib.com\/wp-content\/uploads\/2021\/10\/Sans-titre-1024x512.jpg 1024w, https:\/\/richeskarayib.com\/wp-content\/uploads\/2021\/10\/Sans-titre-300x150.jpg 300w, https:\/\/richeskarayib.com\/wp-content\/uploads\/2021\/10\/Sans-titre-768x384.jpg 768w, https:\/\/richeskarayib.com\/wp-content\/uploads\/2021\/10\/Sans-titre-1536x768.jpg 1536w, https:\/\/richeskarayib.com\/wp-content\/uploads\/2021\/10\/Sans-titre-2048x1024.jpg 2048w, https:\/\/richeskarayib.com\/wp-content\/uploads\/2021\/10\/Sans-titre-18x9.jpg 18w, https:\/\/richeskarayib.com\/wp-content\/uploads\/2021\/10\/Sans-titre-624x312.jpg 624w, https:\/\/richeskarayib.com\/wp-content\/uploads\/2021\/10\/Sans-titre-600x300.jpg 600w\" sizes=\"(max-width: 800px) 100vw, 800px\" \/>\t\t\t\t\t\t\t\t\t\t\t\t\t\t\t<\/div>\n\t\t\t\t<\/div>\n\t\t\t\t\t<\/div>\n\t\t<\/div>\n\t\t\t\t\t<\/div>\n\t\t<\/section>\n\t\t\t\t<section class=\"elementor-section elementor-top-section elementor-element elementor-element-a863688 elementor-section-boxed elementor-section-height-default elementor-section-height-default\" data-id=\"a863688\" data-element_type=\"section\">\n\t\t\t\t\t\t<div class=\"elementor-container elementor-column-gap-default\">\n\t\t\t\t\t<div class=\"elementor-column elementor-col-100 elementor-top-column elementor-element elementor-element-afbc2a5\" data-id=\"afbc2a5\" data-element_type=\"column\">\n\t\t\t<div class=\"elementor-widget-wrap elementor-element-populated\">\n\t\t\t\t\t\t<div class=\"elementor-element elementor-element-6e8572d elementor-widget elementor-widget-heading\" data-id=\"6e8572d\" data-element_type=\"widget\" data-widget_type=\"heading.default\">\n\t\t\t\t<div class=\"elementor-widget-container\">\n\t\t\t\t\t<h2 class=\"elementor-heading-title elementor-size-default\">NOS EXCUSES<\/h2>\t\t\t\t<\/div>\n\t\t\t\t<\/div>\n\t\t\t\t<div class=\"elementor-element elementor-element-d21f442 elementor-widget elementor-widget-text-editor\" data-id=\"d21f442\" data-element_type=\"widget\" data-widget_type=\"text-editor.default\">\n\t\t\t\t<div class=\"elementor-widget-container\">\n\t\t\t\t\t\t\t\t\t<p>Tout d&#8217;abord, nous tenons \u00e0 nous excuser aupr\u00e8s de tous ceux qui ont eu des difficult\u00e9s avec l&#8217;inscription, ensuite nous avons eu un bug incompr\u00e9hensible avec l&#8217;application, ce qui a entra\u00een\u00e9 un retard important, mais surtout a priv\u00e9 nos participants d&#8217;acc\u00e9der \u00e0 la conf\u00e9rence et d&#8217;avoir la traduction simultan\u00e9e initialement pr\u00e9vue avec un professionnel.<\/p>\n<p>Nous avions \u00e9galement pr\u00e9vu une diffusion en direct sur Facebook et Youtube qui, pour les m\u00eames raisons, n&#8217;a pas pu avoir lieu.<\/p>\n<p>Par la suite, nous avons rencontr\u00e9 quelques difficult\u00e9s techniques et une connexion parfois instable, mais cela n&#8217;a pas eu d&#8217;impact sur la qualit\u00e9 des interventions et des \u00e9changes.<\/p>\n<p>Nous avons cependant regrett\u00e9 l&#8217;absence de 5 orateurs annonc\u00e9s, puis, compte tenu du temps perdu pour les raisons indiqu\u00e9es ci-dessus, certaines pr\u00e9sentations ont malheureusement \u00e9t\u00e9 \u00e9court\u00e9es et plusieurs vid\u00e9os de repr\u00e9sentations d&#8217;artistes n&#8217;ont pas pu \u00eatre projet\u00e9es. Nous leur r\u00e9it\u00e9rons nos plus sinc\u00e8res excuses.<\/p>\n\t\t\t\t\t\t\t\t<\/div>\n\t\t\t\t<\/div>\n\t\t\t\t\t<\/div>\n\t\t<\/div>\n\t\t\t\t\t<\/div>\n\t\t<\/section>\n\t\t\t\t<section class=\"elementor-section elementor-top-section elementor-element elementor-element-ebde158 elementor-section-boxed elementor-section-height-default elementor-section-height-default\" data-id=\"ebde158\" data-element_type=\"section\">\n\t\t\t\t\t\t<div class=\"elementor-container elementor-column-gap-default\">\n\t\t\t\t\t<div class=\"elementor-column elementor-col-100 elementor-top-column elementor-element elementor-element-62834e3\" data-id=\"62834e3\" data-element_type=\"column\">\n\t\t\t<div class=\"elementor-widget-wrap elementor-element-populated\">\n\t\t\t\t\t\t<div class=\"elementor-element elementor-element-e1e8d6d elementor-widget elementor-widget-heading\" data-id=\"e1e8d6d\" data-element_type=\"widget\" data-widget_type=\"heading.default\">\n\t\t\t\t<div class=\"elementor-widget-container\">\n\t\t\t\t\t<h2 class=\"elementor-heading-title elementor-size-default\">VUE D'ENSEMBLE<\/h2>\t\t\t\t<\/div>\n\t\t\t\t<\/div>\n\t\t\t\t<div class=\"elementor-element elementor-element-83b2c20 elementor-widget elementor-widget-text-editor\" data-id=\"83b2c20\" data-element_type=\"widget\" data-widget_type=\"text-editor.default\">\n\t\t\t\t<div class=\"elementor-widget-container\">\n\t\t\t\t\t\t\t\t\t<p>Cependant, 35 personnes de 6 nationalit\u00e9s diff\u00e9rentes, de leur territoire, ou de Paris par exemple, ont \u00e9t\u00e9 connect\u00e9es (intervenants potentiels, auditeurs), en plus d&#8217;une d\u00e9l\u00e9gation de la CTM, de la collectivit\u00e9 locale et de participants d&#8217;associations ainsi que d&#8217;un professionnel du secteur culturel qui est intervenu depuis la M\u00e9diath\u00e8que du Lamentin.<\/p>\n<p>N\u00e9anmoins, cette r\u00e9union a permis de r\u00e9aliser notre planning comme pr\u00e9vu et la plupart des participants, dans le chat ou en direct ou par leurs messages post-visio ont exprim\u00e9 leur satisfaction d&#8217;avoir profit\u00e9 de cette opportunit\u00e9 pour conna\u00eetre les dispositifs, s&#8217;exprimer sur leur travail, leurs attentes, et avoir \u00e9chang\u00e9 avec des homologues carib\u00e9ens.<\/p>\n\t\t\t\t\t\t\t\t<\/div>\n\t\t\t\t<\/div>\n\t\t\t\t\t<\/div>\n\t\t<\/div>\n\t\t\t\t\t<\/div>\n\t\t<\/section>\n\t\t\t\t<section class=\"elementor-section elementor-top-section elementor-element elementor-element-9f4e8fa elementor-section-boxed elementor-section-height-default elementor-section-height-default\" data-id=\"9f4e8fa\" data-element_type=\"section\">\n\t\t\t\t\t\t<div class=\"elementor-container elementor-column-gap-default\">\n\t\t\t\t\t<div class=\"elementor-column elementor-col-100 elementor-top-column elementor-element elementor-element-11791ff\" data-id=\"11791ff\" data-element_type=\"column\">\n\t\t\t<div class=\"elementor-widget-wrap elementor-element-populated\">\n\t\t\t\t\t\t<div class=\"elementor-element elementor-element-a449d05 elementor-widget elementor-widget-heading\" data-id=\"a449d05\" data-element_type=\"widget\" data-widget_type=\"heading.default\">\n\t\t\t\t<div class=\"elementor-widget-container\">\n\t\t\t\t\t<h2 class=\"elementor-heading-title elementor-size-default\">RETOUR AUX INTERVENTIONS<\/h2>\t\t\t\t<\/div>\n\t\t\t\t<\/div>\n\t\t\t\t<div class=\"elementor-element elementor-element-e7c6d43 elementor-widget elementor-widget-heading\" data-id=\"e7c6d43\" data-element_type=\"widget\" data-widget_type=\"heading.default\">\n\t\t\t\t<div class=\"elementor-widget-container\">\n\t\t\t\t\t<h2 class=\"elementor-heading-title elementor-size-default\">PANNEAU 1<\/h2>\t\t\t\t<\/div>\n\t\t\t\t<\/div>\n\t\t\t\t<div class=\"elementor-element elementor-element-ef50c7d elementor-widget elementor-widget-text-editor\" data-id=\"ef50c7d\" data-element_type=\"widget\" data-widget_type=\"text-editor.default\">\n\t\t\t\t<div class=\"elementor-widget-container\">\n\t\t\t\t\t\t\t\t\t<p class=\"Standard\" style=\"text-align: justify; text-justify: inter-ideograph;\">Nous avons eu le plaisir d&#8217;entendre la pr\u00e9sentation d&#8217;exp\u00e9riences culturelles concr\u00e8tes, ainsi que de conna\u00eetre les approches institutionnelles.<\/p>\n\t\t\t\t\t\t\t\t<\/div>\n\t\t\t\t<\/div>\n\t\t\t\t<section class=\"elementor-section elementor-inner-section elementor-element elementor-element-9faa1b2 elementor-section-boxed elementor-section-height-default elementor-section-height-default\" data-id=\"9faa1b2\" data-element_type=\"section\">\n\t\t\t\t\t\t<div class=\"elementor-container elementor-column-gap-default\">\n\t\t\t\t\t<div class=\"elementor-column elementor-col-50 elementor-inner-column elementor-element elementor-element-183b5ad\" data-id=\"183b5ad\" data-element_type=\"column\">\n\t\t\t<div class=\"elementor-widget-wrap elementor-element-populated\">\n\t\t\t\t\t\t<div class=\"elementor-element elementor-element-89e7bfd elementor-widget elementor-widget-image\" data-id=\"89e7bfd\" data-element_type=\"widget\" data-widget_type=\"image.default\">\n\t\t\t\t<div class=\"elementor-widget-container\">\n\t\t\t\t\t\t\t\t\t\t\t\t\t\t\t<img decoding=\"async\" width=\"133\" height=\"93\" src=\"https:\/\/richeskarayib.com\/wp-content\/uploads\/2021\/10\/dac.png\" class=\"attachment-large size-large wp-image-22968\" alt=\"\" srcset=\"https:\/\/richeskarayib.com\/wp-content\/uploads\/2021\/10\/dac.png 133w, https:\/\/richeskarayib.com\/wp-content\/uploads\/2021\/10\/dac-18x12.png 18w\" sizes=\"(max-width: 133px) 100vw, 133px\" \/>\t\t\t\t\t\t\t\t\t\t\t\t\t\t\t<\/div>\n\t\t\t\t<\/div>\n\t\t\t\t\t<\/div>\n\t\t<\/div>\n\t\t\t\t<div class=\"elementor-column elementor-col-50 elementor-inner-column elementor-element elementor-element-788797f\" data-id=\"788797f\" data-element_type=\"column\">\n\t\t\t<div class=\"elementor-widget-wrap elementor-element-populated\">\n\t\t\t\t\t\t<div class=\"elementor-element elementor-element-ebd8ec3 elementor-widget elementor-widget-text-editor\" data-id=\"ebd8ec3\" data-element_type=\"widget\" data-widget_type=\"text-editor.default\">\n\t\t\t\t<div class=\"elementor-widget-container\">\n\t\t\t\t\t\t\t\t\t<p class=\"Standard\" style=\"text-align: justify; text-justify: inter-ideograph;\">La DAC (Direction des Affaires Culturelles), repr\u00e9sent\u00e9e par Agn\u00e8s BRETEL, a pr\u00e9sent\u00e9, \u00e0 la satisfaction des participants, les outils et solutions visant \u00e0 soutenir les op\u00e9rateurs et acteurs culturels. Il s&#8217;agit notamment des mesures permettant aux projets et aux artistes de se rendre \u00e0 l&#8217;\u00e9tranger (fonds de mobilit\u00e9, FEAC, etc.).<\/p>\n\t\t\t\t\t\t\t\t<\/div>\n\t\t\t\t<\/div>\n\t\t\t\t\t<\/div>\n\t\t<\/div>\n\t\t\t\t\t<\/div>\n\t\t<\/section>\n\t\t\t\t<section class=\"elementor-section elementor-inner-section elementor-element elementor-element-81b26cd elementor-section-boxed elementor-section-height-default elementor-section-height-default\" data-id=\"81b26cd\" data-element_type=\"section\">\n\t\t\t\t\t\t<div class=\"elementor-container elementor-column-gap-default\">\n\t\t\t\t\t<div class=\"elementor-column elementor-col-50 elementor-inner-column elementor-element elementor-element-6e873bd\" data-id=\"6e873bd\" data-element_type=\"column\">\n\t\t\t<div class=\"elementor-widget-wrap elementor-element-populated\">\n\t\t\t\t\t\t<div class=\"elementor-element elementor-element-1af307e elementor-widget elementor-widget-image\" data-id=\"1af307e\" data-element_type=\"widget\" data-widget_type=\"image.default\">\n\t\t\t\t<div class=\"elementor-widget-container\">\n\t\t\t\t\t\t\t\t\t\t\t\t\t\t\t<img decoding=\"async\" width=\"409\" height=\"238\" src=\"https:\/\/richeskarayib.com\/wp-content\/uploads\/2021\/10\/ctm.png\" class=\"attachment-large size-large wp-image-22969\" alt=\"\" srcset=\"https:\/\/richeskarayib.com\/wp-content\/uploads\/2021\/10\/ctm.png 409w, https:\/\/richeskarayib.com\/wp-content\/uploads\/2021\/10\/ctm-300x175.png 300w, https:\/\/richeskarayib.com\/wp-content\/uploads\/2021\/10\/ctm-18x10.png 18w\" sizes=\"(max-width: 409px) 100vw, 409px\" \/>\t\t\t\t\t\t\t\t\t\t\t\t\t\t\t<\/div>\n\t\t\t\t<\/div>\n\t\t\t\t\t<\/div>\n\t\t<\/div>\n\t\t\t\t<div class=\"elementor-column elementor-col-50 elementor-inner-column elementor-element elementor-element-0fd544f\" data-id=\"0fd544f\" data-element_type=\"column\">\n\t\t\t<div class=\"elementor-widget-wrap elementor-element-populated\">\n\t\t\t\t\t\t<div class=\"elementor-element elementor-element-d3aca78 elementor-widget elementor-widget-text-editor\" data-id=\"d3aca78\" data-element_type=\"widget\" data-widget_type=\"text-editor.default\">\n\t\t\t\t<div class=\"elementor-widget-container\">\n\t\t\t\t\t\t\t\t\t<p class=\"Standard\" style=\"text-align: justify; text-justify: inter-ideograph;\">La CTM (Collectivit\u00e9 territoriale de Martinique), en charge du d\u00e9veloppement de la collectivit\u00e9, repr\u00e9sent\u00e9e par Mmes MONROSE et TELLE, a rappel\u00e9 qu&#8217;elle continuera \u00e0 soutenir et valoriser les actions qui contribuent au d\u00e9veloppement de la coop\u00e9ration internationale et de la culture. Elle a soulign\u00e9 les grandes lignes de son action en faveur de la durabilit\u00e9 du secteur culturel et les principales orientations de sa politique culturelle.<\/p>\n\t\t\t\t\t\t\t\t<\/div>\n\t\t\t\t<\/div>\n\t\t\t\t\t<\/div>\n\t\t<\/div>\n\t\t\t\t\t<\/div>\n\t\t<\/section>\n\t\t\t\t<div class=\"elementor-element elementor-element-d239455 elementor-widget-divider--view-line elementor-widget elementor-widget-divider\" data-id=\"d239455\" data-element_type=\"widget\" data-widget_type=\"divider.default\">\n\t\t\t\t<div class=\"elementor-widget-container\">\n\t\t\t\t\t\t\t<div class=\"elementor-divider\">\n\t\t\t<span class=\"elementor-divider-separator\">\n\t\t\t\t\t\t<\/span>\n\t\t<\/div>\n\t\t\t\t\t\t<\/div>\n\t\t\t\t<\/div>\n\t\t\t\t\t<\/div>\n\t\t<\/div>\n\t\t\t\t\t<\/div>\n\t\t<\/section>\n\t\t\t\t<section class=\"elementor-section elementor-top-section elementor-element elementor-element-b1b4aa2 elementor-section-boxed elementor-section-height-default elementor-section-height-default\" data-id=\"b1b4aa2\" data-element_type=\"section\">\n\t\t\t\t\t\t<div class=\"elementor-container elementor-column-gap-default\">\n\t\t\t\t\t<div class=\"elementor-column elementor-col-100 elementor-top-column elementor-element elementor-element-20b141c\" data-id=\"20b141c\" data-element_type=\"column\">\n\t\t\t<div class=\"elementor-widget-wrap elementor-element-populated\">\n\t\t\t\t\t\t<div class=\"elementor-element elementor-element-357f18c elementor-widget elementor-widget-heading\" data-id=\"357f18c\" data-element_type=\"widget\" data-widget_type=\"heading.default\">\n\t\t\t\t<div class=\"elementor-widget-container\">\n\t\t\t\t\t<h2 class=\"elementor-heading-title elementor-size-default\">PANNEAU 2<\/h2>\t\t\t\t<\/div>\n\t\t\t\t<\/div>\n\t\t\t\t<div class=\"elementor-element elementor-element-13b1134 elementor-widget elementor-widget-text-editor\" data-id=\"13b1134\" data-element_type=\"widget\" data-widget_type=\"text-editor.default\">\n\t\t\t\t<div class=\"elementor-widget-container\">\n\t\t\t\t\t\t\t\t\t<p>Les organisations culturelles ont expliqu\u00e9 leurs actions et leur volont\u00e9 de collaborer avec les acteurs culturels de la Cara\u00efbe.<\/p>\n\t\t\t\t\t\t\t\t<\/div>\n\t\t\t\t<\/div>\n\t\t\t\t<section class=\"elementor-section elementor-inner-section elementor-element elementor-element-3eaa6e9 elementor-section-boxed elementor-section-height-default elementor-section-height-default\" data-id=\"3eaa6e9\" data-element_type=\"section\">\n\t\t\t\t\t\t<div class=\"elementor-container elementor-column-gap-default\">\n\t\t\t\t\t<div class=\"elementor-column elementor-col-50 elementor-inner-column elementor-element elementor-element-f97ef90\" data-id=\"f97ef90\" data-element_type=\"column\">\n\t\t\t<div class=\"elementor-widget-wrap elementor-element-populated\">\n\t\t\t\t\t\t<div class=\"elementor-element elementor-element-ed5b9c5 elementor-widget elementor-widget-image\" data-id=\"ed5b9c5\" data-element_type=\"widget\" data-widget_type=\"image.default\">\n\t\t\t\t<div class=\"elementor-widget-container\">\n\t\t\t\t\t\t\t\t\t\t\t\t\t\t\t<img loading=\"lazy\" decoding=\"async\" width=\"150\" height=\"150\" src=\"https:\/\/richeskarayib.com\/wp-content\/uploads\/2021\/10\/joel-150x150.jpg\" class=\"attachment-thumbnail size-thumbnail wp-image-22970\" alt=\"\" srcset=\"https:\/\/richeskarayib.com\/wp-content\/uploads\/2021\/10\/joel-150x150.jpg 150w, https:\/\/richeskarayib.com\/wp-content\/uploads\/2021\/10\/joel-300x300.jpg 300w, https:\/\/richeskarayib.com\/wp-content\/uploads\/2021\/10\/joel-100x100.jpg 100w\" sizes=\"(max-width: 150px) 100vw, 150px\" \/>\t\t\t\t\t\t\t\t\t\t\t\t\t\t\t<\/div>\n\t\t\t\t<\/div>\n\t\t\t\t\t<\/div>\n\t\t<\/div>\n\t\t\t\t<div class=\"elementor-column elementor-col-50 elementor-inner-column elementor-element elementor-element-6f45bcf\" data-id=\"6f45bcf\" data-element_type=\"column\">\n\t\t\t<div class=\"elementor-widget-wrap elementor-element-populated\">\n\t\t\t\t\t\t<div class=\"elementor-element elementor-element-babf807 elementor-widget elementor-widget-text-editor\" data-id=\"babf807\" data-element_type=\"widget\" data-widget_type=\"text-editor.default\">\n\t\t\t\t<div class=\"elementor-widget-container\">\n\t\t\t\t\t\t\t\t\t<p>CARIB&#8217;OPERA, repr\u00e9sent\u00e9 par Jo\u00ebl GLOMBARD de MARTINIQUE.<\/p>\n<p>Il a pr\u00e9sent\u00e9 le concept d&#8217;Ensemble Carib&#8217;Opera qui rassemble des personnes autour d&#8217;un point commun : le chant lyrique. Cette association d\u00e9veloppe l&#8217;art lyrique, les spectacles vivants et la formation de jeunes artistes antillais.<\/p>\n<p>Son objectif est de promouvoir la culture carib\u00e9enne \u00e0 travers ces actions. Son souhait est de d\u00e9velopper des \u00e9changes avec des organisations similaires dans les Cara\u00efbes.<\/p>\n\t\t\t\t\t\t\t\t<\/div>\n\t\t\t\t<\/div>\n\t\t\t\t\t<\/div>\n\t\t<\/div>\n\t\t\t\t\t<\/div>\n\t\t<\/section>\n\t\t\t\t<section class=\"elementor-section elementor-inner-section elementor-element elementor-element-5c10c11 elementor-section-boxed elementor-section-height-default elementor-section-height-default\" data-id=\"5c10c11\" data-element_type=\"section\">\n\t\t\t\t\t\t<div class=\"elementor-container elementor-column-gap-default\">\n\t\t\t\t\t<div class=\"elementor-column elementor-col-50 elementor-inner-column elementor-element elementor-element-e739540\" data-id=\"e739540\" data-element_type=\"column\">\n\t\t\t<div class=\"elementor-widget-wrap elementor-element-populated\">\n\t\t\t\t\t\t<div class=\"elementor-element elementor-element-acf5bc2 elementor-widget elementor-widget-image\" data-id=\"acf5bc2\" data-element_type=\"widget\" data-widget_type=\"image.default\">\n\t\t\t\t<div class=\"elementor-widget-container\">\n\t\t\t\t\t\t\t\t\t\t\t\t\t\t\t<img loading=\"lazy\" decoding=\"async\" width=\"150\" height=\"150\" src=\"https:\/\/richeskarayib.com\/wp-content\/uploads\/2021\/10\/rodrigue-150x150.jpeg\" class=\"attachment-thumbnail size-thumbnail wp-image-22971\" alt=\"\" srcset=\"https:\/\/richeskarayib.com\/wp-content\/uploads\/2021\/10\/rodrigue-150x150.jpeg 150w, https:\/\/richeskarayib.com\/wp-content\/uploads\/2021\/10\/rodrigue-300x300.jpeg 300w, https:\/\/richeskarayib.com\/wp-content\/uploads\/2021\/10\/rodrigue-100x100.jpeg 100w\" sizes=\"(max-width: 150px) 100vw, 150px\" \/>\t\t\t\t\t\t\t\t\t\t\t\t\t\t\t<\/div>\n\t\t\t\t<\/div>\n\t\t\t\t\t<\/div>\n\t\t<\/div>\n\t\t\t\t<div class=\"elementor-column elementor-col-50 elementor-inner-column elementor-element elementor-element-1981d0a\" data-id=\"1981d0a\" data-element_type=\"column\">\n\t\t\t<div class=\"elementor-widget-wrap elementor-element-populated\">\n\t\t\t\t\t\t<div class=\"elementor-element elementor-element-a439a82 elementor-widget elementor-widget-text-editor\" data-id=\"a439a82\" data-element_type=\"widget\" data-widget_type=\"text-editor.default\">\n\t\t\t\t<div class=\"elementor-widget-container\">\n\t\t\t\t\t\t\t\t\t<p class=\"Standard\" style=\"text-align: justify; text-justify: inter-ideograph;\">L&#8217;OMDAC, repr\u00e9sent\u00e9e par Rodrigue TOUSSIES de MARTINIQUE.<\/p>\n<p class=\"Standard\" style=\"text-align: justify; text-justify: inter-ideograph;\">Il a r\u00e9sum\u00e9, en tant que structure non institutionnelle, les actions de l&#8217;association en Martinique et dans la zone Cara\u00efbe depuis pr\u00e8s de 40 ans. Il a pr\u00e9cis\u00e9 son implication dans les Objectifs de D\u00e9veloppement Durable d&#8217;un point de vue culturel.<\/p>\n\t\t\t\t\t\t\t\t<\/div>\n\t\t\t\t<\/div>\n\t\t\t\t\t<\/div>\n\t\t<\/div>\n\t\t\t\t\t<\/div>\n\t\t<\/section>\n\t\t\t\t<section class=\"elementor-section elementor-inner-section elementor-element elementor-element-c17255e elementor-section-boxed elementor-section-height-default elementor-section-height-default\" data-id=\"c17255e\" data-element_type=\"section\">\n\t\t\t\t\t\t<div class=\"elementor-container elementor-column-gap-default\">\n\t\t\t\t\t<div class=\"elementor-column elementor-col-50 elementor-inner-column elementor-element elementor-element-416f9d4\" data-id=\"416f9d4\" data-element_type=\"column\">\n\t\t\t<div class=\"elementor-widget-wrap elementor-element-populated\">\n\t\t\t\t\t\t<div class=\"elementor-element elementor-element-36b3956 elementor-widget elementor-widget-image\" data-id=\"36b3956\" data-element_type=\"widget\" data-widget_type=\"image.default\">\n\t\t\t\t<div class=\"elementor-widget-container\">\n\t\t\t\t\t\t\t\t\t\t\t\t\t\t\t<img loading=\"lazy\" decoding=\"async\" width=\"150\" height=\"150\" src=\"https:\/\/richeskarayib.com\/wp-content\/uploads\/2021\/10\/gregory-150x150.jpeg\" class=\"attachment-thumbnail size-thumbnail wp-image-22972\" alt=\"\" srcset=\"https:\/\/richeskarayib.com\/wp-content\/uploads\/2021\/10\/gregory-150x150.jpeg 150w, https:\/\/richeskarayib.com\/wp-content\/uploads\/2021\/10\/gregory-12x12.jpeg 12w, https:\/\/richeskarayib.com\/wp-content\/uploads\/2021\/10\/gregory-300x300.jpeg 300w, https:\/\/richeskarayib.com\/wp-content\/uploads\/2021\/10\/gregory-100x100.jpeg 100w\" sizes=\"(max-width: 150px) 100vw, 150px\" \/>\t\t\t\t\t\t\t\t\t\t\t\t\t\t\t<\/div>\n\t\t\t\t<\/div>\n\t\t\t\t\t<\/div>\n\t\t<\/div>\n\t\t\t\t<div class=\"elementor-column elementor-col-50 elementor-inner-column elementor-element elementor-element-1e8cbed\" data-id=\"1e8cbed\" data-element_type=\"column\">\n\t\t\t<div class=\"elementor-widget-wrap elementor-element-populated\">\n\t\t\t\t\t\t<div class=\"elementor-element elementor-element-8d80114 elementor-widget elementor-widget-text-editor\" data-id=\"8d80114\" data-element_type=\"widget\" data-widget_type=\"text-editor.default\">\n\t\t\t\t<div class=\"elementor-widget-container\">\n\t\t\t\t\t\t\t\t\t<p>KEK (KONMITE POU ETID KWEYOL), repr\u00e9sent\u00e9 par Gregory RABESS de DOMINIQUE.<\/p>\n<p>Il a expliqu\u00e9 comment la musique et l&#8217;art ont jou\u00e9 un r\u00f4le important dans la construction de l&#8217;identit\u00e9 de la Dominique. Le cr\u00e9ole et tous les \u00e9v\u00e9nements cr\u00e9\u00e9s autour du cr\u00e9ole ont largement contribu\u00e9 au d\u00e9veloppement de la coop\u00e9ration et de l&#8217;industrie culturelle dominicaine.<\/p>\n\t\t\t\t\t\t\t\t<\/div>\n\t\t\t\t<\/div>\n\t\t\t\t\t<\/div>\n\t\t<\/div>\n\t\t\t\t\t<\/div>\n\t\t<\/section>\n\t\t\t\t<section class=\"elementor-section elementor-inner-section elementor-element elementor-element-33258fe elementor-section-boxed elementor-section-height-default elementor-section-height-default\" data-id=\"33258fe\" data-element_type=\"section\">\n\t\t\t\t\t\t<div class=\"elementor-container elementor-column-gap-default\">\n\t\t\t\t\t<div class=\"elementor-column elementor-col-50 elementor-inner-column elementor-element elementor-element-053c915\" data-id=\"053c915\" data-element_type=\"column\">\n\t\t\t<div class=\"elementor-widget-wrap elementor-element-populated\">\n\t\t\t\t\t\t<div class=\"elementor-element elementor-element-3dfafe1 elementor-widget elementor-widget-image\" data-id=\"3dfafe1\" data-element_type=\"widget\" data-widget_type=\"image.default\">\n\t\t\t\t<div class=\"elementor-widget-container\">\n\t\t\t\t\t\t\t\t\t\t\t\t\t\t\t<img loading=\"lazy\" decoding=\"async\" width=\"150\" height=\"150\" src=\"https:\/\/richeskarayib.com\/wp-content\/uploads\/2021\/10\/brusma-150x150.jpeg\" class=\"attachment-thumbnail size-thumbnail wp-image-22973\" alt=\"\" srcset=\"https:\/\/richeskarayib.com\/wp-content\/uploads\/2021\/10\/brusma-150x150.jpeg 150w, https:\/\/richeskarayib.com\/wp-content\/uploads\/2021\/10\/brusma-300x300.jpeg 300w, https:\/\/richeskarayib.com\/wp-content\/uploads\/2021\/10\/brusma-100x100.jpeg 100w\" sizes=\"(max-width: 150px) 100vw, 150px\" \/>\t\t\t\t\t\t\t\t\t\t\t\t\t\t\t<\/div>\n\t\t\t\t<\/div>\n\t\t\t\t\t<\/div>\n\t\t<\/div>\n\t\t\t\t<div class=\"elementor-column elementor-col-50 elementor-inner-column elementor-element elementor-element-50252cd\" data-id=\"50252cd\" data-element_type=\"column\">\n\t\t\t<div class=\"elementor-widget-wrap elementor-element-populated\">\n\t\t\t\t\t\t<div class=\"elementor-element elementor-element-2ee0ea8 elementor-widget elementor-widget-text-editor\" data-id=\"2ee0ea8\" data-element_type=\"widget\" data-widget_type=\"text-editor.default\">\n\t\t\t\t<div class=\"elementor-widget-container\">\n\t\t\t\t\t\t\t\t\t<p>HAITI TCHAKA DANSE, repr\u00e9sent\u00e9e par Brusma DAPHNIS.<\/p>\n<p>Pour lui, on ne peut pas parler de tourisme sans parler du secteur culturel. Les rencontres et discussions sont de bons points de d\u00e9part qui doivent se concr\u00e9tiser par des actions et qui passeront par des collaborations avec les acteurs d&#8217;autres pays de la Cara\u00efbe pour co-construire des projets de formation et de culture.<\/p>\n\t\t\t\t\t\t\t\t<\/div>\n\t\t\t\t<\/div>\n\t\t\t\t\t<\/div>\n\t\t<\/div>\n\t\t\t\t\t<\/div>\n\t\t<\/section>\n\t\t\t\t<div class=\"elementor-element elementor-element-cdde8ce elementor-widget-divider--view-line elementor-widget elementor-widget-divider\" data-id=\"cdde8ce\" data-element_type=\"widget\" data-widget_type=\"divider.default\">\n\t\t\t\t<div class=\"elementor-widget-container\">\n\t\t\t\t\t\t\t<div class=\"elementor-divider\">\n\t\t\t<span class=\"elementor-divider-separator\">\n\t\t\t\t\t\t<\/span>\n\t\t<\/div>\n\t\t\t\t\t\t<\/div>\n\t\t\t\t<\/div>\n\t\t\t\t\t<\/div>\n\t\t<\/div>\n\t\t\t\t\t<\/div>\n\t\t<\/section>\n\t\t\t\t<section class=\"elementor-section elementor-top-section elementor-element elementor-element-6fbc917 elementor-section-boxed elementor-section-height-default elementor-section-height-default\" data-id=\"6fbc917\" data-element_type=\"section\">\n\t\t\t\t\t\t<div class=\"elementor-container elementor-column-gap-default\">\n\t\t\t\t\t<div class=\"elementor-column elementor-col-100 elementor-top-column elementor-element elementor-element-4602c27\" data-id=\"4602c27\" data-element_type=\"column\">\n\t\t\t<div class=\"elementor-widget-wrap elementor-element-populated\">\n\t\t\t\t\t\t<div class=\"elementor-element elementor-element-e624e99 elementor-widget elementor-widget-heading\" data-id=\"e624e99\" data-element_type=\"widget\" data-widget_type=\"heading.default\">\n\t\t\t\t<div class=\"elementor-widget-container\">\n\t\t\t\t\t<h2 class=\"elementor-heading-title elementor-size-default\">PANEL 3<\/h2>\t\t\t\t<\/div>\n\t\t\t\t<\/div>\n\t\t\t\t<div class=\"elementor-element elementor-element-70fe5e9 elementor-widget elementor-widget-text-editor\" data-id=\"70fe5e9\" data-element_type=\"widget\" data-widget_type=\"text-editor.default\">\n\t\t\t\t<div class=\"elementor-widget-container\">\n\t\t\t\t\t\t\t\t\t<p class=\"Standard\" style=\"text-align: justify; text-justify: inter-ideograph;\">Nous avons pu d\u00e9couvrir des artistes talentueux tels que :<\/p>\n\t\t\t\t\t\t\t\t<\/div>\n\t\t\t\t<\/div>\n\t\t\t\t<section class=\"elementor-section elementor-inner-section elementor-element elementor-element-c9a9d2d elementor-section-boxed elementor-section-height-default elementor-section-height-default\" data-id=\"c9a9d2d\" data-element_type=\"section\">\n\t\t\t\t\t\t<div class=\"elementor-container elementor-column-gap-default\">\n\t\t\t\t\t<div class=\"elementor-column elementor-col-50 elementor-inner-column elementor-element elementor-element-e6d23f9\" data-id=\"e6d23f9\" data-element_type=\"column\">\n\t\t\t<div class=\"elementor-widget-wrap elementor-element-populated\">\n\t\t\t\t\t\t<div class=\"elementor-element elementor-element-1593367 elementor-widget elementor-widget-image\" data-id=\"1593367\" data-element_type=\"widget\" data-widget_type=\"image.default\">\n\t\t\t\t<div class=\"elementor-widget-container\">\n\t\t\t\t\t\t\t\t\t\t\t\t\t\t\t<img loading=\"lazy\" decoding=\"async\" width=\"150\" height=\"150\" src=\"https:\/\/richeskarayib.com\/wp-content\/uploads\/2021\/10\/tanya-150x150.png\" class=\"attachment-thumbnail size-thumbnail wp-image-22974\" alt=\"\" srcset=\"https:\/\/richeskarayib.com\/wp-content\/uploads\/2021\/10\/tanya-150x150.png 150w, https:\/\/richeskarayib.com\/wp-content\/uploads\/2021\/10\/tanya-11x12.png 11w, https:\/\/richeskarayib.com\/wp-content\/uploads\/2021\/10\/tanya-300x300.png 300w, https:\/\/richeskarayib.com\/wp-content\/uploads\/2021\/10\/tanya-100x100.png 100w\" sizes=\"(max-width: 150px) 100vw, 150px\" \/>\t\t\t\t\t\t\t\t\t\t\t\t\t\t\t<\/div>\n\t\t\t\t<\/div>\n\t\t\t\t\t<\/div>\n\t\t<\/div>\n\t\t\t\t<div class=\"elementor-column elementor-col-50 elementor-inner-column elementor-element elementor-element-2e0719b\" data-id=\"2e0719b\" data-element_type=\"column\">\n\t\t\t<div class=\"elementor-widget-wrap elementor-element-populated\">\n\t\t\t\t\t\t<div class=\"elementor-element elementor-element-dbec37c elementor-widget elementor-widget-text-editor\" data-id=\"dbec37c\" data-element_type=\"widget\" data-widget_type=\"text-editor.default\">\n\t\t\t\t<div class=\"elementor-widget-container\">\n\t\t\t\t\t\t\t\t\t<p>Tanya OCTAVIUS &#8211; Artiste peintre et cr\u00e9atrice de bijoux de MARTINIQUE qui nous a fait l&#8217;honneur de rejoindre la M\u00e9diath\u00e8que du Lamentin.<\/p>\n<p>Artiste militante, elle raconte son histoire, celle de la Martinique, \u00e0 travers ses \u0153uvres. Elle utilise autant que possible des mat\u00e9riaux recycl\u00e9s car le d\u00e9veloppement durable lui tient \u00e0 c\u0153ur. Selon elle, l&#8217;art a un r\u00f4le primordial \u00e0 jouer \u00e0 ce niveau, notamment celui d&#8217;\u00eatre un v\u00e9hicule, un langage universel.<\/p>\n\t\t\t\t\t\t\t\t<\/div>\n\t\t\t\t<\/div>\n\t\t\t\t\t<\/div>\n\t\t<\/div>\n\t\t\t\t\t<\/div>\n\t\t<\/section>\n\t\t\t\t<section class=\"elementor-section elementor-inner-section elementor-element elementor-element-ebc6903 elementor-section-boxed elementor-section-height-default elementor-section-height-default\" data-id=\"ebc6903\" data-element_type=\"section\">\n\t\t\t\t\t\t<div class=\"elementor-container elementor-column-gap-default\">\n\t\t\t\t\t<div class=\"elementor-column elementor-col-50 elementor-inner-column elementor-element elementor-element-1f75d85\" data-id=\"1f75d85\" data-element_type=\"column\">\n\t\t\t<div class=\"elementor-widget-wrap elementor-element-populated\">\n\t\t\t\t\t\t<div class=\"elementor-element elementor-element-7f4b251 elementor-widget elementor-widget-image\" data-id=\"7f4b251\" data-element_type=\"widget\" data-widget_type=\"image.default\">\n\t\t\t\t<div class=\"elementor-widget-container\">\n\t\t\t\t\t\t\t\t\t\t\t\t\t\t\t<img loading=\"lazy\" decoding=\"async\" width=\"150\" height=\"150\" src=\"https:\/\/richeskarayib.com\/wp-content\/uploads\/2021\/10\/peterson2-150x150.png\" class=\"attachment-thumbnail size-thumbnail wp-image-22977\" alt=\"\" srcset=\"https:\/\/richeskarayib.com\/wp-content\/uploads\/2021\/10\/peterson2-150x150.png 150w, https:\/\/richeskarayib.com\/wp-content\/uploads\/2021\/10\/peterson2-300x300.png 300w, https:\/\/richeskarayib.com\/wp-content\/uploads\/2021\/10\/peterson2-100x100.png 100w\" sizes=\"(max-width: 150px) 100vw, 150px\" \/>\t\t\t\t\t\t\t\t\t\t\t\t\t\t\t<\/div>\n\t\t\t\t<\/div>\n\t\t\t\t\t<\/div>\n\t\t<\/div>\n\t\t\t\t<div class=\"elementor-column elementor-col-50 elementor-inner-column elementor-element elementor-element-d6301d1\" data-id=\"d6301d1\" data-element_type=\"column\">\n\t\t\t<div class=\"elementor-widget-wrap elementor-element-populated\">\n\t\t\t\t\t\t<div class=\"elementor-element elementor-element-f40a136 elementor-widget elementor-widget-text-editor\" data-id=\"f40a136\" data-element_type=\"widget\" data-widget_type=\"text-editor.default\">\n\t\t\t\t<div class=\"elementor-widget-container\">\n\t\t\t\t\t\t\t\t\t<p>Peterson LANDE &#8211; Chanteur-danseur &#8211; HA\u00cfTI  <\/p>\n<p>Il souhaite que la jeunesse des Cara\u00efbes soit interconnect\u00e9e afin de faciliter et de d\u00e9velopper les \u00e9changes culturels.<\/p>\n<p>Il faut pouvoir partager des id\u00e9es et la concr\u00e9tisation passera par la mise en lumi\u00e8re des jeunes.<\/p>\n\t\t\t\t\t\t\t\t<\/div>\n\t\t\t\t<\/div>\n\t\t\t\t\t<\/div>\n\t\t<\/div>\n\t\t\t\t\t<\/div>\n\t\t<\/section>\n\t\t\t\t<section class=\"elementor-section elementor-inner-section elementor-element elementor-element-f2dd67a elementor-section-boxed elementor-section-height-default elementor-section-height-default\" data-id=\"f2dd67a\" data-element_type=\"section\">\n\t\t\t\t\t\t<div class=\"elementor-container elementor-column-gap-default\">\n\t\t\t\t\t<div class=\"elementor-column elementor-col-50 elementor-inner-column elementor-element elementor-element-e9db75d\" data-id=\"e9db75d\" data-element_type=\"column\">\n\t\t\t<div class=\"elementor-widget-wrap elementor-element-populated\">\n\t\t\t\t\t\t<div class=\"elementor-element elementor-element-2a8e3a6 elementor-widget elementor-widget-image\" data-id=\"2a8e3a6\" data-element_type=\"widget\" data-widget_type=\"image.default\">\n\t\t\t\t<div class=\"elementor-widget-container\">\n\t\t\t\t\t\t\t\t\t\t\t\t\t\t\t<img loading=\"lazy\" decoding=\"async\" width=\"150\" height=\"150\" src=\"https:\/\/richeskarayib.com\/wp-content\/uploads\/2021\/10\/michele-150x150.jpg\" class=\"attachment-thumbnail size-thumbnail wp-image-22975\" alt=\"\" srcset=\"https:\/\/richeskarayib.com\/wp-content\/uploads\/2021\/10\/michele-150x150.jpg 150w, https:\/\/richeskarayib.com\/wp-content\/uploads\/2021\/10\/michele-300x300.jpg 300w, https:\/\/richeskarayib.com\/wp-content\/uploads\/2021\/10\/michele-100x100.jpg 100w\" sizes=\"(max-width: 150px) 100vw, 150px\" \/>\t\t\t\t\t\t\t\t\t\t\t\t\t\t\t<\/div>\n\t\t\t\t<\/div>\n\t\t\t\t\t<\/div>\n\t\t<\/div>\n\t\t\t\t<div class=\"elementor-column elementor-col-50 elementor-inner-column elementor-element elementor-element-3c3689f\" data-id=\"3c3689f\" data-element_type=\"column\">\n\t\t\t<div class=\"elementor-widget-wrap elementor-element-populated\">\n\t\t\t\t\t\t<div class=\"elementor-element elementor-element-1ded981 elementor-widget elementor-widget-text-editor\" data-id=\"1ded981\" data-element_type=\"widget\" data-widget_type=\"text-editor.default\">\n\t\t\t\t<div class=\"elementor-widget-container\">\n\t\t\t\t\t\t\t\t\t<p>Michele HENDERSON &#8211; Auteur-compositeur-interpr\u00e8te &#8211; DOMINIQUE<\/p>\n<p>Selon elle, nous devons \u00e9tablir des liens tr\u00e8s solides entre les praticiens de la musique et les organisations de soutien dans la r\u00e9gion afin de faire progresser l&#8217;industrie culturelle.<\/p>\n\t\t\t\t\t\t\t\t<\/div>\n\t\t\t\t<\/div>\n\t\t\t\t\t<\/div>\n\t\t<\/div>\n\t\t\t\t\t<\/div>\n\t\t<\/section>\n\t\t\t\t<section class=\"elementor-section elementor-inner-section elementor-element elementor-element-eecc759 elementor-section-boxed elementor-section-height-default elementor-section-height-default\" data-id=\"eecc759\" data-element_type=\"section\">\n\t\t\t\t\t\t<div class=\"elementor-container elementor-column-gap-default\">\n\t\t\t\t\t<div class=\"elementor-column elementor-col-50 elementor-inner-column elementor-element elementor-element-e6c3462\" data-id=\"e6c3462\" data-element_type=\"column\">\n\t\t\t<div class=\"elementor-widget-wrap elementor-element-populated\">\n\t\t\t\t\t\t<div class=\"elementor-element elementor-element-9d185b2 elementor-widget elementor-widget-image\" data-id=\"9d185b2\" data-element_type=\"widget\" data-widget_type=\"image.default\">\n\t\t\t\t<div class=\"elementor-widget-container\">\n\t\t\t\t\t\t\t\t\t\t\t\t\t\t\t<img loading=\"lazy\" decoding=\"async\" width=\"150\" height=\"150\" src=\"https:\/\/richeskarayib.com\/wp-content\/uploads\/2021\/10\/xone-150x150.jpeg\" class=\"attachment-thumbnail size-thumbnail wp-image-22976\" alt=\"\" srcset=\"https:\/\/richeskarayib.com\/wp-content\/uploads\/2021\/10\/xone-150x150.jpeg 150w, https:\/\/richeskarayib.com\/wp-content\/uploads\/2021\/10\/xone-300x300.jpeg 300w, https:\/\/richeskarayib.com\/wp-content\/uploads\/2021\/10\/xone-1024x1024.jpeg 1024w, https:\/\/richeskarayib.com\/wp-content\/uploads\/2021\/10\/xone-768x768.jpeg 768w, https:\/\/richeskarayib.com\/wp-content\/uploads\/2021\/10\/xone-12x12.jpeg 12w, https:\/\/richeskarayib.com\/wp-content\/uploads\/2021\/10\/xone-624x624.jpeg 624w, https:\/\/richeskarayib.com\/wp-content\/uploads\/2021\/10\/xone-600x600.jpeg 600w, https:\/\/richeskarayib.com\/wp-content\/uploads\/2021\/10\/xone-100x100.jpeg 100w, https:\/\/richeskarayib.com\/wp-content\/uploads\/2021\/10\/xone.jpeg 1280w\" sizes=\"(max-width: 150px) 100vw, 150px\" \/>\t\t\t\t\t\t\t\t\t\t\t\t\t\t\t<\/div>\n\t\t\t\t<\/div>\n\t\t\t\t\t<\/div>\n\t\t<\/div>\n\t\t\t\t<div class=\"elementor-column elementor-col-50 elementor-inner-column elementor-element elementor-element-9fade7c\" data-id=\"9fade7c\" data-element_type=\"column\">\n\t\t\t<div class=\"elementor-widget-wrap elementor-element-populated\">\n\t\t\t\t\t\t<div class=\"elementor-element elementor-element-9e030d3 elementor-widget elementor-widget-text-editor\" data-id=\"9e030d3\" data-element_type=\"widget\" data-widget_type=\"text-editor.default\">\n\t\t\t\t<div class=\"elementor-widget-container\">\n\t\t\t\t\t\t\t\t\t<p>XONE &#8211; Auteur-compositeur-interpr\u00e8te &#8211; TRINITE &amp; TOBAGO<\/p>\n<p>Pour lui, ce fut une exp\u00e9rience tr\u00e8s agr\u00e9able et instructive. Lorsqu&#8217;il s&#8217;agit de collaborer pour faire avancer la musique et la culture carib\u00e9ennes dans le monde, ce type de r\u00e9union est en effet un pas dans la bonne direction.<\/p>\n\t\t\t\t\t\t\t\t<\/div>\n\t\t\t\t<\/div>\n\t\t\t\t\t<\/div>\n\t\t<\/div>\n\t\t\t\t\t<\/div>\n\t\t<\/section>\n\t\t\t\t<div class=\"elementor-element elementor-element-2e82bc5 elementor-widget-divider--view-line elementor-widget elementor-widget-divider\" data-id=\"2e82bc5\" data-element_type=\"widget\" data-widget_type=\"divider.default\">\n\t\t\t\t<div class=\"elementor-widget-container\">\n\t\t\t\t\t\t\t<div class=\"elementor-divider\">\n\t\t\t<span class=\"elementor-divider-separator\">\n\t\t\t\t\t\t<\/span>\n\t\t<\/div>\n\t\t\t\t\t\t<\/div>\n\t\t\t\t<\/div>\n\t\t\t\t\t<\/div>\n\t\t<\/div>\n\t\t\t\t\t<\/div>\n\t\t<\/section>\n\t\t\t\t<section class=\"elementor-section elementor-top-section elementor-element elementor-element-d3be27e elementor-section-boxed elementor-section-height-default elementor-section-height-default\" data-id=\"d3be27e\" data-element_type=\"section\">\n\t\t\t\t\t\t<div class=\"elementor-container elementor-column-gap-default\">\n\t\t\t\t\t<div class=\"elementor-column elementor-col-100 elementor-top-column elementor-element elementor-element-7406819\" data-id=\"7406819\" data-element_type=\"column\">\n\t\t\t<div class=\"elementor-widget-wrap elementor-element-populated\">\n\t\t\t\t\t\t<div class=\"elementor-element elementor-element-66899f8 elementor-widget elementor-widget-heading\" data-id=\"66899f8\" data-element_type=\"widget\" data-widget_type=\"heading.default\">\n\t\t\t\t<div class=\"elementor-widget-container\">\n\t\t\t\t\t<h2 class=\"elementor-heading-title elementor-size-default\">PANNEAU 4<\/h2>\t\t\t\t<\/div>\n\t\t\t\t<\/div>\n\t\t\t\t<div class=\"elementor-element elementor-element-c7230ba elementor-widget elementor-widget-text-editor\" data-id=\"c7230ba\" data-element_type=\"widget\" data-widget_type=\"text-editor.default\">\n\t\t\t\t<div class=\"elementor-widget-container\">\n\t\t\t\t\t\t\t\t\t<p class=\"Standard\" style=\"text-align: justify; text-justify: inter-ideograph;\">Nous nous excusons aupr\u00e8s de Damion Radcliffe, Adrien Augier et Eric Taylor qui se sont pr\u00e9sent\u00e9s et n&#8217;ont pas pu s&#8217;exprimer davantage en raison du temps imparti.<\/p>\n\t\t\t\t\t\t\t\t<\/div>\n\t\t\t\t<\/div>\n\t\t\t\t<section class=\"elementor-section elementor-inner-section elementor-element elementor-element-a283600 elementor-section-boxed elementor-section-height-default elementor-section-height-default\" data-id=\"a283600\" data-element_type=\"section\">\n\t\t\t\t\t\t<div class=\"elementor-container elementor-column-gap-default\">\n\t\t\t\t\t<div class=\"elementor-column elementor-col-50 elementor-inner-column elementor-element elementor-element-6c1ed81\" data-id=\"6c1ed81\" data-element_type=\"column\">\n\t\t\t<div class=\"elementor-widget-wrap elementor-element-populated\">\n\t\t\t\t\t\t<div class=\"elementor-element elementor-element-319e31f elementor-widget elementor-widget-image\" data-id=\"319e31f\" data-element_type=\"widget\" data-widget_type=\"image.default\">\n\t\t\t\t<div class=\"elementor-widget-container\">\n\t\t\t\t\t\t\t\t\t\t\t\t\t\t\t<img loading=\"lazy\" decoding=\"async\" width=\"150\" height=\"150\" src=\"https:\/\/richeskarayib.com\/wp-content\/uploads\/2021\/10\/taylor-150x150.jpeg\" class=\"attachment-thumbnail size-thumbnail wp-image-22978\" alt=\"\" srcset=\"https:\/\/richeskarayib.com\/wp-content\/uploads\/2021\/10\/taylor-150x150.jpeg 150w, https:\/\/richeskarayib.com\/wp-content\/uploads\/2021\/10\/taylor-300x300.jpeg 300w, https:\/\/richeskarayib.com\/wp-content\/uploads\/2021\/10\/taylor-100x100.jpeg 100w\" sizes=\"(max-width: 150px) 100vw, 150px\" \/>\t\t\t\t\t\t\t\t\t\t\t\t\t\t\t<\/div>\n\t\t\t\t<\/div>\n\t\t\t\t\t<\/div>\n\t\t<\/div>\n\t\t\t\t<div class=\"elementor-column elementor-col-50 elementor-inner-column elementor-element elementor-element-011a66b\" data-id=\"011a66b\" data-element_type=\"column\">\n\t\t\t<div class=\"elementor-widget-wrap elementor-element-populated\">\n\t\t\t\t\t\t<div class=\"elementor-element elementor-element-e08b4da elementor-widget elementor-widget-text-editor\" data-id=\"e08b4da\" data-element_type=\"widget\" data-widget_type=\"text-editor.default\">\n\t\t\t\t<div class=\"elementor-widget-container\">\n\t\t\t\t\t\t\t\t\t<p>Eric TAYLOR &#8211; Activiste culturel carib\u00e9en &#8211; Chanteur de la &#8220;Panth\u00e8re rose&#8221; &#8211; TRINITE et TOBAGO<\/p>\n<p>Il est pr\u00e9sident et fondateur de la Sangre Grande Development Foundation, l&#8217;une des principales organisations de la soci\u00e9t\u00e9 civile de TT.<\/p>\n<p>Il est \u00e9galement directeur de la soci\u00e9t\u00e9 One Culture One Vibes Company Ltd, qui se consacre \u00e0 la pr\u00e9servation et au d\u00e9veloppement des traditions orales et des arts propres aux Cara\u00efbes.<\/p>\n\t\t\t\t\t\t\t\t<\/div>\n\t\t\t\t<\/div>\n\t\t\t\t\t<\/div>\n\t\t<\/div>\n\t\t\t\t\t<\/div>\n\t\t<\/section>\n\t\t\t\t<section class=\"elementor-section elementor-inner-section elementor-element elementor-element-654dab0 elementor-section-boxed elementor-section-height-default elementor-section-height-default\" data-id=\"654dab0\" data-element_type=\"section\">\n\t\t\t\t\t\t<div class=\"elementor-container elementor-column-gap-default\">\n\t\t\t\t\t<div class=\"elementor-column elementor-col-50 elementor-inner-column elementor-element elementor-element-4af2b79\" data-id=\"4af2b79\" data-element_type=\"column\">\n\t\t\t<div class=\"elementor-widget-wrap elementor-element-populated\">\n\t\t\t\t\t\t<div class=\"elementor-element elementor-element-30dca83 elementor-widget elementor-widget-image\" data-id=\"30dca83\" data-element_type=\"widget\" data-widget_type=\"image.default\">\n\t\t\t\t<div class=\"elementor-widget-container\">\n\t\t\t\t\t\t\t\t\t\t\t\t\t\t\t<img loading=\"lazy\" decoding=\"async\" width=\"150\" height=\"150\" src=\"https:\/\/richeskarayib.com\/wp-content\/uploads\/2021\/10\/ADRIAN-150x150.jpeg\" class=\"attachment-thumbnail size-thumbnail wp-image-22979\" alt=\"\" srcset=\"https:\/\/richeskarayib.com\/wp-content\/uploads\/2021\/10\/ADRIAN-150x150.jpeg 150w, https:\/\/richeskarayib.com\/wp-content\/uploads\/2021\/10\/ADRIAN-300x300.jpeg 300w, https:\/\/richeskarayib.com\/wp-content\/uploads\/2021\/10\/ADRIAN-12x12.jpeg 12w, https:\/\/richeskarayib.com\/wp-content\/uploads\/2021\/10\/ADRIAN-100x100.jpeg 100w, https:\/\/richeskarayib.com\/wp-content\/uploads\/2021\/10\/ADRIAN.jpeg 401w\" sizes=\"(max-width: 150px) 100vw, 150px\" \/>\t\t\t\t\t\t\t\t\t\t\t\t\t\t\t<\/div>\n\t\t\t\t<\/div>\n\t\t\t\t\t<\/div>\n\t\t<\/div>\n\t\t\t\t<div class=\"elementor-column elementor-col-50 elementor-inner-column elementor-element elementor-element-81d4a9f\" data-id=\"81d4a9f\" data-element_type=\"column\">\n\t\t\t<div class=\"elementor-widget-wrap elementor-element-populated\">\n\t\t\t\t\t\t<div class=\"elementor-element elementor-element-2192bf2 elementor-widget elementor-widget-text-editor\" data-id=\"2192bf2\" data-element_type=\"widget\" data-widget_type=\"text-editor.default\">\n\t\t\t\t<div class=\"elementor-widget-container\">\n\t\t\t\t\t\t\t\t\t<p>Adrian AUGIER &#8211; Militant pour la culture carib\u00e9enne &#8211; SAINTE-LUCIE<\/p>\n<p>Il est un \u00e9conomiste du d\u00e9veloppement actif dans les secteurs public et priv\u00e9.<\/p>\n<p>Il travaille comme consultant cr\u00e9atif sur plusieurs plateformes : Carnaval, m\u00e9dias, marketing, th\u00e9\u00e2tre, \u00e9v\u00e9nements.<\/p>\n<p>Il est \u00e9galement auteur de po\u00e8mes, de sc\u00e9narios, d&#8217;articles, d&#8217;essais et de textes.<\/p>\n\t\t\t\t\t\t\t\t<\/div>\n\t\t\t\t<\/div>\n\t\t\t\t\t<\/div>\n\t\t<\/div>\n\t\t\t\t\t<\/div>\n\t\t<\/section>\n\t\t\t\t<section class=\"elementor-section elementor-inner-section elementor-element elementor-element-9821d62 elementor-section-boxed elementor-section-height-default elementor-section-height-default\" data-id=\"9821d62\" data-element_type=\"section\">\n\t\t\t\t\t\t<div class=\"elementor-container elementor-column-gap-default\">\n\t\t\t\t\t<div class=\"elementor-column elementor-col-50 elementor-inner-column elementor-element elementor-element-2d644c1\" data-id=\"2d644c1\" data-element_type=\"column\">\n\t\t\t<div class=\"elementor-widget-wrap elementor-element-populated\">\n\t\t\t\t\t\t<div class=\"elementor-element elementor-element-bb53361 elementor-widget elementor-widget-image\" data-id=\"bb53361\" data-element_type=\"widget\" data-widget_type=\"image.default\">\n\t\t\t\t<div class=\"elementor-widget-container\">\n\t\t\t\t\t\t\t\t\t\t\t\t\t\t\t<img loading=\"lazy\" decoding=\"async\" width=\"150\" height=\"150\" src=\"https:\/\/richeskarayib.com\/wp-content\/uploads\/2021\/10\/damion-pic-150x150.jpg\" class=\"attachment-thumbnail size-thumbnail wp-image-22980\" alt=\"\" srcset=\"https:\/\/richeskarayib.com\/wp-content\/uploads\/2021\/10\/damion-pic-150x150.jpg 150w, https:\/\/richeskarayib.com\/wp-content\/uploads\/2021\/10\/damion-pic-13x12.jpg 13w, https:\/\/richeskarayib.com\/wp-content\/uploads\/2021\/10\/damion-pic-300x300.jpg 300w, https:\/\/richeskarayib.com\/wp-content\/uploads\/2021\/10\/damion-pic-100x100.jpg 100w\" sizes=\"(max-width: 150px) 100vw, 150px\" \/>\t\t\t\t\t\t\t\t\t\t\t\t\t\t\t<\/div>\n\t\t\t\t<\/div>\n\t\t\t\t\t<\/div>\n\t\t<\/div>\n\t\t\t\t<div class=\"elementor-column elementor-col-50 elementor-inner-column elementor-element elementor-element-eb7180f\" data-id=\"eb7180f\" data-element_type=\"column\">\n\t\t\t<div class=\"elementor-widget-wrap elementor-element-populated\">\n\t\t\t\t\t\t<div class=\"elementor-element elementor-element-38c69ad elementor-widget elementor-widget-text-editor\" data-id=\"38c69ad\" data-element_type=\"widget\" data-widget_type=\"text-editor.default\">\n\t\t\t\t<div class=\"elementor-widget-container\">\n\t\t\t\t\t\t\t\t\t<p>Damion RADCLIFFE &#8211; Artiste et membre du gouvernement de la JAMA\u00cfQUE<\/p>\n<p>C&#8217;est un visionnaire artistique passionn\u00e9 par la cr\u00e9ation d&#8217;un th\u00e9\u00e2tre qui a de l&#8217;impact.  <br \/>Poss\u00e9dant l&#8217;enthousiasme et la dext\u00e9rit\u00e9 n\u00e9cessaires \u00e0 la production, \u00e0 la mise en sc\u00e8ne, \u00e0 la conception de d\u00e9cors, \u00e0 l&#8217;interpr\u00e9tation et \u00e0 l&#8217;\u00e9criture de sc\u00e9narios, il est destin\u00e9 \u00e0 une grande carri\u00e8re dans le monde du th\u00e9\u00e2tre et du cin\u00e9ma. Au c\u0153ur de tous ses dons artistiques se trouve son d\u00e9sir d&#8217;utiliser les arts comme outil d&#8217;autonomisation, de changement social et d&#8217;\u00e9ducation.  <br \/>Il est un membre actif de la Commission de d\u00e9veloppement culturel du pays.<\/p>\n\t\t\t\t\t\t\t\t<\/div>\n\t\t\t\t<\/div>\n\t\t\t\t\t<\/div>\n\t\t<\/div>\n\t\t\t\t\t<\/div>\n\t\t<\/section>\n\t\t\t\t<div class=\"elementor-element elementor-element-dea5c03 elementor-widget-divider--view-line elementor-widget elementor-widget-divider\" data-id=\"dea5c03\" data-element_type=\"widget\" data-widget_type=\"divider.default\">\n\t\t\t\t<div class=\"elementor-widget-container\">\n\t\t\t\t\t\t\t<div class=\"elementor-divider\">\n\t\t\t<span class=\"elementor-divider-separator\">\n\t\t\t\t\t\t<\/span>\n\t\t<\/div>\n\t\t\t\t\t\t<\/div>\n\t\t\t\t<\/div>\n\t\t\t\t\t<\/div>\n\t\t<\/div>\n\t\t\t\t\t<\/div>\n\t\t<\/section>\n\t\t\t\t<section class=\"elementor-section elementor-top-section elementor-element elementor-element-b02089a elementor-section-boxed elementor-section-height-default elementor-section-height-default\" data-id=\"b02089a\" data-element_type=\"section\">\n\t\t\t\t\t\t<div class=\"elementor-container elementor-column-gap-default\">\n\t\t\t\t\t<div class=\"elementor-column elementor-col-100 elementor-top-column elementor-element elementor-element-32e5ac1\" data-id=\"32e5ac1\" data-element_type=\"column\">\n\t\t\t<div class=\"elementor-widget-wrap elementor-element-populated\">\n\t\t\t\t\t\t<div class=\"elementor-element elementor-element-1cece13 elementor-widget elementor-widget-heading\" data-id=\"1cece13\" data-element_type=\"widget\" data-widget_type=\"heading.default\">\n\t\t\t\t<div class=\"elementor-widget-container\">\n\t\t\t\t\t<h2 class=\"elementor-heading-title elementor-size-default\">ARTISTES et ACTEURS CULTURELS NON DIFFUS\u00c9S<\/h2>\t\t\t\t<\/div>\n\t\t\t\t<\/div>\n\t\t\t\t<div class=\"elementor-element elementor-element-fd068fa elementor-widget elementor-widget-text-editor\" data-id=\"fd068fa\" data-element_type=\"widget\" data-widget_type=\"text-editor.default\">\n\t\t\t\t<div class=\"elementor-widget-container\">\n\t\t\t\t\t\t\t\t\t<p class=\"Standard\" style=\"text-align: justify; text-justify: inter-ideograph;\">Nous nous excusons \u00e9galement aupr\u00e8s d&#8217;Akeem Chandler Prescod, Cyndi Marshall, Damien Lurel dont les vid\u00e9os n&#8217;ont pas pu \u00eatre diffus\u00e9es. Elles seront n\u00e9anmoins diffus\u00e9es ult\u00e9rieurement sur la plateforme Rich\u00e8s Karayib.<\/p>\n\t\t\t\t\t\t\t\t<\/div>\n\t\t\t\t<\/div>\n\t\t\t\t<section class=\"elementor-section elementor-inner-section elementor-element elementor-element-03cbcbc elementor-section-boxed elementor-section-height-default elementor-section-height-default\" data-id=\"03cbcbc\" data-element_type=\"section\">\n\t\t\t\t\t\t<div class=\"elementor-container elementor-column-gap-default\">\n\t\t\t\t\t<div class=\"elementor-column elementor-col-50 elementor-inner-column elementor-element elementor-element-49f4836\" data-id=\"49f4836\" data-element_type=\"column\">\n\t\t\t<div class=\"elementor-widget-wrap elementor-element-populated\">\n\t\t\t\t\t\t<div class=\"elementor-element elementor-element-af4039c elementor-widget elementor-widget-image\" data-id=\"af4039c\" data-element_type=\"widget\" data-widget_type=\"image.default\">\n\t\t\t\t<div class=\"elementor-widget-container\">\n\t\t\t\t\t\t\t\t\t\t\t\t\t\t\t<img loading=\"lazy\" decoding=\"async\" width=\"150\" height=\"150\" src=\"https:\/\/richeskarayib.com\/wp-content\/uploads\/2021\/10\/DAMIEN-150x150.png\" class=\"attachment-thumbnail size-thumbnail wp-image-22982\" alt=\"\" srcset=\"https:\/\/richeskarayib.com\/wp-content\/uploads\/2021\/10\/DAMIEN-150x150.png 150w, https:\/\/richeskarayib.com\/wp-content\/uploads\/2021\/10\/DAMIEN-300x300.png 300w, https:\/\/richeskarayib.com\/wp-content\/uploads\/2021\/10\/DAMIEN-100x100.png 100w\" sizes=\"(max-width: 150px) 100vw, 150px\" \/>\t\t\t\t\t\t\t\t\t\t\t\t\t\t\t<\/div>\n\t\t\t\t<\/div>\n\t\t\t\t\t<\/div>\n\t\t<\/div>\n\t\t\t\t<div class=\"elementor-column elementor-col-50 elementor-inner-column elementor-element elementor-element-3402d7a\" data-id=\"3402d7a\" data-element_type=\"column\">\n\t\t\t<div class=\"elementor-widget-wrap elementor-element-populated\">\n\t\t\t\t\t\t<div class=\"elementor-element elementor-element-7625c3d elementor-widget elementor-widget-text-editor\" data-id=\"7625c3d\" data-element_type=\"widget\" data-widget_type=\"text-editor.default\">\n\t\t\t\t<div class=\"elementor-widget-container\">\n\t\t\t\t\t\t\t\t\t<p>Damien LUREL &#8211; Cr\u00e9ateur du jeu &#8220;Fon Lespri Koko&#8221; &#8211; GUADELOUPE<\/p>\n<p>Il est le fondateur et le pr\u00e9sident de Carr\u00e9-tropical, qui d\u00e9fend la culture carib\u00e9enne \u00e0 travers son jeu et ses actions.<\/p>\n\t\t\t\t\t\t\t\t<\/div>\n\t\t\t\t<\/div>\n\t\t\t\t\t<\/div>\n\t\t<\/div>\n\t\t\t\t\t<\/div>\n\t\t<\/section>\n\t\t\t\t<section class=\"elementor-section elementor-inner-section elementor-element elementor-element-c5d9ef0 elementor-section-boxed elementor-section-height-default elementor-section-height-default\" data-id=\"c5d9ef0\" data-element_type=\"section\">\n\t\t\t\t\t\t<div class=\"elementor-container elementor-column-gap-default\">\n\t\t\t\t\t<div class=\"elementor-column elementor-col-50 elementor-inner-column elementor-element elementor-element-b26cf40\" data-id=\"b26cf40\" data-element_type=\"column\">\n\t\t\t<div class=\"elementor-widget-wrap elementor-element-populated\">\n\t\t\t\t\t\t<div class=\"elementor-element elementor-element-a39b1ba elementor-widget elementor-widget-image\" data-id=\"a39b1ba\" data-element_type=\"widget\" data-widget_type=\"image.default\">\n\t\t\t\t<div class=\"elementor-widget-container\">\n\t\t\t\t\t\t\t\t\t\t\t\t\t\t\t<img loading=\"lazy\" decoding=\"async\" width=\"150\" height=\"150\" src=\"https:\/\/richeskarayib.com\/wp-content\/uploads\/2021\/10\/cindy-150x150.png\" class=\"attachment-thumbnail size-thumbnail wp-image-22981\" alt=\"\" srcset=\"https:\/\/richeskarayib.com\/wp-content\/uploads\/2021\/10\/cindy-150x150.png 150w, https:\/\/richeskarayib.com\/wp-content\/uploads\/2021\/10\/cindy-300x300.png 300w, https:\/\/richeskarayib.com\/wp-content\/uploads\/2021\/10\/cindy-100x100.png 100w\" sizes=\"(max-width: 150px) 100vw, 150px\" \/>\t\t\t\t\t\t\t\t\t\t\t\t\t\t\t<\/div>\n\t\t\t\t<\/div>\n\t\t\t\t\t<\/div>\n\t\t<\/div>\n\t\t\t\t<div class=\"elementor-column elementor-col-50 elementor-inner-column elementor-element elementor-element-3fad605\" data-id=\"3fad605\" data-element_type=\"column\">\n\t\t\t<div class=\"elementor-widget-wrap elementor-element-populated\">\n\t\t\t\t\t\t<div class=\"elementor-element elementor-element-51c05d9 elementor-widget elementor-widget-text-editor\" data-id=\"51c05d9\" data-element_type=\"widget\" data-widget_type=\"text-editor.default\">\n\t\t\t\t<div class=\"elementor-widget-container\">\n\t\t\t\t\t\t\t\t\t<p class=\"Standard\" style=\"text-align: justify; text-justify: inter-ideograph;\">Cyndi Celest Marshall &#8211; BARBADOS<\/p>\n<p class=\"Standard\" style=\"text-align: justify; text-justify: inter-ideograph;\">Elle est po\u00e8te, conteuse et entrepreneuse cr\u00e9ative.<\/p>\n<p>Activiste artistique et d\u00e9fenseur de la langue, elle utilise la po\u00e9sie et la litt\u00e9rature pour encourager le discours social sur les questions d&#8217;identit\u00e9. Elle a repr\u00e9sent\u00e9 la Barbade sur des sc\u00e8nes internationales telles que le Women of the World Poetry Slam (2021) et le Vrystaat Arts Festival en Afrique du Sud (2019).  <\/p>\n\t\t\t\t\t\t\t\t<\/div>\n\t\t\t\t<\/div>\n\t\t\t\t\t<\/div>\n\t\t<\/div>\n\t\t\t\t\t<\/div>\n\t\t<\/section>\n\t\t\t\t<section class=\"elementor-section elementor-inner-section elementor-element elementor-element-df06576 elementor-section-boxed elementor-section-height-default elementor-section-height-default\" data-id=\"df06576\" data-element_type=\"section\">\n\t\t\t\t\t\t<div class=\"elementor-container elementor-column-gap-default\">\n\t\t\t\t\t<div class=\"elementor-column elementor-col-50 elementor-inner-column elementor-element elementor-element-6be799c\" data-id=\"6be799c\" data-element_type=\"column\">\n\t\t\t<div class=\"elementor-widget-wrap elementor-element-populated\">\n\t\t\t\t\t\t<div class=\"elementor-element elementor-element-edb61eb elementor-widget elementor-widget-image\" data-id=\"edb61eb\" data-element_type=\"widget\" data-widget_type=\"image.default\">\n\t\t\t\t<div class=\"elementor-widget-container\">\n\t\t\t\t\t\t\t\t\t\t\t\t\t\t\t<img loading=\"lazy\" decoding=\"async\" width=\"150\" height=\"150\" src=\"https:\/\/richeskarayib.com\/wp-content\/uploads\/2021\/10\/akeem-2-150x150.png\" class=\"attachment-thumbnail size-thumbnail wp-image-22983\" alt=\"\" srcset=\"https:\/\/richeskarayib.com\/wp-content\/uploads\/2021\/10\/akeem-2-150x150.png 150w, https:\/\/richeskarayib.com\/wp-content\/uploads\/2021\/10\/akeem-2-300x300.png 300w, https:\/\/richeskarayib.com\/wp-content\/uploads\/2021\/10\/akeem-2-100x100.png 100w\" sizes=\"(max-width: 150px) 100vw, 150px\" \/>\t\t\t\t\t\t\t\t\t\t\t\t\t\t\t<\/div>\n\t\t\t\t<\/div>\n\t\t\t\t\t<\/div>\n\t\t<\/div>\n\t\t\t\t<div class=\"elementor-column elementor-col-50 elementor-inner-column elementor-element elementor-element-3f60c37\" data-id=\"3f60c37\" data-element_type=\"column\">\n\t\t\t<div class=\"elementor-widget-wrap elementor-element-populated\">\n\t\t\t\t\t\t<div class=\"elementor-element elementor-element-8abc48b elementor-widget elementor-widget-text-editor\" data-id=\"8abc48b\" data-element_type=\"widget\" data-widget_type=\"text-editor.default\">\n\t\t\t\t<div class=\"elementor-widget-container\">\n\t\t\t\t\t\t\t\t\t<p class=\"Standard\" style=\"text-align: justify; text-justify: inter-ideograph;\">Akeem Prescod Chandler, connu sous le nom de StonedwithCupid &#8211; BARBADOS<\/p>\n<p>Il est artiste de la parole, photographe, auteur-compositeur et directeur cr\u00e9atif originaire de la Barbade. Son travail est un m\u00e9lange exp\u00e9rimental de Hip-Hop, de Soul, de Story-Telling et de Th\u00e9\u00e2tre, tiss\u00e9 ensemble dans un produit po\u00e9tique soigneusement cousu.<\/p>\n\t\t\t\t\t\t\t\t<\/div>\n\t\t\t\t<\/div>\n\t\t\t\t\t<\/div>\n\t\t<\/div>\n\t\t\t\t\t<\/div>\n\t\t<\/section>\n\t\t\t\t<div class=\"elementor-element elementor-element-f128208 elementor-widget-divider--view-line elementor-widget elementor-widget-divider\" data-id=\"f128208\" data-element_type=\"widget\" data-widget_type=\"divider.default\">\n\t\t\t\t<div class=\"elementor-widget-container\">\n\t\t\t\t\t\t\t<div class=\"elementor-divider\">\n\t\t\t<span class=\"elementor-divider-separator\">\n\t\t\t\t\t\t<\/span>\n\t\t<\/div>\n\t\t\t\t\t\t<\/div>\n\t\t\t\t<\/div>\n\t\t\t\t\t<\/div>\n\t\t<\/div>\n\t\t\t\t\t<\/div>\n\t\t<\/section>\n\t\t\t\t<section class=\"elementor-section elementor-top-section elementor-element elementor-element-9ae83c3 elementor-section-boxed elementor-section-height-default elementor-section-height-default\" data-id=\"9ae83c3\" data-element_type=\"section\">\n\t\t\t\t\t\t<div class=\"elementor-container elementor-column-gap-default\">\n\t\t\t\t\t<div class=\"elementor-column elementor-col-100 elementor-top-column elementor-element elementor-element-15f6715\" data-id=\"15f6715\" data-element_type=\"column\">\n\t\t\t<div class=\"elementor-widget-wrap elementor-element-populated\">\n\t\t\t\t\t\t<div class=\"elementor-element elementor-element-178fb53 elementor-widget elementor-widget-heading\" data-id=\"178fb53\" data-element_type=\"widget\" data-widget_type=\"heading.default\">\n\t\t\t\t<div class=\"elementor-widget-container\">\n\t\t\t\t\t<h2 class=\"elementor-heading-title elementor-size-default\">CONCLUSION<\/h2>\t\t\t\t<\/div>\n\t\t\t\t<\/div>\n\t\t\t\t<div class=\"elementor-element elementor-element-6d7336d elementor-widget elementor-widget-text-editor\" data-id=\"6d7336d\" data-element_type=\"widget\" data-widget_type=\"text-editor.default\">\n\t\t\t\t<div class=\"elementor-widget-container\">\n\t\t\t\t\t\t\t\t\t<p>Il convient de rappeler que cet \u00e9v\u00e9nement a \u00e9t\u00e9 le point de d\u00e9part des activit\u00e9s de la plateforme qui continueront \u00e0 d\u00e9velopper la communication et la mise en r\u00e9seau, voire la coop\u00e9ration pour des actions productives au sein des Cara\u00efbes.<\/p>\n<p>Notre but n&#8217;\u00e9tait pas de r\u00e9soudre en 2 heures tous les probl\u00e8mes du secteur, mais de permettre la connaissance mutuelle, d&#8217;\u00e9changer des informations et de trouver des moyens d&#8217;aborder le d\u00e9veloppement raisonn\u00e9 et productif du secteur des arts et de la culture.<br \/>Ainsi, dans le cadre de la plateforme Riches Karayib, d&#8217;autres \u00e9v\u00e9nements plus sp\u00e9cifiques seront programm\u00e9s sur des th\u00e8mes particuliers, en tenant compte des attentes et des demandes des participants, dans le but d&#8217;aboutir \u00e0 des solutions op\u00e9rationnelles dans la mesure du possible.<\/p>\n\t\t\t\t\t\t\t\t<\/div>\n\t\t\t\t<\/div>\n\t\t\t\t<div class=\"elementor-element elementor-element-45c8d78 elementor-widget-divider--view-line elementor-widget elementor-widget-divider\" data-id=\"45c8d78\" data-element_type=\"widget\" data-widget_type=\"divider.default\">\n\t\t\t\t<div class=\"elementor-widget-container\">\n\t\t\t\t\t\t\t<div class=\"elementor-divider\">\n\t\t\t<span class=\"elementor-divider-separator\">\n\t\t\t\t\t\t<\/span>\n\t\t<\/div>\n\t\t\t\t\t\t<\/div>\n\t\t\t\t<\/div>\n\t\t\t\t<div class=\"elementor-element elementor-element-5111d15 elementor-widget elementor-widget-heading\" data-id=\"5111d15\" data-element_type=\"widget\" data-widget_type=\"heading.default\">\n\t\t\t\t<div class=\"elementor-widget-container\">\n\t\t\t\t\t<h2 class=\"elementor-heading-title elementor-size-default\">VOS CO-ORGANISATEURS<\/h2>\t\t\t\t<\/div>\n\t\t\t\t<\/div>\n\t\t\t\t<div class=\"elementor-element elementor-element-e380c05 elementor-widget elementor-widget-text-editor\" data-id=\"e380c05\" data-element_type=\"widget\" data-widget_type=\"text-editor.default\">\n\t\t\t\t<div class=\"elementor-widget-container\">\n\t\t\t\t\t\t\t\t\t<p>Rich\u00e8s Karayib remercie les co-organisateurs de cet \u00e9v\u00e9nement.<\/p>\n\t\t\t\t\t\t\t\t<\/div>\n\t\t\t\t<\/div>\n\t\t\t\t<section class=\"elementor-section elementor-inner-section elementor-element elementor-element-38e5368 elementor-section-boxed elementor-section-height-default elementor-section-height-default\" data-id=\"38e5368\" data-element_type=\"section\">\n\t\t\t\t\t\t<div class=\"elementor-container elementor-column-gap-default\">\n\t\t\t\t\t<div class=\"elementor-column elementor-col-50 elementor-inner-column elementor-element elementor-element-538cd00\" data-id=\"538cd00\" data-element_type=\"column\">\n\t\t\t<div class=\"elementor-widget-wrap elementor-element-populated\">\n\t\t\t\t\t\t<div class=\"elementor-element elementor-element-b0b8b1b elementor-widget elementor-widget-image\" data-id=\"b0b8b1b\" data-element_type=\"widget\" data-widget_type=\"image.default\">\n\t\t\t\t<div class=\"elementor-widget-container\">\n\t\t\t\t\t\t\t\t\t\t\t\t\t\t\t<img loading=\"lazy\" decoding=\"async\" width=\"150\" height=\"150\" src=\"https:\/\/richeskarayib.com\/wp-content\/uploads\/2021\/10\/YM-150x150.jpeg\" class=\"attachment-thumbnail size-thumbnail wp-image-22984\" alt=\"\" srcset=\"https:\/\/richeskarayib.com\/wp-content\/uploads\/2021\/10\/YM-150x150.jpeg 150w, https:\/\/richeskarayib.com\/wp-content\/uploads\/2021\/10\/YM-100x100.jpeg 100w\" sizes=\"(max-width: 150px) 100vw, 150px\" \/>\t\t\t\t\t\t\t\t\t\t\t\t\t\t\t<\/div>\n\t\t\t\t<\/div>\n\t\t\t\t\t<\/div>\n\t\t<\/div>\n\t\t\t\t<div class=\"elementor-column elementor-col-50 elementor-inner-column elementor-element elementor-element-4efd1d5\" data-id=\"4efd1d5\" data-element_type=\"column\">\n\t\t\t<div class=\"elementor-widget-wrap elementor-element-populated\">\n\t\t\t\t\t\t<div class=\"elementor-element elementor-element-8d47e8e elementor-widget elementor-widget-text-editor\" data-id=\"8d47e8e\" data-element_type=\"widget\" data-widget_type=\"text-editor.default\">\n\t\t\t\t<div class=\"elementor-widget-container\">\n\t\t\t\t\t\t\t\t\t<p style=\"text-align: justify; text-justify: inter-ideograph;\">Yves-Marie S\u00e9raline, pr\u00e9sident de l&#8217;OMDAC, vice-pr\u00e9sident du C\u00c9SEC\u00c9M et <span style=\"color: #000000;\">pr\u00e9sident de la section culture, \u00e9ducation et sports<\/span>.<\/p>\n\t\t\t\t\t\t\t\t<\/div>\n\t\t\t\t<\/div>\n\t\t\t\t\t<\/div>\n\t\t<\/div>\n\t\t\t\t\t<\/div>\n\t\t<\/section>\n\t\t\t\t<section class=\"elementor-section elementor-inner-section elementor-element elementor-element-2b0a4fd elementor-section-boxed elementor-section-height-default elementor-section-height-default\" data-id=\"2b0a4fd\" data-element_type=\"section\">\n\t\t\t\t\t\t<div class=\"elementor-container elementor-column-gap-default\">\n\t\t\t\t\t<div class=\"elementor-column elementor-col-50 elementor-inner-column elementor-element elementor-element-69999b9\" data-id=\"69999b9\" data-element_type=\"column\">\n\t\t\t<div class=\"elementor-widget-wrap elementor-element-populated\">\n\t\t\t\t\t\t<div class=\"elementor-element elementor-element-d47f752 elementor-widget elementor-widget-image\" data-id=\"d47f752\" data-element_type=\"widget\" data-widget_type=\"image.default\">\n\t\t\t\t<div class=\"elementor-widget-container\">\n\t\t\t\t\t\t\t\t\t\t\t\t\t\t\t<img loading=\"lazy\" decoding=\"async\" width=\"195\" height=\"300\" src=\"https:\/\/richeskarayib.com\/wp-content\/uploads\/2021\/10\/VILLE-DU-LAMENTIN-195x300.png\" class=\"attachment-medium size-medium wp-image-22985\" alt=\"\" srcset=\"https:\/\/richeskarayib.com\/wp-content\/uploads\/2021\/10\/VILLE-DU-LAMENTIN-195x300.png 195w, https:\/\/richeskarayib.com\/wp-content\/uploads\/2021\/10\/VILLE-DU-LAMENTIN-8x12.png 8w, https:\/\/richeskarayib.com\/wp-content\/uploads\/2021\/10\/VILLE-DU-LAMENTIN.png 273w\" sizes=\"(max-width: 195px) 100vw, 195px\" \/>\t\t\t\t\t\t\t\t\t\t\t\t\t\t\t<\/div>\n\t\t\t\t<\/div>\n\t\t\t\t\t<\/div>\n\t\t<\/div>\n\t\t\t\t<div class=\"elementor-column elementor-col-50 elementor-inner-column elementor-element elementor-element-89dbac6\" data-id=\"89dbac6\" data-element_type=\"column\">\n\t\t\t<div class=\"elementor-widget-wrap elementor-element-populated\">\n\t\t\t\t\t\t<div class=\"elementor-element elementor-element-e255337 elementor-widget elementor-widget-text-editor\" data-id=\"e255337\" data-element_type=\"widget\" data-widget_type=\"text-editor.default\">\n\t\t\t\t<div class=\"elementor-widget-container\">\n\t\t\t\t\t\t\t\t\t<p>La Municipalit\u00e9 du Lamentin et ses \u00e9quipes : Sophie TOULOUSE, Davy LERIBAG et Franck RIVOT.<\/p>\n\t\t\t\t\t\t\t\t<\/div>\n\t\t\t\t<\/div>\n\t\t\t\t\t<\/div>\n\t\t<\/div>\n\t\t\t\t\t<\/div>\n\t\t<\/section>\n\t\t\t\t<section class=\"elementor-section elementor-inner-section elementor-element elementor-element-486dae4 elementor-section-boxed elementor-section-height-default elementor-section-height-default\" data-id=\"486dae4\" data-element_type=\"section\">\n\t\t\t\t\t\t<div class=\"elementor-container elementor-column-gap-default\">\n\t\t\t\t\t<div class=\"elementor-column elementor-col-50 elementor-inner-column elementor-element elementor-element-acdef00\" data-id=\"acdef00\" data-element_type=\"column\">\n\t\t\t<div class=\"elementor-widget-wrap elementor-element-populated\">\n\t\t\t\t\t\t<div class=\"elementor-element elementor-element-a745808 elementor-widget elementor-widget-image\" data-id=\"a745808\" data-element_type=\"widget\" data-widget_type=\"image.default\">\n\t\t\t\t<div class=\"elementor-widget-container\">\n\t\t\t\t\t\t\t\t\t\t\t\t\t\t\t<img loading=\"lazy\" decoding=\"async\" width=\"150\" height=\"150\" src=\"https:\/\/richeskarayib.com\/wp-content\/uploads\/2021\/10\/Sans-titre-7-150x150.png\" class=\"attachment-thumbnail size-thumbnail wp-image-22986\" alt=\"\" srcset=\"https:\/\/richeskarayib.com\/wp-content\/uploads\/2021\/10\/Sans-titre-7-150x150.png 150w, https:\/\/richeskarayib.com\/wp-content\/uploads\/2021\/10\/Sans-titre-7-300x300.png 300w, https:\/\/richeskarayib.com\/wp-content\/uploads\/2021\/10\/Sans-titre-7-1024x1024.png 1024w, https:\/\/richeskarayib.com\/wp-content\/uploads\/2021\/10\/Sans-titre-7-768x768.png 768w, https:\/\/richeskarayib.com\/wp-content\/uploads\/2021\/10\/Sans-titre-7-12x12.png 12w, https:\/\/richeskarayib.com\/wp-content\/uploads\/2021\/10\/Sans-titre-7-624x624.png 624w, https:\/\/richeskarayib.com\/wp-content\/uploads\/2021\/10\/Sans-titre-7-600x600.png 600w, https:\/\/richeskarayib.com\/wp-content\/uploads\/2021\/10\/Sans-titre-7-100x100.png 100w, https:\/\/richeskarayib.com\/wp-content\/uploads\/2021\/10\/Sans-titre-7.png 1080w\" sizes=\"(max-width: 150px) 100vw, 150px\" \/>\t\t\t\t\t\t\t\t\t\t\t\t\t\t\t<\/div>\n\t\t\t\t<\/div>\n\t\t\t\t\t<\/div>\n\t\t<\/div>\n\t\t\t\t<div class=\"elementor-column elementor-col-50 elementor-inner-column elementor-element elementor-element-3ff70a6\" data-id=\"3ff70a6\" data-element_type=\"column\">\n\t\t\t<div class=\"elementor-widget-wrap elementor-element-populated\">\n\t\t\t\t\t\t<div class=\"elementor-element elementor-element-8b679a2 elementor-widget elementor-widget-text-editor\" data-id=\"8b679a2\" data-element_type=\"widget\" data-widget_type=\"text-editor.default\">\n\t\t\t\t<div class=\"elementor-widget-container\">\n\t\t\t\t\t\t\t\t\t<p class=\"Standard\" style=\"text-align: justify; text-justify: inter-ideograph;\">Sabrina AJAX &#8211; Fondatrice d&#8217;ASIS WI et cr\u00e9atrice de Rich\u00e8s Karayib<\/p>\n\t\t\t\t\t\t\t\t<\/div>\n\t\t\t\t<\/div>\n\t\t\t\t\t<\/div>\n\t\t<\/div>\n\t\t\t\t\t<\/div>\n\t\t<\/section>\n\t\t\t\t<div class=\"elementor-element elementor-element-7192938 elementor-widget-divider--view-line elementor-widget elementor-widget-divider\" data-id=\"7192938\" data-element_type=\"widget\" data-widget_type=\"divider.default\">\n\t\t\t\t<div class=\"elementor-widget-container\">\n\t\t\t\t\t\t\t<div class=\"elementor-divider\">\n\t\t\t<span class=\"elementor-divider-separator\">\n\t\t\t\t\t\t<\/span>\n\t\t<\/div>\n\t\t\t\t\t\t<\/div>\n\t\t\t\t<\/div>\n\t\t\t\t<div class=\"elementor-element elementor-element-f5fd003 elementor-widget elementor-widget-heading\" data-id=\"f5fd003\" data-element_type=\"widget\" data-widget_type=\"heading.default\">\n\t\t\t\t<div class=\"elementor-widget-container\">\n\t\t\t\t\t<h2 class=\"elementor-heading-title elementor-size-default\">NOUS VOUS REMERCIONS DE VOTRE PARTICIPATION ET DE VOS COMMENTAIRES POSITIFS.<\/h2>\t\t\t\t<\/div>\n\t\t\t\t<\/div>\n\t\t\t\t<div class=\"elementor-element elementor-element-afda851 elementor-widget elementor-widget-text-editor\" data-id=\"afda851\" data-element_type=\"widget\" data-widget_type=\"text-editor.default\">\n\t\t\t\t<div class=\"elementor-widget-container\">\n\t\t\t\t\t\t\t\t\t<p>Cet \u00e9v\u00e9nement est le premier d&#8217;une s\u00e9rie de rencontres et d&#8217;actions en faveur de la culture carib\u00e9enne&#8230;.<\/p>\n<p>Rejoignez la communaut\u00e9 RK pour suivre notre actualit\u00e9.<\/p>\n\t\t\t\t\t\t\t\t<\/div>\n\t\t\t\t<\/div>\n\t\t\t\t\t<\/div>\n\t\t<\/div>\n\t\t\t\t\t<\/div>\n\t\t<\/section>\n\t\t\t\t<\/div>\n\t\t","protected":false},"excerpt":{"rendered":"<p>LE D\u00c9ROULEMENT DE L&#8217;\u00c9V\u00c9NEMENT Chers correspondants, participants et tous ceux qui ont souhait\u00e9 participer, mais n&#8217;ont pu le faire pour des raisons techniques ou autres, \u00e0 la r\u00e9union virtuelle du mercredi 13 octobre 2021 : &#8220;ART ET CULTURE : CATALYSEURS DU D\u00c9VELOPPEMENT DURABLE DANS LES CARA\u00cfBES&#8230;..&#8221; Ev\u00e9nement organis\u00e9 par Sabrina Ajax, (Rich\u00e8s Karayib \/ ASIS [&hellip;]<\/p>\n","protected":false},"author":46,"featured_media":22987,"comment_status":"open","ping_status":"open","sticky":false,"template":"","format":"standard","meta":{"_acf_changed":false,"footnotes":""},"categories":[821],"tags":[808],"class_list":["post-22966","post","type-post","status-publish","format-standard","has-post-thumbnail","hentry","category-les-organisations-culturelles-fr","tag-martinique-fr"],"acf":[],"_links":{"self":[{"href":"https:\/\/richeskarayib.com\/fr\/wp-json\/wp\/v2\/posts\/22966","targetHints":{"allow":["GET"]}}],"collection":[{"href":"https:\/\/richeskarayib.com\/fr\/wp-json\/wp\/v2\/posts"}],"about":[{"href":"https:\/\/richeskarayib.com\/fr\/wp-json\/wp\/v2\/types\/post"}],"author":[{"embeddable":true,"href":"https:\/\/richeskarayib.com\/fr\/wp-json\/wp\/v2\/users\/46"}],"replies":[{"embeddable":true,"href":"https:\/\/richeskarayib.com\/fr\/wp-json\/wp\/v2\/comments?post=22966"}],"version-history":[{"count":0,"href":"https:\/\/richeskarayib.com\/fr\/wp-json\/wp\/v2\/posts\/22966\/revisions"}],"wp:featuredmedia":[{"embeddable":true,"href":"https:\/\/richeskarayib.com\/fr\/wp-json\/wp\/v2\/media\/22987"}],"wp:attachment":[{"href":"https:\/\/richeskarayib.com\/fr\/wp-json\/wp\/v2\/media?parent=22966"}],"wp:term":[{"taxonomy":"category","embeddable":true,"href":"https:\/\/richeskarayib.com\/fr\/wp-json\/wp\/v2\/categories?post=22966"},{"taxonomy":"post_tag","embeddable":true,"href":"https:\/\/richeskarayib.com\/fr\/wp-json\/wp\/v2\/tags?post=22966"}],"curies":[{"name":"wp","href":"https:\/\/api.w.org\/{rel}","templated":true}]}}