{"id":40241,"date":"2024-07-29T17:06:08","date_gmt":"2024-07-29T17:06:08","guid":{"rendered":"https:\/\/richeskarayib.com\/?p=40241"},"modified":"2024-07-29T17:51:23","modified_gmt":"2024-07-29T17:51:23","slug":"martinique-53eme-festival-culturel-de-fort-de-france","status":"publish","type":"post","link":"https:\/\/richeskarayib.com\/fr\/martinique-53eme-festival-culturel-de-fort-de-france\/","title":{"rendered":"MARTINIQUE : 53\u00e8me FESTIVAL CULTUREL DE FORT-DE-FRANCE"},"content":{"rendered":"\t\t<div data-elementor-type=\"wp-post\" data-elementor-id=\"40241\" class=\"elementor elementor-40241\" data-elementor-post-type=\"post\">\n\t\t\t\t\t\t<section class=\"elementor-section elementor-top-section elementor-element elementor-element-f163423 elementor-section-boxed elementor-section-height-default elementor-section-height-default\" data-id=\"f163423\" data-element_type=\"section\">\n\t\t\t\t\t\t<div class=\"elementor-container elementor-column-gap-default\">\n\t\t\t\t\t<div class=\"elementor-column elementor-col-100 elementor-top-column elementor-element elementor-element-45eeac6\" data-id=\"45eeac6\" data-element_type=\"column\">\n\t\t\t<div class=\"elementor-widget-wrap elementor-element-populated\">\n\t\t\t\t\t\t<div class=\"elementor-element elementor-element-2001130 elementor-widget elementor-widget-spacer\" data-id=\"2001130\" data-element_type=\"widget\" data-widget_type=\"spacer.default\">\n\t\t\t\t<div class=\"elementor-widget-container\">\n\t\t\t\t\t\t\t<div class=\"elementor-spacer\">\n\t\t\t<div class=\"elementor-spacer-inner\"><\/div>\n\t\t<\/div>\n\t\t\t\t\t\t<\/div>\n\t\t\t\t<\/div>\n\t\t\t\t<div class=\"elementor-element elementor-element-b2a7c9f elementor-widget elementor-widget-text-editor\" data-id=\"b2a7c9f\" data-element_type=\"widget\" data-widget_type=\"text-editor.default\">\n\t\t\t\t<div class=\"elementor-widget-container\">\n\t\t\t\t\t\t\t\t\t<p>Le 53\u00e8me Festival Culturel de Fort-de-France, qui s&#8217;est d\u00e9roul\u00e9 du 1er au 27 juillet 2024, a mis en lumi\u00e8re la richesse et la diversit\u00e9 de l&#8217;art martiniquais et international sous le th\u00e8me de la &#8220;<strong>Transcendance<\/strong>&#8220;. Cette \u00e9dition a \u00e9t\u00e9 marqu\u00e9e par une programmation \u00e9clectique comprenant des performances de danse, des arts visuels, du th\u00e9\u00e2tre et de la musique, rassemblant des artistes de renomm\u00e9e locale et internationale.<\/p>\n<h3><b>L&#8217;\u00e9v\u00e9nement de Cl\u00f4ture : Une Nuit Jazz Inoubliable<\/b><\/h3>\n<p>Le festival s&#8217;est achev\u00e9 en beaut\u00e9 avec la &#8220;Jazz Night&#8221;, une soir\u00e9e d\u00e9di\u00e9e aux rythmes jazzy qui a r\u00e9uni plusieurs artistes internationaux. Cet \u00e9v\u00e9nement de cl\u00f4ture a \u00e9t\u00e9 l&#8217;un des moments forts du festival, offrant au public une exp\u00e9rience musicale inoubliable. Les jardins du Parc Aim\u00e9 C\u00e9saire ont servi de toile de fond \u00e0 cette soir\u00e9e magique, o\u00f9 les notes de jazz ont r\u00e9sonn\u00e9 sous les \u00e9toiles, cr\u00e9ant une atmosph\u00e8re \u00e0 la fois intime et festive.<\/p>\n<h3><b>Des Performances M\u00e9morables<\/b><\/h3>\n<p>La soir\u00e9e &#8220;Jazz Night&#8221; a \u00e9t\u00e9 marqu\u00e9e par des performances inoubliables, offrant au public une exp\u00e9rience musicale exceptionnelle. L&#8217;ouverture de la soir\u00e9e a \u00e9t\u00e9 assur\u00e9e par la talentueuse chanteuse guyanaise <strong>Cannelle Mona Charles <\/strong>et ses musiciens, reconnue pour sa voix captivante et \u00e9motive.&nbsp;<\/p>\t\t\t\t\t\t\t\t<\/div>\n\t\t\t\t<\/div>\n\t\t\t\t<section class=\"elementor-section elementor-inner-section elementor-element elementor-element-aa60c45 elementor-section-boxed elementor-section-height-default elementor-section-height-default\" data-id=\"aa60c45\" data-element_type=\"section\">\n\t\t\t\t\t\t<div class=\"elementor-container elementor-column-gap-default\">\n\t\t\t\t\t<div class=\"elementor-column elementor-col-50 elementor-inner-column elementor-element elementor-element-62d1056\" data-id=\"62d1056\" data-element_type=\"column\">\n\t\t\t<div class=\"elementor-widget-wrap elementor-element-populated\">\n\t\t\t\t\t\t<div class=\"elementor-element elementor-element-6b74d3a elementor-widget elementor-widget-image\" data-id=\"6b74d3a\" data-element_type=\"widget\" data-widget_type=\"image.default\">\n\t\t\t\t<div class=\"elementor-widget-container\">\n\t\t\t\t\t\t\t\t\t\t\t\t\t\t\t<img fetchpriority=\"high\" decoding=\"async\" width=\"800\" height=\"451\" src=\"https:\/\/richeskarayib.com\/wp-content\/uploads\/2024\/07\/20240727_191137-1024x577.jpg\" class=\"attachment-large size-large wp-image-40242\" alt=\"\" srcset=\"https:\/\/richeskarayib.com\/wp-content\/uploads\/2024\/07\/20240727_191137-1024x577.jpg 1024w, https:\/\/richeskarayib.com\/wp-content\/uploads\/2024\/07\/20240727_191137-300x169.jpg 300w, https:\/\/richeskarayib.com\/wp-content\/uploads\/2024\/07\/20240727_191137-768x432.jpg 768w, https:\/\/richeskarayib.com\/wp-content\/uploads\/2024\/07\/20240727_191137-1536x865.jpg 1536w, https:\/\/richeskarayib.com\/wp-content\/uploads\/2024\/07\/20240727_191137-2048x1153.jpg 2048w, https:\/\/richeskarayib.com\/wp-content\/uploads\/2024\/07\/20240727_191137-1320x743.jpg 1320w\" sizes=\"(max-width: 800px) 100vw, 800px\" \/>\t\t\t\t\t\t\t\t\t\t\t\t\t\t\t<\/div>\n\t\t\t\t<\/div>\n\t\t\t\t\t<\/div>\n\t\t<\/div>\n\t\t\t\t<div class=\"elementor-column elementor-col-50 elementor-inner-column elementor-element elementor-element-ff07f94\" data-id=\"ff07f94\" data-element_type=\"column\">\n\t\t\t<div class=\"elementor-widget-wrap elementor-element-populated\">\n\t\t\t\t\t\t<div class=\"elementor-element elementor-element-2602c4b elementor-widget elementor-widget-image\" data-id=\"2602c4b\" data-element_type=\"widget\" data-widget_type=\"image.default\">\n\t\t\t\t<div class=\"elementor-widget-container\">\n\t\t\t\t\t\t\t\t\t\t\t\t\t\t\t<img decoding=\"async\" width=\"800\" height=\"451\" src=\"https:\/\/richeskarayib.com\/wp-content\/uploads\/2024\/07\/20240727_192536-1024x577.jpg\" class=\"attachment-large size-large wp-image-40246\" alt=\"\" srcset=\"https:\/\/richeskarayib.com\/wp-content\/uploads\/2024\/07\/20240727_192536-1024x577.jpg 1024w, https:\/\/richeskarayib.com\/wp-content\/uploads\/2024\/07\/20240727_192536-300x169.jpg 300w, https:\/\/richeskarayib.com\/wp-content\/uploads\/2024\/07\/20240727_192536-768x432.jpg 768w, https:\/\/richeskarayib.com\/wp-content\/uploads\/2024\/07\/20240727_192536-1536x865.jpg 1536w, https:\/\/richeskarayib.com\/wp-content\/uploads\/2024\/07\/20240727_192536-2048x1153.jpg 2048w, https:\/\/richeskarayib.com\/wp-content\/uploads\/2024\/07\/20240727_192536-1320x743.jpg 1320w\" sizes=\"(max-width: 800px) 100vw, 800px\" \/>\t\t\t\t\t\t\t\t\t\t\t\t\t\t\t<\/div>\n\t\t\t\t<\/div>\n\t\t\t\t\t<\/div>\n\t\t<\/div>\n\t\t\t\t\t<\/div>\n\t\t<\/section>\n\t\t\t\t<div class=\"elementor-element elementor-element-4fb46d5 elementor-widget elementor-widget-spacer\" data-id=\"4fb46d5\" data-element_type=\"widget\" data-widget_type=\"spacer.default\">\n\t\t\t\t<div class=\"elementor-widget-container\">\n\t\t\t\t\t\t\t<div class=\"elementor-spacer\">\n\t\t\t<div class=\"elementor-spacer-inner\"><\/div>\n\t\t<\/div>\n\t\t\t\t\t\t<\/div>\n\t\t\t\t<\/div>\n\t\t\t\t<div class=\"elementor-element elementor-element-362caf3 elementor-widget elementor-widget-text-editor\" data-id=\"362caf3\" data-element_type=\"widget\" data-widget_type=\"text-editor.default\">\n\t\t\t\t<div class=\"elementor-widget-container\">\n\t\t\t\t\t\t\t\t\t<p><span style=\"font-size: 1rem;\">Le groupe martiniquais<\/span><strong style=\"font-size: 1rem;\"> le quartet<\/strong> <strong style=\"font-size: 1rem;\"> GMX <\/strong><span style=\"font-size: 1rem;\">et son invit\u00e9<\/span><strong style=\"font-size: 1rem;\"> Magela Herrera <\/strong><span style=\"font-size: 1rem;\">a ensuite pris le relais, revisitant des titres de ses premiers albums prim\u00e9s et pr\u00e9sentant son album &#8220;Solo\/Duo&#8221;. Leur performance a ajout\u00e9 une touche locale et contemporaine \u00e0 la soir\u00e9e.<\/span><\/p>\t\t\t\t\t\t\t\t<\/div>\n\t\t\t\t<\/div>\n\t\t\t\t<section class=\"elementor-section elementor-inner-section elementor-element elementor-element-f2f9e12 elementor-section-boxed elementor-section-height-default elementor-section-height-default\" data-id=\"f2f9e12\" data-element_type=\"section\">\n\t\t\t\t\t\t<div class=\"elementor-container elementor-column-gap-default\">\n\t\t\t\t\t<div class=\"elementor-column elementor-col-50 elementor-inner-column elementor-element elementor-element-4a375bf\" data-id=\"4a375bf\" data-element_type=\"column\">\n\t\t\t<div class=\"elementor-widget-wrap elementor-element-populated\">\n\t\t\t\t\t\t<div class=\"elementor-element elementor-element-0bebd5b elementor-widget elementor-widget-image\" data-id=\"0bebd5b\" data-element_type=\"widget\" data-widget_type=\"image.default\">\n\t\t\t\t<div class=\"elementor-widget-container\">\n\t\t\t\t\t\t\t\t\t\t\t\t\t\t\t<img decoding=\"async\" width=\"800\" height=\"451\" src=\"https:\/\/richeskarayib.com\/wp-content\/uploads\/2024\/07\/20240727_212236-1024x577.jpg\" class=\"attachment-large size-large wp-image-40258\" alt=\"\" srcset=\"https:\/\/richeskarayib.com\/wp-content\/uploads\/2024\/07\/20240727_212236-1024x577.jpg 1024w, https:\/\/richeskarayib.com\/wp-content\/uploads\/2024\/07\/20240727_212236-300x169.jpg 300w, https:\/\/richeskarayib.com\/wp-content\/uploads\/2024\/07\/20240727_212236-768x432.jpg 768w, https:\/\/richeskarayib.com\/wp-content\/uploads\/2024\/07\/20240727_212236-1536x865.jpg 1536w, https:\/\/richeskarayib.com\/wp-content\/uploads\/2024\/07\/20240727_212236-2048x1153.jpg 2048w, https:\/\/richeskarayib.com\/wp-content\/uploads\/2024\/07\/20240727_212236-1320x743.jpg 1320w\" sizes=\"(max-width: 800px) 100vw, 800px\" \/>\t\t\t\t\t\t\t\t\t\t\t\t\t\t\t<\/div>\n\t\t\t\t<\/div>\n\t\t\t\t\t<\/div>\n\t\t<\/div>\n\t\t\t\t<div class=\"elementor-column elementor-col-50 elementor-inner-column elementor-element elementor-element-420764c\" data-id=\"420764c\" data-element_type=\"column\">\n\t\t\t<div class=\"elementor-widget-wrap elementor-element-populated\">\n\t\t\t\t\t\t<div class=\"elementor-element elementor-element-056cf45 elementor-widget elementor-widget-image\" data-id=\"056cf45\" data-element_type=\"widget\" data-widget_type=\"image.default\">\n\t\t\t\t<div class=\"elementor-widget-container\">\n\t\t\t\t\t\t\t\t\t\t\t\t\t\t\t<img loading=\"lazy\" decoding=\"async\" width=\"800\" height=\"451\" src=\"https:\/\/richeskarayib.com\/wp-content\/uploads\/2024\/07\/20240727_205915-1024x577.jpg\" class=\"attachment-large size-large wp-image-40254\" alt=\"\" srcset=\"https:\/\/richeskarayib.com\/wp-content\/uploads\/2024\/07\/20240727_205915-1024x577.jpg 1024w, https:\/\/richeskarayib.com\/wp-content\/uploads\/2024\/07\/20240727_205915-300x169.jpg 300w, https:\/\/richeskarayib.com\/wp-content\/uploads\/2024\/07\/20240727_205915-768x432.jpg 768w, https:\/\/richeskarayib.com\/wp-content\/uploads\/2024\/07\/20240727_205915-1536x865.jpg 1536w, https:\/\/richeskarayib.com\/wp-content\/uploads\/2024\/07\/20240727_205915-2048x1153.jpg 2048w, https:\/\/richeskarayib.com\/wp-content\/uploads\/2024\/07\/20240727_205915-1320x743.jpg 1320w\" sizes=\"(max-width: 800px) 100vw, 800px\" \/>\t\t\t\t\t\t\t\t\t\t\t\t\t\t\t<\/div>\n\t\t\t\t<\/div>\n\t\t\t\t\t<\/div>\n\t\t<\/div>\n\t\t\t\t\t<\/div>\n\t\t<\/section>\n\t\t\t\t<div class=\"elementor-element elementor-element-c241298 elementor-widget elementor-widget-spacer\" data-id=\"c241298\" data-element_type=\"widget\" data-widget_type=\"spacer.default\">\n\t\t\t\t<div class=\"elementor-widget-container\">\n\t\t\t\t\t\t\t<div class=\"elementor-spacer\">\n\t\t\t<div class=\"elementor-spacer-inner\"><\/div>\n\t\t<\/div>\n\t\t\t\t\t\t<\/div>\n\t\t\t\t<\/div>\n\t\t\t\t<div class=\"elementor-element elementor-element-a79fbd6 elementor-widget elementor-widget-text-editor\" data-id=\"a79fbd6\" data-element_type=\"widget\" data-widget_type=\"text-editor.default\">\n\t\t\t\t<div class=\"elementor-widget-container\">\n\t\t\t\t\t\t\t\t\t<p>Le groupe de jazz fusion am\u00e9ricain <strong>Yellowjackets<\/strong>, reconnu pour ses compositions innovantes et ses performances \u00e9nergiques, a captiv\u00e9 les spectateurs avec leur style unique. Leur pr\u00e9sence a \u00e9t\u00e9 l&#8217;un des moments forts de la soir\u00e9e, laissant une impression durable sur le public.<\/p><p>Enfin, le c\u00e9l\u00e8bre saxophoniste et clarinettiste cubain <strong>Paquito D&#8217;Rivera<\/strong> a cl\u00f4tur\u00e9 la soir\u00e9e avec sa virtuosit\u00e9 et son talent exceptionnel, enchantant l&#8217;audience avec sa musique envo\u00fbtante.<\/p><p>Ces artistes, parmi d&#8217;autres, ont contribu\u00e9 \u00e0 faire de cette soir\u00e9e de cl\u00f4ture un moment inoubliable, cl\u00f4turant ainsi le festival sur une note exceptionnelle de jazz et de convivialit\u00e9.<\/p>\t\t\t\t\t\t\t\t<\/div>\n\t\t\t\t<\/div>\n\t\t\t\t<section class=\"elementor-section elementor-inner-section elementor-element elementor-element-7318b36 elementor-section-boxed elementor-section-height-default elementor-section-height-default\" data-id=\"7318b36\" data-element_type=\"section\">\n\t\t\t\t\t\t<div class=\"elementor-container elementor-column-gap-default\">\n\t\t\t\t\t<div class=\"elementor-column elementor-col-100 elementor-inner-column elementor-element elementor-element-008f8f2\" data-id=\"008f8f2\" data-element_type=\"column\">\n\t\t\t<div class=\"elementor-widget-wrap elementor-element-populated\">\n\t\t\t\t\t\t<div class=\"elementor-element elementor-element-7138f60 elementor-widget elementor-widget-image\" data-id=\"7138f60\" data-element_type=\"widget\" data-widget_type=\"image.default\">\n\t\t\t\t<div class=\"elementor-widget-container\">\n\t\t\t\t\t\t\t\t\t\t\t\t\t\t\t<img loading=\"lazy\" decoding=\"async\" width=\"800\" height=\"451\" src=\"https:\/\/richeskarayib.com\/wp-content\/uploads\/2024\/07\/20240727_223213-1024x577.jpg\" class=\"attachment-large size-large wp-image-40262\" alt=\"\" srcset=\"https:\/\/richeskarayib.com\/wp-content\/uploads\/2024\/07\/20240727_223213-1024x577.jpg 1024w, https:\/\/richeskarayib.com\/wp-content\/uploads\/2024\/07\/20240727_223213-300x169.jpg 300w, https:\/\/richeskarayib.com\/wp-content\/uploads\/2024\/07\/20240727_223213-768x432.jpg 768w, https:\/\/richeskarayib.com\/wp-content\/uploads\/2024\/07\/20240727_223213-1536x865.jpg 1536w, https:\/\/richeskarayib.com\/wp-content\/uploads\/2024\/07\/20240727_223213-2048x1153.jpg 2048w, https:\/\/richeskarayib.com\/wp-content\/uploads\/2024\/07\/20240727_223213-1320x743.jpg 1320w\" sizes=\"(max-width: 800px) 100vw, 800px\" \/>\t\t\t\t\t\t\t\t\t\t\t\t\t\t\t<\/div>\n\t\t\t\t<\/div>\n\t\t\t\t\t<\/div>\n\t\t<\/div>\n\t\t\t\t\t<\/div>\n\t\t<\/section>\n\t\t\t\t<div class=\"elementor-element elementor-element-5b59825 elementor-widget elementor-widget-text-editor\" data-id=\"5b59825\" data-element_type=\"widget\" data-widget_type=\"text-editor.default\">\n\t\t\t\t<div class=\"elementor-widget-container\">\n\t\t\t\t\t\t\t\t\t<p>Le 53\u00e8me Festival Culturel de Fort-de-France a une fois de plus d\u00e9montr\u00e9 la vitalit\u00e9 culturelle de la Martinique. En mettant l&#8217;accent sur la &#8220;Transcendance&#8221;, cette \u00e9dition a r\u00e9ussi \u00e0 d\u00e9passer les fronti\u00e8res artistiques et culturelles, offrant des moments de partage et d&#8217;\u00e9motion intenses. La &#8220;Jazz Night&#8221; a cl\u00f4tur\u00e9 le festival sur une note haute, laissant dans le c\u0153ur des participants des souvenirs imp\u00e9rissables et un d\u00e9sir de d\u00e9couvrir encore plus de la richesse culturelle martiniquaise.<\/p>\t\t\t\t\t\t\t\t<\/div>\n\t\t\t\t<\/div>\n\t\t\t\t\t<\/div>\n\t\t<\/div>\n\t\t\t\t\t<\/div>\n\t\t<\/section>\n\t\t\t\t<\/div>\n\t\t","protected":false},"excerpt":{"rendered":"<p>Le 53\u00e8me Festival Culturel de Fort-de-France, qui s&#8217;est d\u00e9roul\u00e9 du 1er au 27 juillet 2024, a mis en lumi\u00e8re la richesse et la diversit\u00e9 de l&#8217;art martiniquais et international sous le th\u00e8me de la &#8220;Transcendance&#8220;. Cette \u00e9dition a \u00e9t\u00e9 marqu\u00e9e par une programmation \u00e9clectique comprenant des performances de danse, des arts visuels, du th\u00e9\u00e2tre et [&hellip;]<\/p>\n","protected":false},"author":47,"featured_media":40254,"comment_status":"open","ping_status":"open","sticky":false,"template":"","format":"standard","meta":{"_acf_changed":false,"footnotes":""},"categories":[840,835],"tags":[],"class_list":["post-40241","post","type-post","status-publish","format-standard","has-post-thumbnail","hentry","category-actus","category-musique-fr"],"acf":[],"_links":{"self":[{"href":"https:\/\/richeskarayib.com\/fr\/wp-json\/wp\/v2\/posts\/40241","targetHints":{"allow":["GET"]}}],"collection":[{"href":"https:\/\/richeskarayib.com\/fr\/wp-json\/wp\/v2\/posts"}],"about":[{"href":"https:\/\/richeskarayib.com\/fr\/wp-json\/wp\/v2\/types\/post"}],"author":[{"embeddable":true,"href":"https:\/\/richeskarayib.com\/fr\/wp-json\/wp\/v2\/users\/47"}],"replies":[{"embeddable":true,"href":"https:\/\/richeskarayib.com\/fr\/wp-json\/wp\/v2\/comments?post=40241"}],"version-history":[{"count":0,"href":"https:\/\/richeskarayib.com\/fr\/wp-json\/wp\/v2\/posts\/40241\/revisions"}],"wp:featuredmedia":[{"embeddable":true,"href":"https:\/\/richeskarayib.com\/fr\/wp-json\/wp\/v2\/media\/40254"}],"wp:attachment":[{"href":"https:\/\/richeskarayib.com\/fr\/wp-json\/wp\/v2\/media?parent=40241"}],"wp:term":[{"taxonomy":"category","embeddable":true,"href":"https:\/\/richeskarayib.com\/fr\/wp-json\/wp\/v2\/categories?post=40241"},{"taxonomy":"post_tag","embeddable":true,"href":"https:\/\/richeskarayib.com\/fr\/wp-json\/wp\/v2\/tags?post=40241"}],"curies":[{"name":"wp","href":"https:\/\/api.w.org\/{rel}","templated":true}]}}